{"id":77027,"date":"2021-09-27T11:37:19","date_gmt":"2021-09-27T08:37:19","guid":{"rendered":"https:\/\/www.lovendal.ro\/wp52\/?p=77027"},"modified":"2021-09-27T11:37:19","modified_gmt":"2021-09-27T08:37:19","slug":"e-incredibil-cum-a-putut-celebra-cantareata-de-muzica-populara-maria-lataretu-sa-si-prevesteasca-propria-moarte-cu-o-luna-inainte","status":"publish","type":"post","link":"https:\/\/www.lovendal.ro\/wp52\/e-incredibil-cum-a-putut-celebra-cantareata-de-muzica-populara-maria-lataretu-sa-si-prevesteasca-propria-moarte-cu-o-luna-inainte\/","title":{"rendered":"E incredibil cum a putut celebra c\u00e2nt\u0103rea\u0163\u0103 de muzic\u0103 popular\u0103, Maria L\u0103t\u0103re\u0163u, s\u0103-\u015fi prevesteasc\u0103 propria moarte cu o lun\u0103 \u00eenainte!"},"content":{"rendered":"<p><a href=\"https:\/\/www.lovendal.ro\/wp52\/wp-content\/uploads\/2021\/09\/Maria-Lataretu.jpg\"><img loading=\"lazy\" decoding=\"async\" class=\"alignleft size-full wp-image-77028\" src=\"https:\/\/www.lovendal.ro\/wp52\/wp-content\/uploads\/2021\/09\/Maria-Lataretu.jpg\" alt=\"\" width=\"359\" height=\"349\" srcset=\"https:\/\/www.lovendal.ro\/wp52\/wp-content\/uploads\/2021\/09\/Maria-Lataretu.jpg 359w, https:\/\/www.lovendal.ro\/wp52\/wp-content\/uploads\/2021\/09\/Maria-Lataretu-300x292.jpg 300w, https:\/\/www.lovendal.ro\/wp52\/wp-content\/uploads\/2021\/09\/Maria-Lataretu-150x146.jpg 150w\" sizes=\"auto, (max-width: 359px) 100vw, 359px\" \/><\/a>Maria L\u0103t\u0103re\u0163u a fost una dintre cele mai \u00eendr\u0103gite artiste din muzica popular\u0103 rom\u00e2neasc\u0103. N\u0103scut\u0103 \u00een anul 1911, ea a murit pe 27 septembrie 1972, la doar 61 de ani. De\u015fi legenda spune c\u0103 ar fi decedat din cauza unei congestii cerebrale, chiar pe scena c\u0103minului cultural din Comuna Rom\u00e2ne\u015fti (jud. Boto\u015fani), \u00een realitate artista a murit \u00een camera de oaspe\u0163i a c\u0103minului, dup\u0103 terminarea concertului de muzic\u0103 popular\u0103.<\/p>\n<p>Dar, legat de Maria L\u0103t\u0103re\u0163u, mi se pare foarte interesant felul \u00een care ea a reu\u015fit s\u0103-\u015fi prevesteasc\u0103 propria moarte. Nora artistei, Ioana L\u0103t\u0103re\u0163u, poveste\u015fte despre soacra ei:<\/p>\n<p><em>&#8222;A avut presentimentul mor\u021bii. Cu o lun\u0103 \u0219i ceva \u00eenainte de a muri a adus o maram\u0103 de la Tismana: &#8222;Asta e marama de moarte&#8221;, a zis&#8230; Mi-a \u0219i zis: &#8222;S\u0103 nu mi-o \u00eenf\u0103\u0219ori pe cap, s\u0103 m\u0103 str\u00e2ng cu ea de g\u00e2t pe lumea cealalt\u0103, s\u0103 mi-o a\u0219ezi \u00een lungul tronului, c\u0103 a\u0219a zic oltenii la sicriu. \u0218i s\u0103 nu-mi pui pantofii de scen\u0103, c\u0103 \u0103ia m\u0103 str\u00e2ng&#8221;. <\/em><\/p>\n<p><em>Cu exact o lun\u0103 \u00eenainte de a muri, a visat-o pe Sf\u00e2nta Parascheva. I-a zis \u00een vis c\u0103 a venit s\u0103 o ia. \u0218i m\u0103mica s-a rugat: &#8222;Mai las\u0103-m\u0103 o lun\u0103 m\u0103car, c\u0103 am nepo\u021belul mic, trebuie s\u0103 intre la liceu. \u0218i Sf\u00e2nta Parascheva i-a zis: &#8222;Marie, pentru rug\u0103ciunile \u0219i pentru credin\u021ba ta, te mai las o lun\u0103&#8221;. \u0218i exact dup\u0103 o lun\u0103 a murit. Uita\u021bi ce presentimente a putut s\u0103 aib\u0103!&#8221;.<\/em><\/p>\n<p>E extraordinar cum unii oameni sunt \u00een stare s\u0103 aib\u0103 o capacitate at\u00e2t de mare de a-\u015fi prevesti propria moarte&#8230; Oare cum o fac?<\/p>\n","protected":false},"excerpt":{"rendered":"<p>Maria L\u0103t\u0103re\u0163u a fost una dintre cele mai \u00eendr\u0103gite artiste din muzica popular\u0103 rom\u00e2neasc\u0103. N\u0103scut\u0103 \u00een anul 1911, ea a murit pe 27 septembrie 1972, la doar 61 de ani. De\u015fi legenda spune c\u0103 ar fi decedat din cauza unei &#8230; <\/p>\n<p class=\"read-more-container\"><a title=\"E incredibil cum a putut celebra c\u00e2nt\u0103rea\u0163\u0103 de muzic\u0103 popular\u0103, Maria L\u0103t\u0103re\u0163u, s\u0103-\u015fi prevesteasc\u0103 propria moarte cu o lun\u0103 \u00eenainte!\" class=\"read-more button\" href=\"https:\/\/www.lovendal.ro\/wp52\/e-incredibil-cum-a-putut-celebra-cantareata-de-muzica-populara-maria-lataretu-sa-si-prevesteasca-propria-moarte-cu-o-luna-inainte\/#more-77027\" aria-label=\"Cite\u0219te mai multe despre E incredibil cum a putut celebra c\u00e2nt\u0103rea\u0163\u0103 de muzic\u0103 popular\u0103, Maria L\u0103t\u0103re\u0163u, s\u0103-\u015fi prevesteasc\u0103 propria moarte cu o lun\u0103 \u00eenainte!\">Cititi mai multe<\/a><\/p>\n","protected":false},"author":1,"featured_media":77028,"comment_status":"open","ping_status":"open","sticky":false,"template":"","format":"standard","meta":{"footnotes":""},"categories":[28],"tags":[10564,9798,17206,108,1425,5697,3230,10281],"class_list":["post-77027","post","type-post","status-publish","format-standard","has-post-thumbnail","hentry","category-cultura","tag-botosani","tag-cultura","tag-maria-lataretu","tag-moarte","tag-muzica-populara","tag-sf-parascheva","tag-sicriu","tag-tismana","resize-featured-image"],"yoast_head":"<!-- This site is optimized with the Yoast SEO Premium plugin v23.3 (Yoast SEO v27.4) - https:\/\/yoast.com\/product\/yoast-seo-premium-wordpress\/ -->\n<title>E incredibil cum a putut celebra c\u00e2nt\u0103rea\u0163\u0103 de muzic\u0103 popular\u0103, Maria L\u0103t\u0103re\u0163u, s\u0103-\u015fi prevesteasc\u0103 propria moarte cu o lun\u0103 \u00eenainte! - Secretele lui Lovendal<\/title>\n<meta name=\"robots\" content=\"index, follow, max-snippet:-1, max-image-preview:large, max-video-preview:-1\" \/>\n<link rel=\"canonical\" href=\"https:\/\/www.lovendal.ro\/wp52\/e-incredibil-cum-a-putut-celebra-cantareata-de-muzica-populara-maria-lataretu-sa-si-prevesteasca-propria-moarte-cu-o-luna-inainte\/\" \/>\n<meta property=\"og:locale\" content=\"ro_RO\" \/>\n<meta property=\"og:type\" content=\"article\" \/>\n<meta property=\"og:title\" content=\"E incredibil cum a putut celebra c\u00e2nt\u0103rea\u0163\u0103 de muzic\u0103 popular\u0103, Maria L\u0103t\u0103re\u0163u, s\u0103-\u015fi prevesteasc\u0103 propria moarte cu o lun\u0103 \u00eenainte!\" \/>\n<meta property=\"og:description\" content=\"Maria L\u0103t\u0103re\u0163u a fost una dintre cele mai \u00eendr\u0103gite artiste din muzica popular\u0103 rom\u00e2neasc\u0103. N\u0103scut\u0103 \u00een anul 1911, ea a murit pe 27 septembrie 1972, la doar 61 de ani. De\u015fi legenda spune c\u0103 ar fi decedat din cauza unei ... Cititi mai multe\" \/>\n<meta property=\"og:url\" content=\"https:\/\/www.lovendal.ro\/wp52\/e-incredibil-cum-a-putut-celebra-cantareata-de-muzica-populara-maria-lataretu-sa-si-prevesteasca-propria-moarte-cu-o-luna-inainte\/\" \/>\n<meta property=\"og:site_name\" content=\"Secretele lui Lovendal\" \/>\n<meta property=\"article:publisher\" content=\"https:\/\/www.facebook.com\/secreteleluilovendal\" \/>\n<meta property=\"article:published_time\" content=\"2021-09-27T08:37:19+00:00\" \/>\n<meta property=\"og:image\" content=\"https:\/\/www.lovendal.ro\/wp52\/wp-content\/uploads\/2021\/09\/Maria-Lataretu.jpg\" \/>\n\t<meta property=\"og:image:width\" content=\"359\" \/>\n\t<meta property=\"og:image:height\" content=\"349\" \/>\n\t<meta property=\"og:image:type\" content=\"image\/jpeg\" \/>\n<meta name=\"author\" content=\"admin\" \/>\n<meta name=\"twitter:card\" content=\"summary_large_image\" \/>\n<meta name=\"twitter:label1\" content=\"Scris de\" \/>\n\t<meta name=\"twitter:data1\" content=\"admin\" \/>\n\t<meta name=\"twitter:label2\" content=\"Timp estimat pentru citire\" \/>\n\t<meta name=\"twitter:data2\" content=\"1 minut\" \/>\n<script type=\"application\/ld+json\" class=\"yoast-schema-graph\">{\"@context\":\"https:\\\/\\\/schema.org\",\"@graph\":[{\"@type\":\"Article\",\"@id\":\"https:\\\/\\\/www.lovendal.ro\\\/wp52\\\/e-incredibil-cum-a-putut-celebra-cantareata-de-muzica-populara-maria-lataretu-sa-si-prevesteasca-propria-moarte-cu-o-luna-inainte\\\/#article\",\"isPartOf\":{\"@id\":\"https:\\\/\\\/www.lovendal.ro\\\/wp52\\\/e-incredibil-cum-a-putut-celebra-cantareata-de-muzica-populara-maria-lataretu-sa-si-prevesteasca-propria-moarte-cu-o-luna-inainte\\\/\"},\"author\":{\"name\":\"admin\",\"@id\":\"https:\\\/\\\/www.lovendal.ro\\\/wp52\\\/#\\\/schema\\\/person\\\/088691de5dfc346bb0c023e1e52ef5d9\"},\"headline\":\"E incredibil cum a putut celebra c\u00e2nt\u0103rea\u0163\u0103 de muzic\u0103 popular\u0103, Maria L\u0103t\u0103re\u0163u, s\u0103-\u015fi prevesteasc\u0103 propria moarte cu o lun\u0103 \u00eenainte!\",\"datePublished\":\"2021-09-27T08:37:19+00:00\",\"mainEntityOfPage\":{\"@id\":\"https:\\\/\\\/www.lovendal.ro\\\/wp52\\\/e-incredibil-cum-a-putut-celebra-cantareata-de-muzica-populara-maria-lataretu-sa-si-prevesteasca-propria-moarte-cu-o-luna-inainte\\\/\"},\"wordCount\":326,\"commentCount\":0,\"publisher\":{\"@id\":\"https:\\\/\\\/www.lovendal.ro\\\/wp52\\\/#organization\"},\"image\":{\"@id\":\"https:\\\/\\\/www.lovendal.ro\\\/wp52\\\/e-incredibil-cum-a-putut-celebra-cantareata-de-muzica-populara-maria-lataretu-sa-si-prevesteasca-propria-moarte-cu-o-luna-inainte\\\/#primaryimage\"},\"thumbnailUrl\":\"https:\\\/\\\/www.lovendal.ro\\\/wp52\\\/wp-content\\\/uploads\\\/2021\\\/09\\\/Maria-Lataretu.jpg\",\"keywords\":[\"Boto\u015fani\",\"Cultura\",\"Maria L\u0103t\u0103re\u0163u\",\"moarte\",\"muzic\u0103 popular\u0103\",\"Sf.Parascheva\",\"sicriu\",\"Tismana\"],\"articleSection\":[\"Cultura\"],\"inLanguage\":\"ro-RO\",\"potentialAction\":[{\"@type\":\"CommentAction\",\"name\":\"Comment\",\"target\":[\"https:\\\/\\\/www.lovendal.ro\\\/wp52\\\/e-incredibil-cum-a-putut-celebra-cantareata-de-muzica-populara-maria-lataretu-sa-si-prevesteasca-propria-moarte-cu-o-luna-inainte\\\/#respond\"]}]},{\"@type\":\"WebPage\",\"@id\":\"https:\\\/\\\/www.lovendal.ro\\\/wp52\\\/e-incredibil-cum-a-putut-celebra-cantareata-de-muzica-populara-maria-lataretu-sa-si-prevesteasca-propria-moarte-cu-o-luna-inainte\\\/\",\"url\":\"https:\\\/\\\/www.lovendal.ro\\\/wp52\\\/e-incredibil-cum-a-putut-celebra-cantareata-de-muzica-populara-maria-lataretu-sa-si-prevesteasca-propria-moarte-cu-o-luna-inainte\\\/\",\"name\":\"E incredibil cum a putut celebra c\u00e2nt\u0103rea\u0163\u0103 de muzic\u0103 popular\u0103, Maria L\u0103t\u0103re\u0163u, s\u0103-\u015fi prevesteasc\u0103 propria moarte cu o lun\u0103 \u00eenainte! - Secretele lui Lovendal\",\"isPartOf\":{\"@id\":\"https:\\\/\\\/www.lovendal.ro\\\/wp52\\\/#website\"},\"primaryImageOfPage\":{\"@id\":\"https:\\\/\\\/www.lovendal.ro\\\/wp52\\\/e-incredibil-cum-a-putut-celebra-cantareata-de-muzica-populara-maria-lataretu-sa-si-prevesteasca-propria-moarte-cu-o-luna-inainte\\\/#primaryimage\"},\"image\":{\"@id\":\"https:\\\/\\\/www.lovendal.ro\\\/wp52\\\/e-incredibil-cum-a-putut-celebra-cantareata-de-muzica-populara-maria-lataretu-sa-si-prevesteasca-propria-moarte-cu-o-luna-inainte\\\/#primaryimage\"},\"thumbnailUrl\":\"https:\\\/\\\/www.lovendal.ro\\\/wp52\\\/wp-content\\\/uploads\\\/2021\\\/09\\\/Maria-Lataretu.jpg\",\"datePublished\":\"2021-09-27T08:37:19+00:00\",\"breadcrumb\":{\"@id\":\"https:\\\/\\\/www.lovendal.ro\\\/wp52\\\/e-incredibil-cum-a-putut-celebra-cantareata-de-muzica-populara-maria-lataretu-sa-si-prevesteasca-propria-moarte-cu-o-luna-inainte\\\/#breadcrumb\"},\"inLanguage\":\"ro-RO\",\"potentialAction\":[{\"@type\":\"ReadAction\",\"target\":[\"https:\\\/\\\/www.lovendal.ro\\\/wp52\\\/e-incredibil-cum-a-putut-celebra-cantareata-de-muzica-populara-maria-lataretu-sa-si-prevesteasca-propria-moarte-cu-o-luna-inainte\\\/\"]}]},{\"@type\":\"ImageObject\",\"inLanguage\":\"ro-RO\",\"@id\":\"https:\\\/\\\/www.lovendal.ro\\\/wp52\\\/e-incredibil-cum-a-putut-celebra-cantareata-de-muzica-populara-maria-lataretu-sa-si-prevesteasca-propria-moarte-cu-o-luna-inainte\\\/#primaryimage\",\"url\":\"https:\\\/\\\/www.lovendal.ro\\\/wp52\\\/wp-content\\\/uploads\\\/2021\\\/09\\\/Maria-Lataretu.jpg\",\"contentUrl\":\"https:\\\/\\\/www.lovendal.ro\\\/wp52\\\/wp-content\\\/uploads\\\/2021\\\/09\\\/Maria-Lataretu.jpg\",\"width\":359,\"height\":349},{\"@type\":\"BreadcrumbList\",\"@id\":\"https:\\\/\\\/www.lovendal.ro\\\/wp52\\\/e-incredibil-cum-a-putut-celebra-cantareata-de-muzica-populara-maria-lataretu-sa-si-prevesteasca-propria-moarte-cu-o-luna-inainte\\\/#breadcrumb\",\"itemListElement\":[{\"@type\":\"ListItem\",\"position\":1,\"name\":\"Home\",\"item\":\"https:\\\/\\\/www.lovendal.ro\\\/wp52\\\/\"},{\"@type\":\"ListItem\",\"position\":2,\"name\":\"E incredibil cum a putut celebra c\u00e2nt\u0103rea\u0163\u0103 de muzic\u0103 popular\u0103, Maria L\u0103t\u0103re\u0163u, s\u0103-\u015fi prevesteasc\u0103 propria moarte cu o lun\u0103 \u00eenainte!\"}]},{\"@type\":\"WebSite\",\"@id\":\"https:\\\/\\\/www.lovendal.ro\\\/wp52\\\/#website\",\"url\":\"https:\\\/\\\/www.lovendal.ro\\\/wp52\\\/\",\"name\":\"Secretele lui Lovendal\",\"description\":\"Site de secrete, stiinta si metafizica - din 2008 -\",\"publisher\":{\"@id\":\"https:\\\/\\\/www.lovendal.ro\\\/wp52\\\/#organization\"},\"potentialAction\":[{\"@type\":\"SearchAction\",\"target\":{\"@type\":\"EntryPoint\",\"urlTemplate\":\"https:\\\/\\\/www.lovendal.ro\\\/wp52\\\/?s={search_term_string}\"},\"query-input\":{\"@type\":\"PropertyValueSpecification\",\"valueRequired\":true,\"valueName\":\"search_term_string\"}}],\"inLanguage\":\"ro-RO\"},{\"@type\":\"Organization\",\"@id\":\"https:\\\/\\\/www.lovendal.ro\\\/wp52\\\/#organization\",\"name\":\"Secretele lui Lovendal\",\"url\":\"https:\\\/\\\/www.lovendal.ro\\\/wp52\\\/\",\"logo\":{\"@type\":\"ImageObject\",\"inLanguage\":\"ro-RO\",\"@id\":\"https:\\\/\\\/www.lovendal.ro\\\/wp52\\\/#\\\/schema\\\/logo\\\/image\\\/\",\"url\":\"https:\\\/\\\/www.lovendal.ro\\\/wp52\\\/wp-content\\\/uploads\\\/2024\\\/06\\\/cropped-SLL-iun-2024-1.jpg\",\"contentUrl\":\"https:\\\/\\\/www.lovendal.ro\\\/wp52\\\/wp-content\\\/uploads\\\/2024\\\/06\\\/cropped-SLL-iun-2024-1.jpg\",\"width\":771,\"height\":240,\"caption\":\"Secretele lui Lovendal\"},\"image\":{\"@id\":\"https:\\\/\\\/www.lovendal.ro\\\/wp52\\\/#\\\/schema\\\/logo\\\/image\\\/\"},\"sameAs\":[\"https:\\\/\\\/www.facebook.com\\\/secreteleluilovendal\"]},{\"@type\":\"Person\",\"@id\":\"https:\\\/\\\/www.lovendal.ro\\\/wp52\\\/#\\\/schema\\\/person\\\/088691de5dfc346bb0c023e1e52ef5d9\",\"name\":\"admin\",\"image\":{\"@type\":\"ImageObject\",\"inLanguage\":\"ro-RO\",\"@id\":\"https:\\\/\\\/secure.gravatar.com\\\/avatar\\\/ecb9cd41f5f63c9c9b989999a59f6e2639a865ec361e9db054db0679a8f341c2?s=96&d=mm&r=g\",\"url\":\"https:\\\/\\\/secure.gravatar.com\\\/avatar\\\/ecb9cd41f5f63c9c9b989999a59f6e2639a865ec361e9db054db0679a8f341c2?s=96&d=mm&r=g\",\"contentUrl\":\"https:\\\/\\\/secure.gravatar.com\\\/avatar\\\/ecb9cd41f5f63c9c9b989999a59f6e2639a865ec361e9db054db0679a8f341c2?s=96&d=mm&r=g\",\"caption\":\"admin\"},\"sameAs\":[\"https:\\\/\\\/www.lovendal.ro\\\/wp52\"]}]}<\/script>\n<!-- \/ Yoast SEO Premium plugin. -->","yoast_head_json":{"title":"E incredibil cum a putut celebra c\u00e2nt\u0103rea\u0163\u0103 de muzic\u0103 popular\u0103, Maria L\u0103t\u0103re\u0163u, s\u0103-\u015fi prevesteasc\u0103 propria moarte cu o lun\u0103 \u00eenainte! - Secretele lui Lovendal","robots":{"index":"index","follow":"follow","max-snippet":"max-snippet:-1","max-image-preview":"max-image-preview:large","max-video-preview":"max-video-preview:-1"},"canonical":"https:\/\/www.lovendal.ro\/wp52\/e-incredibil-cum-a-putut-celebra-cantareata-de-muzica-populara-maria-lataretu-sa-si-prevesteasca-propria-moarte-cu-o-luna-inainte\/","og_locale":"ro_RO","og_type":"article","og_title":"E incredibil cum a putut celebra c\u00e2nt\u0103rea\u0163\u0103 de muzic\u0103 popular\u0103, Maria L\u0103t\u0103re\u0163u, s\u0103-\u015fi prevesteasc\u0103 propria moarte cu o lun\u0103 \u00eenainte!","og_description":"Maria L\u0103t\u0103re\u0163u a fost una dintre cele mai \u00eendr\u0103gite artiste din muzica popular\u0103 rom\u00e2neasc\u0103. N\u0103scut\u0103 \u00een anul 1911, ea a murit pe 27 septembrie 1972, la doar 61 de ani. De\u015fi legenda spune c\u0103 ar fi decedat din cauza unei ... Cititi mai multe","og_url":"https:\/\/www.lovendal.ro\/wp52\/e-incredibil-cum-a-putut-celebra-cantareata-de-muzica-populara-maria-lataretu-sa-si-prevesteasca-propria-moarte-cu-o-luna-inainte\/","og_site_name":"Secretele lui Lovendal","article_publisher":"https:\/\/www.facebook.com\/secreteleluilovendal","article_published_time":"2021-09-27T08:37:19+00:00","og_image":[{"width":359,"height":349,"url":"https:\/\/www.lovendal.ro\/wp52\/wp-content\/uploads\/2021\/09\/Maria-Lataretu.jpg","type":"image\/jpeg"}],"author":"admin","twitter_card":"summary_large_image","twitter_misc":{"Scris de":"admin","Timp estimat pentru citire":"1 minut"},"schema":{"@context":"https:\/\/schema.org","@graph":[{"@type":"Article","@id":"https:\/\/www.lovendal.ro\/wp52\/e-incredibil-cum-a-putut-celebra-cantareata-de-muzica-populara-maria-lataretu-sa-si-prevesteasca-propria-moarte-cu-o-luna-inainte\/#article","isPartOf":{"@id":"https:\/\/www.lovendal.ro\/wp52\/e-incredibil-cum-a-putut-celebra-cantareata-de-muzica-populara-maria-lataretu-sa-si-prevesteasca-propria-moarte-cu-o-luna-inainte\/"},"author":{"name":"admin","@id":"https:\/\/www.lovendal.ro\/wp52\/#\/schema\/person\/088691de5dfc346bb0c023e1e52ef5d9"},"headline":"E incredibil cum a putut celebra c\u00e2nt\u0103rea\u0163\u0103 de muzic\u0103 popular\u0103, Maria L\u0103t\u0103re\u0163u, s\u0103-\u015fi prevesteasc\u0103 propria moarte cu o lun\u0103 \u00eenainte!","datePublished":"2021-09-27T08:37:19+00:00","mainEntityOfPage":{"@id":"https:\/\/www.lovendal.ro\/wp52\/e-incredibil-cum-a-putut-celebra-cantareata-de-muzica-populara-maria-lataretu-sa-si-prevesteasca-propria-moarte-cu-o-luna-inainte\/"},"wordCount":326,"commentCount":0,"publisher":{"@id":"https:\/\/www.lovendal.ro\/wp52\/#organization"},"image":{"@id":"https:\/\/www.lovendal.ro\/wp52\/e-incredibil-cum-a-putut-celebra-cantareata-de-muzica-populara-maria-lataretu-sa-si-prevesteasca-propria-moarte-cu-o-luna-inainte\/#primaryimage"},"thumbnailUrl":"https:\/\/www.lovendal.ro\/wp52\/wp-content\/uploads\/2021\/09\/Maria-Lataretu.jpg","keywords":["Boto\u015fani","Cultura","Maria L\u0103t\u0103re\u0163u","moarte","muzic\u0103 popular\u0103","Sf.Parascheva","sicriu","Tismana"],"articleSection":["Cultura"],"inLanguage":"ro-RO","potentialAction":[{"@type":"CommentAction","name":"Comment","target":["https:\/\/www.lovendal.ro\/wp52\/e-incredibil-cum-a-putut-celebra-cantareata-de-muzica-populara-maria-lataretu-sa-si-prevesteasca-propria-moarte-cu-o-luna-inainte\/#respond"]}]},{"@type":"WebPage","@id":"https:\/\/www.lovendal.ro\/wp52\/e-incredibil-cum-a-putut-celebra-cantareata-de-muzica-populara-maria-lataretu-sa-si-prevesteasca-propria-moarte-cu-o-luna-inainte\/","url":"https:\/\/www.lovendal.ro\/wp52\/e-incredibil-cum-a-putut-celebra-cantareata-de-muzica-populara-maria-lataretu-sa-si-prevesteasca-propria-moarte-cu-o-luna-inainte\/","name":"E incredibil cum a putut celebra c\u00e2nt\u0103rea\u0163\u0103 de muzic\u0103 popular\u0103, Maria L\u0103t\u0103re\u0163u, s\u0103-\u015fi prevesteasc\u0103 propria moarte cu o lun\u0103 \u00eenainte! - Secretele lui Lovendal","isPartOf":{"@id":"https:\/\/www.lovendal.ro\/wp52\/#website"},"primaryImageOfPage":{"@id":"https:\/\/www.lovendal.ro\/wp52\/e-incredibil-cum-a-putut-celebra-cantareata-de-muzica-populara-maria-lataretu-sa-si-prevesteasca-propria-moarte-cu-o-luna-inainte\/#primaryimage"},"image":{"@id":"https:\/\/www.lovendal.ro\/wp52\/e-incredibil-cum-a-putut-celebra-cantareata-de-muzica-populara-maria-lataretu-sa-si-prevesteasca-propria-moarte-cu-o-luna-inainte\/#primaryimage"},"thumbnailUrl":"https:\/\/www.lovendal.ro\/wp52\/wp-content\/uploads\/2021\/09\/Maria-Lataretu.jpg","datePublished":"2021-09-27T08:37:19+00:00","breadcrumb":{"@id":"https:\/\/www.lovendal.ro\/wp52\/e-incredibil-cum-a-putut-celebra-cantareata-de-muzica-populara-maria-lataretu-sa-si-prevesteasca-propria-moarte-cu-o-luna-inainte\/#breadcrumb"},"inLanguage":"ro-RO","potentialAction":[{"@type":"ReadAction","target":["https:\/\/www.lovendal.ro\/wp52\/e-incredibil-cum-a-putut-celebra-cantareata-de-muzica-populara-maria-lataretu-sa-si-prevesteasca-propria-moarte-cu-o-luna-inainte\/"]}]},{"@type":"ImageObject","inLanguage":"ro-RO","@id":"https:\/\/www.lovendal.ro\/wp52\/e-incredibil-cum-a-putut-celebra-cantareata-de-muzica-populara-maria-lataretu-sa-si-prevesteasca-propria-moarte-cu-o-luna-inainte\/#primaryimage","url":"https:\/\/www.lovendal.ro\/wp52\/wp-content\/uploads\/2021\/09\/Maria-Lataretu.jpg","contentUrl":"https:\/\/www.lovendal.ro\/wp52\/wp-content\/uploads\/2021\/09\/Maria-Lataretu.jpg","width":359,"height":349},{"@type":"BreadcrumbList","@id":"https:\/\/www.lovendal.ro\/wp52\/e-incredibil-cum-a-putut-celebra-cantareata-de-muzica-populara-maria-lataretu-sa-si-prevesteasca-propria-moarte-cu-o-luna-inainte\/#breadcrumb","itemListElement":[{"@type":"ListItem","position":1,"name":"Home","item":"https:\/\/www.lovendal.ro\/wp52\/"},{"@type":"ListItem","position":2,"name":"E incredibil cum a putut celebra c\u00e2nt\u0103rea\u0163\u0103 de muzic\u0103 popular\u0103, Maria L\u0103t\u0103re\u0163u, s\u0103-\u015fi prevesteasc\u0103 propria moarte cu o lun\u0103 \u00eenainte!"}]},{"@type":"WebSite","@id":"https:\/\/www.lovendal.ro\/wp52\/#website","url":"https:\/\/www.lovendal.ro\/wp52\/","name":"Secretele lui Lovendal","description":"Site de secrete, stiinta si metafizica - din 2008 -","publisher":{"@id":"https:\/\/www.lovendal.ro\/wp52\/#organization"},"potentialAction":[{"@type":"SearchAction","target":{"@type":"EntryPoint","urlTemplate":"https:\/\/www.lovendal.ro\/wp52\/?s={search_term_string}"},"query-input":{"@type":"PropertyValueSpecification","valueRequired":true,"valueName":"search_term_string"}}],"inLanguage":"ro-RO"},{"@type":"Organization","@id":"https:\/\/www.lovendal.ro\/wp52\/#organization","name":"Secretele lui Lovendal","url":"https:\/\/www.lovendal.ro\/wp52\/","logo":{"@type":"ImageObject","inLanguage":"ro-RO","@id":"https:\/\/www.lovendal.ro\/wp52\/#\/schema\/logo\/image\/","url":"https:\/\/www.lovendal.ro\/wp52\/wp-content\/uploads\/2024\/06\/cropped-SLL-iun-2024-1.jpg","contentUrl":"https:\/\/www.lovendal.ro\/wp52\/wp-content\/uploads\/2024\/06\/cropped-SLL-iun-2024-1.jpg","width":771,"height":240,"caption":"Secretele lui Lovendal"},"image":{"@id":"https:\/\/www.lovendal.ro\/wp52\/#\/schema\/logo\/image\/"},"sameAs":["https:\/\/www.facebook.com\/secreteleluilovendal"]},{"@type":"Person","@id":"https:\/\/www.lovendal.ro\/wp52\/#\/schema\/person\/088691de5dfc346bb0c023e1e52ef5d9","name":"admin","image":{"@type":"ImageObject","inLanguage":"ro-RO","@id":"https:\/\/secure.gravatar.com\/avatar\/ecb9cd41f5f63c9c9b989999a59f6e2639a865ec361e9db054db0679a8f341c2?s=96&d=mm&r=g","url":"https:\/\/secure.gravatar.com\/avatar\/ecb9cd41f5f63c9c9b989999a59f6e2639a865ec361e9db054db0679a8f341c2?s=96&d=mm&r=g","contentUrl":"https:\/\/secure.gravatar.com\/avatar\/ecb9cd41f5f63c9c9b989999a59f6e2639a865ec361e9db054db0679a8f341c2?s=96&d=mm&r=g","caption":"admin"},"sameAs":["https:\/\/www.lovendal.ro\/wp52"]}]}},"_links":{"self":[{"href":"https:\/\/www.lovendal.ro\/wp52\/wp-json\/wp\/v2\/posts\/77027","targetHints":{"allow":["GET"]}}],"collection":[{"href":"https:\/\/www.lovendal.ro\/wp52\/wp-json\/wp\/v2\/posts"}],"about":[{"href":"https:\/\/www.lovendal.ro\/wp52\/wp-json\/wp\/v2\/types\/post"}],"author":[{"embeddable":true,"href":"https:\/\/www.lovendal.ro\/wp52\/wp-json\/wp\/v2\/users\/1"}],"replies":[{"embeddable":true,"href":"https:\/\/www.lovendal.ro\/wp52\/wp-json\/wp\/v2\/comments?post=77027"}],"version-history":[{"count":0,"href":"https:\/\/www.lovendal.ro\/wp52\/wp-json\/wp\/v2\/posts\/77027\/revisions"}],"wp:featuredmedia":[{"embeddable":true,"href":"https:\/\/www.lovendal.ro\/wp52\/wp-json\/wp\/v2\/media\/77028"}],"wp:attachment":[{"href":"https:\/\/www.lovendal.ro\/wp52\/wp-json\/wp\/v2\/media?parent=77027"}],"wp:term":[{"taxonomy":"category","embeddable":true,"href":"https:\/\/www.lovendal.ro\/wp52\/wp-json\/wp\/v2\/categories?post=77027"},{"taxonomy":"post_tag","embeddable":true,"href":"https:\/\/www.lovendal.ro\/wp52\/wp-json\/wp\/v2\/tags?post=77027"}],"curies":[{"name":"wp","href":"https:\/\/api.w.org\/{rel}","templated":true}]}}