{"id":76989,"date":"2021-09-24T21:11:02","date_gmt":"2021-09-24T18:11:02","guid":{"rendered":"https:\/\/www.lovendal.ro\/wp52\/?p=76989"},"modified":"2021-09-24T21:11:02","modified_gmt":"2021-09-24T18:11:02","slug":"tipul-asta-din-bucurestiul-anului-1973-isi-butona-smartphone-ul-chiar-intr-acolo-ne-duc-mintile-noastre","status":"publish","type":"post","link":"https:\/\/www.lovendal.ro\/wp52\/tipul-asta-din-bucurestiul-anului-1973-isi-butona-smartphone-ul-chiar-intr-acolo-ne-duc-mintile-noastre\/","title":{"rendered":"Tipul \u0103sta din Bucure\u015ftiul anului 1973 \u00ee\u015fi butona smartphone-ul!?? Chiar \u00eentr-acolo ne duc min\u0163ile noastre?"},"content":{"rendered":"<p><a href=\"https:\/\/www.lovendal.ro\/wp52\/wp-content\/uploads\/2021\/09\/1973-mobil-coperta.jpg\"><img loading=\"lazy\" decoding=\"async\" class=\"alignleft size-full wp-image-76990\" src=\"https:\/\/www.lovendal.ro\/wp52\/wp-content\/uploads\/2021\/09\/1973-mobil-coperta.jpg\" alt=\"\" width=\"358\" height=\"254\" srcset=\"https:\/\/www.lovendal.ro\/wp52\/wp-content\/uploads\/2021\/09\/1973-mobil-coperta.jpg 358w, https:\/\/www.lovendal.ro\/wp52\/wp-content\/uploads\/2021\/09\/1973-mobil-coperta-300x213.jpg 300w, https:\/\/www.lovendal.ro\/wp52\/wp-content\/uploads\/2021\/09\/1973-mobil-coperta-150x106.jpg 150w, https:\/\/www.lovendal.ro\/wp52\/wp-content\/uploads\/2021\/09\/1973-mobil-coperta-100x70.jpg 100w, https:\/\/www.lovendal.ro\/wp52\/wp-content\/uploads\/2021\/09\/1973-mobil-coperta-356x254.jpg 356w\" sizes=\"auto, (max-width: 358px) 100vw, 358px\" \/><\/a>Despre a\u015fa-zi\u015fi &#8222;c\u0103l\u0103tori \u00een timp&#8221;, am vorbit de mai multe ori \u00een acest articol. \u00cen unele din ele, ar\u0103tam \u00een diverse fotografii oameni care p\u0103reau c\u0103 vorbesc la telefon mobil sau butoneaz\u0103 smartphone-uri, cu mult \u00eenainte de inventarea acestora.<\/p>\n<p>\u00cen acest articol, vom vorbi despre o fotografie din Bucure\u015fti, din anul 1973, surprins\u0103 de fotograful olandez <span class=\"d2edcug0 hpfvmrgz qv66sw1b c1et5uql lr9zc1uh a8c37x1j keod5gw0 nxhoafnm aigsh9s9 d3f4x2em fe6kdd0r mau55g9w c8b282yb iv3no6db jq4qci2q a3bd9o3v b1v8xokw oo9gr5id\" dir=\"auto\">de Hans Oerlemans<\/span> <span class=\"d2edcug0 hpfvmrgz qv66sw1b c1et5uql lr9zc1uh a8c37x1j keod5gw0 nxhoafnm aigsh9s9 d3f4x2em fe6kdd0r mau55g9w c8b282yb iv3no6db jq4qci2q a3bd9o3v b1v8xokw oo9gr5id\" dir=\"auto\">pe strada General Budi\u015fteanu. Poza a fost postat\u0103 de <a href=\"https:\/\/www.facebook.com\/photo\/?fbid=3022157674697043&amp;set=gm.4120463174729175\" target=\"_blank\" rel=\"noopener\"><strong>Grupul Bucure\u015ftiul de Altadata de pe Facebook<\/strong><\/a>, cu urm\u0103torul comentariu: <em>&#8222;<\/em><\/span><em>Fotografie din 1973 de Hans Oerlemans pe strada General Budi\u015fteanu. Mi se pare amuzant faptul c\u0103, dac\u0103 poza ar fi din zilele noastre, am fi sut\u0103 la sut\u0103 convin\u015fi c\u0103 cet\u0103\u0163eanul cu ochelari din sta\u0163ie are \u00een m\u00e2n\u0103 un telefon mobil!&#8221;<\/em><\/p>\n<p><a href=\"https:\/\/www.lovendal.ro\/wp52\/wp-content\/uploads\/2021\/09\/1973-mobil-1.jpg\"><img loading=\"lazy\" decoding=\"async\" class=\"aligncenter size-full wp-image-76991\" src=\"https:\/\/www.lovendal.ro\/wp52\/wp-content\/uploads\/2021\/09\/1973-mobil-1.jpg\" alt=\"\" width=\"538\" height=\"326\" srcset=\"https:\/\/www.lovendal.ro\/wp52\/wp-content\/uploads\/2021\/09\/1973-mobil-1.jpg 538w, https:\/\/www.lovendal.ro\/wp52\/wp-content\/uploads\/2021\/09\/1973-mobil-1-300x182.jpg 300w, https:\/\/www.lovendal.ro\/wp52\/wp-content\/uploads\/2021\/09\/1973-mobil-1-150x91.jpg 150w\" sizes=\"auto, (max-width: 538px) 100vw, 538px\" \/><\/a><a href=\"https:\/\/www.lovendal.ro\/wp52\/wp-content\/uploads\/2021\/09\/1973-mobil-2.jpg\"><img loading=\"lazy\" decoding=\"async\" class=\"aligncenter size-full wp-image-76992\" src=\"https:\/\/www.lovendal.ro\/wp52\/wp-content\/uploads\/2021\/09\/1973-mobil-2.jpg\" alt=\"\" width=\"540\" height=\"455\" srcset=\"https:\/\/www.lovendal.ro\/wp52\/wp-content\/uploads\/2021\/09\/1973-mobil-2.jpg 540w, https:\/\/www.lovendal.ro\/wp52\/wp-content\/uploads\/2021\/09\/1973-mobil-2-300x253.jpg 300w, https:\/\/www.lovendal.ro\/wp52\/wp-content\/uploads\/2021\/09\/1973-mobil-2-150x126.jpg 150w, https:\/\/www.lovendal.ro\/wp52\/wp-content\/uploads\/2021\/09\/1973-mobil-2-498x420.jpg 498w\" sizes=\"auto, (max-width: 540px) 100vw, 540px\" \/><\/a>Exact a\u015fa e: tipul \u00eenconjurat cu ro\u015fu ar p\u0103rea c\u0103 \u00ee\u015fi folose\u015fte smartphone-ul, \u00eens\u0103, \u00een anul 1973, a\u015fa ceva nu exista, bine\u00een\u0163eles. Probabil c\u0103 b\u0103rbatul umbla prin portmoneu s\u0103-\u015fi caute ceva, \u00eens\u0103, cu min\u0163ile din zilele noastre tehnologice, vedem doar smartphone-uri&#8230;<\/p>\n","protected":false},"excerpt":{"rendered":"<p>Despre a\u015fa-zi\u015fi &#8222;c\u0103l\u0103tori \u00een timp&#8221;, am vorbit de mai multe ori \u00een acest articol. \u00cen unele din ele, ar\u0103tam \u00een diverse fotografii oameni care p\u0103reau c\u0103 vorbesc la telefon mobil sau butoneaz\u0103 smartphone-uri, cu mult \u00eenainte de inventarea acestora. \u00cen &#8230; <\/p>\n<p class=\"read-more-container\"><a title=\"Tipul \u0103sta din Bucure\u015ftiul anului 1973 \u00ee\u015fi butona smartphone-ul!?? Chiar \u00eentr-acolo ne duc min\u0163ile noastre?\" class=\"read-more button\" href=\"https:\/\/www.lovendal.ro\/wp52\/tipul-asta-din-bucurestiul-anului-1973-isi-butona-smartphone-ul-chiar-intr-acolo-ne-duc-mintile-noastre\/#more-76989\" aria-label=\"Cite\u0219te mai multe despre Tipul \u0103sta din Bucure\u015ftiul anului 1973 \u00ee\u015fi butona smartphone-ul!?? Chiar \u00eentr-acolo ne duc min\u0163ile noastre?\">Cititi mai multe<\/a><\/p>\n","protected":false},"author":1,"featured_media":76990,"comment_status":"open","ping_status":"open","sticky":false,"template":"","format":"standard","meta":{"footnotes":""},"categories":[1833],"tags":[827,10391,9808,5607,15,2399,5061,6566],"class_list":["post-76989","post","type-post","status-publish","format-standard","has-post-thumbnail","hentry","category-farse-celebre","tag-bucuresti","tag-calator-in-timp","tag-farse-celebre","tag-fotograf","tag-fotografie","tag-ochelari","tag-smartphone","tag-telefon-mobil","resize-featured-image"],"yoast_head":"<!-- This site is optimized with the Yoast SEO Premium plugin v23.3 (Yoast SEO v27.4) - https:\/\/yoast.com\/product\/yoast-seo-premium-wordpress\/ -->\n<title>Tipul \u0103sta din Bucure\u015ftiul anului 1973 \u00ee\u015fi butona smartphone-ul!?? Chiar \u00eentr-acolo ne duc min\u0163ile noastre? - Secretele lui Lovendal<\/title>\n<meta name=\"robots\" content=\"index, follow, max-snippet:-1, max-image-preview:large, max-video-preview:-1\" \/>\n<link rel=\"canonical\" href=\"https:\/\/www.lovendal.ro\/wp52\/tipul-asta-din-bucurestiul-anului-1973-isi-butona-smartphone-ul-chiar-intr-acolo-ne-duc-mintile-noastre\/\" \/>\n<meta property=\"og:locale\" content=\"ro_RO\" \/>\n<meta property=\"og:type\" content=\"article\" \/>\n<meta property=\"og:title\" content=\"Tipul \u0103sta din Bucure\u015ftiul anului 1973 \u00ee\u015fi butona smartphone-ul!?? Chiar \u00eentr-acolo ne duc min\u0163ile noastre?\" \/>\n<meta property=\"og:description\" content=\"Despre a\u015fa-zi\u015fi &#8222;c\u0103l\u0103tori \u00een timp&#8221;, am vorbit de mai multe ori \u00een acest articol. \u00cen unele din ele, ar\u0103tam \u00een diverse fotografii oameni care p\u0103reau c\u0103 vorbesc la telefon mobil sau butoneaz\u0103 smartphone-uri, cu mult \u00eenainte de inventarea acestora. \u00cen ... Cititi mai multe\" \/>\n<meta property=\"og:url\" content=\"https:\/\/www.lovendal.ro\/wp52\/tipul-asta-din-bucurestiul-anului-1973-isi-butona-smartphone-ul-chiar-intr-acolo-ne-duc-mintile-noastre\/\" \/>\n<meta property=\"og:site_name\" content=\"Secretele lui Lovendal\" \/>\n<meta property=\"article:publisher\" content=\"https:\/\/www.facebook.com\/secreteleluilovendal\" \/>\n<meta property=\"article:published_time\" content=\"2021-09-24T18:11:02+00:00\" \/>\n<meta property=\"og:image\" content=\"https:\/\/www.lovendal.ro\/wp52\/wp-content\/uploads\/2021\/09\/1973-mobil-coperta.jpg\" \/>\n\t<meta property=\"og:image:width\" content=\"358\" \/>\n\t<meta property=\"og:image:height\" content=\"254\" \/>\n\t<meta property=\"og:image:type\" content=\"image\/jpeg\" \/>\n<meta name=\"author\" content=\"admin\" \/>\n<meta name=\"twitter:card\" content=\"summary_large_image\" \/>\n<meta name=\"twitter:label1\" content=\"Scris de\" \/>\n\t<meta name=\"twitter:data1\" content=\"admin\" \/>\n\t<meta name=\"twitter:label2\" content=\"Timp estimat pentru citire\" \/>\n\t<meta name=\"twitter:data2\" content=\"1 minut\" \/>\n<script type=\"application\/ld+json\" class=\"yoast-schema-graph\">{\"@context\":\"https:\\\/\\\/schema.org\",\"@graph\":[{\"@type\":\"Article\",\"@id\":\"https:\\\/\\\/www.lovendal.ro\\\/wp52\\\/tipul-asta-din-bucurestiul-anului-1973-isi-butona-smartphone-ul-chiar-intr-acolo-ne-duc-mintile-noastre\\\/#article\",\"isPartOf\":{\"@id\":\"https:\\\/\\\/www.lovendal.ro\\\/wp52\\\/tipul-asta-din-bucurestiul-anului-1973-isi-butona-smartphone-ul-chiar-intr-acolo-ne-duc-mintile-noastre\\\/\"},\"author\":{\"name\":\"admin\",\"@id\":\"https:\\\/\\\/www.lovendal.ro\\\/wp52\\\/#\\\/schema\\\/person\\\/088691de5dfc346bb0c023e1e52ef5d9\"},\"headline\":\"Tipul \u0103sta din Bucure\u015ftiul anului 1973 \u00ee\u015fi butona smartphone-ul!?? Chiar \u00eentr-acolo ne duc min\u0163ile noastre?\",\"datePublished\":\"2021-09-24T18:11:02+00:00\",\"mainEntityOfPage\":{\"@id\":\"https:\\\/\\\/www.lovendal.ro\\\/wp52\\\/tipul-asta-din-bucurestiul-anului-1973-isi-butona-smartphone-ul-chiar-intr-acolo-ne-duc-mintile-noastre\\\/\"},\"wordCount\":199,\"commentCount\":4,\"publisher\":{\"@id\":\"https:\\\/\\\/www.lovendal.ro\\\/wp52\\\/#organization\"},\"image\":{\"@id\":\"https:\\\/\\\/www.lovendal.ro\\\/wp52\\\/tipul-asta-din-bucurestiul-anului-1973-isi-butona-smartphone-ul-chiar-intr-acolo-ne-duc-mintile-noastre\\\/#primaryimage\"},\"thumbnailUrl\":\"https:\\\/\\\/www.lovendal.ro\\\/wp52\\\/wp-content\\\/uploads\\\/2021\\\/09\\\/1973-mobil-coperta.jpg\",\"keywords\":[\"Bucure\u015fti\",\"c\u0103l\u0103tor \u00een timp\",\"Farse si Fantezii\",\"fotograf\",\"fotografie\",\"ochelari\",\"smartphone\",\"telefon mobil\"],\"articleSection\":[\"Farse si Fantezii\"],\"inLanguage\":\"ro-RO\",\"potentialAction\":[{\"@type\":\"CommentAction\",\"name\":\"Comment\",\"target\":[\"https:\\\/\\\/www.lovendal.ro\\\/wp52\\\/tipul-asta-din-bucurestiul-anului-1973-isi-butona-smartphone-ul-chiar-intr-acolo-ne-duc-mintile-noastre\\\/#respond\"]}]},{\"@type\":\"WebPage\",\"@id\":\"https:\\\/\\\/www.lovendal.ro\\\/wp52\\\/tipul-asta-din-bucurestiul-anului-1973-isi-butona-smartphone-ul-chiar-intr-acolo-ne-duc-mintile-noastre\\\/\",\"url\":\"https:\\\/\\\/www.lovendal.ro\\\/wp52\\\/tipul-asta-din-bucurestiul-anului-1973-isi-butona-smartphone-ul-chiar-intr-acolo-ne-duc-mintile-noastre\\\/\",\"name\":\"Tipul \u0103sta din Bucure\u015ftiul anului 1973 \u00ee\u015fi butona smartphone-ul!?? Chiar \u00eentr-acolo ne duc min\u0163ile noastre? - Secretele lui Lovendal\",\"isPartOf\":{\"@id\":\"https:\\\/\\\/www.lovendal.ro\\\/wp52\\\/#website\"},\"primaryImageOfPage\":{\"@id\":\"https:\\\/\\\/www.lovendal.ro\\\/wp52\\\/tipul-asta-din-bucurestiul-anului-1973-isi-butona-smartphone-ul-chiar-intr-acolo-ne-duc-mintile-noastre\\\/#primaryimage\"},\"image\":{\"@id\":\"https:\\\/\\\/www.lovendal.ro\\\/wp52\\\/tipul-asta-din-bucurestiul-anului-1973-isi-butona-smartphone-ul-chiar-intr-acolo-ne-duc-mintile-noastre\\\/#primaryimage\"},\"thumbnailUrl\":\"https:\\\/\\\/www.lovendal.ro\\\/wp52\\\/wp-content\\\/uploads\\\/2021\\\/09\\\/1973-mobil-coperta.jpg\",\"datePublished\":\"2021-09-24T18:11:02+00:00\",\"breadcrumb\":{\"@id\":\"https:\\\/\\\/www.lovendal.ro\\\/wp52\\\/tipul-asta-din-bucurestiul-anului-1973-isi-butona-smartphone-ul-chiar-intr-acolo-ne-duc-mintile-noastre\\\/#breadcrumb\"},\"inLanguage\":\"ro-RO\",\"potentialAction\":[{\"@type\":\"ReadAction\",\"target\":[\"https:\\\/\\\/www.lovendal.ro\\\/wp52\\\/tipul-asta-din-bucurestiul-anului-1973-isi-butona-smartphone-ul-chiar-intr-acolo-ne-duc-mintile-noastre\\\/\"]}]},{\"@type\":\"ImageObject\",\"inLanguage\":\"ro-RO\",\"@id\":\"https:\\\/\\\/www.lovendal.ro\\\/wp52\\\/tipul-asta-din-bucurestiul-anului-1973-isi-butona-smartphone-ul-chiar-intr-acolo-ne-duc-mintile-noastre\\\/#primaryimage\",\"url\":\"https:\\\/\\\/www.lovendal.ro\\\/wp52\\\/wp-content\\\/uploads\\\/2021\\\/09\\\/1973-mobil-coperta.jpg\",\"contentUrl\":\"https:\\\/\\\/www.lovendal.ro\\\/wp52\\\/wp-content\\\/uploads\\\/2021\\\/09\\\/1973-mobil-coperta.jpg\",\"width\":358,\"height\":254},{\"@type\":\"BreadcrumbList\",\"@id\":\"https:\\\/\\\/www.lovendal.ro\\\/wp52\\\/tipul-asta-din-bucurestiul-anului-1973-isi-butona-smartphone-ul-chiar-intr-acolo-ne-duc-mintile-noastre\\\/#breadcrumb\",\"itemListElement\":[{\"@type\":\"ListItem\",\"position\":1,\"name\":\"Home\",\"item\":\"https:\\\/\\\/www.lovendal.ro\\\/wp52\\\/\"},{\"@type\":\"ListItem\",\"position\":2,\"name\":\"Tipul \u0103sta din Bucure\u015ftiul anului 1973 \u00ee\u015fi butona smartphone-ul!?? Chiar \u00eentr-acolo ne duc min\u0163ile noastre?\"}]},{\"@type\":\"WebSite\",\"@id\":\"https:\\\/\\\/www.lovendal.ro\\\/wp52\\\/#website\",\"url\":\"https:\\\/\\\/www.lovendal.ro\\\/wp52\\\/\",\"name\":\"Secretele lui Lovendal\",\"description\":\"Site de secrete, stiinta si metafizica - din 2008 -\",\"publisher\":{\"@id\":\"https:\\\/\\\/www.lovendal.ro\\\/wp52\\\/#organization\"},\"potentialAction\":[{\"@type\":\"SearchAction\",\"target\":{\"@type\":\"EntryPoint\",\"urlTemplate\":\"https:\\\/\\\/www.lovendal.ro\\\/wp52\\\/?s={search_term_string}\"},\"query-input\":{\"@type\":\"PropertyValueSpecification\",\"valueRequired\":true,\"valueName\":\"search_term_string\"}}],\"inLanguage\":\"ro-RO\"},{\"@type\":\"Organization\",\"@id\":\"https:\\\/\\\/www.lovendal.ro\\\/wp52\\\/#organization\",\"name\":\"Secretele lui Lovendal\",\"url\":\"https:\\\/\\\/www.lovendal.ro\\\/wp52\\\/\",\"logo\":{\"@type\":\"ImageObject\",\"inLanguage\":\"ro-RO\",\"@id\":\"https:\\\/\\\/www.lovendal.ro\\\/wp52\\\/#\\\/schema\\\/logo\\\/image\\\/\",\"url\":\"https:\\\/\\\/www.lovendal.ro\\\/wp52\\\/wp-content\\\/uploads\\\/2024\\\/06\\\/cropped-SLL-iun-2024-1.jpg\",\"contentUrl\":\"https:\\\/\\\/www.lovendal.ro\\\/wp52\\\/wp-content\\\/uploads\\\/2024\\\/06\\\/cropped-SLL-iun-2024-1.jpg\",\"width\":771,\"height\":240,\"caption\":\"Secretele lui Lovendal\"},\"image\":{\"@id\":\"https:\\\/\\\/www.lovendal.ro\\\/wp52\\\/#\\\/schema\\\/logo\\\/image\\\/\"},\"sameAs\":[\"https:\\\/\\\/www.facebook.com\\\/secreteleluilovendal\"]},{\"@type\":\"Person\",\"@id\":\"https:\\\/\\\/www.lovendal.ro\\\/wp52\\\/#\\\/schema\\\/person\\\/088691de5dfc346bb0c023e1e52ef5d9\",\"name\":\"admin\",\"image\":{\"@type\":\"ImageObject\",\"inLanguage\":\"ro-RO\",\"@id\":\"https:\\\/\\\/secure.gravatar.com\\\/avatar\\\/ecb9cd41f5f63c9c9b989999a59f6e2639a865ec361e9db054db0679a8f341c2?s=96&d=mm&r=g\",\"url\":\"https:\\\/\\\/secure.gravatar.com\\\/avatar\\\/ecb9cd41f5f63c9c9b989999a59f6e2639a865ec361e9db054db0679a8f341c2?s=96&d=mm&r=g\",\"contentUrl\":\"https:\\\/\\\/secure.gravatar.com\\\/avatar\\\/ecb9cd41f5f63c9c9b989999a59f6e2639a865ec361e9db054db0679a8f341c2?s=96&d=mm&r=g\",\"caption\":\"admin\"},\"sameAs\":[\"https:\\\/\\\/www.lovendal.ro\\\/wp52\"]}]}<\/script>\n<!-- \/ Yoast SEO Premium plugin. -->","yoast_head_json":{"title":"Tipul \u0103sta din Bucure\u015ftiul anului 1973 \u00ee\u015fi butona smartphone-ul!?? Chiar \u00eentr-acolo ne duc min\u0163ile noastre? - Secretele lui Lovendal","robots":{"index":"index","follow":"follow","max-snippet":"max-snippet:-1","max-image-preview":"max-image-preview:large","max-video-preview":"max-video-preview:-1"},"canonical":"https:\/\/www.lovendal.ro\/wp52\/tipul-asta-din-bucurestiul-anului-1973-isi-butona-smartphone-ul-chiar-intr-acolo-ne-duc-mintile-noastre\/","og_locale":"ro_RO","og_type":"article","og_title":"Tipul \u0103sta din Bucure\u015ftiul anului 1973 \u00ee\u015fi butona smartphone-ul!?? Chiar \u00eentr-acolo ne duc min\u0163ile noastre?","og_description":"Despre a\u015fa-zi\u015fi &#8222;c\u0103l\u0103tori \u00een timp&#8221;, am vorbit de mai multe ori \u00een acest articol. \u00cen unele din ele, ar\u0103tam \u00een diverse fotografii oameni care p\u0103reau c\u0103 vorbesc la telefon mobil sau butoneaz\u0103 smartphone-uri, cu mult \u00eenainte de inventarea acestora. \u00cen ... Cititi mai multe","og_url":"https:\/\/www.lovendal.ro\/wp52\/tipul-asta-din-bucurestiul-anului-1973-isi-butona-smartphone-ul-chiar-intr-acolo-ne-duc-mintile-noastre\/","og_site_name":"Secretele lui Lovendal","article_publisher":"https:\/\/www.facebook.com\/secreteleluilovendal","article_published_time":"2021-09-24T18:11:02+00:00","og_image":[{"width":358,"height":254,"url":"https:\/\/www.lovendal.ro\/wp52\/wp-content\/uploads\/2021\/09\/1973-mobil-coperta.jpg","type":"image\/jpeg"}],"author":"admin","twitter_card":"summary_large_image","twitter_misc":{"Scris de":"admin","Timp estimat pentru citire":"1 minut"},"schema":{"@context":"https:\/\/schema.org","@graph":[{"@type":"Article","@id":"https:\/\/www.lovendal.ro\/wp52\/tipul-asta-din-bucurestiul-anului-1973-isi-butona-smartphone-ul-chiar-intr-acolo-ne-duc-mintile-noastre\/#article","isPartOf":{"@id":"https:\/\/www.lovendal.ro\/wp52\/tipul-asta-din-bucurestiul-anului-1973-isi-butona-smartphone-ul-chiar-intr-acolo-ne-duc-mintile-noastre\/"},"author":{"name":"admin","@id":"https:\/\/www.lovendal.ro\/wp52\/#\/schema\/person\/088691de5dfc346bb0c023e1e52ef5d9"},"headline":"Tipul \u0103sta din Bucure\u015ftiul anului 1973 \u00ee\u015fi butona smartphone-ul!?? Chiar \u00eentr-acolo ne duc min\u0163ile noastre?","datePublished":"2021-09-24T18:11:02+00:00","mainEntityOfPage":{"@id":"https:\/\/www.lovendal.ro\/wp52\/tipul-asta-din-bucurestiul-anului-1973-isi-butona-smartphone-ul-chiar-intr-acolo-ne-duc-mintile-noastre\/"},"wordCount":199,"commentCount":4,"publisher":{"@id":"https:\/\/www.lovendal.ro\/wp52\/#organization"},"image":{"@id":"https:\/\/www.lovendal.ro\/wp52\/tipul-asta-din-bucurestiul-anului-1973-isi-butona-smartphone-ul-chiar-intr-acolo-ne-duc-mintile-noastre\/#primaryimage"},"thumbnailUrl":"https:\/\/www.lovendal.ro\/wp52\/wp-content\/uploads\/2021\/09\/1973-mobil-coperta.jpg","keywords":["Bucure\u015fti","c\u0103l\u0103tor \u00een timp","Farse si Fantezii","fotograf","fotografie","ochelari","smartphone","telefon mobil"],"articleSection":["Farse si Fantezii"],"inLanguage":"ro-RO","potentialAction":[{"@type":"CommentAction","name":"Comment","target":["https:\/\/www.lovendal.ro\/wp52\/tipul-asta-din-bucurestiul-anului-1973-isi-butona-smartphone-ul-chiar-intr-acolo-ne-duc-mintile-noastre\/#respond"]}]},{"@type":"WebPage","@id":"https:\/\/www.lovendal.ro\/wp52\/tipul-asta-din-bucurestiul-anului-1973-isi-butona-smartphone-ul-chiar-intr-acolo-ne-duc-mintile-noastre\/","url":"https:\/\/www.lovendal.ro\/wp52\/tipul-asta-din-bucurestiul-anului-1973-isi-butona-smartphone-ul-chiar-intr-acolo-ne-duc-mintile-noastre\/","name":"Tipul \u0103sta din Bucure\u015ftiul anului 1973 \u00ee\u015fi butona smartphone-ul!?? Chiar \u00eentr-acolo ne duc min\u0163ile noastre? - Secretele lui Lovendal","isPartOf":{"@id":"https:\/\/www.lovendal.ro\/wp52\/#website"},"primaryImageOfPage":{"@id":"https:\/\/www.lovendal.ro\/wp52\/tipul-asta-din-bucurestiul-anului-1973-isi-butona-smartphone-ul-chiar-intr-acolo-ne-duc-mintile-noastre\/#primaryimage"},"image":{"@id":"https:\/\/www.lovendal.ro\/wp52\/tipul-asta-din-bucurestiul-anului-1973-isi-butona-smartphone-ul-chiar-intr-acolo-ne-duc-mintile-noastre\/#primaryimage"},"thumbnailUrl":"https:\/\/www.lovendal.ro\/wp52\/wp-content\/uploads\/2021\/09\/1973-mobil-coperta.jpg","datePublished":"2021-09-24T18:11:02+00:00","breadcrumb":{"@id":"https:\/\/www.lovendal.ro\/wp52\/tipul-asta-din-bucurestiul-anului-1973-isi-butona-smartphone-ul-chiar-intr-acolo-ne-duc-mintile-noastre\/#breadcrumb"},"inLanguage":"ro-RO","potentialAction":[{"@type":"ReadAction","target":["https:\/\/www.lovendal.ro\/wp52\/tipul-asta-din-bucurestiul-anului-1973-isi-butona-smartphone-ul-chiar-intr-acolo-ne-duc-mintile-noastre\/"]}]},{"@type":"ImageObject","inLanguage":"ro-RO","@id":"https:\/\/www.lovendal.ro\/wp52\/tipul-asta-din-bucurestiul-anului-1973-isi-butona-smartphone-ul-chiar-intr-acolo-ne-duc-mintile-noastre\/#primaryimage","url":"https:\/\/www.lovendal.ro\/wp52\/wp-content\/uploads\/2021\/09\/1973-mobil-coperta.jpg","contentUrl":"https:\/\/www.lovendal.ro\/wp52\/wp-content\/uploads\/2021\/09\/1973-mobil-coperta.jpg","width":358,"height":254},{"@type":"BreadcrumbList","@id":"https:\/\/www.lovendal.ro\/wp52\/tipul-asta-din-bucurestiul-anului-1973-isi-butona-smartphone-ul-chiar-intr-acolo-ne-duc-mintile-noastre\/#breadcrumb","itemListElement":[{"@type":"ListItem","position":1,"name":"Home","item":"https:\/\/www.lovendal.ro\/wp52\/"},{"@type":"ListItem","position":2,"name":"Tipul \u0103sta din Bucure\u015ftiul anului 1973 \u00ee\u015fi butona smartphone-ul!?? Chiar \u00eentr-acolo ne duc min\u0163ile noastre?"}]},{"@type":"WebSite","@id":"https:\/\/www.lovendal.ro\/wp52\/#website","url":"https:\/\/www.lovendal.ro\/wp52\/","name":"Secretele lui Lovendal","description":"Site de secrete, stiinta si metafizica - din 2008 -","publisher":{"@id":"https:\/\/www.lovendal.ro\/wp52\/#organization"},"potentialAction":[{"@type":"SearchAction","target":{"@type":"EntryPoint","urlTemplate":"https:\/\/www.lovendal.ro\/wp52\/?s={search_term_string}"},"query-input":{"@type":"PropertyValueSpecification","valueRequired":true,"valueName":"search_term_string"}}],"inLanguage":"ro-RO"},{"@type":"Organization","@id":"https:\/\/www.lovendal.ro\/wp52\/#organization","name":"Secretele lui Lovendal","url":"https:\/\/www.lovendal.ro\/wp52\/","logo":{"@type":"ImageObject","inLanguage":"ro-RO","@id":"https:\/\/www.lovendal.ro\/wp52\/#\/schema\/logo\/image\/","url":"https:\/\/www.lovendal.ro\/wp52\/wp-content\/uploads\/2024\/06\/cropped-SLL-iun-2024-1.jpg","contentUrl":"https:\/\/www.lovendal.ro\/wp52\/wp-content\/uploads\/2024\/06\/cropped-SLL-iun-2024-1.jpg","width":771,"height":240,"caption":"Secretele lui Lovendal"},"image":{"@id":"https:\/\/www.lovendal.ro\/wp52\/#\/schema\/logo\/image\/"},"sameAs":["https:\/\/www.facebook.com\/secreteleluilovendal"]},{"@type":"Person","@id":"https:\/\/www.lovendal.ro\/wp52\/#\/schema\/person\/088691de5dfc346bb0c023e1e52ef5d9","name":"admin","image":{"@type":"ImageObject","inLanguage":"ro-RO","@id":"https:\/\/secure.gravatar.com\/avatar\/ecb9cd41f5f63c9c9b989999a59f6e2639a865ec361e9db054db0679a8f341c2?s=96&d=mm&r=g","url":"https:\/\/secure.gravatar.com\/avatar\/ecb9cd41f5f63c9c9b989999a59f6e2639a865ec361e9db054db0679a8f341c2?s=96&d=mm&r=g","contentUrl":"https:\/\/secure.gravatar.com\/avatar\/ecb9cd41f5f63c9c9b989999a59f6e2639a865ec361e9db054db0679a8f341c2?s=96&d=mm&r=g","caption":"admin"},"sameAs":["https:\/\/www.lovendal.ro\/wp52"]}]}},"_links":{"self":[{"href":"https:\/\/www.lovendal.ro\/wp52\/wp-json\/wp\/v2\/posts\/76989","targetHints":{"allow":["GET"]}}],"collection":[{"href":"https:\/\/www.lovendal.ro\/wp52\/wp-json\/wp\/v2\/posts"}],"about":[{"href":"https:\/\/www.lovendal.ro\/wp52\/wp-json\/wp\/v2\/types\/post"}],"author":[{"embeddable":true,"href":"https:\/\/www.lovendal.ro\/wp52\/wp-json\/wp\/v2\/users\/1"}],"replies":[{"embeddable":true,"href":"https:\/\/www.lovendal.ro\/wp52\/wp-json\/wp\/v2\/comments?post=76989"}],"version-history":[{"count":0,"href":"https:\/\/www.lovendal.ro\/wp52\/wp-json\/wp\/v2\/posts\/76989\/revisions"}],"wp:featuredmedia":[{"embeddable":true,"href":"https:\/\/www.lovendal.ro\/wp52\/wp-json\/wp\/v2\/media\/76990"}],"wp:attachment":[{"href":"https:\/\/www.lovendal.ro\/wp52\/wp-json\/wp\/v2\/media?parent=76989"}],"wp:term":[{"taxonomy":"category","embeddable":true,"href":"https:\/\/www.lovendal.ro\/wp52\/wp-json\/wp\/v2\/categories?post=76989"},{"taxonomy":"post_tag","embeddable":true,"href":"https:\/\/www.lovendal.ro\/wp52\/wp-json\/wp\/v2\/tags?post=76989"}],"curies":[{"name":"wp","href":"https:\/\/api.w.org\/{rel}","templated":true}]}}