{"id":7693,"date":"2009-09-18T10:00:04","date_gmt":"2009-09-18T07:00:04","guid":{"rendered":"http:\/\/www.lovendal.net\/wp52\/?p=7693"},"modified":"2009-09-18T10:07:16","modified_gmt":"2009-09-18T07:07:16","slug":"history-channel-a-descoperit-ca-hitler-nu-s-a-sinucis-in-1945","status":"publish","type":"post","link":"https:\/\/www.lovendal.ro\/wp52\/history-channel-a-descoperit-ca-hitler-nu-s-a-sinucis-in-1945\/","title":{"rendered":"&#8222;History Channel&#8221; a descoperit c\u0103 Hitler nu s-a sinucis \u00een 1945!"},"content":{"rendered":"<p><em><a href=\"https:\/\/www.lovendal.ro\/wp52\/wp-content\/uploads\/2009\/09\/Hitler-mort.jpg\"><img loading=\"lazy\" decoding=\"async\" class=\"alignleft size-full wp-image-7694\" title=\"Hitler mort\" src=\"https:\/\/www.lovendal.ro\/wp52\/wp-content\/uploads\/2009\/09\/Hitler-mort.jpg\" alt=\"Hitler mort\" width=\"284\" height=\"279\" \/><\/a>&#8222;\u00cen c\u0103utarea misterului&#8221;<\/em>, noua emisiune a canalului de televiziune History Channel, are ca o nou\u0103 provocare g\u0103sirea de dovezi cu privire la moartea lui Hitler. Mul\u0163i ani de-a r\u00e2ndul s-a speculat faptul c\u0103 dictatorul a sc\u0103pat \u00een America de Sud, \u00een special \u00een Argentina. Al\u0163ii au declarat c\u0103 Hitler ar fi r\u0103t\u0103cit prin alte regiuni ale Germaniei. Precum se \u015ftie, versiunea oficial\u0103 ar fi aceea c\u0103 Hitler s-ar fi sinucis \u00een bunc\u0103rul s\u0103u din Berlin, la sf\u00e2r\u015fitul celui de-al doilea r\u0103zboi mondial; totu\u015fi, nu exist\u0103 dovezi concrete c\u0103 acel cadavr g\u0103sit \u00een bunc\u0103r de c\u0103tre solda\u0163ii sovietici ar apar\u0163ine cu adev\u0103rat lui Adolph Hitler.<\/p>\n<p>Se \u015ftie c\u0103 Hitler avea o sosie, \u00een special dup\u0103 \u00eencercarea de asasinat, (opera\u0163iunea Valkyrie). Ceea ce au g\u0103sit sovieticii atunci c\u00e2nd au sosit \u00een Berlin era un cadavru care sem\u0103na cu Hitler, dar ar fi putut fi foarte bine sosia sa. Se pare c\u0103 acest om era cu 2 inchi mai scurt \u00een \u00een\u0103l\u0163ime dec\u00e2t Adolf Hitler.<\/p>\n<p>\u00cen arhivele ruse se afl\u0103 o canapea plin\u0103 cu urme de s\u00e2nge \u015fi o bucat\u0103 de craniu uman, ce are un glonte \u00een ea, care se spune c\u0103 ar fi apar\u0163in\u00e2nd lui Hitler. Realizatorii emisiunii de pe History Channel au trimis un arheolog american \u00een Rusia pentru a ob\u0163ine dovezi din aceste lucruri, \u00een scopul studierii ADN-ului \u00een SUA. Apoi, \u00een Germania, o alt\u0103 echip\u0103 de exper\u0163i s-a dus s\u0103 reconstruiasc\u0103 bunc\u0103rul original a lui Hitler, folosind tehnologia calculatorului, \u00eencerc\u00e2nd s\u0103 verifice credibilitatea afirma\u0163iilor martorilor prezen\u0163i \u00een acel loc. Se pare c\u0103 bunc\u0103rul lui Hitler avea generatoare uria\u015fe, care ar fi acoperit zgomotul unui pistol (zgomotul pistolului atunci c\u00e2nd Hitler se presupune c\u0103 s-ar fi sinucis). Dac\u0103 nu se putea auzi zgomotul pistolului, atunci ce au auzit martorii? Au min\u0163it ei?<\/p>\n<p>Emisiunea<em> &#8222;\u00cen c\u0103utarea misterului&#8221;<\/em> a g\u0103sit o alt\u0103 dovad\u0103 care pune serios la \u00eendoial\u0103 faptul c\u0103 Hitler ar fi murit \u00een bunc\u0103r \u00een aprilie 1945: ADN-ul craniului care se presupune c\u0103 ar fi apar\u0163in\u00e2nd lui Hitler, era al unei femei care avea \u00eentre 20 \u015fi 40 de ani! Se pune astfel \u00eentrebarea: A supravie\u0163uit Hitler r\u0103zboiului? \u015ei dac\u0103 a supravie\u0163uit, cum a sc\u0103pat \u015fi unde s-a dus?<\/p>\n","protected":false},"excerpt":{"rendered":"<p>&#8222;\u00cen c\u0103utarea misterului&#8221;, noua emisiune a canalului de televiziune History Channel, are ca o nou\u0103 provocare g\u0103sirea de dovezi cu privire la moartea lui Hitler. Mul\u0163i ani de-a r\u00e2ndul s-a speculat faptul c\u0103 dictatorul a sc\u0103pat \u00een America de Sud, &#8230; <\/p>\n<p class=\"read-more-container\"><a title=\"&#8222;History Channel&#8221; a descoperit c\u0103 Hitler nu s-a sinucis \u00een 1945!\" class=\"read-more button\" href=\"https:\/\/www.lovendal.ro\/wp52\/history-channel-a-descoperit-ca-hitler-nu-s-a-sinucis-in-1945\/#more-7693\" aria-label=\"Cite\u0219te mai multe despre &#8222;History Channel&#8221; a descoperit c\u0103 Hitler nu s-a sinucis \u00een 1945!\">Cititi mai multe<\/a><\/p>\n","protected":false},"author":1,"featured_media":7694,"comment_status":"open","ping_status":"closed","sticky":false,"template":"","format":"standard","meta":{"footnotes":""},"categories":[9],"tags":[415,1050,2186,85,1532,681],"class_list":["post-7693","post","type-post","status-publish","format-standard","has-post-thumbnail","hentry","category-istorie","tag-adn","tag-cel-de-al-2-lea-razboi-mondial","tag-history-channel","tag-hitler","tag-istorie-si-civilizatii","tag-sinucidere","resize-featured-image"],"yoast_head":"<!-- This site is optimized with the Yoast SEO Premium plugin v23.3 (Yoast SEO v27.4) - https:\/\/yoast.com\/product\/yoast-seo-premium-wordpress\/ -->\n<title>&quot;History Channel&quot; a descoperit c\u0103 Hitler nu s-a sinucis \u00een 1945! - Secretele lui Lovendal<\/title>\n<meta name=\"robots\" content=\"index, follow, max-snippet:-1, max-image-preview:large, max-video-preview:-1\" \/>\n<link rel=\"canonical\" href=\"https:\/\/www.lovendal.ro\/wp52\/history-channel-a-descoperit-ca-hitler-nu-s-a-sinucis-in-1945\/\" \/>\n<meta property=\"og:locale\" content=\"ro_RO\" \/>\n<meta property=\"og:type\" content=\"article\" \/>\n<meta property=\"og:title\" content=\"&quot;History Channel&quot; a descoperit c\u0103 Hitler nu s-a sinucis \u00een 1945!\" \/>\n<meta property=\"og:description\" content=\"&#8222;\u00cen c\u0103utarea misterului&#8221;, noua emisiune a canalului de televiziune History Channel, are ca o nou\u0103 provocare g\u0103sirea de dovezi cu privire la moartea lui Hitler. Mul\u0163i ani de-a r\u00e2ndul s-a speculat faptul c\u0103 dictatorul a sc\u0103pat \u00een America de Sud, ... Cititi mai multe\" \/>\n<meta property=\"og:url\" content=\"https:\/\/www.lovendal.ro\/wp52\/history-channel-a-descoperit-ca-hitler-nu-s-a-sinucis-in-1945\/\" \/>\n<meta property=\"og:site_name\" content=\"Secretele lui Lovendal\" \/>\n<meta property=\"article:publisher\" content=\"https:\/\/www.facebook.com\/secreteleluilovendal\" \/>\n<meta property=\"article:published_time\" content=\"2009-09-18T07:00:04+00:00\" \/>\n<meta property=\"article:modified_time\" content=\"2009-09-18T07:07:16+00:00\" \/>\n<meta property=\"og:image\" content=\"https:\/\/www.lovendal.ro\/wp52\/wp-content\/uploads\/2009\/09\/Hitler-mort.jpg\" \/>\n\t<meta property=\"og:image:width\" content=\"284\" \/>\n\t<meta property=\"og:image:height\" content=\"279\" \/>\n\t<meta property=\"og:image:type\" content=\"image\/jpeg\" \/>\n<meta name=\"author\" content=\"admin\" \/>\n<meta name=\"twitter:card\" content=\"summary_large_image\" \/>\n<meta name=\"twitter:label1\" content=\"Scris de\" \/>\n\t<meta name=\"twitter:data1\" content=\"admin\" \/>\n\t<meta name=\"twitter:label2\" content=\"Timp estimat pentru citire\" \/>\n\t<meta name=\"twitter:data2\" content=\"2 minute\" \/>\n<script type=\"application\/ld+json\" class=\"yoast-schema-graph\">{\"@context\":\"https:\\\/\\\/schema.org\",\"@graph\":[{\"@type\":\"Article\",\"@id\":\"https:\\\/\\\/www.lovendal.ro\\\/wp52\\\/history-channel-a-descoperit-ca-hitler-nu-s-a-sinucis-in-1945\\\/#article\",\"isPartOf\":{\"@id\":\"https:\\\/\\\/www.lovendal.ro\\\/wp52\\\/history-channel-a-descoperit-ca-hitler-nu-s-a-sinucis-in-1945\\\/\"},\"author\":{\"name\":\"admin\",\"@id\":\"https:\\\/\\\/www.lovendal.ro\\\/wp52\\\/#\\\/schema\\\/person\\\/088691de5dfc346bb0c023e1e52ef5d9\"},\"headline\":\"&#8222;History Channel&#8221; a descoperit c\u0103 Hitler nu s-a sinucis \u00een 1945!\",\"datePublished\":\"2009-09-18T07:00:04+00:00\",\"dateModified\":\"2009-09-18T07:07:16+00:00\",\"mainEntityOfPage\":{\"@id\":\"https:\\\/\\\/www.lovendal.ro\\\/wp52\\\/history-channel-a-descoperit-ca-hitler-nu-s-a-sinucis-in-1945\\\/\"},\"wordCount\":415,\"commentCount\":4,\"publisher\":{\"@id\":\"https:\\\/\\\/www.lovendal.ro\\\/wp52\\\/#organization\"},\"image\":{\"@id\":\"https:\\\/\\\/www.lovendal.ro\\\/wp52\\\/history-channel-a-descoperit-ca-hitler-nu-s-a-sinucis-in-1945\\\/#primaryimage\"},\"thumbnailUrl\":\"https:\\\/\\\/www.lovendal.ro\\\/wp52\\\/wp-content\\\/uploads\\\/2009\\\/09\\\/Hitler-mort.jpg\",\"keywords\":[\"ADN\",\"cel de-al 2-lea r\u0103zboi mondial\",\"History Channel\",\"Hitler\",\"Istorie si Civilizatii\",\"sinucidere\"],\"articleSection\":[\"Istorie si Civilizatii\"],\"inLanguage\":\"ro-RO\",\"potentialAction\":[{\"@type\":\"CommentAction\",\"name\":\"Comment\",\"target\":[\"https:\\\/\\\/www.lovendal.ro\\\/wp52\\\/history-channel-a-descoperit-ca-hitler-nu-s-a-sinucis-in-1945\\\/#respond\"]}]},{\"@type\":\"WebPage\",\"@id\":\"https:\\\/\\\/www.lovendal.ro\\\/wp52\\\/history-channel-a-descoperit-ca-hitler-nu-s-a-sinucis-in-1945\\\/\",\"url\":\"https:\\\/\\\/www.lovendal.ro\\\/wp52\\\/history-channel-a-descoperit-ca-hitler-nu-s-a-sinucis-in-1945\\\/\",\"name\":\"\\\"History Channel\\\" a descoperit c\u0103 Hitler nu s-a sinucis \u00een 1945! - Secretele lui Lovendal\",\"isPartOf\":{\"@id\":\"https:\\\/\\\/www.lovendal.ro\\\/wp52\\\/#website\"},\"primaryImageOfPage\":{\"@id\":\"https:\\\/\\\/www.lovendal.ro\\\/wp52\\\/history-channel-a-descoperit-ca-hitler-nu-s-a-sinucis-in-1945\\\/#primaryimage\"},\"image\":{\"@id\":\"https:\\\/\\\/www.lovendal.ro\\\/wp52\\\/history-channel-a-descoperit-ca-hitler-nu-s-a-sinucis-in-1945\\\/#primaryimage\"},\"thumbnailUrl\":\"https:\\\/\\\/www.lovendal.ro\\\/wp52\\\/wp-content\\\/uploads\\\/2009\\\/09\\\/Hitler-mort.jpg\",\"datePublished\":\"2009-09-18T07:00:04+00:00\",\"dateModified\":\"2009-09-18T07:07:16+00:00\",\"breadcrumb\":{\"@id\":\"https:\\\/\\\/www.lovendal.ro\\\/wp52\\\/history-channel-a-descoperit-ca-hitler-nu-s-a-sinucis-in-1945\\\/#breadcrumb\"},\"inLanguage\":\"ro-RO\",\"potentialAction\":[{\"@type\":\"ReadAction\",\"target\":[\"https:\\\/\\\/www.lovendal.ro\\\/wp52\\\/history-channel-a-descoperit-ca-hitler-nu-s-a-sinucis-in-1945\\\/\"]}]},{\"@type\":\"ImageObject\",\"inLanguage\":\"ro-RO\",\"@id\":\"https:\\\/\\\/www.lovendal.ro\\\/wp52\\\/history-channel-a-descoperit-ca-hitler-nu-s-a-sinucis-in-1945\\\/#primaryimage\",\"url\":\"https:\\\/\\\/www.lovendal.ro\\\/wp52\\\/wp-content\\\/uploads\\\/2009\\\/09\\\/Hitler-mort.jpg\",\"contentUrl\":\"https:\\\/\\\/www.lovendal.ro\\\/wp52\\\/wp-content\\\/uploads\\\/2009\\\/09\\\/Hitler-mort.jpg\",\"width\":\"284\",\"height\":\"279\"},{\"@type\":\"BreadcrumbList\",\"@id\":\"https:\\\/\\\/www.lovendal.ro\\\/wp52\\\/history-channel-a-descoperit-ca-hitler-nu-s-a-sinucis-in-1945\\\/#breadcrumb\",\"itemListElement\":[{\"@type\":\"ListItem\",\"position\":1,\"name\":\"Home\",\"item\":\"https:\\\/\\\/www.lovendal.ro\\\/wp52\\\/\"},{\"@type\":\"ListItem\",\"position\":2,\"name\":\"&#8222;History Channel&#8221; a descoperit c\u0103 Hitler nu s-a sinucis \u00een 1945!\"}]},{\"@type\":\"WebSite\",\"@id\":\"https:\\\/\\\/www.lovendal.ro\\\/wp52\\\/#website\",\"url\":\"https:\\\/\\\/www.lovendal.ro\\\/wp52\\\/\",\"name\":\"Secretele lui Lovendal\",\"description\":\"Site de secrete, stiinta si metafizica - din 2008 -\",\"publisher\":{\"@id\":\"https:\\\/\\\/www.lovendal.ro\\\/wp52\\\/#organization\"},\"potentialAction\":[{\"@type\":\"SearchAction\",\"target\":{\"@type\":\"EntryPoint\",\"urlTemplate\":\"https:\\\/\\\/www.lovendal.ro\\\/wp52\\\/?s={search_term_string}\"},\"query-input\":{\"@type\":\"PropertyValueSpecification\",\"valueRequired\":true,\"valueName\":\"search_term_string\"}}],\"inLanguage\":\"ro-RO\"},{\"@type\":\"Organization\",\"@id\":\"https:\\\/\\\/www.lovendal.ro\\\/wp52\\\/#organization\",\"name\":\"Secretele lui Lovendal\",\"url\":\"https:\\\/\\\/www.lovendal.ro\\\/wp52\\\/\",\"logo\":{\"@type\":\"ImageObject\",\"inLanguage\":\"ro-RO\",\"@id\":\"https:\\\/\\\/www.lovendal.ro\\\/wp52\\\/#\\\/schema\\\/logo\\\/image\\\/\",\"url\":\"https:\\\/\\\/www.lovendal.ro\\\/wp52\\\/wp-content\\\/uploads\\\/2024\\\/06\\\/cropped-SLL-iun-2024-1.jpg\",\"contentUrl\":\"https:\\\/\\\/www.lovendal.ro\\\/wp52\\\/wp-content\\\/uploads\\\/2024\\\/06\\\/cropped-SLL-iun-2024-1.jpg\",\"width\":771,\"height\":240,\"caption\":\"Secretele lui Lovendal\"},\"image\":{\"@id\":\"https:\\\/\\\/www.lovendal.ro\\\/wp52\\\/#\\\/schema\\\/logo\\\/image\\\/\"},\"sameAs\":[\"https:\\\/\\\/www.facebook.com\\\/secreteleluilovendal\"]},{\"@type\":\"Person\",\"@id\":\"https:\\\/\\\/www.lovendal.ro\\\/wp52\\\/#\\\/schema\\\/person\\\/088691de5dfc346bb0c023e1e52ef5d9\",\"name\":\"admin\",\"image\":{\"@type\":\"ImageObject\",\"inLanguage\":\"ro-RO\",\"@id\":\"https:\\\/\\\/secure.gravatar.com\\\/avatar\\\/ecb9cd41f5f63c9c9b989999a59f6e2639a865ec361e9db054db0679a8f341c2?s=96&d=mm&r=g\",\"url\":\"https:\\\/\\\/secure.gravatar.com\\\/avatar\\\/ecb9cd41f5f63c9c9b989999a59f6e2639a865ec361e9db054db0679a8f341c2?s=96&d=mm&r=g\",\"contentUrl\":\"https:\\\/\\\/secure.gravatar.com\\\/avatar\\\/ecb9cd41f5f63c9c9b989999a59f6e2639a865ec361e9db054db0679a8f341c2?s=96&d=mm&r=g\",\"caption\":\"admin\"},\"sameAs\":[\"https:\\\/\\\/www.lovendal.ro\\\/wp52\"]}]}<\/script>\n<!-- \/ Yoast SEO Premium plugin. -->","yoast_head_json":{"title":"\"History Channel\" a descoperit c\u0103 Hitler nu s-a sinucis \u00een 1945! - Secretele lui Lovendal","robots":{"index":"index","follow":"follow","max-snippet":"max-snippet:-1","max-image-preview":"max-image-preview:large","max-video-preview":"max-video-preview:-1"},"canonical":"https:\/\/www.lovendal.ro\/wp52\/history-channel-a-descoperit-ca-hitler-nu-s-a-sinucis-in-1945\/","og_locale":"ro_RO","og_type":"article","og_title":"\"History Channel\" a descoperit c\u0103 Hitler nu s-a sinucis \u00een 1945!","og_description":"&#8222;\u00cen c\u0103utarea misterului&#8221;, noua emisiune a canalului de televiziune History Channel, are ca o nou\u0103 provocare g\u0103sirea de dovezi cu privire la moartea lui Hitler. Mul\u0163i ani de-a r\u00e2ndul s-a speculat faptul c\u0103 dictatorul a sc\u0103pat \u00een America de Sud, ... Cititi mai multe","og_url":"https:\/\/www.lovendal.ro\/wp52\/history-channel-a-descoperit-ca-hitler-nu-s-a-sinucis-in-1945\/","og_site_name":"Secretele lui Lovendal","article_publisher":"https:\/\/www.facebook.com\/secreteleluilovendal","article_published_time":"2009-09-18T07:00:04+00:00","article_modified_time":"2009-09-18T07:07:16+00:00","og_image":[{"width":284,"height":279,"url":"https:\/\/www.lovendal.ro\/wp52\/wp-content\/uploads\/2009\/09\/Hitler-mort.jpg","type":"image\/jpeg"}],"author":"admin","twitter_card":"summary_large_image","twitter_misc":{"Scris de":"admin","Timp estimat pentru citire":"2 minute"},"schema":{"@context":"https:\/\/schema.org","@graph":[{"@type":"Article","@id":"https:\/\/www.lovendal.ro\/wp52\/history-channel-a-descoperit-ca-hitler-nu-s-a-sinucis-in-1945\/#article","isPartOf":{"@id":"https:\/\/www.lovendal.ro\/wp52\/history-channel-a-descoperit-ca-hitler-nu-s-a-sinucis-in-1945\/"},"author":{"name":"admin","@id":"https:\/\/www.lovendal.ro\/wp52\/#\/schema\/person\/088691de5dfc346bb0c023e1e52ef5d9"},"headline":"&#8222;History Channel&#8221; a descoperit c\u0103 Hitler nu s-a sinucis \u00een 1945!","datePublished":"2009-09-18T07:00:04+00:00","dateModified":"2009-09-18T07:07:16+00:00","mainEntityOfPage":{"@id":"https:\/\/www.lovendal.ro\/wp52\/history-channel-a-descoperit-ca-hitler-nu-s-a-sinucis-in-1945\/"},"wordCount":415,"commentCount":4,"publisher":{"@id":"https:\/\/www.lovendal.ro\/wp52\/#organization"},"image":{"@id":"https:\/\/www.lovendal.ro\/wp52\/history-channel-a-descoperit-ca-hitler-nu-s-a-sinucis-in-1945\/#primaryimage"},"thumbnailUrl":"https:\/\/www.lovendal.ro\/wp52\/wp-content\/uploads\/2009\/09\/Hitler-mort.jpg","keywords":["ADN","cel de-al 2-lea r\u0103zboi mondial","History Channel","Hitler","Istorie si Civilizatii","sinucidere"],"articleSection":["Istorie si Civilizatii"],"inLanguage":"ro-RO","potentialAction":[{"@type":"CommentAction","name":"Comment","target":["https:\/\/www.lovendal.ro\/wp52\/history-channel-a-descoperit-ca-hitler-nu-s-a-sinucis-in-1945\/#respond"]}]},{"@type":"WebPage","@id":"https:\/\/www.lovendal.ro\/wp52\/history-channel-a-descoperit-ca-hitler-nu-s-a-sinucis-in-1945\/","url":"https:\/\/www.lovendal.ro\/wp52\/history-channel-a-descoperit-ca-hitler-nu-s-a-sinucis-in-1945\/","name":"\"History Channel\" a descoperit c\u0103 Hitler nu s-a sinucis \u00een 1945! - Secretele lui Lovendal","isPartOf":{"@id":"https:\/\/www.lovendal.ro\/wp52\/#website"},"primaryImageOfPage":{"@id":"https:\/\/www.lovendal.ro\/wp52\/history-channel-a-descoperit-ca-hitler-nu-s-a-sinucis-in-1945\/#primaryimage"},"image":{"@id":"https:\/\/www.lovendal.ro\/wp52\/history-channel-a-descoperit-ca-hitler-nu-s-a-sinucis-in-1945\/#primaryimage"},"thumbnailUrl":"https:\/\/www.lovendal.ro\/wp52\/wp-content\/uploads\/2009\/09\/Hitler-mort.jpg","datePublished":"2009-09-18T07:00:04+00:00","dateModified":"2009-09-18T07:07:16+00:00","breadcrumb":{"@id":"https:\/\/www.lovendal.ro\/wp52\/history-channel-a-descoperit-ca-hitler-nu-s-a-sinucis-in-1945\/#breadcrumb"},"inLanguage":"ro-RO","potentialAction":[{"@type":"ReadAction","target":["https:\/\/www.lovendal.ro\/wp52\/history-channel-a-descoperit-ca-hitler-nu-s-a-sinucis-in-1945\/"]}]},{"@type":"ImageObject","inLanguage":"ro-RO","@id":"https:\/\/www.lovendal.ro\/wp52\/history-channel-a-descoperit-ca-hitler-nu-s-a-sinucis-in-1945\/#primaryimage","url":"https:\/\/www.lovendal.ro\/wp52\/wp-content\/uploads\/2009\/09\/Hitler-mort.jpg","contentUrl":"https:\/\/www.lovendal.ro\/wp52\/wp-content\/uploads\/2009\/09\/Hitler-mort.jpg","width":"284","height":"279"},{"@type":"BreadcrumbList","@id":"https:\/\/www.lovendal.ro\/wp52\/history-channel-a-descoperit-ca-hitler-nu-s-a-sinucis-in-1945\/#breadcrumb","itemListElement":[{"@type":"ListItem","position":1,"name":"Home","item":"https:\/\/www.lovendal.ro\/wp52\/"},{"@type":"ListItem","position":2,"name":"&#8222;History Channel&#8221; a descoperit c\u0103 Hitler nu s-a sinucis \u00een 1945!"}]},{"@type":"WebSite","@id":"https:\/\/www.lovendal.ro\/wp52\/#website","url":"https:\/\/www.lovendal.ro\/wp52\/","name":"Secretele lui Lovendal","description":"Site de secrete, stiinta si metafizica - din 2008 -","publisher":{"@id":"https:\/\/www.lovendal.ro\/wp52\/#organization"},"potentialAction":[{"@type":"SearchAction","target":{"@type":"EntryPoint","urlTemplate":"https:\/\/www.lovendal.ro\/wp52\/?s={search_term_string}"},"query-input":{"@type":"PropertyValueSpecification","valueRequired":true,"valueName":"search_term_string"}}],"inLanguage":"ro-RO"},{"@type":"Organization","@id":"https:\/\/www.lovendal.ro\/wp52\/#organization","name":"Secretele lui Lovendal","url":"https:\/\/www.lovendal.ro\/wp52\/","logo":{"@type":"ImageObject","inLanguage":"ro-RO","@id":"https:\/\/www.lovendal.ro\/wp52\/#\/schema\/logo\/image\/","url":"https:\/\/www.lovendal.ro\/wp52\/wp-content\/uploads\/2024\/06\/cropped-SLL-iun-2024-1.jpg","contentUrl":"https:\/\/www.lovendal.ro\/wp52\/wp-content\/uploads\/2024\/06\/cropped-SLL-iun-2024-1.jpg","width":771,"height":240,"caption":"Secretele lui Lovendal"},"image":{"@id":"https:\/\/www.lovendal.ro\/wp52\/#\/schema\/logo\/image\/"},"sameAs":["https:\/\/www.facebook.com\/secreteleluilovendal"]},{"@type":"Person","@id":"https:\/\/www.lovendal.ro\/wp52\/#\/schema\/person\/088691de5dfc346bb0c023e1e52ef5d9","name":"admin","image":{"@type":"ImageObject","inLanguage":"ro-RO","@id":"https:\/\/secure.gravatar.com\/avatar\/ecb9cd41f5f63c9c9b989999a59f6e2639a865ec361e9db054db0679a8f341c2?s=96&d=mm&r=g","url":"https:\/\/secure.gravatar.com\/avatar\/ecb9cd41f5f63c9c9b989999a59f6e2639a865ec361e9db054db0679a8f341c2?s=96&d=mm&r=g","contentUrl":"https:\/\/secure.gravatar.com\/avatar\/ecb9cd41f5f63c9c9b989999a59f6e2639a865ec361e9db054db0679a8f341c2?s=96&d=mm&r=g","caption":"admin"},"sameAs":["https:\/\/www.lovendal.ro\/wp52"]}]}},"_links":{"self":[{"href":"https:\/\/www.lovendal.ro\/wp52\/wp-json\/wp\/v2\/posts\/7693","targetHints":{"allow":["GET"]}}],"collection":[{"href":"https:\/\/www.lovendal.ro\/wp52\/wp-json\/wp\/v2\/posts"}],"about":[{"href":"https:\/\/www.lovendal.ro\/wp52\/wp-json\/wp\/v2\/types\/post"}],"author":[{"embeddable":true,"href":"https:\/\/www.lovendal.ro\/wp52\/wp-json\/wp\/v2\/users\/1"}],"replies":[{"embeddable":true,"href":"https:\/\/www.lovendal.ro\/wp52\/wp-json\/wp\/v2\/comments?post=7693"}],"version-history":[{"count":0,"href":"https:\/\/www.lovendal.ro\/wp52\/wp-json\/wp\/v2\/posts\/7693\/revisions"}],"wp:featuredmedia":[{"embeddable":true,"href":"https:\/\/www.lovendal.ro\/wp52\/wp-json\/wp\/v2\/media\/7694"}],"wp:attachment":[{"href":"https:\/\/www.lovendal.ro\/wp52\/wp-json\/wp\/v2\/media?parent=7693"}],"wp:term":[{"taxonomy":"category","embeddable":true,"href":"https:\/\/www.lovendal.ro\/wp52\/wp-json\/wp\/v2\/categories?post=7693"},{"taxonomy":"post_tag","embeddable":true,"href":"https:\/\/www.lovendal.ro\/wp52\/wp-json\/wp\/v2\/tags?post=7693"}],"curies":[{"name":"wp","href":"https:\/\/api.w.org\/{rel}","templated":true}]}}