{"id":7650,"date":"2009-09-16T07:27:32","date_gmt":"2009-09-16T04:27:32","guid":{"rendered":"http:\/\/www.lovendal.net\/wp52\/?p=7650"},"modified":"2009-09-16T07:27:32","modified_gmt":"2009-09-16T04:27:32","slug":"nu-va-urcati-in-trenuri-caci-se-vor-face-tandari","status":"publish","type":"post","link":"https:\/\/www.lovendal.ro\/wp52\/nu-va-urcati-in-trenuri-caci-se-vor-face-tandari\/","title":{"rendered":"Nu v\u0103 urca\u0163i \u00een trenuri, c\u0103ci se vor face \u0163\u0103nd\u0103ri!"},"content":{"rendered":"<p><a href=\"https:\/\/www.lovendal.ro\/wp52\/wp-content\/uploads\/2009\/09\/tren-vechi.jpg\"><img loading=\"lazy\" decoding=\"async\" class=\"alignleft size-full wp-image-7651\" title=\"tren vechi\" src=\"https:\/\/www.lovendal.ro\/wp52\/wp-content\/uploads\/2009\/09\/tren-vechi.jpg\" alt=\"tren vechi\" width=\"306\" height=\"179\" srcset=\"https:\/\/www.lovendal.ro\/wp52\/wp-content\/uploads\/2009\/09\/tren-vechi.jpg 345w, https:\/\/www.lovendal.ro\/wp52\/wp-content\/uploads\/2009\/09\/tren-vechi-300x176.jpg 300w, https:\/\/www.lovendal.ro\/wp52\/wp-content\/uploads\/2009\/09\/tren-vechi-20x12.jpg 20w\" sizes=\"auto, (max-width: 306px) 100vw, 306px\" \/><\/a>C\u00e2nd s-a introdus \u00eent\u00e2ia cale ferat\u0103 \u00een Fran\u0163a, Thiers, marele om de stat, n-avea nici o \u00eencredere \u00een viitorul ei. Alfred de Vigny recomanda ori\u015ficui s\u0103 se fereasc\u0103 de drumul de fier. Savan\u0163ii sus\u0163ineau c\u0103 temperatura din trenuri va fi funest\u0103 voiajorilor corpolen\u0163i \u015fi celor care transpir\u0103. Hangii de pe \u015fosele \u015fi antrepreprenorii, c\u0103ru\u0163ele lor po\u015ftale \u00eencercau s\u0103 asmu\u0163\u0103 mul\u0163imea \u00eempotriva trenurilor.<\/p>\n<p>Dar c\u00e2nd s-a inaugurat, la 26 august 1837, linia de cale ferat\u0103 Paris &#8211; St. Germain un ziarist a scris:<em> \u201eMuzica gardei na\u0163ionale a c\u00e2ntat \u00een timpul drumului, s-au \u0163inut discursuri, nici un c\u0103l\u0103tor n-a c\u0103p\u0103tat guturai \u00een tuneluri, locomotiva nu s-a f\u0103cut \u0163\u0103nd\u0103ri \u015fi vagoanele n-au deraiat. Se pare c\u0103 o c\u0103l\u0103torie cu trenul nu e numaidec\u00e2t mortal\u0103&#8221;.<\/em><\/p>\n","protected":false},"excerpt":{"rendered":"<p>C\u00e2nd s-a introdus \u00eent\u00e2ia cale ferat\u0103 \u00een Fran\u0163a, Thiers, marele om de stat, n-avea nici o \u00eencredere \u00een viitorul ei. Alfred de Vigny recomanda ori\u015ficui s\u0103 se fereasc\u0103 de drumul de fier. Savan\u0163ii sus\u0163ineau c\u0103 temperatura din trenuri va fi &#8230; <\/p>\n<p class=\"read-more-container\"><a title=\"Nu v\u0103 urca\u0163i \u00een trenuri, c\u0103ci se vor face \u0163\u0103nd\u0103ri!\" class=\"read-more button\" href=\"https:\/\/www.lovendal.ro\/wp52\/nu-va-urcati-in-trenuri-caci-se-vor-face-tandari\/#more-7650\" aria-label=\"Cite\u0219te mai multe despre Nu v\u0103 urca\u0163i \u00een trenuri, c\u0103ci se vor face \u0163\u0103nd\u0103ri!\">Cititi mai multe<\/a><\/p>\n","protected":false},"author":1,"featured_media":7651,"comment_status":"open","ping_status":"closed","sticky":false,"template":"","format":"standard","meta":{"footnotes":""},"categories":[9],"tags":[2175,202,1532,2078],"class_list":["post-7650","post","type-post","status-publish","format-standard","has-post-thumbnail","hentry","category-istorie","tag-cale-ferata","tag-franta","tag-istorie-si-civilizatii","tag-tren","resize-featured-image"],"yoast_head":"<!-- This site is optimized with the Yoast SEO Premium plugin v23.3 (Yoast SEO v27.4) - https:\/\/yoast.com\/product\/yoast-seo-premium-wordpress\/ -->\n<title>Nu v\u0103 urca\u0163i \u00een trenuri, c\u0103ci se vor face \u0163\u0103nd\u0103ri! - Secretele lui Lovendal<\/title>\n<meta name=\"robots\" content=\"index, follow, max-snippet:-1, max-image-preview:large, max-video-preview:-1\" \/>\n<link rel=\"canonical\" href=\"https:\/\/www.lovendal.ro\/wp52\/nu-va-urcati-in-trenuri-caci-se-vor-face-tandari\/\" \/>\n<meta property=\"og:locale\" content=\"ro_RO\" \/>\n<meta property=\"og:type\" content=\"article\" \/>\n<meta property=\"og:title\" content=\"Nu v\u0103 urca\u0163i \u00een trenuri, c\u0103ci se vor face \u0163\u0103nd\u0103ri!\" \/>\n<meta property=\"og:description\" content=\"C\u00e2nd s-a introdus \u00eent\u00e2ia cale ferat\u0103 \u00een Fran\u0163a, Thiers, marele om de stat, n-avea nici o \u00eencredere \u00een viitorul ei. Alfred de Vigny recomanda ori\u015ficui s\u0103 se fereasc\u0103 de drumul de fier. Savan\u0163ii sus\u0163ineau c\u0103 temperatura din trenuri va fi ... Cititi mai multe\" \/>\n<meta property=\"og:url\" content=\"https:\/\/www.lovendal.ro\/wp52\/nu-va-urcati-in-trenuri-caci-se-vor-face-tandari\/\" \/>\n<meta property=\"og:site_name\" content=\"Secretele lui Lovendal\" \/>\n<meta property=\"article:publisher\" content=\"https:\/\/www.facebook.com\/secreteleluilovendal\" \/>\n<meta property=\"article:published_time\" content=\"2009-09-16T04:27:32+00:00\" \/>\n<meta property=\"og:image\" content=\"https:\/\/www.lovendal.ro\/wp52\/wp-content\/uploads\/2009\/09\/tren-vechi.jpg\" \/>\n\t<meta property=\"og:image:width\" content=\"345\" \/>\n\t<meta property=\"og:image:height\" content=\"202\" \/>\n\t<meta property=\"og:image:type\" content=\"image\/jpeg\" \/>\n<meta name=\"author\" content=\"admin\" \/>\n<meta name=\"twitter:card\" content=\"summary_large_image\" \/>\n<meta name=\"twitter:label1\" content=\"Scris de\" \/>\n\t<meta name=\"twitter:data1\" content=\"admin\" \/>\n\t<meta name=\"twitter:label2\" content=\"Timp estimat pentru citire\" \/>\n\t<meta name=\"twitter:data2\" content=\"1 minut\" \/>\n<script type=\"application\/ld+json\" class=\"yoast-schema-graph\">{\"@context\":\"https:\\\/\\\/schema.org\",\"@graph\":[{\"@type\":\"Article\",\"@id\":\"https:\\\/\\\/www.lovendal.ro\\\/wp52\\\/nu-va-urcati-in-trenuri-caci-se-vor-face-tandari\\\/#article\",\"isPartOf\":{\"@id\":\"https:\\\/\\\/www.lovendal.ro\\\/wp52\\\/nu-va-urcati-in-trenuri-caci-se-vor-face-tandari\\\/\"},\"author\":{\"name\":\"admin\",\"@id\":\"https:\\\/\\\/www.lovendal.ro\\\/wp52\\\/#\\\/schema\\\/person\\\/088691de5dfc346bb0c023e1e52ef5d9\"},\"headline\":\"Nu v\u0103 urca\u0163i \u00een trenuri, c\u0103ci se vor face \u0163\u0103nd\u0103ri!\",\"datePublished\":\"2009-09-16T04:27:32+00:00\",\"mainEntityOfPage\":{\"@id\":\"https:\\\/\\\/www.lovendal.ro\\\/wp52\\\/nu-va-urcati-in-trenuri-caci-se-vor-face-tandari\\\/\"},\"wordCount\":155,\"commentCount\":0,\"publisher\":{\"@id\":\"https:\\\/\\\/www.lovendal.ro\\\/wp52\\\/#organization\"},\"image\":{\"@id\":\"https:\\\/\\\/www.lovendal.ro\\\/wp52\\\/nu-va-urcati-in-trenuri-caci-se-vor-face-tandari\\\/#primaryimage\"},\"thumbnailUrl\":\"https:\\\/\\\/www.lovendal.ro\\\/wp52\\\/wp-content\\\/uploads\\\/2009\\\/09\\\/tren-vechi.jpg\",\"keywords\":[\"cale ferat\u0103\",\"Fran\u0163a\",\"Istorie si Civilizatii\",\"tren\"],\"articleSection\":[\"Istorie si Civilizatii\"],\"inLanguage\":\"ro-RO\",\"potentialAction\":[{\"@type\":\"CommentAction\",\"name\":\"Comment\",\"target\":[\"https:\\\/\\\/www.lovendal.ro\\\/wp52\\\/nu-va-urcati-in-trenuri-caci-se-vor-face-tandari\\\/#respond\"]}]},{\"@type\":\"WebPage\",\"@id\":\"https:\\\/\\\/www.lovendal.ro\\\/wp52\\\/nu-va-urcati-in-trenuri-caci-se-vor-face-tandari\\\/\",\"url\":\"https:\\\/\\\/www.lovendal.ro\\\/wp52\\\/nu-va-urcati-in-trenuri-caci-se-vor-face-tandari\\\/\",\"name\":\"Nu v\u0103 urca\u0163i \u00een trenuri, c\u0103ci se vor face \u0163\u0103nd\u0103ri! - Secretele lui Lovendal\",\"isPartOf\":{\"@id\":\"https:\\\/\\\/www.lovendal.ro\\\/wp52\\\/#website\"},\"primaryImageOfPage\":{\"@id\":\"https:\\\/\\\/www.lovendal.ro\\\/wp52\\\/nu-va-urcati-in-trenuri-caci-se-vor-face-tandari\\\/#primaryimage\"},\"image\":{\"@id\":\"https:\\\/\\\/www.lovendal.ro\\\/wp52\\\/nu-va-urcati-in-trenuri-caci-se-vor-face-tandari\\\/#primaryimage\"},\"thumbnailUrl\":\"https:\\\/\\\/www.lovendal.ro\\\/wp52\\\/wp-content\\\/uploads\\\/2009\\\/09\\\/tren-vechi.jpg\",\"datePublished\":\"2009-09-16T04:27:32+00:00\",\"breadcrumb\":{\"@id\":\"https:\\\/\\\/www.lovendal.ro\\\/wp52\\\/nu-va-urcati-in-trenuri-caci-se-vor-face-tandari\\\/#breadcrumb\"},\"inLanguage\":\"ro-RO\",\"potentialAction\":[{\"@type\":\"ReadAction\",\"target\":[\"https:\\\/\\\/www.lovendal.ro\\\/wp52\\\/nu-va-urcati-in-trenuri-caci-se-vor-face-tandari\\\/\"]}]},{\"@type\":\"ImageObject\",\"inLanguage\":\"ro-RO\",\"@id\":\"https:\\\/\\\/www.lovendal.ro\\\/wp52\\\/nu-va-urcati-in-trenuri-caci-se-vor-face-tandari\\\/#primaryimage\",\"url\":\"https:\\\/\\\/www.lovendal.ro\\\/wp52\\\/wp-content\\\/uploads\\\/2009\\\/09\\\/tren-vechi.jpg\",\"contentUrl\":\"https:\\\/\\\/www.lovendal.ro\\\/wp52\\\/wp-content\\\/uploads\\\/2009\\\/09\\\/tren-vechi.jpg\",\"width\":345,\"height\":202},{\"@type\":\"BreadcrumbList\",\"@id\":\"https:\\\/\\\/www.lovendal.ro\\\/wp52\\\/nu-va-urcati-in-trenuri-caci-se-vor-face-tandari\\\/#breadcrumb\",\"itemListElement\":[{\"@type\":\"ListItem\",\"position\":1,\"name\":\"Home\",\"item\":\"https:\\\/\\\/www.lovendal.ro\\\/wp52\\\/\"},{\"@type\":\"ListItem\",\"position\":2,\"name\":\"Nu v\u0103 urca\u0163i \u00een trenuri, c\u0103ci se vor face \u0163\u0103nd\u0103ri!\"}]},{\"@type\":\"WebSite\",\"@id\":\"https:\\\/\\\/www.lovendal.ro\\\/wp52\\\/#website\",\"url\":\"https:\\\/\\\/www.lovendal.ro\\\/wp52\\\/\",\"name\":\"Secretele lui Lovendal\",\"description\":\"Site de secrete, stiinta si metafizica - din 2008 -\",\"publisher\":{\"@id\":\"https:\\\/\\\/www.lovendal.ro\\\/wp52\\\/#organization\"},\"potentialAction\":[{\"@type\":\"SearchAction\",\"target\":{\"@type\":\"EntryPoint\",\"urlTemplate\":\"https:\\\/\\\/www.lovendal.ro\\\/wp52\\\/?s={search_term_string}\"},\"query-input\":{\"@type\":\"PropertyValueSpecification\",\"valueRequired\":true,\"valueName\":\"search_term_string\"}}],\"inLanguage\":\"ro-RO\"},{\"@type\":\"Organization\",\"@id\":\"https:\\\/\\\/www.lovendal.ro\\\/wp52\\\/#organization\",\"name\":\"Secretele lui Lovendal\",\"url\":\"https:\\\/\\\/www.lovendal.ro\\\/wp52\\\/\",\"logo\":{\"@type\":\"ImageObject\",\"inLanguage\":\"ro-RO\",\"@id\":\"https:\\\/\\\/www.lovendal.ro\\\/wp52\\\/#\\\/schema\\\/logo\\\/image\\\/\",\"url\":\"https:\\\/\\\/www.lovendal.ro\\\/wp52\\\/wp-content\\\/uploads\\\/2024\\\/06\\\/cropped-SLL-iun-2024-1.jpg\",\"contentUrl\":\"https:\\\/\\\/www.lovendal.ro\\\/wp52\\\/wp-content\\\/uploads\\\/2024\\\/06\\\/cropped-SLL-iun-2024-1.jpg\",\"width\":771,\"height\":240,\"caption\":\"Secretele lui Lovendal\"},\"image\":{\"@id\":\"https:\\\/\\\/www.lovendal.ro\\\/wp52\\\/#\\\/schema\\\/logo\\\/image\\\/\"},\"sameAs\":[\"https:\\\/\\\/www.facebook.com\\\/secreteleluilovendal\"]},{\"@type\":\"Person\",\"@id\":\"https:\\\/\\\/www.lovendal.ro\\\/wp52\\\/#\\\/schema\\\/person\\\/088691de5dfc346bb0c023e1e52ef5d9\",\"name\":\"admin\",\"image\":{\"@type\":\"ImageObject\",\"inLanguage\":\"ro-RO\",\"@id\":\"https:\\\/\\\/secure.gravatar.com\\\/avatar\\\/ecb9cd41f5f63c9c9b989999a59f6e2639a865ec361e9db054db0679a8f341c2?s=96&d=mm&r=g\",\"url\":\"https:\\\/\\\/secure.gravatar.com\\\/avatar\\\/ecb9cd41f5f63c9c9b989999a59f6e2639a865ec361e9db054db0679a8f341c2?s=96&d=mm&r=g\",\"contentUrl\":\"https:\\\/\\\/secure.gravatar.com\\\/avatar\\\/ecb9cd41f5f63c9c9b989999a59f6e2639a865ec361e9db054db0679a8f341c2?s=96&d=mm&r=g\",\"caption\":\"admin\"},\"sameAs\":[\"https:\\\/\\\/www.lovendal.ro\\\/wp52\"]}]}<\/script>\n<!-- \/ Yoast SEO Premium plugin. -->","yoast_head_json":{"title":"Nu v\u0103 urca\u0163i \u00een trenuri, c\u0103ci se vor face \u0163\u0103nd\u0103ri! - Secretele lui Lovendal","robots":{"index":"index","follow":"follow","max-snippet":"max-snippet:-1","max-image-preview":"max-image-preview:large","max-video-preview":"max-video-preview:-1"},"canonical":"https:\/\/www.lovendal.ro\/wp52\/nu-va-urcati-in-trenuri-caci-se-vor-face-tandari\/","og_locale":"ro_RO","og_type":"article","og_title":"Nu v\u0103 urca\u0163i \u00een trenuri, c\u0103ci se vor face \u0163\u0103nd\u0103ri!","og_description":"C\u00e2nd s-a introdus \u00eent\u00e2ia cale ferat\u0103 \u00een Fran\u0163a, Thiers, marele om de stat, n-avea nici o \u00eencredere \u00een viitorul ei. Alfred de Vigny recomanda ori\u015ficui s\u0103 se fereasc\u0103 de drumul de fier. Savan\u0163ii sus\u0163ineau c\u0103 temperatura din trenuri va fi ... Cititi mai multe","og_url":"https:\/\/www.lovendal.ro\/wp52\/nu-va-urcati-in-trenuri-caci-se-vor-face-tandari\/","og_site_name":"Secretele lui Lovendal","article_publisher":"https:\/\/www.facebook.com\/secreteleluilovendal","article_published_time":"2009-09-16T04:27:32+00:00","og_image":[{"width":345,"height":202,"url":"https:\/\/www.lovendal.ro\/wp52\/wp-content\/uploads\/2009\/09\/tren-vechi.jpg","type":"image\/jpeg"}],"author":"admin","twitter_card":"summary_large_image","twitter_misc":{"Scris de":"admin","Timp estimat pentru citire":"1 minut"},"schema":{"@context":"https:\/\/schema.org","@graph":[{"@type":"Article","@id":"https:\/\/www.lovendal.ro\/wp52\/nu-va-urcati-in-trenuri-caci-se-vor-face-tandari\/#article","isPartOf":{"@id":"https:\/\/www.lovendal.ro\/wp52\/nu-va-urcati-in-trenuri-caci-se-vor-face-tandari\/"},"author":{"name":"admin","@id":"https:\/\/www.lovendal.ro\/wp52\/#\/schema\/person\/088691de5dfc346bb0c023e1e52ef5d9"},"headline":"Nu v\u0103 urca\u0163i \u00een trenuri, c\u0103ci se vor face \u0163\u0103nd\u0103ri!","datePublished":"2009-09-16T04:27:32+00:00","mainEntityOfPage":{"@id":"https:\/\/www.lovendal.ro\/wp52\/nu-va-urcati-in-trenuri-caci-se-vor-face-tandari\/"},"wordCount":155,"commentCount":0,"publisher":{"@id":"https:\/\/www.lovendal.ro\/wp52\/#organization"},"image":{"@id":"https:\/\/www.lovendal.ro\/wp52\/nu-va-urcati-in-trenuri-caci-se-vor-face-tandari\/#primaryimage"},"thumbnailUrl":"https:\/\/www.lovendal.ro\/wp52\/wp-content\/uploads\/2009\/09\/tren-vechi.jpg","keywords":["cale ferat\u0103","Fran\u0163a","Istorie si Civilizatii","tren"],"articleSection":["Istorie si Civilizatii"],"inLanguage":"ro-RO","potentialAction":[{"@type":"CommentAction","name":"Comment","target":["https:\/\/www.lovendal.ro\/wp52\/nu-va-urcati-in-trenuri-caci-se-vor-face-tandari\/#respond"]}]},{"@type":"WebPage","@id":"https:\/\/www.lovendal.ro\/wp52\/nu-va-urcati-in-trenuri-caci-se-vor-face-tandari\/","url":"https:\/\/www.lovendal.ro\/wp52\/nu-va-urcati-in-trenuri-caci-se-vor-face-tandari\/","name":"Nu v\u0103 urca\u0163i \u00een trenuri, c\u0103ci se vor face \u0163\u0103nd\u0103ri! - Secretele lui Lovendal","isPartOf":{"@id":"https:\/\/www.lovendal.ro\/wp52\/#website"},"primaryImageOfPage":{"@id":"https:\/\/www.lovendal.ro\/wp52\/nu-va-urcati-in-trenuri-caci-se-vor-face-tandari\/#primaryimage"},"image":{"@id":"https:\/\/www.lovendal.ro\/wp52\/nu-va-urcati-in-trenuri-caci-se-vor-face-tandari\/#primaryimage"},"thumbnailUrl":"https:\/\/www.lovendal.ro\/wp52\/wp-content\/uploads\/2009\/09\/tren-vechi.jpg","datePublished":"2009-09-16T04:27:32+00:00","breadcrumb":{"@id":"https:\/\/www.lovendal.ro\/wp52\/nu-va-urcati-in-trenuri-caci-se-vor-face-tandari\/#breadcrumb"},"inLanguage":"ro-RO","potentialAction":[{"@type":"ReadAction","target":["https:\/\/www.lovendal.ro\/wp52\/nu-va-urcati-in-trenuri-caci-se-vor-face-tandari\/"]}]},{"@type":"ImageObject","inLanguage":"ro-RO","@id":"https:\/\/www.lovendal.ro\/wp52\/nu-va-urcati-in-trenuri-caci-se-vor-face-tandari\/#primaryimage","url":"https:\/\/www.lovendal.ro\/wp52\/wp-content\/uploads\/2009\/09\/tren-vechi.jpg","contentUrl":"https:\/\/www.lovendal.ro\/wp52\/wp-content\/uploads\/2009\/09\/tren-vechi.jpg","width":345,"height":202},{"@type":"BreadcrumbList","@id":"https:\/\/www.lovendal.ro\/wp52\/nu-va-urcati-in-trenuri-caci-se-vor-face-tandari\/#breadcrumb","itemListElement":[{"@type":"ListItem","position":1,"name":"Home","item":"https:\/\/www.lovendal.ro\/wp52\/"},{"@type":"ListItem","position":2,"name":"Nu v\u0103 urca\u0163i \u00een trenuri, c\u0103ci se vor face \u0163\u0103nd\u0103ri!"}]},{"@type":"WebSite","@id":"https:\/\/www.lovendal.ro\/wp52\/#website","url":"https:\/\/www.lovendal.ro\/wp52\/","name":"Secretele lui Lovendal","description":"Site de secrete, stiinta si metafizica - din 2008 -","publisher":{"@id":"https:\/\/www.lovendal.ro\/wp52\/#organization"},"potentialAction":[{"@type":"SearchAction","target":{"@type":"EntryPoint","urlTemplate":"https:\/\/www.lovendal.ro\/wp52\/?s={search_term_string}"},"query-input":{"@type":"PropertyValueSpecification","valueRequired":true,"valueName":"search_term_string"}}],"inLanguage":"ro-RO"},{"@type":"Organization","@id":"https:\/\/www.lovendal.ro\/wp52\/#organization","name":"Secretele lui Lovendal","url":"https:\/\/www.lovendal.ro\/wp52\/","logo":{"@type":"ImageObject","inLanguage":"ro-RO","@id":"https:\/\/www.lovendal.ro\/wp52\/#\/schema\/logo\/image\/","url":"https:\/\/www.lovendal.ro\/wp52\/wp-content\/uploads\/2024\/06\/cropped-SLL-iun-2024-1.jpg","contentUrl":"https:\/\/www.lovendal.ro\/wp52\/wp-content\/uploads\/2024\/06\/cropped-SLL-iun-2024-1.jpg","width":771,"height":240,"caption":"Secretele lui Lovendal"},"image":{"@id":"https:\/\/www.lovendal.ro\/wp52\/#\/schema\/logo\/image\/"},"sameAs":["https:\/\/www.facebook.com\/secreteleluilovendal"]},{"@type":"Person","@id":"https:\/\/www.lovendal.ro\/wp52\/#\/schema\/person\/088691de5dfc346bb0c023e1e52ef5d9","name":"admin","image":{"@type":"ImageObject","inLanguage":"ro-RO","@id":"https:\/\/secure.gravatar.com\/avatar\/ecb9cd41f5f63c9c9b989999a59f6e2639a865ec361e9db054db0679a8f341c2?s=96&d=mm&r=g","url":"https:\/\/secure.gravatar.com\/avatar\/ecb9cd41f5f63c9c9b989999a59f6e2639a865ec361e9db054db0679a8f341c2?s=96&d=mm&r=g","contentUrl":"https:\/\/secure.gravatar.com\/avatar\/ecb9cd41f5f63c9c9b989999a59f6e2639a865ec361e9db054db0679a8f341c2?s=96&d=mm&r=g","caption":"admin"},"sameAs":["https:\/\/www.lovendal.ro\/wp52"]}]}},"_links":{"self":[{"href":"https:\/\/www.lovendal.ro\/wp52\/wp-json\/wp\/v2\/posts\/7650","targetHints":{"allow":["GET"]}}],"collection":[{"href":"https:\/\/www.lovendal.ro\/wp52\/wp-json\/wp\/v2\/posts"}],"about":[{"href":"https:\/\/www.lovendal.ro\/wp52\/wp-json\/wp\/v2\/types\/post"}],"author":[{"embeddable":true,"href":"https:\/\/www.lovendal.ro\/wp52\/wp-json\/wp\/v2\/users\/1"}],"replies":[{"embeddable":true,"href":"https:\/\/www.lovendal.ro\/wp52\/wp-json\/wp\/v2\/comments?post=7650"}],"version-history":[{"count":0,"href":"https:\/\/www.lovendal.ro\/wp52\/wp-json\/wp\/v2\/posts\/7650\/revisions"}],"wp:featuredmedia":[{"embeddable":true,"href":"https:\/\/www.lovendal.ro\/wp52\/wp-json\/wp\/v2\/media\/7651"}],"wp:attachment":[{"href":"https:\/\/www.lovendal.ro\/wp52\/wp-json\/wp\/v2\/media?parent=7650"}],"wp:term":[{"taxonomy":"category","embeddable":true,"href":"https:\/\/www.lovendal.ro\/wp52\/wp-json\/wp\/v2\/categories?post=7650"},{"taxonomy":"post_tag","embeddable":true,"href":"https:\/\/www.lovendal.ro\/wp52\/wp-json\/wp\/v2\/tags?post=7650"}],"curies":[{"name":"wp","href":"https:\/\/api.w.org\/{rel}","templated":true}]}}