{"id":75811,"date":"2021-08-06T18:20:44","date_gmt":"2021-08-06T15:20:44","guid":{"rendered":"https:\/\/www.lovendal.ro\/wp52\/?p=75811"},"modified":"2021-08-06T18:20:44","modified_gmt":"2021-08-06T15:20:44","slug":"vlad-dracul-carol-al-ii-lea-ceausescu-si-alte-personalitati-toti-au-fost-atrasi-de-lacul-scrovistea-de-langa-bucuresti-de-ce","status":"publish","type":"post","link":"https:\/\/www.lovendal.ro\/wp52\/vlad-dracul-carol-al-ii-lea-ceausescu-si-alte-personalitati-toti-au-fost-atrasi-de-lacul-scrovistea-de-langa-bucuresti-de-ce\/","title":{"rendered":"Vlad Dracul, Carol al II-lea, Ceau\u015fescu \u015fi alte personalit\u0103\u0163i &#8211; to\u0163i au fost atra\u015fi de Lacul Scrovi\u015ftea de l\u00e2ng\u0103 Bucure\u015fti! De ce?"},"content":{"rendered":"<p><a href=\"https:\/\/www.lovendal.ro\/wp52\/wp-content\/uploads\/2021\/08\/Lacul-Scrovistea.jpg\"><img loading=\"lazy\" decoding=\"async\" class=\"alignleft size-full wp-image-75815\" src=\"https:\/\/www.lovendal.ro\/wp52\/wp-content\/uploads\/2021\/08\/Lacul-Scrovistea.jpg\" alt=\"\" width=\"365\" height=\"206\" srcset=\"https:\/\/www.lovendal.ro\/wp52\/wp-content\/uploads\/2021\/08\/Lacul-Scrovistea.jpg 365w, https:\/\/www.lovendal.ro\/wp52\/wp-content\/uploads\/2021\/08\/Lacul-Scrovistea-300x169.jpg 300w\" sizes=\"auto, (max-width: 365px) 100vw, 365px\" \/><\/a>Lacul Scrovi\u015ftea este un loc misterios, destul de aproape de Bucure\u015fti. La \u00eenceput, era o balt\u0103 mai mult sau mai pu\u0163in insalubr\u0103, pe malul c\u0103reia se afla palatul lui Vlad Dracul, care \u00een anul 1447 a fost ucis de Iancu de Hunedoara.<\/p>\n<p>Regele Carol al II-lea a d\u0103r\u00e2mat vechiul palat \u015fi \u015fi-a construit pe acela\u015fi amplasament unul corespunz\u0103tor vremurilor lui. Schimb\u00e2ndu-se vremurile politice, palatul regelui Carol a fost \u015fi el d\u0103r\u00e2mat, pe locul lui constituindu-se &#8222;Vila Albastr\u0103&#8221;, aici poposind personalit\u0103\u0163i ale lumii, printre care liderul sovietic Nikita Hrusciov (1962).<\/p>\n<p>Tot la Scrovi\u015ftea a avut loc un alt eveniment istoric important &#8211; \u00eent\u00e2lnirea secret\u0103 \u00eentre Nicolae Ceau\u015fescu \u015fi liderul iugoslav, Iosif Tito. Tot aici, a avut loc accidentul de v\u00e2n\u0103toare \u00een care nepotul liderului libian, Gaddafi, s-a \u00eempu\u015fcat mortal, din gre\u015feal\u0103, \u00een timp ce \u00eei \u00eenc\u0103rca arma unchiului s\u0103u, care v\u00e2na al\u0103turi de Ceau\u015fescu.<\/p>\n<p>Scrovi\u015ftea a fost \u015fi un loc de\u00a0 depozitare a unor obiecte de valoare (tablouri, mobile etc.) confiscate abuziv de\u00a0 administra\u0163ia comunist\u0103 de la burghezia mai \u00eenst\u0103rit\u0103 din Bucure\u015fti.\u00a0 \u00cen funda\u0163iile palatului ini\u0163ial al lui Vlad Dracul, care nu au fost distruse \u00een \u00eentregime, s-ar putea g\u0103si depozite semnificative, \u00een leg\u0103tur\u0103 cu ordinul Dragonului \u00een care Vlad Dracul fusese acceptat \u00een 1431.<\/p>\n<p>La Scrovi\u0219tea, temperatura medie anual\u0103 este de 10 grade Celsius. Ar\u0219i\u021ba verilor nu dep\u0103\u0219e\u0219te 23 de grade, iar iernile nu sunt mai aspre de 3 grade sub zero. Pe l\u00e2ng\u0103 clima bl\u00e2nd\u0103, conteaz\u0103 faptul c\u0103 p\u0103durile sunt ca o p\u00e2nz\u0103 protectoare a domeniului prin care trece doar o salb\u0103 de lacuri naturale, peste care omul de r\u00e2nd nu are voie s\u0103 treac\u0103. Aici \u00ee\u0219i au habitatul specii rare de p\u0103s\u0103ri, cum sunt egretele mici \u0219i cormoranii pitici, st\u00e2rcul ro\u0219u \u0219i alte viet\u0103\u021bi, precum \u021bestoasele de balt\u0103.<\/p>\n","protected":false},"excerpt":{"rendered":"<p>Lacul Scrovi\u015ftea este un loc misterios, destul de aproape de Bucure\u015fti. La \u00eenceput, era o balt\u0103 mai mult sau mai pu\u0163in insalubr\u0103, pe malul c\u0103reia se afla palatul lui Vlad Dracul, care \u00een anul 1447 a fost ucis de Iancu &#8230; <\/p>\n<p class=\"read-more-container\"><a title=\"Vlad Dracul, Carol al II-lea, Ceau\u015fescu \u015fi alte personalit\u0103\u0163i &#8211; to\u0163i au fost atra\u015fi de Lacul Scrovi\u015ftea de l\u00e2ng\u0103 Bucure\u015fti! De ce?\" class=\"read-more button\" href=\"https:\/\/www.lovendal.ro\/wp52\/vlad-dracul-carol-al-ii-lea-ceausescu-si-alte-personalitati-toti-au-fost-atrasi-de-lacul-scrovistea-de-langa-bucuresti-de-ce\/#more-75811\" aria-label=\"Cite\u0219te mai multe despre Vlad Dracul, Carol al II-lea, Ceau\u015fescu \u015fi alte personalit\u0103\u0163i &#8211; to\u0163i au fost atra\u015fi de Lacul Scrovi\u015ftea de l\u00e2ng\u0103 Bucure\u015fti! De ce?\">Cititi mai multe<\/a><\/p>\n","protected":false},"author":1,"featured_media":75815,"comment_status":"open","ping_status":"open","sticky":false,"template":"","format":"standard","meta":{"footnotes":""},"categories":[10210],"tags":[827,1253,135,1428,16878,2122,885,13794,975,2398,2149,1710,453,10211,16876,360,2358,16877,58,10029,2339],"class_list":["post-75811","post","type-post","status-publish","format-standard","has-post-thumbnail","hentry","category-romania-misterioasa","tag-bucuresti","tag-carol-al-ii-lea","tag-ceausescu","tag-domnitor","tag-egreta","tag-gaddafi","tag-hrusciov","tag-iancu-de-hunedoara","tag-lac","tag-padure","tag-palat","tag-pasare","tag-rege","tag-romania-misterioasa","tag-scrovistea","tag-tablou","tag-temperatura","tag-toto","tag-vanatoare","tag-vila","tag-vlad-dracul","resize-featured-image"],"yoast_head":"<!-- This site is optimized with the Yoast SEO Premium plugin v23.3 (Yoast SEO v27.4) - https:\/\/yoast.com\/product\/yoast-seo-premium-wordpress\/ -->\n<title>Vlad Dracul, Carol al II-lea, Ceau\u015fescu \u015fi alte personalit\u0103\u0163i - to\u0163i au fost atra\u015fi de Lacul Scrovi\u015ftea de l\u00e2ng\u0103 Bucure\u015fti! De ce? - Secretele lui Lovendal<\/title>\n<meta name=\"robots\" content=\"index, follow, max-snippet:-1, max-image-preview:large, max-video-preview:-1\" \/>\n<link rel=\"canonical\" href=\"https:\/\/www.lovendal.ro\/wp52\/vlad-dracul-carol-al-ii-lea-ceausescu-si-alte-personalitati-toti-au-fost-atrasi-de-lacul-scrovistea-de-langa-bucuresti-de-ce\/\" \/>\n<meta property=\"og:locale\" content=\"ro_RO\" \/>\n<meta property=\"og:type\" content=\"article\" \/>\n<meta property=\"og:title\" content=\"Vlad Dracul, Carol al II-lea, Ceau\u015fescu \u015fi alte personalit\u0103\u0163i - to\u0163i au fost atra\u015fi de Lacul Scrovi\u015ftea de l\u00e2ng\u0103 Bucure\u015fti! De ce?\" \/>\n<meta property=\"og:description\" content=\"Lacul Scrovi\u015ftea este un loc misterios, destul de aproape de Bucure\u015fti. La \u00eenceput, era o balt\u0103 mai mult sau mai pu\u0163in insalubr\u0103, pe malul c\u0103reia se afla palatul lui Vlad Dracul, care \u00een anul 1447 a fost ucis de Iancu ... Cititi mai multe\" \/>\n<meta property=\"og:url\" content=\"https:\/\/www.lovendal.ro\/wp52\/vlad-dracul-carol-al-ii-lea-ceausescu-si-alte-personalitati-toti-au-fost-atrasi-de-lacul-scrovistea-de-langa-bucuresti-de-ce\/\" \/>\n<meta property=\"og:site_name\" content=\"Secretele lui Lovendal\" \/>\n<meta property=\"article:publisher\" content=\"https:\/\/www.facebook.com\/secreteleluilovendal\" \/>\n<meta property=\"article:published_time\" content=\"2021-08-06T15:20:44+00:00\" \/>\n<meta property=\"og:image\" content=\"https:\/\/www.lovendal.ro\/wp52\/wp-content\/uploads\/2021\/08\/Lacul-Scrovistea.jpg\" \/>\n\t<meta property=\"og:image:width\" content=\"365\" \/>\n\t<meta property=\"og:image:height\" content=\"206\" \/>\n\t<meta property=\"og:image:type\" content=\"image\/jpeg\" \/>\n<meta name=\"author\" content=\"admin\" \/>\n<meta name=\"twitter:card\" content=\"summary_large_image\" \/>\n<meta name=\"twitter:label1\" content=\"Scris de\" \/>\n\t<meta name=\"twitter:data1\" content=\"admin\" \/>\n\t<meta name=\"twitter:label2\" content=\"Timp estimat pentru citire\" \/>\n\t<meta name=\"twitter:data2\" content=\"2 minute\" \/>\n<script type=\"application\/ld+json\" class=\"yoast-schema-graph\">{\"@context\":\"https:\\\/\\\/schema.org\",\"@graph\":[{\"@type\":\"Article\",\"@id\":\"https:\\\/\\\/www.lovendal.ro\\\/wp52\\\/vlad-dracul-carol-al-ii-lea-ceausescu-si-alte-personalitati-toti-au-fost-atrasi-de-lacul-scrovistea-de-langa-bucuresti-de-ce\\\/#article\",\"isPartOf\":{\"@id\":\"https:\\\/\\\/www.lovendal.ro\\\/wp52\\\/vlad-dracul-carol-al-ii-lea-ceausescu-si-alte-personalitati-toti-au-fost-atrasi-de-lacul-scrovistea-de-langa-bucuresti-de-ce\\\/\"},\"author\":{\"name\":\"admin\",\"@id\":\"https:\\\/\\\/www.lovendal.ro\\\/wp52\\\/#\\\/schema\\\/person\\\/088691de5dfc346bb0c023e1e52ef5d9\"},\"headline\":\"Vlad Dracul, Carol al II-lea, Ceau\u015fescu \u015fi alte personalit\u0103\u0163i &#8211; to\u0163i au fost atra\u015fi de Lacul Scrovi\u015ftea de l\u00e2ng\u0103 Bucure\u015fti! De ce?\",\"datePublished\":\"2021-08-06T15:20:44+00:00\",\"mainEntityOfPage\":{\"@id\":\"https:\\\/\\\/www.lovendal.ro\\\/wp52\\\/vlad-dracul-carol-al-ii-lea-ceausescu-si-alte-personalitati-toti-au-fost-atrasi-de-lacul-scrovistea-de-langa-bucuresti-de-ce\\\/\"},\"wordCount\":360,\"commentCount\":0,\"publisher\":{\"@id\":\"https:\\\/\\\/www.lovendal.ro\\\/wp52\\\/#organization\"},\"image\":{\"@id\":\"https:\\\/\\\/www.lovendal.ro\\\/wp52\\\/vlad-dracul-carol-al-ii-lea-ceausescu-si-alte-personalitati-toti-au-fost-atrasi-de-lacul-scrovistea-de-langa-bucuresti-de-ce\\\/#primaryimage\"},\"thumbnailUrl\":\"https:\\\/\\\/www.lovendal.ro\\\/wp52\\\/wp-content\\\/uploads\\\/2021\\\/08\\\/Lacul-Scrovistea.jpg\",\"keywords\":[\"Bucure\u015fti\",\"Carol al II-lea\",\"Ceau\u015fescu\",\"domnitor\",\"egret\u0103\",\"Gaddafi\",\"Hru\u015fciov\",\"Iancu de Hunedoara\",\"lac\",\"p\u0103dure\",\"palat\",\"pas\u0103re\",\"rege\",\"Romania misterioas\u0103\",\"Scrovi\u015ftea\",\"tablou\",\"temperatur\u0103\",\"Toto\",\"v\u00e2n\u0103toare\",\"vil\u0103\",\"Vlad Dracul\"],\"articleSection\":[\"Romania misterioasa\"],\"inLanguage\":\"ro-RO\",\"potentialAction\":[{\"@type\":\"CommentAction\",\"name\":\"Comment\",\"target\":[\"https:\\\/\\\/www.lovendal.ro\\\/wp52\\\/vlad-dracul-carol-al-ii-lea-ceausescu-si-alte-personalitati-toti-au-fost-atrasi-de-lacul-scrovistea-de-langa-bucuresti-de-ce\\\/#respond\"]}]},{\"@type\":\"WebPage\",\"@id\":\"https:\\\/\\\/www.lovendal.ro\\\/wp52\\\/vlad-dracul-carol-al-ii-lea-ceausescu-si-alte-personalitati-toti-au-fost-atrasi-de-lacul-scrovistea-de-langa-bucuresti-de-ce\\\/\",\"url\":\"https:\\\/\\\/www.lovendal.ro\\\/wp52\\\/vlad-dracul-carol-al-ii-lea-ceausescu-si-alte-personalitati-toti-au-fost-atrasi-de-lacul-scrovistea-de-langa-bucuresti-de-ce\\\/\",\"name\":\"Vlad Dracul, Carol al II-lea, Ceau\u015fescu \u015fi alte personalit\u0103\u0163i - to\u0163i au fost atra\u015fi de Lacul Scrovi\u015ftea de l\u00e2ng\u0103 Bucure\u015fti! De ce? - Secretele lui Lovendal\",\"isPartOf\":{\"@id\":\"https:\\\/\\\/www.lovendal.ro\\\/wp52\\\/#website\"},\"primaryImageOfPage\":{\"@id\":\"https:\\\/\\\/www.lovendal.ro\\\/wp52\\\/vlad-dracul-carol-al-ii-lea-ceausescu-si-alte-personalitati-toti-au-fost-atrasi-de-lacul-scrovistea-de-langa-bucuresti-de-ce\\\/#primaryimage\"},\"image\":{\"@id\":\"https:\\\/\\\/www.lovendal.ro\\\/wp52\\\/vlad-dracul-carol-al-ii-lea-ceausescu-si-alte-personalitati-toti-au-fost-atrasi-de-lacul-scrovistea-de-langa-bucuresti-de-ce\\\/#primaryimage\"},\"thumbnailUrl\":\"https:\\\/\\\/www.lovendal.ro\\\/wp52\\\/wp-content\\\/uploads\\\/2021\\\/08\\\/Lacul-Scrovistea.jpg\",\"datePublished\":\"2021-08-06T15:20:44+00:00\",\"breadcrumb\":{\"@id\":\"https:\\\/\\\/www.lovendal.ro\\\/wp52\\\/vlad-dracul-carol-al-ii-lea-ceausescu-si-alte-personalitati-toti-au-fost-atrasi-de-lacul-scrovistea-de-langa-bucuresti-de-ce\\\/#breadcrumb\"},\"inLanguage\":\"ro-RO\",\"potentialAction\":[{\"@type\":\"ReadAction\",\"target\":[\"https:\\\/\\\/www.lovendal.ro\\\/wp52\\\/vlad-dracul-carol-al-ii-lea-ceausescu-si-alte-personalitati-toti-au-fost-atrasi-de-lacul-scrovistea-de-langa-bucuresti-de-ce\\\/\"]}]},{\"@type\":\"ImageObject\",\"inLanguage\":\"ro-RO\",\"@id\":\"https:\\\/\\\/www.lovendal.ro\\\/wp52\\\/vlad-dracul-carol-al-ii-lea-ceausescu-si-alte-personalitati-toti-au-fost-atrasi-de-lacul-scrovistea-de-langa-bucuresti-de-ce\\\/#primaryimage\",\"url\":\"https:\\\/\\\/www.lovendal.ro\\\/wp52\\\/wp-content\\\/uploads\\\/2021\\\/08\\\/Lacul-Scrovistea.jpg\",\"contentUrl\":\"https:\\\/\\\/www.lovendal.ro\\\/wp52\\\/wp-content\\\/uploads\\\/2021\\\/08\\\/Lacul-Scrovistea.jpg\",\"width\":365,\"height\":206},{\"@type\":\"BreadcrumbList\",\"@id\":\"https:\\\/\\\/www.lovendal.ro\\\/wp52\\\/vlad-dracul-carol-al-ii-lea-ceausescu-si-alte-personalitati-toti-au-fost-atrasi-de-lacul-scrovistea-de-langa-bucuresti-de-ce\\\/#breadcrumb\",\"itemListElement\":[{\"@type\":\"ListItem\",\"position\":1,\"name\":\"Home\",\"item\":\"https:\\\/\\\/www.lovendal.ro\\\/wp52\\\/\"},{\"@type\":\"ListItem\",\"position\":2,\"name\":\"Vlad Dracul, Carol al II-lea, Ceau\u015fescu \u015fi alte personalit\u0103\u0163i &#8211; to\u0163i au fost atra\u015fi de Lacul Scrovi\u015ftea de l\u00e2ng\u0103 Bucure\u015fti! De ce?\"}]},{\"@type\":\"WebSite\",\"@id\":\"https:\\\/\\\/www.lovendal.ro\\\/wp52\\\/#website\",\"url\":\"https:\\\/\\\/www.lovendal.ro\\\/wp52\\\/\",\"name\":\"Secretele lui Lovendal\",\"description\":\"Site de secrete, stiinta si metafizica - din 2008 -\",\"publisher\":{\"@id\":\"https:\\\/\\\/www.lovendal.ro\\\/wp52\\\/#organization\"},\"potentialAction\":[{\"@type\":\"SearchAction\",\"target\":{\"@type\":\"EntryPoint\",\"urlTemplate\":\"https:\\\/\\\/www.lovendal.ro\\\/wp52\\\/?s={search_term_string}\"},\"query-input\":{\"@type\":\"PropertyValueSpecification\",\"valueRequired\":true,\"valueName\":\"search_term_string\"}}],\"inLanguage\":\"ro-RO\"},{\"@type\":\"Organization\",\"@id\":\"https:\\\/\\\/www.lovendal.ro\\\/wp52\\\/#organization\",\"name\":\"Secretele lui Lovendal\",\"url\":\"https:\\\/\\\/www.lovendal.ro\\\/wp52\\\/\",\"logo\":{\"@type\":\"ImageObject\",\"inLanguage\":\"ro-RO\",\"@id\":\"https:\\\/\\\/www.lovendal.ro\\\/wp52\\\/#\\\/schema\\\/logo\\\/image\\\/\",\"url\":\"https:\\\/\\\/www.lovendal.ro\\\/wp52\\\/wp-content\\\/uploads\\\/2024\\\/06\\\/cropped-SLL-iun-2024-1.jpg\",\"contentUrl\":\"https:\\\/\\\/www.lovendal.ro\\\/wp52\\\/wp-content\\\/uploads\\\/2024\\\/06\\\/cropped-SLL-iun-2024-1.jpg\",\"width\":771,\"height\":240,\"caption\":\"Secretele lui Lovendal\"},\"image\":{\"@id\":\"https:\\\/\\\/www.lovendal.ro\\\/wp52\\\/#\\\/schema\\\/logo\\\/image\\\/\"},\"sameAs\":[\"https:\\\/\\\/www.facebook.com\\\/secreteleluilovendal\"]},{\"@type\":\"Person\",\"@id\":\"https:\\\/\\\/www.lovendal.ro\\\/wp52\\\/#\\\/schema\\\/person\\\/088691de5dfc346bb0c023e1e52ef5d9\",\"name\":\"admin\",\"image\":{\"@type\":\"ImageObject\",\"inLanguage\":\"ro-RO\",\"@id\":\"https:\\\/\\\/secure.gravatar.com\\\/avatar\\\/ecb9cd41f5f63c9c9b989999a59f6e2639a865ec361e9db054db0679a8f341c2?s=96&d=mm&r=g\",\"url\":\"https:\\\/\\\/secure.gravatar.com\\\/avatar\\\/ecb9cd41f5f63c9c9b989999a59f6e2639a865ec361e9db054db0679a8f341c2?s=96&d=mm&r=g\",\"contentUrl\":\"https:\\\/\\\/secure.gravatar.com\\\/avatar\\\/ecb9cd41f5f63c9c9b989999a59f6e2639a865ec361e9db054db0679a8f341c2?s=96&d=mm&r=g\",\"caption\":\"admin\"},\"sameAs\":[\"https:\\\/\\\/www.lovendal.ro\\\/wp52\"]}]}<\/script>\n<!-- \/ Yoast SEO Premium plugin. -->","yoast_head_json":{"title":"Vlad Dracul, Carol al II-lea, Ceau\u015fescu \u015fi alte personalit\u0103\u0163i - to\u0163i au fost atra\u015fi de Lacul Scrovi\u015ftea de l\u00e2ng\u0103 Bucure\u015fti! De ce? - Secretele lui Lovendal","robots":{"index":"index","follow":"follow","max-snippet":"max-snippet:-1","max-image-preview":"max-image-preview:large","max-video-preview":"max-video-preview:-1"},"canonical":"https:\/\/www.lovendal.ro\/wp52\/vlad-dracul-carol-al-ii-lea-ceausescu-si-alte-personalitati-toti-au-fost-atrasi-de-lacul-scrovistea-de-langa-bucuresti-de-ce\/","og_locale":"ro_RO","og_type":"article","og_title":"Vlad Dracul, Carol al II-lea, Ceau\u015fescu \u015fi alte personalit\u0103\u0163i - to\u0163i au fost atra\u015fi de Lacul Scrovi\u015ftea de l\u00e2ng\u0103 Bucure\u015fti! De ce?","og_description":"Lacul Scrovi\u015ftea este un loc misterios, destul de aproape de Bucure\u015fti. La \u00eenceput, era o balt\u0103 mai mult sau mai pu\u0163in insalubr\u0103, pe malul c\u0103reia se afla palatul lui Vlad Dracul, care \u00een anul 1447 a fost ucis de Iancu ... Cititi mai multe","og_url":"https:\/\/www.lovendal.ro\/wp52\/vlad-dracul-carol-al-ii-lea-ceausescu-si-alte-personalitati-toti-au-fost-atrasi-de-lacul-scrovistea-de-langa-bucuresti-de-ce\/","og_site_name":"Secretele lui Lovendal","article_publisher":"https:\/\/www.facebook.com\/secreteleluilovendal","article_published_time":"2021-08-06T15:20:44+00:00","og_image":[{"width":365,"height":206,"url":"https:\/\/www.lovendal.ro\/wp52\/wp-content\/uploads\/2021\/08\/Lacul-Scrovistea.jpg","type":"image\/jpeg"}],"author":"admin","twitter_card":"summary_large_image","twitter_misc":{"Scris de":"admin","Timp estimat pentru citire":"2 minute"},"schema":{"@context":"https:\/\/schema.org","@graph":[{"@type":"Article","@id":"https:\/\/www.lovendal.ro\/wp52\/vlad-dracul-carol-al-ii-lea-ceausescu-si-alte-personalitati-toti-au-fost-atrasi-de-lacul-scrovistea-de-langa-bucuresti-de-ce\/#article","isPartOf":{"@id":"https:\/\/www.lovendal.ro\/wp52\/vlad-dracul-carol-al-ii-lea-ceausescu-si-alte-personalitati-toti-au-fost-atrasi-de-lacul-scrovistea-de-langa-bucuresti-de-ce\/"},"author":{"name":"admin","@id":"https:\/\/www.lovendal.ro\/wp52\/#\/schema\/person\/088691de5dfc346bb0c023e1e52ef5d9"},"headline":"Vlad Dracul, Carol al II-lea, Ceau\u015fescu \u015fi alte personalit\u0103\u0163i &#8211; to\u0163i au fost atra\u015fi de Lacul Scrovi\u015ftea de l\u00e2ng\u0103 Bucure\u015fti! De ce?","datePublished":"2021-08-06T15:20:44+00:00","mainEntityOfPage":{"@id":"https:\/\/www.lovendal.ro\/wp52\/vlad-dracul-carol-al-ii-lea-ceausescu-si-alte-personalitati-toti-au-fost-atrasi-de-lacul-scrovistea-de-langa-bucuresti-de-ce\/"},"wordCount":360,"commentCount":0,"publisher":{"@id":"https:\/\/www.lovendal.ro\/wp52\/#organization"},"image":{"@id":"https:\/\/www.lovendal.ro\/wp52\/vlad-dracul-carol-al-ii-lea-ceausescu-si-alte-personalitati-toti-au-fost-atrasi-de-lacul-scrovistea-de-langa-bucuresti-de-ce\/#primaryimage"},"thumbnailUrl":"https:\/\/www.lovendal.ro\/wp52\/wp-content\/uploads\/2021\/08\/Lacul-Scrovistea.jpg","keywords":["Bucure\u015fti","Carol al II-lea","Ceau\u015fescu","domnitor","egret\u0103","Gaddafi","Hru\u015fciov","Iancu de Hunedoara","lac","p\u0103dure","palat","pas\u0103re","rege","Romania misterioas\u0103","Scrovi\u015ftea","tablou","temperatur\u0103","Toto","v\u00e2n\u0103toare","vil\u0103","Vlad Dracul"],"articleSection":["Romania misterioasa"],"inLanguage":"ro-RO","potentialAction":[{"@type":"CommentAction","name":"Comment","target":["https:\/\/www.lovendal.ro\/wp52\/vlad-dracul-carol-al-ii-lea-ceausescu-si-alte-personalitati-toti-au-fost-atrasi-de-lacul-scrovistea-de-langa-bucuresti-de-ce\/#respond"]}]},{"@type":"WebPage","@id":"https:\/\/www.lovendal.ro\/wp52\/vlad-dracul-carol-al-ii-lea-ceausescu-si-alte-personalitati-toti-au-fost-atrasi-de-lacul-scrovistea-de-langa-bucuresti-de-ce\/","url":"https:\/\/www.lovendal.ro\/wp52\/vlad-dracul-carol-al-ii-lea-ceausescu-si-alte-personalitati-toti-au-fost-atrasi-de-lacul-scrovistea-de-langa-bucuresti-de-ce\/","name":"Vlad Dracul, Carol al II-lea, Ceau\u015fescu \u015fi alte personalit\u0103\u0163i - to\u0163i au fost atra\u015fi de Lacul Scrovi\u015ftea de l\u00e2ng\u0103 Bucure\u015fti! De ce? - Secretele lui Lovendal","isPartOf":{"@id":"https:\/\/www.lovendal.ro\/wp52\/#website"},"primaryImageOfPage":{"@id":"https:\/\/www.lovendal.ro\/wp52\/vlad-dracul-carol-al-ii-lea-ceausescu-si-alte-personalitati-toti-au-fost-atrasi-de-lacul-scrovistea-de-langa-bucuresti-de-ce\/#primaryimage"},"image":{"@id":"https:\/\/www.lovendal.ro\/wp52\/vlad-dracul-carol-al-ii-lea-ceausescu-si-alte-personalitati-toti-au-fost-atrasi-de-lacul-scrovistea-de-langa-bucuresti-de-ce\/#primaryimage"},"thumbnailUrl":"https:\/\/www.lovendal.ro\/wp52\/wp-content\/uploads\/2021\/08\/Lacul-Scrovistea.jpg","datePublished":"2021-08-06T15:20:44+00:00","breadcrumb":{"@id":"https:\/\/www.lovendal.ro\/wp52\/vlad-dracul-carol-al-ii-lea-ceausescu-si-alte-personalitati-toti-au-fost-atrasi-de-lacul-scrovistea-de-langa-bucuresti-de-ce\/#breadcrumb"},"inLanguage":"ro-RO","potentialAction":[{"@type":"ReadAction","target":["https:\/\/www.lovendal.ro\/wp52\/vlad-dracul-carol-al-ii-lea-ceausescu-si-alte-personalitati-toti-au-fost-atrasi-de-lacul-scrovistea-de-langa-bucuresti-de-ce\/"]}]},{"@type":"ImageObject","inLanguage":"ro-RO","@id":"https:\/\/www.lovendal.ro\/wp52\/vlad-dracul-carol-al-ii-lea-ceausescu-si-alte-personalitati-toti-au-fost-atrasi-de-lacul-scrovistea-de-langa-bucuresti-de-ce\/#primaryimage","url":"https:\/\/www.lovendal.ro\/wp52\/wp-content\/uploads\/2021\/08\/Lacul-Scrovistea.jpg","contentUrl":"https:\/\/www.lovendal.ro\/wp52\/wp-content\/uploads\/2021\/08\/Lacul-Scrovistea.jpg","width":365,"height":206},{"@type":"BreadcrumbList","@id":"https:\/\/www.lovendal.ro\/wp52\/vlad-dracul-carol-al-ii-lea-ceausescu-si-alte-personalitati-toti-au-fost-atrasi-de-lacul-scrovistea-de-langa-bucuresti-de-ce\/#breadcrumb","itemListElement":[{"@type":"ListItem","position":1,"name":"Home","item":"https:\/\/www.lovendal.ro\/wp52\/"},{"@type":"ListItem","position":2,"name":"Vlad Dracul, Carol al II-lea, Ceau\u015fescu \u015fi alte personalit\u0103\u0163i &#8211; to\u0163i au fost atra\u015fi de Lacul Scrovi\u015ftea de l\u00e2ng\u0103 Bucure\u015fti! De ce?"}]},{"@type":"WebSite","@id":"https:\/\/www.lovendal.ro\/wp52\/#website","url":"https:\/\/www.lovendal.ro\/wp52\/","name":"Secretele lui Lovendal","description":"Site de secrete, stiinta si metafizica - din 2008 -","publisher":{"@id":"https:\/\/www.lovendal.ro\/wp52\/#organization"},"potentialAction":[{"@type":"SearchAction","target":{"@type":"EntryPoint","urlTemplate":"https:\/\/www.lovendal.ro\/wp52\/?s={search_term_string}"},"query-input":{"@type":"PropertyValueSpecification","valueRequired":true,"valueName":"search_term_string"}}],"inLanguage":"ro-RO"},{"@type":"Organization","@id":"https:\/\/www.lovendal.ro\/wp52\/#organization","name":"Secretele lui Lovendal","url":"https:\/\/www.lovendal.ro\/wp52\/","logo":{"@type":"ImageObject","inLanguage":"ro-RO","@id":"https:\/\/www.lovendal.ro\/wp52\/#\/schema\/logo\/image\/","url":"https:\/\/www.lovendal.ro\/wp52\/wp-content\/uploads\/2024\/06\/cropped-SLL-iun-2024-1.jpg","contentUrl":"https:\/\/www.lovendal.ro\/wp52\/wp-content\/uploads\/2024\/06\/cropped-SLL-iun-2024-1.jpg","width":771,"height":240,"caption":"Secretele lui Lovendal"},"image":{"@id":"https:\/\/www.lovendal.ro\/wp52\/#\/schema\/logo\/image\/"},"sameAs":["https:\/\/www.facebook.com\/secreteleluilovendal"]},{"@type":"Person","@id":"https:\/\/www.lovendal.ro\/wp52\/#\/schema\/person\/088691de5dfc346bb0c023e1e52ef5d9","name":"admin","image":{"@type":"ImageObject","inLanguage":"ro-RO","@id":"https:\/\/secure.gravatar.com\/avatar\/ecb9cd41f5f63c9c9b989999a59f6e2639a865ec361e9db054db0679a8f341c2?s=96&d=mm&r=g","url":"https:\/\/secure.gravatar.com\/avatar\/ecb9cd41f5f63c9c9b989999a59f6e2639a865ec361e9db054db0679a8f341c2?s=96&d=mm&r=g","contentUrl":"https:\/\/secure.gravatar.com\/avatar\/ecb9cd41f5f63c9c9b989999a59f6e2639a865ec361e9db054db0679a8f341c2?s=96&d=mm&r=g","caption":"admin"},"sameAs":["https:\/\/www.lovendal.ro\/wp52"]}]}},"_links":{"self":[{"href":"https:\/\/www.lovendal.ro\/wp52\/wp-json\/wp\/v2\/posts\/75811","targetHints":{"allow":["GET"]}}],"collection":[{"href":"https:\/\/www.lovendal.ro\/wp52\/wp-json\/wp\/v2\/posts"}],"about":[{"href":"https:\/\/www.lovendal.ro\/wp52\/wp-json\/wp\/v2\/types\/post"}],"author":[{"embeddable":true,"href":"https:\/\/www.lovendal.ro\/wp52\/wp-json\/wp\/v2\/users\/1"}],"replies":[{"embeddable":true,"href":"https:\/\/www.lovendal.ro\/wp52\/wp-json\/wp\/v2\/comments?post=75811"}],"version-history":[{"count":0,"href":"https:\/\/www.lovendal.ro\/wp52\/wp-json\/wp\/v2\/posts\/75811\/revisions"}],"wp:featuredmedia":[{"embeddable":true,"href":"https:\/\/www.lovendal.ro\/wp52\/wp-json\/wp\/v2\/media\/75815"}],"wp:attachment":[{"href":"https:\/\/www.lovendal.ro\/wp52\/wp-json\/wp\/v2\/media?parent=75811"}],"wp:term":[{"taxonomy":"category","embeddable":true,"href":"https:\/\/www.lovendal.ro\/wp52\/wp-json\/wp\/v2\/categories?post=75811"},{"taxonomy":"post_tag","embeddable":true,"href":"https:\/\/www.lovendal.ro\/wp52\/wp-json\/wp\/v2\/tags?post=75811"}],"curies":[{"name":"wp","href":"https:\/\/api.w.org\/{rel}","templated":true}]}}