{"id":75744,"date":"2021-07-30T12:20:11","date_gmt":"2021-07-30T09:20:11","guid":{"rendered":"https:\/\/www.lovendal.ro\/wp52\/?p=75744"},"modified":"2021-07-30T12:20:11","modified_gmt":"2021-07-30T09:20:11","slug":"am-vazut-un-extraterestru-refrigerat-ascuns-la-nasa-sustine-celebrul-iluzionist-israelian-uri-geller","status":"publish","type":"post","link":"https:\/\/www.lovendal.ro\/wp52\/am-vazut-un-extraterestru-refrigerat-ascuns-la-nasa-sustine-celebrul-iluzionist-israelian-uri-geller\/","title":{"rendered":"&#8222;Am v\u0103zut un extraterestru refrigerat, ascuns la NASA&#8221; &#8211; sus\u0163ine celebrul iluzionist israelian Uri Geller"},"content":{"rendered":"<p><a href=\"https:\/\/www.lovendal.ro\/wp52\/wp-content\/uploads\/2021\/07\/Uri-Geller-extraterestri.jpg\"><img loading=\"lazy\" decoding=\"async\" class=\"alignleft size-full wp-image-75745\" src=\"https:\/\/www.lovendal.ro\/wp52\/wp-content\/uploads\/2021\/07\/Uri-Geller-extraterestri.jpg\" alt=\"\" width=\"359\" height=\"269\" srcset=\"https:\/\/www.lovendal.ro\/wp52\/wp-content\/uploads\/2021\/07\/Uri-Geller-extraterestri.jpg 359w, https:\/\/www.lovendal.ro\/wp52\/wp-content\/uploads\/2021\/07\/Uri-Geller-extraterestri-300x225.jpg 300w, https:\/\/www.lovendal.ro\/wp52\/wp-content\/uploads\/2021\/07\/Uri-Geller-extraterestri-80x60.jpg 80w, https:\/\/www.lovendal.ro\/wp52\/wp-content\/uploads\/2021\/07\/Uri-Geller-extraterestri-160x120.jpg 160w, https:\/\/www.lovendal.ro\/wp52\/wp-content\/uploads\/2021\/07\/Uri-Geller-extraterestri-265x198.jpg 265w\" sizes=\"auto, (max-width: 359px) 100vw, 359px\" \/><\/a>Uri Geller este un celebru iluzionist israelian; \u00een anul 2006, Uri Geller sus\u021binea c\u0103 o echip\u0103 din Armata American\u0103 a ajuns la vizuina lui Saddam Hussein, ca urmare a informa\u0163iilor oferite de el. La \u00eenceputul anilor 1970, el a fost investigat de serviciile secrete americane care au concluzionat, potrivit unui raport declasificat, c\u0103 &#8222;\u0219i-a demonstrat capacitatea de percep\u021bie paranormal\u0103 \u00eentr-un mod conving\u0103tor \u0219i lipsit de ambiguit\u0103\u021bi\u201d.<\/p>\n<p>Geller sus\u021bine, de asemenea, c\u0103 a lucrat cu NASA, unde a \u00eencheiat o prietenie cu astronautul Edgar Mitchell, cunosc\u00e2ndu-l chiar \u015fi pe Wernher von Braun &#8211; inginerul aerospa\u021bial care a lucrat la dezvoltarea tehnologiei rachetei pentru Germania nazist\u0103, \u00eenainte de a fi recrutat de SUA la sf\u00e2r\u0219itul celui de-al doilea r\u0103zboi mondial.<\/p>\n<p>Aparent impresionat de abilit\u0103\u021bile lui Geller, Von Braun l-a invitat la biroul s\u0103u, unde a deschis un seif \u0219i i-a prezentat o bucat\u0103 de metal foarte ciudat\u0103.<\/p>\n<p><em>&#8222;Era uluitor, tridimensional \u0219i avea o culoare pe care nu o mai v\u0103zusem p\u00e2n\u0103 acum\u201d,<\/em> a povestit Geller. <em>&#8222;Am pus m\u00e2na pe el \u0219i mi-am dat seama imediat c\u0103 nu era de pe aceast\u0103 planet\u0103. Von Braun a spus c\u0103 am dreptate &#8211; \u0219i c\u0103 provine dintr-un OZN pr\u0103bu\u0219it&#8221;.<\/em><\/p>\n<p>La NASA, Von Braun l-a dus apoi la o cl\u0103dire nemarcat\u0103, \u00een care se afla o camer\u0103 frigorific\u0103. Geller nu a dezv\u0103luit exact ce se p\u0103stra acolo, dar totul era evident. <em>&#8222;Totu\u0219i, aceasta este linia mea ro\u0219ie, peste care nu pot s\u0103 trec&#8221;<\/em>, a spus el. <em>&#8222;Nu pot s\u0103 spun ce am v\u0103zut acolo. Dar folose\u0219te-\u021bi imagina\u021bia. Ce ar fi putut s\u0103 fie refrigerat?&#8221; <\/em>E evident c\u0103 Uri Geller ar fi putut vedea acolo un extraterestru refrigerat&#8230;<em><br \/>\n<\/em><\/p>\n<p><strong>Sursa<\/strong> (traducerea \u015fi adaptarea proprie): <a href=\"https:\/\/www.jpost.com\/omg\/uri-geller-to-post-i-saw-aliens-with-nasa-helped-uk-win-in-euro-2020-672812\" target=\"_blank\" rel=\"noopener\"><strong>Uri Geller to &#8216;Post&#8217;: I saw aliens with NASA, helped England in Euro 2020 \/ Jerusalem Post<\/strong><\/a><\/p>\n","protected":false},"excerpt":{"rendered":"<p>Uri Geller este un celebru iluzionist israelian; \u00een anul 2006, Uri Geller sus\u021binea c\u0103 o echip\u0103 din Armata American\u0103 a ajuns la vizuina lui Saddam Hussein, ca urmare a informa\u0163iilor oferite de el. La \u00eenceputul anilor 1970, el a fost &#8230; <\/p>\n<p class=\"read-more-container\"><a title=\"&#8222;Am v\u0103zut un extraterestru refrigerat, ascuns la NASA&#8221; &#8211; sus\u0163ine celebrul iluzionist israelian Uri Geller\" class=\"read-more button\" href=\"https:\/\/www.lovendal.ro\/wp52\/am-vazut-un-extraterestru-refrigerat-ascuns-la-nasa-sustine-celebrul-iluzionist-israelian-uri-geller\/#more-75744\" aria-label=\"Cite\u0219te mai multe despre &#8222;Am v\u0103zut un extraterestru refrigerat, ascuns la NASA&#8221; &#8211; sus\u0163ine celebrul iluzionist israelian Uri Geller\">Cititi mai multe<\/a><\/p>\n","protected":false},"author":1,"featured_media":75745,"comment_status":"open","ping_status":"open","sticky":false,"template":"","format":"standard","meta":{"footnotes":""},"categories":[14],"tags":[8492,3058,4554,3449,51,12434,4609,4447,150,50,9796,732,1635,1880,943,23,16862,3654],"class_list":["post-75744","post","type-post","status-publish","format-standard","has-post-thumbnail","hentry","category-paranormal-spiritualitate","tag-armata-americana","tag-astronaut","tag-cel-de-al-doilea-razboi-mondial","tag-edgar-mitchell","tag-extraterestri","tag-iluzionist","tag-inginer","tag-metal","tag-nasa","tag-ozn","tag-paranormal-spiritualitate","tag-planeta","tag-racheta","tag-saddam-hussein","tag-servicii-secrete","tag-sua","tag-uri-geller","tag-von-braun","resize-featured-image"],"yoast_head":"<!-- This site is optimized with the Yoast SEO Premium plugin v23.3 (Yoast SEO v27.4) - https:\/\/yoast.com\/product\/yoast-seo-premium-wordpress\/ -->\n<title>&quot;Am v\u0103zut un extraterestru refrigerat, ascuns la NASA&quot; - sus\u0163ine celebrul iluzionist israelian Uri Geller - Secretele lui Lovendal<\/title>\n<meta name=\"robots\" content=\"index, follow, max-snippet:-1, max-image-preview:large, max-video-preview:-1\" \/>\n<link rel=\"canonical\" href=\"https:\/\/www.lovendal.ro\/wp52\/am-vazut-un-extraterestru-refrigerat-ascuns-la-nasa-sustine-celebrul-iluzionist-israelian-uri-geller\/\" \/>\n<meta property=\"og:locale\" content=\"ro_RO\" \/>\n<meta property=\"og:type\" content=\"article\" \/>\n<meta property=\"og:title\" content=\"&quot;Am v\u0103zut un extraterestru refrigerat, ascuns la NASA&quot; - sus\u0163ine celebrul iluzionist israelian Uri Geller\" \/>\n<meta property=\"og:description\" content=\"Uri Geller este un celebru iluzionist israelian; \u00een anul 2006, Uri Geller sus\u021binea c\u0103 o echip\u0103 din Armata American\u0103 a ajuns la vizuina lui Saddam Hussein, ca urmare a informa\u0163iilor oferite de el. La \u00eenceputul anilor 1970, el a fost ... Cititi mai multe\" \/>\n<meta property=\"og:url\" content=\"https:\/\/www.lovendal.ro\/wp52\/am-vazut-un-extraterestru-refrigerat-ascuns-la-nasa-sustine-celebrul-iluzionist-israelian-uri-geller\/\" \/>\n<meta property=\"og:site_name\" content=\"Secretele lui Lovendal\" \/>\n<meta property=\"article:publisher\" content=\"https:\/\/www.facebook.com\/secreteleluilovendal\" \/>\n<meta property=\"article:published_time\" content=\"2021-07-30T09:20:11+00:00\" \/>\n<meta property=\"og:image\" content=\"https:\/\/www.lovendal.ro\/wp52\/wp-content\/uploads\/2021\/07\/Uri-Geller-extraterestri.jpg\" \/>\n\t<meta property=\"og:image:width\" content=\"359\" \/>\n\t<meta property=\"og:image:height\" content=\"269\" \/>\n\t<meta property=\"og:image:type\" content=\"image\/jpeg\" \/>\n<meta name=\"author\" content=\"admin\" \/>\n<meta name=\"twitter:card\" content=\"summary_large_image\" \/>\n<meta name=\"twitter:label1\" content=\"Scris de\" \/>\n\t<meta name=\"twitter:data1\" content=\"admin\" \/>\n\t<meta name=\"twitter:label2\" content=\"Timp estimat pentru citire\" \/>\n\t<meta name=\"twitter:data2\" content=\"2 minute\" \/>\n<script type=\"application\/ld+json\" class=\"yoast-schema-graph\">{\"@context\":\"https:\\\/\\\/schema.org\",\"@graph\":[{\"@type\":\"Article\",\"@id\":\"https:\\\/\\\/www.lovendal.ro\\\/wp52\\\/am-vazut-un-extraterestru-refrigerat-ascuns-la-nasa-sustine-celebrul-iluzionist-israelian-uri-geller\\\/#article\",\"isPartOf\":{\"@id\":\"https:\\\/\\\/www.lovendal.ro\\\/wp52\\\/am-vazut-un-extraterestru-refrigerat-ascuns-la-nasa-sustine-celebrul-iluzionist-israelian-uri-geller\\\/\"},\"author\":{\"name\":\"admin\",\"@id\":\"https:\\\/\\\/www.lovendal.ro\\\/wp52\\\/#\\\/schema\\\/person\\\/088691de5dfc346bb0c023e1e52ef5d9\"},\"headline\":\"&#8222;Am v\u0103zut un extraterestru refrigerat, ascuns la NASA&#8221; &#8211; sus\u0163ine celebrul iluzionist israelian Uri Geller\",\"datePublished\":\"2021-07-30T09:20:11+00:00\",\"mainEntityOfPage\":{\"@id\":\"https:\\\/\\\/www.lovendal.ro\\\/wp52\\\/am-vazut-un-extraterestru-refrigerat-ascuns-la-nasa-sustine-celebrul-iluzionist-israelian-uri-geller\\\/\"},\"wordCount\":333,\"commentCount\":1,\"publisher\":{\"@id\":\"https:\\\/\\\/www.lovendal.ro\\\/wp52\\\/#organization\"},\"image\":{\"@id\":\"https:\\\/\\\/www.lovendal.ro\\\/wp52\\\/am-vazut-un-extraterestru-refrigerat-ascuns-la-nasa-sustine-celebrul-iluzionist-israelian-uri-geller\\\/#primaryimage\"},\"thumbnailUrl\":\"https:\\\/\\\/www.lovendal.ro\\\/wp52\\\/wp-content\\\/uploads\\\/2021\\\/07\\\/Uri-Geller-extraterestri.jpg\",\"keywords\":[\"Armata American\u0103\",\"astronaut\",\"cel de-al doilea r\u0103zboi mondial\",\"Edgar Mitchell\",\"extratere\u015ftri\",\"iluzionist\",\"inginer\",\"metal\",\"NASA\",\"OZN\",\"Paranormal-Spiritualitate\",\"planet\u0103\",\"rachet\u0103\",\"Saddam Hussein\",\"servicii secrete\",\"SUA\",\"Uri Geller\",\"von Braun\"],\"articleSection\":[\"Paranormal-Spiritualitate\"],\"inLanguage\":\"ro-RO\",\"potentialAction\":[{\"@type\":\"CommentAction\",\"name\":\"Comment\",\"target\":[\"https:\\\/\\\/www.lovendal.ro\\\/wp52\\\/am-vazut-un-extraterestru-refrigerat-ascuns-la-nasa-sustine-celebrul-iluzionist-israelian-uri-geller\\\/#respond\"]}]},{\"@type\":\"WebPage\",\"@id\":\"https:\\\/\\\/www.lovendal.ro\\\/wp52\\\/am-vazut-un-extraterestru-refrigerat-ascuns-la-nasa-sustine-celebrul-iluzionist-israelian-uri-geller\\\/\",\"url\":\"https:\\\/\\\/www.lovendal.ro\\\/wp52\\\/am-vazut-un-extraterestru-refrigerat-ascuns-la-nasa-sustine-celebrul-iluzionist-israelian-uri-geller\\\/\",\"name\":\"\\\"Am v\u0103zut un extraterestru refrigerat, ascuns la NASA\\\" - sus\u0163ine celebrul iluzionist israelian Uri Geller - Secretele lui Lovendal\",\"isPartOf\":{\"@id\":\"https:\\\/\\\/www.lovendal.ro\\\/wp52\\\/#website\"},\"primaryImageOfPage\":{\"@id\":\"https:\\\/\\\/www.lovendal.ro\\\/wp52\\\/am-vazut-un-extraterestru-refrigerat-ascuns-la-nasa-sustine-celebrul-iluzionist-israelian-uri-geller\\\/#primaryimage\"},\"image\":{\"@id\":\"https:\\\/\\\/www.lovendal.ro\\\/wp52\\\/am-vazut-un-extraterestru-refrigerat-ascuns-la-nasa-sustine-celebrul-iluzionist-israelian-uri-geller\\\/#primaryimage\"},\"thumbnailUrl\":\"https:\\\/\\\/www.lovendal.ro\\\/wp52\\\/wp-content\\\/uploads\\\/2021\\\/07\\\/Uri-Geller-extraterestri.jpg\",\"datePublished\":\"2021-07-30T09:20:11+00:00\",\"breadcrumb\":{\"@id\":\"https:\\\/\\\/www.lovendal.ro\\\/wp52\\\/am-vazut-un-extraterestru-refrigerat-ascuns-la-nasa-sustine-celebrul-iluzionist-israelian-uri-geller\\\/#breadcrumb\"},\"inLanguage\":\"ro-RO\",\"potentialAction\":[{\"@type\":\"ReadAction\",\"target\":[\"https:\\\/\\\/www.lovendal.ro\\\/wp52\\\/am-vazut-un-extraterestru-refrigerat-ascuns-la-nasa-sustine-celebrul-iluzionist-israelian-uri-geller\\\/\"]}]},{\"@type\":\"ImageObject\",\"inLanguage\":\"ro-RO\",\"@id\":\"https:\\\/\\\/www.lovendal.ro\\\/wp52\\\/am-vazut-un-extraterestru-refrigerat-ascuns-la-nasa-sustine-celebrul-iluzionist-israelian-uri-geller\\\/#primaryimage\",\"url\":\"https:\\\/\\\/www.lovendal.ro\\\/wp52\\\/wp-content\\\/uploads\\\/2021\\\/07\\\/Uri-Geller-extraterestri.jpg\",\"contentUrl\":\"https:\\\/\\\/www.lovendal.ro\\\/wp52\\\/wp-content\\\/uploads\\\/2021\\\/07\\\/Uri-Geller-extraterestri.jpg\",\"width\":359,\"height\":269},{\"@type\":\"BreadcrumbList\",\"@id\":\"https:\\\/\\\/www.lovendal.ro\\\/wp52\\\/am-vazut-un-extraterestru-refrigerat-ascuns-la-nasa-sustine-celebrul-iluzionist-israelian-uri-geller\\\/#breadcrumb\",\"itemListElement\":[{\"@type\":\"ListItem\",\"position\":1,\"name\":\"Home\",\"item\":\"https:\\\/\\\/www.lovendal.ro\\\/wp52\\\/\"},{\"@type\":\"ListItem\",\"position\":2,\"name\":\"&#8222;Am v\u0103zut un extraterestru refrigerat, ascuns la NASA&#8221; &#8211; sus\u0163ine celebrul iluzionist israelian Uri Geller\"}]},{\"@type\":\"WebSite\",\"@id\":\"https:\\\/\\\/www.lovendal.ro\\\/wp52\\\/#website\",\"url\":\"https:\\\/\\\/www.lovendal.ro\\\/wp52\\\/\",\"name\":\"Secretele lui Lovendal\",\"description\":\"Site de secrete, stiinta si metafizica - din 2008 -\",\"publisher\":{\"@id\":\"https:\\\/\\\/www.lovendal.ro\\\/wp52\\\/#organization\"},\"potentialAction\":[{\"@type\":\"SearchAction\",\"target\":{\"@type\":\"EntryPoint\",\"urlTemplate\":\"https:\\\/\\\/www.lovendal.ro\\\/wp52\\\/?s={search_term_string}\"},\"query-input\":{\"@type\":\"PropertyValueSpecification\",\"valueRequired\":true,\"valueName\":\"search_term_string\"}}],\"inLanguage\":\"ro-RO\"},{\"@type\":\"Organization\",\"@id\":\"https:\\\/\\\/www.lovendal.ro\\\/wp52\\\/#organization\",\"name\":\"Secretele lui Lovendal\",\"url\":\"https:\\\/\\\/www.lovendal.ro\\\/wp52\\\/\",\"logo\":{\"@type\":\"ImageObject\",\"inLanguage\":\"ro-RO\",\"@id\":\"https:\\\/\\\/www.lovendal.ro\\\/wp52\\\/#\\\/schema\\\/logo\\\/image\\\/\",\"url\":\"https:\\\/\\\/www.lovendal.ro\\\/wp52\\\/wp-content\\\/uploads\\\/2024\\\/06\\\/cropped-SLL-iun-2024-1.jpg\",\"contentUrl\":\"https:\\\/\\\/www.lovendal.ro\\\/wp52\\\/wp-content\\\/uploads\\\/2024\\\/06\\\/cropped-SLL-iun-2024-1.jpg\",\"width\":771,\"height\":240,\"caption\":\"Secretele lui Lovendal\"},\"image\":{\"@id\":\"https:\\\/\\\/www.lovendal.ro\\\/wp52\\\/#\\\/schema\\\/logo\\\/image\\\/\"},\"sameAs\":[\"https:\\\/\\\/www.facebook.com\\\/secreteleluilovendal\"]},{\"@type\":\"Person\",\"@id\":\"https:\\\/\\\/www.lovendal.ro\\\/wp52\\\/#\\\/schema\\\/person\\\/088691de5dfc346bb0c023e1e52ef5d9\",\"name\":\"admin\",\"image\":{\"@type\":\"ImageObject\",\"inLanguage\":\"ro-RO\",\"@id\":\"https:\\\/\\\/secure.gravatar.com\\\/avatar\\\/ecb9cd41f5f63c9c9b989999a59f6e2639a865ec361e9db054db0679a8f341c2?s=96&d=mm&r=g\",\"url\":\"https:\\\/\\\/secure.gravatar.com\\\/avatar\\\/ecb9cd41f5f63c9c9b989999a59f6e2639a865ec361e9db054db0679a8f341c2?s=96&d=mm&r=g\",\"contentUrl\":\"https:\\\/\\\/secure.gravatar.com\\\/avatar\\\/ecb9cd41f5f63c9c9b989999a59f6e2639a865ec361e9db054db0679a8f341c2?s=96&d=mm&r=g\",\"caption\":\"admin\"},\"sameAs\":[\"https:\\\/\\\/www.lovendal.ro\\\/wp52\"]}]}<\/script>\n<!-- \/ Yoast SEO Premium plugin. -->","yoast_head_json":{"title":"\"Am v\u0103zut un extraterestru refrigerat, ascuns la NASA\" - sus\u0163ine celebrul iluzionist israelian Uri Geller - Secretele lui Lovendal","robots":{"index":"index","follow":"follow","max-snippet":"max-snippet:-1","max-image-preview":"max-image-preview:large","max-video-preview":"max-video-preview:-1"},"canonical":"https:\/\/www.lovendal.ro\/wp52\/am-vazut-un-extraterestru-refrigerat-ascuns-la-nasa-sustine-celebrul-iluzionist-israelian-uri-geller\/","og_locale":"ro_RO","og_type":"article","og_title":"\"Am v\u0103zut un extraterestru refrigerat, ascuns la NASA\" - sus\u0163ine celebrul iluzionist israelian Uri Geller","og_description":"Uri Geller este un celebru iluzionist israelian; \u00een anul 2006, Uri Geller sus\u021binea c\u0103 o echip\u0103 din Armata American\u0103 a ajuns la vizuina lui Saddam Hussein, ca urmare a informa\u0163iilor oferite de el. La \u00eenceputul anilor 1970, el a fost ... Cititi mai multe","og_url":"https:\/\/www.lovendal.ro\/wp52\/am-vazut-un-extraterestru-refrigerat-ascuns-la-nasa-sustine-celebrul-iluzionist-israelian-uri-geller\/","og_site_name":"Secretele lui Lovendal","article_publisher":"https:\/\/www.facebook.com\/secreteleluilovendal","article_published_time":"2021-07-30T09:20:11+00:00","og_image":[{"width":359,"height":269,"url":"https:\/\/www.lovendal.ro\/wp52\/wp-content\/uploads\/2021\/07\/Uri-Geller-extraterestri.jpg","type":"image\/jpeg"}],"author":"admin","twitter_card":"summary_large_image","twitter_misc":{"Scris de":"admin","Timp estimat pentru citire":"2 minute"},"schema":{"@context":"https:\/\/schema.org","@graph":[{"@type":"Article","@id":"https:\/\/www.lovendal.ro\/wp52\/am-vazut-un-extraterestru-refrigerat-ascuns-la-nasa-sustine-celebrul-iluzionist-israelian-uri-geller\/#article","isPartOf":{"@id":"https:\/\/www.lovendal.ro\/wp52\/am-vazut-un-extraterestru-refrigerat-ascuns-la-nasa-sustine-celebrul-iluzionist-israelian-uri-geller\/"},"author":{"name":"admin","@id":"https:\/\/www.lovendal.ro\/wp52\/#\/schema\/person\/088691de5dfc346bb0c023e1e52ef5d9"},"headline":"&#8222;Am v\u0103zut un extraterestru refrigerat, ascuns la NASA&#8221; &#8211; sus\u0163ine celebrul iluzionist israelian Uri Geller","datePublished":"2021-07-30T09:20:11+00:00","mainEntityOfPage":{"@id":"https:\/\/www.lovendal.ro\/wp52\/am-vazut-un-extraterestru-refrigerat-ascuns-la-nasa-sustine-celebrul-iluzionist-israelian-uri-geller\/"},"wordCount":333,"commentCount":1,"publisher":{"@id":"https:\/\/www.lovendal.ro\/wp52\/#organization"},"image":{"@id":"https:\/\/www.lovendal.ro\/wp52\/am-vazut-un-extraterestru-refrigerat-ascuns-la-nasa-sustine-celebrul-iluzionist-israelian-uri-geller\/#primaryimage"},"thumbnailUrl":"https:\/\/www.lovendal.ro\/wp52\/wp-content\/uploads\/2021\/07\/Uri-Geller-extraterestri.jpg","keywords":["Armata American\u0103","astronaut","cel de-al doilea r\u0103zboi mondial","Edgar Mitchell","extratere\u015ftri","iluzionist","inginer","metal","NASA","OZN","Paranormal-Spiritualitate","planet\u0103","rachet\u0103","Saddam Hussein","servicii secrete","SUA","Uri Geller","von Braun"],"articleSection":["Paranormal-Spiritualitate"],"inLanguage":"ro-RO","potentialAction":[{"@type":"CommentAction","name":"Comment","target":["https:\/\/www.lovendal.ro\/wp52\/am-vazut-un-extraterestru-refrigerat-ascuns-la-nasa-sustine-celebrul-iluzionist-israelian-uri-geller\/#respond"]}]},{"@type":"WebPage","@id":"https:\/\/www.lovendal.ro\/wp52\/am-vazut-un-extraterestru-refrigerat-ascuns-la-nasa-sustine-celebrul-iluzionist-israelian-uri-geller\/","url":"https:\/\/www.lovendal.ro\/wp52\/am-vazut-un-extraterestru-refrigerat-ascuns-la-nasa-sustine-celebrul-iluzionist-israelian-uri-geller\/","name":"\"Am v\u0103zut un extraterestru refrigerat, ascuns la NASA\" - sus\u0163ine celebrul iluzionist israelian Uri Geller - Secretele lui Lovendal","isPartOf":{"@id":"https:\/\/www.lovendal.ro\/wp52\/#website"},"primaryImageOfPage":{"@id":"https:\/\/www.lovendal.ro\/wp52\/am-vazut-un-extraterestru-refrigerat-ascuns-la-nasa-sustine-celebrul-iluzionist-israelian-uri-geller\/#primaryimage"},"image":{"@id":"https:\/\/www.lovendal.ro\/wp52\/am-vazut-un-extraterestru-refrigerat-ascuns-la-nasa-sustine-celebrul-iluzionist-israelian-uri-geller\/#primaryimage"},"thumbnailUrl":"https:\/\/www.lovendal.ro\/wp52\/wp-content\/uploads\/2021\/07\/Uri-Geller-extraterestri.jpg","datePublished":"2021-07-30T09:20:11+00:00","breadcrumb":{"@id":"https:\/\/www.lovendal.ro\/wp52\/am-vazut-un-extraterestru-refrigerat-ascuns-la-nasa-sustine-celebrul-iluzionist-israelian-uri-geller\/#breadcrumb"},"inLanguage":"ro-RO","potentialAction":[{"@type":"ReadAction","target":["https:\/\/www.lovendal.ro\/wp52\/am-vazut-un-extraterestru-refrigerat-ascuns-la-nasa-sustine-celebrul-iluzionist-israelian-uri-geller\/"]}]},{"@type":"ImageObject","inLanguage":"ro-RO","@id":"https:\/\/www.lovendal.ro\/wp52\/am-vazut-un-extraterestru-refrigerat-ascuns-la-nasa-sustine-celebrul-iluzionist-israelian-uri-geller\/#primaryimage","url":"https:\/\/www.lovendal.ro\/wp52\/wp-content\/uploads\/2021\/07\/Uri-Geller-extraterestri.jpg","contentUrl":"https:\/\/www.lovendal.ro\/wp52\/wp-content\/uploads\/2021\/07\/Uri-Geller-extraterestri.jpg","width":359,"height":269},{"@type":"BreadcrumbList","@id":"https:\/\/www.lovendal.ro\/wp52\/am-vazut-un-extraterestru-refrigerat-ascuns-la-nasa-sustine-celebrul-iluzionist-israelian-uri-geller\/#breadcrumb","itemListElement":[{"@type":"ListItem","position":1,"name":"Home","item":"https:\/\/www.lovendal.ro\/wp52\/"},{"@type":"ListItem","position":2,"name":"&#8222;Am v\u0103zut un extraterestru refrigerat, ascuns la NASA&#8221; &#8211; sus\u0163ine celebrul iluzionist israelian Uri Geller"}]},{"@type":"WebSite","@id":"https:\/\/www.lovendal.ro\/wp52\/#website","url":"https:\/\/www.lovendal.ro\/wp52\/","name":"Secretele lui Lovendal","description":"Site de secrete, stiinta si metafizica - din 2008 -","publisher":{"@id":"https:\/\/www.lovendal.ro\/wp52\/#organization"},"potentialAction":[{"@type":"SearchAction","target":{"@type":"EntryPoint","urlTemplate":"https:\/\/www.lovendal.ro\/wp52\/?s={search_term_string}"},"query-input":{"@type":"PropertyValueSpecification","valueRequired":true,"valueName":"search_term_string"}}],"inLanguage":"ro-RO"},{"@type":"Organization","@id":"https:\/\/www.lovendal.ro\/wp52\/#organization","name":"Secretele lui Lovendal","url":"https:\/\/www.lovendal.ro\/wp52\/","logo":{"@type":"ImageObject","inLanguage":"ro-RO","@id":"https:\/\/www.lovendal.ro\/wp52\/#\/schema\/logo\/image\/","url":"https:\/\/www.lovendal.ro\/wp52\/wp-content\/uploads\/2024\/06\/cropped-SLL-iun-2024-1.jpg","contentUrl":"https:\/\/www.lovendal.ro\/wp52\/wp-content\/uploads\/2024\/06\/cropped-SLL-iun-2024-1.jpg","width":771,"height":240,"caption":"Secretele lui Lovendal"},"image":{"@id":"https:\/\/www.lovendal.ro\/wp52\/#\/schema\/logo\/image\/"},"sameAs":["https:\/\/www.facebook.com\/secreteleluilovendal"]},{"@type":"Person","@id":"https:\/\/www.lovendal.ro\/wp52\/#\/schema\/person\/088691de5dfc346bb0c023e1e52ef5d9","name":"admin","image":{"@type":"ImageObject","inLanguage":"ro-RO","@id":"https:\/\/secure.gravatar.com\/avatar\/ecb9cd41f5f63c9c9b989999a59f6e2639a865ec361e9db054db0679a8f341c2?s=96&d=mm&r=g","url":"https:\/\/secure.gravatar.com\/avatar\/ecb9cd41f5f63c9c9b989999a59f6e2639a865ec361e9db054db0679a8f341c2?s=96&d=mm&r=g","contentUrl":"https:\/\/secure.gravatar.com\/avatar\/ecb9cd41f5f63c9c9b989999a59f6e2639a865ec361e9db054db0679a8f341c2?s=96&d=mm&r=g","caption":"admin"},"sameAs":["https:\/\/www.lovendal.ro\/wp52"]}]}},"_links":{"self":[{"href":"https:\/\/www.lovendal.ro\/wp52\/wp-json\/wp\/v2\/posts\/75744","targetHints":{"allow":["GET"]}}],"collection":[{"href":"https:\/\/www.lovendal.ro\/wp52\/wp-json\/wp\/v2\/posts"}],"about":[{"href":"https:\/\/www.lovendal.ro\/wp52\/wp-json\/wp\/v2\/types\/post"}],"author":[{"embeddable":true,"href":"https:\/\/www.lovendal.ro\/wp52\/wp-json\/wp\/v2\/users\/1"}],"replies":[{"embeddable":true,"href":"https:\/\/www.lovendal.ro\/wp52\/wp-json\/wp\/v2\/comments?post=75744"}],"version-history":[{"count":0,"href":"https:\/\/www.lovendal.ro\/wp52\/wp-json\/wp\/v2\/posts\/75744\/revisions"}],"wp:featuredmedia":[{"embeddable":true,"href":"https:\/\/www.lovendal.ro\/wp52\/wp-json\/wp\/v2\/media\/75745"}],"wp:attachment":[{"href":"https:\/\/www.lovendal.ro\/wp52\/wp-json\/wp\/v2\/media?parent=75744"}],"wp:term":[{"taxonomy":"category","embeddable":true,"href":"https:\/\/www.lovendal.ro\/wp52\/wp-json\/wp\/v2\/categories?post=75744"},{"taxonomy":"post_tag","embeddable":true,"href":"https:\/\/www.lovendal.ro\/wp52\/wp-json\/wp\/v2\/tags?post=75744"}],"curies":[{"name":"wp","href":"https:\/\/api.w.org\/{rel}","templated":true}]}}