{"id":75660,"date":"2021-07-25T15:26:07","date_gmt":"2021-07-25T12:26:07","guid":{"rendered":"https:\/\/www.lovendal.ro\/wp52\/?p=75660"},"modified":"2021-07-25T15:26:07","modified_gmt":"2021-07-25T12:26:07","slug":"blestemul-mortilor-din-lagarele-de-razboi-si-din-accidentele-rutiere-ce-a-patit-un-demnitar-comunist","status":"publish","type":"post","link":"https:\/\/www.lovendal.ro\/wp52\/blestemul-mortilor-din-lagarele-de-razboi-si-din-accidentele-rutiere-ce-a-patit-un-demnitar-comunist\/","title":{"rendered":"Blestemul mor\u0163ilor din lag\u0103rele de r\u0103zboi \u015fi din accidentele rutiere: ce a p\u0103\u0163it un demnitar comunist&#8230;"},"content":{"rendered":"<figure id=\"attachment_75661\" aria-describedby=\"caption-attachment-75661\" style=\"width: 340px\" class=\"wp-caption alignleft\"><a href=\"https:\/\/www.lovendal.ro\/wp52\/wp-content\/uploads\/2021\/07\/sosea.jpg\"><img loading=\"lazy\" decoding=\"async\" class=\"size-full wp-image-75661\" src=\"https:\/\/www.lovendal.ro\/wp52\/wp-content\/uploads\/2021\/07\/sosea.jpg\" alt=\"\" width=\"350\" height=\"233\" srcset=\"https:\/\/www.lovendal.ro\/wp52\/wp-content\/uploads\/2021\/07\/sosea.jpg 350w, https:\/\/www.lovendal.ro\/wp52\/wp-content\/uploads\/2021\/07\/sosea-300x200.jpg 300w\" sizes=\"auto, (max-width: 350px) 100vw, 350px\" \/><\/a><figcaption id=\"caption-attachment-75661\" class=\"wp-caption-text\"><strong>Imagine:<\/strong> <a href=\"https:\/\/pixabay.com\/ro\/photos\/conifere-lumina-soarelui-rutier-1850227\/\" target=\"_blank\" rel=\"noopener\"><strong>pixabay.com<\/strong><\/a> (Commons Creative &#8211; free)<\/figcaption><\/figure>\n<p>Pe Valea Per\u015fanilor, sub Dealul Talharia (jude\u0163ul Bra\u015fov), existau dou\u0103 lag\u0103re de prizonieri ru\u0219i \u00een perioada 1942-1944. Aici au murit sute de oameni nevinova\u021bi, departe de casele lor, iar cei r\u0103ma\u0219i ar\u0103tau ca ni\u0219te umbre \u00eembr\u0103cate \u00een mantale cenu\u0219ii. Dup\u0103 anul 1944, locul lor a fost luat de alte victime nevinovate: tineri, tinere, b\u0103rba\u021bi \u0219i femei, sa\u0219i din Transilvania care erau trimi\u0219i \u00een Urali s\u0103 repete acolo tragedia \u00eent\u00e2mplat\u0103 aici.<\/p>\n<p>Dup\u0103 c\u00e2\u021biva ani, \u00een acest loc care se afl\u0103 pe \u0219oseaua asfaltat\u0103 Bucure\u0219ti-Bra\u0219ov, au \u00eenceput s\u0103 se \u00eent\u00e2mple o mul\u021bime de accidente mortale inexplicabile. La locul accidentelor se plantau cruci metalice din \u021beav\u0103, care \u00een anii 1970 au ajuns la peste 50 pe o distan\u021b\u0103 destul de mic\u0103.<\/p>\n<p>Un prim-secretar de partid de la Bra\u0219ov, trec\u00e2nd prin acest loc, a dat dispozi\u021bie s\u0103 dispar\u0103 crucile pe care nu voia s\u0103 le mai vad\u0103. \u00cen scurt timp, crucile au disp\u0103rut, dar primul secretar n-a putut s\u0103 mai vad\u0103 acest lucru fiindc\u0103 orbise&#8230; Coinciden\u0163\u0103!?<\/p>\n","protected":false},"excerpt":{"rendered":"<p>Pe Valea Per\u015fanilor, sub Dealul Talharia (jude\u0163ul Bra\u015fov), existau dou\u0103 lag\u0103re de prizonieri ru\u0219i \u00een perioada 1942-1944. Aici au murit sute de oameni nevinova\u021bi, departe de casele lor, iar cei r\u0103ma\u0219i ar\u0103tau ca ni\u0219te umbre \u00eembr\u0103cate \u00een mantale cenu\u0219ii. Dup\u0103 &#8230; <\/p>\n<p class=\"read-more-container\"><a title=\"Blestemul mor\u0163ilor din lag\u0103rele de r\u0103zboi \u015fi din accidentele rutiere: ce a p\u0103\u0163it un demnitar comunist&#8230;\" class=\"read-more button\" href=\"https:\/\/www.lovendal.ro\/wp52\/blestemul-mortilor-din-lagarele-de-razboi-si-din-accidentele-rutiere-ce-a-patit-un-demnitar-comunist\/#more-75660\" aria-label=\"Cite\u0219te mai multe despre Blestemul mor\u0163ilor din lag\u0103rele de r\u0103zboi \u015fi din accidentele rutiere: ce a p\u0103\u0163it un demnitar comunist&#8230;\">Cititi mai multe<\/a><\/p>\n","protected":false},"author":1,"featured_media":75661,"comment_status":"open","ping_status":"open","sticky":false,"template":"","format":"standard","meta":{"footnotes":""},"categories":[5040],"tags":[2647,9818,242,4761,827,2431,2642,1918,5688,494],"class_list":["post-75660","post","type-post","status-publish","format-standard","has-post-thumbnail","hentry","category-bizar","tag-accident","tag-bizar","tag-blestem","tag-brasov","tag-bucuresti","tag-coincidenta","tag-cruce","tag-lagar","tag-muntii-ural","tag-transilvania","resize-featured-image"],"yoast_head":"<!-- This site is optimized with the Yoast SEO Premium plugin v23.3 (Yoast SEO v27.4) - https:\/\/yoast.com\/product\/yoast-seo-premium-wordpress\/ -->\n<title>Blestemul mor\u0163ilor din lag\u0103rele de r\u0103zboi \u015fi din accidentele rutiere: ce a p\u0103\u0163it un demnitar comunist... - Secretele lui Lovendal<\/title>\n<meta name=\"robots\" content=\"index, follow, max-snippet:-1, max-image-preview:large, max-video-preview:-1\" \/>\n<link rel=\"canonical\" href=\"https:\/\/www.lovendal.ro\/wp52\/blestemul-mortilor-din-lagarele-de-razboi-si-din-accidentele-rutiere-ce-a-patit-un-demnitar-comunist\/\" \/>\n<meta property=\"og:locale\" content=\"ro_RO\" \/>\n<meta property=\"og:type\" content=\"article\" \/>\n<meta property=\"og:title\" content=\"Blestemul mor\u0163ilor din lag\u0103rele de r\u0103zboi \u015fi din accidentele rutiere: ce a p\u0103\u0163it un demnitar comunist...\" \/>\n<meta property=\"og:description\" content=\"Pe Valea Per\u015fanilor, sub Dealul Talharia (jude\u0163ul Bra\u015fov), existau dou\u0103 lag\u0103re de prizonieri ru\u0219i \u00een perioada 1942-1944. Aici au murit sute de oameni nevinova\u021bi, departe de casele lor, iar cei r\u0103ma\u0219i ar\u0103tau ca ni\u0219te umbre \u00eembr\u0103cate \u00een mantale cenu\u0219ii. Dup\u0103 ... Cititi mai multe\" \/>\n<meta property=\"og:url\" content=\"https:\/\/www.lovendal.ro\/wp52\/blestemul-mortilor-din-lagarele-de-razboi-si-din-accidentele-rutiere-ce-a-patit-un-demnitar-comunist\/\" \/>\n<meta property=\"og:site_name\" content=\"Secretele lui Lovendal\" \/>\n<meta property=\"article:publisher\" content=\"https:\/\/www.facebook.com\/secreteleluilovendal\" \/>\n<meta property=\"article:published_time\" content=\"2021-07-25T12:26:07+00:00\" \/>\n<meta property=\"og:image\" content=\"https:\/\/www.lovendal.ro\/wp52\/wp-content\/uploads\/2021\/07\/sosea.jpg\" \/>\n\t<meta property=\"og:image:width\" content=\"350\" \/>\n\t<meta property=\"og:image:height\" content=\"233\" \/>\n\t<meta property=\"og:image:type\" content=\"image\/jpeg\" \/>\n<meta name=\"author\" content=\"admin\" \/>\n<meta name=\"twitter:card\" content=\"summary_large_image\" \/>\n<meta name=\"twitter:label1\" content=\"Scris de\" \/>\n\t<meta name=\"twitter:data1\" content=\"admin\" \/>\n\t<meta name=\"twitter:label2\" content=\"Timp estimat pentru citire\" \/>\n\t<meta name=\"twitter:data2\" content=\"1 minut\" \/>\n<script type=\"application\/ld+json\" class=\"yoast-schema-graph\">{\"@context\":\"https:\\\/\\\/schema.org\",\"@graph\":[{\"@type\":\"Article\",\"@id\":\"https:\\\/\\\/www.lovendal.ro\\\/wp52\\\/blestemul-mortilor-din-lagarele-de-razboi-si-din-accidentele-rutiere-ce-a-patit-un-demnitar-comunist\\\/#article\",\"isPartOf\":{\"@id\":\"https:\\\/\\\/www.lovendal.ro\\\/wp52\\\/blestemul-mortilor-din-lagarele-de-razboi-si-din-accidentele-rutiere-ce-a-patit-un-demnitar-comunist\\\/\"},\"author\":{\"name\":\"admin\",\"@id\":\"https:\\\/\\\/www.lovendal.ro\\\/wp52\\\/#\\\/schema\\\/person\\\/088691de5dfc346bb0c023e1e52ef5d9\"},\"headline\":\"Blestemul mor\u0163ilor din lag\u0103rele de r\u0103zboi \u015fi din accidentele rutiere: ce a p\u0103\u0163it un demnitar comunist&#8230;\",\"datePublished\":\"2021-07-25T12:26:07+00:00\",\"mainEntityOfPage\":{\"@id\":\"https:\\\/\\\/www.lovendal.ro\\\/wp52\\\/blestemul-mortilor-din-lagarele-de-razboi-si-din-accidentele-rutiere-ce-a-patit-un-demnitar-comunist\\\/\"},\"wordCount\":219,\"commentCount\":0,\"publisher\":{\"@id\":\"https:\\\/\\\/www.lovendal.ro\\\/wp52\\\/#organization\"},\"image\":{\"@id\":\"https:\\\/\\\/www.lovendal.ro\\\/wp52\\\/blestemul-mortilor-din-lagarele-de-razboi-si-din-accidentele-rutiere-ce-a-patit-un-demnitar-comunist\\\/#primaryimage\"},\"thumbnailUrl\":\"https:\\\/\\\/www.lovendal.ro\\\/wp52\\\/wp-content\\\/uploads\\\/2021\\\/07\\\/sosea.jpg\",\"keywords\":[\"accident\",\"Bizar\",\"blestem\",\"Bra\u015fov\",\"Bucure\u015fti\",\"coinciden\u0163\u0103\",\"cruce\",\"lag\u0103r\",\"Mun\u0163ii Ural\",\"Transilvania\"],\"articleSection\":[\"Bizar\"],\"inLanguage\":\"ro-RO\",\"potentialAction\":[{\"@type\":\"CommentAction\",\"name\":\"Comment\",\"target\":[\"https:\\\/\\\/www.lovendal.ro\\\/wp52\\\/blestemul-mortilor-din-lagarele-de-razboi-si-din-accidentele-rutiere-ce-a-patit-un-demnitar-comunist\\\/#respond\"]}]},{\"@type\":\"WebPage\",\"@id\":\"https:\\\/\\\/www.lovendal.ro\\\/wp52\\\/blestemul-mortilor-din-lagarele-de-razboi-si-din-accidentele-rutiere-ce-a-patit-un-demnitar-comunist\\\/\",\"url\":\"https:\\\/\\\/www.lovendal.ro\\\/wp52\\\/blestemul-mortilor-din-lagarele-de-razboi-si-din-accidentele-rutiere-ce-a-patit-un-demnitar-comunist\\\/\",\"name\":\"Blestemul mor\u0163ilor din lag\u0103rele de r\u0103zboi \u015fi din accidentele rutiere: ce a p\u0103\u0163it un demnitar comunist... - Secretele lui Lovendal\",\"isPartOf\":{\"@id\":\"https:\\\/\\\/www.lovendal.ro\\\/wp52\\\/#website\"},\"primaryImageOfPage\":{\"@id\":\"https:\\\/\\\/www.lovendal.ro\\\/wp52\\\/blestemul-mortilor-din-lagarele-de-razboi-si-din-accidentele-rutiere-ce-a-patit-un-demnitar-comunist\\\/#primaryimage\"},\"image\":{\"@id\":\"https:\\\/\\\/www.lovendal.ro\\\/wp52\\\/blestemul-mortilor-din-lagarele-de-razboi-si-din-accidentele-rutiere-ce-a-patit-un-demnitar-comunist\\\/#primaryimage\"},\"thumbnailUrl\":\"https:\\\/\\\/www.lovendal.ro\\\/wp52\\\/wp-content\\\/uploads\\\/2021\\\/07\\\/sosea.jpg\",\"datePublished\":\"2021-07-25T12:26:07+00:00\",\"breadcrumb\":{\"@id\":\"https:\\\/\\\/www.lovendal.ro\\\/wp52\\\/blestemul-mortilor-din-lagarele-de-razboi-si-din-accidentele-rutiere-ce-a-patit-un-demnitar-comunist\\\/#breadcrumb\"},\"inLanguage\":\"ro-RO\",\"potentialAction\":[{\"@type\":\"ReadAction\",\"target\":[\"https:\\\/\\\/www.lovendal.ro\\\/wp52\\\/blestemul-mortilor-din-lagarele-de-razboi-si-din-accidentele-rutiere-ce-a-patit-un-demnitar-comunist\\\/\"]}]},{\"@type\":\"ImageObject\",\"inLanguage\":\"ro-RO\",\"@id\":\"https:\\\/\\\/www.lovendal.ro\\\/wp52\\\/blestemul-mortilor-din-lagarele-de-razboi-si-din-accidentele-rutiere-ce-a-patit-un-demnitar-comunist\\\/#primaryimage\",\"url\":\"https:\\\/\\\/www.lovendal.ro\\\/wp52\\\/wp-content\\\/uploads\\\/2021\\\/07\\\/sosea.jpg\",\"contentUrl\":\"https:\\\/\\\/www.lovendal.ro\\\/wp52\\\/wp-content\\\/uploads\\\/2021\\\/07\\\/sosea.jpg\",\"width\":350,\"height\":233,\"caption\":\"Imagine: pixabay.com (Commons Creative - free)\"},{\"@type\":\"BreadcrumbList\",\"@id\":\"https:\\\/\\\/www.lovendal.ro\\\/wp52\\\/blestemul-mortilor-din-lagarele-de-razboi-si-din-accidentele-rutiere-ce-a-patit-un-demnitar-comunist\\\/#breadcrumb\",\"itemListElement\":[{\"@type\":\"ListItem\",\"position\":1,\"name\":\"Home\",\"item\":\"https:\\\/\\\/www.lovendal.ro\\\/wp52\\\/\"},{\"@type\":\"ListItem\",\"position\":2,\"name\":\"Blestemul mor\u0163ilor din lag\u0103rele de r\u0103zboi \u015fi din accidentele rutiere: ce a p\u0103\u0163it un demnitar comunist&#8230;\"}]},{\"@type\":\"WebSite\",\"@id\":\"https:\\\/\\\/www.lovendal.ro\\\/wp52\\\/#website\",\"url\":\"https:\\\/\\\/www.lovendal.ro\\\/wp52\\\/\",\"name\":\"Secretele lui Lovendal\",\"description\":\"Site de secrete, stiinta si metafizica - din 2008 -\",\"publisher\":{\"@id\":\"https:\\\/\\\/www.lovendal.ro\\\/wp52\\\/#organization\"},\"potentialAction\":[{\"@type\":\"SearchAction\",\"target\":{\"@type\":\"EntryPoint\",\"urlTemplate\":\"https:\\\/\\\/www.lovendal.ro\\\/wp52\\\/?s={search_term_string}\"},\"query-input\":{\"@type\":\"PropertyValueSpecification\",\"valueRequired\":true,\"valueName\":\"search_term_string\"}}],\"inLanguage\":\"ro-RO\"},{\"@type\":\"Organization\",\"@id\":\"https:\\\/\\\/www.lovendal.ro\\\/wp52\\\/#organization\",\"name\":\"Secretele lui Lovendal\",\"url\":\"https:\\\/\\\/www.lovendal.ro\\\/wp52\\\/\",\"logo\":{\"@type\":\"ImageObject\",\"inLanguage\":\"ro-RO\",\"@id\":\"https:\\\/\\\/www.lovendal.ro\\\/wp52\\\/#\\\/schema\\\/logo\\\/image\\\/\",\"url\":\"https:\\\/\\\/www.lovendal.ro\\\/wp52\\\/wp-content\\\/uploads\\\/2024\\\/06\\\/cropped-SLL-iun-2024-1.jpg\",\"contentUrl\":\"https:\\\/\\\/www.lovendal.ro\\\/wp52\\\/wp-content\\\/uploads\\\/2024\\\/06\\\/cropped-SLL-iun-2024-1.jpg\",\"width\":771,\"height\":240,\"caption\":\"Secretele lui Lovendal\"},\"image\":{\"@id\":\"https:\\\/\\\/www.lovendal.ro\\\/wp52\\\/#\\\/schema\\\/logo\\\/image\\\/\"},\"sameAs\":[\"https:\\\/\\\/www.facebook.com\\\/secreteleluilovendal\"]},{\"@type\":\"Person\",\"@id\":\"https:\\\/\\\/www.lovendal.ro\\\/wp52\\\/#\\\/schema\\\/person\\\/088691de5dfc346bb0c023e1e52ef5d9\",\"name\":\"admin\",\"image\":{\"@type\":\"ImageObject\",\"inLanguage\":\"ro-RO\",\"@id\":\"https:\\\/\\\/secure.gravatar.com\\\/avatar\\\/ecb9cd41f5f63c9c9b989999a59f6e2639a865ec361e9db054db0679a8f341c2?s=96&d=mm&r=g\",\"url\":\"https:\\\/\\\/secure.gravatar.com\\\/avatar\\\/ecb9cd41f5f63c9c9b989999a59f6e2639a865ec361e9db054db0679a8f341c2?s=96&d=mm&r=g\",\"contentUrl\":\"https:\\\/\\\/secure.gravatar.com\\\/avatar\\\/ecb9cd41f5f63c9c9b989999a59f6e2639a865ec361e9db054db0679a8f341c2?s=96&d=mm&r=g\",\"caption\":\"admin\"},\"sameAs\":[\"https:\\\/\\\/www.lovendal.ro\\\/wp52\"]}]}<\/script>\n<!-- \/ Yoast SEO Premium plugin. -->","yoast_head_json":{"title":"Blestemul mor\u0163ilor din lag\u0103rele de r\u0103zboi \u015fi din accidentele rutiere: ce a p\u0103\u0163it un demnitar comunist... - Secretele lui Lovendal","robots":{"index":"index","follow":"follow","max-snippet":"max-snippet:-1","max-image-preview":"max-image-preview:large","max-video-preview":"max-video-preview:-1"},"canonical":"https:\/\/www.lovendal.ro\/wp52\/blestemul-mortilor-din-lagarele-de-razboi-si-din-accidentele-rutiere-ce-a-patit-un-demnitar-comunist\/","og_locale":"ro_RO","og_type":"article","og_title":"Blestemul mor\u0163ilor din lag\u0103rele de r\u0103zboi \u015fi din accidentele rutiere: ce a p\u0103\u0163it un demnitar comunist...","og_description":"Pe Valea Per\u015fanilor, sub Dealul Talharia (jude\u0163ul Bra\u015fov), existau dou\u0103 lag\u0103re de prizonieri ru\u0219i \u00een perioada 1942-1944. Aici au murit sute de oameni nevinova\u021bi, departe de casele lor, iar cei r\u0103ma\u0219i ar\u0103tau ca ni\u0219te umbre \u00eembr\u0103cate \u00een mantale cenu\u0219ii. Dup\u0103 ... Cititi mai multe","og_url":"https:\/\/www.lovendal.ro\/wp52\/blestemul-mortilor-din-lagarele-de-razboi-si-din-accidentele-rutiere-ce-a-patit-un-demnitar-comunist\/","og_site_name":"Secretele lui Lovendal","article_publisher":"https:\/\/www.facebook.com\/secreteleluilovendal","article_published_time":"2021-07-25T12:26:07+00:00","og_image":[{"width":350,"height":233,"url":"https:\/\/www.lovendal.ro\/wp52\/wp-content\/uploads\/2021\/07\/sosea.jpg","type":"image\/jpeg"}],"author":"admin","twitter_card":"summary_large_image","twitter_misc":{"Scris de":"admin","Timp estimat pentru citire":"1 minut"},"schema":{"@context":"https:\/\/schema.org","@graph":[{"@type":"Article","@id":"https:\/\/www.lovendal.ro\/wp52\/blestemul-mortilor-din-lagarele-de-razboi-si-din-accidentele-rutiere-ce-a-patit-un-demnitar-comunist\/#article","isPartOf":{"@id":"https:\/\/www.lovendal.ro\/wp52\/blestemul-mortilor-din-lagarele-de-razboi-si-din-accidentele-rutiere-ce-a-patit-un-demnitar-comunist\/"},"author":{"name":"admin","@id":"https:\/\/www.lovendal.ro\/wp52\/#\/schema\/person\/088691de5dfc346bb0c023e1e52ef5d9"},"headline":"Blestemul mor\u0163ilor din lag\u0103rele de r\u0103zboi \u015fi din accidentele rutiere: ce a p\u0103\u0163it un demnitar comunist&#8230;","datePublished":"2021-07-25T12:26:07+00:00","mainEntityOfPage":{"@id":"https:\/\/www.lovendal.ro\/wp52\/blestemul-mortilor-din-lagarele-de-razboi-si-din-accidentele-rutiere-ce-a-patit-un-demnitar-comunist\/"},"wordCount":219,"commentCount":0,"publisher":{"@id":"https:\/\/www.lovendal.ro\/wp52\/#organization"},"image":{"@id":"https:\/\/www.lovendal.ro\/wp52\/blestemul-mortilor-din-lagarele-de-razboi-si-din-accidentele-rutiere-ce-a-patit-un-demnitar-comunist\/#primaryimage"},"thumbnailUrl":"https:\/\/www.lovendal.ro\/wp52\/wp-content\/uploads\/2021\/07\/sosea.jpg","keywords":["accident","Bizar","blestem","Bra\u015fov","Bucure\u015fti","coinciden\u0163\u0103","cruce","lag\u0103r","Mun\u0163ii Ural","Transilvania"],"articleSection":["Bizar"],"inLanguage":"ro-RO","potentialAction":[{"@type":"CommentAction","name":"Comment","target":["https:\/\/www.lovendal.ro\/wp52\/blestemul-mortilor-din-lagarele-de-razboi-si-din-accidentele-rutiere-ce-a-patit-un-demnitar-comunist\/#respond"]}]},{"@type":"WebPage","@id":"https:\/\/www.lovendal.ro\/wp52\/blestemul-mortilor-din-lagarele-de-razboi-si-din-accidentele-rutiere-ce-a-patit-un-demnitar-comunist\/","url":"https:\/\/www.lovendal.ro\/wp52\/blestemul-mortilor-din-lagarele-de-razboi-si-din-accidentele-rutiere-ce-a-patit-un-demnitar-comunist\/","name":"Blestemul mor\u0163ilor din lag\u0103rele de r\u0103zboi \u015fi din accidentele rutiere: ce a p\u0103\u0163it un demnitar comunist... - Secretele lui Lovendal","isPartOf":{"@id":"https:\/\/www.lovendal.ro\/wp52\/#website"},"primaryImageOfPage":{"@id":"https:\/\/www.lovendal.ro\/wp52\/blestemul-mortilor-din-lagarele-de-razboi-si-din-accidentele-rutiere-ce-a-patit-un-demnitar-comunist\/#primaryimage"},"image":{"@id":"https:\/\/www.lovendal.ro\/wp52\/blestemul-mortilor-din-lagarele-de-razboi-si-din-accidentele-rutiere-ce-a-patit-un-demnitar-comunist\/#primaryimage"},"thumbnailUrl":"https:\/\/www.lovendal.ro\/wp52\/wp-content\/uploads\/2021\/07\/sosea.jpg","datePublished":"2021-07-25T12:26:07+00:00","breadcrumb":{"@id":"https:\/\/www.lovendal.ro\/wp52\/blestemul-mortilor-din-lagarele-de-razboi-si-din-accidentele-rutiere-ce-a-patit-un-demnitar-comunist\/#breadcrumb"},"inLanguage":"ro-RO","potentialAction":[{"@type":"ReadAction","target":["https:\/\/www.lovendal.ro\/wp52\/blestemul-mortilor-din-lagarele-de-razboi-si-din-accidentele-rutiere-ce-a-patit-un-demnitar-comunist\/"]}]},{"@type":"ImageObject","inLanguage":"ro-RO","@id":"https:\/\/www.lovendal.ro\/wp52\/blestemul-mortilor-din-lagarele-de-razboi-si-din-accidentele-rutiere-ce-a-patit-un-demnitar-comunist\/#primaryimage","url":"https:\/\/www.lovendal.ro\/wp52\/wp-content\/uploads\/2021\/07\/sosea.jpg","contentUrl":"https:\/\/www.lovendal.ro\/wp52\/wp-content\/uploads\/2021\/07\/sosea.jpg","width":350,"height":233,"caption":"Imagine: pixabay.com (Commons Creative - free)"},{"@type":"BreadcrumbList","@id":"https:\/\/www.lovendal.ro\/wp52\/blestemul-mortilor-din-lagarele-de-razboi-si-din-accidentele-rutiere-ce-a-patit-un-demnitar-comunist\/#breadcrumb","itemListElement":[{"@type":"ListItem","position":1,"name":"Home","item":"https:\/\/www.lovendal.ro\/wp52\/"},{"@type":"ListItem","position":2,"name":"Blestemul mor\u0163ilor din lag\u0103rele de r\u0103zboi \u015fi din accidentele rutiere: ce a p\u0103\u0163it un demnitar comunist&#8230;"}]},{"@type":"WebSite","@id":"https:\/\/www.lovendal.ro\/wp52\/#website","url":"https:\/\/www.lovendal.ro\/wp52\/","name":"Secretele lui Lovendal","description":"Site de secrete, stiinta si metafizica - din 2008 -","publisher":{"@id":"https:\/\/www.lovendal.ro\/wp52\/#organization"},"potentialAction":[{"@type":"SearchAction","target":{"@type":"EntryPoint","urlTemplate":"https:\/\/www.lovendal.ro\/wp52\/?s={search_term_string}"},"query-input":{"@type":"PropertyValueSpecification","valueRequired":true,"valueName":"search_term_string"}}],"inLanguage":"ro-RO"},{"@type":"Organization","@id":"https:\/\/www.lovendal.ro\/wp52\/#organization","name":"Secretele lui Lovendal","url":"https:\/\/www.lovendal.ro\/wp52\/","logo":{"@type":"ImageObject","inLanguage":"ro-RO","@id":"https:\/\/www.lovendal.ro\/wp52\/#\/schema\/logo\/image\/","url":"https:\/\/www.lovendal.ro\/wp52\/wp-content\/uploads\/2024\/06\/cropped-SLL-iun-2024-1.jpg","contentUrl":"https:\/\/www.lovendal.ro\/wp52\/wp-content\/uploads\/2024\/06\/cropped-SLL-iun-2024-1.jpg","width":771,"height":240,"caption":"Secretele lui Lovendal"},"image":{"@id":"https:\/\/www.lovendal.ro\/wp52\/#\/schema\/logo\/image\/"},"sameAs":["https:\/\/www.facebook.com\/secreteleluilovendal"]},{"@type":"Person","@id":"https:\/\/www.lovendal.ro\/wp52\/#\/schema\/person\/088691de5dfc346bb0c023e1e52ef5d9","name":"admin","image":{"@type":"ImageObject","inLanguage":"ro-RO","@id":"https:\/\/secure.gravatar.com\/avatar\/ecb9cd41f5f63c9c9b989999a59f6e2639a865ec361e9db054db0679a8f341c2?s=96&d=mm&r=g","url":"https:\/\/secure.gravatar.com\/avatar\/ecb9cd41f5f63c9c9b989999a59f6e2639a865ec361e9db054db0679a8f341c2?s=96&d=mm&r=g","contentUrl":"https:\/\/secure.gravatar.com\/avatar\/ecb9cd41f5f63c9c9b989999a59f6e2639a865ec361e9db054db0679a8f341c2?s=96&d=mm&r=g","caption":"admin"},"sameAs":["https:\/\/www.lovendal.ro\/wp52"]}]}},"_links":{"self":[{"href":"https:\/\/www.lovendal.ro\/wp52\/wp-json\/wp\/v2\/posts\/75660","targetHints":{"allow":["GET"]}}],"collection":[{"href":"https:\/\/www.lovendal.ro\/wp52\/wp-json\/wp\/v2\/posts"}],"about":[{"href":"https:\/\/www.lovendal.ro\/wp52\/wp-json\/wp\/v2\/types\/post"}],"author":[{"embeddable":true,"href":"https:\/\/www.lovendal.ro\/wp52\/wp-json\/wp\/v2\/users\/1"}],"replies":[{"embeddable":true,"href":"https:\/\/www.lovendal.ro\/wp52\/wp-json\/wp\/v2\/comments?post=75660"}],"version-history":[{"count":0,"href":"https:\/\/www.lovendal.ro\/wp52\/wp-json\/wp\/v2\/posts\/75660\/revisions"}],"wp:featuredmedia":[{"embeddable":true,"href":"https:\/\/www.lovendal.ro\/wp52\/wp-json\/wp\/v2\/media\/75661"}],"wp:attachment":[{"href":"https:\/\/www.lovendal.ro\/wp52\/wp-json\/wp\/v2\/media?parent=75660"}],"wp:term":[{"taxonomy":"category","embeddable":true,"href":"https:\/\/www.lovendal.ro\/wp52\/wp-json\/wp\/v2\/categories?post=75660"},{"taxonomy":"post_tag","embeddable":true,"href":"https:\/\/www.lovendal.ro\/wp52\/wp-json\/wp\/v2\/tags?post=75660"}],"curies":[{"name":"wp","href":"https:\/\/api.w.org\/{rel}","templated":true}]}}