{"id":7565,"date":"2009-09-12T04:34:04","date_gmt":"2009-09-12T01:34:04","guid":{"rendered":"http:\/\/www.lovendal.net\/wp52\/?p=7565"},"modified":"2009-09-14T18:39:03","modified_gmt":"2009-09-14T15:39:03","slug":"vanga-prezicatoarea-care-ne-anunta-ca-in-2010-va-incepe-cel-de-al-treilea-razboi-mondial","status":"publish","type":"post","link":"https:\/\/www.lovendal.ro\/wp52\/vanga-prezicatoarea-care-ne-anunta-ca-in-2010-va-incepe-cel-de-al-treilea-razboi-mondial\/","title":{"rendered":"Vanga, prezic\u0103toarea care ne anun\u0163\u0103 c\u0103 \u00een 2010 va \u00eencepe cel de-al treilea r\u0103zboi mondial"},"content":{"rendered":"<p><a href=\"https:\/\/www.lovendal.ro\/wp52\/wp-content\/uploads\/2009\/09\/Vanga1.jpg\"><img loading=\"lazy\" decoding=\"async\" class=\"alignleft size-full wp-image-7566\" title=\"Vanga1\" src=\"https:\/\/www.lovendal.ro\/wp52\/wp-content\/uploads\/2009\/09\/Vanga1.jpg\" alt=\"Vanga1\" width=\"275\" height=\"266\" srcset=\"https:\/\/www.lovendal.ro\/wp52\/wp-content\/uploads\/2009\/09\/Vanga1.jpg 305w, https:\/\/www.lovendal.ro\/wp52\/wp-content\/uploads\/2009\/09\/Vanga1-300x290.jpg 300w\" sizes=\"auto, (max-width: 275px) 100vw, 275px\" \/><\/a>Nu mult\u0103 lume crede \u00een clarv\u0103z\u0103tori, p\u00e2n\u0103 \u00een momentul \u00een care predic\u0163iile lor se adeveresc. O clarv\u0103z\u0103toare din Bulgaria a devenit cunoscut\u0103 dup\u0103 ce a prezis c\u0103derea turnurilor gemene din SUA dar \u015fi c\u0103 al Treilea R\u0103zboi Mondial va \u00eencepe \u00een 2010, scrie<em> pravda.ru.<\/em><\/p>\n<p>Vangelia Gushterova, cunoscut\u0103 mai mult sub numele de Vanga, este o b\u0103tr\u00e2n\u0103 din Bulgaria care a avut darul de a prevedea dezastrele naturale. De exemplu, femeia a afirmat c\u0103<em> &#8222;Fra\u0163ii americani vor c\u0103dea \u00een urma atacului p\u0103s\u0103rilor de o\u0163el<\/em>&#8222;, cu c\u00e2teva luni \u00eenainte c\u0103 tragedia de pe 11 septembrie 2001 s\u0103 aib\u0103 loc. Mai mult, localnicii spun c\u0103 Vanga a prezis \u00eenceperea celui de-al Doilea R\u0103zboi Mondial, perestroika din URSS, moartea prin\u0163esei Diana dar \u015fi scufundarea submarinului Kursk. Speciali\u015ftii au declarat c\u0103 femeia a prezis \u015fi conflictul armat din Ossetia de Sud.<\/p>\n<p><strong>Al Treilea R\u0103zboi Mondial va \u00eencepe din pricina unor atentate la via\u0163a unor conduc\u0103tori guvernamentali<\/strong><\/p>\n<p>Clarv\u0103z\u0103toarea din Bulgaria spunea c\u0103 al Treilea R\u0103zboi Mondial va fi declan\u015fat \u00een 2010, \u00een momentul \u00een care se va atent\u0103 la via\u0163a unor conduc\u0103tori guvernamentali \u015fi dup\u0103 un conflict \u00een zona Hindustan, India.<\/p>\n<p>Vanga declara c\u0103 abilit\u0103\u0163ile ei neobi\u015fnuite au leg\u0103tur\u0103 cu prezen\u0163a unor creaturi invizibile \u00eens\u0103 n-a putut s\u0103 explice originea lor. Ea a men\u0163ionat ca acele creaturi \u00eei dau informa\u0163ii despre oameni. Ea vedea via\u0163a unui om ca un film, de la na\u015ftere p\u00e2n\u0103 la moarte. \u00cens\u0103 nu putea s\u0103 intervin\u0103 \u015fi s\u0103 schimbe ce prezicea, \u00eentruc\u00e2t este peste puterile ei, spunea femeia.<\/p>\n<p>Oamenii vor intra \u00een contact cu o civiliza\u0163ie extraterestr\u0103 peste 200 de ani, conform clarv\u0103z\u0103toarei. Vanga era cunoscut\u0103 \u015fi ca &#8222;vraci&#8221;, reu\u015find s\u0103 vindece numeroase persoane cu ajutorul plantelor medicinale. B\u0103tr\u00e2na a declarat c\u0103 oamenii ar trebui s\u0103 se vindece cu ierburi naturale din \u0163ar\u0103 \u00een care tr\u0103iesc dar nu este \u00eempotriva medicamentelor. Doar c\u0103 excesul de medicamente<em> &#8222;\u00eenchide u\u015file prin care natura reface echilibrul din organism cu ajutorul ierburilor&#8221;,<\/em> a spus Vanga.<\/p>\n<p><a href=\"https:\/\/www.lovendal.ro\/wp52\/wp-content\/uploads\/2009\/09\/Vanga2.jpg\"><img loading=\"lazy\" decoding=\"async\" class=\"alignleft size-full wp-image-7567\" title=\"Vanga2\" src=\"https:\/\/www.lovendal.ro\/wp52\/wp-content\/uploads\/2009\/09\/Vanga2.jpg\" alt=\"Vanga2\" width=\"202\" height=\"175\" \/><\/a>Clarv\u0103z\u0103toarea f\u0103cea profe\u0163ii \u015fi despre bebelu\u015fi sau copiii nen\u0103scu\u0163i \u00eenc\u0103. A declarat c\u0103 vede \u015fi vorbe\u015fte cu oameni care au decedat de sute de ani. Despre viitor nu-i prea pl\u0103cea s\u0103 vorbeasc\u0103 \u00eens\u0103 a mai spus c\u0103, \u00een aproximativ 200 de ani, oamenii vor lua contact \u015fi cu civiliza\u0163ii din alte lumi. Mai mult de at\u00e2t, Vanga a declarat c\u0103 sunt mul\u0163i extratere\u015ftri care tr\u0103iesc pe P\u0103m\u00e2nt de c\u00e2\u0163iva ani. Ei vin de pe o planet\u0103, care \u00een limba lor se cheam\u0103 Vamfim \u015fi este a treia planet\u0103 de la P\u0103m\u00e2nt. Probabil c\u0103 nu auzise de a\u015fa-numita Biserica Scientologic\u0103, dar s-ar fi \u00eencadrat perfect printre adep\u0163ii sectei dac\u0103 s-ar fi ivit ocazia&#8230;<\/p>\n<p>Cei care au stat de vorb\u0103 cu Vanga au declarat c\u0103 femeia \u015ftia ziua c\u00e2nd urma s\u0103 moar\u0103 \u015fi c\u0103, dup\u0103 spusele clarv\u0103z\u0103toarei, o feti\u0163\u0103 de zece ani din Fran\u0163a \u00eei va mo\u015fteni harul iar lumea va auzi de ea, \u00een cur\u00e2nd.<\/p>\n<p><strong>Cine a fost Vanga?<\/strong><\/p>\n<p>Vanga reprezint\u0103 unul dintre cei mai cunoscu\u0163i mediumi care au tr\u0103it pe P\u0103m\u00e2nt. S-a n\u0103scut la data de 31 ianuarie 1911 \u00een ora\u015ful Strumit\u0103 din Iugoslavia, \u00een familia unor plugari s\u0103raci. A v\u0103zut lumina zilei cu dou\u0103 luni \u00eenainte de soroc, era foarte pl\u0103p\u00e2nd\u0103, avea urechile lipite de cap \u015fi tot a\u015fa, lipite, degetele de la m\u00e2ine \u015fi picioare. Mama Vang\u0103i a murit la v\u00e2rsta de trei ani, r\u0103m\u00e2n\u00e2nd \u00een grija unei vecine pe nume asanita, o turcoaic\u0103 bun\u0103 \u015fi miloas\u0103.<\/p>\n<p>La v\u00e2rsta de dou\u0103sprezece ani, a fost prins\u0103 de o furtun\u0103 grozav\u0103 care a purtat-o la doi kilometri distan\u0163\u0103. A fost g\u0103sit\u0103 acoperit\u0103 cu buc\u0103\u0163i de p\u0103m\u00e2nt, pietre \u015fi crengi. Ochii erau plini de praf \u015fi nu-i mai putea deschide, av\u00e2nd dureri \u00eengrozitoare. Au dus-o acas\u0103, au spalat-o \u015fi s-au str\u0103duit cu to\u0163ii s\u0103-i aline durerile. I-au sp\u0103lat ochii cu o infuzie din plante, au apelat la vr\u0103jitoare \u015fi desc\u00e2nt\u0103toare, i-au dat ap\u0103 desc\u00e2ntat\u0103 \u015fi ap\u0103 sfin\u0163it\u0103, dar nimic nu i-a adus alinare. P\u00e2n\u0103-n seara ochii i s-au umplut cu s\u00e2nge \u015fi, \u00eempreun\u0103 cu iri\u015fii, s-au albit. A fost operat\u0103 de un medic, dar \u00een cele din urm\u0103 Vanga a r\u0103mas oarb\u0103 pentru totdeauna.<\/p>\n<p>Familia ei compus\u0103 acum din cinci suflete s-a afundat\u0103 \u00eentr-o s\u0103r\u0103cie \u015fi mai mare. Dezn\u0103dejdea era deplin\u0103. Vanga pl\u00e2ngea \u00eentreaga noapte \u015fi se ruga s\u0103 se fac\u0103 o minune c\u0103 ea s\u0103 vad\u0103 din nou, dar minunea nu s-a produs, iar ea nu se putea consola cu g\u00e2ndul c\u0103 st\u0103 ca o greutate pe capul familiei, f\u0103r\u0103 s\u0103-i poat\u0103 ajuta cu ceva. \u00cen 1925 a fost admis\u0103 la o Cas\u0103 a orbilor. Acolo Vanga a dus o via\u0163\u0103 fericit\u0103 \u00een comparatie cu ceea ce tr\u0103ise p\u00e2n\u0103 atunci. Avea 18 ani, o \u00eenf\u0103\u0163i\u015fare \u00eengrijit\u0103, iar fa\u0163a ei slab\u0103 radia \u00eemp\u0103care \u015fi mul\u0163umire. Printre elevii Casei se afla un t\u00e2n\u0103r, iar Vanga, \u00eendat\u0103 ce-i auzea glasul, inima \u00eencepea s\u0103-i bat\u0103 fericit-tulburat\u0103, iar fa\u0163a i se \u00eencingea de c\u0103ldur\u0103. \u00centr-o zi el i-a m\u0103rturisit c\u0103 o iube\u015fte \u015fi i-a propus s\u0103 se c\u0103s\u0103toreasc\u0103. P\u0103rin\u0163ii s\u0103i erau oameni boga\u0163i \u015fi nu au avut nimic \u00eempotriv\u0103 s\u0103 aib\u0103 grij\u0103 de am\u00e2ndoi. Vanga era at\u00e2t de fericit\u0103, \u00eenc\u00e2t p\u0103rea c\u0103 nu mai atinge p\u0103m\u00e2ntul, dar \u00een scurt timp \u00een locul binecuv\u00e2nt\u0103rii p\u0103rinte\u015fti, Vanga aprimit o veste care i-a dat o lovitur\u0103 de moarte. Tat\u0103l ei o anun\u0163\u0103 c\u0103 trebuie s\u0103 se \u00eentoarc\u0103 acas\u0103 pentru a avea grij\u0103 de copii.<\/p>\n<p><a href=\"https:\/\/www.lovendal.ro\/wp52\/wp-content\/uploads\/2009\/09\/Vanga3.jpg\"><img loading=\"lazy\" decoding=\"async\" class=\"alignleft size-full wp-image-7568\" title=\"Vanga3\" src=\"https:\/\/www.lovendal.ro\/wp52\/wp-content\/uploads\/2009\/09\/Vanga3.jpg\" alt=\"Vanga3\" width=\"250\" height=\"184\" \/><\/a>De aici \u00eencolo, Vanga s-a confruntat din nou cu o s\u0103r\u0103cie lucie \u015fi chinuri inimaginabile. Ea reprezenta cel mai pre\u0163ios sprijin pentru fra\u0163ii ei, fiind o fat\u0103 foarte harnic\u0103 \u015fi priceput\u0103, de\u015fi era oarb\u0103. Ea a \u00eenceput s\u0103-\u015fi manifeste darul prezicerii \u015fi obi\u015fnuia uneori s\u0103 vorbeasc\u0103 cu fiin\u0163e invizibile nev\u0103zute ochilor celorlal\u0163i. A prezis \u015fi iminenta celui de-al doilea r\u0103zboi mondial, de\u015fi cei apropia\u0163i nu au crezut-o. Cu pu\u0163in \u00eenainte ca r\u0103zboiul s\u0103 \u00eenceap\u0103, un b\u0103rbat \u00eenalt, blond \u015fi dumnezeiesc de frumos, \u00eembr\u0103cat ca un r\u0103zboinic din antichitate, \u00eentr-o armur\u0103 ce str\u0103lucea \u00een lumna lunii, c\u0103l\u0103rind un cal alb, s-a oprit \u00een fa\u0163a por\u0163ii Vang\u0103i, a desc\u0103lecat \u015fi a intrat \u00een c\u0103m\u0103ru\u0163a \u00eentunecoas\u0103. Iradia at\u00e2ta str\u0103lucire, c\u0103 \u00een\u0103untru s-a f\u0103cut str\u0103lucire c\u0103 ziua. S-a \u00eentors c\u0103tre Vanga \u015fi a gl\u0103suit cu voce puternic\u0103: \u00cen cur\u00e2nd lumea se va tulbur\u0103 \u015fi mul\u0163i oameni vor pieri. Tu vei r\u0103m\u00e2ne \u00een acest loc \u015fi vei prooroci despre mor\u0163i \u015fi vii. Nu te teme! Eu \u00ee\u0163i voi spune ce s\u0103 prezici! La 6 aprilie, 1941, a\u015fa cum spusese cu un an \u00een urma Vanga, trupele germane au traversat grani\u0163a iugoslav\u0103.<\/p>\n<p>Vanga a murit \u00een anul 1996, l\u0103s\u00e2nd \u00een urm\u0103 o mul\u0163ime de profe\u0163ii.<\/p>\n<p><strong><em>Sursa: <\/em>www.ziua.ro<\/strong><\/p>\n","protected":false},"excerpt":{"rendered":"<p>Nu mult\u0103 lume crede \u00een clarv\u0103z\u0103tori, p\u00e2n\u0103 \u00een momentul \u00een care predic\u0163iile lor se adeveresc. O clarv\u0103z\u0103toare din Bulgaria a devenit cunoscut\u0103 dup\u0103 ce a prezis c\u0103derea turnurilor gemene din SUA dar \u015fi c\u0103 al Treilea R\u0103zboi Mondial va \u00eencepe &#8230; <\/p>\n<p class=\"read-more-container\"><a title=\"Vanga, prezic\u0103toarea care ne anun\u0163\u0103 c\u0103 \u00een 2010 va \u00eencepe cel de-al treilea r\u0103zboi mondial\" class=\"read-more button\" href=\"https:\/\/www.lovendal.ro\/wp52\/vanga-prezicatoarea-care-ne-anunta-ca-in-2010-va-incepe-cel-de-al-treilea-razboi-mondial\/#more-7565\" aria-label=\"Cite\u0219te mai multe despre Vanga, prezic\u0103toarea care ne anun\u0163\u0103 c\u0103 \u00een 2010 va \u00eencepe cel de-al treilea r\u0103zboi mondial\">Cititi mai multe<\/a><\/p>\n","protected":false},"author":1,"featured_media":7566,"comment_status":"open","ping_status":"closed","sticky":false,"template":"","format":"standard","meta":{"footnotes":""},"categories":[14],"tags":[2167,911,9796,505,73,2166],"class_list":["post-7565","post","type-post","status-publish","format-standard","has-post-thumbnail","hentry","category-paranormal-spiritualitate","tag-2167","tag-bulgaria","tag-paranormal-spiritualitate","tag-prezicere","tag-razboi","tag-vanga","resize-featured-image"],"yoast_head":"<!-- This site is optimized with the Yoast SEO Premium plugin v23.3 (Yoast SEO v27.4) - https:\/\/yoast.com\/product\/yoast-seo-premium-wordpress\/ -->\n<title>Vanga, prezic\u0103toarea care ne anun\u0163\u0103 c\u0103 \u00een 2010 va \u00eencepe cel de-al treilea r\u0103zboi mondial - Secretele lui Lovendal<\/title>\n<meta name=\"robots\" content=\"index, follow, max-snippet:-1, max-image-preview:large, max-video-preview:-1\" \/>\n<link rel=\"canonical\" href=\"https:\/\/www.lovendal.ro\/wp52\/vanga-prezicatoarea-care-ne-anunta-ca-in-2010-va-incepe-cel-de-al-treilea-razboi-mondial\/\" \/>\n<meta property=\"og:locale\" content=\"ro_RO\" \/>\n<meta property=\"og:type\" content=\"article\" \/>\n<meta property=\"og:title\" content=\"Vanga, prezic\u0103toarea care ne anun\u0163\u0103 c\u0103 \u00een 2010 va \u00eencepe cel de-al treilea r\u0103zboi mondial\" \/>\n<meta property=\"og:description\" content=\"Nu mult\u0103 lume crede \u00een clarv\u0103z\u0103tori, p\u00e2n\u0103 \u00een momentul \u00een care predic\u0163iile lor se adeveresc. O clarv\u0103z\u0103toare din Bulgaria a devenit cunoscut\u0103 dup\u0103 ce a prezis c\u0103derea turnurilor gemene din SUA dar \u015fi c\u0103 al Treilea R\u0103zboi Mondial va \u00eencepe ... Cititi mai multe\" \/>\n<meta property=\"og:url\" content=\"https:\/\/www.lovendal.ro\/wp52\/vanga-prezicatoarea-care-ne-anunta-ca-in-2010-va-incepe-cel-de-al-treilea-razboi-mondial\/\" \/>\n<meta property=\"og:site_name\" content=\"Secretele lui Lovendal\" \/>\n<meta property=\"article:publisher\" content=\"https:\/\/www.facebook.com\/secreteleluilovendal\" \/>\n<meta property=\"article:published_time\" content=\"2009-09-12T01:34:04+00:00\" \/>\n<meta property=\"article:modified_time\" content=\"2009-09-14T15:39:03+00:00\" \/>\n<meta property=\"og:image\" content=\"https:\/\/www.lovendal.ro\/wp52\/wp-content\/uploads\/2009\/09\/Vanga1.jpg\" \/>\n\t<meta property=\"og:image:width\" content=\"305\" \/>\n\t<meta property=\"og:image:height\" content=\"295\" \/>\n\t<meta property=\"og:image:type\" content=\"image\/jpeg\" \/>\n<meta name=\"author\" content=\"admin\" \/>\n<meta name=\"twitter:card\" content=\"summary_large_image\" \/>\n<meta name=\"twitter:label1\" content=\"Scris de\" \/>\n\t<meta name=\"twitter:data1\" content=\"admin\" \/>\n\t<meta name=\"twitter:label2\" content=\"Timp estimat pentru citire\" \/>\n\t<meta name=\"twitter:data2\" content=\"6 minute\" \/>\n<script type=\"application\/ld+json\" class=\"yoast-schema-graph\">{\"@context\":\"https:\\\/\\\/schema.org\",\"@graph\":[{\"@type\":\"Article\",\"@id\":\"https:\\\/\\\/www.lovendal.ro\\\/wp52\\\/vanga-prezicatoarea-care-ne-anunta-ca-in-2010-va-incepe-cel-de-al-treilea-razboi-mondial\\\/#article\",\"isPartOf\":{\"@id\":\"https:\\\/\\\/www.lovendal.ro\\\/wp52\\\/vanga-prezicatoarea-care-ne-anunta-ca-in-2010-va-incepe-cel-de-al-treilea-razboi-mondial\\\/\"},\"author\":{\"name\":\"admin\",\"@id\":\"https:\\\/\\\/www.lovendal.ro\\\/wp52\\\/#\\\/schema\\\/person\\\/088691de5dfc346bb0c023e1e52ef5d9\"},\"headline\":\"Vanga, prezic\u0103toarea care ne anun\u0163\u0103 c\u0103 \u00een 2010 va \u00eencepe cel de-al treilea r\u0103zboi mondial\",\"datePublished\":\"2009-09-12T01:34:04+00:00\",\"dateModified\":\"2009-09-14T15:39:03+00:00\",\"mainEntityOfPage\":{\"@id\":\"https:\\\/\\\/www.lovendal.ro\\\/wp52\\\/vanga-prezicatoarea-care-ne-anunta-ca-in-2010-va-incepe-cel-de-al-treilea-razboi-mondial\\\/\"},\"wordCount\":1279,\"commentCount\":25,\"publisher\":{\"@id\":\"https:\\\/\\\/www.lovendal.ro\\\/wp52\\\/#organization\"},\"image\":{\"@id\":\"https:\\\/\\\/www.lovendal.ro\\\/wp52\\\/vanga-prezicatoarea-care-ne-anunta-ca-in-2010-va-incepe-cel-de-al-treilea-razboi-mondial\\\/#primaryimage\"},\"thumbnailUrl\":\"https:\\\/\\\/www.lovendal.ro\\\/wp52\\\/wp-content\\\/uploads\\\/2009\\\/09\\\/Vanga1.jpg\",\"keywords\":[\"2010\",\"Bulgaria\",\"Paranormal-Spiritualitate\",\"prezicere\",\"r\u0103zboi\",\"Vanga\"],\"articleSection\":[\"Paranormal-Spiritualitate\"],\"inLanguage\":\"ro-RO\",\"potentialAction\":[{\"@type\":\"CommentAction\",\"name\":\"Comment\",\"target\":[\"https:\\\/\\\/www.lovendal.ro\\\/wp52\\\/vanga-prezicatoarea-care-ne-anunta-ca-in-2010-va-incepe-cel-de-al-treilea-razboi-mondial\\\/#respond\"]}]},{\"@type\":\"WebPage\",\"@id\":\"https:\\\/\\\/www.lovendal.ro\\\/wp52\\\/vanga-prezicatoarea-care-ne-anunta-ca-in-2010-va-incepe-cel-de-al-treilea-razboi-mondial\\\/\",\"url\":\"https:\\\/\\\/www.lovendal.ro\\\/wp52\\\/vanga-prezicatoarea-care-ne-anunta-ca-in-2010-va-incepe-cel-de-al-treilea-razboi-mondial\\\/\",\"name\":\"Vanga, prezic\u0103toarea care ne anun\u0163\u0103 c\u0103 \u00een 2010 va \u00eencepe cel de-al treilea r\u0103zboi mondial - Secretele lui Lovendal\",\"isPartOf\":{\"@id\":\"https:\\\/\\\/www.lovendal.ro\\\/wp52\\\/#website\"},\"primaryImageOfPage\":{\"@id\":\"https:\\\/\\\/www.lovendal.ro\\\/wp52\\\/vanga-prezicatoarea-care-ne-anunta-ca-in-2010-va-incepe-cel-de-al-treilea-razboi-mondial\\\/#primaryimage\"},\"image\":{\"@id\":\"https:\\\/\\\/www.lovendal.ro\\\/wp52\\\/vanga-prezicatoarea-care-ne-anunta-ca-in-2010-va-incepe-cel-de-al-treilea-razboi-mondial\\\/#primaryimage\"},\"thumbnailUrl\":\"https:\\\/\\\/www.lovendal.ro\\\/wp52\\\/wp-content\\\/uploads\\\/2009\\\/09\\\/Vanga1.jpg\",\"datePublished\":\"2009-09-12T01:34:04+00:00\",\"dateModified\":\"2009-09-14T15:39:03+00:00\",\"breadcrumb\":{\"@id\":\"https:\\\/\\\/www.lovendal.ro\\\/wp52\\\/vanga-prezicatoarea-care-ne-anunta-ca-in-2010-va-incepe-cel-de-al-treilea-razboi-mondial\\\/#breadcrumb\"},\"inLanguage\":\"ro-RO\",\"potentialAction\":[{\"@type\":\"ReadAction\",\"target\":[\"https:\\\/\\\/www.lovendal.ro\\\/wp52\\\/vanga-prezicatoarea-care-ne-anunta-ca-in-2010-va-incepe-cel-de-al-treilea-razboi-mondial\\\/\"]}]},{\"@type\":\"ImageObject\",\"inLanguage\":\"ro-RO\",\"@id\":\"https:\\\/\\\/www.lovendal.ro\\\/wp52\\\/vanga-prezicatoarea-care-ne-anunta-ca-in-2010-va-incepe-cel-de-al-treilea-razboi-mondial\\\/#primaryimage\",\"url\":\"https:\\\/\\\/www.lovendal.ro\\\/wp52\\\/wp-content\\\/uploads\\\/2009\\\/09\\\/Vanga1.jpg\",\"contentUrl\":\"https:\\\/\\\/www.lovendal.ro\\\/wp52\\\/wp-content\\\/uploads\\\/2009\\\/09\\\/Vanga1.jpg\",\"width\":\"305\",\"height\":\"295\"},{\"@type\":\"BreadcrumbList\",\"@id\":\"https:\\\/\\\/www.lovendal.ro\\\/wp52\\\/vanga-prezicatoarea-care-ne-anunta-ca-in-2010-va-incepe-cel-de-al-treilea-razboi-mondial\\\/#breadcrumb\",\"itemListElement\":[{\"@type\":\"ListItem\",\"position\":1,\"name\":\"Home\",\"item\":\"https:\\\/\\\/www.lovendal.ro\\\/wp52\\\/\"},{\"@type\":\"ListItem\",\"position\":2,\"name\":\"Vanga, prezic\u0103toarea care ne anun\u0163\u0103 c\u0103 \u00een 2010 va \u00eencepe cel de-al treilea r\u0103zboi mondial\"}]},{\"@type\":\"WebSite\",\"@id\":\"https:\\\/\\\/www.lovendal.ro\\\/wp52\\\/#website\",\"url\":\"https:\\\/\\\/www.lovendal.ro\\\/wp52\\\/\",\"name\":\"Secretele lui Lovendal\",\"description\":\"Site de secrete, stiinta si metafizica - din 2008 -\",\"publisher\":{\"@id\":\"https:\\\/\\\/www.lovendal.ro\\\/wp52\\\/#organization\"},\"potentialAction\":[{\"@type\":\"SearchAction\",\"target\":{\"@type\":\"EntryPoint\",\"urlTemplate\":\"https:\\\/\\\/www.lovendal.ro\\\/wp52\\\/?s={search_term_string}\"},\"query-input\":{\"@type\":\"PropertyValueSpecification\",\"valueRequired\":true,\"valueName\":\"search_term_string\"}}],\"inLanguage\":\"ro-RO\"},{\"@type\":\"Organization\",\"@id\":\"https:\\\/\\\/www.lovendal.ro\\\/wp52\\\/#organization\",\"name\":\"Secretele lui Lovendal\",\"url\":\"https:\\\/\\\/www.lovendal.ro\\\/wp52\\\/\",\"logo\":{\"@type\":\"ImageObject\",\"inLanguage\":\"ro-RO\",\"@id\":\"https:\\\/\\\/www.lovendal.ro\\\/wp52\\\/#\\\/schema\\\/logo\\\/image\\\/\",\"url\":\"https:\\\/\\\/www.lovendal.ro\\\/wp52\\\/wp-content\\\/uploads\\\/2024\\\/06\\\/cropped-SLL-iun-2024-1.jpg\",\"contentUrl\":\"https:\\\/\\\/www.lovendal.ro\\\/wp52\\\/wp-content\\\/uploads\\\/2024\\\/06\\\/cropped-SLL-iun-2024-1.jpg\",\"width\":771,\"height\":240,\"caption\":\"Secretele lui Lovendal\"},\"image\":{\"@id\":\"https:\\\/\\\/www.lovendal.ro\\\/wp52\\\/#\\\/schema\\\/logo\\\/image\\\/\"},\"sameAs\":[\"https:\\\/\\\/www.facebook.com\\\/secreteleluilovendal\"]},{\"@type\":\"Person\",\"@id\":\"https:\\\/\\\/www.lovendal.ro\\\/wp52\\\/#\\\/schema\\\/person\\\/088691de5dfc346bb0c023e1e52ef5d9\",\"name\":\"admin\",\"image\":{\"@type\":\"ImageObject\",\"inLanguage\":\"ro-RO\",\"@id\":\"https:\\\/\\\/secure.gravatar.com\\\/avatar\\\/ecb9cd41f5f63c9c9b989999a59f6e2639a865ec361e9db054db0679a8f341c2?s=96&d=mm&r=g\",\"url\":\"https:\\\/\\\/secure.gravatar.com\\\/avatar\\\/ecb9cd41f5f63c9c9b989999a59f6e2639a865ec361e9db054db0679a8f341c2?s=96&d=mm&r=g\",\"contentUrl\":\"https:\\\/\\\/secure.gravatar.com\\\/avatar\\\/ecb9cd41f5f63c9c9b989999a59f6e2639a865ec361e9db054db0679a8f341c2?s=96&d=mm&r=g\",\"caption\":\"admin\"},\"sameAs\":[\"https:\\\/\\\/www.lovendal.ro\\\/wp52\"]}]}<\/script>\n<!-- \/ Yoast SEO Premium plugin. -->","yoast_head_json":{"title":"Vanga, prezic\u0103toarea care ne anun\u0163\u0103 c\u0103 \u00een 2010 va \u00eencepe cel de-al treilea r\u0103zboi mondial - Secretele lui Lovendal","robots":{"index":"index","follow":"follow","max-snippet":"max-snippet:-1","max-image-preview":"max-image-preview:large","max-video-preview":"max-video-preview:-1"},"canonical":"https:\/\/www.lovendal.ro\/wp52\/vanga-prezicatoarea-care-ne-anunta-ca-in-2010-va-incepe-cel-de-al-treilea-razboi-mondial\/","og_locale":"ro_RO","og_type":"article","og_title":"Vanga, prezic\u0103toarea care ne anun\u0163\u0103 c\u0103 \u00een 2010 va \u00eencepe cel de-al treilea r\u0103zboi mondial","og_description":"Nu mult\u0103 lume crede \u00een clarv\u0103z\u0103tori, p\u00e2n\u0103 \u00een momentul \u00een care predic\u0163iile lor se adeveresc. O clarv\u0103z\u0103toare din Bulgaria a devenit cunoscut\u0103 dup\u0103 ce a prezis c\u0103derea turnurilor gemene din SUA dar \u015fi c\u0103 al Treilea R\u0103zboi Mondial va \u00eencepe ... Cititi mai multe","og_url":"https:\/\/www.lovendal.ro\/wp52\/vanga-prezicatoarea-care-ne-anunta-ca-in-2010-va-incepe-cel-de-al-treilea-razboi-mondial\/","og_site_name":"Secretele lui Lovendal","article_publisher":"https:\/\/www.facebook.com\/secreteleluilovendal","article_published_time":"2009-09-12T01:34:04+00:00","article_modified_time":"2009-09-14T15:39:03+00:00","og_image":[{"width":305,"height":295,"url":"https:\/\/www.lovendal.ro\/wp52\/wp-content\/uploads\/2009\/09\/Vanga1.jpg","type":"image\/jpeg"}],"author":"admin","twitter_card":"summary_large_image","twitter_misc":{"Scris de":"admin","Timp estimat pentru citire":"6 minute"},"schema":{"@context":"https:\/\/schema.org","@graph":[{"@type":"Article","@id":"https:\/\/www.lovendal.ro\/wp52\/vanga-prezicatoarea-care-ne-anunta-ca-in-2010-va-incepe-cel-de-al-treilea-razboi-mondial\/#article","isPartOf":{"@id":"https:\/\/www.lovendal.ro\/wp52\/vanga-prezicatoarea-care-ne-anunta-ca-in-2010-va-incepe-cel-de-al-treilea-razboi-mondial\/"},"author":{"name":"admin","@id":"https:\/\/www.lovendal.ro\/wp52\/#\/schema\/person\/088691de5dfc346bb0c023e1e52ef5d9"},"headline":"Vanga, prezic\u0103toarea care ne anun\u0163\u0103 c\u0103 \u00een 2010 va \u00eencepe cel de-al treilea r\u0103zboi mondial","datePublished":"2009-09-12T01:34:04+00:00","dateModified":"2009-09-14T15:39:03+00:00","mainEntityOfPage":{"@id":"https:\/\/www.lovendal.ro\/wp52\/vanga-prezicatoarea-care-ne-anunta-ca-in-2010-va-incepe-cel-de-al-treilea-razboi-mondial\/"},"wordCount":1279,"commentCount":25,"publisher":{"@id":"https:\/\/www.lovendal.ro\/wp52\/#organization"},"image":{"@id":"https:\/\/www.lovendal.ro\/wp52\/vanga-prezicatoarea-care-ne-anunta-ca-in-2010-va-incepe-cel-de-al-treilea-razboi-mondial\/#primaryimage"},"thumbnailUrl":"https:\/\/www.lovendal.ro\/wp52\/wp-content\/uploads\/2009\/09\/Vanga1.jpg","keywords":["2010","Bulgaria","Paranormal-Spiritualitate","prezicere","r\u0103zboi","Vanga"],"articleSection":["Paranormal-Spiritualitate"],"inLanguage":"ro-RO","potentialAction":[{"@type":"CommentAction","name":"Comment","target":["https:\/\/www.lovendal.ro\/wp52\/vanga-prezicatoarea-care-ne-anunta-ca-in-2010-va-incepe-cel-de-al-treilea-razboi-mondial\/#respond"]}]},{"@type":"WebPage","@id":"https:\/\/www.lovendal.ro\/wp52\/vanga-prezicatoarea-care-ne-anunta-ca-in-2010-va-incepe-cel-de-al-treilea-razboi-mondial\/","url":"https:\/\/www.lovendal.ro\/wp52\/vanga-prezicatoarea-care-ne-anunta-ca-in-2010-va-incepe-cel-de-al-treilea-razboi-mondial\/","name":"Vanga, prezic\u0103toarea care ne anun\u0163\u0103 c\u0103 \u00een 2010 va \u00eencepe cel de-al treilea r\u0103zboi mondial - Secretele lui Lovendal","isPartOf":{"@id":"https:\/\/www.lovendal.ro\/wp52\/#website"},"primaryImageOfPage":{"@id":"https:\/\/www.lovendal.ro\/wp52\/vanga-prezicatoarea-care-ne-anunta-ca-in-2010-va-incepe-cel-de-al-treilea-razboi-mondial\/#primaryimage"},"image":{"@id":"https:\/\/www.lovendal.ro\/wp52\/vanga-prezicatoarea-care-ne-anunta-ca-in-2010-va-incepe-cel-de-al-treilea-razboi-mondial\/#primaryimage"},"thumbnailUrl":"https:\/\/www.lovendal.ro\/wp52\/wp-content\/uploads\/2009\/09\/Vanga1.jpg","datePublished":"2009-09-12T01:34:04+00:00","dateModified":"2009-09-14T15:39:03+00:00","breadcrumb":{"@id":"https:\/\/www.lovendal.ro\/wp52\/vanga-prezicatoarea-care-ne-anunta-ca-in-2010-va-incepe-cel-de-al-treilea-razboi-mondial\/#breadcrumb"},"inLanguage":"ro-RO","potentialAction":[{"@type":"ReadAction","target":["https:\/\/www.lovendal.ro\/wp52\/vanga-prezicatoarea-care-ne-anunta-ca-in-2010-va-incepe-cel-de-al-treilea-razboi-mondial\/"]}]},{"@type":"ImageObject","inLanguage":"ro-RO","@id":"https:\/\/www.lovendal.ro\/wp52\/vanga-prezicatoarea-care-ne-anunta-ca-in-2010-va-incepe-cel-de-al-treilea-razboi-mondial\/#primaryimage","url":"https:\/\/www.lovendal.ro\/wp52\/wp-content\/uploads\/2009\/09\/Vanga1.jpg","contentUrl":"https:\/\/www.lovendal.ro\/wp52\/wp-content\/uploads\/2009\/09\/Vanga1.jpg","width":"305","height":"295"},{"@type":"BreadcrumbList","@id":"https:\/\/www.lovendal.ro\/wp52\/vanga-prezicatoarea-care-ne-anunta-ca-in-2010-va-incepe-cel-de-al-treilea-razboi-mondial\/#breadcrumb","itemListElement":[{"@type":"ListItem","position":1,"name":"Home","item":"https:\/\/www.lovendal.ro\/wp52\/"},{"@type":"ListItem","position":2,"name":"Vanga, prezic\u0103toarea care ne anun\u0163\u0103 c\u0103 \u00een 2010 va \u00eencepe cel de-al treilea r\u0103zboi mondial"}]},{"@type":"WebSite","@id":"https:\/\/www.lovendal.ro\/wp52\/#website","url":"https:\/\/www.lovendal.ro\/wp52\/","name":"Secretele lui Lovendal","description":"Site de secrete, stiinta si metafizica - din 2008 -","publisher":{"@id":"https:\/\/www.lovendal.ro\/wp52\/#organization"},"potentialAction":[{"@type":"SearchAction","target":{"@type":"EntryPoint","urlTemplate":"https:\/\/www.lovendal.ro\/wp52\/?s={search_term_string}"},"query-input":{"@type":"PropertyValueSpecification","valueRequired":true,"valueName":"search_term_string"}}],"inLanguage":"ro-RO"},{"@type":"Organization","@id":"https:\/\/www.lovendal.ro\/wp52\/#organization","name":"Secretele lui Lovendal","url":"https:\/\/www.lovendal.ro\/wp52\/","logo":{"@type":"ImageObject","inLanguage":"ro-RO","@id":"https:\/\/www.lovendal.ro\/wp52\/#\/schema\/logo\/image\/","url":"https:\/\/www.lovendal.ro\/wp52\/wp-content\/uploads\/2024\/06\/cropped-SLL-iun-2024-1.jpg","contentUrl":"https:\/\/www.lovendal.ro\/wp52\/wp-content\/uploads\/2024\/06\/cropped-SLL-iun-2024-1.jpg","width":771,"height":240,"caption":"Secretele lui Lovendal"},"image":{"@id":"https:\/\/www.lovendal.ro\/wp52\/#\/schema\/logo\/image\/"},"sameAs":["https:\/\/www.facebook.com\/secreteleluilovendal"]},{"@type":"Person","@id":"https:\/\/www.lovendal.ro\/wp52\/#\/schema\/person\/088691de5dfc346bb0c023e1e52ef5d9","name":"admin","image":{"@type":"ImageObject","inLanguage":"ro-RO","@id":"https:\/\/secure.gravatar.com\/avatar\/ecb9cd41f5f63c9c9b989999a59f6e2639a865ec361e9db054db0679a8f341c2?s=96&d=mm&r=g","url":"https:\/\/secure.gravatar.com\/avatar\/ecb9cd41f5f63c9c9b989999a59f6e2639a865ec361e9db054db0679a8f341c2?s=96&d=mm&r=g","contentUrl":"https:\/\/secure.gravatar.com\/avatar\/ecb9cd41f5f63c9c9b989999a59f6e2639a865ec361e9db054db0679a8f341c2?s=96&d=mm&r=g","caption":"admin"},"sameAs":["https:\/\/www.lovendal.ro\/wp52"]}]}},"_links":{"self":[{"href":"https:\/\/www.lovendal.ro\/wp52\/wp-json\/wp\/v2\/posts\/7565","targetHints":{"allow":["GET"]}}],"collection":[{"href":"https:\/\/www.lovendal.ro\/wp52\/wp-json\/wp\/v2\/posts"}],"about":[{"href":"https:\/\/www.lovendal.ro\/wp52\/wp-json\/wp\/v2\/types\/post"}],"author":[{"embeddable":true,"href":"https:\/\/www.lovendal.ro\/wp52\/wp-json\/wp\/v2\/users\/1"}],"replies":[{"embeddable":true,"href":"https:\/\/www.lovendal.ro\/wp52\/wp-json\/wp\/v2\/comments?post=7565"}],"version-history":[{"count":0,"href":"https:\/\/www.lovendal.ro\/wp52\/wp-json\/wp\/v2\/posts\/7565\/revisions"}],"wp:featuredmedia":[{"embeddable":true,"href":"https:\/\/www.lovendal.ro\/wp52\/wp-json\/wp\/v2\/media\/7566"}],"wp:attachment":[{"href":"https:\/\/www.lovendal.ro\/wp52\/wp-json\/wp\/v2\/media?parent=7565"}],"wp:term":[{"taxonomy":"category","embeddable":true,"href":"https:\/\/www.lovendal.ro\/wp52\/wp-json\/wp\/v2\/categories?post=7565"},{"taxonomy":"post_tag","embeddable":true,"href":"https:\/\/www.lovendal.ro\/wp52\/wp-json\/wp\/v2\/tags?post=7565"}],"curies":[{"name":"wp","href":"https:\/\/api.w.org\/{rel}","templated":true}]}}