{"id":75561,"date":"2021-07-17T17:50:58","date_gmt":"2021-07-17T14:50:58","guid":{"rendered":"https:\/\/www.lovendal.ro\/wp52\/?p=75561"},"modified":"2021-07-17T17:50:58","modified_gmt":"2021-07-17T14:50:58","slug":"o-creatura-umanoida-care-se-taraste-asemenea-unui-crab-a-fost-surprinsa-in-costa-rica-ce-poate-fi","status":"publish","type":"post","link":"https:\/\/www.lovendal.ro\/wp52\/o-creatura-umanoida-care-se-taraste-asemenea-unui-crab-a-fost-surprinsa-in-costa-rica-ce-poate-fi\/","title":{"rendered":"O creatur\u0103 umanoid\u0103, care se t\u00e2r\u0103\u015fte asemenea unui crab, a fost surprins\u0103 \u00een Costa Rica! Ce poate fi!?"},"content":{"rendered":"<p><a href=\"https:\/\/www.lovendal.ro\/wp52\/wp-content\/uploads\/2021\/07\/om-crab-Costa-Rica-coperta.jpg\"><img loading=\"lazy\" decoding=\"async\" class=\"alignleft size-full wp-image-75562\" src=\"https:\/\/www.lovendal.ro\/wp52\/wp-content\/uploads\/2021\/07\/om-crab-Costa-Rica-coperta.jpg\" alt=\"\" width=\"370\" height=\"332\" srcset=\"https:\/\/www.lovendal.ro\/wp52\/wp-content\/uploads\/2021\/07\/om-crab-Costa-Rica-coperta.jpg 370w, https:\/\/www.lovendal.ro\/wp52\/wp-content\/uploads\/2021\/07\/om-crab-Costa-Rica-coperta-300x269.jpg 300w\" sizes=\"auto, (max-width: 370px) 100vw, 370px\" \/><\/a>C\u00e2nd am crezut c\u0103 le-am v\u0103zut pe toate \u00een domeniul paranormalului&#8230; iat\u0103 \u00eenc\u0103 o filmare misterioas\u0103, care m-a l\u0103sat &#8222;masc\u0103&#8221;. Astfel, un videoclip provenind de la o camer\u0103 de securitate din Costa Rica prezint\u0103 o creatur\u0103 umanoid\u0103 ciudat\u0103 \u0219i \u00eenfior\u0103toare, care se t\u00e2r\u00e2\u015fte precum un crab, st\u00e2rnind multe discu\u0163ii pe Internet. L\u00e2ng\u0103 creatur\u0103, se vede l\u0103tr\u00e2nd un c\u00e2ine, dar &#8222;omul-crab&#8221; nu este deloc impresionat.<\/p>\n<p>Unii zic c\u0103 ar putea fi vorba de un &#8222;lene\u015f&#8221;. Lene\u0219ii sunt mamifere placentare care vie\u021buiesc \u00een America de Sud \u0219i Central\u0103 \u0219i apar\u021bin subordinului Folivora. Lene\u0219ii au m\u0103rimi cuprinse \u00eentre jum\u0103tate de metru \u0219i 1,7 metri \u015fi se pot clasifica \u00een dou\u0103 genuri: lene\u0219ii cu trei degete \u0219i lene\u0219ii cu dou\u0103 degete. \u00cens\u0103, problema e c\u0103 aceste animale (a\u015fa cum spune \u015fi numele) se mi\u015fc\u0103 extrem de lent: doar 0,27 km\/h (\u015fi atunci c\u00e2nd sunt amenin\u021ba\u0163i), pe c\u00e2nd creaura surprins\u0103 de camera video din Costa Rica se mi\u015fc\u0103 mult mai repede.<\/p>\n<p>Deci, ce-ar putea fi? A falsificat cineva acest videoclip?<\/p>\n<p><a href=\"https:\/\/www.lovendal.ro\/wp52\/wp-content\/uploads\/2021\/07\/om-crab-Costa-Rica.jpg\"><img loading=\"lazy\" decoding=\"async\" class=\"aligncenter size-full wp-image-75563\" src=\"https:\/\/www.lovendal.ro\/wp52\/wp-content\/uploads\/2021\/07\/om-crab-Costa-Rica.jpg\" alt=\"\" width=\"540\" height=\"477\" srcset=\"https:\/\/www.lovendal.ro\/wp52\/wp-content\/uploads\/2021\/07\/om-crab-Costa-Rica.jpg 540w, https:\/\/www.lovendal.ro\/wp52\/wp-content\/uploads\/2021\/07\/om-crab-Costa-Rica-300x265.jpg 300w, https:\/\/www.lovendal.ro\/wp52\/wp-content\/uploads\/2021\/07\/om-crab-Costa-Rica-475x420.jpg 475w\" sizes=\"auto, (max-width: 540px) 100vw, 540px\" \/><\/a>Pute\u0163i urm\u0103ri mai jos videoclipul YouTube:<\/p>\n<p><iframe loading=\"lazy\" title=\"YouTube video player\" src=\"https:\/\/www.youtube.com\/embed\/sefFJ-3_vKU\" width=\"560\" height=\"315\" frameborder=\"0\" allowfullscreen=\"allowfullscreen\"><\/iframe><\/p>\n","protected":false},"excerpt":{"rendered":"<p>C\u00e2nd am crezut c\u0103 le-am v\u0103zut pe toate \u00een domeniul paranormalului&#8230; iat\u0103 \u00eenc\u0103 o filmare misterioas\u0103, care m-a l\u0103sat &#8222;masc\u0103&#8221;. Astfel, un videoclip provenind de la o camer\u0103 de securitate din Costa Rica prezint\u0103 o creatur\u0103 umanoid\u0103 ciudat\u0103 \u0219i \u00eenfior\u0103toare, &#8230; <\/p>\n<p class=\"read-more-container\"><a title=\"O creatur\u0103 umanoid\u0103, care se t\u00e2r\u0103\u015fte asemenea unui crab, a fost surprins\u0103 \u00een Costa Rica! Ce poate fi!?\" class=\"read-more button\" href=\"https:\/\/www.lovendal.ro\/wp52\/o-creatura-umanoida-care-se-taraste-asemenea-unui-crab-a-fost-surprinsa-in-costa-rica-ce-poate-fi\/#more-75561\" aria-label=\"Cite\u0219te mai multe despre O creatur\u0103 umanoid\u0103, care se t\u00e2r\u0103\u015fte asemenea unui crab, a fost surprins\u0103 \u00een Costa Rica! Ce poate fi!?\">Cititi mai multe<\/a><\/p>\n","protected":false},"author":1,"featured_media":75562,"comment_status":"open","ping_status":"open","sticky":false,"template":"","format":"standard","meta":{"footnotes":""},"categories":[5040],"tags":[5583,9818,652,2395,2155,4715,5557,2202,597,16834,7238,2042,1840,4223],"class_list":["post-75561","post","type-post","status-publish","format-standard","has-post-thumbnail","hentry","category-bizar","tag-america-centrala","tag-bizar","tag-caine","tag-camera-video","tag-costa-rica","tag-crab","tag-creatura","tag-degete","tag-internet","tag-lenes","tag-mamifere","tag-videoclip","tag-viteza","tag-youtube","resize-featured-image"],"yoast_head":"<!-- This site is optimized with the Yoast SEO Premium plugin v23.3 (Yoast SEO v27.4) - https:\/\/yoast.com\/product\/yoast-seo-premium-wordpress\/ -->\n<title>O creatur\u0103 umanoid\u0103, care se t\u00e2r\u0103\u015fte asemenea unui crab, a fost surprins\u0103 \u00een Costa Rica! Ce poate fi!? - Secretele lui Lovendal<\/title>\n<meta name=\"robots\" content=\"index, follow, max-snippet:-1, max-image-preview:large, max-video-preview:-1\" \/>\n<link rel=\"canonical\" href=\"https:\/\/www.lovendal.ro\/wp52\/o-creatura-umanoida-care-se-taraste-asemenea-unui-crab-a-fost-surprinsa-in-costa-rica-ce-poate-fi\/\" \/>\n<meta property=\"og:locale\" content=\"ro_RO\" \/>\n<meta property=\"og:type\" content=\"article\" \/>\n<meta property=\"og:title\" content=\"O creatur\u0103 umanoid\u0103, care se t\u00e2r\u0103\u015fte asemenea unui crab, a fost surprins\u0103 \u00een Costa Rica! Ce poate fi!?\" \/>\n<meta property=\"og:description\" content=\"C\u00e2nd am crezut c\u0103 le-am v\u0103zut pe toate \u00een domeniul paranormalului&#8230; iat\u0103 \u00eenc\u0103 o filmare misterioas\u0103, care m-a l\u0103sat &#8222;masc\u0103&#8221;. Astfel, un videoclip provenind de la o camer\u0103 de securitate din Costa Rica prezint\u0103 o creatur\u0103 umanoid\u0103 ciudat\u0103 \u0219i \u00eenfior\u0103toare, ... Cititi mai multe\" \/>\n<meta property=\"og:url\" content=\"https:\/\/www.lovendal.ro\/wp52\/o-creatura-umanoida-care-se-taraste-asemenea-unui-crab-a-fost-surprinsa-in-costa-rica-ce-poate-fi\/\" \/>\n<meta property=\"og:site_name\" content=\"Secretele lui Lovendal\" \/>\n<meta property=\"article:publisher\" content=\"https:\/\/www.facebook.com\/secreteleluilovendal\" \/>\n<meta property=\"article:published_time\" content=\"2021-07-17T14:50:58+00:00\" \/>\n<meta property=\"og:image\" content=\"https:\/\/www.lovendal.ro\/wp52\/wp-content\/uploads\/2021\/07\/om-crab-Costa-Rica-coperta.jpg\" \/>\n\t<meta property=\"og:image:width\" content=\"370\" \/>\n\t<meta property=\"og:image:height\" content=\"332\" \/>\n\t<meta property=\"og:image:type\" content=\"image\/jpeg\" \/>\n<meta name=\"author\" content=\"admin\" \/>\n<meta name=\"twitter:card\" content=\"summary_large_image\" \/>\n<meta name=\"twitter:label1\" content=\"Scris de\" \/>\n\t<meta name=\"twitter:data1\" content=\"admin\" \/>\n\t<meta name=\"twitter:label2\" content=\"Timp estimat pentru citire\" \/>\n\t<meta name=\"twitter:data2\" content=\"1 minut\" \/>\n<script type=\"application\/ld+json\" class=\"yoast-schema-graph\">{\"@context\":\"https:\\\/\\\/schema.org\",\"@graph\":[{\"@type\":\"Article\",\"@id\":\"https:\\\/\\\/www.lovendal.ro\\\/wp52\\\/o-creatura-umanoida-care-se-taraste-asemenea-unui-crab-a-fost-surprinsa-in-costa-rica-ce-poate-fi\\\/#article\",\"isPartOf\":{\"@id\":\"https:\\\/\\\/www.lovendal.ro\\\/wp52\\\/o-creatura-umanoida-care-se-taraste-asemenea-unui-crab-a-fost-surprinsa-in-costa-rica-ce-poate-fi\\\/\"},\"author\":{\"name\":\"admin\",\"@id\":\"https:\\\/\\\/www.lovendal.ro\\\/wp52\\\/#\\\/schema\\\/person\\\/088691de5dfc346bb0c023e1e52ef5d9\"},\"headline\":\"O creatur\u0103 umanoid\u0103, care se t\u00e2r\u0103\u015fte asemenea unui crab, a fost surprins\u0103 \u00een Costa Rica! Ce poate fi!?\",\"datePublished\":\"2021-07-17T14:50:58+00:00\",\"mainEntityOfPage\":{\"@id\":\"https:\\\/\\\/www.lovendal.ro\\\/wp52\\\/o-creatura-umanoida-care-se-taraste-asemenea-unui-crab-a-fost-surprinsa-in-costa-rica-ce-poate-fi\\\/\"},\"wordCount\":219,\"commentCount\":0,\"publisher\":{\"@id\":\"https:\\\/\\\/www.lovendal.ro\\\/wp52\\\/#organization\"},\"image\":{\"@id\":\"https:\\\/\\\/www.lovendal.ro\\\/wp52\\\/o-creatura-umanoida-care-se-taraste-asemenea-unui-crab-a-fost-surprinsa-in-costa-rica-ce-poate-fi\\\/#primaryimage\"},\"thumbnailUrl\":\"https:\\\/\\\/www.lovendal.ro\\\/wp52\\\/wp-content\\\/uploads\\\/2021\\\/07\\\/om-crab-Costa-Rica-coperta.jpg\",\"keywords\":[\"America Central\u0103\",\"Bizar\",\"c\u00e2ine\",\"camer\u0103 video\",\"Costa Rica\",\"crab\",\"creatur\u0103\",\"degete\",\"Internet\",\"lene\u015f\",\"mamifere\",\"videoclip\",\"vitez\u0103\",\"YouTube\"],\"articleSection\":[\"Bizar\"],\"inLanguage\":\"ro-RO\",\"potentialAction\":[{\"@type\":\"CommentAction\",\"name\":\"Comment\",\"target\":[\"https:\\\/\\\/www.lovendal.ro\\\/wp52\\\/o-creatura-umanoida-care-se-taraste-asemenea-unui-crab-a-fost-surprinsa-in-costa-rica-ce-poate-fi\\\/#respond\"]}]},{\"@type\":\"WebPage\",\"@id\":\"https:\\\/\\\/www.lovendal.ro\\\/wp52\\\/o-creatura-umanoida-care-se-taraste-asemenea-unui-crab-a-fost-surprinsa-in-costa-rica-ce-poate-fi\\\/\",\"url\":\"https:\\\/\\\/www.lovendal.ro\\\/wp52\\\/o-creatura-umanoida-care-se-taraste-asemenea-unui-crab-a-fost-surprinsa-in-costa-rica-ce-poate-fi\\\/\",\"name\":\"O creatur\u0103 umanoid\u0103, care se t\u00e2r\u0103\u015fte asemenea unui crab, a fost surprins\u0103 \u00een Costa Rica! Ce poate fi!? - Secretele lui Lovendal\",\"isPartOf\":{\"@id\":\"https:\\\/\\\/www.lovendal.ro\\\/wp52\\\/#website\"},\"primaryImageOfPage\":{\"@id\":\"https:\\\/\\\/www.lovendal.ro\\\/wp52\\\/o-creatura-umanoida-care-se-taraste-asemenea-unui-crab-a-fost-surprinsa-in-costa-rica-ce-poate-fi\\\/#primaryimage\"},\"image\":{\"@id\":\"https:\\\/\\\/www.lovendal.ro\\\/wp52\\\/o-creatura-umanoida-care-se-taraste-asemenea-unui-crab-a-fost-surprinsa-in-costa-rica-ce-poate-fi\\\/#primaryimage\"},\"thumbnailUrl\":\"https:\\\/\\\/www.lovendal.ro\\\/wp52\\\/wp-content\\\/uploads\\\/2021\\\/07\\\/om-crab-Costa-Rica-coperta.jpg\",\"datePublished\":\"2021-07-17T14:50:58+00:00\",\"breadcrumb\":{\"@id\":\"https:\\\/\\\/www.lovendal.ro\\\/wp52\\\/o-creatura-umanoida-care-se-taraste-asemenea-unui-crab-a-fost-surprinsa-in-costa-rica-ce-poate-fi\\\/#breadcrumb\"},\"inLanguage\":\"ro-RO\",\"potentialAction\":[{\"@type\":\"ReadAction\",\"target\":[\"https:\\\/\\\/www.lovendal.ro\\\/wp52\\\/o-creatura-umanoida-care-se-taraste-asemenea-unui-crab-a-fost-surprinsa-in-costa-rica-ce-poate-fi\\\/\"]}]},{\"@type\":\"ImageObject\",\"inLanguage\":\"ro-RO\",\"@id\":\"https:\\\/\\\/www.lovendal.ro\\\/wp52\\\/o-creatura-umanoida-care-se-taraste-asemenea-unui-crab-a-fost-surprinsa-in-costa-rica-ce-poate-fi\\\/#primaryimage\",\"url\":\"https:\\\/\\\/www.lovendal.ro\\\/wp52\\\/wp-content\\\/uploads\\\/2021\\\/07\\\/om-crab-Costa-Rica-coperta.jpg\",\"contentUrl\":\"https:\\\/\\\/www.lovendal.ro\\\/wp52\\\/wp-content\\\/uploads\\\/2021\\\/07\\\/om-crab-Costa-Rica-coperta.jpg\",\"width\":370,\"height\":332},{\"@type\":\"BreadcrumbList\",\"@id\":\"https:\\\/\\\/www.lovendal.ro\\\/wp52\\\/o-creatura-umanoida-care-se-taraste-asemenea-unui-crab-a-fost-surprinsa-in-costa-rica-ce-poate-fi\\\/#breadcrumb\",\"itemListElement\":[{\"@type\":\"ListItem\",\"position\":1,\"name\":\"Home\",\"item\":\"https:\\\/\\\/www.lovendal.ro\\\/wp52\\\/\"},{\"@type\":\"ListItem\",\"position\":2,\"name\":\"O creatur\u0103 umanoid\u0103, care se t\u00e2r\u0103\u015fte asemenea unui crab, a fost surprins\u0103 \u00een Costa Rica! Ce poate fi!?\"}]},{\"@type\":\"WebSite\",\"@id\":\"https:\\\/\\\/www.lovendal.ro\\\/wp52\\\/#website\",\"url\":\"https:\\\/\\\/www.lovendal.ro\\\/wp52\\\/\",\"name\":\"Secretele lui Lovendal\",\"description\":\"Site de secrete, stiinta si metafizica - din 2008 -\",\"publisher\":{\"@id\":\"https:\\\/\\\/www.lovendal.ro\\\/wp52\\\/#organization\"},\"potentialAction\":[{\"@type\":\"SearchAction\",\"target\":{\"@type\":\"EntryPoint\",\"urlTemplate\":\"https:\\\/\\\/www.lovendal.ro\\\/wp52\\\/?s={search_term_string}\"},\"query-input\":{\"@type\":\"PropertyValueSpecification\",\"valueRequired\":true,\"valueName\":\"search_term_string\"}}],\"inLanguage\":\"ro-RO\"},{\"@type\":\"Organization\",\"@id\":\"https:\\\/\\\/www.lovendal.ro\\\/wp52\\\/#organization\",\"name\":\"Secretele lui Lovendal\",\"url\":\"https:\\\/\\\/www.lovendal.ro\\\/wp52\\\/\",\"logo\":{\"@type\":\"ImageObject\",\"inLanguage\":\"ro-RO\",\"@id\":\"https:\\\/\\\/www.lovendal.ro\\\/wp52\\\/#\\\/schema\\\/logo\\\/image\\\/\",\"url\":\"https:\\\/\\\/www.lovendal.ro\\\/wp52\\\/wp-content\\\/uploads\\\/2024\\\/06\\\/cropped-SLL-iun-2024-1.jpg\",\"contentUrl\":\"https:\\\/\\\/www.lovendal.ro\\\/wp52\\\/wp-content\\\/uploads\\\/2024\\\/06\\\/cropped-SLL-iun-2024-1.jpg\",\"width\":771,\"height\":240,\"caption\":\"Secretele lui Lovendal\"},\"image\":{\"@id\":\"https:\\\/\\\/www.lovendal.ro\\\/wp52\\\/#\\\/schema\\\/logo\\\/image\\\/\"},\"sameAs\":[\"https:\\\/\\\/www.facebook.com\\\/secreteleluilovendal\"]},{\"@type\":\"Person\",\"@id\":\"https:\\\/\\\/www.lovendal.ro\\\/wp52\\\/#\\\/schema\\\/person\\\/088691de5dfc346bb0c023e1e52ef5d9\",\"name\":\"admin\",\"image\":{\"@type\":\"ImageObject\",\"inLanguage\":\"ro-RO\",\"@id\":\"https:\\\/\\\/secure.gravatar.com\\\/avatar\\\/ecb9cd41f5f63c9c9b989999a59f6e2639a865ec361e9db054db0679a8f341c2?s=96&d=mm&r=g\",\"url\":\"https:\\\/\\\/secure.gravatar.com\\\/avatar\\\/ecb9cd41f5f63c9c9b989999a59f6e2639a865ec361e9db054db0679a8f341c2?s=96&d=mm&r=g\",\"contentUrl\":\"https:\\\/\\\/secure.gravatar.com\\\/avatar\\\/ecb9cd41f5f63c9c9b989999a59f6e2639a865ec361e9db054db0679a8f341c2?s=96&d=mm&r=g\",\"caption\":\"admin\"},\"sameAs\":[\"https:\\\/\\\/www.lovendal.ro\\\/wp52\"]}]}<\/script>\n<!-- \/ Yoast SEO Premium plugin. -->","yoast_head_json":{"title":"O creatur\u0103 umanoid\u0103, care se t\u00e2r\u0103\u015fte asemenea unui crab, a fost surprins\u0103 \u00een Costa Rica! Ce poate fi!? - Secretele lui Lovendal","robots":{"index":"index","follow":"follow","max-snippet":"max-snippet:-1","max-image-preview":"max-image-preview:large","max-video-preview":"max-video-preview:-1"},"canonical":"https:\/\/www.lovendal.ro\/wp52\/o-creatura-umanoida-care-se-taraste-asemenea-unui-crab-a-fost-surprinsa-in-costa-rica-ce-poate-fi\/","og_locale":"ro_RO","og_type":"article","og_title":"O creatur\u0103 umanoid\u0103, care se t\u00e2r\u0103\u015fte asemenea unui crab, a fost surprins\u0103 \u00een Costa Rica! Ce poate fi!?","og_description":"C\u00e2nd am crezut c\u0103 le-am v\u0103zut pe toate \u00een domeniul paranormalului&#8230; iat\u0103 \u00eenc\u0103 o filmare misterioas\u0103, care m-a l\u0103sat &#8222;masc\u0103&#8221;. Astfel, un videoclip provenind de la o camer\u0103 de securitate din Costa Rica prezint\u0103 o creatur\u0103 umanoid\u0103 ciudat\u0103 \u0219i \u00eenfior\u0103toare, ... Cititi mai multe","og_url":"https:\/\/www.lovendal.ro\/wp52\/o-creatura-umanoida-care-se-taraste-asemenea-unui-crab-a-fost-surprinsa-in-costa-rica-ce-poate-fi\/","og_site_name":"Secretele lui Lovendal","article_publisher":"https:\/\/www.facebook.com\/secreteleluilovendal","article_published_time":"2021-07-17T14:50:58+00:00","og_image":[{"width":370,"height":332,"url":"https:\/\/www.lovendal.ro\/wp52\/wp-content\/uploads\/2021\/07\/om-crab-Costa-Rica-coperta.jpg","type":"image\/jpeg"}],"author":"admin","twitter_card":"summary_large_image","twitter_misc":{"Scris de":"admin","Timp estimat pentru citire":"1 minut"},"schema":{"@context":"https:\/\/schema.org","@graph":[{"@type":"Article","@id":"https:\/\/www.lovendal.ro\/wp52\/o-creatura-umanoida-care-se-taraste-asemenea-unui-crab-a-fost-surprinsa-in-costa-rica-ce-poate-fi\/#article","isPartOf":{"@id":"https:\/\/www.lovendal.ro\/wp52\/o-creatura-umanoida-care-se-taraste-asemenea-unui-crab-a-fost-surprinsa-in-costa-rica-ce-poate-fi\/"},"author":{"name":"admin","@id":"https:\/\/www.lovendal.ro\/wp52\/#\/schema\/person\/088691de5dfc346bb0c023e1e52ef5d9"},"headline":"O creatur\u0103 umanoid\u0103, care se t\u00e2r\u0103\u015fte asemenea unui crab, a fost surprins\u0103 \u00een Costa Rica! Ce poate fi!?","datePublished":"2021-07-17T14:50:58+00:00","mainEntityOfPage":{"@id":"https:\/\/www.lovendal.ro\/wp52\/o-creatura-umanoida-care-se-taraste-asemenea-unui-crab-a-fost-surprinsa-in-costa-rica-ce-poate-fi\/"},"wordCount":219,"commentCount":0,"publisher":{"@id":"https:\/\/www.lovendal.ro\/wp52\/#organization"},"image":{"@id":"https:\/\/www.lovendal.ro\/wp52\/o-creatura-umanoida-care-se-taraste-asemenea-unui-crab-a-fost-surprinsa-in-costa-rica-ce-poate-fi\/#primaryimage"},"thumbnailUrl":"https:\/\/www.lovendal.ro\/wp52\/wp-content\/uploads\/2021\/07\/om-crab-Costa-Rica-coperta.jpg","keywords":["America Central\u0103","Bizar","c\u00e2ine","camer\u0103 video","Costa Rica","crab","creatur\u0103","degete","Internet","lene\u015f","mamifere","videoclip","vitez\u0103","YouTube"],"articleSection":["Bizar"],"inLanguage":"ro-RO","potentialAction":[{"@type":"CommentAction","name":"Comment","target":["https:\/\/www.lovendal.ro\/wp52\/o-creatura-umanoida-care-se-taraste-asemenea-unui-crab-a-fost-surprinsa-in-costa-rica-ce-poate-fi\/#respond"]}]},{"@type":"WebPage","@id":"https:\/\/www.lovendal.ro\/wp52\/o-creatura-umanoida-care-se-taraste-asemenea-unui-crab-a-fost-surprinsa-in-costa-rica-ce-poate-fi\/","url":"https:\/\/www.lovendal.ro\/wp52\/o-creatura-umanoida-care-se-taraste-asemenea-unui-crab-a-fost-surprinsa-in-costa-rica-ce-poate-fi\/","name":"O creatur\u0103 umanoid\u0103, care se t\u00e2r\u0103\u015fte asemenea unui crab, a fost surprins\u0103 \u00een Costa Rica! Ce poate fi!? - Secretele lui Lovendal","isPartOf":{"@id":"https:\/\/www.lovendal.ro\/wp52\/#website"},"primaryImageOfPage":{"@id":"https:\/\/www.lovendal.ro\/wp52\/o-creatura-umanoida-care-se-taraste-asemenea-unui-crab-a-fost-surprinsa-in-costa-rica-ce-poate-fi\/#primaryimage"},"image":{"@id":"https:\/\/www.lovendal.ro\/wp52\/o-creatura-umanoida-care-se-taraste-asemenea-unui-crab-a-fost-surprinsa-in-costa-rica-ce-poate-fi\/#primaryimage"},"thumbnailUrl":"https:\/\/www.lovendal.ro\/wp52\/wp-content\/uploads\/2021\/07\/om-crab-Costa-Rica-coperta.jpg","datePublished":"2021-07-17T14:50:58+00:00","breadcrumb":{"@id":"https:\/\/www.lovendal.ro\/wp52\/o-creatura-umanoida-care-se-taraste-asemenea-unui-crab-a-fost-surprinsa-in-costa-rica-ce-poate-fi\/#breadcrumb"},"inLanguage":"ro-RO","potentialAction":[{"@type":"ReadAction","target":["https:\/\/www.lovendal.ro\/wp52\/o-creatura-umanoida-care-se-taraste-asemenea-unui-crab-a-fost-surprinsa-in-costa-rica-ce-poate-fi\/"]}]},{"@type":"ImageObject","inLanguage":"ro-RO","@id":"https:\/\/www.lovendal.ro\/wp52\/o-creatura-umanoida-care-se-taraste-asemenea-unui-crab-a-fost-surprinsa-in-costa-rica-ce-poate-fi\/#primaryimage","url":"https:\/\/www.lovendal.ro\/wp52\/wp-content\/uploads\/2021\/07\/om-crab-Costa-Rica-coperta.jpg","contentUrl":"https:\/\/www.lovendal.ro\/wp52\/wp-content\/uploads\/2021\/07\/om-crab-Costa-Rica-coperta.jpg","width":370,"height":332},{"@type":"BreadcrumbList","@id":"https:\/\/www.lovendal.ro\/wp52\/o-creatura-umanoida-care-se-taraste-asemenea-unui-crab-a-fost-surprinsa-in-costa-rica-ce-poate-fi\/#breadcrumb","itemListElement":[{"@type":"ListItem","position":1,"name":"Home","item":"https:\/\/www.lovendal.ro\/wp52\/"},{"@type":"ListItem","position":2,"name":"O creatur\u0103 umanoid\u0103, care se t\u00e2r\u0103\u015fte asemenea unui crab, a fost surprins\u0103 \u00een Costa Rica! Ce poate fi!?"}]},{"@type":"WebSite","@id":"https:\/\/www.lovendal.ro\/wp52\/#website","url":"https:\/\/www.lovendal.ro\/wp52\/","name":"Secretele lui Lovendal","description":"Site de secrete, stiinta si metafizica - din 2008 -","publisher":{"@id":"https:\/\/www.lovendal.ro\/wp52\/#organization"},"potentialAction":[{"@type":"SearchAction","target":{"@type":"EntryPoint","urlTemplate":"https:\/\/www.lovendal.ro\/wp52\/?s={search_term_string}"},"query-input":{"@type":"PropertyValueSpecification","valueRequired":true,"valueName":"search_term_string"}}],"inLanguage":"ro-RO"},{"@type":"Organization","@id":"https:\/\/www.lovendal.ro\/wp52\/#organization","name":"Secretele lui Lovendal","url":"https:\/\/www.lovendal.ro\/wp52\/","logo":{"@type":"ImageObject","inLanguage":"ro-RO","@id":"https:\/\/www.lovendal.ro\/wp52\/#\/schema\/logo\/image\/","url":"https:\/\/www.lovendal.ro\/wp52\/wp-content\/uploads\/2024\/06\/cropped-SLL-iun-2024-1.jpg","contentUrl":"https:\/\/www.lovendal.ro\/wp52\/wp-content\/uploads\/2024\/06\/cropped-SLL-iun-2024-1.jpg","width":771,"height":240,"caption":"Secretele lui Lovendal"},"image":{"@id":"https:\/\/www.lovendal.ro\/wp52\/#\/schema\/logo\/image\/"},"sameAs":["https:\/\/www.facebook.com\/secreteleluilovendal"]},{"@type":"Person","@id":"https:\/\/www.lovendal.ro\/wp52\/#\/schema\/person\/088691de5dfc346bb0c023e1e52ef5d9","name":"admin","image":{"@type":"ImageObject","inLanguage":"ro-RO","@id":"https:\/\/secure.gravatar.com\/avatar\/ecb9cd41f5f63c9c9b989999a59f6e2639a865ec361e9db054db0679a8f341c2?s=96&d=mm&r=g","url":"https:\/\/secure.gravatar.com\/avatar\/ecb9cd41f5f63c9c9b989999a59f6e2639a865ec361e9db054db0679a8f341c2?s=96&d=mm&r=g","contentUrl":"https:\/\/secure.gravatar.com\/avatar\/ecb9cd41f5f63c9c9b989999a59f6e2639a865ec361e9db054db0679a8f341c2?s=96&d=mm&r=g","caption":"admin"},"sameAs":["https:\/\/www.lovendal.ro\/wp52"]}]}},"_links":{"self":[{"href":"https:\/\/www.lovendal.ro\/wp52\/wp-json\/wp\/v2\/posts\/75561","targetHints":{"allow":["GET"]}}],"collection":[{"href":"https:\/\/www.lovendal.ro\/wp52\/wp-json\/wp\/v2\/posts"}],"about":[{"href":"https:\/\/www.lovendal.ro\/wp52\/wp-json\/wp\/v2\/types\/post"}],"author":[{"embeddable":true,"href":"https:\/\/www.lovendal.ro\/wp52\/wp-json\/wp\/v2\/users\/1"}],"replies":[{"embeddable":true,"href":"https:\/\/www.lovendal.ro\/wp52\/wp-json\/wp\/v2\/comments?post=75561"}],"version-history":[{"count":0,"href":"https:\/\/www.lovendal.ro\/wp52\/wp-json\/wp\/v2\/posts\/75561\/revisions"}],"wp:featuredmedia":[{"embeddable":true,"href":"https:\/\/www.lovendal.ro\/wp52\/wp-json\/wp\/v2\/media\/75562"}],"wp:attachment":[{"href":"https:\/\/www.lovendal.ro\/wp52\/wp-json\/wp\/v2\/media?parent=75561"}],"wp:term":[{"taxonomy":"category","embeddable":true,"href":"https:\/\/www.lovendal.ro\/wp52\/wp-json\/wp\/v2\/categories?post=75561"},{"taxonomy":"post_tag","embeddable":true,"href":"https:\/\/www.lovendal.ro\/wp52\/wp-json\/wp\/v2\/tags?post=75561"}],"curies":[{"name":"wp","href":"https:\/\/api.w.org\/{rel}","templated":true}]}}