{"id":75088,"date":"2021-06-01T21:49:42","date_gmt":"2021-06-01T18:49:42","guid":{"rendered":"https:\/\/www.lovendal.ro\/wp52\/?p=75088"},"modified":"2021-06-01T21:49:42","modified_gmt":"2021-06-01T18:49:42","slug":"o-creatura-umanoida-alba-si-foarte-slaba-venita-parca-din-alta-lume-a-fost-surprinsa-noaptea-in-india","status":"publish","type":"post","link":"https:\/\/www.lovendal.ro\/wp52\/o-creatura-umanoida-alba-si-foarte-slaba-venita-parca-din-alta-lume-a-fost-surprinsa-noaptea-in-india\/","title":{"rendered":"O creatur\u0103 umanoid\u0103 alb\u0103 \u015fi foarte slab\u0103, venit\u0103 parc\u0103 din alt\u0103 lume, a fost surprins\u0103 noaptea \u00een India"},"content":{"rendered":"<p><a href=\"https:\/\/www.lovendal.ro\/wp52\/wp-content\/uploads\/2021\/06\/creatura-extraterestra-India-coperta.jpg\"><img loading=\"lazy\" decoding=\"async\" class=\"alignleft size-full wp-image-75089\" src=\"https:\/\/www.lovendal.ro\/wp52\/wp-content\/uploads\/2021\/06\/creatura-extraterestra-India-coperta.jpg\" alt=\"\" width=\"340\" height=\"270\" srcset=\"https:\/\/www.lovendal.ro\/wp52\/wp-content\/uploads\/2021\/06\/creatura-extraterestra-India-coperta.jpg 340w, https:\/\/www.lovendal.ro\/wp52\/wp-content\/uploads\/2021\/06\/creatura-extraterestra-India-coperta-300x238.jpg 300w\" sizes=\"auto, (max-width: 340px) 100vw, 340px\" \/><\/a>O filmare care prezint\u0103 o entitate umanoid\u0103 ciudat\u0103 \u0219i sub\u021bire, care se plimb\u0103 pe un drum din India, a atras mult\u0103 aten\u021bie pe social media. Videoclipul, care se pare c\u0103 a fost filmat pe podul Barajului Chadwa din districtul Hazaribagh (Jharkhand, India), arat\u0103 ceea ce mul\u021bi consider\u0103 c\u0103 ar fi o entitate extraterestr\u0103.<\/p>\n<p>Prezent\u00e2nd membre anormal de sub\u021biri \u0219i un ten neobi\u0219nuit de alb, creatura slab\u0103 poate fi v\u0103zut\u0103 merg\u00e2nd pe \u015fosea \u00een \u00eentuneric, fiind luminat\u0103 doar de farurile motocicletelor care se apropie.<\/p>\n<p>Mai mul\u021bi motocicli\u0219ti pot fi v\u0103zu\u021bi apropiindu-se de figura ciudat\u0103; unii trec cu vitez\u0103 pe l\u00e2ng\u0103 ea, dar al\u0163ii par s\u0103 se opreasc\u0103 \u015fi s\u0103 o urm\u0103reasc\u0103.<\/p>\n<p><a href=\"https:\/\/www.lovendal.ro\/wp52\/wp-content\/uploads\/2021\/06\/creatura-extraterestra-India.jpg\"><img loading=\"lazy\" decoding=\"async\" class=\"aligncenter size-full wp-image-75090\" src=\"https:\/\/www.lovendal.ro\/wp52\/wp-content\/uploads\/2021\/06\/creatura-extraterestra-India.jpg\" alt=\"\" width=\"539\" height=\"255\" srcset=\"https:\/\/www.lovendal.ro\/wp52\/wp-content\/uploads\/2021\/06\/creatura-extraterestra-India.jpg 539w, https:\/\/www.lovendal.ro\/wp52\/wp-content\/uploads\/2021\/06\/creatura-extraterestra-India-300x142.jpg 300w\" sizes=\"auto, (max-width: 539px) 100vw, 539px\" \/><\/a>O martor\u0103, sub protec\u0163ia anonimatului, a sus\u021binut c\u0103 ea \u0219i colegii ei merg pe traseu de ani buni, \u015fi diminea\u021ba \u0219i noaptea, dar nu au v\u0103zut niciodat\u0103 ceva asem\u0103n\u0103tor.<\/p>\n<p>Ce se \u00eent\u00e2mpl\u0103 mai exact \u00een acest videoclip? Ar putea fi cu adev\u0103rat un &#8222;extraterestru\u201d sau cineva face o fars\u0103? Pute\u0163i vizualiza videoclipul YouTube <a href=\"https:\/\/www.youtube.com\/watch?v=7tDP9M1SBUM\" target=\"_blank\" rel=\"noopener\"><strong>AICI<\/strong><\/a>.<\/p>\n","protected":false},"excerpt":{"rendered":"<p>O filmare care prezint\u0103 o entitate umanoid\u0103 ciudat\u0103 \u0219i sub\u021bire, care se plimb\u0103 pe un drum din India, a atras mult\u0103 aten\u021bie pe social media. Videoclipul, care se pare c\u0103 a fost filmat pe podul Barajului Chadwa din districtul Hazaribagh &#8230; <\/p>\n<p class=\"read-more-container\"><a title=\"O creatur\u0103 umanoid\u0103 alb\u0103 \u015fi foarte slab\u0103, venit\u0103 parc\u0103 din alt\u0103 lume, a fost surprins\u0103 noaptea \u00een India\" class=\"read-more button\" href=\"https:\/\/www.lovendal.ro\/wp52\/o-creatura-umanoida-alba-si-foarte-slaba-venita-parca-din-alta-lume-a-fost-surprinsa-noaptea-in-india\/#more-75088\" aria-label=\"Cite\u0219te mai multe despre O creatur\u0103 umanoid\u0103 alb\u0103 \u015fi foarte slab\u0103, venit\u0103 parc\u0103 din alt\u0103 lume, a fost surprins\u0103 noaptea \u00een India\">Cititi mai multe<\/a><\/p>\n","protected":false},"author":1,"featured_media":75089,"comment_status":"open","ping_status":"open","sticky":false,"template":"","format":"standard","meta":{"footnotes":""},"categories":[14],"tags":[9716,5557,1495,619,952,1664,4198,9796,3100,2042,4223],"class_list":["post-75088","post","type-post","status-publish","format-standard","has-post-thumbnail","hentry","category-paranormal-spiritualitate","tag-baraj","tag-creatura","tag-extraterestru","tag-india","tag-lumina","tag-motocicleta","tag-motociclist","tag-paranormal-spiritualitate","tag-pod","tag-videoclip","tag-youtube"],"yoast_head":"<!-- This site is optimized with the Yoast SEO Premium plugin v23.3 (Yoast SEO v27.4) - https:\/\/yoast.com\/product\/yoast-seo-premium-wordpress\/ -->\n<title>O creatur\u0103 umanoid\u0103 alb\u0103 \u015fi foarte slab\u0103, venit\u0103 parc\u0103 din alt\u0103 lume, a fost surprins\u0103 noaptea \u00een India - Secretele lui Lovendal<\/title>\n<meta name=\"robots\" content=\"index, follow, max-snippet:-1, max-image-preview:large, max-video-preview:-1\" \/>\n<link rel=\"canonical\" href=\"https:\/\/www.lovendal.ro\/wp52\/o-creatura-umanoida-alba-si-foarte-slaba-venita-parca-din-alta-lume-a-fost-surprinsa-noaptea-in-india\/\" \/>\n<meta property=\"og:locale\" content=\"ro_RO\" \/>\n<meta property=\"og:type\" content=\"article\" \/>\n<meta property=\"og:title\" content=\"O creatur\u0103 umanoid\u0103 alb\u0103 \u015fi foarte slab\u0103, venit\u0103 parc\u0103 din alt\u0103 lume, a fost surprins\u0103 noaptea \u00een India\" \/>\n<meta property=\"og:description\" content=\"O filmare care prezint\u0103 o entitate umanoid\u0103 ciudat\u0103 \u0219i sub\u021bire, care se plimb\u0103 pe un drum din India, a atras mult\u0103 aten\u021bie pe social media. Videoclipul, care se pare c\u0103 a fost filmat pe podul Barajului Chadwa din districtul Hazaribagh ... Cititi mai multe\" \/>\n<meta property=\"og:url\" content=\"https:\/\/www.lovendal.ro\/wp52\/o-creatura-umanoida-alba-si-foarte-slaba-venita-parca-din-alta-lume-a-fost-surprinsa-noaptea-in-india\/\" \/>\n<meta property=\"og:site_name\" content=\"Secretele lui Lovendal\" \/>\n<meta property=\"article:publisher\" content=\"https:\/\/www.facebook.com\/secreteleluilovendal\" \/>\n<meta property=\"article:published_time\" content=\"2021-06-01T18:49:42+00:00\" \/>\n<meta property=\"og:image\" content=\"https:\/\/www.lovendal.ro\/wp52\/wp-content\/uploads\/2021\/06\/creatura-extraterestra-India-coperta.jpg\" \/>\n\t<meta property=\"og:image:width\" content=\"340\" \/>\n\t<meta property=\"og:image:height\" content=\"270\" \/>\n\t<meta property=\"og:image:type\" content=\"image\/jpeg\" \/>\n<meta name=\"author\" content=\"admin\" \/>\n<meta name=\"twitter:card\" content=\"summary_large_image\" \/>\n<meta name=\"twitter:label1\" content=\"Scris de\" \/>\n\t<meta name=\"twitter:data1\" content=\"admin\" \/>\n\t<meta name=\"twitter:label2\" content=\"Timp estimat pentru citire\" \/>\n\t<meta name=\"twitter:data2\" content=\"1 minut\" \/>\n<script type=\"application\/ld+json\" class=\"yoast-schema-graph\">{\"@context\":\"https:\\\/\\\/schema.org\",\"@graph\":[{\"@type\":\"Article\",\"@id\":\"https:\\\/\\\/www.lovendal.ro\\\/wp52\\\/o-creatura-umanoida-alba-si-foarte-slaba-venita-parca-din-alta-lume-a-fost-surprinsa-noaptea-in-india\\\/#article\",\"isPartOf\":{\"@id\":\"https:\\\/\\\/www.lovendal.ro\\\/wp52\\\/o-creatura-umanoida-alba-si-foarte-slaba-venita-parca-din-alta-lume-a-fost-surprinsa-noaptea-in-india\\\/\"},\"author\":{\"name\":\"admin\",\"@id\":\"https:\\\/\\\/www.lovendal.ro\\\/wp52\\\/#\\\/schema\\\/person\\\/088691de5dfc346bb0c023e1e52ef5d9\"},\"headline\":\"O creatur\u0103 umanoid\u0103 alb\u0103 \u015fi foarte slab\u0103, venit\u0103 parc\u0103 din alt\u0103 lume, a fost surprins\u0103 noaptea \u00een India\",\"datePublished\":\"2021-06-01T18:49:42+00:00\",\"mainEntityOfPage\":{\"@id\":\"https:\\\/\\\/www.lovendal.ro\\\/wp52\\\/o-creatura-umanoida-alba-si-foarte-slaba-venita-parca-din-alta-lume-a-fost-surprinsa-noaptea-in-india\\\/\"},\"wordCount\":206,\"commentCount\":0,\"publisher\":{\"@id\":\"https:\\\/\\\/www.lovendal.ro\\\/wp52\\\/#organization\"},\"image\":{\"@id\":\"https:\\\/\\\/www.lovendal.ro\\\/wp52\\\/o-creatura-umanoida-alba-si-foarte-slaba-venita-parca-din-alta-lume-a-fost-surprinsa-noaptea-in-india\\\/#primaryimage\"},\"thumbnailUrl\":\"https:\\\/\\\/www.lovendal.ro\\\/wp52\\\/wp-content\\\/uploads\\\/2021\\\/06\\\/creatura-extraterestra-India-coperta.jpg\",\"keywords\":[\"baraj\",\"creatur\u0103\",\"extraterestru\",\"India\",\"lumin\u0103\",\"motociclet\u0103\",\"motociclist\",\"Paranormal-Spiritualitate\",\"pod\",\"videoclip\",\"YouTube\"],\"articleSection\":[\"Paranormal-Spiritualitate\"],\"inLanguage\":\"ro-RO\",\"potentialAction\":[{\"@type\":\"CommentAction\",\"name\":\"Comment\",\"target\":[\"https:\\\/\\\/www.lovendal.ro\\\/wp52\\\/o-creatura-umanoida-alba-si-foarte-slaba-venita-parca-din-alta-lume-a-fost-surprinsa-noaptea-in-india\\\/#respond\"]}]},{\"@type\":\"WebPage\",\"@id\":\"https:\\\/\\\/www.lovendal.ro\\\/wp52\\\/o-creatura-umanoida-alba-si-foarte-slaba-venita-parca-din-alta-lume-a-fost-surprinsa-noaptea-in-india\\\/\",\"url\":\"https:\\\/\\\/www.lovendal.ro\\\/wp52\\\/o-creatura-umanoida-alba-si-foarte-slaba-venita-parca-din-alta-lume-a-fost-surprinsa-noaptea-in-india\\\/\",\"name\":\"O creatur\u0103 umanoid\u0103 alb\u0103 \u015fi foarte slab\u0103, venit\u0103 parc\u0103 din alt\u0103 lume, a fost surprins\u0103 noaptea \u00een India - Secretele lui Lovendal\",\"isPartOf\":{\"@id\":\"https:\\\/\\\/www.lovendal.ro\\\/wp52\\\/#website\"},\"primaryImageOfPage\":{\"@id\":\"https:\\\/\\\/www.lovendal.ro\\\/wp52\\\/o-creatura-umanoida-alba-si-foarte-slaba-venita-parca-din-alta-lume-a-fost-surprinsa-noaptea-in-india\\\/#primaryimage\"},\"image\":{\"@id\":\"https:\\\/\\\/www.lovendal.ro\\\/wp52\\\/o-creatura-umanoida-alba-si-foarte-slaba-venita-parca-din-alta-lume-a-fost-surprinsa-noaptea-in-india\\\/#primaryimage\"},\"thumbnailUrl\":\"https:\\\/\\\/www.lovendal.ro\\\/wp52\\\/wp-content\\\/uploads\\\/2021\\\/06\\\/creatura-extraterestra-India-coperta.jpg\",\"datePublished\":\"2021-06-01T18:49:42+00:00\",\"breadcrumb\":{\"@id\":\"https:\\\/\\\/www.lovendal.ro\\\/wp52\\\/o-creatura-umanoida-alba-si-foarte-slaba-venita-parca-din-alta-lume-a-fost-surprinsa-noaptea-in-india\\\/#breadcrumb\"},\"inLanguage\":\"ro-RO\",\"potentialAction\":[{\"@type\":\"ReadAction\",\"target\":[\"https:\\\/\\\/www.lovendal.ro\\\/wp52\\\/o-creatura-umanoida-alba-si-foarte-slaba-venita-parca-din-alta-lume-a-fost-surprinsa-noaptea-in-india\\\/\"]}]},{\"@type\":\"ImageObject\",\"inLanguage\":\"ro-RO\",\"@id\":\"https:\\\/\\\/www.lovendal.ro\\\/wp52\\\/o-creatura-umanoida-alba-si-foarte-slaba-venita-parca-din-alta-lume-a-fost-surprinsa-noaptea-in-india\\\/#primaryimage\",\"url\":\"https:\\\/\\\/www.lovendal.ro\\\/wp52\\\/wp-content\\\/uploads\\\/2021\\\/06\\\/creatura-extraterestra-India-coperta.jpg\",\"contentUrl\":\"https:\\\/\\\/www.lovendal.ro\\\/wp52\\\/wp-content\\\/uploads\\\/2021\\\/06\\\/creatura-extraterestra-India-coperta.jpg\",\"width\":340,\"height\":270},{\"@type\":\"BreadcrumbList\",\"@id\":\"https:\\\/\\\/www.lovendal.ro\\\/wp52\\\/o-creatura-umanoida-alba-si-foarte-slaba-venita-parca-din-alta-lume-a-fost-surprinsa-noaptea-in-india\\\/#breadcrumb\",\"itemListElement\":[{\"@type\":\"ListItem\",\"position\":1,\"name\":\"Home\",\"item\":\"https:\\\/\\\/www.lovendal.ro\\\/wp52\\\/\"},{\"@type\":\"ListItem\",\"position\":2,\"name\":\"O creatur\u0103 umanoid\u0103 alb\u0103 \u015fi foarte slab\u0103, venit\u0103 parc\u0103 din alt\u0103 lume, a fost surprins\u0103 noaptea \u00een India\"}]},{\"@type\":\"WebSite\",\"@id\":\"https:\\\/\\\/www.lovendal.ro\\\/wp52\\\/#website\",\"url\":\"https:\\\/\\\/www.lovendal.ro\\\/wp52\\\/\",\"name\":\"Secretele lui Lovendal\",\"description\":\"Site de secrete, stiinta si metafizica - din 2008 -\",\"publisher\":{\"@id\":\"https:\\\/\\\/www.lovendal.ro\\\/wp52\\\/#organization\"},\"potentialAction\":[{\"@type\":\"SearchAction\",\"target\":{\"@type\":\"EntryPoint\",\"urlTemplate\":\"https:\\\/\\\/www.lovendal.ro\\\/wp52\\\/?s={search_term_string}\"},\"query-input\":{\"@type\":\"PropertyValueSpecification\",\"valueRequired\":true,\"valueName\":\"search_term_string\"}}],\"inLanguage\":\"ro-RO\"},{\"@type\":\"Organization\",\"@id\":\"https:\\\/\\\/www.lovendal.ro\\\/wp52\\\/#organization\",\"name\":\"Secretele lui Lovendal\",\"url\":\"https:\\\/\\\/www.lovendal.ro\\\/wp52\\\/\",\"logo\":{\"@type\":\"ImageObject\",\"inLanguage\":\"ro-RO\",\"@id\":\"https:\\\/\\\/www.lovendal.ro\\\/wp52\\\/#\\\/schema\\\/logo\\\/image\\\/\",\"url\":\"https:\\\/\\\/www.lovendal.ro\\\/wp52\\\/wp-content\\\/uploads\\\/2024\\\/06\\\/cropped-SLL-iun-2024-1.jpg\",\"contentUrl\":\"https:\\\/\\\/www.lovendal.ro\\\/wp52\\\/wp-content\\\/uploads\\\/2024\\\/06\\\/cropped-SLL-iun-2024-1.jpg\",\"width\":771,\"height\":240,\"caption\":\"Secretele lui Lovendal\"},\"image\":{\"@id\":\"https:\\\/\\\/www.lovendal.ro\\\/wp52\\\/#\\\/schema\\\/logo\\\/image\\\/\"},\"sameAs\":[\"https:\\\/\\\/www.facebook.com\\\/secreteleluilovendal\"]},{\"@type\":\"Person\",\"@id\":\"https:\\\/\\\/www.lovendal.ro\\\/wp52\\\/#\\\/schema\\\/person\\\/088691de5dfc346bb0c023e1e52ef5d9\",\"name\":\"admin\",\"image\":{\"@type\":\"ImageObject\",\"inLanguage\":\"ro-RO\",\"@id\":\"https:\\\/\\\/secure.gravatar.com\\\/avatar\\\/ecb9cd41f5f63c9c9b989999a59f6e2639a865ec361e9db054db0679a8f341c2?s=96&d=mm&r=g\",\"url\":\"https:\\\/\\\/secure.gravatar.com\\\/avatar\\\/ecb9cd41f5f63c9c9b989999a59f6e2639a865ec361e9db054db0679a8f341c2?s=96&d=mm&r=g\",\"contentUrl\":\"https:\\\/\\\/secure.gravatar.com\\\/avatar\\\/ecb9cd41f5f63c9c9b989999a59f6e2639a865ec361e9db054db0679a8f341c2?s=96&d=mm&r=g\",\"caption\":\"admin\"},\"sameAs\":[\"https:\\\/\\\/www.lovendal.ro\\\/wp52\"]}]}<\/script>\n<!-- \/ Yoast SEO Premium plugin. -->","yoast_head_json":{"title":"O creatur\u0103 umanoid\u0103 alb\u0103 \u015fi foarte slab\u0103, venit\u0103 parc\u0103 din alt\u0103 lume, a fost surprins\u0103 noaptea \u00een India - Secretele lui Lovendal","robots":{"index":"index","follow":"follow","max-snippet":"max-snippet:-1","max-image-preview":"max-image-preview:large","max-video-preview":"max-video-preview:-1"},"canonical":"https:\/\/www.lovendal.ro\/wp52\/o-creatura-umanoida-alba-si-foarte-slaba-venita-parca-din-alta-lume-a-fost-surprinsa-noaptea-in-india\/","og_locale":"ro_RO","og_type":"article","og_title":"O creatur\u0103 umanoid\u0103 alb\u0103 \u015fi foarte slab\u0103, venit\u0103 parc\u0103 din alt\u0103 lume, a fost surprins\u0103 noaptea \u00een India","og_description":"O filmare care prezint\u0103 o entitate umanoid\u0103 ciudat\u0103 \u0219i sub\u021bire, care se plimb\u0103 pe un drum din India, a atras mult\u0103 aten\u021bie pe social media. Videoclipul, care se pare c\u0103 a fost filmat pe podul Barajului Chadwa din districtul Hazaribagh ... Cititi mai multe","og_url":"https:\/\/www.lovendal.ro\/wp52\/o-creatura-umanoida-alba-si-foarte-slaba-venita-parca-din-alta-lume-a-fost-surprinsa-noaptea-in-india\/","og_site_name":"Secretele lui Lovendal","article_publisher":"https:\/\/www.facebook.com\/secreteleluilovendal","article_published_time":"2021-06-01T18:49:42+00:00","og_image":[{"width":340,"height":270,"url":"https:\/\/www.lovendal.ro\/wp52\/wp-content\/uploads\/2021\/06\/creatura-extraterestra-India-coperta.jpg","type":"image\/jpeg"}],"author":"admin","twitter_card":"summary_large_image","twitter_misc":{"Scris de":"admin","Timp estimat pentru citire":"1 minut"},"schema":{"@context":"https:\/\/schema.org","@graph":[{"@type":"Article","@id":"https:\/\/www.lovendal.ro\/wp52\/o-creatura-umanoida-alba-si-foarte-slaba-venita-parca-din-alta-lume-a-fost-surprinsa-noaptea-in-india\/#article","isPartOf":{"@id":"https:\/\/www.lovendal.ro\/wp52\/o-creatura-umanoida-alba-si-foarte-slaba-venita-parca-din-alta-lume-a-fost-surprinsa-noaptea-in-india\/"},"author":{"name":"admin","@id":"https:\/\/www.lovendal.ro\/wp52\/#\/schema\/person\/088691de5dfc346bb0c023e1e52ef5d9"},"headline":"O creatur\u0103 umanoid\u0103 alb\u0103 \u015fi foarte slab\u0103, venit\u0103 parc\u0103 din alt\u0103 lume, a fost surprins\u0103 noaptea \u00een India","datePublished":"2021-06-01T18:49:42+00:00","mainEntityOfPage":{"@id":"https:\/\/www.lovendal.ro\/wp52\/o-creatura-umanoida-alba-si-foarte-slaba-venita-parca-din-alta-lume-a-fost-surprinsa-noaptea-in-india\/"},"wordCount":206,"commentCount":0,"publisher":{"@id":"https:\/\/www.lovendal.ro\/wp52\/#organization"},"image":{"@id":"https:\/\/www.lovendal.ro\/wp52\/o-creatura-umanoida-alba-si-foarte-slaba-venita-parca-din-alta-lume-a-fost-surprinsa-noaptea-in-india\/#primaryimage"},"thumbnailUrl":"https:\/\/www.lovendal.ro\/wp52\/wp-content\/uploads\/2021\/06\/creatura-extraterestra-India-coperta.jpg","keywords":["baraj","creatur\u0103","extraterestru","India","lumin\u0103","motociclet\u0103","motociclist","Paranormal-Spiritualitate","pod","videoclip","YouTube"],"articleSection":["Paranormal-Spiritualitate"],"inLanguage":"ro-RO","potentialAction":[{"@type":"CommentAction","name":"Comment","target":["https:\/\/www.lovendal.ro\/wp52\/o-creatura-umanoida-alba-si-foarte-slaba-venita-parca-din-alta-lume-a-fost-surprinsa-noaptea-in-india\/#respond"]}]},{"@type":"WebPage","@id":"https:\/\/www.lovendal.ro\/wp52\/o-creatura-umanoida-alba-si-foarte-slaba-venita-parca-din-alta-lume-a-fost-surprinsa-noaptea-in-india\/","url":"https:\/\/www.lovendal.ro\/wp52\/o-creatura-umanoida-alba-si-foarte-slaba-venita-parca-din-alta-lume-a-fost-surprinsa-noaptea-in-india\/","name":"O creatur\u0103 umanoid\u0103 alb\u0103 \u015fi foarte slab\u0103, venit\u0103 parc\u0103 din alt\u0103 lume, a fost surprins\u0103 noaptea \u00een India - Secretele lui Lovendal","isPartOf":{"@id":"https:\/\/www.lovendal.ro\/wp52\/#website"},"primaryImageOfPage":{"@id":"https:\/\/www.lovendal.ro\/wp52\/o-creatura-umanoida-alba-si-foarte-slaba-venita-parca-din-alta-lume-a-fost-surprinsa-noaptea-in-india\/#primaryimage"},"image":{"@id":"https:\/\/www.lovendal.ro\/wp52\/o-creatura-umanoida-alba-si-foarte-slaba-venita-parca-din-alta-lume-a-fost-surprinsa-noaptea-in-india\/#primaryimage"},"thumbnailUrl":"https:\/\/www.lovendal.ro\/wp52\/wp-content\/uploads\/2021\/06\/creatura-extraterestra-India-coperta.jpg","datePublished":"2021-06-01T18:49:42+00:00","breadcrumb":{"@id":"https:\/\/www.lovendal.ro\/wp52\/o-creatura-umanoida-alba-si-foarte-slaba-venita-parca-din-alta-lume-a-fost-surprinsa-noaptea-in-india\/#breadcrumb"},"inLanguage":"ro-RO","potentialAction":[{"@type":"ReadAction","target":["https:\/\/www.lovendal.ro\/wp52\/o-creatura-umanoida-alba-si-foarte-slaba-venita-parca-din-alta-lume-a-fost-surprinsa-noaptea-in-india\/"]}]},{"@type":"ImageObject","inLanguage":"ro-RO","@id":"https:\/\/www.lovendal.ro\/wp52\/o-creatura-umanoida-alba-si-foarte-slaba-venita-parca-din-alta-lume-a-fost-surprinsa-noaptea-in-india\/#primaryimage","url":"https:\/\/www.lovendal.ro\/wp52\/wp-content\/uploads\/2021\/06\/creatura-extraterestra-India-coperta.jpg","contentUrl":"https:\/\/www.lovendal.ro\/wp52\/wp-content\/uploads\/2021\/06\/creatura-extraterestra-India-coperta.jpg","width":340,"height":270},{"@type":"BreadcrumbList","@id":"https:\/\/www.lovendal.ro\/wp52\/o-creatura-umanoida-alba-si-foarte-slaba-venita-parca-din-alta-lume-a-fost-surprinsa-noaptea-in-india\/#breadcrumb","itemListElement":[{"@type":"ListItem","position":1,"name":"Home","item":"https:\/\/www.lovendal.ro\/wp52\/"},{"@type":"ListItem","position":2,"name":"O creatur\u0103 umanoid\u0103 alb\u0103 \u015fi foarte slab\u0103, venit\u0103 parc\u0103 din alt\u0103 lume, a fost surprins\u0103 noaptea \u00een India"}]},{"@type":"WebSite","@id":"https:\/\/www.lovendal.ro\/wp52\/#website","url":"https:\/\/www.lovendal.ro\/wp52\/","name":"Secretele lui Lovendal","description":"Site de secrete, stiinta si metafizica - din 2008 -","publisher":{"@id":"https:\/\/www.lovendal.ro\/wp52\/#organization"},"potentialAction":[{"@type":"SearchAction","target":{"@type":"EntryPoint","urlTemplate":"https:\/\/www.lovendal.ro\/wp52\/?s={search_term_string}"},"query-input":{"@type":"PropertyValueSpecification","valueRequired":true,"valueName":"search_term_string"}}],"inLanguage":"ro-RO"},{"@type":"Organization","@id":"https:\/\/www.lovendal.ro\/wp52\/#organization","name":"Secretele lui Lovendal","url":"https:\/\/www.lovendal.ro\/wp52\/","logo":{"@type":"ImageObject","inLanguage":"ro-RO","@id":"https:\/\/www.lovendal.ro\/wp52\/#\/schema\/logo\/image\/","url":"https:\/\/www.lovendal.ro\/wp52\/wp-content\/uploads\/2024\/06\/cropped-SLL-iun-2024-1.jpg","contentUrl":"https:\/\/www.lovendal.ro\/wp52\/wp-content\/uploads\/2024\/06\/cropped-SLL-iun-2024-1.jpg","width":771,"height":240,"caption":"Secretele lui Lovendal"},"image":{"@id":"https:\/\/www.lovendal.ro\/wp52\/#\/schema\/logo\/image\/"},"sameAs":["https:\/\/www.facebook.com\/secreteleluilovendal"]},{"@type":"Person","@id":"https:\/\/www.lovendal.ro\/wp52\/#\/schema\/person\/088691de5dfc346bb0c023e1e52ef5d9","name":"admin","image":{"@type":"ImageObject","inLanguage":"ro-RO","@id":"https:\/\/secure.gravatar.com\/avatar\/ecb9cd41f5f63c9c9b989999a59f6e2639a865ec361e9db054db0679a8f341c2?s=96&d=mm&r=g","url":"https:\/\/secure.gravatar.com\/avatar\/ecb9cd41f5f63c9c9b989999a59f6e2639a865ec361e9db054db0679a8f341c2?s=96&d=mm&r=g","contentUrl":"https:\/\/secure.gravatar.com\/avatar\/ecb9cd41f5f63c9c9b989999a59f6e2639a865ec361e9db054db0679a8f341c2?s=96&d=mm&r=g","caption":"admin"},"sameAs":["https:\/\/www.lovendal.ro\/wp52"]}]}},"_links":{"self":[{"href":"https:\/\/www.lovendal.ro\/wp52\/wp-json\/wp\/v2\/posts\/75088","targetHints":{"allow":["GET"]}}],"collection":[{"href":"https:\/\/www.lovendal.ro\/wp52\/wp-json\/wp\/v2\/posts"}],"about":[{"href":"https:\/\/www.lovendal.ro\/wp52\/wp-json\/wp\/v2\/types\/post"}],"author":[{"embeddable":true,"href":"https:\/\/www.lovendal.ro\/wp52\/wp-json\/wp\/v2\/users\/1"}],"replies":[{"embeddable":true,"href":"https:\/\/www.lovendal.ro\/wp52\/wp-json\/wp\/v2\/comments?post=75088"}],"version-history":[{"count":0,"href":"https:\/\/www.lovendal.ro\/wp52\/wp-json\/wp\/v2\/posts\/75088\/revisions"}],"wp:featuredmedia":[{"embeddable":true,"href":"https:\/\/www.lovendal.ro\/wp52\/wp-json\/wp\/v2\/media\/75089"}],"wp:attachment":[{"href":"https:\/\/www.lovendal.ro\/wp52\/wp-json\/wp\/v2\/media?parent=75088"}],"wp:term":[{"taxonomy":"category","embeddable":true,"href":"https:\/\/www.lovendal.ro\/wp52\/wp-json\/wp\/v2\/categories?post=75088"},{"taxonomy":"post_tag","embeddable":true,"href":"https:\/\/www.lovendal.ro\/wp52\/wp-json\/wp\/v2\/tags?post=75088"}],"curies":[{"name":"wp","href":"https:\/\/api.w.org\/{rel}","templated":true}]}}