{"id":75038,"date":"2021-05-28T21:27:33","date_gmt":"2021-05-28T18:27:33","guid":{"rendered":"https:\/\/www.lovendal.ro\/wp52\/?p=75038"},"modified":"2021-05-28T21:27:33","modified_gmt":"2021-05-28T18:27:33","slug":"trei-oameni-puternici-ai-lumii-ne-ameninta-un-virus-periculos-mult-mai-mortal-decat-acesta-va-veni-peste-noi","status":"publish","type":"post","link":"https:\/\/www.lovendal.ro\/wp52\/trei-oameni-puternici-ai-lumii-ne-ameninta-un-virus-periculos-mult-mai-mortal-decat-acesta-va-veni-peste-noi\/","title":{"rendered":"Trei oameni puternici ai lumii ne amenin\u0163\u0103: un virus periculos, mult mai mortal dec\u00e2t acesta, va veni peste noi!"},"content":{"rendered":"<figure id=\"attachment_75040\" aria-describedby=\"caption-attachment-75040\" style=\"width: 336px\" class=\"wp-caption alignleft\"><a href=\"https:\/\/www.lovendal.ro\/wp52\/wp-content\/uploads\/2021\/05\/urmatoarea-pandemie.jpg\"><img loading=\"lazy\" decoding=\"async\" class=\"size-full wp-image-75040\" src=\"https:\/\/www.lovendal.ro\/wp52\/wp-content\/uploads\/2021\/05\/urmatoarea-pandemie.jpg\" alt=\"\" width=\"346\" height=\"231\" srcset=\"https:\/\/www.lovendal.ro\/wp52\/wp-content\/uploads\/2021\/05\/urmatoarea-pandemie.jpg 346w, https:\/\/www.lovendal.ro\/wp52\/wp-content\/uploads\/2021\/05\/urmatoarea-pandemie-300x200.jpg 300w\" sizes=\"auto, (max-width: 346px) 100vw, 346px\" \/><\/a><figcaption id=\"caption-attachment-75040\" class=\"wp-caption-text\"><strong>Imagine<\/strong>: <a href=\"https:\/\/pixabay.com\/ro\/photos\/covid-19-coronavirus-pandemie-4985553\/\" target=\"_blank\" rel=\"noopener\"><strong>pixabay.com<\/strong><\/a> (Commons Creative &#8211; free)<\/figcaption><\/figure>\n<p>Mai \u0163ine\u0163i minte de articolul din iulie 2020 &#8211; <a href=\"https:\/\/www.lovendal.ro\/wp52\/bill-si-melinda-gates-surad-la-sfarsitul-unui-interviu-dupa-ce-anunta-ca-trebuie-sa-ne-pregatim-pentru-al-doilea-val-epidemic-de-coronavirus\/\" target=\"_blank\" rel=\"noopener\"><strong>Bill \u015fi Melinda Gates sur\u00e2d la sf\u00e2r\u015fitul unui interviu, dup\u0103 ce anun\u0163\u0103 c\u0103 trebuie s\u0103 ne preg\u0103tim pentru al doilea val epidemic de coronavirus<\/strong><\/a> &#8211; \u00een care Bill \u015fi Melinda Gates sur\u00e2deau la sf\u00e2r\u015fitul unui interviu, dup\u0103 ce au spus urm\u0103toarele: <em>&#8222;<\/em><em>Trebuie s\u0103 ne preg\u0103tim pentru urm\u0103torul<\/em> (n.t. \u2013 val epidemic).<em> De data aceasta, el va atrage aten\u0163ia\u201d. <\/em>\u015ei, \u00een momentul \u00een care rostea aceste ultime cuvinte, Bill Gates sur\u00e2de subtil, iar so\u0163ia lui mai mult. Ce e cu acest sur\u00e2s \u201cdiabolic\u201d? Ce e cu acest z\u00e2mbet, r\u00e2s t\u0103cut \u015fi lini\u015ftit?<\/p>\n<p><a href=\"https:\/\/www.lovendal.ro\/wp52\/wp-content\/uploads\/2020\/07\/Bill-Gates-2.jpg\"><img loading=\"lazy\" decoding=\"async\" class=\"aligncenter size-full wp-image-70595\" src=\"https:\/\/www.lovendal.ro\/wp52\/wp-content\/uploads\/2020\/07\/Bill-Gates-2.jpg\" alt=\"\" width=\"544\" height=\"306\" srcset=\"https:\/\/www.lovendal.ro\/wp52\/wp-content\/uploads\/2020\/07\/Bill-Gates-2.jpg 544w, https:\/\/www.lovendal.ro\/wp52\/wp-content\/uploads\/2020\/07\/Bill-Gates-2-300x169.jpg 300w\" sizes=\"auto, (max-width: 544px) 100vw, 544px\" \/><\/a><\/p>\n<p><a href=\"https:\/\/www.lovendal.ro\/wp52\/wp-content\/uploads\/2020\/07\/Bill-Gates-3.jpg\"><img loading=\"lazy\" decoding=\"async\" class=\"aligncenter size-full wp-image-70596\" src=\"https:\/\/www.lovendal.ro\/wp52\/wp-content\/uploads\/2020\/07\/Bill-Gates-3.jpg\" alt=\"\" width=\"541\" height=\"302\" srcset=\"https:\/\/www.lovendal.ro\/wp52\/wp-content\/uploads\/2020\/07\/Bill-Gates-3.jpg 541w, https:\/\/www.lovendal.ro\/wp52\/wp-content\/uploads\/2020\/07\/Bill-Gates-3-300x167.jpg 300w\" sizes=\"auto, (max-width: 541px) 100vw, 541px\" \/><\/a>To\u0163i se g\u00e2ndeau c\u0103 al doilea val epidemic de coronavirus la care se g\u00e2ndeau so\u0163ii Gates este cel care a avut loc \u00een toamna anului 2020. Dar, dac\u0103 e vorba de un val al unei alte pandemii?<\/p>\n<p>Vicepre\u015fedintele american, Kamala Harris, a declarat \u00een aprilie 2021, \u00een fa\u0163a Adun\u0103rii Na\u0163iunilor Unite (ONU) c\u0103 <em><strong>&#8222;trebuie s\u0103 ne preg\u0103tim pentru urm\u0103toarea pandemie&#8221; <\/strong><\/em>(vede\u0163i \u015ftirea de pe <a href=\"https:\/\/www.denverpost.com\/2021\/04\/26\/kamala-harris-un-next-pandemic-prep\/\" target=\"_blank\" rel=\"noopener\"><strong>denverpost.com<\/strong><\/a>).<\/p>\n<p><a href=\"https:\/\/www.lovendal.ro\/wp52\/wp-content\/uploads\/2021\/05\/Harris.jpg\"><img loading=\"lazy\" decoding=\"async\" class=\"aligncenter size-full wp-image-75039\" src=\"https:\/\/www.lovendal.ro\/wp52\/wp-content\/uploads\/2021\/05\/Harris.jpg\" alt=\"\" width=\"547\" height=\"244\" srcset=\"https:\/\/www.lovendal.ro\/wp52\/wp-content\/uploads\/2021\/05\/Harris.jpg 547w, https:\/\/www.lovendal.ro\/wp52\/wp-content\/uploads\/2021\/05\/Harris-300x134.jpg 300w\" sizes=\"auto, (max-width: 547px) 100vw, 547px\" \/><\/a>Recent, pe 24 mai 2021, directorul Organiza\u0163iei Mondiale a S\u0103n\u0103t\u0103\u0163ii (OMS), Tedros Adhanom Ghebreyesus, a declarat urm\u0103toarele: <em>&#8222;Make no mistake: this will not be the last time the world faces the threat of a pandemic. It is an evolutionary certainty that there will be another virus with the potential to be more transmissible and more deadly than this one&#8221;. (&#8222;Nu face\u0163i vreo gre\u015feal\u0103: nu va fi ultima dat\u0103 c\u00e2nd lumea se va confrunta cu amenin\u0163area unei pandemii. Este o certitudine evolu\u0163ionar\u0103 c\u0103 va exista un alt virus, cu poten\u0163ialul de a fi mai transmisibil \u015fi mai mortal dec\u00e2t acesta&#8221;).<br \/>\n<\/em><\/p>\n<blockquote class=\"twitter-tweet\">\n<p dir=\"ltr\" lang=\"en\">&#8222;Make no mistake: this will not be the last time the world faces the threat of a pandemic. It is an evolutionary certainty that there will be another virus with the potential to be more transmissible and more deadly than this one&#8221;-<a href=\"https:\/\/twitter.com\/DrTedros?ref_src=twsrc%5Etfw\">@DrTedros<\/a> <a href=\"https:\/\/twitter.com\/hashtag\/WHA74?src=hash&amp;ref_src=twsrc%5Etfw\">#WHA74<\/a> <a href=\"https:\/\/t.co\/WJIyhOnLUA\">pic.twitter.com\/WJIyhOnLUA<\/a><\/p>\n<p>\u2014 World Health Organization (WHO) (@WHO) <a href=\"https:\/\/twitter.com\/WHO\/status\/1396794269382422534?ref_src=twsrc%5Etfw\">May 24, 2021<\/a><\/p><\/blockquote>\n<p><script async src=\"https:\/\/platform.twitter.com\/widgets.js\" charset=\"utf-8\"><\/script>\u00centrebarea care se pune e urm\u0103toarea: de unde \u015ftiu EI (cei puternici ai lumii) ce va urma \u00een viitor? De unde \u015ftiu c\u0103 va veni o pandemie cu un virus \u015fi mai mortal \u015fi mai transmisibil?<\/p>\n","protected":false},"excerpt":{"rendered":"<p>Mai \u0163ine\u0163i minte de articolul din iulie 2020 &#8211; Bill \u015fi Melinda Gates sur\u00e2d la sf\u00e2r\u015fitul unui interviu, dup\u0103 ce anun\u0163\u0103 c\u0103 trebuie s\u0103 ne preg\u0103tim pentru al doilea val epidemic de coronavirus &#8211; \u00een care Bill \u015fi Melinda Gates &#8230; <\/p>\n<p class=\"read-more-container\"><a title=\"Trei oameni puternici ai lumii ne amenin\u0163\u0103: un virus periculos, mult mai mortal dec\u00e2t acesta, va veni peste noi!\" class=\"read-more button\" href=\"https:\/\/www.lovendal.ro\/wp52\/trei-oameni-puternici-ai-lumii-ne-ameninta-un-virus-periculos-mult-mai-mortal-decat-acesta-va-veni-peste-noi\/#more-75038\" aria-label=\"Cite\u0219te mai multe despre Trei oameni puternici ai lumii ne amenin\u0163\u0103: un virus periculos, mult mai mortal dec\u00e2t acesta, va veni peste noi!\">Cititi mai multe<\/a><\/p>\n","protected":false},"author":1,"featured_media":75040,"comment_status":"open","ping_status":"open","sticky":false,"template":"","format":"standard","meta":{"footnotes":""},"categories":[475],"tags":[68,358,14126,4823,16744,10875,590,4723,23,5574,1150],"class_list":["post-75038","post","type-post","status-publish","format-standard","has-post-thumbnail","hentry","category-conspiratii-mistere","tag-bill-gates","tag-conspiratii-si-mistere","tag-coronavirus","tag-interviu","tag-kamala-harris","tag-oms","tag-onu","tag-pandemie","tag-sua","tag-vicepresedinte","tag-virus","resize-featured-image"],"yoast_head":"<!-- This site is optimized with the Yoast SEO Premium plugin v23.3 (Yoast SEO v27.4) - https:\/\/yoast.com\/product\/yoast-seo-premium-wordpress\/ -->\n<title>Trei oameni puternici ai lumii ne amenin\u0163\u0103: un virus periculos, mult mai mortal dec\u00e2t acesta, va veni peste noi! - Secretele lui Lovendal<\/title>\n<meta name=\"robots\" content=\"index, follow, max-snippet:-1, max-image-preview:large, max-video-preview:-1\" \/>\n<link rel=\"canonical\" href=\"https:\/\/www.lovendal.ro\/wp52\/trei-oameni-puternici-ai-lumii-ne-ameninta-un-virus-periculos-mult-mai-mortal-decat-acesta-va-veni-peste-noi\/\" \/>\n<meta property=\"og:locale\" content=\"ro_RO\" \/>\n<meta property=\"og:type\" content=\"article\" \/>\n<meta property=\"og:title\" content=\"Trei oameni puternici ai lumii ne amenin\u0163\u0103: un virus periculos, mult mai mortal dec\u00e2t acesta, va veni peste noi!\" \/>\n<meta property=\"og:description\" content=\"Mai \u0163ine\u0163i minte de articolul din iulie 2020 &#8211; Bill \u015fi Melinda Gates sur\u00e2d la sf\u00e2r\u015fitul unui interviu, dup\u0103 ce anun\u0163\u0103 c\u0103 trebuie s\u0103 ne preg\u0103tim pentru al doilea val epidemic de coronavirus &#8211; \u00een care Bill \u015fi Melinda Gates ... Cititi mai multe\" \/>\n<meta property=\"og:url\" content=\"https:\/\/www.lovendal.ro\/wp52\/trei-oameni-puternici-ai-lumii-ne-ameninta-un-virus-periculos-mult-mai-mortal-decat-acesta-va-veni-peste-noi\/\" \/>\n<meta property=\"og:site_name\" content=\"Secretele lui Lovendal\" \/>\n<meta property=\"article:publisher\" content=\"https:\/\/www.facebook.com\/secreteleluilovendal\" \/>\n<meta property=\"article:published_time\" content=\"2021-05-28T18:27:33+00:00\" \/>\n<meta property=\"og:image\" content=\"https:\/\/www.lovendal.ro\/wp52\/wp-content\/uploads\/2021\/05\/urmatoarea-pandemie.jpg\" \/>\n\t<meta property=\"og:image:width\" content=\"346\" \/>\n\t<meta property=\"og:image:height\" content=\"231\" \/>\n\t<meta property=\"og:image:type\" content=\"image\/jpeg\" \/>\n<meta name=\"author\" content=\"admin\" \/>\n<meta name=\"twitter:card\" content=\"summary_large_image\" \/>\n<meta name=\"twitter:label1\" content=\"Scris de\" \/>\n\t<meta name=\"twitter:data1\" content=\"admin\" \/>\n\t<meta name=\"twitter:label2\" content=\"Timp estimat pentru citire\" \/>\n\t<meta name=\"twitter:data2\" content=\"2 minute\" \/>\n<script type=\"application\/ld+json\" class=\"yoast-schema-graph\">{\"@context\":\"https:\\\/\\\/schema.org\",\"@graph\":[{\"@type\":\"Article\",\"@id\":\"https:\\\/\\\/www.lovendal.ro\\\/wp52\\\/trei-oameni-puternici-ai-lumii-ne-ameninta-un-virus-periculos-mult-mai-mortal-decat-acesta-va-veni-peste-noi\\\/#article\",\"isPartOf\":{\"@id\":\"https:\\\/\\\/www.lovendal.ro\\\/wp52\\\/trei-oameni-puternici-ai-lumii-ne-ameninta-un-virus-periculos-mult-mai-mortal-decat-acesta-va-veni-peste-noi\\\/\"},\"author\":{\"name\":\"admin\",\"@id\":\"https:\\\/\\\/www.lovendal.ro\\\/wp52\\\/#\\\/schema\\\/person\\\/088691de5dfc346bb0c023e1e52ef5d9\"},\"headline\":\"Trei oameni puternici ai lumii ne amenin\u0163\u0103: un virus periculos, mult mai mortal dec\u00e2t acesta, va veni peste noi!\",\"datePublished\":\"2021-05-28T18:27:33+00:00\",\"mainEntityOfPage\":{\"@id\":\"https:\\\/\\\/www.lovendal.ro\\\/wp52\\\/trei-oameni-puternici-ai-lumii-ne-ameninta-un-virus-periculos-mult-mai-mortal-decat-acesta-va-veni-peste-noi\\\/\"},\"wordCount\":428,\"commentCount\":0,\"publisher\":{\"@id\":\"https:\\\/\\\/www.lovendal.ro\\\/wp52\\\/#organization\"},\"image\":{\"@id\":\"https:\\\/\\\/www.lovendal.ro\\\/wp52\\\/trei-oameni-puternici-ai-lumii-ne-ameninta-un-virus-periculos-mult-mai-mortal-decat-acesta-va-veni-peste-noi\\\/#primaryimage\"},\"thumbnailUrl\":\"https:\\\/\\\/www.lovendal.ro\\\/wp52\\\/wp-content\\\/uploads\\\/2021\\\/05\\\/urmatoarea-pandemie.jpg\",\"keywords\":[\"Bill Gates\",\"Conspiratii si Mistere\",\"coronavirus\",\"interviu\",\"Kamala Harris\",\"OMS\",\"ONU\",\"pandemie\",\"SUA\",\"vicepre\u015fedinte\",\"virus\"],\"articleSection\":[\"Conspiratii si Mistere\"],\"inLanguage\":\"ro-RO\",\"potentialAction\":[{\"@type\":\"CommentAction\",\"name\":\"Comment\",\"target\":[\"https:\\\/\\\/www.lovendal.ro\\\/wp52\\\/trei-oameni-puternici-ai-lumii-ne-ameninta-un-virus-periculos-mult-mai-mortal-decat-acesta-va-veni-peste-noi\\\/#respond\"]}]},{\"@type\":\"WebPage\",\"@id\":\"https:\\\/\\\/www.lovendal.ro\\\/wp52\\\/trei-oameni-puternici-ai-lumii-ne-ameninta-un-virus-periculos-mult-mai-mortal-decat-acesta-va-veni-peste-noi\\\/\",\"url\":\"https:\\\/\\\/www.lovendal.ro\\\/wp52\\\/trei-oameni-puternici-ai-lumii-ne-ameninta-un-virus-periculos-mult-mai-mortal-decat-acesta-va-veni-peste-noi\\\/\",\"name\":\"Trei oameni puternici ai lumii ne amenin\u0163\u0103: un virus periculos, mult mai mortal dec\u00e2t acesta, va veni peste noi! - Secretele lui Lovendal\",\"isPartOf\":{\"@id\":\"https:\\\/\\\/www.lovendal.ro\\\/wp52\\\/#website\"},\"primaryImageOfPage\":{\"@id\":\"https:\\\/\\\/www.lovendal.ro\\\/wp52\\\/trei-oameni-puternici-ai-lumii-ne-ameninta-un-virus-periculos-mult-mai-mortal-decat-acesta-va-veni-peste-noi\\\/#primaryimage\"},\"image\":{\"@id\":\"https:\\\/\\\/www.lovendal.ro\\\/wp52\\\/trei-oameni-puternici-ai-lumii-ne-ameninta-un-virus-periculos-mult-mai-mortal-decat-acesta-va-veni-peste-noi\\\/#primaryimage\"},\"thumbnailUrl\":\"https:\\\/\\\/www.lovendal.ro\\\/wp52\\\/wp-content\\\/uploads\\\/2021\\\/05\\\/urmatoarea-pandemie.jpg\",\"datePublished\":\"2021-05-28T18:27:33+00:00\",\"breadcrumb\":{\"@id\":\"https:\\\/\\\/www.lovendal.ro\\\/wp52\\\/trei-oameni-puternici-ai-lumii-ne-ameninta-un-virus-periculos-mult-mai-mortal-decat-acesta-va-veni-peste-noi\\\/#breadcrumb\"},\"inLanguage\":\"ro-RO\",\"potentialAction\":[{\"@type\":\"ReadAction\",\"target\":[\"https:\\\/\\\/www.lovendal.ro\\\/wp52\\\/trei-oameni-puternici-ai-lumii-ne-ameninta-un-virus-periculos-mult-mai-mortal-decat-acesta-va-veni-peste-noi\\\/\"]}]},{\"@type\":\"ImageObject\",\"inLanguage\":\"ro-RO\",\"@id\":\"https:\\\/\\\/www.lovendal.ro\\\/wp52\\\/trei-oameni-puternici-ai-lumii-ne-ameninta-un-virus-periculos-mult-mai-mortal-decat-acesta-va-veni-peste-noi\\\/#primaryimage\",\"url\":\"https:\\\/\\\/www.lovendal.ro\\\/wp52\\\/wp-content\\\/uploads\\\/2021\\\/05\\\/urmatoarea-pandemie.jpg\",\"contentUrl\":\"https:\\\/\\\/www.lovendal.ro\\\/wp52\\\/wp-content\\\/uploads\\\/2021\\\/05\\\/urmatoarea-pandemie.jpg\",\"width\":346,\"height\":231,\"caption\":\"Imagine: pixabay.com (Commons Creative - free)\"},{\"@type\":\"BreadcrumbList\",\"@id\":\"https:\\\/\\\/www.lovendal.ro\\\/wp52\\\/trei-oameni-puternici-ai-lumii-ne-ameninta-un-virus-periculos-mult-mai-mortal-decat-acesta-va-veni-peste-noi\\\/#breadcrumb\",\"itemListElement\":[{\"@type\":\"ListItem\",\"position\":1,\"name\":\"Home\",\"item\":\"https:\\\/\\\/www.lovendal.ro\\\/wp52\\\/\"},{\"@type\":\"ListItem\",\"position\":2,\"name\":\"Trei oameni puternici ai lumii ne amenin\u0163\u0103: un virus periculos, mult mai mortal dec\u00e2t acesta, va veni peste noi!\"}]},{\"@type\":\"WebSite\",\"@id\":\"https:\\\/\\\/www.lovendal.ro\\\/wp52\\\/#website\",\"url\":\"https:\\\/\\\/www.lovendal.ro\\\/wp52\\\/\",\"name\":\"Secretele lui Lovendal\",\"description\":\"Site de secrete, stiinta si metafizica - din 2008 -\",\"publisher\":{\"@id\":\"https:\\\/\\\/www.lovendal.ro\\\/wp52\\\/#organization\"},\"potentialAction\":[{\"@type\":\"SearchAction\",\"target\":{\"@type\":\"EntryPoint\",\"urlTemplate\":\"https:\\\/\\\/www.lovendal.ro\\\/wp52\\\/?s={search_term_string}\"},\"query-input\":{\"@type\":\"PropertyValueSpecification\",\"valueRequired\":true,\"valueName\":\"search_term_string\"}}],\"inLanguage\":\"ro-RO\"},{\"@type\":\"Organization\",\"@id\":\"https:\\\/\\\/www.lovendal.ro\\\/wp52\\\/#organization\",\"name\":\"Secretele lui Lovendal\",\"url\":\"https:\\\/\\\/www.lovendal.ro\\\/wp52\\\/\",\"logo\":{\"@type\":\"ImageObject\",\"inLanguage\":\"ro-RO\",\"@id\":\"https:\\\/\\\/www.lovendal.ro\\\/wp52\\\/#\\\/schema\\\/logo\\\/image\\\/\",\"url\":\"https:\\\/\\\/www.lovendal.ro\\\/wp52\\\/wp-content\\\/uploads\\\/2024\\\/06\\\/cropped-SLL-iun-2024-1.jpg\",\"contentUrl\":\"https:\\\/\\\/www.lovendal.ro\\\/wp52\\\/wp-content\\\/uploads\\\/2024\\\/06\\\/cropped-SLL-iun-2024-1.jpg\",\"width\":771,\"height\":240,\"caption\":\"Secretele lui Lovendal\"},\"image\":{\"@id\":\"https:\\\/\\\/www.lovendal.ro\\\/wp52\\\/#\\\/schema\\\/logo\\\/image\\\/\"},\"sameAs\":[\"https:\\\/\\\/www.facebook.com\\\/secreteleluilovendal\"]},{\"@type\":\"Person\",\"@id\":\"https:\\\/\\\/www.lovendal.ro\\\/wp52\\\/#\\\/schema\\\/person\\\/088691de5dfc346bb0c023e1e52ef5d9\",\"name\":\"admin\",\"image\":{\"@type\":\"ImageObject\",\"inLanguage\":\"ro-RO\",\"@id\":\"https:\\\/\\\/secure.gravatar.com\\\/avatar\\\/ecb9cd41f5f63c9c9b989999a59f6e2639a865ec361e9db054db0679a8f341c2?s=96&d=mm&r=g\",\"url\":\"https:\\\/\\\/secure.gravatar.com\\\/avatar\\\/ecb9cd41f5f63c9c9b989999a59f6e2639a865ec361e9db054db0679a8f341c2?s=96&d=mm&r=g\",\"contentUrl\":\"https:\\\/\\\/secure.gravatar.com\\\/avatar\\\/ecb9cd41f5f63c9c9b989999a59f6e2639a865ec361e9db054db0679a8f341c2?s=96&d=mm&r=g\",\"caption\":\"admin\"},\"sameAs\":[\"https:\\\/\\\/www.lovendal.ro\\\/wp52\"]}]}<\/script>\n<!-- \/ Yoast SEO Premium plugin. -->","yoast_head_json":{"title":"Trei oameni puternici ai lumii ne amenin\u0163\u0103: un virus periculos, mult mai mortal dec\u00e2t acesta, va veni peste noi! - Secretele lui Lovendal","robots":{"index":"index","follow":"follow","max-snippet":"max-snippet:-1","max-image-preview":"max-image-preview:large","max-video-preview":"max-video-preview:-1"},"canonical":"https:\/\/www.lovendal.ro\/wp52\/trei-oameni-puternici-ai-lumii-ne-ameninta-un-virus-periculos-mult-mai-mortal-decat-acesta-va-veni-peste-noi\/","og_locale":"ro_RO","og_type":"article","og_title":"Trei oameni puternici ai lumii ne amenin\u0163\u0103: un virus periculos, mult mai mortal dec\u00e2t acesta, va veni peste noi!","og_description":"Mai \u0163ine\u0163i minte de articolul din iulie 2020 &#8211; Bill \u015fi Melinda Gates sur\u00e2d la sf\u00e2r\u015fitul unui interviu, dup\u0103 ce anun\u0163\u0103 c\u0103 trebuie s\u0103 ne preg\u0103tim pentru al doilea val epidemic de coronavirus &#8211; \u00een care Bill \u015fi Melinda Gates ... Cititi mai multe","og_url":"https:\/\/www.lovendal.ro\/wp52\/trei-oameni-puternici-ai-lumii-ne-ameninta-un-virus-periculos-mult-mai-mortal-decat-acesta-va-veni-peste-noi\/","og_site_name":"Secretele lui Lovendal","article_publisher":"https:\/\/www.facebook.com\/secreteleluilovendal","article_published_time":"2021-05-28T18:27:33+00:00","og_image":[{"width":346,"height":231,"url":"https:\/\/www.lovendal.ro\/wp52\/wp-content\/uploads\/2021\/05\/urmatoarea-pandemie.jpg","type":"image\/jpeg"}],"author":"admin","twitter_card":"summary_large_image","twitter_misc":{"Scris de":"admin","Timp estimat pentru citire":"2 minute"},"schema":{"@context":"https:\/\/schema.org","@graph":[{"@type":"Article","@id":"https:\/\/www.lovendal.ro\/wp52\/trei-oameni-puternici-ai-lumii-ne-ameninta-un-virus-periculos-mult-mai-mortal-decat-acesta-va-veni-peste-noi\/#article","isPartOf":{"@id":"https:\/\/www.lovendal.ro\/wp52\/trei-oameni-puternici-ai-lumii-ne-ameninta-un-virus-periculos-mult-mai-mortal-decat-acesta-va-veni-peste-noi\/"},"author":{"name":"admin","@id":"https:\/\/www.lovendal.ro\/wp52\/#\/schema\/person\/088691de5dfc346bb0c023e1e52ef5d9"},"headline":"Trei oameni puternici ai lumii ne amenin\u0163\u0103: un virus periculos, mult mai mortal dec\u00e2t acesta, va veni peste noi!","datePublished":"2021-05-28T18:27:33+00:00","mainEntityOfPage":{"@id":"https:\/\/www.lovendal.ro\/wp52\/trei-oameni-puternici-ai-lumii-ne-ameninta-un-virus-periculos-mult-mai-mortal-decat-acesta-va-veni-peste-noi\/"},"wordCount":428,"commentCount":0,"publisher":{"@id":"https:\/\/www.lovendal.ro\/wp52\/#organization"},"image":{"@id":"https:\/\/www.lovendal.ro\/wp52\/trei-oameni-puternici-ai-lumii-ne-ameninta-un-virus-periculos-mult-mai-mortal-decat-acesta-va-veni-peste-noi\/#primaryimage"},"thumbnailUrl":"https:\/\/www.lovendal.ro\/wp52\/wp-content\/uploads\/2021\/05\/urmatoarea-pandemie.jpg","keywords":["Bill Gates","Conspiratii si Mistere","coronavirus","interviu","Kamala Harris","OMS","ONU","pandemie","SUA","vicepre\u015fedinte","virus"],"articleSection":["Conspiratii si Mistere"],"inLanguage":"ro-RO","potentialAction":[{"@type":"CommentAction","name":"Comment","target":["https:\/\/www.lovendal.ro\/wp52\/trei-oameni-puternici-ai-lumii-ne-ameninta-un-virus-periculos-mult-mai-mortal-decat-acesta-va-veni-peste-noi\/#respond"]}]},{"@type":"WebPage","@id":"https:\/\/www.lovendal.ro\/wp52\/trei-oameni-puternici-ai-lumii-ne-ameninta-un-virus-periculos-mult-mai-mortal-decat-acesta-va-veni-peste-noi\/","url":"https:\/\/www.lovendal.ro\/wp52\/trei-oameni-puternici-ai-lumii-ne-ameninta-un-virus-periculos-mult-mai-mortal-decat-acesta-va-veni-peste-noi\/","name":"Trei oameni puternici ai lumii ne amenin\u0163\u0103: un virus periculos, mult mai mortal dec\u00e2t acesta, va veni peste noi! - Secretele lui Lovendal","isPartOf":{"@id":"https:\/\/www.lovendal.ro\/wp52\/#website"},"primaryImageOfPage":{"@id":"https:\/\/www.lovendal.ro\/wp52\/trei-oameni-puternici-ai-lumii-ne-ameninta-un-virus-periculos-mult-mai-mortal-decat-acesta-va-veni-peste-noi\/#primaryimage"},"image":{"@id":"https:\/\/www.lovendal.ro\/wp52\/trei-oameni-puternici-ai-lumii-ne-ameninta-un-virus-periculos-mult-mai-mortal-decat-acesta-va-veni-peste-noi\/#primaryimage"},"thumbnailUrl":"https:\/\/www.lovendal.ro\/wp52\/wp-content\/uploads\/2021\/05\/urmatoarea-pandemie.jpg","datePublished":"2021-05-28T18:27:33+00:00","breadcrumb":{"@id":"https:\/\/www.lovendal.ro\/wp52\/trei-oameni-puternici-ai-lumii-ne-ameninta-un-virus-periculos-mult-mai-mortal-decat-acesta-va-veni-peste-noi\/#breadcrumb"},"inLanguage":"ro-RO","potentialAction":[{"@type":"ReadAction","target":["https:\/\/www.lovendal.ro\/wp52\/trei-oameni-puternici-ai-lumii-ne-ameninta-un-virus-periculos-mult-mai-mortal-decat-acesta-va-veni-peste-noi\/"]}]},{"@type":"ImageObject","inLanguage":"ro-RO","@id":"https:\/\/www.lovendal.ro\/wp52\/trei-oameni-puternici-ai-lumii-ne-ameninta-un-virus-periculos-mult-mai-mortal-decat-acesta-va-veni-peste-noi\/#primaryimage","url":"https:\/\/www.lovendal.ro\/wp52\/wp-content\/uploads\/2021\/05\/urmatoarea-pandemie.jpg","contentUrl":"https:\/\/www.lovendal.ro\/wp52\/wp-content\/uploads\/2021\/05\/urmatoarea-pandemie.jpg","width":346,"height":231,"caption":"Imagine: pixabay.com (Commons Creative - free)"},{"@type":"BreadcrumbList","@id":"https:\/\/www.lovendal.ro\/wp52\/trei-oameni-puternici-ai-lumii-ne-ameninta-un-virus-periculos-mult-mai-mortal-decat-acesta-va-veni-peste-noi\/#breadcrumb","itemListElement":[{"@type":"ListItem","position":1,"name":"Home","item":"https:\/\/www.lovendal.ro\/wp52\/"},{"@type":"ListItem","position":2,"name":"Trei oameni puternici ai lumii ne amenin\u0163\u0103: un virus periculos, mult mai mortal dec\u00e2t acesta, va veni peste noi!"}]},{"@type":"WebSite","@id":"https:\/\/www.lovendal.ro\/wp52\/#website","url":"https:\/\/www.lovendal.ro\/wp52\/","name":"Secretele lui Lovendal","description":"Site de secrete, stiinta si metafizica - din 2008 -","publisher":{"@id":"https:\/\/www.lovendal.ro\/wp52\/#organization"},"potentialAction":[{"@type":"SearchAction","target":{"@type":"EntryPoint","urlTemplate":"https:\/\/www.lovendal.ro\/wp52\/?s={search_term_string}"},"query-input":{"@type":"PropertyValueSpecification","valueRequired":true,"valueName":"search_term_string"}}],"inLanguage":"ro-RO"},{"@type":"Organization","@id":"https:\/\/www.lovendal.ro\/wp52\/#organization","name":"Secretele lui Lovendal","url":"https:\/\/www.lovendal.ro\/wp52\/","logo":{"@type":"ImageObject","inLanguage":"ro-RO","@id":"https:\/\/www.lovendal.ro\/wp52\/#\/schema\/logo\/image\/","url":"https:\/\/www.lovendal.ro\/wp52\/wp-content\/uploads\/2024\/06\/cropped-SLL-iun-2024-1.jpg","contentUrl":"https:\/\/www.lovendal.ro\/wp52\/wp-content\/uploads\/2024\/06\/cropped-SLL-iun-2024-1.jpg","width":771,"height":240,"caption":"Secretele lui Lovendal"},"image":{"@id":"https:\/\/www.lovendal.ro\/wp52\/#\/schema\/logo\/image\/"},"sameAs":["https:\/\/www.facebook.com\/secreteleluilovendal"]},{"@type":"Person","@id":"https:\/\/www.lovendal.ro\/wp52\/#\/schema\/person\/088691de5dfc346bb0c023e1e52ef5d9","name":"admin","image":{"@type":"ImageObject","inLanguage":"ro-RO","@id":"https:\/\/secure.gravatar.com\/avatar\/ecb9cd41f5f63c9c9b989999a59f6e2639a865ec361e9db054db0679a8f341c2?s=96&d=mm&r=g","url":"https:\/\/secure.gravatar.com\/avatar\/ecb9cd41f5f63c9c9b989999a59f6e2639a865ec361e9db054db0679a8f341c2?s=96&d=mm&r=g","contentUrl":"https:\/\/secure.gravatar.com\/avatar\/ecb9cd41f5f63c9c9b989999a59f6e2639a865ec361e9db054db0679a8f341c2?s=96&d=mm&r=g","caption":"admin"},"sameAs":["https:\/\/www.lovendal.ro\/wp52"]}]}},"_links":{"self":[{"href":"https:\/\/www.lovendal.ro\/wp52\/wp-json\/wp\/v2\/posts\/75038","targetHints":{"allow":["GET"]}}],"collection":[{"href":"https:\/\/www.lovendal.ro\/wp52\/wp-json\/wp\/v2\/posts"}],"about":[{"href":"https:\/\/www.lovendal.ro\/wp52\/wp-json\/wp\/v2\/types\/post"}],"author":[{"embeddable":true,"href":"https:\/\/www.lovendal.ro\/wp52\/wp-json\/wp\/v2\/users\/1"}],"replies":[{"embeddable":true,"href":"https:\/\/www.lovendal.ro\/wp52\/wp-json\/wp\/v2\/comments?post=75038"}],"version-history":[{"count":0,"href":"https:\/\/www.lovendal.ro\/wp52\/wp-json\/wp\/v2\/posts\/75038\/revisions"}],"wp:featuredmedia":[{"embeddable":true,"href":"https:\/\/www.lovendal.ro\/wp52\/wp-json\/wp\/v2\/media\/75040"}],"wp:attachment":[{"href":"https:\/\/www.lovendal.ro\/wp52\/wp-json\/wp\/v2\/media?parent=75038"}],"wp:term":[{"taxonomy":"category","embeddable":true,"href":"https:\/\/www.lovendal.ro\/wp52\/wp-json\/wp\/v2\/categories?post=75038"},{"taxonomy":"post_tag","embeddable":true,"href":"https:\/\/www.lovendal.ro\/wp52\/wp-json\/wp\/v2\/tags?post=75038"}],"curies":[{"name":"wp","href":"https:\/\/api.w.org\/{rel}","templated":true}]}}