{"id":74986,"date":"2021-05-22T23:20:40","date_gmt":"2021-05-22T20:20:40","guid":{"rendered":"https:\/\/www.lovendal.ro\/wp52\/?p=74986"},"modified":"2021-05-22T23:20:40","modified_gmt":"2021-05-22T20:20:40","slug":"a-fost-si-pitic-si-gigant-in-aceeasi-viata-de-la-150-metri-la-peste-230-de-metri-ce-fel-de-om-era-asta","status":"publish","type":"post","link":"https:\/\/www.lovendal.ro\/wp52\/a-fost-si-pitic-si-gigant-in-aceeasi-viata-de-la-150-metri-la-peste-230-de-metri-ce-fel-de-om-era-asta\/","title":{"rendered":"A fost \u015fi pitic \u015fi gigant \u00een aceea\u015fi via\u0163\u0103: de la 1,50 metri la peste 2,30 de metri! Ce fel de om era \u0103sta!?"},"content":{"rendered":"<p><a href=\"https:\/\/www.lovendal.ro\/wp52\/wp-content\/uploads\/2021\/05\/Gigant-pitic.jpg\"><img loading=\"lazy\" decoding=\"async\" class=\"alignleft size-full wp-image-74987\" src=\"https:\/\/www.lovendal.ro\/wp52\/wp-content\/uploads\/2021\/05\/Gigant-pitic.jpg\" alt=\"\" width=\"350\" height=\"349\" srcset=\"https:\/\/www.lovendal.ro\/wp52\/wp-content\/uploads\/2021\/05\/Gigant-pitic.jpg 350w, https:\/\/www.lovendal.ro\/wp52\/wp-content\/uploads\/2021\/05\/Gigant-pitic-300x300.jpg 300w, https:\/\/www.lovendal.ro\/wp52\/wp-content\/uploads\/2021\/05\/Gigant-pitic-100x100.jpg 100w\" sizes=\"auto, (max-width: 350px) 100vw, 350px\" \/><\/a>Adam Rainer a fost singura persoan\u0103 din istoria omenirii care a fost at\u00e2t un pitic, c\u00e2t \u0219i gigant \u00een via\u021ba sa. \u00cen decurs de 10 ani, Rainer a crescut de la mai pu\u021bin de 1,50 metri la o \u00een\u0103l\u021bime de peste 2,30 metri.<\/p>\n<p>Adam Rainer s-a n\u0103scut \u00een 1899 \u00een ora\u0219ul austriac Graz. P\u0103rin\u021bii s\u0103i au avut o \u00een\u0103l\u021bime medie \u0219i nimic nu indica faptul c\u0103 Rainer ar fi fost un om neobi\u015fnuit. Cu toate acestea, p\u00e2n\u0103 c\u00e2nd Rainer ajunsese la adolescen\u021b\u0103, era clar c\u0103 era mai scund dec\u00e2t ceilal\u021bi b\u0103ie\u021bi de v\u00e2rsta lui.<\/p>\n<p>\u00cen 1917, Rainer a \u00eencercat s\u0103 se al\u0103ture armatei austro-ungare pentru a lupta \u00een primul r\u0103zboi mondial, dar a fost refuzat din cauza \u00een\u0103l\u021bimii sale. Atunci, el avea doar 135 de cm.<\/p>\n<p>\u00cen 1918, la v\u00e2rsta de 19 ani, Rainer a \u00eencercat s\u0103 se \u00eenroleze din nou \u00een armat\u0103, dup\u0103 ce a crescut pu\u0163in. \u00cen acest moment, Rainer avea o \u00een\u0103l\u021bime de 140 de cm, dar a fost din nou refuzat din cauza \u00een\u0103l\u021bimii sale. Rainer a fost considerat a fi pitic.<\/p>\n<p>Destul de interesant, de\u0219i Rainer era foarte scund, medicii au observat c\u0103 avea m\u00e2ini \u0219i picioare extrem de mari pentru dimensiunile sale mici. Prima dat\u0103, c\u00e2nd Rainer a \u00eencercat s\u0103 se \u00eenroleze \u00een armat\u0103, medicii au observat c\u0103 el purta pantofi de m\u0103rimea 43. Trei ani mai t\u00e2rziu, el purta 50 m\u0103rimea la pantofi, chiar dac\u0103 nu crescuse prea mult.<\/p>\n<p>La un moment dat \u00een anii \u201920, Rainer a \u00eenceput s\u0103 creasc\u0103 foarte repede. La cea de-a 32-a aniversare, el avea 218 cm. La \u00eenceputul anilor 1930, Rainer a fost examinat de medicii austrieci Dr. A. Mandl \u0219i Dr. F. Windholz, care l-au diagnosticat cu acromegalie &#8211; o afec\u021biune rar\u0103 \u00een care corpul produce prea mult hormon de cre\u0219tere.<\/p>\n<p>Echipa medical\u0103 a lui Rainer a stabilit c\u0103 acromegalia \u0219i cre\u0219terea brusc\u0103 a acestuia au fost cauzate de o tumoare de pe glanda pituitar\u0103. Tumora a fost \u00eendep\u0103rtat\u0103 cu succes, iar medicii s\u0103i sperau c\u0103 f\u0103r\u0103 tumor\u0103, Reiner va \u00eenceta s\u0103 creasc\u0103.<\/p>\n<p>De\u0219i \u00eendep\u0103rtarea tumorii a \u00eencetinit cu mult ritmul la care a crescut Reiner, totu\u0219i el a devenit tot mai \u00eenalt. La c\u00e2teva luni dup\u0103 opera\u021bie, medicii lui Reiner l-au m\u0103surat \u0219i au constatat c\u0103 \u00een\u0103l\u021bimea sa \u00een picioare a r\u0103mas aceea\u0219i, dar curbura spinal\u0103 indica faptul c\u0103 el era \u00eenc\u0103 \u00een cre\u0219tere.<\/p>\n<p>Pe m\u0103sur\u0103 ce Reiner a continuat s\u0103 creasc\u0103 dup\u0103 opera\u021bie, s\u0103n\u0103tatea sa a continuat s\u0103 se deterioreze. \u00cen cele din urm\u0103, \u0219i-a pierdut at\u00e2t vederea, c\u00e2t \u0219i auzul. A murit \u00een 1950, la v\u00e2rsta de 51 de ani, la o \u00een\u0103l\u021bime de 2,34 metri.<\/p>\n<p>De\u0219i Adam Reiner a fost primul caz cunoscut de acromegalie, el nu a fost singura persoan\u0103 din istorie care a tr\u0103it cu aceast\u0103 tulburare, care afecteaz\u0103 \u00eentre 50 \u0219i 70 de milioane de oameni \u00een fiecare an.<\/p>\n<p>Unele dintre cele mai frecvente simptome asociate cu acromegalia sunt m\u00e2inile \u0219i picioarele m\u0103rite. Acest lucru explic\u0103 de ce ofi\u021berii medicali erau at\u00e2t de perplexi cu m\u0103rimea m\u00e2inilor \u0219i picioarelor lui Reiner \u00een compara\u021bie cu corpul s\u0103u mic. Un alt simptom al acromegaliei este schimbarea formei fe\u021bei. Adesea, persoanele cu acromegalie experimenteaz\u0103 m\u0103rirea tr\u0103s\u0103turilor faciale, inclusiv oasele fe\u021bei, din\u021bii, nasul, limba \u0219i buzele.<\/p>\n<p>Adam Rainer continu\u0103 s\u0103 fie singura persoan\u0103 din istorie care a fost considerat\u0103 \u015fi pitic \u0219i gigant.<\/p>\n","protected":false},"excerpt":{"rendered":"<p>Adam Rainer a fost singura persoan\u0103 din istoria omenirii care a fost at\u00e2t un pitic, c\u00e2t \u0219i gigant \u00een via\u021ba sa. \u00cen decurs de 10 ani, Rainer a crescut de la mai pu\u021bin de 1,50 metri la o \u00een\u0103l\u021bime de &#8230; <\/p>\n<p class=\"read-more-container\"><a title=\"A fost \u015fi pitic \u015fi gigant \u00een aceea\u015fi via\u0163\u0103: de la 1,50 metri la peste 2,30 de metri! Ce fel de om era \u0103sta!?\" class=\"read-more button\" href=\"https:\/\/www.lovendal.ro\/wp52\/a-fost-si-pitic-si-gigant-in-aceeasi-viata-de-la-150-metri-la-peste-230-de-metri-ce-fel-de-om-era-asta\/#more-74986\" aria-label=\"Cite\u0219te mai multe despre A fost \u015fi pitic \u015fi gigant \u00een aceea\u015fi via\u0163\u0103: de la 1,50 metri la peste 2,30 de metri! Ce fel de om era \u0103sta!?\">Cititi mai multe<\/a><\/p>\n","protected":false},"author":1,"featured_media":74987,"comment_status":"open","ping_status":"open","sticky":false,"template":"","format":"standard","meta":{"footnotes":""},"categories":[1852],"tags":[16731,70,1391,6223,5238,1542,2858,7728,16730,7730,7729,9809,1522,4979,3763,1045,151,284,3645,1220],"class_list":["post-74986","post","type-post","status-publish","format-standard","has-post-thumbnail","hentry","category-incredibil","tag-acromegalie","tag-armata","tag-austria","tag-buze","tag-corp","tag-dinti","tag-fata","tag-gigant","tag-glanda-pituitara","tag-graz","tag-inaltime","tag-incredibil","tag-limba","tag-maini","tag-medic","tag-nas","tag-oras","tag-picioare","tag-pitic","tag-primul-razboi-mondial","resize-featured-image"],"yoast_head":"<!-- This site is optimized with the Yoast SEO Premium plugin v23.3 (Yoast SEO v27.4) - https:\/\/yoast.com\/product\/yoast-seo-premium-wordpress\/ -->\n<title>A fost \u015fi pitic \u015fi gigant \u00een aceea\u015fi via\u0163\u0103: de la 1,50 metri la peste 2,30 de metri! Ce fel de om era \u0103sta!? - Secretele lui Lovendal<\/title>\n<meta name=\"robots\" content=\"index, follow, max-snippet:-1, max-image-preview:large, max-video-preview:-1\" \/>\n<link rel=\"canonical\" href=\"https:\/\/www.lovendal.ro\/wp52\/a-fost-si-pitic-si-gigant-in-aceeasi-viata-de-la-150-metri-la-peste-230-de-metri-ce-fel-de-om-era-asta\/\" \/>\n<meta property=\"og:locale\" content=\"ro_RO\" \/>\n<meta property=\"og:type\" content=\"article\" \/>\n<meta property=\"og:title\" content=\"A fost \u015fi pitic \u015fi gigant \u00een aceea\u015fi via\u0163\u0103: de la 1,50 metri la peste 2,30 de metri! Ce fel de om era \u0103sta!?\" \/>\n<meta property=\"og:description\" content=\"Adam Rainer a fost singura persoan\u0103 din istoria omenirii care a fost at\u00e2t un pitic, c\u00e2t \u0219i gigant \u00een via\u021ba sa. \u00cen decurs de 10 ani, Rainer a crescut de la mai pu\u021bin de 1,50 metri la o \u00een\u0103l\u021bime de ... Cititi mai multe\" \/>\n<meta property=\"og:url\" content=\"https:\/\/www.lovendal.ro\/wp52\/a-fost-si-pitic-si-gigant-in-aceeasi-viata-de-la-150-metri-la-peste-230-de-metri-ce-fel-de-om-era-asta\/\" \/>\n<meta property=\"og:site_name\" content=\"Secretele lui Lovendal\" \/>\n<meta property=\"article:publisher\" content=\"https:\/\/www.facebook.com\/secreteleluilovendal\" \/>\n<meta property=\"article:published_time\" content=\"2021-05-22T20:20:40+00:00\" \/>\n<meta property=\"og:image\" content=\"https:\/\/www.lovendal.ro\/wp52\/wp-content\/uploads\/2021\/05\/Gigant-pitic.jpg\" \/>\n\t<meta property=\"og:image:width\" content=\"350\" \/>\n\t<meta property=\"og:image:height\" content=\"349\" \/>\n\t<meta property=\"og:image:type\" content=\"image\/jpeg\" \/>\n<meta name=\"author\" content=\"admin\" \/>\n<meta name=\"twitter:card\" content=\"summary_large_image\" \/>\n<meta name=\"twitter:label1\" content=\"Scris de\" \/>\n\t<meta name=\"twitter:data1\" content=\"admin\" \/>\n\t<meta name=\"twitter:label2\" content=\"Timp estimat pentru citire\" \/>\n\t<meta name=\"twitter:data2\" content=\"3 minute\" \/>\n<script type=\"application\/ld+json\" class=\"yoast-schema-graph\">{\"@context\":\"https:\\\/\\\/schema.org\",\"@graph\":[{\"@type\":\"Article\",\"@id\":\"https:\\\/\\\/www.lovendal.ro\\\/wp52\\\/a-fost-si-pitic-si-gigant-in-aceeasi-viata-de-la-150-metri-la-peste-230-de-metri-ce-fel-de-om-era-asta\\\/#article\",\"isPartOf\":{\"@id\":\"https:\\\/\\\/www.lovendal.ro\\\/wp52\\\/a-fost-si-pitic-si-gigant-in-aceeasi-viata-de-la-150-metri-la-peste-230-de-metri-ce-fel-de-om-era-asta\\\/\"},\"author\":{\"name\":\"admin\",\"@id\":\"https:\\\/\\\/www.lovendal.ro\\\/wp52\\\/#\\\/schema\\\/person\\\/088691de5dfc346bb0c023e1e52ef5d9\"},\"headline\":\"A fost \u015fi pitic \u015fi gigant \u00een aceea\u015fi via\u0163\u0103: de la 1,50 metri la peste 2,30 de metri! Ce fel de om era \u0103sta!?\",\"datePublished\":\"2021-05-22T20:20:40+00:00\",\"mainEntityOfPage\":{\"@id\":\"https:\\\/\\\/www.lovendal.ro\\\/wp52\\\/a-fost-si-pitic-si-gigant-in-aceeasi-viata-de-la-150-metri-la-peste-230-de-metri-ce-fel-de-om-era-asta\\\/\"},\"wordCount\":633,\"commentCount\":0,\"publisher\":{\"@id\":\"https:\\\/\\\/www.lovendal.ro\\\/wp52\\\/#organization\"},\"image\":{\"@id\":\"https:\\\/\\\/www.lovendal.ro\\\/wp52\\\/a-fost-si-pitic-si-gigant-in-aceeasi-viata-de-la-150-metri-la-peste-230-de-metri-ce-fel-de-om-era-asta\\\/#primaryimage\"},\"thumbnailUrl\":\"https:\\\/\\\/www.lovendal.ro\\\/wp52\\\/wp-content\\\/uploads\\\/2021\\\/05\\\/Gigant-pitic.jpg\",\"keywords\":[\"acromegalie\",\"armat\u0103\",\"Austria\",\"buze\",\"corp\",\"din\u0163i\",\"fat\u0103\",\"gigant\",\"gland\u0103 pituitar\u0103\",\"Graz\",\"\u00een\u0103l\u0163ime\",\"Incredibil!\",\"limb\u0103\",\"m\u00e2ini\",\"medic\",\"nas\",\"ora\u015f\",\"picioare\",\"pitic\",\"primul r\u0103zboi mondial\"],\"articleSection\":[\"Incredibil!\"],\"inLanguage\":\"ro-RO\",\"potentialAction\":[{\"@type\":\"CommentAction\",\"name\":\"Comment\",\"target\":[\"https:\\\/\\\/www.lovendal.ro\\\/wp52\\\/a-fost-si-pitic-si-gigant-in-aceeasi-viata-de-la-150-metri-la-peste-230-de-metri-ce-fel-de-om-era-asta\\\/#respond\"]}]},{\"@type\":\"WebPage\",\"@id\":\"https:\\\/\\\/www.lovendal.ro\\\/wp52\\\/a-fost-si-pitic-si-gigant-in-aceeasi-viata-de-la-150-metri-la-peste-230-de-metri-ce-fel-de-om-era-asta\\\/\",\"url\":\"https:\\\/\\\/www.lovendal.ro\\\/wp52\\\/a-fost-si-pitic-si-gigant-in-aceeasi-viata-de-la-150-metri-la-peste-230-de-metri-ce-fel-de-om-era-asta\\\/\",\"name\":\"A fost \u015fi pitic \u015fi gigant \u00een aceea\u015fi via\u0163\u0103: de la 1,50 metri la peste 2,30 de metri! Ce fel de om era \u0103sta!? - Secretele lui Lovendal\",\"isPartOf\":{\"@id\":\"https:\\\/\\\/www.lovendal.ro\\\/wp52\\\/#website\"},\"primaryImageOfPage\":{\"@id\":\"https:\\\/\\\/www.lovendal.ro\\\/wp52\\\/a-fost-si-pitic-si-gigant-in-aceeasi-viata-de-la-150-metri-la-peste-230-de-metri-ce-fel-de-om-era-asta\\\/#primaryimage\"},\"image\":{\"@id\":\"https:\\\/\\\/www.lovendal.ro\\\/wp52\\\/a-fost-si-pitic-si-gigant-in-aceeasi-viata-de-la-150-metri-la-peste-230-de-metri-ce-fel-de-om-era-asta\\\/#primaryimage\"},\"thumbnailUrl\":\"https:\\\/\\\/www.lovendal.ro\\\/wp52\\\/wp-content\\\/uploads\\\/2021\\\/05\\\/Gigant-pitic.jpg\",\"datePublished\":\"2021-05-22T20:20:40+00:00\",\"breadcrumb\":{\"@id\":\"https:\\\/\\\/www.lovendal.ro\\\/wp52\\\/a-fost-si-pitic-si-gigant-in-aceeasi-viata-de-la-150-metri-la-peste-230-de-metri-ce-fel-de-om-era-asta\\\/#breadcrumb\"},\"inLanguage\":\"ro-RO\",\"potentialAction\":[{\"@type\":\"ReadAction\",\"target\":[\"https:\\\/\\\/www.lovendal.ro\\\/wp52\\\/a-fost-si-pitic-si-gigant-in-aceeasi-viata-de-la-150-metri-la-peste-230-de-metri-ce-fel-de-om-era-asta\\\/\"]}]},{\"@type\":\"ImageObject\",\"inLanguage\":\"ro-RO\",\"@id\":\"https:\\\/\\\/www.lovendal.ro\\\/wp52\\\/a-fost-si-pitic-si-gigant-in-aceeasi-viata-de-la-150-metri-la-peste-230-de-metri-ce-fel-de-om-era-asta\\\/#primaryimage\",\"url\":\"https:\\\/\\\/www.lovendal.ro\\\/wp52\\\/wp-content\\\/uploads\\\/2021\\\/05\\\/Gigant-pitic.jpg\",\"contentUrl\":\"https:\\\/\\\/www.lovendal.ro\\\/wp52\\\/wp-content\\\/uploads\\\/2021\\\/05\\\/Gigant-pitic.jpg\",\"width\":350,\"height\":349},{\"@type\":\"BreadcrumbList\",\"@id\":\"https:\\\/\\\/www.lovendal.ro\\\/wp52\\\/a-fost-si-pitic-si-gigant-in-aceeasi-viata-de-la-150-metri-la-peste-230-de-metri-ce-fel-de-om-era-asta\\\/#breadcrumb\",\"itemListElement\":[{\"@type\":\"ListItem\",\"position\":1,\"name\":\"Home\",\"item\":\"https:\\\/\\\/www.lovendal.ro\\\/wp52\\\/\"},{\"@type\":\"ListItem\",\"position\":2,\"name\":\"A fost \u015fi pitic \u015fi gigant \u00een aceea\u015fi via\u0163\u0103: de la 1,50 metri la peste 2,30 de metri! Ce fel de om era \u0103sta!?\"}]},{\"@type\":\"WebSite\",\"@id\":\"https:\\\/\\\/www.lovendal.ro\\\/wp52\\\/#website\",\"url\":\"https:\\\/\\\/www.lovendal.ro\\\/wp52\\\/\",\"name\":\"Secretele lui Lovendal\",\"description\":\"Site de secrete, stiinta si metafizica - din 2008 -\",\"publisher\":{\"@id\":\"https:\\\/\\\/www.lovendal.ro\\\/wp52\\\/#organization\"},\"potentialAction\":[{\"@type\":\"SearchAction\",\"target\":{\"@type\":\"EntryPoint\",\"urlTemplate\":\"https:\\\/\\\/www.lovendal.ro\\\/wp52\\\/?s={search_term_string}\"},\"query-input\":{\"@type\":\"PropertyValueSpecification\",\"valueRequired\":true,\"valueName\":\"search_term_string\"}}],\"inLanguage\":\"ro-RO\"},{\"@type\":\"Organization\",\"@id\":\"https:\\\/\\\/www.lovendal.ro\\\/wp52\\\/#organization\",\"name\":\"Secretele lui Lovendal\",\"url\":\"https:\\\/\\\/www.lovendal.ro\\\/wp52\\\/\",\"logo\":{\"@type\":\"ImageObject\",\"inLanguage\":\"ro-RO\",\"@id\":\"https:\\\/\\\/www.lovendal.ro\\\/wp52\\\/#\\\/schema\\\/logo\\\/image\\\/\",\"url\":\"https:\\\/\\\/www.lovendal.ro\\\/wp52\\\/wp-content\\\/uploads\\\/2024\\\/06\\\/cropped-SLL-iun-2024-1.jpg\",\"contentUrl\":\"https:\\\/\\\/www.lovendal.ro\\\/wp52\\\/wp-content\\\/uploads\\\/2024\\\/06\\\/cropped-SLL-iun-2024-1.jpg\",\"width\":771,\"height\":240,\"caption\":\"Secretele lui Lovendal\"},\"image\":{\"@id\":\"https:\\\/\\\/www.lovendal.ro\\\/wp52\\\/#\\\/schema\\\/logo\\\/image\\\/\"},\"sameAs\":[\"https:\\\/\\\/www.facebook.com\\\/secreteleluilovendal\"]},{\"@type\":\"Person\",\"@id\":\"https:\\\/\\\/www.lovendal.ro\\\/wp52\\\/#\\\/schema\\\/person\\\/088691de5dfc346bb0c023e1e52ef5d9\",\"name\":\"admin\",\"image\":{\"@type\":\"ImageObject\",\"inLanguage\":\"ro-RO\",\"@id\":\"https:\\\/\\\/secure.gravatar.com\\\/avatar\\\/ecb9cd41f5f63c9c9b989999a59f6e2639a865ec361e9db054db0679a8f341c2?s=96&d=mm&r=g\",\"url\":\"https:\\\/\\\/secure.gravatar.com\\\/avatar\\\/ecb9cd41f5f63c9c9b989999a59f6e2639a865ec361e9db054db0679a8f341c2?s=96&d=mm&r=g\",\"contentUrl\":\"https:\\\/\\\/secure.gravatar.com\\\/avatar\\\/ecb9cd41f5f63c9c9b989999a59f6e2639a865ec361e9db054db0679a8f341c2?s=96&d=mm&r=g\",\"caption\":\"admin\"},\"sameAs\":[\"https:\\\/\\\/www.lovendal.ro\\\/wp52\"]}]}<\/script>\n<!-- \/ Yoast SEO Premium plugin. -->","yoast_head_json":{"title":"A fost \u015fi pitic \u015fi gigant \u00een aceea\u015fi via\u0163\u0103: de la 1,50 metri la peste 2,30 de metri! Ce fel de om era \u0103sta!? - Secretele lui Lovendal","robots":{"index":"index","follow":"follow","max-snippet":"max-snippet:-1","max-image-preview":"max-image-preview:large","max-video-preview":"max-video-preview:-1"},"canonical":"https:\/\/www.lovendal.ro\/wp52\/a-fost-si-pitic-si-gigant-in-aceeasi-viata-de-la-150-metri-la-peste-230-de-metri-ce-fel-de-om-era-asta\/","og_locale":"ro_RO","og_type":"article","og_title":"A fost \u015fi pitic \u015fi gigant \u00een aceea\u015fi via\u0163\u0103: de la 1,50 metri la peste 2,30 de metri! Ce fel de om era \u0103sta!?","og_description":"Adam Rainer a fost singura persoan\u0103 din istoria omenirii care a fost at\u00e2t un pitic, c\u00e2t \u0219i gigant \u00een via\u021ba sa. \u00cen decurs de 10 ani, Rainer a crescut de la mai pu\u021bin de 1,50 metri la o \u00een\u0103l\u021bime de ... Cititi mai multe","og_url":"https:\/\/www.lovendal.ro\/wp52\/a-fost-si-pitic-si-gigant-in-aceeasi-viata-de-la-150-metri-la-peste-230-de-metri-ce-fel-de-om-era-asta\/","og_site_name":"Secretele lui Lovendal","article_publisher":"https:\/\/www.facebook.com\/secreteleluilovendal","article_published_time":"2021-05-22T20:20:40+00:00","og_image":[{"width":350,"height":349,"url":"https:\/\/www.lovendal.ro\/wp52\/wp-content\/uploads\/2021\/05\/Gigant-pitic.jpg","type":"image\/jpeg"}],"author":"admin","twitter_card":"summary_large_image","twitter_misc":{"Scris de":"admin","Timp estimat pentru citire":"3 minute"},"schema":{"@context":"https:\/\/schema.org","@graph":[{"@type":"Article","@id":"https:\/\/www.lovendal.ro\/wp52\/a-fost-si-pitic-si-gigant-in-aceeasi-viata-de-la-150-metri-la-peste-230-de-metri-ce-fel-de-om-era-asta\/#article","isPartOf":{"@id":"https:\/\/www.lovendal.ro\/wp52\/a-fost-si-pitic-si-gigant-in-aceeasi-viata-de-la-150-metri-la-peste-230-de-metri-ce-fel-de-om-era-asta\/"},"author":{"name":"admin","@id":"https:\/\/www.lovendal.ro\/wp52\/#\/schema\/person\/088691de5dfc346bb0c023e1e52ef5d9"},"headline":"A fost \u015fi pitic \u015fi gigant \u00een aceea\u015fi via\u0163\u0103: de la 1,50 metri la peste 2,30 de metri! Ce fel de om era \u0103sta!?","datePublished":"2021-05-22T20:20:40+00:00","mainEntityOfPage":{"@id":"https:\/\/www.lovendal.ro\/wp52\/a-fost-si-pitic-si-gigant-in-aceeasi-viata-de-la-150-metri-la-peste-230-de-metri-ce-fel-de-om-era-asta\/"},"wordCount":633,"commentCount":0,"publisher":{"@id":"https:\/\/www.lovendal.ro\/wp52\/#organization"},"image":{"@id":"https:\/\/www.lovendal.ro\/wp52\/a-fost-si-pitic-si-gigant-in-aceeasi-viata-de-la-150-metri-la-peste-230-de-metri-ce-fel-de-om-era-asta\/#primaryimage"},"thumbnailUrl":"https:\/\/www.lovendal.ro\/wp52\/wp-content\/uploads\/2021\/05\/Gigant-pitic.jpg","keywords":["acromegalie","armat\u0103","Austria","buze","corp","din\u0163i","fat\u0103","gigant","gland\u0103 pituitar\u0103","Graz","\u00een\u0103l\u0163ime","Incredibil!","limb\u0103","m\u00e2ini","medic","nas","ora\u015f","picioare","pitic","primul r\u0103zboi mondial"],"articleSection":["Incredibil!"],"inLanguage":"ro-RO","potentialAction":[{"@type":"CommentAction","name":"Comment","target":["https:\/\/www.lovendal.ro\/wp52\/a-fost-si-pitic-si-gigant-in-aceeasi-viata-de-la-150-metri-la-peste-230-de-metri-ce-fel-de-om-era-asta\/#respond"]}]},{"@type":"WebPage","@id":"https:\/\/www.lovendal.ro\/wp52\/a-fost-si-pitic-si-gigant-in-aceeasi-viata-de-la-150-metri-la-peste-230-de-metri-ce-fel-de-om-era-asta\/","url":"https:\/\/www.lovendal.ro\/wp52\/a-fost-si-pitic-si-gigant-in-aceeasi-viata-de-la-150-metri-la-peste-230-de-metri-ce-fel-de-om-era-asta\/","name":"A fost \u015fi pitic \u015fi gigant \u00een aceea\u015fi via\u0163\u0103: de la 1,50 metri la peste 2,30 de metri! Ce fel de om era \u0103sta!? - Secretele lui Lovendal","isPartOf":{"@id":"https:\/\/www.lovendal.ro\/wp52\/#website"},"primaryImageOfPage":{"@id":"https:\/\/www.lovendal.ro\/wp52\/a-fost-si-pitic-si-gigant-in-aceeasi-viata-de-la-150-metri-la-peste-230-de-metri-ce-fel-de-om-era-asta\/#primaryimage"},"image":{"@id":"https:\/\/www.lovendal.ro\/wp52\/a-fost-si-pitic-si-gigant-in-aceeasi-viata-de-la-150-metri-la-peste-230-de-metri-ce-fel-de-om-era-asta\/#primaryimage"},"thumbnailUrl":"https:\/\/www.lovendal.ro\/wp52\/wp-content\/uploads\/2021\/05\/Gigant-pitic.jpg","datePublished":"2021-05-22T20:20:40+00:00","breadcrumb":{"@id":"https:\/\/www.lovendal.ro\/wp52\/a-fost-si-pitic-si-gigant-in-aceeasi-viata-de-la-150-metri-la-peste-230-de-metri-ce-fel-de-om-era-asta\/#breadcrumb"},"inLanguage":"ro-RO","potentialAction":[{"@type":"ReadAction","target":["https:\/\/www.lovendal.ro\/wp52\/a-fost-si-pitic-si-gigant-in-aceeasi-viata-de-la-150-metri-la-peste-230-de-metri-ce-fel-de-om-era-asta\/"]}]},{"@type":"ImageObject","inLanguage":"ro-RO","@id":"https:\/\/www.lovendal.ro\/wp52\/a-fost-si-pitic-si-gigant-in-aceeasi-viata-de-la-150-metri-la-peste-230-de-metri-ce-fel-de-om-era-asta\/#primaryimage","url":"https:\/\/www.lovendal.ro\/wp52\/wp-content\/uploads\/2021\/05\/Gigant-pitic.jpg","contentUrl":"https:\/\/www.lovendal.ro\/wp52\/wp-content\/uploads\/2021\/05\/Gigant-pitic.jpg","width":350,"height":349},{"@type":"BreadcrumbList","@id":"https:\/\/www.lovendal.ro\/wp52\/a-fost-si-pitic-si-gigant-in-aceeasi-viata-de-la-150-metri-la-peste-230-de-metri-ce-fel-de-om-era-asta\/#breadcrumb","itemListElement":[{"@type":"ListItem","position":1,"name":"Home","item":"https:\/\/www.lovendal.ro\/wp52\/"},{"@type":"ListItem","position":2,"name":"A fost \u015fi pitic \u015fi gigant \u00een aceea\u015fi via\u0163\u0103: de la 1,50 metri la peste 2,30 de metri! Ce fel de om era \u0103sta!?"}]},{"@type":"WebSite","@id":"https:\/\/www.lovendal.ro\/wp52\/#website","url":"https:\/\/www.lovendal.ro\/wp52\/","name":"Secretele lui Lovendal","description":"Site de secrete, stiinta si metafizica - din 2008 -","publisher":{"@id":"https:\/\/www.lovendal.ro\/wp52\/#organization"},"potentialAction":[{"@type":"SearchAction","target":{"@type":"EntryPoint","urlTemplate":"https:\/\/www.lovendal.ro\/wp52\/?s={search_term_string}"},"query-input":{"@type":"PropertyValueSpecification","valueRequired":true,"valueName":"search_term_string"}}],"inLanguage":"ro-RO"},{"@type":"Organization","@id":"https:\/\/www.lovendal.ro\/wp52\/#organization","name":"Secretele lui Lovendal","url":"https:\/\/www.lovendal.ro\/wp52\/","logo":{"@type":"ImageObject","inLanguage":"ro-RO","@id":"https:\/\/www.lovendal.ro\/wp52\/#\/schema\/logo\/image\/","url":"https:\/\/www.lovendal.ro\/wp52\/wp-content\/uploads\/2024\/06\/cropped-SLL-iun-2024-1.jpg","contentUrl":"https:\/\/www.lovendal.ro\/wp52\/wp-content\/uploads\/2024\/06\/cropped-SLL-iun-2024-1.jpg","width":771,"height":240,"caption":"Secretele lui Lovendal"},"image":{"@id":"https:\/\/www.lovendal.ro\/wp52\/#\/schema\/logo\/image\/"},"sameAs":["https:\/\/www.facebook.com\/secreteleluilovendal"]},{"@type":"Person","@id":"https:\/\/www.lovendal.ro\/wp52\/#\/schema\/person\/088691de5dfc346bb0c023e1e52ef5d9","name":"admin","image":{"@type":"ImageObject","inLanguage":"ro-RO","@id":"https:\/\/secure.gravatar.com\/avatar\/ecb9cd41f5f63c9c9b989999a59f6e2639a865ec361e9db054db0679a8f341c2?s=96&d=mm&r=g","url":"https:\/\/secure.gravatar.com\/avatar\/ecb9cd41f5f63c9c9b989999a59f6e2639a865ec361e9db054db0679a8f341c2?s=96&d=mm&r=g","contentUrl":"https:\/\/secure.gravatar.com\/avatar\/ecb9cd41f5f63c9c9b989999a59f6e2639a865ec361e9db054db0679a8f341c2?s=96&d=mm&r=g","caption":"admin"},"sameAs":["https:\/\/www.lovendal.ro\/wp52"]}]}},"_links":{"self":[{"href":"https:\/\/www.lovendal.ro\/wp52\/wp-json\/wp\/v2\/posts\/74986","targetHints":{"allow":["GET"]}}],"collection":[{"href":"https:\/\/www.lovendal.ro\/wp52\/wp-json\/wp\/v2\/posts"}],"about":[{"href":"https:\/\/www.lovendal.ro\/wp52\/wp-json\/wp\/v2\/types\/post"}],"author":[{"embeddable":true,"href":"https:\/\/www.lovendal.ro\/wp52\/wp-json\/wp\/v2\/users\/1"}],"replies":[{"embeddable":true,"href":"https:\/\/www.lovendal.ro\/wp52\/wp-json\/wp\/v2\/comments?post=74986"}],"version-history":[{"count":0,"href":"https:\/\/www.lovendal.ro\/wp52\/wp-json\/wp\/v2\/posts\/74986\/revisions"}],"wp:featuredmedia":[{"embeddable":true,"href":"https:\/\/www.lovendal.ro\/wp52\/wp-json\/wp\/v2\/media\/74987"}],"wp:attachment":[{"href":"https:\/\/www.lovendal.ro\/wp52\/wp-json\/wp\/v2\/media?parent=74986"}],"wp:term":[{"taxonomy":"category","embeddable":true,"href":"https:\/\/www.lovendal.ro\/wp52\/wp-json\/wp\/v2\/categories?post=74986"},{"taxonomy":"post_tag","embeddable":true,"href":"https:\/\/www.lovendal.ro\/wp52\/wp-json\/wp\/v2\/tags?post=74986"}],"curies":[{"name":"wp","href":"https:\/\/api.w.org\/{rel}","templated":true}]}}