{"id":74860,"date":"2021-05-09T12:17:45","date_gmt":"2021-05-09T09:17:45","guid":{"rendered":"https:\/\/www.lovendal.ro\/wp52\/?p=74860"},"modified":"2021-05-09T12:17:45","modified_gmt":"2021-05-09T09:17:45","slug":"fotografii-necunoscute-vechi-de-70-de-ani-au-starnit-o-frenezie-in-intreaga-lume-cine-sunt-cei-doi","status":"publish","type":"post","link":"https:\/\/www.lovendal.ro\/wp52\/fotografii-necunoscute-vechi-de-70-de-ani-au-starnit-o-frenezie-in-intreaga-lume-cine-sunt-cei-doi\/","title":{"rendered":"Fotografii necunoscute, vechi de 70 de ani, au st\u00e2rnit o frenezie \u00een \u00eentreaga lume. Cine sunt cei doi?"},"content":{"rendered":"<p><a href=\"https:\/\/www.lovendal.ro\/wp52\/wp-content\/uploads\/2021\/05\/fotografii-misterioase-coperta.jpg\"><img loading=\"lazy\" decoding=\"async\" class=\"alignleft size-full wp-image-74861\" src=\"https:\/\/www.lovendal.ro\/wp52\/wp-content\/uploads\/2021\/05\/fotografii-misterioase-coperta.jpg\" alt=\"\" width=\"360\" height=\"212\" srcset=\"https:\/\/www.lovendal.ro\/wp52\/wp-content\/uploads\/2021\/05\/fotografii-misterioase-coperta.jpg 360w, https:\/\/www.lovendal.ro\/wp52\/wp-content\/uploads\/2021\/05\/fotografii-misterioase-coperta-300x177.jpg 300w\" sizes=\"auto, (max-width: 360px) 100vw, 360px\" \/><\/a>Descoperirea unor fotografii vechi de circa 70 de ani a st\u00e2rnit \u00een decembrie la sf\u00e2r\u015fitul anului 2020 o frenezie mondial\u0103 \u00een a g\u0103si identitatea cuplului v\u0103zut \u00een imagini. Reviste \u015fi televiziuni importante din \u00eentreaga lume \u00eencearc\u0103 de c\u00e2teva luni s\u0103 dezlege misterul. Colec\u021bionarul irlandez de camere William Fagan a dat peste un film nedevelopat, c\u00e2nd a cump\u0103rat o camer\u0103 foto vintage Leica Illa. A fost surprins s\u0103 afle c\u0103 fotografiile de pe camer\u0103 sunt ale unei tinere \u0219i ale unui b\u0103rbat mai \u00een v\u00e2rst\u0103, afla\u0163i \u00eentr-o c\u0103l\u0103torie cu ma\u015fina prin Elve\u021bia \u0219i prin nordul Italiei.<\/p>\n<p>Fagan explic\u0103: <em>&#8222;Av\u00e2nd \u00een vedere v\u00e2rstele avute de acel cuplu la acea vreme, exist\u0103 o posibilitate foarte mare ca ei s\u0103 nu mai fie printre noi. M-am g\u00e2ndit mult dac\u0103 s\u0103 public aceste fotografii, chiar dac\u0103 a trecut at\u00e2ta timp de c\u00e2nd au fost f\u0103cute, dar nu pare s\u0103 existe alt\u0103 op\u021biune dac\u0103 vreau s\u0103 aflu cine sunt.\u201d<\/em><\/p>\n<p>Din fericire, fotografiile developate ofer\u0103 c\u00e2teva indicii care ar putea ajuta la identificarea b\u0103rbatului \u0219i a femeii. Deja, Fagan \u0219i prietenul s\u0103u Mike Evans, fondatorul site-ului de fotografie \u0219i tehnologie Macfilos, au reu\u0219it s\u0103 identifice ma\u0219ina v\u0103zut\u0103 \u00een fotografii ca un BMW 315 cabriolet, fabricat \u00een anii 1935\u20131937. \u00cen plus, au reu\u0219it s\u0103 confirme c\u0103 pl\u0103cu\u0163a de \u00eenmatriculare a ma\u015finii a fost emis\u0103 la M\u00fcnchen \u00een 1948, \u00een timpul ocupa\u021biei americane din sudul Germaniei, dup\u0103 cel de-al doilea r\u0103zboi mondial.<\/p>\n<p>Se pare c\u0103 acest cuplu a petrecut ceva timp \u00een Zurich, pe Lacul Como \u0219i \u00een Bellagio &#8211; un ora\u0219 din nordul Italiei. Fagan \u0219i Evans au reu\u0219it s\u0103 examineze loca\u021biile din fotografii \u0219i s\u0103 dateze provizoriu misterioasa c\u0103l\u0103torie rutier\u0103 \u00een mai 1951. Cu toate acestea, identitatea cuplului r\u0103m\u00e2ne un mister.<\/p>\n<p><em>&#8222;Cei doi oameni sunt o femeie \u00een v\u00e2rst\u0103 de 20 de ani sau poate \u00een jur de 30 de ani \u0219i un b\u0103rbat cu aproximativ 10 ani mai \u00een v\u00e2rst\u0103\u201d<\/em>, spune Fagan. Deoarece povestea a devenit una viral\u0103 pe Internet, articolul original a primit sute de comentarii cu teorii diferite despre identitatea celor doi indivizi. P\u00e2n\u0103 \u00een prezent, niciunul din comentarii nu a dus la concluzii utile.<\/p>\n<p><em>&#8222;At\u00e2tea \u00eentreb\u0103ri r\u0103m\u00e2n f\u0103r\u0103 r\u0103spuns &#8211; cum ar fi de ce filmul nu a fost developat niciodat\u0103? A fost aceasta o camer\u0103 \u00eemprumutat\u0103, returnat\u0103 proprietarului? Sau camera a fost furat\u0103 la un moment dat?&#8221;<\/em> se \u00eentreab\u0103 Fagan la sf\u00e2r\u0219itul post\u0103rii de pe blog.<\/p>\n<p>\u00cen acest moment, Fagan \u0219i Evans caut\u0103 \u00eenc\u0103 identitatea persoanelor din imagini, a\u0219a c\u0103, dac\u0103 cineva are informa\u021bii, \u00eel poate contacta la articolul original &#8211; <a href=\"https:\/\/www.macfilos.com\/2020\/12\/07\/swiss-roll-update-on-the-70-year-old-mystery-film\/\" target=\"_blank\" rel=\"noopener\">https:\/\/www.macfilos.com\/2020\/12\/07\/swiss-roll-update-on-the-70-year-old-mystery-film\/<\/a> &#8211; , sau folosind adresa de e-mail <a href=\"mailto:info@macfilos.com\">info@macfilos.com<\/a>.<\/p>\n<p><a href=\"https:\/\/www.lovendal.ro\/wp52\/wp-content\/uploads\/2021\/05\/fotografii-misterioase-1.jpg\"><img loading=\"lazy\" decoding=\"async\" class=\"aligncenter size-full wp-image-74862\" src=\"https:\/\/www.lovendal.ro\/wp52\/wp-content\/uploads\/2021\/05\/fotografii-misterioase-1.jpg\" alt=\"\" width=\"540\" height=\"372\" srcset=\"https:\/\/www.lovendal.ro\/wp52\/wp-content\/uploads\/2021\/05\/fotografii-misterioase-1.jpg 540w, https:\/\/www.lovendal.ro\/wp52\/wp-content\/uploads\/2021\/05\/fotografii-misterioase-1-300x207.jpg 300w, https:\/\/www.lovendal.ro\/wp52\/wp-content\/uploads\/2021\/05\/fotografii-misterioase-1-218x150.jpg 218w, https:\/\/www.lovendal.ro\/wp52\/wp-content\/uploads\/2021\/05\/fotografii-misterioase-1-436x300.jpg 436w, https:\/\/www.lovendal.ro\/wp52\/wp-content\/uploads\/2021\/05\/fotografii-misterioase-1-100x70.jpg 100w\" sizes=\"auto, (max-width: 540px) 100vw, 540px\" \/><\/a><\/p>\n<p><a href=\"https:\/\/www.lovendal.ro\/wp52\/wp-content\/uploads\/2021\/05\/fotografii-misterioase-2.jpg\"><img loading=\"lazy\" decoding=\"async\" class=\"aligncenter size-full wp-image-74863\" src=\"https:\/\/www.lovendal.ro\/wp52\/wp-content\/uploads\/2021\/05\/fotografii-misterioase-2.jpg\" alt=\"\" width=\"540\" height=\"365\" srcset=\"https:\/\/www.lovendal.ro\/wp52\/wp-content\/uploads\/2021\/05\/fotografii-misterioase-2.jpg 540w, https:\/\/www.lovendal.ro\/wp52\/wp-content\/uploads\/2021\/05\/fotografii-misterioase-2-300x203.jpg 300w\" sizes=\"auto, (max-width: 540px) 100vw, 540px\" \/><\/a><\/p>\n<p><a href=\"https:\/\/www.lovendal.ro\/wp52\/wp-content\/uploads\/2021\/05\/fotografii-misterioase-3.jpg\"><img loading=\"lazy\" decoding=\"async\" class=\"aligncenter size-full wp-image-74864\" src=\"https:\/\/www.lovendal.ro\/wp52\/wp-content\/uploads\/2021\/05\/fotografii-misterioase-3.jpg\" alt=\"\" width=\"540\" height=\"359\" srcset=\"https:\/\/www.lovendal.ro\/wp52\/wp-content\/uploads\/2021\/05\/fotografii-misterioase-3.jpg 540w, https:\/\/www.lovendal.ro\/wp52\/wp-content\/uploads\/2021\/05\/fotografii-misterioase-3-300x199.jpg 300w\" sizes=\"auto, (max-width: 540px) 100vw, 540px\" \/><\/a><\/p>\n<p><a href=\"https:\/\/www.lovendal.ro\/wp52\/wp-content\/uploads\/2021\/05\/fotografii-misterioase-4.jpg\"><img loading=\"lazy\" decoding=\"async\" class=\"aligncenter size-full wp-image-74865\" src=\"https:\/\/www.lovendal.ro\/wp52\/wp-content\/uploads\/2021\/05\/fotografii-misterioase-4.jpg\" alt=\"\" width=\"540\" height=\"362\" srcset=\"https:\/\/www.lovendal.ro\/wp52\/wp-content\/uploads\/2021\/05\/fotografii-misterioase-4.jpg 540w, https:\/\/www.lovendal.ro\/wp52\/wp-content\/uploads\/2021\/05\/fotografii-misterioase-4-300x201.jpg 300w\" sizes=\"auto, (max-width: 540px) 100vw, 540px\" \/><\/a><\/p>\n","protected":false},"excerpt":{"rendered":"<p>Descoperirea unor fotografii vechi de circa 70 de ani a st\u00e2rnit \u00een decembrie la sf\u00e2r\u015fitul anului 2020 o frenezie mondial\u0103 \u00een a g\u0103si identitatea cuplului v\u0103zut \u00een imagini. Reviste \u015fi televiziuni importante din \u00eentreaga lume \u00eencearc\u0103 de c\u00e2teva luni s\u0103 &#8230; <\/p>\n<p class=\"read-more-container\"><a title=\"Fotografii necunoscute, vechi de 70 de ani, au st\u00e2rnit o frenezie \u00een \u00eentreaga lume. Cine sunt cei doi?\" class=\"read-more button\" href=\"https:\/\/www.lovendal.ro\/wp52\/fotografii-necunoscute-vechi-de-70-de-ani-au-starnit-o-frenezie-in-intreaga-lume-cine-sunt-cei-doi\/#more-74860\" aria-label=\"Cite\u0219te mai multe despre Fotografii necunoscute, vechi de 70 de ani, au st\u00e2rnit o frenezie \u00een \u00eentreaga lume. Cine sunt cei doi?\">Cititi mai multe<\/a><\/p>\n","protected":false},"author":1,"featured_media":74861,"comment_status":"open","ping_status":"open","sticky":false,"template":"","format":"standard","meta":{"footnotes":""},"categories":[2761],"tags":[2760,4554,113,203,3615,597,86,16707,13644,580,6134,151,9812,2364,396,12215],"class_list":["post-74860","post","type-post","status-publish","format-standard","has-post-thumbnail","hentry","category-poze-controversate","tag-bmw","tag-cel-de-al-doilea-razboi-mondial","tag-elvetia","tag-germania","tag-imagine","tag-internet","tag-italia","tag-lacul-como","tag-leica","tag-masina","tag-munchen","tag-oras","tag-poze-controversate","tag-revista","tag-televiziune","tag-zurich","resize-featured-image"],"yoast_head":"<!-- This site is optimized with the Yoast SEO Premium plugin v23.3 (Yoast SEO v27.4) - https:\/\/yoast.com\/product\/yoast-seo-premium-wordpress\/ -->\n<title>Fotografii necunoscute, vechi de 70 de ani, au st\u00e2rnit o frenezie \u00een \u00eentreaga lume. Cine sunt cei doi? - Secretele lui Lovendal<\/title>\n<meta name=\"robots\" content=\"index, follow, max-snippet:-1, max-image-preview:large, max-video-preview:-1\" \/>\n<link rel=\"canonical\" href=\"https:\/\/www.lovendal.ro\/wp52\/fotografii-necunoscute-vechi-de-70-de-ani-au-starnit-o-frenezie-in-intreaga-lume-cine-sunt-cei-doi\/\" \/>\n<meta property=\"og:locale\" content=\"ro_RO\" \/>\n<meta property=\"og:type\" content=\"article\" \/>\n<meta property=\"og:title\" content=\"Fotografii necunoscute, vechi de 70 de ani, au st\u00e2rnit o frenezie \u00een \u00eentreaga lume. Cine sunt cei doi?\" \/>\n<meta property=\"og:description\" content=\"Descoperirea unor fotografii vechi de circa 70 de ani a st\u00e2rnit \u00een decembrie la sf\u00e2r\u015fitul anului 2020 o frenezie mondial\u0103 \u00een a g\u0103si identitatea cuplului v\u0103zut \u00een imagini. Reviste \u015fi televiziuni importante din \u00eentreaga lume \u00eencearc\u0103 de c\u00e2teva luni s\u0103 ... Cititi mai multe\" \/>\n<meta property=\"og:url\" content=\"https:\/\/www.lovendal.ro\/wp52\/fotografii-necunoscute-vechi-de-70-de-ani-au-starnit-o-frenezie-in-intreaga-lume-cine-sunt-cei-doi\/\" \/>\n<meta property=\"og:site_name\" content=\"Secretele lui Lovendal\" \/>\n<meta property=\"article:publisher\" content=\"https:\/\/www.facebook.com\/secreteleluilovendal\" \/>\n<meta property=\"article:published_time\" content=\"2021-05-09T09:17:45+00:00\" \/>\n<meta property=\"og:image\" content=\"https:\/\/www.lovendal.ro\/wp52\/wp-content\/uploads\/2021\/05\/fotografii-misterioase-coperta.jpg\" \/>\n\t<meta property=\"og:image:width\" content=\"360\" \/>\n\t<meta property=\"og:image:height\" content=\"212\" \/>\n\t<meta property=\"og:image:type\" content=\"image\/jpeg\" \/>\n<meta name=\"author\" content=\"admin\" \/>\n<meta name=\"twitter:card\" content=\"summary_large_image\" \/>\n<meta name=\"twitter:label1\" content=\"Scris de\" \/>\n\t<meta name=\"twitter:data1\" content=\"admin\" \/>\n\t<meta name=\"twitter:label2\" content=\"Timp estimat pentru citire\" \/>\n\t<meta name=\"twitter:data2\" content=\"2 minute\" \/>\n<script type=\"application\/ld+json\" class=\"yoast-schema-graph\">{\"@context\":\"https:\\\/\\\/schema.org\",\"@graph\":[{\"@type\":\"Article\",\"@id\":\"https:\\\/\\\/www.lovendal.ro\\\/wp52\\\/fotografii-necunoscute-vechi-de-70-de-ani-au-starnit-o-frenezie-in-intreaga-lume-cine-sunt-cei-doi\\\/#article\",\"isPartOf\":{\"@id\":\"https:\\\/\\\/www.lovendal.ro\\\/wp52\\\/fotografii-necunoscute-vechi-de-70-de-ani-au-starnit-o-frenezie-in-intreaga-lume-cine-sunt-cei-doi\\\/\"},\"author\":{\"name\":\"admin\",\"@id\":\"https:\\\/\\\/www.lovendal.ro\\\/wp52\\\/#\\\/schema\\\/person\\\/088691de5dfc346bb0c023e1e52ef5d9\"},\"headline\":\"Fotografii necunoscute, vechi de 70 de ani, au st\u00e2rnit o frenezie \u00een \u00eentreaga lume. Cine sunt cei doi?\",\"datePublished\":\"2021-05-09T09:17:45+00:00\",\"mainEntityOfPage\":{\"@id\":\"https:\\\/\\\/www.lovendal.ro\\\/wp52\\\/fotografii-necunoscute-vechi-de-70-de-ani-au-starnit-o-frenezie-in-intreaga-lume-cine-sunt-cei-doi\\\/\"},\"wordCount\":500,\"commentCount\":0,\"publisher\":{\"@id\":\"https:\\\/\\\/www.lovendal.ro\\\/wp52\\\/#organization\"},\"image\":{\"@id\":\"https:\\\/\\\/www.lovendal.ro\\\/wp52\\\/fotografii-necunoscute-vechi-de-70-de-ani-au-starnit-o-frenezie-in-intreaga-lume-cine-sunt-cei-doi\\\/#primaryimage\"},\"thumbnailUrl\":\"https:\\\/\\\/www.lovendal.ro\\\/wp52\\\/wp-content\\\/uploads\\\/2021\\\/05\\\/fotografii-misterioase-coperta.jpg\",\"keywords\":[\"BMW\",\"cel de-al doilea r\u0103zboi mondial\",\"Elve\u0163ia\",\"Germania\",\"imagine\",\"Internet\",\"Italia\",\"Lacul Como\",\"Leica\",\"ma\u015fin\u0103\",\"Munchen\",\"ora\u015f\",\"Poze controversate\",\"revist\u0103\",\"televiziune\",\"Zurich\"],\"articleSection\":[\"Poze controversate\"],\"inLanguage\":\"ro-RO\",\"potentialAction\":[{\"@type\":\"CommentAction\",\"name\":\"Comment\",\"target\":[\"https:\\\/\\\/www.lovendal.ro\\\/wp52\\\/fotografii-necunoscute-vechi-de-70-de-ani-au-starnit-o-frenezie-in-intreaga-lume-cine-sunt-cei-doi\\\/#respond\"]}]},{\"@type\":\"WebPage\",\"@id\":\"https:\\\/\\\/www.lovendal.ro\\\/wp52\\\/fotografii-necunoscute-vechi-de-70-de-ani-au-starnit-o-frenezie-in-intreaga-lume-cine-sunt-cei-doi\\\/\",\"url\":\"https:\\\/\\\/www.lovendal.ro\\\/wp52\\\/fotografii-necunoscute-vechi-de-70-de-ani-au-starnit-o-frenezie-in-intreaga-lume-cine-sunt-cei-doi\\\/\",\"name\":\"Fotografii necunoscute, vechi de 70 de ani, au st\u00e2rnit o frenezie \u00een \u00eentreaga lume. Cine sunt cei doi? - Secretele lui Lovendal\",\"isPartOf\":{\"@id\":\"https:\\\/\\\/www.lovendal.ro\\\/wp52\\\/#website\"},\"primaryImageOfPage\":{\"@id\":\"https:\\\/\\\/www.lovendal.ro\\\/wp52\\\/fotografii-necunoscute-vechi-de-70-de-ani-au-starnit-o-frenezie-in-intreaga-lume-cine-sunt-cei-doi\\\/#primaryimage\"},\"image\":{\"@id\":\"https:\\\/\\\/www.lovendal.ro\\\/wp52\\\/fotografii-necunoscute-vechi-de-70-de-ani-au-starnit-o-frenezie-in-intreaga-lume-cine-sunt-cei-doi\\\/#primaryimage\"},\"thumbnailUrl\":\"https:\\\/\\\/www.lovendal.ro\\\/wp52\\\/wp-content\\\/uploads\\\/2021\\\/05\\\/fotografii-misterioase-coperta.jpg\",\"datePublished\":\"2021-05-09T09:17:45+00:00\",\"breadcrumb\":{\"@id\":\"https:\\\/\\\/www.lovendal.ro\\\/wp52\\\/fotografii-necunoscute-vechi-de-70-de-ani-au-starnit-o-frenezie-in-intreaga-lume-cine-sunt-cei-doi\\\/#breadcrumb\"},\"inLanguage\":\"ro-RO\",\"potentialAction\":[{\"@type\":\"ReadAction\",\"target\":[\"https:\\\/\\\/www.lovendal.ro\\\/wp52\\\/fotografii-necunoscute-vechi-de-70-de-ani-au-starnit-o-frenezie-in-intreaga-lume-cine-sunt-cei-doi\\\/\"]}]},{\"@type\":\"ImageObject\",\"inLanguage\":\"ro-RO\",\"@id\":\"https:\\\/\\\/www.lovendal.ro\\\/wp52\\\/fotografii-necunoscute-vechi-de-70-de-ani-au-starnit-o-frenezie-in-intreaga-lume-cine-sunt-cei-doi\\\/#primaryimage\",\"url\":\"https:\\\/\\\/www.lovendal.ro\\\/wp52\\\/wp-content\\\/uploads\\\/2021\\\/05\\\/fotografii-misterioase-coperta.jpg\",\"contentUrl\":\"https:\\\/\\\/www.lovendal.ro\\\/wp52\\\/wp-content\\\/uploads\\\/2021\\\/05\\\/fotografii-misterioase-coperta.jpg\",\"width\":360,\"height\":212},{\"@type\":\"BreadcrumbList\",\"@id\":\"https:\\\/\\\/www.lovendal.ro\\\/wp52\\\/fotografii-necunoscute-vechi-de-70-de-ani-au-starnit-o-frenezie-in-intreaga-lume-cine-sunt-cei-doi\\\/#breadcrumb\",\"itemListElement\":[{\"@type\":\"ListItem\",\"position\":1,\"name\":\"Home\",\"item\":\"https:\\\/\\\/www.lovendal.ro\\\/wp52\\\/\"},{\"@type\":\"ListItem\",\"position\":2,\"name\":\"Fotografii necunoscute, vechi de 70 de ani, au st\u00e2rnit o frenezie \u00een \u00eentreaga lume. Cine sunt cei doi?\"}]},{\"@type\":\"WebSite\",\"@id\":\"https:\\\/\\\/www.lovendal.ro\\\/wp52\\\/#website\",\"url\":\"https:\\\/\\\/www.lovendal.ro\\\/wp52\\\/\",\"name\":\"Secretele lui Lovendal\",\"description\":\"Site de secrete, stiinta si metafizica - din 2008 -\",\"publisher\":{\"@id\":\"https:\\\/\\\/www.lovendal.ro\\\/wp52\\\/#organization\"},\"potentialAction\":[{\"@type\":\"SearchAction\",\"target\":{\"@type\":\"EntryPoint\",\"urlTemplate\":\"https:\\\/\\\/www.lovendal.ro\\\/wp52\\\/?s={search_term_string}\"},\"query-input\":{\"@type\":\"PropertyValueSpecification\",\"valueRequired\":true,\"valueName\":\"search_term_string\"}}],\"inLanguage\":\"ro-RO\"},{\"@type\":\"Organization\",\"@id\":\"https:\\\/\\\/www.lovendal.ro\\\/wp52\\\/#organization\",\"name\":\"Secretele lui Lovendal\",\"url\":\"https:\\\/\\\/www.lovendal.ro\\\/wp52\\\/\",\"logo\":{\"@type\":\"ImageObject\",\"inLanguage\":\"ro-RO\",\"@id\":\"https:\\\/\\\/www.lovendal.ro\\\/wp52\\\/#\\\/schema\\\/logo\\\/image\\\/\",\"url\":\"https:\\\/\\\/www.lovendal.ro\\\/wp52\\\/wp-content\\\/uploads\\\/2024\\\/06\\\/cropped-SLL-iun-2024-1.jpg\",\"contentUrl\":\"https:\\\/\\\/www.lovendal.ro\\\/wp52\\\/wp-content\\\/uploads\\\/2024\\\/06\\\/cropped-SLL-iun-2024-1.jpg\",\"width\":771,\"height\":240,\"caption\":\"Secretele lui Lovendal\"},\"image\":{\"@id\":\"https:\\\/\\\/www.lovendal.ro\\\/wp52\\\/#\\\/schema\\\/logo\\\/image\\\/\"},\"sameAs\":[\"https:\\\/\\\/www.facebook.com\\\/secreteleluilovendal\"]},{\"@type\":\"Person\",\"@id\":\"https:\\\/\\\/www.lovendal.ro\\\/wp52\\\/#\\\/schema\\\/person\\\/088691de5dfc346bb0c023e1e52ef5d9\",\"name\":\"admin\",\"image\":{\"@type\":\"ImageObject\",\"inLanguage\":\"ro-RO\",\"@id\":\"https:\\\/\\\/secure.gravatar.com\\\/avatar\\\/ecb9cd41f5f63c9c9b989999a59f6e2639a865ec361e9db054db0679a8f341c2?s=96&d=mm&r=g\",\"url\":\"https:\\\/\\\/secure.gravatar.com\\\/avatar\\\/ecb9cd41f5f63c9c9b989999a59f6e2639a865ec361e9db054db0679a8f341c2?s=96&d=mm&r=g\",\"contentUrl\":\"https:\\\/\\\/secure.gravatar.com\\\/avatar\\\/ecb9cd41f5f63c9c9b989999a59f6e2639a865ec361e9db054db0679a8f341c2?s=96&d=mm&r=g\",\"caption\":\"admin\"},\"sameAs\":[\"https:\\\/\\\/www.lovendal.ro\\\/wp52\"]}]}<\/script>\n<!-- \/ Yoast SEO Premium plugin. -->","yoast_head_json":{"title":"Fotografii necunoscute, vechi de 70 de ani, au st\u00e2rnit o frenezie \u00een \u00eentreaga lume. Cine sunt cei doi? - Secretele lui Lovendal","robots":{"index":"index","follow":"follow","max-snippet":"max-snippet:-1","max-image-preview":"max-image-preview:large","max-video-preview":"max-video-preview:-1"},"canonical":"https:\/\/www.lovendal.ro\/wp52\/fotografii-necunoscute-vechi-de-70-de-ani-au-starnit-o-frenezie-in-intreaga-lume-cine-sunt-cei-doi\/","og_locale":"ro_RO","og_type":"article","og_title":"Fotografii necunoscute, vechi de 70 de ani, au st\u00e2rnit o frenezie \u00een \u00eentreaga lume. Cine sunt cei doi?","og_description":"Descoperirea unor fotografii vechi de circa 70 de ani a st\u00e2rnit \u00een decembrie la sf\u00e2r\u015fitul anului 2020 o frenezie mondial\u0103 \u00een a g\u0103si identitatea cuplului v\u0103zut \u00een imagini. Reviste \u015fi televiziuni importante din \u00eentreaga lume \u00eencearc\u0103 de c\u00e2teva luni s\u0103 ... Cititi mai multe","og_url":"https:\/\/www.lovendal.ro\/wp52\/fotografii-necunoscute-vechi-de-70-de-ani-au-starnit-o-frenezie-in-intreaga-lume-cine-sunt-cei-doi\/","og_site_name":"Secretele lui Lovendal","article_publisher":"https:\/\/www.facebook.com\/secreteleluilovendal","article_published_time":"2021-05-09T09:17:45+00:00","og_image":[{"width":360,"height":212,"url":"https:\/\/www.lovendal.ro\/wp52\/wp-content\/uploads\/2021\/05\/fotografii-misterioase-coperta.jpg","type":"image\/jpeg"}],"author":"admin","twitter_card":"summary_large_image","twitter_misc":{"Scris de":"admin","Timp estimat pentru citire":"2 minute"},"schema":{"@context":"https:\/\/schema.org","@graph":[{"@type":"Article","@id":"https:\/\/www.lovendal.ro\/wp52\/fotografii-necunoscute-vechi-de-70-de-ani-au-starnit-o-frenezie-in-intreaga-lume-cine-sunt-cei-doi\/#article","isPartOf":{"@id":"https:\/\/www.lovendal.ro\/wp52\/fotografii-necunoscute-vechi-de-70-de-ani-au-starnit-o-frenezie-in-intreaga-lume-cine-sunt-cei-doi\/"},"author":{"name":"admin","@id":"https:\/\/www.lovendal.ro\/wp52\/#\/schema\/person\/088691de5dfc346bb0c023e1e52ef5d9"},"headline":"Fotografii necunoscute, vechi de 70 de ani, au st\u00e2rnit o frenezie \u00een \u00eentreaga lume. Cine sunt cei doi?","datePublished":"2021-05-09T09:17:45+00:00","mainEntityOfPage":{"@id":"https:\/\/www.lovendal.ro\/wp52\/fotografii-necunoscute-vechi-de-70-de-ani-au-starnit-o-frenezie-in-intreaga-lume-cine-sunt-cei-doi\/"},"wordCount":500,"commentCount":0,"publisher":{"@id":"https:\/\/www.lovendal.ro\/wp52\/#organization"},"image":{"@id":"https:\/\/www.lovendal.ro\/wp52\/fotografii-necunoscute-vechi-de-70-de-ani-au-starnit-o-frenezie-in-intreaga-lume-cine-sunt-cei-doi\/#primaryimage"},"thumbnailUrl":"https:\/\/www.lovendal.ro\/wp52\/wp-content\/uploads\/2021\/05\/fotografii-misterioase-coperta.jpg","keywords":["BMW","cel de-al doilea r\u0103zboi mondial","Elve\u0163ia","Germania","imagine","Internet","Italia","Lacul Como","Leica","ma\u015fin\u0103","Munchen","ora\u015f","Poze controversate","revist\u0103","televiziune","Zurich"],"articleSection":["Poze controversate"],"inLanguage":"ro-RO","potentialAction":[{"@type":"CommentAction","name":"Comment","target":["https:\/\/www.lovendal.ro\/wp52\/fotografii-necunoscute-vechi-de-70-de-ani-au-starnit-o-frenezie-in-intreaga-lume-cine-sunt-cei-doi\/#respond"]}]},{"@type":"WebPage","@id":"https:\/\/www.lovendal.ro\/wp52\/fotografii-necunoscute-vechi-de-70-de-ani-au-starnit-o-frenezie-in-intreaga-lume-cine-sunt-cei-doi\/","url":"https:\/\/www.lovendal.ro\/wp52\/fotografii-necunoscute-vechi-de-70-de-ani-au-starnit-o-frenezie-in-intreaga-lume-cine-sunt-cei-doi\/","name":"Fotografii necunoscute, vechi de 70 de ani, au st\u00e2rnit o frenezie \u00een \u00eentreaga lume. Cine sunt cei doi? - Secretele lui Lovendal","isPartOf":{"@id":"https:\/\/www.lovendal.ro\/wp52\/#website"},"primaryImageOfPage":{"@id":"https:\/\/www.lovendal.ro\/wp52\/fotografii-necunoscute-vechi-de-70-de-ani-au-starnit-o-frenezie-in-intreaga-lume-cine-sunt-cei-doi\/#primaryimage"},"image":{"@id":"https:\/\/www.lovendal.ro\/wp52\/fotografii-necunoscute-vechi-de-70-de-ani-au-starnit-o-frenezie-in-intreaga-lume-cine-sunt-cei-doi\/#primaryimage"},"thumbnailUrl":"https:\/\/www.lovendal.ro\/wp52\/wp-content\/uploads\/2021\/05\/fotografii-misterioase-coperta.jpg","datePublished":"2021-05-09T09:17:45+00:00","breadcrumb":{"@id":"https:\/\/www.lovendal.ro\/wp52\/fotografii-necunoscute-vechi-de-70-de-ani-au-starnit-o-frenezie-in-intreaga-lume-cine-sunt-cei-doi\/#breadcrumb"},"inLanguage":"ro-RO","potentialAction":[{"@type":"ReadAction","target":["https:\/\/www.lovendal.ro\/wp52\/fotografii-necunoscute-vechi-de-70-de-ani-au-starnit-o-frenezie-in-intreaga-lume-cine-sunt-cei-doi\/"]}]},{"@type":"ImageObject","inLanguage":"ro-RO","@id":"https:\/\/www.lovendal.ro\/wp52\/fotografii-necunoscute-vechi-de-70-de-ani-au-starnit-o-frenezie-in-intreaga-lume-cine-sunt-cei-doi\/#primaryimage","url":"https:\/\/www.lovendal.ro\/wp52\/wp-content\/uploads\/2021\/05\/fotografii-misterioase-coperta.jpg","contentUrl":"https:\/\/www.lovendal.ro\/wp52\/wp-content\/uploads\/2021\/05\/fotografii-misterioase-coperta.jpg","width":360,"height":212},{"@type":"BreadcrumbList","@id":"https:\/\/www.lovendal.ro\/wp52\/fotografii-necunoscute-vechi-de-70-de-ani-au-starnit-o-frenezie-in-intreaga-lume-cine-sunt-cei-doi\/#breadcrumb","itemListElement":[{"@type":"ListItem","position":1,"name":"Home","item":"https:\/\/www.lovendal.ro\/wp52\/"},{"@type":"ListItem","position":2,"name":"Fotografii necunoscute, vechi de 70 de ani, au st\u00e2rnit o frenezie \u00een \u00eentreaga lume. Cine sunt cei doi?"}]},{"@type":"WebSite","@id":"https:\/\/www.lovendal.ro\/wp52\/#website","url":"https:\/\/www.lovendal.ro\/wp52\/","name":"Secretele lui Lovendal","description":"Site de secrete, stiinta si metafizica - din 2008 -","publisher":{"@id":"https:\/\/www.lovendal.ro\/wp52\/#organization"},"potentialAction":[{"@type":"SearchAction","target":{"@type":"EntryPoint","urlTemplate":"https:\/\/www.lovendal.ro\/wp52\/?s={search_term_string}"},"query-input":{"@type":"PropertyValueSpecification","valueRequired":true,"valueName":"search_term_string"}}],"inLanguage":"ro-RO"},{"@type":"Organization","@id":"https:\/\/www.lovendal.ro\/wp52\/#organization","name":"Secretele lui Lovendal","url":"https:\/\/www.lovendal.ro\/wp52\/","logo":{"@type":"ImageObject","inLanguage":"ro-RO","@id":"https:\/\/www.lovendal.ro\/wp52\/#\/schema\/logo\/image\/","url":"https:\/\/www.lovendal.ro\/wp52\/wp-content\/uploads\/2024\/06\/cropped-SLL-iun-2024-1.jpg","contentUrl":"https:\/\/www.lovendal.ro\/wp52\/wp-content\/uploads\/2024\/06\/cropped-SLL-iun-2024-1.jpg","width":771,"height":240,"caption":"Secretele lui Lovendal"},"image":{"@id":"https:\/\/www.lovendal.ro\/wp52\/#\/schema\/logo\/image\/"},"sameAs":["https:\/\/www.facebook.com\/secreteleluilovendal"]},{"@type":"Person","@id":"https:\/\/www.lovendal.ro\/wp52\/#\/schema\/person\/088691de5dfc346bb0c023e1e52ef5d9","name":"admin","image":{"@type":"ImageObject","inLanguage":"ro-RO","@id":"https:\/\/secure.gravatar.com\/avatar\/ecb9cd41f5f63c9c9b989999a59f6e2639a865ec361e9db054db0679a8f341c2?s=96&d=mm&r=g","url":"https:\/\/secure.gravatar.com\/avatar\/ecb9cd41f5f63c9c9b989999a59f6e2639a865ec361e9db054db0679a8f341c2?s=96&d=mm&r=g","contentUrl":"https:\/\/secure.gravatar.com\/avatar\/ecb9cd41f5f63c9c9b989999a59f6e2639a865ec361e9db054db0679a8f341c2?s=96&d=mm&r=g","caption":"admin"},"sameAs":["https:\/\/www.lovendal.ro\/wp52"]}]}},"_links":{"self":[{"href":"https:\/\/www.lovendal.ro\/wp52\/wp-json\/wp\/v2\/posts\/74860","targetHints":{"allow":["GET"]}}],"collection":[{"href":"https:\/\/www.lovendal.ro\/wp52\/wp-json\/wp\/v2\/posts"}],"about":[{"href":"https:\/\/www.lovendal.ro\/wp52\/wp-json\/wp\/v2\/types\/post"}],"author":[{"embeddable":true,"href":"https:\/\/www.lovendal.ro\/wp52\/wp-json\/wp\/v2\/users\/1"}],"replies":[{"embeddable":true,"href":"https:\/\/www.lovendal.ro\/wp52\/wp-json\/wp\/v2\/comments?post=74860"}],"version-history":[{"count":0,"href":"https:\/\/www.lovendal.ro\/wp52\/wp-json\/wp\/v2\/posts\/74860\/revisions"}],"wp:featuredmedia":[{"embeddable":true,"href":"https:\/\/www.lovendal.ro\/wp52\/wp-json\/wp\/v2\/media\/74861"}],"wp:attachment":[{"href":"https:\/\/www.lovendal.ro\/wp52\/wp-json\/wp\/v2\/media?parent=74860"}],"wp:term":[{"taxonomy":"category","embeddable":true,"href":"https:\/\/www.lovendal.ro\/wp52\/wp-json\/wp\/v2\/categories?post=74860"},{"taxonomy":"post_tag","embeddable":true,"href":"https:\/\/www.lovendal.ro\/wp52\/wp-json\/wp\/v2\/tags?post=74860"}],"curies":[{"name":"wp","href":"https:\/\/api.w.org\/{rel}","templated":true}]}}