{"id":74840,"date":"2021-05-12T07:00:25","date_gmt":"2021-05-12T04:00:25","guid":{"rendered":"https:\/\/www.lovendal.ro\/wp52\/?p=74840"},"modified":"2021-05-08T21:28:09","modified_gmt":"2021-05-08T18:28:09","slug":"rusii-au-capturat-in-1986-o-entitate-extraterestra-din-ai-carei-ochi-radia-o-lumina-rosiatica-ce-s-a-intamplat-cu-ea","status":"publish","type":"post","link":"https:\/\/www.lovendal.ro\/wp52\/rusii-au-capturat-in-1986-o-entitate-extraterestra-din-ai-carei-ochi-radia-o-lumina-rosiatica-ce-s-a-intamplat-cu-ea\/","title":{"rendered":"Ru\u015fii au capturat \u00een 1986 o entitate extraterestr\u0103, din ai c\u0103rei ochi radia o lumin\u0103 ro\u015fiatic\u0103? Ce s-a \u00eent\u00e2mplat cu ea?"},"content":{"rendered":"<p><a href=\"https:\/\/www.lovendal.ro\/wp52\/wp-content\/uploads\/2021\/05\/extraterestru-lumina-rosie.jpg\"><img loading=\"lazy\" decoding=\"async\" class=\"alignleft size-full wp-image-74841\" src=\"https:\/\/www.lovendal.ro\/wp52\/wp-content\/uploads\/2021\/05\/extraterestru-lumina-rosie.jpg\" alt=\"\" width=\"357\" height=\"264\" srcset=\"https:\/\/www.lovendal.ro\/wp52\/wp-content\/uploads\/2021\/05\/extraterestru-lumina-rosie.jpg 357w, https:\/\/www.lovendal.ro\/wp52\/wp-content\/uploads\/2021\/05\/extraterestru-lumina-rosie-300x222.jpg 300w, https:\/\/www.lovendal.ro\/wp52\/wp-content\/uploads\/2021\/05\/extraterestru-lumina-rosie-80x60.jpg 80w\" sizes=\"auto, (max-width: 357px) 100vw, 357px\" \/><\/a>ATEN\u0162IE! Articolul acesta a fost publicat \u00eentr-o revist\u0103 ufologic\u0103 din anii &#8217;90. Nu \u015ftiu dac\u0103 e adev\u0103rat sau nu, a\u015fa c\u0103 trebuie luat cu mult\u0103 circumspec\u0163ie&#8230;<\/p>\n<p>\u00cen ziua de 14 iulie 1986, \u00een jurul orei 20.00, cerul Asiei Centrale fu puternic luminat de un straniu OZN. La un moment dat, s-a auzit o explozie puternic\u0103 urmat\u0103 de c\u0103derea pe o suprafa\u021b\u0103 \u00eentins\u0103 a multor buc\u0103\u021bi metalice str\u0103lucitoare. Cu pu\u021bin timp \u00eens\u0103 \u00eenainte, sus\u021bin cei ce au fost martorii acestui eveniment, s-a putut observa cum din obiectul str\u0103lucitor a fost catapultat\u0103 o capsul\u0103 care s-a \u00eendreptat printr-un zbor lent nu departe de ora\u0219ul Frunze.<\/p>\n<p>La scurt timp dup\u0103 aceea, un elicopter se \u00eendrepta spre zona unde a avut loc explozia. Pilo\u021bii elicopterului au primit misiunea s\u0103 cerceteze cu aten\u021bie o mare suprafa\u021b\u0103 pentru a vedea dac\u0103 exist\u0103 supravie\u021buitori ai acestui tragic accident.<\/p>\n<p>Dup\u0103 mai multe ore de c\u0103utare, unul din pilo\u021bi anun\u021b\u0103 centrul c\u0103 a observat \u00eentr-un lumini\u0219 un obiect av\u00e2nd forma oval\u0103 de aproximativ 1 metru lungime, care p\u0103rea a fi sprijinit de patru supor\u021bi metalici. Ajuns la fa\u021ba locului, grupul de cercet\u0103tori a observat c\u0103 la baza obiectului oval se aflau ni\u0219te aparate de propulsie care au f\u0103cut posibil zborul spre acea zon\u0103.<\/p>\n<p>La o analiz\u0103 mai atent\u0103 a capsulei, s-a \u00eendep\u0103rtat capacul \u0219i surpriza a fost destul de mare c\u00e2nd s-a descoperit c\u0103 \u00een interior se afla o fiin\u021b\u0103 umanoid\u0103 a\u0219ezat\u0103 pe o cuvertur\u0103 ce p\u0103rea s\u0103 fi fost confec\u021bionat\u0103 dintr-un material plastic spongios. Entitatea asem\u0103n\u0103toare cu un copil p\u0103m\u00e2ntean p\u0103rea a fi \u00eenc\u0103 \u00een via\u021b\u0103!<\/p>\n<p>Cei ce au v\u0103zut entitatea au descris-o astfel: un cap destul de mare lipsit de podoaba capilar\u0103, ochi mari din ale c\u0103ror pupile radia o lumin\u0103 ro\u0219iatic\u0103, care \u00eens\u0103 se schimba din c\u00e2nd \u00een c\u00e2nd \u00eentr-un albastru violet. Nu avea spr\u00e2ncene, nici gene. Spre deosebire de un copil terestru, entitatea prezenta la m\u00e2ini \u0219i picioare membrane interdigitale. Fiin\u021ba nu schi\u021ba nicio mi\u0219care \u0219i \u021binea tot timpul ochii deschi\u0219i.<\/p>\n<p>Dus la un laborator din apropierea ora\u0219ului Frunze, copilul extraterestru a fost cercetat \u00een am\u0103nun\u021bime. Spre marea dezam\u0103gire a savan\u021bilor copilul nu putu s\u0103 m\u0103n\u00e2nce nimic, lucru care a dus dup\u0103 dou\u0103 luni la moartea lui&#8230;<\/p>\n","protected":false},"excerpt":{"rendered":"<p>ATEN\u0162IE! Articolul acesta a fost publicat \u00eentr-o revist\u0103 ufologic\u0103 din anii &#8217;90. Nu \u015ftiu dac\u0103 e adev\u0103rat sau nu, a\u015fa c\u0103 trebuie luat cu mult\u0103 circumspec\u0163ie&#8230; \u00cen ziua de 14 iulie 1986, \u00een jurul orei 20.00, cerul Asiei Centrale fu &#8230; <\/p>\n<p class=\"read-more-container\"><a title=\"Ru\u015fii au capturat \u00een 1986 o entitate extraterestr\u0103, din ai c\u0103rei ochi radia o lumin\u0103 ro\u015fiatic\u0103? Ce s-a \u00eent\u00e2mplat cu ea?\" class=\"read-more button\" href=\"https:\/\/www.lovendal.ro\/wp52\/rusii-au-capturat-in-1986-o-entitate-extraterestra-din-ai-carei-ochi-radia-o-lumina-rosiatica-ce-s-a-intamplat-cu-ea\/#more-74840\" aria-label=\"Cite\u0219te mai multe despre Ru\u015fii au capturat \u00een 1986 o entitate extraterestr\u0103, din ai c\u0103rei ochi radia o lumin\u0103 ro\u015fiatic\u0103? Ce s-a \u00eent\u00e2mplat cu ea?\">Cititi mai multe<\/a><\/p>\n","protected":false},"author":1,"featured_media":74841,"comment_status":"open","ping_status":"open","sticky":false,"template":"","format":"standard","meta":{"footnotes":""},"categories":[14],"tags":[2270,1398,1230,1495,9230,3711,952,4979,166,151,50,9796,284,2364,2822,5209],"class_list":["post-74840","post","type-post","status-publish","format-standard","has-post-thumbnail","hentry","category-paranormal-spiritualitate","tag-asia","tag-cap","tag-explozie","tag-extraterestru","tag-frunze","tag-gene","tag-lumina","tag-maini","tag-ochi","tag-oras","tag-ozn","tag-paranormal-spiritualitate","tag-picioare","tag-revista","tag-rusi","tag-sprancene","resize-featured-image"],"yoast_head":"<!-- This site is optimized with the Yoast SEO Premium plugin v23.3 (Yoast SEO v27.4) - https:\/\/yoast.com\/product\/yoast-seo-premium-wordpress\/ -->\n<title>Ru\u015fii au capturat \u00een 1986 o entitate extraterestr\u0103, din ai c\u0103rei ochi radia o lumin\u0103 ro\u015fiatic\u0103? Ce s-a \u00eent\u00e2mplat cu ea? - Secretele lui Lovendal<\/title>\n<meta name=\"robots\" content=\"index, follow, max-snippet:-1, max-image-preview:large, max-video-preview:-1\" \/>\n<link rel=\"canonical\" href=\"https:\/\/www.lovendal.ro\/wp52\/rusii-au-capturat-in-1986-o-entitate-extraterestra-din-ai-carei-ochi-radia-o-lumina-rosiatica-ce-s-a-intamplat-cu-ea\/\" \/>\n<meta property=\"og:locale\" content=\"ro_RO\" \/>\n<meta property=\"og:type\" content=\"article\" \/>\n<meta property=\"og:title\" content=\"Ru\u015fii au capturat \u00een 1986 o entitate extraterestr\u0103, din ai c\u0103rei ochi radia o lumin\u0103 ro\u015fiatic\u0103? Ce s-a \u00eent\u00e2mplat cu ea?\" \/>\n<meta property=\"og:description\" content=\"ATEN\u0162IE! Articolul acesta a fost publicat \u00eentr-o revist\u0103 ufologic\u0103 din anii &#8217;90. Nu \u015ftiu dac\u0103 e adev\u0103rat sau nu, a\u015fa c\u0103 trebuie luat cu mult\u0103 circumspec\u0163ie&#8230; \u00cen ziua de 14 iulie 1986, \u00een jurul orei 20.00, cerul Asiei Centrale fu ... Cititi mai multe\" \/>\n<meta property=\"og:url\" content=\"https:\/\/www.lovendal.ro\/wp52\/rusii-au-capturat-in-1986-o-entitate-extraterestra-din-ai-carei-ochi-radia-o-lumina-rosiatica-ce-s-a-intamplat-cu-ea\/\" \/>\n<meta property=\"og:site_name\" content=\"Secretele lui Lovendal\" \/>\n<meta property=\"article:publisher\" content=\"https:\/\/www.facebook.com\/secreteleluilovendal\" \/>\n<meta property=\"article:published_time\" content=\"2021-05-12T04:00:25+00:00\" \/>\n<meta property=\"og:image\" content=\"https:\/\/www.lovendal.ro\/wp52\/wp-content\/uploads\/2021\/05\/extraterestru-lumina-rosie.jpg\" \/>\n\t<meta property=\"og:image:width\" content=\"357\" \/>\n\t<meta property=\"og:image:height\" content=\"264\" \/>\n\t<meta property=\"og:image:type\" content=\"image\/jpeg\" \/>\n<meta name=\"author\" content=\"admin\" \/>\n<meta name=\"twitter:card\" content=\"summary_large_image\" \/>\n<meta name=\"twitter:label1\" content=\"Scris de\" \/>\n\t<meta name=\"twitter:data1\" content=\"admin\" \/>\n\t<meta name=\"twitter:label2\" content=\"Timp estimat pentru citire\" \/>\n\t<meta name=\"twitter:data2\" content=\"2 minute\" \/>\n<script type=\"application\/ld+json\" class=\"yoast-schema-graph\">{\"@context\":\"https:\\\/\\\/schema.org\",\"@graph\":[{\"@type\":\"Article\",\"@id\":\"https:\\\/\\\/www.lovendal.ro\\\/wp52\\\/rusii-au-capturat-in-1986-o-entitate-extraterestra-din-ai-carei-ochi-radia-o-lumina-rosiatica-ce-s-a-intamplat-cu-ea\\\/#article\",\"isPartOf\":{\"@id\":\"https:\\\/\\\/www.lovendal.ro\\\/wp52\\\/rusii-au-capturat-in-1986-o-entitate-extraterestra-din-ai-carei-ochi-radia-o-lumina-rosiatica-ce-s-a-intamplat-cu-ea\\\/\"},\"author\":{\"name\":\"admin\",\"@id\":\"https:\\\/\\\/www.lovendal.ro\\\/wp52\\\/#\\\/schema\\\/person\\\/088691de5dfc346bb0c023e1e52ef5d9\"},\"headline\":\"Ru\u015fii au capturat \u00een 1986 o entitate extraterestr\u0103, din ai c\u0103rei ochi radia o lumin\u0103 ro\u015fiatic\u0103? Ce s-a \u00eent\u00e2mplat cu ea?\",\"datePublished\":\"2021-05-12T04:00:25+00:00\",\"mainEntityOfPage\":{\"@id\":\"https:\\\/\\\/www.lovendal.ro\\\/wp52\\\/rusii-au-capturat-in-1986-o-entitate-extraterestra-din-ai-carei-ochi-radia-o-lumina-rosiatica-ce-s-a-intamplat-cu-ea\\\/\"},\"wordCount\":432,\"commentCount\":0,\"publisher\":{\"@id\":\"https:\\\/\\\/www.lovendal.ro\\\/wp52\\\/#organization\"},\"image\":{\"@id\":\"https:\\\/\\\/www.lovendal.ro\\\/wp52\\\/rusii-au-capturat-in-1986-o-entitate-extraterestra-din-ai-carei-ochi-radia-o-lumina-rosiatica-ce-s-a-intamplat-cu-ea\\\/#primaryimage\"},\"thumbnailUrl\":\"https:\\\/\\\/www.lovendal.ro\\\/wp52\\\/wp-content\\\/uploads\\\/2021\\\/05\\\/extraterestru-lumina-rosie.jpg\",\"keywords\":[\"Asia\",\"cap\",\"explozie\",\"extraterestru\",\"frunze\",\"gene\",\"lumin\u0103\",\"m\u00e2ini\",\"ochi\",\"ora\u015f\",\"OZN\",\"Paranormal-Spiritualitate\",\"picioare\",\"revist\u0103\",\"ru\u015fi\",\"spr\u00e2ncene\"],\"articleSection\":[\"Paranormal-Spiritualitate\"],\"inLanguage\":\"ro-RO\",\"potentialAction\":[{\"@type\":\"CommentAction\",\"name\":\"Comment\",\"target\":[\"https:\\\/\\\/www.lovendal.ro\\\/wp52\\\/rusii-au-capturat-in-1986-o-entitate-extraterestra-din-ai-carei-ochi-radia-o-lumina-rosiatica-ce-s-a-intamplat-cu-ea\\\/#respond\"]}]},{\"@type\":\"WebPage\",\"@id\":\"https:\\\/\\\/www.lovendal.ro\\\/wp52\\\/rusii-au-capturat-in-1986-o-entitate-extraterestra-din-ai-carei-ochi-radia-o-lumina-rosiatica-ce-s-a-intamplat-cu-ea\\\/\",\"url\":\"https:\\\/\\\/www.lovendal.ro\\\/wp52\\\/rusii-au-capturat-in-1986-o-entitate-extraterestra-din-ai-carei-ochi-radia-o-lumina-rosiatica-ce-s-a-intamplat-cu-ea\\\/\",\"name\":\"Ru\u015fii au capturat \u00een 1986 o entitate extraterestr\u0103, din ai c\u0103rei ochi radia o lumin\u0103 ro\u015fiatic\u0103? Ce s-a \u00eent\u00e2mplat cu ea? - Secretele lui Lovendal\",\"isPartOf\":{\"@id\":\"https:\\\/\\\/www.lovendal.ro\\\/wp52\\\/#website\"},\"primaryImageOfPage\":{\"@id\":\"https:\\\/\\\/www.lovendal.ro\\\/wp52\\\/rusii-au-capturat-in-1986-o-entitate-extraterestra-din-ai-carei-ochi-radia-o-lumina-rosiatica-ce-s-a-intamplat-cu-ea\\\/#primaryimage\"},\"image\":{\"@id\":\"https:\\\/\\\/www.lovendal.ro\\\/wp52\\\/rusii-au-capturat-in-1986-o-entitate-extraterestra-din-ai-carei-ochi-radia-o-lumina-rosiatica-ce-s-a-intamplat-cu-ea\\\/#primaryimage\"},\"thumbnailUrl\":\"https:\\\/\\\/www.lovendal.ro\\\/wp52\\\/wp-content\\\/uploads\\\/2021\\\/05\\\/extraterestru-lumina-rosie.jpg\",\"datePublished\":\"2021-05-12T04:00:25+00:00\",\"breadcrumb\":{\"@id\":\"https:\\\/\\\/www.lovendal.ro\\\/wp52\\\/rusii-au-capturat-in-1986-o-entitate-extraterestra-din-ai-carei-ochi-radia-o-lumina-rosiatica-ce-s-a-intamplat-cu-ea\\\/#breadcrumb\"},\"inLanguage\":\"ro-RO\",\"potentialAction\":[{\"@type\":\"ReadAction\",\"target\":[\"https:\\\/\\\/www.lovendal.ro\\\/wp52\\\/rusii-au-capturat-in-1986-o-entitate-extraterestra-din-ai-carei-ochi-radia-o-lumina-rosiatica-ce-s-a-intamplat-cu-ea\\\/\"]}]},{\"@type\":\"ImageObject\",\"inLanguage\":\"ro-RO\",\"@id\":\"https:\\\/\\\/www.lovendal.ro\\\/wp52\\\/rusii-au-capturat-in-1986-o-entitate-extraterestra-din-ai-carei-ochi-radia-o-lumina-rosiatica-ce-s-a-intamplat-cu-ea\\\/#primaryimage\",\"url\":\"https:\\\/\\\/www.lovendal.ro\\\/wp52\\\/wp-content\\\/uploads\\\/2021\\\/05\\\/extraterestru-lumina-rosie.jpg\",\"contentUrl\":\"https:\\\/\\\/www.lovendal.ro\\\/wp52\\\/wp-content\\\/uploads\\\/2021\\\/05\\\/extraterestru-lumina-rosie.jpg\",\"width\":357,\"height\":264},{\"@type\":\"BreadcrumbList\",\"@id\":\"https:\\\/\\\/www.lovendal.ro\\\/wp52\\\/rusii-au-capturat-in-1986-o-entitate-extraterestra-din-ai-carei-ochi-radia-o-lumina-rosiatica-ce-s-a-intamplat-cu-ea\\\/#breadcrumb\",\"itemListElement\":[{\"@type\":\"ListItem\",\"position\":1,\"name\":\"Home\",\"item\":\"https:\\\/\\\/www.lovendal.ro\\\/wp52\\\/\"},{\"@type\":\"ListItem\",\"position\":2,\"name\":\"Ru\u015fii au capturat \u00een 1986 o entitate extraterestr\u0103, din ai c\u0103rei ochi radia o lumin\u0103 ro\u015fiatic\u0103? Ce s-a \u00eent\u00e2mplat cu ea?\"}]},{\"@type\":\"WebSite\",\"@id\":\"https:\\\/\\\/www.lovendal.ro\\\/wp52\\\/#website\",\"url\":\"https:\\\/\\\/www.lovendal.ro\\\/wp52\\\/\",\"name\":\"Secretele lui Lovendal\",\"description\":\"Site de secrete, stiinta si metafizica - din 2008 -\",\"publisher\":{\"@id\":\"https:\\\/\\\/www.lovendal.ro\\\/wp52\\\/#organization\"},\"potentialAction\":[{\"@type\":\"SearchAction\",\"target\":{\"@type\":\"EntryPoint\",\"urlTemplate\":\"https:\\\/\\\/www.lovendal.ro\\\/wp52\\\/?s={search_term_string}\"},\"query-input\":{\"@type\":\"PropertyValueSpecification\",\"valueRequired\":true,\"valueName\":\"search_term_string\"}}],\"inLanguage\":\"ro-RO\"},{\"@type\":\"Organization\",\"@id\":\"https:\\\/\\\/www.lovendal.ro\\\/wp52\\\/#organization\",\"name\":\"Secretele lui Lovendal\",\"url\":\"https:\\\/\\\/www.lovendal.ro\\\/wp52\\\/\",\"logo\":{\"@type\":\"ImageObject\",\"inLanguage\":\"ro-RO\",\"@id\":\"https:\\\/\\\/www.lovendal.ro\\\/wp52\\\/#\\\/schema\\\/logo\\\/image\\\/\",\"url\":\"https:\\\/\\\/www.lovendal.ro\\\/wp52\\\/wp-content\\\/uploads\\\/2024\\\/06\\\/cropped-SLL-iun-2024-1.jpg\",\"contentUrl\":\"https:\\\/\\\/www.lovendal.ro\\\/wp52\\\/wp-content\\\/uploads\\\/2024\\\/06\\\/cropped-SLL-iun-2024-1.jpg\",\"width\":771,\"height\":240,\"caption\":\"Secretele lui Lovendal\"},\"image\":{\"@id\":\"https:\\\/\\\/www.lovendal.ro\\\/wp52\\\/#\\\/schema\\\/logo\\\/image\\\/\"},\"sameAs\":[\"https:\\\/\\\/www.facebook.com\\\/secreteleluilovendal\"]},{\"@type\":\"Person\",\"@id\":\"https:\\\/\\\/www.lovendal.ro\\\/wp52\\\/#\\\/schema\\\/person\\\/088691de5dfc346bb0c023e1e52ef5d9\",\"name\":\"admin\",\"image\":{\"@type\":\"ImageObject\",\"inLanguage\":\"ro-RO\",\"@id\":\"https:\\\/\\\/secure.gravatar.com\\\/avatar\\\/ecb9cd41f5f63c9c9b989999a59f6e2639a865ec361e9db054db0679a8f341c2?s=96&d=mm&r=g\",\"url\":\"https:\\\/\\\/secure.gravatar.com\\\/avatar\\\/ecb9cd41f5f63c9c9b989999a59f6e2639a865ec361e9db054db0679a8f341c2?s=96&d=mm&r=g\",\"contentUrl\":\"https:\\\/\\\/secure.gravatar.com\\\/avatar\\\/ecb9cd41f5f63c9c9b989999a59f6e2639a865ec361e9db054db0679a8f341c2?s=96&d=mm&r=g\",\"caption\":\"admin\"},\"sameAs\":[\"https:\\\/\\\/www.lovendal.ro\\\/wp52\"]}]}<\/script>\n<!-- \/ Yoast SEO Premium plugin. -->","yoast_head_json":{"title":"Ru\u015fii au capturat \u00een 1986 o entitate extraterestr\u0103, din ai c\u0103rei ochi radia o lumin\u0103 ro\u015fiatic\u0103? Ce s-a \u00eent\u00e2mplat cu ea? - Secretele lui Lovendal","robots":{"index":"index","follow":"follow","max-snippet":"max-snippet:-1","max-image-preview":"max-image-preview:large","max-video-preview":"max-video-preview:-1"},"canonical":"https:\/\/www.lovendal.ro\/wp52\/rusii-au-capturat-in-1986-o-entitate-extraterestra-din-ai-carei-ochi-radia-o-lumina-rosiatica-ce-s-a-intamplat-cu-ea\/","og_locale":"ro_RO","og_type":"article","og_title":"Ru\u015fii au capturat \u00een 1986 o entitate extraterestr\u0103, din ai c\u0103rei ochi radia o lumin\u0103 ro\u015fiatic\u0103? Ce s-a \u00eent\u00e2mplat cu ea?","og_description":"ATEN\u0162IE! Articolul acesta a fost publicat \u00eentr-o revist\u0103 ufologic\u0103 din anii &#8217;90. Nu \u015ftiu dac\u0103 e adev\u0103rat sau nu, a\u015fa c\u0103 trebuie luat cu mult\u0103 circumspec\u0163ie&#8230; \u00cen ziua de 14 iulie 1986, \u00een jurul orei 20.00, cerul Asiei Centrale fu ... Cititi mai multe","og_url":"https:\/\/www.lovendal.ro\/wp52\/rusii-au-capturat-in-1986-o-entitate-extraterestra-din-ai-carei-ochi-radia-o-lumina-rosiatica-ce-s-a-intamplat-cu-ea\/","og_site_name":"Secretele lui Lovendal","article_publisher":"https:\/\/www.facebook.com\/secreteleluilovendal","article_published_time":"2021-05-12T04:00:25+00:00","og_image":[{"width":357,"height":264,"url":"https:\/\/www.lovendal.ro\/wp52\/wp-content\/uploads\/2021\/05\/extraterestru-lumina-rosie.jpg","type":"image\/jpeg"}],"author":"admin","twitter_card":"summary_large_image","twitter_misc":{"Scris de":"admin","Timp estimat pentru citire":"2 minute"},"schema":{"@context":"https:\/\/schema.org","@graph":[{"@type":"Article","@id":"https:\/\/www.lovendal.ro\/wp52\/rusii-au-capturat-in-1986-o-entitate-extraterestra-din-ai-carei-ochi-radia-o-lumina-rosiatica-ce-s-a-intamplat-cu-ea\/#article","isPartOf":{"@id":"https:\/\/www.lovendal.ro\/wp52\/rusii-au-capturat-in-1986-o-entitate-extraterestra-din-ai-carei-ochi-radia-o-lumina-rosiatica-ce-s-a-intamplat-cu-ea\/"},"author":{"name":"admin","@id":"https:\/\/www.lovendal.ro\/wp52\/#\/schema\/person\/088691de5dfc346bb0c023e1e52ef5d9"},"headline":"Ru\u015fii au capturat \u00een 1986 o entitate extraterestr\u0103, din ai c\u0103rei ochi radia o lumin\u0103 ro\u015fiatic\u0103? Ce s-a \u00eent\u00e2mplat cu ea?","datePublished":"2021-05-12T04:00:25+00:00","mainEntityOfPage":{"@id":"https:\/\/www.lovendal.ro\/wp52\/rusii-au-capturat-in-1986-o-entitate-extraterestra-din-ai-carei-ochi-radia-o-lumina-rosiatica-ce-s-a-intamplat-cu-ea\/"},"wordCount":432,"commentCount":0,"publisher":{"@id":"https:\/\/www.lovendal.ro\/wp52\/#organization"},"image":{"@id":"https:\/\/www.lovendal.ro\/wp52\/rusii-au-capturat-in-1986-o-entitate-extraterestra-din-ai-carei-ochi-radia-o-lumina-rosiatica-ce-s-a-intamplat-cu-ea\/#primaryimage"},"thumbnailUrl":"https:\/\/www.lovendal.ro\/wp52\/wp-content\/uploads\/2021\/05\/extraterestru-lumina-rosie.jpg","keywords":["Asia","cap","explozie","extraterestru","frunze","gene","lumin\u0103","m\u00e2ini","ochi","ora\u015f","OZN","Paranormal-Spiritualitate","picioare","revist\u0103","ru\u015fi","spr\u00e2ncene"],"articleSection":["Paranormal-Spiritualitate"],"inLanguage":"ro-RO","potentialAction":[{"@type":"CommentAction","name":"Comment","target":["https:\/\/www.lovendal.ro\/wp52\/rusii-au-capturat-in-1986-o-entitate-extraterestra-din-ai-carei-ochi-radia-o-lumina-rosiatica-ce-s-a-intamplat-cu-ea\/#respond"]}]},{"@type":"WebPage","@id":"https:\/\/www.lovendal.ro\/wp52\/rusii-au-capturat-in-1986-o-entitate-extraterestra-din-ai-carei-ochi-radia-o-lumina-rosiatica-ce-s-a-intamplat-cu-ea\/","url":"https:\/\/www.lovendal.ro\/wp52\/rusii-au-capturat-in-1986-o-entitate-extraterestra-din-ai-carei-ochi-radia-o-lumina-rosiatica-ce-s-a-intamplat-cu-ea\/","name":"Ru\u015fii au capturat \u00een 1986 o entitate extraterestr\u0103, din ai c\u0103rei ochi radia o lumin\u0103 ro\u015fiatic\u0103? Ce s-a \u00eent\u00e2mplat cu ea? - Secretele lui Lovendal","isPartOf":{"@id":"https:\/\/www.lovendal.ro\/wp52\/#website"},"primaryImageOfPage":{"@id":"https:\/\/www.lovendal.ro\/wp52\/rusii-au-capturat-in-1986-o-entitate-extraterestra-din-ai-carei-ochi-radia-o-lumina-rosiatica-ce-s-a-intamplat-cu-ea\/#primaryimage"},"image":{"@id":"https:\/\/www.lovendal.ro\/wp52\/rusii-au-capturat-in-1986-o-entitate-extraterestra-din-ai-carei-ochi-radia-o-lumina-rosiatica-ce-s-a-intamplat-cu-ea\/#primaryimage"},"thumbnailUrl":"https:\/\/www.lovendal.ro\/wp52\/wp-content\/uploads\/2021\/05\/extraterestru-lumina-rosie.jpg","datePublished":"2021-05-12T04:00:25+00:00","breadcrumb":{"@id":"https:\/\/www.lovendal.ro\/wp52\/rusii-au-capturat-in-1986-o-entitate-extraterestra-din-ai-carei-ochi-radia-o-lumina-rosiatica-ce-s-a-intamplat-cu-ea\/#breadcrumb"},"inLanguage":"ro-RO","potentialAction":[{"@type":"ReadAction","target":["https:\/\/www.lovendal.ro\/wp52\/rusii-au-capturat-in-1986-o-entitate-extraterestra-din-ai-carei-ochi-radia-o-lumina-rosiatica-ce-s-a-intamplat-cu-ea\/"]}]},{"@type":"ImageObject","inLanguage":"ro-RO","@id":"https:\/\/www.lovendal.ro\/wp52\/rusii-au-capturat-in-1986-o-entitate-extraterestra-din-ai-carei-ochi-radia-o-lumina-rosiatica-ce-s-a-intamplat-cu-ea\/#primaryimage","url":"https:\/\/www.lovendal.ro\/wp52\/wp-content\/uploads\/2021\/05\/extraterestru-lumina-rosie.jpg","contentUrl":"https:\/\/www.lovendal.ro\/wp52\/wp-content\/uploads\/2021\/05\/extraterestru-lumina-rosie.jpg","width":357,"height":264},{"@type":"BreadcrumbList","@id":"https:\/\/www.lovendal.ro\/wp52\/rusii-au-capturat-in-1986-o-entitate-extraterestra-din-ai-carei-ochi-radia-o-lumina-rosiatica-ce-s-a-intamplat-cu-ea\/#breadcrumb","itemListElement":[{"@type":"ListItem","position":1,"name":"Home","item":"https:\/\/www.lovendal.ro\/wp52\/"},{"@type":"ListItem","position":2,"name":"Ru\u015fii au capturat \u00een 1986 o entitate extraterestr\u0103, din ai c\u0103rei ochi radia o lumin\u0103 ro\u015fiatic\u0103? Ce s-a \u00eent\u00e2mplat cu ea?"}]},{"@type":"WebSite","@id":"https:\/\/www.lovendal.ro\/wp52\/#website","url":"https:\/\/www.lovendal.ro\/wp52\/","name":"Secretele lui Lovendal","description":"Site de secrete, stiinta si metafizica - din 2008 -","publisher":{"@id":"https:\/\/www.lovendal.ro\/wp52\/#organization"},"potentialAction":[{"@type":"SearchAction","target":{"@type":"EntryPoint","urlTemplate":"https:\/\/www.lovendal.ro\/wp52\/?s={search_term_string}"},"query-input":{"@type":"PropertyValueSpecification","valueRequired":true,"valueName":"search_term_string"}}],"inLanguage":"ro-RO"},{"@type":"Organization","@id":"https:\/\/www.lovendal.ro\/wp52\/#organization","name":"Secretele lui Lovendal","url":"https:\/\/www.lovendal.ro\/wp52\/","logo":{"@type":"ImageObject","inLanguage":"ro-RO","@id":"https:\/\/www.lovendal.ro\/wp52\/#\/schema\/logo\/image\/","url":"https:\/\/www.lovendal.ro\/wp52\/wp-content\/uploads\/2024\/06\/cropped-SLL-iun-2024-1.jpg","contentUrl":"https:\/\/www.lovendal.ro\/wp52\/wp-content\/uploads\/2024\/06\/cropped-SLL-iun-2024-1.jpg","width":771,"height":240,"caption":"Secretele lui Lovendal"},"image":{"@id":"https:\/\/www.lovendal.ro\/wp52\/#\/schema\/logo\/image\/"},"sameAs":["https:\/\/www.facebook.com\/secreteleluilovendal"]},{"@type":"Person","@id":"https:\/\/www.lovendal.ro\/wp52\/#\/schema\/person\/088691de5dfc346bb0c023e1e52ef5d9","name":"admin","image":{"@type":"ImageObject","inLanguage":"ro-RO","@id":"https:\/\/secure.gravatar.com\/avatar\/ecb9cd41f5f63c9c9b989999a59f6e2639a865ec361e9db054db0679a8f341c2?s=96&d=mm&r=g","url":"https:\/\/secure.gravatar.com\/avatar\/ecb9cd41f5f63c9c9b989999a59f6e2639a865ec361e9db054db0679a8f341c2?s=96&d=mm&r=g","contentUrl":"https:\/\/secure.gravatar.com\/avatar\/ecb9cd41f5f63c9c9b989999a59f6e2639a865ec361e9db054db0679a8f341c2?s=96&d=mm&r=g","caption":"admin"},"sameAs":["https:\/\/www.lovendal.ro\/wp52"]}]}},"_links":{"self":[{"href":"https:\/\/www.lovendal.ro\/wp52\/wp-json\/wp\/v2\/posts\/74840","targetHints":{"allow":["GET"]}}],"collection":[{"href":"https:\/\/www.lovendal.ro\/wp52\/wp-json\/wp\/v2\/posts"}],"about":[{"href":"https:\/\/www.lovendal.ro\/wp52\/wp-json\/wp\/v2\/types\/post"}],"author":[{"embeddable":true,"href":"https:\/\/www.lovendal.ro\/wp52\/wp-json\/wp\/v2\/users\/1"}],"replies":[{"embeddable":true,"href":"https:\/\/www.lovendal.ro\/wp52\/wp-json\/wp\/v2\/comments?post=74840"}],"version-history":[{"count":0,"href":"https:\/\/www.lovendal.ro\/wp52\/wp-json\/wp\/v2\/posts\/74840\/revisions"}],"wp:featuredmedia":[{"embeddable":true,"href":"https:\/\/www.lovendal.ro\/wp52\/wp-json\/wp\/v2\/media\/74841"}],"wp:attachment":[{"href":"https:\/\/www.lovendal.ro\/wp52\/wp-json\/wp\/v2\/media?parent=74840"}],"wp:term":[{"taxonomy":"category","embeddable":true,"href":"https:\/\/www.lovendal.ro\/wp52\/wp-json\/wp\/v2\/categories?post=74840"},{"taxonomy":"post_tag","embeddable":true,"href":"https:\/\/www.lovendal.ro\/wp52\/wp-json\/wp\/v2\/tags?post=74840"}],"curies":[{"name":"wp","href":"https:\/\/api.w.org\/{rel}","templated":true}]}}