{"id":74818,"date":"2021-05-14T20:00:51","date_gmt":"2021-05-14T17:00:51","guid":{"rendered":"https:\/\/www.lovendal.ro\/wp52\/?p=74818"},"modified":"2026-02-11T19:43:11","modified_gmt":"2026-02-11T17:43:11","slug":"in-spatele-accidentului-mortal-al-scriitorului-mihail-sebastian-s-a-aflat-o-echipa-terorista-a-partidului-comunist-condusa-de-emil-bodnaras","status":"publish","type":"post","link":"https:\/\/www.lovendal.ro\/wp52\/in-spatele-accidentului-mortal-al-scriitorului-mihail-sebastian-s-a-aflat-o-echipa-terorista-a-partidului-comunist-condusa-de-emil-bodnaras\/","title":{"rendered":"\u00cen spatele &#8222;accidentului&#8221; mortal al scriitorului Mihail Sebastian s-a aflat o echip\u0103 terorist\u0103 a Partidului Comunist, condus\u0103 de Emil Bodn\u0103ra\u015f?"},"content":{"rendered":"<p><a href=\"https:\/\/www.lovendal.ro\/wp52\/wp-content\/uploads\/2021\/05\/Mihail-Sebastian-accident-crima.jpg\"><img loading=\"lazy\" decoding=\"async\" class=\"alignleft size-full wp-image-74819\" src=\"https:\/\/www.lovendal.ro\/wp52\/wp-content\/uploads\/2021\/05\/Mihail-Sebastian-accident-crima.jpg\" alt=\"\" width=\"342\" height=\"238\" srcset=\"https:\/\/www.lovendal.ro\/wp52\/wp-content\/uploads\/2021\/05\/Mihail-Sebastian-accident-crima.jpg 342w, https:\/\/www.lovendal.ro\/wp52\/wp-content\/uploads\/2021\/05\/Mihail-Sebastian-accident-crima-300x209.jpg 300w, https:\/\/www.lovendal.ro\/wp52\/wp-content\/uploads\/2021\/05\/Mihail-Sebastian-accident-crima-100x70.jpg 100w, https:\/\/www.lovendal.ro\/wp52\/wp-content\/uploads\/2021\/05\/Mihail-Sebastian-accident-crima-200x140.jpg 200w\" sizes=\"auto, (max-width: 342px) 100vw, 342px\" \/><\/a>Vorbeam \u00eentr-un articol din ianuarie 2020 &#8211; <a href=\"https:\/\/www.lovendal.ro\/wp52\/si-a-prevestit-moartea-marele-scriitor-mihail-sebastian-care-a-sfarsit-printr-un-accident-de-masina-la-5-ani-dupa-ce-a-publicat-romanul-accidentul\/\" target=\"_blank\" rel=\"noopener\"><strong>\u015ei-a prevestit moartea marele scriitor Mihail Sebastian, care a sf\u00e2r\u015fit printr-un accident de ma\u015fin\u0103, la 5 ani dup\u0103 ce a publicat romanul \u201cAccidentul\u201d?<\/strong><\/a> &#8211; despre accidentul tragic de ma\u015fin\u0103 din mai 1945, care a curmat via\u0163a (la doar 38 de ani) a scriitorului Mihail Sebastian. Un camion \u00eel lovi pe scriitor pe Bulevardul Regina Maria din Capital\u0103, \u00een apropierea unei sta\u0163ii de tramvai.<\/p>\n<p>Revista <em>\u201cCortina\u201d<\/em> din 1945 a scris urm\u0103toarele despre acest nefericit accident: <em>\u201e\u00cen dreptul bisericii Sf. Ilie, a traversat strada. La mijlocul ei, el a fost \u00eens\u0103 surprins de o autodub\u0103, ce se apropia cu o vitez\u0103 fantastic\u0103. \u00cen ultimul moment, sper\u00e2nd c\u0103 totu\u015fi bolidul amenin\u0163\u0103tor \u00eel va ocoli, Mihail Sebastian s-a oprit, \u00eenfrunt\u00e2nd cu privirea pericolul. Soferul, care a observat abia \u00een ultimul moment primejdia, a \u00eencercat sa stopeze, \u00eens\u0103 fr\u00e2nele n-au raspuns la comand\u0103. Masina a lovit lateral pe Mihail Sebastian, proiect\u00e2ndu-l pe caldar\u00e2m. Imediat, trec\u0103torii i-au s\u0103rit \u00een ajutor \u015fi cu o alt\u0103 ma\u015fin\u0103 a fost transportat la dispensarul dr. G\u00e2dei. S-a constatat fractura bazei craniului \u015fi, cu toate \u00eengrijirile ce i s-au dat, Mihail Sebastian a murit peste c\u00e2teva minute\u201d.<\/em><\/p>\n<p>Interesant e c\u0103 Mihail Sebastian \u015fi-a prevestit \u00eentr-un fel sf\u00e2r\u015fitul tragic, scriind un roman cu numele de <strong><em>&#8222;Accidentul&#8221;<\/em><\/strong> cu 5 ani mai devreme. Dar a fost acesta un accident sau o crim\u0103 mascat\u0103 sub forma unui accident? \u00centr-un articol publicat mai demult, Mira Moscovici (fiica lui Ilie Moscovici, liderul Partidului Socialist Rom\u00e2n) crede c\u0103 Sebastian a fost asasinat la ordinul Partidului Comunist Rom\u00e2n. Cel care a organizat asasinatul a fost Sa\u015fa Mu\u015fat, care f\u0103cea parte din grupul de uteci\u015fti instrui\u0163i de Emil Bodn\u0103ra\u015f pentru acte de terorism.<\/p>\n<p>\u00cen 1948, Sa\u015fa Mu\u015fat fusese trimis \u00een Occident de serviciul secret, SSI, condus de Emil Bodn\u0103ra\u015f cu misiuni speciale, cum ar lichidarea unor transfugi. \u00cen 1959, Sa\u015fa Mu\u015fat a fost implicat \u00een jaful unei filiale a B\u0103ncii Na\u0163ionale, pus la cale de \u201cbanda Ioanid\u201d, fiind judecat, condamnat la moarte \u015fi executat la Jilava \u00een 1960. Sa\u015fa Mu\u015fat, \u00eenv\u0103\u0163ase la Liceul Cultura \u015fi probabil c\u0103 l-a cunoscut pe profesorul Mihai Sebastian, care a predat acolo \u00een acei ani.<\/p>\n<p>De ce ar fi fost ucis Mihail Sebastian? El \u00eel cuno\u015ftea bine pe Lucre\u0163iu P\u0103tr\u0103\u015fcanu (fostul \u015fef al comuni\u015ftilor), fiind introdus \u00een anturajul lui de cel mai bun prieten de atunci al lui P\u0103tr\u0103\u015fcanu, Belu Silber, v\u0103r primar cu Sebastian. Sebastian a fost implicat \u00een apari\u0163ia primelor numere ale cotidianului <strong><em>&#8222;Rom\u00e2nia liber\u0103&#8221;<\/em><\/strong> \u00eenc\u0103 din iunie 1944, clandestin, PCR fiind interzis. La sfir\u015fitul lunii septembrie 1944 s-a retras din redac\u0163ie, c\u00e2nd P\u0103tra\u015fcanu a fost \u00eenlocuit de Grigore Preoteasa, omul lui Gheorghe Gheorghiu-Dej. P\u0103tr\u0103\u015fcanu intrase \u00een dizgra\u0163ia Kremlinului \u015fi a liderilor PCR. Era oare implicat Sebastian \u00een anumite ac\u0163iuni ale lui P\u0103tr\u0103\u015fcanu \u015fi Silber? \u015etia prea multe? Comuni\u015ftii obi\u015fnuiau s\u0103 ucid\u0103 pe fo\u015ftii tovar\u0103\u015fi de drum \u015fi pe cei deveni\u0163i suspec\u0163i c\u0103 ar putea \u201dtr\u0103da cauza\u201d \u015fi prezentau riscul s\u0103 fac\u0103 public anumite dezv\u0103luriri, chiar s\u0103 critice&#8230;<\/p>\n<p>\u00cens\u0103 teoria asasinatului nu st\u0103 prea bine \u00een picioare. Iar cel mai puternic argument e tocmai acela c\u0103 \u00een acea zi c\u00e2nd a avut loc accidentul, Mihail Sebastian \u015fi-a schimbat ruta obi\u0219nuit\u0103. Cine ar fi putut b\u0103nui a\u0219a ceva?<\/p>\n","protected":false},"excerpt":{"rendered":"<p>Vorbeam \u00eentr-un articol din ianuarie 2020 &#8211; \u015ei-a prevestit moartea marele scriitor Mihail Sebastian, care a sf\u00e2r\u015fit printr-un accident de ma\u015fin\u0103, la 5 ani dup\u0103 ce a publicat romanul \u201cAccidentul\u201d? &#8211; despre accidentul tragic de ma\u015fin\u0103 din mai 1945, care &#8230; <\/p>\n<p class=\"read-more-container\"><a title=\"\u00cen spatele &#8222;accidentului&#8221; mortal al scriitorului Mihail Sebastian s-a aflat o echip\u0103 terorist\u0103 a Partidului Comunist, condus\u0103 de Emil Bodn\u0103ra\u015f?\" class=\"read-more button\" href=\"https:\/\/www.lovendal.ro\/wp52\/in-spatele-accidentului-mortal-al-scriitorului-mihail-sebastian-s-a-aflat-o-echipa-terorista-a-partidului-comunist-condusa-de-emil-bodnaras\/#more-74818\" aria-label=\"Cite\u0219te mai multe despre \u00cen spatele &#8222;accidentului&#8221; mortal al scriitorului Mihail Sebastian s-a aflat o echip\u0103 terorist\u0103 a Partidului Comunist, condus\u0103 de Emil Bodn\u0103ra\u015f?\">Cititi mai multe<\/a><\/p>\n","protected":false},"author":1,"featured_media":74819,"comment_status":"open","ping_status":"open","sticky":false,"template":"","format":"standard","meta":{"footnotes":""},"categories":[28],"tags":[2647,14051,9422,827,4167,3897,5924,9798,16699,974,164,8868,8033,2033,580,14050,581,2478,2364,432,34,4729],"class_list":["post-74818","post","type-post","status-publish","format-standard","has-post-thumbnail","hentry","category-cultura","tag-accident","tag-accidentul","tag-banca-nationala","tag-bucuresti","tag-camion","tag-comunisti","tag-crima","tag-cultura","tag-emil-bodnaras","tag-gheorghe-gheorghiu-dej","tag-inchisoare","tag-jilava","tag-kremlin","tag-lucretiu-patrascanu","tag-masina","tag-mihail-sebastian","tag-pcr","tag-profesor","tag-revista","tag-roman","tag-scriitor","tag-tramvai","resize-featured-image"],"yoast_head":"<!-- This site is optimized with the Yoast SEO Premium plugin v23.3 (Yoast SEO v27.4) - https:\/\/yoast.com\/product\/yoast-seo-premium-wordpress\/ -->\n<title>\u00cen spatele &quot;accidentului&quot; mortal al scriitorului Mihail Sebastian s-a aflat o echip\u0103 terorist\u0103 a Partidului Comunist, condus\u0103 de Emil Bodn\u0103ra\u015f? - Secretele lui Lovendal<\/title>\n<meta name=\"robots\" content=\"index, follow, max-snippet:-1, max-image-preview:large, max-video-preview:-1\" \/>\n<link rel=\"canonical\" href=\"https:\/\/www.lovendal.ro\/wp52\/in-spatele-accidentului-mortal-al-scriitorului-mihail-sebastian-s-a-aflat-o-echipa-terorista-a-partidului-comunist-condusa-de-emil-bodnaras\/\" \/>\n<meta property=\"og:locale\" content=\"ro_RO\" \/>\n<meta property=\"og:type\" content=\"article\" \/>\n<meta property=\"og:title\" content=\"\u00cen spatele &quot;accidentului&quot; mortal al scriitorului Mihail Sebastian s-a aflat o echip\u0103 terorist\u0103 a Partidului Comunist, condus\u0103 de Emil Bodn\u0103ra\u015f?\" \/>\n<meta property=\"og:description\" content=\"Vorbeam \u00eentr-un articol din ianuarie 2020 &#8211; \u015ei-a prevestit moartea marele scriitor Mihail Sebastian, care a sf\u00e2r\u015fit printr-un accident de ma\u015fin\u0103, la 5 ani dup\u0103 ce a publicat romanul \u201cAccidentul\u201d? &#8211; despre accidentul tragic de ma\u015fin\u0103 din mai 1945, care ... Cititi mai multe\" \/>\n<meta property=\"og:url\" content=\"https:\/\/www.lovendal.ro\/wp52\/in-spatele-accidentului-mortal-al-scriitorului-mihail-sebastian-s-a-aflat-o-echipa-terorista-a-partidului-comunist-condusa-de-emil-bodnaras\/\" \/>\n<meta property=\"og:site_name\" content=\"Secretele lui Lovendal\" \/>\n<meta property=\"article:publisher\" content=\"https:\/\/www.facebook.com\/secreteleluilovendal\" \/>\n<meta property=\"article:published_time\" content=\"2021-05-14T17:00:51+00:00\" \/>\n<meta property=\"article:modified_time\" content=\"2026-02-11T17:43:11+00:00\" \/>\n<meta property=\"og:image\" content=\"https:\/\/www.lovendal.ro\/wp52\/wp-content\/uploads\/2021\/05\/Mihail-Sebastian-accident-crima.jpg\" \/>\n\t<meta property=\"og:image:width\" content=\"342\" \/>\n\t<meta property=\"og:image:height\" content=\"238\" \/>\n\t<meta property=\"og:image:type\" content=\"image\/jpeg\" \/>\n<meta name=\"author\" content=\"admin\" \/>\n<meta name=\"twitter:card\" content=\"summary_large_image\" \/>\n<meta name=\"twitter:label1\" content=\"Scris de\" \/>\n\t<meta name=\"twitter:data1\" content=\"admin\" \/>\n\t<meta name=\"twitter:label2\" content=\"Timp estimat pentru citire\" \/>\n\t<meta name=\"twitter:data2\" content=\"4 minute\" \/>\n<script type=\"application\/ld+json\" class=\"yoast-schema-graph\">{\"@context\":\"https:\\\/\\\/schema.org\",\"@graph\":[{\"@type\":\"Article\",\"@id\":\"https:\\\/\\\/www.lovendal.ro\\\/wp52\\\/in-spatele-accidentului-mortal-al-scriitorului-mihail-sebastian-s-a-aflat-o-echipa-terorista-a-partidului-comunist-condusa-de-emil-bodnaras\\\/#article\",\"isPartOf\":{\"@id\":\"https:\\\/\\\/www.lovendal.ro\\\/wp52\\\/in-spatele-accidentului-mortal-al-scriitorului-mihail-sebastian-s-a-aflat-o-echipa-terorista-a-partidului-comunist-condusa-de-emil-bodnaras\\\/\"},\"author\":{\"name\":\"admin\",\"@id\":\"https:\\\/\\\/www.lovendal.ro\\\/wp52\\\/#\\\/schema\\\/person\\\/088691de5dfc346bb0c023e1e52ef5d9\"},\"headline\":\"\u00cen spatele &#8222;accidentului&#8221; mortal al scriitorului Mihail Sebastian s-a aflat o echip\u0103 terorist\u0103 a Partidului Comunist, condus\u0103 de Emil Bodn\u0103ra\u015f?\",\"datePublished\":\"2021-05-14T17:00:51+00:00\",\"dateModified\":\"2026-02-11T17:43:11+00:00\",\"mainEntityOfPage\":{\"@id\":\"https:\\\/\\\/www.lovendal.ro\\\/wp52\\\/in-spatele-accidentului-mortal-al-scriitorului-mihail-sebastian-s-a-aflat-o-echipa-terorista-a-partidului-comunist-condusa-de-emil-bodnaras\\\/\"},\"wordCount\":613,\"commentCount\":1,\"publisher\":{\"@id\":\"https:\\\/\\\/www.lovendal.ro\\\/wp52\\\/#organization\"},\"image\":{\"@id\":\"https:\\\/\\\/www.lovendal.ro\\\/wp52\\\/in-spatele-accidentului-mortal-al-scriitorului-mihail-sebastian-s-a-aflat-o-echipa-terorista-a-partidului-comunist-condusa-de-emil-bodnaras\\\/#primaryimage\"},\"thumbnailUrl\":\"https:\\\/\\\/www.lovendal.ro\\\/wp52\\\/wp-content\\\/uploads\\\/2021\\\/05\\\/Mihail-Sebastian-accident-crima.jpg\",\"keywords\":[\"accident\",\"Accidentul\",\"banc\u0103 na\u0163ional\u0103\",\"Bucure\u015fti\",\"camion\",\"comuni\u015fti\",\"crim\u0103\",\"Cultura\",\"Emil Bodn\u0103ra\u015f\",\"Gheorghe Gheorghiu Dej\",\"\u00eenchisoare\",\"Jilava\",\"Kremlin\",\"Lucre\u0163iu P\u0103tr\u0103\u015fcanu\",\"ma\u015fin\u0103\",\"Mihail Sebastian\",\"PCR\",\"profesor\",\"revist\u0103\",\"roman\",\"scriitor\",\"tramvai\"],\"articleSection\":[\"Cultura\"],\"inLanguage\":\"ro-RO\",\"potentialAction\":[{\"@type\":\"CommentAction\",\"name\":\"Comment\",\"target\":[\"https:\\\/\\\/www.lovendal.ro\\\/wp52\\\/in-spatele-accidentului-mortal-al-scriitorului-mihail-sebastian-s-a-aflat-o-echipa-terorista-a-partidului-comunist-condusa-de-emil-bodnaras\\\/#respond\"]}]},{\"@type\":\"WebPage\",\"@id\":\"https:\\\/\\\/www.lovendal.ro\\\/wp52\\\/in-spatele-accidentului-mortal-al-scriitorului-mihail-sebastian-s-a-aflat-o-echipa-terorista-a-partidului-comunist-condusa-de-emil-bodnaras\\\/\",\"url\":\"https:\\\/\\\/www.lovendal.ro\\\/wp52\\\/in-spatele-accidentului-mortal-al-scriitorului-mihail-sebastian-s-a-aflat-o-echipa-terorista-a-partidului-comunist-condusa-de-emil-bodnaras\\\/\",\"name\":\"\u00cen spatele \\\"accidentului\\\" mortal al scriitorului Mihail Sebastian s-a aflat o echip\u0103 terorist\u0103 a Partidului Comunist, condus\u0103 de Emil Bodn\u0103ra\u015f? - Secretele lui Lovendal\",\"isPartOf\":{\"@id\":\"https:\\\/\\\/www.lovendal.ro\\\/wp52\\\/#website\"},\"primaryImageOfPage\":{\"@id\":\"https:\\\/\\\/www.lovendal.ro\\\/wp52\\\/in-spatele-accidentului-mortal-al-scriitorului-mihail-sebastian-s-a-aflat-o-echipa-terorista-a-partidului-comunist-condusa-de-emil-bodnaras\\\/#primaryimage\"},\"image\":{\"@id\":\"https:\\\/\\\/www.lovendal.ro\\\/wp52\\\/in-spatele-accidentului-mortal-al-scriitorului-mihail-sebastian-s-a-aflat-o-echipa-terorista-a-partidului-comunist-condusa-de-emil-bodnaras\\\/#primaryimage\"},\"thumbnailUrl\":\"https:\\\/\\\/www.lovendal.ro\\\/wp52\\\/wp-content\\\/uploads\\\/2021\\\/05\\\/Mihail-Sebastian-accident-crima.jpg\",\"datePublished\":\"2021-05-14T17:00:51+00:00\",\"dateModified\":\"2026-02-11T17:43:11+00:00\",\"breadcrumb\":{\"@id\":\"https:\\\/\\\/www.lovendal.ro\\\/wp52\\\/in-spatele-accidentului-mortal-al-scriitorului-mihail-sebastian-s-a-aflat-o-echipa-terorista-a-partidului-comunist-condusa-de-emil-bodnaras\\\/#breadcrumb\"},\"inLanguage\":\"ro-RO\",\"potentialAction\":[{\"@type\":\"ReadAction\",\"target\":[\"https:\\\/\\\/www.lovendal.ro\\\/wp52\\\/in-spatele-accidentului-mortal-al-scriitorului-mihail-sebastian-s-a-aflat-o-echipa-terorista-a-partidului-comunist-condusa-de-emil-bodnaras\\\/\"]}]},{\"@type\":\"ImageObject\",\"inLanguage\":\"ro-RO\",\"@id\":\"https:\\\/\\\/www.lovendal.ro\\\/wp52\\\/in-spatele-accidentului-mortal-al-scriitorului-mihail-sebastian-s-a-aflat-o-echipa-terorista-a-partidului-comunist-condusa-de-emil-bodnaras\\\/#primaryimage\",\"url\":\"https:\\\/\\\/www.lovendal.ro\\\/wp52\\\/wp-content\\\/uploads\\\/2021\\\/05\\\/Mihail-Sebastian-accident-crima.jpg\",\"contentUrl\":\"https:\\\/\\\/www.lovendal.ro\\\/wp52\\\/wp-content\\\/uploads\\\/2021\\\/05\\\/Mihail-Sebastian-accident-crima.jpg\",\"width\":342,\"height\":238},{\"@type\":\"BreadcrumbList\",\"@id\":\"https:\\\/\\\/www.lovendal.ro\\\/wp52\\\/in-spatele-accidentului-mortal-al-scriitorului-mihail-sebastian-s-a-aflat-o-echipa-terorista-a-partidului-comunist-condusa-de-emil-bodnaras\\\/#breadcrumb\",\"itemListElement\":[{\"@type\":\"ListItem\",\"position\":1,\"name\":\"Home\",\"item\":\"https:\\\/\\\/www.lovendal.ro\\\/wp52\\\/\"},{\"@type\":\"ListItem\",\"position\":2,\"name\":\"\u00cen spatele &#8222;accidentului&#8221; mortal al scriitorului Mihail Sebastian s-a aflat o echip\u0103 terorist\u0103 a Partidului Comunist, condus\u0103 de Emil Bodn\u0103ra\u015f?\"}]},{\"@type\":\"WebSite\",\"@id\":\"https:\\\/\\\/www.lovendal.ro\\\/wp52\\\/#website\",\"url\":\"https:\\\/\\\/www.lovendal.ro\\\/wp52\\\/\",\"name\":\"Secretele lui Lovendal\",\"description\":\"Site de secrete, stiinta si metafizica - din 2008 -\",\"publisher\":{\"@id\":\"https:\\\/\\\/www.lovendal.ro\\\/wp52\\\/#organization\"},\"potentialAction\":[{\"@type\":\"SearchAction\",\"target\":{\"@type\":\"EntryPoint\",\"urlTemplate\":\"https:\\\/\\\/www.lovendal.ro\\\/wp52\\\/?s={search_term_string}\"},\"query-input\":{\"@type\":\"PropertyValueSpecification\",\"valueRequired\":true,\"valueName\":\"search_term_string\"}}],\"inLanguage\":\"ro-RO\"},{\"@type\":\"Organization\",\"@id\":\"https:\\\/\\\/www.lovendal.ro\\\/wp52\\\/#organization\",\"name\":\"Secretele lui Lovendal\",\"url\":\"https:\\\/\\\/www.lovendal.ro\\\/wp52\\\/\",\"logo\":{\"@type\":\"ImageObject\",\"inLanguage\":\"ro-RO\",\"@id\":\"https:\\\/\\\/www.lovendal.ro\\\/wp52\\\/#\\\/schema\\\/logo\\\/image\\\/\",\"url\":\"https:\\\/\\\/www.lovendal.ro\\\/wp52\\\/wp-content\\\/uploads\\\/2024\\\/06\\\/cropped-SLL-iun-2024-1.jpg\",\"contentUrl\":\"https:\\\/\\\/www.lovendal.ro\\\/wp52\\\/wp-content\\\/uploads\\\/2024\\\/06\\\/cropped-SLL-iun-2024-1.jpg\",\"width\":771,\"height\":240,\"caption\":\"Secretele lui Lovendal\"},\"image\":{\"@id\":\"https:\\\/\\\/www.lovendal.ro\\\/wp52\\\/#\\\/schema\\\/logo\\\/image\\\/\"},\"sameAs\":[\"https:\\\/\\\/www.facebook.com\\\/secreteleluilovendal\"]},{\"@type\":\"Person\",\"@id\":\"https:\\\/\\\/www.lovendal.ro\\\/wp52\\\/#\\\/schema\\\/person\\\/088691de5dfc346bb0c023e1e52ef5d9\",\"name\":\"admin\",\"image\":{\"@type\":\"ImageObject\",\"inLanguage\":\"ro-RO\",\"@id\":\"https:\\\/\\\/secure.gravatar.com\\\/avatar\\\/ecb9cd41f5f63c9c9b989999a59f6e2639a865ec361e9db054db0679a8f341c2?s=96&d=mm&r=g\",\"url\":\"https:\\\/\\\/secure.gravatar.com\\\/avatar\\\/ecb9cd41f5f63c9c9b989999a59f6e2639a865ec361e9db054db0679a8f341c2?s=96&d=mm&r=g\",\"contentUrl\":\"https:\\\/\\\/secure.gravatar.com\\\/avatar\\\/ecb9cd41f5f63c9c9b989999a59f6e2639a865ec361e9db054db0679a8f341c2?s=96&d=mm&r=g\",\"caption\":\"admin\"},\"sameAs\":[\"https:\\\/\\\/www.lovendal.ro\\\/wp52\"]}]}<\/script>\n<!-- \/ Yoast SEO Premium plugin. -->","yoast_head_json":{"title":"\u00cen spatele \"accidentului\" mortal al scriitorului Mihail Sebastian s-a aflat o echip\u0103 terorist\u0103 a Partidului Comunist, condus\u0103 de Emil Bodn\u0103ra\u015f? - Secretele lui Lovendal","robots":{"index":"index","follow":"follow","max-snippet":"max-snippet:-1","max-image-preview":"max-image-preview:large","max-video-preview":"max-video-preview:-1"},"canonical":"https:\/\/www.lovendal.ro\/wp52\/in-spatele-accidentului-mortal-al-scriitorului-mihail-sebastian-s-a-aflat-o-echipa-terorista-a-partidului-comunist-condusa-de-emil-bodnaras\/","og_locale":"ro_RO","og_type":"article","og_title":"\u00cen spatele \"accidentului\" mortal al scriitorului Mihail Sebastian s-a aflat o echip\u0103 terorist\u0103 a Partidului Comunist, condus\u0103 de Emil Bodn\u0103ra\u015f?","og_description":"Vorbeam \u00eentr-un articol din ianuarie 2020 &#8211; \u015ei-a prevestit moartea marele scriitor Mihail Sebastian, care a sf\u00e2r\u015fit printr-un accident de ma\u015fin\u0103, la 5 ani dup\u0103 ce a publicat romanul \u201cAccidentul\u201d? &#8211; despre accidentul tragic de ma\u015fin\u0103 din mai 1945, care ... Cititi mai multe","og_url":"https:\/\/www.lovendal.ro\/wp52\/in-spatele-accidentului-mortal-al-scriitorului-mihail-sebastian-s-a-aflat-o-echipa-terorista-a-partidului-comunist-condusa-de-emil-bodnaras\/","og_site_name":"Secretele lui Lovendal","article_publisher":"https:\/\/www.facebook.com\/secreteleluilovendal","article_published_time":"2021-05-14T17:00:51+00:00","article_modified_time":"2026-02-11T17:43:11+00:00","og_image":[{"width":342,"height":238,"url":"https:\/\/www.lovendal.ro\/wp52\/wp-content\/uploads\/2021\/05\/Mihail-Sebastian-accident-crima.jpg","type":"image\/jpeg"}],"author":"admin","twitter_card":"summary_large_image","twitter_misc":{"Scris de":"admin","Timp estimat pentru citire":"4 minute"},"schema":{"@context":"https:\/\/schema.org","@graph":[{"@type":"Article","@id":"https:\/\/www.lovendal.ro\/wp52\/in-spatele-accidentului-mortal-al-scriitorului-mihail-sebastian-s-a-aflat-o-echipa-terorista-a-partidului-comunist-condusa-de-emil-bodnaras\/#article","isPartOf":{"@id":"https:\/\/www.lovendal.ro\/wp52\/in-spatele-accidentului-mortal-al-scriitorului-mihail-sebastian-s-a-aflat-o-echipa-terorista-a-partidului-comunist-condusa-de-emil-bodnaras\/"},"author":{"name":"admin","@id":"https:\/\/www.lovendal.ro\/wp52\/#\/schema\/person\/088691de5dfc346bb0c023e1e52ef5d9"},"headline":"\u00cen spatele &#8222;accidentului&#8221; mortal al scriitorului Mihail Sebastian s-a aflat o echip\u0103 terorist\u0103 a Partidului Comunist, condus\u0103 de Emil Bodn\u0103ra\u015f?","datePublished":"2021-05-14T17:00:51+00:00","dateModified":"2026-02-11T17:43:11+00:00","mainEntityOfPage":{"@id":"https:\/\/www.lovendal.ro\/wp52\/in-spatele-accidentului-mortal-al-scriitorului-mihail-sebastian-s-a-aflat-o-echipa-terorista-a-partidului-comunist-condusa-de-emil-bodnaras\/"},"wordCount":613,"commentCount":1,"publisher":{"@id":"https:\/\/www.lovendal.ro\/wp52\/#organization"},"image":{"@id":"https:\/\/www.lovendal.ro\/wp52\/in-spatele-accidentului-mortal-al-scriitorului-mihail-sebastian-s-a-aflat-o-echipa-terorista-a-partidului-comunist-condusa-de-emil-bodnaras\/#primaryimage"},"thumbnailUrl":"https:\/\/www.lovendal.ro\/wp52\/wp-content\/uploads\/2021\/05\/Mihail-Sebastian-accident-crima.jpg","keywords":["accident","Accidentul","banc\u0103 na\u0163ional\u0103","Bucure\u015fti","camion","comuni\u015fti","crim\u0103","Cultura","Emil Bodn\u0103ra\u015f","Gheorghe Gheorghiu Dej","\u00eenchisoare","Jilava","Kremlin","Lucre\u0163iu P\u0103tr\u0103\u015fcanu","ma\u015fin\u0103","Mihail Sebastian","PCR","profesor","revist\u0103","roman","scriitor","tramvai"],"articleSection":["Cultura"],"inLanguage":"ro-RO","potentialAction":[{"@type":"CommentAction","name":"Comment","target":["https:\/\/www.lovendal.ro\/wp52\/in-spatele-accidentului-mortal-al-scriitorului-mihail-sebastian-s-a-aflat-o-echipa-terorista-a-partidului-comunist-condusa-de-emil-bodnaras\/#respond"]}]},{"@type":"WebPage","@id":"https:\/\/www.lovendal.ro\/wp52\/in-spatele-accidentului-mortal-al-scriitorului-mihail-sebastian-s-a-aflat-o-echipa-terorista-a-partidului-comunist-condusa-de-emil-bodnaras\/","url":"https:\/\/www.lovendal.ro\/wp52\/in-spatele-accidentului-mortal-al-scriitorului-mihail-sebastian-s-a-aflat-o-echipa-terorista-a-partidului-comunist-condusa-de-emil-bodnaras\/","name":"\u00cen spatele \"accidentului\" mortal al scriitorului Mihail Sebastian s-a aflat o echip\u0103 terorist\u0103 a Partidului Comunist, condus\u0103 de Emil Bodn\u0103ra\u015f? - Secretele lui Lovendal","isPartOf":{"@id":"https:\/\/www.lovendal.ro\/wp52\/#website"},"primaryImageOfPage":{"@id":"https:\/\/www.lovendal.ro\/wp52\/in-spatele-accidentului-mortal-al-scriitorului-mihail-sebastian-s-a-aflat-o-echipa-terorista-a-partidului-comunist-condusa-de-emil-bodnaras\/#primaryimage"},"image":{"@id":"https:\/\/www.lovendal.ro\/wp52\/in-spatele-accidentului-mortal-al-scriitorului-mihail-sebastian-s-a-aflat-o-echipa-terorista-a-partidului-comunist-condusa-de-emil-bodnaras\/#primaryimage"},"thumbnailUrl":"https:\/\/www.lovendal.ro\/wp52\/wp-content\/uploads\/2021\/05\/Mihail-Sebastian-accident-crima.jpg","datePublished":"2021-05-14T17:00:51+00:00","dateModified":"2026-02-11T17:43:11+00:00","breadcrumb":{"@id":"https:\/\/www.lovendal.ro\/wp52\/in-spatele-accidentului-mortal-al-scriitorului-mihail-sebastian-s-a-aflat-o-echipa-terorista-a-partidului-comunist-condusa-de-emil-bodnaras\/#breadcrumb"},"inLanguage":"ro-RO","potentialAction":[{"@type":"ReadAction","target":["https:\/\/www.lovendal.ro\/wp52\/in-spatele-accidentului-mortal-al-scriitorului-mihail-sebastian-s-a-aflat-o-echipa-terorista-a-partidului-comunist-condusa-de-emil-bodnaras\/"]}]},{"@type":"ImageObject","inLanguage":"ro-RO","@id":"https:\/\/www.lovendal.ro\/wp52\/in-spatele-accidentului-mortal-al-scriitorului-mihail-sebastian-s-a-aflat-o-echipa-terorista-a-partidului-comunist-condusa-de-emil-bodnaras\/#primaryimage","url":"https:\/\/www.lovendal.ro\/wp52\/wp-content\/uploads\/2021\/05\/Mihail-Sebastian-accident-crima.jpg","contentUrl":"https:\/\/www.lovendal.ro\/wp52\/wp-content\/uploads\/2021\/05\/Mihail-Sebastian-accident-crima.jpg","width":342,"height":238},{"@type":"BreadcrumbList","@id":"https:\/\/www.lovendal.ro\/wp52\/in-spatele-accidentului-mortal-al-scriitorului-mihail-sebastian-s-a-aflat-o-echipa-terorista-a-partidului-comunist-condusa-de-emil-bodnaras\/#breadcrumb","itemListElement":[{"@type":"ListItem","position":1,"name":"Home","item":"https:\/\/www.lovendal.ro\/wp52\/"},{"@type":"ListItem","position":2,"name":"\u00cen spatele &#8222;accidentului&#8221; mortal al scriitorului Mihail Sebastian s-a aflat o echip\u0103 terorist\u0103 a Partidului Comunist, condus\u0103 de Emil Bodn\u0103ra\u015f?"}]},{"@type":"WebSite","@id":"https:\/\/www.lovendal.ro\/wp52\/#website","url":"https:\/\/www.lovendal.ro\/wp52\/","name":"Secretele lui Lovendal","description":"Site de secrete, stiinta si metafizica - din 2008 -","publisher":{"@id":"https:\/\/www.lovendal.ro\/wp52\/#organization"},"potentialAction":[{"@type":"SearchAction","target":{"@type":"EntryPoint","urlTemplate":"https:\/\/www.lovendal.ro\/wp52\/?s={search_term_string}"},"query-input":{"@type":"PropertyValueSpecification","valueRequired":true,"valueName":"search_term_string"}}],"inLanguage":"ro-RO"},{"@type":"Organization","@id":"https:\/\/www.lovendal.ro\/wp52\/#organization","name":"Secretele lui Lovendal","url":"https:\/\/www.lovendal.ro\/wp52\/","logo":{"@type":"ImageObject","inLanguage":"ro-RO","@id":"https:\/\/www.lovendal.ro\/wp52\/#\/schema\/logo\/image\/","url":"https:\/\/www.lovendal.ro\/wp52\/wp-content\/uploads\/2024\/06\/cropped-SLL-iun-2024-1.jpg","contentUrl":"https:\/\/www.lovendal.ro\/wp52\/wp-content\/uploads\/2024\/06\/cropped-SLL-iun-2024-1.jpg","width":771,"height":240,"caption":"Secretele lui Lovendal"},"image":{"@id":"https:\/\/www.lovendal.ro\/wp52\/#\/schema\/logo\/image\/"},"sameAs":["https:\/\/www.facebook.com\/secreteleluilovendal"]},{"@type":"Person","@id":"https:\/\/www.lovendal.ro\/wp52\/#\/schema\/person\/088691de5dfc346bb0c023e1e52ef5d9","name":"admin","image":{"@type":"ImageObject","inLanguage":"ro-RO","@id":"https:\/\/secure.gravatar.com\/avatar\/ecb9cd41f5f63c9c9b989999a59f6e2639a865ec361e9db054db0679a8f341c2?s=96&d=mm&r=g","url":"https:\/\/secure.gravatar.com\/avatar\/ecb9cd41f5f63c9c9b989999a59f6e2639a865ec361e9db054db0679a8f341c2?s=96&d=mm&r=g","contentUrl":"https:\/\/secure.gravatar.com\/avatar\/ecb9cd41f5f63c9c9b989999a59f6e2639a865ec361e9db054db0679a8f341c2?s=96&d=mm&r=g","caption":"admin"},"sameAs":["https:\/\/www.lovendal.ro\/wp52"]}]}},"_links":{"self":[{"href":"https:\/\/www.lovendal.ro\/wp52\/wp-json\/wp\/v2\/posts\/74818","targetHints":{"allow":["GET"]}}],"collection":[{"href":"https:\/\/www.lovendal.ro\/wp52\/wp-json\/wp\/v2\/posts"}],"about":[{"href":"https:\/\/www.lovendal.ro\/wp52\/wp-json\/wp\/v2\/types\/post"}],"author":[{"embeddable":true,"href":"https:\/\/www.lovendal.ro\/wp52\/wp-json\/wp\/v2\/users\/1"}],"replies":[{"embeddable":true,"href":"https:\/\/www.lovendal.ro\/wp52\/wp-json\/wp\/v2\/comments?post=74818"}],"version-history":[{"count":1,"href":"https:\/\/www.lovendal.ro\/wp52\/wp-json\/wp\/v2\/posts\/74818\/revisions"}],"predecessor-version":[{"id":101654,"href":"https:\/\/www.lovendal.ro\/wp52\/wp-json\/wp\/v2\/posts\/74818\/revisions\/101654"}],"wp:featuredmedia":[{"embeddable":true,"href":"https:\/\/www.lovendal.ro\/wp52\/wp-json\/wp\/v2\/media\/74819"}],"wp:attachment":[{"href":"https:\/\/www.lovendal.ro\/wp52\/wp-json\/wp\/v2\/media?parent=74818"}],"wp:term":[{"taxonomy":"category","embeddable":true,"href":"https:\/\/www.lovendal.ro\/wp52\/wp-json\/wp\/v2\/categories?post=74818"},{"taxonomy":"post_tag","embeddable":true,"href":"https:\/\/www.lovendal.ro\/wp52\/wp-json\/wp\/v2\/tags?post=74818"}],"curies":[{"name":"wp","href":"https:\/\/api.w.org\/{rel}","templated":true}]}}