{"id":74815,"date":"2021-05-08T11:27:47","date_gmt":"2021-05-08T08:27:47","guid":{"rendered":"https:\/\/www.lovendal.ro\/wp52\/?p=74815"},"modified":"2021-05-08T11:27:47","modified_gmt":"2021-05-08T08:27:47","slug":"e-o-fata-buna-voi-putea-intr-o-zi-s-o-primesc-intr-o-garsoniera-a-mea-s-o-fut-sa-bem-un-pahar-de-vin-sa-fumam-o-tigara-gandurile-unei-celebritati-despre-alta-celebritate","status":"publish","type":"post","link":"https:\/\/www.lovendal.ro\/wp52\/e-o-fata-buna-voi-putea-intr-o-zi-s-o-primesc-intr-o-garsoniera-a-mea-s-o-fut-sa-bem-un-pahar-de-vin-sa-fumam-o-tigara-gandurile-unei-celebritati-despre-alta-celebritate\/","title":{"rendered":"&#8222;E o fat\u0103 bun\u0103. Voi putea \u00eentr-o zi s-o primesc \u00eentr-o garsonier\u0103 a mea, s-o fu*t, s\u0103 bem un pahar de vin, s\u0103 fum\u0103m o \u0163igar\u0103&#8221; &#8211; g\u00e2ndurile unei celebrit\u0103\u0163i despre alt\u0103 celebritate&#8230;"},"content":{"rendered":"<p><a href=\"https:\/\/www.lovendal.ro\/wp52\/wp-content\/uploads\/2021\/05\/mihail-sebastian-leny-caler.jpg\"><img loading=\"lazy\" decoding=\"async\" class=\"alignleft size-full wp-image-74816\" src=\"https:\/\/www.lovendal.ro\/wp52\/wp-content\/uploads\/2021\/05\/mihail-sebastian-leny-caler.jpg\" alt=\"\" width=\"350\" height=\"288\" srcset=\"https:\/\/www.lovendal.ro\/wp52\/wp-content\/uploads\/2021\/05\/mihail-sebastian-leny-caler.jpg 350w, https:\/\/www.lovendal.ro\/wp52\/wp-content\/uploads\/2021\/05\/mihail-sebastian-leny-caler-300x247.jpg 300w\" sizes=\"auto, (max-width: 350px) 100vw, 350px\" \/><\/a>De\u015fi criticul literar George C\u0103linescu nu l-a apreciat deloc, exist\u0103 al\u0163i speciali\u015fti \u00een literatur\u0103 care \u00eel consider\u0103 pe Mihail Sebastian ca unul dintre cei mai mari scriitori din perioada interbelic\u0103. P\u0103cat c\u0103 Mihail Sebastian a murit \u00een 1945, \u00eentr-un accident stradal, la doar 38 de ani. \u015ei culmea e c\u0103 scriitorul \u015fi-a previzionat acest incident \u00een romanul <em><strong>&#8222;Accidentul&#8221;<\/strong><\/em>, scris \u00een 1940, cu 5 ani \u00eenainte (pute\u0163i citi mai multe \u00een acest articol: <a href=\"https:\/\/www.lovendal.ro\/wp52\/si-a-prevestit-moartea-marele-scriitor-mihail-sebastian-care-a-sfarsit-printr-un-accident-de-masina-la-5-ani-dupa-ce-a-publicat-romanul-accidentul\/\" target=\"_blank\" rel=\"noopener\"><strong>\u015ei-a prevestit moartea marele scriitor Mihail Sebastian, care a sf\u00e2r\u015fit printr-un accident de ma\u015fin\u0103, la 5 ani dup\u0103 ce a publicat romanul \u201cAccidentul\u201d?<\/strong><\/a>).<\/p>\n<p>Pe la 28 &#8211; 29 de ani, Mihail Sebastian s-a \u00eendr\u0103gostit iremediabil de o actri\u0163\u0103 fermec\u0103toare, Leny Caler (prin anii 1935-1936). \u00cens\u0103, aceasta st\u00e2rnise pasiuni \u015fi \u00een r\u00e2ndul altor b\u0103rba\u0163i, inclusiv scriitori, ca, de exemplu Camil Petrescu, prietenul lui Mihail Sebastian.<\/p>\n<p>Citeam zilele acestea Jurnalul lui Mihail Sebastian, o carte ap\u0103rut\u0103 la Editura Humaitas \u00een anii &#8217;90. \u00cen ea, Mihail Sebastian \u00ee\u015fi dezv\u0103luie \u00eentr-un mod \u015focant \u015fi liber dragostea lui pentru actri\u0163a Leny Caler. El trece prin mai multe st\u0103ri: de la sentimente de dragoste pur\u0103 p\u00e2n\u0103 la dezam\u0103gire \u015fi ur\u0103 chiar pentru actri\u0163a care nu putea fi statornic\u0103 \u00een iubirile sale. Citez c\u00e2teva fragmente din jurnal:<\/p>\n<p><em>* Nu-mi explic interesul ei pentru mine. E at\u00e2t de frumoas\u0103 &#8211; sunt at\u00e2t de prost \u00eembr\u0103cat eu, at\u00e2t de st\u00e2ngaci. \u00cemi dau seama c\u00e2t de simplu lucru ar putea fi iubirea asta, c\u00e2t de odihnitor.<\/em><\/p>\n<p><em>*\u00a0 M-am l\u0103sat ca un dobitoc prins \u00eentr-o poveste care \u015ftiam de la \u00eenceput c\u0103 nu duce nic\u0103ieri. Iat\u0103-m\u0103 amorezat, gelos de to\u0163i b\u0103rba\u0163ii cu care s-a culcat, preocupat la fiecare moment de ce face, sau de ce ar putea s\u0103 fac\u0103, fericit c\u00e2nd sur\u00e2de, nenorocit c\u00e2nd e prea vesel\u0103, tremur\u00e2nd c\u00e2nd \u00eei aud glasul la telefon (&#8230;) M\u0103 revolt\u0103 g\u00e2ndul c\u0103 \u00eentre timp ea face o seam\u0103 de fleacuri stupide, care o amuz\u0103 \u015fi o excit\u0103, \u00een mica ei via\u0163\u0103 de pl\u0103ceri, plimb\u0103ri, frivolit\u0103\u0163i. E infinit probabil c\u0103 \u00eentre timp se culc\u0103 cu unul \u015fi cu altul.<\/em><\/p>\n<p><em>* E o &#8222;fat\u0103 bun\u0103&#8221;. Voi putea \u00eentr-o zi s-o primesc \u00eentr-o garsonier\u0103 a mea, s-o fu*t, s\u0103 bem un pahar de vin, s\u0103 fum\u0103m o \u0163igare, s\u0103 punem o plac\u0103 de patefon \u015fi s-o ascult cu indiferen\u0163\u0103, cel mult amuzat pove\u015ftile ei despre fo\u015fti aman\u0163i din trecut? Dac\u0103 da, va fi perfect. E \u015fi asta o fil\u0103 de fericire \u015fi cu siguran\u0163\u0103 a\u015f fi fericit. Nu voi putea? \u00eenc\u0103 o istorie ratat\u0103, \u015fi pace bun\u0103.<\/em><\/p>\n<p><em>* Aveam asear\u0103, plec\u00e2nd de la Leni, sentimentul c\u0103, dac\u0103 m-a\u015f sinucide \u00een chiar noaptea aceea, a\u015f face-o \u00eemp\u0103cat, aproape cu voie-bun\u0103&#8230; N-am s\u0103-i pot explica niciodat\u0103 c\u00e2t de mult \u00eensemna &#8211; sau putea s\u0103 \u00eensemne &#8211; ea pentru mine. \u015ei nici eu nu-mi dau seama dac\u0103 o<\/em><br \/>\n<em>iubesc cu un mare amor sau cu ultimele mele rezisten\u0163e de via\u0163\u0103.<\/em><\/p>\n<p>At\u00e2t de mult a iubit-o Mihail Sebastian pe actri\u0163a Leny Caler, c\u0103 i-a scris o pies\u0103 de teatru &#8211; <em>&#8222;Jocul de-a vacan\u0163a&#8221;<\/em>. \u00cen mai 1945, dup\u0103 ce scriitorul moare \u00een accidentul de care vorbeam mai sus, actri\u0163a povestea mai t\u00e2rziu ce a sim\u0163it atunci: <em>&#8222;Am r\u0103mas ca tr\u0103snit\u0103, cutremurat\u0103 \u00een toat\u0103 fiin\u0163a mea. Refuzam cu \u00eenc\u0103p\u0103\u0163\u00e2nare s\u0103 cred, s\u0103 \u00een\u0163eleg g\u00e2ndul absurd c\u0103 Mihai nu mai este, c\u0103 n-o s\u0103-l mai v\u0103d, c\u0103 nu voi mai vorbi cu el. C\u0103 Mihail Sebastian nu va mai scrie! C\u0103 acea unic\u0103 vivacitate, c\u0103 acea minte sc\u0103p\u0103r\u0103toare au \u00eencetat brusc, asemeni unei fl\u0103c\u0103ri care s-a stins, \u015fi c\u0103 prietenul meu nu va mai fi niciodat\u0103 nic\u0103ieri. Nu, a\u015fa ceva nu putea fi crezut\u201d.<\/em><\/p>\n","protected":false},"excerpt":{"rendered":"<p>De\u015fi criticul literar George C\u0103linescu nu l-a apreciat deloc, exist\u0103 al\u0163i speciali\u015fti \u00een literatur\u0103 care \u00eel consider\u0103 pe Mihail Sebastian ca unul dintre cei mai mari scriitori din perioada interbelic\u0103. P\u0103cat c\u0103 Mihail Sebastian a murit \u00een 1945, \u00eentr-un accident &#8230; <\/p>\n<p class=\"read-more-container\"><a title=\"&#8222;E o fat\u0103 bun\u0103. Voi putea \u00eentr-o zi s-o primesc \u00eentr-o garsonier\u0103 a mea, s-o fu*t, s\u0103 bem un pahar de vin, s\u0103 fum\u0103m o \u0163igar\u0103&#8221; &#8211; g\u00e2ndurile unei celebrit\u0103\u0163i despre alt\u0103 celebritate&#8230;\" class=\"read-more button\" href=\"https:\/\/www.lovendal.ro\/wp52\/e-o-fata-buna-voi-putea-intr-o-zi-s-o-primesc-intr-o-garsoniera-a-mea-s-o-fut-sa-bem-un-pahar-de-vin-sa-fumam-o-tigara-gandurile-unei-celebritati-despre-alta-celebritate\/#more-74815\" aria-label=\"Cite\u0219te mai multe despre &#8222;E o fat\u0103 bun\u0103. Voi putea \u00eentr-o zi s-o primesc \u00eentr-o garsonier\u0103 a mea, s-o fu*t, s\u0103 bem un pahar de vin, s\u0103 fum\u0103m o \u0163igar\u0103&#8221; &#8211; g\u00e2ndurile unei celebrit\u0103\u0163i despre alt\u0103 celebritate&#8230;\">Cititi mai multe<\/a><\/p>\n","protected":false},"author":1,"featured_media":74816,"comment_status":"open","ping_status":"open","sticky":false,"template":"","format":"standard","meta":{"footnotes":""},"categories":[28],"tags":[14051,138,16698,9798,14411,965,16697,14050,432,34,1312,6613],"class_list":["post-74815","post","type-post","status-publish","format-standard","has-post-thumbnail","hentry","category-cultura","tag-accidentul","tag-actrita","tag-camil-petrescu","tag-cultura","tag-george-calinescu","tag-iubire","tag-leny-caler","tag-mihail-sebastian","tag-roman","tag-scriitor","tag-telefon","tag-tigara","resize-featured-image"],"yoast_head":"<!-- This site is optimized with the Yoast SEO Premium plugin v23.3 (Yoast SEO v27.4) - https:\/\/yoast.com\/product\/yoast-seo-premium-wordpress\/ -->\n<title>&quot;E o fat\u0103 bun\u0103. Voi putea \u00eentr-o zi s-o primesc \u00eentr-o garsonier\u0103 a mea, s-o fu*t, s\u0103 bem un pahar de vin, s\u0103 fum\u0103m o \u0163igar\u0103&quot; - g\u00e2ndurile unei celebrit\u0103\u0163i despre alt\u0103 celebritate... - Secretele lui Lovendal<\/title>\n<meta name=\"robots\" content=\"index, follow, max-snippet:-1, max-image-preview:large, max-video-preview:-1\" \/>\n<link rel=\"canonical\" href=\"https:\/\/www.lovendal.ro\/wp52\/e-o-fata-buna-voi-putea-intr-o-zi-s-o-primesc-intr-o-garsoniera-a-mea-s-o-fut-sa-bem-un-pahar-de-vin-sa-fumam-o-tigara-gandurile-unei-celebritati-despre-alta-celebritate\/\" \/>\n<meta property=\"og:locale\" content=\"ro_RO\" \/>\n<meta property=\"og:type\" content=\"article\" \/>\n<meta property=\"og:title\" content=\"&quot;E o fat\u0103 bun\u0103. Voi putea \u00eentr-o zi s-o primesc \u00eentr-o garsonier\u0103 a mea, s-o fu*t, s\u0103 bem un pahar de vin, s\u0103 fum\u0103m o \u0163igar\u0103&quot; - g\u00e2ndurile unei celebrit\u0103\u0163i despre alt\u0103 celebritate...\" \/>\n<meta property=\"og:description\" content=\"De\u015fi criticul literar George C\u0103linescu nu l-a apreciat deloc, exist\u0103 al\u0163i speciali\u015fti \u00een literatur\u0103 care \u00eel consider\u0103 pe Mihail Sebastian ca unul dintre cei mai mari scriitori din perioada interbelic\u0103. P\u0103cat c\u0103 Mihail Sebastian a murit \u00een 1945, \u00eentr-un accident ... Cititi mai multe\" \/>\n<meta property=\"og:url\" content=\"https:\/\/www.lovendal.ro\/wp52\/e-o-fata-buna-voi-putea-intr-o-zi-s-o-primesc-intr-o-garsoniera-a-mea-s-o-fut-sa-bem-un-pahar-de-vin-sa-fumam-o-tigara-gandurile-unei-celebritati-despre-alta-celebritate\/\" \/>\n<meta property=\"og:site_name\" content=\"Secretele lui Lovendal\" \/>\n<meta property=\"article:publisher\" content=\"https:\/\/www.facebook.com\/secreteleluilovendal\" \/>\n<meta property=\"article:published_time\" content=\"2021-05-08T08:27:47+00:00\" \/>\n<meta property=\"og:image\" content=\"https:\/\/www.lovendal.ro\/wp52\/wp-content\/uploads\/2021\/05\/mihail-sebastian-leny-caler.jpg\" \/>\n\t<meta property=\"og:image:width\" content=\"350\" \/>\n\t<meta property=\"og:image:height\" content=\"288\" \/>\n\t<meta property=\"og:image:type\" content=\"image\/jpeg\" \/>\n<meta name=\"author\" content=\"admin\" \/>\n<meta name=\"twitter:card\" content=\"summary_large_image\" \/>\n<meta name=\"twitter:label1\" content=\"Scris de\" \/>\n\t<meta name=\"twitter:data1\" content=\"admin\" \/>\n\t<meta name=\"twitter:label2\" content=\"Timp estimat pentru citire\" \/>\n\t<meta name=\"twitter:data2\" content=\"3 minute\" \/>\n<script type=\"application\/ld+json\" class=\"yoast-schema-graph\">{\"@context\":\"https:\\\/\\\/schema.org\",\"@graph\":[{\"@type\":\"Article\",\"@id\":\"https:\\\/\\\/www.lovendal.ro\\\/wp52\\\/e-o-fata-buna-voi-putea-intr-o-zi-s-o-primesc-intr-o-garsoniera-a-mea-s-o-fut-sa-bem-un-pahar-de-vin-sa-fumam-o-tigara-gandurile-unei-celebritati-despre-alta-celebritate\\\/#article\",\"isPartOf\":{\"@id\":\"https:\\\/\\\/www.lovendal.ro\\\/wp52\\\/e-o-fata-buna-voi-putea-intr-o-zi-s-o-primesc-intr-o-garsoniera-a-mea-s-o-fut-sa-bem-un-pahar-de-vin-sa-fumam-o-tigara-gandurile-unei-celebritati-despre-alta-celebritate\\\/\"},\"author\":{\"name\":\"admin\",\"@id\":\"https:\\\/\\\/www.lovendal.ro\\\/wp52\\\/#\\\/schema\\\/person\\\/088691de5dfc346bb0c023e1e52ef5d9\"},\"headline\":\"&#8222;E o fat\u0103 bun\u0103. Voi putea \u00eentr-o zi s-o primesc \u00eentr-o garsonier\u0103 a mea, s-o fu*t, s\u0103 bem un pahar de vin, s\u0103 fum\u0103m o \u0163igar\u0103&#8221; &#8211; g\u00e2ndurile unei celebrit\u0103\u0163i despre alt\u0103 celebritate&#8230;\",\"datePublished\":\"2021-05-08T08:27:47+00:00\",\"mainEntityOfPage\":{\"@id\":\"https:\\\/\\\/www.lovendal.ro\\\/wp52\\\/e-o-fata-buna-voi-putea-intr-o-zi-s-o-primesc-intr-o-garsoniera-a-mea-s-o-fut-sa-bem-un-pahar-de-vin-sa-fumam-o-tigara-gandurile-unei-celebritati-despre-alta-celebritate\\\/\"},\"wordCount\":692,\"commentCount\":0,\"publisher\":{\"@id\":\"https:\\\/\\\/www.lovendal.ro\\\/wp52\\\/#organization\"},\"image\":{\"@id\":\"https:\\\/\\\/www.lovendal.ro\\\/wp52\\\/e-o-fata-buna-voi-putea-intr-o-zi-s-o-primesc-intr-o-garsoniera-a-mea-s-o-fut-sa-bem-un-pahar-de-vin-sa-fumam-o-tigara-gandurile-unei-celebritati-despre-alta-celebritate\\\/#primaryimage\"},\"thumbnailUrl\":\"https:\\\/\\\/www.lovendal.ro\\\/wp52\\\/wp-content\\\/uploads\\\/2021\\\/05\\\/mihail-sebastian-leny-caler.jpg\",\"keywords\":[\"Accidentul\",\"actri\u0163\u0103\",\"Camil Petrescu\",\"Cultura\",\"George C\u0103linescu\",\"iubire\",\"Leny Caler\",\"Mihail Sebastian\",\"roman\",\"scriitor\",\"telefon\",\"\u0163igar\u0103\"],\"articleSection\":[\"Cultura\"],\"inLanguage\":\"ro-RO\",\"potentialAction\":[{\"@type\":\"CommentAction\",\"name\":\"Comment\",\"target\":[\"https:\\\/\\\/www.lovendal.ro\\\/wp52\\\/e-o-fata-buna-voi-putea-intr-o-zi-s-o-primesc-intr-o-garsoniera-a-mea-s-o-fut-sa-bem-un-pahar-de-vin-sa-fumam-o-tigara-gandurile-unei-celebritati-despre-alta-celebritate\\\/#respond\"]}]},{\"@type\":\"WebPage\",\"@id\":\"https:\\\/\\\/www.lovendal.ro\\\/wp52\\\/e-o-fata-buna-voi-putea-intr-o-zi-s-o-primesc-intr-o-garsoniera-a-mea-s-o-fut-sa-bem-un-pahar-de-vin-sa-fumam-o-tigara-gandurile-unei-celebritati-despre-alta-celebritate\\\/\",\"url\":\"https:\\\/\\\/www.lovendal.ro\\\/wp52\\\/e-o-fata-buna-voi-putea-intr-o-zi-s-o-primesc-intr-o-garsoniera-a-mea-s-o-fut-sa-bem-un-pahar-de-vin-sa-fumam-o-tigara-gandurile-unei-celebritati-despre-alta-celebritate\\\/\",\"name\":\"\\\"E o fat\u0103 bun\u0103. Voi putea \u00eentr-o zi s-o primesc \u00eentr-o garsonier\u0103 a mea, s-o fu*t, s\u0103 bem un pahar de vin, s\u0103 fum\u0103m o \u0163igar\u0103\\\" - g\u00e2ndurile unei celebrit\u0103\u0163i despre alt\u0103 celebritate... - Secretele lui Lovendal\",\"isPartOf\":{\"@id\":\"https:\\\/\\\/www.lovendal.ro\\\/wp52\\\/#website\"},\"primaryImageOfPage\":{\"@id\":\"https:\\\/\\\/www.lovendal.ro\\\/wp52\\\/e-o-fata-buna-voi-putea-intr-o-zi-s-o-primesc-intr-o-garsoniera-a-mea-s-o-fut-sa-bem-un-pahar-de-vin-sa-fumam-o-tigara-gandurile-unei-celebritati-despre-alta-celebritate\\\/#primaryimage\"},\"image\":{\"@id\":\"https:\\\/\\\/www.lovendal.ro\\\/wp52\\\/e-o-fata-buna-voi-putea-intr-o-zi-s-o-primesc-intr-o-garsoniera-a-mea-s-o-fut-sa-bem-un-pahar-de-vin-sa-fumam-o-tigara-gandurile-unei-celebritati-despre-alta-celebritate\\\/#primaryimage\"},\"thumbnailUrl\":\"https:\\\/\\\/www.lovendal.ro\\\/wp52\\\/wp-content\\\/uploads\\\/2021\\\/05\\\/mihail-sebastian-leny-caler.jpg\",\"datePublished\":\"2021-05-08T08:27:47+00:00\",\"breadcrumb\":{\"@id\":\"https:\\\/\\\/www.lovendal.ro\\\/wp52\\\/e-o-fata-buna-voi-putea-intr-o-zi-s-o-primesc-intr-o-garsoniera-a-mea-s-o-fut-sa-bem-un-pahar-de-vin-sa-fumam-o-tigara-gandurile-unei-celebritati-despre-alta-celebritate\\\/#breadcrumb\"},\"inLanguage\":\"ro-RO\",\"potentialAction\":[{\"@type\":\"ReadAction\",\"target\":[\"https:\\\/\\\/www.lovendal.ro\\\/wp52\\\/e-o-fata-buna-voi-putea-intr-o-zi-s-o-primesc-intr-o-garsoniera-a-mea-s-o-fut-sa-bem-un-pahar-de-vin-sa-fumam-o-tigara-gandurile-unei-celebritati-despre-alta-celebritate\\\/\"]}]},{\"@type\":\"ImageObject\",\"inLanguage\":\"ro-RO\",\"@id\":\"https:\\\/\\\/www.lovendal.ro\\\/wp52\\\/e-o-fata-buna-voi-putea-intr-o-zi-s-o-primesc-intr-o-garsoniera-a-mea-s-o-fut-sa-bem-un-pahar-de-vin-sa-fumam-o-tigara-gandurile-unei-celebritati-despre-alta-celebritate\\\/#primaryimage\",\"url\":\"https:\\\/\\\/www.lovendal.ro\\\/wp52\\\/wp-content\\\/uploads\\\/2021\\\/05\\\/mihail-sebastian-leny-caler.jpg\",\"contentUrl\":\"https:\\\/\\\/www.lovendal.ro\\\/wp52\\\/wp-content\\\/uploads\\\/2021\\\/05\\\/mihail-sebastian-leny-caler.jpg\",\"width\":350,\"height\":288},{\"@type\":\"BreadcrumbList\",\"@id\":\"https:\\\/\\\/www.lovendal.ro\\\/wp52\\\/e-o-fata-buna-voi-putea-intr-o-zi-s-o-primesc-intr-o-garsoniera-a-mea-s-o-fut-sa-bem-un-pahar-de-vin-sa-fumam-o-tigara-gandurile-unei-celebritati-despre-alta-celebritate\\\/#breadcrumb\",\"itemListElement\":[{\"@type\":\"ListItem\",\"position\":1,\"name\":\"Home\",\"item\":\"https:\\\/\\\/www.lovendal.ro\\\/wp52\\\/\"},{\"@type\":\"ListItem\",\"position\":2,\"name\":\"&#8222;E o fat\u0103 bun\u0103. Voi putea \u00eentr-o zi s-o primesc \u00eentr-o garsonier\u0103 a mea, s-o fu*t, s\u0103 bem un pahar de vin, s\u0103 fum\u0103m o \u0163igar\u0103&#8221; &#8211; g\u00e2ndurile unei celebrit\u0103\u0163i despre alt\u0103 celebritate&#8230;\"}]},{\"@type\":\"WebSite\",\"@id\":\"https:\\\/\\\/www.lovendal.ro\\\/wp52\\\/#website\",\"url\":\"https:\\\/\\\/www.lovendal.ro\\\/wp52\\\/\",\"name\":\"Secretele lui Lovendal\",\"description\":\"Site de secrete, stiinta si metafizica - din 2008 -\",\"publisher\":{\"@id\":\"https:\\\/\\\/www.lovendal.ro\\\/wp52\\\/#organization\"},\"potentialAction\":[{\"@type\":\"SearchAction\",\"target\":{\"@type\":\"EntryPoint\",\"urlTemplate\":\"https:\\\/\\\/www.lovendal.ro\\\/wp52\\\/?s={search_term_string}\"},\"query-input\":{\"@type\":\"PropertyValueSpecification\",\"valueRequired\":true,\"valueName\":\"search_term_string\"}}],\"inLanguage\":\"ro-RO\"},{\"@type\":\"Organization\",\"@id\":\"https:\\\/\\\/www.lovendal.ro\\\/wp52\\\/#organization\",\"name\":\"Secretele lui Lovendal\",\"url\":\"https:\\\/\\\/www.lovendal.ro\\\/wp52\\\/\",\"logo\":{\"@type\":\"ImageObject\",\"inLanguage\":\"ro-RO\",\"@id\":\"https:\\\/\\\/www.lovendal.ro\\\/wp52\\\/#\\\/schema\\\/logo\\\/image\\\/\",\"url\":\"https:\\\/\\\/www.lovendal.ro\\\/wp52\\\/wp-content\\\/uploads\\\/2024\\\/06\\\/cropped-SLL-iun-2024-1.jpg\",\"contentUrl\":\"https:\\\/\\\/www.lovendal.ro\\\/wp52\\\/wp-content\\\/uploads\\\/2024\\\/06\\\/cropped-SLL-iun-2024-1.jpg\",\"width\":771,\"height\":240,\"caption\":\"Secretele lui Lovendal\"},\"image\":{\"@id\":\"https:\\\/\\\/www.lovendal.ro\\\/wp52\\\/#\\\/schema\\\/logo\\\/image\\\/\"},\"sameAs\":[\"https:\\\/\\\/www.facebook.com\\\/secreteleluilovendal\"]},{\"@type\":\"Person\",\"@id\":\"https:\\\/\\\/www.lovendal.ro\\\/wp52\\\/#\\\/schema\\\/person\\\/088691de5dfc346bb0c023e1e52ef5d9\",\"name\":\"admin\",\"image\":{\"@type\":\"ImageObject\",\"inLanguage\":\"ro-RO\",\"@id\":\"https:\\\/\\\/secure.gravatar.com\\\/avatar\\\/ecb9cd41f5f63c9c9b989999a59f6e2639a865ec361e9db054db0679a8f341c2?s=96&d=mm&r=g\",\"url\":\"https:\\\/\\\/secure.gravatar.com\\\/avatar\\\/ecb9cd41f5f63c9c9b989999a59f6e2639a865ec361e9db054db0679a8f341c2?s=96&d=mm&r=g\",\"contentUrl\":\"https:\\\/\\\/secure.gravatar.com\\\/avatar\\\/ecb9cd41f5f63c9c9b989999a59f6e2639a865ec361e9db054db0679a8f341c2?s=96&d=mm&r=g\",\"caption\":\"admin\"},\"sameAs\":[\"https:\\\/\\\/www.lovendal.ro\\\/wp52\"]}]}<\/script>\n<!-- \/ Yoast SEO Premium plugin. -->","yoast_head_json":{"title":"\"E o fat\u0103 bun\u0103. Voi putea \u00eentr-o zi s-o primesc \u00eentr-o garsonier\u0103 a mea, s-o fu*t, s\u0103 bem un pahar de vin, s\u0103 fum\u0103m o \u0163igar\u0103\" - g\u00e2ndurile unei celebrit\u0103\u0163i despre alt\u0103 celebritate... - Secretele lui Lovendal","robots":{"index":"index","follow":"follow","max-snippet":"max-snippet:-1","max-image-preview":"max-image-preview:large","max-video-preview":"max-video-preview:-1"},"canonical":"https:\/\/www.lovendal.ro\/wp52\/e-o-fata-buna-voi-putea-intr-o-zi-s-o-primesc-intr-o-garsoniera-a-mea-s-o-fut-sa-bem-un-pahar-de-vin-sa-fumam-o-tigara-gandurile-unei-celebritati-despre-alta-celebritate\/","og_locale":"ro_RO","og_type":"article","og_title":"\"E o fat\u0103 bun\u0103. Voi putea \u00eentr-o zi s-o primesc \u00eentr-o garsonier\u0103 a mea, s-o fu*t, s\u0103 bem un pahar de vin, s\u0103 fum\u0103m o \u0163igar\u0103\" - g\u00e2ndurile unei celebrit\u0103\u0163i despre alt\u0103 celebritate...","og_description":"De\u015fi criticul literar George C\u0103linescu nu l-a apreciat deloc, exist\u0103 al\u0163i speciali\u015fti \u00een literatur\u0103 care \u00eel consider\u0103 pe Mihail Sebastian ca unul dintre cei mai mari scriitori din perioada interbelic\u0103. P\u0103cat c\u0103 Mihail Sebastian a murit \u00een 1945, \u00eentr-un accident ... Cititi mai multe","og_url":"https:\/\/www.lovendal.ro\/wp52\/e-o-fata-buna-voi-putea-intr-o-zi-s-o-primesc-intr-o-garsoniera-a-mea-s-o-fut-sa-bem-un-pahar-de-vin-sa-fumam-o-tigara-gandurile-unei-celebritati-despre-alta-celebritate\/","og_site_name":"Secretele lui Lovendal","article_publisher":"https:\/\/www.facebook.com\/secreteleluilovendal","article_published_time":"2021-05-08T08:27:47+00:00","og_image":[{"width":350,"height":288,"url":"https:\/\/www.lovendal.ro\/wp52\/wp-content\/uploads\/2021\/05\/mihail-sebastian-leny-caler.jpg","type":"image\/jpeg"}],"author":"admin","twitter_card":"summary_large_image","twitter_misc":{"Scris de":"admin","Timp estimat pentru citire":"3 minute"},"schema":{"@context":"https:\/\/schema.org","@graph":[{"@type":"Article","@id":"https:\/\/www.lovendal.ro\/wp52\/e-o-fata-buna-voi-putea-intr-o-zi-s-o-primesc-intr-o-garsoniera-a-mea-s-o-fut-sa-bem-un-pahar-de-vin-sa-fumam-o-tigara-gandurile-unei-celebritati-despre-alta-celebritate\/#article","isPartOf":{"@id":"https:\/\/www.lovendal.ro\/wp52\/e-o-fata-buna-voi-putea-intr-o-zi-s-o-primesc-intr-o-garsoniera-a-mea-s-o-fut-sa-bem-un-pahar-de-vin-sa-fumam-o-tigara-gandurile-unei-celebritati-despre-alta-celebritate\/"},"author":{"name":"admin","@id":"https:\/\/www.lovendal.ro\/wp52\/#\/schema\/person\/088691de5dfc346bb0c023e1e52ef5d9"},"headline":"&#8222;E o fat\u0103 bun\u0103. Voi putea \u00eentr-o zi s-o primesc \u00eentr-o garsonier\u0103 a mea, s-o fu*t, s\u0103 bem un pahar de vin, s\u0103 fum\u0103m o \u0163igar\u0103&#8221; &#8211; g\u00e2ndurile unei celebrit\u0103\u0163i despre alt\u0103 celebritate&#8230;","datePublished":"2021-05-08T08:27:47+00:00","mainEntityOfPage":{"@id":"https:\/\/www.lovendal.ro\/wp52\/e-o-fata-buna-voi-putea-intr-o-zi-s-o-primesc-intr-o-garsoniera-a-mea-s-o-fut-sa-bem-un-pahar-de-vin-sa-fumam-o-tigara-gandurile-unei-celebritati-despre-alta-celebritate\/"},"wordCount":692,"commentCount":0,"publisher":{"@id":"https:\/\/www.lovendal.ro\/wp52\/#organization"},"image":{"@id":"https:\/\/www.lovendal.ro\/wp52\/e-o-fata-buna-voi-putea-intr-o-zi-s-o-primesc-intr-o-garsoniera-a-mea-s-o-fut-sa-bem-un-pahar-de-vin-sa-fumam-o-tigara-gandurile-unei-celebritati-despre-alta-celebritate\/#primaryimage"},"thumbnailUrl":"https:\/\/www.lovendal.ro\/wp52\/wp-content\/uploads\/2021\/05\/mihail-sebastian-leny-caler.jpg","keywords":["Accidentul","actri\u0163\u0103","Camil Petrescu","Cultura","George C\u0103linescu","iubire","Leny Caler","Mihail Sebastian","roman","scriitor","telefon","\u0163igar\u0103"],"articleSection":["Cultura"],"inLanguage":"ro-RO","potentialAction":[{"@type":"CommentAction","name":"Comment","target":["https:\/\/www.lovendal.ro\/wp52\/e-o-fata-buna-voi-putea-intr-o-zi-s-o-primesc-intr-o-garsoniera-a-mea-s-o-fut-sa-bem-un-pahar-de-vin-sa-fumam-o-tigara-gandurile-unei-celebritati-despre-alta-celebritate\/#respond"]}]},{"@type":"WebPage","@id":"https:\/\/www.lovendal.ro\/wp52\/e-o-fata-buna-voi-putea-intr-o-zi-s-o-primesc-intr-o-garsoniera-a-mea-s-o-fut-sa-bem-un-pahar-de-vin-sa-fumam-o-tigara-gandurile-unei-celebritati-despre-alta-celebritate\/","url":"https:\/\/www.lovendal.ro\/wp52\/e-o-fata-buna-voi-putea-intr-o-zi-s-o-primesc-intr-o-garsoniera-a-mea-s-o-fut-sa-bem-un-pahar-de-vin-sa-fumam-o-tigara-gandurile-unei-celebritati-despre-alta-celebritate\/","name":"\"E o fat\u0103 bun\u0103. Voi putea \u00eentr-o zi s-o primesc \u00eentr-o garsonier\u0103 a mea, s-o fu*t, s\u0103 bem un pahar de vin, s\u0103 fum\u0103m o \u0163igar\u0103\" - g\u00e2ndurile unei celebrit\u0103\u0163i despre alt\u0103 celebritate... - Secretele lui Lovendal","isPartOf":{"@id":"https:\/\/www.lovendal.ro\/wp52\/#website"},"primaryImageOfPage":{"@id":"https:\/\/www.lovendal.ro\/wp52\/e-o-fata-buna-voi-putea-intr-o-zi-s-o-primesc-intr-o-garsoniera-a-mea-s-o-fut-sa-bem-un-pahar-de-vin-sa-fumam-o-tigara-gandurile-unei-celebritati-despre-alta-celebritate\/#primaryimage"},"image":{"@id":"https:\/\/www.lovendal.ro\/wp52\/e-o-fata-buna-voi-putea-intr-o-zi-s-o-primesc-intr-o-garsoniera-a-mea-s-o-fut-sa-bem-un-pahar-de-vin-sa-fumam-o-tigara-gandurile-unei-celebritati-despre-alta-celebritate\/#primaryimage"},"thumbnailUrl":"https:\/\/www.lovendal.ro\/wp52\/wp-content\/uploads\/2021\/05\/mihail-sebastian-leny-caler.jpg","datePublished":"2021-05-08T08:27:47+00:00","breadcrumb":{"@id":"https:\/\/www.lovendal.ro\/wp52\/e-o-fata-buna-voi-putea-intr-o-zi-s-o-primesc-intr-o-garsoniera-a-mea-s-o-fut-sa-bem-un-pahar-de-vin-sa-fumam-o-tigara-gandurile-unei-celebritati-despre-alta-celebritate\/#breadcrumb"},"inLanguage":"ro-RO","potentialAction":[{"@type":"ReadAction","target":["https:\/\/www.lovendal.ro\/wp52\/e-o-fata-buna-voi-putea-intr-o-zi-s-o-primesc-intr-o-garsoniera-a-mea-s-o-fut-sa-bem-un-pahar-de-vin-sa-fumam-o-tigara-gandurile-unei-celebritati-despre-alta-celebritate\/"]}]},{"@type":"ImageObject","inLanguage":"ro-RO","@id":"https:\/\/www.lovendal.ro\/wp52\/e-o-fata-buna-voi-putea-intr-o-zi-s-o-primesc-intr-o-garsoniera-a-mea-s-o-fut-sa-bem-un-pahar-de-vin-sa-fumam-o-tigara-gandurile-unei-celebritati-despre-alta-celebritate\/#primaryimage","url":"https:\/\/www.lovendal.ro\/wp52\/wp-content\/uploads\/2021\/05\/mihail-sebastian-leny-caler.jpg","contentUrl":"https:\/\/www.lovendal.ro\/wp52\/wp-content\/uploads\/2021\/05\/mihail-sebastian-leny-caler.jpg","width":350,"height":288},{"@type":"BreadcrumbList","@id":"https:\/\/www.lovendal.ro\/wp52\/e-o-fata-buna-voi-putea-intr-o-zi-s-o-primesc-intr-o-garsoniera-a-mea-s-o-fut-sa-bem-un-pahar-de-vin-sa-fumam-o-tigara-gandurile-unei-celebritati-despre-alta-celebritate\/#breadcrumb","itemListElement":[{"@type":"ListItem","position":1,"name":"Home","item":"https:\/\/www.lovendal.ro\/wp52\/"},{"@type":"ListItem","position":2,"name":"&#8222;E o fat\u0103 bun\u0103. Voi putea \u00eentr-o zi s-o primesc \u00eentr-o garsonier\u0103 a mea, s-o fu*t, s\u0103 bem un pahar de vin, s\u0103 fum\u0103m o \u0163igar\u0103&#8221; &#8211; g\u00e2ndurile unei celebrit\u0103\u0163i despre alt\u0103 celebritate&#8230;"}]},{"@type":"WebSite","@id":"https:\/\/www.lovendal.ro\/wp52\/#website","url":"https:\/\/www.lovendal.ro\/wp52\/","name":"Secretele lui Lovendal","description":"Site de secrete, stiinta si metafizica - din 2008 -","publisher":{"@id":"https:\/\/www.lovendal.ro\/wp52\/#organization"},"potentialAction":[{"@type":"SearchAction","target":{"@type":"EntryPoint","urlTemplate":"https:\/\/www.lovendal.ro\/wp52\/?s={search_term_string}"},"query-input":{"@type":"PropertyValueSpecification","valueRequired":true,"valueName":"search_term_string"}}],"inLanguage":"ro-RO"},{"@type":"Organization","@id":"https:\/\/www.lovendal.ro\/wp52\/#organization","name":"Secretele lui Lovendal","url":"https:\/\/www.lovendal.ro\/wp52\/","logo":{"@type":"ImageObject","inLanguage":"ro-RO","@id":"https:\/\/www.lovendal.ro\/wp52\/#\/schema\/logo\/image\/","url":"https:\/\/www.lovendal.ro\/wp52\/wp-content\/uploads\/2024\/06\/cropped-SLL-iun-2024-1.jpg","contentUrl":"https:\/\/www.lovendal.ro\/wp52\/wp-content\/uploads\/2024\/06\/cropped-SLL-iun-2024-1.jpg","width":771,"height":240,"caption":"Secretele lui Lovendal"},"image":{"@id":"https:\/\/www.lovendal.ro\/wp52\/#\/schema\/logo\/image\/"},"sameAs":["https:\/\/www.facebook.com\/secreteleluilovendal"]},{"@type":"Person","@id":"https:\/\/www.lovendal.ro\/wp52\/#\/schema\/person\/088691de5dfc346bb0c023e1e52ef5d9","name":"admin","image":{"@type":"ImageObject","inLanguage":"ro-RO","@id":"https:\/\/secure.gravatar.com\/avatar\/ecb9cd41f5f63c9c9b989999a59f6e2639a865ec361e9db054db0679a8f341c2?s=96&d=mm&r=g","url":"https:\/\/secure.gravatar.com\/avatar\/ecb9cd41f5f63c9c9b989999a59f6e2639a865ec361e9db054db0679a8f341c2?s=96&d=mm&r=g","contentUrl":"https:\/\/secure.gravatar.com\/avatar\/ecb9cd41f5f63c9c9b989999a59f6e2639a865ec361e9db054db0679a8f341c2?s=96&d=mm&r=g","caption":"admin"},"sameAs":["https:\/\/www.lovendal.ro\/wp52"]}]}},"_links":{"self":[{"href":"https:\/\/www.lovendal.ro\/wp52\/wp-json\/wp\/v2\/posts\/74815","targetHints":{"allow":["GET"]}}],"collection":[{"href":"https:\/\/www.lovendal.ro\/wp52\/wp-json\/wp\/v2\/posts"}],"about":[{"href":"https:\/\/www.lovendal.ro\/wp52\/wp-json\/wp\/v2\/types\/post"}],"author":[{"embeddable":true,"href":"https:\/\/www.lovendal.ro\/wp52\/wp-json\/wp\/v2\/users\/1"}],"replies":[{"embeddable":true,"href":"https:\/\/www.lovendal.ro\/wp52\/wp-json\/wp\/v2\/comments?post=74815"}],"version-history":[{"count":0,"href":"https:\/\/www.lovendal.ro\/wp52\/wp-json\/wp\/v2\/posts\/74815\/revisions"}],"wp:featuredmedia":[{"embeddable":true,"href":"https:\/\/www.lovendal.ro\/wp52\/wp-json\/wp\/v2\/media\/74816"}],"wp:attachment":[{"href":"https:\/\/www.lovendal.ro\/wp52\/wp-json\/wp\/v2\/media?parent=74815"}],"wp:term":[{"taxonomy":"category","embeddable":true,"href":"https:\/\/www.lovendal.ro\/wp52\/wp-json\/wp\/v2\/categories?post=74815"},{"taxonomy":"post_tag","embeddable":true,"href":"https:\/\/www.lovendal.ro\/wp52\/wp-json\/wp\/v2\/tags?post=74815"}],"curies":[{"name":"wp","href":"https:\/\/api.w.org\/{rel}","templated":true}]}}