{"id":74553,"date":"2021-04-19T22:08:41","date_gmt":"2021-04-19T19:08:41","guid":{"rendered":"https:\/\/www.lovendal.ro\/wp52\/?p=74553"},"modified":"2021-04-19T22:08:41","modified_gmt":"2021-04-19T19:08:41","slug":"concluzia-socanta-la-care-ajunge-un-studiu-stiintific-in-privinta-purtarilor-mastilor-faciale","status":"publish","type":"post","link":"https:\/\/www.lovendal.ro\/wp52\/concluzia-socanta-la-care-ajunge-un-studiu-stiintific-in-privinta-purtarilor-mastilor-faciale\/","title":{"rendered":"Concluzia \u015focant\u0103 la care ajunge un studiu \u015ftiin\u0163ific \u00een privin\u0163a purt\u0103rilor m\u0103\u015ftilor faciale"},"content":{"rendered":"<figure id=\"attachment_74555\" aria-describedby=\"caption-attachment-74555\" style=\"width: 348px\" class=\"wp-caption alignleft\"><a href=\"https:\/\/www.lovendal.ro\/wp52\/wp-content\/uploads\/2021\/04\/masca-coperta.jpg\"><img loading=\"lazy\" decoding=\"async\" class=\"size-full wp-image-74555\" src=\"https:\/\/www.lovendal.ro\/wp52\/wp-content\/uploads\/2021\/04\/masca-coperta.jpg\" alt=\"\" width=\"358\" height=\"239\" srcset=\"https:\/\/www.lovendal.ro\/wp52\/wp-content\/uploads\/2021\/04\/masca-coperta.jpg 358w, https:\/\/www.lovendal.ro\/wp52\/wp-content\/uploads\/2021\/04\/masca-coperta-300x200.jpg 300w, https:\/\/www.lovendal.ro\/wp52\/wp-content\/uploads\/2021\/04\/masca-coperta-356x239.jpg 356w\" sizes=\"auto, (max-width: 358px) 100vw, 358px\" \/><\/a><figcaption id=\"caption-attachment-74555\" class=\"wp-caption-text\"><strong>Imagine<\/strong>: <a href=\"https:\/\/pixabay.com\/ro\/photos\/covid-19-masca-coronavirus-corona-4969674\/\" target=\"_blank\" rel=\"noopener\"><strong>pixabay.com<\/strong><\/a> (Commons Creative &#8211; free)<\/figcaption><\/figure>\n<p>ATEN\u0162IE! Articolul acesta este doar o sintez\u0103 a unui articol \u015ftiin\u0163ific publicat \u00een revista <em><strong>&#8222;Medical Hypotheses&#8221; <\/strong><\/em>din ianuarie 2021, acesta fiind on-line din noiembrie 2020. Ave\u0163i link-ul de pe <a href=\"https:\/\/www.sciencedirect.com\/science\/article\/pii\/S0306987720333028?via%3Dihub\" target=\"_blank\" rel=\"noopener\"><strong>sciencedirect.com<\/strong><\/a>, dar \u015fi de pe <a href=\"https:\/\/www.ncbi.nlm.nih.gov\/pmc\/articles\/PMC7680614\/?fbclid=IwAR0Cdg9UggWNkmTB20P6GR3tyeQ-h4MnGY4zyvY8QrgyWxjUWceWvp2G4LgyWxjUWceWvp2G4Lg\" target=\"_blank\" rel=\"noopener\"><strong>ncbi.nlm.nih.gov<\/strong><\/a>, un portal guvernamental unde sunt publicate multe articole \u015ftiin\u0163ifice. A\u015fadar, nu sunt &#8222;surse conspira\u0163ioniste&#8221;, ci \u015ftiin\u0163ifice \u015fi oficiale.<\/p>\n<p>Articolul se nume\u015fte <em><strong>&#8222;<\/strong><\/em><span class=\"title-text\"><em><strong>Facemasks in the COVID-19 era: A health hypothesis&#8221;<\/strong><\/em> (<em><strong>&#8222;M\u0103\u015ftile de fa\u0163\u0103 \u00een era Covid-19: o ipotez\u0103 de s\u0103n\u0103tate&#8221;<\/strong><\/em>) \u015fi trateaz\u0103 subiectul s\u0103n\u0103t\u0103\u0163ii m\u0103\u015ftilor de fa\u0163\u0103, pe care suntem obliga\u0163i s\u0103 le purt\u0103m \u00een mai multe locuri de pe planet\u0103.<br \/>\n<\/span><\/p>\n<p><a href=\"https:\/\/www.lovendal.ro\/wp52\/wp-content\/uploads\/2021\/04\/masti-faciale.jpg\"><img loading=\"lazy\" decoding=\"async\" class=\"aligncenter size-full wp-image-74554\" src=\"https:\/\/www.lovendal.ro\/wp52\/wp-content\/uploads\/2021\/04\/masti-faciale.jpg\" alt=\"\" width=\"540\" height=\"356\" srcset=\"https:\/\/www.lovendal.ro\/wp52\/wp-content\/uploads\/2021\/04\/masti-faciale.jpg 540w, https:\/\/www.lovendal.ro\/wp52\/wp-content\/uploads\/2021\/04\/masti-faciale-300x198.jpg 300w\" sizes=\"auto, (max-width: 540px) 100vw, 540px\" \/><\/a>Am s\u0103 citez doar Abstractul \u015fi Concluziile studiului, care mi se par interesante.<\/p>\n<p><strong>Abstract<\/strong>: Multe \u021b\u0103ri din \u00eentreaga lume au folosit m\u0103\u0219tile faciale medicale \u0219i non-medicale ca interven\u021bie non-farmaceutic\u0103 pentru reducerea transmiterii \u0219i infectivit\u0103\u021bii bolii de Covid-19. De\u0219i nu exist\u0103 dovezi \u0219tiin\u021bifice care s\u0103 sus\u021bin\u0103 eficacitatea m\u0103\u0219tilor faciale, sunt stabilite efecte fiziologice adverse, psihologice \u0219i asupra s\u0103n\u0103t\u0103\u021bii. S-a emis ipoteza c\u0103 m\u0103\u0219tile faciale au compromis profilul de siguran\u021b\u0103 \u0219i eficacitate \u0219i ar trebui evitate de la utilizare. Articolul curent rezum\u0103 \u00een mod cuprinz\u0103tor dovezile \u0219tiin\u021bifice cu privire la purtarea m\u0103\u0219tilor faciale \u00een epoca Covid-19, oferind informa\u021bii pentru s\u0103n\u0103tatea public\u0103 \u0219i pentru luarea deciziilor.<\/p>\n<p><strong>Concluzii:<\/strong> Dovezile \u0219tiin\u021bifice existente contest\u0103 siguran\u021ba \u0219i eficacitatea purt\u0103rii m\u0103\u0219tilor de fa\u021b\u0103 ca interven\u021bie preventiv\u0103 pentru Covid-19. Datele sugereaz\u0103 c\u0103 at\u00e2t m\u0103\u0219tile faciale medicale, c\u00e2t \u0219i cele non-medicale sunt ineficiente pentru a bloca transmiterea de la om la om a bolilor virale \u0219i infec\u021bioase, cum ar fi Covid-19. S-a demonstrat c\u0103 purtarea m\u0103\u0219tilor faciale are efecte fiziologice \u0219i psihologice negative substan\u0163iale. Acestea includ hipoxie, hipercapnie, dificult\u0103\u021bi de respira\u021bie, st\u0103ri de aciditate \u0219i toxicitate crescute, activarea fricii, cre\u0219terea hormonilor de stres, imunosupresie, oboseal\u0103, dureri de cap, sc\u0103derea performan\u021bei cognitive, predispozi\u021bie pentru boli virale \u0219i infec\u021bioase, stres cronic, anxietate \u0219i depresie.<\/p>\n<p>Consecin\u021bele pe termen lung ale purt\u0103rii m\u0103\u0219tii faciale pot fi: deteriorarea s\u0103n\u0103t\u0103\u021bii, dezvoltarea \u0219i progresia bolilor cronice \u0219i moartea prematur\u0103. Guvernele, factorii de decizie politice \u0219i organiza\u021biile din domeniul s\u0103n\u0103t\u0103\u021bii ar trebui s\u0103 utilizeze o abordare bazat\u0103 pe dovezi \u015ftiin\u0163ifice \u00een ceea ce prive\u0219te purtarea m\u0103\u0219tilor faciale, atunci c\u00e2nd ele sunt considerate o interven\u021bie preventiv\u0103 pentru s\u0103n\u0103tatea public\u0103.<\/p>\n","protected":false},"excerpt":{"rendered":"<p>ATEN\u0162IE! Articolul acesta este doar o sintez\u0103 a unui articol \u015ftiin\u0163ific publicat \u00een revista &#8222;Medical Hypotheses&#8221; din ianuarie 2021, acesta fiind on-line din noiembrie 2020. Ave\u0163i link-ul de pe sciencedirect.com, dar \u015fi de pe ncbi.nlm.nih.gov, un portal guvernamental unde sunt &#8230; <\/p>\n<p class=\"read-more-container\"><a title=\"Concluzia \u015focant\u0103 la care ajunge un studiu \u015ftiin\u0163ific \u00een privin\u0163a purt\u0103rilor m\u0103\u015ftilor faciale\" class=\"read-more button\" href=\"https:\/\/www.lovendal.ro\/wp52\/concluzia-socanta-la-care-ajunge-un-studiu-stiintific-in-privinta-purtarilor-mastilor-faciale\/#more-74553\" aria-label=\"Cite\u0219te mai multe despre Concluzia \u015focant\u0103 la care ajunge un studiu \u015ftiin\u0163ific \u00een privin\u0163a purt\u0103rilor m\u0103\u015ftilor faciale\">Cititi mai multe<\/a><\/p>\n","protected":false},"author":1,"featured_media":74555,"comment_status":"open","ping_status":"open","sticky":false,"template":"","format":"standard","meta":{"footnotes":""},"categories":[6],"tags":[13907,170,16642,1119,1797,1012,3498,9794,7596,2567,2364,1251,476],"class_list":["post-74553","post","type-post","status-publish","format-standard","has-post-thumbnail","hentry","category-medicina","tag-anxietate","tag-boala","tag-covid-19","tag-depresie","tag-durere-de-cap","tag-frica","tag-masca","tag-medicina","tag-oboseala","tag-respiratie","tag-revista","tag-sanatate","tag-stres","resize-featured-image"],"yoast_head":"<!-- This site is optimized with the Yoast SEO Premium plugin v23.3 (Yoast SEO v27.4) - https:\/\/yoast.com\/product\/yoast-seo-premium-wordpress\/ -->\n<title>Concluzia \u015focant\u0103 la care ajunge un studiu \u015ftiin\u0163ific \u00een privin\u0163a purt\u0103rilor m\u0103\u015ftilor faciale - Secretele lui Lovendal<\/title>\n<meta name=\"robots\" content=\"index, follow, max-snippet:-1, max-image-preview:large, max-video-preview:-1\" \/>\n<link rel=\"canonical\" href=\"https:\/\/www.lovendal.ro\/wp52\/concluzia-socanta-la-care-ajunge-un-studiu-stiintific-in-privinta-purtarilor-mastilor-faciale\/\" \/>\n<meta property=\"og:locale\" content=\"ro_RO\" \/>\n<meta property=\"og:type\" content=\"article\" \/>\n<meta property=\"og:title\" content=\"Concluzia \u015focant\u0103 la care ajunge un studiu \u015ftiin\u0163ific \u00een privin\u0163a purt\u0103rilor m\u0103\u015ftilor faciale\" \/>\n<meta property=\"og:description\" content=\"ATEN\u0162IE! Articolul acesta este doar o sintez\u0103 a unui articol \u015ftiin\u0163ific publicat \u00een revista &#8222;Medical Hypotheses&#8221; din ianuarie 2021, acesta fiind on-line din noiembrie 2020. Ave\u0163i link-ul de pe sciencedirect.com, dar \u015fi de pe ncbi.nlm.nih.gov, un portal guvernamental unde sunt ... Cititi mai multe\" \/>\n<meta property=\"og:url\" content=\"https:\/\/www.lovendal.ro\/wp52\/concluzia-socanta-la-care-ajunge-un-studiu-stiintific-in-privinta-purtarilor-mastilor-faciale\/\" \/>\n<meta property=\"og:site_name\" content=\"Secretele lui Lovendal\" \/>\n<meta property=\"article:publisher\" content=\"https:\/\/www.facebook.com\/secreteleluilovendal\" \/>\n<meta property=\"article:published_time\" content=\"2021-04-19T19:08:41+00:00\" \/>\n<meta property=\"og:image\" content=\"https:\/\/www.lovendal.ro\/wp52\/wp-content\/uploads\/2021\/04\/masca-coperta.jpg\" \/>\n\t<meta property=\"og:image:width\" content=\"358\" \/>\n\t<meta property=\"og:image:height\" content=\"239\" \/>\n\t<meta property=\"og:image:type\" content=\"image\/jpeg\" \/>\n<meta name=\"author\" content=\"admin\" \/>\n<meta name=\"twitter:card\" content=\"summary_large_image\" \/>\n<meta name=\"twitter:label1\" content=\"Scris de\" \/>\n\t<meta name=\"twitter:data1\" content=\"admin\" \/>\n\t<meta name=\"twitter:label2\" content=\"Timp estimat pentru citire\" \/>\n\t<meta name=\"twitter:data2\" content=\"2 minute\" \/>\n<script type=\"application\/ld+json\" class=\"yoast-schema-graph\">{\"@context\":\"https:\\\/\\\/schema.org\",\"@graph\":[{\"@type\":\"Article\",\"@id\":\"https:\\\/\\\/www.lovendal.ro\\\/wp52\\\/concluzia-socanta-la-care-ajunge-un-studiu-stiintific-in-privinta-purtarilor-mastilor-faciale\\\/#article\",\"isPartOf\":{\"@id\":\"https:\\\/\\\/www.lovendal.ro\\\/wp52\\\/concluzia-socanta-la-care-ajunge-un-studiu-stiintific-in-privinta-purtarilor-mastilor-faciale\\\/\"},\"author\":{\"name\":\"admin\",\"@id\":\"https:\\\/\\\/www.lovendal.ro\\\/wp52\\\/#\\\/schema\\\/person\\\/088691de5dfc346bb0c023e1e52ef5d9\"},\"headline\":\"Concluzia \u015focant\u0103 la care ajunge un studiu \u015ftiin\u0163ific \u00een privin\u0163a purt\u0103rilor m\u0103\u015ftilor faciale\",\"datePublished\":\"2021-04-19T19:08:41+00:00\",\"mainEntityOfPage\":{\"@id\":\"https:\\\/\\\/www.lovendal.ro\\\/wp52\\\/concluzia-socanta-la-care-ajunge-un-studiu-stiintific-in-privinta-purtarilor-mastilor-faciale\\\/\"},\"wordCount\":458,\"commentCount\":0,\"publisher\":{\"@id\":\"https:\\\/\\\/www.lovendal.ro\\\/wp52\\\/#organization\"},\"image\":{\"@id\":\"https:\\\/\\\/www.lovendal.ro\\\/wp52\\\/concluzia-socanta-la-care-ajunge-un-studiu-stiintific-in-privinta-purtarilor-mastilor-faciale\\\/#primaryimage\"},\"thumbnailUrl\":\"https:\\\/\\\/www.lovendal.ro\\\/wp52\\\/wp-content\\\/uploads\\\/2021\\\/04\\\/masca-coperta.jpg\",\"keywords\":[\"anxietate\",\"boal\u0103\",\"Covid-19\",\"depresie\",\"durere de cap\",\"fric\u0103\",\"masc\u0103\",\"Medicina\",\"oboseal\u0103\",\"respira\u0163ie\",\"revist\u0103\",\"s\u0103n\u0103tate\",\"stres\"],\"articleSection\":[\"Medicina\"],\"inLanguage\":\"ro-RO\",\"potentialAction\":[{\"@type\":\"CommentAction\",\"name\":\"Comment\",\"target\":[\"https:\\\/\\\/www.lovendal.ro\\\/wp52\\\/concluzia-socanta-la-care-ajunge-un-studiu-stiintific-in-privinta-purtarilor-mastilor-faciale\\\/#respond\"]}]},{\"@type\":\"WebPage\",\"@id\":\"https:\\\/\\\/www.lovendal.ro\\\/wp52\\\/concluzia-socanta-la-care-ajunge-un-studiu-stiintific-in-privinta-purtarilor-mastilor-faciale\\\/\",\"url\":\"https:\\\/\\\/www.lovendal.ro\\\/wp52\\\/concluzia-socanta-la-care-ajunge-un-studiu-stiintific-in-privinta-purtarilor-mastilor-faciale\\\/\",\"name\":\"Concluzia \u015focant\u0103 la care ajunge un studiu \u015ftiin\u0163ific \u00een privin\u0163a purt\u0103rilor m\u0103\u015ftilor faciale - Secretele lui Lovendal\",\"isPartOf\":{\"@id\":\"https:\\\/\\\/www.lovendal.ro\\\/wp52\\\/#website\"},\"primaryImageOfPage\":{\"@id\":\"https:\\\/\\\/www.lovendal.ro\\\/wp52\\\/concluzia-socanta-la-care-ajunge-un-studiu-stiintific-in-privinta-purtarilor-mastilor-faciale\\\/#primaryimage\"},\"image\":{\"@id\":\"https:\\\/\\\/www.lovendal.ro\\\/wp52\\\/concluzia-socanta-la-care-ajunge-un-studiu-stiintific-in-privinta-purtarilor-mastilor-faciale\\\/#primaryimage\"},\"thumbnailUrl\":\"https:\\\/\\\/www.lovendal.ro\\\/wp52\\\/wp-content\\\/uploads\\\/2021\\\/04\\\/masca-coperta.jpg\",\"datePublished\":\"2021-04-19T19:08:41+00:00\",\"breadcrumb\":{\"@id\":\"https:\\\/\\\/www.lovendal.ro\\\/wp52\\\/concluzia-socanta-la-care-ajunge-un-studiu-stiintific-in-privinta-purtarilor-mastilor-faciale\\\/#breadcrumb\"},\"inLanguage\":\"ro-RO\",\"potentialAction\":[{\"@type\":\"ReadAction\",\"target\":[\"https:\\\/\\\/www.lovendal.ro\\\/wp52\\\/concluzia-socanta-la-care-ajunge-un-studiu-stiintific-in-privinta-purtarilor-mastilor-faciale\\\/\"]}]},{\"@type\":\"ImageObject\",\"inLanguage\":\"ro-RO\",\"@id\":\"https:\\\/\\\/www.lovendal.ro\\\/wp52\\\/concluzia-socanta-la-care-ajunge-un-studiu-stiintific-in-privinta-purtarilor-mastilor-faciale\\\/#primaryimage\",\"url\":\"https:\\\/\\\/www.lovendal.ro\\\/wp52\\\/wp-content\\\/uploads\\\/2021\\\/04\\\/masca-coperta.jpg\",\"contentUrl\":\"https:\\\/\\\/www.lovendal.ro\\\/wp52\\\/wp-content\\\/uploads\\\/2021\\\/04\\\/masca-coperta.jpg\",\"width\":358,\"height\":239,\"caption\":\"Imagine: pixabay.com (Commons Creative - free)\"},{\"@type\":\"BreadcrumbList\",\"@id\":\"https:\\\/\\\/www.lovendal.ro\\\/wp52\\\/concluzia-socanta-la-care-ajunge-un-studiu-stiintific-in-privinta-purtarilor-mastilor-faciale\\\/#breadcrumb\",\"itemListElement\":[{\"@type\":\"ListItem\",\"position\":1,\"name\":\"Home\",\"item\":\"https:\\\/\\\/www.lovendal.ro\\\/wp52\\\/\"},{\"@type\":\"ListItem\",\"position\":2,\"name\":\"Concluzia \u015focant\u0103 la care ajunge un studiu \u015ftiin\u0163ific \u00een privin\u0163a purt\u0103rilor m\u0103\u015ftilor faciale\"}]},{\"@type\":\"WebSite\",\"@id\":\"https:\\\/\\\/www.lovendal.ro\\\/wp52\\\/#website\",\"url\":\"https:\\\/\\\/www.lovendal.ro\\\/wp52\\\/\",\"name\":\"Secretele lui Lovendal\",\"description\":\"Site de secrete, stiinta si metafizica - din 2008 -\",\"publisher\":{\"@id\":\"https:\\\/\\\/www.lovendal.ro\\\/wp52\\\/#organization\"},\"potentialAction\":[{\"@type\":\"SearchAction\",\"target\":{\"@type\":\"EntryPoint\",\"urlTemplate\":\"https:\\\/\\\/www.lovendal.ro\\\/wp52\\\/?s={search_term_string}\"},\"query-input\":{\"@type\":\"PropertyValueSpecification\",\"valueRequired\":true,\"valueName\":\"search_term_string\"}}],\"inLanguage\":\"ro-RO\"},{\"@type\":\"Organization\",\"@id\":\"https:\\\/\\\/www.lovendal.ro\\\/wp52\\\/#organization\",\"name\":\"Secretele lui Lovendal\",\"url\":\"https:\\\/\\\/www.lovendal.ro\\\/wp52\\\/\",\"logo\":{\"@type\":\"ImageObject\",\"inLanguage\":\"ro-RO\",\"@id\":\"https:\\\/\\\/www.lovendal.ro\\\/wp52\\\/#\\\/schema\\\/logo\\\/image\\\/\",\"url\":\"https:\\\/\\\/www.lovendal.ro\\\/wp52\\\/wp-content\\\/uploads\\\/2024\\\/06\\\/cropped-SLL-iun-2024-1.jpg\",\"contentUrl\":\"https:\\\/\\\/www.lovendal.ro\\\/wp52\\\/wp-content\\\/uploads\\\/2024\\\/06\\\/cropped-SLL-iun-2024-1.jpg\",\"width\":771,\"height\":240,\"caption\":\"Secretele lui Lovendal\"},\"image\":{\"@id\":\"https:\\\/\\\/www.lovendal.ro\\\/wp52\\\/#\\\/schema\\\/logo\\\/image\\\/\"},\"sameAs\":[\"https:\\\/\\\/www.facebook.com\\\/secreteleluilovendal\"]},{\"@type\":\"Person\",\"@id\":\"https:\\\/\\\/www.lovendal.ro\\\/wp52\\\/#\\\/schema\\\/person\\\/088691de5dfc346bb0c023e1e52ef5d9\",\"name\":\"admin\",\"image\":{\"@type\":\"ImageObject\",\"inLanguage\":\"ro-RO\",\"@id\":\"https:\\\/\\\/secure.gravatar.com\\\/avatar\\\/ecb9cd41f5f63c9c9b989999a59f6e2639a865ec361e9db054db0679a8f341c2?s=96&d=mm&r=g\",\"url\":\"https:\\\/\\\/secure.gravatar.com\\\/avatar\\\/ecb9cd41f5f63c9c9b989999a59f6e2639a865ec361e9db054db0679a8f341c2?s=96&d=mm&r=g\",\"contentUrl\":\"https:\\\/\\\/secure.gravatar.com\\\/avatar\\\/ecb9cd41f5f63c9c9b989999a59f6e2639a865ec361e9db054db0679a8f341c2?s=96&d=mm&r=g\",\"caption\":\"admin\"},\"sameAs\":[\"https:\\\/\\\/www.lovendal.ro\\\/wp52\"]}]}<\/script>\n<!-- \/ Yoast SEO Premium plugin. -->","yoast_head_json":{"title":"Concluzia \u015focant\u0103 la care ajunge un studiu \u015ftiin\u0163ific \u00een privin\u0163a purt\u0103rilor m\u0103\u015ftilor faciale - Secretele lui Lovendal","robots":{"index":"index","follow":"follow","max-snippet":"max-snippet:-1","max-image-preview":"max-image-preview:large","max-video-preview":"max-video-preview:-1"},"canonical":"https:\/\/www.lovendal.ro\/wp52\/concluzia-socanta-la-care-ajunge-un-studiu-stiintific-in-privinta-purtarilor-mastilor-faciale\/","og_locale":"ro_RO","og_type":"article","og_title":"Concluzia \u015focant\u0103 la care ajunge un studiu \u015ftiin\u0163ific \u00een privin\u0163a purt\u0103rilor m\u0103\u015ftilor faciale","og_description":"ATEN\u0162IE! Articolul acesta este doar o sintez\u0103 a unui articol \u015ftiin\u0163ific publicat \u00een revista &#8222;Medical Hypotheses&#8221; din ianuarie 2021, acesta fiind on-line din noiembrie 2020. Ave\u0163i link-ul de pe sciencedirect.com, dar \u015fi de pe ncbi.nlm.nih.gov, un portal guvernamental unde sunt ... Cititi mai multe","og_url":"https:\/\/www.lovendal.ro\/wp52\/concluzia-socanta-la-care-ajunge-un-studiu-stiintific-in-privinta-purtarilor-mastilor-faciale\/","og_site_name":"Secretele lui Lovendal","article_publisher":"https:\/\/www.facebook.com\/secreteleluilovendal","article_published_time":"2021-04-19T19:08:41+00:00","og_image":[{"width":358,"height":239,"url":"https:\/\/www.lovendal.ro\/wp52\/wp-content\/uploads\/2021\/04\/masca-coperta.jpg","type":"image\/jpeg"}],"author":"admin","twitter_card":"summary_large_image","twitter_misc":{"Scris de":"admin","Timp estimat pentru citire":"2 minute"},"schema":{"@context":"https:\/\/schema.org","@graph":[{"@type":"Article","@id":"https:\/\/www.lovendal.ro\/wp52\/concluzia-socanta-la-care-ajunge-un-studiu-stiintific-in-privinta-purtarilor-mastilor-faciale\/#article","isPartOf":{"@id":"https:\/\/www.lovendal.ro\/wp52\/concluzia-socanta-la-care-ajunge-un-studiu-stiintific-in-privinta-purtarilor-mastilor-faciale\/"},"author":{"name":"admin","@id":"https:\/\/www.lovendal.ro\/wp52\/#\/schema\/person\/088691de5dfc346bb0c023e1e52ef5d9"},"headline":"Concluzia \u015focant\u0103 la care ajunge un studiu \u015ftiin\u0163ific \u00een privin\u0163a purt\u0103rilor m\u0103\u015ftilor faciale","datePublished":"2021-04-19T19:08:41+00:00","mainEntityOfPage":{"@id":"https:\/\/www.lovendal.ro\/wp52\/concluzia-socanta-la-care-ajunge-un-studiu-stiintific-in-privinta-purtarilor-mastilor-faciale\/"},"wordCount":458,"commentCount":0,"publisher":{"@id":"https:\/\/www.lovendal.ro\/wp52\/#organization"},"image":{"@id":"https:\/\/www.lovendal.ro\/wp52\/concluzia-socanta-la-care-ajunge-un-studiu-stiintific-in-privinta-purtarilor-mastilor-faciale\/#primaryimage"},"thumbnailUrl":"https:\/\/www.lovendal.ro\/wp52\/wp-content\/uploads\/2021\/04\/masca-coperta.jpg","keywords":["anxietate","boal\u0103","Covid-19","depresie","durere de cap","fric\u0103","masc\u0103","Medicina","oboseal\u0103","respira\u0163ie","revist\u0103","s\u0103n\u0103tate","stres"],"articleSection":["Medicina"],"inLanguage":"ro-RO","potentialAction":[{"@type":"CommentAction","name":"Comment","target":["https:\/\/www.lovendal.ro\/wp52\/concluzia-socanta-la-care-ajunge-un-studiu-stiintific-in-privinta-purtarilor-mastilor-faciale\/#respond"]}]},{"@type":"WebPage","@id":"https:\/\/www.lovendal.ro\/wp52\/concluzia-socanta-la-care-ajunge-un-studiu-stiintific-in-privinta-purtarilor-mastilor-faciale\/","url":"https:\/\/www.lovendal.ro\/wp52\/concluzia-socanta-la-care-ajunge-un-studiu-stiintific-in-privinta-purtarilor-mastilor-faciale\/","name":"Concluzia \u015focant\u0103 la care ajunge un studiu \u015ftiin\u0163ific \u00een privin\u0163a purt\u0103rilor m\u0103\u015ftilor faciale - Secretele lui Lovendal","isPartOf":{"@id":"https:\/\/www.lovendal.ro\/wp52\/#website"},"primaryImageOfPage":{"@id":"https:\/\/www.lovendal.ro\/wp52\/concluzia-socanta-la-care-ajunge-un-studiu-stiintific-in-privinta-purtarilor-mastilor-faciale\/#primaryimage"},"image":{"@id":"https:\/\/www.lovendal.ro\/wp52\/concluzia-socanta-la-care-ajunge-un-studiu-stiintific-in-privinta-purtarilor-mastilor-faciale\/#primaryimage"},"thumbnailUrl":"https:\/\/www.lovendal.ro\/wp52\/wp-content\/uploads\/2021\/04\/masca-coperta.jpg","datePublished":"2021-04-19T19:08:41+00:00","breadcrumb":{"@id":"https:\/\/www.lovendal.ro\/wp52\/concluzia-socanta-la-care-ajunge-un-studiu-stiintific-in-privinta-purtarilor-mastilor-faciale\/#breadcrumb"},"inLanguage":"ro-RO","potentialAction":[{"@type":"ReadAction","target":["https:\/\/www.lovendal.ro\/wp52\/concluzia-socanta-la-care-ajunge-un-studiu-stiintific-in-privinta-purtarilor-mastilor-faciale\/"]}]},{"@type":"ImageObject","inLanguage":"ro-RO","@id":"https:\/\/www.lovendal.ro\/wp52\/concluzia-socanta-la-care-ajunge-un-studiu-stiintific-in-privinta-purtarilor-mastilor-faciale\/#primaryimage","url":"https:\/\/www.lovendal.ro\/wp52\/wp-content\/uploads\/2021\/04\/masca-coperta.jpg","contentUrl":"https:\/\/www.lovendal.ro\/wp52\/wp-content\/uploads\/2021\/04\/masca-coperta.jpg","width":358,"height":239,"caption":"Imagine: pixabay.com (Commons Creative - free)"},{"@type":"BreadcrumbList","@id":"https:\/\/www.lovendal.ro\/wp52\/concluzia-socanta-la-care-ajunge-un-studiu-stiintific-in-privinta-purtarilor-mastilor-faciale\/#breadcrumb","itemListElement":[{"@type":"ListItem","position":1,"name":"Home","item":"https:\/\/www.lovendal.ro\/wp52\/"},{"@type":"ListItem","position":2,"name":"Concluzia \u015focant\u0103 la care ajunge un studiu \u015ftiin\u0163ific \u00een privin\u0163a purt\u0103rilor m\u0103\u015ftilor faciale"}]},{"@type":"WebSite","@id":"https:\/\/www.lovendal.ro\/wp52\/#website","url":"https:\/\/www.lovendal.ro\/wp52\/","name":"Secretele lui Lovendal","description":"Site de secrete, stiinta si metafizica - din 2008 -","publisher":{"@id":"https:\/\/www.lovendal.ro\/wp52\/#organization"},"potentialAction":[{"@type":"SearchAction","target":{"@type":"EntryPoint","urlTemplate":"https:\/\/www.lovendal.ro\/wp52\/?s={search_term_string}"},"query-input":{"@type":"PropertyValueSpecification","valueRequired":true,"valueName":"search_term_string"}}],"inLanguage":"ro-RO"},{"@type":"Organization","@id":"https:\/\/www.lovendal.ro\/wp52\/#organization","name":"Secretele lui Lovendal","url":"https:\/\/www.lovendal.ro\/wp52\/","logo":{"@type":"ImageObject","inLanguage":"ro-RO","@id":"https:\/\/www.lovendal.ro\/wp52\/#\/schema\/logo\/image\/","url":"https:\/\/www.lovendal.ro\/wp52\/wp-content\/uploads\/2024\/06\/cropped-SLL-iun-2024-1.jpg","contentUrl":"https:\/\/www.lovendal.ro\/wp52\/wp-content\/uploads\/2024\/06\/cropped-SLL-iun-2024-1.jpg","width":771,"height":240,"caption":"Secretele lui Lovendal"},"image":{"@id":"https:\/\/www.lovendal.ro\/wp52\/#\/schema\/logo\/image\/"},"sameAs":["https:\/\/www.facebook.com\/secreteleluilovendal"]},{"@type":"Person","@id":"https:\/\/www.lovendal.ro\/wp52\/#\/schema\/person\/088691de5dfc346bb0c023e1e52ef5d9","name":"admin","image":{"@type":"ImageObject","inLanguage":"ro-RO","@id":"https:\/\/secure.gravatar.com\/avatar\/ecb9cd41f5f63c9c9b989999a59f6e2639a865ec361e9db054db0679a8f341c2?s=96&d=mm&r=g","url":"https:\/\/secure.gravatar.com\/avatar\/ecb9cd41f5f63c9c9b989999a59f6e2639a865ec361e9db054db0679a8f341c2?s=96&d=mm&r=g","contentUrl":"https:\/\/secure.gravatar.com\/avatar\/ecb9cd41f5f63c9c9b989999a59f6e2639a865ec361e9db054db0679a8f341c2?s=96&d=mm&r=g","caption":"admin"},"sameAs":["https:\/\/www.lovendal.ro\/wp52"]}]}},"_links":{"self":[{"href":"https:\/\/www.lovendal.ro\/wp52\/wp-json\/wp\/v2\/posts\/74553","targetHints":{"allow":["GET"]}}],"collection":[{"href":"https:\/\/www.lovendal.ro\/wp52\/wp-json\/wp\/v2\/posts"}],"about":[{"href":"https:\/\/www.lovendal.ro\/wp52\/wp-json\/wp\/v2\/types\/post"}],"author":[{"embeddable":true,"href":"https:\/\/www.lovendal.ro\/wp52\/wp-json\/wp\/v2\/users\/1"}],"replies":[{"embeddable":true,"href":"https:\/\/www.lovendal.ro\/wp52\/wp-json\/wp\/v2\/comments?post=74553"}],"version-history":[{"count":0,"href":"https:\/\/www.lovendal.ro\/wp52\/wp-json\/wp\/v2\/posts\/74553\/revisions"}],"wp:featuredmedia":[{"embeddable":true,"href":"https:\/\/www.lovendal.ro\/wp52\/wp-json\/wp\/v2\/media\/74555"}],"wp:attachment":[{"href":"https:\/\/www.lovendal.ro\/wp52\/wp-json\/wp\/v2\/media?parent=74553"}],"wp:term":[{"taxonomy":"category","embeddable":true,"href":"https:\/\/www.lovendal.ro\/wp52\/wp-json\/wp\/v2\/categories?post=74553"},{"taxonomy":"post_tag","embeddable":true,"href":"https:\/\/www.lovendal.ro\/wp52\/wp-json\/wp\/v2\/tags?post=74553"}],"curies":[{"name":"wp","href":"https:\/\/api.w.org\/{rel}","templated":true}]}}