{"id":74513,"date":"2021-04-15T16:08:18","date_gmt":"2021-04-15T14:08:18","guid":{"rendered":"https:\/\/www.lovendal.ro\/wp52\/?p=74513"},"modified":"2025-09-30T09:48:58","modified_gmt":"2025-09-30T06:48:58","slug":"teoria-padurii-intunecate-o-explicatie-terifianta-pentru-care-oamenii-nu-s-au-intalnit-in-mod-oficial-cu-extraterestrii","status":"publish","type":"post","link":"https:\/\/www.lovendal.ro\/wp52\/teoria-padurii-intunecate-o-explicatie-terifianta-pentru-care-oamenii-nu-s-au-intalnit-in-mod-oficial-cu-extraterestrii\/","title":{"rendered":"&#8222;Teoria p\u0103durii \u00eentunecate&#8221; &#8211; o explica\u0163ie terifiant\u0103 pentru care oamenii nu s-au \u00eent\u00e2lnit, \u00een mod oficial, cu extratere\u015ftrii"},"content":{"rendered":"<p><a href=\"https:\/\/www.lovendal.ro\/wp52\/wp-content\/uploads\/2021\/04\/padurea-intunecata-extraterestri.jpg\"><img loading=\"lazy\" decoding=\"async\" class=\"alignleft size-full wp-image-74514\" src=\"https:\/\/www.lovendal.ro\/wp52\/wp-content\/uploads\/2021\/04\/padurea-intunecata-extraterestri.jpg\" alt=\"\" width=\"336\" height=\"246\" srcset=\"https:\/\/www.lovendal.ro\/wp52\/wp-content\/uploads\/2021\/04\/padurea-intunecata-extraterestri.jpg 336w, https:\/\/www.lovendal.ro\/wp52\/wp-content\/uploads\/2021\/04\/padurea-intunecata-extraterestri-300x220.jpg 300w, https:\/\/www.lovendal.ro\/wp52\/wp-content\/uploads\/2021\/04\/padurea-intunecata-extraterestri-80x60.jpg 80w\" sizes=\"auto, (max-width: 336px) 100vw, 336px\" \/><\/a>Paradoxul Fermi se \u00eentreab\u0103 unde sunt to\u021bi extratere\u0219trii, dac\u0103 toate calculele arat\u0103 c\u0103 Universul ar trebui s\u0103 fie plin cu ei. Teoria &#8222;P\u0103durii \u00centunecate&#8221; (&#8222;Dark Forest&#8221;) spune c\u0103 ar trebui s\u0103 ne rug\u0103m s\u0103 nu \u00eei g\u0103sim niciodat\u0103.<\/p>\n<p>Galaxia Calea Lactee are 200 de miliarde de stele \u0219i poate 100 de miliarde de planete. Dac\u0103 chiar \u0219i o mic\u0103 parte din acele planete ad\u0103postesc via\u021b\u0103 \u0219i chiar dac\u0103 doar o foarte mic\u0103 parte din planete ar dezvolta forme de via\u021b\u0103 care au devenit inteligente, galaxia noastr\u0103 tot ar fi plin\u0103 de civiliza\u021bii extraterestre.<\/p>\n<p>Num\u0103rul de civiliza\u021bii extraterestre pe care ar trebui s\u0103 le aib\u0103 galaxia noastr\u0103 poate fi determinat de o ecua\u021bie, ecua\u021bia Drake , care transform\u0103 factorii de mai sus \u00een variabile. C\u00e2nd totul devine o formul\u0103, rezult\u0103 c\u0103 ar trebui s\u0103 existe cel pu\u021bin 20 de civiliza\u021bii \u00een vecin\u0103tatea noastr\u0103 cosmic\u0103. Faptul c\u0103 \u00eenc\u0103 nu am g\u0103sit nicio alt\u0103 via\u021b\u0103 p\u00e2n\u0103 acum ar trebui s\u0103 fie \u0219ocant.<\/p>\n<p>Aparenta divergen\u0163\u0103 \u00eentre c\u00e2te civiliza\u021bii avansate ar trebui s\u0103 fie \u00een spa\u021biul cosmic \u0219i lipsa de dovezi pentru prezen\u0163a lor este cunoscut\u0103 sub numele de paradoxul Fermi. A condus la zeci de ipoteze \u0219i solu\u021bii poten\u021biale \u00een ultimele decenii. Unii propun c\u0103 via\u021ba \u00een Cosmos este mult mai rar\u0103 dec\u00e2t credem, al\u021bii sugereaz\u0103 c\u0103 dezvoltarea inteligen\u021bei este mai grea dec\u00e2t ne-am putea a\u015ftepta, sau c\u0103 majoritatea civiliza\u021biilor ar tr\u0103i o perioad\u0103 scurt\u0103 de timp \u00eenainte de a se autodistruge.<\/p>\n<p>Totu\u015fi, mai exist\u0103 \u00eenc\u0103 o solu\u0163ie pentru care nu am auzit de extratere\u0219tri p\u00e2n\u0103 acum, explic\u00e2nd astfel de ce ace\u0219tia tac \u00een mod inten\u021bionat. Ra\u021bionamentul este prezentat cel mai bine \u00een romanul SF <strong><em>&#8222;The Dark Forest&#8221;<\/em><\/strong> de Liu Cixin.<\/p>\n<p>\u00cen roman, toate celelalte forme de via\u021b\u0103 din Univers sunt averse la risc \u0219i sunt dispuse s\u0103 fac\u0103 orice pentru a se salva; contactul de orice fel este periculos, \u015fi, de aceea, toate civiliza\u021biile \u00eencearc\u0103 s\u0103 se ascund\u0103 \u00een lini\u0219te.<\/p>\n<p>Ra\u021bionamentul este explicat \u00een acest paragraf din roman: <em>&#8222;Universul este o p\u0103dure \u00eentunecat\u0103. Fiecare civiliza\u021bie este un v\u00e2n\u0103tor \u00eenarmat urm\u0103rind printre copaci ca o fantom\u0103, stecur\u00e2ndu-se u\u015for printre ramurii care blocheaz\u0103 calea \u0219i \u00eencerc\u00e2nd s\u0103 calce f\u0103r\u0103 sunet. Chiar \u0219i respira\u021bia se face cu grij\u0103. V\u00e2n\u0103torul trebuie s\u0103 fie atent, deoarece peste tot \u00een p\u0103dure sunt v\u00e2n\u0103tori ascun\u015fi ca el. Dac\u0103 g\u0103se\u0219te o alt\u0103 via\u021b\u0103 &#8211; un alt v\u00e2n\u0103tor, un \u00eenger sau un demon, o z\u00e2n\u0103 sau un semizeu &#8211; nu poate face dec\u00e2t un singur lucru: s\u0103 deschid\u0103 focul \u0219i s\u0103-l elimine&#8221;.<\/em><\/p>\n<p><strong>Sursa<\/strong> (traducerea \u015fi adaptarea proprie): <a href=\"https:\/\/bigthink.com\/scotty-hendricks\/the-dark-forest-theory-a-terrifying-explanation-of-why-we-havent-heard-from-aliens-yet\" target=\"_blank\" rel=\"noopener\"><strong>bigthink.com<\/strong><\/a><\/p>\n","protected":false},"excerpt":{"rendered":"<p>Paradoxul Fermi se \u00eentreab\u0103 unde sunt to\u021bi extratere\u0219trii, dac\u0103 toate calculele arat\u0103 c\u0103 Universul ar trebui s\u0103 fie plin cu ei. Teoria &#8222;P\u0103durii \u00centunecate&#8221; (&#8222;Dark Forest&#8221;) spune c\u0103 ar trebui s\u0103 ne rug\u0103m s\u0103 nu \u00eei g\u0103sim niciodat\u0103. Galaxia Calea &#8230; <\/p>\n<p class=\"read-more-container\"><a title=\"&#8222;Teoria p\u0103durii \u00eentunecate&#8221; &#8211; o explica\u0163ie terifiant\u0103 pentru care oamenii nu s-au \u00eent\u00e2lnit, \u00een mod oficial, cu extratere\u015ftrii\" class=\"read-more button\" href=\"https:\/\/www.lovendal.ro\/wp52\/teoria-padurii-intunecate-o-explicatie-terifianta-pentru-care-oamenii-nu-s-au-intalnit-in-mod-oficial-cu-extraterestrii\/#more-74513\" aria-label=\"Cite\u0219te mai multe despre &#8222;Teoria p\u0103durii \u00eentunecate&#8221; &#8211; o explica\u0163ie terifiant\u0103 pentru care oamenii nu s-au \u00eent\u00e2lnit, \u00een mod oficial, cu extratere\u015ftrii\">Cititi mai multe<\/a><\/p>\n","protected":false},"author":1,"featured_media":74514,"comment_status":"open","ping_status":"open","sticky":false,"template":"","format":"standard","meta":{"footnotes":""},"categories":[14],"tags":[1405,1027,2286,3407,51,5735,433,1828,2398,9796,299,2567,432,2174,3175,20254,1087,5657,366,2163,968],"class_list":["post-74513","post","type-post","status-publish","format-standard","has-post-thumbnail","hentry","category-paranormal-spiritualitate","tag-calea-lactee","tag-civilizatie","tag-copaci","tag-demon","tag-extraterestri","tag-fermi","tag-galaxie","tag-inger","tag-padure","tag-paranormal-spiritualitate","tag-planete","tag-respiratie","tag-roman","tag-sf","tag-stele","tag-teoria-padurii-intunecate","tag-univers","tag-vanator","tag-viata","tag-zana","tag-zeu","resize-featured-image"],"yoast_head":"<!-- This site is optimized with the Yoast SEO Premium plugin v23.3 (Yoast SEO v27.4) - https:\/\/yoast.com\/product\/yoast-seo-premium-wordpress\/ -->\n<title>&quot;Teoria p\u0103durii \u00eentunecate&quot; - o explica\u0163ie terifiant\u0103 pentru care oamenii nu s-au \u00eent\u00e2lnit, \u00een mod oficial, cu extratere\u015ftrii - Secretele lui Lovendal<\/title>\n<meta name=\"robots\" content=\"index, follow, max-snippet:-1, max-image-preview:large, max-video-preview:-1\" \/>\n<link rel=\"canonical\" href=\"https:\/\/www.lovendal.ro\/wp52\/teoria-padurii-intunecate-o-explicatie-terifianta-pentru-care-oamenii-nu-s-au-intalnit-in-mod-oficial-cu-extraterestrii\/\" \/>\n<meta property=\"og:locale\" content=\"ro_RO\" \/>\n<meta property=\"og:type\" content=\"article\" \/>\n<meta property=\"og:title\" content=\"&quot;Teoria p\u0103durii \u00eentunecate&quot; - o explica\u0163ie terifiant\u0103 pentru care oamenii nu s-au \u00eent\u00e2lnit, \u00een mod oficial, cu extratere\u015ftrii\" \/>\n<meta property=\"og:description\" content=\"Paradoxul Fermi se \u00eentreab\u0103 unde sunt to\u021bi extratere\u0219trii, dac\u0103 toate calculele arat\u0103 c\u0103 Universul ar trebui s\u0103 fie plin cu ei. Teoria &#8222;P\u0103durii \u00centunecate&#8221; (&#8222;Dark Forest&#8221;) spune c\u0103 ar trebui s\u0103 ne rug\u0103m s\u0103 nu \u00eei g\u0103sim niciodat\u0103. Galaxia Calea ... Cititi mai multe\" \/>\n<meta property=\"og:url\" content=\"https:\/\/www.lovendal.ro\/wp52\/teoria-padurii-intunecate-o-explicatie-terifianta-pentru-care-oamenii-nu-s-au-intalnit-in-mod-oficial-cu-extraterestrii\/\" \/>\n<meta property=\"og:site_name\" content=\"Secretele lui Lovendal\" \/>\n<meta property=\"article:publisher\" content=\"https:\/\/www.facebook.com\/secreteleluilovendal\" \/>\n<meta property=\"article:published_time\" content=\"2021-04-15T14:08:18+00:00\" \/>\n<meta property=\"article:modified_time\" content=\"2025-09-30T06:48:58+00:00\" \/>\n<meta property=\"og:image\" content=\"https:\/\/www.lovendal.ro\/wp52\/wp-content\/uploads\/2021\/04\/padurea-intunecata-extraterestri.jpg\" \/>\n\t<meta property=\"og:image:width\" content=\"336\" \/>\n\t<meta property=\"og:image:height\" content=\"246\" \/>\n\t<meta property=\"og:image:type\" content=\"image\/jpeg\" \/>\n<meta name=\"author\" content=\"admin\" \/>\n<meta name=\"twitter:card\" content=\"summary_large_image\" \/>\n<meta name=\"twitter:label1\" content=\"Scris de\" \/>\n\t<meta name=\"twitter:data1\" content=\"admin\" \/>\n\t<meta name=\"twitter:label2\" content=\"Timp estimat pentru citire\" \/>\n\t<meta name=\"twitter:data2\" content=\"3 minute\" \/>\n<script type=\"application\/ld+json\" class=\"yoast-schema-graph\">{\"@context\":\"https:\\\/\\\/schema.org\",\"@graph\":[{\"@type\":\"Article\",\"@id\":\"https:\\\/\\\/www.lovendal.ro\\\/wp52\\\/teoria-padurii-intunecate-o-explicatie-terifianta-pentru-care-oamenii-nu-s-au-intalnit-in-mod-oficial-cu-extraterestrii\\\/#article\",\"isPartOf\":{\"@id\":\"https:\\\/\\\/www.lovendal.ro\\\/wp52\\\/teoria-padurii-intunecate-o-explicatie-terifianta-pentru-care-oamenii-nu-s-au-intalnit-in-mod-oficial-cu-extraterestrii\\\/\"},\"author\":{\"name\":\"admin\",\"@id\":\"https:\\\/\\\/www.lovendal.ro\\\/wp52\\\/#\\\/schema\\\/person\\\/088691de5dfc346bb0c023e1e52ef5d9\"},\"headline\":\"&#8222;Teoria p\u0103durii \u00eentunecate&#8221; &#8211; o explica\u0163ie terifiant\u0103 pentru care oamenii nu s-au \u00eent\u00e2lnit, \u00een mod oficial, cu extratere\u015ftrii\",\"datePublished\":\"2021-04-15T14:08:18+00:00\",\"dateModified\":\"2025-09-30T06:48:58+00:00\",\"mainEntityOfPage\":{\"@id\":\"https:\\\/\\\/www.lovendal.ro\\\/wp52\\\/teoria-padurii-intunecate-o-explicatie-terifianta-pentru-care-oamenii-nu-s-au-intalnit-in-mod-oficial-cu-extraterestrii\\\/\"},\"wordCount\":500,\"commentCount\":1,\"publisher\":{\"@id\":\"https:\\\/\\\/www.lovendal.ro\\\/wp52\\\/#organization\"},\"image\":{\"@id\":\"https:\\\/\\\/www.lovendal.ro\\\/wp52\\\/teoria-padurii-intunecate-o-explicatie-terifianta-pentru-care-oamenii-nu-s-au-intalnit-in-mod-oficial-cu-extraterestrii\\\/#primaryimage\"},\"thumbnailUrl\":\"https:\\\/\\\/www.lovendal.ro\\\/wp52\\\/wp-content\\\/uploads\\\/2021\\\/04\\\/padurea-intunecata-extraterestri.jpg\",\"keywords\":[\"Calea Lactee\",\"civiliza\u0163ie\",\"copaci\",\"demon\",\"extratere\u015ftri\",\"Fermi\",\"galaxie\",\"\u00eenger\",\"p\u0103dure\",\"Paranormal-Spiritualitate\",\"planete\",\"respira\u0163ie\",\"roman\",\"SF\",\"stele\",\"teoria p\u0103durii \u00eentunecate\",\"Univers\",\"v\u00e2n\u0103tor\",\"via\u0163\u0103\",\"z\u00e2n\u0103\",\"zeu\"],\"articleSection\":[\"Paranormal-Spiritualitate\"],\"inLanguage\":\"ro-RO\",\"potentialAction\":[{\"@type\":\"CommentAction\",\"name\":\"Comment\",\"target\":[\"https:\\\/\\\/www.lovendal.ro\\\/wp52\\\/teoria-padurii-intunecate-o-explicatie-terifianta-pentru-care-oamenii-nu-s-au-intalnit-in-mod-oficial-cu-extraterestrii\\\/#respond\"]}]},{\"@type\":\"WebPage\",\"@id\":\"https:\\\/\\\/www.lovendal.ro\\\/wp52\\\/teoria-padurii-intunecate-o-explicatie-terifianta-pentru-care-oamenii-nu-s-au-intalnit-in-mod-oficial-cu-extraterestrii\\\/\",\"url\":\"https:\\\/\\\/www.lovendal.ro\\\/wp52\\\/teoria-padurii-intunecate-o-explicatie-terifianta-pentru-care-oamenii-nu-s-au-intalnit-in-mod-oficial-cu-extraterestrii\\\/\",\"name\":\"\\\"Teoria p\u0103durii \u00eentunecate\\\" - o explica\u0163ie terifiant\u0103 pentru care oamenii nu s-au \u00eent\u00e2lnit, \u00een mod oficial, cu extratere\u015ftrii - Secretele lui Lovendal\",\"isPartOf\":{\"@id\":\"https:\\\/\\\/www.lovendal.ro\\\/wp52\\\/#website\"},\"primaryImageOfPage\":{\"@id\":\"https:\\\/\\\/www.lovendal.ro\\\/wp52\\\/teoria-padurii-intunecate-o-explicatie-terifianta-pentru-care-oamenii-nu-s-au-intalnit-in-mod-oficial-cu-extraterestrii\\\/#primaryimage\"},\"image\":{\"@id\":\"https:\\\/\\\/www.lovendal.ro\\\/wp52\\\/teoria-padurii-intunecate-o-explicatie-terifianta-pentru-care-oamenii-nu-s-au-intalnit-in-mod-oficial-cu-extraterestrii\\\/#primaryimage\"},\"thumbnailUrl\":\"https:\\\/\\\/www.lovendal.ro\\\/wp52\\\/wp-content\\\/uploads\\\/2021\\\/04\\\/padurea-intunecata-extraterestri.jpg\",\"datePublished\":\"2021-04-15T14:08:18+00:00\",\"dateModified\":\"2025-09-30T06:48:58+00:00\",\"breadcrumb\":{\"@id\":\"https:\\\/\\\/www.lovendal.ro\\\/wp52\\\/teoria-padurii-intunecate-o-explicatie-terifianta-pentru-care-oamenii-nu-s-au-intalnit-in-mod-oficial-cu-extraterestrii\\\/#breadcrumb\"},\"inLanguage\":\"ro-RO\",\"potentialAction\":[{\"@type\":\"ReadAction\",\"target\":[\"https:\\\/\\\/www.lovendal.ro\\\/wp52\\\/teoria-padurii-intunecate-o-explicatie-terifianta-pentru-care-oamenii-nu-s-au-intalnit-in-mod-oficial-cu-extraterestrii\\\/\"]}]},{\"@type\":\"ImageObject\",\"inLanguage\":\"ro-RO\",\"@id\":\"https:\\\/\\\/www.lovendal.ro\\\/wp52\\\/teoria-padurii-intunecate-o-explicatie-terifianta-pentru-care-oamenii-nu-s-au-intalnit-in-mod-oficial-cu-extraterestrii\\\/#primaryimage\",\"url\":\"https:\\\/\\\/www.lovendal.ro\\\/wp52\\\/wp-content\\\/uploads\\\/2021\\\/04\\\/padurea-intunecata-extraterestri.jpg\",\"contentUrl\":\"https:\\\/\\\/www.lovendal.ro\\\/wp52\\\/wp-content\\\/uploads\\\/2021\\\/04\\\/padurea-intunecata-extraterestri.jpg\",\"width\":336,\"height\":246},{\"@type\":\"BreadcrumbList\",\"@id\":\"https:\\\/\\\/www.lovendal.ro\\\/wp52\\\/teoria-padurii-intunecate-o-explicatie-terifianta-pentru-care-oamenii-nu-s-au-intalnit-in-mod-oficial-cu-extraterestrii\\\/#breadcrumb\",\"itemListElement\":[{\"@type\":\"ListItem\",\"position\":1,\"name\":\"Home\",\"item\":\"https:\\\/\\\/www.lovendal.ro\\\/wp52\\\/\"},{\"@type\":\"ListItem\",\"position\":2,\"name\":\"&#8222;Teoria p\u0103durii \u00eentunecate&#8221; &#8211; o explica\u0163ie terifiant\u0103 pentru care oamenii nu s-au \u00eent\u00e2lnit, \u00een mod oficial, cu extratere\u015ftrii\"}]},{\"@type\":\"WebSite\",\"@id\":\"https:\\\/\\\/www.lovendal.ro\\\/wp52\\\/#website\",\"url\":\"https:\\\/\\\/www.lovendal.ro\\\/wp52\\\/\",\"name\":\"Secretele lui Lovendal\",\"description\":\"Site de secrete, stiinta si metafizica - din 2008 -\",\"publisher\":{\"@id\":\"https:\\\/\\\/www.lovendal.ro\\\/wp52\\\/#organization\"},\"potentialAction\":[{\"@type\":\"SearchAction\",\"target\":{\"@type\":\"EntryPoint\",\"urlTemplate\":\"https:\\\/\\\/www.lovendal.ro\\\/wp52\\\/?s={search_term_string}\"},\"query-input\":{\"@type\":\"PropertyValueSpecification\",\"valueRequired\":true,\"valueName\":\"search_term_string\"}}],\"inLanguage\":\"ro-RO\"},{\"@type\":\"Organization\",\"@id\":\"https:\\\/\\\/www.lovendal.ro\\\/wp52\\\/#organization\",\"name\":\"Secretele lui Lovendal\",\"url\":\"https:\\\/\\\/www.lovendal.ro\\\/wp52\\\/\",\"logo\":{\"@type\":\"ImageObject\",\"inLanguage\":\"ro-RO\",\"@id\":\"https:\\\/\\\/www.lovendal.ro\\\/wp52\\\/#\\\/schema\\\/logo\\\/image\\\/\",\"url\":\"https:\\\/\\\/www.lovendal.ro\\\/wp52\\\/wp-content\\\/uploads\\\/2024\\\/06\\\/cropped-SLL-iun-2024-1.jpg\",\"contentUrl\":\"https:\\\/\\\/www.lovendal.ro\\\/wp52\\\/wp-content\\\/uploads\\\/2024\\\/06\\\/cropped-SLL-iun-2024-1.jpg\",\"width\":771,\"height\":240,\"caption\":\"Secretele lui Lovendal\"},\"image\":{\"@id\":\"https:\\\/\\\/www.lovendal.ro\\\/wp52\\\/#\\\/schema\\\/logo\\\/image\\\/\"},\"sameAs\":[\"https:\\\/\\\/www.facebook.com\\\/secreteleluilovendal\"]},{\"@type\":\"Person\",\"@id\":\"https:\\\/\\\/www.lovendal.ro\\\/wp52\\\/#\\\/schema\\\/person\\\/088691de5dfc346bb0c023e1e52ef5d9\",\"name\":\"admin\",\"image\":{\"@type\":\"ImageObject\",\"inLanguage\":\"ro-RO\",\"@id\":\"https:\\\/\\\/secure.gravatar.com\\\/avatar\\\/ecb9cd41f5f63c9c9b989999a59f6e2639a865ec361e9db054db0679a8f341c2?s=96&d=mm&r=g\",\"url\":\"https:\\\/\\\/secure.gravatar.com\\\/avatar\\\/ecb9cd41f5f63c9c9b989999a59f6e2639a865ec361e9db054db0679a8f341c2?s=96&d=mm&r=g\",\"contentUrl\":\"https:\\\/\\\/secure.gravatar.com\\\/avatar\\\/ecb9cd41f5f63c9c9b989999a59f6e2639a865ec361e9db054db0679a8f341c2?s=96&d=mm&r=g\",\"caption\":\"admin\"},\"sameAs\":[\"https:\\\/\\\/www.lovendal.ro\\\/wp52\"]}]}<\/script>\n<!-- \/ Yoast SEO Premium plugin. -->","yoast_head_json":{"title":"\"Teoria p\u0103durii \u00eentunecate\" - o explica\u0163ie terifiant\u0103 pentru care oamenii nu s-au \u00eent\u00e2lnit, \u00een mod oficial, cu extratere\u015ftrii - Secretele lui Lovendal","robots":{"index":"index","follow":"follow","max-snippet":"max-snippet:-1","max-image-preview":"max-image-preview:large","max-video-preview":"max-video-preview:-1"},"canonical":"https:\/\/www.lovendal.ro\/wp52\/teoria-padurii-intunecate-o-explicatie-terifianta-pentru-care-oamenii-nu-s-au-intalnit-in-mod-oficial-cu-extraterestrii\/","og_locale":"ro_RO","og_type":"article","og_title":"\"Teoria p\u0103durii \u00eentunecate\" - o explica\u0163ie terifiant\u0103 pentru care oamenii nu s-au \u00eent\u00e2lnit, \u00een mod oficial, cu extratere\u015ftrii","og_description":"Paradoxul Fermi se \u00eentreab\u0103 unde sunt to\u021bi extratere\u0219trii, dac\u0103 toate calculele arat\u0103 c\u0103 Universul ar trebui s\u0103 fie plin cu ei. Teoria &#8222;P\u0103durii \u00centunecate&#8221; (&#8222;Dark Forest&#8221;) spune c\u0103 ar trebui s\u0103 ne rug\u0103m s\u0103 nu \u00eei g\u0103sim niciodat\u0103. Galaxia Calea ... Cititi mai multe","og_url":"https:\/\/www.lovendal.ro\/wp52\/teoria-padurii-intunecate-o-explicatie-terifianta-pentru-care-oamenii-nu-s-au-intalnit-in-mod-oficial-cu-extraterestrii\/","og_site_name":"Secretele lui Lovendal","article_publisher":"https:\/\/www.facebook.com\/secreteleluilovendal","article_published_time":"2021-04-15T14:08:18+00:00","article_modified_time":"2025-09-30T06:48:58+00:00","og_image":[{"width":336,"height":246,"url":"https:\/\/www.lovendal.ro\/wp52\/wp-content\/uploads\/2021\/04\/padurea-intunecata-extraterestri.jpg","type":"image\/jpeg"}],"author":"admin","twitter_card":"summary_large_image","twitter_misc":{"Scris de":"admin","Timp estimat pentru citire":"3 minute"},"schema":{"@context":"https:\/\/schema.org","@graph":[{"@type":"Article","@id":"https:\/\/www.lovendal.ro\/wp52\/teoria-padurii-intunecate-o-explicatie-terifianta-pentru-care-oamenii-nu-s-au-intalnit-in-mod-oficial-cu-extraterestrii\/#article","isPartOf":{"@id":"https:\/\/www.lovendal.ro\/wp52\/teoria-padurii-intunecate-o-explicatie-terifianta-pentru-care-oamenii-nu-s-au-intalnit-in-mod-oficial-cu-extraterestrii\/"},"author":{"name":"admin","@id":"https:\/\/www.lovendal.ro\/wp52\/#\/schema\/person\/088691de5dfc346bb0c023e1e52ef5d9"},"headline":"&#8222;Teoria p\u0103durii \u00eentunecate&#8221; &#8211; o explica\u0163ie terifiant\u0103 pentru care oamenii nu s-au \u00eent\u00e2lnit, \u00een mod oficial, cu extratere\u015ftrii","datePublished":"2021-04-15T14:08:18+00:00","dateModified":"2025-09-30T06:48:58+00:00","mainEntityOfPage":{"@id":"https:\/\/www.lovendal.ro\/wp52\/teoria-padurii-intunecate-o-explicatie-terifianta-pentru-care-oamenii-nu-s-au-intalnit-in-mod-oficial-cu-extraterestrii\/"},"wordCount":500,"commentCount":1,"publisher":{"@id":"https:\/\/www.lovendal.ro\/wp52\/#organization"},"image":{"@id":"https:\/\/www.lovendal.ro\/wp52\/teoria-padurii-intunecate-o-explicatie-terifianta-pentru-care-oamenii-nu-s-au-intalnit-in-mod-oficial-cu-extraterestrii\/#primaryimage"},"thumbnailUrl":"https:\/\/www.lovendal.ro\/wp52\/wp-content\/uploads\/2021\/04\/padurea-intunecata-extraterestri.jpg","keywords":["Calea Lactee","civiliza\u0163ie","copaci","demon","extratere\u015ftri","Fermi","galaxie","\u00eenger","p\u0103dure","Paranormal-Spiritualitate","planete","respira\u0163ie","roman","SF","stele","teoria p\u0103durii \u00eentunecate","Univers","v\u00e2n\u0103tor","via\u0163\u0103","z\u00e2n\u0103","zeu"],"articleSection":["Paranormal-Spiritualitate"],"inLanguage":"ro-RO","potentialAction":[{"@type":"CommentAction","name":"Comment","target":["https:\/\/www.lovendal.ro\/wp52\/teoria-padurii-intunecate-o-explicatie-terifianta-pentru-care-oamenii-nu-s-au-intalnit-in-mod-oficial-cu-extraterestrii\/#respond"]}]},{"@type":"WebPage","@id":"https:\/\/www.lovendal.ro\/wp52\/teoria-padurii-intunecate-o-explicatie-terifianta-pentru-care-oamenii-nu-s-au-intalnit-in-mod-oficial-cu-extraterestrii\/","url":"https:\/\/www.lovendal.ro\/wp52\/teoria-padurii-intunecate-o-explicatie-terifianta-pentru-care-oamenii-nu-s-au-intalnit-in-mod-oficial-cu-extraterestrii\/","name":"\"Teoria p\u0103durii \u00eentunecate\" - o explica\u0163ie terifiant\u0103 pentru care oamenii nu s-au \u00eent\u00e2lnit, \u00een mod oficial, cu extratere\u015ftrii - Secretele lui Lovendal","isPartOf":{"@id":"https:\/\/www.lovendal.ro\/wp52\/#website"},"primaryImageOfPage":{"@id":"https:\/\/www.lovendal.ro\/wp52\/teoria-padurii-intunecate-o-explicatie-terifianta-pentru-care-oamenii-nu-s-au-intalnit-in-mod-oficial-cu-extraterestrii\/#primaryimage"},"image":{"@id":"https:\/\/www.lovendal.ro\/wp52\/teoria-padurii-intunecate-o-explicatie-terifianta-pentru-care-oamenii-nu-s-au-intalnit-in-mod-oficial-cu-extraterestrii\/#primaryimage"},"thumbnailUrl":"https:\/\/www.lovendal.ro\/wp52\/wp-content\/uploads\/2021\/04\/padurea-intunecata-extraterestri.jpg","datePublished":"2021-04-15T14:08:18+00:00","dateModified":"2025-09-30T06:48:58+00:00","breadcrumb":{"@id":"https:\/\/www.lovendal.ro\/wp52\/teoria-padurii-intunecate-o-explicatie-terifianta-pentru-care-oamenii-nu-s-au-intalnit-in-mod-oficial-cu-extraterestrii\/#breadcrumb"},"inLanguage":"ro-RO","potentialAction":[{"@type":"ReadAction","target":["https:\/\/www.lovendal.ro\/wp52\/teoria-padurii-intunecate-o-explicatie-terifianta-pentru-care-oamenii-nu-s-au-intalnit-in-mod-oficial-cu-extraterestrii\/"]}]},{"@type":"ImageObject","inLanguage":"ro-RO","@id":"https:\/\/www.lovendal.ro\/wp52\/teoria-padurii-intunecate-o-explicatie-terifianta-pentru-care-oamenii-nu-s-au-intalnit-in-mod-oficial-cu-extraterestrii\/#primaryimage","url":"https:\/\/www.lovendal.ro\/wp52\/wp-content\/uploads\/2021\/04\/padurea-intunecata-extraterestri.jpg","contentUrl":"https:\/\/www.lovendal.ro\/wp52\/wp-content\/uploads\/2021\/04\/padurea-intunecata-extraterestri.jpg","width":336,"height":246},{"@type":"BreadcrumbList","@id":"https:\/\/www.lovendal.ro\/wp52\/teoria-padurii-intunecate-o-explicatie-terifianta-pentru-care-oamenii-nu-s-au-intalnit-in-mod-oficial-cu-extraterestrii\/#breadcrumb","itemListElement":[{"@type":"ListItem","position":1,"name":"Home","item":"https:\/\/www.lovendal.ro\/wp52\/"},{"@type":"ListItem","position":2,"name":"&#8222;Teoria p\u0103durii \u00eentunecate&#8221; &#8211; o explica\u0163ie terifiant\u0103 pentru care oamenii nu s-au \u00eent\u00e2lnit, \u00een mod oficial, cu extratere\u015ftrii"}]},{"@type":"WebSite","@id":"https:\/\/www.lovendal.ro\/wp52\/#website","url":"https:\/\/www.lovendal.ro\/wp52\/","name":"Secretele lui Lovendal","description":"Site de secrete, stiinta si metafizica - din 2008 -","publisher":{"@id":"https:\/\/www.lovendal.ro\/wp52\/#organization"},"potentialAction":[{"@type":"SearchAction","target":{"@type":"EntryPoint","urlTemplate":"https:\/\/www.lovendal.ro\/wp52\/?s={search_term_string}"},"query-input":{"@type":"PropertyValueSpecification","valueRequired":true,"valueName":"search_term_string"}}],"inLanguage":"ro-RO"},{"@type":"Organization","@id":"https:\/\/www.lovendal.ro\/wp52\/#organization","name":"Secretele lui Lovendal","url":"https:\/\/www.lovendal.ro\/wp52\/","logo":{"@type":"ImageObject","inLanguage":"ro-RO","@id":"https:\/\/www.lovendal.ro\/wp52\/#\/schema\/logo\/image\/","url":"https:\/\/www.lovendal.ro\/wp52\/wp-content\/uploads\/2024\/06\/cropped-SLL-iun-2024-1.jpg","contentUrl":"https:\/\/www.lovendal.ro\/wp52\/wp-content\/uploads\/2024\/06\/cropped-SLL-iun-2024-1.jpg","width":771,"height":240,"caption":"Secretele lui Lovendal"},"image":{"@id":"https:\/\/www.lovendal.ro\/wp52\/#\/schema\/logo\/image\/"},"sameAs":["https:\/\/www.facebook.com\/secreteleluilovendal"]},{"@type":"Person","@id":"https:\/\/www.lovendal.ro\/wp52\/#\/schema\/person\/088691de5dfc346bb0c023e1e52ef5d9","name":"admin","image":{"@type":"ImageObject","inLanguage":"ro-RO","@id":"https:\/\/secure.gravatar.com\/avatar\/ecb9cd41f5f63c9c9b989999a59f6e2639a865ec361e9db054db0679a8f341c2?s=96&d=mm&r=g","url":"https:\/\/secure.gravatar.com\/avatar\/ecb9cd41f5f63c9c9b989999a59f6e2639a865ec361e9db054db0679a8f341c2?s=96&d=mm&r=g","contentUrl":"https:\/\/secure.gravatar.com\/avatar\/ecb9cd41f5f63c9c9b989999a59f6e2639a865ec361e9db054db0679a8f341c2?s=96&d=mm&r=g","caption":"admin"},"sameAs":["https:\/\/www.lovendal.ro\/wp52"]}]}},"_links":{"self":[{"href":"https:\/\/www.lovendal.ro\/wp52\/wp-json\/wp\/v2\/posts\/74513","targetHints":{"allow":["GET"]}}],"collection":[{"href":"https:\/\/www.lovendal.ro\/wp52\/wp-json\/wp\/v2\/posts"}],"about":[{"href":"https:\/\/www.lovendal.ro\/wp52\/wp-json\/wp\/v2\/types\/post"}],"author":[{"embeddable":true,"href":"https:\/\/www.lovendal.ro\/wp52\/wp-json\/wp\/v2\/users\/1"}],"replies":[{"embeddable":true,"href":"https:\/\/www.lovendal.ro\/wp52\/wp-json\/wp\/v2\/comments?post=74513"}],"version-history":[{"count":1,"href":"https:\/\/www.lovendal.ro\/wp52\/wp-json\/wp\/v2\/posts\/74513\/revisions"}],"predecessor-version":[{"id":100146,"href":"https:\/\/www.lovendal.ro\/wp52\/wp-json\/wp\/v2\/posts\/74513\/revisions\/100146"}],"wp:featuredmedia":[{"embeddable":true,"href":"https:\/\/www.lovendal.ro\/wp52\/wp-json\/wp\/v2\/media\/74514"}],"wp:attachment":[{"href":"https:\/\/www.lovendal.ro\/wp52\/wp-json\/wp\/v2\/media?parent=74513"}],"wp:term":[{"taxonomy":"category","embeddable":true,"href":"https:\/\/www.lovendal.ro\/wp52\/wp-json\/wp\/v2\/categories?post=74513"},{"taxonomy":"post_tag","embeddable":true,"href":"https:\/\/www.lovendal.ro\/wp52\/wp-json\/wp\/v2\/tags?post=74513"}],"curies":[{"name":"wp","href":"https:\/\/api.w.org\/{rel}","templated":true}]}}