{"id":74448,"date":"2021-04-10T17:46:16","date_gmt":"2021-04-10T15:46:16","guid":{"rendered":"https:\/\/www.lovendal.ro\/wp52\/?p=74448"},"modified":"2021-04-10T17:46:16","modified_gmt":"2021-04-10T15:46:16","slug":"avertisment-grav-intrucat-biodiversitatea-marina-fuge-de-la-ecuator-catre-poli-o-extinctie-globala-in-masa-este-iminenta-spun-cercetatorii","status":"publish","type":"post","link":"https:\/\/www.lovendal.ro\/wp52\/avertisment-grav-intrucat-biodiversitatea-marina-fuge-de-la-ecuator-catre-poli-o-extinctie-globala-in-masa-este-iminenta-spun-cercetatorii\/","title":{"rendered":"Avertisment grav: \u00eentruc\u00e2t biodiversitatea marin\u0103 fuge de la Ecuator c\u0103tre poli, o extinc\u0163ie global\u0103 \u00een mas\u0103 este iminent\u0103 &#8211; spun cercet\u0103torii"},"content":{"rendered":"<p><a href=\"https:\/\/www.lovendal.ro\/wp52\/wp-content\/uploads\/2021\/04\/viata-marina-ecuatoriala.jpg\"><img loading=\"lazy\" decoding=\"async\" class=\"alignleft size-full wp-image-74449\" src=\"https:\/\/www.lovendal.ro\/wp52\/wp-content\/uploads\/2021\/04\/viata-marina-ecuatoriala.jpg\" alt=\"\" width=\"350\" height=\"212\" srcset=\"https:\/\/www.lovendal.ro\/wp52\/wp-content\/uploads\/2021\/04\/viata-marina-ecuatoriala.jpg 350w, https:\/\/www.lovendal.ro\/wp52\/wp-content\/uploads\/2021\/04\/viata-marina-ecuatoriala-300x182.jpg 300w\" sizes=\"auto, (max-width: 350px) 100vw, 350px\" \/><\/a>\u00cen jurul apelor Ecuatorului exist\u0103 o bogat\u0103 via\u021b\u0103 marin\u0103. Cu toate acestea, cre\u0219terile alarmante ale temperaturii globale au dus la un exod \u00een mas\u0103 al speciilor marine din regiunea sensibil\u0103, cu implica\u021bii grave pentru via\u021ba de pe P\u0103m\u00e2nt.<\/p>\n<p>Mult\u0103 vreme, biodiversitatea \u00eenfloritoare a speciilor ecuatoriale s-a men\u0163inut constant\u0103 \u00een ultimele secole, dar, un nou studiu realizat de cercet\u0103torii australieni, publicat \u00een <strong><em>&#8222;The Conversation&#8221;<\/em><\/strong> a constatat c\u0103 temperaturile globale din ce \u00een ce mai crescute lovesc acum puternic Ecuatorul, ceea ce poate duce la un eveniment de extinc\u021bie \u00een mas\u0103 f\u0103r\u0103 precedent.<\/p>\n<p>Cercet\u0103torii de la Universit\u0103\u021bile din Auckland, Queensland \u0219i Sunshine Coast au descoperit c\u0103, pe m\u0103sur\u0103 ce apele din jurul Ecuatorului continu\u0103 s\u0103 se \u00eenc\u0103lzeasc\u0103, ecosistemul este perturbat \u0219i for\u021beaz\u0103 speciile s\u0103 fug\u0103 c\u0103tre apa mai rece a Polului Sud \u0219i a Polului Nord. Schimb\u0103rile masive din ecosistemele marine pe care le implic\u0103 acestea vor avea un impact grav nu numai asupra vie\u021bii oceanice, ci \u0219i asupra mijloacelor de trai umane care depind de aceasta. <em>&#8222;C\u00e2nd acela\u0219i lucru s-a \u00eent\u00e2mplat acum 252 de milioane de ani, 90% din toate speciile marine au murit\u201d<\/em>, au scris cercet\u0103torii.<\/p>\n<p>Pentru a vedea unde trendul vie\u0163ii marine, cercet\u0103torii au urm\u0103rit distribu\u021bia a aproximativ 49.000 de specii diferite pentru a vedea care a fost traiectoria lor. Distribu\u021bia global\u0103 a vie\u021bii oceanului seam\u0103n\u0103 de obicei cu o curb\u0103 de clopot, cu mult mai pu\u021bine specii \u00een apropierea polilor \u0219i mai multe \u00een apropierea Ecuatorului. Cu toate acestea, se observ\u0103 o vast\u0103 modificare a curbei, pe m\u0103sur\u0103 ce creaturile fug la poli.<\/p>\n<p>Aceste schimb\u0103ri demonstreaz\u0103 \u00eentreruperi majore ale ecosistemului global, pe m\u0103sur\u0103 ce via\u021ba marin\u0103 se afl\u0103 \u00eentr-o lupt\u0103 haotic\u0103 pentru hran\u0103, spa\u021biu \u0219i resurse, ceea ce va avea drept consecin\u0163\u0103 dispari\u021bia creaturilor.<\/p>\n<p>Cercetarea subliniaz\u0103 nevoia extrem\u0103 a societ\u0103\u021bilor umane de a controla schimb\u0103rile climatice, \u00eenainte ca biodiversitatea \u0219i s\u0103n\u0103tatea ecologic\u0103 a planetei s\u0103 treac\u0103 peste un anumit prag ireversibil.<\/p>\n<p><em><strong>Sursa<\/strong><\/em> (traducerea \u015fi adaptarea proprie): studiul publicat pe <a href=\"https:\/\/www.pnas.org\/content\/118\/15\/e2015094118\" target=\"_blank\" rel=\"noopener\"><strong>PNAS<\/strong><\/a><\/p>\n","protected":false},"excerpt":{"rendered":"<p>\u00cen jurul apelor Ecuatorului exist\u0103 o bogat\u0103 via\u021b\u0103 marin\u0103. Cu toate acestea, cre\u0219terile alarmante ale temperaturii globale au dus la un exod \u00een mas\u0103 al speciilor marine din regiunea sensibil\u0103, cu implica\u021bii grave pentru via\u021ba de pe P\u0103m\u00e2nt. Mult\u0103 vreme, &#8230; <\/p>\n<p class=\"read-more-container\"><a title=\"Avertisment grav: \u00eentruc\u00e2t biodiversitatea marin\u0103 fuge de la Ecuator c\u0103tre poli, o extinc\u0163ie global\u0103 \u00een mas\u0103 este iminent\u0103 &#8211; spun cercet\u0103torii\" class=\"read-more button\" href=\"https:\/\/www.lovendal.ro\/wp52\/avertisment-grav-intrucat-biodiversitatea-marina-fuge-de-la-ecuator-catre-poli-o-extinctie-globala-in-masa-este-iminenta-spun-cercetatorii\/#more-74448\" aria-label=\"Cite\u0219te mai multe despre Avertisment grav: \u00eentruc\u00e2t biodiversitatea marin\u0103 fuge de la Ecuator c\u0103tre poli, o extinc\u0163ie global\u0103 \u00een mas\u0103 este iminent\u0103 &#8211; spun cercet\u0103torii\">Cititi mai multe<\/a><\/p>\n","protected":false},"author":1,"featured_media":74449,"comment_status":"open","ping_status":"open","sticky":false,"template":"","format":"standard","meta":{"footnotes":""},"categories":[54],"tags":[7052,676,8404,9800,1604,105,153,2803,11058,13672,2358,2250,366],"class_list":["post-74448","post","type-post","status-publish","format-standard","has-post-thumbnail","hentry","category-natura-animale","tag-auckland","tag-creaturi","tag-ecuator","tag-natura-animale","tag-ocean","tag-pamant","tag-polul-nord","tag-polul-sud","tag-queensland","tag-schimbari-climatice","tag-temperatura","tag-universitate","tag-viata","resize-featured-image"],"yoast_head":"<!-- This site is optimized with the Yoast SEO Premium plugin v23.3 (Yoast SEO v27.4) - https:\/\/yoast.com\/product\/yoast-seo-premium-wordpress\/ -->\n<title>Avertisment grav: \u00eentruc\u00e2t biodiversitatea marin\u0103 fuge de la Ecuator c\u0103tre poli, o extinc\u0163ie global\u0103 \u00een mas\u0103 este iminent\u0103 - spun cercet\u0103torii - Secretele lui Lovendal<\/title>\n<meta name=\"robots\" content=\"index, follow, max-snippet:-1, max-image-preview:large, max-video-preview:-1\" \/>\n<link rel=\"canonical\" href=\"https:\/\/www.lovendal.ro\/wp52\/avertisment-grav-intrucat-biodiversitatea-marina-fuge-de-la-ecuator-catre-poli-o-extinctie-globala-in-masa-este-iminenta-spun-cercetatorii\/\" \/>\n<meta property=\"og:locale\" content=\"ro_RO\" \/>\n<meta property=\"og:type\" content=\"article\" \/>\n<meta property=\"og:title\" content=\"Avertisment grav: \u00eentruc\u00e2t biodiversitatea marin\u0103 fuge de la Ecuator c\u0103tre poli, o extinc\u0163ie global\u0103 \u00een mas\u0103 este iminent\u0103 - spun cercet\u0103torii\" \/>\n<meta property=\"og:description\" content=\"\u00cen jurul apelor Ecuatorului exist\u0103 o bogat\u0103 via\u021b\u0103 marin\u0103. Cu toate acestea, cre\u0219terile alarmante ale temperaturii globale au dus la un exod \u00een mas\u0103 al speciilor marine din regiunea sensibil\u0103, cu implica\u021bii grave pentru via\u021ba de pe P\u0103m\u00e2nt. Mult\u0103 vreme, ... Cititi mai multe\" \/>\n<meta property=\"og:url\" content=\"https:\/\/www.lovendal.ro\/wp52\/avertisment-grav-intrucat-biodiversitatea-marina-fuge-de-la-ecuator-catre-poli-o-extinctie-globala-in-masa-este-iminenta-spun-cercetatorii\/\" \/>\n<meta property=\"og:site_name\" content=\"Secretele lui Lovendal\" \/>\n<meta property=\"article:publisher\" content=\"https:\/\/www.facebook.com\/secreteleluilovendal\" \/>\n<meta property=\"article:published_time\" content=\"2021-04-10T15:46:16+00:00\" \/>\n<meta property=\"og:image\" content=\"https:\/\/www.lovendal.ro\/wp52\/wp-content\/uploads\/2021\/04\/viata-marina-ecuatoriala.jpg\" \/>\n\t<meta property=\"og:image:width\" content=\"350\" \/>\n\t<meta property=\"og:image:height\" content=\"212\" \/>\n\t<meta property=\"og:image:type\" content=\"image\/jpeg\" \/>\n<meta name=\"author\" content=\"admin\" \/>\n<meta name=\"twitter:card\" content=\"summary_large_image\" \/>\n<meta name=\"twitter:label1\" content=\"Scris de\" \/>\n\t<meta name=\"twitter:data1\" content=\"admin\" \/>\n\t<meta name=\"twitter:label2\" content=\"Timp estimat pentru citire\" \/>\n\t<meta name=\"twitter:data2\" content=\"2 minute\" \/>\n<script type=\"application\/ld+json\" class=\"yoast-schema-graph\">{\"@context\":\"https:\\\/\\\/schema.org\",\"@graph\":[{\"@type\":\"Article\",\"@id\":\"https:\\\/\\\/www.lovendal.ro\\\/wp52\\\/avertisment-grav-intrucat-biodiversitatea-marina-fuge-de-la-ecuator-catre-poli-o-extinctie-globala-in-masa-este-iminenta-spun-cercetatorii\\\/#article\",\"isPartOf\":{\"@id\":\"https:\\\/\\\/www.lovendal.ro\\\/wp52\\\/avertisment-grav-intrucat-biodiversitatea-marina-fuge-de-la-ecuator-catre-poli-o-extinctie-globala-in-masa-este-iminenta-spun-cercetatorii\\\/\"},\"author\":{\"name\":\"admin\",\"@id\":\"https:\\\/\\\/www.lovendal.ro\\\/wp52\\\/#\\\/schema\\\/person\\\/088691de5dfc346bb0c023e1e52ef5d9\"},\"headline\":\"Avertisment grav: \u00eentruc\u00e2t biodiversitatea marin\u0103 fuge de la Ecuator c\u0103tre poli, o extinc\u0163ie global\u0103 \u00een mas\u0103 este iminent\u0103 &#8211; spun cercet\u0103torii\",\"datePublished\":\"2021-04-10T15:46:16+00:00\",\"mainEntityOfPage\":{\"@id\":\"https:\\\/\\\/www.lovendal.ro\\\/wp52\\\/avertisment-grav-intrucat-biodiversitatea-marina-fuge-de-la-ecuator-catre-poli-o-extinctie-globala-in-masa-este-iminenta-spun-cercetatorii\\\/\"},\"wordCount\":383,\"commentCount\":0,\"publisher\":{\"@id\":\"https:\\\/\\\/www.lovendal.ro\\\/wp52\\\/#organization\"},\"image\":{\"@id\":\"https:\\\/\\\/www.lovendal.ro\\\/wp52\\\/avertisment-grav-intrucat-biodiversitatea-marina-fuge-de-la-ecuator-catre-poli-o-extinctie-globala-in-masa-este-iminenta-spun-cercetatorii\\\/#primaryimage\"},\"thumbnailUrl\":\"https:\\\/\\\/www.lovendal.ro\\\/wp52\\\/wp-content\\\/uploads\\\/2021\\\/04\\\/viata-marina-ecuatoriala.jpg\",\"keywords\":[\"Auckland\",\"creaturi\",\"Ecuator\",\"Natura-Animale\",\"ocean\",\"P\u0103m\u00e2nt\",\"Polul Nord\",\"Polul Sud\",\"Queensland\",\"schimb\u0103ri climatice\",\"temperatur\u0103\",\"universitate\",\"via\u0163\u0103\"],\"articleSection\":[\"Natura-Animale\"],\"inLanguage\":\"ro-RO\",\"potentialAction\":[{\"@type\":\"CommentAction\",\"name\":\"Comment\",\"target\":[\"https:\\\/\\\/www.lovendal.ro\\\/wp52\\\/avertisment-grav-intrucat-biodiversitatea-marina-fuge-de-la-ecuator-catre-poli-o-extinctie-globala-in-masa-este-iminenta-spun-cercetatorii\\\/#respond\"]}]},{\"@type\":\"WebPage\",\"@id\":\"https:\\\/\\\/www.lovendal.ro\\\/wp52\\\/avertisment-grav-intrucat-biodiversitatea-marina-fuge-de-la-ecuator-catre-poli-o-extinctie-globala-in-masa-este-iminenta-spun-cercetatorii\\\/\",\"url\":\"https:\\\/\\\/www.lovendal.ro\\\/wp52\\\/avertisment-grav-intrucat-biodiversitatea-marina-fuge-de-la-ecuator-catre-poli-o-extinctie-globala-in-masa-este-iminenta-spun-cercetatorii\\\/\",\"name\":\"Avertisment grav: \u00eentruc\u00e2t biodiversitatea marin\u0103 fuge de la Ecuator c\u0103tre poli, o extinc\u0163ie global\u0103 \u00een mas\u0103 este iminent\u0103 - spun cercet\u0103torii - Secretele lui Lovendal\",\"isPartOf\":{\"@id\":\"https:\\\/\\\/www.lovendal.ro\\\/wp52\\\/#website\"},\"primaryImageOfPage\":{\"@id\":\"https:\\\/\\\/www.lovendal.ro\\\/wp52\\\/avertisment-grav-intrucat-biodiversitatea-marina-fuge-de-la-ecuator-catre-poli-o-extinctie-globala-in-masa-este-iminenta-spun-cercetatorii\\\/#primaryimage\"},\"image\":{\"@id\":\"https:\\\/\\\/www.lovendal.ro\\\/wp52\\\/avertisment-grav-intrucat-biodiversitatea-marina-fuge-de-la-ecuator-catre-poli-o-extinctie-globala-in-masa-este-iminenta-spun-cercetatorii\\\/#primaryimage\"},\"thumbnailUrl\":\"https:\\\/\\\/www.lovendal.ro\\\/wp52\\\/wp-content\\\/uploads\\\/2021\\\/04\\\/viata-marina-ecuatoriala.jpg\",\"datePublished\":\"2021-04-10T15:46:16+00:00\",\"breadcrumb\":{\"@id\":\"https:\\\/\\\/www.lovendal.ro\\\/wp52\\\/avertisment-grav-intrucat-biodiversitatea-marina-fuge-de-la-ecuator-catre-poli-o-extinctie-globala-in-masa-este-iminenta-spun-cercetatorii\\\/#breadcrumb\"},\"inLanguage\":\"ro-RO\",\"potentialAction\":[{\"@type\":\"ReadAction\",\"target\":[\"https:\\\/\\\/www.lovendal.ro\\\/wp52\\\/avertisment-grav-intrucat-biodiversitatea-marina-fuge-de-la-ecuator-catre-poli-o-extinctie-globala-in-masa-este-iminenta-spun-cercetatorii\\\/\"]}]},{\"@type\":\"ImageObject\",\"inLanguage\":\"ro-RO\",\"@id\":\"https:\\\/\\\/www.lovendal.ro\\\/wp52\\\/avertisment-grav-intrucat-biodiversitatea-marina-fuge-de-la-ecuator-catre-poli-o-extinctie-globala-in-masa-este-iminenta-spun-cercetatorii\\\/#primaryimage\",\"url\":\"https:\\\/\\\/www.lovendal.ro\\\/wp52\\\/wp-content\\\/uploads\\\/2021\\\/04\\\/viata-marina-ecuatoriala.jpg\",\"contentUrl\":\"https:\\\/\\\/www.lovendal.ro\\\/wp52\\\/wp-content\\\/uploads\\\/2021\\\/04\\\/viata-marina-ecuatoriala.jpg\",\"width\":350,\"height\":212},{\"@type\":\"BreadcrumbList\",\"@id\":\"https:\\\/\\\/www.lovendal.ro\\\/wp52\\\/avertisment-grav-intrucat-biodiversitatea-marina-fuge-de-la-ecuator-catre-poli-o-extinctie-globala-in-masa-este-iminenta-spun-cercetatorii\\\/#breadcrumb\",\"itemListElement\":[{\"@type\":\"ListItem\",\"position\":1,\"name\":\"Home\",\"item\":\"https:\\\/\\\/www.lovendal.ro\\\/wp52\\\/\"},{\"@type\":\"ListItem\",\"position\":2,\"name\":\"Avertisment grav: \u00eentruc\u00e2t biodiversitatea marin\u0103 fuge de la Ecuator c\u0103tre poli, o extinc\u0163ie global\u0103 \u00een mas\u0103 este iminent\u0103 &#8211; spun cercet\u0103torii\"}]},{\"@type\":\"WebSite\",\"@id\":\"https:\\\/\\\/www.lovendal.ro\\\/wp52\\\/#website\",\"url\":\"https:\\\/\\\/www.lovendal.ro\\\/wp52\\\/\",\"name\":\"Secretele lui Lovendal\",\"description\":\"Site de secrete, stiinta si metafizica - din 2008 -\",\"publisher\":{\"@id\":\"https:\\\/\\\/www.lovendal.ro\\\/wp52\\\/#organization\"},\"potentialAction\":[{\"@type\":\"SearchAction\",\"target\":{\"@type\":\"EntryPoint\",\"urlTemplate\":\"https:\\\/\\\/www.lovendal.ro\\\/wp52\\\/?s={search_term_string}\"},\"query-input\":{\"@type\":\"PropertyValueSpecification\",\"valueRequired\":true,\"valueName\":\"search_term_string\"}}],\"inLanguage\":\"ro-RO\"},{\"@type\":\"Organization\",\"@id\":\"https:\\\/\\\/www.lovendal.ro\\\/wp52\\\/#organization\",\"name\":\"Secretele lui Lovendal\",\"url\":\"https:\\\/\\\/www.lovendal.ro\\\/wp52\\\/\",\"logo\":{\"@type\":\"ImageObject\",\"inLanguage\":\"ro-RO\",\"@id\":\"https:\\\/\\\/www.lovendal.ro\\\/wp52\\\/#\\\/schema\\\/logo\\\/image\\\/\",\"url\":\"https:\\\/\\\/www.lovendal.ro\\\/wp52\\\/wp-content\\\/uploads\\\/2024\\\/06\\\/cropped-SLL-iun-2024-1.jpg\",\"contentUrl\":\"https:\\\/\\\/www.lovendal.ro\\\/wp52\\\/wp-content\\\/uploads\\\/2024\\\/06\\\/cropped-SLL-iun-2024-1.jpg\",\"width\":771,\"height\":240,\"caption\":\"Secretele lui Lovendal\"},\"image\":{\"@id\":\"https:\\\/\\\/www.lovendal.ro\\\/wp52\\\/#\\\/schema\\\/logo\\\/image\\\/\"},\"sameAs\":[\"https:\\\/\\\/www.facebook.com\\\/secreteleluilovendal\"]},{\"@type\":\"Person\",\"@id\":\"https:\\\/\\\/www.lovendal.ro\\\/wp52\\\/#\\\/schema\\\/person\\\/088691de5dfc346bb0c023e1e52ef5d9\",\"name\":\"admin\",\"image\":{\"@type\":\"ImageObject\",\"inLanguage\":\"ro-RO\",\"@id\":\"https:\\\/\\\/secure.gravatar.com\\\/avatar\\\/ecb9cd41f5f63c9c9b989999a59f6e2639a865ec361e9db054db0679a8f341c2?s=96&d=mm&r=g\",\"url\":\"https:\\\/\\\/secure.gravatar.com\\\/avatar\\\/ecb9cd41f5f63c9c9b989999a59f6e2639a865ec361e9db054db0679a8f341c2?s=96&d=mm&r=g\",\"contentUrl\":\"https:\\\/\\\/secure.gravatar.com\\\/avatar\\\/ecb9cd41f5f63c9c9b989999a59f6e2639a865ec361e9db054db0679a8f341c2?s=96&d=mm&r=g\",\"caption\":\"admin\"},\"sameAs\":[\"https:\\\/\\\/www.lovendal.ro\\\/wp52\"]}]}<\/script>\n<!-- \/ Yoast SEO Premium plugin. -->","yoast_head_json":{"title":"Avertisment grav: \u00eentruc\u00e2t biodiversitatea marin\u0103 fuge de la Ecuator c\u0103tre poli, o extinc\u0163ie global\u0103 \u00een mas\u0103 este iminent\u0103 - spun cercet\u0103torii - Secretele lui Lovendal","robots":{"index":"index","follow":"follow","max-snippet":"max-snippet:-1","max-image-preview":"max-image-preview:large","max-video-preview":"max-video-preview:-1"},"canonical":"https:\/\/www.lovendal.ro\/wp52\/avertisment-grav-intrucat-biodiversitatea-marina-fuge-de-la-ecuator-catre-poli-o-extinctie-globala-in-masa-este-iminenta-spun-cercetatorii\/","og_locale":"ro_RO","og_type":"article","og_title":"Avertisment grav: \u00eentruc\u00e2t biodiversitatea marin\u0103 fuge de la Ecuator c\u0103tre poli, o extinc\u0163ie global\u0103 \u00een mas\u0103 este iminent\u0103 - spun cercet\u0103torii","og_description":"\u00cen jurul apelor Ecuatorului exist\u0103 o bogat\u0103 via\u021b\u0103 marin\u0103. Cu toate acestea, cre\u0219terile alarmante ale temperaturii globale au dus la un exod \u00een mas\u0103 al speciilor marine din regiunea sensibil\u0103, cu implica\u021bii grave pentru via\u021ba de pe P\u0103m\u00e2nt. Mult\u0103 vreme, ... Cititi mai multe","og_url":"https:\/\/www.lovendal.ro\/wp52\/avertisment-grav-intrucat-biodiversitatea-marina-fuge-de-la-ecuator-catre-poli-o-extinctie-globala-in-masa-este-iminenta-spun-cercetatorii\/","og_site_name":"Secretele lui Lovendal","article_publisher":"https:\/\/www.facebook.com\/secreteleluilovendal","article_published_time":"2021-04-10T15:46:16+00:00","og_image":[{"width":350,"height":212,"url":"https:\/\/www.lovendal.ro\/wp52\/wp-content\/uploads\/2021\/04\/viata-marina-ecuatoriala.jpg","type":"image\/jpeg"}],"author":"admin","twitter_card":"summary_large_image","twitter_misc":{"Scris de":"admin","Timp estimat pentru citire":"2 minute"},"schema":{"@context":"https:\/\/schema.org","@graph":[{"@type":"Article","@id":"https:\/\/www.lovendal.ro\/wp52\/avertisment-grav-intrucat-biodiversitatea-marina-fuge-de-la-ecuator-catre-poli-o-extinctie-globala-in-masa-este-iminenta-spun-cercetatorii\/#article","isPartOf":{"@id":"https:\/\/www.lovendal.ro\/wp52\/avertisment-grav-intrucat-biodiversitatea-marina-fuge-de-la-ecuator-catre-poli-o-extinctie-globala-in-masa-este-iminenta-spun-cercetatorii\/"},"author":{"name":"admin","@id":"https:\/\/www.lovendal.ro\/wp52\/#\/schema\/person\/088691de5dfc346bb0c023e1e52ef5d9"},"headline":"Avertisment grav: \u00eentruc\u00e2t biodiversitatea marin\u0103 fuge de la Ecuator c\u0103tre poli, o extinc\u0163ie global\u0103 \u00een mas\u0103 este iminent\u0103 &#8211; spun cercet\u0103torii","datePublished":"2021-04-10T15:46:16+00:00","mainEntityOfPage":{"@id":"https:\/\/www.lovendal.ro\/wp52\/avertisment-grav-intrucat-biodiversitatea-marina-fuge-de-la-ecuator-catre-poli-o-extinctie-globala-in-masa-este-iminenta-spun-cercetatorii\/"},"wordCount":383,"commentCount":0,"publisher":{"@id":"https:\/\/www.lovendal.ro\/wp52\/#organization"},"image":{"@id":"https:\/\/www.lovendal.ro\/wp52\/avertisment-grav-intrucat-biodiversitatea-marina-fuge-de-la-ecuator-catre-poli-o-extinctie-globala-in-masa-este-iminenta-spun-cercetatorii\/#primaryimage"},"thumbnailUrl":"https:\/\/www.lovendal.ro\/wp52\/wp-content\/uploads\/2021\/04\/viata-marina-ecuatoriala.jpg","keywords":["Auckland","creaturi","Ecuator","Natura-Animale","ocean","P\u0103m\u00e2nt","Polul Nord","Polul Sud","Queensland","schimb\u0103ri climatice","temperatur\u0103","universitate","via\u0163\u0103"],"articleSection":["Natura-Animale"],"inLanguage":"ro-RO","potentialAction":[{"@type":"CommentAction","name":"Comment","target":["https:\/\/www.lovendal.ro\/wp52\/avertisment-grav-intrucat-biodiversitatea-marina-fuge-de-la-ecuator-catre-poli-o-extinctie-globala-in-masa-este-iminenta-spun-cercetatorii\/#respond"]}]},{"@type":"WebPage","@id":"https:\/\/www.lovendal.ro\/wp52\/avertisment-grav-intrucat-biodiversitatea-marina-fuge-de-la-ecuator-catre-poli-o-extinctie-globala-in-masa-este-iminenta-spun-cercetatorii\/","url":"https:\/\/www.lovendal.ro\/wp52\/avertisment-grav-intrucat-biodiversitatea-marina-fuge-de-la-ecuator-catre-poli-o-extinctie-globala-in-masa-este-iminenta-spun-cercetatorii\/","name":"Avertisment grav: \u00eentruc\u00e2t biodiversitatea marin\u0103 fuge de la Ecuator c\u0103tre poli, o extinc\u0163ie global\u0103 \u00een mas\u0103 este iminent\u0103 - spun cercet\u0103torii - Secretele lui Lovendal","isPartOf":{"@id":"https:\/\/www.lovendal.ro\/wp52\/#website"},"primaryImageOfPage":{"@id":"https:\/\/www.lovendal.ro\/wp52\/avertisment-grav-intrucat-biodiversitatea-marina-fuge-de-la-ecuator-catre-poli-o-extinctie-globala-in-masa-este-iminenta-spun-cercetatorii\/#primaryimage"},"image":{"@id":"https:\/\/www.lovendal.ro\/wp52\/avertisment-grav-intrucat-biodiversitatea-marina-fuge-de-la-ecuator-catre-poli-o-extinctie-globala-in-masa-este-iminenta-spun-cercetatorii\/#primaryimage"},"thumbnailUrl":"https:\/\/www.lovendal.ro\/wp52\/wp-content\/uploads\/2021\/04\/viata-marina-ecuatoriala.jpg","datePublished":"2021-04-10T15:46:16+00:00","breadcrumb":{"@id":"https:\/\/www.lovendal.ro\/wp52\/avertisment-grav-intrucat-biodiversitatea-marina-fuge-de-la-ecuator-catre-poli-o-extinctie-globala-in-masa-este-iminenta-spun-cercetatorii\/#breadcrumb"},"inLanguage":"ro-RO","potentialAction":[{"@type":"ReadAction","target":["https:\/\/www.lovendal.ro\/wp52\/avertisment-grav-intrucat-biodiversitatea-marina-fuge-de-la-ecuator-catre-poli-o-extinctie-globala-in-masa-este-iminenta-spun-cercetatorii\/"]}]},{"@type":"ImageObject","inLanguage":"ro-RO","@id":"https:\/\/www.lovendal.ro\/wp52\/avertisment-grav-intrucat-biodiversitatea-marina-fuge-de-la-ecuator-catre-poli-o-extinctie-globala-in-masa-este-iminenta-spun-cercetatorii\/#primaryimage","url":"https:\/\/www.lovendal.ro\/wp52\/wp-content\/uploads\/2021\/04\/viata-marina-ecuatoriala.jpg","contentUrl":"https:\/\/www.lovendal.ro\/wp52\/wp-content\/uploads\/2021\/04\/viata-marina-ecuatoriala.jpg","width":350,"height":212},{"@type":"BreadcrumbList","@id":"https:\/\/www.lovendal.ro\/wp52\/avertisment-grav-intrucat-biodiversitatea-marina-fuge-de-la-ecuator-catre-poli-o-extinctie-globala-in-masa-este-iminenta-spun-cercetatorii\/#breadcrumb","itemListElement":[{"@type":"ListItem","position":1,"name":"Home","item":"https:\/\/www.lovendal.ro\/wp52\/"},{"@type":"ListItem","position":2,"name":"Avertisment grav: \u00eentruc\u00e2t biodiversitatea marin\u0103 fuge de la Ecuator c\u0103tre poli, o extinc\u0163ie global\u0103 \u00een mas\u0103 este iminent\u0103 &#8211; spun cercet\u0103torii"}]},{"@type":"WebSite","@id":"https:\/\/www.lovendal.ro\/wp52\/#website","url":"https:\/\/www.lovendal.ro\/wp52\/","name":"Secretele lui Lovendal","description":"Site de secrete, stiinta si metafizica - din 2008 -","publisher":{"@id":"https:\/\/www.lovendal.ro\/wp52\/#organization"},"potentialAction":[{"@type":"SearchAction","target":{"@type":"EntryPoint","urlTemplate":"https:\/\/www.lovendal.ro\/wp52\/?s={search_term_string}"},"query-input":{"@type":"PropertyValueSpecification","valueRequired":true,"valueName":"search_term_string"}}],"inLanguage":"ro-RO"},{"@type":"Organization","@id":"https:\/\/www.lovendal.ro\/wp52\/#organization","name":"Secretele lui Lovendal","url":"https:\/\/www.lovendal.ro\/wp52\/","logo":{"@type":"ImageObject","inLanguage":"ro-RO","@id":"https:\/\/www.lovendal.ro\/wp52\/#\/schema\/logo\/image\/","url":"https:\/\/www.lovendal.ro\/wp52\/wp-content\/uploads\/2024\/06\/cropped-SLL-iun-2024-1.jpg","contentUrl":"https:\/\/www.lovendal.ro\/wp52\/wp-content\/uploads\/2024\/06\/cropped-SLL-iun-2024-1.jpg","width":771,"height":240,"caption":"Secretele lui Lovendal"},"image":{"@id":"https:\/\/www.lovendal.ro\/wp52\/#\/schema\/logo\/image\/"},"sameAs":["https:\/\/www.facebook.com\/secreteleluilovendal"]},{"@type":"Person","@id":"https:\/\/www.lovendal.ro\/wp52\/#\/schema\/person\/088691de5dfc346bb0c023e1e52ef5d9","name":"admin","image":{"@type":"ImageObject","inLanguage":"ro-RO","@id":"https:\/\/secure.gravatar.com\/avatar\/ecb9cd41f5f63c9c9b989999a59f6e2639a865ec361e9db054db0679a8f341c2?s=96&d=mm&r=g","url":"https:\/\/secure.gravatar.com\/avatar\/ecb9cd41f5f63c9c9b989999a59f6e2639a865ec361e9db054db0679a8f341c2?s=96&d=mm&r=g","contentUrl":"https:\/\/secure.gravatar.com\/avatar\/ecb9cd41f5f63c9c9b989999a59f6e2639a865ec361e9db054db0679a8f341c2?s=96&d=mm&r=g","caption":"admin"},"sameAs":["https:\/\/www.lovendal.ro\/wp52"]}]}},"_links":{"self":[{"href":"https:\/\/www.lovendal.ro\/wp52\/wp-json\/wp\/v2\/posts\/74448","targetHints":{"allow":["GET"]}}],"collection":[{"href":"https:\/\/www.lovendal.ro\/wp52\/wp-json\/wp\/v2\/posts"}],"about":[{"href":"https:\/\/www.lovendal.ro\/wp52\/wp-json\/wp\/v2\/types\/post"}],"author":[{"embeddable":true,"href":"https:\/\/www.lovendal.ro\/wp52\/wp-json\/wp\/v2\/users\/1"}],"replies":[{"embeddable":true,"href":"https:\/\/www.lovendal.ro\/wp52\/wp-json\/wp\/v2\/comments?post=74448"}],"version-history":[{"count":0,"href":"https:\/\/www.lovendal.ro\/wp52\/wp-json\/wp\/v2\/posts\/74448\/revisions"}],"wp:featuredmedia":[{"embeddable":true,"href":"https:\/\/www.lovendal.ro\/wp52\/wp-json\/wp\/v2\/media\/74449"}],"wp:attachment":[{"href":"https:\/\/www.lovendal.ro\/wp52\/wp-json\/wp\/v2\/media?parent=74448"}],"wp:term":[{"taxonomy":"category","embeddable":true,"href":"https:\/\/www.lovendal.ro\/wp52\/wp-json\/wp\/v2\/categories?post=74448"},{"taxonomy":"post_tag","embeddable":true,"href":"https:\/\/www.lovendal.ro\/wp52\/wp-json\/wp\/v2\/tags?post=74448"}],"curies":[{"name":"wp","href":"https:\/\/api.w.org\/{rel}","templated":true}]}}