{"id":74300,"date":"2021-03-29T07:50:31","date_gmt":"2021-03-29T05:50:31","guid":{"rendered":"https:\/\/www.lovendal.ro\/wp52\/?p=74300"},"modified":"2021-03-29T07:50:31","modified_gmt":"2021-03-29T05:50:31","slug":"povestea-terifianta-traita-de-un-pasager-noaptea-in-masina-imi-lipseste-o-ora-din-viata-mea-si-pana-astazi-nu-am-nicio-idee-despre-ceea-ce-s-a-intamplat","status":"publish","type":"post","link":"https:\/\/www.lovendal.ro\/wp52\/povestea-terifianta-traita-de-un-pasager-noaptea-in-masina-imi-lipseste-o-ora-din-viata-mea-si-pana-astazi-nu-am-nicio-idee-despre-ceea-ce-s-a-intamplat\/","title":{"rendered":"Povestea terifiant\u0103 tr\u0103it\u0103 de un pasager noaptea \u00een ma\u015fin\u0103: &#8222;\u00cemi lipse\u0219te o or\u0103 din via\u021ba mea \u0219i p\u00e2n\u0103 ast\u0103zi nu am nicio idee despre ceea ce s-a \u00eent\u00e2mplat&#8221;!"},"content":{"rendered":"<p><a href=\"https:\/\/www.lovendal.ro\/wp52\/wp-content\/uploads\/2021\/03\/masina-noaptea-misterios.jpg\"><img loading=\"lazy\" decoding=\"async\" class=\"alignleft size-full wp-image-74301\" src=\"https:\/\/www.lovendal.ro\/wp52\/wp-content\/uploads\/2021\/03\/masina-noaptea-misterios.jpg\" alt=\"\" width=\"354\" height=\"252\" srcset=\"https:\/\/www.lovendal.ro\/wp52\/wp-content\/uploads\/2021\/03\/masina-noaptea-misterios.jpg 354w, https:\/\/www.lovendal.ro\/wp52\/wp-content\/uploads\/2021\/03\/masina-noaptea-misterios-300x214.jpg 300w, https:\/\/www.lovendal.ro\/wp52\/wp-content\/uploads\/2021\/03\/masina-noaptea-misterios-100x70.jpg 100w\" sizes=\"auto, (max-width: 354px) 100vw, 354px\" \/><\/a>O anomalie extrem de bizar\u0103 ce pare s\u0103 aib\u0103 leg\u0103tur\u0103 cu distorsiunile timpului o putem afla din urm\u0103toarea poveste. Un martor povestea c\u0103 se \u00eentorcea dintr-o excursie cu ni\u0219te prieteni \u0219i se afla noaptea \u00een ma\u015fin\u0103 \u00eentr-o zon\u0103 montan\u0103 \u00eendep\u0103rtat\u0103, pe un drum complet lipsit de trafic la ora aceea. Mama lui \u00eel sunase pe telefonul s\u0103u mobil \u0219i el a informat-o c\u0103 se afla la circa 25 de minute distan\u021b\u0103 de destina\u021bie. Apoi lucruri extrem de ciudate au \u00eenceput s\u0103 se desf\u0103\u0219oare. Martorul poveste\u015fte:<\/p>\n<p><em>&#8222;Era lun\u0103 plin\u0103 \u0219i am putut vedea reflexia dintr-un lac din apropierea noastr\u0103, observ\u00e2nd c\u0103 drumul era complet gol. Dintr-o dat\u0103, totul s-a \u00eentunecat complet \u00een ma\u0219in\u0103, f\u0103r\u0103 s\u0103 mai avem lumini pe bord sau faruri pe drum. De asemenea, muzica s-a oprit \u0219i s-a reluat de la \u00eenceputul CD-ului pe care \u00eel ascultam. <\/em><\/p>\n<p><em>\u00cen acel moment, observasem un vehicul tras pe dreapta de poli\u021bie, la aproximativ jum\u0103tate de km \u00een fa\u021ba noastr\u0103, pe care nu-l observasem \u00een secunda anterioar\u0103. Am presupus c\u0103 am a\u0163ipit pentru o secund\u0103. Totu\u0219i, m\u0103 g\u00e2ndeam c\u0103 este destul de ciudat. Dup\u0103 aproximativ un minut, \u0219oferul ma\u0219inii a oprit muzica \u0219i a spus &#8222;A mai sim\u0163it cineva asta?\u201d<\/em><\/p>\n<p><em>Cel\u0103lalt pasager de pe bancheta din spate exclam\u0103: &#8222;Am crezut c\u0103 tocmai am adormit!\u201d Ne-am dat seama c\u0103 ceasul din ma\u0219in\u0103 ar\u0103ta cu o or\u0103 mai t\u00e2rziu \u015fi nu doar cu un minut, c\u00e2t credeam c\u0103 trecuse. <\/em><\/p>\n<p><em>Pentru a g\u0103si explica\u0163ii, ne-am g\u00e2ndit c\u0103 ma\u0219ina a avut o defec\u021biune electric\u0103 momentan\u0103 \u0219i, din cauza acesteia, ceasul s-a resetat la o or\u0103 ciudat\u0103, luminile din bord s-au oprit, \u015fi la fel \u015fi farurile ma\u015finii. <\/em><\/p>\n<p><em>Dar, c\u00e2nd am ajuns acas\u0103, 25 de minute mai t\u00e2rziu, am observat c\u0103 au trecut, de fapt, 1 or\u0103 \u015fi 25 de minute. \u00cemi lipse\u0219te o or\u0103 din via\u021ba mea \u0219i p\u00e2n\u0103 ast\u0103zi nu am nicio idee despre ceea ce s-a \u00eent\u00e2mplat&#8221;.<\/em><\/p>\n<p>Cum putem explica acest interval de timp \u0219i unde s-a dus?<\/p>\n","protected":false},"excerpt":{"rendered":"<p>O anomalie extrem de bizar\u0103 ce pare s\u0103 aib\u0103 leg\u0103tur\u0103 cu distorsiunile timpului o putem afla din urm\u0103toarea poveste. Un martor povestea c\u0103 se \u00eentorcea dintr-o excursie cu ni\u0219te prieteni \u0219i se afla noaptea \u00een ma\u015fin\u0103 \u00eentr-o zon\u0103 montan\u0103 \u00eendep\u0103rtat\u0103, &#8230; <\/p>\n<p class=\"read-more-container\"><a title=\"Povestea terifiant\u0103 tr\u0103it\u0103 de un pasager noaptea \u00een ma\u015fin\u0103: &#8222;\u00cemi lipse\u0219te o or\u0103 din via\u021ba mea \u0219i p\u00e2n\u0103 ast\u0103zi nu am nicio idee despre ceea ce s-a \u00eent\u00e2mplat&#8221;!\" class=\"read-more button\" href=\"https:\/\/www.lovendal.ro\/wp52\/povestea-terifianta-traita-de-un-pasager-noaptea-in-masina-imi-lipseste-o-ora-din-viata-mea-si-pana-astazi-nu-am-nicio-idee-despre-ceea-ce-s-a-intamplat\/#more-74300\" aria-label=\"Cite\u0219te mai multe despre Povestea terifiant\u0103 tr\u0103it\u0103 de un pasager noaptea \u00een ma\u015fin\u0103: &#8222;\u00cemi lipse\u0219te o or\u0103 din via\u021ba mea \u0219i p\u00e2n\u0103 ast\u0103zi nu am nicio idee despre ceea ce s-a \u00eent\u00e2mplat&#8221;!\">Cititi mai multe<\/a><\/p>\n","protected":false},"author":1,"featured_media":74301,"comment_status":"open","ping_status":"open","sticky":false,"template":"","format":"standard","meta":{"footnotes":""},"categories":[14],"tags":[4621,5313,3099,975,2482,149,580,30,9796,1189,6566,789],"class_list":["post-74300","post","type-post","status-publish","format-standard","has-post-thumbnail","hentry","category-paranormal-spiritualitate","tag-cd","tag-drum","tag-far","tag-lac","tag-lumini","tag-luna","tag-masina","tag-muzica","tag-paranormal-spiritualitate","tag-politie","tag-telefon-mobil","tag-timp","resize-featured-image"],"yoast_head":"<!-- This site is optimized with the Yoast SEO Premium plugin v23.3 (Yoast SEO v27.4) - https:\/\/yoast.com\/product\/yoast-seo-premium-wordpress\/ -->\n<title>Povestea terifiant\u0103 tr\u0103it\u0103 de un pasager noaptea \u00een ma\u015fin\u0103: &quot;\u00cemi lipse\u0219te o or\u0103 din via\u021ba mea \u0219i p\u00e2n\u0103 ast\u0103zi nu am nicio idee despre ceea ce s-a \u00eent\u00e2mplat&quot;! - Secretele lui Lovendal<\/title>\n<meta name=\"robots\" content=\"index, follow, max-snippet:-1, max-image-preview:large, max-video-preview:-1\" \/>\n<link rel=\"canonical\" href=\"https:\/\/www.lovendal.ro\/wp52\/povestea-terifianta-traita-de-un-pasager-noaptea-in-masina-imi-lipseste-o-ora-din-viata-mea-si-pana-astazi-nu-am-nicio-idee-despre-ceea-ce-s-a-intamplat\/\" \/>\n<meta property=\"og:locale\" content=\"ro_RO\" \/>\n<meta property=\"og:type\" content=\"article\" \/>\n<meta property=\"og:title\" content=\"Povestea terifiant\u0103 tr\u0103it\u0103 de un pasager noaptea \u00een ma\u015fin\u0103: &quot;\u00cemi lipse\u0219te o or\u0103 din via\u021ba mea \u0219i p\u00e2n\u0103 ast\u0103zi nu am nicio idee despre ceea ce s-a \u00eent\u00e2mplat&quot;!\" \/>\n<meta property=\"og:description\" content=\"O anomalie extrem de bizar\u0103 ce pare s\u0103 aib\u0103 leg\u0103tur\u0103 cu distorsiunile timpului o putem afla din urm\u0103toarea poveste. Un martor povestea c\u0103 se \u00eentorcea dintr-o excursie cu ni\u0219te prieteni \u0219i se afla noaptea \u00een ma\u015fin\u0103 \u00eentr-o zon\u0103 montan\u0103 \u00eendep\u0103rtat\u0103, ... Cititi mai multe\" \/>\n<meta property=\"og:url\" content=\"https:\/\/www.lovendal.ro\/wp52\/povestea-terifianta-traita-de-un-pasager-noaptea-in-masina-imi-lipseste-o-ora-din-viata-mea-si-pana-astazi-nu-am-nicio-idee-despre-ceea-ce-s-a-intamplat\/\" \/>\n<meta property=\"og:site_name\" content=\"Secretele lui Lovendal\" \/>\n<meta property=\"article:publisher\" content=\"https:\/\/www.facebook.com\/secreteleluilovendal\" \/>\n<meta property=\"article:published_time\" content=\"2021-03-29T05:50:31+00:00\" \/>\n<meta property=\"og:image\" content=\"https:\/\/www.lovendal.ro\/wp52\/wp-content\/uploads\/2021\/03\/masina-noaptea-misterios.jpg\" \/>\n\t<meta property=\"og:image:width\" content=\"354\" \/>\n\t<meta property=\"og:image:height\" content=\"252\" \/>\n\t<meta property=\"og:image:type\" content=\"image\/jpeg\" \/>\n<meta name=\"author\" content=\"admin\" \/>\n<meta name=\"twitter:card\" content=\"summary_large_image\" \/>\n<meta name=\"twitter:label1\" content=\"Scris de\" \/>\n\t<meta name=\"twitter:data1\" content=\"admin\" \/>\n\t<meta name=\"twitter:label2\" content=\"Timp estimat pentru citire\" \/>\n\t<meta name=\"twitter:data2\" content=\"2 minute\" \/>\n<script type=\"application\/ld+json\" class=\"yoast-schema-graph\">{\"@context\":\"https:\\\/\\\/schema.org\",\"@graph\":[{\"@type\":\"Article\",\"@id\":\"https:\\\/\\\/www.lovendal.ro\\\/wp52\\\/povestea-terifianta-traita-de-un-pasager-noaptea-in-masina-imi-lipseste-o-ora-din-viata-mea-si-pana-astazi-nu-am-nicio-idee-despre-ceea-ce-s-a-intamplat\\\/#article\",\"isPartOf\":{\"@id\":\"https:\\\/\\\/www.lovendal.ro\\\/wp52\\\/povestea-terifianta-traita-de-un-pasager-noaptea-in-masina-imi-lipseste-o-ora-din-viata-mea-si-pana-astazi-nu-am-nicio-idee-despre-ceea-ce-s-a-intamplat\\\/\"},\"author\":{\"name\":\"admin\",\"@id\":\"https:\\\/\\\/www.lovendal.ro\\\/wp52\\\/#\\\/schema\\\/person\\\/088691de5dfc346bb0c023e1e52ef5d9\"},\"headline\":\"Povestea terifiant\u0103 tr\u0103it\u0103 de un pasager noaptea \u00een ma\u015fin\u0103: &#8222;\u00cemi lipse\u0219te o or\u0103 din via\u021ba mea \u0219i p\u00e2n\u0103 ast\u0103zi nu am nicio idee despre ceea ce s-a \u00eent\u00e2mplat&#8221;!\",\"datePublished\":\"2021-03-29T05:50:31+00:00\",\"mainEntityOfPage\":{\"@id\":\"https:\\\/\\\/www.lovendal.ro\\\/wp52\\\/povestea-terifianta-traita-de-un-pasager-noaptea-in-masina-imi-lipseste-o-ora-din-viata-mea-si-pana-astazi-nu-am-nicio-idee-despre-ceea-ce-s-a-intamplat\\\/\"},\"wordCount\":393,\"commentCount\":0,\"publisher\":{\"@id\":\"https:\\\/\\\/www.lovendal.ro\\\/wp52\\\/#organization\"},\"image\":{\"@id\":\"https:\\\/\\\/www.lovendal.ro\\\/wp52\\\/povestea-terifianta-traita-de-un-pasager-noaptea-in-masina-imi-lipseste-o-ora-din-viata-mea-si-pana-astazi-nu-am-nicio-idee-despre-ceea-ce-s-a-intamplat\\\/#primaryimage\"},\"thumbnailUrl\":\"https:\\\/\\\/www.lovendal.ro\\\/wp52\\\/wp-content\\\/uploads\\\/2021\\\/03\\\/masina-noaptea-misterios.jpg\",\"keywords\":[\"CD\",\"drum\",\"far\",\"lac\",\"lumini\",\"Lun\u0103\",\"ma\u015fin\u0103\",\"muzic\u0103\",\"Paranormal-Spiritualitate\",\"poli\u0163ie\",\"telefon mobil\",\"timp\"],\"articleSection\":[\"Paranormal-Spiritualitate\"],\"inLanguage\":\"ro-RO\",\"potentialAction\":[{\"@type\":\"CommentAction\",\"name\":\"Comment\",\"target\":[\"https:\\\/\\\/www.lovendal.ro\\\/wp52\\\/povestea-terifianta-traita-de-un-pasager-noaptea-in-masina-imi-lipseste-o-ora-din-viata-mea-si-pana-astazi-nu-am-nicio-idee-despre-ceea-ce-s-a-intamplat\\\/#respond\"]}]},{\"@type\":\"WebPage\",\"@id\":\"https:\\\/\\\/www.lovendal.ro\\\/wp52\\\/povestea-terifianta-traita-de-un-pasager-noaptea-in-masina-imi-lipseste-o-ora-din-viata-mea-si-pana-astazi-nu-am-nicio-idee-despre-ceea-ce-s-a-intamplat\\\/\",\"url\":\"https:\\\/\\\/www.lovendal.ro\\\/wp52\\\/povestea-terifianta-traita-de-un-pasager-noaptea-in-masina-imi-lipseste-o-ora-din-viata-mea-si-pana-astazi-nu-am-nicio-idee-despre-ceea-ce-s-a-intamplat\\\/\",\"name\":\"Povestea terifiant\u0103 tr\u0103it\u0103 de un pasager noaptea \u00een ma\u015fin\u0103: \\\"\u00cemi lipse\u0219te o or\u0103 din via\u021ba mea \u0219i p\u00e2n\u0103 ast\u0103zi nu am nicio idee despre ceea ce s-a \u00eent\u00e2mplat\\\"! - Secretele lui Lovendal\",\"isPartOf\":{\"@id\":\"https:\\\/\\\/www.lovendal.ro\\\/wp52\\\/#website\"},\"primaryImageOfPage\":{\"@id\":\"https:\\\/\\\/www.lovendal.ro\\\/wp52\\\/povestea-terifianta-traita-de-un-pasager-noaptea-in-masina-imi-lipseste-o-ora-din-viata-mea-si-pana-astazi-nu-am-nicio-idee-despre-ceea-ce-s-a-intamplat\\\/#primaryimage\"},\"image\":{\"@id\":\"https:\\\/\\\/www.lovendal.ro\\\/wp52\\\/povestea-terifianta-traita-de-un-pasager-noaptea-in-masina-imi-lipseste-o-ora-din-viata-mea-si-pana-astazi-nu-am-nicio-idee-despre-ceea-ce-s-a-intamplat\\\/#primaryimage\"},\"thumbnailUrl\":\"https:\\\/\\\/www.lovendal.ro\\\/wp52\\\/wp-content\\\/uploads\\\/2021\\\/03\\\/masina-noaptea-misterios.jpg\",\"datePublished\":\"2021-03-29T05:50:31+00:00\",\"breadcrumb\":{\"@id\":\"https:\\\/\\\/www.lovendal.ro\\\/wp52\\\/povestea-terifianta-traita-de-un-pasager-noaptea-in-masina-imi-lipseste-o-ora-din-viata-mea-si-pana-astazi-nu-am-nicio-idee-despre-ceea-ce-s-a-intamplat\\\/#breadcrumb\"},\"inLanguage\":\"ro-RO\",\"potentialAction\":[{\"@type\":\"ReadAction\",\"target\":[\"https:\\\/\\\/www.lovendal.ro\\\/wp52\\\/povestea-terifianta-traita-de-un-pasager-noaptea-in-masina-imi-lipseste-o-ora-din-viata-mea-si-pana-astazi-nu-am-nicio-idee-despre-ceea-ce-s-a-intamplat\\\/\"]}]},{\"@type\":\"ImageObject\",\"inLanguage\":\"ro-RO\",\"@id\":\"https:\\\/\\\/www.lovendal.ro\\\/wp52\\\/povestea-terifianta-traita-de-un-pasager-noaptea-in-masina-imi-lipseste-o-ora-din-viata-mea-si-pana-astazi-nu-am-nicio-idee-despre-ceea-ce-s-a-intamplat\\\/#primaryimage\",\"url\":\"https:\\\/\\\/www.lovendal.ro\\\/wp52\\\/wp-content\\\/uploads\\\/2021\\\/03\\\/masina-noaptea-misterios.jpg\",\"contentUrl\":\"https:\\\/\\\/www.lovendal.ro\\\/wp52\\\/wp-content\\\/uploads\\\/2021\\\/03\\\/masina-noaptea-misterios.jpg\",\"width\":354,\"height\":252},{\"@type\":\"BreadcrumbList\",\"@id\":\"https:\\\/\\\/www.lovendal.ro\\\/wp52\\\/povestea-terifianta-traita-de-un-pasager-noaptea-in-masina-imi-lipseste-o-ora-din-viata-mea-si-pana-astazi-nu-am-nicio-idee-despre-ceea-ce-s-a-intamplat\\\/#breadcrumb\",\"itemListElement\":[{\"@type\":\"ListItem\",\"position\":1,\"name\":\"Home\",\"item\":\"https:\\\/\\\/www.lovendal.ro\\\/wp52\\\/\"},{\"@type\":\"ListItem\",\"position\":2,\"name\":\"Povestea terifiant\u0103 tr\u0103it\u0103 de un pasager noaptea \u00een ma\u015fin\u0103: &#8222;\u00cemi lipse\u0219te o or\u0103 din via\u021ba mea \u0219i p\u00e2n\u0103 ast\u0103zi nu am nicio idee despre ceea ce s-a \u00eent\u00e2mplat&#8221;!\"}]},{\"@type\":\"WebSite\",\"@id\":\"https:\\\/\\\/www.lovendal.ro\\\/wp52\\\/#website\",\"url\":\"https:\\\/\\\/www.lovendal.ro\\\/wp52\\\/\",\"name\":\"Secretele lui Lovendal\",\"description\":\"Site de secrete, stiinta si metafizica - din 2008 -\",\"publisher\":{\"@id\":\"https:\\\/\\\/www.lovendal.ro\\\/wp52\\\/#organization\"},\"potentialAction\":[{\"@type\":\"SearchAction\",\"target\":{\"@type\":\"EntryPoint\",\"urlTemplate\":\"https:\\\/\\\/www.lovendal.ro\\\/wp52\\\/?s={search_term_string}\"},\"query-input\":{\"@type\":\"PropertyValueSpecification\",\"valueRequired\":true,\"valueName\":\"search_term_string\"}}],\"inLanguage\":\"ro-RO\"},{\"@type\":\"Organization\",\"@id\":\"https:\\\/\\\/www.lovendal.ro\\\/wp52\\\/#organization\",\"name\":\"Secretele lui Lovendal\",\"url\":\"https:\\\/\\\/www.lovendal.ro\\\/wp52\\\/\",\"logo\":{\"@type\":\"ImageObject\",\"inLanguage\":\"ro-RO\",\"@id\":\"https:\\\/\\\/www.lovendal.ro\\\/wp52\\\/#\\\/schema\\\/logo\\\/image\\\/\",\"url\":\"https:\\\/\\\/www.lovendal.ro\\\/wp52\\\/wp-content\\\/uploads\\\/2024\\\/06\\\/cropped-SLL-iun-2024-1.jpg\",\"contentUrl\":\"https:\\\/\\\/www.lovendal.ro\\\/wp52\\\/wp-content\\\/uploads\\\/2024\\\/06\\\/cropped-SLL-iun-2024-1.jpg\",\"width\":771,\"height\":240,\"caption\":\"Secretele lui Lovendal\"},\"image\":{\"@id\":\"https:\\\/\\\/www.lovendal.ro\\\/wp52\\\/#\\\/schema\\\/logo\\\/image\\\/\"},\"sameAs\":[\"https:\\\/\\\/www.facebook.com\\\/secreteleluilovendal\"]},{\"@type\":\"Person\",\"@id\":\"https:\\\/\\\/www.lovendal.ro\\\/wp52\\\/#\\\/schema\\\/person\\\/088691de5dfc346bb0c023e1e52ef5d9\",\"name\":\"admin\",\"image\":{\"@type\":\"ImageObject\",\"inLanguage\":\"ro-RO\",\"@id\":\"https:\\\/\\\/secure.gravatar.com\\\/avatar\\\/ecb9cd41f5f63c9c9b989999a59f6e2639a865ec361e9db054db0679a8f341c2?s=96&d=mm&r=g\",\"url\":\"https:\\\/\\\/secure.gravatar.com\\\/avatar\\\/ecb9cd41f5f63c9c9b989999a59f6e2639a865ec361e9db054db0679a8f341c2?s=96&d=mm&r=g\",\"contentUrl\":\"https:\\\/\\\/secure.gravatar.com\\\/avatar\\\/ecb9cd41f5f63c9c9b989999a59f6e2639a865ec361e9db054db0679a8f341c2?s=96&d=mm&r=g\",\"caption\":\"admin\"},\"sameAs\":[\"https:\\\/\\\/www.lovendal.ro\\\/wp52\"]}]}<\/script>\n<!-- \/ Yoast SEO Premium plugin. -->","yoast_head_json":{"title":"Povestea terifiant\u0103 tr\u0103it\u0103 de un pasager noaptea \u00een ma\u015fin\u0103: \"\u00cemi lipse\u0219te o or\u0103 din via\u021ba mea \u0219i p\u00e2n\u0103 ast\u0103zi nu am nicio idee despre ceea ce s-a \u00eent\u00e2mplat\"! - Secretele lui Lovendal","robots":{"index":"index","follow":"follow","max-snippet":"max-snippet:-1","max-image-preview":"max-image-preview:large","max-video-preview":"max-video-preview:-1"},"canonical":"https:\/\/www.lovendal.ro\/wp52\/povestea-terifianta-traita-de-un-pasager-noaptea-in-masina-imi-lipseste-o-ora-din-viata-mea-si-pana-astazi-nu-am-nicio-idee-despre-ceea-ce-s-a-intamplat\/","og_locale":"ro_RO","og_type":"article","og_title":"Povestea terifiant\u0103 tr\u0103it\u0103 de un pasager noaptea \u00een ma\u015fin\u0103: \"\u00cemi lipse\u0219te o or\u0103 din via\u021ba mea \u0219i p\u00e2n\u0103 ast\u0103zi nu am nicio idee despre ceea ce s-a \u00eent\u00e2mplat\"!","og_description":"O anomalie extrem de bizar\u0103 ce pare s\u0103 aib\u0103 leg\u0103tur\u0103 cu distorsiunile timpului o putem afla din urm\u0103toarea poveste. Un martor povestea c\u0103 se \u00eentorcea dintr-o excursie cu ni\u0219te prieteni \u0219i se afla noaptea \u00een ma\u015fin\u0103 \u00eentr-o zon\u0103 montan\u0103 \u00eendep\u0103rtat\u0103, ... Cititi mai multe","og_url":"https:\/\/www.lovendal.ro\/wp52\/povestea-terifianta-traita-de-un-pasager-noaptea-in-masina-imi-lipseste-o-ora-din-viata-mea-si-pana-astazi-nu-am-nicio-idee-despre-ceea-ce-s-a-intamplat\/","og_site_name":"Secretele lui Lovendal","article_publisher":"https:\/\/www.facebook.com\/secreteleluilovendal","article_published_time":"2021-03-29T05:50:31+00:00","og_image":[{"width":354,"height":252,"url":"https:\/\/www.lovendal.ro\/wp52\/wp-content\/uploads\/2021\/03\/masina-noaptea-misterios.jpg","type":"image\/jpeg"}],"author":"admin","twitter_card":"summary_large_image","twitter_misc":{"Scris de":"admin","Timp estimat pentru citire":"2 minute"},"schema":{"@context":"https:\/\/schema.org","@graph":[{"@type":"Article","@id":"https:\/\/www.lovendal.ro\/wp52\/povestea-terifianta-traita-de-un-pasager-noaptea-in-masina-imi-lipseste-o-ora-din-viata-mea-si-pana-astazi-nu-am-nicio-idee-despre-ceea-ce-s-a-intamplat\/#article","isPartOf":{"@id":"https:\/\/www.lovendal.ro\/wp52\/povestea-terifianta-traita-de-un-pasager-noaptea-in-masina-imi-lipseste-o-ora-din-viata-mea-si-pana-astazi-nu-am-nicio-idee-despre-ceea-ce-s-a-intamplat\/"},"author":{"name":"admin","@id":"https:\/\/www.lovendal.ro\/wp52\/#\/schema\/person\/088691de5dfc346bb0c023e1e52ef5d9"},"headline":"Povestea terifiant\u0103 tr\u0103it\u0103 de un pasager noaptea \u00een ma\u015fin\u0103: &#8222;\u00cemi lipse\u0219te o or\u0103 din via\u021ba mea \u0219i p\u00e2n\u0103 ast\u0103zi nu am nicio idee despre ceea ce s-a \u00eent\u00e2mplat&#8221;!","datePublished":"2021-03-29T05:50:31+00:00","mainEntityOfPage":{"@id":"https:\/\/www.lovendal.ro\/wp52\/povestea-terifianta-traita-de-un-pasager-noaptea-in-masina-imi-lipseste-o-ora-din-viata-mea-si-pana-astazi-nu-am-nicio-idee-despre-ceea-ce-s-a-intamplat\/"},"wordCount":393,"commentCount":0,"publisher":{"@id":"https:\/\/www.lovendal.ro\/wp52\/#organization"},"image":{"@id":"https:\/\/www.lovendal.ro\/wp52\/povestea-terifianta-traita-de-un-pasager-noaptea-in-masina-imi-lipseste-o-ora-din-viata-mea-si-pana-astazi-nu-am-nicio-idee-despre-ceea-ce-s-a-intamplat\/#primaryimage"},"thumbnailUrl":"https:\/\/www.lovendal.ro\/wp52\/wp-content\/uploads\/2021\/03\/masina-noaptea-misterios.jpg","keywords":["CD","drum","far","lac","lumini","Lun\u0103","ma\u015fin\u0103","muzic\u0103","Paranormal-Spiritualitate","poli\u0163ie","telefon mobil","timp"],"articleSection":["Paranormal-Spiritualitate"],"inLanguage":"ro-RO","potentialAction":[{"@type":"CommentAction","name":"Comment","target":["https:\/\/www.lovendal.ro\/wp52\/povestea-terifianta-traita-de-un-pasager-noaptea-in-masina-imi-lipseste-o-ora-din-viata-mea-si-pana-astazi-nu-am-nicio-idee-despre-ceea-ce-s-a-intamplat\/#respond"]}]},{"@type":"WebPage","@id":"https:\/\/www.lovendal.ro\/wp52\/povestea-terifianta-traita-de-un-pasager-noaptea-in-masina-imi-lipseste-o-ora-din-viata-mea-si-pana-astazi-nu-am-nicio-idee-despre-ceea-ce-s-a-intamplat\/","url":"https:\/\/www.lovendal.ro\/wp52\/povestea-terifianta-traita-de-un-pasager-noaptea-in-masina-imi-lipseste-o-ora-din-viata-mea-si-pana-astazi-nu-am-nicio-idee-despre-ceea-ce-s-a-intamplat\/","name":"Povestea terifiant\u0103 tr\u0103it\u0103 de un pasager noaptea \u00een ma\u015fin\u0103: \"\u00cemi lipse\u0219te o or\u0103 din via\u021ba mea \u0219i p\u00e2n\u0103 ast\u0103zi nu am nicio idee despre ceea ce s-a \u00eent\u00e2mplat\"! - Secretele lui Lovendal","isPartOf":{"@id":"https:\/\/www.lovendal.ro\/wp52\/#website"},"primaryImageOfPage":{"@id":"https:\/\/www.lovendal.ro\/wp52\/povestea-terifianta-traita-de-un-pasager-noaptea-in-masina-imi-lipseste-o-ora-din-viata-mea-si-pana-astazi-nu-am-nicio-idee-despre-ceea-ce-s-a-intamplat\/#primaryimage"},"image":{"@id":"https:\/\/www.lovendal.ro\/wp52\/povestea-terifianta-traita-de-un-pasager-noaptea-in-masina-imi-lipseste-o-ora-din-viata-mea-si-pana-astazi-nu-am-nicio-idee-despre-ceea-ce-s-a-intamplat\/#primaryimage"},"thumbnailUrl":"https:\/\/www.lovendal.ro\/wp52\/wp-content\/uploads\/2021\/03\/masina-noaptea-misterios.jpg","datePublished":"2021-03-29T05:50:31+00:00","breadcrumb":{"@id":"https:\/\/www.lovendal.ro\/wp52\/povestea-terifianta-traita-de-un-pasager-noaptea-in-masina-imi-lipseste-o-ora-din-viata-mea-si-pana-astazi-nu-am-nicio-idee-despre-ceea-ce-s-a-intamplat\/#breadcrumb"},"inLanguage":"ro-RO","potentialAction":[{"@type":"ReadAction","target":["https:\/\/www.lovendal.ro\/wp52\/povestea-terifianta-traita-de-un-pasager-noaptea-in-masina-imi-lipseste-o-ora-din-viata-mea-si-pana-astazi-nu-am-nicio-idee-despre-ceea-ce-s-a-intamplat\/"]}]},{"@type":"ImageObject","inLanguage":"ro-RO","@id":"https:\/\/www.lovendal.ro\/wp52\/povestea-terifianta-traita-de-un-pasager-noaptea-in-masina-imi-lipseste-o-ora-din-viata-mea-si-pana-astazi-nu-am-nicio-idee-despre-ceea-ce-s-a-intamplat\/#primaryimage","url":"https:\/\/www.lovendal.ro\/wp52\/wp-content\/uploads\/2021\/03\/masina-noaptea-misterios.jpg","contentUrl":"https:\/\/www.lovendal.ro\/wp52\/wp-content\/uploads\/2021\/03\/masina-noaptea-misterios.jpg","width":354,"height":252},{"@type":"BreadcrumbList","@id":"https:\/\/www.lovendal.ro\/wp52\/povestea-terifianta-traita-de-un-pasager-noaptea-in-masina-imi-lipseste-o-ora-din-viata-mea-si-pana-astazi-nu-am-nicio-idee-despre-ceea-ce-s-a-intamplat\/#breadcrumb","itemListElement":[{"@type":"ListItem","position":1,"name":"Home","item":"https:\/\/www.lovendal.ro\/wp52\/"},{"@type":"ListItem","position":2,"name":"Povestea terifiant\u0103 tr\u0103it\u0103 de un pasager noaptea \u00een ma\u015fin\u0103: &#8222;\u00cemi lipse\u0219te o or\u0103 din via\u021ba mea \u0219i p\u00e2n\u0103 ast\u0103zi nu am nicio idee despre ceea ce s-a \u00eent\u00e2mplat&#8221;!"}]},{"@type":"WebSite","@id":"https:\/\/www.lovendal.ro\/wp52\/#website","url":"https:\/\/www.lovendal.ro\/wp52\/","name":"Secretele lui Lovendal","description":"Site de secrete, stiinta si metafizica - din 2008 -","publisher":{"@id":"https:\/\/www.lovendal.ro\/wp52\/#organization"},"potentialAction":[{"@type":"SearchAction","target":{"@type":"EntryPoint","urlTemplate":"https:\/\/www.lovendal.ro\/wp52\/?s={search_term_string}"},"query-input":{"@type":"PropertyValueSpecification","valueRequired":true,"valueName":"search_term_string"}}],"inLanguage":"ro-RO"},{"@type":"Organization","@id":"https:\/\/www.lovendal.ro\/wp52\/#organization","name":"Secretele lui Lovendal","url":"https:\/\/www.lovendal.ro\/wp52\/","logo":{"@type":"ImageObject","inLanguage":"ro-RO","@id":"https:\/\/www.lovendal.ro\/wp52\/#\/schema\/logo\/image\/","url":"https:\/\/www.lovendal.ro\/wp52\/wp-content\/uploads\/2024\/06\/cropped-SLL-iun-2024-1.jpg","contentUrl":"https:\/\/www.lovendal.ro\/wp52\/wp-content\/uploads\/2024\/06\/cropped-SLL-iun-2024-1.jpg","width":771,"height":240,"caption":"Secretele lui Lovendal"},"image":{"@id":"https:\/\/www.lovendal.ro\/wp52\/#\/schema\/logo\/image\/"},"sameAs":["https:\/\/www.facebook.com\/secreteleluilovendal"]},{"@type":"Person","@id":"https:\/\/www.lovendal.ro\/wp52\/#\/schema\/person\/088691de5dfc346bb0c023e1e52ef5d9","name":"admin","image":{"@type":"ImageObject","inLanguage":"ro-RO","@id":"https:\/\/secure.gravatar.com\/avatar\/ecb9cd41f5f63c9c9b989999a59f6e2639a865ec361e9db054db0679a8f341c2?s=96&d=mm&r=g","url":"https:\/\/secure.gravatar.com\/avatar\/ecb9cd41f5f63c9c9b989999a59f6e2639a865ec361e9db054db0679a8f341c2?s=96&d=mm&r=g","contentUrl":"https:\/\/secure.gravatar.com\/avatar\/ecb9cd41f5f63c9c9b989999a59f6e2639a865ec361e9db054db0679a8f341c2?s=96&d=mm&r=g","caption":"admin"},"sameAs":["https:\/\/www.lovendal.ro\/wp52"]}]}},"_links":{"self":[{"href":"https:\/\/www.lovendal.ro\/wp52\/wp-json\/wp\/v2\/posts\/74300","targetHints":{"allow":["GET"]}}],"collection":[{"href":"https:\/\/www.lovendal.ro\/wp52\/wp-json\/wp\/v2\/posts"}],"about":[{"href":"https:\/\/www.lovendal.ro\/wp52\/wp-json\/wp\/v2\/types\/post"}],"author":[{"embeddable":true,"href":"https:\/\/www.lovendal.ro\/wp52\/wp-json\/wp\/v2\/users\/1"}],"replies":[{"embeddable":true,"href":"https:\/\/www.lovendal.ro\/wp52\/wp-json\/wp\/v2\/comments?post=74300"}],"version-history":[{"count":0,"href":"https:\/\/www.lovendal.ro\/wp52\/wp-json\/wp\/v2\/posts\/74300\/revisions"}],"wp:featuredmedia":[{"embeddable":true,"href":"https:\/\/www.lovendal.ro\/wp52\/wp-json\/wp\/v2\/media\/74301"}],"wp:attachment":[{"href":"https:\/\/www.lovendal.ro\/wp52\/wp-json\/wp\/v2\/media?parent=74300"}],"wp:term":[{"taxonomy":"category","embeddable":true,"href":"https:\/\/www.lovendal.ro\/wp52\/wp-json\/wp\/v2\/categories?post=74300"},{"taxonomy":"post_tag","embeddable":true,"href":"https:\/\/www.lovendal.ro\/wp52\/wp-json\/wp\/v2\/tags?post=74300"}],"curies":[{"name":"wp","href":"https:\/\/api.w.org\/{rel}","templated":true}]}}