{"id":74272,"date":"2021-03-27T23:46:53","date_gmt":"2021-03-27T21:46:53","guid":{"rendered":"https:\/\/www.lovendal.ro\/wp52\/?p=74272"},"modified":"2021-03-27T23:46:53","modified_gmt":"2021-03-27T21:46:53","slug":"taranul-mos-ion-roata-si-invataturile-sale-extraordinare-decat-un-bonjurist-progresist-c-o-mana-de-invatatura-mai-bine-un-taran-cu-un-car-de-minte","status":"publish","type":"post","link":"https:\/\/www.lovendal.ro\/wp52\/taranul-mos-ion-roata-si-invataturile-sale-extraordinare-decat-un-bonjurist-progresist-c-o-mana-de-invatatura-mai-bine-un-taran-cu-un-car-de-minte\/","title":{"rendered":"\u0162\u0103ranul Mo\u015f Ion Roat\u0103 \u015fi \u00eenv\u0103\u0163\u0103turile sale extraordinare &#8211; dec\u00e2t un bonjurist (progresist) c-o m\u00e2n\u0103 de \u00eenv\u0103\u0163\u0103tur\u0103, mai bine un \u0163\u0103ran cu un car de minte!"},"content":{"rendered":"<p><a href=\"https:\/\/www.lovendal.ro\/wp52\/wp-content\/uploads\/2021\/03\/Mos-Ion-Roata.jpg\"><img loading=\"lazy\" decoding=\"async\" class=\"alignleft size-full wp-image-74274\" src=\"https:\/\/www.lovendal.ro\/wp52\/wp-content\/uploads\/2021\/03\/Mos-Ion-Roata.jpg\" alt=\"\" width=\"350\" height=\"347\" srcset=\"https:\/\/www.lovendal.ro\/wp52\/wp-content\/uploads\/2021\/03\/Mos-Ion-Roata.jpg 350w, https:\/\/www.lovendal.ro\/wp52\/wp-content\/uploads\/2021\/03\/Mos-Ion-Roata-300x297.jpg 300w, https:\/\/www.lovendal.ro\/wp52\/wp-content\/uploads\/2021\/03\/Mos-Ion-Roata-100x100.jpg 100w\" sizes=\"auto, (max-width: 350px) 100vw, 350px\" \/><\/a>Satul Gura V\u0103ii, Comuna C\u00e2mpuri (jude\u0163ul Vrancea) se afl\u0103 situat \u00eentre M\u0103r\u0103\u015fti \u015fi Soveja. C\u00e2\u0163i \u015ftiu c\u0103 \u00een acest sat se afl\u0103 morm\u00e2ntul lui Mo\u015f Ion Roat\u0103, \u0163\u0103ranul care pe vremuri, sub domnitorul Cuza-Vod\u0103, a jucat un rol destul de \u00eensemnat, la la\u015fi, \u00een 1857, cu prilejul convoc\u0103rii Divanului Ad-hoc, unde se pusese \u00een discu\u0163ie arz\u0103toarea problem\u0103 a unirii?<\/p>\n<p>Ion Creang\u0103 a vorbit cel mai mult despre Mo\u015f Ion Roat\u0103. Astfel, din scrierile lui Creang\u0103 afl\u0103m c\u0103 acest \u0163\u0103ran nu prea avea o bun\u0103 p\u0103rere despre boieri. Respectuos \u015fi plin de cuviin\u0163\u0103, acest b\u0103tr\u00e2nel nu se sfia totu\u015fi s\u0103-\u015fi spun\u0103 opinia, a\u015fa pe limba lui \u0163\u0103r\u0103neasc\u0103, chiar cu riscul de a nu fi pe placul celor mai mari.<\/p>\n<p><strong>Bolovanul, Mo\u015f Ion Roat\u0103 \u015fi boierul<\/strong><\/p>\n<p>Chemat \u00eempreun\u0103 cu al\u0163i \u0163\u0103rani frunta\u015fi la la\u015fi, spre a participa la discu\u0163iile premerg\u0103toare m\u0103re\u0163ului act al Unirii, Mo\u015f Ion Roat\u0103 s-ar fi ar\u0103tat ne\u00eencrez\u0103tor \u00een cinstea pe care le-o f\u0103ceau boierii de a-i consulta \u00een privin\u0163a celor ce se vor hot\u0103r\u00ee. Dup\u0103 ce li se \u0163inuse acestor \u0163\u0103rani o c\u0103lduroas\u0103 cuv\u00e2ntare, de c\u0103tre un conduc\u0103tor liberal anume \u00eens\u0103rcinat, Mo\u015f Ion Roat\u0103, spre deosebire de ceilal\u0163i s\u0103teni, se \u00eenc\u0103p\u0103\u0163\u00e2n\u0103 s\u0103 cear\u0103 preciz\u0103ri. Boierul v\u0103z\u00e2nd c\u0103 nu poate ie\u015fi u\u015for la cap\u0103t cu b\u0103tr\u00e2nelul refractar recurse atunci la urm\u0103torul experiment: \u00eei duse pe \u0163\u0103rani \u00eentr-o gr\u0103din\u0103 \u015fi acolo, indic\u00e2nd un pom l\u00e2ng\u0103 care se afla un bolovan mare, \u00eei spuse lui Mo\u015f Ion Roat\u0103 s\u0103-i aduc\u0103 bolovanul&#8230; Dup\u0103 cum era \u015fi firesc, un singur om nu izbutea s\u0103 urneasc\u0103 piatra din loc. Numai dup\u0103 ce mai mul\u0163i \u0163\u0103rani puser\u0103 um\u0103rul, bolovanul putu fi adus l\u00e2ng\u0103 boier. Concluzia: <em>&#8222;Unde-i unul, nu-i putere \/ La nevoi \u015fi la durere \/ Unde-s mul\u0163i puterea cre\u015fte \/ \u015ei du\u015fmanul nu spore\u015fte&#8221;.<\/em><\/p>\n<p>Boierul folosi acest exemplu, spre a spune \u0163\u0103ranilor c\u0103 unirea rom\u00e2nilor de pretutindeni ne va \u00eent\u0103ri pe veci for\u0163a noastr\u0103, c\u0103ci numai prin unire se creaz\u0103 \u015fi se poate men\u0163ine puterea. Convins c\u0103 \u0163\u0103ranii se vor declara satisf\u0103cu\u0163i \u015fi lumina\u0163i, boierul \u00eei \u00eentreb\u0103 dac\u0103 mai exist\u0103 vreo umbr\u0103 de \u00eendoial\u0103 \u00een mintea lor.<\/p>\n<p>Dintre to\u0163i, numai Mo\u015f Ion Roat\u0103 continua s\u0103 fie nedumerit&#8230; Atunci, boierul obosit de at\u00e2ta pledoarie f\u0103r\u0103 efect, ceru \u0163\u0103ranului s\u0103 spun\u0103 ce-l fr\u0103m\u00e2nt\u0103. Iat\u0103 care a fost celebrul r\u0103spuns al lui Mo\u015f Ion Roat\u0103:<br \/>\n<em>&#8222;- D\u0103, cucoane, s\u0103 nu v\u0103 fie cu sup\u0103rare; dar de la vorb\u0103 \u015fi p\u00e2n\u0103 la fapt\u0103 este mare deosebire&#8230; Dumneavoastr\u0103, ca fiecare boier, numai ne-a\u0163i poruncit s\u0103 aducem bolovanul, dar n-a\u0163i pus um\u0103rul \u00eempreun\u0103 cu noi la adus, cum ne spunea\u0163i adinioarea, c\u0103 de-acuma to\u0163i o s\u0103 ia parte la sarcini: de la vl\u0103dic\u0103 p\u00e2n\u0103 la opinc\u0103. Bine-ar fi, dac-ar fi a\u015fa, cucoane; c\u0103ci la r\u0103zboi \u00eenapoi \u015fi la poman\u0103 n\u0103val\u0103, parc\u0103 nu prea vine la socoteal\u0103&#8230; Iar de la bolovanul d-voastr\u0103&#8230; am \u00een\u0163eles a\u015fa: c\u0103 p\u00e2n\u0103 acum, noi \u0163\u0103ranii am dus fiecare c\u00e2te o piatr\u0103 mai mare sau mai mic\u0103 pe umeri; \u00eens\u0103 acum suntem chema\u0163i a purta \u00eempreun\u0103 tot noi, opinca, o st\u00e2nc\u0103 pe umerele noastre&#8230; S\u0103 dea domnul, cucoane, s\u0103 fie altfel, c\u0103 mie unuia nu mi-a p\u0103rea r\u0103u&#8230;&#8221;<\/em><\/p>\n<p>Se pare c\u0103 aceast\u0103 zicere a lui Mo\u015f Ion Roat\u0103 \u015fi-a produs oarecum efectul, c\u0103ci ceilal\u0163i \u0163\u0103rani au fost pu\u015fi pe g\u00e2nduri, iar boierul n-a mai spus nimic.<\/p>\n<p><a href=\"https:\/\/www.lovendal.ro\/wp52\/wp-content\/uploads\/2021\/03\/mormantul-lui-Mos-Ion-Roata.jpg\"><img loading=\"lazy\" decoding=\"async\" class=\"aligncenter size-full wp-image-74273\" src=\"https:\/\/www.lovendal.ro\/wp52\/wp-content\/uploads\/2021\/03\/mormantul-lui-Mos-Ion-Roata.jpg\" alt=\"\" width=\"544\" height=\"700\" srcset=\"https:\/\/www.lovendal.ro\/wp52\/wp-content\/uploads\/2021\/03\/mormantul-lui-Mos-Ion-Roata.jpg 544w, https:\/\/www.lovendal.ro\/wp52\/wp-content\/uploads\/2021\/03\/mormantul-lui-Mos-Ion-Roata-233x300.jpg 233w, https:\/\/www.lovendal.ro\/wp52\/wp-content\/uploads\/2021\/03\/mormantul-lui-Mos-Ion-Roata-326x420.jpg 326w\" sizes=\"auto, (max-width: 544px) 100vw, 544px\" \/><\/a><strong>Cum Mo\u015f Ion Roat\u0103 \u00eel pune la punct pe un boier &#8222;bonjurist&#8221;<\/strong><\/p>\n<p>Dup\u0103 aceast\u0103 \u00eent\u00e2mplare, \u0163\u0103ranii frunta\u015fi \u00eempreun\u0103 cu Mo\u015f Ion Roat\u0103, se aflau ca invita\u0163i la istorica adunare a Divanului Ad-hoc. Ciocoi \u015fi boieri de tot felul se luaser\u0103 la ceart\u0103, \u00eentrec\u00e2ndu-se \u00een discu\u0163ii interminabile, pe chestii formale, de\u015fi toat\u0103 suflarea prezent\u0103 era pentru realizarea unirii.<\/p>\n<p>La un moment dat, luase cuv\u00e2ntul un t\u00e2n\u0103r boiera\u015f, proasp\u0103t venit din str\u0103in\u0103tate, cu maniere noi \u015fi forme oratorice importate. Cum acesta se rostea \u00eentr-o limb\u0103 greu inteligibil\u0103 pentru \u0163\u0103rani, Mo\u015f Ion Roat\u0103 c\u0103ruia \u00eei pl\u0103ceau vorbele clare, spuse pe graiul str\u0103mo\u015fesc, \u00eendr\u0103zni s\u0103-l \u00eentrerup\u0103 pe orator, rug\u00e2ndu-l s\u0103 se exprime mai pe moldovene\u015fte. Boierul s-a enervat \u015fi a \u00eenceput s\u0103-l certe pe Mo\u015f Ion Roat\u0103 astfel:<br \/>\n<em>&#8222;- Dar ce nevoie mare este s\u0103 \u00een\u0163elegi tu, mojicule! Tac\u0103-\u0163i leoarba, dac\u0103 ai venit aici. Auzi, obr\u0103znicie! Tu&#8230; cu 80.000 de mii de f\u0103lci de mo\u015fie, \u015fi el, un ghiorlan, c-un petec de p\u0103m\u00e2nt, \u015fi uite ce gur\u0103 face al\u0103turi cu mine!&#8221;<\/em><\/p>\n<p>Aceast\u0103 jignire avu darul s\u0103-l scoat\u0103 din s\u0103rite pe bietul Mo\u015f Ion Roat\u0103, care spre surpriza tuturor celor de fa\u0163\u0103, nu se sfii s\u0103 replice:<br \/>\n<em>&#8222;- Dar bine, cucoane, dac\u0103 nu v-a fost cu pl\u0103cere s\u0103 pricepem \u015fi noi c\u00e2te ceva din cele ce spune\u0163i dumneavoastr\u0103, de ce ne-a\u0163i mai adus aici, s\u0103 v\u0103 bate\u0163i joc de noi? Ei, cucoane, cucoane! Puternic e\u015fti, megie\u015f \u00eemi e\u015fti, ca r\u0103ze\u015f ce sunt, \u015ftiu bine c\u0103 n-are s\u0103-mi fie bine, c\u00e2nd m-oi \u00eentoarce acas\u0103, unde m\u0103 a\u015fteapt\u0103 nevoile.\u00a0 Dar, s\u0103 nu v\u0103 fie cu sup\u0103rare, la palmele aceste \u0163\u0103r\u0103ne\u015fti ale noastre, str\u0103punse de p\u0103l\u0103mid\u0103 \u015fi pline de b\u0103t\u0103turi, cum le vede\u0163i, v\u0103 \u0163in pe dumneavoastr\u0103 de at\u00e2ta amar de vreme \u015fi v\u0103 fac de huzuri\u0163i de bine; \u015fi mai mult dec\u00e2t at\u00e2ta, orice venetic, \u00een \u0163ara asta, este oplo\u015fit de dumneavoastr\u0103, \u015fi-l privi\u0163i cu nep\u0103sare cum ne suge s\u00e2ngele, \u015fi t\u0103ce\u0163i, \u015fi-l \u00eembr\u0103\u0163i\u015fa\u0163i! Numai noi, vite de munc\u0103, v\u0103 suntem dragi ca sarea \u00een ochi. Din mojici, din ghiorlani \u015fi din dobitoci nu ne mai scoate\u0163i! Dumnezeu s\u0103 ne ierte \u015fi s\u0103 ne ierta\u0163i \u015fi dumneavoastr\u0103, cucoane, dar cu adev\u0103rat, a\u015fa este: v-a\u0163i deprins a lua focul totdeauna cu m\u00e2inile noastre cele mojice\u015fti&#8230; \u015ei tot noi suntem cei oropsi\u0163i!&#8221;<\/em><\/p>\n<p>Un boier mai \u00een\u0163elept, Alecu For\u0103scu, impresionai de admirabila atitudine b\u0103rb\u0103teasc\u0103 a Mo\u015fului Ion Roat\u0103, l-a felicitat atunci c\u0103lduros spun\u00e2nd adun\u0103rii: <strong><em>&#8222;Dec\u00e2t un bonjurist c-o m\u00e2n\u0103 de \u00eenv\u0103\u0163\u0103tur\u0103, mai bine un \u0163\u0103ran cu un car de minte!\u201c<\/em><\/strong><\/p>\n<p>Iar pentru a consfin\u0163i dreapta chibzuin\u0163\u0103 a curajosului s\u0103tean, \u00eensu\u015fi colonelul Alexandru Cuza, domnitorul de mai t\u00e2rziu, a str\u00e2ns prietene\u015fte m\u00e2na lui Mo\u015f Ion Roat\u0103, ar\u0103t\u00e2nd prin acest m\u0103re\u0163 gest de partea cui se situase.<\/p>\n<p><strong>Unde te-a scuipat boierul, te-a s\u0103rutat domnitorul \u0163\u0103rii \u015fi \u0163i-a \u015fters ru\u015finea!<\/strong><\/p>\n<p>Totu\u015fi, ca urmare a acestui discurs, Mo\u015f Ion Roat\u0103 avusese de suferit, fiind adus la sap\u0103 de lemn. \u00cens\u0103, cu ocazia unei vizite pe care Cuza Vod\u0103 a f\u0103cut-o dup\u0103 1860, prin Adjud, \u00een drum spre Bucure\u015fti, ie\u015fiser\u0103 \u00een \u00eent\u00e2mpinarea M\u0103riei Sale numero\u015fi \u0163\u0103rani. Printre ace\u015ftia se afla \u015fi Mo\u015f Ion Roat\u0103, care venise cu o pl\u00e2ngere. Domnitorul recunosc\u00e2nd pe amicul \u015fi tovar\u0103\u015ful s\u0103u din Divanul Ad-hoc, s-a bucurat de aceast\u0103 revedere \u015fi l-a \u00eencurajat s\u0103-\u015fi spun\u0103 necazul. Atunci, bietul \u0163\u0103ran s-a pl\u00e2ns domnitorului, povestindu-i cum din cauza discursului din adunarea Ad-hoc, megie\u015ful cel puternic din regiune l-a lovit amarnic \u00een cinste \u015fi avere. Duc\u00e2ndu-se s\u0103 se pl\u00e2ng\u0103 la boier, spre a cere s\u0103 \u00eenceteze prigoana \u00eempotriva sa, a fost primit ca un c\u00e2ine, scuipat \u00een obraz \u015fi amenin\u0163at c\u0103 va fi biciuit. R\u0103mas s\u0103rac din pricina jafului la care a fost supus \u015fi dezonorat printr-un tratament neomenesc, Mo\u015f Ion Roat\u0103 \u00eel implor\u0103 pe Cuza s\u0103-i fac\u0103 dreptate.<\/p>\n<p>Domnitorul, dup\u0103 ce a ascultat pl\u00e2ngerea bravului s\u0103u supus, i-a \u00eenm\u00e2nat pe loc dou\u0103 gr\u0103mezi cu napoleoni drept desp\u0103gubire.<br \/>\n<em>&#8211; Dar cu ru\u015finea ce mi-a f\u0103cut, cum r\u0103m\u00e2ne, M\u0103ria-Ta?<\/em><br \/>\n<em>&#8211; Cu ru\u015finea iaca a\u015fa r\u0103m\u00e2ne, Mo\u015f Ion<\/em>, spuse Cuza Vod\u0103, s\u0103rut\u00e2ndu-l \u015fi pe un obraz \u015fi pe cel\u0103lalt, \u00een fa\u0163a mul\u0163imii adunate acolo.<br \/>\n<em>&#8211; Du-te \u015fi spune s\u0103tenilor dumitale, Mo\u015f Ioane, c\u0103 pe unde te-a scuipat boierul, te-a s\u0103rutat domnitorul \u0163\u0103rii \u015fi \u0163i-a \u015fters ru\u015finea!<\/em><\/p>\n<p>Re\u00eentors acas\u0103, \u00een C\u00e2mpuri, Mo\u015f Ion Roat\u0103 a reu\u015fit s\u0103-\u015fi c\u00e2\u015ftige stima \u015fi respectul tuturor \u0163\u0103ranilor p\u00e2n\u0103 la sf\u00e2r\u015fitul vie\u0163ii.<\/p>\n","protected":false},"excerpt":{"rendered":"<p>Satul Gura V\u0103ii, Comuna C\u00e2mpuri (jude\u0163ul Vrancea) se afl\u0103 situat \u00eentre M\u0103r\u0103\u015fti \u015fi Soveja. C\u00e2\u0163i \u015ftiu c\u0103 \u00een acest sat se afl\u0103 morm\u00e2ntul lui Mo\u015f Ion Roat\u0103, \u0163\u0103ranul care pe vremuri, sub domnitorul Cuza-Vod\u0103, a jucat un rol destul de &#8230; <\/p>\n<p class=\"read-more-container\"><a title=\"\u0162\u0103ranul Mo\u015f Ion Roat\u0103 \u015fi \u00eenv\u0103\u0163\u0103turile sale extraordinare &#8211; dec\u00e2t un bonjurist (progresist) c-o m\u00e2n\u0103 de \u00eenv\u0103\u0163\u0103tur\u0103, mai bine un \u0163\u0103ran cu un car de minte!\" class=\"read-more button\" href=\"https:\/\/www.lovendal.ro\/wp52\/taranul-mos-ion-roata-si-invataturile-sale-extraordinare-decat-un-bonjurist-progresist-c-o-mana-de-invatatura-mai-bine-un-taran-cu-un-car-de-minte\/#more-74272\" aria-label=\"Cite\u0219te mai multe despre \u0162\u0103ranul Mo\u015f Ion Roat\u0103 \u015fi \u00eenv\u0103\u0163\u0103turile sale extraordinare &#8211; dec\u00e2t un bonjurist (progresist) c-o m\u00e2n\u0103 de \u00eenv\u0103\u0163\u0103tur\u0103, mai bine un \u0163\u0103ran cu un car de minte!\">Cititi mai multe<\/a><\/p>\n","protected":false},"author":1,"featured_media":74274,"comment_status":"open","ping_status":"open","sticky":false,"template":"","format":"standard","meta":{"footnotes":""},"categories":[9],"tags":[2500,8594,827,652,4977,976,1428,329,793,1532,315,16586,16585,2925,2862,4041],"class_list":["post-74272","post","type-post","status-publish","format-standard","has-post-thumbnail","hentry","category-istorie","tag-boier","tag-bolovan","tag-bucuresti","tag-caine","tag-colonel","tag-cuza-voda","tag-domnitor","tag-iasi","tag-ion-creanga","tag-istorie-si-civilizatii","tag-mormant","tag-mos-ion-roata","tag-soveja","tag-taran","tag-unirea-de-la-1859","tag-vrancea","resize-featured-image"],"yoast_head":"<!-- This site is optimized with the Yoast SEO Premium plugin v23.3 (Yoast SEO v27.4) - https:\/\/yoast.com\/product\/yoast-seo-premium-wordpress\/ -->\n<title>\u0162\u0103ranul Mo\u015f Ion Roat\u0103 \u015fi \u00eenv\u0103\u0163\u0103turile sale extraordinare - dec\u00e2t un bonjurist (progresist) c-o m\u00e2n\u0103 de \u00eenv\u0103\u0163\u0103tur\u0103, mai bine un \u0163\u0103ran cu un car de minte! - Secretele lui Lovendal<\/title>\n<meta name=\"robots\" content=\"index, follow, max-snippet:-1, max-image-preview:large, max-video-preview:-1\" \/>\n<link rel=\"canonical\" href=\"https:\/\/www.lovendal.ro\/wp52\/taranul-mos-ion-roata-si-invataturile-sale-extraordinare-decat-un-bonjurist-progresist-c-o-mana-de-invatatura-mai-bine-un-taran-cu-un-car-de-minte\/\" \/>\n<meta property=\"og:locale\" content=\"ro_RO\" \/>\n<meta property=\"og:type\" content=\"article\" \/>\n<meta property=\"og:title\" content=\"\u0162\u0103ranul Mo\u015f Ion Roat\u0103 \u015fi \u00eenv\u0103\u0163\u0103turile sale extraordinare - dec\u00e2t un bonjurist (progresist) c-o m\u00e2n\u0103 de \u00eenv\u0103\u0163\u0103tur\u0103, mai bine un \u0163\u0103ran cu un car de minte!\" \/>\n<meta property=\"og:description\" content=\"Satul Gura V\u0103ii, Comuna C\u00e2mpuri (jude\u0163ul Vrancea) se afl\u0103 situat \u00eentre M\u0103r\u0103\u015fti \u015fi Soveja. C\u00e2\u0163i \u015ftiu c\u0103 \u00een acest sat se afl\u0103 morm\u00e2ntul lui Mo\u015f Ion Roat\u0103, \u0163\u0103ranul care pe vremuri, sub domnitorul Cuza-Vod\u0103, a jucat un rol destul de ... Cititi mai multe\" \/>\n<meta property=\"og:url\" content=\"https:\/\/www.lovendal.ro\/wp52\/taranul-mos-ion-roata-si-invataturile-sale-extraordinare-decat-un-bonjurist-progresist-c-o-mana-de-invatatura-mai-bine-un-taran-cu-un-car-de-minte\/\" \/>\n<meta property=\"og:site_name\" content=\"Secretele lui Lovendal\" \/>\n<meta property=\"article:publisher\" content=\"https:\/\/www.facebook.com\/secreteleluilovendal\" \/>\n<meta property=\"article:published_time\" content=\"2021-03-27T21:46:53+00:00\" \/>\n<meta property=\"og:image\" content=\"https:\/\/www.lovendal.ro\/wp52\/wp-content\/uploads\/2021\/03\/Mos-Ion-Roata.jpg\" \/>\n\t<meta property=\"og:image:width\" content=\"350\" \/>\n\t<meta property=\"og:image:height\" content=\"347\" \/>\n\t<meta property=\"og:image:type\" content=\"image\/jpeg\" \/>\n<meta name=\"author\" content=\"admin\" \/>\n<meta name=\"twitter:card\" content=\"summary_large_image\" \/>\n<meta name=\"twitter:label1\" content=\"Scris de\" \/>\n\t<meta name=\"twitter:data1\" content=\"admin\" \/>\n\t<meta name=\"twitter:label2\" content=\"Timp estimat pentru citire\" \/>\n\t<meta name=\"twitter:data2\" content=\"7 minute\" \/>\n<script type=\"application\/ld+json\" class=\"yoast-schema-graph\">{\"@context\":\"https:\\\/\\\/schema.org\",\"@graph\":[{\"@type\":\"Article\",\"@id\":\"https:\\\/\\\/www.lovendal.ro\\\/wp52\\\/taranul-mos-ion-roata-si-invataturile-sale-extraordinare-decat-un-bonjurist-progresist-c-o-mana-de-invatatura-mai-bine-un-taran-cu-un-car-de-minte\\\/#article\",\"isPartOf\":{\"@id\":\"https:\\\/\\\/www.lovendal.ro\\\/wp52\\\/taranul-mos-ion-roata-si-invataturile-sale-extraordinare-decat-un-bonjurist-progresist-c-o-mana-de-invatatura-mai-bine-un-taran-cu-un-car-de-minte\\\/\"},\"author\":{\"name\":\"admin\",\"@id\":\"https:\\\/\\\/www.lovendal.ro\\\/wp52\\\/#\\\/schema\\\/person\\\/088691de5dfc346bb0c023e1e52ef5d9\"},\"headline\":\"\u0162\u0103ranul Mo\u015f Ion Roat\u0103 \u015fi \u00eenv\u0103\u0163\u0103turile sale extraordinare &#8211; dec\u00e2t un bonjurist (progresist) c-o m\u00e2n\u0103 de \u00eenv\u0103\u0163\u0103tur\u0103, mai bine un \u0163\u0103ran cu un car de minte!\",\"datePublished\":\"2021-03-27T21:46:53+00:00\",\"mainEntityOfPage\":{\"@id\":\"https:\\\/\\\/www.lovendal.ro\\\/wp52\\\/taranul-mos-ion-roata-si-invataturile-sale-extraordinare-decat-un-bonjurist-progresist-c-o-mana-de-invatatura-mai-bine-un-taran-cu-un-car-de-minte\\\/\"},\"wordCount\":1525,\"commentCount\":0,\"publisher\":{\"@id\":\"https:\\\/\\\/www.lovendal.ro\\\/wp52\\\/#organization\"},\"image\":{\"@id\":\"https:\\\/\\\/www.lovendal.ro\\\/wp52\\\/taranul-mos-ion-roata-si-invataturile-sale-extraordinare-decat-un-bonjurist-progresist-c-o-mana-de-invatatura-mai-bine-un-taran-cu-un-car-de-minte\\\/#primaryimage\"},\"thumbnailUrl\":\"https:\\\/\\\/www.lovendal.ro\\\/wp52\\\/wp-content\\\/uploads\\\/2021\\\/03\\\/Mos-Ion-Roata.jpg\",\"keywords\":[\"boier\",\"bolovan\",\"Bucure\u015fti\",\"c\u00e2ine\",\"colonel\",\"Cuza Vod\u0103\",\"domnitor\",\"Ia\u015fi\",\"Ion Creang\u0103\",\"Istorie si Civilizatii\",\"morm\u00e2nt\",\"Mo\u015f Ion Roat\u0103\",\"Soveja\",\"\u0163\u0103ran\",\"Unirea de la 1859\",\"Vrancea\"],\"articleSection\":[\"Istorie si Civilizatii\"],\"inLanguage\":\"ro-RO\",\"potentialAction\":[{\"@type\":\"CommentAction\",\"name\":\"Comment\",\"target\":[\"https:\\\/\\\/www.lovendal.ro\\\/wp52\\\/taranul-mos-ion-roata-si-invataturile-sale-extraordinare-decat-un-bonjurist-progresist-c-o-mana-de-invatatura-mai-bine-un-taran-cu-un-car-de-minte\\\/#respond\"]}]},{\"@type\":\"WebPage\",\"@id\":\"https:\\\/\\\/www.lovendal.ro\\\/wp52\\\/taranul-mos-ion-roata-si-invataturile-sale-extraordinare-decat-un-bonjurist-progresist-c-o-mana-de-invatatura-mai-bine-un-taran-cu-un-car-de-minte\\\/\",\"url\":\"https:\\\/\\\/www.lovendal.ro\\\/wp52\\\/taranul-mos-ion-roata-si-invataturile-sale-extraordinare-decat-un-bonjurist-progresist-c-o-mana-de-invatatura-mai-bine-un-taran-cu-un-car-de-minte\\\/\",\"name\":\"\u0162\u0103ranul Mo\u015f Ion Roat\u0103 \u015fi \u00eenv\u0103\u0163\u0103turile sale extraordinare - dec\u00e2t un bonjurist (progresist) c-o m\u00e2n\u0103 de \u00eenv\u0103\u0163\u0103tur\u0103, mai bine un \u0163\u0103ran cu un car de minte! - Secretele lui Lovendal\",\"isPartOf\":{\"@id\":\"https:\\\/\\\/www.lovendal.ro\\\/wp52\\\/#website\"},\"primaryImageOfPage\":{\"@id\":\"https:\\\/\\\/www.lovendal.ro\\\/wp52\\\/taranul-mos-ion-roata-si-invataturile-sale-extraordinare-decat-un-bonjurist-progresist-c-o-mana-de-invatatura-mai-bine-un-taran-cu-un-car-de-minte\\\/#primaryimage\"},\"image\":{\"@id\":\"https:\\\/\\\/www.lovendal.ro\\\/wp52\\\/taranul-mos-ion-roata-si-invataturile-sale-extraordinare-decat-un-bonjurist-progresist-c-o-mana-de-invatatura-mai-bine-un-taran-cu-un-car-de-minte\\\/#primaryimage\"},\"thumbnailUrl\":\"https:\\\/\\\/www.lovendal.ro\\\/wp52\\\/wp-content\\\/uploads\\\/2021\\\/03\\\/Mos-Ion-Roata.jpg\",\"datePublished\":\"2021-03-27T21:46:53+00:00\",\"breadcrumb\":{\"@id\":\"https:\\\/\\\/www.lovendal.ro\\\/wp52\\\/taranul-mos-ion-roata-si-invataturile-sale-extraordinare-decat-un-bonjurist-progresist-c-o-mana-de-invatatura-mai-bine-un-taran-cu-un-car-de-minte\\\/#breadcrumb\"},\"inLanguage\":\"ro-RO\",\"potentialAction\":[{\"@type\":\"ReadAction\",\"target\":[\"https:\\\/\\\/www.lovendal.ro\\\/wp52\\\/taranul-mos-ion-roata-si-invataturile-sale-extraordinare-decat-un-bonjurist-progresist-c-o-mana-de-invatatura-mai-bine-un-taran-cu-un-car-de-minte\\\/\"]}]},{\"@type\":\"ImageObject\",\"inLanguage\":\"ro-RO\",\"@id\":\"https:\\\/\\\/www.lovendal.ro\\\/wp52\\\/taranul-mos-ion-roata-si-invataturile-sale-extraordinare-decat-un-bonjurist-progresist-c-o-mana-de-invatatura-mai-bine-un-taran-cu-un-car-de-minte\\\/#primaryimage\",\"url\":\"https:\\\/\\\/www.lovendal.ro\\\/wp52\\\/wp-content\\\/uploads\\\/2021\\\/03\\\/Mos-Ion-Roata.jpg\",\"contentUrl\":\"https:\\\/\\\/www.lovendal.ro\\\/wp52\\\/wp-content\\\/uploads\\\/2021\\\/03\\\/Mos-Ion-Roata.jpg\",\"width\":350,\"height\":347},{\"@type\":\"BreadcrumbList\",\"@id\":\"https:\\\/\\\/www.lovendal.ro\\\/wp52\\\/taranul-mos-ion-roata-si-invataturile-sale-extraordinare-decat-un-bonjurist-progresist-c-o-mana-de-invatatura-mai-bine-un-taran-cu-un-car-de-minte\\\/#breadcrumb\",\"itemListElement\":[{\"@type\":\"ListItem\",\"position\":1,\"name\":\"Home\",\"item\":\"https:\\\/\\\/www.lovendal.ro\\\/wp52\\\/\"},{\"@type\":\"ListItem\",\"position\":2,\"name\":\"\u0162\u0103ranul Mo\u015f Ion Roat\u0103 \u015fi \u00eenv\u0103\u0163\u0103turile sale extraordinare &#8211; dec\u00e2t un bonjurist (progresist) c-o m\u00e2n\u0103 de \u00eenv\u0103\u0163\u0103tur\u0103, mai bine un \u0163\u0103ran cu un car de minte!\"}]},{\"@type\":\"WebSite\",\"@id\":\"https:\\\/\\\/www.lovendal.ro\\\/wp52\\\/#website\",\"url\":\"https:\\\/\\\/www.lovendal.ro\\\/wp52\\\/\",\"name\":\"Secretele lui Lovendal\",\"description\":\"Site de secrete, stiinta si metafizica - din 2008 -\",\"publisher\":{\"@id\":\"https:\\\/\\\/www.lovendal.ro\\\/wp52\\\/#organization\"},\"potentialAction\":[{\"@type\":\"SearchAction\",\"target\":{\"@type\":\"EntryPoint\",\"urlTemplate\":\"https:\\\/\\\/www.lovendal.ro\\\/wp52\\\/?s={search_term_string}\"},\"query-input\":{\"@type\":\"PropertyValueSpecification\",\"valueRequired\":true,\"valueName\":\"search_term_string\"}}],\"inLanguage\":\"ro-RO\"},{\"@type\":\"Organization\",\"@id\":\"https:\\\/\\\/www.lovendal.ro\\\/wp52\\\/#organization\",\"name\":\"Secretele lui Lovendal\",\"url\":\"https:\\\/\\\/www.lovendal.ro\\\/wp52\\\/\",\"logo\":{\"@type\":\"ImageObject\",\"inLanguage\":\"ro-RO\",\"@id\":\"https:\\\/\\\/www.lovendal.ro\\\/wp52\\\/#\\\/schema\\\/logo\\\/image\\\/\",\"url\":\"https:\\\/\\\/www.lovendal.ro\\\/wp52\\\/wp-content\\\/uploads\\\/2024\\\/06\\\/cropped-SLL-iun-2024-1.jpg\",\"contentUrl\":\"https:\\\/\\\/www.lovendal.ro\\\/wp52\\\/wp-content\\\/uploads\\\/2024\\\/06\\\/cropped-SLL-iun-2024-1.jpg\",\"width\":771,\"height\":240,\"caption\":\"Secretele lui Lovendal\"},\"image\":{\"@id\":\"https:\\\/\\\/www.lovendal.ro\\\/wp52\\\/#\\\/schema\\\/logo\\\/image\\\/\"},\"sameAs\":[\"https:\\\/\\\/www.facebook.com\\\/secreteleluilovendal\"]},{\"@type\":\"Person\",\"@id\":\"https:\\\/\\\/www.lovendal.ro\\\/wp52\\\/#\\\/schema\\\/person\\\/088691de5dfc346bb0c023e1e52ef5d9\",\"name\":\"admin\",\"image\":{\"@type\":\"ImageObject\",\"inLanguage\":\"ro-RO\",\"@id\":\"https:\\\/\\\/secure.gravatar.com\\\/avatar\\\/ecb9cd41f5f63c9c9b989999a59f6e2639a865ec361e9db054db0679a8f341c2?s=96&d=mm&r=g\",\"url\":\"https:\\\/\\\/secure.gravatar.com\\\/avatar\\\/ecb9cd41f5f63c9c9b989999a59f6e2639a865ec361e9db054db0679a8f341c2?s=96&d=mm&r=g\",\"contentUrl\":\"https:\\\/\\\/secure.gravatar.com\\\/avatar\\\/ecb9cd41f5f63c9c9b989999a59f6e2639a865ec361e9db054db0679a8f341c2?s=96&d=mm&r=g\",\"caption\":\"admin\"},\"sameAs\":[\"https:\\\/\\\/www.lovendal.ro\\\/wp52\"]}]}<\/script>\n<!-- \/ Yoast SEO Premium plugin. -->","yoast_head_json":{"title":"\u0162\u0103ranul Mo\u015f Ion Roat\u0103 \u015fi \u00eenv\u0103\u0163\u0103turile sale extraordinare - dec\u00e2t un bonjurist (progresist) c-o m\u00e2n\u0103 de \u00eenv\u0103\u0163\u0103tur\u0103, mai bine un \u0163\u0103ran cu un car de minte! - Secretele lui Lovendal","robots":{"index":"index","follow":"follow","max-snippet":"max-snippet:-1","max-image-preview":"max-image-preview:large","max-video-preview":"max-video-preview:-1"},"canonical":"https:\/\/www.lovendal.ro\/wp52\/taranul-mos-ion-roata-si-invataturile-sale-extraordinare-decat-un-bonjurist-progresist-c-o-mana-de-invatatura-mai-bine-un-taran-cu-un-car-de-minte\/","og_locale":"ro_RO","og_type":"article","og_title":"\u0162\u0103ranul Mo\u015f Ion Roat\u0103 \u015fi \u00eenv\u0103\u0163\u0103turile sale extraordinare - dec\u00e2t un bonjurist (progresist) c-o m\u00e2n\u0103 de \u00eenv\u0103\u0163\u0103tur\u0103, mai bine un \u0163\u0103ran cu un car de minte!","og_description":"Satul Gura V\u0103ii, Comuna C\u00e2mpuri (jude\u0163ul Vrancea) se afl\u0103 situat \u00eentre M\u0103r\u0103\u015fti \u015fi Soveja. C\u00e2\u0163i \u015ftiu c\u0103 \u00een acest sat se afl\u0103 morm\u00e2ntul lui Mo\u015f Ion Roat\u0103, \u0163\u0103ranul care pe vremuri, sub domnitorul Cuza-Vod\u0103, a jucat un rol destul de ... Cititi mai multe","og_url":"https:\/\/www.lovendal.ro\/wp52\/taranul-mos-ion-roata-si-invataturile-sale-extraordinare-decat-un-bonjurist-progresist-c-o-mana-de-invatatura-mai-bine-un-taran-cu-un-car-de-minte\/","og_site_name":"Secretele lui Lovendal","article_publisher":"https:\/\/www.facebook.com\/secreteleluilovendal","article_published_time":"2021-03-27T21:46:53+00:00","og_image":[{"width":350,"height":347,"url":"https:\/\/www.lovendal.ro\/wp52\/wp-content\/uploads\/2021\/03\/Mos-Ion-Roata.jpg","type":"image\/jpeg"}],"author":"admin","twitter_card":"summary_large_image","twitter_misc":{"Scris de":"admin","Timp estimat pentru citire":"7 minute"},"schema":{"@context":"https:\/\/schema.org","@graph":[{"@type":"Article","@id":"https:\/\/www.lovendal.ro\/wp52\/taranul-mos-ion-roata-si-invataturile-sale-extraordinare-decat-un-bonjurist-progresist-c-o-mana-de-invatatura-mai-bine-un-taran-cu-un-car-de-minte\/#article","isPartOf":{"@id":"https:\/\/www.lovendal.ro\/wp52\/taranul-mos-ion-roata-si-invataturile-sale-extraordinare-decat-un-bonjurist-progresist-c-o-mana-de-invatatura-mai-bine-un-taran-cu-un-car-de-minte\/"},"author":{"name":"admin","@id":"https:\/\/www.lovendal.ro\/wp52\/#\/schema\/person\/088691de5dfc346bb0c023e1e52ef5d9"},"headline":"\u0162\u0103ranul Mo\u015f Ion Roat\u0103 \u015fi \u00eenv\u0103\u0163\u0103turile sale extraordinare &#8211; dec\u00e2t un bonjurist (progresist) c-o m\u00e2n\u0103 de \u00eenv\u0103\u0163\u0103tur\u0103, mai bine un \u0163\u0103ran cu un car de minte!","datePublished":"2021-03-27T21:46:53+00:00","mainEntityOfPage":{"@id":"https:\/\/www.lovendal.ro\/wp52\/taranul-mos-ion-roata-si-invataturile-sale-extraordinare-decat-un-bonjurist-progresist-c-o-mana-de-invatatura-mai-bine-un-taran-cu-un-car-de-minte\/"},"wordCount":1525,"commentCount":0,"publisher":{"@id":"https:\/\/www.lovendal.ro\/wp52\/#organization"},"image":{"@id":"https:\/\/www.lovendal.ro\/wp52\/taranul-mos-ion-roata-si-invataturile-sale-extraordinare-decat-un-bonjurist-progresist-c-o-mana-de-invatatura-mai-bine-un-taran-cu-un-car-de-minte\/#primaryimage"},"thumbnailUrl":"https:\/\/www.lovendal.ro\/wp52\/wp-content\/uploads\/2021\/03\/Mos-Ion-Roata.jpg","keywords":["boier","bolovan","Bucure\u015fti","c\u00e2ine","colonel","Cuza Vod\u0103","domnitor","Ia\u015fi","Ion Creang\u0103","Istorie si Civilizatii","morm\u00e2nt","Mo\u015f Ion Roat\u0103","Soveja","\u0163\u0103ran","Unirea de la 1859","Vrancea"],"articleSection":["Istorie si Civilizatii"],"inLanguage":"ro-RO","potentialAction":[{"@type":"CommentAction","name":"Comment","target":["https:\/\/www.lovendal.ro\/wp52\/taranul-mos-ion-roata-si-invataturile-sale-extraordinare-decat-un-bonjurist-progresist-c-o-mana-de-invatatura-mai-bine-un-taran-cu-un-car-de-minte\/#respond"]}]},{"@type":"WebPage","@id":"https:\/\/www.lovendal.ro\/wp52\/taranul-mos-ion-roata-si-invataturile-sale-extraordinare-decat-un-bonjurist-progresist-c-o-mana-de-invatatura-mai-bine-un-taran-cu-un-car-de-minte\/","url":"https:\/\/www.lovendal.ro\/wp52\/taranul-mos-ion-roata-si-invataturile-sale-extraordinare-decat-un-bonjurist-progresist-c-o-mana-de-invatatura-mai-bine-un-taran-cu-un-car-de-minte\/","name":"\u0162\u0103ranul Mo\u015f Ion Roat\u0103 \u015fi \u00eenv\u0103\u0163\u0103turile sale extraordinare - dec\u00e2t un bonjurist (progresist) c-o m\u00e2n\u0103 de \u00eenv\u0103\u0163\u0103tur\u0103, mai bine un \u0163\u0103ran cu un car de minte! - Secretele lui Lovendal","isPartOf":{"@id":"https:\/\/www.lovendal.ro\/wp52\/#website"},"primaryImageOfPage":{"@id":"https:\/\/www.lovendal.ro\/wp52\/taranul-mos-ion-roata-si-invataturile-sale-extraordinare-decat-un-bonjurist-progresist-c-o-mana-de-invatatura-mai-bine-un-taran-cu-un-car-de-minte\/#primaryimage"},"image":{"@id":"https:\/\/www.lovendal.ro\/wp52\/taranul-mos-ion-roata-si-invataturile-sale-extraordinare-decat-un-bonjurist-progresist-c-o-mana-de-invatatura-mai-bine-un-taran-cu-un-car-de-minte\/#primaryimage"},"thumbnailUrl":"https:\/\/www.lovendal.ro\/wp52\/wp-content\/uploads\/2021\/03\/Mos-Ion-Roata.jpg","datePublished":"2021-03-27T21:46:53+00:00","breadcrumb":{"@id":"https:\/\/www.lovendal.ro\/wp52\/taranul-mos-ion-roata-si-invataturile-sale-extraordinare-decat-un-bonjurist-progresist-c-o-mana-de-invatatura-mai-bine-un-taran-cu-un-car-de-minte\/#breadcrumb"},"inLanguage":"ro-RO","potentialAction":[{"@type":"ReadAction","target":["https:\/\/www.lovendal.ro\/wp52\/taranul-mos-ion-roata-si-invataturile-sale-extraordinare-decat-un-bonjurist-progresist-c-o-mana-de-invatatura-mai-bine-un-taran-cu-un-car-de-minte\/"]}]},{"@type":"ImageObject","inLanguage":"ro-RO","@id":"https:\/\/www.lovendal.ro\/wp52\/taranul-mos-ion-roata-si-invataturile-sale-extraordinare-decat-un-bonjurist-progresist-c-o-mana-de-invatatura-mai-bine-un-taran-cu-un-car-de-minte\/#primaryimage","url":"https:\/\/www.lovendal.ro\/wp52\/wp-content\/uploads\/2021\/03\/Mos-Ion-Roata.jpg","contentUrl":"https:\/\/www.lovendal.ro\/wp52\/wp-content\/uploads\/2021\/03\/Mos-Ion-Roata.jpg","width":350,"height":347},{"@type":"BreadcrumbList","@id":"https:\/\/www.lovendal.ro\/wp52\/taranul-mos-ion-roata-si-invataturile-sale-extraordinare-decat-un-bonjurist-progresist-c-o-mana-de-invatatura-mai-bine-un-taran-cu-un-car-de-minte\/#breadcrumb","itemListElement":[{"@type":"ListItem","position":1,"name":"Home","item":"https:\/\/www.lovendal.ro\/wp52\/"},{"@type":"ListItem","position":2,"name":"\u0162\u0103ranul Mo\u015f Ion Roat\u0103 \u015fi \u00eenv\u0103\u0163\u0103turile sale extraordinare &#8211; dec\u00e2t un bonjurist (progresist) c-o m\u00e2n\u0103 de \u00eenv\u0103\u0163\u0103tur\u0103, mai bine un \u0163\u0103ran cu un car de minte!"}]},{"@type":"WebSite","@id":"https:\/\/www.lovendal.ro\/wp52\/#website","url":"https:\/\/www.lovendal.ro\/wp52\/","name":"Secretele lui Lovendal","description":"Site de secrete, stiinta si metafizica - din 2008 -","publisher":{"@id":"https:\/\/www.lovendal.ro\/wp52\/#organization"},"potentialAction":[{"@type":"SearchAction","target":{"@type":"EntryPoint","urlTemplate":"https:\/\/www.lovendal.ro\/wp52\/?s={search_term_string}"},"query-input":{"@type":"PropertyValueSpecification","valueRequired":true,"valueName":"search_term_string"}}],"inLanguage":"ro-RO"},{"@type":"Organization","@id":"https:\/\/www.lovendal.ro\/wp52\/#organization","name":"Secretele lui Lovendal","url":"https:\/\/www.lovendal.ro\/wp52\/","logo":{"@type":"ImageObject","inLanguage":"ro-RO","@id":"https:\/\/www.lovendal.ro\/wp52\/#\/schema\/logo\/image\/","url":"https:\/\/www.lovendal.ro\/wp52\/wp-content\/uploads\/2024\/06\/cropped-SLL-iun-2024-1.jpg","contentUrl":"https:\/\/www.lovendal.ro\/wp52\/wp-content\/uploads\/2024\/06\/cropped-SLL-iun-2024-1.jpg","width":771,"height":240,"caption":"Secretele lui Lovendal"},"image":{"@id":"https:\/\/www.lovendal.ro\/wp52\/#\/schema\/logo\/image\/"},"sameAs":["https:\/\/www.facebook.com\/secreteleluilovendal"]},{"@type":"Person","@id":"https:\/\/www.lovendal.ro\/wp52\/#\/schema\/person\/088691de5dfc346bb0c023e1e52ef5d9","name":"admin","image":{"@type":"ImageObject","inLanguage":"ro-RO","@id":"https:\/\/secure.gravatar.com\/avatar\/ecb9cd41f5f63c9c9b989999a59f6e2639a865ec361e9db054db0679a8f341c2?s=96&d=mm&r=g","url":"https:\/\/secure.gravatar.com\/avatar\/ecb9cd41f5f63c9c9b989999a59f6e2639a865ec361e9db054db0679a8f341c2?s=96&d=mm&r=g","contentUrl":"https:\/\/secure.gravatar.com\/avatar\/ecb9cd41f5f63c9c9b989999a59f6e2639a865ec361e9db054db0679a8f341c2?s=96&d=mm&r=g","caption":"admin"},"sameAs":["https:\/\/www.lovendal.ro\/wp52"]}]}},"_links":{"self":[{"href":"https:\/\/www.lovendal.ro\/wp52\/wp-json\/wp\/v2\/posts\/74272","targetHints":{"allow":["GET"]}}],"collection":[{"href":"https:\/\/www.lovendal.ro\/wp52\/wp-json\/wp\/v2\/posts"}],"about":[{"href":"https:\/\/www.lovendal.ro\/wp52\/wp-json\/wp\/v2\/types\/post"}],"author":[{"embeddable":true,"href":"https:\/\/www.lovendal.ro\/wp52\/wp-json\/wp\/v2\/users\/1"}],"replies":[{"embeddable":true,"href":"https:\/\/www.lovendal.ro\/wp52\/wp-json\/wp\/v2\/comments?post=74272"}],"version-history":[{"count":0,"href":"https:\/\/www.lovendal.ro\/wp52\/wp-json\/wp\/v2\/posts\/74272\/revisions"}],"wp:featuredmedia":[{"embeddable":true,"href":"https:\/\/www.lovendal.ro\/wp52\/wp-json\/wp\/v2\/media\/74274"}],"wp:attachment":[{"href":"https:\/\/www.lovendal.ro\/wp52\/wp-json\/wp\/v2\/media?parent=74272"}],"wp:term":[{"taxonomy":"category","embeddable":true,"href":"https:\/\/www.lovendal.ro\/wp52\/wp-json\/wp\/v2\/categories?post=74272"},{"taxonomy":"post_tag","embeddable":true,"href":"https:\/\/www.lovendal.ro\/wp52\/wp-json\/wp\/v2\/tags?post=74272"}],"curies":[{"name":"wp","href":"https:\/\/api.w.org\/{rel}","templated":true}]}}