{"id":74157,"date":"2021-03-20T23:06:49","date_gmt":"2021-03-20T21:06:49","guid":{"rendered":"https:\/\/www.lovendal.ro\/wp52\/?p=74157"},"modified":"2021-03-20T23:06:49","modified_gmt":"2021-03-20T21:06:49","slug":"inca-o-filmare-controversata-cu-presedintele-american-joe-biden-in-care-partea-de-sus-a-capului-sau-pare-ca-dispare-ce-se-intampla","status":"publish","type":"post","link":"https:\/\/www.lovendal.ro\/wp52\/inca-o-filmare-controversata-cu-presedintele-american-joe-biden-in-care-partea-de-sus-a-capului-sau-pare-ca-dispare-ce-se-intampla\/","title":{"rendered":"\u00cenc\u0103 o filmare controversat\u0103 cu pre\u015fedintele american Joe Biden, \u00een care partea de sus a capului s\u0103u pare c\u0103 &#8222;dispare&#8221;. Ce se \u00eent\u00e2mpl\u0103?"},"content":{"rendered":"<p><a href=\"https:\/\/www.lovendal.ro\/wp52\/wp-content\/uploads\/2021\/03\/Biden-cap-coperta.jpg\"><img loading=\"lazy\" decoding=\"async\" class=\"alignleft size-full wp-image-74158\" src=\"https:\/\/www.lovendal.ro\/wp52\/wp-content\/uploads\/2021\/03\/Biden-cap-coperta.jpg\" alt=\"\" width=\"375\" height=\"273\" srcset=\"https:\/\/www.lovendal.ro\/wp52\/wp-content\/uploads\/2021\/03\/Biden-cap-coperta.jpg 375w, https:\/\/www.lovendal.ro\/wp52\/wp-content\/uploads\/2021\/03\/Biden-cap-coperta-300x218.jpg 300w, https:\/\/www.lovendal.ro\/wp52\/wp-content\/uploads\/2021\/03\/Biden-cap-coperta-324x235.jpg 324w\" sizes=\"auto, (max-width: 375px) 100vw, 375px\" \/><\/a>\u00cen articolul de ieri &#8211; <a href=\"https:\/\/www.lovendal.ro\/wp52\/o-filmare-socanta-prezinta-o-ciudatenie-cu-privire-la-pozitia-mainilor-presedintelui-joe-biden-care-e-explicatia\/\" target=\"_blank\" rel=\"noopener\"><strong>O filmare \u015focant\u0103 prezint\u0103 o ciud\u0103\u0163enie cu privire la pozi\u0163ia m\u00e2inilor pre\u015fedintelui Joe Biden\u2026 Care e explica\u0163ia!?<\/strong><\/a> &#8211; vorbeam despre pozi\u0163ia ciudat\u0103 a m\u00e2inilor lui Joe Biden \u00eentr-o filmare recent\u0103. Spuneam c\u0103, \u00een urma acestei film\u0103ri video controversate, pe Internet au \u00eenceput s\u0103 apar\u0103 teoria conspira\u0163iei conform c\u0103reia \u00een locul lui Biden acolo s-ar fi aflat o sofisticat\u0103 hologram\u0103! Al\u0163ii zic c\u0103 \u00eentreaga filmare e de fapt o editare pe calculator (CGI), iar Biden nu s-ar fi adresat acolo ziari\u015ftilor, ci ar fi vorba doar de o suprapunere de dou\u0103 film\u0103ri (una din film\u0103ri fiind realizat\u0103 de Biden \u00een studio).<\/p>\n<p><a href=\"https:\/\/www.lovendal.ro\/wp52\/wp-content\/uploads\/2021\/03\/Joe-Biden-microfon.jpg\"><img loading=\"lazy\" decoding=\"async\" class=\"aligncenter size-full wp-image-74142\" src=\"https:\/\/www.lovendal.ro\/wp52\/wp-content\/uploads\/2021\/03\/Joe-Biden-microfon.jpg\" alt=\"\" width=\"540\" height=\"301\" srcset=\"https:\/\/www.lovendal.ro\/wp52\/wp-content\/uploads\/2021\/03\/Joe-Biden-microfon.jpg 540w, https:\/\/www.lovendal.ro\/wp52\/wp-content\/uploads\/2021\/03\/Joe-Biden-microfon-300x167.jpg 300w\" sizes=\"auto, (max-width: 540px) 100vw, 540px\" \/><\/a>Acum \u00eens\u0103, cele dou\u0103 teorii ale conspira\u0163iei (Biden hologram\u0103 \/ editare video CGI) par s\u0103 se consolideze, din moment ce a mai ap\u0103rut \u00eenc\u0103 o filmare video pe Tik Tok, \u00een care partea de sus a capului pre\u015fedintelui Biden pare c\u0103&#8230; dispare pentru circa 1 secund\u0103! Pute\u0163i vedea mai jos \u00eenregistrarea video:<\/p>\n<blockquote class=\"tiktok-embed\" style=\"max-width: 605px; min-width: 325px;\" cite=\"https:\/\/www.tiktok.com\/@ronanathena\/video\/6939243099558317318\" data-video-id=\"6939243099558317318\">\n<section><a title=\"@ronanathena\" href=\"https:\/\/www.tiktok.com\/@ronanathena\" target=\"_blank\" rel=\"noopener\">@ronanathena<\/a>CGI?? things aren&#8217;t adding up!! Pay attention<\/p>\n<p><a title=\"\u266c original sound - RonanAthena\" href=\"https:\/\/www.tiktok.com\/music\/original-sound-6939243030633286405\" target=\"_blank\" rel=\"noopener\">\u266c original sound &#8211; RonanAthena<\/a><\/p>\n<\/section>\n<\/blockquote>\n<p><script async src=\"https:\/\/www.tiktok.com\/embed.js\"><\/script><\/p>\n<p><a href=\"https:\/\/www.lovendal.ro\/wp52\/wp-content\/uploads\/2021\/03\/Biden-cap-1.jpg\"><img loading=\"lazy\" decoding=\"async\" class=\"aligncenter size-full wp-image-74159\" src=\"https:\/\/www.lovendal.ro\/wp52\/wp-content\/uploads\/2021\/03\/Biden-cap-1.jpg\" alt=\"\" width=\"544\" height=\"394\" srcset=\"https:\/\/www.lovendal.ro\/wp52\/wp-content\/uploads\/2021\/03\/Biden-cap-1.jpg 544w, https:\/\/www.lovendal.ro\/wp52\/wp-content\/uploads\/2021\/03\/Biden-cap-1-300x217.jpg 300w, https:\/\/www.lovendal.ro\/wp52\/wp-content\/uploads\/2021\/03\/Biden-cap-1-324x235.jpg 324w\" sizes=\"auto, (max-width: 544px) 100vw, 544px\" \/><\/a><\/p>\n<p><a href=\"https:\/\/www.lovendal.ro\/wp52\/wp-content\/uploads\/2021\/03\/Biden-cap-2.jpg\"><img loading=\"lazy\" decoding=\"async\" class=\"aligncenter size-full wp-image-74160\" src=\"https:\/\/www.lovendal.ro\/wp52\/wp-content\/uploads\/2021\/03\/Biden-cap-2.jpg\" alt=\"\" width=\"544\" height=\"395\" srcset=\"https:\/\/www.lovendal.ro\/wp52\/wp-content\/uploads\/2021\/03\/Biden-cap-2.jpg 544w, https:\/\/www.lovendal.ro\/wp52\/wp-content\/uploads\/2021\/03\/Biden-cap-2-300x218.jpg 300w, https:\/\/www.lovendal.ro\/wp52\/wp-content\/uploads\/2021\/03\/Biden-cap-2-324x235.jpg 324w\" sizes=\"auto, (max-width: 544px) 100vw, 544px\" \/><\/a>P\u0103rerea mea este c\u0103 \u00een aceast\u0103 filmare partea de sus a capului lui Biden &#8222;dispare&#8221; \u00eentruc\u00e2t pe capul lui Biden bate o lumin\u0103 care se reflect\u0103 \u015fi care are aproximativ aceea\u015fi culoare \/ nuan\u0163\u0103 cu fundalul. Dar, teoria conspira\u0163iei spune c\u0103 \u015fi aceasta reprezint\u0103 o dovad\u0103 de editare video, folosindu-se tehnici CGI.<\/p>\n<p>Ca \u00eentotdeauna, v\u0103 las pe voi s\u0103 trage\u0163i singur concluziile!<\/p>\n","protected":false},"excerpt":{"rendered":"<p>\u00cen articolul de ieri &#8211; O filmare \u015focant\u0103 prezint\u0103 o ciud\u0103\u0163enie cu privire la pozi\u0163ia m\u00e2inilor pre\u015fedintelui Joe Biden\u2026 Care e explica\u0163ia!? &#8211; vorbeam despre pozi\u0163ia ciudat\u0103 a m\u00e2inilor lui Joe Biden \u00eentr-o filmare recent\u0103. Spuneam c\u0103, \u00een urma acestei &#8230; <\/p>\n<p class=\"read-more-container\"><a title=\"\u00cenc\u0103 o filmare controversat\u0103 cu pre\u015fedintele american Joe Biden, \u00een care partea de sus a capului s\u0103u pare c\u0103 &#8222;dispare&#8221;. Ce se \u00eent\u00e2mpl\u0103?\" class=\"read-more button\" href=\"https:\/\/www.lovendal.ro\/wp52\/inca-o-filmare-controversata-cu-presedintele-american-joe-biden-in-care-partea-de-sus-a-capului-sau-pare-ca-dispare-ce-se-intampla\/#more-74157\" aria-label=\"Cite\u0219te mai multe despre \u00cenc\u0103 o filmare controversat\u0103 cu pre\u015fedintele american Joe Biden, \u00een care partea de sus a capului s\u0103u pare c\u0103 &#8222;dispare&#8221;. Ce se \u00eent\u00e2mpl\u0103?\">Cititi mai multe<\/a><\/p>\n","protected":false},"author":1,"featured_media":74158,"comment_status":"open","ping_status":"open","sticky":false,"template":"","format":"standard","meta":{"footnotes":""},"categories":[475],"tags":[7042,358,1526,3049,597,7927,952,2263,190,23,16554,6827],"class_list":["post-74157","post","type-post","status-publish","format-standard","has-post-thumbnail","hentry","category-conspiratii-mistere","tag-cgi","tag-conspiratii-si-mistere","tag-filmare","tag-holograma","tag-internet","tag-joe-biden","tag-lumina","tag-mana","tag-presedinte","tag-sua","tag-tik-tok","tag-video","resize-featured-image"],"yoast_head":"<!-- This site is optimized with the Yoast SEO Premium plugin v23.3 (Yoast SEO v27.4) - https:\/\/yoast.com\/product\/yoast-seo-premium-wordpress\/ -->\n<title>\u00cenc\u0103 o filmare controversat\u0103 cu pre\u015fedintele american Joe Biden, \u00een care partea de sus a capului s\u0103u pare c\u0103 &quot;dispare&quot;. Ce se \u00eent\u00e2mpl\u0103? - Secretele lui Lovendal<\/title>\n<meta name=\"robots\" content=\"index, follow, max-snippet:-1, max-image-preview:large, max-video-preview:-1\" \/>\n<link rel=\"canonical\" href=\"https:\/\/www.lovendal.ro\/wp52\/inca-o-filmare-controversata-cu-presedintele-american-joe-biden-in-care-partea-de-sus-a-capului-sau-pare-ca-dispare-ce-se-intampla\/\" \/>\n<meta property=\"og:locale\" content=\"ro_RO\" \/>\n<meta property=\"og:type\" content=\"article\" \/>\n<meta property=\"og:title\" content=\"\u00cenc\u0103 o filmare controversat\u0103 cu pre\u015fedintele american Joe Biden, \u00een care partea de sus a capului s\u0103u pare c\u0103 &quot;dispare&quot;. Ce se \u00eent\u00e2mpl\u0103?\" \/>\n<meta property=\"og:description\" content=\"\u00cen articolul de ieri &#8211; O filmare \u015focant\u0103 prezint\u0103 o ciud\u0103\u0163enie cu privire la pozi\u0163ia m\u00e2inilor pre\u015fedintelui Joe Biden\u2026 Care e explica\u0163ia!? &#8211; vorbeam despre pozi\u0163ia ciudat\u0103 a m\u00e2inilor lui Joe Biden \u00eentr-o filmare recent\u0103. Spuneam c\u0103, \u00een urma acestei ... Cititi mai multe\" \/>\n<meta property=\"og:url\" content=\"https:\/\/www.lovendal.ro\/wp52\/inca-o-filmare-controversata-cu-presedintele-american-joe-biden-in-care-partea-de-sus-a-capului-sau-pare-ca-dispare-ce-se-intampla\/\" \/>\n<meta property=\"og:site_name\" content=\"Secretele lui Lovendal\" \/>\n<meta property=\"article:publisher\" content=\"https:\/\/www.facebook.com\/secreteleluilovendal\" \/>\n<meta property=\"article:published_time\" content=\"2021-03-20T21:06:49+00:00\" \/>\n<meta property=\"og:image\" content=\"https:\/\/www.lovendal.ro\/wp52\/wp-content\/uploads\/2021\/03\/Biden-cap-coperta.jpg\" \/>\n\t<meta property=\"og:image:width\" content=\"375\" \/>\n\t<meta property=\"og:image:height\" content=\"273\" \/>\n\t<meta property=\"og:image:type\" content=\"image\/jpeg\" \/>\n<meta name=\"author\" content=\"admin\" \/>\n<meta name=\"twitter:card\" content=\"summary_large_image\" \/>\n<meta name=\"twitter:label1\" content=\"Scris de\" \/>\n\t<meta name=\"twitter:data1\" content=\"admin\" \/>\n\t<meta name=\"twitter:label2\" content=\"Timp estimat pentru citire\" \/>\n\t<meta name=\"twitter:data2\" content=\"1 minut\" \/>\n<script type=\"application\/ld+json\" class=\"yoast-schema-graph\">{\"@context\":\"https:\\\/\\\/schema.org\",\"@graph\":[{\"@type\":\"Article\",\"@id\":\"https:\\\/\\\/www.lovendal.ro\\\/wp52\\\/inca-o-filmare-controversata-cu-presedintele-american-joe-biden-in-care-partea-de-sus-a-capului-sau-pare-ca-dispare-ce-se-intampla\\\/#article\",\"isPartOf\":{\"@id\":\"https:\\\/\\\/www.lovendal.ro\\\/wp52\\\/inca-o-filmare-controversata-cu-presedintele-american-joe-biden-in-care-partea-de-sus-a-capului-sau-pare-ca-dispare-ce-se-intampla\\\/\"},\"author\":{\"name\":\"admin\",\"@id\":\"https:\\\/\\\/www.lovendal.ro\\\/wp52\\\/#\\\/schema\\\/person\\\/088691de5dfc346bb0c023e1e52ef5d9\"},\"headline\":\"\u00cenc\u0103 o filmare controversat\u0103 cu pre\u015fedintele american Joe Biden, \u00een care partea de sus a capului s\u0103u pare c\u0103 &#8222;dispare&#8221;. Ce se \u00eent\u00e2mpl\u0103?\",\"datePublished\":\"2021-03-20T21:06:49+00:00\",\"mainEntityOfPage\":{\"@id\":\"https:\\\/\\\/www.lovendal.ro\\\/wp52\\\/inca-o-filmare-controversata-cu-presedintele-american-joe-biden-in-care-partea-de-sus-a-capului-sau-pare-ca-dispare-ce-se-intampla\\\/\"},\"wordCount\":277,\"commentCount\":0,\"publisher\":{\"@id\":\"https:\\\/\\\/www.lovendal.ro\\\/wp52\\\/#organization\"},\"image\":{\"@id\":\"https:\\\/\\\/www.lovendal.ro\\\/wp52\\\/inca-o-filmare-controversata-cu-presedintele-american-joe-biden-in-care-partea-de-sus-a-capului-sau-pare-ca-dispare-ce-se-intampla\\\/#primaryimage\"},\"thumbnailUrl\":\"https:\\\/\\\/www.lovendal.ro\\\/wp52\\\/wp-content\\\/uploads\\\/2021\\\/03\\\/Biden-cap-coperta.jpg\",\"keywords\":[\"CGI\",\"Conspiratii si Mistere\",\"filmare\",\"hologram\u0103\",\"Internet\",\"Joe Biden\",\"lumin\u0103\",\"m\u00e2n\u0103\",\"pre\u015fedinte\",\"SUA\",\"Tik Tok\",\"video\"],\"articleSection\":[\"Conspiratii si Mistere\"],\"inLanguage\":\"ro-RO\",\"potentialAction\":[{\"@type\":\"CommentAction\",\"name\":\"Comment\",\"target\":[\"https:\\\/\\\/www.lovendal.ro\\\/wp52\\\/inca-o-filmare-controversata-cu-presedintele-american-joe-biden-in-care-partea-de-sus-a-capului-sau-pare-ca-dispare-ce-se-intampla\\\/#respond\"]}]},{\"@type\":\"WebPage\",\"@id\":\"https:\\\/\\\/www.lovendal.ro\\\/wp52\\\/inca-o-filmare-controversata-cu-presedintele-american-joe-biden-in-care-partea-de-sus-a-capului-sau-pare-ca-dispare-ce-se-intampla\\\/\",\"url\":\"https:\\\/\\\/www.lovendal.ro\\\/wp52\\\/inca-o-filmare-controversata-cu-presedintele-american-joe-biden-in-care-partea-de-sus-a-capului-sau-pare-ca-dispare-ce-se-intampla\\\/\",\"name\":\"\u00cenc\u0103 o filmare controversat\u0103 cu pre\u015fedintele american Joe Biden, \u00een care partea de sus a capului s\u0103u pare c\u0103 \\\"dispare\\\". Ce se \u00eent\u00e2mpl\u0103? - Secretele lui Lovendal\",\"isPartOf\":{\"@id\":\"https:\\\/\\\/www.lovendal.ro\\\/wp52\\\/#website\"},\"primaryImageOfPage\":{\"@id\":\"https:\\\/\\\/www.lovendal.ro\\\/wp52\\\/inca-o-filmare-controversata-cu-presedintele-american-joe-biden-in-care-partea-de-sus-a-capului-sau-pare-ca-dispare-ce-se-intampla\\\/#primaryimage\"},\"image\":{\"@id\":\"https:\\\/\\\/www.lovendal.ro\\\/wp52\\\/inca-o-filmare-controversata-cu-presedintele-american-joe-biden-in-care-partea-de-sus-a-capului-sau-pare-ca-dispare-ce-se-intampla\\\/#primaryimage\"},\"thumbnailUrl\":\"https:\\\/\\\/www.lovendal.ro\\\/wp52\\\/wp-content\\\/uploads\\\/2021\\\/03\\\/Biden-cap-coperta.jpg\",\"datePublished\":\"2021-03-20T21:06:49+00:00\",\"breadcrumb\":{\"@id\":\"https:\\\/\\\/www.lovendal.ro\\\/wp52\\\/inca-o-filmare-controversata-cu-presedintele-american-joe-biden-in-care-partea-de-sus-a-capului-sau-pare-ca-dispare-ce-se-intampla\\\/#breadcrumb\"},\"inLanguage\":\"ro-RO\",\"potentialAction\":[{\"@type\":\"ReadAction\",\"target\":[\"https:\\\/\\\/www.lovendal.ro\\\/wp52\\\/inca-o-filmare-controversata-cu-presedintele-american-joe-biden-in-care-partea-de-sus-a-capului-sau-pare-ca-dispare-ce-se-intampla\\\/\"]}]},{\"@type\":\"ImageObject\",\"inLanguage\":\"ro-RO\",\"@id\":\"https:\\\/\\\/www.lovendal.ro\\\/wp52\\\/inca-o-filmare-controversata-cu-presedintele-american-joe-biden-in-care-partea-de-sus-a-capului-sau-pare-ca-dispare-ce-se-intampla\\\/#primaryimage\",\"url\":\"https:\\\/\\\/www.lovendal.ro\\\/wp52\\\/wp-content\\\/uploads\\\/2021\\\/03\\\/Biden-cap-coperta.jpg\",\"contentUrl\":\"https:\\\/\\\/www.lovendal.ro\\\/wp52\\\/wp-content\\\/uploads\\\/2021\\\/03\\\/Biden-cap-coperta.jpg\",\"width\":375,\"height\":273},{\"@type\":\"BreadcrumbList\",\"@id\":\"https:\\\/\\\/www.lovendal.ro\\\/wp52\\\/inca-o-filmare-controversata-cu-presedintele-american-joe-biden-in-care-partea-de-sus-a-capului-sau-pare-ca-dispare-ce-se-intampla\\\/#breadcrumb\",\"itemListElement\":[{\"@type\":\"ListItem\",\"position\":1,\"name\":\"Home\",\"item\":\"https:\\\/\\\/www.lovendal.ro\\\/wp52\\\/\"},{\"@type\":\"ListItem\",\"position\":2,\"name\":\"\u00cenc\u0103 o filmare controversat\u0103 cu pre\u015fedintele american Joe Biden, \u00een care partea de sus a capului s\u0103u pare c\u0103 &#8222;dispare&#8221;. Ce se \u00eent\u00e2mpl\u0103?\"}]},{\"@type\":\"WebSite\",\"@id\":\"https:\\\/\\\/www.lovendal.ro\\\/wp52\\\/#website\",\"url\":\"https:\\\/\\\/www.lovendal.ro\\\/wp52\\\/\",\"name\":\"Secretele lui Lovendal\",\"description\":\"Site de secrete, stiinta si metafizica - din 2008 -\",\"publisher\":{\"@id\":\"https:\\\/\\\/www.lovendal.ro\\\/wp52\\\/#organization\"},\"potentialAction\":[{\"@type\":\"SearchAction\",\"target\":{\"@type\":\"EntryPoint\",\"urlTemplate\":\"https:\\\/\\\/www.lovendal.ro\\\/wp52\\\/?s={search_term_string}\"},\"query-input\":{\"@type\":\"PropertyValueSpecification\",\"valueRequired\":true,\"valueName\":\"search_term_string\"}}],\"inLanguage\":\"ro-RO\"},{\"@type\":\"Organization\",\"@id\":\"https:\\\/\\\/www.lovendal.ro\\\/wp52\\\/#organization\",\"name\":\"Secretele lui Lovendal\",\"url\":\"https:\\\/\\\/www.lovendal.ro\\\/wp52\\\/\",\"logo\":{\"@type\":\"ImageObject\",\"inLanguage\":\"ro-RO\",\"@id\":\"https:\\\/\\\/www.lovendal.ro\\\/wp52\\\/#\\\/schema\\\/logo\\\/image\\\/\",\"url\":\"https:\\\/\\\/www.lovendal.ro\\\/wp52\\\/wp-content\\\/uploads\\\/2024\\\/06\\\/cropped-SLL-iun-2024-1.jpg\",\"contentUrl\":\"https:\\\/\\\/www.lovendal.ro\\\/wp52\\\/wp-content\\\/uploads\\\/2024\\\/06\\\/cropped-SLL-iun-2024-1.jpg\",\"width\":771,\"height\":240,\"caption\":\"Secretele lui Lovendal\"},\"image\":{\"@id\":\"https:\\\/\\\/www.lovendal.ro\\\/wp52\\\/#\\\/schema\\\/logo\\\/image\\\/\"},\"sameAs\":[\"https:\\\/\\\/www.facebook.com\\\/secreteleluilovendal\"]},{\"@type\":\"Person\",\"@id\":\"https:\\\/\\\/www.lovendal.ro\\\/wp52\\\/#\\\/schema\\\/person\\\/088691de5dfc346bb0c023e1e52ef5d9\",\"name\":\"admin\",\"image\":{\"@type\":\"ImageObject\",\"inLanguage\":\"ro-RO\",\"@id\":\"https:\\\/\\\/secure.gravatar.com\\\/avatar\\\/ecb9cd41f5f63c9c9b989999a59f6e2639a865ec361e9db054db0679a8f341c2?s=96&d=mm&r=g\",\"url\":\"https:\\\/\\\/secure.gravatar.com\\\/avatar\\\/ecb9cd41f5f63c9c9b989999a59f6e2639a865ec361e9db054db0679a8f341c2?s=96&d=mm&r=g\",\"contentUrl\":\"https:\\\/\\\/secure.gravatar.com\\\/avatar\\\/ecb9cd41f5f63c9c9b989999a59f6e2639a865ec361e9db054db0679a8f341c2?s=96&d=mm&r=g\",\"caption\":\"admin\"},\"sameAs\":[\"https:\\\/\\\/www.lovendal.ro\\\/wp52\"]}]}<\/script>\n<!-- \/ Yoast SEO Premium plugin. -->","yoast_head_json":{"title":"\u00cenc\u0103 o filmare controversat\u0103 cu pre\u015fedintele american Joe Biden, \u00een care partea de sus a capului s\u0103u pare c\u0103 \"dispare\". Ce se \u00eent\u00e2mpl\u0103? - Secretele lui Lovendal","robots":{"index":"index","follow":"follow","max-snippet":"max-snippet:-1","max-image-preview":"max-image-preview:large","max-video-preview":"max-video-preview:-1"},"canonical":"https:\/\/www.lovendal.ro\/wp52\/inca-o-filmare-controversata-cu-presedintele-american-joe-biden-in-care-partea-de-sus-a-capului-sau-pare-ca-dispare-ce-se-intampla\/","og_locale":"ro_RO","og_type":"article","og_title":"\u00cenc\u0103 o filmare controversat\u0103 cu pre\u015fedintele american Joe Biden, \u00een care partea de sus a capului s\u0103u pare c\u0103 \"dispare\". Ce se \u00eent\u00e2mpl\u0103?","og_description":"\u00cen articolul de ieri &#8211; O filmare \u015focant\u0103 prezint\u0103 o ciud\u0103\u0163enie cu privire la pozi\u0163ia m\u00e2inilor pre\u015fedintelui Joe Biden\u2026 Care e explica\u0163ia!? &#8211; vorbeam despre pozi\u0163ia ciudat\u0103 a m\u00e2inilor lui Joe Biden \u00eentr-o filmare recent\u0103. Spuneam c\u0103, \u00een urma acestei ... Cititi mai multe","og_url":"https:\/\/www.lovendal.ro\/wp52\/inca-o-filmare-controversata-cu-presedintele-american-joe-biden-in-care-partea-de-sus-a-capului-sau-pare-ca-dispare-ce-se-intampla\/","og_site_name":"Secretele lui Lovendal","article_publisher":"https:\/\/www.facebook.com\/secreteleluilovendal","article_published_time":"2021-03-20T21:06:49+00:00","og_image":[{"width":375,"height":273,"url":"https:\/\/www.lovendal.ro\/wp52\/wp-content\/uploads\/2021\/03\/Biden-cap-coperta.jpg","type":"image\/jpeg"}],"author":"admin","twitter_card":"summary_large_image","twitter_misc":{"Scris de":"admin","Timp estimat pentru citire":"1 minut"},"schema":{"@context":"https:\/\/schema.org","@graph":[{"@type":"Article","@id":"https:\/\/www.lovendal.ro\/wp52\/inca-o-filmare-controversata-cu-presedintele-american-joe-biden-in-care-partea-de-sus-a-capului-sau-pare-ca-dispare-ce-se-intampla\/#article","isPartOf":{"@id":"https:\/\/www.lovendal.ro\/wp52\/inca-o-filmare-controversata-cu-presedintele-american-joe-biden-in-care-partea-de-sus-a-capului-sau-pare-ca-dispare-ce-se-intampla\/"},"author":{"name":"admin","@id":"https:\/\/www.lovendal.ro\/wp52\/#\/schema\/person\/088691de5dfc346bb0c023e1e52ef5d9"},"headline":"\u00cenc\u0103 o filmare controversat\u0103 cu pre\u015fedintele american Joe Biden, \u00een care partea de sus a capului s\u0103u pare c\u0103 &#8222;dispare&#8221;. Ce se \u00eent\u00e2mpl\u0103?","datePublished":"2021-03-20T21:06:49+00:00","mainEntityOfPage":{"@id":"https:\/\/www.lovendal.ro\/wp52\/inca-o-filmare-controversata-cu-presedintele-american-joe-biden-in-care-partea-de-sus-a-capului-sau-pare-ca-dispare-ce-se-intampla\/"},"wordCount":277,"commentCount":0,"publisher":{"@id":"https:\/\/www.lovendal.ro\/wp52\/#organization"},"image":{"@id":"https:\/\/www.lovendal.ro\/wp52\/inca-o-filmare-controversata-cu-presedintele-american-joe-biden-in-care-partea-de-sus-a-capului-sau-pare-ca-dispare-ce-se-intampla\/#primaryimage"},"thumbnailUrl":"https:\/\/www.lovendal.ro\/wp52\/wp-content\/uploads\/2021\/03\/Biden-cap-coperta.jpg","keywords":["CGI","Conspiratii si Mistere","filmare","hologram\u0103","Internet","Joe Biden","lumin\u0103","m\u00e2n\u0103","pre\u015fedinte","SUA","Tik Tok","video"],"articleSection":["Conspiratii si Mistere"],"inLanguage":"ro-RO","potentialAction":[{"@type":"CommentAction","name":"Comment","target":["https:\/\/www.lovendal.ro\/wp52\/inca-o-filmare-controversata-cu-presedintele-american-joe-biden-in-care-partea-de-sus-a-capului-sau-pare-ca-dispare-ce-se-intampla\/#respond"]}]},{"@type":"WebPage","@id":"https:\/\/www.lovendal.ro\/wp52\/inca-o-filmare-controversata-cu-presedintele-american-joe-biden-in-care-partea-de-sus-a-capului-sau-pare-ca-dispare-ce-se-intampla\/","url":"https:\/\/www.lovendal.ro\/wp52\/inca-o-filmare-controversata-cu-presedintele-american-joe-biden-in-care-partea-de-sus-a-capului-sau-pare-ca-dispare-ce-se-intampla\/","name":"\u00cenc\u0103 o filmare controversat\u0103 cu pre\u015fedintele american Joe Biden, \u00een care partea de sus a capului s\u0103u pare c\u0103 \"dispare\". Ce se \u00eent\u00e2mpl\u0103? - Secretele lui Lovendal","isPartOf":{"@id":"https:\/\/www.lovendal.ro\/wp52\/#website"},"primaryImageOfPage":{"@id":"https:\/\/www.lovendal.ro\/wp52\/inca-o-filmare-controversata-cu-presedintele-american-joe-biden-in-care-partea-de-sus-a-capului-sau-pare-ca-dispare-ce-se-intampla\/#primaryimage"},"image":{"@id":"https:\/\/www.lovendal.ro\/wp52\/inca-o-filmare-controversata-cu-presedintele-american-joe-biden-in-care-partea-de-sus-a-capului-sau-pare-ca-dispare-ce-se-intampla\/#primaryimage"},"thumbnailUrl":"https:\/\/www.lovendal.ro\/wp52\/wp-content\/uploads\/2021\/03\/Biden-cap-coperta.jpg","datePublished":"2021-03-20T21:06:49+00:00","breadcrumb":{"@id":"https:\/\/www.lovendal.ro\/wp52\/inca-o-filmare-controversata-cu-presedintele-american-joe-biden-in-care-partea-de-sus-a-capului-sau-pare-ca-dispare-ce-se-intampla\/#breadcrumb"},"inLanguage":"ro-RO","potentialAction":[{"@type":"ReadAction","target":["https:\/\/www.lovendal.ro\/wp52\/inca-o-filmare-controversata-cu-presedintele-american-joe-biden-in-care-partea-de-sus-a-capului-sau-pare-ca-dispare-ce-se-intampla\/"]}]},{"@type":"ImageObject","inLanguage":"ro-RO","@id":"https:\/\/www.lovendal.ro\/wp52\/inca-o-filmare-controversata-cu-presedintele-american-joe-biden-in-care-partea-de-sus-a-capului-sau-pare-ca-dispare-ce-se-intampla\/#primaryimage","url":"https:\/\/www.lovendal.ro\/wp52\/wp-content\/uploads\/2021\/03\/Biden-cap-coperta.jpg","contentUrl":"https:\/\/www.lovendal.ro\/wp52\/wp-content\/uploads\/2021\/03\/Biden-cap-coperta.jpg","width":375,"height":273},{"@type":"BreadcrumbList","@id":"https:\/\/www.lovendal.ro\/wp52\/inca-o-filmare-controversata-cu-presedintele-american-joe-biden-in-care-partea-de-sus-a-capului-sau-pare-ca-dispare-ce-se-intampla\/#breadcrumb","itemListElement":[{"@type":"ListItem","position":1,"name":"Home","item":"https:\/\/www.lovendal.ro\/wp52\/"},{"@type":"ListItem","position":2,"name":"\u00cenc\u0103 o filmare controversat\u0103 cu pre\u015fedintele american Joe Biden, \u00een care partea de sus a capului s\u0103u pare c\u0103 &#8222;dispare&#8221;. Ce se \u00eent\u00e2mpl\u0103?"}]},{"@type":"WebSite","@id":"https:\/\/www.lovendal.ro\/wp52\/#website","url":"https:\/\/www.lovendal.ro\/wp52\/","name":"Secretele lui Lovendal","description":"Site de secrete, stiinta si metafizica - din 2008 -","publisher":{"@id":"https:\/\/www.lovendal.ro\/wp52\/#organization"},"potentialAction":[{"@type":"SearchAction","target":{"@type":"EntryPoint","urlTemplate":"https:\/\/www.lovendal.ro\/wp52\/?s={search_term_string}"},"query-input":{"@type":"PropertyValueSpecification","valueRequired":true,"valueName":"search_term_string"}}],"inLanguage":"ro-RO"},{"@type":"Organization","@id":"https:\/\/www.lovendal.ro\/wp52\/#organization","name":"Secretele lui Lovendal","url":"https:\/\/www.lovendal.ro\/wp52\/","logo":{"@type":"ImageObject","inLanguage":"ro-RO","@id":"https:\/\/www.lovendal.ro\/wp52\/#\/schema\/logo\/image\/","url":"https:\/\/www.lovendal.ro\/wp52\/wp-content\/uploads\/2024\/06\/cropped-SLL-iun-2024-1.jpg","contentUrl":"https:\/\/www.lovendal.ro\/wp52\/wp-content\/uploads\/2024\/06\/cropped-SLL-iun-2024-1.jpg","width":771,"height":240,"caption":"Secretele lui Lovendal"},"image":{"@id":"https:\/\/www.lovendal.ro\/wp52\/#\/schema\/logo\/image\/"},"sameAs":["https:\/\/www.facebook.com\/secreteleluilovendal"]},{"@type":"Person","@id":"https:\/\/www.lovendal.ro\/wp52\/#\/schema\/person\/088691de5dfc346bb0c023e1e52ef5d9","name":"admin","image":{"@type":"ImageObject","inLanguage":"ro-RO","@id":"https:\/\/secure.gravatar.com\/avatar\/ecb9cd41f5f63c9c9b989999a59f6e2639a865ec361e9db054db0679a8f341c2?s=96&d=mm&r=g","url":"https:\/\/secure.gravatar.com\/avatar\/ecb9cd41f5f63c9c9b989999a59f6e2639a865ec361e9db054db0679a8f341c2?s=96&d=mm&r=g","contentUrl":"https:\/\/secure.gravatar.com\/avatar\/ecb9cd41f5f63c9c9b989999a59f6e2639a865ec361e9db054db0679a8f341c2?s=96&d=mm&r=g","caption":"admin"},"sameAs":["https:\/\/www.lovendal.ro\/wp52"]}]}},"_links":{"self":[{"href":"https:\/\/www.lovendal.ro\/wp52\/wp-json\/wp\/v2\/posts\/74157","targetHints":{"allow":["GET"]}}],"collection":[{"href":"https:\/\/www.lovendal.ro\/wp52\/wp-json\/wp\/v2\/posts"}],"about":[{"href":"https:\/\/www.lovendal.ro\/wp52\/wp-json\/wp\/v2\/types\/post"}],"author":[{"embeddable":true,"href":"https:\/\/www.lovendal.ro\/wp52\/wp-json\/wp\/v2\/users\/1"}],"replies":[{"embeddable":true,"href":"https:\/\/www.lovendal.ro\/wp52\/wp-json\/wp\/v2\/comments?post=74157"}],"version-history":[{"count":0,"href":"https:\/\/www.lovendal.ro\/wp52\/wp-json\/wp\/v2\/posts\/74157\/revisions"}],"wp:featuredmedia":[{"embeddable":true,"href":"https:\/\/www.lovendal.ro\/wp52\/wp-json\/wp\/v2\/media\/74158"}],"wp:attachment":[{"href":"https:\/\/www.lovendal.ro\/wp52\/wp-json\/wp\/v2\/media?parent=74157"}],"wp:term":[{"taxonomy":"category","embeddable":true,"href":"https:\/\/www.lovendal.ro\/wp52\/wp-json\/wp\/v2\/categories?post=74157"},{"taxonomy":"post_tag","embeddable":true,"href":"https:\/\/www.lovendal.ro\/wp52\/wp-json\/wp\/v2\/tags?post=74157"}],"curies":[{"name":"wp","href":"https:\/\/api.w.org\/{rel}","templated":true}]}}