{"id":74149,"date":"2021-03-20T10:23:31","date_gmt":"2021-03-20T08:23:31","guid":{"rendered":"https:\/\/www.lovendal.ro\/wp52\/?p=74149"},"modified":"2021-03-20T10:27:39","modified_gmt":"2021-03-20T08:27:39","slug":"ce-parere-avea-revolutionarul-tudor-vladimirescu-despre-nemti-austrieci-sunt-niste-afurisiti-si-umbla-numai-dupa-dracovenii","status":"publish","type":"post","link":"https:\/\/www.lovendal.ro\/wp52\/ce-parere-avea-revolutionarul-tudor-vladimirescu-despre-nemti-austrieci-sunt-niste-afurisiti-si-umbla-numai-dupa-dracovenii\/","title":{"rendered":"Ce p\u0103rere avea revolu\u0163ionarul Tudor Vladimirescu despre nem\u0163i \/ austrieci: &#8222;Sunt ni\u015fte afurisi\u0163i \u015fi umbl\u0103 numai cu dr\u0103covenii&#8221;"},"content":{"rendered":"<p><a href=\"https:\/\/www.lovendal.ro\/wp52\/wp-content\/uploads\/2021\/03\/tudor-vladimirescu.jpg\"><img loading=\"lazy\" decoding=\"async\" class=\"alignleft size-full wp-image-74150\" src=\"https:\/\/www.lovendal.ro\/wp52\/wp-content\/uploads\/2021\/03\/tudor-vladimirescu.jpg\" alt=\"\" width=\"350\" height=\"220\" srcset=\"https:\/\/www.lovendal.ro\/wp52\/wp-content\/uploads\/2021\/03\/tudor-vladimirescu.jpg 350w, https:\/\/www.lovendal.ro\/wp52\/wp-content\/uploads\/2021\/03\/tudor-vladimirescu-300x189.jpg 300w\" sizes=\"auto, (max-width: 350px) 100vw, 350px\" \/><\/a>Tudor Vladimirescu a fost o figur\u0103 emblematic\u0103 a istoriei noastre, fiind conduc\u0103torul marii revolu\u0163ii de la 1821. Inteligent \u015fi \u00eenv\u0103\u0163at, Tudor, \u00een perioada iunie &#8211; decembrie 1814, a efectuat o c\u0103l\u0103torie la Viena, \u00een perioada Congresului de Pace de la Viena (1814-1815), pentru a lichida mo\u0219tenirea so\u021biei lui Nicolae Glogoveanu, decedat\u0103 la Viena, \u0219i pentru a-i aduce \u00een \u021bar\u0103 feti\u021ba. Unii spun c\u0103 \u00een aceast\u0103 perioad\u0103, Tudor Vladimirescu ar fi fost racolat de francmasoneria interna\u0163ional\u0103, pentru a preg\u0103ti revolu\u0163ia ce va avea loc cu 7 ani mai t\u00e2rziu.<\/p>\n<p>\u00cen perioada c\u00e2t a stat \u00een Viena, Tudor a scris de acolo prietenului s\u0103u c\u00e2teva scrisori, d\u00e2ndu-\u015fi cu p\u0103rerea despre Austria \u0219i despre austrieci. Iat\u0103 c\u00e2teva extrase din aceste scrisori:<\/p>\n<p>* <em>&#8222;Drumul de aici, din \u021aara Nem\u021beasc\u0103, are la fie\u0219care dou\u0103 ceasuri conace mai bune dec\u00e2t cele de frunte case din Bucure\u0219ti. Drumul este bun. Am g\u0103tit pe cuconi\u021ba cu haine de iarn\u0103 \u0219i am pl\u0103tit la o caret\u0103 bun\u0103 chirie din Viena p\u00e2n\u0103 la Ru\u0219ava 480 florin\u021bi, \u00een care merg oamenii ca \u00een sob\u0103&#8230; care putea veni copila mai bine dec\u00e2t vara\u201d.<\/em><\/p>\n<p>El \u00eendeamn\u0103 pe prietenul s\u0103u s\u0103-\u0219i lase fata la studii la Viena, s\u0103 n-o mai aduc\u0103 \u00een \u021bar\u0103:<\/p>\n<p><em>* &#8222;S\u0103 o la\u0219i acolo, s\u0103 creasc\u0103 \u0219i s\u0103 \u00eenve\u021be cu lot \u0219artul, dup\u0103 cum se \u00eenva\u021b\u0103 oamenii aici, de nu r\u0103m\u00e2n dobitoace ca la noi\u201d.<\/em><\/p>\n<p>Tot \u00een interesul prietenului a avut la Viena un proces. Cu acea ocazie, se pl\u00e2nge c\u0103 l-au frecat r\u0103u nem\u0163ii:<\/p>\n<p><em>* &#8222;C\u0103 vezi dumneata cum sunt afurisi\u021bii de nem\u021bi &#8211; umbl\u0103 numai cu dr\u0103covenii, s\u0103 stingi, pe oameni! (&#8230;) Acel neam tiran \u0219l \u00eend\u0103r\u0103tnic de m-a sucit \u00een mii de \u00eenv\u00e2rtituri, ca s\u0103 m\u0103 m\u0103n\u00e2nce\u201d.<\/em><\/p>\n<p>&nbsp;<\/p>\n","protected":false},"excerpt":{"rendered":"<p>Tudor Vladimirescu a fost o figur\u0103 emblematic\u0103 a istoriei noastre, fiind conduc\u0103torul marii revolu\u0163ii de la 1821. Inteligent \u015fi \u00eenv\u0103\u0163at, Tudor, \u00een perioada iunie &#8211; decembrie 1814, a efectuat o c\u0103l\u0103torie la Viena, \u00een perioada Congresului de Pace de la &#8230; <\/p>\n<p class=\"read-more-container\"><a title=\"Ce p\u0103rere avea revolu\u0163ionarul Tudor Vladimirescu despre nem\u0163i \/ austrieci: &#8222;Sunt ni\u015fte afurisi\u0163i \u015fi umbl\u0103 numai cu dr\u0103covenii&#8221;\" class=\"read-more button\" href=\"https:\/\/www.lovendal.ro\/wp52\/ce-parere-avea-revolutionarul-tudor-vladimirescu-despre-nemti-austrieci-sunt-niste-afurisiti-si-umbla-numai-dupa-dracovenii\/#more-74149\" aria-label=\"Cite\u0219te mai multe despre Ce p\u0103rere avea revolu\u0163ionarul Tudor Vladimirescu despre nem\u0163i \/ austrieci: &#8222;Sunt ni\u015fte afurisi\u0163i \u015fi umbl\u0103 numai cu dr\u0103covenii&#8221;\">Cititi mai multe<\/a><\/p>\n","protected":false},"author":1,"featured_media":74150,"comment_status":"open","ping_status":"open","sticky":false,"template":"","format":"standard","meta":{"footnotes":""},"categories":[9],"tags":[1391,827,38,1532,1598,136,611,1597,2706],"class_list":["post-74149","post","type-post","status-publish","format-standard","has-post-thumbnail","hentry","category-istorie","tag-austria","tag-bucuresti","tag-francmasonerie","tag-istorie-si-civilizatii","tag-revolutia-de-la-1821","tag-revolutie","tag-scrisoare","tag-tudor-vladimirescu","tag-viena","resize-featured-image"],"yoast_head":"<!-- This site is optimized with the Yoast SEO Premium plugin v23.3 (Yoast SEO v27.4) - https:\/\/yoast.com\/product\/yoast-seo-premium-wordpress\/ -->\n<title>Ce p\u0103rere avea revolu\u0163ionarul Tudor Vladimirescu despre nem\u0163i \/ austrieci: &quot;Sunt ni\u015fte afurisi\u0163i \u015fi umbl\u0103 numai cu dr\u0103covenii&quot; - Secretele lui Lovendal<\/title>\n<meta name=\"robots\" content=\"index, follow, max-snippet:-1, max-image-preview:large, max-video-preview:-1\" \/>\n<link rel=\"canonical\" href=\"https:\/\/www.lovendal.ro\/wp52\/ce-parere-avea-revolutionarul-tudor-vladimirescu-despre-nemti-austrieci-sunt-niste-afurisiti-si-umbla-numai-dupa-dracovenii\/\" \/>\n<meta property=\"og:locale\" content=\"ro_RO\" \/>\n<meta property=\"og:type\" content=\"article\" \/>\n<meta property=\"og:title\" content=\"Ce p\u0103rere avea revolu\u0163ionarul Tudor Vladimirescu despre nem\u0163i \/ austrieci: &quot;Sunt ni\u015fte afurisi\u0163i \u015fi umbl\u0103 numai cu dr\u0103covenii&quot;\" \/>\n<meta property=\"og:description\" content=\"Tudor Vladimirescu a fost o figur\u0103 emblematic\u0103 a istoriei noastre, fiind conduc\u0103torul marii revolu\u0163ii de la 1821. Inteligent \u015fi \u00eenv\u0103\u0163at, Tudor, \u00een perioada iunie &#8211; decembrie 1814, a efectuat o c\u0103l\u0103torie la Viena, \u00een perioada Congresului de Pace de la ... Cititi mai multe\" \/>\n<meta property=\"og:url\" content=\"https:\/\/www.lovendal.ro\/wp52\/ce-parere-avea-revolutionarul-tudor-vladimirescu-despre-nemti-austrieci-sunt-niste-afurisiti-si-umbla-numai-dupa-dracovenii\/\" \/>\n<meta property=\"og:site_name\" content=\"Secretele lui Lovendal\" \/>\n<meta property=\"article:publisher\" content=\"https:\/\/www.facebook.com\/secreteleluilovendal\" \/>\n<meta property=\"article:published_time\" content=\"2021-03-20T08:23:31+00:00\" \/>\n<meta property=\"article:modified_time\" content=\"2021-03-20T08:27:39+00:00\" \/>\n<meta property=\"og:image\" content=\"https:\/\/www.lovendal.ro\/wp52\/wp-content\/uploads\/2021\/03\/tudor-vladimirescu.jpg\" \/>\n\t<meta property=\"og:image:width\" content=\"350\" \/>\n\t<meta property=\"og:image:height\" content=\"220\" \/>\n\t<meta property=\"og:image:type\" content=\"image\/jpeg\" \/>\n<meta name=\"author\" content=\"admin\" \/>\n<meta name=\"twitter:card\" content=\"summary_large_image\" \/>\n<meta name=\"twitter:label1\" content=\"Scris de\" \/>\n\t<meta name=\"twitter:data1\" content=\"admin\" \/>\n\t<meta name=\"twitter:label2\" content=\"Timp estimat pentru citire\" \/>\n\t<meta name=\"twitter:data2\" content=\"2 minute\" \/>\n<script type=\"application\/ld+json\" class=\"yoast-schema-graph\">{\"@context\":\"https:\\\/\\\/schema.org\",\"@graph\":[{\"@type\":\"Article\",\"@id\":\"https:\\\/\\\/www.lovendal.ro\\\/wp52\\\/ce-parere-avea-revolutionarul-tudor-vladimirescu-despre-nemti-austrieci-sunt-niste-afurisiti-si-umbla-numai-dupa-dracovenii\\\/#article\",\"isPartOf\":{\"@id\":\"https:\\\/\\\/www.lovendal.ro\\\/wp52\\\/ce-parere-avea-revolutionarul-tudor-vladimirescu-despre-nemti-austrieci-sunt-niste-afurisiti-si-umbla-numai-dupa-dracovenii\\\/\"},\"author\":{\"name\":\"admin\",\"@id\":\"https:\\\/\\\/www.lovendal.ro\\\/wp52\\\/#\\\/schema\\\/person\\\/088691de5dfc346bb0c023e1e52ef5d9\"},\"headline\":\"Ce p\u0103rere avea revolu\u0163ionarul Tudor Vladimirescu despre nem\u0163i \\\/ austrieci: &#8222;Sunt ni\u015fte afurisi\u0163i \u015fi umbl\u0103 numai cu dr\u0103covenii&#8221;\",\"datePublished\":\"2021-03-20T08:23:31+00:00\",\"dateModified\":\"2021-03-20T08:27:39+00:00\",\"mainEntityOfPage\":{\"@id\":\"https:\\\/\\\/www.lovendal.ro\\\/wp52\\\/ce-parere-avea-revolutionarul-tudor-vladimirescu-despre-nemti-austrieci-sunt-niste-afurisiti-si-umbla-numai-dupa-dracovenii\\\/\"},\"wordCount\":344,\"commentCount\":0,\"publisher\":{\"@id\":\"https:\\\/\\\/www.lovendal.ro\\\/wp52\\\/#organization\"},\"image\":{\"@id\":\"https:\\\/\\\/www.lovendal.ro\\\/wp52\\\/ce-parere-avea-revolutionarul-tudor-vladimirescu-despre-nemti-austrieci-sunt-niste-afurisiti-si-umbla-numai-dupa-dracovenii\\\/#primaryimage\"},\"thumbnailUrl\":\"https:\\\/\\\/www.lovendal.ro\\\/wp52\\\/wp-content\\\/uploads\\\/2021\\\/03\\\/tudor-vladimirescu.jpg\",\"keywords\":[\"Austria\",\"Bucure\u015fti\",\"francmasonerie\",\"Istorie si Civilizatii\",\"Revolu\u0163ia de la 1821\",\"revolu\u0163ie\",\"scrisoare\",\"Tudor Vladimirescu\",\"Viena\"],\"articleSection\":[\"Istorie si Civilizatii\"],\"inLanguage\":\"ro-RO\",\"potentialAction\":[{\"@type\":\"CommentAction\",\"name\":\"Comment\",\"target\":[\"https:\\\/\\\/www.lovendal.ro\\\/wp52\\\/ce-parere-avea-revolutionarul-tudor-vladimirescu-despre-nemti-austrieci-sunt-niste-afurisiti-si-umbla-numai-dupa-dracovenii\\\/#respond\"]}]},{\"@type\":\"WebPage\",\"@id\":\"https:\\\/\\\/www.lovendal.ro\\\/wp52\\\/ce-parere-avea-revolutionarul-tudor-vladimirescu-despre-nemti-austrieci-sunt-niste-afurisiti-si-umbla-numai-dupa-dracovenii\\\/\",\"url\":\"https:\\\/\\\/www.lovendal.ro\\\/wp52\\\/ce-parere-avea-revolutionarul-tudor-vladimirescu-despre-nemti-austrieci-sunt-niste-afurisiti-si-umbla-numai-dupa-dracovenii\\\/\",\"name\":\"Ce p\u0103rere avea revolu\u0163ionarul Tudor Vladimirescu despre nem\u0163i \\\/ austrieci: \\\"Sunt ni\u015fte afurisi\u0163i \u015fi umbl\u0103 numai cu dr\u0103covenii\\\" - Secretele lui Lovendal\",\"isPartOf\":{\"@id\":\"https:\\\/\\\/www.lovendal.ro\\\/wp52\\\/#website\"},\"primaryImageOfPage\":{\"@id\":\"https:\\\/\\\/www.lovendal.ro\\\/wp52\\\/ce-parere-avea-revolutionarul-tudor-vladimirescu-despre-nemti-austrieci-sunt-niste-afurisiti-si-umbla-numai-dupa-dracovenii\\\/#primaryimage\"},\"image\":{\"@id\":\"https:\\\/\\\/www.lovendal.ro\\\/wp52\\\/ce-parere-avea-revolutionarul-tudor-vladimirescu-despre-nemti-austrieci-sunt-niste-afurisiti-si-umbla-numai-dupa-dracovenii\\\/#primaryimage\"},\"thumbnailUrl\":\"https:\\\/\\\/www.lovendal.ro\\\/wp52\\\/wp-content\\\/uploads\\\/2021\\\/03\\\/tudor-vladimirescu.jpg\",\"datePublished\":\"2021-03-20T08:23:31+00:00\",\"dateModified\":\"2021-03-20T08:27:39+00:00\",\"breadcrumb\":{\"@id\":\"https:\\\/\\\/www.lovendal.ro\\\/wp52\\\/ce-parere-avea-revolutionarul-tudor-vladimirescu-despre-nemti-austrieci-sunt-niste-afurisiti-si-umbla-numai-dupa-dracovenii\\\/#breadcrumb\"},\"inLanguage\":\"ro-RO\",\"potentialAction\":[{\"@type\":\"ReadAction\",\"target\":[\"https:\\\/\\\/www.lovendal.ro\\\/wp52\\\/ce-parere-avea-revolutionarul-tudor-vladimirescu-despre-nemti-austrieci-sunt-niste-afurisiti-si-umbla-numai-dupa-dracovenii\\\/\"]}]},{\"@type\":\"ImageObject\",\"inLanguage\":\"ro-RO\",\"@id\":\"https:\\\/\\\/www.lovendal.ro\\\/wp52\\\/ce-parere-avea-revolutionarul-tudor-vladimirescu-despre-nemti-austrieci-sunt-niste-afurisiti-si-umbla-numai-dupa-dracovenii\\\/#primaryimage\",\"url\":\"https:\\\/\\\/www.lovendal.ro\\\/wp52\\\/wp-content\\\/uploads\\\/2021\\\/03\\\/tudor-vladimirescu.jpg\",\"contentUrl\":\"https:\\\/\\\/www.lovendal.ro\\\/wp52\\\/wp-content\\\/uploads\\\/2021\\\/03\\\/tudor-vladimirescu.jpg\",\"width\":350,\"height\":220},{\"@type\":\"BreadcrumbList\",\"@id\":\"https:\\\/\\\/www.lovendal.ro\\\/wp52\\\/ce-parere-avea-revolutionarul-tudor-vladimirescu-despre-nemti-austrieci-sunt-niste-afurisiti-si-umbla-numai-dupa-dracovenii\\\/#breadcrumb\",\"itemListElement\":[{\"@type\":\"ListItem\",\"position\":1,\"name\":\"Home\",\"item\":\"https:\\\/\\\/www.lovendal.ro\\\/wp52\\\/\"},{\"@type\":\"ListItem\",\"position\":2,\"name\":\"Ce p\u0103rere avea revolu\u0163ionarul Tudor Vladimirescu despre nem\u0163i \\\/ austrieci: &#8222;Sunt ni\u015fte afurisi\u0163i \u015fi umbl\u0103 numai cu dr\u0103covenii&#8221;\"}]},{\"@type\":\"WebSite\",\"@id\":\"https:\\\/\\\/www.lovendal.ro\\\/wp52\\\/#website\",\"url\":\"https:\\\/\\\/www.lovendal.ro\\\/wp52\\\/\",\"name\":\"Secretele lui Lovendal\",\"description\":\"Site de secrete, stiinta si metafizica - din 2008 -\",\"publisher\":{\"@id\":\"https:\\\/\\\/www.lovendal.ro\\\/wp52\\\/#organization\"},\"potentialAction\":[{\"@type\":\"SearchAction\",\"target\":{\"@type\":\"EntryPoint\",\"urlTemplate\":\"https:\\\/\\\/www.lovendal.ro\\\/wp52\\\/?s={search_term_string}\"},\"query-input\":{\"@type\":\"PropertyValueSpecification\",\"valueRequired\":true,\"valueName\":\"search_term_string\"}}],\"inLanguage\":\"ro-RO\"},{\"@type\":\"Organization\",\"@id\":\"https:\\\/\\\/www.lovendal.ro\\\/wp52\\\/#organization\",\"name\":\"Secretele lui Lovendal\",\"url\":\"https:\\\/\\\/www.lovendal.ro\\\/wp52\\\/\",\"logo\":{\"@type\":\"ImageObject\",\"inLanguage\":\"ro-RO\",\"@id\":\"https:\\\/\\\/www.lovendal.ro\\\/wp52\\\/#\\\/schema\\\/logo\\\/image\\\/\",\"url\":\"https:\\\/\\\/www.lovendal.ro\\\/wp52\\\/wp-content\\\/uploads\\\/2024\\\/06\\\/cropped-SLL-iun-2024-1.jpg\",\"contentUrl\":\"https:\\\/\\\/www.lovendal.ro\\\/wp52\\\/wp-content\\\/uploads\\\/2024\\\/06\\\/cropped-SLL-iun-2024-1.jpg\",\"width\":771,\"height\":240,\"caption\":\"Secretele lui Lovendal\"},\"image\":{\"@id\":\"https:\\\/\\\/www.lovendal.ro\\\/wp52\\\/#\\\/schema\\\/logo\\\/image\\\/\"},\"sameAs\":[\"https:\\\/\\\/www.facebook.com\\\/secreteleluilovendal\"]},{\"@type\":\"Person\",\"@id\":\"https:\\\/\\\/www.lovendal.ro\\\/wp52\\\/#\\\/schema\\\/person\\\/088691de5dfc346bb0c023e1e52ef5d9\",\"name\":\"admin\",\"image\":{\"@type\":\"ImageObject\",\"inLanguage\":\"ro-RO\",\"@id\":\"https:\\\/\\\/secure.gravatar.com\\\/avatar\\\/ecb9cd41f5f63c9c9b989999a59f6e2639a865ec361e9db054db0679a8f341c2?s=96&d=mm&r=g\",\"url\":\"https:\\\/\\\/secure.gravatar.com\\\/avatar\\\/ecb9cd41f5f63c9c9b989999a59f6e2639a865ec361e9db054db0679a8f341c2?s=96&d=mm&r=g\",\"contentUrl\":\"https:\\\/\\\/secure.gravatar.com\\\/avatar\\\/ecb9cd41f5f63c9c9b989999a59f6e2639a865ec361e9db054db0679a8f341c2?s=96&d=mm&r=g\",\"caption\":\"admin\"},\"sameAs\":[\"https:\\\/\\\/www.lovendal.ro\\\/wp52\"]}]}<\/script>\n<!-- \/ Yoast SEO Premium plugin. -->","yoast_head_json":{"title":"Ce p\u0103rere avea revolu\u0163ionarul Tudor Vladimirescu despre nem\u0163i \/ austrieci: \"Sunt ni\u015fte afurisi\u0163i \u015fi umbl\u0103 numai cu dr\u0103covenii\" - Secretele lui Lovendal","robots":{"index":"index","follow":"follow","max-snippet":"max-snippet:-1","max-image-preview":"max-image-preview:large","max-video-preview":"max-video-preview:-1"},"canonical":"https:\/\/www.lovendal.ro\/wp52\/ce-parere-avea-revolutionarul-tudor-vladimirescu-despre-nemti-austrieci-sunt-niste-afurisiti-si-umbla-numai-dupa-dracovenii\/","og_locale":"ro_RO","og_type":"article","og_title":"Ce p\u0103rere avea revolu\u0163ionarul Tudor Vladimirescu despre nem\u0163i \/ austrieci: \"Sunt ni\u015fte afurisi\u0163i \u015fi umbl\u0103 numai cu dr\u0103covenii\"","og_description":"Tudor Vladimirescu a fost o figur\u0103 emblematic\u0103 a istoriei noastre, fiind conduc\u0103torul marii revolu\u0163ii de la 1821. Inteligent \u015fi \u00eenv\u0103\u0163at, Tudor, \u00een perioada iunie &#8211; decembrie 1814, a efectuat o c\u0103l\u0103torie la Viena, \u00een perioada Congresului de Pace de la ... Cititi mai multe","og_url":"https:\/\/www.lovendal.ro\/wp52\/ce-parere-avea-revolutionarul-tudor-vladimirescu-despre-nemti-austrieci-sunt-niste-afurisiti-si-umbla-numai-dupa-dracovenii\/","og_site_name":"Secretele lui Lovendal","article_publisher":"https:\/\/www.facebook.com\/secreteleluilovendal","article_published_time":"2021-03-20T08:23:31+00:00","article_modified_time":"2021-03-20T08:27:39+00:00","og_image":[{"width":350,"height":220,"url":"https:\/\/www.lovendal.ro\/wp52\/wp-content\/uploads\/2021\/03\/tudor-vladimirescu.jpg","type":"image\/jpeg"}],"author":"admin","twitter_card":"summary_large_image","twitter_misc":{"Scris de":"admin","Timp estimat pentru citire":"2 minute"},"schema":{"@context":"https:\/\/schema.org","@graph":[{"@type":"Article","@id":"https:\/\/www.lovendal.ro\/wp52\/ce-parere-avea-revolutionarul-tudor-vladimirescu-despre-nemti-austrieci-sunt-niste-afurisiti-si-umbla-numai-dupa-dracovenii\/#article","isPartOf":{"@id":"https:\/\/www.lovendal.ro\/wp52\/ce-parere-avea-revolutionarul-tudor-vladimirescu-despre-nemti-austrieci-sunt-niste-afurisiti-si-umbla-numai-dupa-dracovenii\/"},"author":{"name":"admin","@id":"https:\/\/www.lovendal.ro\/wp52\/#\/schema\/person\/088691de5dfc346bb0c023e1e52ef5d9"},"headline":"Ce p\u0103rere avea revolu\u0163ionarul Tudor Vladimirescu despre nem\u0163i \/ austrieci: &#8222;Sunt ni\u015fte afurisi\u0163i \u015fi umbl\u0103 numai cu dr\u0103covenii&#8221;","datePublished":"2021-03-20T08:23:31+00:00","dateModified":"2021-03-20T08:27:39+00:00","mainEntityOfPage":{"@id":"https:\/\/www.lovendal.ro\/wp52\/ce-parere-avea-revolutionarul-tudor-vladimirescu-despre-nemti-austrieci-sunt-niste-afurisiti-si-umbla-numai-dupa-dracovenii\/"},"wordCount":344,"commentCount":0,"publisher":{"@id":"https:\/\/www.lovendal.ro\/wp52\/#organization"},"image":{"@id":"https:\/\/www.lovendal.ro\/wp52\/ce-parere-avea-revolutionarul-tudor-vladimirescu-despre-nemti-austrieci-sunt-niste-afurisiti-si-umbla-numai-dupa-dracovenii\/#primaryimage"},"thumbnailUrl":"https:\/\/www.lovendal.ro\/wp52\/wp-content\/uploads\/2021\/03\/tudor-vladimirescu.jpg","keywords":["Austria","Bucure\u015fti","francmasonerie","Istorie si Civilizatii","Revolu\u0163ia de la 1821","revolu\u0163ie","scrisoare","Tudor Vladimirescu","Viena"],"articleSection":["Istorie si Civilizatii"],"inLanguage":"ro-RO","potentialAction":[{"@type":"CommentAction","name":"Comment","target":["https:\/\/www.lovendal.ro\/wp52\/ce-parere-avea-revolutionarul-tudor-vladimirescu-despre-nemti-austrieci-sunt-niste-afurisiti-si-umbla-numai-dupa-dracovenii\/#respond"]}]},{"@type":"WebPage","@id":"https:\/\/www.lovendal.ro\/wp52\/ce-parere-avea-revolutionarul-tudor-vladimirescu-despre-nemti-austrieci-sunt-niste-afurisiti-si-umbla-numai-dupa-dracovenii\/","url":"https:\/\/www.lovendal.ro\/wp52\/ce-parere-avea-revolutionarul-tudor-vladimirescu-despre-nemti-austrieci-sunt-niste-afurisiti-si-umbla-numai-dupa-dracovenii\/","name":"Ce p\u0103rere avea revolu\u0163ionarul Tudor Vladimirescu despre nem\u0163i \/ austrieci: \"Sunt ni\u015fte afurisi\u0163i \u015fi umbl\u0103 numai cu dr\u0103covenii\" - Secretele lui Lovendal","isPartOf":{"@id":"https:\/\/www.lovendal.ro\/wp52\/#website"},"primaryImageOfPage":{"@id":"https:\/\/www.lovendal.ro\/wp52\/ce-parere-avea-revolutionarul-tudor-vladimirescu-despre-nemti-austrieci-sunt-niste-afurisiti-si-umbla-numai-dupa-dracovenii\/#primaryimage"},"image":{"@id":"https:\/\/www.lovendal.ro\/wp52\/ce-parere-avea-revolutionarul-tudor-vladimirescu-despre-nemti-austrieci-sunt-niste-afurisiti-si-umbla-numai-dupa-dracovenii\/#primaryimage"},"thumbnailUrl":"https:\/\/www.lovendal.ro\/wp52\/wp-content\/uploads\/2021\/03\/tudor-vladimirescu.jpg","datePublished":"2021-03-20T08:23:31+00:00","dateModified":"2021-03-20T08:27:39+00:00","breadcrumb":{"@id":"https:\/\/www.lovendal.ro\/wp52\/ce-parere-avea-revolutionarul-tudor-vladimirescu-despre-nemti-austrieci-sunt-niste-afurisiti-si-umbla-numai-dupa-dracovenii\/#breadcrumb"},"inLanguage":"ro-RO","potentialAction":[{"@type":"ReadAction","target":["https:\/\/www.lovendal.ro\/wp52\/ce-parere-avea-revolutionarul-tudor-vladimirescu-despre-nemti-austrieci-sunt-niste-afurisiti-si-umbla-numai-dupa-dracovenii\/"]}]},{"@type":"ImageObject","inLanguage":"ro-RO","@id":"https:\/\/www.lovendal.ro\/wp52\/ce-parere-avea-revolutionarul-tudor-vladimirescu-despre-nemti-austrieci-sunt-niste-afurisiti-si-umbla-numai-dupa-dracovenii\/#primaryimage","url":"https:\/\/www.lovendal.ro\/wp52\/wp-content\/uploads\/2021\/03\/tudor-vladimirescu.jpg","contentUrl":"https:\/\/www.lovendal.ro\/wp52\/wp-content\/uploads\/2021\/03\/tudor-vladimirescu.jpg","width":350,"height":220},{"@type":"BreadcrumbList","@id":"https:\/\/www.lovendal.ro\/wp52\/ce-parere-avea-revolutionarul-tudor-vladimirescu-despre-nemti-austrieci-sunt-niste-afurisiti-si-umbla-numai-dupa-dracovenii\/#breadcrumb","itemListElement":[{"@type":"ListItem","position":1,"name":"Home","item":"https:\/\/www.lovendal.ro\/wp52\/"},{"@type":"ListItem","position":2,"name":"Ce p\u0103rere avea revolu\u0163ionarul Tudor Vladimirescu despre nem\u0163i \/ austrieci: &#8222;Sunt ni\u015fte afurisi\u0163i \u015fi umbl\u0103 numai cu dr\u0103covenii&#8221;"}]},{"@type":"WebSite","@id":"https:\/\/www.lovendal.ro\/wp52\/#website","url":"https:\/\/www.lovendal.ro\/wp52\/","name":"Secretele lui Lovendal","description":"Site de secrete, stiinta si metafizica - din 2008 -","publisher":{"@id":"https:\/\/www.lovendal.ro\/wp52\/#organization"},"potentialAction":[{"@type":"SearchAction","target":{"@type":"EntryPoint","urlTemplate":"https:\/\/www.lovendal.ro\/wp52\/?s={search_term_string}"},"query-input":{"@type":"PropertyValueSpecification","valueRequired":true,"valueName":"search_term_string"}}],"inLanguage":"ro-RO"},{"@type":"Organization","@id":"https:\/\/www.lovendal.ro\/wp52\/#organization","name":"Secretele lui Lovendal","url":"https:\/\/www.lovendal.ro\/wp52\/","logo":{"@type":"ImageObject","inLanguage":"ro-RO","@id":"https:\/\/www.lovendal.ro\/wp52\/#\/schema\/logo\/image\/","url":"https:\/\/www.lovendal.ro\/wp52\/wp-content\/uploads\/2024\/06\/cropped-SLL-iun-2024-1.jpg","contentUrl":"https:\/\/www.lovendal.ro\/wp52\/wp-content\/uploads\/2024\/06\/cropped-SLL-iun-2024-1.jpg","width":771,"height":240,"caption":"Secretele lui Lovendal"},"image":{"@id":"https:\/\/www.lovendal.ro\/wp52\/#\/schema\/logo\/image\/"},"sameAs":["https:\/\/www.facebook.com\/secreteleluilovendal"]},{"@type":"Person","@id":"https:\/\/www.lovendal.ro\/wp52\/#\/schema\/person\/088691de5dfc346bb0c023e1e52ef5d9","name":"admin","image":{"@type":"ImageObject","inLanguage":"ro-RO","@id":"https:\/\/secure.gravatar.com\/avatar\/ecb9cd41f5f63c9c9b989999a59f6e2639a865ec361e9db054db0679a8f341c2?s=96&d=mm&r=g","url":"https:\/\/secure.gravatar.com\/avatar\/ecb9cd41f5f63c9c9b989999a59f6e2639a865ec361e9db054db0679a8f341c2?s=96&d=mm&r=g","contentUrl":"https:\/\/secure.gravatar.com\/avatar\/ecb9cd41f5f63c9c9b989999a59f6e2639a865ec361e9db054db0679a8f341c2?s=96&d=mm&r=g","caption":"admin"},"sameAs":["https:\/\/www.lovendal.ro\/wp52"]}]}},"_links":{"self":[{"href":"https:\/\/www.lovendal.ro\/wp52\/wp-json\/wp\/v2\/posts\/74149","targetHints":{"allow":["GET"]}}],"collection":[{"href":"https:\/\/www.lovendal.ro\/wp52\/wp-json\/wp\/v2\/posts"}],"about":[{"href":"https:\/\/www.lovendal.ro\/wp52\/wp-json\/wp\/v2\/types\/post"}],"author":[{"embeddable":true,"href":"https:\/\/www.lovendal.ro\/wp52\/wp-json\/wp\/v2\/users\/1"}],"replies":[{"embeddable":true,"href":"https:\/\/www.lovendal.ro\/wp52\/wp-json\/wp\/v2\/comments?post=74149"}],"version-history":[{"count":0,"href":"https:\/\/www.lovendal.ro\/wp52\/wp-json\/wp\/v2\/posts\/74149\/revisions"}],"wp:featuredmedia":[{"embeddable":true,"href":"https:\/\/www.lovendal.ro\/wp52\/wp-json\/wp\/v2\/media\/74150"}],"wp:attachment":[{"href":"https:\/\/www.lovendal.ro\/wp52\/wp-json\/wp\/v2\/media?parent=74149"}],"wp:term":[{"taxonomy":"category","embeddable":true,"href":"https:\/\/www.lovendal.ro\/wp52\/wp-json\/wp\/v2\/categories?post=74149"},{"taxonomy":"post_tag","embeddable":true,"href":"https:\/\/www.lovendal.ro\/wp52\/wp-json\/wp\/v2\/tags?post=74149"}],"curies":[{"name":"wp","href":"https:\/\/api.w.org\/{rel}","templated":true}]}}