{"id":74146,"date":"2021-03-19T23:06:40","date_gmt":"2021-03-19T21:06:40","guid":{"rendered":"https:\/\/www.lovendal.ro\/wp52\/?p=74146"},"modified":"2021-03-19T23:06:40","modified_gmt":"2021-03-19T21:06:40","slug":"enigma-locului-unde-si-a-pierdut-viata-domnitorul-vlad-inecatul-se-afla-in-bucuresti","status":"publish","type":"post","link":"https:\/\/www.lovendal.ro\/wp52\/enigma-locului-unde-si-a-pierdut-viata-domnitorul-vlad-inecatul-se-afla-in-bucuresti\/","title":{"rendered":"Enigma locului unde \u015fi-a pierdut via\u0163a domnitorul Vlad \u00cenecatul. Se afl\u0103 \u00een Bucure\u015fti?"},"content":{"rendered":"<p><a href=\"https:\/\/www.lovendal.ro\/wp52\/wp-content\/uploads\/2021\/03\/garla-Vlad-Inecatul.jpg\"><img loading=\"lazy\" decoding=\"async\" class=\"alignleft size-full wp-image-74147\" src=\"https:\/\/www.lovendal.ro\/wp52\/wp-content\/uploads\/2021\/03\/garla-Vlad-Inecatul.jpg\" alt=\"\" width=\"355\" height=\"265\" srcset=\"https:\/\/www.lovendal.ro\/wp52\/wp-content\/uploads\/2021\/03\/garla-Vlad-Inecatul.jpg 355w, https:\/\/www.lovendal.ro\/wp52\/wp-content\/uploads\/2021\/03\/garla-Vlad-Inecatul-300x224.jpg 300w, https:\/\/www.lovendal.ro\/wp52\/wp-content\/uploads\/2021\/03\/garla-Vlad-Inecatul-80x60.jpg 80w, https:\/\/www.lovendal.ro\/wp52\/wp-content\/uploads\/2021\/03\/garla-Vlad-Inecatul-160x120.jpg 160w, https:\/\/www.lovendal.ro\/wp52\/wp-content\/uploads\/2021\/03\/garla-Vlad-Inecatul-265x198.jpg 265w\" sizes=\"auto, (max-width: 355px) 100vw, 355px\" \/><\/a>\u0162ara Rom\u00e2neasc\u0103 a avut mai mul\u0163i domnitori cu numele de &#8222;Vlad&#8221;; unul dintre ei a fost &#8222;Vlad \u00cenecatul&#8221;, domn al Munteniei \u00eentre 1530 \u015fi 1532. Bunicul lui &#8222;Vlad \u00cenecatul&#8221; a fost Vlad C\u0103lug\u0103rul, acesta din urm\u0103 fiind frate cu Vlad \u0162epe\u015f \u015fi fiul al lui Vlad Dracul.<\/p>\n<p>Vlad \u00cenecatul a fost \u00eenmorm\u00e2ntat la M\u0103n\u0103stirea Dealu (din T\u00e2rgovi\u015fte) \u015fi, a\u015fa cum \u00eei spune \u015fi numele, el a murit \u00eenecat. Unde s-a \u00eent\u00e2mplat acest lucru? Undeva \u00een Bucure\u015fti, mai precis \u00een zona Vitan.<\/p>\n<p>Conform unei reviste din anii &#8217;30, \u00een zona Vitan se afla o mare balt\u0103. Unii dintre gr\u0103dinari sus\u0163in c\u0103 pe acolo s-ar fi \u00eenecat, \u00een D\u00e2mbovi\u0163a, \u00een g\u00e2rla veche, Vlad-Vod\u0103 &#8222;\u00cenecatul&#8221;, luat la goan\u0103 de t\u0103tarii din C\u00e2mpia Pope\u015ftilor, \u00een anul 1532. Conform unor alte surse, Vlad-Vod\u0103 s-a \u00eenecat dup\u0103 ce s-a \u00eemb\u0103tat, \u015fi nu pentru c\u0103 a fost izgonit de c\u0103tre t\u0103tari.<\/p>\n<p>Al\u0163ii sus\u0163in c\u0103 locul precis ar fi prin dreptul fostului &#8222;spital de cium\u0103&#8221;, din strada Dristorului, tot zona Vitan. Acolo exista pe vremuri o m\u0103gur\u0103, de forma acelora care \u00een vremuri de demult se ridicau deasupra mormintelor. Astfel de movile se mai v\u0103d \u015fi azi \u00een preajma ruinelor \u015fi drumurilor vechi. M\u0103gura din strada Dristorului ar fi o dovad\u0103 pentru cele sus\u0163inute cu privire la dramaticul sf\u00e2r\u015fit al lui Vlad-Vod\u0103 &#8222;\u00cenecatul&#8221;.<\/p>\n","protected":false},"excerpt":{"rendered":"<p>\u0162ara Rom\u00e2neasc\u0103 a avut mai mul\u0163i domnitori cu numele de &#8222;Vlad&#8221;; unul dintre ei a fost &#8222;Vlad \u00cenecatul&#8221;, domn al Munteniei \u00eentre 1530 \u015fi 1532. Bunicul lui &#8222;Vlad \u00cenecatul&#8221; a fost Vlad C\u0103lug\u0103rul, acesta din urm\u0103 fiind frate cu Vlad &#8230; <\/p>\n<p class=\"read-more-container\"><a title=\"Enigma locului unde \u015fi-a pierdut via\u0163a domnitorul Vlad \u00cenecatul. Se afl\u0103 \u00een Bucure\u015fti?\" class=\"read-more button\" href=\"https:\/\/www.lovendal.ro\/wp52\/enigma-locului-unde-si-a-pierdut-viata-domnitorul-vlad-inecatul-se-afla-in-bucuresti\/#more-74146\" aria-label=\"Cite\u0219te mai multe despre Enigma locului unde \u015fi-a pierdut via\u0163a domnitorul Vlad \u00cenecatul. Se afl\u0103 \u00een Bucure\u015fti?\">Cititi mai multe<\/a><\/p>\n","protected":false},"author":1,"featured_media":74147,"comment_status":"open","ping_status":"open","sticky":false,"template":"","format":"standard","meta":{"footnotes":""},"categories":[9],"tags":[827,11028,1428,12870,1532,1620,3984,7989,2364,512,2345,228,5035,1977,16553,2339,16552,133],"class_list":["post-74146","post","type-post","status-publish","format-standard","has-post-thumbnail","hentry","category-istorie","tag-bucuresti","tag-dambovita","tag-domnitor","tag-inecare","tag-istorie-si-civilizatii","tag-manastire","tag-movila","tag-muntenia","tag-revista","tag-spital","tag-strada","tag-tara-romaneasca","tag-targoviste","tag-tatari","tag-vlad-calugarul","tag-vlad-dracul","tag-vlad-inecatul","tag-vlad-tepes","resize-featured-image"],"yoast_head":"<!-- This site is optimized with the Yoast SEO Premium plugin v23.3 (Yoast SEO v27.4) - https:\/\/yoast.com\/product\/yoast-seo-premium-wordpress\/ -->\n<title>Enigma locului unde \u015fi-a pierdut via\u0163a domnitorul Vlad \u00cenecatul. Se afl\u0103 \u00een Bucure\u015fti? - Secretele lui Lovendal<\/title>\n<meta name=\"robots\" content=\"index, follow, max-snippet:-1, max-image-preview:large, max-video-preview:-1\" \/>\n<link rel=\"canonical\" href=\"https:\/\/www.lovendal.ro\/wp52\/enigma-locului-unde-si-a-pierdut-viata-domnitorul-vlad-inecatul-se-afla-in-bucuresti\/\" \/>\n<meta property=\"og:locale\" content=\"ro_RO\" \/>\n<meta property=\"og:type\" content=\"article\" \/>\n<meta property=\"og:title\" content=\"Enigma locului unde \u015fi-a pierdut via\u0163a domnitorul Vlad \u00cenecatul. Se afl\u0103 \u00een Bucure\u015fti?\" \/>\n<meta property=\"og:description\" content=\"\u0162ara Rom\u00e2neasc\u0103 a avut mai mul\u0163i domnitori cu numele de &#8222;Vlad&#8221;; unul dintre ei a fost &#8222;Vlad \u00cenecatul&#8221;, domn al Munteniei \u00eentre 1530 \u015fi 1532. Bunicul lui &#8222;Vlad \u00cenecatul&#8221; a fost Vlad C\u0103lug\u0103rul, acesta din urm\u0103 fiind frate cu Vlad ... Cititi mai multe\" \/>\n<meta property=\"og:url\" content=\"https:\/\/www.lovendal.ro\/wp52\/enigma-locului-unde-si-a-pierdut-viata-domnitorul-vlad-inecatul-se-afla-in-bucuresti\/\" \/>\n<meta property=\"og:site_name\" content=\"Secretele lui Lovendal\" \/>\n<meta property=\"article:publisher\" content=\"https:\/\/www.facebook.com\/secreteleluilovendal\" \/>\n<meta property=\"article:published_time\" content=\"2021-03-19T21:06:40+00:00\" \/>\n<meta property=\"og:image\" content=\"https:\/\/www.lovendal.ro\/wp52\/wp-content\/uploads\/2021\/03\/garla-Vlad-Inecatul.jpg\" \/>\n\t<meta property=\"og:image:width\" content=\"355\" \/>\n\t<meta property=\"og:image:height\" content=\"265\" \/>\n\t<meta property=\"og:image:type\" content=\"image\/jpeg\" \/>\n<meta name=\"author\" content=\"admin\" \/>\n<meta name=\"twitter:card\" content=\"summary_large_image\" \/>\n<meta name=\"twitter:label1\" content=\"Scris de\" \/>\n\t<meta name=\"twitter:data1\" content=\"admin\" \/>\n\t<meta name=\"twitter:label2\" content=\"Timp estimat pentru citire\" \/>\n\t<meta name=\"twitter:data2\" content=\"1 minut\" \/>\n<script type=\"application\/ld+json\" class=\"yoast-schema-graph\">{\"@context\":\"https:\\\/\\\/schema.org\",\"@graph\":[{\"@type\":\"Article\",\"@id\":\"https:\\\/\\\/www.lovendal.ro\\\/wp52\\\/enigma-locului-unde-si-a-pierdut-viata-domnitorul-vlad-inecatul-se-afla-in-bucuresti\\\/#article\",\"isPartOf\":{\"@id\":\"https:\\\/\\\/www.lovendal.ro\\\/wp52\\\/enigma-locului-unde-si-a-pierdut-viata-domnitorul-vlad-inecatul-se-afla-in-bucuresti\\\/\"},\"author\":{\"name\":\"admin\",\"@id\":\"https:\\\/\\\/www.lovendal.ro\\\/wp52\\\/#\\\/schema\\\/person\\\/088691de5dfc346bb0c023e1e52ef5d9\"},\"headline\":\"Enigma locului unde \u015fi-a pierdut via\u0163a domnitorul Vlad \u00cenecatul. Se afl\u0103 \u00een Bucure\u015fti?\",\"datePublished\":\"2021-03-19T21:06:40+00:00\",\"mainEntityOfPage\":{\"@id\":\"https:\\\/\\\/www.lovendal.ro\\\/wp52\\\/enigma-locului-unde-si-a-pierdut-viata-domnitorul-vlad-inecatul-se-afla-in-bucuresti\\\/\"},\"wordCount\":257,\"commentCount\":0,\"publisher\":{\"@id\":\"https:\\\/\\\/www.lovendal.ro\\\/wp52\\\/#organization\"},\"image\":{\"@id\":\"https:\\\/\\\/www.lovendal.ro\\\/wp52\\\/enigma-locului-unde-si-a-pierdut-viata-domnitorul-vlad-inecatul-se-afla-in-bucuresti\\\/#primaryimage\"},\"thumbnailUrl\":\"https:\\\/\\\/www.lovendal.ro\\\/wp52\\\/wp-content\\\/uploads\\\/2021\\\/03\\\/garla-Vlad-Inecatul.jpg\",\"keywords\":[\"Bucure\u015fti\",\"D\u00e2mbovi\u0163a\",\"domnitor\",\"\u00eenecare\",\"Istorie si Civilizatii\",\"m\u0103n\u0103stire\",\"movil\u0103\",\"Muntenia\",\"revist\u0103\",\"spital\",\"strad\u0103\",\"\u0162ara Rom\u00e2neasc\u0103\",\"T\u00e2rgovi\u015fte\",\"t\u0103tari\",\"Vlad C\u0103lug\u0103rul\",\"Vlad Dracul\",\"Vlad \u00cenecatul\",\"Vlad \u0162epe\u015f\"],\"articleSection\":[\"Istorie si Civilizatii\"],\"inLanguage\":\"ro-RO\",\"potentialAction\":[{\"@type\":\"CommentAction\",\"name\":\"Comment\",\"target\":[\"https:\\\/\\\/www.lovendal.ro\\\/wp52\\\/enigma-locului-unde-si-a-pierdut-viata-domnitorul-vlad-inecatul-se-afla-in-bucuresti\\\/#respond\"]}]},{\"@type\":\"WebPage\",\"@id\":\"https:\\\/\\\/www.lovendal.ro\\\/wp52\\\/enigma-locului-unde-si-a-pierdut-viata-domnitorul-vlad-inecatul-se-afla-in-bucuresti\\\/\",\"url\":\"https:\\\/\\\/www.lovendal.ro\\\/wp52\\\/enigma-locului-unde-si-a-pierdut-viata-domnitorul-vlad-inecatul-se-afla-in-bucuresti\\\/\",\"name\":\"Enigma locului unde \u015fi-a pierdut via\u0163a domnitorul Vlad \u00cenecatul. Se afl\u0103 \u00een Bucure\u015fti? - Secretele lui Lovendal\",\"isPartOf\":{\"@id\":\"https:\\\/\\\/www.lovendal.ro\\\/wp52\\\/#website\"},\"primaryImageOfPage\":{\"@id\":\"https:\\\/\\\/www.lovendal.ro\\\/wp52\\\/enigma-locului-unde-si-a-pierdut-viata-domnitorul-vlad-inecatul-se-afla-in-bucuresti\\\/#primaryimage\"},\"image\":{\"@id\":\"https:\\\/\\\/www.lovendal.ro\\\/wp52\\\/enigma-locului-unde-si-a-pierdut-viata-domnitorul-vlad-inecatul-se-afla-in-bucuresti\\\/#primaryimage\"},\"thumbnailUrl\":\"https:\\\/\\\/www.lovendal.ro\\\/wp52\\\/wp-content\\\/uploads\\\/2021\\\/03\\\/garla-Vlad-Inecatul.jpg\",\"datePublished\":\"2021-03-19T21:06:40+00:00\",\"breadcrumb\":{\"@id\":\"https:\\\/\\\/www.lovendal.ro\\\/wp52\\\/enigma-locului-unde-si-a-pierdut-viata-domnitorul-vlad-inecatul-se-afla-in-bucuresti\\\/#breadcrumb\"},\"inLanguage\":\"ro-RO\",\"potentialAction\":[{\"@type\":\"ReadAction\",\"target\":[\"https:\\\/\\\/www.lovendal.ro\\\/wp52\\\/enigma-locului-unde-si-a-pierdut-viata-domnitorul-vlad-inecatul-se-afla-in-bucuresti\\\/\"]}]},{\"@type\":\"ImageObject\",\"inLanguage\":\"ro-RO\",\"@id\":\"https:\\\/\\\/www.lovendal.ro\\\/wp52\\\/enigma-locului-unde-si-a-pierdut-viata-domnitorul-vlad-inecatul-se-afla-in-bucuresti\\\/#primaryimage\",\"url\":\"https:\\\/\\\/www.lovendal.ro\\\/wp52\\\/wp-content\\\/uploads\\\/2021\\\/03\\\/garla-Vlad-Inecatul.jpg\",\"contentUrl\":\"https:\\\/\\\/www.lovendal.ro\\\/wp52\\\/wp-content\\\/uploads\\\/2021\\\/03\\\/garla-Vlad-Inecatul.jpg\",\"width\":355,\"height\":265},{\"@type\":\"BreadcrumbList\",\"@id\":\"https:\\\/\\\/www.lovendal.ro\\\/wp52\\\/enigma-locului-unde-si-a-pierdut-viata-domnitorul-vlad-inecatul-se-afla-in-bucuresti\\\/#breadcrumb\",\"itemListElement\":[{\"@type\":\"ListItem\",\"position\":1,\"name\":\"Home\",\"item\":\"https:\\\/\\\/www.lovendal.ro\\\/wp52\\\/\"},{\"@type\":\"ListItem\",\"position\":2,\"name\":\"Enigma locului unde \u015fi-a pierdut via\u0163a domnitorul Vlad \u00cenecatul. Se afl\u0103 \u00een Bucure\u015fti?\"}]},{\"@type\":\"WebSite\",\"@id\":\"https:\\\/\\\/www.lovendal.ro\\\/wp52\\\/#website\",\"url\":\"https:\\\/\\\/www.lovendal.ro\\\/wp52\\\/\",\"name\":\"Secretele lui Lovendal\",\"description\":\"Site de secrete, stiinta si metafizica - din 2008 -\",\"publisher\":{\"@id\":\"https:\\\/\\\/www.lovendal.ro\\\/wp52\\\/#organization\"},\"potentialAction\":[{\"@type\":\"SearchAction\",\"target\":{\"@type\":\"EntryPoint\",\"urlTemplate\":\"https:\\\/\\\/www.lovendal.ro\\\/wp52\\\/?s={search_term_string}\"},\"query-input\":{\"@type\":\"PropertyValueSpecification\",\"valueRequired\":true,\"valueName\":\"search_term_string\"}}],\"inLanguage\":\"ro-RO\"},{\"@type\":\"Organization\",\"@id\":\"https:\\\/\\\/www.lovendal.ro\\\/wp52\\\/#organization\",\"name\":\"Secretele lui Lovendal\",\"url\":\"https:\\\/\\\/www.lovendal.ro\\\/wp52\\\/\",\"logo\":{\"@type\":\"ImageObject\",\"inLanguage\":\"ro-RO\",\"@id\":\"https:\\\/\\\/www.lovendal.ro\\\/wp52\\\/#\\\/schema\\\/logo\\\/image\\\/\",\"url\":\"https:\\\/\\\/www.lovendal.ro\\\/wp52\\\/wp-content\\\/uploads\\\/2024\\\/06\\\/cropped-SLL-iun-2024-1.jpg\",\"contentUrl\":\"https:\\\/\\\/www.lovendal.ro\\\/wp52\\\/wp-content\\\/uploads\\\/2024\\\/06\\\/cropped-SLL-iun-2024-1.jpg\",\"width\":771,\"height\":240,\"caption\":\"Secretele lui Lovendal\"},\"image\":{\"@id\":\"https:\\\/\\\/www.lovendal.ro\\\/wp52\\\/#\\\/schema\\\/logo\\\/image\\\/\"},\"sameAs\":[\"https:\\\/\\\/www.facebook.com\\\/secreteleluilovendal\"]},{\"@type\":\"Person\",\"@id\":\"https:\\\/\\\/www.lovendal.ro\\\/wp52\\\/#\\\/schema\\\/person\\\/088691de5dfc346bb0c023e1e52ef5d9\",\"name\":\"admin\",\"image\":{\"@type\":\"ImageObject\",\"inLanguage\":\"ro-RO\",\"@id\":\"https:\\\/\\\/secure.gravatar.com\\\/avatar\\\/ecb9cd41f5f63c9c9b989999a59f6e2639a865ec361e9db054db0679a8f341c2?s=96&d=mm&r=g\",\"url\":\"https:\\\/\\\/secure.gravatar.com\\\/avatar\\\/ecb9cd41f5f63c9c9b989999a59f6e2639a865ec361e9db054db0679a8f341c2?s=96&d=mm&r=g\",\"contentUrl\":\"https:\\\/\\\/secure.gravatar.com\\\/avatar\\\/ecb9cd41f5f63c9c9b989999a59f6e2639a865ec361e9db054db0679a8f341c2?s=96&d=mm&r=g\",\"caption\":\"admin\"},\"sameAs\":[\"https:\\\/\\\/www.lovendal.ro\\\/wp52\"]}]}<\/script>\n<!-- \/ Yoast SEO Premium plugin. -->","yoast_head_json":{"title":"Enigma locului unde \u015fi-a pierdut via\u0163a domnitorul Vlad \u00cenecatul. Se afl\u0103 \u00een Bucure\u015fti? - Secretele lui Lovendal","robots":{"index":"index","follow":"follow","max-snippet":"max-snippet:-1","max-image-preview":"max-image-preview:large","max-video-preview":"max-video-preview:-1"},"canonical":"https:\/\/www.lovendal.ro\/wp52\/enigma-locului-unde-si-a-pierdut-viata-domnitorul-vlad-inecatul-se-afla-in-bucuresti\/","og_locale":"ro_RO","og_type":"article","og_title":"Enigma locului unde \u015fi-a pierdut via\u0163a domnitorul Vlad \u00cenecatul. Se afl\u0103 \u00een Bucure\u015fti?","og_description":"\u0162ara Rom\u00e2neasc\u0103 a avut mai mul\u0163i domnitori cu numele de &#8222;Vlad&#8221;; unul dintre ei a fost &#8222;Vlad \u00cenecatul&#8221;, domn al Munteniei \u00eentre 1530 \u015fi 1532. Bunicul lui &#8222;Vlad \u00cenecatul&#8221; a fost Vlad C\u0103lug\u0103rul, acesta din urm\u0103 fiind frate cu Vlad ... Cititi mai multe","og_url":"https:\/\/www.lovendal.ro\/wp52\/enigma-locului-unde-si-a-pierdut-viata-domnitorul-vlad-inecatul-se-afla-in-bucuresti\/","og_site_name":"Secretele lui Lovendal","article_publisher":"https:\/\/www.facebook.com\/secreteleluilovendal","article_published_time":"2021-03-19T21:06:40+00:00","og_image":[{"width":355,"height":265,"url":"https:\/\/www.lovendal.ro\/wp52\/wp-content\/uploads\/2021\/03\/garla-Vlad-Inecatul.jpg","type":"image\/jpeg"}],"author":"admin","twitter_card":"summary_large_image","twitter_misc":{"Scris de":"admin","Timp estimat pentru citire":"1 minut"},"schema":{"@context":"https:\/\/schema.org","@graph":[{"@type":"Article","@id":"https:\/\/www.lovendal.ro\/wp52\/enigma-locului-unde-si-a-pierdut-viata-domnitorul-vlad-inecatul-se-afla-in-bucuresti\/#article","isPartOf":{"@id":"https:\/\/www.lovendal.ro\/wp52\/enigma-locului-unde-si-a-pierdut-viata-domnitorul-vlad-inecatul-se-afla-in-bucuresti\/"},"author":{"name":"admin","@id":"https:\/\/www.lovendal.ro\/wp52\/#\/schema\/person\/088691de5dfc346bb0c023e1e52ef5d9"},"headline":"Enigma locului unde \u015fi-a pierdut via\u0163a domnitorul Vlad \u00cenecatul. Se afl\u0103 \u00een Bucure\u015fti?","datePublished":"2021-03-19T21:06:40+00:00","mainEntityOfPage":{"@id":"https:\/\/www.lovendal.ro\/wp52\/enigma-locului-unde-si-a-pierdut-viata-domnitorul-vlad-inecatul-se-afla-in-bucuresti\/"},"wordCount":257,"commentCount":0,"publisher":{"@id":"https:\/\/www.lovendal.ro\/wp52\/#organization"},"image":{"@id":"https:\/\/www.lovendal.ro\/wp52\/enigma-locului-unde-si-a-pierdut-viata-domnitorul-vlad-inecatul-se-afla-in-bucuresti\/#primaryimage"},"thumbnailUrl":"https:\/\/www.lovendal.ro\/wp52\/wp-content\/uploads\/2021\/03\/garla-Vlad-Inecatul.jpg","keywords":["Bucure\u015fti","D\u00e2mbovi\u0163a","domnitor","\u00eenecare","Istorie si Civilizatii","m\u0103n\u0103stire","movil\u0103","Muntenia","revist\u0103","spital","strad\u0103","\u0162ara Rom\u00e2neasc\u0103","T\u00e2rgovi\u015fte","t\u0103tari","Vlad C\u0103lug\u0103rul","Vlad Dracul","Vlad \u00cenecatul","Vlad \u0162epe\u015f"],"articleSection":["Istorie si Civilizatii"],"inLanguage":"ro-RO","potentialAction":[{"@type":"CommentAction","name":"Comment","target":["https:\/\/www.lovendal.ro\/wp52\/enigma-locului-unde-si-a-pierdut-viata-domnitorul-vlad-inecatul-se-afla-in-bucuresti\/#respond"]}]},{"@type":"WebPage","@id":"https:\/\/www.lovendal.ro\/wp52\/enigma-locului-unde-si-a-pierdut-viata-domnitorul-vlad-inecatul-se-afla-in-bucuresti\/","url":"https:\/\/www.lovendal.ro\/wp52\/enigma-locului-unde-si-a-pierdut-viata-domnitorul-vlad-inecatul-se-afla-in-bucuresti\/","name":"Enigma locului unde \u015fi-a pierdut via\u0163a domnitorul Vlad \u00cenecatul. Se afl\u0103 \u00een Bucure\u015fti? - Secretele lui Lovendal","isPartOf":{"@id":"https:\/\/www.lovendal.ro\/wp52\/#website"},"primaryImageOfPage":{"@id":"https:\/\/www.lovendal.ro\/wp52\/enigma-locului-unde-si-a-pierdut-viata-domnitorul-vlad-inecatul-se-afla-in-bucuresti\/#primaryimage"},"image":{"@id":"https:\/\/www.lovendal.ro\/wp52\/enigma-locului-unde-si-a-pierdut-viata-domnitorul-vlad-inecatul-se-afla-in-bucuresti\/#primaryimage"},"thumbnailUrl":"https:\/\/www.lovendal.ro\/wp52\/wp-content\/uploads\/2021\/03\/garla-Vlad-Inecatul.jpg","datePublished":"2021-03-19T21:06:40+00:00","breadcrumb":{"@id":"https:\/\/www.lovendal.ro\/wp52\/enigma-locului-unde-si-a-pierdut-viata-domnitorul-vlad-inecatul-se-afla-in-bucuresti\/#breadcrumb"},"inLanguage":"ro-RO","potentialAction":[{"@type":"ReadAction","target":["https:\/\/www.lovendal.ro\/wp52\/enigma-locului-unde-si-a-pierdut-viata-domnitorul-vlad-inecatul-se-afla-in-bucuresti\/"]}]},{"@type":"ImageObject","inLanguage":"ro-RO","@id":"https:\/\/www.lovendal.ro\/wp52\/enigma-locului-unde-si-a-pierdut-viata-domnitorul-vlad-inecatul-se-afla-in-bucuresti\/#primaryimage","url":"https:\/\/www.lovendal.ro\/wp52\/wp-content\/uploads\/2021\/03\/garla-Vlad-Inecatul.jpg","contentUrl":"https:\/\/www.lovendal.ro\/wp52\/wp-content\/uploads\/2021\/03\/garla-Vlad-Inecatul.jpg","width":355,"height":265},{"@type":"BreadcrumbList","@id":"https:\/\/www.lovendal.ro\/wp52\/enigma-locului-unde-si-a-pierdut-viata-domnitorul-vlad-inecatul-se-afla-in-bucuresti\/#breadcrumb","itemListElement":[{"@type":"ListItem","position":1,"name":"Home","item":"https:\/\/www.lovendal.ro\/wp52\/"},{"@type":"ListItem","position":2,"name":"Enigma locului unde \u015fi-a pierdut via\u0163a domnitorul Vlad \u00cenecatul. Se afl\u0103 \u00een Bucure\u015fti?"}]},{"@type":"WebSite","@id":"https:\/\/www.lovendal.ro\/wp52\/#website","url":"https:\/\/www.lovendal.ro\/wp52\/","name":"Secretele lui Lovendal","description":"Site de secrete, stiinta si metafizica - din 2008 -","publisher":{"@id":"https:\/\/www.lovendal.ro\/wp52\/#organization"},"potentialAction":[{"@type":"SearchAction","target":{"@type":"EntryPoint","urlTemplate":"https:\/\/www.lovendal.ro\/wp52\/?s={search_term_string}"},"query-input":{"@type":"PropertyValueSpecification","valueRequired":true,"valueName":"search_term_string"}}],"inLanguage":"ro-RO"},{"@type":"Organization","@id":"https:\/\/www.lovendal.ro\/wp52\/#organization","name":"Secretele lui Lovendal","url":"https:\/\/www.lovendal.ro\/wp52\/","logo":{"@type":"ImageObject","inLanguage":"ro-RO","@id":"https:\/\/www.lovendal.ro\/wp52\/#\/schema\/logo\/image\/","url":"https:\/\/www.lovendal.ro\/wp52\/wp-content\/uploads\/2024\/06\/cropped-SLL-iun-2024-1.jpg","contentUrl":"https:\/\/www.lovendal.ro\/wp52\/wp-content\/uploads\/2024\/06\/cropped-SLL-iun-2024-1.jpg","width":771,"height":240,"caption":"Secretele lui Lovendal"},"image":{"@id":"https:\/\/www.lovendal.ro\/wp52\/#\/schema\/logo\/image\/"},"sameAs":["https:\/\/www.facebook.com\/secreteleluilovendal"]},{"@type":"Person","@id":"https:\/\/www.lovendal.ro\/wp52\/#\/schema\/person\/088691de5dfc346bb0c023e1e52ef5d9","name":"admin","image":{"@type":"ImageObject","inLanguage":"ro-RO","@id":"https:\/\/secure.gravatar.com\/avatar\/ecb9cd41f5f63c9c9b989999a59f6e2639a865ec361e9db054db0679a8f341c2?s=96&d=mm&r=g","url":"https:\/\/secure.gravatar.com\/avatar\/ecb9cd41f5f63c9c9b989999a59f6e2639a865ec361e9db054db0679a8f341c2?s=96&d=mm&r=g","contentUrl":"https:\/\/secure.gravatar.com\/avatar\/ecb9cd41f5f63c9c9b989999a59f6e2639a865ec361e9db054db0679a8f341c2?s=96&d=mm&r=g","caption":"admin"},"sameAs":["https:\/\/www.lovendal.ro\/wp52"]}]}},"_links":{"self":[{"href":"https:\/\/www.lovendal.ro\/wp52\/wp-json\/wp\/v2\/posts\/74146","targetHints":{"allow":["GET"]}}],"collection":[{"href":"https:\/\/www.lovendal.ro\/wp52\/wp-json\/wp\/v2\/posts"}],"about":[{"href":"https:\/\/www.lovendal.ro\/wp52\/wp-json\/wp\/v2\/types\/post"}],"author":[{"embeddable":true,"href":"https:\/\/www.lovendal.ro\/wp52\/wp-json\/wp\/v2\/users\/1"}],"replies":[{"embeddable":true,"href":"https:\/\/www.lovendal.ro\/wp52\/wp-json\/wp\/v2\/comments?post=74146"}],"version-history":[{"count":0,"href":"https:\/\/www.lovendal.ro\/wp52\/wp-json\/wp\/v2\/posts\/74146\/revisions"}],"wp:featuredmedia":[{"embeddable":true,"href":"https:\/\/www.lovendal.ro\/wp52\/wp-json\/wp\/v2\/media\/74147"}],"wp:attachment":[{"href":"https:\/\/www.lovendal.ro\/wp52\/wp-json\/wp\/v2\/media?parent=74146"}],"wp:term":[{"taxonomy":"category","embeddable":true,"href":"https:\/\/www.lovendal.ro\/wp52\/wp-json\/wp\/v2\/categories?post=74146"},{"taxonomy":"post_tag","embeddable":true,"href":"https:\/\/www.lovendal.ro\/wp52\/wp-json\/wp\/v2\/tags?post=74146"}],"curies":[{"name":"wp","href":"https:\/\/api.w.org\/{rel}","templated":true}]}}