{"id":74140,"date":"2021-03-19T19:56:34","date_gmt":"2021-03-19T17:56:34","guid":{"rendered":"https:\/\/www.lovendal.ro\/wp52\/?p=74140"},"modified":"2021-03-19T19:56:34","modified_gmt":"2021-03-19T17:56:34","slug":"o-filmare-socanta-prezinta-o-ciudatenie-cu-privire-la-pozitia-mainilor-presedintelui-joe-biden-care-e-explicatia","status":"publish","type":"post","link":"https:\/\/www.lovendal.ro\/wp52\/o-filmare-socanta-prezinta-o-ciudatenie-cu-privire-la-pozitia-mainilor-presedintelui-joe-biden-care-e-explicatia\/","title":{"rendered":"O filmare \u015focant\u0103 prezint\u0103 o ciud\u0103\u0163enie cu privire la pozi\u0163ia m\u00e2inilor pre\u015fedintelui Joe Biden&#8230; Care e explica\u0163ia!?"},"content":{"rendered":"<p><a href=\"https:\/\/www.lovendal.ro\/wp52\/wp-content\/uploads\/2021\/03\/Joe-Biden-microfon-coperta.jpg\"><img loading=\"lazy\" decoding=\"async\" class=\"alignleft size-full wp-image-74141\" src=\"https:\/\/www.lovendal.ro\/wp52\/wp-content\/uploads\/2021\/03\/Joe-Biden-microfon-coperta.jpg\" alt=\"\" width=\"348\" height=\"221\" srcset=\"https:\/\/www.lovendal.ro\/wp52\/wp-content\/uploads\/2021\/03\/Joe-Biden-microfon-coperta.jpg 348w, https:\/\/www.lovendal.ro\/wp52\/wp-content\/uploads\/2021\/03\/Joe-Biden-microfon-coperta-300x191.jpg 300w\" sizes=\"auto, (max-width: 348px) 100vw, 348px\" \/><\/a>Noul pre\u015fedinte american ales Joe Biden n-a \u0163inut p\u00e2n\u0103 \u00een prezent o conferin\u0163\u0103 de pres\u0103 cu ziari\u015ftii, de\u015fi este pre\u015fedinte de aproape 2 luni. O fi av\u00e2nd motivele sale, dar nu asta-i problema.<\/p>\n<p>Privi\u0163i urm\u0103toarea filmare video postat\u0103 pe un tweet al contului de Twitter The Hill, \u00een care \u00eel pute\u0163i vedea pe pre\u015fedintele Biden care se \u00eendreapt\u0103 spre c\u00e2\u0163iva ziari\u015fti, care \u00eel \u00eentreab\u0103 ceva, apoi, pre\u015fedintele se urc\u0103 \u00een elicopter.<\/p>\n<p>Toate bune \u015fi frumoase, numai c\u0103 este o mare problem\u0103 \u00een aceast\u0103 postare: \u00een filmarea video, m\u00e2na lui Joe Biden apare \u00een fa\u0163a microfoanelor \u015fi nu \u00een spatele lor, a\u015fa cum ar fi normal! Concluzia care s-ar trage de aici e c\u0103 aceast\u0103 filmare nu ar fi una autentic\u0103, ci a fost editat\u0103!<\/p>\n<blockquote class=\"twitter-tweet\">\n<p dir=\"ltr\" lang=\"en\">Reporter: &#8222;Do you have any plans to travel to the southern border?&#8221;<\/p>\n<p>President Biden: &#8222;Not at the moment.&#8221; <a href=\"https:\/\/t.co\/Sw5oIj5vKf\">pic.twitter.com\/Sw5oIj5vKf<\/a><\/p>\n<p>\u2014 The Hill (@thehill) <a href=\"https:\/\/twitter.com\/thehill\/status\/1371898779922804737?ref_src=twsrc%5Etfw\">March 16, 2021<\/a><\/p><\/blockquote>\n<p><script async src=\"https:\/\/platform.twitter.com\/widgets.js\" charset=\"utf-8\"><\/script><br \/>\nUita\u0163i-v\u0103 cu aten\u0163ie momentul \u00een care Biden se \u00eendreapt\u0103 spre ziari\u015fti, iar de la secunda 08 a videoclipului, deja \u00eencepe s\u0103 apar\u0103 problema: primul din microfoane, \u00een loc s\u0103 fie \u00een fa\u0163a m\u00e2inii pre\u015fedintelui, se afl\u0103 \u00een spatele lui. Apoi, la fel se \u00eent\u00e2mpl\u0103 cu un al doilea microfon.<\/p>\n<p><a href=\"https:\/\/www.lovendal.ro\/wp52\/wp-content\/uploads\/2021\/03\/Joe-Biden-microfon.jpg\"><img loading=\"lazy\" decoding=\"async\" class=\"aligncenter size-full wp-image-74142\" src=\"https:\/\/www.lovendal.ro\/wp52\/wp-content\/uploads\/2021\/03\/Joe-Biden-microfon.jpg\" alt=\"\" width=\"540\" height=\"301\" srcset=\"https:\/\/www.lovendal.ro\/wp52\/wp-content\/uploads\/2021\/03\/Joe-Biden-microfon.jpg 540w, https:\/\/www.lovendal.ro\/wp52\/wp-content\/uploads\/2021\/03\/Joe-Biden-microfon-300x167.jpg 300w\" sizes=\"auto, (max-width: 540px) 100vw, 540px\" \/><\/a>Deci, ce se \u00eent\u00e2mpl\u0103? Cea mai simpl\u0103 explica\u0163ie ar fi aceea c\u0103 cele dou\u0103 microfoane se \u00eentind \u00een spatele m\u00e2inii lui Biden.<\/p>\n<p>\u00cens\u0103, pe Internet au \u00eenceput s\u0103 apar\u0103 teorii conspira\u0163ioniste, care spun c\u0103, de fapt, \u00eentreaga filmare e de fapt o editare pe calculator (CGI), iar Biden nu s-ar fi adresat acolo ziari\u015ftilor, ci ar fi vorba doar de o suprapunere de dou\u0103 film\u0103ri (una din film\u0103ri fiind realizat\u0103 de Biden \u00een studio). Al\u0163ii merg mai departe cu teoria conspira\u0163iei \u015fi spun c\u0103, de fapt, \u00een locul lui Biden acolo s-ar fi aflat o sofisticat\u0103 hologram\u0103!<\/p>\n<p>Voi, ce \u00een\u0163elege\u0163i din toate acestea?<\/p>\n","protected":false},"excerpt":{"rendered":"<p>Noul pre\u015fedinte american ales Joe Biden n-a \u0163inut p\u00e2n\u0103 \u00een prezent o conferin\u0163\u0103 de pres\u0103 cu ziari\u015ftii, de\u015fi este pre\u015fedinte de aproape 2 luni. O fi av\u00e2nd motivele sale, dar nu asta-i problema. Privi\u0163i urm\u0103toarea filmare video postat\u0103 pe un &#8230; <\/p>\n<p class=\"read-more-container\"><a title=\"O filmare \u015focant\u0103 prezint\u0103 o ciud\u0103\u0163enie cu privire la pozi\u0163ia m\u00e2inilor pre\u015fedintelui Joe Biden&#8230; Care e explica\u0163ia!?\" class=\"read-more button\" href=\"https:\/\/www.lovendal.ro\/wp52\/o-filmare-socanta-prezinta-o-ciudatenie-cu-privire-la-pozitia-mainilor-presedintelui-joe-biden-care-e-explicatia\/#more-74140\" aria-label=\"Cite\u0219te mai multe despre O filmare \u015focant\u0103 prezint\u0103 o ciud\u0103\u0163enie cu privire la pozi\u0163ia m\u00e2inilor pre\u015fedintelui Joe Biden&#8230; Care e explica\u0163ia!?\">Cititi mai multe<\/a><\/p>\n","protected":false},"author":1,"featured_media":74141,"comment_status":"open","ping_status":"open","sticky":false,"template":"","format":"standard","meta":{"footnotes":""},"categories":[475],"tags":[7042,358,3283,3049,597,7927,2263,5106,190,23,4474,2042,16184],"class_list":["post-74140","post","type-post","status-publish","format-standard","has-post-thumbnail","hentry","category-conspiratii-mistere","tag-cgi","tag-conspiratii-si-mistere","tag-elicopter","tag-holograma","tag-internet","tag-joe-biden","tag-mana","tag-microfon","tag-presedinte","tag-sua","tag-twitter","tag-videoclip","tag-ziaristi","resize-featured-image"],"yoast_head":"<!-- This site is optimized with the Yoast SEO Premium plugin v23.3 (Yoast SEO v27.4) - https:\/\/yoast.com\/product\/yoast-seo-premium-wordpress\/ -->\n<title>O filmare \u015focant\u0103 prezint\u0103 o ciud\u0103\u0163enie cu privire la pozi\u0163ia m\u00e2inilor pre\u015fedintelui Joe Biden... Care e explica\u0163ia!? - Secretele lui Lovendal<\/title>\n<meta name=\"robots\" content=\"index, follow, max-snippet:-1, max-image-preview:large, max-video-preview:-1\" \/>\n<link rel=\"canonical\" href=\"https:\/\/www.lovendal.ro\/wp52\/o-filmare-socanta-prezinta-o-ciudatenie-cu-privire-la-pozitia-mainilor-presedintelui-joe-biden-care-e-explicatia\/\" \/>\n<meta property=\"og:locale\" content=\"ro_RO\" \/>\n<meta property=\"og:type\" content=\"article\" \/>\n<meta property=\"og:title\" content=\"O filmare \u015focant\u0103 prezint\u0103 o ciud\u0103\u0163enie cu privire la pozi\u0163ia m\u00e2inilor pre\u015fedintelui Joe Biden... Care e explica\u0163ia!?\" \/>\n<meta property=\"og:description\" content=\"Noul pre\u015fedinte american ales Joe Biden n-a \u0163inut p\u00e2n\u0103 \u00een prezent o conferin\u0163\u0103 de pres\u0103 cu ziari\u015ftii, de\u015fi este pre\u015fedinte de aproape 2 luni. O fi av\u00e2nd motivele sale, dar nu asta-i problema. Privi\u0163i urm\u0103toarea filmare video postat\u0103 pe un ... Cititi mai multe\" \/>\n<meta property=\"og:url\" content=\"https:\/\/www.lovendal.ro\/wp52\/o-filmare-socanta-prezinta-o-ciudatenie-cu-privire-la-pozitia-mainilor-presedintelui-joe-biden-care-e-explicatia\/\" \/>\n<meta property=\"og:site_name\" content=\"Secretele lui Lovendal\" \/>\n<meta property=\"article:publisher\" content=\"https:\/\/www.facebook.com\/secreteleluilovendal\" \/>\n<meta property=\"article:published_time\" content=\"2021-03-19T17:56:34+00:00\" \/>\n<meta property=\"og:image\" content=\"https:\/\/www.lovendal.ro\/wp52\/wp-content\/uploads\/2021\/03\/Joe-Biden-microfon-coperta.jpg\" \/>\n\t<meta property=\"og:image:width\" content=\"348\" \/>\n\t<meta property=\"og:image:height\" content=\"221\" \/>\n\t<meta property=\"og:image:type\" content=\"image\/jpeg\" \/>\n<meta name=\"author\" content=\"admin\" \/>\n<meta name=\"twitter:card\" content=\"summary_large_image\" \/>\n<meta name=\"twitter:label1\" content=\"Scris de\" \/>\n\t<meta name=\"twitter:data1\" content=\"admin\" \/>\n\t<meta name=\"twitter:label2\" content=\"Timp estimat pentru citire\" \/>\n\t<meta name=\"twitter:data2\" content=\"2 minute\" \/>\n<script type=\"application\/ld+json\" class=\"yoast-schema-graph\">{\"@context\":\"https:\\\/\\\/schema.org\",\"@graph\":[{\"@type\":\"Article\",\"@id\":\"https:\\\/\\\/www.lovendal.ro\\\/wp52\\\/o-filmare-socanta-prezinta-o-ciudatenie-cu-privire-la-pozitia-mainilor-presedintelui-joe-biden-care-e-explicatia\\\/#article\",\"isPartOf\":{\"@id\":\"https:\\\/\\\/www.lovendal.ro\\\/wp52\\\/o-filmare-socanta-prezinta-o-ciudatenie-cu-privire-la-pozitia-mainilor-presedintelui-joe-biden-care-e-explicatia\\\/\"},\"author\":{\"name\":\"admin\",\"@id\":\"https:\\\/\\\/www.lovendal.ro\\\/wp52\\\/#\\\/schema\\\/person\\\/088691de5dfc346bb0c023e1e52ef5d9\"},\"headline\":\"O filmare \u015focant\u0103 prezint\u0103 o ciud\u0103\u0163enie cu privire la pozi\u0163ia m\u00e2inilor pre\u015fedintelui Joe Biden&#8230; Care e explica\u0163ia!?\",\"datePublished\":\"2021-03-19T17:56:34+00:00\",\"mainEntityOfPage\":{\"@id\":\"https:\\\/\\\/www.lovendal.ro\\\/wp52\\\/o-filmare-socanta-prezinta-o-ciudatenie-cu-privire-la-pozitia-mainilor-presedintelui-joe-biden-care-e-explicatia\\\/\"},\"wordCount\":358,\"commentCount\":1,\"publisher\":{\"@id\":\"https:\\\/\\\/www.lovendal.ro\\\/wp52\\\/#organization\"},\"image\":{\"@id\":\"https:\\\/\\\/www.lovendal.ro\\\/wp52\\\/o-filmare-socanta-prezinta-o-ciudatenie-cu-privire-la-pozitia-mainilor-presedintelui-joe-biden-care-e-explicatia\\\/#primaryimage\"},\"thumbnailUrl\":\"https:\\\/\\\/www.lovendal.ro\\\/wp52\\\/wp-content\\\/uploads\\\/2021\\\/03\\\/Joe-Biden-microfon-coperta.jpg\",\"keywords\":[\"CGI\",\"Conspiratii si Mistere\",\"elicopter\",\"hologram\u0103\",\"Internet\",\"Joe Biden\",\"m\u00e2n\u0103\",\"microfon\",\"pre\u015fedinte\",\"SUA\",\"Twitter\",\"videoclip\",\"ziari\u015fti\"],\"articleSection\":[\"Conspiratii si Mistere\"],\"inLanguage\":\"ro-RO\",\"potentialAction\":[{\"@type\":\"CommentAction\",\"name\":\"Comment\",\"target\":[\"https:\\\/\\\/www.lovendal.ro\\\/wp52\\\/o-filmare-socanta-prezinta-o-ciudatenie-cu-privire-la-pozitia-mainilor-presedintelui-joe-biden-care-e-explicatia\\\/#respond\"]}]},{\"@type\":\"WebPage\",\"@id\":\"https:\\\/\\\/www.lovendal.ro\\\/wp52\\\/o-filmare-socanta-prezinta-o-ciudatenie-cu-privire-la-pozitia-mainilor-presedintelui-joe-biden-care-e-explicatia\\\/\",\"url\":\"https:\\\/\\\/www.lovendal.ro\\\/wp52\\\/o-filmare-socanta-prezinta-o-ciudatenie-cu-privire-la-pozitia-mainilor-presedintelui-joe-biden-care-e-explicatia\\\/\",\"name\":\"O filmare \u015focant\u0103 prezint\u0103 o ciud\u0103\u0163enie cu privire la pozi\u0163ia m\u00e2inilor pre\u015fedintelui Joe Biden... Care e explica\u0163ia!? - Secretele lui Lovendal\",\"isPartOf\":{\"@id\":\"https:\\\/\\\/www.lovendal.ro\\\/wp52\\\/#website\"},\"primaryImageOfPage\":{\"@id\":\"https:\\\/\\\/www.lovendal.ro\\\/wp52\\\/o-filmare-socanta-prezinta-o-ciudatenie-cu-privire-la-pozitia-mainilor-presedintelui-joe-biden-care-e-explicatia\\\/#primaryimage\"},\"image\":{\"@id\":\"https:\\\/\\\/www.lovendal.ro\\\/wp52\\\/o-filmare-socanta-prezinta-o-ciudatenie-cu-privire-la-pozitia-mainilor-presedintelui-joe-biden-care-e-explicatia\\\/#primaryimage\"},\"thumbnailUrl\":\"https:\\\/\\\/www.lovendal.ro\\\/wp52\\\/wp-content\\\/uploads\\\/2021\\\/03\\\/Joe-Biden-microfon-coperta.jpg\",\"datePublished\":\"2021-03-19T17:56:34+00:00\",\"breadcrumb\":{\"@id\":\"https:\\\/\\\/www.lovendal.ro\\\/wp52\\\/o-filmare-socanta-prezinta-o-ciudatenie-cu-privire-la-pozitia-mainilor-presedintelui-joe-biden-care-e-explicatia\\\/#breadcrumb\"},\"inLanguage\":\"ro-RO\",\"potentialAction\":[{\"@type\":\"ReadAction\",\"target\":[\"https:\\\/\\\/www.lovendal.ro\\\/wp52\\\/o-filmare-socanta-prezinta-o-ciudatenie-cu-privire-la-pozitia-mainilor-presedintelui-joe-biden-care-e-explicatia\\\/\"]}]},{\"@type\":\"ImageObject\",\"inLanguage\":\"ro-RO\",\"@id\":\"https:\\\/\\\/www.lovendal.ro\\\/wp52\\\/o-filmare-socanta-prezinta-o-ciudatenie-cu-privire-la-pozitia-mainilor-presedintelui-joe-biden-care-e-explicatia\\\/#primaryimage\",\"url\":\"https:\\\/\\\/www.lovendal.ro\\\/wp52\\\/wp-content\\\/uploads\\\/2021\\\/03\\\/Joe-Biden-microfon-coperta.jpg\",\"contentUrl\":\"https:\\\/\\\/www.lovendal.ro\\\/wp52\\\/wp-content\\\/uploads\\\/2021\\\/03\\\/Joe-Biden-microfon-coperta.jpg\",\"width\":348,\"height\":221},{\"@type\":\"BreadcrumbList\",\"@id\":\"https:\\\/\\\/www.lovendal.ro\\\/wp52\\\/o-filmare-socanta-prezinta-o-ciudatenie-cu-privire-la-pozitia-mainilor-presedintelui-joe-biden-care-e-explicatia\\\/#breadcrumb\",\"itemListElement\":[{\"@type\":\"ListItem\",\"position\":1,\"name\":\"Home\",\"item\":\"https:\\\/\\\/www.lovendal.ro\\\/wp52\\\/\"},{\"@type\":\"ListItem\",\"position\":2,\"name\":\"O filmare \u015focant\u0103 prezint\u0103 o ciud\u0103\u0163enie cu privire la pozi\u0163ia m\u00e2inilor pre\u015fedintelui Joe Biden&#8230; Care e explica\u0163ia!?\"}]},{\"@type\":\"WebSite\",\"@id\":\"https:\\\/\\\/www.lovendal.ro\\\/wp52\\\/#website\",\"url\":\"https:\\\/\\\/www.lovendal.ro\\\/wp52\\\/\",\"name\":\"Secretele lui Lovendal\",\"description\":\"Site de secrete, stiinta si metafizica - din 2008 -\",\"publisher\":{\"@id\":\"https:\\\/\\\/www.lovendal.ro\\\/wp52\\\/#organization\"},\"potentialAction\":[{\"@type\":\"SearchAction\",\"target\":{\"@type\":\"EntryPoint\",\"urlTemplate\":\"https:\\\/\\\/www.lovendal.ro\\\/wp52\\\/?s={search_term_string}\"},\"query-input\":{\"@type\":\"PropertyValueSpecification\",\"valueRequired\":true,\"valueName\":\"search_term_string\"}}],\"inLanguage\":\"ro-RO\"},{\"@type\":\"Organization\",\"@id\":\"https:\\\/\\\/www.lovendal.ro\\\/wp52\\\/#organization\",\"name\":\"Secretele lui Lovendal\",\"url\":\"https:\\\/\\\/www.lovendal.ro\\\/wp52\\\/\",\"logo\":{\"@type\":\"ImageObject\",\"inLanguage\":\"ro-RO\",\"@id\":\"https:\\\/\\\/www.lovendal.ro\\\/wp52\\\/#\\\/schema\\\/logo\\\/image\\\/\",\"url\":\"https:\\\/\\\/www.lovendal.ro\\\/wp52\\\/wp-content\\\/uploads\\\/2024\\\/06\\\/cropped-SLL-iun-2024-1.jpg\",\"contentUrl\":\"https:\\\/\\\/www.lovendal.ro\\\/wp52\\\/wp-content\\\/uploads\\\/2024\\\/06\\\/cropped-SLL-iun-2024-1.jpg\",\"width\":771,\"height\":240,\"caption\":\"Secretele lui Lovendal\"},\"image\":{\"@id\":\"https:\\\/\\\/www.lovendal.ro\\\/wp52\\\/#\\\/schema\\\/logo\\\/image\\\/\"},\"sameAs\":[\"https:\\\/\\\/www.facebook.com\\\/secreteleluilovendal\"]},{\"@type\":\"Person\",\"@id\":\"https:\\\/\\\/www.lovendal.ro\\\/wp52\\\/#\\\/schema\\\/person\\\/088691de5dfc346bb0c023e1e52ef5d9\",\"name\":\"admin\",\"image\":{\"@type\":\"ImageObject\",\"inLanguage\":\"ro-RO\",\"@id\":\"https:\\\/\\\/secure.gravatar.com\\\/avatar\\\/ecb9cd41f5f63c9c9b989999a59f6e2639a865ec361e9db054db0679a8f341c2?s=96&d=mm&r=g\",\"url\":\"https:\\\/\\\/secure.gravatar.com\\\/avatar\\\/ecb9cd41f5f63c9c9b989999a59f6e2639a865ec361e9db054db0679a8f341c2?s=96&d=mm&r=g\",\"contentUrl\":\"https:\\\/\\\/secure.gravatar.com\\\/avatar\\\/ecb9cd41f5f63c9c9b989999a59f6e2639a865ec361e9db054db0679a8f341c2?s=96&d=mm&r=g\",\"caption\":\"admin\"},\"sameAs\":[\"https:\\\/\\\/www.lovendal.ro\\\/wp52\"]}]}<\/script>\n<!-- \/ Yoast SEO Premium plugin. -->","yoast_head_json":{"title":"O filmare \u015focant\u0103 prezint\u0103 o ciud\u0103\u0163enie cu privire la pozi\u0163ia m\u00e2inilor pre\u015fedintelui Joe Biden... Care e explica\u0163ia!? - Secretele lui Lovendal","robots":{"index":"index","follow":"follow","max-snippet":"max-snippet:-1","max-image-preview":"max-image-preview:large","max-video-preview":"max-video-preview:-1"},"canonical":"https:\/\/www.lovendal.ro\/wp52\/o-filmare-socanta-prezinta-o-ciudatenie-cu-privire-la-pozitia-mainilor-presedintelui-joe-biden-care-e-explicatia\/","og_locale":"ro_RO","og_type":"article","og_title":"O filmare \u015focant\u0103 prezint\u0103 o ciud\u0103\u0163enie cu privire la pozi\u0163ia m\u00e2inilor pre\u015fedintelui Joe Biden... Care e explica\u0163ia!?","og_description":"Noul pre\u015fedinte american ales Joe Biden n-a \u0163inut p\u00e2n\u0103 \u00een prezent o conferin\u0163\u0103 de pres\u0103 cu ziari\u015ftii, de\u015fi este pre\u015fedinte de aproape 2 luni. O fi av\u00e2nd motivele sale, dar nu asta-i problema. Privi\u0163i urm\u0103toarea filmare video postat\u0103 pe un ... Cititi mai multe","og_url":"https:\/\/www.lovendal.ro\/wp52\/o-filmare-socanta-prezinta-o-ciudatenie-cu-privire-la-pozitia-mainilor-presedintelui-joe-biden-care-e-explicatia\/","og_site_name":"Secretele lui Lovendal","article_publisher":"https:\/\/www.facebook.com\/secreteleluilovendal","article_published_time":"2021-03-19T17:56:34+00:00","og_image":[{"width":348,"height":221,"url":"https:\/\/www.lovendal.ro\/wp52\/wp-content\/uploads\/2021\/03\/Joe-Biden-microfon-coperta.jpg","type":"image\/jpeg"}],"author":"admin","twitter_card":"summary_large_image","twitter_misc":{"Scris de":"admin","Timp estimat pentru citire":"2 minute"},"schema":{"@context":"https:\/\/schema.org","@graph":[{"@type":"Article","@id":"https:\/\/www.lovendal.ro\/wp52\/o-filmare-socanta-prezinta-o-ciudatenie-cu-privire-la-pozitia-mainilor-presedintelui-joe-biden-care-e-explicatia\/#article","isPartOf":{"@id":"https:\/\/www.lovendal.ro\/wp52\/o-filmare-socanta-prezinta-o-ciudatenie-cu-privire-la-pozitia-mainilor-presedintelui-joe-biden-care-e-explicatia\/"},"author":{"name":"admin","@id":"https:\/\/www.lovendal.ro\/wp52\/#\/schema\/person\/088691de5dfc346bb0c023e1e52ef5d9"},"headline":"O filmare \u015focant\u0103 prezint\u0103 o ciud\u0103\u0163enie cu privire la pozi\u0163ia m\u00e2inilor pre\u015fedintelui Joe Biden&#8230; Care e explica\u0163ia!?","datePublished":"2021-03-19T17:56:34+00:00","mainEntityOfPage":{"@id":"https:\/\/www.lovendal.ro\/wp52\/o-filmare-socanta-prezinta-o-ciudatenie-cu-privire-la-pozitia-mainilor-presedintelui-joe-biden-care-e-explicatia\/"},"wordCount":358,"commentCount":1,"publisher":{"@id":"https:\/\/www.lovendal.ro\/wp52\/#organization"},"image":{"@id":"https:\/\/www.lovendal.ro\/wp52\/o-filmare-socanta-prezinta-o-ciudatenie-cu-privire-la-pozitia-mainilor-presedintelui-joe-biden-care-e-explicatia\/#primaryimage"},"thumbnailUrl":"https:\/\/www.lovendal.ro\/wp52\/wp-content\/uploads\/2021\/03\/Joe-Biden-microfon-coperta.jpg","keywords":["CGI","Conspiratii si Mistere","elicopter","hologram\u0103","Internet","Joe Biden","m\u00e2n\u0103","microfon","pre\u015fedinte","SUA","Twitter","videoclip","ziari\u015fti"],"articleSection":["Conspiratii si Mistere"],"inLanguage":"ro-RO","potentialAction":[{"@type":"CommentAction","name":"Comment","target":["https:\/\/www.lovendal.ro\/wp52\/o-filmare-socanta-prezinta-o-ciudatenie-cu-privire-la-pozitia-mainilor-presedintelui-joe-biden-care-e-explicatia\/#respond"]}]},{"@type":"WebPage","@id":"https:\/\/www.lovendal.ro\/wp52\/o-filmare-socanta-prezinta-o-ciudatenie-cu-privire-la-pozitia-mainilor-presedintelui-joe-biden-care-e-explicatia\/","url":"https:\/\/www.lovendal.ro\/wp52\/o-filmare-socanta-prezinta-o-ciudatenie-cu-privire-la-pozitia-mainilor-presedintelui-joe-biden-care-e-explicatia\/","name":"O filmare \u015focant\u0103 prezint\u0103 o ciud\u0103\u0163enie cu privire la pozi\u0163ia m\u00e2inilor pre\u015fedintelui Joe Biden... Care e explica\u0163ia!? - Secretele lui Lovendal","isPartOf":{"@id":"https:\/\/www.lovendal.ro\/wp52\/#website"},"primaryImageOfPage":{"@id":"https:\/\/www.lovendal.ro\/wp52\/o-filmare-socanta-prezinta-o-ciudatenie-cu-privire-la-pozitia-mainilor-presedintelui-joe-biden-care-e-explicatia\/#primaryimage"},"image":{"@id":"https:\/\/www.lovendal.ro\/wp52\/o-filmare-socanta-prezinta-o-ciudatenie-cu-privire-la-pozitia-mainilor-presedintelui-joe-biden-care-e-explicatia\/#primaryimage"},"thumbnailUrl":"https:\/\/www.lovendal.ro\/wp52\/wp-content\/uploads\/2021\/03\/Joe-Biden-microfon-coperta.jpg","datePublished":"2021-03-19T17:56:34+00:00","breadcrumb":{"@id":"https:\/\/www.lovendal.ro\/wp52\/o-filmare-socanta-prezinta-o-ciudatenie-cu-privire-la-pozitia-mainilor-presedintelui-joe-biden-care-e-explicatia\/#breadcrumb"},"inLanguage":"ro-RO","potentialAction":[{"@type":"ReadAction","target":["https:\/\/www.lovendal.ro\/wp52\/o-filmare-socanta-prezinta-o-ciudatenie-cu-privire-la-pozitia-mainilor-presedintelui-joe-biden-care-e-explicatia\/"]}]},{"@type":"ImageObject","inLanguage":"ro-RO","@id":"https:\/\/www.lovendal.ro\/wp52\/o-filmare-socanta-prezinta-o-ciudatenie-cu-privire-la-pozitia-mainilor-presedintelui-joe-biden-care-e-explicatia\/#primaryimage","url":"https:\/\/www.lovendal.ro\/wp52\/wp-content\/uploads\/2021\/03\/Joe-Biden-microfon-coperta.jpg","contentUrl":"https:\/\/www.lovendal.ro\/wp52\/wp-content\/uploads\/2021\/03\/Joe-Biden-microfon-coperta.jpg","width":348,"height":221},{"@type":"BreadcrumbList","@id":"https:\/\/www.lovendal.ro\/wp52\/o-filmare-socanta-prezinta-o-ciudatenie-cu-privire-la-pozitia-mainilor-presedintelui-joe-biden-care-e-explicatia\/#breadcrumb","itemListElement":[{"@type":"ListItem","position":1,"name":"Home","item":"https:\/\/www.lovendal.ro\/wp52\/"},{"@type":"ListItem","position":2,"name":"O filmare \u015focant\u0103 prezint\u0103 o ciud\u0103\u0163enie cu privire la pozi\u0163ia m\u00e2inilor pre\u015fedintelui Joe Biden&#8230; Care e explica\u0163ia!?"}]},{"@type":"WebSite","@id":"https:\/\/www.lovendal.ro\/wp52\/#website","url":"https:\/\/www.lovendal.ro\/wp52\/","name":"Secretele lui Lovendal","description":"Site de secrete, stiinta si metafizica - din 2008 -","publisher":{"@id":"https:\/\/www.lovendal.ro\/wp52\/#organization"},"potentialAction":[{"@type":"SearchAction","target":{"@type":"EntryPoint","urlTemplate":"https:\/\/www.lovendal.ro\/wp52\/?s={search_term_string}"},"query-input":{"@type":"PropertyValueSpecification","valueRequired":true,"valueName":"search_term_string"}}],"inLanguage":"ro-RO"},{"@type":"Organization","@id":"https:\/\/www.lovendal.ro\/wp52\/#organization","name":"Secretele lui Lovendal","url":"https:\/\/www.lovendal.ro\/wp52\/","logo":{"@type":"ImageObject","inLanguage":"ro-RO","@id":"https:\/\/www.lovendal.ro\/wp52\/#\/schema\/logo\/image\/","url":"https:\/\/www.lovendal.ro\/wp52\/wp-content\/uploads\/2024\/06\/cropped-SLL-iun-2024-1.jpg","contentUrl":"https:\/\/www.lovendal.ro\/wp52\/wp-content\/uploads\/2024\/06\/cropped-SLL-iun-2024-1.jpg","width":771,"height":240,"caption":"Secretele lui Lovendal"},"image":{"@id":"https:\/\/www.lovendal.ro\/wp52\/#\/schema\/logo\/image\/"},"sameAs":["https:\/\/www.facebook.com\/secreteleluilovendal"]},{"@type":"Person","@id":"https:\/\/www.lovendal.ro\/wp52\/#\/schema\/person\/088691de5dfc346bb0c023e1e52ef5d9","name":"admin","image":{"@type":"ImageObject","inLanguage":"ro-RO","@id":"https:\/\/secure.gravatar.com\/avatar\/ecb9cd41f5f63c9c9b989999a59f6e2639a865ec361e9db054db0679a8f341c2?s=96&d=mm&r=g","url":"https:\/\/secure.gravatar.com\/avatar\/ecb9cd41f5f63c9c9b989999a59f6e2639a865ec361e9db054db0679a8f341c2?s=96&d=mm&r=g","contentUrl":"https:\/\/secure.gravatar.com\/avatar\/ecb9cd41f5f63c9c9b989999a59f6e2639a865ec361e9db054db0679a8f341c2?s=96&d=mm&r=g","caption":"admin"},"sameAs":["https:\/\/www.lovendal.ro\/wp52"]}]}},"_links":{"self":[{"href":"https:\/\/www.lovendal.ro\/wp52\/wp-json\/wp\/v2\/posts\/74140","targetHints":{"allow":["GET"]}}],"collection":[{"href":"https:\/\/www.lovendal.ro\/wp52\/wp-json\/wp\/v2\/posts"}],"about":[{"href":"https:\/\/www.lovendal.ro\/wp52\/wp-json\/wp\/v2\/types\/post"}],"author":[{"embeddable":true,"href":"https:\/\/www.lovendal.ro\/wp52\/wp-json\/wp\/v2\/users\/1"}],"replies":[{"embeddable":true,"href":"https:\/\/www.lovendal.ro\/wp52\/wp-json\/wp\/v2\/comments?post=74140"}],"version-history":[{"count":0,"href":"https:\/\/www.lovendal.ro\/wp52\/wp-json\/wp\/v2\/posts\/74140\/revisions"}],"wp:featuredmedia":[{"embeddable":true,"href":"https:\/\/www.lovendal.ro\/wp52\/wp-json\/wp\/v2\/media\/74141"}],"wp:attachment":[{"href":"https:\/\/www.lovendal.ro\/wp52\/wp-json\/wp\/v2\/media?parent=74140"}],"wp:term":[{"taxonomy":"category","embeddable":true,"href":"https:\/\/www.lovendal.ro\/wp52\/wp-json\/wp\/v2\/categories?post=74140"},{"taxonomy":"post_tag","embeddable":true,"href":"https:\/\/www.lovendal.ro\/wp52\/wp-json\/wp\/v2\/tags?post=74140"}],"curies":[{"name":"wp","href":"https:\/\/api.w.org\/{rel}","templated":true}]}}