{"id":73829,"date":"2021-02-28T17:06:16","date_gmt":"2021-02-28T15:06:16","guid":{"rendered":"https:\/\/www.lovendal.ro\/wp52\/?p=73829"},"modified":"2021-02-28T17:06:16","modified_gmt":"2021-02-28T15:06:16","slug":"intr-o-noua-carte-papa-francisc-vorbeste-despre-moartea-sa-la-ce-se-refera-mai-exact","status":"publish","type":"post","link":"https:\/\/www.lovendal.ro\/wp52\/intr-o-noua-carte-papa-francisc-vorbeste-despre-moartea-sa-la-ce-se-refera-mai-exact\/","title":{"rendered":"\u00centr-o nou\u0103 carte, papa Francisc vorbe\u015fte despre moartea sa. La ce se refer\u0103, mai exact?"},"content":{"rendered":"<figure id=\"attachment_73830\" aria-describedby=\"caption-attachment-73830\" style=\"width: 356px\" class=\"wp-caption alignleft\"><a href=\"https:\/\/www.lovendal.ro\/wp52\/wp-content\/uploads\/2021\/02\/papa-Francisc.jpg\"><img loading=\"lazy\" decoding=\"async\" class=\"size-full wp-image-73830\" src=\"https:\/\/www.lovendal.ro\/wp52\/wp-content\/uploads\/2021\/02\/papa-Francisc.jpg\" alt=\"\" width=\"366\" height=\"238\" srcset=\"https:\/\/www.lovendal.ro\/wp52\/wp-content\/uploads\/2021\/02\/papa-Francisc.jpg 366w, https:\/\/www.lovendal.ro\/wp52\/wp-content\/uploads\/2021\/02\/papa-Francisc-300x195.jpg 300w\" sizes=\"auto, (max-width: 366px) 100vw, 366px\" \/><\/a><figcaption id=\"caption-attachment-73830\" class=\"wp-caption-text\"><strong>Imagine<\/strong>: <a href=\"https:\/\/www.flickr.com\/photos\/catholicism\/33231282981\" target=\"_blank\" rel=\"noopener\"><strong>flickr.com<\/strong><\/a> (Commons Creative &#8211; free)<\/figcaption><\/figure>\n<p>\u00centr-o nou\u0103 carte ce este lansat\u0103 pe 1 martie 2021 \u015fi care se intituleaz\u0103 <em><strong>&#8222;S\u0103n\u0103tatea papilor. Medic, complot \u015fi credin\u0163\u0103. De la Leon XIII la Francisc&#8221;<\/strong><\/em>, autorul (medicul argentinian Nelson Castro) ofer\u0103 un capitol separat actualului pap\u0103, Francisc. El ia papei un interviu \u00een februarie 2019, \u00een care vorbe\u015fte despre starea de s\u0103n\u0103tate a acestuia.<\/p>\n<p>Papa spunea atunci c\u0103 se g\u00e2nde\u015fte la moarte, dar nu se teme de ea. Totodat\u0103 el se vede murind la Roma \u015fi nu \u00een Argentina (\u0163ara lui natal\u0103, unde a fost arhiepiscop at\u00e2\u0163ia ani): <em>&#8222;Voi fi pap\u0103, \u00een exerci\u0163iul func\u0163iunii sau emerit. \u015ei la Roma. Nu m\u0103 voi \u00eentoarce \u00een Argentina&#8221;.<\/em><\/p>\n<p>Papa are probleme de s\u0103n\u0103tate \u00eenc\u0103 din tinere\u0163e: la v\u00e2rsta de 21 de ani, \u00een 1957, suferea de pleurezie acut\u0103 \u015fi chirurgii au trebuit s\u0103 efectueze o abla\u0163iune par\u0163ial\u0103 a pl\u0103m\u00e2nului drept. Papa poveste\u015fte c\u0103 \u00een iarna lui &#8217;57 a contactat o form\u0103 puternic\u0103 de grip\u0103, pentru care febra persista \u015fi avea \u015fi dificult\u0103\u0163i de respira\u0163ie. \u00cen urma radiografiei cu raze X, s-au descoperit 3 chisturi pe pl\u0103m\u00e2nul drept.<\/p>\n<p><em><strong>Sursa<\/strong><\/em>: <a href=\"https:\/\/www.lanacion.com.ar\/opinion\/entrevista-con-el-papa-a-las-neurosis-hay-que-cebarles-mate-nid26022021\/\" target=\"_blank\" rel=\"noopener\"><strong>lanacion.com.ar<\/strong><\/a><\/p>\n","protected":false},"excerpt":{"rendered":"<p>\u00centr-o nou\u0103 carte ce este lansat\u0103 pe 1 martie 2021 \u015fi care se intituleaz\u0103 &#8222;S\u0103n\u0103tatea papilor. Medic, complot \u015fi credin\u0163\u0103. De la Leon XIII la Francisc&#8221;, autorul (medicul argentinian Nelson Castro) ofer\u0103 un capitol separat actualului pap\u0103, Francisc. El ia &#8230; <\/p>\n<p class=\"read-more-container\"><a title=\"\u00centr-o nou\u0103 carte, papa Francisc vorbe\u015fte despre moartea sa. La ce se refer\u0103, mai exact?\" class=\"read-more button\" href=\"https:\/\/www.lovendal.ro\/wp52\/intr-o-noua-carte-papa-francisc-vorbeste-despre-moartea-sa-la-ce-se-refera-mai-exact\/#more-73829\" aria-label=\"Cite\u0219te mai multe despre \u00centr-o nou\u0103 carte, papa Francisc vorbe\u015fte despre moartea sa. La ce se refer\u0103, mai exact?\">Cititi mai multe<\/a><\/p>\n","protected":false},"author":1,"featured_media":73830,"comment_status":"open","ping_status":"open","sticky":false,"template":"","format":"standard","meta":{"footnotes":""},"categories":[40],"tags":[1340,3893,1103,7485,147,4823,16484,3763,108,97,6945,3847,9799,553],"class_list":["post-73829","post","type-post","status-publish","format-standard","has-post-thumbnail","hentry","category-politica","tag-argentina","tag-arhiepiscop","tag-carte","tag-febra","tag-gripa","tag-interviu","tag-leon-xiii","tag-medic","tag-moarte","tag-papa","tag-papa-francisc","tag-plamani","tag-politica-economie-geostrategie","tag-roma","resize-featured-image"],"yoast_head":"<!-- This site is optimized with the Yoast SEO Premium plugin v23.3 (Yoast SEO v27.4) - https:\/\/yoast.com\/product\/yoast-seo-premium-wordpress\/ -->\n<title>\u00centr-o nou\u0103 carte, papa Francisc vorbe\u015fte despre moartea sa. La ce se refer\u0103, mai exact? - Secretele lui Lovendal<\/title>\n<meta name=\"robots\" content=\"index, follow, max-snippet:-1, max-image-preview:large, max-video-preview:-1\" \/>\n<link rel=\"canonical\" href=\"https:\/\/www.lovendal.ro\/wp52\/intr-o-noua-carte-papa-francisc-vorbeste-despre-moartea-sa-la-ce-se-refera-mai-exact\/\" \/>\n<meta property=\"og:locale\" content=\"ro_RO\" \/>\n<meta property=\"og:type\" content=\"article\" \/>\n<meta property=\"og:title\" content=\"\u00centr-o nou\u0103 carte, papa Francisc vorbe\u015fte despre moartea sa. La ce se refer\u0103, mai exact?\" \/>\n<meta property=\"og:description\" content=\"\u00centr-o nou\u0103 carte ce este lansat\u0103 pe 1 martie 2021 \u015fi care se intituleaz\u0103 &#8222;S\u0103n\u0103tatea papilor. Medic, complot \u015fi credin\u0163\u0103. De la Leon XIII la Francisc&#8221;, autorul (medicul argentinian Nelson Castro) ofer\u0103 un capitol separat actualului pap\u0103, Francisc. El ia ... Cititi mai multe\" \/>\n<meta property=\"og:url\" content=\"https:\/\/www.lovendal.ro\/wp52\/intr-o-noua-carte-papa-francisc-vorbeste-despre-moartea-sa-la-ce-se-refera-mai-exact\/\" \/>\n<meta property=\"og:site_name\" content=\"Secretele lui Lovendal\" \/>\n<meta property=\"article:publisher\" content=\"https:\/\/www.facebook.com\/secreteleluilovendal\" \/>\n<meta property=\"article:published_time\" content=\"2021-02-28T15:06:16+00:00\" \/>\n<meta property=\"og:image\" content=\"https:\/\/www.lovendal.ro\/wp52\/wp-content\/uploads\/2021\/02\/papa-Francisc.jpg\" \/>\n\t<meta property=\"og:image:width\" content=\"366\" \/>\n\t<meta property=\"og:image:height\" content=\"238\" \/>\n\t<meta property=\"og:image:type\" content=\"image\/jpeg\" \/>\n<meta name=\"author\" content=\"admin\" \/>\n<meta name=\"twitter:card\" content=\"summary_large_image\" \/>\n<meta name=\"twitter:label1\" content=\"Scris de\" \/>\n\t<meta name=\"twitter:data1\" content=\"admin\" \/>\n\t<meta name=\"twitter:label2\" content=\"Timp estimat pentru citire\" \/>\n\t<meta name=\"twitter:data2\" content=\"1 minut\" \/>\n<script type=\"application\/ld+json\" class=\"yoast-schema-graph\">{\"@context\":\"https:\\\/\\\/schema.org\",\"@graph\":[{\"@type\":\"Article\",\"@id\":\"https:\\\/\\\/www.lovendal.ro\\\/wp52\\\/intr-o-noua-carte-papa-francisc-vorbeste-despre-moartea-sa-la-ce-se-refera-mai-exact\\\/#article\",\"isPartOf\":{\"@id\":\"https:\\\/\\\/www.lovendal.ro\\\/wp52\\\/intr-o-noua-carte-papa-francisc-vorbeste-despre-moartea-sa-la-ce-se-refera-mai-exact\\\/\"},\"author\":{\"name\":\"admin\",\"@id\":\"https:\\\/\\\/www.lovendal.ro\\\/wp52\\\/#\\\/schema\\\/person\\\/088691de5dfc346bb0c023e1e52ef5d9\"},\"headline\":\"\u00centr-o nou\u0103 carte, papa Francisc vorbe\u015fte despre moartea sa. La ce se refer\u0103, mai exact?\",\"datePublished\":\"2021-02-28T15:06:16+00:00\",\"mainEntityOfPage\":{\"@id\":\"https:\\\/\\\/www.lovendal.ro\\\/wp52\\\/intr-o-noua-carte-papa-francisc-vorbeste-despre-moartea-sa-la-ce-se-refera-mai-exact\\\/\"},\"wordCount\":225,\"commentCount\":0,\"publisher\":{\"@id\":\"https:\\\/\\\/www.lovendal.ro\\\/wp52\\\/#organization\"},\"image\":{\"@id\":\"https:\\\/\\\/www.lovendal.ro\\\/wp52\\\/intr-o-noua-carte-papa-francisc-vorbeste-despre-moartea-sa-la-ce-se-refera-mai-exact\\\/#primaryimage\"},\"thumbnailUrl\":\"https:\\\/\\\/www.lovendal.ro\\\/wp52\\\/wp-content\\\/uploads\\\/2021\\\/02\\\/papa-Francisc.jpg\",\"keywords\":[\"Argentina\",\"arhiepiscop\",\"carte\",\"febra\",\"grip\u0103\",\"interviu\",\"Leon XIII\",\"medic\",\"moarte\",\"papa\",\"papa Francisc\",\"pl\u0103m\u00e2ni\",\"Politica-Economie-Geostrategie\",\"Roma\"],\"articleSection\":[\"Politica-Economie-Geostrategie\"],\"inLanguage\":\"ro-RO\",\"potentialAction\":[{\"@type\":\"CommentAction\",\"name\":\"Comment\",\"target\":[\"https:\\\/\\\/www.lovendal.ro\\\/wp52\\\/intr-o-noua-carte-papa-francisc-vorbeste-despre-moartea-sa-la-ce-se-refera-mai-exact\\\/#respond\"]}]},{\"@type\":\"WebPage\",\"@id\":\"https:\\\/\\\/www.lovendal.ro\\\/wp52\\\/intr-o-noua-carte-papa-francisc-vorbeste-despre-moartea-sa-la-ce-se-refera-mai-exact\\\/\",\"url\":\"https:\\\/\\\/www.lovendal.ro\\\/wp52\\\/intr-o-noua-carte-papa-francisc-vorbeste-despre-moartea-sa-la-ce-se-refera-mai-exact\\\/\",\"name\":\"\u00centr-o nou\u0103 carte, papa Francisc vorbe\u015fte despre moartea sa. La ce se refer\u0103, mai exact? - Secretele lui Lovendal\",\"isPartOf\":{\"@id\":\"https:\\\/\\\/www.lovendal.ro\\\/wp52\\\/#website\"},\"primaryImageOfPage\":{\"@id\":\"https:\\\/\\\/www.lovendal.ro\\\/wp52\\\/intr-o-noua-carte-papa-francisc-vorbeste-despre-moartea-sa-la-ce-se-refera-mai-exact\\\/#primaryimage\"},\"image\":{\"@id\":\"https:\\\/\\\/www.lovendal.ro\\\/wp52\\\/intr-o-noua-carte-papa-francisc-vorbeste-despre-moartea-sa-la-ce-se-refera-mai-exact\\\/#primaryimage\"},\"thumbnailUrl\":\"https:\\\/\\\/www.lovendal.ro\\\/wp52\\\/wp-content\\\/uploads\\\/2021\\\/02\\\/papa-Francisc.jpg\",\"datePublished\":\"2021-02-28T15:06:16+00:00\",\"breadcrumb\":{\"@id\":\"https:\\\/\\\/www.lovendal.ro\\\/wp52\\\/intr-o-noua-carte-papa-francisc-vorbeste-despre-moartea-sa-la-ce-se-refera-mai-exact\\\/#breadcrumb\"},\"inLanguage\":\"ro-RO\",\"potentialAction\":[{\"@type\":\"ReadAction\",\"target\":[\"https:\\\/\\\/www.lovendal.ro\\\/wp52\\\/intr-o-noua-carte-papa-francisc-vorbeste-despre-moartea-sa-la-ce-se-refera-mai-exact\\\/\"]}]},{\"@type\":\"ImageObject\",\"inLanguage\":\"ro-RO\",\"@id\":\"https:\\\/\\\/www.lovendal.ro\\\/wp52\\\/intr-o-noua-carte-papa-francisc-vorbeste-despre-moartea-sa-la-ce-se-refera-mai-exact\\\/#primaryimage\",\"url\":\"https:\\\/\\\/www.lovendal.ro\\\/wp52\\\/wp-content\\\/uploads\\\/2021\\\/02\\\/papa-Francisc.jpg\",\"contentUrl\":\"https:\\\/\\\/www.lovendal.ro\\\/wp52\\\/wp-content\\\/uploads\\\/2021\\\/02\\\/papa-Francisc.jpg\",\"width\":366,\"height\":238,\"caption\":\"Imagine: flickr.com (Commons Creative - free)\"},{\"@type\":\"BreadcrumbList\",\"@id\":\"https:\\\/\\\/www.lovendal.ro\\\/wp52\\\/intr-o-noua-carte-papa-francisc-vorbeste-despre-moartea-sa-la-ce-se-refera-mai-exact\\\/#breadcrumb\",\"itemListElement\":[{\"@type\":\"ListItem\",\"position\":1,\"name\":\"Home\",\"item\":\"https:\\\/\\\/www.lovendal.ro\\\/wp52\\\/\"},{\"@type\":\"ListItem\",\"position\":2,\"name\":\"\u00centr-o nou\u0103 carte, papa Francisc vorbe\u015fte despre moartea sa. La ce se refer\u0103, mai exact?\"}]},{\"@type\":\"WebSite\",\"@id\":\"https:\\\/\\\/www.lovendal.ro\\\/wp52\\\/#website\",\"url\":\"https:\\\/\\\/www.lovendal.ro\\\/wp52\\\/\",\"name\":\"Secretele lui Lovendal\",\"description\":\"Site de secrete, stiinta si metafizica - din 2008 -\",\"publisher\":{\"@id\":\"https:\\\/\\\/www.lovendal.ro\\\/wp52\\\/#organization\"},\"potentialAction\":[{\"@type\":\"SearchAction\",\"target\":{\"@type\":\"EntryPoint\",\"urlTemplate\":\"https:\\\/\\\/www.lovendal.ro\\\/wp52\\\/?s={search_term_string}\"},\"query-input\":{\"@type\":\"PropertyValueSpecification\",\"valueRequired\":true,\"valueName\":\"search_term_string\"}}],\"inLanguage\":\"ro-RO\"},{\"@type\":\"Organization\",\"@id\":\"https:\\\/\\\/www.lovendal.ro\\\/wp52\\\/#organization\",\"name\":\"Secretele lui Lovendal\",\"url\":\"https:\\\/\\\/www.lovendal.ro\\\/wp52\\\/\",\"logo\":{\"@type\":\"ImageObject\",\"inLanguage\":\"ro-RO\",\"@id\":\"https:\\\/\\\/www.lovendal.ro\\\/wp52\\\/#\\\/schema\\\/logo\\\/image\\\/\",\"url\":\"https:\\\/\\\/www.lovendal.ro\\\/wp52\\\/wp-content\\\/uploads\\\/2024\\\/06\\\/cropped-SLL-iun-2024-1.jpg\",\"contentUrl\":\"https:\\\/\\\/www.lovendal.ro\\\/wp52\\\/wp-content\\\/uploads\\\/2024\\\/06\\\/cropped-SLL-iun-2024-1.jpg\",\"width\":771,\"height\":240,\"caption\":\"Secretele lui Lovendal\"},\"image\":{\"@id\":\"https:\\\/\\\/www.lovendal.ro\\\/wp52\\\/#\\\/schema\\\/logo\\\/image\\\/\"},\"sameAs\":[\"https:\\\/\\\/www.facebook.com\\\/secreteleluilovendal\"]},{\"@type\":\"Person\",\"@id\":\"https:\\\/\\\/www.lovendal.ro\\\/wp52\\\/#\\\/schema\\\/person\\\/088691de5dfc346bb0c023e1e52ef5d9\",\"name\":\"admin\",\"image\":{\"@type\":\"ImageObject\",\"inLanguage\":\"ro-RO\",\"@id\":\"https:\\\/\\\/secure.gravatar.com\\\/avatar\\\/ecb9cd41f5f63c9c9b989999a59f6e2639a865ec361e9db054db0679a8f341c2?s=96&d=mm&r=g\",\"url\":\"https:\\\/\\\/secure.gravatar.com\\\/avatar\\\/ecb9cd41f5f63c9c9b989999a59f6e2639a865ec361e9db054db0679a8f341c2?s=96&d=mm&r=g\",\"contentUrl\":\"https:\\\/\\\/secure.gravatar.com\\\/avatar\\\/ecb9cd41f5f63c9c9b989999a59f6e2639a865ec361e9db054db0679a8f341c2?s=96&d=mm&r=g\",\"caption\":\"admin\"},\"sameAs\":[\"https:\\\/\\\/www.lovendal.ro\\\/wp52\"]}]}<\/script>\n<!-- \/ Yoast SEO Premium plugin. -->","yoast_head_json":{"title":"\u00centr-o nou\u0103 carte, papa Francisc vorbe\u015fte despre moartea sa. La ce se refer\u0103, mai exact? - Secretele lui Lovendal","robots":{"index":"index","follow":"follow","max-snippet":"max-snippet:-1","max-image-preview":"max-image-preview:large","max-video-preview":"max-video-preview:-1"},"canonical":"https:\/\/www.lovendal.ro\/wp52\/intr-o-noua-carte-papa-francisc-vorbeste-despre-moartea-sa-la-ce-se-refera-mai-exact\/","og_locale":"ro_RO","og_type":"article","og_title":"\u00centr-o nou\u0103 carte, papa Francisc vorbe\u015fte despre moartea sa. La ce se refer\u0103, mai exact?","og_description":"\u00centr-o nou\u0103 carte ce este lansat\u0103 pe 1 martie 2021 \u015fi care se intituleaz\u0103 &#8222;S\u0103n\u0103tatea papilor. Medic, complot \u015fi credin\u0163\u0103. De la Leon XIII la Francisc&#8221;, autorul (medicul argentinian Nelson Castro) ofer\u0103 un capitol separat actualului pap\u0103, Francisc. El ia ... Cititi mai multe","og_url":"https:\/\/www.lovendal.ro\/wp52\/intr-o-noua-carte-papa-francisc-vorbeste-despre-moartea-sa-la-ce-se-refera-mai-exact\/","og_site_name":"Secretele lui Lovendal","article_publisher":"https:\/\/www.facebook.com\/secreteleluilovendal","article_published_time":"2021-02-28T15:06:16+00:00","og_image":[{"width":366,"height":238,"url":"https:\/\/www.lovendal.ro\/wp52\/wp-content\/uploads\/2021\/02\/papa-Francisc.jpg","type":"image\/jpeg"}],"author":"admin","twitter_card":"summary_large_image","twitter_misc":{"Scris de":"admin","Timp estimat pentru citire":"1 minut"},"schema":{"@context":"https:\/\/schema.org","@graph":[{"@type":"Article","@id":"https:\/\/www.lovendal.ro\/wp52\/intr-o-noua-carte-papa-francisc-vorbeste-despre-moartea-sa-la-ce-se-refera-mai-exact\/#article","isPartOf":{"@id":"https:\/\/www.lovendal.ro\/wp52\/intr-o-noua-carte-papa-francisc-vorbeste-despre-moartea-sa-la-ce-se-refera-mai-exact\/"},"author":{"name":"admin","@id":"https:\/\/www.lovendal.ro\/wp52\/#\/schema\/person\/088691de5dfc346bb0c023e1e52ef5d9"},"headline":"\u00centr-o nou\u0103 carte, papa Francisc vorbe\u015fte despre moartea sa. La ce se refer\u0103, mai exact?","datePublished":"2021-02-28T15:06:16+00:00","mainEntityOfPage":{"@id":"https:\/\/www.lovendal.ro\/wp52\/intr-o-noua-carte-papa-francisc-vorbeste-despre-moartea-sa-la-ce-se-refera-mai-exact\/"},"wordCount":225,"commentCount":0,"publisher":{"@id":"https:\/\/www.lovendal.ro\/wp52\/#organization"},"image":{"@id":"https:\/\/www.lovendal.ro\/wp52\/intr-o-noua-carte-papa-francisc-vorbeste-despre-moartea-sa-la-ce-se-refera-mai-exact\/#primaryimage"},"thumbnailUrl":"https:\/\/www.lovendal.ro\/wp52\/wp-content\/uploads\/2021\/02\/papa-Francisc.jpg","keywords":["Argentina","arhiepiscop","carte","febra","grip\u0103","interviu","Leon XIII","medic","moarte","papa","papa Francisc","pl\u0103m\u00e2ni","Politica-Economie-Geostrategie","Roma"],"articleSection":["Politica-Economie-Geostrategie"],"inLanguage":"ro-RO","potentialAction":[{"@type":"CommentAction","name":"Comment","target":["https:\/\/www.lovendal.ro\/wp52\/intr-o-noua-carte-papa-francisc-vorbeste-despre-moartea-sa-la-ce-se-refera-mai-exact\/#respond"]}]},{"@type":"WebPage","@id":"https:\/\/www.lovendal.ro\/wp52\/intr-o-noua-carte-papa-francisc-vorbeste-despre-moartea-sa-la-ce-se-refera-mai-exact\/","url":"https:\/\/www.lovendal.ro\/wp52\/intr-o-noua-carte-papa-francisc-vorbeste-despre-moartea-sa-la-ce-se-refera-mai-exact\/","name":"\u00centr-o nou\u0103 carte, papa Francisc vorbe\u015fte despre moartea sa. La ce se refer\u0103, mai exact? - Secretele lui Lovendal","isPartOf":{"@id":"https:\/\/www.lovendal.ro\/wp52\/#website"},"primaryImageOfPage":{"@id":"https:\/\/www.lovendal.ro\/wp52\/intr-o-noua-carte-papa-francisc-vorbeste-despre-moartea-sa-la-ce-se-refera-mai-exact\/#primaryimage"},"image":{"@id":"https:\/\/www.lovendal.ro\/wp52\/intr-o-noua-carte-papa-francisc-vorbeste-despre-moartea-sa-la-ce-se-refera-mai-exact\/#primaryimage"},"thumbnailUrl":"https:\/\/www.lovendal.ro\/wp52\/wp-content\/uploads\/2021\/02\/papa-Francisc.jpg","datePublished":"2021-02-28T15:06:16+00:00","breadcrumb":{"@id":"https:\/\/www.lovendal.ro\/wp52\/intr-o-noua-carte-papa-francisc-vorbeste-despre-moartea-sa-la-ce-se-refera-mai-exact\/#breadcrumb"},"inLanguage":"ro-RO","potentialAction":[{"@type":"ReadAction","target":["https:\/\/www.lovendal.ro\/wp52\/intr-o-noua-carte-papa-francisc-vorbeste-despre-moartea-sa-la-ce-se-refera-mai-exact\/"]}]},{"@type":"ImageObject","inLanguage":"ro-RO","@id":"https:\/\/www.lovendal.ro\/wp52\/intr-o-noua-carte-papa-francisc-vorbeste-despre-moartea-sa-la-ce-se-refera-mai-exact\/#primaryimage","url":"https:\/\/www.lovendal.ro\/wp52\/wp-content\/uploads\/2021\/02\/papa-Francisc.jpg","contentUrl":"https:\/\/www.lovendal.ro\/wp52\/wp-content\/uploads\/2021\/02\/papa-Francisc.jpg","width":366,"height":238,"caption":"Imagine: flickr.com (Commons Creative - free)"},{"@type":"BreadcrumbList","@id":"https:\/\/www.lovendal.ro\/wp52\/intr-o-noua-carte-papa-francisc-vorbeste-despre-moartea-sa-la-ce-se-refera-mai-exact\/#breadcrumb","itemListElement":[{"@type":"ListItem","position":1,"name":"Home","item":"https:\/\/www.lovendal.ro\/wp52\/"},{"@type":"ListItem","position":2,"name":"\u00centr-o nou\u0103 carte, papa Francisc vorbe\u015fte despre moartea sa. La ce se refer\u0103, mai exact?"}]},{"@type":"WebSite","@id":"https:\/\/www.lovendal.ro\/wp52\/#website","url":"https:\/\/www.lovendal.ro\/wp52\/","name":"Secretele lui Lovendal","description":"Site de secrete, stiinta si metafizica - din 2008 -","publisher":{"@id":"https:\/\/www.lovendal.ro\/wp52\/#organization"},"potentialAction":[{"@type":"SearchAction","target":{"@type":"EntryPoint","urlTemplate":"https:\/\/www.lovendal.ro\/wp52\/?s={search_term_string}"},"query-input":{"@type":"PropertyValueSpecification","valueRequired":true,"valueName":"search_term_string"}}],"inLanguage":"ro-RO"},{"@type":"Organization","@id":"https:\/\/www.lovendal.ro\/wp52\/#organization","name":"Secretele lui Lovendal","url":"https:\/\/www.lovendal.ro\/wp52\/","logo":{"@type":"ImageObject","inLanguage":"ro-RO","@id":"https:\/\/www.lovendal.ro\/wp52\/#\/schema\/logo\/image\/","url":"https:\/\/www.lovendal.ro\/wp52\/wp-content\/uploads\/2024\/06\/cropped-SLL-iun-2024-1.jpg","contentUrl":"https:\/\/www.lovendal.ro\/wp52\/wp-content\/uploads\/2024\/06\/cropped-SLL-iun-2024-1.jpg","width":771,"height":240,"caption":"Secretele lui Lovendal"},"image":{"@id":"https:\/\/www.lovendal.ro\/wp52\/#\/schema\/logo\/image\/"},"sameAs":["https:\/\/www.facebook.com\/secreteleluilovendal"]},{"@type":"Person","@id":"https:\/\/www.lovendal.ro\/wp52\/#\/schema\/person\/088691de5dfc346bb0c023e1e52ef5d9","name":"admin","image":{"@type":"ImageObject","inLanguage":"ro-RO","@id":"https:\/\/secure.gravatar.com\/avatar\/ecb9cd41f5f63c9c9b989999a59f6e2639a865ec361e9db054db0679a8f341c2?s=96&d=mm&r=g","url":"https:\/\/secure.gravatar.com\/avatar\/ecb9cd41f5f63c9c9b989999a59f6e2639a865ec361e9db054db0679a8f341c2?s=96&d=mm&r=g","contentUrl":"https:\/\/secure.gravatar.com\/avatar\/ecb9cd41f5f63c9c9b989999a59f6e2639a865ec361e9db054db0679a8f341c2?s=96&d=mm&r=g","caption":"admin"},"sameAs":["https:\/\/www.lovendal.ro\/wp52"]}]}},"_links":{"self":[{"href":"https:\/\/www.lovendal.ro\/wp52\/wp-json\/wp\/v2\/posts\/73829","targetHints":{"allow":["GET"]}}],"collection":[{"href":"https:\/\/www.lovendal.ro\/wp52\/wp-json\/wp\/v2\/posts"}],"about":[{"href":"https:\/\/www.lovendal.ro\/wp52\/wp-json\/wp\/v2\/types\/post"}],"author":[{"embeddable":true,"href":"https:\/\/www.lovendal.ro\/wp52\/wp-json\/wp\/v2\/users\/1"}],"replies":[{"embeddable":true,"href":"https:\/\/www.lovendal.ro\/wp52\/wp-json\/wp\/v2\/comments?post=73829"}],"version-history":[{"count":0,"href":"https:\/\/www.lovendal.ro\/wp52\/wp-json\/wp\/v2\/posts\/73829\/revisions"}],"wp:featuredmedia":[{"embeddable":true,"href":"https:\/\/www.lovendal.ro\/wp52\/wp-json\/wp\/v2\/media\/73830"}],"wp:attachment":[{"href":"https:\/\/www.lovendal.ro\/wp52\/wp-json\/wp\/v2\/media?parent=73829"}],"wp:term":[{"taxonomy":"category","embeddable":true,"href":"https:\/\/www.lovendal.ro\/wp52\/wp-json\/wp\/v2\/categories?post=73829"},{"taxonomy":"post_tag","embeddable":true,"href":"https:\/\/www.lovendal.ro\/wp52\/wp-json\/wp\/v2\/tags?post=73829"}],"curies":[{"name":"wp","href":"https:\/\/api.w.org\/{rel}","templated":true}]}}