{"id":73518,"date":"2021-02-10T23:02:59","date_gmt":"2021-02-10T21:02:59","guid":{"rendered":"https:\/\/www.lovendal.ro\/wp52\/?p=73518"},"modified":"2021-02-10T23:02:59","modified_gmt":"2021-02-10T21:02:59","slug":"profetul-mahomed-a-facut-o-calatorie-stelara-la-bordul-unei-nave-spatiale-extraterestre","status":"publish","type":"post","link":"https:\/\/www.lovendal.ro\/wp52\/profetul-mahomed-a-facut-o-calatorie-stelara-la-bordul-unei-nave-spatiale-extraterestre\/","title":{"rendered":"Profetul Mahomed a f\u0103cut o &#8222;c\u0103l\u0103torie stelar\u0103&#8221; la bordul unei nave spa\u0163iale extraterestre?"},"content":{"rendered":"<p><a href=\"https:\/\/www.lovendal.ro\/wp52\/wp-content\/uploads\/2021\/02\/calatoriile-lui-Mohamed.jpg\"><img loading=\"lazy\" decoding=\"async\" class=\"alignleft size-full wp-image-73519\" src=\"https:\/\/www.lovendal.ro\/wp52\/wp-content\/uploads\/2021\/02\/calatoriile-lui-Mohamed.jpg\" alt=\"\" width=\"351\" height=\"270\" srcset=\"https:\/\/www.lovendal.ro\/wp52\/wp-content\/uploads\/2021\/02\/calatoriile-lui-Mohamed.jpg 351w, https:\/\/www.lovendal.ro\/wp52\/wp-content\/uploads\/2021\/02\/calatoriile-lui-Mohamed-300x231.jpg 300w\" sizes=\"auto, (max-width: 351px) 100vw, 351px\" \/><\/a>\u00cen diverse lecturi religioase, ni se vorbe\u015fte despre diver\u015fi profe\u0163i \u015fi sfin\u0163i care se pare c\u0103 au fost lua\u0163i \u00een diverse &#8222;nave spa\u0163iale extraterestre&#8221; \u015fi du\u015fi \u00een spa\u0163iul cosmic.<\/p>\n<p>De exemplu, Enoh descrie \u00een c\u0103l\u0103toria lui cosmic\u0103 c\u0103 a v\u0103zut Luna pe ambele ei fe\u021be. El spune c\u0103 Luna c\u00e2nd nu este vizibil\u0103, ocole\u0219te P\u0103m\u00e2ntul cumva pe dedesubt, de la apus la r\u0103s\u0103rit. Enoh mai spune c\u0103 Soarele ca \u0219i Luna ies prin poarta de la-apus dup\u0103 ce au luminat \u00een miaz\u0103noapte \u0219i revin pe cer prin poarta de la r\u0103s\u0103rit. Profetul ajunge \u00eentr-un loc care nu are nici bolt\u0103 deasupra, nici p\u0103m\u00e2nt dedesupt \u0219i nu era nici un pic de ap\u0103 \u0219i nimic la st\u00e2nga \u0219i nimic la dreapta, un loc cu des\u0103v\u00e2r\u0219ire pustiu &#8211; o \u00eenchisoare a stelelor.<\/p>\n<p>O alt\u0103 c\u0103l\u0103torie cosmic\u0103 era cea descris\u0103 de profestul Mahomed, creatorul islamismului, cel care a fost transportat la cer \u00eentr-o noapte de arhanghelul Gabriel. Profetul viziteaz\u0103 opt ceruri, \u00een primul cer \u00eel \u00eent\u00e2lne\u0219te pe Adam, \u00een al doilea pe lisus \u0219i pe loan Evanghelistul, \u00een al treilea pe losif, \u00een al patrulea pe Idris-Enoh, \u00een al cincilea pe Aron, \u00een al \u0219aselea pe Moise, \u00een al \u0219aptelea pe Avram. Ace\u0219tia to\u021bi \u00eel conduc la Dumnezeu \u00een al optulea cer, unde Dumnezeu \u00eensu\u0219i \u00eei \u00eencredin\u021beaz\u0103 lui Mahomed, misiunea de a r\u0103sp\u00e2ndi islamul.<\/p>\n","protected":false},"excerpt":{"rendered":"<p>\u00cen diverse lecturi religioase, ni se vorbe\u015fte despre diver\u015fi profe\u0163i \u015fi sfin\u0163i care se pare c\u0103 au fost lua\u0163i \u00een diverse &#8222;nave spa\u0163iale extraterestre&#8221; \u015fi du\u015fi \u00een spa\u0163iul cosmic. De exemplu, Enoh descrie \u00een c\u0103l\u0103toria lui cosmic\u0103 c\u0103 a v\u0103zut &#8230; <\/p>\n<p class=\"read-more-container\"><a title=\"Profetul Mahomed a f\u0103cut o &#8222;c\u0103l\u0103torie stelar\u0103&#8221; la bordul unei nave spa\u0163iale extraterestre?\" class=\"read-more button\" href=\"https:\/\/www.lovendal.ro\/wp52\/profetul-mahomed-a-facut-o-calatorie-stelara-la-bordul-unei-nave-spatiale-extraterestre\/#more-73518\" aria-label=\"Cite\u0219te mai multe despre Profetul Mahomed a f\u0103cut o &#8222;c\u0103l\u0103torie stelar\u0103&#8221; la bordul unei nave spa\u0163iale extraterestre?\">Cititi mai multe<\/a><\/p>\n","protected":false},"author":1,"featured_media":73519,"comment_status":"open","ping_status":"open","sticky":false,"template":"","format":"standard","meta":{"footnotes":""},"categories":[14],"tags":[3026,14216,16432,5874,323,3503,210,270,149,2674,2845,1324,105,9796,3131,865,3175],"class_list":["post-73518","post","type-post","status-publish","format-standard","has-post-thumbnail","hentry","category-paranormal-spiritualitate","tag-arhanghel","tag-arhanghelul-gabriel","tag-aron","tag-avram","tag-dumnezeu","tag-enoh","tag-iisus-hristos","tag-islamism","tag-luna","tag-mahomed","tag-moise","tag-nava-spatiala","tag-pamant","tag-paranormal-spiritualitate","tag-profet","tag-soare","tag-stele","resize-featured-image"],"yoast_head":"<!-- This site is optimized with the Yoast SEO Premium plugin v23.3 (Yoast SEO v27.4) - https:\/\/yoast.com\/product\/yoast-seo-premium-wordpress\/ -->\n<title>Profetul Mahomed a f\u0103cut o &quot;c\u0103l\u0103torie stelar\u0103&quot; la bordul unei nave spa\u0163iale extraterestre? - Secretele lui Lovendal<\/title>\n<meta name=\"robots\" content=\"index, follow, max-snippet:-1, max-image-preview:large, max-video-preview:-1\" \/>\n<link rel=\"canonical\" href=\"https:\/\/www.lovendal.ro\/wp52\/profetul-mahomed-a-facut-o-calatorie-stelara-la-bordul-unei-nave-spatiale-extraterestre\/\" \/>\n<meta property=\"og:locale\" content=\"ro_RO\" \/>\n<meta property=\"og:type\" content=\"article\" \/>\n<meta property=\"og:title\" content=\"Profetul Mahomed a f\u0103cut o &quot;c\u0103l\u0103torie stelar\u0103&quot; la bordul unei nave spa\u0163iale extraterestre?\" \/>\n<meta property=\"og:description\" content=\"\u00cen diverse lecturi religioase, ni se vorbe\u015fte despre diver\u015fi profe\u0163i \u015fi sfin\u0163i care se pare c\u0103 au fost lua\u0163i \u00een diverse &#8222;nave spa\u0163iale extraterestre&#8221; \u015fi du\u015fi \u00een spa\u0163iul cosmic. De exemplu, Enoh descrie \u00een c\u0103l\u0103toria lui cosmic\u0103 c\u0103 a v\u0103zut ... Cititi mai multe\" \/>\n<meta property=\"og:url\" content=\"https:\/\/www.lovendal.ro\/wp52\/profetul-mahomed-a-facut-o-calatorie-stelara-la-bordul-unei-nave-spatiale-extraterestre\/\" \/>\n<meta property=\"og:site_name\" content=\"Secretele lui Lovendal\" \/>\n<meta property=\"article:publisher\" content=\"https:\/\/www.facebook.com\/secreteleluilovendal\" \/>\n<meta property=\"article:published_time\" content=\"2021-02-10T21:02:59+00:00\" \/>\n<meta property=\"og:image\" content=\"https:\/\/www.lovendal.ro\/wp52\/wp-content\/uploads\/2021\/02\/calatoriile-lui-Mohamed.jpg\" \/>\n\t<meta property=\"og:image:width\" content=\"351\" \/>\n\t<meta property=\"og:image:height\" content=\"270\" \/>\n\t<meta property=\"og:image:type\" content=\"image\/jpeg\" \/>\n<meta name=\"author\" content=\"admin\" \/>\n<meta name=\"twitter:card\" content=\"summary_large_image\" \/>\n<meta name=\"twitter:label1\" content=\"Scris de\" \/>\n\t<meta name=\"twitter:data1\" content=\"admin\" \/>\n\t<meta name=\"twitter:label2\" content=\"Timp estimat pentru citire\" \/>\n\t<meta name=\"twitter:data2\" content=\"1 minut\" \/>\n<script type=\"application\/ld+json\" class=\"yoast-schema-graph\">{\"@context\":\"https:\\\/\\\/schema.org\",\"@graph\":[{\"@type\":\"Article\",\"@id\":\"https:\\\/\\\/www.lovendal.ro\\\/wp52\\\/profetul-mahomed-a-facut-o-calatorie-stelara-la-bordul-unei-nave-spatiale-extraterestre\\\/#article\",\"isPartOf\":{\"@id\":\"https:\\\/\\\/www.lovendal.ro\\\/wp52\\\/profetul-mahomed-a-facut-o-calatorie-stelara-la-bordul-unei-nave-spatiale-extraterestre\\\/\"},\"author\":{\"name\":\"admin\",\"@id\":\"https:\\\/\\\/www.lovendal.ro\\\/wp52\\\/#\\\/schema\\\/person\\\/088691de5dfc346bb0c023e1e52ef5d9\"},\"headline\":\"Profetul Mahomed a f\u0103cut o &#8222;c\u0103l\u0103torie stelar\u0103&#8221; la bordul unei nave spa\u0163iale extraterestre?\",\"datePublished\":\"2021-02-10T21:02:59+00:00\",\"mainEntityOfPage\":{\"@id\":\"https:\\\/\\\/www.lovendal.ro\\\/wp52\\\/profetul-mahomed-a-facut-o-calatorie-stelara-la-bordul-unei-nave-spatiale-extraterestre\\\/\"},\"wordCount\":275,\"commentCount\":0,\"publisher\":{\"@id\":\"https:\\\/\\\/www.lovendal.ro\\\/wp52\\\/#organization\"},\"image\":{\"@id\":\"https:\\\/\\\/www.lovendal.ro\\\/wp52\\\/profetul-mahomed-a-facut-o-calatorie-stelara-la-bordul-unei-nave-spatiale-extraterestre\\\/#primaryimage\"},\"thumbnailUrl\":\"https:\\\/\\\/www.lovendal.ro\\\/wp52\\\/wp-content\\\/uploads\\\/2021\\\/02\\\/calatoriile-lui-Mohamed.jpg\",\"keywords\":[\"arhanghel\",\"Arhanghelul Gabriel\",\"Aron\",\"Avram\",\"Dumnezeu\",\"Enoh\",\"Iisus Hristos\",\"islamism\",\"Lun\u0103\",\"Mahomed\",\"Moise\",\"nav\u0103 spa\u0163ial\u0103\",\"P\u0103m\u00e2nt\",\"Paranormal-Spiritualitate\",\"profet\",\"Soare\",\"stele\"],\"articleSection\":[\"Paranormal-Spiritualitate\"],\"inLanguage\":\"ro-RO\",\"potentialAction\":[{\"@type\":\"CommentAction\",\"name\":\"Comment\",\"target\":[\"https:\\\/\\\/www.lovendal.ro\\\/wp52\\\/profetul-mahomed-a-facut-o-calatorie-stelara-la-bordul-unei-nave-spatiale-extraterestre\\\/#respond\"]}]},{\"@type\":\"WebPage\",\"@id\":\"https:\\\/\\\/www.lovendal.ro\\\/wp52\\\/profetul-mahomed-a-facut-o-calatorie-stelara-la-bordul-unei-nave-spatiale-extraterestre\\\/\",\"url\":\"https:\\\/\\\/www.lovendal.ro\\\/wp52\\\/profetul-mahomed-a-facut-o-calatorie-stelara-la-bordul-unei-nave-spatiale-extraterestre\\\/\",\"name\":\"Profetul Mahomed a f\u0103cut o \\\"c\u0103l\u0103torie stelar\u0103\\\" la bordul unei nave spa\u0163iale extraterestre? - Secretele lui Lovendal\",\"isPartOf\":{\"@id\":\"https:\\\/\\\/www.lovendal.ro\\\/wp52\\\/#website\"},\"primaryImageOfPage\":{\"@id\":\"https:\\\/\\\/www.lovendal.ro\\\/wp52\\\/profetul-mahomed-a-facut-o-calatorie-stelara-la-bordul-unei-nave-spatiale-extraterestre\\\/#primaryimage\"},\"image\":{\"@id\":\"https:\\\/\\\/www.lovendal.ro\\\/wp52\\\/profetul-mahomed-a-facut-o-calatorie-stelara-la-bordul-unei-nave-spatiale-extraterestre\\\/#primaryimage\"},\"thumbnailUrl\":\"https:\\\/\\\/www.lovendal.ro\\\/wp52\\\/wp-content\\\/uploads\\\/2021\\\/02\\\/calatoriile-lui-Mohamed.jpg\",\"datePublished\":\"2021-02-10T21:02:59+00:00\",\"breadcrumb\":{\"@id\":\"https:\\\/\\\/www.lovendal.ro\\\/wp52\\\/profetul-mahomed-a-facut-o-calatorie-stelara-la-bordul-unei-nave-spatiale-extraterestre\\\/#breadcrumb\"},\"inLanguage\":\"ro-RO\",\"potentialAction\":[{\"@type\":\"ReadAction\",\"target\":[\"https:\\\/\\\/www.lovendal.ro\\\/wp52\\\/profetul-mahomed-a-facut-o-calatorie-stelara-la-bordul-unei-nave-spatiale-extraterestre\\\/\"]}]},{\"@type\":\"ImageObject\",\"inLanguage\":\"ro-RO\",\"@id\":\"https:\\\/\\\/www.lovendal.ro\\\/wp52\\\/profetul-mahomed-a-facut-o-calatorie-stelara-la-bordul-unei-nave-spatiale-extraterestre\\\/#primaryimage\",\"url\":\"https:\\\/\\\/www.lovendal.ro\\\/wp52\\\/wp-content\\\/uploads\\\/2021\\\/02\\\/calatoriile-lui-Mohamed.jpg\",\"contentUrl\":\"https:\\\/\\\/www.lovendal.ro\\\/wp52\\\/wp-content\\\/uploads\\\/2021\\\/02\\\/calatoriile-lui-Mohamed.jpg\",\"width\":351,\"height\":270},{\"@type\":\"BreadcrumbList\",\"@id\":\"https:\\\/\\\/www.lovendal.ro\\\/wp52\\\/profetul-mahomed-a-facut-o-calatorie-stelara-la-bordul-unei-nave-spatiale-extraterestre\\\/#breadcrumb\",\"itemListElement\":[{\"@type\":\"ListItem\",\"position\":1,\"name\":\"Home\",\"item\":\"https:\\\/\\\/www.lovendal.ro\\\/wp52\\\/\"},{\"@type\":\"ListItem\",\"position\":2,\"name\":\"Profetul Mahomed a f\u0103cut o &#8222;c\u0103l\u0103torie stelar\u0103&#8221; la bordul unei nave spa\u0163iale extraterestre?\"}]},{\"@type\":\"WebSite\",\"@id\":\"https:\\\/\\\/www.lovendal.ro\\\/wp52\\\/#website\",\"url\":\"https:\\\/\\\/www.lovendal.ro\\\/wp52\\\/\",\"name\":\"Secretele lui Lovendal\",\"description\":\"Site de secrete, stiinta si metafizica - din 2008 -\",\"publisher\":{\"@id\":\"https:\\\/\\\/www.lovendal.ro\\\/wp52\\\/#organization\"},\"potentialAction\":[{\"@type\":\"SearchAction\",\"target\":{\"@type\":\"EntryPoint\",\"urlTemplate\":\"https:\\\/\\\/www.lovendal.ro\\\/wp52\\\/?s={search_term_string}\"},\"query-input\":{\"@type\":\"PropertyValueSpecification\",\"valueRequired\":true,\"valueName\":\"search_term_string\"}}],\"inLanguage\":\"ro-RO\"},{\"@type\":\"Organization\",\"@id\":\"https:\\\/\\\/www.lovendal.ro\\\/wp52\\\/#organization\",\"name\":\"Secretele lui Lovendal\",\"url\":\"https:\\\/\\\/www.lovendal.ro\\\/wp52\\\/\",\"logo\":{\"@type\":\"ImageObject\",\"inLanguage\":\"ro-RO\",\"@id\":\"https:\\\/\\\/www.lovendal.ro\\\/wp52\\\/#\\\/schema\\\/logo\\\/image\\\/\",\"url\":\"https:\\\/\\\/www.lovendal.ro\\\/wp52\\\/wp-content\\\/uploads\\\/2024\\\/06\\\/cropped-SLL-iun-2024-1.jpg\",\"contentUrl\":\"https:\\\/\\\/www.lovendal.ro\\\/wp52\\\/wp-content\\\/uploads\\\/2024\\\/06\\\/cropped-SLL-iun-2024-1.jpg\",\"width\":771,\"height\":240,\"caption\":\"Secretele lui Lovendal\"},\"image\":{\"@id\":\"https:\\\/\\\/www.lovendal.ro\\\/wp52\\\/#\\\/schema\\\/logo\\\/image\\\/\"},\"sameAs\":[\"https:\\\/\\\/www.facebook.com\\\/secreteleluilovendal\"]},{\"@type\":\"Person\",\"@id\":\"https:\\\/\\\/www.lovendal.ro\\\/wp52\\\/#\\\/schema\\\/person\\\/088691de5dfc346bb0c023e1e52ef5d9\",\"name\":\"admin\",\"image\":{\"@type\":\"ImageObject\",\"inLanguage\":\"ro-RO\",\"@id\":\"https:\\\/\\\/secure.gravatar.com\\\/avatar\\\/ecb9cd41f5f63c9c9b989999a59f6e2639a865ec361e9db054db0679a8f341c2?s=96&d=mm&r=g\",\"url\":\"https:\\\/\\\/secure.gravatar.com\\\/avatar\\\/ecb9cd41f5f63c9c9b989999a59f6e2639a865ec361e9db054db0679a8f341c2?s=96&d=mm&r=g\",\"contentUrl\":\"https:\\\/\\\/secure.gravatar.com\\\/avatar\\\/ecb9cd41f5f63c9c9b989999a59f6e2639a865ec361e9db054db0679a8f341c2?s=96&d=mm&r=g\",\"caption\":\"admin\"},\"sameAs\":[\"https:\\\/\\\/www.lovendal.ro\\\/wp52\"]}]}<\/script>\n<!-- \/ Yoast SEO Premium plugin. -->","yoast_head_json":{"title":"Profetul Mahomed a f\u0103cut o \"c\u0103l\u0103torie stelar\u0103\" la bordul unei nave spa\u0163iale extraterestre? - Secretele lui Lovendal","robots":{"index":"index","follow":"follow","max-snippet":"max-snippet:-1","max-image-preview":"max-image-preview:large","max-video-preview":"max-video-preview:-1"},"canonical":"https:\/\/www.lovendal.ro\/wp52\/profetul-mahomed-a-facut-o-calatorie-stelara-la-bordul-unei-nave-spatiale-extraterestre\/","og_locale":"ro_RO","og_type":"article","og_title":"Profetul Mahomed a f\u0103cut o \"c\u0103l\u0103torie stelar\u0103\" la bordul unei nave spa\u0163iale extraterestre?","og_description":"\u00cen diverse lecturi religioase, ni se vorbe\u015fte despre diver\u015fi profe\u0163i \u015fi sfin\u0163i care se pare c\u0103 au fost lua\u0163i \u00een diverse &#8222;nave spa\u0163iale extraterestre&#8221; \u015fi du\u015fi \u00een spa\u0163iul cosmic. De exemplu, Enoh descrie \u00een c\u0103l\u0103toria lui cosmic\u0103 c\u0103 a v\u0103zut ... Cititi mai multe","og_url":"https:\/\/www.lovendal.ro\/wp52\/profetul-mahomed-a-facut-o-calatorie-stelara-la-bordul-unei-nave-spatiale-extraterestre\/","og_site_name":"Secretele lui Lovendal","article_publisher":"https:\/\/www.facebook.com\/secreteleluilovendal","article_published_time":"2021-02-10T21:02:59+00:00","og_image":[{"width":351,"height":270,"url":"https:\/\/www.lovendal.ro\/wp52\/wp-content\/uploads\/2021\/02\/calatoriile-lui-Mohamed.jpg","type":"image\/jpeg"}],"author":"admin","twitter_card":"summary_large_image","twitter_misc":{"Scris de":"admin","Timp estimat pentru citire":"1 minut"},"schema":{"@context":"https:\/\/schema.org","@graph":[{"@type":"Article","@id":"https:\/\/www.lovendal.ro\/wp52\/profetul-mahomed-a-facut-o-calatorie-stelara-la-bordul-unei-nave-spatiale-extraterestre\/#article","isPartOf":{"@id":"https:\/\/www.lovendal.ro\/wp52\/profetul-mahomed-a-facut-o-calatorie-stelara-la-bordul-unei-nave-spatiale-extraterestre\/"},"author":{"name":"admin","@id":"https:\/\/www.lovendal.ro\/wp52\/#\/schema\/person\/088691de5dfc346bb0c023e1e52ef5d9"},"headline":"Profetul Mahomed a f\u0103cut o &#8222;c\u0103l\u0103torie stelar\u0103&#8221; la bordul unei nave spa\u0163iale extraterestre?","datePublished":"2021-02-10T21:02:59+00:00","mainEntityOfPage":{"@id":"https:\/\/www.lovendal.ro\/wp52\/profetul-mahomed-a-facut-o-calatorie-stelara-la-bordul-unei-nave-spatiale-extraterestre\/"},"wordCount":275,"commentCount":0,"publisher":{"@id":"https:\/\/www.lovendal.ro\/wp52\/#organization"},"image":{"@id":"https:\/\/www.lovendal.ro\/wp52\/profetul-mahomed-a-facut-o-calatorie-stelara-la-bordul-unei-nave-spatiale-extraterestre\/#primaryimage"},"thumbnailUrl":"https:\/\/www.lovendal.ro\/wp52\/wp-content\/uploads\/2021\/02\/calatoriile-lui-Mohamed.jpg","keywords":["arhanghel","Arhanghelul Gabriel","Aron","Avram","Dumnezeu","Enoh","Iisus Hristos","islamism","Lun\u0103","Mahomed","Moise","nav\u0103 spa\u0163ial\u0103","P\u0103m\u00e2nt","Paranormal-Spiritualitate","profet","Soare","stele"],"articleSection":["Paranormal-Spiritualitate"],"inLanguage":"ro-RO","potentialAction":[{"@type":"CommentAction","name":"Comment","target":["https:\/\/www.lovendal.ro\/wp52\/profetul-mahomed-a-facut-o-calatorie-stelara-la-bordul-unei-nave-spatiale-extraterestre\/#respond"]}]},{"@type":"WebPage","@id":"https:\/\/www.lovendal.ro\/wp52\/profetul-mahomed-a-facut-o-calatorie-stelara-la-bordul-unei-nave-spatiale-extraterestre\/","url":"https:\/\/www.lovendal.ro\/wp52\/profetul-mahomed-a-facut-o-calatorie-stelara-la-bordul-unei-nave-spatiale-extraterestre\/","name":"Profetul Mahomed a f\u0103cut o \"c\u0103l\u0103torie stelar\u0103\" la bordul unei nave spa\u0163iale extraterestre? - Secretele lui Lovendal","isPartOf":{"@id":"https:\/\/www.lovendal.ro\/wp52\/#website"},"primaryImageOfPage":{"@id":"https:\/\/www.lovendal.ro\/wp52\/profetul-mahomed-a-facut-o-calatorie-stelara-la-bordul-unei-nave-spatiale-extraterestre\/#primaryimage"},"image":{"@id":"https:\/\/www.lovendal.ro\/wp52\/profetul-mahomed-a-facut-o-calatorie-stelara-la-bordul-unei-nave-spatiale-extraterestre\/#primaryimage"},"thumbnailUrl":"https:\/\/www.lovendal.ro\/wp52\/wp-content\/uploads\/2021\/02\/calatoriile-lui-Mohamed.jpg","datePublished":"2021-02-10T21:02:59+00:00","breadcrumb":{"@id":"https:\/\/www.lovendal.ro\/wp52\/profetul-mahomed-a-facut-o-calatorie-stelara-la-bordul-unei-nave-spatiale-extraterestre\/#breadcrumb"},"inLanguage":"ro-RO","potentialAction":[{"@type":"ReadAction","target":["https:\/\/www.lovendal.ro\/wp52\/profetul-mahomed-a-facut-o-calatorie-stelara-la-bordul-unei-nave-spatiale-extraterestre\/"]}]},{"@type":"ImageObject","inLanguage":"ro-RO","@id":"https:\/\/www.lovendal.ro\/wp52\/profetul-mahomed-a-facut-o-calatorie-stelara-la-bordul-unei-nave-spatiale-extraterestre\/#primaryimage","url":"https:\/\/www.lovendal.ro\/wp52\/wp-content\/uploads\/2021\/02\/calatoriile-lui-Mohamed.jpg","contentUrl":"https:\/\/www.lovendal.ro\/wp52\/wp-content\/uploads\/2021\/02\/calatoriile-lui-Mohamed.jpg","width":351,"height":270},{"@type":"BreadcrumbList","@id":"https:\/\/www.lovendal.ro\/wp52\/profetul-mahomed-a-facut-o-calatorie-stelara-la-bordul-unei-nave-spatiale-extraterestre\/#breadcrumb","itemListElement":[{"@type":"ListItem","position":1,"name":"Home","item":"https:\/\/www.lovendal.ro\/wp52\/"},{"@type":"ListItem","position":2,"name":"Profetul Mahomed a f\u0103cut o &#8222;c\u0103l\u0103torie stelar\u0103&#8221; la bordul unei nave spa\u0163iale extraterestre?"}]},{"@type":"WebSite","@id":"https:\/\/www.lovendal.ro\/wp52\/#website","url":"https:\/\/www.lovendal.ro\/wp52\/","name":"Secretele lui Lovendal","description":"Site de secrete, stiinta si metafizica - din 2008 -","publisher":{"@id":"https:\/\/www.lovendal.ro\/wp52\/#organization"},"potentialAction":[{"@type":"SearchAction","target":{"@type":"EntryPoint","urlTemplate":"https:\/\/www.lovendal.ro\/wp52\/?s={search_term_string}"},"query-input":{"@type":"PropertyValueSpecification","valueRequired":true,"valueName":"search_term_string"}}],"inLanguage":"ro-RO"},{"@type":"Organization","@id":"https:\/\/www.lovendal.ro\/wp52\/#organization","name":"Secretele lui Lovendal","url":"https:\/\/www.lovendal.ro\/wp52\/","logo":{"@type":"ImageObject","inLanguage":"ro-RO","@id":"https:\/\/www.lovendal.ro\/wp52\/#\/schema\/logo\/image\/","url":"https:\/\/www.lovendal.ro\/wp52\/wp-content\/uploads\/2024\/06\/cropped-SLL-iun-2024-1.jpg","contentUrl":"https:\/\/www.lovendal.ro\/wp52\/wp-content\/uploads\/2024\/06\/cropped-SLL-iun-2024-1.jpg","width":771,"height":240,"caption":"Secretele lui Lovendal"},"image":{"@id":"https:\/\/www.lovendal.ro\/wp52\/#\/schema\/logo\/image\/"},"sameAs":["https:\/\/www.facebook.com\/secreteleluilovendal"]},{"@type":"Person","@id":"https:\/\/www.lovendal.ro\/wp52\/#\/schema\/person\/088691de5dfc346bb0c023e1e52ef5d9","name":"admin","image":{"@type":"ImageObject","inLanguage":"ro-RO","@id":"https:\/\/secure.gravatar.com\/avatar\/ecb9cd41f5f63c9c9b989999a59f6e2639a865ec361e9db054db0679a8f341c2?s=96&d=mm&r=g","url":"https:\/\/secure.gravatar.com\/avatar\/ecb9cd41f5f63c9c9b989999a59f6e2639a865ec361e9db054db0679a8f341c2?s=96&d=mm&r=g","contentUrl":"https:\/\/secure.gravatar.com\/avatar\/ecb9cd41f5f63c9c9b989999a59f6e2639a865ec361e9db054db0679a8f341c2?s=96&d=mm&r=g","caption":"admin"},"sameAs":["https:\/\/www.lovendal.ro\/wp52"]}]}},"_links":{"self":[{"href":"https:\/\/www.lovendal.ro\/wp52\/wp-json\/wp\/v2\/posts\/73518","targetHints":{"allow":["GET"]}}],"collection":[{"href":"https:\/\/www.lovendal.ro\/wp52\/wp-json\/wp\/v2\/posts"}],"about":[{"href":"https:\/\/www.lovendal.ro\/wp52\/wp-json\/wp\/v2\/types\/post"}],"author":[{"embeddable":true,"href":"https:\/\/www.lovendal.ro\/wp52\/wp-json\/wp\/v2\/users\/1"}],"replies":[{"embeddable":true,"href":"https:\/\/www.lovendal.ro\/wp52\/wp-json\/wp\/v2\/comments?post=73518"}],"version-history":[{"count":0,"href":"https:\/\/www.lovendal.ro\/wp52\/wp-json\/wp\/v2\/posts\/73518\/revisions"}],"wp:featuredmedia":[{"embeddable":true,"href":"https:\/\/www.lovendal.ro\/wp52\/wp-json\/wp\/v2\/media\/73519"}],"wp:attachment":[{"href":"https:\/\/www.lovendal.ro\/wp52\/wp-json\/wp\/v2\/media?parent=73518"}],"wp:term":[{"taxonomy":"category","embeddable":true,"href":"https:\/\/www.lovendal.ro\/wp52\/wp-json\/wp\/v2\/categories?post=73518"},{"taxonomy":"post_tag","embeddable":true,"href":"https:\/\/www.lovendal.ro\/wp52\/wp-json\/wp\/v2\/tags?post=73518"}],"curies":[{"name":"wp","href":"https:\/\/api.w.org\/{rel}","templated":true}]}}