{"id":73372,"date":"2021-01-30T13:17:58","date_gmt":"2021-01-30T11:17:58","guid":{"rendered":"https:\/\/www.lovendal.ro\/wp52\/?p=73372"},"modified":"2021-01-30T13:17:58","modified_gmt":"2021-01-30T11:17:58","slug":"terifianta-istorie-a-familiei-sanson-calaii-principali-ai-frantei-timp-de-doua-secole","status":"publish","type":"post","link":"https:\/\/www.lovendal.ro\/wp52\/terifianta-istorie-a-familiei-sanson-calaii-principali-ai-frantei-timp-de-doua-secole\/","title":{"rendered":"Terifianta istorie a familiei Sanson &#8211; c\u0103l\u0103ii principali ai Fran\u0163ei timp de dou\u0103 secole"},"content":{"rendered":"<p><a href=\"https:\/\/www.lovendal.ro\/wp52\/wp-content\/uploads\/2021\/01\/calai-Sanson.jpg\"><img loading=\"lazy\" decoding=\"async\" class=\"alignleft size-full wp-image-73373\" src=\"https:\/\/www.lovendal.ro\/wp52\/wp-content\/uploads\/2021\/01\/calai-Sanson.jpg\" alt=\"\" width=\"350\" height=\"299\" srcset=\"https:\/\/www.lovendal.ro\/wp52\/wp-content\/uploads\/2021\/01\/calai-Sanson.jpg 350w, https:\/\/www.lovendal.ro\/wp52\/wp-content\/uploads\/2021\/01\/calai-Sanson-300x256.jpg 300w\" sizes=\"auto, (max-width: 350px) 100vw, 350px\" \/><\/a>Dup\u0103 Revolu\u0163ia francez\u0103 din 1789, timp de c\u00e2\u0163iva ani (\u00eentre 1789-1794), Fran\u0163a a fost \u00eemb\u0103iat\u0103 \u00een s\u00e2nge. \u00cen cursul perioadei revolu\u0163ionare, aproape 4.000 de capete au fost retezate numai \u00een Paris, cu ajutorul ghilotinei. To\u0163i au fost ghilotina\u0163i, din toate clasele, de la rege \u015fi regin\u0103 p\u00e2n\u0103 la cel mai \u00eenfocat revolu\u0163ionar. Culmea, \u00eensu\u015fi Robespierre, cel mai mare terorist al Revolu\u0163iei franceze, \u00eempreun\u0103 cu alti 7 conduc\u0103tori ai teroarei, au fost executa\u0163i \u00een doar 24 ore, iar al\u0163i 105 urma\u015fi sau aderen\u0163i ai lor au fost ghiloti\u00adna\u0163i \u00een timp de 3 zile dup\u0103 ghilo\u00adtinarea celor dint\u00e2i, pun\u00e2nd astfel cap\u0103t \u015fi culme dramaticei domnie de teroare.<\/p>\n<p>Cel mai mare c\u0103l\u0103u din acele vremuri a fost Charles Henri Sanson. Sub experta manipulare a ghiloti\u00adnei, acest individ a retezat 1.300 de capete \u00eentre 10 iunie \u015fi 5 august 1794, care era culmea teroarei. Sanson a avut &#8222;cinstea&#8221; de a fi retezat cele mai nobile \u015fi mai multe capete ome\u00adne\u015fti.<\/p>\n<p>Familia Sansonilor a ocupat postul de c\u0103l\u0103u timp de 7 genera\u0163ii; postul era un fel de mo\u015ftenire a familiei. Primul c\u0103l\u0103u din familie a fost Charles Sanson, care a ocupat po\u00adstul \u00een 1688, pe vremea regelui Lu\u00addovic al XIV-lea. Charles era un ofi\u00ad\u0163er \u00een armata francez\u0103, \u015fi s\u0103 tr\u0103gea dintr-o familie nobil\u0103, dar era un t\u00e2\u00adn\u0103r s\u0103lbatic. El locuia \u00eentr-o cas\u0103 veche, din Paris, \u00een form\u0103 de turn, \u00een v\u00e2r\u00adful c\u0103reia era un fel de st\u00e2lp sau roat\u0103 \u00eenv\u00e2rtitoare c\u0103tre care crimi\u00adnalii erau cusu\u0163i cu cuie prin urechi \u015fi chinui\u0163i c\u00e2teva zile \u00eenainte de execu\u0163ie.<\/p>\n<p>Sub vechea monarhie, persoanele acuzate &#8211; ade\u00adsea nevino\u00advate &#8211; erau supuse unor torturi dra\u00adconice. Sansonii devenir\u0103 vesti\u0163i \u015fi exper\u0163i \u00een aceast\u0103 dure\u00adroas\u0103 mese\u00adrie. Nicolae Sanson, al doilea din familie s\u0103 ocupe postul de c\u0103l\u0103u, a fost \u00eens\u0103rcinat de regele Ludovic al XV-lea cu executarea lui Damiens, care \u00eencercase, dar nu-i reu\u015fise s\u0103-l asasineze. Dup\u0103 ce Damiens fu torturat \u00een butuc \u015fi cizme de lemn, c\u0103l\u0103ul i-a f\u0103cut mai multe sf\u00e2\u015fieri \u00een piele \u00een care se turna ulei \u015fi untur\u0103 fierbinte. \u00cen fine, el fu legat de o roat\u0103, \u015fi la fiecare m\u00e2n\u0103 \u015fi picior a fost legat c\u00e2te un cal pentru a-l despica \u00een patru p\u0103r\u0163i.<\/p>\n<p>Charles Jean Baptiste Sanson, al cincilea din familie, l-a decapitat pe t\u00e2n\u0103rul Chavalier de la Baire cu at\u00e2ta \u00eendem\u00e2nare, \u00eenc\u00e2t capul a r\u0103mas \u00een acela\u015fi loc c\u00e2teva momente dup\u0103 ce sabia a trecut \u015fi i-a t\u0103iat grumazul.<\/p>\n<p>La un timp circula legen\u00adda c\u0103 un anume nobil care \u00eengenunchiase pe e\u015fafod \u00eel \u00eentreb\u0103 pe San\u00adson, c\u00e2nd are de g\u00e2nd s\u0103-i retezeze capul. Sanson a r\u0103spuns: <em>&#8222;S-a \u015fi f\u0103cut, monsier. Mi\u015fc\u0103-\u0163i pu\u00ad\u0163in umerii \u015fi vei vedea&#8221;<\/em>. Nobilul \u015fi-a mi\u015fcat umerii \u015fi ca\u00adpul s\u0103u, care era retezat cu c\u00e2teva momente mai \u00eenainte, a c\u0103zut la p\u0103\u00adm\u00e2nt.<\/p>\n<p>\u00cen ciuda postului \u00eenfior\u0103tor pe ca\u00adre \u00eel ocupau, Sansonii erau indivizi foarte distin\u015fi \u015fi umani at\u00e2t c\u00e2t meseria le per\u00admitea. Ei sus\u0163ineau c\u0103 legea este brutal\u0103 \u015fi f\u0103ceau tot ce puteau pen\u00adtru ameliorarea cruzimilor care nu erau strict necesare.<\/p>\n<p>Charles Henri Sanson, c\u0103l\u0103ul re\u00advolu\u0163iei, era din a 6-a genera\u0163ie a familiei sale. Postul i l-a ocupat fiul s\u0103u, Henri Sanson, care a oficiat \u00een prima parte a secolului al 19-lea \u00een timpul vestitului detectiv Vidocq, \u015fi a fost urmat de fiul s\u0103u. Prin acest din urm\u0103, familia s-a sf\u00e2r\u015fit, \u00een partea b\u0103rb\u0103teasc\u0103. La 1863 ultimul Sanson a publicat memoriile fami\u00adliei.<\/p>\n<p>Pentru fiecare decapitare sau exe\u00adcu\u0163ie, Sansonii primeau o anumit\u0103 sum\u0103 fix\u0103, \u015fi dac\u0103 ne g\u00e2ndim c\u0103 \u00een vremile de atunci scopul legii era s\u0103 pun\u0103 c\u00e2\u0163i mai mul\u0163i oameni la moar\u00adte, venitele lor erau enorme. La un moment dat, familia Sansonilor ocupa cea mai frumoas\u0103 cas\u0103 \u00een mijlocul Pari\u00adsului.<\/p>\n","protected":false},"excerpt":{"rendered":"<p>Dup\u0103 Revolu\u0163ia francez\u0103 din 1789, timp de c\u00e2\u0163iva ani (\u00eentre 1789-1794), Fran\u0163a a fost \u00eemb\u0103iat\u0103 \u00een s\u00e2nge. \u00cen cursul perioadei revolu\u0163ionare, aproape 4.000 de capete au fost retezate numai \u00een Paris, cu ajutorul ghilotinei. To\u0163i au fost ghilotina\u0163i, din toate &#8230; <\/p>\n<p class=\"read-more-container\"><a title=\"Terifianta istorie a familiei Sanson &#8211; c\u0103l\u0103ii principali ai Fran\u0163ei timp de dou\u0103 secole\" class=\"read-more button\" href=\"https:\/\/www.lovendal.ro\/wp52\/terifianta-istorie-a-familiei-sanson-calaii-principali-ai-frantei-timp-de-doua-secole\/#more-73372\" aria-label=\"Cite\u0219te mai multe despre Terifianta istorie a familiei Sanson &#8211; c\u0103l\u0103ii principali ai Fran\u0163ei timp de dou\u0103 secole\">Cititi mai multe<\/a><\/p>\n","protected":false},"author":1,"featured_media":73373,"comment_status":"open","ping_status":"open","sticky":false,"template":"","format":"standard","meta":{"footnotes":""},"categories":[9],"tags":[1054,1398,3880,202,1553,11404,1532,1899,3924,577,1018,2263,9294,1845,836,1287,1953,453,1593,578,7754,6671,1094,16391,2117,3098,5155,6554,184,4549],"class_list":["post-73372","post","type-post","status-publish","format-standard","has-post-thumbnail","hentry","category-istorie","tag-calau","tag-cap","tag-criminal","tag-franta","tag-ghilotina","tag-ghilotinare","tag-istorie-si-civilizatii","tag-legenda","tag-lemn","tag-ludovic-al-xiv-lea","tag-ludovic-al-xv-lea","tag-mana","tag-nobil","tag-ofiter","tag-paris","tag-picior","tag-piele","tag-rege","tag-regina","tag-revolutia-franceza","tag-revolutionar","tag-robespierre","tag-sabie","tag-sanson","tag-tortura","tag-turn","tag-ulei","tag-umeri","tag-ureche","tag-vidocq","resize-featured-image"],"yoast_head":"<!-- This site is optimized with the Yoast SEO Premium plugin v23.3 (Yoast SEO v27.4) - https:\/\/yoast.com\/product\/yoast-seo-premium-wordpress\/ -->\n<title>Terifianta istorie a familiei Sanson - c\u0103l\u0103ii principali ai Fran\u0163ei timp de dou\u0103 secole - Secretele lui Lovendal<\/title>\n<meta name=\"robots\" content=\"index, follow, max-snippet:-1, max-image-preview:large, max-video-preview:-1\" \/>\n<link rel=\"canonical\" href=\"https:\/\/www.lovendal.ro\/wp52\/terifianta-istorie-a-familiei-sanson-calaii-principali-ai-frantei-timp-de-doua-secole\/\" \/>\n<meta property=\"og:locale\" content=\"ro_RO\" \/>\n<meta property=\"og:type\" content=\"article\" \/>\n<meta property=\"og:title\" content=\"Terifianta istorie a familiei Sanson - c\u0103l\u0103ii principali ai Fran\u0163ei timp de dou\u0103 secole\" \/>\n<meta property=\"og:description\" content=\"Dup\u0103 Revolu\u0163ia francez\u0103 din 1789, timp de c\u00e2\u0163iva ani (\u00eentre 1789-1794), Fran\u0163a a fost \u00eemb\u0103iat\u0103 \u00een s\u00e2nge. \u00cen cursul perioadei revolu\u0163ionare, aproape 4.000 de capete au fost retezate numai \u00een Paris, cu ajutorul ghilotinei. To\u0163i au fost ghilotina\u0163i, din toate ... Cititi mai multe\" \/>\n<meta property=\"og:url\" content=\"https:\/\/www.lovendal.ro\/wp52\/terifianta-istorie-a-familiei-sanson-calaii-principali-ai-frantei-timp-de-doua-secole\/\" \/>\n<meta property=\"og:site_name\" content=\"Secretele lui Lovendal\" \/>\n<meta property=\"article:publisher\" content=\"https:\/\/www.facebook.com\/secreteleluilovendal\" \/>\n<meta property=\"article:published_time\" content=\"2021-01-30T11:17:58+00:00\" \/>\n<meta property=\"og:image\" content=\"https:\/\/www.lovendal.ro\/wp52\/wp-content\/uploads\/2021\/01\/calai-Sanson.jpg\" \/>\n\t<meta property=\"og:image:width\" content=\"350\" \/>\n\t<meta property=\"og:image:height\" content=\"299\" \/>\n\t<meta property=\"og:image:type\" content=\"image\/jpeg\" \/>\n<meta name=\"author\" content=\"admin\" \/>\n<meta name=\"twitter:card\" content=\"summary_large_image\" \/>\n<meta name=\"twitter:label1\" content=\"Scris de\" \/>\n\t<meta name=\"twitter:data1\" content=\"admin\" \/>\n\t<meta name=\"twitter:label2\" content=\"Timp estimat pentru citire\" \/>\n\t<meta name=\"twitter:data2\" content=\"4 minute\" \/>\n<script type=\"application\/ld+json\" class=\"yoast-schema-graph\">{\"@context\":\"https:\\\/\\\/schema.org\",\"@graph\":[{\"@type\":\"Article\",\"@id\":\"https:\\\/\\\/www.lovendal.ro\\\/wp52\\\/terifianta-istorie-a-familiei-sanson-calaii-principali-ai-frantei-timp-de-doua-secole\\\/#article\",\"isPartOf\":{\"@id\":\"https:\\\/\\\/www.lovendal.ro\\\/wp52\\\/terifianta-istorie-a-familiei-sanson-calaii-principali-ai-frantei-timp-de-doua-secole\\\/\"},\"author\":{\"name\":\"admin\",\"@id\":\"https:\\\/\\\/www.lovendal.ro\\\/wp52\\\/#\\\/schema\\\/person\\\/088691de5dfc346bb0c023e1e52ef5d9\"},\"headline\":\"Terifianta istorie a familiei Sanson &#8211; c\u0103l\u0103ii principali ai Fran\u0163ei timp de dou\u0103 secole\",\"datePublished\":\"2021-01-30T11:17:58+00:00\",\"mainEntityOfPage\":{\"@id\":\"https:\\\/\\\/www.lovendal.ro\\\/wp52\\\/terifianta-istorie-a-familiei-sanson-calaii-principali-ai-frantei-timp-de-doua-secole\\\/\"},\"wordCount\":731,\"commentCount\":0,\"publisher\":{\"@id\":\"https:\\\/\\\/www.lovendal.ro\\\/wp52\\\/#organization\"},\"image\":{\"@id\":\"https:\\\/\\\/www.lovendal.ro\\\/wp52\\\/terifianta-istorie-a-familiei-sanson-calaii-principali-ai-frantei-timp-de-doua-secole\\\/#primaryimage\"},\"thumbnailUrl\":\"https:\\\/\\\/www.lovendal.ro\\\/wp52\\\/wp-content\\\/uploads\\\/2021\\\/01\\\/calai-Sanson.jpg\",\"keywords\":[\"c\u0103l\u0103u\",\"cap\",\"criminal\",\"Fran\u0163a\",\"ghilotin\u0103\",\"ghilotinare\",\"Istorie si Civilizatii\",\"legend\u0103\",\"lemn\",\"Ludovic al XIV-lea\",\"Ludovic al XV-lea\",\"m\u00e2n\u0103\",\"nobil\",\"ofi\u0163er\",\"Paris\",\"picior\",\"piele\",\"rege\",\"regin\u0103\",\"Revolu\u0163ia francez\u0103\",\"revolu\u0163ionar\",\"Robespierre\",\"sabie\",\"Sanson\",\"tortur\u0103\",\"turn\",\"ulei\",\"umeri\",\"ureche\",\"Vidocq\"],\"articleSection\":[\"Istorie si Civilizatii\"],\"inLanguage\":\"ro-RO\",\"potentialAction\":[{\"@type\":\"CommentAction\",\"name\":\"Comment\",\"target\":[\"https:\\\/\\\/www.lovendal.ro\\\/wp52\\\/terifianta-istorie-a-familiei-sanson-calaii-principali-ai-frantei-timp-de-doua-secole\\\/#respond\"]}]},{\"@type\":\"WebPage\",\"@id\":\"https:\\\/\\\/www.lovendal.ro\\\/wp52\\\/terifianta-istorie-a-familiei-sanson-calaii-principali-ai-frantei-timp-de-doua-secole\\\/\",\"url\":\"https:\\\/\\\/www.lovendal.ro\\\/wp52\\\/terifianta-istorie-a-familiei-sanson-calaii-principali-ai-frantei-timp-de-doua-secole\\\/\",\"name\":\"Terifianta istorie a familiei Sanson - c\u0103l\u0103ii principali ai Fran\u0163ei timp de dou\u0103 secole - Secretele lui Lovendal\",\"isPartOf\":{\"@id\":\"https:\\\/\\\/www.lovendal.ro\\\/wp52\\\/#website\"},\"primaryImageOfPage\":{\"@id\":\"https:\\\/\\\/www.lovendal.ro\\\/wp52\\\/terifianta-istorie-a-familiei-sanson-calaii-principali-ai-frantei-timp-de-doua-secole\\\/#primaryimage\"},\"image\":{\"@id\":\"https:\\\/\\\/www.lovendal.ro\\\/wp52\\\/terifianta-istorie-a-familiei-sanson-calaii-principali-ai-frantei-timp-de-doua-secole\\\/#primaryimage\"},\"thumbnailUrl\":\"https:\\\/\\\/www.lovendal.ro\\\/wp52\\\/wp-content\\\/uploads\\\/2021\\\/01\\\/calai-Sanson.jpg\",\"datePublished\":\"2021-01-30T11:17:58+00:00\",\"breadcrumb\":{\"@id\":\"https:\\\/\\\/www.lovendal.ro\\\/wp52\\\/terifianta-istorie-a-familiei-sanson-calaii-principali-ai-frantei-timp-de-doua-secole\\\/#breadcrumb\"},\"inLanguage\":\"ro-RO\",\"potentialAction\":[{\"@type\":\"ReadAction\",\"target\":[\"https:\\\/\\\/www.lovendal.ro\\\/wp52\\\/terifianta-istorie-a-familiei-sanson-calaii-principali-ai-frantei-timp-de-doua-secole\\\/\"]}]},{\"@type\":\"ImageObject\",\"inLanguage\":\"ro-RO\",\"@id\":\"https:\\\/\\\/www.lovendal.ro\\\/wp52\\\/terifianta-istorie-a-familiei-sanson-calaii-principali-ai-frantei-timp-de-doua-secole\\\/#primaryimage\",\"url\":\"https:\\\/\\\/www.lovendal.ro\\\/wp52\\\/wp-content\\\/uploads\\\/2021\\\/01\\\/calai-Sanson.jpg\",\"contentUrl\":\"https:\\\/\\\/www.lovendal.ro\\\/wp52\\\/wp-content\\\/uploads\\\/2021\\\/01\\\/calai-Sanson.jpg\",\"width\":350,\"height\":299},{\"@type\":\"BreadcrumbList\",\"@id\":\"https:\\\/\\\/www.lovendal.ro\\\/wp52\\\/terifianta-istorie-a-familiei-sanson-calaii-principali-ai-frantei-timp-de-doua-secole\\\/#breadcrumb\",\"itemListElement\":[{\"@type\":\"ListItem\",\"position\":1,\"name\":\"Home\",\"item\":\"https:\\\/\\\/www.lovendal.ro\\\/wp52\\\/\"},{\"@type\":\"ListItem\",\"position\":2,\"name\":\"Terifianta istorie a familiei Sanson &#8211; c\u0103l\u0103ii principali ai Fran\u0163ei timp de dou\u0103 secole\"}]},{\"@type\":\"WebSite\",\"@id\":\"https:\\\/\\\/www.lovendal.ro\\\/wp52\\\/#website\",\"url\":\"https:\\\/\\\/www.lovendal.ro\\\/wp52\\\/\",\"name\":\"Secretele lui Lovendal\",\"description\":\"Site de secrete, stiinta si metafizica - din 2008 -\",\"publisher\":{\"@id\":\"https:\\\/\\\/www.lovendal.ro\\\/wp52\\\/#organization\"},\"potentialAction\":[{\"@type\":\"SearchAction\",\"target\":{\"@type\":\"EntryPoint\",\"urlTemplate\":\"https:\\\/\\\/www.lovendal.ro\\\/wp52\\\/?s={search_term_string}\"},\"query-input\":{\"@type\":\"PropertyValueSpecification\",\"valueRequired\":true,\"valueName\":\"search_term_string\"}}],\"inLanguage\":\"ro-RO\"},{\"@type\":\"Organization\",\"@id\":\"https:\\\/\\\/www.lovendal.ro\\\/wp52\\\/#organization\",\"name\":\"Secretele lui Lovendal\",\"url\":\"https:\\\/\\\/www.lovendal.ro\\\/wp52\\\/\",\"logo\":{\"@type\":\"ImageObject\",\"inLanguage\":\"ro-RO\",\"@id\":\"https:\\\/\\\/www.lovendal.ro\\\/wp52\\\/#\\\/schema\\\/logo\\\/image\\\/\",\"url\":\"https:\\\/\\\/www.lovendal.ro\\\/wp52\\\/wp-content\\\/uploads\\\/2024\\\/06\\\/cropped-SLL-iun-2024-1.jpg\",\"contentUrl\":\"https:\\\/\\\/www.lovendal.ro\\\/wp52\\\/wp-content\\\/uploads\\\/2024\\\/06\\\/cropped-SLL-iun-2024-1.jpg\",\"width\":771,\"height\":240,\"caption\":\"Secretele lui Lovendal\"},\"image\":{\"@id\":\"https:\\\/\\\/www.lovendal.ro\\\/wp52\\\/#\\\/schema\\\/logo\\\/image\\\/\"},\"sameAs\":[\"https:\\\/\\\/www.facebook.com\\\/secreteleluilovendal\"]},{\"@type\":\"Person\",\"@id\":\"https:\\\/\\\/www.lovendal.ro\\\/wp52\\\/#\\\/schema\\\/person\\\/088691de5dfc346bb0c023e1e52ef5d9\",\"name\":\"admin\",\"image\":{\"@type\":\"ImageObject\",\"inLanguage\":\"ro-RO\",\"@id\":\"https:\\\/\\\/secure.gravatar.com\\\/avatar\\\/ecb9cd41f5f63c9c9b989999a59f6e2639a865ec361e9db054db0679a8f341c2?s=96&d=mm&r=g\",\"url\":\"https:\\\/\\\/secure.gravatar.com\\\/avatar\\\/ecb9cd41f5f63c9c9b989999a59f6e2639a865ec361e9db054db0679a8f341c2?s=96&d=mm&r=g\",\"contentUrl\":\"https:\\\/\\\/secure.gravatar.com\\\/avatar\\\/ecb9cd41f5f63c9c9b989999a59f6e2639a865ec361e9db054db0679a8f341c2?s=96&d=mm&r=g\",\"caption\":\"admin\"},\"sameAs\":[\"https:\\\/\\\/www.lovendal.ro\\\/wp52\"]}]}<\/script>\n<!-- \/ Yoast SEO Premium plugin. -->","yoast_head_json":{"title":"Terifianta istorie a familiei Sanson - c\u0103l\u0103ii principali ai Fran\u0163ei timp de dou\u0103 secole - Secretele lui Lovendal","robots":{"index":"index","follow":"follow","max-snippet":"max-snippet:-1","max-image-preview":"max-image-preview:large","max-video-preview":"max-video-preview:-1"},"canonical":"https:\/\/www.lovendal.ro\/wp52\/terifianta-istorie-a-familiei-sanson-calaii-principali-ai-frantei-timp-de-doua-secole\/","og_locale":"ro_RO","og_type":"article","og_title":"Terifianta istorie a familiei Sanson - c\u0103l\u0103ii principali ai Fran\u0163ei timp de dou\u0103 secole","og_description":"Dup\u0103 Revolu\u0163ia francez\u0103 din 1789, timp de c\u00e2\u0163iva ani (\u00eentre 1789-1794), Fran\u0163a a fost \u00eemb\u0103iat\u0103 \u00een s\u00e2nge. \u00cen cursul perioadei revolu\u0163ionare, aproape 4.000 de capete au fost retezate numai \u00een Paris, cu ajutorul ghilotinei. To\u0163i au fost ghilotina\u0163i, din toate ... Cititi mai multe","og_url":"https:\/\/www.lovendal.ro\/wp52\/terifianta-istorie-a-familiei-sanson-calaii-principali-ai-frantei-timp-de-doua-secole\/","og_site_name":"Secretele lui Lovendal","article_publisher":"https:\/\/www.facebook.com\/secreteleluilovendal","article_published_time":"2021-01-30T11:17:58+00:00","og_image":[{"width":350,"height":299,"url":"https:\/\/www.lovendal.ro\/wp52\/wp-content\/uploads\/2021\/01\/calai-Sanson.jpg","type":"image\/jpeg"}],"author":"admin","twitter_card":"summary_large_image","twitter_misc":{"Scris de":"admin","Timp estimat pentru citire":"4 minute"},"schema":{"@context":"https:\/\/schema.org","@graph":[{"@type":"Article","@id":"https:\/\/www.lovendal.ro\/wp52\/terifianta-istorie-a-familiei-sanson-calaii-principali-ai-frantei-timp-de-doua-secole\/#article","isPartOf":{"@id":"https:\/\/www.lovendal.ro\/wp52\/terifianta-istorie-a-familiei-sanson-calaii-principali-ai-frantei-timp-de-doua-secole\/"},"author":{"name":"admin","@id":"https:\/\/www.lovendal.ro\/wp52\/#\/schema\/person\/088691de5dfc346bb0c023e1e52ef5d9"},"headline":"Terifianta istorie a familiei Sanson &#8211; c\u0103l\u0103ii principali ai Fran\u0163ei timp de dou\u0103 secole","datePublished":"2021-01-30T11:17:58+00:00","mainEntityOfPage":{"@id":"https:\/\/www.lovendal.ro\/wp52\/terifianta-istorie-a-familiei-sanson-calaii-principali-ai-frantei-timp-de-doua-secole\/"},"wordCount":731,"commentCount":0,"publisher":{"@id":"https:\/\/www.lovendal.ro\/wp52\/#organization"},"image":{"@id":"https:\/\/www.lovendal.ro\/wp52\/terifianta-istorie-a-familiei-sanson-calaii-principali-ai-frantei-timp-de-doua-secole\/#primaryimage"},"thumbnailUrl":"https:\/\/www.lovendal.ro\/wp52\/wp-content\/uploads\/2021\/01\/calai-Sanson.jpg","keywords":["c\u0103l\u0103u","cap","criminal","Fran\u0163a","ghilotin\u0103","ghilotinare","Istorie si Civilizatii","legend\u0103","lemn","Ludovic al XIV-lea","Ludovic al XV-lea","m\u00e2n\u0103","nobil","ofi\u0163er","Paris","picior","piele","rege","regin\u0103","Revolu\u0163ia francez\u0103","revolu\u0163ionar","Robespierre","sabie","Sanson","tortur\u0103","turn","ulei","umeri","ureche","Vidocq"],"articleSection":["Istorie si Civilizatii"],"inLanguage":"ro-RO","potentialAction":[{"@type":"CommentAction","name":"Comment","target":["https:\/\/www.lovendal.ro\/wp52\/terifianta-istorie-a-familiei-sanson-calaii-principali-ai-frantei-timp-de-doua-secole\/#respond"]}]},{"@type":"WebPage","@id":"https:\/\/www.lovendal.ro\/wp52\/terifianta-istorie-a-familiei-sanson-calaii-principali-ai-frantei-timp-de-doua-secole\/","url":"https:\/\/www.lovendal.ro\/wp52\/terifianta-istorie-a-familiei-sanson-calaii-principali-ai-frantei-timp-de-doua-secole\/","name":"Terifianta istorie a familiei Sanson - c\u0103l\u0103ii principali ai Fran\u0163ei timp de dou\u0103 secole - Secretele lui Lovendal","isPartOf":{"@id":"https:\/\/www.lovendal.ro\/wp52\/#website"},"primaryImageOfPage":{"@id":"https:\/\/www.lovendal.ro\/wp52\/terifianta-istorie-a-familiei-sanson-calaii-principali-ai-frantei-timp-de-doua-secole\/#primaryimage"},"image":{"@id":"https:\/\/www.lovendal.ro\/wp52\/terifianta-istorie-a-familiei-sanson-calaii-principali-ai-frantei-timp-de-doua-secole\/#primaryimage"},"thumbnailUrl":"https:\/\/www.lovendal.ro\/wp52\/wp-content\/uploads\/2021\/01\/calai-Sanson.jpg","datePublished":"2021-01-30T11:17:58+00:00","breadcrumb":{"@id":"https:\/\/www.lovendal.ro\/wp52\/terifianta-istorie-a-familiei-sanson-calaii-principali-ai-frantei-timp-de-doua-secole\/#breadcrumb"},"inLanguage":"ro-RO","potentialAction":[{"@type":"ReadAction","target":["https:\/\/www.lovendal.ro\/wp52\/terifianta-istorie-a-familiei-sanson-calaii-principali-ai-frantei-timp-de-doua-secole\/"]}]},{"@type":"ImageObject","inLanguage":"ro-RO","@id":"https:\/\/www.lovendal.ro\/wp52\/terifianta-istorie-a-familiei-sanson-calaii-principali-ai-frantei-timp-de-doua-secole\/#primaryimage","url":"https:\/\/www.lovendal.ro\/wp52\/wp-content\/uploads\/2021\/01\/calai-Sanson.jpg","contentUrl":"https:\/\/www.lovendal.ro\/wp52\/wp-content\/uploads\/2021\/01\/calai-Sanson.jpg","width":350,"height":299},{"@type":"BreadcrumbList","@id":"https:\/\/www.lovendal.ro\/wp52\/terifianta-istorie-a-familiei-sanson-calaii-principali-ai-frantei-timp-de-doua-secole\/#breadcrumb","itemListElement":[{"@type":"ListItem","position":1,"name":"Home","item":"https:\/\/www.lovendal.ro\/wp52\/"},{"@type":"ListItem","position":2,"name":"Terifianta istorie a familiei Sanson &#8211; c\u0103l\u0103ii principali ai Fran\u0163ei timp de dou\u0103 secole"}]},{"@type":"WebSite","@id":"https:\/\/www.lovendal.ro\/wp52\/#website","url":"https:\/\/www.lovendal.ro\/wp52\/","name":"Secretele lui Lovendal","description":"Site de secrete, stiinta si metafizica - din 2008 -","publisher":{"@id":"https:\/\/www.lovendal.ro\/wp52\/#organization"},"potentialAction":[{"@type":"SearchAction","target":{"@type":"EntryPoint","urlTemplate":"https:\/\/www.lovendal.ro\/wp52\/?s={search_term_string}"},"query-input":{"@type":"PropertyValueSpecification","valueRequired":true,"valueName":"search_term_string"}}],"inLanguage":"ro-RO"},{"@type":"Organization","@id":"https:\/\/www.lovendal.ro\/wp52\/#organization","name":"Secretele lui Lovendal","url":"https:\/\/www.lovendal.ro\/wp52\/","logo":{"@type":"ImageObject","inLanguage":"ro-RO","@id":"https:\/\/www.lovendal.ro\/wp52\/#\/schema\/logo\/image\/","url":"https:\/\/www.lovendal.ro\/wp52\/wp-content\/uploads\/2024\/06\/cropped-SLL-iun-2024-1.jpg","contentUrl":"https:\/\/www.lovendal.ro\/wp52\/wp-content\/uploads\/2024\/06\/cropped-SLL-iun-2024-1.jpg","width":771,"height":240,"caption":"Secretele lui Lovendal"},"image":{"@id":"https:\/\/www.lovendal.ro\/wp52\/#\/schema\/logo\/image\/"},"sameAs":["https:\/\/www.facebook.com\/secreteleluilovendal"]},{"@type":"Person","@id":"https:\/\/www.lovendal.ro\/wp52\/#\/schema\/person\/088691de5dfc346bb0c023e1e52ef5d9","name":"admin","image":{"@type":"ImageObject","inLanguage":"ro-RO","@id":"https:\/\/secure.gravatar.com\/avatar\/ecb9cd41f5f63c9c9b989999a59f6e2639a865ec361e9db054db0679a8f341c2?s=96&d=mm&r=g","url":"https:\/\/secure.gravatar.com\/avatar\/ecb9cd41f5f63c9c9b989999a59f6e2639a865ec361e9db054db0679a8f341c2?s=96&d=mm&r=g","contentUrl":"https:\/\/secure.gravatar.com\/avatar\/ecb9cd41f5f63c9c9b989999a59f6e2639a865ec361e9db054db0679a8f341c2?s=96&d=mm&r=g","caption":"admin"},"sameAs":["https:\/\/www.lovendal.ro\/wp52"]}]}},"_links":{"self":[{"href":"https:\/\/www.lovendal.ro\/wp52\/wp-json\/wp\/v2\/posts\/73372","targetHints":{"allow":["GET"]}}],"collection":[{"href":"https:\/\/www.lovendal.ro\/wp52\/wp-json\/wp\/v2\/posts"}],"about":[{"href":"https:\/\/www.lovendal.ro\/wp52\/wp-json\/wp\/v2\/types\/post"}],"author":[{"embeddable":true,"href":"https:\/\/www.lovendal.ro\/wp52\/wp-json\/wp\/v2\/users\/1"}],"replies":[{"embeddable":true,"href":"https:\/\/www.lovendal.ro\/wp52\/wp-json\/wp\/v2\/comments?post=73372"}],"version-history":[{"count":0,"href":"https:\/\/www.lovendal.ro\/wp52\/wp-json\/wp\/v2\/posts\/73372\/revisions"}],"wp:featuredmedia":[{"embeddable":true,"href":"https:\/\/www.lovendal.ro\/wp52\/wp-json\/wp\/v2\/media\/73373"}],"wp:attachment":[{"href":"https:\/\/www.lovendal.ro\/wp52\/wp-json\/wp\/v2\/media?parent=73372"}],"wp:term":[{"taxonomy":"category","embeddable":true,"href":"https:\/\/www.lovendal.ro\/wp52\/wp-json\/wp\/v2\/categories?post=73372"},{"taxonomy":"post_tag","embeddable":true,"href":"https:\/\/www.lovendal.ro\/wp52\/wp-json\/wp\/v2\/tags?post=73372"}],"curies":[{"name":"wp","href":"https:\/\/api.w.org\/{rel}","templated":true}]}}