{"id":73330,"date":"2021-01-26T11:00:27","date_gmt":"2021-01-26T09:00:27","guid":{"rendered":"https:\/\/www.lovendal.ro\/wp52\/?p=73330"},"modified":"2021-01-26T11:00:27","modified_gmt":"2021-01-26T09:00:27","slug":"intuneric-in-washington-d-c-celebrul-monument-washington-a-ramas-fara-lumina-duminica-seara-si-nimeni-nu-stie-de-ce","status":"publish","type":"post","link":"https:\/\/www.lovendal.ro\/wp52\/intuneric-in-washington-d-c-celebrul-monument-washington-a-ramas-fara-lumina-duminica-seara-si-nimeni-nu-stie-de-ce\/","title":{"rendered":"\u00centuneric \u00een Washington D.C.: celebrul monument Washington a r\u0103mas f\u0103r\u0103 lumin\u0103 duminic\u0103 sear\u0103, \u015fi nimeni nu \u015ftie de ce"},"content":{"rendered":"<p><a href=\"https:\/\/www.lovendal.ro\/wp52\/wp-content\/uploads\/2021\/01\/monument-Washington-fara-curent.jpg\"><img loading=\"lazy\" decoding=\"async\" class=\"alignleft size-full wp-image-73331\" src=\"https:\/\/www.lovendal.ro\/wp52\/wp-content\/uploads\/2021\/01\/monument-Washington-fara-curent.jpg\" alt=\"\" width=\"359\" height=\"220\" srcset=\"https:\/\/www.lovendal.ro\/wp52\/wp-content\/uploads\/2021\/01\/monument-Washington-fara-curent.jpg 359w, https:\/\/www.lovendal.ro\/wp52\/wp-content\/uploads\/2021\/01\/monument-Washington-fara-curent-300x184.jpg 300w\" sizes=\"auto, (max-width: 359px) 100vw, 359px\" \/><\/a>\u00cen Washington D.C. (capitala SUA) se \u00eent\u00e2mpl\u0103 multe lucruri ciudate \/ terifiante \u00een ultima perioad\u0103. Dup\u0103 atacul protestatorilor de pe 6 ianuarie 2021 asupra Capitoliului (sediul parlamentului american) \u015fi o prezen\u0163\u0103 militar\u0103 masiv\u0103 \u00een &#8222;ziua inaugur\u0103rii pre\u015fedin\u0163iei Biden&#8221; (pe 20 ianuarie 2021), duminic\u0103, 24 ianuarie 2021, luminile de pe exteriorul Monumentului Washington s-au stins seara \u0219i nimeni nu pare s\u0103 \u0219tie de ce.<\/p>\n<p>Serviciul Parcului Na\u021bional (The National Park Service) a spus c\u0103 &#8222;investigheaz\u0103 problema \u0219i c\u0103 vor restabili luminile c\u00e2t mai cur\u00e2nd posibil\u201d \u00eentr-un tweet, cu pu\u021bin \u00eenainte de ora 21:00. Oricum, oficialii Serviciului anun\u0163aser\u0103 c\u0103 monumentul se va \u00eenchide din cauza coronavirusului, dar au spus c\u0103 nu exist\u0103 vreo leg\u0103tur\u0103 cu pana de curent electric.<\/p>\n<p>Din fericire, \u00eentreruperea aparent\u0103 a curentului electric nu a afectat lumina de avia\u021bie din partea de sus a monumentului.<\/p>\n<blockquote class=\"twitter-tweet\">\n<p dir=\"ltr\" lang=\"en\">Washington monument and White House went dark tonight. No one seems to be able to explain why <a href=\"https:\/\/t.co\/H4Fcmoo7yG\">pic.twitter.com\/H4Fcmoo7yG<\/a><\/p>\n<p>\u2014 ELIJAH SCHAFFER (@ElijahSchaffer) <a href=\"https:\/\/twitter.com\/ElijahSchaffer\/status\/1353562450789076994?ref_src=twsrc%5Etfw\">January 25, 2021<\/a><\/p><\/blockquote>\n<p><script async src=\"https:\/\/platform.twitter.com\/widgets.js\" charset=\"utf-8\"><\/script><\/p>\n","protected":false},"excerpt":{"rendered":"<p>\u00cen Washington D.C. (capitala SUA) se \u00eent\u00e2mpl\u0103 multe lucruri ciudate \/ terifiante \u00een ultima perioad\u0103. Dup\u0103 atacul protestatorilor de pe 6 ianuarie 2021 asupra Capitoliului (sediul parlamentului american) \u015fi o prezen\u0163\u0103 militar\u0103 masiv\u0103 \u00een &#8222;ziua inaugur\u0103rii pre\u015fedin\u0163iei Biden&#8221; (pe 20 &#8230; <\/p>\n<p class=\"read-more-container\"><a title=\"\u00centuneric \u00een Washington D.C.: celebrul monument Washington a r\u0103mas f\u0103r\u0103 lumin\u0103 duminic\u0103 sear\u0103, \u015fi nimeni nu \u015ftie de ce\" class=\"read-more button\" href=\"https:\/\/www.lovendal.ro\/wp52\/intuneric-in-washington-d-c-celebrul-monument-washington-a-ramas-fara-lumina-duminica-seara-si-nimeni-nu-stie-de-ce\/#more-73330\" aria-label=\"Cite\u0219te mai multe despre \u00centuneric \u00een Washington D.C.: celebrul monument Washington a r\u0103mas f\u0103r\u0103 lumin\u0103 duminic\u0103 sear\u0103, \u015fi nimeni nu \u015ftie de ce\">Cititi mai multe<\/a><\/p>\n","protected":false},"author":1,"featured_media":73331,"comment_status":"open","ping_status":"open","sticky":false,"template":"","format":"standard","meta":{"footnotes":""},"categories":[5040],"tags":[16319,9818,3545,14126,6601,23,9282],"class_list":["post-73330","post","type-post","status-publish","format-standard","has-post-thumbnail","hentry","category-bizar","tag-biden","tag-bizar","tag-capitoliu","tag-coronavirus","tag-curent-electric","tag-sua","tag-washington-dc","resize-featured-image"],"yoast_head":"<!-- This site is optimized with the Yoast SEO Premium plugin v23.3 (Yoast SEO v27.4) - https:\/\/yoast.com\/product\/yoast-seo-premium-wordpress\/ -->\n<title>\u00centuneric \u00een Washington D.C.: celebrul monument Washington a r\u0103mas f\u0103r\u0103 lumin\u0103 duminic\u0103 sear\u0103, \u015fi nimeni nu \u015ftie de ce - Secretele lui Lovendal<\/title>\n<meta name=\"robots\" content=\"index, follow, max-snippet:-1, max-image-preview:large, max-video-preview:-1\" \/>\n<link rel=\"canonical\" href=\"https:\/\/www.lovendal.ro\/wp52\/intuneric-in-washington-d-c-celebrul-monument-washington-a-ramas-fara-lumina-duminica-seara-si-nimeni-nu-stie-de-ce\/\" \/>\n<meta property=\"og:locale\" content=\"ro_RO\" \/>\n<meta property=\"og:type\" content=\"article\" \/>\n<meta property=\"og:title\" content=\"\u00centuneric \u00een Washington D.C.: celebrul monument Washington a r\u0103mas f\u0103r\u0103 lumin\u0103 duminic\u0103 sear\u0103, \u015fi nimeni nu \u015ftie de ce\" \/>\n<meta property=\"og:description\" content=\"\u00cen Washington D.C. (capitala SUA) se \u00eent\u00e2mpl\u0103 multe lucruri ciudate \/ terifiante \u00een ultima perioad\u0103. Dup\u0103 atacul protestatorilor de pe 6 ianuarie 2021 asupra Capitoliului (sediul parlamentului american) \u015fi o prezen\u0163\u0103 militar\u0103 masiv\u0103 \u00een &#8222;ziua inaugur\u0103rii pre\u015fedin\u0163iei Biden&#8221; (pe 20 ... Cititi mai multe\" \/>\n<meta property=\"og:url\" content=\"https:\/\/www.lovendal.ro\/wp52\/intuneric-in-washington-d-c-celebrul-monument-washington-a-ramas-fara-lumina-duminica-seara-si-nimeni-nu-stie-de-ce\/\" \/>\n<meta property=\"og:site_name\" content=\"Secretele lui Lovendal\" \/>\n<meta property=\"article:publisher\" content=\"https:\/\/www.facebook.com\/secreteleluilovendal\" \/>\n<meta property=\"article:published_time\" content=\"2021-01-26T09:00:27+00:00\" \/>\n<meta property=\"og:image\" content=\"https:\/\/www.lovendal.ro\/wp52\/wp-content\/uploads\/2021\/01\/monument-Washington-fara-curent.jpg\" \/>\n\t<meta property=\"og:image:width\" content=\"359\" \/>\n\t<meta property=\"og:image:height\" content=\"220\" \/>\n\t<meta property=\"og:image:type\" content=\"image\/jpeg\" \/>\n<meta name=\"author\" content=\"admin\" \/>\n<meta name=\"twitter:card\" content=\"summary_large_image\" \/>\n<meta name=\"twitter:label1\" content=\"Scris de\" \/>\n\t<meta name=\"twitter:data1\" content=\"admin\" \/>\n\t<meta name=\"twitter:label2\" content=\"Timp estimat pentru citire\" \/>\n\t<meta name=\"twitter:data2\" content=\"1 minut\" \/>\n<script type=\"application\/ld+json\" class=\"yoast-schema-graph\">{\"@context\":\"https:\\\/\\\/schema.org\",\"@graph\":[{\"@type\":\"Article\",\"@id\":\"https:\\\/\\\/www.lovendal.ro\\\/wp52\\\/intuneric-in-washington-d-c-celebrul-monument-washington-a-ramas-fara-lumina-duminica-seara-si-nimeni-nu-stie-de-ce\\\/#article\",\"isPartOf\":{\"@id\":\"https:\\\/\\\/www.lovendal.ro\\\/wp52\\\/intuneric-in-washington-d-c-celebrul-monument-washington-a-ramas-fara-lumina-duminica-seara-si-nimeni-nu-stie-de-ce\\\/\"},\"author\":{\"name\":\"admin\",\"@id\":\"https:\\\/\\\/www.lovendal.ro\\\/wp52\\\/#\\\/schema\\\/person\\\/088691de5dfc346bb0c023e1e52ef5d9\"},\"headline\":\"\u00centuneric \u00een Washington D.C.: celebrul monument Washington a r\u0103mas f\u0103r\u0103 lumin\u0103 duminic\u0103 sear\u0103, \u015fi nimeni nu \u015ftie de ce\",\"datePublished\":\"2021-01-26T09:00:27+00:00\",\"mainEntityOfPage\":{\"@id\":\"https:\\\/\\\/www.lovendal.ro\\\/wp52\\\/intuneric-in-washington-d-c-celebrul-monument-washington-a-ramas-fara-lumina-duminica-seara-si-nimeni-nu-stie-de-ce\\\/\"},\"wordCount\":189,\"commentCount\":0,\"publisher\":{\"@id\":\"https:\\\/\\\/www.lovendal.ro\\\/wp52\\\/#organization\"},\"image\":{\"@id\":\"https:\\\/\\\/www.lovendal.ro\\\/wp52\\\/intuneric-in-washington-d-c-celebrul-monument-washington-a-ramas-fara-lumina-duminica-seara-si-nimeni-nu-stie-de-ce\\\/#primaryimage\"},\"thumbnailUrl\":\"https:\\\/\\\/www.lovendal.ro\\\/wp52\\\/wp-content\\\/uploads\\\/2021\\\/01\\\/monument-Washington-fara-curent.jpg\",\"keywords\":[\"Biden\",\"Bizar\",\"Capitoliu\",\"coronavirus\",\"curent electric\",\"SUA\",\"Washington DC\"],\"articleSection\":[\"Bizar\"],\"inLanguage\":\"ro-RO\",\"potentialAction\":[{\"@type\":\"CommentAction\",\"name\":\"Comment\",\"target\":[\"https:\\\/\\\/www.lovendal.ro\\\/wp52\\\/intuneric-in-washington-d-c-celebrul-monument-washington-a-ramas-fara-lumina-duminica-seara-si-nimeni-nu-stie-de-ce\\\/#respond\"]}]},{\"@type\":\"WebPage\",\"@id\":\"https:\\\/\\\/www.lovendal.ro\\\/wp52\\\/intuneric-in-washington-d-c-celebrul-monument-washington-a-ramas-fara-lumina-duminica-seara-si-nimeni-nu-stie-de-ce\\\/\",\"url\":\"https:\\\/\\\/www.lovendal.ro\\\/wp52\\\/intuneric-in-washington-d-c-celebrul-monument-washington-a-ramas-fara-lumina-duminica-seara-si-nimeni-nu-stie-de-ce\\\/\",\"name\":\"\u00centuneric \u00een Washington D.C.: celebrul monument Washington a r\u0103mas f\u0103r\u0103 lumin\u0103 duminic\u0103 sear\u0103, \u015fi nimeni nu \u015ftie de ce - Secretele lui Lovendal\",\"isPartOf\":{\"@id\":\"https:\\\/\\\/www.lovendal.ro\\\/wp52\\\/#website\"},\"primaryImageOfPage\":{\"@id\":\"https:\\\/\\\/www.lovendal.ro\\\/wp52\\\/intuneric-in-washington-d-c-celebrul-monument-washington-a-ramas-fara-lumina-duminica-seara-si-nimeni-nu-stie-de-ce\\\/#primaryimage\"},\"image\":{\"@id\":\"https:\\\/\\\/www.lovendal.ro\\\/wp52\\\/intuneric-in-washington-d-c-celebrul-monument-washington-a-ramas-fara-lumina-duminica-seara-si-nimeni-nu-stie-de-ce\\\/#primaryimage\"},\"thumbnailUrl\":\"https:\\\/\\\/www.lovendal.ro\\\/wp52\\\/wp-content\\\/uploads\\\/2021\\\/01\\\/monument-Washington-fara-curent.jpg\",\"datePublished\":\"2021-01-26T09:00:27+00:00\",\"breadcrumb\":{\"@id\":\"https:\\\/\\\/www.lovendal.ro\\\/wp52\\\/intuneric-in-washington-d-c-celebrul-monument-washington-a-ramas-fara-lumina-duminica-seara-si-nimeni-nu-stie-de-ce\\\/#breadcrumb\"},\"inLanguage\":\"ro-RO\",\"potentialAction\":[{\"@type\":\"ReadAction\",\"target\":[\"https:\\\/\\\/www.lovendal.ro\\\/wp52\\\/intuneric-in-washington-d-c-celebrul-monument-washington-a-ramas-fara-lumina-duminica-seara-si-nimeni-nu-stie-de-ce\\\/\"]}]},{\"@type\":\"ImageObject\",\"inLanguage\":\"ro-RO\",\"@id\":\"https:\\\/\\\/www.lovendal.ro\\\/wp52\\\/intuneric-in-washington-d-c-celebrul-monument-washington-a-ramas-fara-lumina-duminica-seara-si-nimeni-nu-stie-de-ce\\\/#primaryimage\",\"url\":\"https:\\\/\\\/www.lovendal.ro\\\/wp52\\\/wp-content\\\/uploads\\\/2021\\\/01\\\/monument-Washington-fara-curent.jpg\",\"contentUrl\":\"https:\\\/\\\/www.lovendal.ro\\\/wp52\\\/wp-content\\\/uploads\\\/2021\\\/01\\\/monument-Washington-fara-curent.jpg\",\"width\":359,\"height\":220},{\"@type\":\"BreadcrumbList\",\"@id\":\"https:\\\/\\\/www.lovendal.ro\\\/wp52\\\/intuneric-in-washington-d-c-celebrul-monument-washington-a-ramas-fara-lumina-duminica-seara-si-nimeni-nu-stie-de-ce\\\/#breadcrumb\",\"itemListElement\":[{\"@type\":\"ListItem\",\"position\":1,\"name\":\"Home\",\"item\":\"https:\\\/\\\/www.lovendal.ro\\\/wp52\\\/\"},{\"@type\":\"ListItem\",\"position\":2,\"name\":\"\u00centuneric \u00een Washington D.C.: celebrul monument Washington a r\u0103mas f\u0103r\u0103 lumin\u0103 duminic\u0103 sear\u0103, \u015fi nimeni nu \u015ftie de ce\"}]},{\"@type\":\"WebSite\",\"@id\":\"https:\\\/\\\/www.lovendal.ro\\\/wp52\\\/#website\",\"url\":\"https:\\\/\\\/www.lovendal.ro\\\/wp52\\\/\",\"name\":\"Secretele lui Lovendal\",\"description\":\"Site de secrete, stiinta si metafizica - din 2008 -\",\"publisher\":{\"@id\":\"https:\\\/\\\/www.lovendal.ro\\\/wp52\\\/#organization\"},\"potentialAction\":[{\"@type\":\"SearchAction\",\"target\":{\"@type\":\"EntryPoint\",\"urlTemplate\":\"https:\\\/\\\/www.lovendal.ro\\\/wp52\\\/?s={search_term_string}\"},\"query-input\":{\"@type\":\"PropertyValueSpecification\",\"valueRequired\":true,\"valueName\":\"search_term_string\"}}],\"inLanguage\":\"ro-RO\"},{\"@type\":\"Organization\",\"@id\":\"https:\\\/\\\/www.lovendal.ro\\\/wp52\\\/#organization\",\"name\":\"Secretele lui Lovendal\",\"url\":\"https:\\\/\\\/www.lovendal.ro\\\/wp52\\\/\",\"logo\":{\"@type\":\"ImageObject\",\"inLanguage\":\"ro-RO\",\"@id\":\"https:\\\/\\\/www.lovendal.ro\\\/wp52\\\/#\\\/schema\\\/logo\\\/image\\\/\",\"url\":\"https:\\\/\\\/www.lovendal.ro\\\/wp52\\\/wp-content\\\/uploads\\\/2024\\\/06\\\/cropped-SLL-iun-2024-1.jpg\",\"contentUrl\":\"https:\\\/\\\/www.lovendal.ro\\\/wp52\\\/wp-content\\\/uploads\\\/2024\\\/06\\\/cropped-SLL-iun-2024-1.jpg\",\"width\":771,\"height\":240,\"caption\":\"Secretele lui Lovendal\"},\"image\":{\"@id\":\"https:\\\/\\\/www.lovendal.ro\\\/wp52\\\/#\\\/schema\\\/logo\\\/image\\\/\"},\"sameAs\":[\"https:\\\/\\\/www.facebook.com\\\/secreteleluilovendal\"]},{\"@type\":\"Person\",\"@id\":\"https:\\\/\\\/www.lovendal.ro\\\/wp52\\\/#\\\/schema\\\/person\\\/088691de5dfc346bb0c023e1e52ef5d9\",\"name\":\"admin\",\"image\":{\"@type\":\"ImageObject\",\"inLanguage\":\"ro-RO\",\"@id\":\"https:\\\/\\\/secure.gravatar.com\\\/avatar\\\/ecb9cd41f5f63c9c9b989999a59f6e2639a865ec361e9db054db0679a8f341c2?s=96&d=mm&r=g\",\"url\":\"https:\\\/\\\/secure.gravatar.com\\\/avatar\\\/ecb9cd41f5f63c9c9b989999a59f6e2639a865ec361e9db054db0679a8f341c2?s=96&d=mm&r=g\",\"contentUrl\":\"https:\\\/\\\/secure.gravatar.com\\\/avatar\\\/ecb9cd41f5f63c9c9b989999a59f6e2639a865ec361e9db054db0679a8f341c2?s=96&d=mm&r=g\",\"caption\":\"admin\"},\"sameAs\":[\"https:\\\/\\\/www.lovendal.ro\\\/wp52\"]}]}<\/script>\n<!-- \/ Yoast SEO Premium plugin. -->","yoast_head_json":{"title":"\u00centuneric \u00een Washington D.C.: celebrul monument Washington a r\u0103mas f\u0103r\u0103 lumin\u0103 duminic\u0103 sear\u0103, \u015fi nimeni nu \u015ftie de ce - Secretele lui Lovendal","robots":{"index":"index","follow":"follow","max-snippet":"max-snippet:-1","max-image-preview":"max-image-preview:large","max-video-preview":"max-video-preview:-1"},"canonical":"https:\/\/www.lovendal.ro\/wp52\/intuneric-in-washington-d-c-celebrul-monument-washington-a-ramas-fara-lumina-duminica-seara-si-nimeni-nu-stie-de-ce\/","og_locale":"ro_RO","og_type":"article","og_title":"\u00centuneric \u00een Washington D.C.: celebrul monument Washington a r\u0103mas f\u0103r\u0103 lumin\u0103 duminic\u0103 sear\u0103, \u015fi nimeni nu \u015ftie de ce","og_description":"\u00cen Washington D.C. (capitala SUA) se \u00eent\u00e2mpl\u0103 multe lucruri ciudate \/ terifiante \u00een ultima perioad\u0103. Dup\u0103 atacul protestatorilor de pe 6 ianuarie 2021 asupra Capitoliului (sediul parlamentului american) \u015fi o prezen\u0163\u0103 militar\u0103 masiv\u0103 \u00een &#8222;ziua inaugur\u0103rii pre\u015fedin\u0163iei Biden&#8221; (pe 20 ... Cititi mai multe","og_url":"https:\/\/www.lovendal.ro\/wp52\/intuneric-in-washington-d-c-celebrul-monument-washington-a-ramas-fara-lumina-duminica-seara-si-nimeni-nu-stie-de-ce\/","og_site_name":"Secretele lui Lovendal","article_publisher":"https:\/\/www.facebook.com\/secreteleluilovendal","article_published_time":"2021-01-26T09:00:27+00:00","og_image":[{"width":359,"height":220,"url":"https:\/\/www.lovendal.ro\/wp52\/wp-content\/uploads\/2021\/01\/monument-Washington-fara-curent.jpg","type":"image\/jpeg"}],"author":"admin","twitter_card":"summary_large_image","twitter_misc":{"Scris de":"admin","Timp estimat pentru citire":"1 minut"},"schema":{"@context":"https:\/\/schema.org","@graph":[{"@type":"Article","@id":"https:\/\/www.lovendal.ro\/wp52\/intuneric-in-washington-d-c-celebrul-monument-washington-a-ramas-fara-lumina-duminica-seara-si-nimeni-nu-stie-de-ce\/#article","isPartOf":{"@id":"https:\/\/www.lovendal.ro\/wp52\/intuneric-in-washington-d-c-celebrul-monument-washington-a-ramas-fara-lumina-duminica-seara-si-nimeni-nu-stie-de-ce\/"},"author":{"name":"admin","@id":"https:\/\/www.lovendal.ro\/wp52\/#\/schema\/person\/088691de5dfc346bb0c023e1e52ef5d9"},"headline":"\u00centuneric \u00een Washington D.C.: celebrul monument Washington a r\u0103mas f\u0103r\u0103 lumin\u0103 duminic\u0103 sear\u0103, \u015fi nimeni nu \u015ftie de ce","datePublished":"2021-01-26T09:00:27+00:00","mainEntityOfPage":{"@id":"https:\/\/www.lovendal.ro\/wp52\/intuneric-in-washington-d-c-celebrul-monument-washington-a-ramas-fara-lumina-duminica-seara-si-nimeni-nu-stie-de-ce\/"},"wordCount":189,"commentCount":0,"publisher":{"@id":"https:\/\/www.lovendal.ro\/wp52\/#organization"},"image":{"@id":"https:\/\/www.lovendal.ro\/wp52\/intuneric-in-washington-d-c-celebrul-monument-washington-a-ramas-fara-lumina-duminica-seara-si-nimeni-nu-stie-de-ce\/#primaryimage"},"thumbnailUrl":"https:\/\/www.lovendal.ro\/wp52\/wp-content\/uploads\/2021\/01\/monument-Washington-fara-curent.jpg","keywords":["Biden","Bizar","Capitoliu","coronavirus","curent electric","SUA","Washington DC"],"articleSection":["Bizar"],"inLanguage":"ro-RO","potentialAction":[{"@type":"CommentAction","name":"Comment","target":["https:\/\/www.lovendal.ro\/wp52\/intuneric-in-washington-d-c-celebrul-monument-washington-a-ramas-fara-lumina-duminica-seara-si-nimeni-nu-stie-de-ce\/#respond"]}]},{"@type":"WebPage","@id":"https:\/\/www.lovendal.ro\/wp52\/intuneric-in-washington-d-c-celebrul-monument-washington-a-ramas-fara-lumina-duminica-seara-si-nimeni-nu-stie-de-ce\/","url":"https:\/\/www.lovendal.ro\/wp52\/intuneric-in-washington-d-c-celebrul-monument-washington-a-ramas-fara-lumina-duminica-seara-si-nimeni-nu-stie-de-ce\/","name":"\u00centuneric \u00een Washington D.C.: celebrul monument Washington a r\u0103mas f\u0103r\u0103 lumin\u0103 duminic\u0103 sear\u0103, \u015fi nimeni nu \u015ftie de ce - Secretele lui Lovendal","isPartOf":{"@id":"https:\/\/www.lovendal.ro\/wp52\/#website"},"primaryImageOfPage":{"@id":"https:\/\/www.lovendal.ro\/wp52\/intuneric-in-washington-d-c-celebrul-monument-washington-a-ramas-fara-lumina-duminica-seara-si-nimeni-nu-stie-de-ce\/#primaryimage"},"image":{"@id":"https:\/\/www.lovendal.ro\/wp52\/intuneric-in-washington-d-c-celebrul-monument-washington-a-ramas-fara-lumina-duminica-seara-si-nimeni-nu-stie-de-ce\/#primaryimage"},"thumbnailUrl":"https:\/\/www.lovendal.ro\/wp52\/wp-content\/uploads\/2021\/01\/monument-Washington-fara-curent.jpg","datePublished":"2021-01-26T09:00:27+00:00","breadcrumb":{"@id":"https:\/\/www.lovendal.ro\/wp52\/intuneric-in-washington-d-c-celebrul-monument-washington-a-ramas-fara-lumina-duminica-seara-si-nimeni-nu-stie-de-ce\/#breadcrumb"},"inLanguage":"ro-RO","potentialAction":[{"@type":"ReadAction","target":["https:\/\/www.lovendal.ro\/wp52\/intuneric-in-washington-d-c-celebrul-monument-washington-a-ramas-fara-lumina-duminica-seara-si-nimeni-nu-stie-de-ce\/"]}]},{"@type":"ImageObject","inLanguage":"ro-RO","@id":"https:\/\/www.lovendal.ro\/wp52\/intuneric-in-washington-d-c-celebrul-monument-washington-a-ramas-fara-lumina-duminica-seara-si-nimeni-nu-stie-de-ce\/#primaryimage","url":"https:\/\/www.lovendal.ro\/wp52\/wp-content\/uploads\/2021\/01\/monument-Washington-fara-curent.jpg","contentUrl":"https:\/\/www.lovendal.ro\/wp52\/wp-content\/uploads\/2021\/01\/monument-Washington-fara-curent.jpg","width":359,"height":220},{"@type":"BreadcrumbList","@id":"https:\/\/www.lovendal.ro\/wp52\/intuneric-in-washington-d-c-celebrul-monument-washington-a-ramas-fara-lumina-duminica-seara-si-nimeni-nu-stie-de-ce\/#breadcrumb","itemListElement":[{"@type":"ListItem","position":1,"name":"Home","item":"https:\/\/www.lovendal.ro\/wp52\/"},{"@type":"ListItem","position":2,"name":"\u00centuneric \u00een Washington D.C.: celebrul monument Washington a r\u0103mas f\u0103r\u0103 lumin\u0103 duminic\u0103 sear\u0103, \u015fi nimeni nu \u015ftie de ce"}]},{"@type":"WebSite","@id":"https:\/\/www.lovendal.ro\/wp52\/#website","url":"https:\/\/www.lovendal.ro\/wp52\/","name":"Secretele lui Lovendal","description":"Site de secrete, stiinta si metafizica - din 2008 -","publisher":{"@id":"https:\/\/www.lovendal.ro\/wp52\/#organization"},"potentialAction":[{"@type":"SearchAction","target":{"@type":"EntryPoint","urlTemplate":"https:\/\/www.lovendal.ro\/wp52\/?s={search_term_string}"},"query-input":{"@type":"PropertyValueSpecification","valueRequired":true,"valueName":"search_term_string"}}],"inLanguage":"ro-RO"},{"@type":"Organization","@id":"https:\/\/www.lovendal.ro\/wp52\/#organization","name":"Secretele lui Lovendal","url":"https:\/\/www.lovendal.ro\/wp52\/","logo":{"@type":"ImageObject","inLanguage":"ro-RO","@id":"https:\/\/www.lovendal.ro\/wp52\/#\/schema\/logo\/image\/","url":"https:\/\/www.lovendal.ro\/wp52\/wp-content\/uploads\/2024\/06\/cropped-SLL-iun-2024-1.jpg","contentUrl":"https:\/\/www.lovendal.ro\/wp52\/wp-content\/uploads\/2024\/06\/cropped-SLL-iun-2024-1.jpg","width":771,"height":240,"caption":"Secretele lui Lovendal"},"image":{"@id":"https:\/\/www.lovendal.ro\/wp52\/#\/schema\/logo\/image\/"},"sameAs":["https:\/\/www.facebook.com\/secreteleluilovendal"]},{"@type":"Person","@id":"https:\/\/www.lovendal.ro\/wp52\/#\/schema\/person\/088691de5dfc346bb0c023e1e52ef5d9","name":"admin","image":{"@type":"ImageObject","inLanguage":"ro-RO","@id":"https:\/\/secure.gravatar.com\/avatar\/ecb9cd41f5f63c9c9b989999a59f6e2639a865ec361e9db054db0679a8f341c2?s=96&d=mm&r=g","url":"https:\/\/secure.gravatar.com\/avatar\/ecb9cd41f5f63c9c9b989999a59f6e2639a865ec361e9db054db0679a8f341c2?s=96&d=mm&r=g","contentUrl":"https:\/\/secure.gravatar.com\/avatar\/ecb9cd41f5f63c9c9b989999a59f6e2639a865ec361e9db054db0679a8f341c2?s=96&d=mm&r=g","caption":"admin"},"sameAs":["https:\/\/www.lovendal.ro\/wp52"]}]}},"_links":{"self":[{"href":"https:\/\/www.lovendal.ro\/wp52\/wp-json\/wp\/v2\/posts\/73330","targetHints":{"allow":["GET"]}}],"collection":[{"href":"https:\/\/www.lovendal.ro\/wp52\/wp-json\/wp\/v2\/posts"}],"about":[{"href":"https:\/\/www.lovendal.ro\/wp52\/wp-json\/wp\/v2\/types\/post"}],"author":[{"embeddable":true,"href":"https:\/\/www.lovendal.ro\/wp52\/wp-json\/wp\/v2\/users\/1"}],"replies":[{"embeddable":true,"href":"https:\/\/www.lovendal.ro\/wp52\/wp-json\/wp\/v2\/comments?post=73330"}],"version-history":[{"count":0,"href":"https:\/\/www.lovendal.ro\/wp52\/wp-json\/wp\/v2\/posts\/73330\/revisions"}],"wp:featuredmedia":[{"embeddable":true,"href":"https:\/\/www.lovendal.ro\/wp52\/wp-json\/wp\/v2\/media\/73331"}],"wp:attachment":[{"href":"https:\/\/www.lovendal.ro\/wp52\/wp-json\/wp\/v2\/media?parent=73330"}],"wp:term":[{"taxonomy":"category","embeddable":true,"href":"https:\/\/www.lovendal.ro\/wp52\/wp-json\/wp\/v2\/categories?post=73330"},{"taxonomy":"post_tag","embeddable":true,"href":"https:\/\/www.lovendal.ro\/wp52\/wp-json\/wp\/v2\/tags?post=73330"}],"curies":[{"name":"wp","href":"https:\/\/api.w.org\/{rel}","templated":true}]}}