{"id":72985,"date":"2021-01-03T12:00:26","date_gmt":"2021-01-03T10:00:26","guid":{"rendered":"https:\/\/www.lovendal.ro\/wp52\/?p=72985"},"modified":"2021-01-03T12:00:26","modified_gmt":"2021-01-03T10:00:26","slug":"presedintele-iranului-ameninta-la-inceputul-lui-2021-trump-va-fi-mort-in-cateva-zile-ceeee","status":"publish","type":"post","link":"https:\/\/www.lovendal.ro\/wp52\/presedintele-iranului-ameninta-la-inceputul-lui-2021-trump-va-fi-mort-in-cateva-zile-ceeee\/","title":{"rendered":"Pre\u015fedintele Iranului amenin\u0163\u0103 la \u00eenceputul lui 2021: &#8222;Trump va fi mort \u00een c\u00e2teva zile&#8221;. Ceeee&#8230;!??"},"content":{"rendered":"<p><a href=\"https:\/\/www.lovendal.ro\/wp52\/wp-content\/uploads\/2021\/01\/Trump-tinta.jpg\"><img loading=\"lazy\" decoding=\"async\" class=\"alignleft size-full wp-image-72986\" src=\"https:\/\/www.lovendal.ro\/wp52\/wp-content\/uploads\/2021\/01\/Trump-tinta.jpg\" alt=\"\" width=\"341\" height=\"231\" srcset=\"https:\/\/www.lovendal.ro\/wp52\/wp-content\/uploads\/2021\/01\/Trump-tinta.jpg 341w, https:\/\/www.lovendal.ro\/wp52\/wp-content\/uploads\/2021\/01\/Trump-tinta-300x203.jpg 300w\" sizes=\"auto, (max-width: 341px) 100vw, 341px\" \/><\/a>Se pare c\u0103 anul 2021 \u00eencepe cu declara\u0163ii \u015focante. Astfel, pre\u0219edintele iranian Hassan Rouhani a declarat c\u0103 pre\u0219edintele american Donald Trump &#8222;va fi mort \u00een c\u00e2teva zile\u201d, \u00een timpul unui discurs adresat na\u021biunii, pe m\u0103sur\u0103 ce se apropie prima aniversare a uciderii unui general din armata \u021b\u0103rii, Qasem Soleimani, ucis de for\u0163ele americane la \u00eenceputul lui ianuarie 2020.<\/p>\n<p>Soleimani, fostul lider al For\u021bei Quds din Iran &#8211; descris de speciali\u0219tii militari drept o unitate neconven\u021bional\u0103 de r\u0103zboi \u0219i opera\u021biuni clandestine &#8211; a fost ucis de o dron\u0103 militar\u0103 pe 3 ianuarie 2020, opera\u0163iune care a fost aprobat\u0103 de pre\u015fedintele Trump. Departamentul Ap\u0103r\u0103rii al SUA a dat vina pe Soleimani pentru sute de mor\u0163i provocate americanilor.<\/p>\n<p>Pe l\u00e2ng\u0103 Trump, Rouhani s-a referit \u015fi la secretarul de stat Mike Pompeo, ace\u015ftia doi fiind &#8222;principalii autori ai acestei infrac\u021biuni\u201d.<\/p>\n<p><em>&#8222;Unul dintre efectele acestui act stupid \u0219i ru\u0219inos este c\u0103 trumpismul s-a \u00eencheiat \u0219i, \u00een c\u00e2teva zile, via\u021ba acestui criminal se va sf\u00e2r\u0219i \u0219i el va merge la co\u0219ul de gunoi al istoriei. Noi suntem foarte ferici\u021bi de acest lucru \u0219i credem c\u0103 perioada dup\u0103 Trump va fi o condi\u0163ie mai bun\u0103 pentru stabilitatea regional\u0103 \u0219i global\u0103&#8221;<\/em>, a spus Rouhani.<\/p>\n<p><strong>Sursa<\/strong> (traducerea \u015fi adaptarea proprie): <a href=\"https:\/\/www.newsmax.com\/politics\/rouhani-trump-soleimani-dead\/2021\/01\/01\/id\/1003940\/\" target=\"_blank\" rel=\"noopener noreferrer\"><strong>newsmax.com<\/strong><\/a><\/p>\n<p>P.S. La ce s-a referit pre\u015fedintele iranian Rouhani c\u00e2nd a zis c\u0103 &#8222;Trump va fi mort \u00een c\u00e2teva zile&#8221;? La o &#8222;moarte metaforic\u0103&#8221;, \u00een sensul c\u0103 Trump nu va mai fi pre\u015fedintele SUA \u00een c\u00e2teva zile sau e o amenin\u0163are real\u0103 cu moartea?<\/p>\n","protected":false},"excerpt":{"rendered":"<p>Se pare c\u0103 anul 2021 \u00eencepe cu declara\u0163ii \u015focante. Astfel, pre\u0219edintele iranian Hassan Rouhani a declarat c\u0103 pre\u0219edintele american Donald Trump &#8222;va fi mort \u00een c\u00e2teva zile\u201d, \u00een timpul unui discurs adresat na\u021biunii, pe m\u0103sur\u0103 ce se apropie prima aniversare &#8230; <\/p>\n<p class=\"read-more-container\"><a title=\"Pre\u015fedintele Iranului amenin\u0163\u0103 la \u00eenceputul lui 2021: &#8222;Trump va fi mort \u00een c\u00e2teva zile&#8221;. Ceeee&#8230;!??\" class=\"read-more button\" href=\"https:\/\/www.lovendal.ro\/wp52\/presedintele-iranului-ameninta-la-inceputul-lui-2021-trump-va-fi-mort-in-cateva-zile-ceeee\/#more-72985\" aria-label=\"Cite\u0219te mai multe despre Pre\u015fedintele Iranului amenin\u0163\u0103 la \u00eenceputul lui 2021: &#8222;Trump va fi mort \u00een c\u00e2teva zile&#8221;. Ceeee&#8230;!??\">Cititi mai multe<\/a><\/p>\n","protected":false},"author":1,"featured_media":72986,"comment_status":"open","ping_status":"open","sticky":false,"template":"","format":"standard","meta":{"footnotes":""},"categories":[40],"tags":[5762,5264,470,12470,108,9799,190,6750,14040,23,10897],"class_list":["post-72985","post","type-post","status-publish","format-standard","has-post-thumbnail","hentry","category-politica","tag-drona","tag-general","tag-iran","tag-mike-pompeo","tag-moarte","tag-politica-economie-geostrategie","tag-presedinte","tag-rouhani","tag-soleimani","tag-sua","tag-trump","resize-featured-image"],"yoast_head":"<!-- This site is optimized with the Yoast SEO Premium plugin v23.3 (Yoast SEO v27.4) - https:\/\/yoast.com\/product\/yoast-seo-premium-wordpress\/ -->\n<title>Pre\u015fedintele Iranului amenin\u0163\u0103 la \u00eenceputul lui 2021: &quot;Trump va fi mort \u00een c\u00e2teva zile&quot;. Ceeee...!?? - Secretele lui Lovendal<\/title>\n<meta name=\"robots\" content=\"index, follow, max-snippet:-1, max-image-preview:large, max-video-preview:-1\" \/>\n<link rel=\"canonical\" href=\"https:\/\/www.lovendal.ro\/wp52\/presedintele-iranului-ameninta-la-inceputul-lui-2021-trump-va-fi-mort-in-cateva-zile-ceeee\/\" \/>\n<meta property=\"og:locale\" content=\"ro_RO\" \/>\n<meta property=\"og:type\" content=\"article\" \/>\n<meta property=\"og:title\" content=\"Pre\u015fedintele Iranului amenin\u0163\u0103 la \u00eenceputul lui 2021: &quot;Trump va fi mort \u00een c\u00e2teva zile&quot;. Ceeee...!??\" \/>\n<meta property=\"og:description\" content=\"Se pare c\u0103 anul 2021 \u00eencepe cu declara\u0163ii \u015focante. Astfel, pre\u0219edintele iranian Hassan Rouhani a declarat c\u0103 pre\u0219edintele american Donald Trump &#8222;va fi mort \u00een c\u00e2teva zile\u201d, \u00een timpul unui discurs adresat na\u021biunii, pe m\u0103sur\u0103 ce se apropie prima aniversare ... Cititi mai multe\" \/>\n<meta property=\"og:url\" content=\"https:\/\/www.lovendal.ro\/wp52\/presedintele-iranului-ameninta-la-inceputul-lui-2021-trump-va-fi-mort-in-cateva-zile-ceeee\/\" \/>\n<meta property=\"og:site_name\" content=\"Secretele lui Lovendal\" \/>\n<meta property=\"article:publisher\" content=\"https:\/\/www.facebook.com\/secreteleluilovendal\" \/>\n<meta property=\"article:published_time\" content=\"2021-01-03T10:00:26+00:00\" \/>\n<meta property=\"og:image\" content=\"https:\/\/www.lovendal.ro\/wp52\/wp-content\/uploads\/2021\/01\/Trump-tinta.jpg\" \/>\n\t<meta property=\"og:image:width\" content=\"341\" \/>\n\t<meta property=\"og:image:height\" content=\"231\" \/>\n\t<meta property=\"og:image:type\" content=\"image\/jpeg\" \/>\n<meta name=\"author\" content=\"admin\" \/>\n<meta name=\"twitter:card\" content=\"summary_large_image\" \/>\n<meta name=\"twitter:label1\" content=\"Scris de\" \/>\n\t<meta name=\"twitter:data1\" content=\"admin\" \/>\n\t<meta name=\"twitter:label2\" content=\"Timp estimat pentru citire\" \/>\n\t<meta name=\"twitter:data2\" content=\"1 minut\" \/>\n<script type=\"application\/ld+json\" class=\"yoast-schema-graph\">{\"@context\":\"https:\\\/\\\/schema.org\",\"@graph\":[{\"@type\":\"Article\",\"@id\":\"https:\\\/\\\/www.lovendal.ro\\\/wp52\\\/presedintele-iranului-ameninta-la-inceputul-lui-2021-trump-va-fi-mort-in-cateva-zile-ceeee\\\/#article\",\"isPartOf\":{\"@id\":\"https:\\\/\\\/www.lovendal.ro\\\/wp52\\\/presedintele-iranului-ameninta-la-inceputul-lui-2021-trump-va-fi-mort-in-cateva-zile-ceeee\\\/\"},\"author\":{\"name\":\"admin\",\"@id\":\"https:\\\/\\\/www.lovendal.ro\\\/wp52\\\/#\\\/schema\\\/person\\\/088691de5dfc346bb0c023e1e52ef5d9\"},\"headline\":\"Pre\u015fedintele Iranului amenin\u0163\u0103 la \u00eenceputul lui 2021: &#8222;Trump va fi mort \u00een c\u00e2teva zile&#8221;. Ceeee&#8230;!??\",\"datePublished\":\"2021-01-03T10:00:26+00:00\",\"mainEntityOfPage\":{\"@id\":\"https:\\\/\\\/www.lovendal.ro\\\/wp52\\\/presedintele-iranului-ameninta-la-inceputul-lui-2021-trump-va-fi-mort-in-cateva-zile-ceeee\\\/\"},\"wordCount\":293,\"commentCount\":0,\"publisher\":{\"@id\":\"https:\\\/\\\/www.lovendal.ro\\\/wp52\\\/#organization\"},\"image\":{\"@id\":\"https:\\\/\\\/www.lovendal.ro\\\/wp52\\\/presedintele-iranului-ameninta-la-inceputul-lui-2021-trump-va-fi-mort-in-cateva-zile-ceeee\\\/#primaryimage\"},\"thumbnailUrl\":\"https:\\\/\\\/www.lovendal.ro\\\/wp52\\\/wp-content\\\/uploads\\\/2021\\\/01\\\/Trump-tinta.jpg\",\"keywords\":[\"dron\u0103\",\"general\",\"Iran\",\"Mike Pompeo\",\"moarte\",\"Politica-Economie-Geostrategie\",\"pre\u015fedinte\",\"Rouhani\",\"Soleimani\",\"SUA\",\"Trump\"],\"articleSection\":[\"Politica-Economie-Geostrategie\"],\"inLanguage\":\"ro-RO\",\"potentialAction\":[{\"@type\":\"CommentAction\",\"name\":\"Comment\",\"target\":[\"https:\\\/\\\/www.lovendal.ro\\\/wp52\\\/presedintele-iranului-ameninta-la-inceputul-lui-2021-trump-va-fi-mort-in-cateva-zile-ceeee\\\/#respond\"]}]},{\"@type\":\"WebPage\",\"@id\":\"https:\\\/\\\/www.lovendal.ro\\\/wp52\\\/presedintele-iranului-ameninta-la-inceputul-lui-2021-trump-va-fi-mort-in-cateva-zile-ceeee\\\/\",\"url\":\"https:\\\/\\\/www.lovendal.ro\\\/wp52\\\/presedintele-iranului-ameninta-la-inceputul-lui-2021-trump-va-fi-mort-in-cateva-zile-ceeee\\\/\",\"name\":\"Pre\u015fedintele Iranului amenin\u0163\u0103 la \u00eenceputul lui 2021: \\\"Trump va fi mort \u00een c\u00e2teva zile\\\". Ceeee...!?? - Secretele lui Lovendal\",\"isPartOf\":{\"@id\":\"https:\\\/\\\/www.lovendal.ro\\\/wp52\\\/#website\"},\"primaryImageOfPage\":{\"@id\":\"https:\\\/\\\/www.lovendal.ro\\\/wp52\\\/presedintele-iranului-ameninta-la-inceputul-lui-2021-trump-va-fi-mort-in-cateva-zile-ceeee\\\/#primaryimage\"},\"image\":{\"@id\":\"https:\\\/\\\/www.lovendal.ro\\\/wp52\\\/presedintele-iranului-ameninta-la-inceputul-lui-2021-trump-va-fi-mort-in-cateva-zile-ceeee\\\/#primaryimage\"},\"thumbnailUrl\":\"https:\\\/\\\/www.lovendal.ro\\\/wp52\\\/wp-content\\\/uploads\\\/2021\\\/01\\\/Trump-tinta.jpg\",\"datePublished\":\"2021-01-03T10:00:26+00:00\",\"breadcrumb\":{\"@id\":\"https:\\\/\\\/www.lovendal.ro\\\/wp52\\\/presedintele-iranului-ameninta-la-inceputul-lui-2021-trump-va-fi-mort-in-cateva-zile-ceeee\\\/#breadcrumb\"},\"inLanguage\":\"ro-RO\",\"potentialAction\":[{\"@type\":\"ReadAction\",\"target\":[\"https:\\\/\\\/www.lovendal.ro\\\/wp52\\\/presedintele-iranului-ameninta-la-inceputul-lui-2021-trump-va-fi-mort-in-cateva-zile-ceeee\\\/\"]}]},{\"@type\":\"ImageObject\",\"inLanguage\":\"ro-RO\",\"@id\":\"https:\\\/\\\/www.lovendal.ro\\\/wp52\\\/presedintele-iranului-ameninta-la-inceputul-lui-2021-trump-va-fi-mort-in-cateva-zile-ceeee\\\/#primaryimage\",\"url\":\"https:\\\/\\\/www.lovendal.ro\\\/wp52\\\/wp-content\\\/uploads\\\/2021\\\/01\\\/Trump-tinta.jpg\",\"contentUrl\":\"https:\\\/\\\/www.lovendal.ro\\\/wp52\\\/wp-content\\\/uploads\\\/2021\\\/01\\\/Trump-tinta.jpg\",\"width\":341,\"height\":231},{\"@type\":\"BreadcrumbList\",\"@id\":\"https:\\\/\\\/www.lovendal.ro\\\/wp52\\\/presedintele-iranului-ameninta-la-inceputul-lui-2021-trump-va-fi-mort-in-cateva-zile-ceeee\\\/#breadcrumb\",\"itemListElement\":[{\"@type\":\"ListItem\",\"position\":1,\"name\":\"Home\",\"item\":\"https:\\\/\\\/www.lovendal.ro\\\/wp52\\\/\"},{\"@type\":\"ListItem\",\"position\":2,\"name\":\"Pre\u015fedintele Iranului amenin\u0163\u0103 la \u00eenceputul lui 2021: &#8222;Trump va fi mort \u00een c\u00e2teva zile&#8221;. Ceeee&#8230;!??\"}]},{\"@type\":\"WebSite\",\"@id\":\"https:\\\/\\\/www.lovendal.ro\\\/wp52\\\/#website\",\"url\":\"https:\\\/\\\/www.lovendal.ro\\\/wp52\\\/\",\"name\":\"Secretele lui Lovendal\",\"description\":\"Site de secrete, stiinta si metafizica - din 2008 -\",\"publisher\":{\"@id\":\"https:\\\/\\\/www.lovendal.ro\\\/wp52\\\/#organization\"},\"potentialAction\":[{\"@type\":\"SearchAction\",\"target\":{\"@type\":\"EntryPoint\",\"urlTemplate\":\"https:\\\/\\\/www.lovendal.ro\\\/wp52\\\/?s={search_term_string}\"},\"query-input\":{\"@type\":\"PropertyValueSpecification\",\"valueRequired\":true,\"valueName\":\"search_term_string\"}}],\"inLanguage\":\"ro-RO\"},{\"@type\":\"Organization\",\"@id\":\"https:\\\/\\\/www.lovendal.ro\\\/wp52\\\/#organization\",\"name\":\"Secretele lui Lovendal\",\"url\":\"https:\\\/\\\/www.lovendal.ro\\\/wp52\\\/\",\"logo\":{\"@type\":\"ImageObject\",\"inLanguage\":\"ro-RO\",\"@id\":\"https:\\\/\\\/www.lovendal.ro\\\/wp52\\\/#\\\/schema\\\/logo\\\/image\\\/\",\"url\":\"https:\\\/\\\/www.lovendal.ro\\\/wp52\\\/wp-content\\\/uploads\\\/2024\\\/06\\\/cropped-SLL-iun-2024-1.jpg\",\"contentUrl\":\"https:\\\/\\\/www.lovendal.ro\\\/wp52\\\/wp-content\\\/uploads\\\/2024\\\/06\\\/cropped-SLL-iun-2024-1.jpg\",\"width\":771,\"height\":240,\"caption\":\"Secretele lui Lovendal\"},\"image\":{\"@id\":\"https:\\\/\\\/www.lovendal.ro\\\/wp52\\\/#\\\/schema\\\/logo\\\/image\\\/\"},\"sameAs\":[\"https:\\\/\\\/www.facebook.com\\\/secreteleluilovendal\"]},{\"@type\":\"Person\",\"@id\":\"https:\\\/\\\/www.lovendal.ro\\\/wp52\\\/#\\\/schema\\\/person\\\/088691de5dfc346bb0c023e1e52ef5d9\",\"name\":\"admin\",\"image\":{\"@type\":\"ImageObject\",\"inLanguage\":\"ro-RO\",\"@id\":\"https:\\\/\\\/secure.gravatar.com\\\/avatar\\\/ecb9cd41f5f63c9c9b989999a59f6e2639a865ec361e9db054db0679a8f341c2?s=96&d=mm&r=g\",\"url\":\"https:\\\/\\\/secure.gravatar.com\\\/avatar\\\/ecb9cd41f5f63c9c9b989999a59f6e2639a865ec361e9db054db0679a8f341c2?s=96&d=mm&r=g\",\"contentUrl\":\"https:\\\/\\\/secure.gravatar.com\\\/avatar\\\/ecb9cd41f5f63c9c9b989999a59f6e2639a865ec361e9db054db0679a8f341c2?s=96&d=mm&r=g\",\"caption\":\"admin\"},\"sameAs\":[\"https:\\\/\\\/www.lovendal.ro\\\/wp52\"]}]}<\/script>\n<!-- \/ Yoast SEO Premium plugin. -->","yoast_head_json":{"title":"Pre\u015fedintele Iranului amenin\u0163\u0103 la \u00eenceputul lui 2021: \"Trump va fi mort \u00een c\u00e2teva zile\". Ceeee...!?? - Secretele lui Lovendal","robots":{"index":"index","follow":"follow","max-snippet":"max-snippet:-1","max-image-preview":"max-image-preview:large","max-video-preview":"max-video-preview:-1"},"canonical":"https:\/\/www.lovendal.ro\/wp52\/presedintele-iranului-ameninta-la-inceputul-lui-2021-trump-va-fi-mort-in-cateva-zile-ceeee\/","og_locale":"ro_RO","og_type":"article","og_title":"Pre\u015fedintele Iranului amenin\u0163\u0103 la \u00eenceputul lui 2021: \"Trump va fi mort \u00een c\u00e2teva zile\". Ceeee...!??","og_description":"Se pare c\u0103 anul 2021 \u00eencepe cu declara\u0163ii \u015focante. Astfel, pre\u0219edintele iranian Hassan Rouhani a declarat c\u0103 pre\u0219edintele american Donald Trump &#8222;va fi mort \u00een c\u00e2teva zile\u201d, \u00een timpul unui discurs adresat na\u021biunii, pe m\u0103sur\u0103 ce se apropie prima aniversare ... Cititi mai multe","og_url":"https:\/\/www.lovendal.ro\/wp52\/presedintele-iranului-ameninta-la-inceputul-lui-2021-trump-va-fi-mort-in-cateva-zile-ceeee\/","og_site_name":"Secretele lui Lovendal","article_publisher":"https:\/\/www.facebook.com\/secreteleluilovendal","article_published_time":"2021-01-03T10:00:26+00:00","og_image":[{"width":341,"height":231,"url":"https:\/\/www.lovendal.ro\/wp52\/wp-content\/uploads\/2021\/01\/Trump-tinta.jpg","type":"image\/jpeg"}],"author":"admin","twitter_card":"summary_large_image","twitter_misc":{"Scris de":"admin","Timp estimat pentru citire":"1 minut"},"schema":{"@context":"https:\/\/schema.org","@graph":[{"@type":"Article","@id":"https:\/\/www.lovendal.ro\/wp52\/presedintele-iranului-ameninta-la-inceputul-lui-2021-trump-va-fi-mort-in-cateva-zile-ceeee\/#article","isPartOf":{"@id":"https:\/\/www.lovendal.ro\/wp52\/presedintele-iranului-ameninta-la-inceputul-lui-2021-trump-va-fi-mort-in-cateva-zile-ceeee\/"},"author":{"name":"admin","@id":"https:\/\/www.lovendal.ro\/wp52\/#\/schema\/person\/088691de5dfc346bb0c023e1e52ef5d9"},"headline":"Pre\u015fedintele Iranului amenin\u0163\u0103 la \u00eenceputul lui 2021: &#8222;Trump va fi mort \u00een c\u00e2teva zile&#8221;. Ceeee&#8230;!??","datePublished":"2021-01-03T10:00:26+00:00","mainEntityOfPage":{"@id":"https:\/\/www.lovendal.ro\/wp52\/presedintele-iranului-ameninta-la-inceputul-lui-2021-trump-va-fi-mort-in-cateva-zile-ceeee\/"},"wordCount":293,"commentCount":0,"publisher":{"@id":"https:\/\/www.lovendal.ro\/wp52\/#organization"},"image":{"@id":"https:\/\/www.lovendal.ro\/wp52\/presedintele-iranului-ameninta-la-inceputul-lui-2021-trump-va-fi-mort-in-cateva-zile-ceeee\/#primaryimage"},"thumbnailUrl":"https:\/\/www.lovendal.ro\/wp52\/wp-content\/uploads\/2021\/01\/Trump-tinta.jpg","keywords":["dron\u0103","general","Iran","Mike Pompeo","moarte","Politica-Economie-Geostrategie","pre\u015fedinte","Rouhani","Soleimani","SUA","Trump"],"articleSection":["Politica-Economie-Geostrategie"],"inLanguage":"ro-RO","potentialAction":[{"@type":"CommentAction","name":"Comment","target":["https:\/\/www.lovendal.ro\/wp52\/presedintele-iranului-ameninta-la-inceputul-lui-2021-trump-va-fi-mort-in-cateva-zile-ceeee\/#respond"]}]},{"@type":"WebPage","@id":"https:\/\/www.lovendal.ro\/wp52\/presedintele-iranului-ameninta-la-inceputul-lui-2021-trump-va-fi-mort-in-cateva-zile-ceeee\/","url":"https:\/\/www.lovendal.ro\/wp52\/presedintele-iranului-ameninta-la-inceputul-lui-2021-trump-va-fi-mort-in-cateva-zile-ceeee\/","name":"Pre\u015fedintele Iranului amenin\u0163\u0103 la \u00eenceputul lui 2021: \"Trump va fi mort \u00een c\u00e2teva zile\". Ceeee...!?? - Secretele lui Lovendal","isPartOf":{"@id":"https:\/\/www.lovendal.ro\/wp52\/#website"},"primaryImageOfPage":{"@id":"https:\/\/www.lovendal.ro\/wp52\/presedintele-iranului-ameninta-la-inceputul-lui-2021-trump-va-fi-mort-in-cateva-zile-ceeee\/#primaryimage"},"image":{"@id":"https:\/\/www.lovendal.ro\/wp52\/presedintele-iranului-ameninta-la-inceputul-lui-2021-trump-va-fi-mort-in-cateva-zile-ceeee\/#primaryimage"},"thumbnailUrl":"https:\/\/www.lovendal.ro\/wp52\/wp-content\/uploads\/2021\/01\/Trump-tinta.jpg","datePublished":"2021-01-03T10:00:26+00:00","breadcrumb":{"@id":"https:\/\/www.lovendal.ro\/wp52\/presedintele-iranului-ameninta-la-inceputul-lui-2021-trump-va-fi-mort-in-cateva-zile-ceeee\/#breadcrumb"},"inLanguage":"ro-RO","potentialAction":[{"@type":"ReadAction","target":["https:\/\/www.lovendal.ro\/wp52\/presedintele-iranului-ameninta-la-inceputul-lui-2021-trump-va-fi-mort-in-cateva-zile-ceeee\/"]}]},{"@type":"ImageObject","inLanguage":"ro-RO","@id":"https:\/\/www.lovendal.ro\/wp52\/presedintele-iranului-ameninta-la-inceputul-lui-2021-trump-va-fi-mort-in-cateva-zile-ceeee\/#primaryimage","url":"https:\/\/www.lovendal.ro\/wp52\/wp-content\/uploads\/2021\/01\/Trump-tinta.jpg","contentUrl":"https:\/\/www.lovendal.ro\/wp52\/wp-content\/uploads\/2021\/01\/Trump-tinta.jpg","width":341,"height":231},{"@type":"BreadcrumbList","@id":"https:\/\/www.lovendal.ro\/wp52\/presedintele-iranului-ameninta-la-inceputul-lui-2021-trump-va-fi-mort-in-cateva-zile-ceeee\/#breadcrumb","itemListElement":[{"@type":"ListItem","position":1,"name":"Home","item":"https:\/\/www.lovendal.ro\/wp52\/"},{"@type":"ListItem","position":2,"name":"Pre\u015fedintele Iranului amenin\u0163\u0103 la \u00eenceputul lui 2021: &#8222;Trump va fi mort \u00een c\u00e2teva zile&#8221;. Ceeee&#8230;!??"}]},{"@type":"WebSite","@id":"https:\/\/www.lovendal.ro\/wp52\/#website","url":"https:\/\/www.lovendal.ro\/wp52\/","name":"Secretele lui Lovendal","description":"Site de secrete, stiinta si metafizica - din 2008 -","publisher":{"@id":"https:\/\/www.lovendal.ro\/wp52\/#organization"},"potentialAction":[{"@type":"SearchAction","target":{"@type":"EntryPoint","urlTemplate":"https:\/\/www.lovendal.ro\/wp52\/?s={search_term_string}"},"query-input":{"@type":"PropertyValueSpecification","valueRequired":true,"valueName":"search_term_string"}}],"inLanguage":"ro-RO"},{"@type":"Organization","@id":"https:\/\/www.lovendal.ro\/wp52\/#organization","name":"Secretele lui Lovendal","url":"https:\/\/www.lovendal.ro\/wp52\/","logo":{"@type":"ImageObject","inLanguage":"ro-RO","@id":"https:\/\/www.lovendal.ro\/wp52\/#\/schema\/logo\/image\/","url":"https:\/\/www.lovendal.ro\/wp52\/wp-content\/uploads\/2024\/06\/cropped-SLL-iun-2024-1.jpg","contentUrl":"https:\/\/www.lovendal.ro\/wp52\/wp-content\/uploads\/2024\/06\/cropped-SLL-iun-2024-1.jpg","width":771,"height":240,"caption":"Secretele lui Lovendal"},"image":{"@id":"https:\/\/www.lovendal.ro\/wp52\/#\/schema\/logo\/image\/"},"sameAs":["https:\/\/www.facebook.com\/secreteleluilovendal"]},{"@type":"Person","@id":"https:\/\/www.lovendal.ro\/wp52\/#\/schema\/person\/088691de5dfc346bb0c023e1e52ef5d9","name":"admin","image":{"@type":"ImageObject","inLanguage":"ro-RO","@id":"https:\/\/secure.gravatar.com\/avatar\/ecb9cd41f5f63c9c9b989999a59f6e2639a865ec361e9db054db0679a8f341c2?s=96&d=mm&r=g","url":"https:\/\/secure.gravatar.com\/avatar\/ecb9cd41f5f63c9c9b989999a59f6e2639a865ec361e9db054db0679a8f341c2?s=96&d=mm&r=g","contentUrl":"https:\/\/secure.gravatar.com\/avatar\/ecb9cd41f5f63c9c9b989999a59f6e2639a865ec361e9db054db0679a8f341c2?s=96&d=mm&r=g","caption":"admin"},"sameAs":["https:\/\/www.lovendal.ro\/wp52"]}]}},"_links":{"self":[{"href":"https:\/\/www.lovendal.ro\/wp52\/wp-json\/wp\/v2\/posts\/72985","targetHints":{"allow":["GET"]}}],"collection":[{"href":"https:\/\/www.lovendal.ro\/wp52\/wp-json\/wp\/v2\/posts"}],"about":[{"href":"https:\/\/www.lovendal.ro\/wp52\/wp-json\/wp\/v2\/types\/post"}],"author":[{"embeddable":true,"href":"https:\/\/www.lovendal.ro\/wp52\/wp-json\/wp\/v2\/users\/1"}],"replies":[{"embeddable":true,"href":"https:\/\/www.lovendal.ro\/wp52\/wp-json\/wp\/v2\/comments?post=72985"}],"version-history":[{"count":0,"href":"https:\/\/www.lovendal.ro\/wp52\/wp-json\/wp\/v2\/posts\/72985\/revisions"}],"wp:featuredmedia":[{"embeddable":true,"href":"https:\/\/www.lovendal.ro\/wp52\/wp-json\/wp\/v2\/media\/72986"}],"wp:attachment":[{"href":"https:\/\/www.lovendal.ro\/wp52\/wp-json\/wp\/v2\/media?parent=72985"}],"wp:term":[{"taxonomy":"category","embeddable":true,"href":"https:\/\/www.lovendal.ro\/wp52\/wp-json\/wp\/v2\/categories?post=72985"},{"taxonomy":"post_tag","embeddable":true,"href":"https:\/\/www.lovendal.ro\/wp52\/wp-json\/wp\/v2\/tags?post=72985"}],"curies":[{"name":"wp","href":"https:\/\/api.w.org\/{rel}","templated":true}]}}