{"id":72980,"date":"2021-01-02T08:49:17","date_gmt":"2021-01-02T06:49:17","guid":{"rendered":"https:\/\/www.lovendal.ro\/wp52\/?p=72980"},"modified":"2021-01-02T08:49:17","modified_gmt":"2021-01-02T06:49:17","slug":"legenda-misterioasa-a-celor-7-oameni-dintr-o-pestera-din-efes-cum-au-putut-ei-sa-doarma-timp-de-400-de-ani","status":"publish","type":"post","link":"https:\/\/www.lovendal.ro\/wp52\/legenda-misterioasa-a-celor-7-oameni-dintr-o-pestera-din-efes-cum-au-putut-ei-sa-doarma-timp-de-400-de-ani\/","title":{"rendered":"Legenda misterioas\u0103 a celor 7 oameni dintr-o pe\u015fter\u0103 din Efes&#8230; cum au putut ei s\u0103 doarm\u0103 timp de 400 de ani!?"},"content":{"rendered":"<p><a href=\"https:\/\/www.lovendal.ro\/wp52\/wp-content\/uploads\/2021\/01\/cei-7-adormiti-pestera-Efes.jpg\"><img loading=\"lazy\" decoding=\"async\" class=\"alignleft size-full wp-image-72981\" src=\"https:\/\/www.lovendal.ro\/wp52\/wp-content\/uploads\/2021\/01\/cei-7-adormiti-pestera-Efes.jpg\" alt=\"\" width=\"347\" height=\"279\" srcset=\"https:\/\/www.lovendal.ro\/wp52\/wp-content\/uploads\/2021\/01\/cei-7-adormiti-pestera-Efes.jpg 347w, https:\/\/www.lovendal.ro\/wp52\/wp-content\/uploads\/2021\/01\/cei-7-adormiti-pestera-Efes-300x241.jpg 300w\" sizes=\"auto, (max-width: 347px) 100vw, 347px\" \/><\/a>\u00cen <em>&#8222;Historia Langobardorum&#8221;<\/em> a diaconului Paolo se poveste\u015fte despre \u015fapte fiin\u0163e misterioase care \u00ee\u015fi dorm somnul de veci t\u0103inuite \u00eentr-o pe\u015fter\u0103 din Efes, considerate a fi ni\u015fte martiri cre\u015ftini, dar \u00eembr\u0103cate \u00een chip de romani din vechime, ale c\u0103ror corpuri s-ar fi p\u0103strat intacte vreme de secole (sau cel pu\u0163in timp de patru sute de ani). Paolo Diacono spune c\u0103 cel care \u00eendr\u0103znea s\u0103 ating\u0103 moa\u015ftele murea pe loc, ca \u015fi cum ar fi fost tr\u0103snit; mai t\u00e2rziu acest am\u0103nunt a fost ascuns \u015fi martirii au continuat s\u0103 r\u0103m\u00e2n\u0103 \u00een pe\u015fter\u0103, dup\u0103 ce, la un moment dat, au \u00eenviat, &#8222;cu chipurile str\u0103lucitoare precum lumina soarelui&#8221; pentru a-l converti pe \u00eemp\u0103ratul Teodosiu al Constantinopolelui.<\/p>\n<p>Red\u0103m \u00eent\u00e2mplarea original\u0103 descris\u0103 cu cuvintele lui Paolo:<em> &#8222;Cred c\u0103 nu m\u0103 abat de la subiect dac\u0103 \u00eentrerup pentru o clip\u0103 ordinea cronologic\u0103 a faptelor \u2013 dar ned\u00e2ndu-i voie penei mele s\u0103 se \u00eendep\u0103rteze de Germania \u2013 pentru a istorisi despre o minune c\u00e2t se poate de vestit\u0103 aici, precum \u015fi despre alte lucruri pe care le voi spune pe scurt. <\/em><\/p>\n<p><em>La cap\u0103tul acestui P\u0103m\u00e2nt, undeva \u00eenspre Tramontana (Nord) se afl\u0103 o pe\u015fter\u0103 pe \u0163\u0103rmul oceanului deasupra c\u0103reia se \u00eenal\u0163\u0103 o st\u00e2nc\u0103 mare; \u00een acel loc, \u015fapte b\u0103rba\u0163i sunt cufunda\u0163i, nu se \u015ftie de c\u00e2nd, \u00eentr-un somn ad\u00e2nc \u015fi acei oameni au trupurile \u015fi ve\u015fmintele lor neatinse de stric\u0103ciune (lucru care ne face s\u0103 ne minun\u0103m dac\u0103 ne g\u00e2ndim la timpul foarte lung de c\u00e2nd se afl\u0103 ei acolo), iar neciopli\u0163ii \u015fi barbarii locuitori ai acelor meleaguri fac din acei oameni obiect de venera\u0163ie. <\/em><\/p>\n<p><em>Acei oameni care dorm acolo par a fi, judec\u00e2nd dup\u0103 \u00eenf\u0103\u0163i\u015farea lor, romani, \u00eentr-o bun\u0103 zi cineva a vrut, \u00een l\u0103comia lui, s\u0103-l despoaie pe unul din acei oameni; dar numaidec\u00e2t, a\u015fa cum se spune, bra\u0163ele iau luat foc \u015fi asemenea pedeaps\u0103 i-a \u00eenfrico\u015fat at\u00e2t de mult pe ceilal\u0163i \u00eenc\u00e2t nimeni n-a mai cutezat s\u0103-i ating\u0103 pe acei oameni. <\/em><\/p>\n<p><em>\u015ei dup\u0103 c\u00e2t se crede, asemenea paz\u0103 divin\u0103 va face a\u015fa \u00eenc\u00e2t oamenii aceia s\u0103 se p\u0103streze a\u015fa cum sunt mult\u0103 vreme de acum \u00eencolo; adic\u0103 p\u00e2n\u0103 \u00een ziua \u00een care trezindu-se ei din somn \u015fi fiind de felul lor cre\u015ftini vor ajuta prin cuv\u00e2ntul lor la m\u00e2ntuirea locuitorilor acelor meleaguri\u201d.<\/em><\/p>\n<p>\u00cent\u00e2mplarea cu pricina este men\u0163ionat\u0103 \u015fi \u00een Coran.<\/p>\n","protected":false},"excerpt":{"rendered":"<p>\u00cen &#8222;Historia Langobardorum&#8221; a diaconului Paolo se poveste\u015fte despre \u015fapte fiin\u0163e misterioase care \u00ee\u015fi dorm somnul de veci t\u0103inuite \u00eentr-o pe\u015fter\u0103 din Efes, considerate a fi ni\u015fte martiri cre\u015ftini, dar \u00eembr\u0103cate \u00een chip de romani din vechime, ale c\u0103ror corpuri &#8230; <\/p>\n<p class=\"read-more-container\"><a title=\"Legenda misterioas\u0103 a celor 7 oameni dintr-o pe\u015fter\u0103 din Efes&#8230; cum au putut ei s\u0103 doarm\u0103 timp de 400 de ani!?\" class=\"read-more button\" href=\"https:\/\/www.lovendal.ro\/wp52\/legenda-misterioasa-a-celor-7-oameni-dintr-o-pestera-din-efes-cum-au-putut-ei-sa-doarma-timp-de-400-de-ani\/#more-72980\" aria-label=\"Cite\u0219te mai multe despre Legenda misterioas\u0103 a celor 7 oameni dintr-o pe\u015fter\u0103 din Efes&#8230; cum au putut ei s\u0103 doarm\u0103 timp de 400 de ani!?\">Cititi mai multe<\/a><\/p>\n","protected":false},"author":1,"featured_media":72981,"comment_status":"open","ping_status":"open","sticky":false,"template":"","format":"standard","meta":{"footnotes":""},"categories":[14],"tags":[829,5085,6304,949,295,1611,9796,7203,2890,925,1205,1014],"class_list":["post-72980","post","type-post","status-publish","format-standard","has-post-thumbnail","hentry","category-paranormal-spiritualitate","tag-constantinopol","tag-crestini","tag-efes","tag-foc","tag-imparat","tag-moaste","tag-paranormal-spiritualitate","tag-pedeapsa","tag-pestera","tag-somn","tag-stanca","tag-trup","resize-featured-image"],"yoast_head":"<!-- This site is optimized with the Yoast SEO Premium plugin v23.3 (Yoast SEO v27.4) - https:\/\/yoast.com\/product\/yoast-seo-premium-wordpress\/ -->\n<title>Legenda misterioas\u0103 a celor 7 oameni dintr-o pe\u015fter\u0103 din Efes... cum au putut ei s\u0103 doarm\u0103 timp de 400 de ani!? - Secretele lui Lovendal<\/title>\n<meta name=\"robots\" content=\"index, follow, max-snippet:-1, max-image-preview:large, max-video-preview:-1\" \/>\n<link rel=\"canonical\" href=\"https:\/\/www.lovendal.ro\/wp52\/legenda-misterioasa-a-celor-7-oameni-dintr-o-pestera-din-efes-cum-au-putut-ei-sa-doarma-timp-de-400-de-ani\/\" \/>\n<meta property=\"og:locale\" content=\"ro_RO\" \/>\n<meta property=\"og:type\" content=\"article\" \/>\n<meta property=\"og:title\" content=\"Legenda misterioas\u0103 a celor 7 oameni dintr-o pe\u015fter\u0103 din Efes... cum au putut ei s\u0103 doarm\u0103 timp de 400 de ani!?\" \/>\n<meta property=\"og:description\" content=\"\u00cen &#8222;Historia Langobardorum&#8221; a diaconului Paolo se poveste\u015fte despre \u015fapte fiin\u0163e misterioase care \u00ee\u015fi dorm somnul de veci t\u0103inuite \u00eentr-o pe\u015fter\u0103 din Efes, considerate a fi ni\u015fte martiri cre\u015ftini, dar \u00eembr\u0103cate \u00een chip de romani din vechime, ale c\u0103ror corpuri ... Cititi mai multe\" \/>\n<meta property=\"og:url\" content=\"https:\/\/www.lovendal.ro\/wp52\/legenda-misterioasa-a-celor-7-oameni-dintr-o-pestera-din-efes-cum-au-putut-ei-sa-doarma-timp-de-400-de-ani\/\" \/>\n<meta property=\"og:site_name\" content=\"Secretele lui Lovendal\" \/>\n<meta property=\"article:publisher\" content=\"https:\/\/www.facebook.com\/secreteleluilovendal\" \/>\n<meta property=\"article:published_time\" content=\"2021-01-02T06:49:17+00:00\" \/>\n<meta property=\"og:image\" content=\"https:\/\/www.lovendal.ro\/wp52\/wp-content\/uploads\/2021\/01\/cei-7-adormiti-pestera-Efes.jpg\" \/>\n\t<meta property=\"og:image:width\" content=\"347\" \/>\n\t<meta property=\"og:image:height\" content=\"279\" \/>\n\t<meta property=\"og:image:type\" content=\"image\/jpeg\" \/>\n<meta name=\"author\" content=\"admin\" \/>\n<meta name=\"twitter:card\" content=\"summary_large_image\" \/>\n<meta name=\"twitter:label1\" content=\"Scris de\" \/>\n\t<meta name=\"twitter:data1\" content=\"admin\" \/>\n\t<meta name=\"twitter:label2\" content=\"Timp estimat pentru citire\" \/>\n\t<meta name=\"twitter:data2\" content=\"2 minute\" \/>\n<script type=\"application\/ld+json\" class=\"yoast-schema-graph\">{\"@context\":\"https:\\\/\\\/schema.org\",\"@graph\":[{\"@type\":\"Article\",\"@id\":\"https:\\\/\\\/www.lovendal.ro\\\/wp52\\\/legenda-misterioasa-a-celor-7-oameni-dintr-o-pestera-din-efes-cum-au-putut-ei-sa-doarma-timp-de-400-de-ani\\\/#article\",\"isPartOf\":{\"@id\":\"https:\\\/\\\/www.lovendal.ro\\\/wp52\\\/legenda-misterioasa-a-celor-7-oameni-dintr-o-pestera-din-efes-cum-au-putut-ei-sa-doarma-timp-de-400-de-ani\\\/\"},\"author\":{\"name\":\"admin\",\"@id\":\"https:\\\/\\\/www.lovendal.ro\\\/wp52\\\/#\\\/schema\\\/person\\\/088691de5dfc346bb0c023e1e52ef5d9\"},\"headline\":\"Legenda misterioas\u0103 a celor 7 oameni dintr-o pe\u015fter\u0103 din Efes&#8230; cum au putut ei s\u0103 doarm\u0103 timp de 400 de ani!?\",\"datePublished\":\"2021-01-02T06:49:17+00:00\",\"mainEntityOfPage\":{\"@id\":\"https:\\\/\\\/www.lovendal.ro\\\/wp52\\\/legenda-misterioasa-a-celor-7-oameni-dintr-o-pestera-din-efes-cum-au-putut-ei-sa-doarma-timp-de-400-de-ani\\\/\"},\"wordCount\":460,\"commentCount\":0,\"publisher\":{\"@id\":\"https:\\\/\\\/www.lovendal.ro\\\/wp52\\\/#organization\"},\"image\":{\"@id\":\"https:\\\/\\\/www.lovendal.ro\\\/wp52\\\/legenda-misterioasa-a-celor-7-oameni-dintr-o-pestera-din-efes-cum-au-putut-ei-sa-doarma-timp-de-400-de-ani\\\/#primaryimage\"},\"thumbnailUrl\":\"https:\\\/\\\/www.lovendal.ro\\\/wp52\\\/wp-content\\\/uploads\\\/2021\\\/01\\\/cei-7-adormiti-pestera-Efes.jpg\",\"keywords\":[\"Constantinopol\",\"cre\u015ftini\",\"Efes\",\"foc\",\"\u00eemp\u0103rat\",\"moa\u015fte\",\"Paranormal-Spiritualitate\",\"pedeaps\u0103\",\"pe\u015fter\u0103\",\"somn\",\"St\u00e2nca\",\"trup\"],\"articleSection\":[\"Paranormal-Spiritualitate\"],\"inLanguage\":\"ro-RO\",\"potentialAction\":[{\"@type\":\"CommentAction\",\"name\":\"Comment\",\"target\":[\"https:\\\/\\\/www.lovendal.ro\\\/wp52\\\/legenda-misterioasa-a-celor-7-oameni-dintr-o-pestera-din-efes-cum-au-putut-ei-sa-doarma-timp-de-400-de-ani\\\/#respond\"]}]},{\"@type\":\"WebPage\",\"@id\":\"https:\\\/\\\/www.lovendal.ro\\\/wp52\\\/legenda-misterioasa-a-celor-7-oameni-dintr-o-pestera-din-efes-cum-au-putut-ei-sa-doarma-timp-de-400-de-ani\\\/\",\"url\":\"https:\\\/\\\/www.lovendal.ro\\\/wp52\\\/legenda-misterioasa-a-celor-7-oameni-dintr-o-pestera-din-efes-cum-au-putut-ei-sa-doarma-timp-de-400-de-ani\\\/\",\"name\":\"Legenda misterioas\u0103 a celor 7 oameni dintr-o pe\u015fter\u0103 din Efes... cum au putut ei s\u0103 doarm\u0103 timp de 400 de ani!? - Secretele lui Lovendal\",\"isPartOf\":{\"@id\":\"https:\\\/\\\/www.lovendal.ro\\\/wp52\\\/#website\"},\"primaryImageOfPage\":{\"@id\":\"https:\\\/\\\/www.lovendal.ro\\\/wp52\\\/legenda-misterioasa-a-celor-7-oameni-dintr-o-pestera-din-efes-cum-au-putut-ei-sa-doarma-timp-de-400-de-ani\\\/#primaryimage\"},\"image\":{\"@id\":\"https:\\\/\\\/www.lovendal.ro\\\/wp52\\\/legenda-misterioasa-a-celor-7-oameni-dintr-o-pestera-din-efes-cum-au-putut-ei-sa-doarma-timp-de-400-de-ani\\\/#primaryimage\"},\"thumbnailUrl\":\"https:\\\/\\\/www.lovendal.ro\\\/wp52\\\/wp-content\\\/uploads\\\/2021\\\/01\\\/cei-7-adormiti-pestera-Efes.jpg\",\"datePublished\":\"2021-01-02T06:49:17+00:00\",\"breadcrumb\":{\"@id\":\"https:\\\/\\\/www.lovendal.ro\\\/wp52\\\/legenda-misterioasa-a-celor-7-oameni-dintr-o-pestera-din-efes-cum-au-putut-ei-sa-doarma-timp-de-400-de-ani\\\/#breadcrumb\"},\"inLanguage\":\"ro-RO\",\"potentialAction\":[{\"@type\":\"ReadAction\",\"target\":[\"https:\\\/\\\/www.lovendal.ro\\\/wp52\\\/legenda-misterioasa-a-celor-7-oameni-dintr-o-pestera-din-efes-cum-au-putut-ei-sa-doarma-timp-de-400-de-ani\\\/\"]}]},{\"@type\":\"ImageObject\",\"inLanguage\":\"ro-RO\",\"@id\":\"https:\\\/\\\/www.lovendal.ro\\\/wp52\\\/legenda-misterioasa-a-celor-7-oameni-dintr-o-pestera-din-efes-cum-au-putut-ei-sa-doarma-timp-de-400-de-ani\\\/#primaryimage\",\"url\":\"https:\\\/\\\/www.lovendal.ro\\\/wp52\\\/wp-content\\\/uploads\\\/2021\\\/01\\\/cei-7-adormiti-pestera-Efes.jpg\",\"contentUrl\":\"https:\\\/\\\/www.lovendal.ro\\\/wp52\\\/wp-content\\\/uploads\\\/2021\\\/01\\\/cei-7-adormiti-pestera-Efes.jpg\",\"width\":347,\"height\":279},{\"@type\":\"BreadcrumbList\",\"@id\":\"https:\\\/\\\/www.lovendal.ro\\\/wp52\\\/legenda-misterioasa-a-celor-7-oameni-dintr-o-pestera-din-efes-cum-au-putut-ei-sa-doarma-timp-de-400-de-ani\\\/#breadcrumb\",\"itemListElement\":[{\"@type\":\"ListItem\",\"position\":1,\"name\":\"Home\",\"item\":\"https:\\\/\\\/www.lovendal.ro\\\/wp52\\\/\"},{\"@type\":\"ListItem\",\"position\":2,\"name\":\"Legenda misterioas\u0103 a celor 7 oameni dintr-o pe\u015fter\u0103 din Efes&#8230; cum au putut ei s\u0103 doarm\u0103 timp de 400 de ani!?\"}]},{\"@type\":\"WebSite\",\"@id\":\"https:\\\/\\\/www.lovendal.ro\\\/wp52\\\/#website\",\"url\":\"https:\\\/\\\/www.lovendal.ro\\\/wp52\\\/\",\"name\":\"Secretele lui Lovendal\",\"description\":\"Site de secrete, stiinta si metafizica - din 2008 -\",\"publisher\":{\"@id\":\"https:\\\/\\\/www.lovendal.ro\\\/wp52\\\/#organization\"},\"potentialAction\":[{\"@type\":\"SearchAction\",\"target\":{\"@type\":\"EntryPoint\",\"urlTemplate\":\"https:\\\/\\\/www.lovendal.ro\\\/wp52\\\/?s={search_term_string}\"},\"query-input\":{\"@type\":\"PropertyValueSpecification\",\"valueRequired\":true,\"valueName\":\"search_term_string\"}}],\"inLanguage\":\"ro-RO\"},{\"@type\":\"Organization\",\"@id\":\"https:\\\/\\\/www.lovendal.ro\\\/wp52\\\/#organization\",\"name\":\"Secretele lui Lovendal\",\"url\":\"https:\\\/\\\/www.lovendal.ro\\\/wp52\\\/\",\"logo\":{\"@type\":\"ImageObject\",\"inLanguage\":\"ro-RO\",\"@id\":\"https:\\\/\\\/www.lovendal.ro\\\/wp52\\\/#\\\/schema\\\/logo\\\/image\\\/\",\"url\":\"https:\\\/\\\/www.lovendal.ro\\\/wp52\\\/wp-content\\\/uploads\\\/2024\\\/06\\\/cropped-SLL-iun-2024-1.jpg\",\"contentUrl\":\"https:\\\/\\\/www.lovendal.ro\\\/wp52\\\/wp-content\\\/uploads\\\/2024\\\/06\\\/cropped-SLL-iun-2024-1.jpg\",\"width\":771,\"height\":240,\"caption\":\"Secretele lui Lovendal\"},\"image\":{\"@id\":\"https:\\\/\\\/www.lovendal.ro\\\/wp52\\\/#\\\/schema\\\/logo\\\/image\\\/\"},\"sameAs\":[\"https:\\\/\\\/www.facebook.com\\\/secreteleluilovendal\"]},{\"@type\":\"Person\",\"@id\":\"https:\\\/\\\/www.lovendal.ro\\\/wp52\\\/#\\\/schema\\\/person\\\/088691de5dfc346bb0c023e1e52ef5d9\",\"name\":\"admin\",\"image\":{\"@type\":\"ImageObject\",\"inLanguage\":\"ro-RO\",\"@id\":\"https:\\\/\\\/secure.gravatar.com\\\/avatar\\\/ecb9cd41f5f63c9c9b989999a59f6e2639a865ec361e9db054db0679a8f341c2?s=96&d=mm&r=g\",\"url\":\"https:\\\/\\\/secure.gravatar.com\\\/avatar\\\/ecb9cd41f5f63c9c9b989999a59f6e2639a865ec361e9db054db0679a8f341c2?s=96&d=mm&r=g\",\"contentUrl\":\"https:\\\/\\\/secure.gravatar.com\\\/avatar\\\/ecb9cd41f5f63c9c9b989999a59f6e2639a865ec361e9db054db0679a8f341c2?s=96&d=mm&r=g\",\"caption\":\"admin\"},\"sameAs\":[\"https:\\\/\\\/www.lovendal.ro\\\/wp52\"]}]}<\/script>\n<!-- \/ Yoast SEO Premium plugin. -->","yoast_head_json":{"title":"Legenda misterioas\u0103 a celor 7 oameni dintr-o pe\u015fter\u0103 din Efes... cum au putut ei s\u0103 doarm\u0103 timp de 400 de ani!? - Secretele lui Lovendal","robots":{"index":"index","follow":"follow","max-snippet":"max-snippet:-1","max-image-preview":"max-image-preview:large","max-video-preview":"max-video-preview:-1"},"canonical":"https:\/\/www.lovendal.ro\/wp52\/legenda-misterioasa-a-celor-7-oameni-dintr-o-pestera-din-efes-cum-au-putut-ei-sa-doarma-timp-de-400-de-ani\/","og_locale":"ro_RO","og_type":"article","og_title":"Legenda misterioas\u0103 a celor 7 oameni dintr-o pe\u015fter\u0103 din Efes... cum au putut ei s\u0103 doarm\u0103 timp de 400 de ani!?","og_description":"\u00cen &#8222;Historia Langobardorum&#8221; a diaconului Paolo se poveste\u015fte despre \u015fapte fiin\u0163e misterioase care \u00ee\u015fi dorm somnul de veci t\u0103inuite \u00eentr-o pe\u015fter\u0103 din Efes, considerate a fi ni\u015fte martiri cre\u015ftini, dar \u00eembr\u0103cate \u00een chip de romani din vechime, ale c\u0103ror corpuri ... Cititi mai multe","og_url":"https:\/\/www.lovendal.ro\/wp52\/legenda-misterioasa-a-celor-7-oameni-dintr-o-pestera-din-efes-cum-au-putut-ei-sa-doarma-timp-de-400-de-ani\/","og_site_name":"Secretele lui Lovendal","article_publisher":"https:\/\/www.facebook.com\/secreteleluilovendal","article_published_time":"2021-01-02T06:49:17+00:00","og_image":[{"width":347,"height":279,"url":"https:\/\/www.lovendal.ro\/wp52\/wp-content\/uploads\/2021\/01\/cei-7-adormiti-pestera-Efes.jpg","type":"image\/jpeg"}],"author":"admin","twitter_card":"summary_large_image","twitter_misc":{"Scris de":"admin","Timp estimat pentru citire":"2 minute"},"schema":{"@context":"https:\/\/schema.org","@graph":[{"@type":"Article","@id":"https:\/\/www.lovendal.ro\/wp52\/legenda-misterioasa-a-celor-7-oameni-dintr-o-pestera-din-efes-cum-au-putut-ei-sa-doarma-timp-de-400-de-ani\/#article","isPartOf":{"@id":"https:\/\/www.lovendal.ro\/wp52\/legenda-misterioasa-a-celor-7-oameni-dintr-o-pestera-din-efes-cum-au-putut-ei-sa-doarma-timp-de-400-de-ani\/"},"author":{"name":"admin","@id":"https:\/\/www.lovendal.ro\/wp52\/#\/schema\/person\/088691de5dfc346bb0c023e1e52ef5d9"},"headline":"Legenda misterioas\u0103 a celor 7 oameni dintr-o pe\u015fter\u0103 din Efes&#8230; cum au putut ei s\u0103 doarm\u0103 timp de 400 de ani!?","datePublished":"2021-01-02T06:49:17+00:00","mainEntityOfPage":{"@id":"https:\/\/www.lovendal.ro\/wp52\/legenda-misterioasa-a-celor-7-oameni-dintr-o-pestera-din-efes-cum-au-putut-ei-sa-doarma-timp-de-400-de-ani\/"},"wordCount":460,"commentCount":0,"publisher":{"@id":"https:\/\/www.lovendal.ro\/wp52\/#organization"},"image":{"@id":"https:\/\/www.lovendal.ro\/wp52\/legenda-misterioasa-a-celor-7-oameni-dintr-o-pestera-din-efes-cum-au-putut-ei-sa-doarma-timp-de-400-de-ani\/#primaryimage"},"thumbnailUrl":"https:\/\/www.lovendal.ro\/wp52\/wp-content\/uploads\/2021\/01\/cei-7-adormiti-pestera-Efes.jpg","keywords":["Constantinopol","cre\u015ftini","Efes","foc","\u00eemp\u0103rat","moa\u015fte","Paranormal-Spiritualitate","pedeaps\u0103","pe\u015fter\u0103","somn","St\u00e2nca","trup"],"articleSection":["Paranormal-Spiritualitate"],"inLanguage":"ro-RO","potentialAction":[{"@type":"CommentAction","name":"Comment","target":["https:\/\/www.lovendal.ro\/wp52\/legenda-misterioasa-a-celor-7-oameni-dintr-o-pestera-din-efes-cum-au-putut-ei-sa-doarma-timp-de-400-de-ani\/#respond"]}]},{"@type":"WebPage","@id":"https:\/\/www.lovendal.ro\/wp52\/legenda-misterioasa-a-celor-7-oameni-dintr-o-pestera-din-efes-cum-au-putut-ei-sa-doarma-timp-de-400-de-ani\/","url":"https:\/\/www.lovendal.ro\/wp52\/legenda-misterioasa-a-celor-7-oameni-dintr-o-pestera-din-efes-cum-au-putut-ei-sa-doarma-timp-de-400-de-ani\/","name":"Legenda misterioas\u0103 a celor 7 oameni dintr-o pe\u015fter\u0103 din Efes... cum au putut ei s\u0103 doarm\u0103 timp de 400 de ani!? - Secretele lui Lovendal","isPartOf":{"@id":"https:\/\/www.lovendal.ro\/wp52\/#website"},"primaryImageOfPage":{"@id":"https:\/\/www.lovendal.ro\/wp52\/legenda-misterioasa-a-celor-7-oameni-dintr-o-pestera-din-efes-cum-au-putut-ei-sa-doarma-timp-de-400-de-ani\/#primaryimage"},"image":{"@id":"https:\/\/www.lovendal.ro\/wp52\/legenda-misterioasa-a-celor-7-oameni-dintr-o-pestera-din-efes-cum-au-putut-ei-sa-doarma-timp-de-400-de-ani\/#primaryimage"},"thumbnailUrl":"https:\/\/www.lovendal.ro\/wp52\/wp-content\/uploads\/2021\/01\/cei-7-adormiti-pestera-Efes.jpg","datePublished":"2021-01-02T06:49:17+00:00","breadcrumb":{"@id":"https:\/\/www.lovendal.ro\/wp52\/legenda-misterioasa-a-celor-7-oameni-dintr-o-pestera-din-efes-cum-au-putut-ei-sa-doarma-timp-de-400-de-ani\/#breadcrumb"},"inLanguage":"ro-RO","potentialAction":[{"@type":"ReadAction","target":["https:\/\/www.lovendal.ro\/wp52\/legenda-misterioasa-a-celor-7-oameni-dintr-o-pestera-din-efes-cum-au-putut-ei-sa-doarma-timp-de-400-de-ani\/"]}]},{"@type":"ImageObject","inLanguage":"ro-RO","@id":"https:\/\/www.lovendal.ro\/wp52\/legenda-misterioasa-a-celor-7-oameni-dintr-o-pestera-din-efes-cum-au-putut-ei-sa-doarma-timp-de-400-de-ani\/#primaryimage","url":"https:\/\/www.lovendal.ro\/wp52\/wp-content\/uploads\/2021\/01\/cei-7-adormiti-pestera-Efes.jpg","contentUrl":"https:\/\/www.lovendal.ro\/wp52\/wp-content\/uploads\/2021\/01\/cei-7-adormiti-pestera-Efes.jpg","width":347,"height":279},{"@type":"BreadcrumbList","@id":"https:\/\/www.lovendal.ro\/wp52\/legenda-misterioasa-a-celor-7-oameni-dintr-o-pestera-din-efes-cum-au-putut-ei-sa-doarma-timp-de-400-de-ani\/#breadcrumb","itemListElement":[{"@type":"ListItem","position":1,"name":"Home","item":"https:\/\/www.lovendal.ro\/wp52\/"},{"@type":"ListItem","position":2,"name":"Legenda misterioas\u0103 a celor 7 oameni dintr-o pe\u015fter\u0103 din Efes&#8230; cum au putut ei s\u0103 doarm\u0103 timp de 400 de ani!?"}]},{"@type":"WebSite","@id":"https:\/\/www.lovendal.ro\/wp52\/#website","url":"https:\/\/www.lovendal.ro\/wp52\/","name":"Secretele lui Lovendal","description":"Site de secrete, stiinta si metafizica - din 2008 -","publisher":{"@id":"https:\/\/www.lovendal.ro\/wp52\/#organization"},"potentialAction":[{"@type":"SearchAction","target":{"@type":"EntryPoint","urlTemplate":"https:\/\/www.lovendal.ro\/wp52\/?s={search_term_string}"},"query-input":{"@type":"PropertyValueSpecification","valueRequired":true,"valueName":"search_term_string"}}],"inLanguage":"ro-RO"},{"@type":"Organization","@id":"https:\/\/www.lovendal.ro\/wp52\/#organization","name":"Secretele lui Lovendal","url":"https:\/\/www.lovendal.ro\/wp52\/","logo":{"@type":"ImageObject","inLanguage":"ro-RO","@id":"https:\/\/www.lovendal.ro\/wp52\/#\/schema\/logo\/image\/","url":"https:\/\/www.lovendal.ro\/wp52\/wp-content\/uploads\/2024\/06\/cropped-SLL-iun-2024-1.jpg","contentUrl":"https:\/\/www.lovendal.ro\/wp52\/wp-content\/uploads\/2024\/06\/cropped-SLL-iun-2024-1.jpg","width":771,"height":240,"caption":"Secretele lui Lovendal"},"image":{"@id":"https:\/\/www.lovendal.ro\/wp52\/#\/schema\/logo\/image\/"},"sameAs":["https:\/\/www.facebook.com\/secreteleluilovendal"]},{"@type":"Person","@id":"https:\/\/www.lovendal.ro\/wp52\/#\/schema\/person\/088691de5dfc346bb0c023e1e52ef5d9","name":"admin","image":{"@type":"ImageObject","inLanguage":"ro-RO","@id":"https:\/\/secure.gravatar.com\/avatar\/ecb9cd41f5f63c9c9b989999a59f6e2639a865ec361e9db054db0679a8f341c2?s=96&d=mm&r=g","url":"https:\/\/secure.gravatar.com\/avatar\/ecb9cd41f5f63c9c9b989999a59f6e2639a865ec361e9db054db0679a8f341c2?s=96&d=mm&r=g","contentUrl":"https:\/\/secure.gravatar.com\/avatar\/ecb9cd41f5f63c9c9b989999a59f6e2639a865ec361e9db054db0679a8f341c2?s=96&d=mm&r=g","caption":"admin"},"sameAs":["https:\/\/www.lovendal.ro\/wp52"]}]}},"_links":{"self":[{"href":"https:\/\/www.lovendal.ro\/wp52\/wp-json\/wp\/v2\/posts\/72980","targetHints":{"allow":["GET"]}}],"collection":[{"href":"https:\/\/www.lovendal.ro\/wp52\/wp-json\/wp\/v2\/posts"}],"about":[{"href":"https:\/\/www.lovendal.ro\/wp52\/wp-json\/wp\/v2\/types\/post"}],"author":[{"embeddable":true,"href":"https:\/\/www.lovendal.ro\/wp52\/wp-json\/wp\/v2\/users\/1"}],"replies":[{"embeddable":true,"href":"https:\/\/www.lovendal.ro\/wp52\/wp-json\/wp\/v2\/comments?post=72980"}],"version-history":[{"count":0,"href":"https:\/\/www.lovendal.ro\/wp52\/wp-json\/wp\/v2\/posts\/72980\/revisions"}],"wp:featuredmedia":[{"embeddable":true,"href":"https:\/\/www.lovendal.ro\/wp52\/wp-json\/wp\/v2\/media\/72981"}],"wp:attachment":[{"href":"https:\/\/www.lovendal.ro\/wp52\/wp-json\/wp\/v2\/media?parent=72980"}],"wp:term":[{"taxonomy":"category","embeddable":true,"href":"https:\/\/www.lovendal.ro\/wp52\/wp-json\/wp\/v2\/categories?post=72980"},{"taxonomy":"post_tag","embeddable":true,"href":"https:\/\/www.lovendal.ro\/wp52\/wp-json\/wp\/v2\/tags?post=72980"}],"curies":[{"name":"wp","href":"https:\/\/api.w.org\/{rel}","templated":true}]}}