{"id":72977,"date":"2021-01-02T09:15:29","date_gmt":"2021-01-02T07:15:29","guid":{"rendered":"https:\/\/www.lovendal.ro\/wp52\/?p=72977"},"modified":"2024-07-07T18:26:05","modified_gmt":"2024-07-07T15:26:05","slug":"cum-s-a-intalnit-sf-anton-in-desert-cu-o-creatura-extraterestra-de-unde-venea","status":"publish","type":"post","link":"https:\/\/www.lovendal.ro\/wp52\/cum-s-a-intalnit-sf-anton-in-desert-cu-o-creatura-extraterestra-de-unde-venea\/","title":{"rendered":"Cum s-a \u00eent\u00e2lnit Sf. Anton \u00een de\u015fert cu o &#8222;creatur\u0103 extraterestr\u0103&#8221;&#8230;. De unde venea?"},"content":{"rendered":"<p><a href=\"https:\/\/www.lovendal.ro\/wp52\/wp-content\/uploads\/2021\/01\/Sf-Anton.jpg\"><img loading=\"lazy\" decoding=\"async\" class=\"alignleft size-full wp-image-72983\" src=\"https:\/\/www.lovendal.ro\/wp52\/wp-content\/uploads\/2021\/01\/Sf-Anton.jpg\" alt=\"\" width=\"341\" height=\"291\" srcset=\"https:\/\/www.lovendal.ro\/wp52\/wp-content\/uploads\/2021\/01\/Sf-Anton.jpg 341w, https:\/\/www.lovendal.ro\/wp52\/wp-content\/uploads\/2021\/01\/Sf-Anton-300x256.jpg 300w\" sizes=\"auto, (max-width: 341px) 100vw, 341px\" \/><\/a>Sf. Anton este \u00eentemeietorul monahismului cre\u015ftin, care a tr\u0103it \u00een secolul al IV-lea d.Hr. \u00centr-o hagiografie medieval\u0103 anonim\u0103 dedicat\u0103 sf\u00e2ntului egiptean, \u00een timpul medita\u0163iilor lui \u00een pustiu, Sf. Anton s-ar fi \u00eent\u00e2lnit cu o f\u0103ptur\u0103 ciudat\u0103, mic\u0103 de statur\u0103.<\/p>\n<p>Cronica relateaz\u0103 urm\u0103toarele: <em>&#8222;\u00centr-o v\u00e2lcea st\u00e2ncoas\u0103 \u00eenchis\u0103 din toate p\u0103r\u0163ile, a v\u0103zut un pitic pocit la fa\u0163\u0103, cu coarne \u015fi cu picioarele bifurcate aidoma caprelor. La vederea acelei f\u0103pturi, Antonio, ca un bun o\u015ftean al Domnului ce era, s-a \u00eenarmat cu scutul credin\u0163ei \u015fi cu coiful speran\u0163ei; dar creatura aceea i-a oferit fructul pe care-l avea \u00een palm\u0103 pentru a-i servi drept hran\u0103 la drum, precum \u015fi ca semn de pace.<\/em><\/p>\n<p><em>V\u0103z\u00e2nd aceasta, Antonio s-a oprit \u015fi a \u00eentrebat-o pe acea f\u0103ptur\u0103 cine era. \u015ei a primit r\u0103spunsul urm\u0103tor: \u201eSunt o f\u0103ptur\u0103 muritoare, unul din locuitorii De\u015fertului, c\u0103rora P\u0103g\u00e2nii le-au f\u0103cut nedreptatea de a-i numi \u00een fel \u015fi chip, ca de pild\u0103 fauni, satiri \u015fi co\u015fmaruri. Eu am fost trimis aici \u00een chip de reprezentat al tribului meu. V\u0103 rug\u0103m s\u0103 ob\u0163ine\u0163i pentru noi mila St\u0103p\u00e2nului vostru \u015fi al nostru care, a\u015fa cum am aflat, a venit \u00eentr-o bun\u0103 zi s\u0103 m\u00e2ntuiasc\u0103 lumea \u015fi al c\u0103rui glas a r\u0103sunat pe tot p\u0103m\u00e2ntul\u201d.<\/em><\/p>\n<p><em>\u00cen timp ce satirul rostea aceste cuvinte, pe obrajii b\u0103tr\u00e2nului drume\u0163 (Sf. Antonio) au prins a curge lacrimile, dovad\u0103 a emo\u0163iei sale deosebite \u015fi a bucuriei pe care o \u00eencerca. El se bucura pentru slava lui Hristos \u015fi pentru nimicirea Satanei \u015fi se minuna c\u0103 putuse \u00een\u0163elege \u00een tot acel timp graiul satirului \u015fi lovind p\u0103m\u00e2ntul cu toiagul a spus: \u201eVai \u015fi amar de tine Alexandrie, care \u00een loc s\u0103-l sl\u0103ve\u015fti pe Dumnezeu i-ai sl\u0103vit pe ni\u015fte mon\u015ftri! Vai \u015fi amar de tine, ora\u015f al prostituatelor \u00een care \u00ee\u015fi dau \u00eent\u00e2lnire to\u0163i demonii din lume. Ce mai ave\u0163i de spus acum? Voi, animale, care mai vorbi\u0163i de Hristos, voi care \u00een ioc s\u0103-l sl\u0103vi\u0163i pe Dumnezeu \u00eei sl\u0103vi\u0163i pe ni\u015fte mon\u015ftri\u2026\u201d<\/em><\/p>\n<p><em>Nici nu terminase bine de vorbit c\u0103 f\u0103ptura aceea s\u0103lbatic\u0103 \u015fi disp\u0103ruse ca \u015fi cum ar fi avut aripi. Nu cread\u0103 nimeni \u00een aceast\u0103 \u00eent\u00e2mplare de nu vrea; dar adev\u0103rul ei a fost dovedit \u015fi de cele \u00eent\u00e2mplate \u00een timpul domniei lui Constantin, un eveniment la care a fost martor\u0103 o lume \u00eentreag\u0103. \u015ei anume o f\u0103ptur\u0103 din acel soi a fost adus\u0103 vie la Alexandria \u015fi ar\u0103tat\u0103 lumii ca pe ceva nemaipomenit. Mai apoi, dup\u0103 ce a murit, pentru ca le\u015ful s\u0103 nu-i putrezeasc\u0103 din cauza c\u0103ldurii, i-a fost pus \u00een sare \u015fi dus la Aritiohia pentru ca \u00eemp\u0103ratul s\u0103-l poat\u0103 vedea\u201d\u201e.<\/em><\/p>\n","protected":false},"excerpt":{"rendered":"<p>Sf. Anton este \u00eentemeietorul monahismului cre\u015ftin, care a tr\u0103it \u00een secolul al IV-lea d.Hr. \u00centr-o hagiografie medieval\u0103 anonim\u0103 dedicat\u0103 sf\u00e2ntului egiptean, \u00een timpul medita\u0163iilor lui \u00een pustiu, Sf. Anton s-ar fi \u00eent\u00e2lnit cu o f\u0103ptur\u0103 ciudat\u0103, mic\u0103 de statur\u0103. Cronica &#8230; <\/p>\n<p class=\"read-more-container\"><a title=\"Cum s-a \u00eent\u00e2lnit Sf. Anton \u00een de\u015fert cu o &#8222;creatur\u0103 extraterestr\u0103&#8221;&#8230;. De unde venea?\" class=\"read-more button\" href=\"https:\/\/www.lovendal.ro\/wp52\/cum-s-a-intalnit-sf-anton-in-desert-cu-o-creatura-extraterestra-de-unde-venea\/#more-72977\" aria-label=\"Cite\u0219te mai multe despre Cum s-a \u00eent\u00e2lnit Sf. Anton \u00een de\u015fert cu o &#8222;creatur\u0103 extraterestr\u0103&#8221;&#8230;. De unde venea?\">Cititi mai multe<\/a><\/p>\n","protected":false},"author":1,"featured_media":72983,"comment_status":"open","ping_status":"open","sticky":false,"template":"","format":"standard","meta":{"footnotes":""},"categories":[14],"tags":[1772,10726,1922,983,323,16248,295,3334,1525,13590,9796,750,3436,337,5720],"class_list":["post-72977","post","type-post","status-publish","format-standard","has-post-thumbnail","hentry","category-paranormal-spiritualitate","tag-alexandria","tag-capre","tag-demoni","tag-desert","tag-dumnezeu","tag-fruct","tag-imparat","tag-meditatie","tag-monstri","tag-pagani","tag-paranormal-spiritualitate","tag-satana","tag-sf-anton","tag-sfant","tag-tribut","resize-featured-image"],"yoast_head":"<!-- This site is optimized with the Yoast SEO Premium plugin v23.3 (Yoast SEO v27.4) - https:\/\/yoast.com\/product\/yoast-seo-premium-wordpress\/ -->\n<title>Cum s-a \u00eent\u00e2lnit Sf. Anton \u00een de\u015fert cu o &quot;creatur\u0103 extraterestr\u0103&quot;.... De unde venea? - Secretele lui Lovendal<\/title>\n<meta name=\"robots\" content=\"index, follow, max-snippet:-1, max-image-preview:large, max-video-preview:-1\" \/>\n<link rel=\"canonical\" href=\"https:\/\/www.lovendal.ro\/wp52\/cum-s-a-intalnit-sf-anton-in-desert-cu-o-creatura-extraterestra-de-unde-venea\/\" \/>\n<meta property=\"og:locale\" content=\"ro_RO\" \/>\n<meta property=\"og:type\" content=\"article\" \/>\n<meta property=\"og:title\" content=\"Cum s-a \u00eent\u00e2lnit Sf. Anton \u00een de\u015fert cu o &quot;creatur\u0103 extraterestr\u0103&quot;.... De unde venea?\" \/>\n<meta property=\"og:description\" content=\"Sf. Anton este \u00eentemeietorul monahismului cre\u015ftin, care a tr\u0103it \u00een secolul al IV-lea d.Hr. \u00centr-o hagiografie medieval\u0103 anonim\u0103 dedicat\u0103 sf\u00e2ntului egiptean, \u00een timpul medita\u0163iilor lui \u00een pustiu, Sf. Anton s-ar fi \u00eent\u00e2lnit cu o f\u0103ptur\u0103 ciudat\u0103, mic\u0103 de statur\u0103. Cronica ... Cititi mai multe\" \/>\n<meta property=\"og:url\" content=\"https:\/\/www.lovendal.ro\/wp52\/cum-s-a-intalnit-sf-anton-in-desert-cu-o-creatura-extraterestra-de-unde-venea\/\" \/>\n<meta property=\"og:site_name\" content=\"Secretele lui Lovendal\" \/>\n<meta property=\"article:publisher\" content=\"https:\/\/www.facebook.com\/secreteleluilovendal\" \/>\n<meta property=\"article:published_time\" content=\"2021-01-02T07:15:29+00:00\" \/>\n<meta property=\"article:modified_time\" content=\"2024-07-07T15:26:05+00:00\" \/>\n<meta property=\"og:image\" content=\"https:\/\/www.lovendal.ro\/wp52\/wp-content\/uploads\/2021\/01\/Sf-Anton.jpg\" \/>\n\t<meta property=\"og:image:width\" content=\"341\" \/>\n\t<meta property=\"og:image:height\" content=\"291\" \/>\n\t<meta property=\"og:image:type\" content=\"image\/jpeg\" \/>\n<meta name=\"author\" content=\"admin\" \/>\n<meta name=\"twitter:card\" content=\"summary_large_image\" \/>\n<meta name=\"twitter:label1\" content=\"Scris de\" \/>\n\t<meta name=\"twitter:data1\" content=\"admin\" \/>\n\t<meta name=\"twitter:label2\" content=\"Timp estimat pentru citire\" \/>\n\t<meta name=\"twitter:data2\" content=\"3 minute\" \/>\n<script type=\"application\/ld+json\" class=\"yoast-schema-graph\">{\"@context\":\"https:\\\/\\\/schema.org\",\"@graph\":[{\"@type\":\"Article\",\"@id\":\"https:\\\/\\\/www.lovendal.ro\\\/wp52\\\/cum-s-a-intalnit-sf-anton-in-desert-cu-o-creatura-extraterestra-de-unde-venea\\\/#article\",\"isPartOf\":{\"@id\":\"https:\\\/\\\/www.lovendal.ro\\\/wp52\\\/cum-s-a-intalnit-sf-anton-in-desert-cu-o-creatura-extraterestra-de-unde-venea\\\/\"},\"author\":{\"name\":\"admin\",\"@id\":\"https:\\\/\\\/www.lovendal.ro\\\/wp52\\\/#\\\/schema\\\/person\\\/088691de5dfc346bb0c023e1e52ef5d9\"},\"headline\":\"Cum s-a \u00eent\u00e2lnit Sf. Anton \u00een de\u015fert cu o &#8222;creatur\u0103 extraterestr\u0103&#8221;&#8230;. De unde venea?\",\"datePublished\":\"2021-01-02T07:15:29+00:00\",\"dateModified\":\"2024-07-07T15:26:05+00:00\",\"mainEntityOfPage\":{\"@id\":\"https:\\\/\\\/www.lovendal.ro\\\/wp52\\\/cum-s-a-intalnit-sf-anton-in-desert-cu-o-creatura-extraterestra-de-unde-venea\\\/\"},\"wordCount\":516,\"commentCount\":0,\"publisher\":{\"@id\":\"https:\\\/\\\/www.lovendal.ro\\\/wp52\\\/#organization\"},\"image\":{\"@id\":\"https:\\\/\\\/www.lovendal.ro\\\/wp52\\\/cum-s-a-intalnit-sf-anton-in-desert-cu-o-creatura-extraterestra-de-unde-venea\\\/#primaryimage\"},\"thumbnailUrl\":\"https:\\\/\\\/www.lovendal.ro\\\/wp52\\\/wp-content\\\/uploads\\\/2021\\\/01\\\/Sf-Anton.jpg\",\"keywords\":[\"Alexandria\",\"capre\",\"demoni\",\"de\u015fert\",\"Dumnezeu\",\"fruct\",\"\u00eemp\u0103rat\",\"medita\u0163ie\",\"mon\u015ftri\",\"p\u0103g\u00e2ni\",\"Paranormal-Spiritualitate\",\"Satana\",\"Sf. Anton\",\"sf\u00e2nt\",\"tribut\"],\"articleSection\":[\"Paranormal-Spiritualitate\"],\"inLanguage\":\"ro-RO\",\"potentialAction\":[{\"@type\":\"CommentAction\",\"name\":\"Comment\",\"target\":[\"https:\\\/\\\/www.lovendal.ro\\\/wp52\\\/cum-s-a-intalnit-sf-anton-in-desert-cu-o-creatura-extraterestra-de-unde-venea\\\/#respond\"]}]},{\"@type\":\"WebPage\",\"@id\":\"https:\\\/\\\/www.lovendal.ro\\\/wp52\\\/cum-s-a-intalnit-sf-anton-in-desert-cu-o-creatura-extraterestra-de-unde-venea\\\/\",\"url\":\"https:\\\/\\\/www.lovendal.ro\\\/wp52\\\/cum-s-a-intalnit-sf-anton-in-desert-cu-o-creatura-extraterestra-de-unde-venea\\\/\",\"name\":\"Cum s-a \u00eent\u00e2lnit Sf. Anton \u00een de\u015fert cu o \\\"creatur\u0103 extraterestr\u0103\\\".... De unde venea? - Secretele lui Lovendal\",\"isPartOf\":{\"@id\":\"https:\\\/\\\/www.lovendal.ro\\\/wp52\\\/#website\"},\"primaryImageOfPage\":{\"@id\":\"https:\\\/\\\/www.lovendal.ro\\\/wp52\\\/cum-s-a-intalnit-sf-anton-in-desert-cu-o-creatura-extraterestra-de-unde-venea\\\/#primaryimage\"},\"image\":{\"@id\":\"https:\\\/\\\/www.lovendal.ro\\\/wp52\\\/cum-s-a-intalnit-sf-anton-in-desert-cu-o-creatura-extraterestra-de-unde-venea\\\/#primaryimage\"},\"thumbnailUrl\":\"https:\\\/\\\/www.lovendal.ro\\\/wp52\\\/wp-content\\\/uploads\\\/2021\\\/01\\\/Sf-Anton.jpg\",\"datePublished\":\"2021-01-02T07:15:29+00:00\",\"dateModified\":\"2024-07-07T15:26:05+00:00\",\"breadcrumb\":{\"@id\":\"https:\\\/\\\/www.lovendal.ro\\\/wp52\\\/cum-s-a-intalnit-sf-anton-in-desert-cu-o-creatura-extraterestra-de-unde-venea\\\/#breadcrumb\"},\"inLanguage\":\"ro-RO\",\"potentialAction\":[{\"@type\":\"ReadAction\",\"target\":[\"https:\\\/\\\/www.lovendal.ro\\\/wp52\\\/cum-s-a-intalnit-sf-anton-in-desert-cu-o-creatura-extraterestra-de-unde-venea\\\/\"]}]},{\"@type\":\"ImageObject\",\"inLanguage\":\"ro-RO\",\"@id\":\"https:\\\/\\\/www.lovendal.ro\\\/wp52\\\/cum-s-a-intalnit-sf-anton-in-desert-cu-o-creatura-extraterestra-de-unde-venea\\\/#primaryimage\",\"url\":\"https:\\\/\\\/www.lovendal.ro\\\/wp52\\\/wp-content\\\/uploads\\\/2021\\\/01\\\/Sf-Anton.jpg\",\"contentUrl\":\"https:\\\/\\\/www.lovendal.ro\\\/wp52\\\/wp-content\\\/uploads\\\/2021\\\/01\\\/Sf-Anton.jpg\",\"width\":341,\"height\":291},{\"@type\":\"BreadcrumbList\",\"@id\":\"https:\\\/\\\/www.lovendal.ro\\\/wp52\\\/cum-s-a-intalnit-sf-anton-in-desert-cu-o-creatura-extraterestra-de-unde-venea\\\/#breadcrumb\",\"itemListElement\":[{\"@type\":\"ListItem\",\"position\":1,\"name\":\"Home\",\"item\":\"https:\\\/\\\/www.lovendal.ro\\\/wp52\\\/\"},{\"@type\":\"ListItem\",\"position\":2,\"name\":\"Cum s-a \u00eent\u00e2lnit Sf. Anton \u00een de\u015fert cu o &#8222;creatur\u0103 extraterestr\u0103&#8221;&#8230;. De unde venea?\"}]},{\"@type\":\"WebSite\",\"@id\":\"https:\\\/\\\/www.lovendal.ro\\\/wp52\\\/#website\",\"url\":\"https:\\\/\\\/www.lovendal.ro\\\/wp52\\\/\",\"name\":\"Secretele lui Lovendal\",\"description\":\"Site de secrete, stiinta si metafizica - din 2008 -\",\"publisher\":{\"@id\":\"https:\\\/\\\/www.lovendal.ro\\\/wp52\\\/#organization\"},\"potentialAction\":[{\"@type\":\"SearchAction\",\"target\":{\"@type\":\"EntryPoint\",\"urlTemplate\":\"https:\\\/\\\/www.lovendal.ro\\\/wp52\\\/?s={search_term_string}\"},\"query-input\":{\"@type\":\"PropertyValueSpecification\",\"valueRequired\":true,\"valueName\":\"search_term_string\"}}],\"inLanguage\":\"ro-RO\"},{\"@type\":\"Organization\",\"@id\":\"https:\\\/\\\/www.lovendal.ro\\\/wp52\\\/#organization\",\"name\":\"Secretele lui Lovendal\",\"url\":\"https:\\\/\\\/www.lovendal.ro\\\/wp52\\\/\",\"logo\":{\"@type\":\"ImageObject\",\"inLanguage\":\"ro-RO\",\"@id\":\"https:\\\/\\\/www.lovendal.ro\\\/wp52\\\/#\\\/schema\\\/logo\\\/image\\\/\",\"url\":\"https:\\\/\\\/www.lovendal.ro\\\/wp52\\\/wp-content\\\/uploads\\\/2024\\\/06\\\/cropped-SLL-iun-2024-1.jpg\",\"contentUrl\":\"https:\\\/\\\/www.lovendal.ro\\\/wp52\\\/wp-content\\\/uploads\\\/2024\\\/06\\\/cropped-SLL-iun-2024-1.jpg\",\"width\":771,\"height\":240,\"caption\":\"Secretele lui Lovendal\"},\"image\":{\"@id\":\"https:\\\/\\\/www.lovendal.ro\\\/wp52\\\/#\\\/schema\\\/logo\\\/image\\\/\"},\"sameAs\":[\"https:\\\/\\\/www.facebook.com\\\/secreteleluilovendal\"]},{\"@type\":\"Person\",\"@id\":\"https:\\\/\\\/www.lovendal.ro\\\/wp52\\\/#\\\/schema\\\/person\\\/088691de5dfc346bb0c023e1e52ef5d9\",\"name\":\"admin\",\"image\":{\"@type\":\"ImageObject\",\"inLanguage\":\"ro-RO\",\"@id\":\"https:\\\/\\\/secure.gravatar.com\\\/avatar\\\/ecb9cd41f5f63c9c9b989999a59f6e2639a865ec361e9db054db0679a8f341c2?s=96&d=mm&r=g\",\"url\":\"https:\\\/\\\/secure.gravatar.com\\\/avatar\\\/ecb9cd41f5f63c9c9b989999a59f6e2639a865ec361e9db054db0679a8f341c2?s=96&d=mm&r=g\",\"contentUrl\":\"https:\\\/\\\/secure.gravatar.com\\\/avatar\\\/ecb9cd41f5f63c9c9b989999a59f6e2639a865ec361e9db054db0679a8f341c2?s=96&d=mm&r=g\",\"caption\":\"admin\"},\"sameAs\":[\"https:\\\/\\\/www.lovendal.ro\\\/wp52\"]}]}<\/script>\n<!-- \/ Yoast SEO Premium plugin. -->","yoast_head_json":{"title":"Cum s-a \u00eent\u00e2lnit Sf. Anton \u00een de\u015fert cu o \"creatur\u0103 extraterestr\u0103\".... De unde venea? - Secretele lui Lovendal","robots":{"index":"index","follow":"follow","max-snippet":"max-snippet:-1","max-image-preview":"max-image-preview:large","max-video-preview":"max-video-preview:-1"},"canonical":"https:\/\/www.lovendal.ro\/wp52\/cum-s-a-intalnit-sf-anton-in-desert-cu-o-creatura-extraterestra-de-unde-venea\/","og_locale":"ro_RO","og_type":"article","og_title":"Cum s-a \u00eent\u00e2lnit Sf. Anton \u00een de\u015fert cu o \"creatur\u0103 extraterestr\u0103\".... De unde venea?","og_description":"Sf. Anton este \u00eentemeietorul monahismului cre\u015ftin, care a tr\u0103it \u00een secolul al IV-lea d.Hr. \u00centr-o hagiografie medieval\u0103 anonim\u0103 dedicat\u0103 sf\u00e2ntului egiptean, \u00een timpul medita\u0163iilor lui \u00een pustiu, Sf. Anton s-ar fi \u00eent\u00e2lnit cu o f\u0103ptur\u0103 ciudat\u0103, mic\u0103 de statur\u0103. Cronica ... Cititi mai multe","og_url":"https:\/\/www.lovendal.ro\/wp52\/cum-s-a-intalnit-sf-anton-in-desert-cu-o-creatura-extraterestra-de-unde-venea\/","og_site_name":"Secretele lui Lovendal","article_publisher":"https:\/\/www.facebook.com\/secreteleluilovendal","article_published_time":"2021-01-02T07:15:29+00:00","article_modified_time":"2024-07-07T15:26:05+00:00","og_image":[{"width":341,"height":291,"url":"https:\/\/www.lovendal.ro\/wp52\/wp-content\/uploads\/2021\/01\/Sf-Anton.jpg","type":"image\/jpeg"}],"author":"admin","twitter_card":"summary_large_image","twitter_misc":{"Scris de":"admin","Timp estimat pentru citire":"3 minute"},"schema":{"@context":"https:\/\/schema.org","@graph":[{"@type":"Article","@id":"https:\/\/www.lovendal.ro\/wp52\/cum-s-a-intalnit-sf-anton-in-desert-cu-o-creatura-extraterestra-de-unde-venea\/#article","isPartOf":{"@id":"https:\/\/www.lovendal.ro\/wp52\/cum-s-a-intalnit-sf-anton-in-desert-cu-o-creatura-extraterestra-de-unde-venea\/"},"author":{"name":"admin","@id":"https:\/\/www.lovendal.ro\/wp52\/#\/schema\/person\/088691de5dfc346bb0c023e1e52ef5d9"},"headline":"Cum s-a \u00eent\u00e2lnit Sf. Anton \u00een de\u015fert cu o &#8222;creatur\u0103 extraterestr\u0103&#8221;&#8230;. De unde venea?","datePublished":"2021-01-02T07:15:29+00:00","dateModified":"2024-07-07T15:26:05+00:00","mainEntityOfPage":{"@id":"https:\/\/www.lovendal.ro\/wp52\/cum-s-a-intalnit-sf-anton-in-desert-cu-o-creatura-extraterestra-de-unde-venea\/"},"wordCount":516,"commentCount":0,"publisher":{"@id":"https:\/\/www.lovendal.ro\/wp52\/#organization"},"image":{"@id":"https:\/\/www.lovendal.ro\/wp52\/cum-s-a-intalnit-sf-anton-in-desert-cu-o-creatura-extraterestra-de-unde-venea\/#primaryimage"},"thumbnailUrl":"https:\/\/www.lovendal.ro\/wp52\/wp-content\/uploads\/2021\/01\/Sf-Anton.jpg","keywords":["Alexandria","capre","demoni","de\u015fert","Dumnezeu","fruct","\u00eemp\u0103rat","medita\u0163ie","mon\u015ftri","p\u0103g\u00e2ni","Paranormal-Spiritualitate","Satana","Sf. Anton","sf\u00e2nt","tribut"],"articleSection":["Paranormal-Spiritualitate"],"inLanguage":"ro-RO","potentialAction":[{"@type":"CommentAction","name":"Comment","target":["https:\/\/www.lovendal.ro\/wp52\/cum-s-a-intalnit-sf-anton-in-desert-cu-o-creatura-extraterestra-de-unde-venea\/#respond"]}]},{"@type":"WebPage","@id":"https:\/\/www.lovendal.ro\/wp52\/cum-s-a-intalnit-sf-anton-in-desert-cu-o-creatura-extraterestra-de-unde-venea\/","url":"https:\/\/www.lovendal.ro\/wp52\/cum-s-a-intalnit-sf-anton-in-desert-cu-o-creatura-extraterestra-de-unde-venea\/","name":"Cum s-a \u00eent\u00e2lnit Sf. Anton \u00een de\u015fert cu o \"creatur\u0103 extraterestr\u0103\".... De unde venea? - Secretele lui Lovendal","isPartOf":{"@id":"https:\/\/www.lovendal.ro\/wp52\/#website"},"primaryImageOfPage":{"@id":"https:\/\/www.lovendal.ro\/wp52\/cum-s-a-intalnit-sf-anton-in-desert-cu-o-creatura-extraterestra-de-unde-venea\/#primaryimage"},"image":{"@id":"https:\/\/www.lovendal.ro\/wp52\/cum-s-a-intalnit-sf-anton-in-desert-cu-o-creatura-extraterestra-de-unde-venea\/#primaryimage"},"thumbnailUrl":"https:\/\/www.lovendal.ro\/wp52\/wp-content\/uploads\/2021\/01\/Sf-Anton.jpg","datePublished":"2021-01-02T07:15:29+00:00","dateModified":"2024-07-07T15:26:05+00:00","breadcrumb":{"@id":"https:\/\/www.lovendal.ro\/wp52\/cum-s-a-intalnit-sf-anton-in-desert-cu-o-creatura-extraterestra-de-unde-venea\/#breadcrumb"},"inLanguage":"ro-RO","potentialAction":[{"@type":"ReadAction","target":["https:\/\/www.lovendal.ro\/wp52\/cum-s-a-intalnit-sf-anton-in-desert-cu-o-creatura-extraterestra-de-unde-venea\/"]}]},{"@type":"ImageObject","inLanguage":"ro-RO","@id":"https:\/\/www.lovendal.ro\/wp52\/cum-s-a-intalnit-sf-anton-in-desert-cu-o-creatura-extraterestra-de-unde-venea\/#primaryimage","url":"https:\/\/www.lovendal.ro\/wp52\/wp-content\/uploads\/2021\/01\/Sf-Anton.jpg","contentUrl":"https:\/\/www.lovendal.ro\/wp52\/wp-content\/uploads\/2021\/01\/Sf-Anton.jpg","width":341,"height":291},{"@type":"BreadcrumbList","@id":"https:\/\/www.lovendal.ro\/wp52\/cum-s-a-intalnit-sf-anton-in-desert-cu-o-creatura-extraterestra-de-unde-venea\/#breadcrumb","itemListElement":[{"@type":"ListItem","position":1,"name":"Home","item":"https:\/\/www.lovendal.ro\/wp52\/"},{"@type":"ListItem","position":2,"name":"Cum s-a \u00eent\u00e2lnit Sf. Anton \u00een de\u015fert cu o &#8222;creatur\u0103 extraterestr\u0103&#8221;&#8230;. De unde venea?"}]},{"@type":"WebSite","@id":"https:\/\/www.lovendal.ro\/wp52\/#website","url":"https:\/\/www.lovendal.ro\/wp52\/","name":"Secretele lui Lovendal","description":"Site de secrete, stiinta si metafizica - din 2008 -","publisher":{"@id":"https:\/\/www.lovendal.ro\/wp52\/#organization"},"potentialAction":[{"@type":"SearchAction","target":{"@type":"EntryPoint","urlTemplate":"https:\/\/www.lovendal.ro\/wp52\/?s={search_term_string}"},"query-input":{"@type":"PropertyValueSpecification","valueRequired":true,"valueName":"search_term_string"}}],"inLanguage":"ro-RO"},{"@type":"Organization","@id":"https:\/\/www.lovendal.ro\/wp52\/#organization","name":"Secretele lui Lovendal","url":"https:\/\/www.lovendal.ro\/wp52\/","logo":{"@type":"ImageObject","inLanguage":"ro-RO","@id":"https:\/\/www.lovendal.ro\/wp52\/#\/schema\/logo\/image\/","url":"https:\/\/www.lovendal.ro\/wp52\/wp-content\/uploads\/2024\/06\/cropped-SLL-iun-2024-1.jpg","contentUrl":"https:\/\/www.lovendal.ro\/wp52\/wp-content\/uploads\/2024\/06\/cropped-SLL-iun-2024-1.jpg","width":771,"height":240,"caption":"Secretele lui Lovendal"},"image":{"@id":"https:\/\/www.lovendal.ro\/wp52\/#\/schema\/logo\/image\/"},"sameAs":["https:\/\/www.facebook.com\/secreteleluilovendal"]},{"@type":"Person","@id":"https:\/\/www.lovendal.ro\/wp52\/#\/schema\/person\/088691de5dfc346bb0c023e1e52ef5d9","name":"admin","image":{"@type":"ImageObject","inLanguage":"ro-RO","@id":"https:\/\/secure.gravatar.com\/avatar\/ecb9cd41f5f63c9c9b989999a59f6e2639a865ec361e9db054db0679a8f341c2?s=96&d=mm&r=g","url":"https:\/\/secure.gravatar.com\/avatar\/ecb9cd41f5f63c9c9b989999a59f6e2639a865ec361e9db054db0679a8f341c2?s=96&d=mm&r=g","contentUrl":"https:\/\/secure.gravatar.com\/avatar\/ecb9cd41f5f63c9c9b989999a59f6e2639a865ec361e9db054db0679a8f341c2?s=96&d=mm&r=g","caption":"admin"},"sameAs":["https:\/\/www.lovendal.ro\/wp52"]}]}},"_links":{"self":[{"href":"https:\/\/www.lovendal.ro\/wp52\/wp-json\/wp\/v2\/posts\/72977","targetHints":{"allow":["GET"]}}],"collection":[{"href":"https:\/\/www.lovendal.ro\/wp52\/wp-json\/wp\/v2\/posts"}],"about":[{"href":"https:\/\/www.lovendal.ro\/wp52\/wp-json\/wp\/v2\/types\/post"}],"author":[{"embeddable":true,"href":"https:\/\/www.lovendal.ro\/wp52\/wp-json\/wp\/v2\/users\/1"}],"replies":[{"embeddable":true,"href":"https:\/\/www.lovendal.ro\/wp52\/wp-json\/wp\/v2\/comments?post=72977"}],"version-history":[{"count":1,"href":"https:\/\/www.lovendal.ro\/wp52\/wp-json\/wp\/v2\/posts\/72977\/revisions"}],"predecessor-version":[{"id":91633,"href":"https:\/\/www.lovendal.ro\/wp52\/wp-json\/wp\/v2\/posts\/72977\/revisions\/91633"}],"wp:featuredmedia":[{"embeddable":true,"href":"https:\/\/www.lovendal.ro\/wp52\/wp-json\/wp\/v2\/media\/72983"}],"wp:attachment":[{"href":"https:\/\/www.lovendal.ro\/wp52\/wp-json\/wp\/v2\/media?parent=72977"}],"wp:term":[{"taxonomy":"category","embeddable":true,"href":"https:\/\/www.lovendal.ro\/wp52\/wp-json\/wp\/v2\/categories?post=72977"},{"taxonomy":"post_tag","embeddable":true,"href":"https:\/\/www.lovendal.ro\/wp52\/wp-json\/wp\/v2\/tags?post=72977"}],"curies":[{"name":"wp","href":"https:\/\/api.w.org\/{rel}","templated":true}]}}