{"id":72921,"date":"2020-12-27T19:04:21","date_gmt":"2020-12-27T17:04:21","guid":{"rendered":"https:\/\/www.lovendal.ro\/wp52\/?p=72921"},"modified":"2020-12-27T19:04:21","modified_gmt":"2020-12-27T17:04:21","slug":"organizatia-globalista-forumul-economic-mondial-doreste-identitatea-digitala-pentru-1-miliard-de-oameni-asadar-cineva-din-umbra-ne-va-putea-controla-oricand","status":"publish","type":"post","link":"https:\/\/www.lovendal.ro\/wp52\/organizatia-globalista-forumul-economic-mondial-doreste-identitatea-digitala-pentru-1-miliard-de-oameni-asadar-cineva-din-umbra-ne-va-putea-controla-oricand\/","title":{"rendered":"Organiza\u0163ia globalist\u0103 &#8222;Forumul Economic Mondial&#8221; dore\u015fte &#8222;Identitatea Digital\u0103&#8221; pentru 1 miliard de oameni! A\u015fadar, cineva din umbr\u0103 ne va putea CONTROLA oric\u00e2nd&#8230;"},"content":{"rendered":"<p><a href=\"https:\/\/www.lovendal.ro\/wp52\/wp-content\/uploads\/2020\/12\/Twitter-WEF.jpg\"><img loading=\"lazy\" decoding=\"async\" class=\"alignleft size-full wp-image-72922\" src=\"https:\/\/www.lovendal.ro\/wp52\/wp-content\/uploads\/2020\/12\/Twitter-WEF.jpg\" alt=\"\" width=\"354\" height=\"206\" srcset=\"https:\/\/www.lovendal.ro\/wp52\/wp-content\/uploads\/2020\/12\/Twitter-WEF.jpg 354w, https:\/\/www.lovendal.ro\/wp52\/wp-content\/uploads\/2020\/12\/Twitter-WEF-300x175.jpg 300w\" sizes=\"auto, (max-width: 354px) 100vw, 354px\" \/><\/a>\u00centr-un articol publicat pe 5 noiembrie 2020 &#8211; <a href=\"https:\/\/www.lovendal.ro\/wp52\/coperta-revistei-time-din-2-noiembrie-2020-spune-totul-ni-se-pregateste-marea-resetare\/\" target=\"_blank\" rel=\"noopener noreferrer\"><strong>Coperta revistei \u201cTime\u201d din 2 noiembrie 2020 spune totul: ni se preg\u0103te\u015fte \u201cMarea Resetare\u201d!<\/strong><\/a> &#8211; am vorbit, printre altele, de globalistul Klaus Schwab, \u015feful Forumul Economic Mondial (un organism paralel, nelegitim, nevotat de nimeni), care \u00ee\u015fi permite s\u0103 lanseze pe pia\u0163\u0103 idei ca &#8222;Marea Resetare Mondial\u0103&#8221;. Acest Schwab are ni\u015fte idei cu adev\u0103rat halucinante despre cum trebuie s\u0103 arate lumea. De exemplu, el este adeptul transumanismului, o doctrin\u0103 satanist\u0103 prin care oamenii pot s\u0103 devin\u0103 \u201crobo\u0163i nemuritori\u201d. Foarte bine am spus &#8222;robo\u0163i&#8221;, pentru c\u0103 oamenii ce vor accepta implantarea de tot felul de microcipuri \u00een organismul lor (pentru ob\u0163inerea nemuririi) nu vor mai fi fiin\u0163e.<\/p>\n<p>Ei bine, pe contul de Twitter al Forumului Economic Mondial a ap\u0103rut un mesaj \u00een care se spun urm\u0103toarele:<em> &#8222;<\/em><span class=\"css-901oao css-16my406 r-1qd0xha r-ad9z0x r-bcqeeo r-qvutc0\"><em>A billion people have no legal identity &#8211; but a new app plans to change that&#8221;<\/em>. Adic\u0103, <em>&#8222;1 miliard de oameni nu au identitate legal\u0103, dar o nou\u0103 aplica\u0163ie pl\u0103nuie\u015fte s\u0103 schimbe acest lucru&#8221;<\/em>.<\/span><\/p>\n<p>Mesajul este \u00eenso\u0163it de un grafic, \u00een care se vorbe\u015fte despre &#8222;Identitatea digital\u0103&#8221;, ceea ce \u00eenseamn\u0103 c\u0103 mesajul este destul de clar: 1\/7 din locuitorii planetei vor folosi &#8222;identitatea digital\u0103&#8221;! Asta \u00eenseamn\u0103 c\u0103 cineva ne va urm\u0103ri oricare mi\u015fcare vom face pe aceast\u0103 planet\u0103: ce pl\u0103\u0163i vom face, ce bani primim, unde vom c\u0103l\u0103tori, de ce servicii medicale vom avea parte etc. &#8211; totul pe baza unei simple identit\u0103\u0163i digitale. Reac\u0163ia celor mai multor utilizatori Twitter la o asemenea propunere a fost foarte dur\u0103. Citez doar c\u00e2teva din ele:<\/p>\n<p><em>&#8211; L\u0103sa\u0163i oamenii \u00een pace. Nimeni nu vrea &#8222;marea voastr\u0103 resetare&#8221;. O vom respinge.<\/em><br \/>\n<em>&#8211; Uita\u0163i care e treaba: voi nu sunte\u0163i ale\u015fi, nu ave\u0163i niciun mandat, aceste politici nu se afl\u0103 \u00een programele niciunui partid politic. Orice guvern care va adera acestui &#8222;vis totalitar&#8221; va fi expulzat.<\/em><br \/>\n<em>&#8211; L\u0103sa\u0163i-ne \u00een pace. Vorbesc serios. Doar opri\u0163i-v\u0103.<\/em><br \/>\n<em>&#8211; Ace\u015fti sociopa\u0163i ac\u0163ioneaz\u0103 de parc\u0103 ei cred c\u0103 vor sc\u0103pa cu porc\u0103riile astea. To\u0163i banii din lume nu-i vor convinge pe oameni.<\/em><br \/>\n<em>&#8211; Avem nevoie de un plan pentru a lupta \u00eempotriva acestui lucru.<\/em><br \/>\n<em>&#8211; Cum mai r\u0103m\u00e2ne cu creativitatea, cu empatia, cu atingerea uman\u0103, cu libertatea alegerii, cu intimitatea?<\/em><br \/>\n<em>&#8211; Nu, mul\u0163umesc.<\/em><br \/>\n<em>&#8211; Sclavia nu e darul de Cr\u0103ciun pe care-l a\u015fteptam.<\/em><br \/>\n<em>&#8211; Ni\u015fte nazi\u015fti.<\/em><br \/>\n<em>&#8211; O nebunie total\u0103.<\/em><br \/>\n<em>&#8211; S\u0103 simplific ceea ce vor ei s\u0103 fac\u0103: CONTROLUL. Asta e o cale u\u015foar\u0103 pentru ei pentru a te controla, dac\u0103 nu dore\u015fti s\u0103 te supui. Dac\u0103 nu o vei face, ei pot s\u0103-\u0163i \u00eenchid\u0103 electricitatea, contul bancar, s\u0103-\u015fi \u015ftearg\u0103 existen\u0163a. Nu permite\u0163i acest gunoi.<\/em><br \/>\n<em>&#8211; Cine conduce aceast\u0103 organiza\u0163ie? Lucifer?<\/em><br \/>\n<em>&#8211; Nu, mul\u0163umesc, psihopa\u0163ilor!<\/em><\/p>\n<blockquote class=\"twitter-tweet\">\n<p dir=\"ltr\" lang=\"en\">A billion people have no legal identity &#8211; but a new app plans to change that <a href=\"https:\/\/t.co\/uQvVP83w0B\">https:\/\/t.co\/uQvVP83w0B<\/a> <a href=\"https:\/\/twitter.com\/hashtag\/Identity?src=hash&amp;ref_src=twsrc%5Etfw\">#Identity<\/a> <a href=\"https:\/\/twitter.com\/hashtag\/Tech?src=hash&amp;ref_src=twsrc%5Etfw\">#Tech<\/a> <a href=\"https:\/\/t.co\/YNg4EeLEea\">pic.twitter.com\/YNg4EeLEea<\/a><\/p>\n<p>\u2014 World Economic Forum (@wef) <a href=\"https:\/\/twitter.com\/wef\/status\/1342570826516860932?ref_src=twsrc%5Etfw\">December 25, 2020<\/a><\/p><\/blockquote>\n<p><script async src=\"https:\/\/platform.twitter.com\/widgets.js\" charset=\"utf-8\"><\/script><\/p>\n","protected":false},"excerpt":{"rendered":"<p>\u00centr-un articol publicat pe 5 noiembrie 2020 &#8211; Coperta revistei \u201cTime\u201d din 2 noiembrie 2020 spune totul: ni se preg\u0103te\u015fte \u201cMarea Resetare\u201d! &#8211; am vorbit, printre altele, de globalistul Klaus Schwab, \u015feful Forumul Economic Mondial (un organism paralel, nelegitim, nevotat &#8230; <\/p>\n<p class=\"read-more-container\"><a title=\"Organiza\u0163ia globalist\u0103 &#8222;Forumul Economic Mondial&#8221; dore\u015fte &#8222;Identitatea Digital\u0103&#8221; pentru 1 miliard de oameni! A\u015fadar, cineva din umbr\u0103 ne va putea CONTROLA oric\u00e2nd&#8230;\" class=\"read-more button\" href=\"https:\/\/www.lovendal.ro\/wp52\/organizatia-globalista-forumul-economic-mondial-doreste-identitatea-digitala-pentru-1-miliard-de-oameni-asadar-cineva-din-umbra-ne-va-putea-controla-oricand\/#more-72921\" aria-label=\"Cite\u0219te mai multe despre Organiza\u0163ia globalist\u0103 &#8222;Forumul Economic Mondial&#8221; dore\u015fte &#8222;Identitatea Digital\u0103&#8221; pentru 1 miliard de oameni! A\u015fadar, cineva din umbr\u0103 ne va putea CONTROLA oric\u00e2nd&#8230;\">Cititi mai multe<\/a><\/p>\n","protected":false},"author":1,"featured_media":72922,"comment_status":"open","ping_status":"open","sticky":false,"template":"","format":"standard","meta":{"footnotes":""},"categories":[475],"tags":[1433,358,4183,702,16340,4464,16243,16339,2056,16338,6344,2213,57,4920,13048,2364,2629,11298,8616,5937,4474,575,16242],"class_list":["post-72921","post","type-post","status-publish","format-standard","has-post-thumbnail","hentry","category-conspiratii-mistere","tag-bani","tag-conspiratii-si-mistere","tag-control","tag-craciun","tag-empatie","tag-guvern","tag-klaus-schwab","tag-libertatea","tag-lucifer","tag-marea-resetare-mondiala","tag-microcip","tag-nemurire","tag-oameni","tag-partid","tag-psihopati","tag-revista","tag-roboti","tag-sclavie","tag-times","tag-transumanism","tag-twitter","tag-vis","tag-world-economic-forum","resize-featured-image"],"yoast_head":"<!-- This site is optimized with the Yoast SEO Premium plugin v23.3 (Yoast SEO v27.4) - https:\/\/yoast.com\/product\/yoast-seo-premium-wordpress\/ -->\n<title>Organiza\u0163ia globalist\u0103 &quot;Forumul Economic Mondial&quot; dore\u015fte &quot;Identitatea Digital\u0103&quot; pentru 1 miliard de oameni! A\u015fadar, cineva din umbr\u0103 ne va putea CONTROLA oric\u00e2nd... - Secretele lui Lovendal<\/title>\n<meta name=\"robots\" content=\"index, follow, max-snippet:-1, max-image-preview:large, max-video-preview:-1\" \/>\n<link rel=\"canonical\" href=\"https:\/\/www.lovendal.ro\/wp52\/organizatia-globalista-forumul-economic-mondial-doreste-identitatea-digitala-pentru-1-miliard-de-oameni-asadar-cineva-din-umbra-ne-va-putea-controla-oricand\/\" \/>\n<meta property=\"og:locale\" content=\"ro_RO\" \/>\n<meta property=\"og:type\" content=\"article\" \/>\n<meta property=\"og:title\" content=\"Organiza\u0163ia globalist\u0103 &quot;Forumul Economic Mondial&quot; dore\u015fte &quot;Identitatea Digital\u0103&quot; pentru 1 miliard de oameni! A\u015fadar, cineva din umbr\u0103 ne va putea CONTROLA oric\u00e2nd...\" \/>\n<meta property=\"og:description\" content=\"\u00centr-un articol publicat pe 5 noiembrie 2020 &#8211; Coperta revistei \u201cTime\u201d din 2 noiembrie 2020 spune totul: ni se preg\u0103te\u015fte \u201cMarea Resetare\u201d! &#8211; am vorbit, printre altele, de globalistul Klaus Schwab, \u015feful Forumul Economic Mondial (un organism paralel, nelegitim, nevotat ... Cititi mai multe\" \/>\n<meta property=\"og:url\" content=\"https:\/\/www.lovendal.ro\/wp52\/organizatia-globalista-forumul-economic-mondial-doreste-identitatea-digitala-pentru-1-miliard-de-oameni-asadar-cineva-din-umbra-ne-va-putea-controla-oricand\/\" \/>\n<meta property=\"og:site_name\" content=\"Secretele lui Lovendal\" \/>\n<meta property=\"article:publisher\" content=\"https:\/\/www.facebook.com\/secreteleluilovendal\" \/>\n<meta property=\"article:published_time\" content=\"2020-12-27T17:04:21+00:00\" \/>\n<meta property=\"og:image\" content=\"https:\/\/www.lovendal.ro\/wp52\/wp-content\/uploads\/2020\/12\/Twitter-WEF.jpg\" \/>\n\t<meta property=\"og:image:width\" content=\"354\" \/>\n\t<meta property=\"og:image:height\" content=\"206\" \/>\n\t<meta property=\"og:image:type\" content=\"image\/jpeg\" \/>\n<meta name=\"author\" content=\"admin\" \/>\n<meta name=\"twitter:card\" content=\"summary_large_image\" \/>\n<meta name=\"twitter:label1\" content=\"Scris de\" \/>\n\t<meta name=\"twitter:data1\" content=\"admin\" \/>\n\t<meta name=\"twitter:label2\" content=\"Timp estimat pentru citire\" \/>\n\t<meta name=\"twitter:data2\" content=\"3 minute\" \/>\n<script type=\"application\/ld+json\" class=\"yoast-schema-graph\">{\"@context\":\"https:\\\/\\\/schema.org\",\"@graph\":[{\"@type\":\"Article\",\"@id\":\"https:\\\/\\\/www.lovendal.ro\\\/wp52\\\/organizatia-globalista-forumul-economic-mondial-doreste-identitatea-digitala-pentru-1-miliard-de-oameni-asadar-cineva-din-umbra-ne-va-putea-controla-oricand\\\/#article\",\"isPartOf\":{\"@id\":\"https:\\\/\\\/www.lovendal.ro\\\/wp52\\\/organizatia-globalista-forumul-economic-mondial-doreste-identitatea-digitala-pentru-1-miliard-de-oameni-asadar-cineva-din-umbra-ne-va-putea-controla-oricand\\\/\"},\"author\":{\"name\":\"admin\",\"@id\":\"https:\\\/\\\/www.lovendal.ro\\\/wp52\\\/#\\\/schema\\\/person\\\/088691de5dfc346bb0c023e1e52ef5d9\"},\"headline\":\"Organiza\u0163ia globalist\u0103 &#8222;Forumul Economic Mondial&#8221; dore\u015fte &#8222;Identitatea Digital\u0103&#8221; pentru 1 miliard de oameni! A\u015fadar, cineva din umbr\u0103 ne va putea CONTROLA oric\u00e2nd&#8230;\",\"datePublished\":\"2020-12-27T17:04:21+00:00\",\"mainEntityOfPage\":{\"@id\":\"https:\\\/\\\/www.lovendal.ro\\\/wp52\\\/organizatia-globalista-forumul-economic-mondial-doreste-identitatea-digitala-pentru-1-miliard-de-oameni-asadar-cineva-din-umbra-ne-va-putea-controla-oricand\\\/\"},\"wordCount\":547,\"commentCount\":0,\"publisher\":{\"@id\":\"https:\\\/\\\/www.lovendal.ro\\\/wp52\\\/#organization\"},\"image\":{\"@id\":\"https:\\\/\\\/www.lovendal.ro\\\/wp52\\\/organizatia-globalista-forumul-economic-mondial-doreste-identitatea-digitala-pentru-1-miliard-de-oameni-asadar-cineva-din-umbra-ne-va-putea-controla-oricand\\\/#primaryimage\"},\"thumbnailUrl\":\"https:\\\/\\\/www.lovendal.ro\\\/wp52\\\/wp-content\\\/uploads\\\/2020\\\/12\\\/Twitter-WEF.jpg\",\"keywords\":[\"bani\",\"Conspiratii si Mistere\",\"control\",\"Cr\u0103ciun\",\"empatie\",\"guvern\",\"Klaus Schwab\",\"libertatea\",\"Lucifer\",\"Marea Resetare Mondial\u0103\",\"microcip\",\"nemurire\",\"oameni\",\"partid\",\"psihopa\u0163i\",\"revist\u0103\",\"robo\u0163i\",\"sclavie\",\"Times\",\"transumanism\",\"Twitter\",\"vis\",\"World Economic Forum\"],\"articleSection\":[\"Conspiratii si Mistere\"],\"inLanguage\":\"ro-RO\",\"potentialAction\":[{\"@type\":\"CommentAction\",\"name\":\"Comment\",\"target\":[\"https:\\\/\\\/www.lovendal.ro\\\/wp52\\\/organizatia-globalista-forumul-economic-mondial-doreste-identitatea-digitala-pentru-1-miliard-de-oameni-asadar-cineva-din-umbra-ne-va-putea-controla-oricand\\\/#respond\"]}]},{\"@type\":\"WebPage\",\"@id\":\"https:\\\/\\\/www.lovendal.ro\\\/wp52\\\/organizatia-globalista-forumul-economic-mondial-doreste-identitatea-digitala-pentru-1-miliard-de-oameni-asadar-cineva-din-umbra-ne-va-putea-controla-oricand\\\/\",\"url\":\"https:\\\/\\\/www.lovendal.ro\\\/wp52\\\/organizatia-globalista-forumul-economic-mondial-doreste-identitatea-digitala-pentru-1-miliard-de-oameni-asadar-cineva-din-umbra-ne-va-putea-controla-oricand\\\/\",\"name\":\"Organiza\u0163ia globalist\u0103 \\\"Forumul Economic Mondial\\\" dore\u015fte \\\"Identitatea Digital\u0103\\\" pentru 1 miliard de oameni! A\u015fadar, cineva din umbr\u0103 ne va putea CONTROLA oric\u00e2nd... - Secretele lui Lovendal\",\"isPartOf\":{\"@id\":\"https:\\\/\\\/www.lovendal.ro\\\/wp52\\\/#website\"},\"primaryImageOfPage\":{\"@id\":\"https:\\\/\\\/www.lovendal.ro\\\/wp52\\\/organizatia-globalista-forumul-economic-mondial-doreste-identitatea-digitala-pentru-1-miliard-de-oameni-asadar-cineva-din-umbra-ne-va-putea-controla-oricand\\\/#primaryimage\"},\"image\":{\"@id\":\"https:\\\/\\\/www.lovendal.ro\\\/wp52\\\/organizatia-globalista-forumul-economic-mondial-doreste-identitatea-digitala-pentru-1-miliard-de-oameni-asadar-cineva-din-umbra-ne-va-putea-controla-oricand\\\/#primaryimage\"},\"thumbnailUrl\":\"https:\\\/\\\/www.lovendal.ro\\\/wp52\\\/wp-content\\\/uploads\\\/2020\\\/12\\\/Twitter-WEF.jpg\",\"datePublished\":\"2020-12-27T17:04:21+00:00\",\"breadcrumb\":{\"@id\":\"https:\\\/\\\/www.lovendal.ro\\\/wp52\\\/organizatia-globalista-forumul-economic-mondial-doreste-identitatea-digitala-pentru-1-miliard-de-oameni-asadar-cineva-din-umbra-ne-va-putea-controla-oricand\\\/#breadcrumb\"},\"inLanguage\":\"ro-RO\",\"potentialAction\":[{\"@type\":\"ReadAction\",\"target\":[\"https:\\\/\\\/www.lovendal.ro\\\/wp52\\\/organizatia-globalista-forumul-economic-mondial-doreste-identitatea-digitala-pentru-1-miliard-de-oameni-asadar-cineva-din-umbra-ne-va-putea-controla-oricand\\\/\"]}]},{\"@type\":\"ImageObject\",\"inLanguage\":\"ro-RO\",\"@id\":\"https:\\\/\\\/www.lovendal.ro\\\/wp52\\\/organizatia-globalista-forumul-economic-mondial-doreste-identitatea-digitala-pentru-1-miliard-de-oameni-asadar-cineva-din-umbra-ne-va-putea-controla-oricand\\\/#primaryimage\",\"url\":\"https:\\\/\\\/www.lovendal.ro\\\/wp52\\\/wp-content\\\/uploads\\\/2020\\\/12\\\/Twitter-WEF.jpg\",\"contentUrl\":\"https:\\\/\\\/www.lovendal.ro\\\/wp52\\\/wp-content\\\/uploads\\\/2020\\\/12\\\/Twitter-WEF.jpg\",\"width\":354,\"height\":206},{\"@type\":\"BreadcrumbList\",\"@id\":\"https:\\\/\\\/www.lovendal.ro\\\/wp52\\\/organizatia-globalista-forumul-economic-mondial-doreste-identitatea-digitala-pentru-1-miliard-de-oameni-asadar-cineva-din-umbra-ne-va-putea-controla-oricand\\\/#breadcrumb\",\"itemListElement\":[{\"@type\":\"ListItem\",\"position\":1,\"name\":\"Home\",\"item\":\"https:\\\/\\\/www.lovendal.ro\\\/wp52\\\/\"},{\"@type\":\"ListItem\",\"position\":2,\"name\":\"Organiza\u0163ia globalist\u0103 &#8222;Forumul Economic Mondial&#8221; dore\u015fte &#8222;Identitatea Digital\u0103&#8221; pentru 1 miliard de oameni! A\u015fadar, cineva din umbr\u0103 ne va putea CONTROLA oric\u00e2nd&#8230;\"}]},{\"@type\":\"WebSite\",\"@id\":\"https:\\\/\\\/www.lovendal.ro\\\/wp52\\\/#website\",\"url\":\"https:\\\/\\\/www.lovendal.ro\\\/wp52\\\/\",\"name\":\"Secretele lui Lovendal\",\"description\":\"Site de secrete, stiinta si metafizica - din 2008 -\",\"publisher\":{\"@id\":\"https:\\\/\\\/www.lovendal.ro\\\/wp52\\\/#organization\"},\"potentialAction\":[{\"@type\":\"SearchAction\",\"target\":{\"@type\":\"EntryPoint\",\"urlTemplate\":\"https:\\\/\\\/www.lovendal.ro\\\/wp52\\\/?s={search_term_string}\"},\"query-input\":{\"@type\":\"PropertyValueSpecification\",\"valueRequired\":true,\"valueName\":\"search_term_string\"}}],\"inLanguage\":\"ro-RO\"},{\"@type\":\"Organization\",\"@id\":\"https:\\\/\\\/www.lovendal.ro\\\/wp52\\\/#organization\",\"name\":\"Secretele lui Lovendal\",\"url\":\"https:\\\/\\\/www.lovendal.ro\\\/wp52\\\/\",\"logo\":{\"@type\":\"ImageObject\",\"inLanguage\":\"ro-RO\",\"@id\":\"https:\\\/\\\/www.lovendal.ro\\\/wp52\\\/#\\\/schema\\\/logo\\\/image\\\/\",\"url\":\"https:\\\/\\\/www.lovendal.ro\\\/wp52\\\/wp-content\\\/uploads\\\/2024\\\/06\\\/cropped-SLL-iun-2024-1.jpg\",\"contentUrl\":\"https:\\\/\\\/www.lovendal.ro\\\/wp52\\\/wp-content\\\/uploads\\\/2024\\\/06\\\/cropped-SLL-iun-2024-1.jpg\",\"width\":771,\"height\":240,\"caption\":\"Secretele lui Lovendal\"},\"image\":{\"@id\":\"https:\\\/\\\/www.lovendal.ro\\\/wp52\\\/#\\\/schema\\\/logo\\\/image\\\/\"},\"sameAs\":[\"https:\\\/\\\/www.facebook.com\\\/secreteleluilovendal\"]},{\"@type\":\"Person\",\"@id\":\"https:\\\/\\\/www.lovendal.ro\\\/wp52\\\/#\\\/schema\\\/person\\\/088691de5dfc346bb0c023e1e52ef5d9\",\"name\":\"admin\",\"image\":{\"@type\":\"ImageObject\",\"inLanguage\":\"ro-RO\",\"@id\":\"https:\\\/\\\/secure.gravatar.com\\\/avatar\\\/ecb9cd41f5f63c9c9b989999a59f6e2639a865ec361e9db054db0679a8f341c2?s=96&d=mm&r=g\",\"url\":\"https:\\\/\\\/secure.gravatar.com\\\/avatar\\\/ecb9cd41f5f63c9c9b989999a59f6e2639a865ec361e9db054db0679a8f341c2?s=96&d=mm&r=g\",\"contentUrl\":\"https:\\\/\\\/secure.gravatar.com\\\/avatar\\\/ecb9cd41f5f63c9c9b989999a59f6e2639a865ec361e9db054db0679a8f341c2?s=96&d=mm&r=g\",\"caption\":\"admin\"},\"sameAs\":[\"https:\\\/\\\/www.lovendal.ro\\\/wp52\"]}]}<\/script>\n<!-- \/ Yoast SEO Premium plugin. -->","yoast_head_json":{"title":"Organiza\u0163ia globalist\u0103 \"Forumul Economic Mondial\" dore\u015fte \"Identitatea Digital\u0103\" pentru 1 miliard de oameni! A\u015fadar, cineva din umbr\u0103 ne va putea CONTROLA oric\u00e2nd... - Secretele lui Lovendal","robots":{"index":"index","follow":"follow","max-snippet":"max-snippet:-1","max-image-preview":"max-image-preview:large","max-video-preview":"max-video-preview:-1"},"canonical":"https:\/\/www.lovendal.ro\/wp52\/organizatia-globalista-forumul-economic-mondial-doreste-identitatea-digitala-pentru-1-miliard-de-oameni-asadar-cineva-din-umbra-ne-va-putea-controla-oricand\/","og_locale":"ro_RO","og_type":"article","og_title":"Organiza\u0163ia globalist\u0103 \"Forumul Economic Mondial\" dore\u015fte \"Identitatea Digital\u0103\" pentru 1 miliard de oameni! A\u015fadar, cineva din umbr\u0103 ne va putea CONTROLA oric\u00e2nd...","og_description":"\u00centr-un articol publicat pe 5 noiembrie 2020 &#8211; Coperta revistei \u201cTime\u201d din 2 noiembrie 2020 spune totul: ni se preg\u0103te\u015fte \u201cMarea Resetare\u201d! &#8211; am vorbit, printre altele, de globalistul Klaus Schwab, \u015feful Forumul Economic Mondial (un organism paralel, nelegitim, nevotat ... Cititi mai multe","og_url":"https:\/\/www.lovendal.ro\/wp52\/organizatia-globalista-forumul-economic-mondial-doreste-identitatea-digitala-pentru-1-miliard-de-oameni-asadar-cineva-din-umbra-ne-va-putea-controla-oricand\/","og_site_name":"Secretele lui Lovendal","article_publisher":"https:\/\/www.facebook.com\/secreteleluilovendal","article_published_time":"2020-12-27T17:04:21+00:00","og_image":[{"width":354,"height":206,"url":"https:\/\/www.lovendal.ro\/wp52\/wp-content\/uploads\/2020\/12\/Twitter-WEF.jpg","type":"image\/jpeg"}],"author":"admin","twitter_card":"summary_large_image","twitter_misc":{"Scris de":"admin","Timp estimat pentru citire":"3 minute"},"schema":{"@context":"https:\/\/schema.org","@graph":[{"@type":"Article","@id":"https:\/\/www.lovendal.ro\/wp52\/organizatia-globalista-forumul-economic-mondial-doreste-identitatea-digitala-pentru-1-miliard-de-oameni-asadar-cineva-din-umbra-ne-va-putea-controla-oricand\/#article","isPartOf":{"@id":"https:\/\/www.lovendal.ro\/wp52\/organizatia-globalista-forumul-economic-mondial-doreste-identitatea-digitala-pentru-1-miliard-de-oameni-asadar-cineva-din-umbra-ne-va-putea-controla-oricand\/"},"author":{"name":"admin","@id":"https:\/\/www.lovendal.ro\/wp52\/#\/schema\/person\/088691de5dfc346bb0c023e1e52ef5d9"},"headline":"Organiza\u0163ia globalist\u0103 &#8222;Forumul Economic Mondial&#8221; dore\u015fte &#8222;Identitatea Digital\u0103&#8221; pentru 1 miliard de oameni! A\u015fadar, cineva din umbr\u0103 ne va putea CONTROLA oric\u00e2nd&#8230;","datePublished":"2020-12-27T17:04:21+00:00","mainEntityOfPage":{"@id":"https:\/\/www.lovendal.ro\/wp52\/organizatia-globalista-forumul-economic-mondial-doreste-identitatea-digitala-pentru-1-miliard-de-oameni-asadar-cineva-din-umbra-ne-va-putea-controla-oricand\/"},"wordCount":547,"commentCount":0,"publisher":{"@id":"https:\/\/www.lovendal.ro\/wp52\/#organization"},"image":{"@id":"https:\/\/www.lovendal.ro\/wp52\/organizatia-globalista-forumul-economic-mondial-doreste-identitatea-digitala-pentru-1-miliard-de-oameni-asadar-cineva-din-umbra-ne-va-putea-controla-oricand\/#primaryimage"},"thumbnailUrl":"https:\/\/www.lovendal.ro\/wp52\/wp-content\/uploads\/2020\/12\/Twitter-WEF.jpg","keywords":["bani","Conspiratii si Mistere","control","Cr\u0103ciun","empatie","guvern","Klaus Schwab","libertatea","Lucifer","Marea Resetare Mondial\u0103","microcip","nemurire","oameni","partid","psihopa\u0163i","revist\u0103","robo\u0163i","sclavie","Times","transumanism","Twitter","vis","World Economic Forum"],"articleSection":["Conspiratii si Mistere"],"inLanguage":"ro-RO","potentialAction":[{"@type":"CommentAction","name":"Comment","target":["https:\/\/www.lovendal.ro\/wp52\/organizatia-globalista-forumul-economic-mondial-doreste-identitatea-digitala-pentru-1-miliard-de-oameni-asadar-cineva-din-umbra-ne-va-putea-controla-oricand\/#respond"]}]},{"@type":"WebPage","@id":"https:\/\/www.lovendal.ro\/wp52\/organizatia-globalista-forumul-economic-mondial-doreste-identitatea-digitala-pentru-1-miliard-de-oameni-asadar-cineva-din-umbra-ne-va-putea-controla-oricand\/","url":"https:\/\/www.lovendal.ro\/wp52\/organizatia-globalista-forumul-economic-mondial-doreste-identitatea-digitala-pentru-1-miliard-de-oameni-asadar-cineva-din-umbra-ne-va-putea-controla-oricand\/","name":"Organiza\u0163ia globalist\u0103 \"Forumul Economic Mondial\" dore\u015fte \"Identitatea Digital\u0103\" pentru 1 miliard de oameni! A\u015fadar, cineva din umbr\u0103 ne va putea CONTROLA oric\u00e2nd... - Secretele lui Lovendal","isPartOf":{"@id":"https:\/\/www.lovendal.ro\/wp52\/#website"},"primaryImageOfPage":{"@id":"https:\/\/www.lovendal.ro\/wp52\/organizatia-globalista-forumul-economic-mondial-doreste-identitatea-digitala-pentru-1-miliard-de-oameni-asadar-cineva-din-umbra-ne-va-putea-controla-oricand\/#primaryimage"},"image":{"@id":"https:\/\/www.lovendal.ro\/wp52\/organizatia-globalista-forumul-economic-mondial-doreste-identitatea-digitala-pentru-1-miliard-de-oameni-asadar-cineva-din-umbra-ne-va-putea-controla-oricand\/#primaryimage"},"thumbnailUrl":"https:\/\/www.lovendal.ro\/wp52\/wp-content\/uploads\/2020\/12\/Twitter-WEF.jpg","datePublished":"2020-12-27T17:04:21+00:00","breadcrumb":{"@id":"https:\/\/www.lovendal.ro\/wp52\/organizatia-globalista-forumul-economic-mondial-doreste-identitatea-digitala-pentru-1-miliard-de-oameni-asadar-cineva-din-umbra-ne-va-putea-controla-oricand\/#breadcrumb"},"inLanguage":"ro-RO","potentialAction":[{"@type":"ReadAction","target":["https:\/\/www.lovendal.ro\/wp52\/organizatia-globalista-forumul-economic-mondial-doreste-identitatea-digitala-pentru-1-miliard-de-oameni-asadar-cineva-din-umbra-ne-va-putea-controla-oricand\/"]}]},{"@type":"ImageObject","inLanguage":"ro-RO","@id":"https:\/\/www.lovendal.ro\/wp52\/organizatia-globalista-forumul-economic-mondial-doreste-identitatea-digitala-pentru-1-miliard-de-oameni-asadar-cineva-din-umbra-ne-va-putea-controla-oricand\/#primaryimage","url":"https:\/\/www.lovendal.ro\/wp52\/wp-content\/uploads\/2020\/12\/Twitter-WEF.jpg","contentUrl":"https:\/\/www.lovendal.ro\/wp52\/wp-content\/uploads\/2020\/12\/Twitter-WEF.jpg","width":354,"height":206},{"@type":"BreadcrumbList","@id":"https:\/\/www.lovendal.ro\/wp52\/organizatia-globalista-forumul-economic-mondial-doreste-identitatea-digitala-pentru-1-miliard-de-oameni-asadar-cineva-din-umbra-ne-va-putea-controla-oricand\/#breadcrumb","itemListElement":[{"@type":"ListItem","position":1,"name":"Home","item":"https:\/\/www.lovendal.ro\/wp52\/"},{"@type":"ListItem","position":2,"name":"Organiza\u0163ia globalist\u0103 &#8222;Forumul Economic Mondial&#8221; dore\u015fte &#8222;Identitatea Digital\u0103&#8221; pentru 1 miliard de oameni! A\u015fadar, cineva din umbr\u0103 ne va putea CONTROLA oric\u00e2nd&#8230;"}]},{"@type":"WebSite","@id":"https:\/\/www.lovendal.ro\/wp52\/#website","url":"https:\/\/www.lovendal.ro\/wp52\/","name":"Secretele lui Lovendal","description":"Site de secrete, stiinta si metafizica - din 2008 -","publisher":{"@id":"https:\/\/www.lovendal.ro\/wp52\/#organization"},"potentialAction":[{"@type":"SearchAction","target":{"@type":"EntryPoint","urlTemplate":"https:\/\/www.lovendal.ro\/wp52\/?s={search_term_string}"},"query-input":{"@type":"PropertyValueSpecification","valueRequired":true,"valueName":"search_term_string"}}],"inLanguage":"ro-RO"},{"@type":"Organization","@id":"https:\/\/www.lovendal.ro\/wp52\/#organization","name":"Secretele lui Lovendal","url":"https:\/\/www.lovendal.ro\/wp52\/","logo":{"@type":"ImageObject","inLanguage":"ro-RO","@id":"https:\/\/www.lovendal.ro\/wp52\/#\/schema\/logo\/image\/","url":"https:\/\/www.lovendal.ro\/wp52\/wp-content\/uploads\/2024\/06\/cropped-SLL-iun-2024-1.jpg","contentUrl":"https:\/\/www.lovendal.ro\/wp52\/wp-content\/uploads\/2024\/06\/cropped-SLL-iun-2024-1.jpg","width":771,"height":240,"caption":"Secretele lui Lovendal"},"image":{"@id":"https:\/\/www.lovendal.ro\/wp52\/#\/schema\/logo\/image\/"},"sameAs":["https:\/\/www.facebook.com\/secreteleluilovendal"]},{"@type":"Person","@id":"https:\/\/www.lovendal.ro\/wp52\/#\/schema\/person\/088691de5dfc346bb0c023e1e52ef5d9","name":"admin","image":{"@type":"ImageObject","inLanguage":"ro-RO","@id":"https:\/\/secure.gravatar.com\/avatar\/ecb9cd41f5f63c9c9b989999a59f6e2639a865ec361e9db054db0679a8f341c2?s=96&d=mm&r=g","url":"https:\/\/secure.gravatar.com\/avatar\/ecb9cd41f5f63c9c9b989999a59f6e2639a865ec361e9db054db0679a8f341c2?s=96&d=mm&r=g","contentUrl":"https:\/\/secure.gravatar.com\/avatar\/ecb9cd41f5f63c9c9b989999a59f6e2639a865ec361e9db054db0679a8f341c2?s=96&d=mm&r=g","caption":"admin"},"sameAs":["https:\/\/www.lovendal.ro\/wp52"]}]}},"_links":{"self":[{"href":"https:\/\/www.lovendal.ro\/wp52\/wp-json\/wp\/v2\/posts\/72921","targetHints":{"allow":["GET"]}}],"collection":[{"href":"https:\/\/www.lovendal.ro\/wp52\/wp-json\/wp\/v2\/posts"}],"about":[{"href":"https:\/\/www.lovendal.ro\/wp52\/wp-json\/wp\/v2\/types\/post"}],"author":[{"embeddable":true,"href":"https:\/\/www.lovendal.ro\/wp52\/wp-json\/wp\/v2\/users\/1"}],"replies":[{"embeddable":true,"href":"https:\/\/www.lovendal.ro\/wp52\/wp-json\/wp\/v2\/comments?post=72921"}],"version-history":[{"count":0,"href":"https:\/\/www.lovendal.ro\/wp52\/wp-json\/wp\/v2\/posts\/72921\/revisions"}],"wp:featuredmedia":[{"embeddable":true,"href":"https:\/\/www.lovendal.ro\/wp52\/wp-json\/wp\/v2\/media\/72922"}],"wp:attachment":[{"href":"https:\/\/www.lovendal.ro\/wp52\/wp-json\/wp\/v2\/media?parent=72921"}],"wp:term":[{"taxonomy":"category","embeddable":true,"href":"https:\/\/www.lovendal.ro\/wp52\/wp-json\/wp\/v2\/categories?post=72921"},{"taxonomy":"post_tag","embeddable":true,"href":"https:\/\/www.lovendal.ro\/wp52\/wp-json\/wp\/v2\/tags?post=72921"}],"curies":[{"name":"wp","href":"https:\/\/api.w.org\/{rel}","templated":true}]}}