{"id":7283,"date":"2009-09-02T06:23:45","date_gmt":"2009-09-02T03:23:45","guid":{"rendered":"http:\/\/www.lovendal.net\/wp52\/?p=7283"},"modified":"2009-09-02T06:25:30","modified_gmt":"2009-09-02T03:25:30","slug":"politicieni-hapsani-ue-vrea-sa-introduca-taxa-pe-co2-desi-totul-e-doar-o-minciuna","status":"publish","type":"post","link":"https:\/\/www.lovendal.ro\/wp52\/politicieni-hapsani-ue-vrea-sa-introduca-taxa-pe-co2-desi-totul-e-doar-o-minciuna\/","title":{"rendered":"Politicieni haps\u00e2ni: UE vrea s\u0103 introduc\u0103 tax\u0103 pe CO2, de\u015fi totul e doar o minciun\u0103"},"content":{"rendered":"<p><a href=\"https:\/\/www.lovendal.ro\/wp52\/wp-content\/uploads\/2009\/09\/EFECT-DE-SERA.jpg\"><img loading=\"lazy\" decoding=\"async\" class=\"alignleft size-full wp-image-7284\" title=\"EFECT DE SERA\" src=\"https:\/\/www.lovendal.ro\/wp52\/wp-content\/uploads\/2009\/09\/EFECT-DE-SERA.jpg\" alt=\"EFECT DE SERA\" width=\"282\" height=\"194\" \/><\/a>De\u015fi efectul de ser\u0103 al P\u0103m\u00e2ntului nu este cauzat de CO2, ci de \u00eenc\u0103lzirea Soarelui (vezi articolul <span style=\"color: #0000ff;\"><span style=\"text-decoration: underline;\"><strong><a href=\"https:\/\/www.lovendal.ro\/wp52\/conspiratia-incalzirii-globale-10-mituri-care-au-inselat-omenirea\/\">&#8222;Conspira\u0163ia \u00eenc\u0103lzirii globale: 10 mituri care au \u00een\u015felat omenirea&#8221;<\/a><\/strong><\/span><\/span>), \u015fi de\u015fi omenirea nu este aproape deloc r\u0103spunz\u0103toare pentru emisiile de CO2 (vezi articolul <span style=\"color: #0000ff;\"><span style=\"text-decoration: underline;\"><strong><a href=\"https:\/\/www.lovendal.ro\/wp52\/cum-suntem-manipulati-in-legatura-cu-poluarea-cu-co2\/\">&#8222;Cum suntem manipula\u0163i \u00een leg\u0103tur\u0103 cu poluarea cu CO2&#8221;<\/a><\/strong><\/span><\/span>), totu\u015fi politicienii cei haps\u00e2ni se g\u00e2ndesc la introducerea de noi taxe \u00eempotriva emisiilor de CO2.<\/p>\n<p><span style=\"border: medium none ; margin: 0px; padding: 0px; position: static; cursor: auto; color: #222222; text-decoration: none;\"> Astfel, o tax\u0103 pentru emisiile de CO2, care ar putea s\u0103 intre \u00een vigoare \u00een Fran\u0163a din 2010 \u015fi, ulterior, s\u0103 fie extins\u0103 \u00een \u00eentreaga UE, reprezint\u0103 una dintre cele mai pu\u0163in populare solu\u0163ii anticriz\u0103 luate \u00een discu\u0163ie la Paris. \u00cen schimb, sumele uria\u015fe aduse la buget \u2013 potrivit unui raport \u00eentocmit de fostul premier Michel Rochard \u015fi publicat ieri \u2013 fac \u201eirezistibil\u0103\u201d tenta\u0163ia pentru guvernan\u0163i. <\/span><\/p>\n<p><span style=\"border: medium none ; margin: 0px; padding: 0px; position: static; cursor: auto; color: #222222; text-decoration: none;\"> \u00censu\u015fi pre\u015fedintele Nicolas Sarkozy s-a declarat \u00een favoarea taxei, dar pe care ar dori-o pus\u0103 \u00een aplicare \u201ec\u00e2t mai t\u00e2rziu posibil\u201d. Greu de acceptat de electorat (c\u0103ci ar cre\u015fte cheltuielile unei familii cu cel pu\u0163in 300 euro pe an), m\u0103sura ar deveni un fel de \u201eTVA ecologic\u201d.\u00centreprinderile a c\u0103ror activitate degaj\u0103 dioxid de carbon \u00een atmosfer\u0103 ar trebui s\u0103 achite noua tax\u0103, dar \u015fi orice francez care merge cu ma\u015fina \u015fi \u00ee\u015fi \u00eenc\u0103lze\u015fte casa<span style=\"border-style: none none solid; border-color: -moz-use-text-color -moz-use-text-color #c0d1fe; border-width: medium medium 1px; margin: 0px; padding: 0px; color: #0494e1 ! important; cursor: pointer; display: inline ! important; position: static;\" onclick=\"X1U3TClick(this,0);\" onmouseover=\"X1U3TOver(this,0,'casa',19);\" onmouseout=\"X1U3TOut(this,0);\"> <\/span> cu p\u0103cur\u0103, c\u0103rbune sau gaz natural. \u00centr-o anumit\u0103 m\u0103sur\u0103, consumul se va reduce, dar nimeni nu poate renun\u0163a s\u0103 deschid\u0103 aragazul, sistemul de \u00eenc\u0103lzire ori s\u0103 foloseasc\u0103 ma\u015fina personal\u0103, chiar dac\u0103 \u00ee\u015fi reduce c\u0103l\u0103toriile. <\/span><\/p>\n<div id=\"bannerRectangle\" style=\"float: right; margin-left: 10px; padding-top: 6px;\"><!-- Mediapro Interactiv Standard Code --> <script type=\"text\/javascript\">\/\/ <![CDATA[\n\tX1_AdParams = \n\t{\n\t\t'pub'\t\t:\t'632203491294404',\n\t\t'site'\t\t:\t'gandul',\n\t\t'section'\t:\t'site',\n\t\t'zone'\t\t:\t'rectangle UP',\n\t\t'size'\t\t:\t'0x0'\n\n\t};\n\/\/ ]]><\/script><script src=\"http:\/\/content.ad20.net\/Lib.js\" type=\"text\/javascript\"><\/script><script src=\"http:\/\/core.ad20.net\/ad?snocache=1251860741299_4789229742745482&amp;spgid=54106365037987190&amp;sfver=0&amp;pub=632203491294404&amp;site=gandul&amp;section=site&amp;zone=rectangle%20UP&amp;size=0x0&amp;surl=http%3A%2F%2Fwww.gandul.info%2Finternational%2Foccidentul-pregateste-noi-taxe-pentru-a-iesi-din-criza-4834735&amp;sref=http%3A%2F%2Fcontent.ad20.net%2FStorage%2F99641_5816670056EF4233A72DB851B68D3341%2Findex.html%3Fid%3D99641%26dir%3Dhttp%253A%2F%2Fcontent.ad20.net%2FStorage%2F99641_5816670056EF4233A72DB851B68D3341%2F%26trk%3D1%26trkimg%3Dhttp%253A%2F%2Fcore.ad20.net%2Fx0.gif%26click%3Dhttp%253A%2F%2Fcore.ad20.net%2Fclick%26params%3D%2526snocache%253D1251860722836_17535960687621954%2526spgid%253D99999190825003890%2526sfver%253D0%2526__x1ts%253D91ef19e0%2526pub%253D62%2526site%253D3224%2526section%253D136%2526zone%253D78%2526size%253D0x0%2526xcrid%253D99641%2526xgeo%253DRO%257C23%257C0%257CIasi%257C%257C0%257C%2526x1guid%253D417229705210806001%2526x1ctxkw%253D__context%26dtime%3D15%26url%3Dhttp%253A%2F%2Fwww.gandul.info%2Finternational%2Foccidentul-pregateste-noi-taxe-pentru-a-iesi-din-criza-4834735\"><\/script><\/p>\n<div style=\"width: 0px; height: 0px;\"><img loading=\"lazy\" decoding=\"async\" onmouseover=\"self.status='';return true;\" src=\"http:\/\/content.ad20.net\/Storage\/0_0\/blank.gif\" border=\"0\" alt=\"\" width=\"0\" height=\"0\" \/><\/div>\n<p><img loading=\"lazy\" decoding=\"async\" style=\"position: absolute ! important; left: -100px ! important; top: -100px ! important; width: 1px; height: 1px;\" src=\"http:\/\/core.ad20.net\/x0.gif?sdtrnd=0.7939351175608587&amp;&amp;snocache=1251860741299_4789229742745482&amp;spgid=54106365037987190&amp;sfver=0&amp;__x1ts=9eafc4b4&amp;pub=62&amp;site=3224&amp;section=135&amp;zone=154&amp;size=0x0&amp;xcrid=0&amp;xgeo=RO%7C23%7C0%7CIasi%7C%7C0%7C&amp;x1guid=417229705210806001\" border=\"0\" alt=\"\" width=\"1\" height=\"1\" \/> <!-- Mediapro Interactiv Standard Code --><\/div>\n<p><span style=\"border: medium none ; margin: 0px; padding: 0px; position: static; cursor: auto; color: #222222; text-decoration: none;\"> Pe de alt\u0103 parte, supu\u015fi noii taxe, nu to\u0163i agen\u0163ii economici vor intra \u00een faliment, ci vor transfera noile costuri \u2013 de pild\u0103, circa 7-8 eurocen\u0163i \u00een plus la litrul de benzin\u0103 sau 15% din factura la gaze \u2013 \u00een pre\u0163ul final al produselor \u015fi serviciilor oferite. Dac\u0103 \u00een 2010, taxa va fi echivalent\u0103 cu 32 euro pentru o ton\u0103 de CO2, ea ar urma s\u0103 creasc\u0103 cu 5% pe an p\u00e2n\u0103 \u00een 2030. Propunerea noii taxe a fost inspirat\u0103 de succesul din Suedia, unde impozitarea emisiilor de CO2 este \u00een vigoare din 1990. De atunci, emisiile cu efect de ser\u0103 s-au redus cu 9% \u00een aceast\u0103 \u0163ar\u0103, dar f\u0103r\u0103 s\u0103 afecteze cre\u015fterea economic\u0103. \u00cen mai pu\u0163in de 20 de ani, PIB-ul Suediei a crescut cu 48%. <\/span><\/p>\n<p><span style=\"border: medium none ; margin: 0px; padding: 0px; position: static; cursor: auto; color: #222222; text-decoration: none;\"> Nu \u00eent\u00e2mpl\u0103tor, Guvernul de la Stockholm, care de\u0163ine pre\u015fedin\u0163ia Consiliului UE p\u00e2n\u0103 \u00een decembrie, militeaz\u0103 pentru extinderea aceleia\u015fi taxe la nivel european, astfel c\u0103 raportul fostului premier socialist Rochard nu ar fi dec\u00e2t un studiu de fezabilitate a unei m\u0103suri de care nu vor sc\u0103pa \u015fi al\u0163i europeni. \u00cen Fran\u0163a, se estimeaz\u0103 c\u0103 taxa va afecta activitatea IMM-urilor, dar va stimula industria construc\u0163iilor, a transporturilor feroviare \u015fi fluviale \u015fi a energiei regenerabile. <\/span><\/p>\n<p>C\u00e2t timp mai suntem dispu\u015fi s\u0103 ascult\u0103m toate minciunile politicienilor cu privire la emisiile de CO2?<\/p>\n","protected":false},"excerpt":{"rendered":"<p>De\u015fi efectul de ser\u0103 al P\u0103m\u00e2ntului nu este cauzat de CO2, ci de \u00eenc\u0103lzirea Soarelui (vezi articolul &#8222;Conspira\u0163ia \u00eenc\u0103lzirii globale: 10 mituri care au \u00een\u015felat omenirea&#8221;), \u015fi de\u015fi omenirea nu este aproape deloc r\u0103spunz\u0103toare pentru emisiile de CO2 (vezi articolul &#8230; <\/p>\n<p class=\"read-more-container\"><a title=\"Politicieni haps\u00e2ni: UE vrea s\u0103 introduc\u0103 tax\u0103 pe CO2, de\u015fi totul e doar o minciun\u0103\" class=\"read-more button\" href=\"https:\/\/www.lovendal.ro\/wp52\/politicieni-hapsani-ue-vrea-sa-introduca-taxa-pe-co2-desi-totul-e-doar-o-minciuna\/#more-7283\" aria-label=\"Cite\u0219te mai multe despre Politicieni haps\u00e2ni: UE vrea s\u0103 introduc\u0103 tax\u0103 pe CO2, de\u015fi totul e doar o minciun\u0103\">Cititi mai multe<\/a><\/p>\n","protected":false},"author":1,"featured_media":7284,"comment_status":"open","ping_status":"closed","sticky":false,"template":"","format":"standard","meta":{"footnotes":""},"categories":[475],"tags":[1962,1961,202,1960,1123,200],"class_list":["post-7283","post","type-post","status-publish","format-standard","has-post-thumbnail","hentry","category-conspiratii-mistere","tag-co2","tag-efect-de-sera","tag-franta","tag-incalzire-globala","tag-suedia","tag-uniunea-europeana","resize-featured-image"],"yoast_head":"<!-- This site is optimized with the Yoast SEO Premium plugin v23.3 (Yoast SEO v27.4) - https:\/\/yoast.com\/product\/yoast-seo-premium-wordpress\/ -->\n<title>Politicieni haps\u00e2ni: UE vrea s\u0103 introduc\u0103 tax\u0103 pe CO2, de\u015fi totul e doar o minciun\u0103 - Secretele lui Lovendal<\/title>\n<meta name=\"robots\" content=\"index, follow, max-snippet:-1, max-image-preview:large, max-video-preview:-1\" \/>\n<link rel=\"canonical\" href=\"https:\/\/www.lovendal.ro\/wp52\/politicieni-hapsani-ue-vrea-sa-introduca-taxa-pe-co2-desi-totul-e-doar-o-minciuna\/\" \/>\n<meta property=\"og:locale\" content=\"ro_RO\" \/>\n<meta property=\"og:type\" content=\"article\" \/>\n<meta property=\"og:title\" content=\"Politicieni haps\u00e2ni: UE vrea s\u0103 introduc\u0103 tax\u0103 pe CO2, de\u015fi totul e doar o minciun\u0103\" \/>\n<meta property=\"og:description\" content=\"De\u015fi efectul de ser\u0103 al P\u0103m\u00e2ntului nu este cauzat de CO2, ci de \u00eenc\u0103lzirea Soarelui (vezi articolul &#8222;Conspira\u0163ia \u00eenc\u0103lzirii globale: 10 mituri care au \u00een\u015felat omenirea&#8221;), \u015fi de\u015fi omenirea nu este aproape deloc r\u0103spunz\u0103toare pentru emisiile de CO2 (vezi articolul ... Cititi mai multe\" \/>\n<meta property=\"og:url\" content=\"https:\/\/www.lovendal.ro\/wp52\/politicieni-hapsani-ue-vrea-sa-introduca-taxa-pe-co2-desi-totul-e-doar-o-minciuna\/\" \/>\n<meta property=\"og:site_name\" content=\"Secretele lui Lovendal\" \/>\n<meta property=\"article:publisher\" content=\"https:\/\/www.facebook.com\/secreteleluilovendal\" \/>\n<meta property=\"article:published_time\" content=\"2009-09-02T03:23:45+00:00\" \/>\n<meta property=\"article:modified_time\" content=\"2009-09-02T03:25:30+00:00\" \/>\n<meta property=\"og:image\" content=\"https:\/\/www.lovendal.ro\/wp52\/wp-content\/uploads\/2009\/09\/EFECT-DE-SERA.jpg\" \/>\n\t<meta property=\"og:image:width\" content=\"282\" \/>\n\t<meta property=\"og:image:height\" content=\"194\" \/>\n\t<meta property=\"og:image:type\" content=\"image\/jpeg\" \/>\n<meta name=\"author\" content=\"admin\" \/>\n<meta name=\"twitter:card\" content=\"summary_large_image\" \/>\n<meta name=\"twitter:label1\" content=\"Scris de\" \/>\n\t<meta name=\"twitter:data1\" content=\"admin\" \/>\n\t<meta name=\"twitter:label2\" content=\"Timp estimat pentru citire\" \/>\n\t<meta name=\"twitter:data2\" content=\"3 minute\" \/>\n<script type=\"application\/ld+json\" class=\"yoast-schema-graph\">{\"@context\":\"https:\\\/\\\/schema.org\",\"@graph\":[{\"@type\":\"Article\",\"@id\":\"https:\\\/\\\/www.lovendal.ro\\\/wp52\\\/politicieni-hapsani-ue-vrea-sa-introduca-taxa-pe-co2-desi-totul-e-doar-o-minciuna\\\/#article\",\"isPartOf\":{\"@id\":\"https:\\\/\\\/www.lovendal.ro\\\/wp52\\\/politicieni-hapsani-ue-vrea-sa-introduca-taxa-pe-co2-desi-totul-e-doar-o-minciuna\\\/\"},\"author\":{\"name\":\"admin\",\"@id\":\"https:\\\/\\\/www.lovendal.ro\\\/wp52\\\/#\\\/schema\\\/person\\\/088691de5dfc346bb0c023e1e52ef5d9\"},\"headline\":\"Politicieni haps\u00e2ni: UE vrea s\u0103 introduc\u0103 tax\u0103 pe CO2, de\u015fi totul e doar o minciun\u0103\",\"datePublished\":\"2009-09-02T03:23:45+00:00\",\"dateModified\":\"2009-09-02T03:25:30+00:00\",\"mainEntityOfPage\":{\"@id\":\"https:\\\/\\\/www.lovendal.ro\\\/wp52\\\/politicieni-hapsani-ue-vrea-sa-introduca-taxa-pe-co2-desi-totul-e-doar-o-minciuna\\\/\"},\"wordCount\":522,\"commentCount\":1,\"publisher\":{\"@id\":\"https:\\\/\\\/www.lovendal.ro\\\/wp52\\\/#organization\"},\"image\":{\"@id\":\"https:\\\/\\\/www.lovendal.ro\\\/wp52\\\/politicieni-hapsani-ue-vrea-sa-introduca-taxa-pe-co2-desi-totul-e-doar-o-minciuna\\\/#primaryimage\"},\"thumbnailUrl\":\"https:\\\/\\\/www.lovendal.ro\\\/wp52\\\/wp-content\\\/uploads\\\/2009\\\/09\\\/EFECT-DE-SERA.jpg\",\"keywords\":[\"CO2\",\"efect de ser\u0103\",\"Fran\u0163a\",\"\u00eenc\u0103lzire global\u0103\",\"Suedia\",\"Uniunea European\u0103\"],\"articleSection\":[\"Conspiratii si Mistere\"],\"inLanguage\":\"ro-RO\",\"potentialAction\":[{\"@type\":\"CommentAction\",\"name\":\"Comment\",\"target\":[\"https:\\\/\\\/www.lovendal.ro\\\/wp52\\\/politicieni-hapsani-ue-vrea-sa-introduca-taxa-pe-co2-desi-totul-e-doar-o-minciuna\\\/#respond\"]}]},{\"@type\":\"WebPage\",\"@id\":\"https:\\\/\\\/www.lovendal.ro\\\/wp52\\\/politicieni-hapsani-ue-vrea-sa-introduca-taxa-pe-co2-desi-totul-e-doar-o-minciuna\\\/\",\"url\":\"https:\\\/\\\/www.lovendal.ro\\\/wp52\\\/politicieni-hapsani-ue-vrea-sa-introduca-taxa-pe-co2-desi-totul-e-doar-o-minciuna\\\/\",\"name\":\"Politicieni haps\u00e2ni: UE vrea s\u0103 introduc\u0103 tax\u0103 pe CO2, de\u015fi totul e doar o minciun\u0103 - Secretele lui Lovendal\",\"isPartOf\":{\"@id\":\"https:\\\/\\\/www.lovendal.ro\\\/wp52\\\/#website\"},\"primaryImageOfPage\":{\"@id\":\"https:\\\/\\\/www.lovendal.ro\\\/wp52\\\/politicieni-hapsani-ue-vrea-sa-introduca-taxa-pe-co2-desi-totul-e-doar-o-minciuna\\\/#primaryimage\"},\"image\":{\"@id\":\"https:\\\/\\\/www.lovendal.ro\\\/wp52\\\/politicieni-hapsani-ue-vrea-sa-introduca-taxa-pe-co2-desi-totul-e-doar-o-minciuna\\\/#primaryimage\"},\"thumbnailUrl\":\"https:\\\/\\\/www.lovendal.ro\\\/wp52\\\/wp-content\\\/uploads\\\/2009\\\/09\\\/EFECT-DE-SERA.jpg\",\"datePublished\":\"2009-09-02T03:23:45+00:00\",\"dateModified\":\"2009-09-02T03:25:30+00:00\",\"breadcrumb\":{\"@id\":\"https:\\\/\\\/www.lovendal.ro\\\/wp52\\\/politicieni-hapsani-ue-vrea-sa-introduca-taxa-pe-co2-desi-totul-e-doar-o-minciuna\\\/#breadcrumb\"},\"inLanguage\":\"ro-RO\",\"potentialAction\":[{\"@type\":\"ReadAction\",\"target\":[\"https:\\\/\\\/www.lovendal.ro\\\/wp52\\\/politicieni-hapsani-ue-vrea-sa-introduca-taxa-pe-co2-desi-totul-e-doar-o-minciuna\\\/\"]}]},{\"@type\":\"ImageObject\",\"inLanguage\":\"ro-RO\",\"@id\":\"https:\\\/\\\/www.lovendal.ro\\\/wp52\\\/politicieni-hapsani-ue-vrea-sa-introduca-taxa-pe-co2-desi-totul-e-doar-o-minciuna\\\/#primaryimage\",\"url\":\"https:\\\/\\\/www.lovendal.ro\\\/wp52\\\/wp-content\\\/uploads\\\/2009\\\/09\\\/EFECT-DE-SERA.jpg\",\"contentUrl\":\"https:\\\/\\\/www.lovendal.ro\\\/wp52\\\/wp-content\\\/uploads\\\/2009\\\/09\\\/EFECT-DE-SERA.jpg\",\"width\":\"282\",\"height\":\"194\"},{\"@type\":\"BreadcrumbList\",\"@id\":\"https:\\\/\\\/www.lovendal.ro\\\/wp52\\\/politicieni-hapsani-ue-vrea-sa-introduca-taxa-pe-co2-desi-totul-e-doar-o-minciuna\\\/#breadcrumb\",\"itemListElement\":[{\"@type\":\"ListItem\",\"position\":1,\"name\":\"Home\",\"item\":\"https:\\\/\\\/www.lovendal.ro\\\/wp52\\\/\"},{\"@type\":\"ListItem\",\"position\":2,\"name\":\"Politicieni haps\u00e2ni: UE vrea s\u0103 introduc\u0103 tax\u0103 pe CO2, de\u015fi totul e doar o minciun\u0103\"}]},{\"@type\":\"WebSite\",\"@id\":\"https:\\\/\\\/www.lovendal.ro\\\/wp52\\\/#website\",\"url\":\"https:\\\/\\\/www.lovendal.ro\\\/wp52\\\/\",\"name\":\"Secretele lui Lovendal\",\"description\":\"Site de secrete, stiinta si metafizica - din 2008 -\",\"publisher\":{\"@id\":\"https:\\\/\\\/www.lovendal.ro\\\/wp52\\\/#organization\"},\"potentialAction\":[{\"@type\":\"SearchAction\",\"target\":{\"@type\":\"EntryPoint\",\"urlTemplate\":\"https:\\\/\\\/www.lovendal.ro\\\/wp52\\\/?s={search_term_string}\"},\"query-input\":{\"@type\":\"PropertyValueSpecification\",\"valueRequired\":true,\"valueName\":\"search_term_string\"}}],\"inLanguage\":\"ro-RO\"},{\"@type\":\"Organization\",\"@id\":\"https:\\\/\\\/www.lovendal.ro\\\/wp52\\\/#organization\",\"name\":\"Secretele lui Lovendal\",\"url\":\"https:\\\/\\\/www.lovendal.ro\\\/wp52\\\/\",\"logo\":{\"@type\":\"ImageObject\",\"inLanguage\":\"ro-RO\",\"@id\":\"https:\\\/\\\/www.lovendal.ro\\\/wp52\\\/#\\\/schema\\\/logo\\\/image\\\/\",\"url\":\"https:\\\/\\\/www.lovendal.ro\\\/wp52\\\/wp-content\\\/uploads\\\/2024\\\/06\\\/cropped-SLL-iun-2024-1.jpg\",\"contentUrl\":\"https:\\\/\\\/www.lovendal.ro\\\/wp52\\\/wp-content\\\/uploads\\\/2024\\\/06\\\/cropped-SLL-iun-2024-1.jpg\",\"width\":771,\"height\":240,\"caption\":\"Secretele lui Lovendal\"},\"image\":{\"@id\":\"https:\\\/\\\/www.lovendal.ro\\\/wp52\\\/#\\\/schema\\\/logo\\\/image\\\/\"},\"sameAs\":[\"https:\\\/\\\/www.facebook.com\\\/secreteleluilovendal\"]},{\"@type\":\"Person\",\"@id\":\"https:\\\/\\\/www.lovendal.ro\\\/wp52\\\/#\\\/schema\\\/person\\\/088691de5dfc346bb0c023e1e52ef5d9\",\"name\":\"admin\",\"image\":{\"@type\":\"ImageObject\",\"inLanguage\":\"ro-RO\",\"@id\":\"https:\\\/\\\/secure.gravatar.com\\\/avatar\\\/ecb9cd41f5f63c9c9b989999a59f6e2639a865ec361e9db054db0679a8f341c2?s=96&d=mm&r=g\",\"url\":\"https:\\\/\\\/secure.gravatar.com\\\/avatar\\\/ecb9cd41f5f63c9c9b989999a59f6e2639a865ec361e9db054db0679a8f341c2?s=96&d=mm&r=g\",\"contentUrl\":\"https:\\\/\\\/secure.gravatar.com\\\/avatar\\\/ecb9cd41f5f63c9c9b989999a59f6e2639a865ec361e9db054db0679a8f341c2?s=96&d=mm&r=g\",\"caption\":\"admin\"},\"sameAs\":[\"https:\\\/\\\/www.lovendal.ro\\\/wp52\"]}]}<\/script>\n<!-- \/ Yoast SEO Premium plugin. -->","yoast_head_json":{"title":"Politicieni haps\u00e2ni: UE vrea s\u0103 introduc\u0103 tax\u0103 pe CO2, de\u015fi totul e doar o minciun\u0103 - Secretele lui Lovendal","robots":{"index":"index","follow":"follow","max-snippet":"max-snippet:-1","max-image-preview":"max-image-preview:large","max-video-preview":"max-video-preview:-1"},"canonical":"https:\/\/www.lovendal.ro\/wp52\/politicieni-hapsani-ue-vrea-sa-introduca-taxa-pe-co2-desi-totul-e-doar-o-minciuna\/","og_locale":"ro_RO","og_type":"article","og_title":"Politicieni haps\u00e2ni: UE vrea s\u0103 introduc\u0103 tax\u0103 pe CO2, de\u015fi totul e doar o minciun\u0103","og_description":"De\u015fi efectul de ser\u0103 al P\u0103m\u00e2ntului nu este cauzat de CO2, ci de \u00eenc\u0103lzirea Soarelui (vezi articolul &#8222;Conspira\u0163ia \u00eenc\u0103lzirii globale: 10 mituri care au \u00een\u015felat omenirea&#8221;), \u015fi de\u015fi omenirea nu este aproape deloc r\u0103spunz\u0103toare pentru emisiile de CO2 (vezi articolul ... Cititi mai multe","og_url":"https:\/\/www.lovendal.ro\/wp52\/politicieni-hapsani-ue-vrea-sa-introduca-taxa-pe-co2-desi-totul-e-doar-o-minciuna\/","og_site_name":"Secretele lui Lovendal","article_publisher":"https:\/\/www.facebook.com\/secreteleluilovendal","article_published_time":"2009-09-02T03:23:45+00:00","article_modified_time":"2009-09-02T03:25:30+00:00","og_image":[{"width":282,"height":194,"url":"https:\/\/www.lovendal.ro\/wp52\/wp-content\/uploads\/2009\/09\/EFECT-DE-SERA.jpg","type":"image\/jpeg"}],"author":"admin","twitter_card":"summary_large_image","twitter_misc":{"Scris de":"admin","Timp estimat pentru citire":"3 minute"},"schema":{"@context":"https:\/\/schema.org","@graph":[{"@type":"Article","@id":"https:\/\/www.lovendal.ro\/wp52\/politicieni-hapsani-ue-vrea-sa-introduca-taxa-pe-co2-desi-totul-e-doar-o-minciuna\/#article","isPartOf":{"@id":"https:\/\/www.lovendal.ro\/wp52\/politicieni-hapsani-ue-vrea-sa-introduca-taxa-pe-co2-desi-totul-e-doar-o-minciuna\/"},"author":{"name":"admin","@id":"https:\/\/www.lovendal.ro\/wp52\/#\/schema\/person\/088691de5dfc346bb0c023e1e52ef5d9"},"headline":"Politicieni haps\u00e2ni: UE vrea s\u0103 introduc\u0103 tax\u0103 pe CO2, de\u015fi totul e doar o minciun\u0103","datePublished":"2009-09-02T03:23:45+00:00","dateModified":"2009-09-02T03:25:30+00:00","mainEntityOfPage":{"@id":"https:\/\/www.lovendal.ro\/wp52\/politicieni-hapsani-ue-vrea-sa-introduca-taxa-pe-co2-desi-totul-e-doar-o-minciuna\/"},"wordCount":522,"commentCount":1,"publisher":{"@id":"https:\/\/www.lovendal.ro\/wp52\/#organization"},"image":{"@id":"https:\/\/www.lovendal.ro\/wp52\/politicieni-hapsani-ue-vrea-sa-introduca-taxa-pe-co2-desi-totul-e-doar-o-minciuna\/#primaryimage"},"thumbnailUrl":"https:\/\/www.lovendal.ro\/wp52\/wp-content\/uploads\/2009\/09\/EFECT-DE-SERA.jpg","keywords":["CO2","efect de ser\u0103","Fran\u0163a","\u00eenc\u0103lzire global\u0103","Suedia","Uniunea European\u0103"],"articleSection":["Conspiratii si Mistere"],"inLanguage":"ro-RO","potentialAction":[{"@type":"CommentAction","name":"Comment","target":["https:\/\/www.lovendal.ro\/wp52\/politicieni-hapsani-ue-vrea-sa-introduca-taxa-pe-co2-desi-totul-e-doar-o-minciuna\/#respond"]}]},{"@type":"WebPage","@id":"https:\/\/www.lovendal.ro\/wp52\/politicieni-hapsani-ue-vrea-sa-introduca-taxa-pe-co2-desi-totul-e-doar-o-minciuna\/","url":"https:\/\/www.lovendal.ro\/wp52\/politicieni-hapsani-ue-vrea-sa-introduca-taxa-pe-co2-desi-totul-e-doar-o-minciuna\/","name":"Politicieni haps\u00e2ni: UE vrea s\u0103 introduc\u0103 tax\u0103 pe CO2, de\u015fi totul e doar o minciun\u0103 - Secretele lui Lovendal","isPartOf":{"@id":"https:\/\/www.lovendal.ro\/wp52\/#website"},"primaryImageOfPage":{"@id":"https:\/\/www.lovendal.ro\/wp52\/politicieni-hapsani-ue-vrea-sa-introduca-taxa-pe-co2-desi-totul-e-doar-o-minciuna\/#primaryimage"},"image":{"@id":"https:\/\/www.lovendal.ro\/wp52\/politicieni-hapsani-ue-vrea-sa-introduca-taxa-pe-co2-desi-totul-e-doar-o-minciuna\/#primaryimage"},"thumbnailUrl":"https:\/\/www.lovendal.ro\/wp52\/wp-content\/uploads\/2009\/09\/EFECT-DE-SERA.jpg","datePublished":"2009-09-02T03:23:45+00:00","dateModified":"2009-09-02T03:25:30+00:00","breadcrumb":{"@id":"https:\/\/www.lovendal.ro\/wp52\/politicieni-hapsani-ue-vrea-sa-introduca-taxa-pe-co2-desi-totul-e-doar-o-minciuna\/#breadcrumb"},"inLanguage":"ro-RO","potentialAction":[{"@type":"ReadAction","target":["https:\/\/www.lovendal.ro\/wp52\/politicieni-hapsani-ue-vrea-sa-introduca-taxa-pe-co2-desi-totul-e-doar-o-minciuna\/"]}]},{"@type":"ImageObject","inLanguage":"ro-RO","@id":"https:\/\/www.lovendal.ro\/wp52\/politicieni-hapsani-ue-vrea-sa-introduca-taxa-pe-co2-desi-totul-e-doar-o-minciuna\/#primaryimage","url":"https:\/\/www.lovendal.ro\/wp52\/wp-content\/uploads\/2009\/09\/EFECT-DE-SERA.jpg","contentUrl":"https:\/\/www.lovendal.ro\/wp52\/wp-content\/uploads\/2009\/09\/EFECT-DE-SERA.jpg","width":"282","height":"194"},{"@type":"BreadcrumbList","@id":"https:\/\/www.lovendal.ro\/wp52\/politicieni-hapsani-ue-vrea-sa-introduca-taxa-pe-co2-desi-totul-e-doar-o-minciuna\/#breadcrumb","itemListElement":[{"@type":"ListItem","position":1,"name":"Home","item":"https:\/\/www.lovendal.ro\/wp52\/"},{"@type":"ListItem","position":2,"name":"Politicieni haps\u00e2ni: UE vrea s\u0103 introduc\u0103 tax\u0103 pe CO2, de\u015fi totul e doar o minciun\u0103"}]},{"@type":"WebSite","@id":"https:\/\/www.lovendal.ro\/wp52\/#website","url":"https:\/\/www.lovendal.ro\/wp52\/","name":"Secretele lui Lovendal","description":"Site de secrete, stiinta si metafizica - din 2008 -","publisher":{"@id":"https:\/\/www.lovendal.ro\/wp52\/#organization"},"potentialAction":[{"@type":"SearchAction","target":{"@type":"EntryPoint","urlTemplate":"https:\/\/www.lovendal.ro\/wp52\/?s={search_term_string}"},"query-input":{"@type":"PropertyValueSpecification","valueRequired":true,"valueName":"search_term_string"}}],"inLanguage":"ro-RO"},{"@type":"Organization","@id":"https:\/\/www.lovendal.ro\/wp52\/#organization","name":"Secretele lui Lovendal","url":"https:\/\/www.lovendal.ro\/wp52\/","logo":{"@type":"ImageObject","inLanguage":"ro-RO","@id":"https:\/\/www.lovendal.ro\/wp52\/#\/schema\/logo\/image\/","url":"https:\/\/www.lovendal.ro\/wp52\/wp-content\/uploads\/2024\/06\/cropped-SLL-iun-2024-1.jpg","contentUrl":"https:\/\/www.lovendal.ro\/wp52\/wp-content\/uploads\/2024\/06\/cropped-SLL-iun-2024-1.jpg","width":771,"height":240,"caption":"Secretele lui Lovendal"},"image":{"@id":"https:\/\/www.lovendal.ro\/wp52\/#\/schema\/logo\/image\/"},"sameAs":["https:\/\/www.facebook.com\/secreteleluilovendal"]},{"@type":"Person","@id":"https:\/\/www.lovendal.ro\/wp52\/#\/schema\/person\/088691de5dfc346bb0c023e1e52ef5d9","name":"admin","image":{"@type":"ImageObject","inLanguage":"ro-RO","@id":"https:\/\/secure.gravatar.com\/avatar\/ecb9cd41f5f63c9c9b989999a59f6e2639a865ec361e9db054db0679a8f341c2?s=96&d=mm&r=g","url":"https:\/\/secure.gravatar.com\/avatar\/ecb9cd41f5f63c9c9b989999a59f6e2639a865ec361e9db054db0679a8f341c2?s=96&d=mm&r=g","contentUrl":"https:\/\/secure.gravatar.com\/avatar\/ecb9cd41f5f63c9c9b989999a59f6e2639a865ec361e9db054db0679a8f341c2?s=96&d=mm&r=g","caption":"admin"},"sameAs":["https:\/\/www.lovendal.ro\/wp52"]}]}},"_links":{"self":[{"href":"https:\/\/www.lovendal.ro\/wp52\/wp-json\/wp\/v2\/posts\/7283","targetHints":{"allow":["GET"]}}],"collection":[{"href":"https:\/\/www.lovendal.ro\/wp52\/wp-json\/wp\/v2\/posts"}],"about":[{"href":"https:\/\/www.lovendal.ro\/wp52\/wp-json\/wp\/v2\/types\/post"}],"author":[{"embeddable":true,"href":"https:\/\/www.lovendal.ro\/wp52\/wp-json\/wp\/v2\/users\/1"}],"replies":[{"embeddable":true,"href":"https:\/\/www.lovendal.ro\/wp52\/wp-json\/wp\/v2\/comments?post=7283"}],"version-history":[{"count":0,"href":"https:\/\/www.lovendal.ro\/wp52\/wp-json\/wp\/v2\/posts\/7283\/revisions"}],"wp:featuredmedia":[{"embeddable":true,"href":"https:\/\/www.lovendal.ro\/wp52\/wp-json\/wp\/v2\/media\/7284"}],"wp:attachment":[{"href":"https:\/\/www.lovendal.ro\/wp52\/wp-json\/wp\/v2\/media?parent=7283"}],"wp:term":[{"taxonomy":"category","embeddable":true,"href":"https:\/\/www.lovendal.ro\/wp52\/wp-json\/wp\/v2\/categories?post=7283"},{"taxonomy":"post_tag","embeddable":true,"href":"https:\/\/www.lovendal.ro\/wp52\/wp-json\/wp\/v2\/tags?post=7283"}],"curies":[{"name":"wp","href":"https:\/\/api.w.org\/{rel}","templated":true}]}}