{"id":72635,"date":"2020-11-22T20:17:40","date_gmt":"2020-11-22T18:17:40","guid":{"rendered":"https:\/\/www.lovendal.ro\/wp52\/?p=72635"},"modified":"2020-11-22T20:17:40","modified_gmt":"2020-11-22T18:17:40","slug":"presedintele-kennedy-a-fost-asasinat-de-complexul-militar-american-pentru-ca-se-opunea-razboaielor-planificate-o-ipoteza-terifianta","status":"publish","type":"post","link":"https:\/\/www.lovendal.ro\/wp52\/presedintele-kennedy-a-fost-asasinat-de-complexul-militar-american-pentru-ca-se-opunea-razboaielor-planificate-o-ipoteza-terifianta\/","title":{"rendered":"Pre\u015fedintele Kennedy a fost asasinat de complexul militar american, pentru c\u0103 se opunea r\u0103zboaielor planificate? O ipotez\u0103 terifiant\u0103"},"content":{"rendered":"<p><a href=\"https:\/\/www.lovendal.ro\/wp52\/wp-content\/uploads\/2020\/11\/asasinat-Kennedy.jpg\"><img loading=\"lazy\" decoding=\"async\" class=\"alignleft size-full wp-image-72638\" src=\"https:\/\/www.lovendal.ro\/wp52\/wp-content\/uploads\/2020\/11\/asasinat-Kennedy.jpg\" alt=\"\" width=\"367\" height=\"242\" srcset=\"https:\/\/www.lovendal.ro\/wp52\/wp-content\/uploads\/2020\/11\/asasinat-Kennedy.jpg 367w, https:\/\/www.lovendal.ro\/wp52\/wp-content\/uploads\/2020\/11\/asasinat-Kennedy-300x198.jpg 300w\" sizes=\"auto, (max-width: 367px) 100vw, 367px\" \/><\/a>Pe 22 noiembrie 1963, fostul pre\u015fedinte american, John F. Kennedy, a fost asasinat mi\u015fele\u015fte \u00een Dallas. Cercet\u0103torii care au investigat asasinarea pre\u0219edintelui Kennedy timp de peste 50 de ani au ajuns la concluzia c\u0103 el nu a fost ucis de un nebun singuratic (Oswald, a\u015fa cum \u00eencearc\u0103 istoria oficial\u0103 s\u0103 ne prezinte), ci de o conspira\u021bie a unor servicii secrete americane (vede\u0163i excep\u0163ionala carte a lui <a href=\"https:\/\/www.amazon.com\/JFK-Unspeakable-Why-Died-Matters\/dp\/1439193886\" target=\"_blank\" rel=\"noopener noreferrer\"><strong>James W. Douglass &#8211;<\/strong><\/a> <a href=\"https:\/\/www.amazon.com\/JFK-Unspeakable-Why-Died-Matters\/dp\/1439193886\" target=\"_blank\" rel=\"noopener noreferrer\"><em><strong>&#8222;<span id=\"productTitle\" class=\"a-size-extra-large\">JFK and the Unspeakable: Why He Died and Why It Matters<\/span><span id=\"productSubtitle\" class=\"a-size-large a-color-secondary\"><\/span>&#8222;<\/strong><\/em><\/a>).<\/p>\n<p>Cu pu\u021bin timp \u00eenainte de a fi ucis, pre\u0219edintele Kennedy a \u021binut un discurs extraordinar la Universitatea American\u0103. \u00cen discurs, el s-a pronun\u021bat \u00eempotriva continu\u0103rii R\u0103zboiului Rece, care risca chiar via\u021ba de pe Terra, \u00een beneficiul profitului unui cartel militar invizibil, format din oficialit\u0103\u0163i din Pentagon, mari corpora\u0163ii militare \u015fi \u015fefi din servicii secrete.<\/p>\n<p>Pre\u0219edintele Kennedy era deja marcat pentru a fi asasinat. El a respins atitudinea beligerant\u0103 a unor \u015fefi militari fa\u021b\u0103 de Uniunea Sovietic\u0103. De asemenea, Kennedy a respins \u201eOpera\u021biunea Northwoods\u201d a \u015fefului Statului Major al Statului Major, Lemnitzer, un plan de a efectua atacuri teroriste false \u00eempotriva americanilor \u0219i a da vina pe liderul cubanez Fidel Castro, justific\u00e2nd astfel o invazie american\u0103 \u00een Cuba (vede\u0163i documentul de mai jos, declasificat):<\/p>\n<p><a href=\"https:\/\/www.lovendal.ro\/wp52\/wp-content\/uploads\/2020\/11\/document-invazie-Cuba.jpg\"><img loading=\"lazy\" decoding=\"async\" class=\"aligncenter size-full wp-image-72636\" src=\"https:\/\/www.lovendal.ro\/wp52\/wp-content\/uploads\/2020\/11\/document-invazie-Cuba.jpg\" alt=\"\" width=\"541\" height=\"736\" srcset=\"https:\/\/www.lovendal.ro\/wp52\/wp-content\/uploads\/2020\/11\/document-invazie-Cuba.jpg 541w, https:\/\/www.lovendal.ro\/wp52\/wp-content\/uploads\/2020\/11\/document-invazie-Cuba-221x300.jpg 221w, https:\/\/www.lovendal.ro\/wp52\/wp-content\/uploads\/2020\/11\/document-invazie-Cuba-309x420.jpg 309w\" sizes=\"auto, (max-width: 541px) 100vw, 541px\" \/><\/a><a href=\"https:\/\/www.lovendal.ro\/wp52\/wp-content\/uploads\/2020\/11\/document-invazie-Cuba-2.jpg\"><img loading=\"lazy\" decoding=\"async\" class=\"aligncenter size-full wp-image-72637\" src=\"https:\/\/www.lovendal.ro\/wp52\/wp-content\/uploads\/2020\/11\/document-invazie-Cuba-2.jpg\" alt=\"\" width=\"542\" height=\"768\" srcset=\"https:\/\/www.lovendal.ro\/wp52\/wp-content\/uploads\/2020\/11\/document-invazie-Cuba-2.jpg 542w, https:\/\/www.lovendal.ro\/wp52\/wp-content\/uploads\/2020\/11\/document-invazie-Cuba-2-212x300.jpg 212w, https:\/\/www.lovendal.ro\/wp52\/wp-content\/uploads\/2020\/11\/document-invazie-Cuba-2-296x420.jpg 296w\" sizes=\"auto, (max-width: 542px) 100vw, 542px\" \/><\/a>C\u00e2nd a fost criza rachetelor sovietice din Cuba, Kennedy a comunicat \u00een afara canalelor oficiale cu liderul sovietic, Hru\u0219ciov, pentru a dezamorsa criza rachetelor cubaneze. Anti-comuni\u0219tii paranoici care controlau for\u021bele militare \u0219i de securitate americane au ajuns la concluzia c\u0103 pre\u0219edintele Kennedy nu mai servea intereselor lor de carier\u0103 \u0219i, prin urmare, el ar fi fost incapabil s\u0103 reziste Uniunii Sovietice. EI l-au v\u0103zut pe Kennedy ca pe o amenin\u021bare la adresa securit\u0103\u021bii na\u021bionale a SUA, care trebuia \u00eenl\u0103turat.<\/p>\n<p>Kennedy \u0219i-a dat seama c\u0103 tot complexul militaro-securist al SUA reprezenta o amenin\u021bare la fel de mare pentru via\u021ba americanilor ca \u0219i sovieticii. El a \u00een\u021beles c\u0103 tensiunile dintre cele dou\u0103 puteri nucleare (SUA \u015fi URSS) trebuiau dezamorsate, nu crescute. De aceea, era necesar eliminarea sa&#8230;<\/p>\n","protected":false},"excerpt":{"rendered":"<p>Pe 22 noiembrie 1963, fostul pre\u015fedinte american, John F. Kennedy, a fost asasinat mi\u015fele\u015fte \u00een Dallas. Cercet\u0103torii care au investigat asasinarea pre\u0219edintelui Kennedy timp de peste 50 de ani au ajuns la concluzia c\u0103 el nu a fost ucis de &#8230; <\/p>\n<p class=\"read-more-container\"><a title=\"Pre\u015fedintele Kennedy a fost asasinat de complexul militar american, pentru c\u0103 se opunea r\u0103zboaielor planificate? O ipotez\u0103 terifiant\u0103\" class=\"read-more button\" href=\"https:\/\/www.lovendal.ro\/wp52\/presedintele-kennedy-a-fost-asasinat-de-complexul-militar-american-pentru-ca-se-opunea-razboaielor-planificate-o-ipoteza-terifianta\/#more-72635\" aria-label=\"Cite\u0219te mai multe despre Pre\u015fedintele Kennedy a fost asasinat de complexul militar american, pentru c\u0103 se opunea r\u0103zboaielor planificate? O ipotez\u0103 terifiant\u0103\">Cititi mai multe<\/a><\/p>\n","protected":false},"author":1,"featured_media":72638,"comment_status":"open","ping_status":"open","sticky":false,"template":"","format":"standard","meta":{"footnotes":""},"categories":[475],"tags":[6260,191,1103,358,5631,99,1803,100,885,3665,72,190,4757,4342,943,5522,23,300,2250,298],"class_list":["post-72635","post","type-post","status-publish","format-standard","has-post-thumbnail","hentry","category-conspiratii-mistere","tag-arme-nucleare","tag-asasinat","tag-carte","tag-conspiratii-si-mistere","tag-corporatie","tag-cuba","tag-dallas","tag-fidel-castro","tag-hrusciov","tag-john-f-kennedy","tag-pentagon","tag-presedinte","tag-rachete","tag-razboi-rece","tag-servicii-secrete","tag-sovietici","tag-sua","tag-terra","tag-universitate","tag-urss","resize-featured-image"],"yoast_head":"<!-- This site is optimized with the Yoast SEO Premium plugin v23.3 (Yoast SEO v27.4) - https:\/\/yoast.com\/product\/yoast-seo-premium-wordpress\/ -->\n<title>Pre\u015fedintele Kennedy a fost asasinat de complexul militar american, pentru c\u0103 se opunea r\u0103zboaielor planificate? O ipotez\u0103 terifiant\u0103 - Secretele lui Lovendal<\/title>\n<meta name=\"robots\" content=\"index, follow, max-snippet:-1, max-image-preview:large, max-video-preview:-1\" \/>\n<link rel=\"canonical\" href=\"https:\/\/www.lovendal.ro\/wp52\/presedintele-kennedy-a-fost-asasinat-de-complexul-militar-american-pentru-ca-se-opunea-razboaielor-planificate-o-ipoteza-terifianta\/\" \/>\n<meta property=\"og:locale\" content=\"ro_RO\" \/>\n<meta property=\"og:type\" content=\"article\" \/>\n<meta property=\"og:title\" content=\"Pre\u015fedintele Kennedy a fost asasinat de complexul militar american, pentru c\u0103 se opunea r\u0103zboaielor planificate? O ipotez\u0103 terifiant\u0103\" \/>\n<meta property=\"og:description\" content=\"Pe 22 noiembrie 1963, fostul pre\u015fedinte american, John F. Kennedy, a fost asasinat mi\u015fele\u015fte \u00een Dallas. Cercet\u0103torii care au investigat asasinarea pre\u0219edintelui Kennedy timp de peste 50 de ani au ajuns la concluzia c\u0103 el nu a fost ucis de ... Cititi mai multe\" \/>\n<meta property=\"og:url\" content=\"https:\/\/www.lovendal.ro\/wp52\/presedintele-kennedy-a-fost-asasinat-de-complexul-militar-american-pentru-ca-se-opunea-razboaielor-planificate-o-ipoteza-terifianta\/\" \/>\n<meta property=\"og:site_name\" content=\"Secretele lui Lovendal\" \/>\n<meta property=\"article:publisher\" content=\"https:\/\/www.facebook.com\/secreteleluilovendal\" \/>\n<meta property=\"article:published_time\" content=\"2020-11-22T18:17:40+00:00\" \/>\n<meta property=\"og:image\" content=\"https:\/\/www.lovendal.ro\/wp52\/wp-content\/uploads\/2020\/11\/asasinat-Kennedy.jpg\" \/>\n\t<meta property=\"og:image:width\" content=\"367\" \/>\n\t<meta property=\"og:image:height\" content=\"242\" \/>\n\t<meta property=\"og:image:type\" content=\"image\/jpeg\" \/>\n<meta name=\"author\" content=\"admin\" \/>\n<meta name=\"twitter:card\" content=\"summary_large_image\" \/>\n<meta name=\"twitter:label1\" content=\"Scris de\" \/>\n\t<meta name=\"twitter:data1\" content=\"admin\" \/>\n\t<meta name=\"twitter:label2\" content=\"Timp estimat pentru citire\" \/>\n\t<meta name=\"twitter:data2\" content=\"2 minute\" \/>\n<script type=\"application\/ld+json\" class=\"yoast-schema-graph\">{\"@context\":\"https:\\\/\\\/schema.org\",\"@graph\":[{\"@type\":\"Article\",\"@id\":\"https:\\\/\\\/www.lovendal.ro\\\/wp52\\\/presedintele-kennedy-a-fost-asasinat-de-complexul-militar-american-pentru-ca-se-opunea-razboaielor-planificate-o-ipoteza-terifianta\\\/#article\",\"isPartOf\":{\"@id\":\"https:\\\/\\\/www.lovendal.ro\\\/wp52\\\/presedintele-kennedy-a-fost-asasinat-de-complexul-militar-american-pentru-ca-se-opunea-razboaielor-planificate-o-ipoteza-terifianta\\\/\"},\"author\":{\"name\":\"admin\",\"@id\":\"https:\\\/\\\/www.lovendal.ro\\\/wp52\\\/#\\\/schema\\\/person\\\/088691de5dfc346bb0c023e1e52ef5d9\"},\"headline\":\"Pre\u015fedintele Kennedy a fost asasinat de complexul militar american, pentru c\u0103 se opunea r\u0103zboaielor planificate? O ipotez\u0103 terifiant\u0103\",\"datePublished\":\"2020-11-22T18:17:40+00:00\",\"mainEntityOfPage\":{\"@id\":\"https:\\\/\\\/www.lovendal.ro\\\/wp52\\\/presedintele-kennedy-a-fost-asasinat-de-complexul-militar-american-pentru-ca-se-opunea-razboaielor-planificate-o-ipoteza-terifianta\\\/\"},\"wordCount\":380,\"commentCount\":0,\"publisher\":{\"@id\":\"https:\\\/\\\/www.lovendal.ro\\\/wp52\\\/#organization\"},\"image\":{\"@id\":\"https:\\\/\\\/www.lovendal.ro\\\/wp52\\\/presedintele-kennedy-a-fost-asasinat-de-complexul-militar-american-pentru-ca-se-opunea-razboaielor-planificate-o-ipoteza-terifianta\\\/#primaryimage\"},\"thumbnailUrl\":\"https:\\\/\\\/www.lovendal.ro\\\/wp52\\\/wp-content\\\/uploads\\\/2020\\\/11\\\/asasinat-Kennedy.jpg\",\"keywords\":[\"arme nucleare\",\"asasinat\",\"carte\",\"Conspiratii si Mistere\",\"corpora\u0163ie\",\"Cuba\",\"Dallas\",\"Fidel Castro\",\"Hru\u015fciov\",\"John F. Kennedy\",\"Pentagon\",\"pre\u015fedinte\",\"rachete\",\"r\u0103zboi rece\",\"servicii secrete\",\"sovietici\",\"SUA\",\"Terra\",\"universitate\",\"URSS\"],\"articleSection\":[\"Conspiratii si Mistere\"],\"inLanguage\":\"ro-RO\",\"potentialAction\":[{\"@type\":\"CommentAction\",\"name\":\"Comment\",\"target\":[\"https:\\\/\\\/www.lovendal.ro\\\/wp52\\\/presedintele-kennedy-a-fost-asasinat-de-complexul-militar-american-pentru-ca-se-opunea-razboaielor-planificate-o-ipoteza-terifianta\\\/#respond\"]}]},{\"@type\":\"WebPage\",\"@id\":\"https:\\\/\\\/www.lovendal.ro\\\/wp52\\\/presedintele-kennedy-a-fost-asasinat-de-complexul-militar-american-pentru-ca-se-opunea-razboaielor-planificate-o-ipoteza-terifianta\\\/\",\"url\":\"https:\\\/\\\/www.lovendal.ro\\\/wp52\\\/presedintele-kennedy-a-fost-asasinat-de-complexul-militar-american-pentru-ca-se-opunea-razboaielor-planificate-o-ipoteza-terifianta\\\/\",\"name\":\"Pre\u015fedintele Kennedy a fost asasinat de complexul militar american, pentru c\u0103 se opunea r\u0103zboaielor planificate? O ipotez\u0103 terifiant\u0103 - Secretele lui Lovendal\",\"isPartOf\":{\"@id\":\"https:\\\/\\\/www.lovendal.ro\\\/wp52\\\/#website\"},\"primaryImageOfPage\":{\"@id\":\"https:\\\/\\\/www.lovendal.ro\\\/wp52\\\/presedintele-kennedy-a-fost-asasinat-de-complexul-militar-american-pentru-ca-se-opunea-razboaielor-planificate-o-ipoteza-terifianta\\\/#primaryimage\"},\"image\":{\"@id\":\"https:\\\/\\\/www.lovendal.ro\\\/wp52\\\/presedintele-kennedy-a-fost-asasinat-de-complexul-militar-american-pentru-ca-se-opunea-razboaielor-planificate-o-ipoteza-terifianta\\\/#primaryimage\"},\"thumbnailUrl\":\"https:\\\/\\\/www.lovendal.ro\\\/wp52\\\/wp-content\\\/uploads\\\/2020\\\/11\\\/asasinat-Kennedy.jpg\",\"datePublished\":\"2020-11-22T18:17:40+00:00\",\"breadcrumb\":{\"@id\":\"https:\\\/\\\/www.lovendal.ro\\\/wp52\\\/presedintele-kennedy-a-fost-asasinat-de-complexul-militar-american-pentru-ca-se-opunea-razboaielor-planificate-o-ipoteza-terifianta\\\/#breadcrumb\"},\"inLanguage\":\"ro-RO\",\"potentialAction\":[{\"@type\":\"ReadAction\",\"target\":[\"https:\\\/\\\/www.lovendal.ro\\\/wp52\\\/presedintele-kennedy-a-fost-asasinat-de-complexul-militar-american-pentru-ca-se-opunea-razboaielor-planificate-o-ipoteza-terifianta\\\/\"]}]},{\"@type\":\"ImageObject\",\"inLanguage\":\"ro-RO\",\"@id\":\"https:\\\/\\\/www.lovendal.ro\\\/wp52\\\/presedintele-kennedy-a-fost-asasinat-de-complexul-militar-american-pentru-ca-se-opunea-razboaielor-planificate-o-ipoteza-terifianta\\\/#primaryimage\",\"url\":\"https:\\\/\\\/www.lovendal.ro\\\/wp52\\\/wp-content\\\/uploads\\\/2020\\\/11\\\/asasinat-Kennedy.jpg\",\"contentUrl\":\"https:\\\/\\\/www.lovendal.ro\\\/wp52\\\/wp-content\\\/uploads\\\/2020\\\/11\\\/asasinat-Kennedy.jpg\",\"width\":367,\"height\":242},{\"@type\":\"BreadcrumbList\",\"@id\":\"https:\\\/\\\/www.lovendal.ro\\\/wp52\\\/presedintele-kennedy-a-fost-asasinat-de-complexul-militar-american-pentru-ca-se-opunea-razboaielor-planificate-o-ipoteza-terifianta\\\/#breadcrumb\",\"itemListElement\":[{\"@type\":\"ListItem\",\"position\":1,\"name\":\"Home\",\"item\":\"https:\\\/\\\/www.lovendal.ro\\\/wp52\\\/\"},{\"@type\":\"ListItem\",\"position\":2,\"name\":\"Pre\u015fedintele Kennedy a fost asasinat de complexul militar american, pentru c\u0103 se opunea r\u0103zboaielor planificate? O ipotez\u0103 terifiant\u0103\"}]},{\"@type\":\"WebSite\",\"@id\":\"https:\\\/\\\/www.lovendal.ro\\\/wp52\\\/#website\",\"url\":\"https:\\\/\\\/www.lovendal.ro\\\/wp52\\\/\",\"name\":\"Secretele lui Lovendal\",\"description\":\"Site de secrete, stiinta si metafizica - din 2008 -\",\"publisher\":{\"@id\":\"https:\\\/\\\/www.lovendal.ro\\\/wp52\\\/#organization\"},\"potentialAction\":[{\"@type\":\"SearchAction\",\"target\":{\"@type\":\"EntryPoint\",\"urlTemplate\":\"https:\\\/\\\/www.lovendal.ro\\\/wp52\\\/?s={search_term_string}\"},\"query-input\":{\"@type\":\"PropertyValueSpecification\",\"valueRequired\":true,\"valueName\":\"search_term_string\"}}],\"inLanguage\":\"ro-RO\"},{\"@type\":\"Organization\",\"@id\":\"https:\\\/\\\/www.lovendal.ro\\\/wp52\\\/#organization\",\"name\":\"Secretele lui Lovendal\",\"url\":\"https:\\\/\\\/www.lovendal.ro\\\/wp52\\\/\",\"logo\":{\"@type\":\"ImageObject\",\"inLanguage\":\"ro-RO\",\"@id\":\"https:\\\/\\\/www.lovendal.ro\\\/wp52\\\/#\\\/schema\\\/logo\\\/image\\\/\",\"url\":\"https:\\\/\\\/www.lovendal.ro\\\/wp52\\\/wp-content\\\/uploads\\\/2024\\\/06\\\/cropped-SLL-iun-2024-1.jpg\",\"contentUrl\":\"https:\\\/\\\/www.lovendal.ro\\\/wp52\\\/wp-content\\\/uploads\\\/2024\\\/06\\\/cropped-SLL-iun-2024-1.jpg\",\"width\":771,\"height\":240,\"caption\":\"Secretele lui Lovendal\"},\"image\":{\"@id\":\"https:\\\/\\\/www.lovendal.ro\\\/wp52\\\/#\\\/schema\\\/logo\\\/image\\\/\"},\"sameAs\":[\"https:\\\/\\\/www.facebook.com\\\/secreteleluilovendal\"]},{\"@type\":\"Person\",\"@id\":\"https:\\\/\\\/www.lovendal.ro\\\/wp52\\\/#\\\/schema\\\/person\\\/088691de5dfc346bb0c023e1e52ef5d9\",\"name\":\"admin\",\"image\":{\"@type\":\"ImageObject\",\"inLanguage\":\"ro-RO\",\"@id\":\"https:\\\/\\\/secure.gravatar.com\\\/avatar\\\/ecb9cd41f5f63c9c9b989999a59f6e2639a865ec361e9db054db0679a8f341c2?s=96&d=mm&r=g\",\"url\":\"https:\\\/\\\/secure.gravatar.com\\\/avatar\\\/ecb9cd41f5f63c9c9b989999a59f6e2639a865ec361e9db054db0679a8f341c2?s=96&d=mm&r=g\",\"contentUrl\":\"https:\\\/\\\/secure.gravatar.com\\\/avatar\\\/ecb9cd41f5f63c9c9b989999a59f6e2639a865ec361e9db054db0679a8f341c2?s=96&d=mm&r=g\",\"caption\":\"admin\"},\"sameAs\":[\"https:\\\/\\\/www.lovendal.ro\\\/wp52\"]}]}<\/script>\n<!-- \/ Yoast SEO Premium plugin. -->","yoast_head_json":{"title":"Pre\u015fedintele Kennedy a fost asasinat de complexul militar american, pentru c\u0103 se opunea r\u0103zboaielor planificate? O ipotez\u0103 terifiant\u0103 - Secretele lui Lovendal","robots":{"index":"index","follow":"follow","max-snippet":"max-snippet:-1","max-image-preview":"max-image-preview:large","max-video-preview":"max-video-preview:-1"},"canonical":"https:\/\/www.lovendal.ro\/wp52\/presedintele-kennedy-a-fost-asasinat-de-complexul-militar-american-pentru-ca-se-opunea-razboaielor-planificate-o-ipoteza-terifianta\/","og_locale":"ro_RO","og_type":"article","og_title":"Pre\u015fedintele Kennedy a fost asasinat de complexul militar american, pentru c\u0103 se opunea r\u0103zboaielor planificate? O ipotez\u0103 terifiant\u0103","og_description":"Pe 22 noiembrie 1963, fostul pre\u015fedinte american, John F. Kennedy, a fost asasinat mi\u015fele\u015fte \u00een Dallas. Cercet\u0103torii care au investigat asasinarea pre\u0219edintelui Kennedy timp de peste 50 de ani au ajuns la concluzia c\u0103 el nu a fost ucis de ... Cititi mai multe","og_url":"https:\/\/www.lovendal.ro\/wp52\/presedintele-kennedy-a-fost-asasinat-de-complexul-militar-american-pentru-ca-se-opunea-razboaielor-planificate-o-ipoteza-terifianta\/","og_site_name":"Secretele lui Lovendal","article_publisher":"https:\/\/www.facebook.com\/secreteleluilovendal","article_published_time":"2020-11-22T18:17:40+00:00","og_image":[{"width":367,"height":242,"url":"https:\/\/www.lovendal.ro\/wp52\/wp-content\/uploads\/2020\/11\/asasinat-Kennedy.jpg","type":"image\/jpeg"}],"author":"admin","twitter_card":"summary_large_image","twitter_misc":{"Scris de":"admin","Timp estimat pentru citire":"2 minute"},"schema":{"@context":"https:\/\/schema.org","@graph":[{"@type":"Article","@id":"https:\/\/www.lovendal.ro\/wp52\/presedintele-kennedy-a-fost-asasinat-de-complexul-militar-american-pentru-ca-se-opunea-razboaielor-planificate-o-ipoteza-terifianta\/#article","isPartOf":{"@id":"https:\/\/www.lovendal.ro\/wp52\/presedintele-kennedy-a-fost-asasinat-de-complexul-militar-american-pentru-ca-se-opunea-razboaielor-planificate-o-ipoteza-terifianta\/"},"author":{"name":"admin","@id":"https:\/\/www.lovendal.ro\/wp52\/#\/schema\/person\/088691de5dfc346bb0c023e1e52ef5d9"},"headline":"Pre\u015fedintele Kennedy a fost asasinat de complexul militar american, pentru c\u0103 se opunea r\u0103zboaielor planificate? O ipotez\u0103 terifiant\u0103","datePublished":"2020-11-22T18:17:40+00:00","mainEntityOfPage":{"@id":"https:\/\/www.lovendal.ro\/wp52\/presedintele-kennedy-a-fost-asasinat-de-complexul-militar-american-pentru-ca-se-opunea-razboaielor-planificate-o-ipoteza-terifianta\/"},"wordCount":380,"commentCount":0,"publisher":{"@id":"https:\/\/www.lovendal.ro\/wp52\/#organization"},"image":{"@id":"https:\/\/www.lovendal.ro\/wp52\/presedintele-kennedy-a-fost-asasinat-de-complexul-militar-american-pentru-ca-se-opunea-razboaielor-planificate-o-ipoteza-terifianta\/#primaryimage"},"thumbnailUrl":"https:\/\/www.lovendal.ro\/wp52\/wp-content\/uploads\/2020\/11\/asasinat-Kennedy.jpg","keywords":["arme nucleare","asasinat","carte","Conspiratii si Mistere","corpora\u0163ie","Cuba","Dallas","Fidel Castro","Hru\u015fciov","John F. Kennedy","Pentagon","pre\u015fedinte","rachete","r\u0103zboi rece","servicii secrete","sovietici","SUA","Terra","universitate","URSS"],"articleSection":["Conspiratii si Mistere"],"inLanguage":"ro-RO","potentialAction":[{"@type":"CommentAction","name":"Comment","target":["https:\/\/www.lovendal.ro\/wp52\/presedintele-kennedy-a-fost-asasinat-de-complexul-militar-american-pentru-ca-se-opunea-razboaielor-planificate-o-ipoteza-terifianta\/#respond"]}]},{"@type":"WebPage","@id":"https:\/\/www.lovendal.ro\/wp52\/presedintele-kennedy-a-fost-asasinat-de-complexul-militar-american-pentru-ca-se-opunea-razboaielor-planificate-o-ipoteza-terifianta\/","url":"https:\/\/www.lovendal.ro\/wp52\/presedintele-kennedy-a-fost-asasinat-de-complexul-militar-american-pentru-ca-se-opunea-razboaielor-planificate-o-ipoteza-terifianta\/","name":"Pre\u015fedintele Kennedy a fost asasinat de complexul militar american, pentru c\u0103 se opunea r\u0103zboaielor planificate? O ipotez\u0103 terifiant\u0103 - Secretele lui Lovendal","isPartOf":{"@id":"https:\/\/www.lovendal.ro\/wp52\/#website"},"primaryImageOfPage":{"@id":"https:\/\/www.lovendal.ro\/wp52\/presedintele-kennedy-a-fost-asasinat-de-complexul-militar-american-pentru-ca-se-opunea-razboaielor-planificate-o-ipoteza-terifianta\/#primaryimage"},"image":{"@id":"https:\/\/www.lovendal.ro\/wp52\/presedintele-kennedy-a-fost-asasinat-de-complexul-militar-american-pentru-ca-se-opunea-razboaielor-planificate-o-ipoteza-terifianta\/#primaryimage"},"thumbnailUrl":"https:\/\/www.lovendal.ro\/wp52\/wp-content\/uploads\/2020\/11\/asasinat-Kennedy.jpg","datePublished":"2020-11-22T18:17:40+00:00","breadcrumb":{"@id":"https:\/\/www.lovendal.ro\/wp52\/presedintele-kennedy-a-fost-asasinat-de-complexul-militar-american-pentru-ca-se-opunea-razboaielor-planificate-o-ipoteza-terifianta\/#breadcrumb"},"inLanguage":"ro-RO","potentialAction":[{"@type":"ReadAction","target":["https:\/\/www.lovendal.ro\/wp52\/presedintele-kennedy-a-fost-asasinat-de-complexul-militar-american-pentru-ca-se-opunea-razboaielor-planificate-o-ipoteza-terifianta\/"]}]},{"@type":"ImageObject","inLanguage":"ro-RO","@id":"https:\/\/www.lovendal.ro\/wp52\/presedintele-kennedy-a-fost-asasinat-de-complexul-militar-american-pentru-ca-se-opunea-razboaielor-planificate-o-ipoteza-terifianta\/#primaryimage","url":"https:\/\/www.lovendal.ro\/wp52\/wp-content\/uploads\/2020\/11\/asasinat-Kennedy.jpg","contentUrl":"https:\/\/www.lovendal.ro\/wp52\/wp-content\/uploads\/2020\/11\/asasinat-Kennedy.jpg","width":367,"height":242},{"@type":"BreadcrumbList","@id":"https:\/\/www.lovendal.ro\/wp52\/presedintele-kennedy-a-fost-asasinat-de-complexul-militar-american-pentru-ca-se-opunea-razboaielor-planificate-o-ipoteza-terifianta\/#breadcrumb","itemListElement":[{"@type":"ListItem","position":1,"name":"Home","item":"https:\/\/www.lovendal.ro\/wp52\/"},{"@type":"ListItem","position":2,"name":"Pre\u015fedintele Kennedy a fost asasinat de complexul militar american, pentru c\u0103 se opunea r\u0103zboaielor planificate? O ipotez\u0103 terifiant\u0103"}]},{"@type":"WebSite","@id":"https:\/\/www.lovendal.ro\/wp52\/#website","url":"https:\/\/www.lovendal.ro\/wp52\/","name":"Secretele lui Lovendal","description":"Site de secrete, stiinta si metafizica - din 2008 -","publisher":{"@id":"https:\/\/www.lovendal.ro\/wp52\/#organization"},"potentialAction":[{"@type":"SearchAction","target":{"@type":"EntryPoint","urlTemplate":"https:\/\/www.lovendal.ro\/wp52\/?s={search_term_string}"},"query-input":{"@type":"PropertyValueSpecification","valueRequired":true,"valueName":"search_term_string"}}],"inLanguage":"ro-RO"},{"@type":"Organization","@id":"https:\/\/www.lovendal.ro\/wp52\/#organization","name":"Secretele lui Lovendal","url":"https:\/\/www.lovendal.ro\/wp52\/","logo":{"@type":"ImageObject","inLanguage":"ro-RO","@id":"https:\/\/www.lovendal.ro\/wp52\/#\/schema\/logo\/image\/","url":"https:\/\/www.lovendal.ro\/wp52\/wp-content\/uploads\/2024\/06\/cropped-SLL-iun-2024-1.jpg","contentUrl":"https:\/\/www.lovendal.ro\/wp52\/wp-content\/uploads\/2024\/06\/cropped-SLL-iun-2024-1.jpg","width":771,"height":240,"caption":"Secretele lui Lovendal"},"image":{"@id":"https:\/\/www.lovendal.ro\/wp52\/#\/schema\/logo\/image\/"},"sameAs":["https:\/\/www.facebook.com\/secreteleluilovendal"]},{"@type":"Person","@id":"https:\/\/www.lovendal.ro\/wp52\/#\/schema\/person\/088691de5dfc346bb0c023e1e52ef5d9","name":"admin","image":{"@type":"ImageObject","inLanguage":"ro-RO","@id":"https:\/\/secure.gravatar.com\/avatar\/ecb9cd41f5f63c9c9b989999a59f6e2639a865ec361e9db054db0679a8f341c2?s=96&d=mm&r=g","url":"https:\/\/secure.gravatar.com\/avatar\/ecb9cd41f5f63c9c9b989999a59f6e2639a865ec361e9db054db0679a8f341c2?s=96&d=mm&r=g","contentUrl":"https:\/\/secure.gravatar.com\/avatar\/ecb9cd41f5f63c9c9b989999a59f6e2639a865ec361e9db054db0679a8f341c2?s=96&d=mm&r=g","caption":"admin"},"sameAs":["https:\/\/www.lovendal.ro\/wp52"]}]}},"_links":{"self":[{"href":"https:\/\/www.lovendal.ro\/wp52\/wp-json\/wp\/v2\/posts\/72635","targetHints":{"allow":["GET"]}}],"collection":[{"href":"https:\/\/www.lovendal.ro\/wp52\/wp-json\/wp\/v2\/posts"}],"about":[{"href":"https:\/\/www.lovendal.ro\/wp52\/wp-json\/wp\/v2\/types\/post"}],"author":[{"embeddable":true,"href":"https:\/\/www.lovendal.ro\/wp52\/wp-json\/wp\/v2\/users\/1"}],"replies":[{"embeddable":true,"href":"https:\/\/www.lovendal.ro\/wp52\/wp-json\/wp\/v2\/comments?post=72635"}],"version-history":[{"count":0,"href":"https:\/\/www.lovendal.ro\/wp52\/wp-json\/wp\/v2\/posts\/72635\/revisions"}],"wp:featuredmedia":[{"embeddable":true,"href":"https:\/\/www.lovendal.ro\/wp52\/wp-json\/wp\/v2\/media\/72638"}],"wp:attachment":[{"href":"https:\/\/www.lovendal.ro\/wp52\/wp-json\/wp\/v2\/media?parent=72635"}],"wp:term":[{"taxonomy":"category","embeddable":true,"href":"https:\/\/www.lovendal.ro\/wp52\/wp-json\/wp\/v2\/categories?post=72635"},{"taxonomy":"post_tag","embeddable":true,"href":"https:\/\/www.lovendal.ro\/wp52\/wp-json\/wp\/v2\/tags?post=72635"}],"curies":[{"name":"wp","href":"https:\/\/api.w.org\/{rel}","templated":true}]}}