{"id":72443,"date":"2020-11-02T20:49:21","date_gmt":"2020-11-02T18:49:21","guid":{"rendered":"https:\/\/www.lovendal.ro\/wp52\/?p=72443"},"modified":"2020-11-02T20:50:32","modified_gmt":"2020-11-02T18:50:32","slug":"este-adevarata-afirmatia-caracterele-opuse-se-atrag-contrar-credintei-generale-se-pare-ca-nu-oare-de-ce","status":"publish","type":"post","link":"https:\/\/www.lovendal.ro\/wp52\/este-adevarata-afirmatia-caracterele-opuse-se-atrag-contrar-credintei-generale-se-pare-ca-nu-oare-de-ce\/","title":{"rendered":"Este adev\u0103rata afirma\u0163ia &#8222;caracterele opuse se atrag&#8221;? Contrar credin\u0163ei generale, se pare c\u0103 NU! Oare de ce?"},"content":{"rendered":"<p><a href=\"https:\/\/www.lovendal.ro\/wp52\/wp-content\/uploads\/2020\/11\/persoanele-opuse-atrag.jpg\"><img loading=\"lazy\" decoding=\"async\" class=\"alignleft size-full wp-image-72444\" src=\"https:\/\/www.lovendal.ro\/wp52\/wp-content\/uploads\/2020\/11\/persoanele-opuse-atrag.jpg\" alt=\"\" width=\"352\" height=\"247\" srcset=\"https:\/\/www.lovendal.ro\/wp52\/wp-content\/uploads\/2020\/11\/persoanele-opuse-atrag.jpg 352w, https:\/\/www.lovendal.ro\/wp52\/wp-content\/uploads\/2020\/11\/persoanele-opuse-atrag-300x211.jpg 300w, https:\/\/www.lovendal.ro\/wp52\/wp-content\/uploads\/2020\/11\/persoanele-opuse-atrag-100x70.jpg 100w, https:\/\/www.lovendal.ro\/wp52\/wp-content\/uploads\/2020\/11\/persoanele-opuse-atrag-200x140.jpg 200w\" sizes=\"auto, (max-width: 352px) 100vw, 352px\" \/><\/a>Mul\u0163i dintre noi sunt convin\u015fi c\u0103 este foarte probabil ca oamenii care sunt opu\u015fi \u00een ceea ce prive\u015fte personalitatea, convingerile \u015fi aspectul, s\u0103 fie atra\u015fi unul de cel\u0103lalt. Termenul folosit este de &#8222;atrac\u0163ia opuselor&#8221; sau de cel de \u201ecomplementaritate\u201d. Psihologul Lynn McCutcheon (1991) a descoperit c\u0103 77% dintre studen\u0163i erau de acord c\u0103, \u00een privin\u0163a rela\u0163iilor amoroase, opusele se atrag. \u00cen cartea sa cunoscut\u0103, <em>&#8222;Opusele se atrag&#8221;<\/em>, scriitorul Tim Lahaye \u00ee\u015fi informeaz\u0103 cititorii c\u0103 <em>&#8222;doi oameni cu acela\u015fi temperament aproape niciodat\u0103 nu se vor c\u0103s\u0103tori. De ce? Pentru c\u0103 temperamentele asem\u0103n\u0103toare se resping, nu se atrag\u201d<\/em>.<\/p>\n<p>Aceast\u0103 concep\u0163ie este, de asemenea, foarte r\u0103sp\u00e2ndit\u0103 \u015fi pe Internet \u015fi \u00een r\u00e2ndul multor oameni. Dar, este ea adev\u0103rat\u0103? E adev\u0103rat c\u0103 exist\u0103 vorba &#8222;opusele se atrag&#8221;, dar exist\u0103 \u015fi &#8222;cine se-aseam\u0103n\u0103 se-adun\u0103\u201d. A\u015fadar, care dintre cele dou\u0103 afirma\u0163ii ar fi adev\u0103rate?<\/p>\n<p>\u00cens\u0103, e posibil ca atunci c\u00e2nd vine vorba de rela\u0163ii interpersonale, opusele nu se atrag. A\u015fadar, homofilia (adic\u0103, tendin\u0163a oamenilor asem\u0103n\u0103tori de a fi atra\u015fi unul de altul), \u015fi nu complementaritatea reprezint\u0103 mai degrab\u0103 regula. \u00centr-adev\u0103r, zeci de studii demonstreaz\u0103 faptul c\u0103 este mai probabil ca oamenii cu tr\u0103s\u0103turi de personalitate asem\u0103n\u0103toare s\u0103 fie atra\u015fi unii de al\u0163ii, dec\u00e2t oamenii cu tr\u0103s\u0103turi de personalitate complet diferite. Spre exemplu, oamenii cu o personalitate de tip A (cei impulsivi, competitivi, calcula\u0163i \u015fi ostili) prefer\u0103 parteneri tot cu o personalitate de tip A, \u00een timp ce tipul opus de personalitate este c\u0103utat de cei cu personalitate de tip B. Acelea\u015fi reguli se aplic\u0103 \u015fi prieteniei. Este cu mult mai probabil s\u0103 ne petrecem timpul al\u0103turi de oameni cu tr\u0103s\u0103turi de personalitate similare, dec\u00e2t diferite.<\/p>\n<p>Concluzia c\u0103 \u201easem\u0103n\u0103rile se atrag\u201d se extinde dincolo de personalitate, c\u0103tre atitudinile \u015fi valorile noastre. Clasica cercetare a lui Donn Byrne \u015fi a colegilor s\u0103i demonstreaz\u0103 urm\u0103torul lucru: cu c\u00e2t atitudinile cuiva (spre exemplu, preferin\u0163ele politice) sunt mai asem\u0103n\u0103toare cu ale noastre, cu at\u00e2t ne va pl\u0103cea mai mult acea persoan\u0103.<\/p>\n<p>S-au f\u0103cut \u015fi cercet\u0103ri din care a rezultat c\u0103 este cam de dou\u0103 ori mai probabil s\u0103 fim atra\u015fi de cineva cu care suntem de acord \u00een privin\u0163a a 6 din 10 subiecte, dec\u00e2t de cineva cu care suntem de acord \u00een privin\u0163a a 3 din 10 subiecte.<\/p>\n","protected":false},"excerpt":{"rendered":"<p>Mul\u0163i dintre noi sunt convin\u015fi c\u0103 este foarte probabil ca oamenii care sunt opu\u015fi \u00een ceea ce prive\u015fte personalitatea, convingerile \u015fi aspectul, s\u0103 fie atra\u015fi unul de cel\u0103lalt. Termenul folosit este de &#8222;atrac\u0163ia opuselor&#8221; sau de cel de \u201ecomplementaritate\u201d. Psihologul &#8230; <\/p>\n<p class=\"read-more-container\"><a title=\"Este adev\u0103rata afirma\u0163ia &#8222;caracterele opuse se atrag&#8221;? Contrar credin\u0163ei generale, se pare c\u0103 NU! Oare de ce?\" class=\"read-more button\" href=\"https:\/\/www.lovendal.ro\/wp52\/este-adevarata-afirmatia-caracterele-opuse-se-atrag-contrar-credintei-generale-se-pare-ca-nu-oare-de-ce\/#more-72443\" aria-label=\"Cite\u0219te mai multe despre Este adev\u0103rata afirma\u0163ia &#8222;caracterele opuse se atrag&#8221;? Contrar credin\u0163ei generale, se pare c\u0103 NU! Oare de ce?\">Cititi mai multe<\/a><\/p>\n","protected":false},"author":1,"featured_media":72444,"comment_status":"open","ping_status":"open","sticky":false,"template":"","format":"standard","meta":{"footnotes":""},"categories":[13045],"tags":[1103,1945,4426,981],"class_list":["post-72443","post","type-post","status-publish","format-standard","has-post-thumbnail","hentry","category-psihologie","tag-carte","tag-casatorie","tag-psiholog","tag-psihologie","resize-featured-image"],"yoast_head":"<!-- This site is optimized with the Yoast SEO Premium plugin v23.3 (Yoast SEO v27.4) - https:\/\/yoast.com\/product\/yoast-seo-premium-wordpress\/ -->\n<title>Este adev\u0103rata afirma\u0163ia &quot;caracterele opuse se atrag&quot;? Contrar credin\u0163ei generale, se pare c\u0103 NU! Oare de ce? - Secretele lui Lovendal<\/title>\n<meta name=\"robots\" content=\"index, follow, max-snippet:-1, max-image-preview:large, max-video-preview:-1\" \/>\n<link rel=\"canonical\" href=\"https:\/\/www.lovendal.ro\/wp52\/este-adevarata-afirmatia-caracterele-opuse-se-atrag-contrar-credintei-generale-se-pare-ca-nu-oare-de-ce\/\" \/>\n<meta property=\"og:locale\" content=\"ro_RO\" \/>\n<meta property=\"og:type\" content=\"article\" \/>\n<meta property=\"og:title\" content=\"Este adev\u0103rata afirma\u0163ia &quot;caracterele opuse se atrag&quot;? Contrar credin\u0163ei generale, se pare c\u0103 NU! Oare de ce?\" \/>\n<meta property=\"og:description\" content=\"Mul\u0163i dintre noi sunt convin\u015fi c\u0103 este foarte probabil ca oamenii care sunt opu\u015fi \u00een ceea ce prive\u015fte personalitatea, convingerile \u015fi aspectul, s\u0103 fie atra\u015fi unul de cel\u0103lalt. Termenul folosit este de &#8222;atrac\u0163ia opuselor&#8221; sau de cel de \u201ecomplementaritate\u201d. Psihologul ... Cititi mai multe\" \/>\n<meta property=\"og:url\" content=\"https:\/\/www.lovendal.ro\/wp52\/este-adevarata-afirmatia-caracterele-opuse-se-atrag-contrar-credintei-generale-se-pare-ca-nu-oare-de-ce\/\" \/>\n<meta property=\"og:site_name\" content=\"Secretele lui Lovendal\" \/>\n<meta property=\"article:publisher\" content=\"https:\/\/www.facebook.com\/secreteleluilovendal\" \/>\n<meta property=\"article:published_time\" content=\"2020-11-02T18:49:21+00:00\" \/>\n<meta property=\"article:modified_time\" content=\"2020-11-02T18:50:32+00:00\" \/>\n<meta property=\"og:image\" content=\"https:\/\/www.lovendal.ro\/wp52\/wp-content\/uploads\/2020\/11\/persoanele-opuse-atrag.jpg\" \/>\n\t<meta property=\"og:image:width\" content=\"352\" \/>\n\t<meta property=\"og:image:height\" content=\"247\" \/>\n\t<meta property=\"og:image:type\" content=\"image\/jpeg\" \/>\n<meta name=\"author\" content=\"admin\" \/>\n<meta name=\"twitter:card\" content=\"summary_large_image\" \/>\n<meta name=\"twitter:label1\" content=\"Scris de\" \/>\n\t<meta name=\"twitter:data1\" content=\"admin\" \/>\n\t<meta name=\"twitter:label2\" content=\"Timp estimat pentru citire\" \/>\n\t<meta name=\"twitter:data2\" content=\"2 minute\" \/>\n<script type=\"application\/ld+json\" class=\"yoast-schema-graph\">{\"@context\":\"https:\\\/\\\/schema.org\",\"@graph\":[{\"@type\":\"Article\",\"@id\":\"https:\\\/\\\/www.lovendal.ro\\\/wp52\\\/este-adevarata-afirmatia-caracterele-opuse-se-atrag-contrar-credintei-generale-se-pare-ca-nu-oare-de-ce\\\/#article\",\"isPartOf\":{\"@id\":\"https:\\\/\\\/www.lovendal.ro\\\/wp52\\\/este-adevarata-afirmatia-caracterele-opuse-se-atrag-contrar-credintei-generale-se-pare-ca-nu-oare-de-ce\\\/\"},\"author\":{\"name\":\"admin\",\"@id\":\"https:\\\/\\\/www.lovendal.ro\\\/wp52\\\/#\\\/schema\\\/person\\\/088691de5dfc346bb0c023e1e52ef5d9\"},\"headline\":\"Este adev\u0103rata afirma\u0163ia &#8222;caracterele opuse se atrag&#8221;? Contrar credin\u0163ei generale, se pare c\u0103 NU! Oare de ce?\",\"datePublished\":\"2020-11-02T18:49:21+00:00\",\"dateModified\":\"2020-11-02T18:50:32+00:00\",\"mainEntityOfPage\":{\"@id\":\"https:\\\/\\\/www.lovendal.ro\\\/wp52\\\/este-adevarata-afirmatia-caracterele-opuse-se-atrag-contrar-credintei-generale-se-pare-ca-nu-oare-de-ce\\\/\"},\"wordCount\":448,\"commentCount\":0,\"publisher\":{\"@id\":\"https:\\\/\\\/www.lovendal.ro\\\/wp52\\\/#organization\"},\"image\":{\"@id\":\"https:\\\/\\\/www.lovendal.ro\\\/wp52\\\/este-adevarata-afirmatia-caracterele-opuse-se-atrag-contrar-credintei-generale-se-pare-ca-nu-oare-de-ce\\\/#primaryimage\"},\"thumbnailUrl\":\"https:\\\/\\\/www.lovendal.ro\\\/wp52\\\/wp-content\\\/uploads\\\/2020\\\/11\\\/persoanele-opuse-atrag.jpg\",\"keywords\":[\"carte\",\"c\u0103s\u0103torie\",\"psiholog\",\"psihologie\"],\"articleSection\":[\"Psihologie\"],\"inLanguage\":\"ro-RO\",\"potentialAction\":[{\"@type\":\"CommentAction\",\"name\":\"Comment\",\"target\":[\"https:\\\/\\\/www.lovendal.ro\\\/wp52\\\/este-adevarata-afirmatia-caracterele-opuse-se-atrag-contrar-credintei-generale-se-pare-ca-nu-oare-de-ce\\\/#respond\"]}]},{\"@type\":\"WebPage\",\"@id\":\"https:\\\/\\\/www.lovendal.ro\\\/wp52\\\/este-adevarata-afirmatia-caracterele-opuse-se-atrag-contrar-credintei-generale-se-pare-ca-nu-oare-de-ce\\\/\",\"url\":\"https:\\\/\\\/www.lovendal.ro\\\/wp52\\\/este-adevarata-afirmatia-caracterele-opuse-se-atrag-contrar-credintei-generale-se-pare-ca-nu-oare-de-ce\\\/\",\"name\":\"Este adev\u0103rata afirma\u0163ia \\\"caracterele opuse se atrag\\\"? Contrar credin\u0163ei generale, se pare c\u0103 NU! Oare de ce? - Secretele lui Lovendal\",\"isPartOf\":{\"@id\":\"https:\\\/\\\/www.lovendal.ro\\\/wp52\\\/#website\"},\"primaryImageOfPage\":{\"@id\":\"https:\\\/\\\/www.lovendal.ro\\\/wp52\\\/este-adevarata-afirmatia-caracterele-opuse-se-atrag-contrar-credintei-generale-se-pare-ca-nu-oare-de-ce\\\/#primaryimage\"},\"image\":{\"@id\":\"https:\\\/\\\/www.lovendal.ro\\\/wp52\\\/este-adevarata-afirmatia-caracterele-opuse-se-atrag-contrar-credintei-generale-se-pare-ca-nu-oare-de-ce\\\/#primaryimage\"},\"thumbnailUrl\":\"https:\\\/\\\/www.lovendal.ro\\\/wp52\\\/wp-content\\\/uploads\\\/2020\\\/11\\\/persoanele-opuse-atrag.jpg\",\"datePublished\":\"2020-11-02T18:49:21+00:00\",\"dateModified\":\"2020-11-02T18:50:32+00:00\",\"breadcrumb\":{\"@id\":\"https:\\\/\\\/www.lovendal.ro\\\/wp52\\\/este-adevarata-afirmatia-caracterele-opuse-se-atrag-contrar-credintei-generale-se-pare-ca-nu-oare-de-ce\\\/#breadcrumb\"},\"inLanguage\":\"ro-RO\",\"potentialAction\":[{\"@type\":\"ReadAction\",\"target\":[\"https:\\\/\\\/www.lovendal.ro\\\/wp52\\\/este-adevarata-afirmatia-caracterele-opuse-se-atrag-contrar-credintei-generale-se-pare-ca-nu-oare-de-ce\\\/\"]}]},{\"@type\":\"ImageObject\",\"inLanguage\":\"ro-RO\",\"@id\":\"https:\\\/\\\/www.lovendal.ro\\\/wp52\\\/este-adevarata-afirmatia-caracterele-opuse-se-atrag-contrar-credintei-generale-se-pare-ca-nu-oare-de-ce\\\/#primaryimage\",\"url\":\"https:\\\/\\\/www.lovendal.ro\\\/wp52\\\/wp-content\\\/uploads\\\/2020\\\/11\\\/persoanele-opuse-atrag.jpg\",\"contentUrl\":\"https:\\\/\\\/www.lovendal.ro\\\/wp52\\\/wp-content\\\/uploads\\\/2020\\\/11\\\/persoanele-opuse-atrag.jpg\",\"width\":352,\"height\":247},{\"@type\":\"BreadcrumbList\",\"@id\":\"https:\\\/\\\/www.lovendal.ro\\\/wp52\\\/este-adevarata-afirmatia-caracterele-opuse-se-atrag-contrar-credintei-generale-se-pare-ca-nu-oare-de-ce\\\/#breadcrumb\",\"itemListElement\":[{\"@type\":\"ListItem\",\"position\":1,\"name\":\"Home\",\"item\":\"https:\\\/\\\/www.lovendal.ro\\\/wp52\\\/\"},{\"@type\":\"ListItem\",\"position\":2,\"name\":\"Este adev\u0103rata afirma\u0163ia &#8222;caracterele opuse se atrag&#8221;? Contrar credin\u0163ei generale, se pare c\u0103 NU! Oare de ce?\"}]},{\"@type\":\"WebSite\",\"@id\":\"https:\\\/\\\/www.lovendal.ro\\\/wp52\\\/#website\",\"url\":\"https:\\\/\\\/www.lovendal.ro\\\/wp52\\\/\",\"name\":\"Secretele lui Lovendal\",\"description\":\"Site de secrete, stiinta si metafizica - din 2008 -\",\"publisher\":{\"@id\":\"https:\\\/\\\/www.lovendal.ro\\\/wp52\\\/#organization\"},\"potentialAction\":[{\"@type\":\"SearchAction\",\"target\":{\"@type\":\"EntryPoint\",\"urlTemplate\":\"https:\\\/\\\/www.lovendal.ro\\\/wp52\\\/?s={search_term_string}\"},\"query-input\":{\"@type\":\"PropertyValueSpecification\",\"valueRequired\":true,\"valueName\":\"search_term_string\"}}],\"inLanguage\":\"ro-RO\"},{\"@type\":\"Organization\",\"@id\":\"https:\\\/\\\/www.lovendal.ro\\\/wp52\\\/#organization\",\"name\":\"Secretele lui Lovendal\",\"url\":\"https:\\\/\\\/www.lovendal.ro\\\/wp52\\\/\",\"logo\":{\"@type\":\"ImageObject\",\"inLanguage\":\"ro-RO\",\"@id\":\"https:\\\/\\\/www.lovendal.ro\\\/wp52\\\/#\\\/schema\\\/logo\\\/image\\\/\",\"url\":\"https:\\\/\\\/www.lovendal.ro\\\/wp52\\\/wp-content\\\/uploads\\\/2024\\\/06\\\/cropped-SLL-iun-2024-1.jpg\",\"contentUrl\":\"https:\\\/\\\/www.lovendal.ro\\\/wp52\\\/wp-content\\\/uploads\\\/2024\\\/06\\\/cropped-SLL-iun-2024-1.jpg\",\"width\":771,\"height\":240,\"caption\":\"Secretele lui Lovendal\"},\"image\":{\"@id\":\"https:\\\/\\\/www.lovendal.ro\\\/wp52\\\/#\\\/schema\\\/logo\\\/image\\\/\"},\"sameAs\":[\"https:\\\/\\\/www.facebook.com\\\/secreteleluilovendal\"]},{\"@type\":\"Person\",\"@id\":\"https:\\\/\\\/www.lovendal.ro\\\/wp52\\\/#\\\/schema\\\/person\\\/088691de5dfc346bb0c023e1e52ef5d9\",\"name\":\"admin\",\"image\":{\"@type\":\"ImageObject\",\"inLanguage\":\"ro-RO\",\"@id\":\"https:\\\/\\\/secure.gravatar.com\\\/avatar\\\/ecb9cd41f5f63c9c9b989999a59f6e2639a865ec361e9db054db0679a8f341c2?s=96&d=mm&r=g\",\"url\":\"https:\\\/\\\/secure.gravatar.com\\\/avatar\\\/ecb9cd41f5f63c9c9b989999a59f6e2639a865ec361e9db054db0679a8f341c2?s=96&d=mm&r=g\",\"contentUrl\":\"https:\\\/\\\/secure.gravatar.com\\\/avatar\\\/ecb9cd41f5f63c9c9b989999a59f6e2639a865ec361e9db054db0679a8f341c2?s=96&d=mm&r=g\",\"caption\":\"admin\"},\"sameAs\":[\"https:\\\/\\\/www.lovendal.ro\\\/wp52\"]}]}<\/script>\n<!-- \/ Yoast SEO Premium plugin. -->","yoast_head_json":{"title":"Este adev\u0103rata afirma\u0163ia \"caracterele opuse se atrag\"? Contrar credin\u0163ei generale, se pare c\u0103 NU! Oare de ce? - Secretele lui Lovendal","robots":{"index":"index","follow":"follow","max-snippet":"max-snippet:-1","max-image-preview":"max-image-preview:large","max-video-preview":"max-video-preview:-1"},"canonical":"https:\/\/www.lovendal.ro\/wp52\/este-adevarata-afirmatia-caracterele-opuse-se-atrag-contrar-credintei-generale-se-pare-ca-nu-oare-de-ce\/","og_locale":"ro_RO","og_type":"article","og_title":"Este adev\u0103rata afirma\u0163ia \"caracterele opuse se atrag\"? Contrar credin\u0163ei generale, se pare c\u0103 NU! Oare de ce?","og_description":"Mul\u0163i dintre noi sunt convin\u015fi c\u0103 este foarte probabil ca oamenii care sunt opu\u015fi \u00een ceea ce prive\u015fte personalitatea, convingerile \u015fi aspectul, s\u0103 fie atra\u015fi unul de cel\u0103lalt. Termenul folosit este de &#8222;atrac\u0163ia opuselor&#8221; sau de cel de \u201ecomplementaritate\u201d. Psihologul ... Cititi mai multe","og_url":"https:\/\/www.lovendal.ro\/wp52\/este-adevarata-afirmatia-caracterele-opuse-se-atrag-contrar-credintei-generale-se-pare-ca-nu-oare-de-ce\/","og_site_name":"Secretele lui Lovendal","article_publisher":"https:\/\/www.facebook.com\/secreteleluilovendal","article_published_time":"2020-11-02T18:49:21+00:00","article_modified_time":"2020-11-02T18:50:32+00:00","og_image":[{"width":352,"height":247,"url":"https:\/\/www.lovendal.ro\/wp52\/wp-content\/uploads\/2020\/11\/persoanele-opuse-atrag.jpg","type":"image\/jpeg"}],"author":"admin","twitter_card":"summary_large_image","twitter_misc":{"Scris de":"admin","Timp estimat pentru citire":"2 minute"},"schema":{"@context":"https:\/\/schema.org","@graph":[{"@type":"Article","@id":"https:\/\/www.lovendal.ro\/wp52\/este-adevarata-afirmatia-caracterele-opuse-se-atrag-contrar-credintei-generale-se-pare-ca-nu-oare-de-ce\/#article","isPartOf":{"@id":"https:\/\/www.lovendal.ro\/wp52\/este-adevarata-afirmatia-caracterele-opuse-se-atrag-contrar-credintei-generale-se-pare-ca-nu-oare-de-ce\/"},"author":{"name":"admin","@id":"https:\/\/www.lovendal.ro\/wp52\/#\/schema\/person\/088691de5dfc346bb0c023e1e52ef5d9"},"headline":"Este adev\u0103rata afirma\u0163ia &#8222;caracterele opuse se atrag&#8221;? Contrar credin\u0163ei generale, se pare c\u0103 NU! Oare de ce?","datePublished":"2020-11-02T18:49:21+00:00","dateModified":"2020-11-02T18:50:32+00:00","mainEntityOfPage":{"@id":"https:\/\/www.lovendal.ro\/wp52\/este-adevarata-afirmatia-caracterele-opuse-se-atrag-contrar-credintei-generale-se-pare-ca-nu-oare-de-ce\/"},"wordCount":448,"commentCount":0,"publisher":{"@id":"https:\/\/www.lovendal.ro\/wp52\/#organization"},"image":{"@id":"https:\/\/www.lovendal.ro\/wp52\/este-adevarata-afirmatia-caracterele-opuse-se-atrag-contrar-credintei-generale-se-pare-ca-nu-oare-de-ce\/#primaryimage"},"thumbnailUrl":"https:\/\/www.lovendal.ro\/wp52\/wp-content\/uploads\/2020\/11\/persoanele-opuse-atrag.jpg","keywords":["carte","c\u0103s\u0103torie","psiholog","psihologie"],"articleSection":["Psihologie"],"inLanguage":"ro-RO","potentialAction":[{"@type":"CommentAction","name":"Comment","target":["https:\/\/www.lovendal.ro\/wp52\/este-adevarata-afirmatia-caracterele-opuse-se-atrag-contrar-credintei-generale-se-pare-ca-nu-oare-de-ce\/#respond"]}]},{"@type":"WebPage","@id":"https:\/\/www.lovendal.ro\/wp52\/este-adevarata-afirmatia-caracterele-opuse-se-atrag-contrar-credintei-generale-se-pare-ca-nu-oare-de-ce\/","url":"https:\/\/www.lovendal.ro\/wp52\/este-adevarata-afirmatia-caracterele-opuse-se-atrag-contrar-credintei-generale-se-pare-ca-nu-oare-de-ce\/","name":"Este adev\u0103rata afirma\u0163ia \"caracterele opuse se atrag\"? Contrar credin\u0163ei generale, se pare c\u0103 NU! Oare de ce? - Secretele lui Lovendal","isPartOf":{"@id":"https:\/\/www.lovendal.ro\/wp52\/#website"},"primaryImageOfPage":{"@id":"https:\/\/www.lovendal.ro\/wp52\/este-adevarata-afirmatia-caracterele-opuse-se-atrag-contrar-credintei-generale-se-pare-ca-nu-oare-de-ce\/#primaryimage"},"image":{"@id":"https:\/\/www.lovendal.ro\/wp52\/este-adevarata-afirmatia-caracterele-opuse-se-atrag-contrar-credintei-generale-se-pare-ca-nu-oare-de-ce\/#primaryimage"},"thumbnailUrl":"https:\/\/www.lovendal.ro\/wp52\/wp-content\/uploads\/2020\/11\/persoanele-opuse-atrag.jpg","datePublished":"2020-11-02T18:49:21+00:00","dateModified":"2020-11-02T18:50:32+00:00","breadcrumb":{"@id":"https:\/\/www.lovendal.ro\/wp52\/este-adevarata-afirmatia-caracterele-opuse-se-atrag-contrar-credintei-generale-se-pare-ca-nu-oare-de-ce\/#breadcrumb"},"inLanguage":"ro-RO","potentialAction":[{"@type":"ReadAction","target":["https:\/\/www.lovendal.ro\/wp52\/este-adevarata-afirmatia-caracterele-opuse-se-atrag-contrar-credintei-generale-se-pare-ca-nu-oare-de-ce\/"]}]},{"@type":"ImageObject","inLanguage":"ro-RO","@id":"https:\/\/www.lovendal.ro\/wp52\/este-adevarata-afirmatia-caracterele-opuse-se-atrag-contrar-credintei-generale-se-pare-ca-nu-oare-de-ce\/#primaryimage","url":"https:\/\/www.lovendal.ro\/wp52\/wp-content\/uploads\/2020\/11\/persoanele-opuse-atrag.jpg","contentUrl":"https:\/\/www.lovendal.ro\/wp52\/wp-content\/uploads\/2020\/11\/persoanele-opuse-atrag.jpg","width":352,"height":247},{"@type":"BreadcrumbList","@id":"https:\/\/www.lovendal.ro\/wp52\/este-adevarata-afirmatia-caracterele-opuse-se-atrag-contrar-credintei-generale-se-pare-ca-nu-oare-de-ce\/#breadcrumb","itemListElement":[{"@type":"ListItem","position":1,"name":"Home","item":"https:\/\/www.lovendal.ro\/wp52\/"},{"@type":"ListItem","position":2,"name":"Este adev\u0103rata afirma\u0163ia &#8222;caracterele opuse se atrag&#8221;? Contrar credin\u0163ei generale, se pare c\u0103 NU! Oare de ce?"}]},{"@type":"WebSite","@id":"https:\/\/www.lovendal.ro\/wp52\/#website","url":"https:\/\/www.lovendal.ro\/wp52\/","name":"Secretele lui Lovendal","description":"Site de secrete, stiinta si metafizica - din 2008 -","publisher":{"@id":"https:\/\/www.lovendal.ro\/wp52\/#organization"},"potentialAction":[{"@type":"SearchAction","target":{"@type":"EntryPoint","urlTemplate":"https:\/\/www.lovendal.ro\/wp52\/?s={search_term_string}"},"query-input":{"@type":"PropertyValueSpecification","valueRequired":true,"valueName":"search_term_string"}}],"inLanguage":"ro-RO"},{"@type":"Organization","@id":"https:\/\/www.lovendal.ro\/wp52\/#organization","name":"Secretele lui Lovendal","url":"https:\/\/www.lovendal.ro\/wp52\/","logo":{"@type":"ImageObject","inLanguage":"ro-RO","@id":"https:\/\/www.lovendal.ro\/wp52\/#\/schema\/logo\/image\/","url":"https:\/\/www.lovendal.ro\/wp52\/wp-content\/uploads\/2024\/06\/cropped-SLL-iun-2024-1.jpg","contentUrl":"https:\/\/www.lovendal.ro\/wp52\/wp-content\/uploads\/2024\/06\/cropped-SLL-iun-2024-1.jpg","width":771,"height":240,"caption":"Secretele lui Lovendal"},"image":{"@id":"https:\/\/www.lovendal.ro\/wp52\/#\/schema\/logo\/image\/"},"sameAs":["https:\/\/www.facebook.com\/secreteleluilovendal"]},{"@type":"Person","@id":"https:\/\/www.lovendal.ro\/wp52\/#\/schema\/person\/088691de5dfc346bb0c023e1e52ef5d9","name":"admin","image":{"@type":"ImageObject","inLanguage":"ro-RO","@id":"https:\/\/secure.gravatar.com\/avatar\/ecb9cd41f5f63c9c9b989999a59f6e2639a865ec361e9db054db0679a8f341c2?s=96&d=mm&r=g","url":"https:\/\/secure.gravatar.com\/avatar\/ecb9cd41f5f63c9c9b989999a59f6e2639a865ec361e9db054db0679a8f341c2?s=96&d=mm&r=g","contentUrl":"https:\/\/secure.gravatar.com\/avatar\/ecb9cd41f5f63c9c9b989999a59f6e2639a865ec361e9db054db0679a8f341c2?s=96&d=mm&r=g","caption":"admin"},"sameAs":["https:\/\/www.lovendal.ro\/wp52"]}]}},"_links":{"self":[{"href":"https:\/\/www.lovendal.ro\/wp52\/wp-json\/wp\/v2\/posts\/72443","targetHints":{"allow":["GET"]}}],"collection":[{"href":"https:\/\/www.lovendal.ro\/wp52\/wp-json\/wp\/v2\/posts"}],"about":[{"href":"https:\/\/www.lovendal.ro\/wp52\/wp-json\/wp\/v2\/types\/post"}],"author":[{"embeddable":true,"href":"https:\/\/www.lovendal.ro\/wp52\/wp-json\/wp\/v2\/users\/1"}],"replies":[{"embeddable":true,"href":"https:\/\/www.lovendal.ro\/wp52\/wp-json\/wp\/v2\/comments?post=72443"}],"version-history":[{"count":0,"href":"https:\/\/www.lovendal.ro\/wp52\/wp-json\/wp\/v2\/posts\/72443\/revisions"}],"wp:featuredmedia":[{"embeddable":true,"href":"https:\/\/www.lovendal.ro\/wp52\/wp-json\/wp\/v2\/media\/72444"}],"wp:attachment":[{"href":"https:\/\/www.lovendal.ro\/wp52\/wp-json\/wp\/v2\/media?parent=72443"}],"wp:term":[{"taxonomy":"category","embeddable":true,"href":"https:\/\/www.lovendal.ro\/wp52\/wp-json\/wp\/v2\/categories?post=72443"},{"taxonomy":"post_tag","embeddable":true,"href":"https:\/\/www.lovendal.ro\/wp52\/wp-json\/wp\/v2\/tags?post=72443"}],"curies":[{"name":"wp","href":"https:\/\/api.w.org\/{rel}","templated":true}]}}