{"id":72288,"date":"2020-10-19T23:35:14","date_gmt":"2020-10-19T20:35:14","guid":{"rendered":"https:\/\/www.lovendal.ro\/wp52\/?p=72288"},"modified":"2020-10-19T23:35:14","modified_gmt":"2020-10-19T20:35:14","slug":"savantul-roman-emil-racovita-si-incredibila-sa-intamplare-legata-de-carnaciorii-argentinieni","status":"publish","type":"post","link":"https:\/\/www.lovendal.ro\/wp52\/savantul-roman-emil-racovita-si-incredibila-sa-intamplare-legata-de-carnaciorii-argentinieni\/","title":{"rendered":"Savantul rom\u00e2n Emil Racovi\u0163\u0103 \u015fi incredibila sa \u00eent\u00e2mplare legat\u0103 de&#8230; &#8222;c\u00e2rn\u0103ciorii argentinieni&#8221;"},"content":{"rendered":"<p><a href=\"https:\/\/www.lovendal.ro\/wp52\/wp-content\/uploads\/2020\/10\/Emil-Racovita.jpg\"><img loading=\"lazy\" decoding=\"async\" class=\"alignleft size-full wp-image-72289\" src=\"https:\/\/www.lovendal.ro\/wp52\/wp-content\/uploads\/2020\/10\/Emil-Racovita.jpg\" alt=\"\" width=\"349\" height=\"234\" srcset=\"https:\/\/www.lovendal.ro\/wp52\/wp-content\/uploads\/2020\/10\/Emil-Racovita.jpg 349w, https:\/\/www.lovendal.ro\/wp52\/wp-content\/uploads\/2020\/10\/Emil-Racovita-300x201.jpg 300w\" sizes=\"auto, (max-width: 349px) 100vw, 349px\" \/><\/a>La 18 august 1897 pleca din Anvers (Belgia), \u00een c\u0103l\u0103toria sa antarctic\u0103, vasul \u201eBelgica&#8221;. La bord se afla un echipaj compus din 19 membri. El avea ca scop explorarea complex\u0103 a Polului Sud. Printre protagoni\u0219tii ei s-a num\u0103rat \u015fi celebrul naturalist rom\u00e2n Emil Racovi\u021b\u0103.<\/p>\n<p>La \u00eentoarcerea din regiunile polare sudice, &#8222;Belgica&#8221; a f\u0103cut o escal\u0103 \u00een Argentina. Aici, colonia rom\u00e2neasc\u0103 l-a primit pe Emil Racovi\u021b\u0103 cu onoruri. \u00cen cinstea lui au fost organizate, \u00eentre altele, adev\u0103rate banchete.<\/p>\n<p>O rom\u00e2nc\u0103, c\u0103s\u0103torit\u0103 cu un argentinian, l-a servit la ea acas\u0103 cu cele mai alese bucate. La un moment dat, a a\u0219ezat pe mas\u0103 o farfurie cu c\u00e2rn\u0103ciori bine rumeni\u021bi.<br \/>\n<em>&#8211; Servi\u021bi, domnule Racovi\u021b\u0103!<\/em>, \u0219i-a \u00eembiat ea oaspetele.<\/p>\n<p>De\u0219i s\u0103tul, t\u00e2n\u0103rul savant rom\u00e2n n-a putut rezista insisten\u021belor amfitrioanei. A luat un c\u00e2rn\u00e2cior, a gustat din el, l-a m\u00e2ncat, apoi a cerut altul \u0219i altul&#8230;<br \/>\n<em>&#8211; Sunt delicio\u0219i ace\u0219ti c\u00e2rn\u0103ciori argentinieni!<\/em> a exclamat musafirul. <em>A\u0219 vrea s\u0103-mi spune\u021bi cum i-a\u021bi preparat&#8230;<\/em><br \/>\n<em>&#8211; Ca la noi la Bucure\u0219ti, din carne tocat\u0103, cu pu\u021bin usturoi, cu piper \u0219i cu sare&#8230;<\/em><\/p>\n<p>Auzind r\u0103spunsul, Racovi\u021b\u0103 a f\u0103cut ochii mari, parc\u0103 ru\u0219inat, ne\u0219tiind ce s\u0103 spun\u0103. Gazda i-a explicat c\u0103 m\u00e2ncase mititei preg\u0103ti\u021bi dup\u0103 re\u021beta munteneasc\u0103, dar c\u0103rora el, moldoveanul, cu siguran\u021b\u0103 n-avusese prilejul s\u0103 le simt\u0103 p\u00e2n\u0103 atunci gustul, fiindc\u0103 la la\u0219i, unde se n\u0103scuse \u0219i copil\u0103rise, se pare, nu se cuno\u0219tea acest fel de bucate&#8230;<\/p>\n","protected":false},"excerpt":{"rendered":"<p>La 18 august 1897 pleca din Anvers (Belgia), \u00een c\u0103l\u0103toria sa antarctic\u0103, vasul \u201eBelgica&#8221;. La bord se afla un echipaj compus din 19 membri. El avea ca scop explorarea complex\u0103 a Polului Sud. Printre protagoni\u0219tii ei s-a num\u0103rat \u015fi celebrul &#8230; <\/p>\n<p class=\"read-more-container\"><a title=\"Savantul rom\u00e2n Emil Racovi\u0163\u0103 \u015fi incredibila sa \u00eent\u00e2mplare legat\u0103 de&#8230; &#8222;c\u00e2rn\u0103ciorii argentinieni&#8221;\" class=\"read-more button\" href=\"https:\/\/www.lovendal.ro\/wp52\/savantul-roman-emil-racovita-si-incredibila-sa-intamplare-legata-de-carnaciorii-argentinieni\/#more-72288\" aria-label=\"Cite\u0219te mai multe despre Savantul rom\u00e2n Emil Racovi\u0163\u0103 \u015fi incredibila sa \u00eent\u00e2mplare legat\u0103 de&#8230; &#8222;c\u00e2rn\u0103ciorii argentinieni&#8221;\">Cititi mai multe<\/a><\/p>\n","protected":false},"author":1,"featured_media":72289,"comment_status":"open","ping_status":"open","sticky":false,"template":"","format":"standard","meta":{"footnotes":""},"categories":[91],"tags":[8278,1340,3726,16208,827,1105,8811,329,9801,291,3794,2803,3942,2648],"class_list":["post-72288","post","type-post","status-publish","format-standard","has-post-thumbnail","hentry","category-monden","tag-anvers","tag-argentina","tag-belgia","tag-belgica","tag-bucuresti","tag-carnati","tag-emil-racovita","tag-iasi","tag-monden","tag-nava","tag-piper","tag-polul-sud","tag-sare","tag-usturoi","resize-featured-image"],"yoast_head":"<!-- This site is optimized with the Yoast SEO Premium plugin v23.3 (Yoast SEO v27.4) - https:\/\/yoast.com\/product\/yoast-seo-premium-wordpress\/ -->\n<title>Savantul rom\u00e2n Emil Racovi\u0163\u0103 \u015fi incredibila sa \u00eent\u00e2mplare legat\u0103 de... &quot;c\u00e2rn\u0103ciorii argentinieni&quot; - Secretele lui Lovendal<\/title>\n<meta name=\"robots\" content=\"index, follow, max-snippet:-1, max-image-preview:large, max-video-preview:-1\" \/>\n<link rel=\"canonical\" href=\"https:\/\/www.lovendal.ro\/wp52\/savantul-roman-emil-racovita-si-incredibila-sa-intamplare-legata-de-carnaciorii-argentinieni\/\" \/>\n<meta property=\"og:locale\" content=\"ro_RO\" \/>\n<meta property=\"og:type\" content=\"article\" \/>\n<meta property=\"og:title\" content=\"Savantul rom\u00e2n Emil Racovi\u0163\u0103 \u015fi incredibila sa \u00eent\u00e2mplare legat\u0103 de... &quot;c\u00e2rn\u0103ciorii argentinieni&quot;\" \/>\n<meta property=\"og:description\" content=\"La 18 august 1897 pleca din Anvers (Belgia), \u00een c\u0103l\u0103toria sa antarctic\u0103, vasul \u201eBelgica&#8221;. La bord se afla un echipaj compus din 19 membri. El avea ca scop explorarea complex\u0103 a Polului Sud. Printre protagoni\u0219tii ei s-a num\u0103rat \u015fi celebrul ... Cititi mai multe\" \/>\n<meta property=\"og:url\" content=\"https:\/\/www.lovendal.ro\/wp52\/savantul-roman-emil-racovita-si-incredibila-sa-intamplare-legata-de-carnaciorii-argentinieni\/\" \/>\n<meta property=\"og:site_name\" content=\"Secretele lui Lovendal\" \/>\n<meta property=\"article:publisher\" content=\"https:\/\/www.facebook.com\/secreteleluilovendal\" \/>\n<meta property=\"article:published_time\" content=\"2020-10-19T20:35:14+00:00\" \/>\n<meta property=\"og:image\" content=\"https:\/\/www.lovendal.ro\/wp52\/wp-content\/uploads\/2020\/10\/Emil-Racovita.jpg\" \/>\n\t<meta property=\"og:image:width\" content=\"349\" \/>\n\t<meta property=\"og:image:height\" content=\"234\" \/>\n\t<meta property=\"og:image:type\" content=\"image\/jpeg\" \/>\n<meta name=\"author\" content=\"admin\" \/>\n<meta name=\"twitter:card\" content=\"summary_large_image\" \/>\n<meta name=\"twitter:label1\" content=\"Scris de\" \/>\n\t<meta name=\"twitter:data1\" content=\"admin\" \/>\n\t<meta name=\"twitter:label2\" content=\"Timp estimat pentru citire\" \/>\n\t<meta name=\"twitter:data2\" content=\"1 minut\" \/>\n<script type=\"application\/ld+json\" class=\"yoast-schema-graph\">{\"@context\":\"https:\\\/\\\/schema.org\",\"@graph\":[{\"@type\":\"Article\",\"@id\":\"https:\\\/\\\/www.lovendal.ro\\\/wp52\\\/savantul-roman-emil-racovita-si-incredibila-sa-intamplare-legata-de-carnaciorii-argentinieni\\\/#article\",\"isPartOf\":{\"@id\":\"https:\\\/\\\/www.lovendal.ro\\\/wp52\\\/savantul-roman-emil-racovita-si-incredibila-sa-intamplare-legata-de-carnaciorii-argentinieni\\\/\"},\"author\":{\"name\":\"admin\",\"@id\":\"https:\\\/\\\/www.lovendal.ro\\\/wp52\\\/#\\\/schema\\\/person\\\/088691de5dfc346bb0c023e1e52ef5d9\"},\"headline\":\"Savantul rom\u00e2n Emil Racovi\u0163\u0103 \u015fi incredibila sa \u00eent\u00e2mplare legat\u0103 de&#8230; &#8222;c\u00e2rn\u0103ciorii argentinieni&#8221;\",\"datePublished\":\"2020-10-19T20:35:14+00:00\",\"mainEntityOfPage\":{\"@id\":\"https:\\\/\\\/www.lovendal.ro\\\/wp52\\\/savantul-roman-emil-racovita-si-incredibila-sa-intamplare-legata-de-carnaciorii-argentinieni\\\/\"},\"wordCount\":289,\"commentCount\":0,\"publisher\":{\"@id\":\"https:\\\/\\\/www.lovendal.ro\\\/wp52\\\/#organization\"},\"image\":{\"@id\":\"https:\\\/\\\/www.lovendal.ro\\\/wp52\\\/savantul-roman-emil-racovita-si-incredibila-sa-intamplare-legata-de-carnaciorii-argentinieni\\\/#primaryimage\"},\"thumbnailUrl\":\"https:\\\/\\\/www.lovendal.ro\\\/wp52\\\/wp-content\\\/uploads\\\/2020\\\/10\\\/Emil-Racovita.jpg\",\"keywords\":[\"Anvers\",\"Argentina\",\"Belgia\",\"Belgica\",\"Bucure\u015fti\",\"c\u00e2rna\u0163i\",\"Emil Racovi\u0163\u0103\",\"Ia\u015fi\",\"Monden si Divertisment\",\"nav\u0103\",\"piper\",\"Polul Sud\",\"sare\",\"usturoi\"],\"articleSection\":[\"Monden si Divertisment\"],\"inLanguage\":\"ro-RO\",\"potentialAction\":[{\"@type\":\"CommentAction\",\"name\":\"Comment\",\"target\":[\"https:\\\/\\\/www.lovendal.ro\\\/wp52\\\/savantul-roman-emil-racovita-si-incredibila-sa-intamplare-legata-de-carnaciorii-argentinieni\\\/#respond\"]}]},{\"@type\":\"WebPage\",\"@id\":\"https:\\\/\\\/www.lovendal.ro\\\/wp52\\\/savantul-roman-emil-racovita-si-incredibila-sa-intamplare-legata-de-carnaciorii-argentinieni\\\/\",\"url\":\"https:\\\/\\\/www.lovendal.ro\\\/wp52\\\/savantul-roman-emil-racovita-si-incredibila-sa-intamplare-legata-de-carnaciorii-argentinieni\\\/\",\"name\":\"Savantul rom\u00e2n Emil Racovi\u0163\u0103 \u015fi incredibila sa \u00eent\u00e2mplare legat\u0103 de... \\\"c\u00e2rn\u0103ciorii argentinieni\\\" - Secretele lui Lovendal\",\"isPartOf\":{\"@id\":\"https:\\\/\\\/www.lovendal.ro\\\/wp52\\\/#website\"},\"primaryImageOfPage\":{\"@id\":\"https:\\\/\\\/www.lovendal.ro\\\/wp52\\\/savantul-roman-emil-racovita-si-incredibila-sa-intamplare-legata-de-carnaciorii-argentinieni\\\/#primaryimage\"},\"image\":{\"@id\":\"https:\\\/\\\/www.lovendal.ro\\\/wp52\\\/savantul-roman-emil-racovita-si-incredibila-sa-intamplare-legata-de-carnaciorii-argentinieni\\\/#primaryimage\"},\"thumbnailUrl\":\"https:\\\/\\\/www.lovendal.ro\\\/wp52\\\/wp-content\\\/uploads\\\/2020\\\/10\\\/Emil-Racovita.jpg\",\"datePublished\":\"2020-10-19T20:35:14+00:00\",\"breadcrumb\":{\"@id\":\"https:\\\/\\\/www.lovendal.ro\\\/wp52\\\/savantul-roman-emil-racovita-si-incredibila-sa-intamplare-legata-de-carnaciorii-argentinieni\\\/#breadcrumb\"},\"inLanguage\":\"ro-RO\",\"potentialAction\":[{\"@type\":\"ReadAction\",\"target\":[\"https:\\\/\\\/www.lovendal.ro\\\/wp52\\\/savantul-roman-emil-racovita-si-incredibila-sa-intamplare-legata-de-carnaciorii-argentinieni\\\/\"]}]},{\"@type\":\"ImageObject\",\"inLanguage\":\"ro-RO\",\"@id\":\"https:\\\/\\\/www.lovendal.ro\\\/wp52\\\/savantul-roman-emil-racovita-si-incredibila-sa-intamplare-legata-de-carnaciorii-argentinieni\\\/#primaryimage\",\"url\":\"https:\\\/\\\/www.lovendal.ro\\\/wp52\\\/wp-content\\\/uploads\\\/2020\\\/10\\\/Emil-Racovita.jpg\",\"contentUrl\":\"https:\\\/\\\/www.lovendal.ro\\\/wp52\\\/wp-content\\\/uploads\\\/2020\\\/10\\\/Emil-Racovita.jpg\",\"width\":349,\"height\":234},{\"@type\":\"BreadcrumbList\",\"@id\":\"https:\\\/\\\/www.lovendal.ro\\\/wp52\\\/savantul-roman-emil-racovita-si-incredibila-sa-intamplare-legata-de-carnaciorii-argentinieni\\\/#breadcrumb\",\"itemListElement\":[{\"@type\":\"ListItem\",\"position\":1,\"name\":\"Home\",\"item\":\"https:\\\/\\\/www.lovendal.ro\\\/wp52\\\/\"},{\"@type\":\"ListItem\",\"position\":2,\"name\":\"Savantul rom\u00e2n Emil Racovi\u0163\u0103 \u015fi incredibila sa \u00eent\u00e2mplare legat\u0103 de&#8230; &#8222;c\u00e2rn\u0103ciorii argentinieni&#8221;\"}]},{\"@type\":\"WebSite\",\"@id\":\"https:\\\/\\\/www.lovendal.ro\\\/wp52\\\/#website\",\"url\":\"https:\\\/\\\/www.lovendal.ro\\\/wp52\\\/\",\"name\":\"Secretele lui Lovendal\",\"description\":\"Site de secrete, stiinta si metafizica - din 2008 -\",\"publisher\":{\"@id\":\"https:\\\/\\\/www.lovendal.ro\\\/wp52\\\/#organization\"},\"potentialAction\":[{\"@type\":\"SearchAction\",\"target\":{\"@type\":\"EntryPoint\",\"urlTemplate\":\"https:\\\/\\\/www.lovendal.ro\\\/wp52\\\/?s={search_term_string}\"},\"query-input\":{\"@type\":\"PropertyValueSpecification\",\"valueRequired\":true,\"valueName\":\"search_term_string\"}}],\"inLanguage\":\"ro-RO\"},{\"@type\":\"Organization\",\"@id\":\"https:\\\/\\\/www.lovendal.ro\\\/wp52\\\/#organization\",\"name\":\"Secretele lui Lovendal\",\"url\":\"https:\\\/\\\/www.lovendal.ro\\\/wp52\\\/\",\"logo\":{\"@type\":\"ImageObject\",\"inLanguage\":\"ro-RO\",\"@id\":\"https:\\\/\\\/www.lovendal.ro\\\/wp52\\\/#\\\/schema\\\/logo\\\/image\\\/\",\"url\":\"https:\\\/\\\/www.lovendal.ro\\\/wp52\\\/wp-content\\\/uploads\\\/2024\\\/06\\\/cropped-SLL-iun-2024-1.jpg\",\"contentUrl\":\"https:\\\/\\\/www.lovendal.ro\\\/wp52\\\/wp-content\\\/uploads\\\/2024\\\/06\\\/cropped-SLL-iun-2024-1.jpg\",\"width\":771,\"height\":240,\"caption\":\"Secretele lui Lovendal\"},\"image\":{\"@id\":\"https:\\\/\\\/www.lovendal.ro\\\/wp52\\\/#\\\/schema\\\/logo\\\/image\\\/\"},\"sameAs\":[\"https:\\\/\\\/www.facebook.com\\\/secreteleluilovendal\"]},{\"@type\":\"Person\",\"@id\":\"https:\\\/\\\/www.lovendal.ro\\\/wp52\\\/#\\\/schema\\\/person\\\/088691de5dfc346bb0c023e1e52ef5d9\",\"name\":\"admin\",\"image\":{\"@type\":\"ImageObject\",\"inLanguage\":\"ro-RO\",\"@id\":\"https:\\\/\\\/secure.gravatar.com\\\/avatar\\\/ecb9cd41f5f63c9c9b989999a59f6e2639a865ec361e9db054db0679a8f341c2?s=96&d=mm&r=g\",\"url\":\"https:\\\/\\\/secure.gravatar.com\\\/avatar\\\/ecb9cd41f5f63c9c9b989999a59f6e2639a865ec361e9db054db0679a8f341c2?s=96&d=mm&r=g\",\"contentUrl\":\"https:\\\/\\\/secure.gravatar.com\\\/avatar\\\/ecb9cd41f5f63c9c9b989999a59f6e2639a865ec361e9db054db0679a8f341c2?s=96&d=mm&r=g\",\"caption\":\"admin\"},\"sameAs\":[\"https:\\\/\\\/www.lovendal.ro\\\/wp52\"]}]}<\/script>\n<!-- \/ Yoast SEO Premium plugin. -->","yoast_head_json":{"title":"Savantul rom\u00e2n Emil Racovi\u0163\u0103 \u015fi incredibila sa \u00eent\u00e2mplare legat\u0103 de... \"c\u00e2rn\u0103ciorii argentinieni\" - Secretele lui Lovendal","robots":{"index":"index","follow":"follow","max-snippet":"max-snippet:-1","max-image-preview":"max-image-preview:large","max-video-preview":"max-video-preview:-1"},"canonical":"https:\/\/www.lovendal.ro\/wp52\/savantul-roman-emil-racovita-si-incredibila-sa-intamplare-legata-de-carnaciorii-argentinieni\/","og_locale":"ro_RO","og_type":"article","og_title":"Savantul rom\u00e2n Emil Racovi\u0163\u0103 \u015fi incredibila sa \u00eent\u00e2mplare legat\u0103 de... \"c\u00e2rn\u0103ciorii argentinieni\"","og_description":"La 18 august 1897 pleca din Anvers (Belgia), \u00een c\u0103l\u0103toria sa antarctic\u0103, vasul \u201eBelgica&#8221;. La bord se afla un echipaj compus din 19 membri. El avea ca scop explorarea complex\u0103 a Polului Sud. Printre protagoni\u0219tii ei s-a num\u0103rat \u015fi celebrul ... Cititi mai multe","og_url":"https:\/\/www.lovendal.ro\/wp52\/savantul-roman-emil-racovita-si-incredibila-sa-intamplare-legata-de-carnaciorii-argentinieni\/","og_site_name":"Secretele lui Lovendal","article_publisher":"https:\/\/www.facebook.com\/secreteleluilovendal","article_published_time":"2020-10-19T20:35:14+00:00","og_image":[{"width":349,"height":234,"url":"https:\/\/www.lovendal.ro\/wp52\/wp-content\/uploads\/2020\/10\/Emil-Racovita.jpg","type":"image\/jpeg"}],"author":"admin","twitter_card":"summary_large_image","twitter_misc":{"Scris de":"admin","Timp estimat pentru citire":"1 minut"},"schema":{"@context":"https:\/\/schema.org","@graph":[{"@type":"Article","@id":"https:\/\/www.lovendal.ro\/wp52\/savantul-roman-emil-racovita-si-incredibila-sa-intamplare-legata-de-carnaciorii-argentinieni\/#article","isPartOf":{"@id":"https:\/\/www.lovendal.ro\/wp52\/savantul-roman-emil-racovita-si-incredibila-sa-intamplare-legata-de-carnaciorii-argentinieni\/"},"author":{"name":"admin","@id":"https:\/\/www.lovendal.ro\/wp52\/#\/schema\/person\/088691de5dfc346bb0c023e1e52ef5d9"},"headline":"Savantul rom\u00e2n Emil Racovi\u0163\u0103 \u015fi incredibila sa \u00eent\u00e2mplare legat\u0103 de&#8230; &#8222;c\u00e2rn\u0103ciorii argentinieni&#8221;","datePublished":"2020-10-19T20:35:14+00:00","mainEntityOfPage":{"@id":"https:\/\/www.lovendal.ro\/wp52\/savantul-roman-emil-racovita-si-incredibila-sa-intamplare-legata-de-carnaciorii-argentinieni\/"},"wordCount":289,"commentCount":0,"publisher":{"@id":"https:\/\/www.lovendal.ro\/wp52\/#organization"},"image":{"@id":"https:\/\/www.lovendal.ro\/wp52\/savantul-roman-emil-racovita-si-incredibila-sa-intamplare-legata-de-carnaciorii-argentinieni\/#primaryimage"},"thumbnailUrl":"https:\/\/www.lovendal.ro\/wp52\/wp-content\/uploads\/2020\/10\/Emil-Racovita.jpg","keywords":["Anvers","Argentina","Belgia","Belgica","Bucure\u015fti","c\u00e2rna\u0163i","Emil Racovi\u0163\u0103","Ia\u015fi","Monden si Divertisment","nav\u0103","piper","Polul Sud","sare","usturoi"],"articleSection":["Monden si Divertisment"],"inLanguage":"ro-RO","potentialAction":[{"@type":"CommentAction","name":"Comment","target":["https:\/\/www.lovendal.ro\/wp52\/savantul-roman-emil-racovita-si-incredibila-sa-intamplare-legata-de-carnaciorii-argentinieni\/#respond"]}]},{"@type":"WebPage","@id":"https:\/\/www.lovendal.ro\/wp52\/savantul-roman-emil-racovita-si-incredibila-sa-intamplare-legata-de-carnaciorii-argentinieni\/","url":"https:\/\/www.lovendal.ro\/wp52\/savantul-roman-emil-racovita-si-incredibila-sa-intamplare-legata-de-carnaciorii-argentinieni\/","name":"Savantul rom\u00e2n Emil Racovi\u0163\u0103 \u015fi incredibila sa \u00eent\u00e2mplare legat\u0103 de... \"c\u00e2rn\u0103ciorii argentinieni\" - Secretele lui Lovendal","isPartOf":{"@id":"https:\/\/www.lovendal.ro\/wp52\/#website"},"primaryImageOfPage":{"@id":"https:\/\/www.lovendal.ro\/wp52\/savantul-roman-emil-racovita-si-incredibila-sa-intamplare-legata-de-carnaciorii-argentinieni\/#primaryimage"},"image":{"@id":"https:\/\/www.lovendal.ro\/wp52\/savantul-roman-emil-racovita-si-incredibila-sa-intamplare-legata-de-carnaciorii-argentinieni\/#primaryimage"},"thumbnailUrl":"https:\/\/www.lovendal.ro\/wp52\/wp-content\/uploads\/2020\/10\/Emil-Racovita.jpg","datePublished":"2020-10-19T20:35:14+00:00","breadcrumb":{"@id":"https:\/\/www.lovendal.ro\/wp52\/savantul-roman-emil-racovita-si-incredibila-sa-intamplare-legata-de-carnaciorii-argentinieni\/#breadcrumb"},"inLanguage":"ro-RO","potentialAction":[{"@type":"ReadAction","target":["https:\/\/www.lovendal.ro\/wp52\/savantul-roman-emil-racovita-si-incredibila-sa-intamplare-legata-de-carnaciorii-argentinieni\/"]}]},{"@type":"ImageObject","inLanguage":"ro-RO","@id":"https:\/\/www.lovendal.ro\/wp52\/savantul-roman-emil-racovita-si-incredibila-sa-intamplare-legata-de-carnaciorii-argentinieni\/#primaryimage","url":"https:\/\/www.lovendal.ro\/wp52\/wp-content\/uploads\/2020\/10\/Emil-Racovita.jpg","contentUrl":"https:\/\/www.lovendal.ro\/wp52\/wp-content\/uploads\/2020\/10\/Emil-Racovita.jpg","width":349,"height":234},{"@type":"BreadcrumbList","@id":"https:\/\/www.lovendal.ro\/wp52\/savantul-roman-emil-racovita-si-incredibila-sa-intamplare-legata-de-carnaciorii-argentinieni\/#breadcrumb","itemListElement":[{"@type":"ListItem","position":1,"name":"Home","item":"https:\/\/www.lovendal.ro\/wp52\/"},{"@type":"ListItem","position":2,"name":"Savantul rom\u00e2n Emil Racovi\u0163\u0103 \u015fi incredibila sa \u00eent\u00e2mplare legat\u0103 de&#8230; &#8222;c\u00e2rn\u0103ciorii argentinieni&#8221;"}]},{"@type":"WebSite","@id":"https:\/\/www.lovendal.ro\/wp52\/#website","url":"https:\/\/www.lovendal.ro\/wp52\/","name":"Secretele lui Lovendal","description":"Site de secrete, stiinta si metafizica - din 2008 -","publisher":{"@id":"https:\/\/www.lovendal.ro\/wp52\/#organization"},"potentialAction":[{"@type":"SearchAction","target":{"@type":"EntryPoint","urlTemplate":"https:\/\/www.lovendal.ro\/wp52\/?s={search_term_string}"},"query-input":{"@type":"PropertyValueSpecification","valueRequired":true,"valueName":"search_term_string"}}],"inLanguage":"ro-RO"},{"@type":"Organization","@id":"https:\/\/www.lovendal.ro\/wp52\/#organization","name":"Secretele lui Lovendal","url":"https:\/\/www.lovendal.ro\/wp52\/","logo":{"@type":"ImageObject","inLanguage":"ro-RO","@id":"https:\/\/www.lovendal.ro\/wp52\/#\/schema\/logo\/image\/","url":"https:\/\/www.lovendal.ro\/wp52\/wp-content\/uploads\/2024\/06\/cropped-SLL-iun-2024-1.jpg","contentUrl":"https:\/\/www.lovendal.ro\/wp52\/wp-content\/uploads\/2024\/06\/cropped-SLL-iun-2024-1.jpg","width":771,"height":240,"caption":"Secretele lui Lovendal"},"image":{"@id":"https:\/\/www.lovendal.ro\/wp52\/#\/schema\/logo\/image\/"},"sameAs":["https:\/\/www.facebook.com\/secreteleluilovendal"]},{"@type":"Person","@id":"https:\/\/www.lovendal.ro\/wp52\/#\/schema\/person\/088691de5dfc346bb0c023e1e52ef5d9","name":"admin","image":{"@type":"ImageObject","inLanguage":"ro-RO","@id":"https:\/\/secure.gravatar.com\/avatar\/ecb9cd41f5f63c9c9b989999a59f6e2639a865ec361e9db054db0679a8f341c2?s=96&d=mm&r=g","url":"https:\/\/secure.gravatar.com\/avatar\/ecb9cd41f5f63c9c9b989999a59f6e2639a865ec361e9db054db0679a8f341c2?s=96&d=mm&r=g","contentUrl":"https:\/\/secure.gravatar.com\/avatar\/ecb9cd41f5f63c9c9b989999a59f6e2639a865ec361e9db054db0679a8f341c2?s=96&d=mm&r=g","caption":"admin"},"sameAs":["https:\/\/www.lovendal.ro\/wp52"]}]}},"_links":{"self":[{"href":"https:\/\/www.lovendal.ro\/wp52\/wp-json\/wp\/v2\/posts\/72288","targetHints":{"allow":["GET"]}}],"collection":[{"href":"https:\/\/www.lovendal.ro\/wp52\/wp-json\/wp\/v2\/posts"}],"about":[{"href":"https:\/\/www.lovendal.ro\/wp52\/wp-json\/wp\/v2\/types\/post"}],"author":[{"embeddable":true,"href":"https:\/\/www.lovendal.ro\/wp52\/wp-json\/wp\/v2\/users\/1"}],"replies":[{"embeddable":true,"href":"https:\/\/www.lovendal.ro\/wp52\/wp-json\/wp\/v2\/comments?post=72288"}],"version-history":[{"count":0,"href":"https:\/\/www.lovendal.ro\/wp52\/wp-json\/wp\/v2\/posts\/72288\/revisions"}],"wp:featuredmedia":[{"embeddable":true,"href":"https:\/\/www.lovendal.ro\/wp52\/wp-json\/wp\/v2\/media\/72289"}],"wp:attachment":[{"href":"https:\/\/www.lovendal.ro\/wp52\/wp-json\/wp\/v2\/media?parent=72288"}],"wp:term":[{"taxonomy":"category","embeddable":true,"href":"https:\/\/www.lovendal.ro\/wp52\/wp-json\/wp\/v2\/categories?post=72288"},{"taxonomy":"post_tag","embeddable":true,"href":"https:\/\/www.lovendal.ro\/wp52\/wp-json\/wp\/v2\/tags?post=72288"}],"curies":[{"name":"wp","href":"https:\/\/api.w.org\/{rel}","templated":true}]}}