{"id":72171,"date":"2020-10-12T22:05:53","date_gmt":"2020-10-12T19:05:53","guid":{"rendered":"https:\/\/www.lovendal.ro\/wp52\/?p=72171"},"modified":"2024-08-05T17:29:01","modified_gmt":"2024-08-05T14:29:01","slug":"ipoteza-pe-giulgiu-din-torino-nu-se-afla-imaginea-lui-iisus-hristos-ci-a-marelui-maestru-al-cavalerilor-templieri-jacques-de-molay-ucis-de-regele-frantei","status":"publish","type":"post","link":"https:\/\/www.lovendal.ro\/wp52\/ipoteza-pe-giulgiu-din-torino-nu-se-afla-imaginea-lui-iisus-hristos-ci-a-marelui-maestru-al-cavalerilor-templieri-jacques-de-molay-ucis-de-regele-frantei\/","title":{"rendered":"O nou\u0103 ipotez\u0103: pe Giulgiul de la Torino nu se afl\u0103 imaginea lui Iisus Hristos, ci a Marelui Maestru al Cavalerilor Templieri, Jacques de Molay, ucis de regele Fran\u0163ei?"},"content":{"rendered":"<p><a href=\"https:\/\/www.lovendal.ro\/wp52\/wp-content\/uploads\/2020\/10\/Giulgiu-din-Torino-Jacques-de-Molay.jpg\"><img loading=\"lazy\" decoding=\"async\" class=\"alignleft size-full wp-image-72172\" src=\"https:\/\/www.lovendal.ro\/wp52\/wp-content\/uploads\/2020\/10\/Giulgiu-din-Torino-Jacques-de-Molay.jpg\" alt=\"\" width=\"360\" height=\"238\" srcset=\"https:\/\/www.lovendal.ro\/wp52\/wp-content\/uploads\/2020\/10\/Giulgiu-din-Torino-Jacques-de-Molay.jpg 360w, https:\/\/www.lovendal.ro\/wp52\/wp-content\/uploads\/2020\/10\/Giulgiu-din-Torino-Jacques-de-Molay-300x198.jpg 300w\" sizes=\"auto, (max-width: 360px) 100vw, 360px\" \/><\/a>Una dintre cele mai controversate relicve ale cre\u015ftinismului este &#8222;Giulgiul de la Torino&#8221;, care se presupune ca a fost folosit la \u00eengroparea lui Iisus Hristos. \u00cen 1988, prin metoda carbonului radioactiv, s-a ajuns la concluzia ca giulgiul provine din secolul al XIV-lea, mai precis perioada 1260-1360.<\/p>\n<p>\u00cens\u0103, \u00een 1998 a ap\u0103rut o lucrare <strong><em>&#8222;Cel de-al doilea Mesia: Giulgiul din Torino \u015fi marele secret al francmasoneriei&#8221;<\/em> <\/strong>(o pute\u0163i cump\u0103ra de pe <a href=\"https:\/\/www.amazon.co.uk\/Second-Messiah-Templars-Shroud-Freemasonry\/dp\/0099227320\" target=\"_blank\" rel=\"noopener noreferrer\"><strong>amazon.com<\/strong><\/a>), care afirm\u0103 c\u0103 Giulgiul apar\u0163ine, nici mai mult nici mai pu\u0163in, dec\u00e2t lui Jacques de Molay, Marele Maestru Templier. Acesta a fost executat la ordinul regelui francez Filip cel Frumos \u00een martie 1314.<\/p>\n<p>Povestea din lucrarea mai sus men\u0163ionat\u0103 ar fi urm\u0103toarea: c\u00e2nd Marele Inchizitor al Fran\u0163eia constatat &#8222;\u00eengrozit&#8221; c\u0103 Molay \u015fi-ar fi b\u0103tut joc de suferin\u0163a lui Hristos, l-ar fi executat pe acesta \u00een Scena Patimilor. Ulterior, c\u00e2nd Marele Maestru Templier a fost cobor\u00e2t de pe cruce, ar fi fost \u00eenf\u0103\u015furat \u00een Giulgiu \u015fi, chem\u00e2nd rudele celuilalt templier schinjuit Geoffroi de Charney, s\u0103-i \u00eengrijeasc\u0103, ace\u015ftia \u015fi-ar fi \u00eensu\u015fit Giulgiul.<\/p>\n<p>Din cartea <strong><em>&#8222;The Hiram Key&#8221;<\/em><\/strong> putem afla urm\u0103toarele: <em>&#8222;Dup\u0103 ce templierii au fost prin\u015fi, Jacques de Molay a fost torturat, prin batjocorirea mor\u0163ii lui Iisus &#8211; i s-a pus pe cap o coroan\u0103 de spini \u0219i a fost r\u0103stignit &#8211; dar nu p\u00e2n\u0103 la moarte. Apoi a fost luat de pe cruce dup\u0103 ce a m\u0103rturisit \u0219i a fost a\u0219ezat pe un giulgiu. S\u00e2ngele \u015fi secre\u0163iile sale au p\u0103tat p\u00e2nza \u0219i, \u00een reac\u021bie cu t\u0103m\u00e2ia folosit\u0103 pentru albirea \u021bes\u0103turilor \u00een acel moment, a provocat imaginea de pe giulgiu&#8221;<\/em>.<\/p>\n<p>Nu exist\u0103 \u00eens\u0103 nicio \u00eenregistrare istoric\u0103 care s\u0103 spun\u0103 c\u0103 Marele Maestru Templier ar fi fost crucificat \u00eenainte de a fi ars pe rug pe 11 martie 1314. S\u0103 fie \u0103sta adev\u0103rul, care a fost at\u00e2t de bine ascuns!?<\/p>\n","protected":false},"excerpt":{"rendered":"<p>Una dintre cele mai controversate relicve ale cre\u015ftinismului este &#8222;Giulgiul de la Torino&#8221;, care se presupune ca a fost folosit la \u00eengroparea lui Iisus Hristos. \u00cen 1988, prin metoda carbonului radioactiv, s-a ajuns la concluzia ca giulgiul provine din secolul &#8230; <\/p>\n<p class=\"read-more-container\"><a title=\"O nou\u0103 ipotez\u0103: pe Giulgiul de la Torino nu se afl\u0103 imaginea lui Iisus Hristos, ci a Marelui Maestru al Cavalerilor Templieri, Jacques de Molay, ucis de regele Fran\u0163ei?\" class=\"read-more button\" href=\"https:\/\/www.lovendal.ro\/wp52\/ipoteza-pe-giulgiu-din-torino-nu-se-afla-imaginea-lui-iisus-hristos-ci-a-marelui-maestru-al-cavalerilor-templieri-jacques-de-molay-ucis-de-regele-frantei\/#more-72171\" aria-label=\"Cite\u0219te mai multe despre O nou\u0103 ipotez\u0103: pe Giulgiul de la Torino nu se afl\u0103 imaginea lui Iisus Hristos, ci a Marelui Maestru al Cavalerilor Templieri, Jacques de Molay, ucis de regele Fran\u0163ei?\">Cititi mai multe<\/a><\/p>\n","protected":false},"author":1,"featured_media":92370,"comment_status":"open","ping_status":"open","sticky":false,"template":"","format":"standard","meta":{"footnotes":""},"categories":[475],"tags":[1288,1398,7664,1103,570,358,3396,211,2642,1493,9591,202,1350,10050,210,3615,571,6216,453,1964,7791],"class_list":["post-72171","post","type-post","status-publish","format-standard","has-post-thumbnail","hentry","category-conspiratii-mistere","tag-ars-pe-rug","tag-cap","tag-carbon-14","tag-carte","tag-cavaleri-templieri","tag-conspiratii-si-mistere","tag-coroana","tag-crestinism","tag-cruce","tag-crucificare","tag-filip-cel-frumos","tag-franta","tag-giulgiu","tag-giulgiul-din-torino","tag-iisus-hristos","tag-imagine","tag-jacques-de-molay","tag-panza","tag-rege","tag-sange","tag-tamaie","resize-featured-image"],"yoast_head":"<!-- This site is optimized with the Yoast SEO Premium plugin v23.3 (Yoast SEO v27.4) - https:\/\/yoast.com\/product\/yoast-seo-premium-wordpress\/ -->\n<title>O nou\u0103 ipotez\u0103: pe Giulgiul de la Torino nu se afl\u0103 imaginea lui Iisus Hristos, ci a Marelui Maestru al Cavalerilor Templieri, Jacques de Molay, ucis de regele Fran\u0163ei? - Secretele lui Lovendal<\/title>\n<meta name=\"robots\" content=\"index, follow, max-snippet:-1, max-image-preview:large, max-video-preview:-1\" \/>\n<link rel=\"canonical\" href=\"https:\/\/www.lovendal.ro\/wp52\/ipoteza-pe-giulgiu-din-torino-nu-se-afla-imaginea-lui-iisus-hristos-ci-a-marelui-maestru-al-cavalerilor-templieri-jacques-de-molay-ucis-de-regele-frantei\/\" \/>\n<meta property=\"og:locale\" content=\"ro_RO\" \/>\n<meta property=\"og:type\" content=\"article\" \/>\n<meta property=\"og:title\" content=\"O nou\u0103 ipotez\u0103: pe Giulgiul de la Torino nu se afl\u0103 imaginea lui Iisus Hristos, ci a Marelui Maestru al Cavalerilor Templieri, Jacques de Molay, ucis de regele Fran\u0163ei?\" \/>\n<meta property=\"og:description\" content=\"Una dintre cele mai controversate relicve ale cre\u015ftinismului este &#8222;Giulgiul de la Torino&#8221;, care se presupune ca a fost folosit la \u00eengroparea lui Iisus Hristos. \u00cen 1988, prin metoda carbonului radioactiv, s-a ajuns la concluzia ca giulgiul provine din secolul ... Cititi mai multe\" \/>\n<meta property=\"og:url\" content=\"https:\/\/www.lovendal.ro\/wp52\/ipoteza-pe-giulgiu-din-torino-nu-se-afla-imaginea-lui-iisus-hristos-ci-a-marelui-maestru-al-cavalerilor-templieri-jacques-de-molay-ucis-de-regele-frantei\/\" \/>\n<meta property=\"og:site_name\" content=\"Secretele lui Lovendal\" \/>\n<meta property=\"article:publisher\" content=\"https:\/\/www.facebook.com\/secreteleluilovendal\" \/>\n<meta property=\"article:published_time\" content=\"2020-10-12T19:05:53+00:00\" \/>\n<meta property=\"article:modified_time\" content=\"2024-08-05T14:29:01+00:00\" \/>\n<meta property=\"og:image\" content=\"https:\/\/www.lovendal.ro\/wp52\/wp-content\/uploads\/2020\/10\/Giulgiul-din-Torino-Jacques-de-Molay.jpg\" \/>\n\t<meta property=\"og:image:width\" content=\"537\" \/>\n\t<meta property=\"og:image:height\" content=\"363\" \/>\n\t<meta property=\"og:image:type\" content=\"image\/jpeg\" \/>\n<meta name=\"author\" content=\"admin\" \/>\n<meta name=\"twitter:card\" content=\"summary_large_image\" \/>\n<meta name=\"twitter:label1\" content=\"Scris de\" \/>\n\t<meta name=\"twitter:data1\" content=\"admin\" \/>\n\t<meta name=\"twitter:label2\" content=\"Timp estimat pentru citire\" \/>\n\t<meta name=\"twitter:data2\" content=\"2 minute\" \/>\n<script type=\"application\/ld+json\" class=\"yoast-schema-graph\">{\"@context\":\"https:\\\/\\\/schema.org\",\"@graph\":[{\"@type\":\"Article\",\"@id\":\"https:\\\/\\\/www.lovendal.ro\\\/wp52\\\/ipoteza-pe-giulgiu-din-torino-nu-se-afla-imaginea-lui-iisus-hristos-ci-a-marelui-maestru-al-cavalerilor-templieri-jacques-de-molay-ucis-de-regele-frantei\\\/#article\",\"isPartOf\":{\"@id\":\"https:\\\/\\\/www.lovendal.ro\\\/wp52\\\/ipoteza-pe-giulgiu-din-torino-nu-se-afla-imaginea-lui-iisus-hristos-ci-a-marelui-maestru-al-cavalerilor-templieri-jacques-de-molay-ucis-de-regele-frantei\\\/\"},\"author\":{\"name\":\"admin\",\"@id\":\"https:\\\/\\\/www.lovendal.ro\\\/wp52\\\/#\\\/schema\\\/person\\\/088691de5dfc346bb0c023e1e52ef5d9\"},\"headline\":\"O nou\u0103 ipotez\u0103: pe Giulgiul de la Torino nu se afl\u0103 imaginea lui Iisus Hristos, ci a Marelui Maestru al Cavalerilor Templieri, Jacques de Molay, ucis de regele Fran\u0163ei?\",\"datePublished\":\"2020-10-12T19:05:53+00:00\",\"dateModified\":\"2024-08-05T14:29:01+00:00\",\"mainEntityOfPage\":{\"@id\":\"https:\\\/\\\/www.lovendal.ro\\\/wp52\\\/ipoteza-pe-giulgiu-din-torino-nu-se-afla-imaginea-lui-iisus-hristos-ci-a-marelui-maestru-al-cavalerilor-templieri-jacques-de-molay-ucis-de-regele-frantei\\\/\"},\"wordCount\":361,\"commentCount\":0,\"publisher\":{\"@id\":\"https:\\\/\\\/www.lovendal.ro\\\/wp52\\\/#organization\"},\"image\":{\"@id\":\"https:\\\/\\\/www.lovendal.ro\\\/wp52\\\/ipoteza-pe-giulgiu-din-torino-nu-se-afla-imaginea-lui-iisus-hristos-ci-a-marelui-maestru-al-cavalerilor-templieri-jacques-de-molay-ucis-de-regele-frantei\\\/#primaryimage\"},\"thumbnailUrl\":\"https:\\\/\\\/www.lovendal.ro\\\/wp52\\\/wp-content\\\/uploads\\\/2020\\\/10\\\/Giulgiul-din-Torino-Jacques-de-Molay.jpg\",\"keywords\":[\"ars pe rug\",\"cap\",\"carbon 14\",\"carte\",\"cavaleri templieri\",\"Conspiratii si Mistere\",\"coroan\u0103\",\"cre\u015ftinism\",\"cruce\",\"crucificare\",\"Filip cel Frumos\",\"Fran\u0163a\",\"Giulgiu\",\"Giulgiul din Torino\",\"Iisus Hristos\",\"imagine\",\"Jacques de Molay\",\"p\u00e2nz\u0103\",\"rege\",\"s\u00e2nge\",\"t\u0103m\u00e2ie\"],\"articleSection\":[\"Conspiratii si Mistere\"],\"inLanguage\":\"ro-RO\",\"potentialAction\":[{\"@type\":\"CommentAction\",\"name\":\"Comment\",\"target\":[\"https:\\\/\\\/www.lovendal.ro\\\/wp52\\\/ipoteza-pe-giulgiu-din-torino-nu-se-afla-imaginea-lui-iisus-hristos-ci-a-marelui-maestru-al-cavalerilor-templieri-jacques-de-molay-ucis-de-regele-frantei\\\/#respond\"]}]},{\"@type\":\"WebPage\",\"@id\":\"https:\\\/\\\/www.lovendal.ro\\\/wp52\\\/ipoteza-pe-giulgiu-din-torino-nu-se-afla-imaginea-lui-iisus-hristos-ci-a-marelui-maestru-al-cavalerilor-templieri-jacques-de-molay-ucis-de-regele-frantei\\\/\",\"url\":\"https:\\\/\\\/www.lovendal.ro\\\/wp52\\\/ipoteza-pe-giulgiu-din-torino-nu-se-afla-imaginea-lui-iisus-hristos-ci-a-marelui-maestru-al-cavalerilor-templieri-jacques-de-molay-ucis-de-regele-frantei\\\/\",\"name\":\"O nou\u0103 ipotez\u0103: pe Giulgiul de la Torino nu se afl\u0103 imaginea lui Iisus Hristos, ci a Marelui Maestru al Cavalerilor Templieri, Jacques de Molay, ucis de regele Fran\u0163ei? - Secretele lui Lovendal\",\"isPartOf\":{\"@id\":\"https:\\\/\\\/www.lovendal.ro\\\/wp52\\\/#website\"},\"primaryImageOfPage\":{\"@id\":\"https:\\\/\\\/www.lovendal.ro\\\/wp52\\\/ipoteza-pe-giulgiu-din-torino-nu-se-afla-imaginea-lui-iisus-hristos-ci-a-marelui-maestru-al-cavalerilor-templieri-jacques-de-molay-ucis-de-regele-frantei\\\/#primaryimage\"},\"image\":{\"@id\":\"https:\\\/\\\/www.lovendal.ro\\\/wp52\\\/ipoteza-pe-giulgiu-din-torino-nu-se-afla-imaginea-lui-iisus-hristos-ci-a-marelui-maestru-al-cavalerilor-templieri-jacques-de-molay-ucis-de-regele-frantei\\\/#primaryimage\"},\"thumbnailUrl\":\"https:\\\/\\\/www.lovendal.ro\\\/wp52\\\/wp-content\\\/uploads\\\/2020\\\/10\\\/Giulgiul-din-Torino-Jacques-de-Molay.jpg\",\"datePublished\":\"2020-10-12T19:05:53+00:00\",\"dateModified\":\"2024-08-05T14:29:01+00:00\",\"breadcrumb\":{\"@id\":\"https:\\\/\\\/www.lovendal.ro\\\/wp52\\\/ipoteza-pe-giulgiu-din-torino-nu-se-afla-imaginea-lui-iisus-hristos-ci-a-marelui-maestru-al-cavalerilor-templieri-jacques-de-molay-ucis-de-regele-frantei\\\/#breadcrumb\"},\"inLanguage\":\"ro-RO\",\"potentialAction\":[{\"@type\":\"ReadAction\",\"target\":[\"https:\\\/\\\/www.lovendal.ro\\\/wp52\\\/ipoteza-pe-giulgiu-din-torino-nu-se-afla-imaginea-lui-iisus-hristos-ci-a-marelui-maestru-al-cavalerilor-templieri-jacques-de-molay-ucis-de-regele-frantei\\\/\"]}]},{\"@type\":\"ImageObject\",\"inLanguage\":\"ro-RO\",\"@id\":\"https:\\\/\\\/www.lovendal.ro\\\/wp52\\\/ipoteza-pe-giulgiu-din-torino-nu-se-afla-imaginea-lui-iisus-hristos-ci-a-marelui-maestru-al-cavalerilor-templieri-jacques-de-molay-ucis-de-regele-frantei\\\/#primaryimage\",\"url\":\"https:\\\/\\\/www.lovendal.ro\\\/wp52\\\/wp-content\\\/uploads\\\/2020\\\/10\\\/Giulgiul-din-Torino-Jacques-de-Molay.jpg\",\"contentUrl\":\"https:\\\/\\\/www.lovendal.ro\\\/wp52\\\/wp-content\\\/uploads\\\/2020\\\/10\\\/Giulgiul-din-Torino-Jacques-de-Molay.jpg\",\"width\":537,\"height\":363},{\"@type\":\"BreadcrumbList\",\"@id\":\"https:\\\/\\\/www.lovendal.ro\\\/wp52\\\/ipoteza-pe-giulgiu-din-torino-nu-se-afla-imaginea-lui-iisus-hristos-ci-a-marelui-maestru-al-cavalerilor-templieri-jacques-de-molay-ucis-de-regele-frantei\\\/#breadcrumb\",\"itemListElement\":[{\"@type\":\"ListItem\",\"position\":1,\"name\":\"Home\",\"item\":\"https:\\\/\\\/www.lovendal.ro\\\/wp52\\\/\"},{\"@type\":\"ListItem\",\"position\":2,\"name\":\"O nou\u0103 ipotez\u0103: pe Giulgiul de la Torino nu se afl\u0103 imaginea lui Iisus Hristos, ci a Marelui Maestru al Cavalerilor Templieri, Jacques de Molay, ucis de regele Fran\u0163ei?\"}]},{\"@type\":\"WebSite\",\"@id\":\"https:\\\/\\\/www.lovendal.ro\\\/wp52\\\/#website\",\"url\":\"https:\\\/\\\/www.lovendal.ro\\\/wp52\\\/\",\"name\":\"Secretele lui Lovendal\",\"description\":\"Site de secrete, stiinta si metafizica - din 2008 -\",\"publisher\":{\"@id\":\"https:\\\/\\\/www.lovendal.ro\\\/wp52\\\/#organization\"},\"potentialAction\":[{\"@type\":\"SearchAction\",\"target\":{\"@type\":\"EntryPoint\",\"urlTemplate\":\"https:\\\/\\\/www.lovendal.ro\\\/wp52\\\/?s={search_term_string}\"},\"query-input\":{\"@type\":\"PropertyValueSpecification\",\"valueRequired\":true,\"valueName\":\"search_term_string\"}}],\"inLanguage\":\"ro-RO\"},{\"@type\":\"Organization\",\"@id\":\"https:\\\/\\\/www.lovendal.ro\\\/wp52\\\/#organization\",\"name\":\"Secretele lui Lovendal\",\"url\":\"https:\\\/\\\/www.lovendal.ro\\\/wp52\\\/\",\"logo\":{\"@type\":\"ImageObject\",\"inLanguage\":\"ro-RO\",\"@id\":\"https:\\\/\\\/www.lovendal.ro\\\/wp52\\\/#\\\/schema\\\/logo\\\/image\\\/\",\"url\":\"https:\\\/\\\/www.lovendal.ro\\\/wp52\\\/wp-content\\\/uploads\\\/2024\\\/06\\\/cropped-SLL-iun-2024-1.jpg\",\"contentUrl\":\"https:\\\/\\\/www.lovendal.ro\\\/wp52\\\/wp-content\\\/uploads\\\/2024\\\/06\\\/cropped-SLL-iun-2024-1.jpg\",\"width\":771,\"height\":240,\"caption\":\"Secretele lui Lovendal\"},\"image\":{\"@id\":\"https:\\\/\\\/www.lovendal.ro\\\/wp52\\\/#\\\/schema\\\/logo\\\/image\\\/\"},\"sameAs\":[\"https:\\\/\\\/www.facebook.com\\\/secreteleluilovendal\"]},{\"@type\":\"Person\",\"@id\":\"https:\\\/\\\/www.lovendal.ro\\\/wp52\\\/#\\\/schema\\\/person\\\/088691de5dfc346bb0c023e1e52ef5d9\",\"name\":\"admin\",\"image\":{\"@type\":\"ImageObject\",\"inLanguage\":\"ro-RO\",\"@id\":\"https:\\\/\\\/secure.gravatar.com\\\/avatar\\\/ecb9cd41f5f63c9c9b989999a59f6e2639a865ec361e9db054db0679a8f341c2?s=96&d=mm&r=g\",\"url\":\"https:\\\/\\\/secure.gravatar.com\\\/avatar\\\/ecb9cd41f5f63c9c9b989999a59f6e2639a865ec361e9db054db0679a8f341c2?s=96&d=mm&r=g\",\"contentUrl\":\"https:\\\/\\\/secure.gravatar.com\\\/avatar\\\/ecb9cd41f5f63c9c9b989999a59f6e2639a865ec361e9db054db0679a8f341c2?s=96&d=mm&r=g\",\"caption\":\"admin\"},\"sameAs\":[\"https:\\\/\\\/www.lovendal.ro\\\/wp52\"]}]}<\/script>\n<!-- \/ Yoast SEO Premium plugin. -->","yoast_head_json":{"title":"O nou\u0103 ipotez\u0103: pe Giulgiul de la Torino nu se afl\u0103 imaginea lui Iisus Hristos, ci a Marelui Maestru al Cavalerilor Templieri, Jacques de Molay, ucis de regele Fran\u0163ei? - Secretele lui Lovendal","robots":{"index":"index","follow":"follow","max-snippet":"max-snippet:-1","max-image-preview":"max-image-preview:large","max-video-preview":"max-video-preview:-1"},"canonical":"https:\/\/www.lovendal.ro\/wp52\/ipoteza-pe-giulgiu-din-torino-nu-se-afla-imaginea-lui-iisus-hristos-ci-a-marelui-maestru-al-cavalerilor-templieri-jacques-de-molay-ucis-de-regele-frantei\/","og_locale":"ro_RO","og_type":"article","og_title":"O nou\u0103 ipotez\u0103: pe Giulgiul de la Torino nu se afl\u0103 imaginea lui Iisus Hristos, ci a Marelui Maestru al Cavalerilor Templieri, Jacques de Molay, ucis de regele Fran\u0163ei?","og_description":"Una dintre cele mai controversate relicve ale cre\u015ftinismului este &#8222;Giulgiul de la Torino&#8221;, care se presupune ca a fost folosit la \u00eengroparea lui Iisus Hristos. \u00cen 1988, prin metoda carbonului radioactiv, s-a ajuns la concluzia ca giulgiul provine din secolul ... Cititi mai multe","og_url":"https:\/\/www.lovendal.ro\/wp52\/ipoteza-pe-giulgiu-din-torino-nu-se-afla-imaginea-lui-iisus-hristos-ci-a-marelui-maestru-al-cavalerilor-templieri-jacques-de-molay-ucis-de-regele-frantei\/","og_site_name":"Secretele lui Lovendal","article_publisher":"https:\/\/www.facebook.com\/secreteleluilovendal","article_published_time":"2020-10-12T19:05:53+00:00","article_modified_time":"2024-08-05T14:29:01+00:00","og_image":[{"width":537,"height":363,"url":"https:\/\/www.lovendal.ro\/wp52\/wp-content\/uploads\/2020\/10\/Giulgiul-din-Torino-Jacques-de-Molay.jpg","type":"image\/jpeg"}],"author":"admin","twitter_card":"summary_large_image","twitter_misc":{"Scris de":"admin","Timp estimat pentru citire":"2 minute"},"schema":{"@context":"https:\/\/schema.org","@graph":[{"@type":"Article","@id":"https:\/\/www.lovendal.ro\/wp52\/ipoteza-pe-giulgiu-din-torino-nu-se-afla-imaginea-lui-iisus-hristos-ci-a-marelui-maestru-al-cavalerilor-templieri-jacques-de-molay-ucis-de-regele-frantei\/#article","isPartOf":{"@id":"https:\/\/www.lovendal.ro\/wp52\/ipoteza-pe-giulgiu-din-torino-nu-se-afla-imaginea-lui-iisus-hristos-ci-a-marelui-maestru-al-cavalerilor-templieri-jacques-de-molay-ucis-de-regele-frantei\/"},"author":{"name":"admin","@id":"https:\/\/www.lovendal.ro\/wp52\/#\/schema\/person\/088691de5dfc346bb0c023e1e52ef5d9"},"headline":"O nou\u0103 ipotez\u0103: pe Giulgiul de la Torino nu se afl\u0103 imaginea lui Iisus Hristos, ci a Marelui Maestru al Cavalerilor Templieri, Jacques de Molay, ucis de regele Fran\u0163ei?","datePublished":"2020-10-12T19:05:53+00:00","dateModified":"2024-08-05T14:29:01+00:00","mainEntityOfPage":{"@id":"https:\/\/www.lovendal.ro\/wp52\/ipoteza-pe-giulgiu-din-torino-nu-se-afla-imaginea-lui-iisus-hristos-ci-a-marelui-maestru-al-cavalerilor-templieri-jacques-de-molay-ucis-de-regele-frantei\/"},"wordCount":361,"commentCount":0,"publisher":{"@id":"https:\/\/www.lovendal.ro\/wp52\/#organization"},"image":{"@id":"https:\/\/www.lovendal.ro\/wp52\/ipoteza-pe-giulgiu-din-torino-nu-se-afla-imaginea-lui-iisus-hristos-ci-a-marelui-maestru-al-cavalerilor-templieri-jacques-de-molay-ucis-de-regele-frantei\/#primaryimage"},"thumbnailUrl":"https:\/\/www.lovendal.ro\/wp52\/wp-content\/uploads\/2020\/10\/Giulgiul-din-Torino-Jacques-de-Molay.jpg","keywords":["ars pe rug","cap","carbon 14","carte","cavaleri templieri","Conspiratii si Mistere","coroan\u0103","cre\u015ftinism","cruce","crucificare","Filip cel Frumos","Fran\u0163a","Giulgiu","Giulgiul din Torino","Iisus Hristos","imagine","Jacques de Molay","p\u00e2nz\u0103","rege","s\u00e2nge","t\u0103m\u00e2ie"],"articleSection":["Conspiratii si Mistere"],"inLanguage":"ro-RO","potentialAction":[{"@type":"CommentAction","name":"Comment","target":["https:\/\/www.lovendal.ro\/wp52\/ipoteza-pe-giulgiu-din-torino-nu-se-afla-imaginea-lui-iisus-hristos-ci-a-marelui-maestru-al-cavalerilor-templieri-jacques-de-molay-ucis-de-regele-frantei\/#respond"]}]},{"@type":"WebPage","@id":"https:\/\/www.lovendal.ro\/wp52\/ipoteza-pe-giulgiu-din-torino-nu-se-afla-imaginea-lui-iisus-hristos-ci-a-marelui-maestru-al-cavalerilor-templieri-jacques-de-molay-ucis-de-regele-frantei\/","url":"https:\/\/www.lovendal.ro\/wp52\/ipoteza-pe-giulgiu-din-torino-nu-se-afla-imaginea-lui-iisus-hristos-ci-a-marelui-maestru-al-cavalerilor-templieri-jacques-de-molay-ucis-de-regele-frantei\/","name":"O nou\u0103 ipotez\u0103: pe Giulgiul de la Torino nu se afl\u0103 imaginea lui Iisus Hristos, ci a Marelui Maestru al Cavalerilor Templieri, Jacques de Molay, ucis de regele Fran\u0163ei? - Secretele lui Lovendal","isPartOf":{"@id":"https:\/\/www.lovendal.ro\/wp52\/#website"},"primaryImageOfPage":{"@id":"https:\/\/www.lovendal.ro\/wp52\/ipoteza-pe-giulgiu-din-torino-nu-se-afla-imaginea-lui-iisus-hristos-ci-a-marelui-maestru-al-cavalerilor-templieri-jacques-de-molay-ucis-de-regele-frantei\/#primaryimage"},"image":{"@id":"https:\/\/www.lovendal.ro\/wp52\/ipoteza-pe-giulgiu-din-torino-nu-se-afla-imaginea-lui-iisus-hristos-ci-a-marelui-maestru-al-cavalerilor-templieri-jacques-de-molay-ucis-de-regele-frantei\/#primaryimage"},"thumbnailUrl":"https:\/\/www.lovendal.ro\/wp52\/wp-content\/uploads\/2020\/10\/Giulgiul-din-Torino-Jacques-de-Molay.jpg","datePublished":"2020-10-12T19:05:53+00:00","dateModified":"2024-08-05T14:29:01+00:00","breadcrumb":{"@id":"https:\/\/www.lovendal.ro\/wp52\/ipoteza-pe-giulgiu-din-torino-nu-se-afla-imaginea-lui-iisus-hristos-ci-a-marelui-maestru-al-cavalerilor-templieri-jacques-de-molay-ucis-de-regele-frantei\/#breadcrumb"},"inLanguage":"ro-RO","potentialAction":[{"@type":"ReadAction","target":["https:\/\/www.lovendal.ro\/wp52\/ipoteza-pe-giulgiu-din-torino-nu-se-afla-imaginea-lui-iisus-hristos-ci-a-marelui-maestru-al-cavalerilor-templieri-jacques-de-molay-ucis-de-regele-frantei\/"]}]},{"@type":"ImageObject","inLanguage":"ro-RO","@id":"https:\/\/www.lovendal.ro\/wp52\/ipoteza-pe-giulgiu-din-torino-nu-se-afla-imaginea-lui-iisus-hristos-ci-a-marelui-maestru-al-cavalerilor-templieri-jacques-de-molay-ucis-de-regele-frantei\/#primaryimage","url":"https:\/\/www.lovendal.ro\/wp52\/wp-content\/uploads\/2020\/10\/Giulgiul-din-Torino-Jacques-de-Molay.jpg","contentUrl":"https:\/\/www.lovendal.ro\/wp52\/wp-content\/uploads\/2020\/10\/Giulgiul-din-Torino-Jacques-de-Molay.jpg","width":537,"height":363},{"@type":"BreadcrumbList","@id":"https:\/\/www.lovendal.ro\/wp52\/ipoteza-pe-giulgiu-din-torino-nu-se-afla-imaginea-lui-iisus-hristos-ci-a-marelui-maestru-al-cavalerilor-templieri-jacques-de-molay-ucis-de-regele-frantei\/#breadcrumb","itemListElement":[{"@type":"ListItem","position":1,"name":"Home","item":"https:\/\/www.lovendal.ro\/wp52\/"},{"@type":"ListItem","position":2,"name":"O nou\u0103 ipotez\u0103: pe Giulgiul de la Torino nu se afl\u0103 imaginea lui Iisus Hristos, ci a Marelui Maestru al Cavalerilor Templieri, Jacques de Molay, ucis de regele Fran\u0163ei?"}]},{"@type":"WebSite","@id":"https:\/\/www.lovendal.ro\/wp52\/#website","url":"https:\/\/www.lovendal.ro\/wp52\/","name":"Secretele lui Lovendal","description":"Site de secrete, stiinta si metafizica - din 2008 -","publisher":{"@id":"https:\/\/www.lovendal.ro\/wp52\/#organization"},"potentialAction":[{"@type":"SearchAction","target":{"@type":"EntryPoint","urlTemplate":"https:\/\/www.lovendal.ro\/wp52\/?s={search_term_string}"},"query-input":{"@type":"PropertyValueSpecification","valueRequired":true,"valueName":"search_term_string"}}],"inLanguage":"ro-RO"},{"@type":"Organization","@id":"https:\/\/www.lovendal.ro\/wp52\/#organization","name":"Secretele lui Lovendal","url":"https:\/\/www.lovendal.ro\/wp52\/","logo":{"@type":"ImageObject","inLanguage":"ro-RO","@id":"https:\/\/www.lovendal.ro\/wp52\/#\/schema\/logo\/image\/","url":"https:\/\/www.lovendal.ro\/wp52\/wp-content\/uploads\/2024\/06\/cropped-SLL-iun-2024-1.jpg","contentUrl":"https:\/\/www.lovendal.ro\/wp52\/wp-content\/uploads\/2024\/06\/cropped-SLL-iun-2024-1.jpg","width":771,"height":240,"caption":"Secretele lui Lovendal"},"image":{"@id":"https:\/\/www.lovendal.ro\/wp52\/#\/schema\/logo\/image\/"},"sameAs":["https:\/\/www.facebook.com\/secreteleluilovendal"]},{"@type":"Person","@id":"https:\/\/www.lovendal.ro\/wp52\/#\/schema\/person\/088691de5dfc346bb0c023e1e52ef5d9","name":"admin","image":{"@type":"ImageObject","inLanguage":"ro-RO","@id":"https:\/\/secure.gravatar.com\/avatar\/ecb9cd41f5f63c9c9b989999a59f6e2639a865ec361e9db054db0679a8f341c2?s=96&d=mm&r=g","url":"https:\/\/secure.gravatar.com\/avatar\/ecb9cd41f5f63c9c9b989999a59f6e2639a865ec361e9db054db0679a8f341c2?s=96&d=mm&r=g","contentUrl":"https:\/\/secure.gravatar.com\/avatar\/ecb9cd41f5f63c9c9b989999a59f6e2639a865ec361e9db054db0679a8f341c2?s=96&d=mm&r=g","caption":"admin"},"sameAs":["https:\/\/www.lovendal.ro\/wp52"]}]}},"_links":{"self":[{"href":"https:\/\/www.lovendal.ro\/wp52\/wp-json\/wp\/v2\/posts\/72171","targetHints":{"allow":["GET"]}}],"collection":[{"href":"https:\/\/www.lovendal.ro\/wp52\/wp-json\/wp\/v2\/posts"}],"about":[{"href":"https:\/\/www.lovendal.ro\/wp52\/wp-json\/wp\/v2\/types\/post"}],"author":[{"embeddable":true,"href":"https:\/\/www.lovendal.ro\/wp52\/wp-json\/wp\/v2\/users\/1"}],"replies":[{"embeddable":true,"href":"https:\/\/www.lovendal.ro\/wp52\/wp-json\/wp\/v2\/comments?post=72171"}],"version-history":[{"count":2,"href":"https:\/\/www.lovendal.ro\/wp52\/wp-json\/wp\/v2\/posts\/72171\/revisions"}],"predecessor-version":[{"id":92371,"href":"https:\/\/www.lovendal.ro\/wp52\/wp-json\/wp\/v2\/posts\/72171\/revisions\/92371"}],"wp:featuredmedia":[{"embeddable":true,"href":"https:\/\/www.lovendal.ro\/wp52\/wp-json\/wp\/v2\/media\/92370"}],"wp:attachment":[{"href":"https:\/\/www.lovendal.ro\/wp52\/wp-json\/wp\/v2\/media?parent=72171"}],"wp:term":[{"taxonomy":"category","embeddable":true,"href":"https:\/\/www.lovendal.ro\/wp52\/wp-json\/wp\/v2\/categories?post=72171"},{"taxonomy":"post_tag","embeddable":true,"href":"https:\/\/www.lovendal.ro\/wp52\/wp-json\/wp\/v2\/tags?post=72171"}],"curies":[{"name":"wp","href":"https:\/\/api.w.org\/{rel}","templated":true}]}}