{"id":72167,"date":"2020-10-11T16:52:32","date_gmt":"2020-10-11T13:52:32","guid":{"rendered":"https:\/\/www.lovendal.ro\/wp52\/?p=72167"},"modified":"2020-10-15T19:57:39","modified_gmt":"2020-10-15T16:57:39","slug":"viata-pe-pamant-nu-ar-fi-putut-aparea-intamplator-mari-oameni-de-stiinta-au-spus-ca-ea-a-fost-plantata-de-fiinte-extraterestre-de-pe-alte-planete","status":"publish","type":"post","link":"https:\/\/www.lovendal.ro\/wp52\/viata-pe-pamant-nu-ar-fi-putut-aparea-intamplator-mari-oameni-de-stiinta-au-spus-ca-ea-a-fost-plantata-de-fiinte-extraterestre-de-pe-alte-planete\/","title":{"rendered":"Via\u0163a pe P\u0103m\u00e2nt nu ar fi putut ap\u0103rea \u00eent\u00e2mpl\u0103tor! Mari oameni de \u015ftiin\u0163\u0103 au spus c\u0103 ea a fost &#8222;plantat\u0103&#8221; de fiin\u0163e extraterestre de pe alte planete"},"content":{"rendered":"<figure id=\"attachment_72209\" aria-describedby=\"caption-attachment-72209\" style=\"width: 336px\" class=\"wp-caption alignleft\"><a href=\"https:\/\/www.lovendal.ro\/wp52\/wp-content\/uploads\/2020\/10\/viata-extraterestra.jpg\"><img loading=\"lazy\" decoding=\"async\" class=\"size-full wp-image-72209\" src=\"https:\/\/www.lovendal.ro\/wp52\/wp-content\/uploads\/2020\/10\/viata-extraterestra.jpg\" alt=\"\" width=\"346\" height=\"263\" srcset=\"https:\/\/www.lovendal.ro\/wp52\/wp-content\/uploads\/2020\/10\/viata-extraterestra.jpg 346w, https:\/\/www.lovendal.ro\/wp52\/wp-content\/uploads\/2020\/10\/viata-extraterestra-300x228.jpg 300w, https:\/\/www.lovendal.ro\/wp52\/wp-content\/uploads\/2020\/10\/viata-extraterestra-80x60.jpg 80w\" sizes=\"auto, (max-width: 346px) 100vw, 346px\" \/><\/a><figcaption id=\"caption-attachment-72209\" class=\"wp-caption-text\"><strong>Imagine:<\/strong> <a href=\"https:\/\/www.needpix.com\/photo\/download\/1798398\/alien-earth-space-planet-universe-forward-cosmos-astronomy-space-travel\" target=\"_blank\" rel=\"noopener noreferrer\"><strong>needpix.com<\/strong><\/a> (Commons Creative &#8211; free)<\/figcaption><\/figure>\n<p>Laurea\u021bii premiilor Nobel, Francis Crick \u0219i dr. Leslie Orgel, au lansat teoria c\u0103 via\u021ba pe P\u0103m\u00e2nt a fost adus\u0103 de mici organisme vii de pe o alt\u0103 planet\u0103 \u00eendep\u0103rtat\u0103. Dac\u0103 via\u021ba ar fi \u00eenceput \u00een &#8222;supa primordial\u0103&#8221; (cum ne spune \u015ftiin\u0163a anterioar\u0103) ar fi trebuit s\u0103 se dezvolte organisme cu coduri genetice diferite.<\/p>\n<p>De ce molibdenul joac\u0103 un rol at\u00e2t de important \u00een reac\u021biile enzimatice esen\u021biale pentru via\u021b\u0103, c\u00e2nd molibdenul este un element foarte rar pe planet\u0103 noastr\u0103? De ce elementele care se g\u0103sesc din abunden\u021b\u0103 pe P\u0103m\u00e2nt nu au niciun rol \u00een reac\u021biile biochimice din organismul uman?<\/p>\n<p>A\u015fadar, n-ar fi exclus c\u0103 s\u0103m\u00e2n\u021ba vie\u021bii s\u0103 fi fost plantat\u0103 \u00een mod deliberat de fiin\u021be inteligente de pe alte planete. Ei ar fi \u00eens\u0103m\u00e2n\u021bat planeta cu via\u021ba dintr-o nav\u0103 spa\u021bial\u0103 \u00een scopul de a \u00eencepe lan\u021bul vie\u021bii pe P\u0103m\u00e2nt.<\/p>\n<p>\u00cen textele sumeriene, babiloniene, hitite \u0219i asiriene se descriu chiar vizite pe P\u0103m\u00e2nt ale astronau\u021bilor de pe aceast\u0103 planet\u0103. Sunt descri\u0219i \u0219i conduc\u0103tori ai acestei planete care au venit pe P\u0103m\u00e2nt; astfel se descrie cum zeul Enlil, care conducea o nav\u0103 spa\u021bial\u0103, a aterizat pe P\u0103m\u00e2nt \u00een Sumer. Ei au ales teritoriul dintre Tigru \u0219i Eufrat c\u0103ci descoperiser\u0103 prin sonde spa\u021biale c\u0103 acest teritoriu era foarte bogat \u00een z\u0103c\u0103minte de petrol, necesar c\u0103l\u0103toriilor spa\u021biale. Textele sumeriene denumesc ace\u0219ti extratere\u015ftri cu numele Nefilimi.<\/p>\n<p>&nbsp;<\/p>\n","protected":false},"excerpt":{"rendered":"<p>Laurea\u021bii premiilor Nobel, Francis Crick \u0219i dr. Leslie Orgel, au lansat teoria c\u0103 via\u021ba pe P\u0103m\u00e2nt a fost adus\u0103 de mici organisme vii de pe o alt\u0103 planet\u0103 \u00eendep\u0103rtat\u0103. Dac\u0103 via\u021ba ar fi \u00eenceput \u00een &#8222;supa primordial\u0103&#8221; (cum ne spune &#8230; <\/p>\n<p class=\"read-more-container\"><a title=\"Via\u0163a pe P\u0103m\u00e2nt nu ar fi putut ap\u0103rea \u00eent\u00e2mpl\u0103tor! Mari oameni de \u015ftiin\u0163\u0103 au spus c\u0103 ea a fost &#8222;plantat\u0103&#8221; de fiin\u0163e extraterestre de pe alte planete\" class=\"read-more button\" href=\"https:\/\/www.lovendal.ro\/wp52\/viata-pe-pamant-nu-ar-fi-putut-aparea-intamplator-mari-oameni-de-stiinta-au-spus-ca-ea-a-fost-plantata-de-fiinte-extraterestre-de-pe-alte-planete\/#more-72167\" aria-label=\"Cite\u0219te mai multe despre Via\u0163a pe P\u0103m\u00e2nt nu ar fi putut ap\u0103rea \u00eent\u00e2mpl\u0103tor! Mari oameni de \u015ftiin\u0163\u0103 au spus c\u0103 ea a fost &#8222;plantat\u0103&#8221; de fiin\u0163e extraterestre de pe alte planete\">Cititi mai multe<\/a><\/p>\n","protected":false},"author":1,"featured_media":72209,"comment_status":"open","ping_status":"open","sticky":false,"template":"","format":"standard","meta":{"footnotes":""},"categories":[14],"tags":[7113,11763,1928,51,7149,7818,12623,105,9796,3234,732,309,9421,1927,366,4429],"class_list":["post-72167","post","type-post","status-publish","format-standard","has-post-thumbnail","hentry","category-paranormal-spiritualitate","tag-astronauti","tag-cod-genetic","tag-eufrat","tag-extraterestri","tag-molibden","tag-nava-extraterestra","tag-nefilimi","tag-pamant","tag-paranormal-spiritualitate","tag-petrol","tag-planeta","tag-premiul-nobel","tag-sumer","tag-tigru","tag-viata","tag-zei","resize-featured-image"],"yoast_head":"<!-- This site is optimized with the Yoast SEO Premium plugin v23.3 (Yoast SEO v27.4) - https:\/\/yoast.com\/product\/yoast-seo-premium-wordpress\/ -->\n<title>Via\u0163a pe P\u0103m\u00e2nt nu ar fi putut ap\u0103rea \u00eent\u00e2mpl\u0103tor! Mari oameni de \u015ftiin\u0163\u0103 au spus c\u0103 ea a fost &quot;plantat\u0103&quot; de fiin\u0163e extraterestre de pe alte planete - Secretele lui Lovendal<\/title>\n<meta name=\"robots\" content=\"index, follow, max-snippet:-1, max-image-preview:large, max-video-preview:-1\" \/>\n<link rel=\"canonical\" href=\"https:\/\/www.lovendal.ro\/wp52\/viata-pe-pamant-nu-ar-fi-putut-aparea-intamplator-mari-oameni-de-stiinta-au-spus-ca-ea-a-fost-plantata-de-fiinte-extraterestre-de-pe-alte-planete\/\" \/>\n<meta property=\"og:locale\" content=\"ro_RO\" \/>\n<meta property=\"og:type\" content=\"article\" \/>\n<meta property=\"og:title\" content=\"Via\u0163a pe P\u0103m\u00e2nt nu ar fi putut ap\u0103rea \u00eent\u00e2mpl\u0103tor! Mari oameni de \u015ftiin\u0163\u0103 au spus c\u0103 ea a fost &quot;plantat\u0103&quot; de fiin\u0163e extraterestre de pe alte planete\" \/>\n<meta property=\"og:description\" content=\"Laurea\u021bii premiilor Nobel, Francis Crick \u0219i dr. Leslie Orgel, au lansat teoria c\u0103 via\u021ba pe P\u0103m\u00e2nt a fost adus\u0103 de mici organisme vii de pe o alt\u0103 planet\u0103 \u00eendep\u0103rtat\u0103. Dac\u0103 via\u021ba ar fi \u00eenceput \u00een &#8222;supa primordial\u0103&#8221; (cum ne spune ... Cititi mai multe\" \/>\n<meta property=\"og:url\" content=\"https:\/\/www.lovendal.ro\/wp52\/viata-pe-pamant-nu-ar-fi-putut-aparea-intamplator-mari-oameni-de-stiinta-au-spus-ca-ea-a-fost-plantata-de-fiinte-extraterestre-de-pe-alte-planete\/\" \/>\n<meta property=\"og:site_name\" content=\"Secretele lui Lovendal\" \/>\n<meta property=\"article:publisher\" content=\"https:\/\/www.facebook.com\/secreteleluilovendal\" \/>\n<meta property=\"article:published_time\" content=\"2020-10-11T13:52:32+00:00\" \/>\n<meta property=\"article:modified_time\" content=\"2020-10-15T16:57:39+00:00\" \/>\n<meta property=\"og:image\" content=\"https:\/\/www.lovendal.ro\/wp52\/wp-content\/uploads\/2020\/10\/viata-extraterestra.jpg\" \/>\n\t<meta property=\"og:image:width\" content=\"346\" \/>\n\t<meta property=\"og:image:height\" content=\"263\" \/>\n\t<meta property=\"og:image:type\" content=\"image\/jpeg\" \/>\n<meta name=\"author\" content=\"admin\" \/>\n<meta name=\"twitter:card\" content=\"summary_large_image\" \/>\n<meta name=\"twitter:label1\" content=\"Scris de\" \/>\n\t<meta name=\"twitter:data1\" content=\"admin\" \/>\n\t<meta name=\"twitter:label2\" content=\"Timp estimat pentru citire\" \/>\n\t<meta name=\"twitter:data2\" content=\"1 minut\" \/>\n<script type=\"application\/ld+json\" class=\"yoast-schema-graph\">{\"@context\":\"https:\\\/\\\/schema.org\",\"@graph\":[{\"@type\":\"Article\",\"@id\":\"https:\\\/\\\/www.lovendal.ro\\\/wp52\\\/viata-pe-pamant-nu-ar-fi-putut-aparea-intamplator-mari-oameni-de-stiinta-au-spus-ca-ea-a-fost-plantata-de-fiinte-extraterestre-de-pe-alte-planete\\\/#article\",\"isPartOf\":{\"@id\":\"https:\\\/\\\/www.lovendal.ro\\\/wp52\\\/viata-pe-pamant-nu-ar-fi-putut-aparea-intamplator-mari-oameni-de-stiinta-au-spus-ca-ea-a-fost-plantata-de-fiinte-extraterestre-de-pe-alte-planete\\\/\"},\"author\":{\"name\":\"admin\",\"@id\":\"https:\\\/\\\/www.lovendal.ro\\\/wp52\\\/#\\\/schema\\\/person\\\/088691de5dfc346bb0c023e1e52ef5d9\"},\"headline\":\"Via\u0163a pe P\u0103m\u00e2nt nu ar fi putut ap\u0103rea \u00eent\u00e2mpl\u0103tor! Mari oameni de \u015ftiin\u0163\u0103 au spus c\u0103 ea a fost &#8222;plantat\u0103&#8221; de fiin\u0163e extraterestre de pe alte planete\",\"datePublished\":\"2020-10-11T13:52:32+00:00\",\"dateModified\":\"2020-10-15T16:57:39+00:00\",\"mainEntityOfPage\":{\"@id\":\"https:\\\/\\\/www.lovendal.ro\\\/wp52\\\/viata-pe-pamant-nu-ar-fi-putut-aparea-intamplator-mari-oameni-de-stiinta-au-spus-ca-ea-a-fost-plantata-de-fiinte-extraterestre-de-pe-alte-planete\\\/\"},\"wordCount\":318,\"commentCount\":0,\"publisher\":{\"@id\":\"https:\\\/\\\/www.lovendal.ro\\\/wp52\\\/#organization\"},\"image\":{\"@id\":\"https:\\\/\\\/www.lovendal.ro\\\/wp52\\\/viata-pe-pamant-nu-ar-fi-putut-aparea-intamplator-mari-oameni-de-stiinta-au-spus-ca-ea-a-fost-plantata-de-fiinte-extraterestre-de-pe-alte-planete\\\/#primaryimage\"},\"thumbnailUrl\":\"https:\\\/\\\/www.lovendal.ro\\\/wp52\\\/wp-content\\\/uploads\\\/2020\\\/10\\\/viata-extraterestra.jpg\",\"keywords\":[\"astronau\u0163i\",\"cod genetic\",\"Eufrat\",\"extratere\u015ftri\",\"molibden\",\"nav\u0103 extraterestr\u0103\",\"Nefilimi\",\"P\u0103m\u00e2nt\",\"Paranormal-Spiritualitate\",\"petrol\",\"planet\u0103\",\"premiul Nobel\",\"Sumer\",\"Tigru\",\"via\u0163\u0103\",\"zei\"],\"articleSection\":[\"Paranormal-Spiritualitate\"],\"inLanguage\":\"ro-RO\",\"potentialAction\":[{\"@type\":\"CommentAction\",\"name\":\"Comment\",\"target\":[\"https:\\\/\\\/www.lovendal.ro\\\/wp52\\\/viata-pe-pamant-nu-ar-fi-putut-aparea-intamplator-mari-oameni-de-stiinta-au-spus-ca-ea-a-fost-plantata-de-fiinte-extraterestre-de-pe-alte-planete\\\/#respond\"]}]},{\"@type\":\"WebPage\",\"@id\":\"https:\\\/\\\/www.lovendal.ro\\\/wp52\\\/viata-pe-pamant-nu-ar-fi-putut-aparea-intamplator-mari-oameni-de-stiinta-au-spus-ca-ea-a-fost-plantata-de-fiinte-extraterestre-de-pe-alte-planete\\\/\",\"url\":\"https:\\\/\\\/www.lovendal.ro\\\/wp52\\\/viata-pe-pamant-nu-ar-fi-putut-aparea-intamplator-mari-oameni-de-stiinta-au-spus-ca-ea-a-fost-plantata-de-fiinte-extraterestre-de-pe-alte-planete\\\/\",\"name\":\"Via\u0163a pe P\u0103m\u00e2nt nu ar fi putut ap\u0103rea \u00eent\u00e2mpl\u0103tor! Mari oameni de \u015ftiin\u0163\u0103 au spus c\u0103 ea a fost \\\"plantat\u0103\\\" de fiin\u0163e extraterestre de pe alte planete - Secretele lui Lovendal\",\"isPartOf\":{\"@id\":\"https:\\\/\\\/www.lovendal.ro\\\/wp52\\\/#website\"},\"primaryImageOfPage\":{\"@id\":\"https:\\\/\\\/www.lovendal.ro\\\/wp52\\\/viata-pe-pamant-nu-ar-fi-putut-aparea-intamplator-mari-oameni-de-stiinta-au-spus-ca-ea-a-fost-plantata-de-fiinte-extraterestre-de-pe-alte-planete\\\/#primaryimage\"},\"image\":{\"@id\":\"https:\\\/\\\/www.lovendal.ro\\\/wp52\\\/viata-pe-pamant-nu-ar-fi-putut-aparea-intamplator-mari-oameni-de-stiinta-au-spus-ca-ea-a-fost-plantata-de-fiinte-extraterestre-de-pe-alte-planete\\\/#primaryimage\"},\"thumbnailUrl\":\"https:\\\/\\\/www.lovendal.ro\\\/wp52\\\/wp-content\\\/uploads\\\/2020\\\/10\\\/viata-extraterestra.jpg\",\"datePublished\":\"2020-10-11T13:52:32+00:00\",\"dateModified\":\"2020-10-15T16:57:39+00:00\",\"breadcrumb\":{\"@id\":\"https:\\\/\\\/www.lovendal.ro\\\/wp52\\\/viata-pe-pamant-nu-ar-fi-putut-aparea-intamplator-mari-oameni-de-stiinta-au-spus-ca-ea-a-fost-plantata-de-fiinte-extraterestre-de-pe-alte-planete\\\/#breadcrumb\"},\"inLanguage\":\"ro-RO\",\"potentialAction\":[{\"@type\":\"ReadAction\",\"target\":[\"https:\\\/\\\/www.lovendal.ro\\\/wp52\\\/viata-pe-pamant-nu-ar-fi-putut-aparea-intamplator-mari-oameni-de-stiinta-au-spus-ca-ea-a-fost-plantata-de-fiinte-extraterestre-de-pe-alte-planete\\\/\"]}]},{\"@type\":\"ImageObject\",\"inLanguage\":\"ro-RO\",\"@id\":\"https:\\\/\\\/www.lovendal.ro\\\/wp52\\\/viata-pe-pamant-nu-ar-fi-putut-aparea-intamplator-mari-oameni-de-stiinta-au-spus-ca-ea-a-fost-plantata-de-fiinte-extraterestre-de-pe-alte-planete\\\/#primaryimage\",\"url\":\"https:\\\/\\\/www.lovendal.ro\\\/wp52\\\/wp-content\\\/uploads\\\/2020\\\/10\\\/viata-extraterestra.jpg\",\"contentUrl\":\"https:\\\/\\\/www.lovendal.ro\\\/wp52\\\/wp-content\\\/uploads\\\/2020\\\/10\\\/viata-extraterestra.jpg\",\"width\":346,\"height\":263,\"caption\":\"Imagine: needpix.com (Commons Creative - free)\"},{\"@type\":\"BreadcrumbList\",\"@id\":\"https:\\\/\\\/www.lovendal.ro\\\/wp52\\\/viata-pe-pamant-nu-ar-fi-putut-aparea-intamplator-mari-oameni-de-stiinta-au-spus-ca-ea-a-fost-plantata-de-fiinte-extraterestre-de-pe-alte-planete\\\/#breadcrumb\",\"itemListElement\":[{\"@type\":\"ListItem\",\"position\":1,\"name\":\"Home\",\"item\":\"https:\\\/\\\/www.lovendal.ro\\\/wp52\\\/\"},{\"@type\":\"ListItem\",\"position\":2,\"name\":\"Via\u0163a pe P\u0103m\u00e2nt nu ar fi putut ap\u0103rea \u00eent\u00e2mpl\u0103tor! Mari oameni de \u015ftiin\u0163\u0103 au spus c\u0103 ea a fost &#8222;plantat\u0103&#8221; de fiin\u0163e extraterestre de pe alte planete\"}]},{\"@type\":\"WebSite\",\"@id\":\"https:\\\/\\\/www.lovendal.ro\\\/wp52\\\/#website\",\"url\":\"https:\\\/\\\/www.lovendal.ro\\\/wp52\\\/\",\"name\":\"Secretele lui Lovendal\",\"description\":\"Site de secrete, stiinta si metafizica - din 2008 -\",\"publisher\":{\"@id\":\"https:\\\/\\\/www.lovendal.ro\\\/wp52\\\/#organization\"},\"potentialAction\":[{\"@type\":\"SearchAction\",\"target\":{\"@type\":\"EntryPoint\",\"urlTemplate\":\"https:\\\/\\\/www.lovendal.ro\\\/wp52\\\/?s={search_term_string}\"},\"query-input\":{\"@type\":\"PropertyValueSpecification\",\"valueRequired\":true,\"valueName\":\"search_term_string\"}}],\"inLanguage\":\"ro-RO\"},{\"@type\":\"Organization\",\"@id\":\"https:\\\/\\\/www.lovendal.ro\\\/wp52\\\/#organization\",\"name\":\"Secretele lui Lovendal\",\"url\":\"https:\\\/\\\/www.lovendal.ro\\\/wp52\\\/\",\"logo\":{\"@type\":\"ImageObject\",\"inLanguage\":\"ro-RO\",\"@id\":\"https:\\\/\\\/www.lovendal.ro\\\/wp52\\\/#\\\/schema\\\/logo\\\/image\\\/\",\"url\":\"https:\\\/\\\/www.lovendal.ro\\\/wp52\\\/wp-content\\\/uploads\\\/2024\\\/06\\\/cropped-SLL-iun-2024-1.jpg\",\"contentUrl\":\"https:\\\/\\\/www.lovendal.ro\\\/wp52\\\/wp-content\\\/uploads\\\/2024\\\/06\\\/cropped-SLL-iun-2024-1.jpg\",\"width\":771,\"height\":240,\"caption\":\"Secretele lui Lovendal\"},\"image\":{\"@id\":\"https:\\\/\\\/www.lovendal.ro\\\/wp52\\\/#\\\/schema\\\/logo\\\/image\\\/\"},\"sameAs\":[\"https:\\\/\\\/www.facebook.com\\\/secreteleluilovendal\"]},{\"@type\":\"Person\",\"@id\":\"https:\\\/\\\/www.lovendal.ro\\\/wp52\\\/#\\\/schema\\\/person\\\/088691de5dfc346bb0c023e1e52ef5d9\",\"name\":\"admin\",\"image\":{\"@type\":\"ImageObject\",\"inLanguage\":\"ro-RO\",\"@id\":\"https:\\\/\\\/secure.gravatar.com\\\/avatar\\\/ecb9cd41f5f63c9c9b989999a59f6e2639a865ec361e9db054db0679a8f341c2?s=96&d=mm&r=g\",\"url\":\"https:\\\/\\\/secure.gravatar.com\\\/avatar\\\/ecb9cd41f5f63c9c9b989999a59f6e2639a865ec361e9db054db0679a8f341c2?s=96&d=mm&r=g\",\"contentUrl\":\"https:\\\/\\\/secure.gravatar.com\\\/avatar\\\/ecb9cd41f5f63c9c9b989999a59f6e2639a865ec361e9db054db0679a8f341c2?s=96&d=mm&r=g\",\"caption\":\"admin\"},\"sameAs\":[\"https:\\\/\\\/www.lovendal.ro\\\/wp52\"]}]}<\/script>\n<!-- \/ Yoast SEO Premium plugin. -->","yoast_head_json":{"title":"Via\u0163a pe P\u0103m\u00e2nt nu ar fi putut ap\u0103rea \u00eent\u00e2mpl\u0103tor! Mari oameni de \u015ftiin\u0163\u0103 au spus c\u0103 ea a fost \"plantat\u0103\" de fiin\u0163e extraterestre de pe alte planete - Secretele lui Lovendal","robots":{"index":"index","follow":"follow","max-snippet":"max-snippet:-1","max-image-preview":"max-image-preview:large","max-video-preview":"max-video-preview:-1"},"canonical":"https:\/\/www.lovendal.ro\/wp52\/viata-pe-pamant-nu-ar-fi-putut-aparea-intamplator-mari-oameni-de-stiinta-au-spus-ca-ea-a-fost-plantata-de-fiinte-extraterestre-de-pe-alte-planete\/","og_locale":"ro_RO","og_type":"article","og_title":"Via\u0163a pe P\u0103m\u00e2nt nu ar fi putut ap\u0103rea \u00eent\u00e2mpl\u0103tor! Mari oameni de \u015ftiin\u0163\u0103 au spus c\u0103 ea a fost \"plantat\u0103\" de fiin\u0163e extraterestre de pe alte planete","og_description":"Laurea\u021bii premiilor Nobel, Francis Crick \u0219i dr. Leslie Orgel, au lansat teoria c\u0103 via\u021ba pe P\u0103m\u00e2nt a fost adus\u0103 de mici organisme vii de pe o alt\u0103 planet\u0103 \u00eendep\u0103rtat\u0103. Dac\u0103 via\u021ba ar fi \u00eenceput \u00een &#8222;supa primordial\u0103&#8221; (cum ne spune ... Cititi mai multe","og_url":"https:\/\/www.lovendal.ro\/wp52\/viata-pe-pamant-nu-ar-fi-putut-aparea-intamplator-mari-oameni-de-stiinta-au-spus-ca-ea-a-fost-plantata-de-fiinte-extraterestre-de-pe-alte-planete\/","og_site_name":"Secretele lui Lovendal","article_publisher":"https:\/\/www.facebook.com\/secreteleluilovendal","article_published_time":"2020-10-11T13:52:32+00:00","article_modified_time":"2020-10-15T16:57:39+00:00","og_image":[{"width":346,"height":263,"url":"https:\/\/www.lovendal.ro\/wp52\/wp-content\/uploads\/2020\/10\/viata-extraterestra.jpg","type":"image\/jpeg"}],"author":"admin","twitter_card":"summary_large_image","twitter_misc":{"Scris de":"admin","Timp estimat pentru citire":"1 minut"},"schema":{"@context":"https:\/\/schema.org","@graph":[{"@type":"Article","@id":"https:\/\/www.lovendal.ro\/wp52\/viata-pe-pamant-nu-ar-fi-putut-aparea-intamplator-mari-oameni-de-stiinta-au-spus-ca-ea-a-fost-plantata-de-fiinte-extraterestre-de-pe-alte-planete\/#article","isPartOf":{"@id":"https:\/\/www.lovendal.ro\/wp52\/viata-pe-pamant-nu-ar-fi-putut-aparea-intamplator-mari-oameni-de-stiinta-au-spus-ca-ea-a-fost-plantata-de-fiinte-extraterestre-de-pe-alte-planete\/"},"author":{"name":"admin","@id":"https:\/\/www.lovendal.ro\/wp52\/#\/schema\/person\/088691de5dfc346bb0c023e1e52ef5d9"},"headline":"Via\u0163a pe P\u0103m\u00e2nt nu ar fi putut ap\u0103rea \u00eent\u00e2mpl\u0103tor! Mari oameni de \u015ftiin\u0163\u0103 au spus c\u0103 ea a fost &#8222;plantat\u0103&#8221; de fiin\u0163e extraterestre de pe alte planete","datePublished":"2020-10-11T13:52:32+00:00","dateModified":"2020-10-15T16:57:39+00:00","mainEntityOfPage":{"@id":"https:\/\/www.lovendal.ro\/wp52\/viata-pe-pamant-nu-ar-fi-putut-aparea-intamplator-mari-oameni-de-stiinta-au-spus-ca-ea-a-fost-plantata-de-fiinte-extraterestre-de-pe-alte-planete\/"},"wordCount":318,"commentCount":0,"publisher":{"@id":"https:\/\/www.lovendal.ro\/wp52\/#organization"},"image":{"@id":"https:\/\/www.lovendal.ro\/wp52\/viata-pe-pamant-nu-ar-fi-putut-aparea-intamplator-mari-oameni-de-stiinta-au-spus-ca-ea-a-fost-plantata-de-fiinte-extraterestre-de-pe-alte-planete\/#primaryimage"},"thumbnailUrl":"https:\/\/www.lovendal.ro\/wp52\/wp-content\/uploads\/2020\/10\/viata-extraterestra.jpg","keywords":["astronau\u0163i","cod genetic","Eufrat","extratere\u015ftri","molibden","nav\u0103 extraterestr\u0103","Nefilimi","P\u0103m\u00e2nt","Paranormal-Spiritualitate","petrol","planet\u0103","premiul Nobel","Sumer","Tigru","via\u0163\u0103","zei"],"articleSection":["Paranormal-Spiritualitate"],"inLanguage":"ro-RO","potentialAction":[{"@type":"CommentAction","name":"Comment","target":["https:\/\/www.lovendal.ro\/wp52\/viata-pe-pamant-nu-ar-fi-putut-aparea-intamplator-mari-oameni-de-stiinta-au-spus-ca-ea-a-fost-plantata-de-fiinte-extraterestre-de-pe-alte-planete\/#respond"]}]},{"@type":"WebPage","@id":"https:\/\/www.lovendal.ro\/wp52\/viata-pe-pamant-nu-ar-fi-putut-aparea-intamplator-mari-oameni-de-stiinta-au-spus-ca-ea-a-fost-plantata-de-fiinte-extraterestre-de-pe-alte-planete\/","url":"https:\/\/www.lovendal.ro\/wp52\/viata-pe-pamant-nu-ar-fi-putut-aparea-intamplator-mari-oameni-de-stiinta-au-spus-ca-ea-a-fost-plantata-de-fiinte-extraterestre-de-pe-alte-planete\/","name":"Via\u0163a pe P\u0103m\u00e2nt nu ar fi putut ap\u0103rea \u00eent\u00e2mpl\u0103tor! Mari oameni de \u015ftiin\u0163\u0103 au spus c\u0103 ea a fost \"plantat\u0103\" de fiin\u0163e extraterestre de pe alte planete - Secretele lui Lovendal","isPartOf":{"@id":"https:\/\/www.lovendal.ro\/wp52\/#website"},"primaryImageOfPage":{"@id":"https:\/\/www.lovendal.ro\/wp52\/viata-pe-pamant-nu-ar-fi-putut-aparea-intamplator-mari-oameni-de-stiinta-au-spus-ca-ea-a-fost-plantata-de-fiinte-extraterestre-de-pe-alte-planete\/#primaryimage"},"image":{"@id":"https:\/\/www.lovendal.ro\/wp52\/viata-pe-pamant-nu-ar-fi-putut-aparea-intamplator-mari-oameni-de-stiinta-au-spus-ca-ea-a-fost-plantata-de-fiinte-extraterestre-de-pe-alte-planete\/#primaryimage"},"thumbnailUrl":"https:\/\/www.lovendal.ro\/wp52\/wp-content\/uploads\/2020\/10\/viata-extraterestra.jpg","datePublished":"2020-10-11T13:52:32+00:00","dateModified":"2020-10-15T16:57:39+00:00","breadcrumb":{"@id":"https:\/\/www.lovendal.ro\/wp52\/viata-pe-pamant-nu-ar-fi-putut-aparea-intamplator-mari-oameni-de-stiinta-au-spus-ca-ea-a-fost-plantata-de-fiinte-extraterestre-de-pe-alte-planete\/#breadcrumb"},"inLanguage":"ro-RO","potentialAction":[{"@type":"ReadAction","target":["https:\/\/www.lovendal.ro\/wp52\/viata-pe-pamant-nu-ar-fi-putut-aparea-intamplator-mari-oameni-de-stiinta-au-spus-ca-ea-a-fost-plantata-de-fiinte-extraterestre-de-pe-alte-planete\/"]}]},{"@type":"ImageObject","inLanguage":"ro-RO","@id":"https:\/\/www.lovendal.ro\/wp52\/viata-pe-pamant-nu-ar-fi-putut-aparea-intamplator-mari-oameni-de-stiinta-au-spus-ca-ea-a-fost-plantata-de-fiinte-extraterestre-de-pe-alte-planete\/#primaryimage","url":"https:\/\/www.lovendal.ro\/wp52\/wp-content\/uploads\/2020\/10\/viata-extraterestra.jpg","contentUrl":"https:\/\/www.lovendal.ro\/wp52\/wp-content\/uploads\/2020\/10\/viata-extraterestra.jpg","width":346,"height":263,"caption":"Imagine: needpix.com (Commons Creative - free)"},{"@type":"BreadcrumbList","@id":"https:\/\/www.lovendal.ro\/wp52\/viata-pe-pamant-nu-ar-fi-putut-aparea-intamplator-mari-oameni-de-stiinta-au-spus-ca-ea-a-fost-plantata-de-fiinte-extraterestre-de-pe-alte-planete\/#breadcrumb","itemListElement":[{"@type":"ListItem","position":1,"name":"Home","item":"https:\/\/www.lovendal.ro\/wp52\/"},{"@type":"ListItem","position":2,"name":"Via\u0163a pe P\u0103m\u00e2nt nu ar fi putut ap\u0103rea \u00eent\u00e2mpl\u0103tor! Mari oameni de \u015ftiin\u0163\u0103 au spus c\u0103 ea a fost &#8222;plantat\u0103&#8221; de fiin\u0163e extraterestre de pe alte planete"}]},{"@type":"WebSite","@id":"https:\/\/www.lovendal.ro\/wp52\/#website","url":"https:\/\/www.lovendal.ro\/wp52\/","name":"Secretele lui Lovendal","description":"Site de secrete, stiinta si metafizica - din 2008 -","publisher":{"@id":"https:\/\/www.lovendal.ro\/wp52\/#organization"},"potentialAction":[{"@type":"SearchAction","target":{"@type":"EntryPoint","urlTemplate":"https:\/\/www.lovendal.ro\/wp52\/?s={search_term_string}"},"query-input":{"@type":"PropertyValueSpecification","valueRequired":true,"valueName":"search_term_string"}}],"inLanguage":"ro-RO"},{"@type":"Organization","@id":"https:\/\/www.lovendal.ro\/wp52\/#organization","name":"Secretele lui Lovendal","url":"https:\/\/www.lovendal.ro\/wp52\/","logo":{"@type":"ImageObject","inLanguage":"ro-RO","@id":"https:\/\/www.lovendal.ro\/wp52\/#\/schema\/logo\/image\/","url":"https:\/\/www.lovendal.ro\/wp52\/wp-content\/uploads\/2024\/06\/cropped-SLL-iun-2024-1.jpg","contentUrl":"https:\/\/www.lovendal.ro\/wp52\/wp-content\/uploads\/2024\/06\/cropped-SLL-iun-2024-1.jpg","width":771,"height":240,"caption":"Secretele lui Lovendal"},"image":{"@id":"https:\/\/www.lovendal.ro\/wp52\/#\/schema\/logo\/image\/"},"sameAs":["https:\/\/www.facebook.com\/secreteleluilovendal"]},{"@type":"Person","@id":"https:\/\/www.lovendal.ro\/wp52\/#\/schema\/person\/088691de5dfc346bb0c023e1e52ef5d9","name":"admin","image":{"@type":"ImageObject","inLanguage":"ro-RO","@id":"https:\/\/secure.gravatar.com\/avatar\/ecb9cd41f5f63c9c9b989999a59f6e2639a865ec361e9db054db0679a8f341c2?s=96&d=mm&r=g","url":"https:\/\/secure.gravatar.com\/avatar\/ecb9cd41f5f63c9c9b989999a59f6e2639a865ec361e9db054db0679a8f341c2?s=96&d=mm&r=g","contentUrl":"https:\/\/secure.gravatar.com\/avatar\/ecb9cd41f5f63c9c9b989999a59f6e2639a865ec361e9db054db0679a8f341c2?s=96&d=mm&r=g","caption":"admin"},"sameAs":["https:\/\/www.lovendal.ro\/wp52"]}]}},"_links":{"self":[{"href":"https:\/\/www.lovendal.ro\/wp52\/wp-json\/wp\/v2\/posts\/72167","targetHints":{"allow":["GET"]}}],"collection":[{"href":"https:\/\/www.lovendal.ro\/wp52\/wp-json\/wp\/v2\/posts"}],"about":[{"href":"https:\/\/www.lovendal.ro\/wp52\/wp-json\/wp\/v2\/types\/post"}],"author":[{"embeddable":true,"href":"https:\/\/www.lovendal.ro\/wp52\/wp-json\/wp\/v2\/users\/1"}],"replies":[{"embeddable":true,"href":"https:\/\/www.lovendal.ro\/wp52\/wp-json\/wp\/v2\/comments?post=72167"}],"version-history":[{"count":0,"href":"https:\/\/www.lovendal.ro\/wp52\/wp-json\/wp\/v2\/posts\/72167\/revisions"}],"wp:featuredmedia":[{"embeddable":true,"href":"https:\/\/www.lovendal.ro\/wp52\/wp-json\/wp\/v2\/media\/72209"}],"wp:attachment":[{"href":"https:\/\/www.lovendal.ro\/wp52\/wp-json\/wp\/v2\/media?parent=72167"}],"wp:term":[{"taxonomy":"category","embeddable":true,"href":"https:\/\/www.lovendal.ro\/wp52\/wp-json\/wp\/v2\/categories?post=72167"},{"taxonomy":"post_tag","embeddable":true,"href":"https:\/\/www.lovendal.ro\/wp52\/wp-json\/wp\/v2\/tags?post=72167"}],"curies":[{"name":"wp","href":"https:\/\/api.w.org\/{rel}","templated":true}]}}