{"id":72102,"date":"2020-10-06T12:51:48","date_gmt":"2020-10-06T09:51:48","guid":{"rendered":"https:\/\/www.lovendal.ro\/wp52\/?p=72102"},"modified":"2020-10-06T12:51:48","modified_gmt":"2020-10-06T09:51:48","slug":"reizbucnirea-conflictului-dintre-armenia-si-azerbaidjan-pentru-regiunea-nagorno-karabah-reprezinta-o-ciocnire-a-civilizatiilor-intre-crestini-si-musulmani","status":"publish","type":"post","link":"https:\/\/www.lovendal.ro\/wp52\/reizbucnirea-conflictului-dintre-armenia-si-azerbaidjan-pentru-regiunea-nagorno-karabah-reprezinta-o-ciocnire-a-civilizatiilor-intre-crestini-si-musulmani\/","title":{"rendered":"Reizbucnirea conflictului dintre Armenia \u015fi Azerbaidjan pentru regiunea Nagorno-Karabah reprezint\u0103 o &#8222;ciocnire a civiliza\u0163iilor&#8221; \u00eentre cre\u015ftini \u015fi musulmani?"},"content":{"rendered":"<p><a href=\"https:\/\/www.lovendal.ro\/wp52\/wp-content\/uploads\/2020\/10\/mercenari-sirieni.jpg\"><img loading=\"lazy\" decoding=\"async\" class=\"alignleft size-full wp-image-72105\" src=\"https:\/\/www.lovendal.ro\/wp52\/wp-content\/uploads\/2020\/10\/mercenari-sirieni.jpg\" alt=\"\" width=\"357\" height=\"204\" srcset=\"https:\/\/www.lovendal.ro\/wp52\/wp-content\/uploads\/2020\/10\/mercenari-sirieni.jpg 357w, https:\/\/www.lovendal.ro\/wp52\/wp-content\/uploads\/2020\/10\/mercenari-sirieni-300x171.jpg 300w\" sizes=\"auto, (max-width: 357px) 100vw, 357px\" \/><\/a>Zilele acestea, c\u00e2nd pandemia de coronavirus \u0163ine capul de afi\u015f al mass-mediei, un conflict vechi a reizbucnit \u00een lume. \u015ei e periculos pentru c\u0103 poate aprinde fitilul unui r\u0103zboi \u00een Orientul Mijlociu. Este vorba de vorba de conflictul din Nagorno-Karabah, un teritoriu revendicat at\u00e2t de c\u0103tre Azerbaidjan c\u00e2t \u015fi de vecina, Armenia.<\/p>\n<p>De fapt, e un conflict etnic \u015fi religios, \u00eentruc\u00e2t \u00een Nagorno-Karabah (un teritoriu ce apar\u0163ine de facto Azerbaidjanului, dar nu mai de\u021bine controlul asupra regiunii din anul 1991) exist\u0103 foarte mul\u0163i etnici armeni (care sunt cre\u015ftini), \u00een timp ce majoritatea azerilor sunt musulmani. A\u015fadar, un conflict cre\u015ftino-musulman.<\/p>\n<p>Ciocnirile interetnice \u00eentre cele dou\u0103 p\u0103r\u021bi au izbucnit la scurt timp dup\u0103 ce parlamentul Regiunii Autonome Nagorno-Karabah (NKAO) \u00een Azerbaidjan a votat \u00een favoarea unific\u0103rii regiunii cu Armenia la 20 februarie 1988. La vremea aceea, at\u00e2t Armenia c\u00e2t \u015fi Azerbaidjanul f\u0103ceau parte din fosta URSS. C\u00e2nd Azerbaidjanul \u0219i-a declarat independen\u021ba fa\u021b\u0103 de Uniunea Sovietic\u0103, majoritatea armean\u0103 a votat secesiunea de Azerbaidjan \u0219i a proclamat nerecunoscuta &#8222;Republica Karabahul de Munte&#8221;.<\/p>\n<p><a href=\"https:\/\/www.lovendal.ro\/wp52\/wp-content\/uploads\/2020\/10\/Nagorno-Karabah.jpg\"><img loading=\"lazy\" decoding=\"async\" class=\"aligncenter size-full wp-image-72104\" src=\"https:\/\/www.lovendal.ro\/wp52\/wp-content\/uploads\/2020\/10\/Nagorno-Karabah.jpg\" alt=\"\" width=\"541\" height=\"352\" srcset=\"https:\/\/www.lovendal.ro\/wp52\/wp-content\/uploads\/2020\/10\/Nagorno-Karabah.jpg 541w, https:\/\/www.lovendal.ro\/wp52\/wp-content\/uploads\/2020\/10\/Nagorno-Karabah-300x195.jpg 300w\" sizes=\"auto, (max-width: 541px) 100vw, 541px\" \/><\/a>La 25 septembrie 2020, \u00een presa interna\u0163ional\u0103 a fost dezv\u0103luit faptul c\u0103 mai mul\u0163i mercenari sirieni au fost transfera\u021bi \u00een Azerbaidjan prin Turcia. Acest lucru a fost negat de Ministerul Azer de Externe. Cu toate acestea, \u00een ciuda fotografiilor, videoclipurilor, documentelor \u0219i m\u0103rturiilor f\u0103cute chiar de militan\u021bii sirieni, guvernul azer \u015fi-a men\u021binut pozi\u021bia c\u0103 nu exist\u0103 mercenari str\u0103ini care lupt\u0103 al\u0103turi de armata azer\u0103, totul nefiind dec\u00e2t propagand\u0103 armean\u0103.<\/p>\n<p>\u00cen acela\u0219i timp, totu\u0219i, armenii din \u00eentreaga diaspor\u0103, inclusiv cei din Grecia, Olanda \u0219i SUA, au plecat deja sau se preg\u0103tesc s\u0103 mearg\u0103 s\u0103 lupte \u00een Nagorno-Karabah, ceea ce \u00eenseamn\u0103 c\u0103 cet\u0103\u021benii \u021b\u0103rilor occidentale vor fi implica\u021bi \u00een acest conflict. De exemplu, site-ul <a href=\"https:\/\/greekcitytimes.com\/2020\/10\/01\/greeks-going-to-artsakh-battlefront\/\" target=\"_blank\" rel=\"noopener noreferrer\"><strong>Greek City Times<\/strong><\/a> spune c\u0103 primii 80 de voluntari armeni din Grecia vor pleca \u00een Nagorno-Karabah pentru a ap\u0103ra aceast\u0103 regiune de invazia azer\u0103 \u015fi a mercenarilor sirieni.<\/p>\n<p>Astfel, acest r\u0103zboi tinde s\u0103 devin\u0103 din ce \u00een ce mai interna\u021bional, amenin\u021b\u00e2nd s\u0103 afecteze \u00eentreaga regiune. \u00cen primul conflict din Nagorno-Karabah (1988-1994) voluntari greci \u0219i ru\u0219i au luptat al\u0103turi de armeni. Cecenii, mujahedinii afgani, &#8222;lupii gri&#8221; din Turcia \u015fi militan\u021bii ucraineni de extrem\u0103 dreapt\u0103 au luptat de partea Azerbaidjanului.<\/p>\n<p>Cu armenii greci din diaspor\u0103 \u015fi cu grecii etnici din Nagorno-Karabah care lupt\u0103 de partea Armeniei, \u00eempotriva militan\u021bilor sirieni sponsoriza\u021bi de Turcia \u0219i a armatei azere, Atena ar putea fi t\u00e2r\u00e2t\u0103 involuntar \u00een acest conflict. Se \u015ftie deja c\u0103 de zeci de ani exist\u0103 un conflict mocnit \u00eentre Grecia \u015fi Turcia, iar aceast\u0103 nou\u0103 confruntare din Nagorno-Karabah ar putea fi fitilul care s\u0103 aprind\u0103 un r\u0103zboi major \u00een \u00eentreaga regiune.<\/p>\n<p>S\u0103 fim totu\u015fi optimi\u015fti \u015fi s\u0103 sper\u0103m c\u0103 nimic r\u0103u nu se va \u00eent\u00e2mpla&#8230;<\/p>\n","protected":false},"excerpt":{"rendered":"<p>Zilele acestea, c\u00e2nd pandemia de coronavirus \u0163ine capul de afi\u015f al mass-mediei, un conflict vechi a reizbucnit \u00een lume. \u015ei e periculos pentru c\u0103 poate aprinde fitilul unui r\u0103zboi \u00een Orientul Mijlociu. Este vorba de vorba de conflictul din Nagorno-Karabah, &#8230; <\/p>\n<p class=\"read-more-container\"><a title=\"Reizbucnirea conflictului dintre Armenia \u015fi Azerbaidjan pentru regiunea Nagorno-Karabah reprezint\u0103 o &#8222;ciocnire a civiliza\u0163iilor&#8221; \u00eentre cre\u015ftini \u015fi musulmani?\" class=\"read-more button\" href=\"https:\/\/www.lovendal.ro\/wp52\/reizbucnirea-conflictului-dintre-armenia-si-azerbaidjan-pentru-regiunea-nagorno-karabah-reprezinta-o-ciocnire-a-civilizatiilor-intre-crestini-si-musulmani\/#more-72102\" aria-label=\"Cite\u0219te mai multe despre Reizbucnirea conflictului dintre Armenia \u015fi Azerbaidjan pentru regiunea Nagorno-Karabah reprezint\u0103 o &#8222;ciocnire a civiliza\u0163iilor&#8221; \u00eentre cre\u015ftini \u015fi musulmani?\">Cititi mai multe<\/a><\/p>\n","protected":false},"author":1,"featured_media":72105,"comment_status":"open","ping_status":"open","sticky":false,"template":"","format":"standard","meta":{"footnotes":""},"categories":[40],"tags":[70,16168,4358,3317,16167,5085,211,15,6468,375,4496,1290,6723,880,14117,429,4028,1705,9799,73,7086,23,269,298,2042],"class_list":["post-72102","post","type-post","status-publish","format-standard","has-post-thumbnail","hentry","category-politica","tag-armata","tag-armeni","tag-armenia","tag-azerbaidjan","tag-azeri","tag-crestini","tag-crestinism","tag-fotografie","tag-greci","tag-grecia","tag-mass-media","tag-mercenari","tag-minister","tag-musulmani","tag-nagorno-karabah","tag-olanda","tag-orientul-mijlociu","tag-parlament","tag-politica-economie-geostrategie","tag-razboi","tag-sirieni","tag-sua","tag-turcia","tag-urss","tag-videoclip","resize-featured-image"],"yoast_head":"<!-- This site is optimized with the Yoast SEO Premium plugin v23.3 (Yoast SEO v27.4) - https:\/\/yoast.com\/product\/yoast-seo-premium-wordpress\/ -->\n<title>Reizbucnirea conflictului dintre Armenia \u015fi Azerbaidjan pentru regiunea Nagorno-Karabah reprezint\u0103 o &quot;ciocnire a civiliza\u0163iilor&quot; \u00eentre cre\u015ftini \u015fi musulmani? - Secretele lui Lovendal<\/title>\n<meta name=\"robots\" content=\"index, follow, max-snippet:-1, max-image-preview:large, max-video-preview:-1\" \/>\n<link rel=\"canonical\" href=\"https:\/\/www.lovendal.ro\/wp52\/reizbucnirea-conflictului-dintre-armenia-si-azerbaidjan-pentru-regiunea-nagorno-karabah-reprezinta-o-ciocnire-a-civilizatiilor-intre-crestini-si-musulmani\/\" \/>\n<meta property=\"og:locale\" content=\"ro_RO\" \/>\n<meta property=\"og:type\" content=\"article\" \/>\n<meta property=\"og:title\" content=\"Reizbucnirea conflictului dintre Armenia \u015fi Azerbaidjan pentru regiunea Nagorno-Karabah reprezint\u0103 o &quot;ciocnire a civiliza\u0163iilor&quot; \u00eentre cre\u015ftini \u015fi musulmani?\" \/>\n<meta property=\"og:description\" content=\"Zilele acestea, c\u00e2nd pandemia de coronavirus \u0163ine capul de afi\u015f al mass-mediei, un conflict vechi a reizbucnit \u00een lume. \u015ei e periculos pentru c\u0103 poate aprinde fitilul unui r\u0103zboi \u00een Orientul Mijlociu. Este vorba de vorba de conflictul din Nagorno-Karabah, ... Cititi mai multe\" \/>\n<meta property=\"og:url\" content=\"https:\/\/www.lovendal.ro\/wp52\/reizbucnirea-conflictului-dintre-armenia-si-azerbaidjan-pentru-regiunea-nagorno-karabah-reprezinta-o-ciocnire-a-civilizatiilor-intre-crestini-si-musulmani\/\" \/>\n<meta property=\"og:site_name\" content=\"Secretele lui Lovendal\" \/>\n<meta property=\"article:publisher\" content=\"https:\/\/www.facebook.com\/secreteleluilovendal\" \/>\n<meta property=\"article:published_time\" content=\"2020-10-06T09:51:48+00:00\" \/>\n<meta property=\"og:image\" content=\"https:\/\/www.lovendal.ro\/wp52\/wp-content\/uploads\/2020\/10\/mercenari-sirieni.jpg\" \/>\n\t<meta property=\"og:image:width\" content=\"357\" \/>\n\t<meta property=\"og:image:height\" content=\"204\" \/>\n\t<meta property=\"og:image:type\" content=\"image\/jpeg\" \/>\n<meta name=\"author\" content=\"admin\" \/>\n<meta name=\"twitter:card\" content=\"summary_large_image\" \/>\n<meta name=\"twitter:label1\" content=\"Scris de\" \/>\n\t<meta name=\"twitter:data1\" content=\"admin\" \/>\n\t<meta name=\"twitter:label2\" content=\"Timp estimat pentru citire\" \/>\n\t<meta name=\"twitter:data2\" content=\"2 minute\" \/>\n<script type=\"application\/ld+json\" class=\"yoast-schema-graph\">{\"@context\":\"https:\\\/\\\/schema.org\",\"@graph\":[{\"@type\":\"Article\",\"@id\":\"https:\\\/\\\/www.lovendal.ro\\\/wp52\\\/reizbucnirea-conflictului-dintre-armenia-si-azerbaidjan-pentru-regiunea-nagorno-karabah-reprezinta-o-ciocnire-a-civilizatiilor-intre-crestini-si-musulmani\\\/#article\",\"isPartOf\":{\"@id\":\"https:\\\/\\\/www.lovendal.ro\\\/wp52\\\/reizbucnirea-conflictului-dintre-armenia-si-azerbaidjan-pentru-regiunea-nagorno-karabah-reprezinta-o-ciocnire-a-civilizatiilor-intre-crestini-si-musulmani\\\/\"},\"author\":{\"name\":\"admin\",\"@id\":\"https:\\\/\\\/www.lovendal.ro\\\/wp52\\\/#\\\/schema\\\/person\\\/088691de5dfc346bb0c023e1e52ef5d9\"},\"headline\":\"Reizbucnirea conflictului dintre Armenia \u015fi Azerbaidjan pentru regiunea Nagorno-Karabah reprezint\u0103 o &#8222;ciocnire a civiliza\u0163iilor&#8221; \u00eentre cre\u015ftini \u015fi musulmani?\",\"datePublished\":\"2020-10-06T09:51:48+00:00\",\"mainEntityOfPage\":{\"@id\":\"https:\\\/\\\/www.lovendal.ro\\\/wp52\\\/reizbucnirea-conflictului-dintre-armenia-si-azerbaidjan-pentru-regiunea-nagorno-karabah-reprezinta-o-ciocnire-a-civilizatiilor-intre-crestini-si-musulmani\\\/\"},\"wordCount\":510,\"commentCount\":0,\"publisher\":{\"@id\":\"https:\\\/\\\/www.lovendal.ro\\\/wp52\\\/#organization\"},\"image\":{\"@id\":\"https:\\\/\\\/www.lovendal.ro\\\/wp52\\\/reizbucnirea-conflictului-dintre-armenia-si-azerbaidjan-pentru-regiunea-nagorno-karabah-reprezinta-o-ciocnire-a-civilizatiilor-intre-crestini-si-musulmani\\\/#primaryimage\"},\"thumbnailUrl\":\"https:\\\/\\\/www.lovendal.ro\\\/wp52\\\/wp-content\\\/uploads\\\/2020\\\/10\\\/mercenari-sirieni.jpg\",\"keywords\":[\"armat\u0103\",\"armeni\",\"Armenia\",\"Azerbaidjan\",\"azeri\",\"cre\u015ftini\",\"cre\u015ftinism\",\"fotografie\",\"greci\",\"Grecia\",\"mass-media\",\"mercenari\",\"minister\",\"musulmani\",\"Nagorno-Karabah\",\"Olanda\",\"Orientul Mijlociu\",\"parlament\",\"Politica-Economie-Geostrategie\",\"r\u0103zboi\",\"sirieni\",\"SUA\",\"Turcia\",\"URSS\",\"videoclip\"],\"articleSection\":[\"Politica-Economie-Geostrategie\"],\"inLanguage\":\"ro-RO\",\"potentialAction\":[{\"@type\":\"CommentAction\",\"name\":\"Comment\",\"target\":[\"https:\\\/\\\/www.lovendal.ro\\\/wp52\\\/reizbucnirea-conflictului-dintre-armenia-si-azerbaidjan-pentru-regiunea-nagorno-karabah-reprezinta-o-ciocnire-a-civilizatiilor-intre-crestini-si-musulmani\\\/#respond\"]}]},{\"@type\":\"WebPage\",\"@id\":\"https:\\\/\\\/www.lovendal.ro\\\/wp52\\\/reizbucnirea-conflictului-dintre-armenia-si-azerbaidjan-pentru-regiunea-nagorno-karabah-reprezinta-o-ciocnire-a-civilizatiilor-intre-crestini-si-musulmani\\\/\",\"url\":\"https:\\\/\\\/www.lovendal.ro\\\/wp52\\\/reizbucnirea-conflictului-dintre-armenia-si-azerbaidjan-pentru-regiunea-nagorno-karabah-reprezinta-o-ciocnire-a-civilizatiilor-intre-crestini-si-musulmani\\\/\",\"name\":\"Reizbucnirea conflictului dintre Armenia \u015fi Azerbaidjan pentru regiunea Nagorno-Karabah reprezint\u0103 o \\\"ciocnire a civiliza\u0163iilor\\\" \u00eentre cre\u015ftini \u015fi musulmani? - Secretele lui Lovendal\",\"isPartOf\":{\"@id\":\"https:\\\/\\\/www.lovendal.ro\\\/wp52\\\/#website\"},\"primaryImageOfPage\":{\"@id\":\"https:\\\/\\\/www.lovendal.ro\\\/wp52\\\/reizbucnirea-conflictului-dintre-armenia-si-azerbaidjan-pentru-regiunea-nagorno-karabah-reprezinta-o-ciocnire-a-civilizatiilor-intre-crestini-si-musulmani\\\/#primaryimage\"},\"image\":{\"@id\":\"https:\\\/\\\/www.lovendal.ro\\\/wp52\\\/reizbucnirea-conflictului-dintre-armenia-si-azerbaidjan-pentru-regiunea-nagorno-karabah-reprezinta-o-ciocnire-a-civilizatiilor-intre-crestini-si-musulmani\\\/#primaryimage\"},\"thumbnailUrl\":\"https:\\\/\\\/www.lovendal.ro\\\/wp52\\\/wp-content\\\/uploads\\\/2020\\\/10\\\/mercenari-sirieni.jpg\",\"datePublished\":\"2020-10-06T09:51:48+00:00\",\"breadcrumb\":{\"@id\":\"https:\\\/\\\/www.lovendal.ro\\\/wp52\\\/reizbucnirea-conflictului-dintre-armenia-si-azerbaidjan-pentru-regiunea-nagorno-karabah-reprezinta-o-ciocnire-a-civilizatiilor-intre-crestini-si-musulmani\\\/#breadcrumb\"},\"inLanguage\":\"ro-RO\",\"potentialAction\":[{\"@type\":\"ReadAction\",\"target\":[\"https:\\\/\\\/www.lovendal.ro\\\/wp52\\\/reizbucnirea-conflictului-dintre-armenia-si-azerbaidjan-pentru-regiunea-nagorno-karabah-reprezinta-o-ciocnire-a-civilizatiilor-intre-crestini-si-musulmani\\\/\"]}]},{\"@type\":\"ImageObject\",\"inLanguage\":\"ro-RO\",\"@id\":\"https:\\\/\\\/www.lovendal.ro\\\/wp52\\\/reizbucnirea-conflictului-dintre-armenia-si-azerbaidjan-pentru-regiunea-nagorno-karabah-reprezinta-o-ciocnire-a-civilizatiilor-intre-crestini-si-musulmani\\\/#primaryimage\",\"url\":\"https:\\\/\\\/www.lovendal.ro\\\/wp52\\\/wp-content\\\/uploads\\\/2020\\\/10\\\/mercenari-sirieni.jpg\",\"contentUrl\":\"https:\\\/\\\/www.lovendal.ro\\\/wp52\\\/wp-content\\\/uploads\\\/2020\\\/10\\\/mercenari-sirieni.jpg\",\"width\":357,\"height\":204},{\"@type\":\"BreadcrumbList\",\"@id\":\"https:\\\/\\\/www.lovendal.ro\\\/wp52\\\/reizbucnirea-conflictului-dintre-armenia-si-azerbaidjan-pentru-regiunea-nagorno-karabah-reprezinta-o-ciocnire-a-civilizatiilor-intre-crestini-si-musulmani\\\/#breadcrumb\",\"itemListElement\":[{\"@type\":\"ListItem\",\"position\":1,\"name\":\"Home\",\"item\":\"https:\\\/\\\/www.lovendal.ro\\\/wp52\\\/\"},{\"@type\":\"ListItem\",\"position\":2,\"name\":\"Reizbucnirea conflictului dintre Armenia \u015fi Azerbaidjan pentru regiunea Nagorno-Karabah reprezint\u0103 o &#8222;ciocnire a civiliza\u0163iilor&#8221; \u00eentre cre\u015ftini \u015fi musulmani?\"}]},{\"@type\":\"WebSite\",\"@id\":\"https:\\\/\\\/www.lovendal.ro\\\/wp52\\\/#website\",\"url\":\"https:\\\/\\\/www.lovendal.ro\\\/wp52\\\/\",\"name\":\"Secretele lui Lovendal\",\"description\":\"Site de secrete, stiinta si metafizica - din 2008 -\",\"publisher\":{\"@id\":\"https:\\\/\\\/www.lovendal.ro\\\/wp52\\\/#organization\"},\"potentialAction\":[{\"@type\":\"SearchAction\",\"target\":{\"@type\":\"EntryPoint\",\"urlTemplate\":\"https:\\\/\\\/www.lovendal.ro\\\/wp52\\\/?s={search_term_string}\"},\"query-input\":{\"@type\":\"PropertyValueSpecification\",\"valueRequired\":true,\"valueName\":\"search_term_string\"}}],\"inLanguage\":\"ro-RO\"},{\"@type\":\"Organization\",\"@id\":\"https:\\\/\\\/www.lovendal.ro\\\/wp52\\\/#organization\",\"name\":\"Secretele lui Lovendal\",\"url\":\"https:\\\/\\\/www.lovendal.ro\\\/wp52\\\/\",\"logo\":{\"@type\":\"ImageObject\",\"inLanguage\":\"ro-RO\",\"@id\":\"https:\\\/\\\/www.lovendal.ro\\\/wp52\\\/#\\\/schema\\\/logo\\\/image\\\/\",\"url\":\"https:\\\/\\\/www.lovendal.ro\\\/wp52\\\/wp-content\\\/uploads\\\/2024\\\/06\\\/cropped-SLL-iun-2024-1.jpg\",\"contentUrl\":\"https:\\\/\\\/www.lovendal.ro\\\/wp52\\\/wp-content\\\/uploads\\\/2024\\\/06\\\/cropped-SLL-iun-2024-1.jpg\",\"width\":771,\"height\":240,\"caption\":\"Secretele lui Lovendal\"},\"image\":{\"@id\":\"https:\\\/\\\/www.lovendal.ro\\\/wp52\\\/#\\\/schema\\\/logo\\\/image\\\/\"},\"sameAs\":[\"https:\\\/\\\/www.facebook.com\\\/secreteleluilovendal\"]},{\"@type\":\"Person\",\"@id\":\"https:\\\/\\\/www.lovendal.ro\\\/wp52\\\/#\\\/schema\\\/person\\\/088691de5dfc346bb0c023e1e52ef5d9\",\"name\":\"admin\",\"image\":{\"@type\":\"ImageObject\",\"inLanguage\":\"ro-RO\",\"@id\":\"https:\\\/\\\/secure.gravatar.com\\\/avatar\\\/ecb9cd41f5f63c9c9b989999a59f6e2639a865ec361e9db054db0679a8f341c2?s=96&d=mm&r=g\",\"url\":\"https:\\\/\\\/secure.gravatar.com\\\/avatar\\\/ecb9cd41f5f63c9c9b989999a59f6e2639a865ec361e9db054db0679a8f341c2?s=96&d=mm&r=g\",\"contentUrl\":\"https:\\\/\\\/secure.gravatar.com\\\/avatar\\\/ecb9cd41f5f63c9c9b989999a59f6e2639a865ec361e9db054db0679a8f341c2?s=96&d=mm&r=g\",\"caption\":\"admin\"},\"sameAs\":[\"https:\\\/\\\/www.lovendal.ro\\\/wp52\"]}]}<\/script>\n<!-- \/ Yoast SEO Premium plugin. -->","yoast_head_json":{"title":"Reizbucnirea conflictului dintre Armenia \u015fi Azerbaidjan pentru regiunea Nagorno-Karabah reprezint\u0103 o \"ciocnire a civiliza\u0163iilor\" \u00eentre cre\u015ftini \u015fi musulmani? - Secretele lui Lovendal","robots":{"index":"index","follow":"follow","max-snippet":"max-snippet:-1","max-image-preview":"max-image-preview:large","max-video-preview":"max-video-preview:-1"},"canonical":"https:\/\/www.lovendal.ro\/wp52\/reizbucnirea-conflictului-dintre-armenia-si-azerbaidjan-pentru-regiunea-nagorno-karabah-reprezinta-o-ciocnire-a-civilizatiilor-intre-crestini-si-musulmani\/","og_locale":"ro_RO","og_type":"article","og_title":"Reizbucnirea conflictului dintre Armenia \u015fi Azerbaidjan pentru regiunea Nagorno-Karabah reprezint\u0103 o \"ciocnire a civiliza\u0163iilor\" \u00eentre cre\u015ftini \u015fi musulmani?","og_description":"Zilele acestea, c\u00e2nd pandemia de coronavirus \u0163ine capul de afi\u015f al mass-mediei, un conflict vechi a reizbucnit \u00een lume. \u015ei e periculos pentru c\u0103 poate aprinde fitilul unui r\u0103zboi \u00een Orientul Mijlociu. Este vorba de vorba de conflictul din Nagorno-Karabah, ... Cititi mai multe","og_url":"https:\/\/www.lovendal.ro\/wp52\/reizbucnirea-conflictului-dintre-armenia-si-azerbaidjan-pentru-regiunea-nagorno-karabah-reprezinta-o-ciocnire-a-civilizatiilor-intre-crestini-si-musulmani\/","og_site_name":"Secretele lui Lovendal","article_publisher":"https:\/\/www.facebook.com\/secreteleluilovendal","article_published_time":"2020-10-06T09:51:48+00:00","og_image":[{"width":357,"height":204,"url":"https:\/\/www.lovendal.ro\/wp52\/wp-content\/uploads\/2020\/10\/mercenari-sirieni.jpg","type":"image\/jpeg"}],"author":"admin","twitter_card":"summary_large_image","twitter_misc":{"Scris de":"admin","Timp estimat pentru citire":"2 minute"},"schema":{"@context":"https:\/\/schema.org","@graph":[{"@type":"Article","@id":"https:\/\/www.lovendal.ro\/wp52\/reizbucnirea-conflictului-dintre-armenia-si-azerbaidjan-pentru-regiunea-nagorno-karabah-reprezinta-o-ciocnire-a-civilizatiilor-intre-crestini-si-musulmani\/#article","isPartOf":{"@id":"https:\/\/www.lovendal.ro\/wp52\/reizbucnirea-conflictului-dintre-armenia-si-azerbaidjan-pentru-regiunea-nagorno-karabah-reprezinta-o-ciocnire-a-civilizatiilor-intre-crestini-si-musulmani\/"},"author":{"name":"admin","@id":"https:\/\/www.lovendal.ro\/wp52\/#\/schema\/person\/088691de5dfc346bb0c023e1e52ef5d9"},"headline":"Reizbucnirea conflictului dintre Armenia \u015fi Azerbaidjan pentru regiunea Nagorno-Karabah reprezint\u0103 o &#8222;ciocnire a civiliza\u0163iilor&#8221; \u00eentre cre\u015ftini \u015fi musulmani?","datePublished":"2020-10-06T09:51:48+00:00","mainEntityOfPage":{"@id":"https:\/\/www.lovendal.ro\/wp52\/reizbucnirea-conflictului-dintre-armenia-si-azerbaidjan-pentru-regiunea-nagorno-karabah-reprezinta-o-ciocnire-a-civilizatiilor-intre-crestini-si-musulmani\/"},"wordCount":510,"commentCount":0,"publisher":{"@id":"https:\/\/www.lovendal.ro\/wp52\/#organization"},"image":{"@id":"https:\/\/www.lovendal.ro\/wp52\/reizbucnirea-conflictului-dintre-armenia-si-azerbaidjan-pentru-regiunea-nagorno-karabah-reprezinta-o-ciocnire-a-civilizatiilor-intre-crestini-si-musulmani\/#primaryimage"},"thumbnailUrl":"https:\/\/www.lovendal.ro\/wp52\/wp-content\/uploads\/2020\/10\/mercenari-sirieni.jpg","keywords":["armat\u0103","armeni","Armenia","Azerbaidjan","azeri","cre\u015ftini","cre\u015ftinism","fotografie","greci","Grecia","mass-media","mercenari","minister","musulmani","Nagorno-Karabah","Olanda","Orientul Mijlociu","parlament","Politica-Economie-Geostrategie","r\u0103zboi","sirieni","SUA","Turcia","URSS","videoclip"],"articleSection":["Politica-Economie-Geostrategie"],"inLanguage":"ro-RO","potentialAction":[{"@type":"CommentAction","name":"Comment","target":["https:\/\/www.lovendal.ro\/wp52\/reizbucnirea-conflictului-dintre-armenia-si-azerbaidjan-pentru-regiunea-nagorno-karabah-reprezinta-o-ciocnire-a-civilizatiilor-intre-crestini-si-musulmani\/#respond"]}]},{"@type":"WebPage","@id":"https:\/\/www.lovendal.ro\/wp52\/reizbucnirea-conflictului-dintre-armenia-si-azerbaidjan-pentru-regiunea-nagorno-karabah-reprezinta-o-ciocnire-a-civilizatiilor-intre-crestini-si-musulmani\/","url":"https:\/\/www.lovendal.ro\/wp52\/reizbucnirea-conflictului-dintre-armenia-si-azerbaidjan-pentru-regiunea-nagorno-karabah-reprezinta-o-ciocnire-a-civilizatiilor-intre-crestini-si-musulmani\/","name":"Reizbucnirea conflictului dintre Armenia \u015fi Azerbaidjan pentru regiunea Nagorno-Karabah reprezint\u0103 o \"ciocnire a civiliza\u0163iilor\" \u00eentre cre\u015ftini \u015fi musulmani? - Secretele lui Lovendal","isPartOf":{"@id":"https:\/\/www.lovendal.ro\/wp52\/#website"},"primaryImageOfPage":{"@id":"https:\/\/www.lovendal.ro\/wp52\/reizbucnirea-conflictului-dintre-armenia-si-azerbaidjan-pentru-regiunea-nagorno-karabah-reprezinta-o-ciocnire-a-civilizatiilor-intre-crestini-si-musulmani\/#primaryimage"},"image":{"@id":"https:\/\/www.lovendal.ro\/wp52\/reizbucnirea-conflictului-dintre-armenia-si-azerbaidjan-pentru-regiunea-nagorno-karabah-reprezinta-o-ciocnire-a-civilizatiilor-intre-crestini-si-musulmani\/#primaryimage"},"thumbnailUrl":"https:\/\/www.lovendal.ro\/wp52\/wp-content\/uploads\/2020\/10\/mercenari-sirieni.jpg","datePublished":"2020-10-06T09:51:48+00:00","breadcrumb":{"@id":"https:\/\/www.lovendal.ro\/wp52\/reizbucnirea-conflictului-dintre-armenia-si-azerbaidjan-pentru-regiunea-nagorno-karabah-reprezinta-o-ciocnire-a-civilizatiilor-intre-crestini-si-musulmani\/#breadcrumb"},"inLanguage":"ro-RO","potentialAction":[{"@type":"ReadAction","target":["https:\/\/www.lovendal.ro\/wp52\/reizbucnirea-conflictului-dintre-armenia-si-azerbaidjan-pentru-regiunea-nagorno-karabah-reprezinta-o-ciocnire-a-civilizatiilor-intre-crestini-si-musulmani\/"]}]},{"@type":"ImageObject","inLanguage":"ro-RO","@id":"https:\/\/www.lovendal.ro\/wp52\/reizbucnirea-conflictului-dintre-armenia-si-azerbaidjan-pentru-regiunea-nagorno-karabah-reprezinta-o-ciocnire-a-civilizatiilor-intre-crestini-si-musulmani\/#primaryimage","url":"https:\/\/www.lovendal.ro\/wp52\/wp-content\/uploads\/2020\/10\/mercenari-sirieni.jpg","contentUrl":"https:\/\/www.lovendal.ro\/wp52\/wp-content\/uploads\/2020\/10\/mercenari-sirieni.jpg","width":357,"height":204},{"@type":"BreadcrumbList","@id":"https:\/\/www.lovendal.ro\/wp52\/reizbucnirea-conflictului-dintre-armenia-si-azerbaidjan-pentru-regiunea-nagorno-karabah-reprezinta-o-ciocnire-a-civilizatiilor-intre-crestini-si-musulmani\/#breadcrumb","itemListElement":[{"@type":"ListItem","position":1,"name":"Home","item":"https:\/\/www.lovendal.ro\/wp52\/"},{"@type":"ListItem","position":2,"name":"Reizbucnirea conflictului dintre Armenia \u015fi Azerbaidjan pentru regiunea Nagorno-Karabah reprezint\u0103 o &#8222;ciocnire a civiliza\u0163iilor&#8221; \u00eentre cre\u015ftini \u015fi musulmani?"}]},{"@type":"WebSite","@id":"https:\/\/www.lovendal.ro\/wp52\/#website","url":"https:\/\/www.lovendal.ro\/wp52\/","name":"Secretele lui Lovendal","description":"Site de secrete, stiinta si metafizica - din 2008 -","publisher":{"@id":"https:\/\/www.lovendal.ro\/wp52\/#organization"},"potentialAction":[{"@type":"SearchAction","target":{"@type":"EntryPoint","urlTemplate":"https:\/\/www.lovendal.ro\/wp52\/?s={search_term_string}"},"query-input":{"@type":"PropertyValueSpecification","valueRequired":true,"valueName":"search_term_string"}}],"inLanguage":"ro-RO"},{"@type":"Organization","@id":"https:\/\/www.lovendal.ro\/wp52\/#organization","name":"Secretele lui Lovendal","url":"https:\/\/www.lovendal.ro\/wp52\/","logo":{"@type":"ImageObject","inLanguage":"ro-RO","@id":"https:\/\/www.lovendal.ro\/wp52\/#\/schema\/logo\/image\/","url":"https:\/\/www.lovendal.ro\/wp52\/wp-content\/uploads\/2024\/06\/cropped-SLL-iun-2024-1.jpg","contentUrl":"https:\/\/www.lovendal.ro\/wp52\/wp-content\/uploads\/2024\/06\/cropped-SLL-iun-2024-1.jpg","width":771,"height":240,"caption":"Secretele lui Lovendal"},"image":{"@id":"https:\/\/www.lovendal.ro\/wp52\/#\/schema\/logo\/image\/"},"sameAs":["https:\/\/www.facebook.com\/secreteleluilovendal"]},{"@type":"Person","@id":"https:\/\/www.lovendal.ro\/wp52\/#\/schema\/person\/088691de5dfc346bb0c023e1e52ef5d9","name":"admin","image":{"@type":"ImageObject","inLanguage":"ro-RO","@id":"https:\/\/secure.gravatar.com\/avatar\/ecb9cd41f5f63c9c9b989999a59f6e2639a865ec361e9db054db0679a8f341c2?s=96&d=mm&r=g","url":"https:\/\/secure.gravatar.com\/avatar\/ecb9cd41f5f63c9c9b989999a59f6e2639a865ec361e9db054db0679a8f341c2?s=96&d=mm&r=g","contentUrl":"https:\/\/secure.gravatar.com\/avatar\/ecb9cd41f5f63c9c9b989999a59f6e2639a865ec361e9db054db0679a8f341c2?s=96&d=mm&r=g","caption":"admin"},"sameAs":["https:\/\/www.lovendal.ro\/wp52"]}]}},"_links":{"self":[{"href":"https:\/\/www.lovendal.ro\/wp52\/wp-json\/wp\/v2\/posts\/72102","targetHints":{"allow":["GET"]}}],"collection":[{"href":"https:\/\/www.lovendal.ro\/wp52\/wp-json\/wp\/v2\/posts"}],"about":[{"href":"https:\/\/www.lovendal.ro\/wp52\/wp-json\/wp\/v2\/types\/post"}],"author":[{"embeddable":true,"href":"https:\/\/www.lovendal.ro\/wp52\/wp-json\/wp\/v2\/users\/1"}],"replies":[{"embeddable":true,"href":"https:\/\/www.lovendal.ro\/wp52\/wp-json\/wp\/v2\/comments?post=72102"}],"version-history":[{"count":0,"href":"https:\/\/www.lovendal.ro\/wp52\/wp-json\/wp\/v2\/posts\/72102\/revisions"}],"wp:featuredmedia":[{"embeddable":true,"href":"https:\/\/www.lovendal.ro\/wp52\/wp-json\/wp\/v2\/media\/72105"}],"wp:attachment":[{"href":"https:\/\/www.lovendal.ro\/wp52\/wp-json\/wp\/v2\/media?parent=72102"}],"wp:term":[{"taxonomy":"category","embeddable":true,"href":"https:\/\/www.lovendal.ro\/wp52\/wp-json\/wp\/v2\/categories?post=72102"},{"taxonomy":"post_tag","embeddable":true,"href":"https:\/\/www.lovendal.ro\/wp52\/wp-json\/wp\/v2\/tags?post=72102"}],"curies":[{"name":"wp","href":"https:\/\/api.w.org\/{rel}","templated":true}]}}