{"id":71932,"date":"2020-09-18T12:18:31","date_gmt":"2020-09-18T09:18:31","guid":{"rendered":"https:\/\/www.lovendal.ro\/wp52\/?p=71932"},"modified":"2020-09-18T12:18:32","modified_gmt":"2020-09-18T09:18:32","slug":"dacii-si-romanii-se-trageau-din-acelasi-popor-unic-al-europei-tracii-o-ipoteza-tulburatoare","status":"publish","type":"post","link":"https:\/\/www.lovendal.ro\/wp52\/dacii-si-romanii-se-trageau-din-acelasi-popor-unic-al-europei-tracii-o-ipoteza-tulburatoare\/","title":{"rendered":"Dacii \u015fi romanii se tr\u0103geau din acela\u015fi popor unic al Europei &#8211; tracii? O ipotez\u0103 tulbur\u0103toare"},"content":{"rendered":"<p><a href=\"https:\/\/www.lovendal.ro\/wp52\/wp-content\/uploads\/2020\/09\/dacii-si-romanii.jpg\"><img loading=\"lazy\" decoding=\"async\" class=\"alignleft size-full wp-image-71933\" src=\"https:\/\/www.lovendal.ro\/wp52\/wp-content\/uploads\/2020\/09\/dacii-si-romanii.jpg\" alt=\"\" width=\"360\" height=\"205\" srcset=\"https:\/\/www.lovendal.ro\/wp52\/wp-content\/uploads\/2020\/09\/dacii-si-romanii.jpg 360w, https:\/\/www.lovendal.ro\/wp52\/wp-content\/uploads\/2020\/09\/dacii-si-romanii-300x171.jpg 300w\" sizes=\"auto, (max-width: 360px) 100vw, 360px\" \/><\/a>Iat\u0103 \u015fi un punct de vedere alternativ fa\u0163\u0103 de cel istoric oficial, cel al doctorului Lucian Iosif Cue\u015fdean. Eu vi-l prezint, iar voi trage\u0163i singur concluziile.<\/p>\n<p>Cel mai vechi popor al Europei poart\u0103 numele de TRAC. \u0162in\u00e2nd cont de faptul c\u0103 istoricul grec Herodot afirma c\u0103 tracii erau un popor foarte numeros, al doilea dup\u0103 India, avem temeiul, s\u0103 credem, c\u0103 \u015fi ocupa un teritoriu \u00eentins.<\/p>\n<p>Grecii antici, care au ajuns \u00een teritoriul actual, al Eladei, tot din teritoriul Rom\u00e2niei, afirmau c\u0103 la nordul lor, nu exista dec\u00e2t un singur popor, care se chema Trac, apreciat a avea mai multe milioane de locuitori.<\/p>\n<p>\u00cen alc\u0103tuirea tracilor, erau numeroase forma\u0163iuni tribale \u015fi statale, printre care dacii (ge\u0163ii), ilirii \u015fi al\u0163ii, care ocupau Nordul M\u0103rii Negre, Carpa\u0163ii \u015fi Panonia, p\u00e2n\u0103 la Marea Adriatic\u0103. Tracii au ajuns \u015fi \u00een Peninsula Iberic\u0103 \u015fi \u00een Siberia.<\/p>\n<p>Dacii \u015fi romanii erau de aceea\u015fi etnie trac\u0103, pentru simplul motiv c\u0103 o etnie mai veche dec\u00e2t etnia trac\u0103 nu se cunoa\u015fte pe tot Continentul European.<\/p>\n","protected":false},"excerpt":{"rendered":"<p>Iat\u0103 \u015fi un punct de vedere alternativ fa\u0163\u0103 de cel istoric oficial, cel al doctorului Lucian Iosif Cue\u015fdean. Eu vi-l prezint, iar voi trage\u0163i singur concluziile. Cel mai vechi popor al Europei poart\u0103 numele de TRAC. \u0162in\u00e2nd cont de faptul &#8230; <\/p>\n<p class=\"read-more-container\"><a title=\"Dacii \u015fi romanii se tr\u0103geau din acela\u015fi popor unic al Europei &#8211; tracii? O ipotez\u0103 tulbur\u0103toare\" class=\"read-more button\" href=\"https:\/\/www.lovendal.ro\/wp52\/dacii-si-romanii-se-trageau-din-acelasi-popor-unic-al-europei-tracii-o-ipoteza-tulburatoare\/#more-71932\" aria-label=\"Cite\u0219te mai multe despre Dacii \u015fi romanii se tr\u0103geau din acela\u015fi popor unic al Europei &#8211; tracii? O ipotez\u0103 tulbur\u0103toare\">Cititi mai multe<\/a><\/p>\n","protected":false},"author":1,"featured_media":71933,"comment_status":"open","ping_status":"open","sticky":false,"template":"","format":"standard","meta":{"footnotes":""},"categories":[9],"tags":[1344,1110,341,6468,2704,4430,1532,1352,1004,7391,4866,858,1576,2689],"class_list":["post-71932","post","type-post","status-publish","format-standard","has-post-thumbnail","hentry","category-istorie","tag-carpati","tag-daci","tag-europa","tag-greci","tag-herodot","tag-istoric","tag-istorie-si-civilizatii","tag-marea-adriatica","tag-marea-neagra","tag-panonia","tag-peninsula-iberica","tag-romani","tag-siberia","tag-traci","resize-featured-image"],"yoast_head":"<!-- This site is optimized with the Yoast SEO Premium plugin v23.3 (Yoast SEO v27.4) - https:\/\/yoast.com\/product\/yoast-seo-premium-wordpress\/ -->\n<title>Dacii \u015fi romanii se tr\u0103geau din acela\u015fi popor unic al Europei - tracii? O ipotez\u0103 tulbur\u0103toare - Secretele lui Lovendal<\/title>\n<meta name=\"robots\" content=\"index, follow, max-snippet:-1, max-image-preview:large, max-video-preview:-1\" \/>\n<link rel=\"canonical\" href=\"https:\/\/www.lovendal.ro\/wp52\/dacii-si-romanii-se-trageau-din-acelasi-popor-unic-al-europei-tracii-o-ipoteza-tulburatoare\/\" \/>\n<meta property=\"og:locale\" content=\"ro_RO\" \/>\n<meta property=\"og:type\" content=\"article\" \/>\n<meta property=\"og:title\" content=\"Dacii \u015fi romanii se tr\u0103geau din acela\u015fi popor unic al Europei - tracii? O ipotez\u0103 tulbur\u0103toare\" \/>\n<meta property=\"og:description\" content=\"Iat\u0103 \u015fi un punct de vedere alternativ fa\u0163\u0103 de cel istoric oficial, cel al doctorului Lucian Iosif Cue\u015fdean. Eu vi-l prezint, iar voi trage\u0163i singur concluziile. Cel mai vechi popor al Europei poart\u0103 numele de TRAC. \u0162in\u00e2nd cont de faptul ... Cititi mai multe\" \/>\n<meta property=\"og:url\" content=\"https:\/\/www.lovendal.ro\/wp52\/dacii-si-romanii-se-trageau-din-acelasi-popor-unic-al-europei-tracii-o-ipoteza-tulburatoare\/\" \/>\n<meta property=\"og:site_name\" content=\"Secretele lui Lovendal\" \/>\n<meta property=\"article:publisher\" content=\"https:\/\/www.facebook.com\/secreteleluilovendal\" \/>\n<meta property=\"article:published_time\" content=\"2020-09-18T09:18:31+00:00\" \/>\n<meta property=\"article:modified_time\" content=\"2020-09-18T09:18:32+00:00\" \/>\n<meta property=\"og:image\" content=\"https:\/\/www.lovendal.ro\/wp52\/wp-content\/uploads\/2020\/09\/dacii-si-romanii.jpg\" \/>\n\t<meta property=\"og:image:width\" content=\"360\" \/>\n\t<meta property=\"og:image:height\" content=\"205\" \/>\n\t<meta property=\"og:image:type\" content=\"image\/jpeg\" \/>\n<meta name=\"author\" content=\"admin\" \/>\n<meta name=\"twitter:card\" content=\"summary_large_image\" \/>\n<meta name=\"twitter:label1\" content=\"Scris de\" \/>\n\t<meta name=\"twitter:data1\" content=\"admin\" \/>\n\t<meta name=\"twitter:label2\" content=\"Timp estimat pentru citire\" \/>\n\t<meta name=\"twitter:data2\" content=\"1 minut\" \/>\n<script type=\"application\/ld+json\" class=\"yoast-schema-graph\">{\"@context\":\"https:\\\/\\\/schema.org\",\"@graph\":[{\"@type\":\"Article\",\"@id\":\"https:\\\/\\\/www.lovendal.ro\\\/wp52\\\/dacii-si-romanii-se-trageau-din-acelasi-popor-unic-al-europei-tracii-o-ipoteza-tulburatoare\\\/#article\",\"isPartOf\":{\"@id\":\"https:\\\/\\\/www.lovendal.ro\\\/wp52\\\/dacii-si-romanii-se-trageau-din-acelasi-popor-unic-al-europei-tracii-o-ipoteza-tulburatoare\\\/\"},\"author\":{\"name\":\"admin\",\"@id\":\"https:\\\/\\\/www.lovendal.ro\\\/wp52\\\/#\\\/schema\\\/person\\\/088691de5dfc346bb0c023e1e52ef5d9\"},\"headline\":\"Dacii \u015fi romanii se tr\u0103geau din acela\u015fi popor unic al Europei &#8211; tracii? O ipotez\u0103 tulbur\u0103toare\",\"datePublished\":\"2020-09-18T09:18:31+00:00\",\"dateModified\":\"2020-09-18T09:18:32+00:00\",\"mainEntityOfPage\":{\"@id\":\"https:\\\/\\\/www.lovendal.ro\\\/wp52\\\/dacii-si-romanii-se-trageau-din-acelasi-popor-unic-al-europei-tracii-o-ipoteza-tulburatoare\\\/\"},\"wordCount\":201,\"commentCount\":0,\"publisher\":{\"@id\":\"https:\\\/\\\/www.lovendal.ro\\\/wp52\\\/#organization\"},\"image\":{\"@id\":\"https:\\\/\\\/www.lovendal.ro\\\/wp52\\\/dacii-si-romanii-se-trageau-din-acelasi-popor-unic-al-europei-tracii-o-ipoteza-tulburatoare\\\/#primaryimage\"},\"thumbnailUrl\":\"https:\\\/\\\/www.lovendal.ro\\\/wp52\\\/wp-content\\\/uploads\\\/2020\\\/09\\\/dacii-si-romanii.jpg\",\"keywords\":[\"Carpa\u0163i\",\"daci\",\"Europa\",\"greci\",\"Herodot\",\"istoric\",\"Istorie si Civilizatii\",\"Marea Adriatic\u0103\",\"Marea Neagr\u0103\",\"Panonia\",\"Peninsula Iberic\u0103\",\"romani\",\"Siberia\",\"traci\"],\"articleSection\":[\"Istorie si Civilizatii\"],\"inLanguage\":\"ro-RO\",\"potentialAction\":[{\"@type\":\"CommentAction\",\"name\":\"Comment\",\"target\":[\"https:\\\/\\\/www.lovendal.ro\\\/wp52\\\/dacii-si-romanii-se-trageau-din-acelasi-popor-unic-al-europei-tracii-o-ipoteza-tulburatoare\\\/#respond\"]}]},{\"@type\":\"WebPage\",\"@id\":\"https:\\\/\\\/www.lovendal.ro\\\/wp52\\\/dacii-si-romanii-se-trageau-din-acelasi-popor-unic-al-europei-tracii-o-ipoteza-tulburatoare\\\/\",\"url\":\"https:\\\/\\\/www.lovendal.ro\\\/wp52\\\/dacii-si-romanii-se-trageau-din-acelasi-popor-unic-al-europei-tracii-o-ipoteza-tulburatoare\\\/\",\"name\":\"Dacii \u015fi romanii se tr\u0103geau din acela\u015fi popor unic al Europei - tracii? O ipotez\u0103 tulbur\u0103toare - Secretele lui Lovendal\",\"isPartOf\":{\"@id\":\"https:\\\/\\\/www.lovendal.ro\\\/wp52\\\/#website\"},\"primaryImageOfPage\":{\"@id\":\"https:\\\/\\\/www.lovendal.ro\\\/wp52\\\/dacii-si-romanii-se-trageau-din-acelasi-popor-unic-al-europei-tracii-o-ipoteza-tulburatoare\\\/#primaryimage\"},\"image\":{\"@id\":\"https:\\\/\\\/www.lovendal.ro\\\/wp52\\\/dacii-si-romanii-se-trageau-din-acelasi-popor-unic-al-europei-tracii-o-ipoteza-tulburatoare\\\/#primaryimage\"},\"thumbnailUrl\":\"https:\\\/\\\/www.lovendal.ro\\\/wp52\\\/wp-content\\\/uploads\\\/2020\\\/09\\\/dacii-si-romanii.jpg\",\"datePublished\":\"2020-09-18T09:18:31+00:00\",\"dateModified\":\"2020-09-18T09:18:32+00:00\",\"breadcrumb\":{\"@id\":\"https:\\\/\\\/www.lovendal.ro\\\/wp52\\\/dacii-si-romanii-se-trageau-din-acelasi-popor-unic-al-europei-tracii-o-ipoteza-tulburatoare\\\/#breadcrumb\"},\"inLanguage\":\"ro-RO\",\"potentialAction\":[{\"@type\":\"ReadAction\",\"target\":[\"https:\\\/\\\/www.lovendal.ro\\\/wp52\\\/dacii-si-romanii-se-trageau-din-acelasi-popor-unic-al-europei-tracii-o-ipoteza-tulburatoare\\\/\"]}]},{\"@type\":\"ImageObject\",\"inLanguage\":\"ro-RO\",\"@id\":\"https:\\\/\\\/www.lovendal.ro\\\/wp52\\\/dacii-si-romanii-se-trageau-din-acelasi-popor-unic-al-europei-tracii-o-ipoteza-tulburatoare\\\/#primaryimage\",\"url\":\"https:\\\/\\\/www.lovendal.ro\\\/wp52\\\/wp-content\\\/uploads\\\/2020\\\/09\\\/dacii-si-romanii.jpg\",\"contentUrl\":\"https:\\\/\\\/www.lovendal.ro\\\/wp52\\\/wp-content\\\/uploads\\\/2020\\\/09\\\/dacii-si-romanii.jpg\",\"width\":360,\"height\":205},{\"@type\":\"BreadcrumbList\",\"@id\":\"https:\\\/\\\/www.lovendal.ro\\\/wp52\\\/dacii-si-romanii-se-trageau-din-acelasi-popor-unic-al-europei-tracii-o-ipoteza-tulburatoare\\\/#breadcrumb\",\"itemListElement\":[{\"@type\":\"ListItem\",\"position\":1,\"name\":\"Home\",\"item\":\"https:\\\/\\\/www.lovendal.ro\\\/wp52\\\/\"},{\"@type\":\"ListItem\",\"position\":2,\"name\":\"Dacii \u015fi romanii se tr\u0103geau din acela\u015fi popor unic al Europei &#8211; tracii? O ipotez\u0103 tulbur\u0103toare\"}]},{\"@type\":\"WebSite\",\"@id\":\"https:\\\/\\\/www.lovendal.ro\\\/wp52\\\/#website\",\"url\":\"https:\\\/\\\/www.lovendal.ro\\\/wp52\\\/\",\"name\":\"Secretele lui Lovendal\",\"description\":\"Site de secrete, stiinta si metafizica - din 2008 -\",\"publisher\":{\"@id\":\"https:\\\/\\\/www.lovendal.ro\\\/wp52\\\/#organization\"},\"potentialAction\":[{\"@type\":\"SearchAction\",\"target\":{\"@type\":\"EntryPoint\",\"urlTemplate\":\"https:\\\/\\\/www.lovendal.ro\\\/wp52\\\/?s={search_term_string}\"},\"query-input\":{\"@type\":\"PropertyValueSpecification\",\"valueRequired\":true,\"valueName\":\"search_term_string\"}}],\"inLanguage\":\"ro-RO\"},{\"@type\":\"Organization\",\"@id\":\"https:\\\/\\\/www.lovendal.ro\\\/wp52\\\/#organization\",\"name\":\"Secretele lui Lovendal\",\"url\":\"https:\\\/\\\/www.lovendal.ro\\\/wp52\\\/\",\"logo\":{\"@type\":\"ImageObject\",\"inLanguage\":\"ro-RO\",\"@id\":\"https:\\\/\\\/www.lovendal.ro\\\/wp52\\\/#\\\/schema\\\/logo\\\/image\\\/\",\"url\":\"https:\\\/\\\/www.lovendal.ro\\\/wp52\\\/wp-content\\\/uploads\\\/2024\\\/06\\\/cropped-SLL-iun-2024-1.jpg\",\"contentUrl\":\"https:\\\/\\\/www.lovendal.ro\\\/wp52\\\/wp-content\\\/uploads\\\/2024\\\/06\\\/cropped-SLL-iun-2024-1.jpg\",\"width\":771,\"height\":240,\"caption\":\"Secretele lui Lovendal\"},\"image\":{\"@id\":\"https:\\\/\\\/www.lovendal.ro\\\/wp52\\\/#\\\/schema\\\/logo\\\/image\\\/\"},\"sameAs\":[\"https:\\\/\\\/www.facebook.com\\\/secreteleluilovendal\"]},{\"@type\":\"Person\",\"@id\":\"https:\\\/\\\/www.lovendal.ro\\\/wp52\\\/#\\\/schema\\\/person\\\/088691de5dfc346bb0c023e1e52ef5d9\",\"name\":\"admin\",\"image\":{\"@type\":\"ImageObject\",\"inLanguage\":\"ro-RO\",\"@id\":\"https:\\\/\\\/secure.gravatar.com\\\/avatar\\\/ecb9cd41f5f63c9c9b989999a59f6e2639a865ec361e9db054db0679a8f341c2?s=96&d=mm&r=g\",\"url\":\"https:\\\/\\\/secure.gravatar.com\\\/avatar\\\/ecb9cd41f5f63c9c9b989999a59f6e2639a865ec361e9db054db0679a8f341c2?s=96&d=mm&r=g\",\"contentUrl\":\"https:\\\/\\\/secure.gravatar.com\\\/avatar\\\/ecb9cd41f5f63c9c9b989999a59f6e2639a865ec361e9db054db0679a8f341c2?s=96&d=mm&r=g\",\"caption\":\"admin\"},\"sameAs\":[\"https:\\\/\\\/www.lovendal.ro\\\/wp52\"]}]}<\/script>\n<!-- \/ Yoast SEO Premium plugin. -->","yoast_head_json":{"title":"Dacii \u015fi romanii se tr\u0103geau din acela\u015fi popor unic al Europei - tracii? O ipotez\u0103 tulbur\u0103toare - Secretele lui Lovendal","robots":{"index":"index","follow":"follow","max-snippet":"max-snippet:-1","max-image-preview":"max-image-preview:large","max-video-preview":"max-video-preview:-1"},"canonical":"https:\/\/www.lovendal.ro\/wp52\/dacii-si-romanii-se-trageau-din-acelasi-popor-unic-al-europei-tracii-o-ipoteza-tulburatoare\/","og_locale":"ro_RO","og_type":"article","og_title":"Dacii \u015fi romanii se tr\u0103geau din acela\u015fi popor unic al Europei - tracii? O ipotez\u0103 tulbur\u0103toare","og_description":"Iat\u0103 \u015fi un punct de vedere alternativ fa\u0163\u0103 de cel istoric oficial, cel al doctorului Lucian Iosif Cue\u015fdean. Eu vi-l prezint, iar voi trage\u0163i singur concluziile. Cel mai vechi popor al Europei poart\u0103 numele de TRAC. \u0162in\u00e2nd cont de faptul ... Cititi mai multe","og_url":"https:\/\/www.lovendal.ro\/wp52\/dacii-si-romanii-se-trageau-din-acelasi-popor-unic-al-europei-tracii-o-ipoteza-tulburatoare\/","og_site_name":"Secretele lui Lovendal","article_publisher":"https:\/\/www.facebook.com\/secreteleluilovendal","article_published_time":"2020-09-18T09:18:31+00:00","article_modified_time":"2020-09-18T09:18:32+00:00","og_image":[{"width":360,"height":205,"url":"https:\/\/www.lovendal.ro\/wp52\/wp-content\/uploads\/2020\/09\/dacii-si-romanii.jpg","type":"image\/jpeg"}],"author":"admin","twitter_card":"summary_large_image","twitter_misc":{"Scris de":"admin","Timp estimat pentru citire":"1 minut"},"schema":{"@context":"https:\/\/schema.org","@graph":[{"@type":"Article","@id":"https:\/\/www.lovendal.ro\/wp52\/dacii-si-romanii-se-trageau-din-acelasi-popor-unic-al-europei-tracii-o-ipoteza-tulburatoare\/#article","isPartOf":{"@id":"https:\/\/www.lovendal.ro\/wp52\/dacii-si-romanii-se-trageau-din-acelasi-popor-unic-al-europei-tracii-o-ipoteza-tulburatoare\/"},"author":{"name":"admin","@id":"https:\/\/www.lovendal.ro\/wp52\/#\/schema\/person\/088691de5dfc346bb0c023e1e52ef5d9"},"headline":"Dacii \u015fi romanii se tr\u0103geau din acela\u015fi popor unic al Europei &#8211; tracii? O ipotez\u0103 tulbur\u0103toare","datePublished":"2020-09-18T09:18:31+00:00","dateModified":"2020-09-18T09:18:32+00:00","mainEntityOfPage":{"@id":"https:\/\/www.lovendal.ro\/wp52\/dacii-si-romanii-se-trageau-din-acelasi-popor-unic-al-europei-tracii-o-ipoteza-tulburatoare\/"},"wordCount":201,"commentCount":0,"publisher":{"@id":"https:\/\/www.lovendal.ro\/wp52\/#organization"},"image":{"@id":"https:\/\/www.lovendal.ro\/wp52\/dacii-si-romanii-se-trageau-din-acelasi-popor-unic-al-europei-tracii-o-ipoteza-tulburatoare\/#primaryimage"},"thumbnailUrl":"https:\/\/www.lovendal.ro\/wp52\/wp-content\/uploads\/2020\/09\/dacii-si-romanii.jpg","keywords":["Carpa\u0163i","daci","Europa","greci","Herodot","istoric","Istorie si Civilizatii","Marea Adriatic\u0103","Marea Neagr\u0103","Panonia","Peninsula Iberic\u0103","romani","Siberia","traci"],"articleSection":["Istorie si Civilizatii"],"inLanguage":"ro-RO","potentialAction":[{"@type":"CommentAction","name":"Comment","target":["https:\/\/www.lovendal.ro\/wp52\/dacii-si-romanii-se-trageau-din-acelasi-popor-unic-al-europei-tracii-o-ipoteza-tulburatoare\/#respond"]}]},{"@type":"WebPage","@id":"https:\/\/www.lovendal.ro\/wp52\/dacii-si-romanii-se-trageau-din-acelasi-popor-unic-al-europei-tracii-o-ipoteza-tulburatoare\/","url":"https:\/\/www.lovendal.ro\/wp52\/dacii-si-romanii-se-trageau-din-acelasi-popor-unic-al-europei-tracii-o-ipoteza-tulburatoare\/","name":"Dacii \u015fi romanii se tr\u0103geau din acela\u015fi popor unic al Europei - tracii? O ipotez\u0103 tulbur\u0103toare - Secretele lui Lovendal","isPartOf":{"@id":"https:\/\/www.lovendal.ro\/wp52\/#website"},"primaryImageOfPage":{"@id":"https:\/\/www.lovendal.ro\/wp52\/dacii-si-romanii-se-trageau-din-acelasi-popor-unic-al-europei-tracii-o-ipoteza-tulburatoare\/#primaryimage"},"image":{"@id":"https:\/\/www.lovendal.ro\/wp52\/dacii-si-romanii-se-trageau-din-acelasi-popor-unic-al-europei-tracii-o-ipoteza-tulburatoare\/#primaryimage"},"thumbnailUrl":"https:\/\/www.lovendal.ro\/wp52\/wp-content\/uploads\/2020\/09\/dacii-si-romanii.jpg","datePublished":"2020-09-18T09:18:31+00:00","dateModified":"2020-09-18T09:18:32+00:00","breadcrumb":{"@id":"https:\/\/www.lovendal.ro\/wp52\/dacii-si-romanii-se-trageau-din-acelasi-popor-unic-al-europei-tracii-o-ipoteza-tulburatoare\/#breadcrumb"},"inLanguage":"ro-RO","potentialAction":[{"@type":"ReadAction","target":["https:\/\/www.lovendal.ro\/wp52\/dacii-si-romanii-se-trageau-din-acelasi-popor-unic-al-europei-tracii-o-ipoteza-tulburatoare\/"]}]},{"@type":"ImageObject","inLanguage":"ro-RO","@id":"https:\/\/www.lovendal.ro\/wp52\/dacii-si-romanii-se-trageau-din-acelasi-popor-unic-al-europei-tracii-o-ipoteza-tulburatoare\/#primaryimage","url":"https:\/\/www.lovendal.ro\/wp52\/wp-content\/uploads\/2020\/09\/dacii-si-romanii.jpg","contentUrl":"https:\/\/www.lovendal.ro\/wp52\/wp-content\/uploads\/2020\/09\/dacii-si-romanii.jpg","width":360,"height":205},{"@type":"BreadcrumbList","@id":"https:\/\/www.lovendal.ro\/wp52\/dacii-si-romanii-se-trageau-din-acelasi-popor-unic-al-europei-tracii-o-ipoteza-tulburatoare\/#breadcrumb","itemListElement":[{"@type":"ListItem","position":1,"name":"Home","item":"https:\/\/www.lovendal.ro\/wp52\/"},{"@type":"ListItem","position":2,"name":"Dacii \u015fi romanii se tr\u0103geau din acela\u015fi popor unic al Europei &#8211; tracii? O ipotez\u0103 tulbur\u0103toare"}]},{"@type":"WebSite","@id":"https:\/\/www.lovendal.ro\/wp52\/#website","url":"https:\/\/www.lovendal.ro\/wp52\/","name":"Secretele lui Lovendal","description":"Site de secrete, stiinta si metafizica - din 2008 -","publisher":{"@id":"https:\/\/www.lovendal.ro\/wp52\/#organization"},"potentialAction":[{"@type":"SearchAction","target":{"@type":"EntryPoint","urlTemplate":"https:\/\/www.lovendal.ro\/wp52\/?s={search_term_string}"},"query-input":{"@type":"PropertyValueSpecification","valueRequired":true,"valueName":"search_term_string"}}],"inLanguage":"ro-RO"},{"@type":"Organization","@id":"https:\/\/www.lovendal.ro\/wp52\/#organization","name":"Secretele lui Lovendal","url":"https:\/\/www.lovendal.ro\/wp52\/","logo":{"@type":"ImageObject","inLanguage":"ro-RO","@id":"https:\/\/www.lovendal.ro\/wp52\/#\/schema\/logo\/image\/","url":"https:\/\/www.lovendal.ro\/wp52\/wp-content\/uploads\/2024\/06\/cropped-SLL-iun-2024-1.jpg","contentUrl":"https:\/\/www.lovendal.ro\/wp52\/wp-content\/uploads\/2024\/06\/cropped-SLL-iun-2024-1.jpg","width":771,"height":240,"caption":"Secretele lui Lovendal"},"image":{"@id":"https:\/\/www.lovendal.ro\/wp52\/#\/schema\/logo\/image\/"},"sameAs":["https:\/\/www.facebook.com\/secreteleluilovendal"]},{"@type":"Person","@id":"https:\/\/www.lovendal.ro\/wp52\/#\/schema\/person\/088691de5dfc346bb0c023e1e52ef5d9","name":"admin","image":{"@type":"ImageObject","inLanguage":"ro-RO","@id":"https:\/\/secure.gravatar.com\/avatar\/ecb9cd41f5f63c9c9b989999a59f6e2639a865ec361e9db054db0679a8f341c2?s=96&d=mm&r=g","url":"https:\/\/secure.gravatar.com\/avatar\/ecb9cd41f5f63c9c9b989999a59f6e2639a865ec361e9db054db0679a8f341c2?s=96&d=mm&r=g","contentUrl":"https:\/\/secure.gravatar.com\/avatar\/ecb9cd41f5f63c9c9b989999a59f6e2639a865ec361e9db054db0679a8f341c2?s=96&d=mm&r=g","caption":"admin"},"sameAs":["https:\/\/www.lovendal.ro\/wp52"]}]}},"_links":{"self":[{"href":"https:\/\/www.lovendal.ro\/wp52\/wp-json\/wp\/v2\/posts\/71932","targetHints":{"allow":["GET"]}}],"collection":[{"href":"https:\/\/www.lovendal.ro\/wp52\/wp-json\/wp\/v2\/posts"}],"about":[{"href":"https:\/\/www.lovendal.ro\/wp52\/wp-json\/wp\/v2\/types\/post"}],"author":[{"embeddable":true,"href":"https:\/\/www.lovendal.ro\/wp52\/wp-json\/wp\/v2\/users\/1"}],"replies":[{"embeddable":true,"href":"https:\/\/www.lovendal.ro\/wp52\/wp-json\/wp\/v2\/comments?post=71932"}],"version-history":[{"count":0,"href":"https:\/\/www.lovendal.ro\/wp52\/wp-json\/wp\/v2\/posts\/71932\/revisions"}],"wp:featuredmedia":[{"embeddable":true,"href":"https:\/\/www.lovendal.ro\/wp52\/wp-json\/wp\/v2\/media\/71933"}],"wp:attachment":[{"href":"https:\/\/www.lovendal.ro\/wp52\/wp-json\/wp\/v2\/media?parent=71932"}],"wp:term":[{"taxonomy":"category","embeddable":true,"href":"https:\/\/www.lovendal.ro\/wp52\/wp-json\/wp\/v2\/categories?post=71932"},{"taxonomy":"post_tag","embeddable":true,"href":"https:\/\/www.lovendal.ro\/wp52\/wp-json\/wp\/v2\/tags?post=71932"}],"curies":[{"name":"wp","href":"https:\/\/api.w.org\/{rel}","templated":true}]}}