{"id":71851,"date":"2020-09-11T13:16:42","date_gmt":"2020-09-11T10:16:42","guid":{"rendered":"https:\/\/www.lovendal.ro\/wp52\/?p=71851"},"modified":"2020-09-11T13:16:42","modified_gmt":"2020-09-11T10:16:42","slug":"apocalipsa-rosie-din-california-locuitorii-din-san-francisco-s-au-trezit-ziua-cu-o-atmosfera-portocalie-misterioasa-si-intunecata-despre-ce-a-fost-vorba","status":"publish","type":"post","link":"https:\/\/www.lovendal.ro\/wp52\/apocalipsa-rosie-din-california-locuitorii-din-san-francisco-s-au-trezit-ziua-cu-o-atmosfera-portocalie-misterioasa-si-intunecata-despre-ce-a-fost-vorba\/","title":{"rendered":"&#8222;Apocalipsa&#8221; ro\u015fie din California: locuitorii din San Francisco s-au trezit ziua cu o atmosfer\u0103 portocalie, misterioas\u0103 \u015fi \u00eentunecat\u0103! Despre ce-a fost vorba?"},"content":{"rendered":"<p><a href=\"https:\/\/www.lovendal.ro\/wp52\/wp-content\/uploads\/2020\/09\/apocalipsa-portocalie-coperta.jpg\"><img loading=\"lazy\" decoding=\"async\" class=\"alignleft size-full wp-image-71852\" src=\"https:\/\/www.lovendal.ro\/wp52\/wp-content\/uploads\/2020\/09\/apocalipsa-portocalie-coperta.jpg\" alt=\"\" width=\"365\" height=\"224\" srcset=\"https:\/\/www.lovendal.ro\/wp52\/wp-content\/uploads\/2020\/09\/apocalipsa-portocalie-coperta.jpg 365w, https:\/\/www.lovendal.ro\/wp52\/wp-content\/uploads\/2020\/09\/apocalipsa-portocalie-coperta-300x184.jpg 300w\" sizes=\"auto, (max-width: 365px) 100vw, 365px\" \/><\/a>\u00cen timp ce statul american California continu\u0103 s\u0103 se lupte cu flagelul incendiilor majore, cerurile din Bay Area s-au \u00eentunecat la \u00eenceputul lunii septembrie 2020 \u0219i s-au transformat \u00eentr-un ro\u0219u apocaliptic, sem\u0103n\u00e2nd cu un peisaj de pe Marte sau poate chiar cu iadul.<\/p>\n<p>Locuitorii din San Francisco, Oakland \u0219i din alte zone \u00eenconjur\u0103toare s-au trezit miercuri, 9 septembrie 2020, cu un cer portocaliu, rezultat al aerului toxic emanat de incendii, care a ajuns \u00een atmosfer\u0103, diminu\u00e2nd lumina soarelui \u0219i cre\u00e2nd o ambian\u021b\u0103 &#8222;extraterestr\u0103&#8221;. Drept urmare, mul\u021bi au dormit mai mult, pentru c\u0103 afar\u0103 era cam \u00eentuneric, \u00een timp ce un tat\u0103 a glumit copiilor s\u0103i, spun\u00e2nd c\u0103 au fost muta\u021bi peste noapte pe Marte, relateaz\u0103 <a href=\"https:\/\/www.sfgate.com\/news\/editorspicks\/article\/Bay-Area-sky-orange-wildfire-smoke-San-Francisco-15553461.php\" target=\"_blank\" rel=\"noopener noreferrer\"><strong>&#8222;SF Gate&#8221;<\/strong><\/a>.<\/p>\n<p><em>\u201eSe simte ca sf\u00e2r\u0219itul lumii. Dar cred c\u0103 este doar un amestec ciudat de smog, fum \u0219i cea\u021b\u0103\u201d<\/em>, a declarat o localnic\u0103. <em>\u201eA fost alarmant s\u0103 v\u0103d c\u0103 este \u00eenc\u0103 \u00eentuneric. \u0218i va fi ciudat s\u0103 iei pr\u00e2nzul \u00een \u00eentuneric.\u201d<\/em><\/p>\n<p>Fumul este rezultatul masivelor incendii produse \u00een zona p\u0103durilor Mendocino (\u00een nordul Californiei), precum \u0219i a incendiilor f\u0103r\u0103 precedent din statele americane Washington \u0219i Oregon. V\u00e2ntul a \u00eempins focul spre sud, p\u00e2n\u0103 \u00een nord-vestul Pacificului american.<\/p>\n<p><em>\u201eFumuri extrem de dense \u0219i \u00eenalte, provenind de la numeroase incendii mari, dintre care unele au generat nori de pirocumulunimbus nocturne, blocheaz\u0103 aproape complet Soarele \u00een unele por\u021biuni din nordul Californiei \u00een aceast\u0103 diminea\u021b\u0103\u201d<\/em>, a scris pe Twitter Daniel Swain, om de \u0219tiin\u021b\u0103.<\/p>\n<p>Peisajul suprarealist din zona San Francisco arat\u0103 \u00eenc\u0103 o dat\u0103 natura bizar\u0103 a anului 2020, un an care caracterizat de pandemia de coronavirus, de tulbur\u0103ri sociale acute \u0219i de mai multe incendii, ceea ce \u00eei fac pe unii s\u0103 cread\u0103 c\u0103 Apocalipsa a sosit deja&#8230;<\/p>\n<p><a href=\"https:\/\/www.lovendal.ro\/wp52\/wp-content\/uploads\/2020\/09\/apocalipsa-portocalie-1.jpg\"><img loading=\"lazy\" decoding=\"async\" class=\"aligncenter size-full wp-image-71853\" src=\"https:\/\/www.lovendal.ro\/wp52\/wp-content\/uploads\/2020\/09\/apocalipsa-portocalie-1.jpg\" alt=\"\" width=\"539\" height=\"295\" srcset=\"https:\/\/www.lovendal.ro\/wp52\/wp-content\/uploads\/2020\/09\/apocalipsa-portocalie-1.jpg 539w, https:\/\/www.lovendal.ro\/wp52\/wp-content\/uploads\/2020\/09\/apocalipsa-portocalie-1-300x164.jpg 300w\" sizes=\"auto, (max-width: 539px) 100vw, 539px\" \/><\/a><\/p>\n<blockquote class=\"twitter-tweet\">\n<p dir=\"ltr\" lang=\"en\">Feels like I\u2019m in Mars.. <a href=\"https:\/\/twitter.com\/hashtag\/BayArea?src=hash&amp;ref_src=twsrc%5Etfw\">#BayArea<\/a> <a href=\"https:\/\/twitter.com\/hashtag\/California?src=hash&amp;ref_src=twsrc%5Etfw\">#California<\/a> <a href=\"https:\/\/twitter.com\/hashtag\/NoFilter?src=hash&amp;ref_src=twsrc%5Etfw\">#NoFilter<\/a> <a href=\"https:\/\/t.co\/pmqoB32uMb\">pic.twitter.com\/pmqoB32uMb<\/a><\/p>\n<p>\u2014 Feroze Ali (@feroze17) <a href=\"https:\/\/twitter.com\/feroze17\/status\/1303750591315759104?ref_src=twsrc%5Etfw\">September 9, 2020<\/a><\/p><\/blockquote>\n<p><script async src=\"https:\/\/platform.twitter.com\/widgets.js\" charset=\"utf-8\"><\/script><\/p>\n","protected":false},"excerpt":{"rendered":"<p>\u00cen timp ce statul american California continu\u0103 s\u0103 se lupte cu flagelul incendiilor majore, cerurile din Bay Area s-au \u00eentunecat la \u00eenceputul lunii septembrie 2020 \u0219i s-au transformat \u00eentr-un ro\u0219u apocaliptic, sem\u0103n\u00e2nd cu un peisaj de pe Marte sau poate &#8230; <\/p>\n<p class=\"read-more-container\"><a title=\"&#8222;Apocalipsa&#8221; ro\u015fie din California: locuitorii din San Francisco s-au trezit ziua cu o atmosfer\u0103 portocalie, misterioas\u0103 \u015fi \u00eentunecat\u0103! Despre ce-a fost vorba?\" class=\"read-more button\" href=\"https:\/\/www.lovendal.ro\/wp52\/apocalipsa-rosie-din-california-locuitorii-din-san-francisco-s-au-trezit-ziua-cu-o-atmosfera-portocalie-misterioasa-si-intunecata-despre-ce-a-fost-vorba\/#more-71851\" aria-label=\"Cite\u0219te mai multe despre &#8222;Apocalipsa&#8221; ro\u015fie din California: locuitorii din San Francisco s-au trezit ziua cu o atmosfer\u0103 portocalie, misterioas\u0103 \u015fi \u00eentunecat\u0103! Despre ce-a fost vorba?\">Cititi mai multe<\/a><\/p>\n","protected":false},"author":1,"featured_media":71852,"comment_status":"open","ping_status":"open","sticky":false,"template":"","format":"standard","meta":{"footnotes":""},"categories":[5040],"tags":[280,2502,9818,1393,2258,14126,4289,1923,1741,4431,156,1978,7326,2398,4723,4263,3102,865,4474,422],"class_list":["post-71851","post","type-post","status-publish","format-standard","has-post-thumbnail","hentry","category-bizar","tag-apocalipsa","tag-atmosfera","tag-bizar","tag-california","tag-ceata","tag-coronavirus","tag-fum","tag-iad","tag-incendiu","tag-intuneric","tag-marte","tag-nori","tag-oregon","tag-padure","tag-pandemie","tag-portocaliu","tag-san-francisco","tag-soare","tag-twitter","tag-washington","resize-featured-image"],"yoast_head":"<!-- This site is optimized with the Yoast SEO Premium plugin v23.3 (Yoast SEO v27.4) - https:\/\/yoast.com\/product\/yoast-seo-premium-wordpress\/ -->\n<title>&quot;Apocalipsa&quot; ro\u015fie din California: locuitorii din San Francisco s-au trezit ziua cu o atmosfer\u0103 portocalie, misterioas\u0103 \u015fi \u00eentunecat\u0103! Despre ce-a fost vorba? - Secretele lui Lovendal<\/title>\n<meta name=\"robots\" content=\"index, follow, max-snippet:-1, max-image-preview:large, max-video-preview:-1\" \/>\n<link rel=\"canonical\" href=\"https:\/\/www.lovendal.ro\/wp52\/apocalipsa-rosie-din-california-locuitorii-din-san-francisco-s-au-trezit-ziua-cu-o-atmosfera-portocalie-misterioasa-si-intunecata-despre-ce-a-fost-vorba\/\" \/>\n<meta property=\"og:locale\" content=\"ro_RO\" \/>\n<meta property=\"og:type\" content=\"article\" \/>\n<meta property=\"og:title\" content=\"&quot;Apocalipsa&quot; ro\u015fie din California: locuitorii din San Francisco s-au trezit ziua cu o atmosfer\u0103 portocalie, misterioas\u0103 \u015fi \u00eentunecat\u0103! Despre ce-a fost vorba?\" \/>\n<meta property=\"og:description\" content=\"\u00cen timp ce statul american California continu\u0103 s\u0103 se lupte cu flagelul incendiilor majore, cerurile din Bay Area s-au \u00eentunecat la \u00eenceputul lunii septembrie 2020 \u0219i s-au transformat \u00eentr-un ro\u0219u apocaliptic, sem\u0103n\u00e2nd cu un peisaj de pe Marte sau poate ... Cititi mai multe\" \/>\n<meta property=\"og:url\" content=\"https:\/\/www.lovendal.ro\/wp52\/apocalipsa-rosie-din-california-locuitorii-din-san-francisco-s-au-trezit-ziua-cu-o-atmosfera-portocalie-misterioasa-si-intunecata-despre-ce-a-fost-vorba\/\" \/>\n<meta property=\"og:site_name\" content=\"Secretele lui Lovendal\" \/>\n<meta property=\"article:publisher\" content=\"https:\/\/www.facebook.com\/secreteleluilovendal\" \/>\n<meta property=\"article:published_time\" content=\"2020-09-11T10:16:42+00:00\" \/>\n<meta property=\"og:image\" content=\"https:\/\/www.lovendal.ro\/wp52\/wp-content\/uploads\/2020\/09\/apocalipsa-portocalie-coperta.jpg\" \/>\n\t<meta property=\"og:image:width\" content=\"365\" \/>\n\t<meta property=\"og:image:height\" content=\"224\" \/>\n\t<meta property=\"og:image:type\" content=\"image\/jpeg\" \/>\n<meta name=\"author\" content=\"admin\" \/>\n<meta name=\"twitter:card\" content=\"summary_large_image\" \/>\n<meta name=\"twitter:label1\" content=\"Scris de\" \/>\n\t<meta name=\"twitter:data1\" content=\"admin\" \/>\n\t<meta name=\"twitter:label2\" content=\"Timp estimat pentru citire\" \/>\n\t<meta name=\"twitter:data2\" content=\"2 minute\" \/>\n<script type=\"application\/ld+json\" class=\"yoast-schema-graph\">{\"@context\":\"https:\\\/\\\/schema.org\",\"@graph\":[{\"@type\":\"Article\",\"@id\":\"https:\\\/\\\/www.lovendal.ro\\\/wp52\\\/apocalipsa-rosie-din-california-locuitorii-din-san-francisco-s-au-trezit-ziua-cu-o-atmosfera-portocalie-misterioasa-si-intunecata-despre-ce-a-fost-vorba\\\/#article\",\"isPartOf\":{\"@id\":\"https:\\\/\\\/www.lovendal.ro\\\/wp52\\\/apocalipsa-rosie-din-california-locuitorii-din-san-francisco-s-au-trezit-ziua-cu-o-atmosfera-portocalie-misterioasa-si-intunecata-despre-ce-a-fost-vorba\\\/\"},\"author\":{\"name\":\"admin\",\"@id\":\"https:\\\/\\\/www.lovendal.ro\\\/wp52\\\/#\\\/schema\\\/person\\\/088691de5dfc346bb0c023e1e52ef5d9\"},\"headline\":\"&#8222;Apocalipsa&#8221; ro\u015fie din California: locuitorii din San Francisco s-au trezit ziua cu o atmosfer\u0103 portocalie, misterioas\u0103 \u015fi \u00eentunecat\u0103! Despre ce-a fost vorba?\",\"datePublished\":\"2020-09-11T10:16:42+00:00\",\"mainEntityOfPage\":{\"@id\":\"https:\\\/\\\/www.lovendal.ro\\\/wp52\\\/apocalipsa-rosie-din-california-locuitorii-din-san-francisco-s-au-trezit-ziua-cu-o-atmosfera-portocalie-misterioasa-si-intunecata-despre-ce-a-fost-vorba\\\/\"},\"wordCount\":338,\"commentCount\":0,\"publisher\":{\"@id\":\"https:\\\/\\\/www.lovendal.ro\\\/wp52\\\/#organization\"},\"image\":{\"@id\":\"https:\\\/\\\/www.lovendal.ro\\\/wp52\\\/apocalipsa-rosie-din-california-locuitorii-din-san-francisco-s-au-trezit-ziua-cu-o-atmosfera-portocalie-misterioasa-si-intunecata-despre-ce-a-fost-vorba\\\/#primaryimage\"},\"thumbnailUrl\":\"https:\\\/\\\/www.lovendal.ro\\\/wp52\\\/wp-content\\\/uploads\\\/2020\\\/09\\\/apocalipsa-portocalie-coperta.jpg\",\"keywords\":[\"Apocalips\u0103\",\"atmosfer\u0103\",\"Bizar\",\"California\",\"cea\u0163\u0103\",\"coronavirus\",\"fum\",\"iad\",\"incendiu\",\"\u00eentuneric\",\"Marte\",\"nori\",\"Oregon\",\"p\u0103dure\",\"pandemie\",\"portocaliu\",\"San Francisco\",\"Soare\",\"Twitter\",\"Washington\"],\"articleSection\":[\"Bizar\"],\"inLanguage\":\"ro-RO\",\"potentialAction\":[{\"@type\":\"CommentAction\",\"name\":\"Comment\",\"target\":[\"https:\\\/\\\/www.lovendal.ro\\\/wp52\\\/apocalipsa-rosie-din-california-locuitorii-din-san-francisco-s-au-trezit-ziua-cu-o-atmosfera-portocalie-misterioasa-si-intunecata-despre-ce-a-fost-vorba\\\/#respond\"]}]},{\"@type\":\"WebPage\",\"@id\":\"https:\\\/\\\/www.lovendal.ro\\\/wp52\\\/apocalipsa-rosie-din-california-locuitorii-din-san-francisco-s-au-trezit-ziua-cu-o-atmosfera-portocalie-misterioasa-si-intunecata-despre-ce-a-fost-vorba\\\/\",\"url\":\"https:\\\/\\\/www.lovendal.ro\\\/wp52\\\/apocalipsa-rosie-din-california-locuitorii-din-san-francisco-s-au-trezit-ziua-cu-o-atmosfera-portocalie-misterioasa-si-intunecata-despre-ce-a-fost-vorba\\\/\",\"name\":\"\\\"Apocalipsa\\\" ro\u015fie din California: locuitorii din San Francisco s-au trezit ziua cu o atmosfer\u0103 portocalie, misterioas\u0103 \u015fi \u00eentunecat\u0103! Despre ce-a fost vorba? - Secretele lui Lovendal\",\"isPartOf\":{\"@id\":\"https:\\\/\\\/www.lovendal.ro\\\/wp52\\\/#website\"},\"primaryImageOfPage\":{\"@id\":\"https:\\\/\\\/www.lovendal.ro\\\/wp52\\\/apocalipsa-rosie-din-california-locuitorii-din-san-francisco-s-au-trezit-ziua-cu-o-atmosfera-portocalie-misterioasa-si-intunecata-despre-ce-a-fost-vorba\\\/#primaryimage\"},\"image\":{\"@id\":\"https:\\\/\\\/www.lovendal.ro\\\/wp52\\\/apocalipsa-rosie-din-california-locuitorii-din-san-francisco-s-au-trezit-ziua-cu-o-atmosfera-portocalie-misterioasa-si-intunecata-despre-ce-a-fost-vorba\\\/#primaryimage\"},\"thumbnailUrl\":\"https:\\\/\\\/www.lovendal.ro\\\/wp52\\\/wp-content\\\/uploads\\\/2020\\\/09\\\/apocalipsa-portocalie-coperta.jpg\",\"datePublished\":\"2020-09-11T10:16:42+00:00\",\"breadcrumb\":{\"@id\":\"https:\\\/\\\/www.lovendal.ro\\\/wp52\\\/apocalipsa-rosie-din-california-locuitorii-din-san-francisco-s-au-trezit-ziua-cu-o-atmosfera-portocalie-misterioasa-si-intunecata-despre-ce-a-fost-vorba\\\/#breadcrumb\"},\"inLanguage\":\"ro-RO\",\"potentialAction\":[{\"@type\":\"ReadAction\",\"target\":[\"https:\\\/\\\/www.lovendal.ro\\\/wp52\\\/apocalipsa-rosie-din-california-locuitorii-din-san-francisco-s-au-trezit-ziua-cu-o-atmosfera-portocalie-misterioasa-si-intunecata-despre-ce-a-fost-vorba\\\/\"]}]},{\"@type\":\"ImageObject\",\"inLanguage\":\"ro-RO\",\"@id\":\"https:\\\/\\\/www.lovendal.ro\\\/wp52\\\/apocalipsa-rosie-din-california-locuitorii-din-san-francisco-s-au-trezit-ziua-cu-o-atmosfera-portocalie-misterioasa-si-intunecata-despre-ce-a-fost-vorba\\\/#primaryimage\",\"url\":\"https:\\\/\\\/www.lovendal.ro\\\/wp52\\\/wp-content\\\/uploads\\\/2020\\\/09\\\/apocalipsa-portocalie-coperta.jpg\",\"contentUrl\":\"https:\\\/\\\/www.lovendal.ro\\\/wp52\\\/wp-content\\\/uploads\\\/2020\\\/09\\\/apocalipsa-portocalie-coperta.jpg\",\"width\":365,\"height\":224},{\"@type\":\"BreadcrumbList\",\"@id\":\"https:\\\/\\\/www.lovendal.ro\\\/wp52\\\/apocalipsa-rosie-din-california-locuitorii-din-san-francisco-s-au-trezit-ziua-cu-o-atmosfera-portocalie-misterioasa-si-intunecata-despre-ce-a-fost-vorba\\\/#breadcrumb\",\"itemListElement\":[{\"@type\":\"ListItem\",\"position\":1,\"name\":\"Home\",\"item\":\"https:\\\/\\\/www.lovendal.ro\\\/wp52\\\/\"},{\"@type\":\"ListItem\",\"position\":2,\"name\":\"&#8222;Apocalipsa&#8221; ro\u015fie din California: locuitorii din San Francisco s-au trezit ziua cu o atmosfer\u0103 portocalie, misterioas\u0103 \u015fi \u00eentunecat\u0103! Despre ce-a fost vorba?\"}]},{\"@type\":\"WebSite\",\"@id\":\"https:\\\/\\\/www.lovendal.ro\\\/wp52\\\/#website\",\"url\":\"https:\\\/\\\/www.lovendal.ro\\\/wp52\\\/\",\"name\":\"Secretele lui Lovendal\",\"description\":\"Site de secrete, stiinta si metafizica - din 2008 -\",\"publisher\":{\"@id\":\"https:\\\/\\\/www.lovendal.ro\\\/wp52\\\/#organization\"},\"potentialAction\":[{\"@type\":\"SearchAction\",\"target\":{\"@type\":\"EntryPoint\",\"urlTemplate\":\"https:\\\/\\\/www.lovendal.ro\\\/wp52\\\/?s={search_term_string}\"},\"query-input\":{\"@type\":\"PropertyValueSpecification\",\"valueRequired\":true,\"valueName\":\"search_term_string\"}}],\"inLanguage\":\"ro-RO\"},{\"@type\":\"Organization\",\"@id\":\"https:\\\/\\\/www.lovendal.ro\\\/wp52\\\/#organization\",\"name\":\"Secretele lui Lovendal\",\"url\":\"https:\\\/\\\/www.lovendal.ro\\\/wp52\\\/\",\"logo\":{\"@type\":\"ImageObject\",\"inLanguage\":\"ro-RO\",\"@id\":\"https:\\\/\\\/www.lovendal.ro\\\/wp52\\\/#\\\/schema\\\/logo\\\/image\\\/\",\"url\":\"https:\\\/\\\/www.lovendal.ro\\\/wp52\\\/wp-content\\\/uploads\\\/2024\\\/06\\\/cropped-SLL-iun-2024-1.jpg\",\"contentUrl\":\"https:\\\/\\\/www.lovendal.ro\\\/wp52\\\/wp-content\\\/uploads\\\/2024\\\/06\\\/cropped-SLL-iun-2024-1.jpg\",\"width\":771,\"height\":240,\"caption\":\"Secretele lui Lovendal\"},\"image\":{\"@id\":\"https:\\\/\\\/www.lovendal.ro\\\/wp52\\\/#\\\/schema\\\/logo\\\/image\\\/\"},\"sameAs\":[\"https:\\\/\\\/www.facebook.com\\\/secreteleluilovendal\"]},{\"@type\":\"Person\",\"@id\":\"https:\\\/\\\/www.lovendal.ro\\\/wp52\\\/#\\\/schema\\\/person\\\/088691de5dfc346bb0c023e1e52ef5d9\",\"name\":\"admin\",\"image\":{\"@type\":\"ImageObject\",\"inLanguage\":\"ro-RO\",\"@id\":\"https:\\\/\\\/secure.gravatar.com\\\/avatar\\\/ecb9cd41f5f63c9c9b989999a59f6e2639a865ec361e9db054db0679a8f341c2?s=96&d=mm&r=g\",\"url\":\"https:\\\/\\\/secure.gravatar.com\\\/avatar\\\/ecb9cd41f5f63c9c9b989999a59f6e2639a865ec361e9db054db0679a8f341c2?s=96&d=mm&r=g\",\"contentUrl\":\"https:\\\/\\\/secure.gravatar.com\\\/avatar\\\/ecb9cd41f5f63c9c9b989999a59f6e2639a865ec361e9db054db0679a8f341c2?s=96&d=mm&r=g\",\"caption\":\"admin\"},\"sameAs\":[\"https:\\\/\\\/www.lovendal.ro\\\/wp52\"]}]}<\/script>\n<!-- \/ Yoast SEO Premium plugin. -->","yoast_head_json":{"title":"\"Apocalipsa\" ro\u015fie din California: locuitorii din San Francisco s-au trezit ziua cu o atmosfer\u0103 portocalie, misterioas\u0103 \u015fi \u00eentunecat\u0103! Despre ce-a fost vorba? - Secretele lui Lovendal","robots":{"index":"index","follow":"follow","max-snippet":"max-snippet:-1","max-image-preview":"max-image-preview:large","max-video-preview":"max-video-preview:-1"},"canonical":"https:\/\/www.lovendal.ro\/wp52\/apocalipsa-rosie-din-california-locuitorii-din-san-francisco-s-au-trezit-ziua-cu-o-atmosfera-portocalie-misterioasa-si-intunecata-despre-ce-a-fost-vorba\/","og_locale":"ro_RO","og_type":"article","og_title":"\"Apocalipsa\" ro\u015fie din California: locuitorii din San Francisco s-au trezit ziua cu o atmosfer\u0103 portocalie, misterioas\u0103 \u015fi \u00eentunecat\u0103! Despre ce-a fost vorba?","og_description":"\u00cen timp ce statul american California continu\u0103 s\u0103 se lupte cu flagelul incendiilor majore, cerurile din Bay Area s-au \u00eentunecat la \u00eenceputul lunii septembrie 2020 \u0219i s-au transformat \u00eentr-un ro\u0219u apocaliptic, sem\u0103n\u00e2nd cu un peisaj de pe Marte sau poate ... Cititi mai multe","og_url":"https:\/\/www.lovendal.ro\/wp52\/apocalipsa-rosie-din-california-locuitorii-din-san-francisco-s-au-trezit-ziua-cu-o-atmosfera-portocalie-misterioasa-si-intunecata-despre-ce-a-fost-vorba\/","og_site_name":"Secretele lui Lovendal","article_publisher":"https:\/\/www.facebook.com\/secreteleluilovendal","article_published_time":"2020-09-11T10:16:42+00:00","og_image":[{"width":365,"height":224,"url":"https:\/\/www.lovendal.ro\/wp52\/wp-content\/uploads\/2020\/09\/apocalipsa-portocalie-coperta.jpg","type":"image\/jpeg"}],"author":"admin","twitter_card":"summary_large_image","twitter_misc":{"Scris de":"admin","Timp estimat pentru citire":"2 minute"},"schema":{"@context":"https:\/\/schema.org","@graph":[{"@type":"Article","@id":"https:\/\/www.lovendal.ro\/wp52\/apocalipsa-rosie-din-california-locuitorii-din-san-francisco-s-au-trezit-ziua-cu-o-atmosfera-portocalie-misterioasa-si-intunecata-despre-ce-a-fost-vorba\/#article","isPartOf":{"@id":"https:\/\/www.lovendal.ro\/wp52\/apocalipsa-rosie-din-california-locuitorii-din-san-francisco-s-au-trezit-ziua-cu-o-atmosfera-portocalie-misterioasa-si-intunecata-despre-ce-a-fost-vorba\/"},"author":{"name":"admin","@id":"https:\/\/www.lovendal.ro\/wp52\/#\/schema\/person\/088691de5dfc346bb0c023e1e52ef5d9"},"headline":"&#8222;Apocalipsa&#8221; ro\u015fie din California: locuitorii din San Francisco s-au trezit ziua cu o atmosfer\u0103 portocalie, misterioas\u0103 \u015fi \u00eentunecat\u0103! Despre ce-a fost vorba?","datePublished":"2020-09-11T10:16:42+00:00","mainEntityOfPage":{"@id":"https:\/\/www.lovendal.ro\/wp52\/apocalipsa-rosie-din-california-locuitorii-din-san-francisco-s-au-trezit-ziua-cu-o-atmosfera-portocalie-misterioasa-si-intunecata-despre-ce-a-fost-vorba\/"},"wordCount":338,"commentCount":0,"publisher":{"@id":"https:\/\/www.lovendal.ro\/wp52\/#organization"},"image":{"@id":"https:\/\/www.lovendal.ro\/wp52\/apocalipsa-rosie-din-california-locuitorii-din-san-francisco-s-au-trezit-ziua-cu-o-atmosfera-portocalie-misterioasa-si-intunecata-despre-ce-a-fost-vorba\/#primaryimage"},"thumbnailUrl":"https:\/\/www.lovendal.ro\/wp52\/wp-content\/uploads\/2020\/09\/apocalipsa-portocalie-coperta.jpg","keywords":["Apocalips\u0103","atmosfer\u0103","Bizar","California","cea\u0163\u0103","coronavirus","fum","iad","incendiu","\u00eentuneric","Marte","nori","Oregon","p\u0103dure","pandemie","portocaliu","San Francisco","Soare","Twitter","Washington"],"articleSection":["Bizar"],"inLanguage":"ro-RO","potentialAction":[{"@type":"CommentAction","name":"Comment","target":["https:\/\/www.lovendal.ro\/wp52\/apocalipsa-rosie-din-california-locuitorii-din-san-francisco-s-au-trezit-ziua-cu-o-atmosfera-portocalie-misterioasa-si-intunecata-despre-ce-a-fost-vorba\/#respond"]}]},{"@type":"WebPage","@id":"https:\/\/www.lovendal.ro\/wp52\/apocalipsa-rosie-din-california-locuitorii-din-san-francisco-s-au-trezit-ziua-cu-o-atmosfera-portocalie-misterioasa-si-intunecata-despre-ce-a-fost-vorba\/","url":"https:\/\/www.lovendal.ro\/wp52\/apocalipsa-rosie-din-california-locuitorii-din-san-francisco-s-au-trezit-ziua-cu-o-atmosfera-portocalie-misterioasa-si-intunecata-despre-ce-a-fost-vorba\/","name":"\"Apocalipsa\" ro\u015fie din California: locuitorii din San Francisco s-au trezit ziua cu o atmosfer\u0103 portocalie, misterioas\u0103 \u015fi \u00eentunecat\u0103! Despre ce-a fost vorba? - Secretele lui Lovendal","isPartOf":{"@id":"https:\/\/www.lovendal.ro\/wp52\/#website"},"primaryImageOfPage":{"@id":"https:\/\/www.lovendal.ro\/wp52\/apocalipsa-rosie-din-california-locuitorii-din-san-francisco-s-au-trezit-ziua-cu-o-atmosfera-portocalie-misterioasa-si-intunecata-despre-ce-a-fost-vorba\/#primaryimage"},"image":{"@id":"https:\/\/www.lovendal.ro\/wp52\/apocalipsa-rosie-din-california-locuitorii-din-san-francisco-s-au-trezit-ziua-cu-o-atmosfera-portocalie-misterioasa-si-intunecata-despre-ce-a-fost-vorba\/#primaryimage"},"thumbnailUrl":"https:\/\/www.lovendal.ro\/wp52\/wp-content\/uploads\/2020\/09\/apocalipsa-portocalie-coperta.jpg","datePublished":"2020-09-11T10:16:42+00:00","breadcrumb":{"@id":"https:\/\/www.lovendal.ro\/wp52\/apocalipsa-rosie-din-california-locuitorii-din-san-francisco-s-au-trezit-ziua-cu-o-atmosfera-portocalie-misterioasa-si-intunecata-despre-ce-a-fost-vorba\/#breadcrumb"},"inLanguage":"ro-RO","potentialAction":[{"@type":"ReadAction","target":["https:\/\/www.lovendal.ro\/wp52\/apocalipsa-rosie-din-california-locuitorii-din-san-francisco-s-au-trezit-ziua-cu-o-atmosfera-portocalie-misterioasa-si-intunecata-despre-ce-a-fost-vorba\/"]}]},{"@type":"ImageObject","inLanguage":"ro-RO","@id":"https:\/\/www.lovendal.ro\/wp52\/apocalipsa-rosie-din-california-locuitorii-din-san-francisco-s-au-trezit-ziua-cu-o-atmosfera-portocalie-misterioasa-si-intunecata-despre-ce-a-fost-vorba\/#primaryimage","url":"https:\/\/www.lovendal.ro\/wp52\/wp-content\/uploads\/2020\/09\/apocalipsa-portocalie-coperta.jpg","contentUrl":"https:\/\/www.lovendal.ro\/wp52\/wp-content\/uploads\/2020\/09\/apocalipsa-portocalie-coperta.jpg","width":365,"height":224},{"@type":"BreadcrumbList","@id":"https:\/\/www.lovendal.ro\/wp52\/apocalipsa-rosie-din-california-locuitorii-din-san-francisco-s-au-trezit-ziua-cu-o-atmosfera-portocalie-misterioasa-si-intunecata-despre-ce-a-fost-vorba\/#breadcrumb","itemListElement":[{"@type":"ListItem","position":1,"name":"Home","item":"https:\/\/www.lovendal.ro\/wp52\/"},{"@type":"ListItem","position":2,"name":"&#8222;Apocalipsa&#8221; ro\u015fie din California: locuitorii din San Francisco s-au trezit ziua cu o atmosfer\u0103 portocalie, misterioas\u0103 \u015fi \u00eentunecat\u0103! Despre ce-a fost vorba?"}]},{"@type":"WebSite","@id":"https:\/\/www.lovendal.ro\/wp52\/#website","url":"https:\/\/www.lovendal.ro\/wp52\/","name":"Secretele lui Lovendal","description":"Site de secrete, stiinta si metafizica - din 2008 -","publisher":{"@id":"https:\/\/www.lovendal.ro\/wp52\/#organization"},"potentialAction":[{"@type":"SearchAction","target":{"@type":"EntryPoint","urlTemplate":"https:\/\/www.lovendal.ro\/wp52\/?s={search_term_string}"},"query-input":{"@type":"PropertyValueSpecification","valueRequired":true,"valueName":"search_term_string"}}],"inLanguage":"ro-RO"},{"@type":"Organization","@id":"https:\/\/www.lovendal.ro\/wp52\/#organization","name":"Secretele lui Lovendal","url":"https:\/\/www.lovendal.ro\/wp52\/","logo":{"@type":"ImageObject","inLanguage":"ro-RO","@id":"https:\/\/www.lovendal.ro\/wp52\/#\/schema\/logo\/image\/","url":"https:\/\/www.lovendal.ro\/wp52\/wp-content\/uploads\/2024\/06\/cropped-SLL-iun-2024-1.jpg","contentUrl":"https:\/\/www.lovendal.ro\/wp52\/wp-content\/uploads\/2024\/06\/cropped-SLL-iun-2024-1.jpg","width":771,"height":240,"caption":"Secretele lui Lovendal"},"image":{"@id":"https:\/\/www.lovendal.ro\/wp52\/#\/schema\/logo\/image\/"},"sameAs":["https:\/\/www.facebook.com\/secreteleluilovendal"]},{"@type":"Person","@id":"https:\/\/www.lovendal.ro\/wp52\/#\/schema\/person\/088691de5dfc346bb0c023e1e52ef5d9","name":"admin","image":{"@type":"ImageObject","inLanguage":"ro-RO","@id":"https:\/\/secure.gravatar.com\/avatar\/ecb9cd41f5f63c9c9b989999a59f6e2639a865ec361e9db054db0679a8f341c2?s=96&d=mm&r=g","url":"https:\/\/secure.gravatar.com\/avatar\/ecb9cd41f5f63c9c9b989999a59f6e2639a865ec361e9db054db0679a8f341c2?s=96&d=mm&r=g","contentUrl":"https:\/\/secure.gravatar.com\/avatar\/ecb9cd41f5f63c9c9b989999a59f6e2639a865ec361e9db054db0679a8f341c2?s=96&d=mm&r=g","caption":"admin"},"sameAs":["https:\/\/www.lovendal.ro\/wp52"]}]}},"_links":{"self":[{"href":"https:\/\/www.lovendal.ro\/wp52\/wp-json\/wp\/v2\/posts\/71851","targetHints":{"allow":["GET"]}}],"collection":[{"href":"https:\/\/www.lovendal.ro\/wp52\/wp-json\/wp\/v2\/posts"}],"about":[{"href":"https:\/\/www.lovendal.ro\/wp52\/wp-json\/wp\/v2\/types\/post"}],"author":[{"embeddable":true,"href":"https:\/\/www.lovendal.ro\/wp52\/wp-json\/wp\/v2\/users\/1"}],"replies":[{"embeddable":true,"href":"https:\/\/www.lovendal.ro\/wp52\/wp-json\/wp\/v2\/comments?post=71851"}],"version-history":[{"count":0,"href":"https:\/\/www.lovendal.ro\/wp52\/wp-json\/wp\/v2\/posts\/71851\/revisions"}],"wp:featuredmedia":[{"embeddable":true,"href":"https:\/\/www.lovendal.ro\/wp52\/wp-json\/wp\/v2\/media\/71852"}],"wp:attachment":[{"href":"https:\/\/www.lovendal.ro\/wp52\/wp-json\/wp\/v2\/media?parent=71851"}],"wp:term":[{"taxonomy":"category","embeddable":true,"href":"https:\/\/www.lovendal.ro\/wp52\/wp-json\/wp\/v2\/categories?post=71851"},{"taxonomy":"post_tag","embeddable":true,"href":"https:\/\/www.lovendal.ro\/wp52\/wp-json\/wp\/v2\/tags?post=71851"}],"curies":[{"name":"wp","href":"https:\/\/api.w.org\/{rel}","templated":true}]}}