{"id":71082,"date":"2020-08-04T22:36:07","date_gmt":"2020-08-04T19:36:07","guid":{"rendered":"https:\/\/www.lovendal.ro\/wp52\/?p=71082"},"modified":"2020-08-04T22:36:07","modified_gmt":"2020-08-04T19:36:07","slug":"fostul-rege-spaniol-juan-carlos-a-fugit-din-tara-exista-o-teorie-a-conspiratiei-care-spune-ca-se-va-ascunde-intr-un-buncar-secret-de-ce","status":"publish","type":"post","link":"https:\/\/www.lovendal.ro\/wp52\/fostul-rege-spaniol-juan-carlos-a-fugit-din-tara-exista-o-teorie-a-conspiratiei-care-spune-ca-se-va-ascunde-intr-un-buncar-secret-de-ce\/","title":{"rendered":"Fostul rege spaniol, Juan Carlos, a fugit din \u0163ar\u0103. Exist\u0103 o teorie a conspira\u0163iei care spune c\u0103 se va ascunde \u00eentr-un bunc\u0103r secret. De ce?"},"content":{"rendered":"<p><a href=\"https:\/\/www.lovendal.ro\/wp52\/wp-content\/uploads\/2020\/08\/Juan-Carlos-rege-Spania.jpg\"><img loading=\"lazy\" decoding=\"async\" class=\"alignleft size-full wp-image-71083\" src=\"https:\/\/www.lovendal.ro\/wp52\/wp-content\/uploads\/2020\/08\/Juan-Carlos-rege-Spania.jpg\" alt=\"\" width=\"359\" height=\"278\" srcset=\"https:\/\/www.lovendal.ro\/wp52\/wp-content\/uploads\/2020\/08\/Juan-Carlos-rege-Spania.jpg 359w, https:\/\/www.lovendal.ro\/wp52\/wp-content\/uploads\/2020\/08\/Juan-Carlos-rege-Spania-300x232.jpg 300w\" sizes=\"auto, (max-width: 359px) 100vw, 359px\" \/><\/a>\u015etirea esen\u0163ial\u0103 a \u00eenceputului lunii august 2020 mi se pare a fi fuga din Spania a regelui (mai exact, fostul rege) acestei \u0163\u0103ri, Juan Carlos. El a plecat din Spania duminic\u0103 (2 august 2020), cu ma\u0219ina, c\u0103tre Portugalia, de unde luni diminea\u021ba (3 august 2020) a luat avionul c\u0103tre Republica Dominican\u0103, la o familie bogat\u0103 care de\u021bine planta\u021bii de trestie de zah\u0103r. De aici ar inten\u021biona s\u0103 plece \u00een alt\u0103 \u021bar\u0103, scrie presa spaniol\u0103.<\/p>\n<p>Fuga regelui spaniol vine \u00een contextul \u00een care, \u00een luna iunie 2020, Curtea Suprem\u0103 a Spaniei a anun\u0163at \u00een luna iunie 2020 deschiderea unei anchete asupra fostului rege Juan Carlos, \u00eentr-un caz de corup\u0163ie din Arabia Saudit\u0103. Justi\u0163ia elve\u0163ian\u0103 \u015fi spaniol\u0103 ancheteaz\u0103 \u00een special asupra unei sume de circa 100 de milioane de dolari care ar fi fost v\u0103rsat\u0103 \u00een secret de c\u0103tre Arabia Saudit\u0103 \u00eentr-un cont al regelui Juan Carlos \u00een Elve\u0163ia.<\/p>\n<p>Exist\u0103 \u00eens\u0103 \u015fi o teorie a conspira\u0163iei care spune c\u0103 regele spaniol s-a retras inten\u0163ionat \u00eentr-un bunc\u0103r subteran secret, acolo unde dore\u015fte s\u0103 se protejeze, \u00eempreun\u0103 cu al\u0163i bog\u0103ta\u015fi, de o posibil\u0103 &#8222;apocalips\u0103&#8221;&#8230;<\/p>\n","protected":false},"excerpt":{"rendered":"<p>\u015etirea esen\u0163ial\u0103 a \u00eenceputului lunii august 2020 mi se pare a fi fuga din Spania a regelui (mai exact, fostul rege) acestei \u0163\u0103ri, Juan Carlos. El a plecat din Spania duminic\u0103 (2 august 2020), cu ma\u0219ina, c\u0103tre Portugalia, de unde &#8230; <\/p>\n<p class=\"read-more-container\"><a title=\"Fostul rege spaniol, Juan Carlos, a fugit din \u0163ar\u0103. Exist\u0103 o teorie a conspira\u0163iei care spune c\u0103 se va ascunde \u00eentr-un bunc\u0103r secret. De ce?\" class=\"read-more button\" href=\"https:\/\/www.lovendal.ro\/wp52\/fostul-rege-spaniol-juan-carlos-a-fugit-din-tara-exista-o-teorie-a-conspiratiei-care-spune-ca-se-va-ascunde-intr-un-buncar-secret-de-ce\/#more-71082\" aria-label=\"Cite\u0219te mai multe despre Fostul rege spaniol, Juan Carlos, a fugit din \u0163ar\u0103. Exist\u0103 o teorie a conspira\u0163iei care spune c\u0103 se va ascunde \u00eentr-un bunc\u0103r secret. De ce?\">Cititi mai multe<\/a><\/p>\n","protected":false},"author":1,"featured_media":71083,"comment_status":"open","ping_status":"open","sticky":false,"template":"","format":"standard","meta":{"footnotes":""},"categories":[40],"tags":[280,4563,5014,9799,826,453,2897,318,15194],"class_list":["post-71082","post","type-post","status-publish","format-standard","has-post-thumbnail","hentry","category-politica","tag-apocalipsa","tag-buncar","tag-juan-carlos","tag-politica-economie-geostrategie","tag-portugalia","tag-rege","tag-republica-dominicana","tag-spania","tag-trestie-de-zahar","resize-featured-image"],"yoast_head":"<!-- This site is optimized with the Yoast SEO Premium plugin v23.3 (Yoast SEO v27.4) - https:\/\/yoast.com\/product\/yoast-seo-premium-wordpress\/ -->\n<title>Fostul rege spaniol, Juan Carlos, a fugit din \u0163ar\u0103. Exist\u0103 o teorie a conspira\u0163iei care spune c\u0103 se va ascunde \u00eentr-un bunc\u0103r secret. De ce? - Secretele lui Lovendal<\/title>\n<meta name=\"robots\" content=\"index, follow, max-snippet:-1, max-image-preview:large, max-video-preview:-1\" \/>\n<link rel=\"canonical\" href=\"https:\/\/www.lovendal.ro\/wp52\/fostul-rege-spaniol-juan-carlos-a-fugit-din-tara-exista-o-teorie-a-conspiratiei-care-spune-ca-se-va-ascunde-intr-un-buncar-secret-de-ce\/\" \/>\n<meta property=\"og:locale\" content=\"ro_RO\" \/>\n<meta property=\"og:type\" content=\"article\" \/>\n<meta property=\"og:title\" content=\"Fostul rege spaniol, Juan Carlos, a fugit din \u0163ar\u0103. Exist\u0103 o teorie a conspira\u0163iei care spune c\u0103 se va ascunde \u00eentr-un bunc\u0103r secret. De ce?\" \/>\n<meta property=\"og:description\" content=\"\u015etirea esen\u0163ial\u0103 a \u00eenceputului lunii august 2020 mi se pare a fi fuga din Spania a regelui (mai exact, fostul rege) acestei \u0163\u0103ri, Juan Carlos. El a plecat din Spania duminic\u0103 (2 august 2020), cu ma\u0219ina, c\u0103tre Portugalia, de unde ... Cititi mai multe\" \/>\n<meta property=\"og:url\" content=\"https:\/\/www.lovendal.ro\/wp52\/fostul-rege-spaniol-juan-carlos-a-fugit-din-tara-exista-o-teorie-a-conspiratiei-care-spune-ca-se-va-ascunde-intr-un-buncar-secret-de-ce\/\" \/>\n<meta property=\"og:site_name\" content=\"Secretele lui Lovendal\" \/>\n<meta property=\"article:publisher\" content=\"https:\/\/www.facebook.com\/secreteleluilovendal\" \/>\n<meta property=\"article:published_time\" content=\"2020-08-04T19:36:07+00:00\" \/>\n<meta property=\"og:image\" content=\"https:\/\/www.lovendal.ro\/wp52\/wp-content\/uploads\/2020\/08\/Juan-Carlos-rege-Spania.jpg\" \/>\n\t<meta property=\"og:image:width\" content=\"359\" \/>\n\t<meta property=\"og:image:height\" content=\"278\" \/>\n\t<meta property=\"og:image:type\" content=\"image\/jpeg\" \/>\n<meta name=\"author\" content=\"admin\" \/>\n<meta name=\"twitter:card\" content=\"summary_large_image\" \/>\n<meta name=\"twitter:label1\" content=\"Scris de\" \/>\n\t<meta name=\"twitter:data1\" content=\"admin\" \/>\n\t<meta name=\"twitter:label2\" content=\"Timp estimat pentru citire\" \/>\n\t<meta name=\"twitter:data2\" content=\"1 minut\" \/>\n<script type=\"application\/ld+json\" class=\"yoast-schema-graph\">{\"@context\":\"https:\\\/\\\/schema.org\",\"@graph\":[{\"@type\":\"Article\",\"@id\":\"https:\\\/\\\/www.lovendal.ro\\\/wp52\\\/fostul-rege-spaniol-juan-carlos-a-fugit-din-tara-exista-o-teorie-a-conspiratiei-care-spune-ca-se-va-ascunde-intr-un-buncar-secret-de-ce\\\/#article\",\"isPartOf\":{\"@id\":\"https:\\\/\\\/www.lovendal.ro\\\/wp52\\\/fostul-rege-spaniol-juan-carlos-a-fugit-din-tara-exista-o-teorie-a-conspiratiei-care-spune-ca-se-va-ascunde-intr-un-buncar-secret-de-ce\\\/\"},\"author\":{\"name\":\"admin\",\"@id\":\"https:\\\/\\\/www.lovendal.ro\\\/wp52\\\/#\\\/schema\\\/person\\\/088691de5dfc346bb0c023e1e52ef5d9\"},\"headline\":\"Fostul rege spaniol, Juan Carlos, a fugit din \u0163ar\u0103. Exist\u0103 o teorie a conspira\u0163iei care spune c\u0103 se va ascunde \u00eentr-un bunc\u0103r secret. De ce?\",\"datePublished\":\"2020-08-04T19:36:07+00:00\",\"mainEntityOfPage\":{\"@id\":\"https:\\\/\\\/www.lovendal.ro\\\/wp52\\\/fostul-rege-spaniol-juan-carlos-a-fugit-din-tara-exista-o-teorie-a-conspiratiei-care-spune-ca-se-va-ascunde-intr-un-buncar-secret-de-ce\\\/\"},\"wordCount\":222,\"commentCount\":0,\"publisher\":{\"@id\":\"https:\\\/\\\/www.lovendal.ro\\\/wp52\\\/#organization\"},\"image\":{\"@id\":\"https:\\\/\\\/www.lovendal.ro\\\/wp52\\\/fostul-rege-spaniol-juan-carlos-a-fugit-din-tara-exista-o-teorie-a-conspiratiei-care-spune-ca-se-va-ascunde-intr-un-buncar-secret-de-ce\\\/#primaryimage\"},\"thumbnailUrl\":\"https:\\\/\\\/www.lovendal.ro\\\/wp52\\\/wp-content\\\/uploads\\\/2020\\\/08\\\/Juan-Carlos-rege-Spania.jpg\",\"keywords\":[\"Apocalips\u0103\",\"bunc\u0103r\",\"Juan Carlos\",\"Politica-Economie-Geostrategie\",\"Portugalia\",\"rege\",\"Republica Dominican\u0103\",\"Spania\",\"trestie de zah\u0103r\"],\"articleSection\":[\"Politica-Economie-Geostrategie\"],\"inLanguage\":\"ro-RO\",\"potentialAction\":[{\"@type\":\"CommentAction\",\"name\":\"Comment\",\"target\":[\"https:\\\/\\\/www.lovendal.ro\\\/wp52\\\/fostul-rege-spaniol-juan-carlos-a-fugit-din-tara-exista-o-teorie-a-conspiratiei-care-spune-ca-se-va-ascunde-intr-un-buncar-secret-de-ce\\\/#respond\"]}]},{\"@type\":\"WebPage\",\"@id\":\"https:\\\/\\\/www.lovendal.ro\\\/wp52\\\/fostul-rege-spaniol-juan-carlos-a-fugit-din-tara-exista-o-teorie-a-conspiratiei-care-spune-ca-se-va-ascunde-intr-un-buncar-secret-de-ce\\\/\",\"url\":\"https:\\\/\\\/www.lovendal.ro\\\/wp52\\\/fostul-rege-spaniol-juan-carlos-a-fugit-din-tara-exista-o-teorie-a-conspiratiei-care-spune-ca-se-va-ascunde-intr-un-buncar-secret-de-ce\\\/\",\"name\":\"Fostul rege spaniol, Juan Carlos, a fugit din \u0163ar\u0103. Exist\u0103 o teorie a conspira\u0163iei care spune c\u0103 se va ascunde \u00eentr-un bunc\u0103r secret. De ce? - Secretele lui Lovendal\",\"isPartOf\":{\"@id\":\"https:\\\/\\\/www.lovendal.ro\\\/wp52\\\/#website\"},\"primaryImageOfPage\":{\"@id\":\"https:\\\/\\\/www.lovendal.ro\\\/wp52\\\/fostul-rege-spaniol-juan-carlos-a-fugit-din-tara-exista-o-teorie-a-conspiratiei-care-spune-ca-se-va-ascunde-intr-un-buncar-secret-de-ce\\\/#primaryimage\"},\"image\":{\"@id\":\"https:\\\/\\\/www.lovendal.ro\\\/wp52\\\/fostul-rege-spaniol-juan-carlos-a-fugit-din-tara-exista-o-teorie-a-conspiratiei-care-spune-ca-se-va-ascunde-intr-un-buncar-secret-de-ce\\\/#primaryimage\"},\"thumbnailUrl\":\"https:\\\/\\\/www.lovendal.ro\\\/wp52\\\/wp-content\\\/uploads\\\/2020\\\/08\\\/Juan-Carlos-rege-Spania.jpg\",\"datePublished\":\"2020-08-04T19:36:07+00:00\",\"breadcrumb\":{\"@id\":\"https:\\\/\\\/www.lovendal.ro\\\/wp52\\\/fostul-rege-spaniol-juan-carlos-a-fugit-din-tara-exista-o-teorie-a-conspiratiei-care-spune-ca-se-va-ascunde-intr-un-buncar-secret-de-ce\\\/#breadcrumb\"},\"inLanguage\":\"ro-RO\",\"potentialAction\":[{\"@type\":\"ReadAction\",\"target\":[\"https:\\\/\\\/www.lovendal.ro\\\/wp52\\\/fostul-rege-spaniol-juan-carlos-a-fugit-din-tara-exista-o-teorie-a-conspiratiei-care-spune-ca-se-va-ascunde-intr-un-buncar-secret-de-ce\\\/\"]}]},{\"@type\":\"ImageObject\",\"inLanguage\":\"ro-RO\",\"@id\":\"https:\\\/\\\/www.lovendal.ro\\\/wp52\\\/fostul-rege-spaniol-juan-carlos-a-fugit-din-tara-exista-o-teorie-a-conspiratiei-care-spune-ca-se-va-ascunde-intr-un-buncar-secret-de-ce\\\/#primaryimage\",\"url\":\"https:\\\/\\\/www.lovendal.ro\\\/wp52\\\/wp-content\\\/uploads\\\/2020\\\/08\\\/Juan-Carlos-rege-Spania.jpg\",\"contentUrl\":\"https:\\\/\\\/www.lovendal.ro\\\/wp52\\\/wp-content\\\/uploads\\\/2020\\\/08\\\/Juan-Carlos-rege-Spania.jpg\",\"width\":359,\"height\":278},{\"@type\":\"BreadcrumbList\",\"@id\":\"https:\\\/\\\/www.lovendal.ro\\\/wp52\\\/fostul-rege-spaniol-juan-carlos-a-fugit-din-tara-exista-o-teorie-a-conspiratiei-care-spune-ca-se-va-ascunde-intr-un-buncar-secret-de-ce\\\/#breadcrumb\",\"itemListElement\":[{\"@type\":\"ListItem\",\"position\":1,\"name\":\"Home\",\"item\":\"https:\\\/\\\/www.lovendal.ro\\\/wp52\\\/\"},{\"@type\":\"ListItem\",\"position\":2,\"name\":\"Fostul rege spaniol, Juan Carlos, a fugit din \u0163ar\u0103. Exist\u0103 o teorie a conspira\u0163iei care spune c\u0103 se va ascunde \u00eentr-un bunc\u0103r secret. De ce?\"}]},{\"@type\":\"WebSite\",\"@id\":\"https:\\\/\\\/www.lovendal.ro\\\/wp52\\\/#website\",\"url\":\"https:\\\/\\\/www.lovendal.ro\\\/wp52\\\/\",\"name\":\"Secretele lui Lovendal\",\"description\":\"Site de secrete, stiinta si metafizica - din 2008 -\",\"publisher\":{\"@id\":\"https:\\\/\\\/www.lovendal.ro\\\/wp52\\\/#organization\"},\"potentialAction\":[{\"@type\":\"SearchAction\",\"target\":{\"@type\":\"EntryPoint\",\"urlTemplate\":\"https:\\\/\\\/www.lovendal.ro\\\/wp52\\\/?s={search_term_string}\"},\"query-input\":{\"@type\":\"PropertyValueSpecification\",\"valueRequired\":true,\"valueName\":\"search_term_string\"}}],\"inLanguage\":\"ro-RO\"},{\"@type\":\"Organization\",\"@id\":\"https:\\\/\\\/www.lovendal.ro\\\/wp52\\\/#organization\",\"name\":\"Secretele lui Lovendal\",\"url\":\"https:\\\/\\\/www.lovendal.ro\\\/wp52\\\/\",\"logo\":{\"@type\":\"ImageObject\",\"inLanguage\":\"ro-RO\",\"@id\":\"https:\\\/\\\/www.lovendal.ro\\\/wp52\\\/#\\\/schema\\\/logo\\\/image\\\/\",\"url\":\"https:\\\/\\\/www.lovendal.ro\\\/wp52\\\/wp-content\\\/uploads\\\/2024\\\/06\\\/cropped-SLL-iun-2024-1.jpg\",\"contentUrl\":\"https:\\\/\\\/www.lovendal.ro\\\/wp52\\\/wp-content\\\/uploads\\\/2024\\\/06\\\/cropped-SLL-iun-2024-1.jpg\",\"width\":771,\"height\":240,\"caption\":\"Secretele lui Lovendal\"},\"image\":{\"@id\":\"https:\\\/\\\/www.lovendal.ro\\\/wp52\\\/#\\\/schema\\\/logo\\\/image\\\/\"},\"sameAs\":[\"https:\\\/\\\/www.facebook.com\\\/secreteleluilovendal\"]},{\"@type\":\"Person\",\"@id\":\"https:\\\/\\\/www.lovendal.ro\\\/wp52\\\/#\\\/schema\\\/person\\\/088691de5dfc346bb0c023e1e52ef5d9\",\"name\":\"admin\",\"image\":{\"@type\":\"ImageObject\",\"inLanguage\":\"ro-RO\",\"@id\":\"https:\\\/\\\/secure.gravatar.com\\\/avatar\\\/ecb9cd41f5f63c9c9b989999a59f6e2639a865ec361e9db054db0679a8f341c2?s=96&d=mm&r=g\",\"url\":\"https:\\\/\\\/secure.gravatar.com\\\/avatar\\\/ecb9cd41f5f63c9c9b989999a59f6e2639a865ec361e9db054db0679a8f341c2?s=96&d=mm&r=g\",\"contentUrl\":\"https:\\\/\\\/secure.gravatar.com\\\/avatar\\\/ecb9cd41f5f63c9c9b989999a59f6e2639a865ec361e9db054db0679a8f341c2?s=96&d=mm&r=g\",\"caption\":\"admin\"},\"sameAs\":[\"https:\\\/\\\/www.lovendal.ro\\\/wp52\"]}]}<\/script>\n<!-- \/ Yoast SEO Premium plugin. -->","yoast_head_json":{"title":"Fostul rege spaniol, Juan Carlos, a fugit din \u0163ar\u0103. Exist\u0103 o teorie a conspira\u0163iei care spune c\u0103 se va ascunde \u00eentr-un bunc\u0103r secret. De ce? - Secretele lui Lovendal","robots":{"index":"index","follow":"follow","max-snippet":"max-snippet:-1","max-image-preview":"max-image-preview:large","max-video-preview":"max-video-preview:-1"},"canonical":"https:\/\/www.lovendal.ro\/wp52\/fostul-rege-spaniol-juan-carlos-a-fugit-din-tara-exista-o-teorie-a-conspiratiei-care-spune-ca-se-va-ascunde-intr-un-buncar-secret-de-ce\/","og_locale":"ro_RO","og_type":"article","og_title":"Fostul rege spaniol, Juan Carlos, a fugit din \u0163ar\u0103. Exist\u0103 o teorie a conspira\u0163iei care spune c\u0103 se va ascunde \u00eentr-un bunc\u0103r secret. De ce?","og_description":"\u015etirea esen\u0163ial\u0103 a \u00eenceputului lunii august 2020 mi se pare a fi fuga din Spania a regelui (mai exact, fostul rege) acestei \u0163\u0103ri, Juan Carlos. El a plecat din Spania duminic\u0103 (2 august 2020), cu ma\u0219ina, c\u0103tre Portugalia, de unde ... Cititi mai multe","og_url":"https:\/\/www.lovendal.ro\/wp52\/fostul-rege-spaniol-juan-carlos-a-fugit-din-tara-exista-o-teorie-a-conspiratiei-care-spune-ca-se-va-ascunde-intr-un-buncar-secret-de-ce\/","og_site_name":"Secretele lui Lovendal","article_publisher":"https:\/\/www.facebook.com\/secreteleluilovendal","article_published_time":"2020-08-04T19:36:07+00:00","og_image":[{"width":359,"height":278,"url":"https:\/\/www.lovendal.ro\/wp52\/wp-content\/uploads\/2020\/08\/Juan-Carlos-rege-Spania.jpg","type":"image\/jpeg"}],"author":"admin","twitter_card":"summary_large_image","twitter_misc":{"Scris de":"admin","Timp estimat pentru citire":"1 minut"},"schema":{"@context":"https:\/\/schema.org","@graph":[{"@type":"Article","@id":"https:\/\/www.lovendal.ro\/wp52\/fostul-rege-spaniol-juan-carlos-a-fugit-din-tara-exista-o-teorie-a-conspiratiei-care-spune-ca-se-va-ascunde-intr-un-buncar-secret-de-ce\/#article","isPartOf":{"@id":"https:\/\/www.lovendal.ro\/wp52\/fostul-rege-spaniol-juan-carlos-a-fugit-din-tara-exista-o-teorie-a-conspiratiei-care-spune-ca-se-va-ascunde-intr-un-buncar-secret-de-ce\/"},"author":{"name":"admin","@id":"https:\/\/www.lovendal.ro\/wp52\/#\/schema\/person\/088691de5dfc346bb0c023e1e52ef5d9"},"headline":"Fostul rege spaniol, Juan Carlos, a fugit din \u0163ar\u0103. Exist\u0103 o teorie a conspira\u0163iei care spune c\u0103 se va ascunde \u00eentr-un bunc\u0103r secret. De ce?","datePublished":"2020-08-04T19:36:07+00:00","mainEntityOfPage":{"@id":"https:\/\/www.lovendal.ro\/wp52\/fostul-rege-spaniol-juan-carlos-a-fugit-din-tara-exista-o-teorie-a-conspiratiei-care-spune-ca-se-va-ascunde-intr-un-buncar-secret-de-ce\/"},"wordCount":222,"commentCount":0,"publisher":{"@id":"https:\/\/www.lovendal.ro\/wp52\/#organization"},"image":{"@id":"https:\/\/www.lovendal.ro\/wp52\/fostul-rege-spaniol-juan-carlos-a-fugit-din-tara-exista-o-teorie-a-conspiratiei-care-spune-ca-se-va-ascunde-intr-un-buncar-secret-de-ce\/#primaryimage"},"thumbnailUrl":"https:\/\/www.lovendal.ro\/wp52\/wp-content\/uploads\/2020\/08\/Juan-Carlos-rege-Spania.jpg","keywords":["Apocalips\u0103","bunc\u0103r","Juan Carlos","Politica-Economie-Geostrategie","Portugalia","rege","Republica Dominican\u0103","Spania","trestie de zah\u0103r"],"articleSection":["Politica-Economie-Geostrategie"],"inLanguage":"ro-RO","potentialAction":[{"@type":"CommentAction","name":"Comment","target":["https:\/\/www.lovendal.ro\/wp52\/fostul-rege-spaniol-juan-carlos-a-fugit-din-tara-exista-o-teorie-a-conspiratiei-care-spune-ca-se-va-ascunde-intr-un-buncar-secret-de-ce\/#respond"]}]},{"@type":"WebPage","@id":"https:\/\/www.lovendal.ro\/wp52\/fostul-rege-spaniol-juan-carlos-a-fugit-din-tara-exista-o-teorie-a-conspiratiei-care-spune-ca-se-va-ascunde-intr-un-buncar-secret-de-ce\/","url":"https:\/\/www.lovendal.ro\/wp52\/fostul-rege-spaniol-juan-carlos-a-fugit-din-tara-exista-o-teorie-a-conspiratiei-care-spune-ca-se-va-ascunde-intr-un-buncar-secret-de-ce\/","name":"Fostul rege spaniol, Juan Carlos, a fugit din \u0163ar\u0103. Exist\u0103 o teorie a conspira\u0163iei care spune c\u0103 se va ascunde \u00eentr-un bunc\u0103r secret. De ce? - Secretele lui Lovendal","isPartOf":{"@id":"https:\/\/www.lovendal.ro\/wp52\/#website"},"primaryImageOfPage":{"@id":"https:\/\/www.lovendal.ro\/wp52\/fostul-rege-spaniol-juan-carlos-a-fugit-din-tara-exista-o-teorie-a-conspiratiei-care-spune-ca-se-va-ascunde-intr-un-buncar-secret-de-ce\/#primaryimage"},"image":{"@id":"https:\/\/www.lovendal.ro\/wp52\/fostul-rege-spaniol-juan-carlos-a-fugit-din-tara-exista-o-teorie-a-conspiratiei-care-spune-ca-se-va-ascunde-intr-un-buncar-secret-de-ce\/#primaryimage"},"thumbnailUrl":"https:\/\/www.lovendal.ro\/wp52\/wp-content\/uploads\/2020\/08\/Juan-Carlos-rege-Spania.jpg","datePublished":"2020-08-04T19:36:07+00:00","breadcrumb":{"@id":"https:\/\/www.lovendal.ro\/wp52\/fostul-rege-spaniol-juan-carlos-a-fugit-din-tara-exista-o-teorie-a-conspiratiei-care-spune-ca-se-va-ascunde-intr-un-buncar-secret-de-ce\/#breadcrumb"},"inLanguage":"ro-RO","potentialAction":[{"@type":"ReadAction","target":["https:\/\/www.lovendal.ro\/wp52\/fostul-rege-spaniol-juan-carlos-a-fugit-din-tara-exista-o-teorie-a-conspiratiei-care-spune-ca-se-va-ascunde-intr-un-buncar-secret-de-ce\/"]}]},{"@type":"ImageObject","inLanguage":"ro-RO","@id":"https:\/\/www.lovendal.ro\/wp52\/fostul-rege-spaniol-juan-carlos-a-fugit-din-tara-exista-o-teorie-a-conspiratiei-care-spune-ca-se-va-ascunde-intr-un-buncar-secret-de-ce\/#primaryimage","url":"https:\/\/www.lovendal.ro\/wp52\/wp-content\/uploads\/2020\/08\/Juan-Carlos-rege-Spania.jpg","contentUrl":"https:\/\/www.lovendal.ro\/wp52\/wp-content\/uploads\/2020\/08\/Juan-Carlos-rege-Spania.jpg","width":359,"height":278},{"@type":"BreadcrumbList","@id":"https:\/\/www.lovendal.ro\/wp52\/fostul-rege-spaniol-juan-carlos-a-fugit-din-tara-exista-o-teorie-a-conspiratiei-care-spune-ca-se-va-ascunde-intr-un-buncar-secret-de-ce\/#breadcrumb","itemListElement":[{"@type":"ListItem","position":1,"name":"Home","item":"https:\/\/www.lovendal.ro\/wp52\/"},{"@type":"ListItem","position":2,"name":"Fostul rege spaniol, Juan Carlos, a fugit din \u0163ar\u0103. Exist\u0103 o teorie a conspira\u0163iei care spune c\u0103 se va ascunde \u00eentr-un bunc\u0103r secret. De ce?"}]},{"@type":"WebSite","@id":"https:\/\/www.lovendal.ro\/wp52\/#website","url":"https:\/\/www.lovendal.ro\/wp52\/","name":"Secretele lui Lovendal","description":"Site de secrete, stiinta si metafizica - din 2008 -","publisher":{"@id":"https:\/\/www.lovendal.ro\/wp52\/#organization"},"potentialAction":[{"@type":"SearchAction","target":{"@type":"EntryPoint","urlTemplate":"https:\/\/www.lovendal.ro\/wp52\/?s={search_term_string}"},"query-input":{"@type":"PropertyValueSpecification","valueRequired":true,"valueName":"search_term_string"}}],"inLanguage":"ro-RO"},{"@type":"Organization","@id":"https:\/\/www.lovendal.ro\/wp52\/#organization","name":"Secretele lui Lovendal","url":"https:\/\/www.lovendal.ro\/wp52\/","logo":{"@type":"ImageObject","inLanguage":"ro-RO","@id":"https:\/\/www.lovendal.ro\/wp52\/#\/schema\/logo\/image\/","url":"https:\/\/www.lovendal.ro\/wp52\/wp-content\/uploads\/2024\/06\/cropped-SLL-iun-2024-1.jpg","contentUrl":"https:\/\/www.lovendal.ro\/wp52\/wp-content\/uploads\/2024\/06\/cropped-SLL-iun-2024-1.jpg","width":771,"height":240,"caption":"Secretele lui Lovendal"},"image":{"@id":"https:\/\/www.lovendal.ro\/wp52\/#\/schema\/logo\/image\/"},"sameAs":["https:\/\/www.facebook.com\/secreteleluilovendal"]},{"@type":"Person","@id":"https:\/\/www.lovendal.ro\/wp52\/#\/schema\/person\/088691de5dfc346bb0c023e1e52ef5d9","name":"admin","image":{"@type":"ImageObject","inLanguage":"ro-RO","@id":"https:\/\/secure.gravatar.com\/avatar\/ecb9cd41f5f63c9c9b989999a59f6e2639a865ec361e9db054db0679a8f341c2?s=96&d=mm&r=g","url":"https:\/\/secure.gravatar.com\/avatar\/ecb9cd41f5f63c9c9b989999a59f6e2639a865ec361e9db054db0679a8f341c2?s=96&d=mm&r=g","contentUrl":"https:\/\/secure.gravatar.com\/avatar\/ecb9cd41f5f63c9c9b989999a59f6e2639a865ec361e9db054db0679a8f341c2?s=96&d=mm&r=g","caption":"admin"},"sameAs":["https:\/\/www.lovendal.ro\/wp52"]}]}},"_links":{"self":[{"href":"https:\/\/www.lovendal.ro\/wp52\/wp-json\/wp\/v2\/posts\/71082","targetHints":{"allow":["GET"]}}],"collection":[{"href":"https:\/\/www.lovendal.ro\/wp52\/wp-json\/wp\/v2\/posts"}],"about":[{"href":"https:\/\/www.lovendal.ro\/wp52\/wp-json\/wp\/v2\/types\/post"}],"author":[{"embeddable":true,"href":"https:\/\/www.lovendal.ro\/wp52\/wp-json\/wp\/v2\/users\/1"}],"replies":[{"embeddable":true,"href":"https:\/\/www.lovendal.ro\/wp52\/wp-json\/wp\/v2\/comments?post=71082"}],"version-history":[{"count":0,"href":"https:\/\/www.lovendal.ro\/wp52\/wp-json\/wp\/v2\/posts\/71082\/revisions"}],"wp:featuredmedia":[{"embeddable":true,"href":"https:\/\/www.lovendal.ro\/wp52\/wp-json\/wp\/v2\/media\/71083"}],"wp:attachment":[{"href":"https:\/\/www.lovendal.ro\/wp52\/wp-json\/wp\/v2\/media?parent=71082"}],"wp:term":[{"taxonomy":"category","embeddable":true,"href":"https:\/\/www.lovendal.ro\/wp52\/wp-json\/wp\/v2\/categories?post=71082"},{"taxonomy":"post_tag","embeddable":true,"href":"https:\/\/www.lovendal.ro\/wp52\/wp-json\/wp\/v2\/tags?post=71082"}],"curies":[{"name":"wp","href":"https:\/\/api.w.org\/{rel}","templated":true}]}}