{"id":70866,"date":"2020-07-26T23:59:02","date_gmt":"2020-07-26T20:59:02","guid":{"rendered":"https:\/\/www.lovendal.ro\/wp52\/?p=70866"},"modified":"2024-04-18T14:47:36","modified_gmt":"2024-04-18T11:47:36","slug":"romania-ar-fi-putut-avea-un-alt-conducator-in-locul-lui-cuza-sau-a-regelui-carol-i-pe-generalul-germano-rus-emile-de-sayn-wittgenstein-berleburg","status":"publish","type":"post","link":"https:\/\/www.lovendal.ro\/wp52\/romania-ar-fi-putut-avea-un-alt-conducator-in-locul-lui-cuza-sau-a-regelui-carol-i-pe-generalul-germano-rus-emile-de-sayn-wittgenstein-berleburg\/","title":{"rendered":"\u00cen 1856, Rom\u00e2nia ar fi putut avea un alt conduc\u0103tor \u00een locul lui Cuza sau al regelui Carol I &#8211; pe generalul germano-rus Emile de Sayn-Wittgenstein-Berleburg"},"content":{"rendered":"<p><a href=\"https:\/\/www.lovendal.ro\/wp52\/wp-content\/uploads\/2020\/07\/Romania-generalul-Emile.jpg\"><img loading=\"lazy\" decoding=\"async\" class=\"alignleft size-full wp-image-70867\" src=\"https:\/\/www.lovendal.ro\/wp52\/wp-content\/uploads\/2020\/07\/Romania-generalul-Emile.jpg\" alt=\"\" width=\"346\" height=\"286\" srcset=\"https:\/\/www.lovendal.ro\/wp52\/wp-content\/uploads\/2020\/07\/Romania-generalul-Emile.jpg 346w, https:\/\/www.lovendal.ro\/wp52\/wp-content\/uploads\/2020\/07\/Romania-generalul-Emile-300x248.jpg 300w\" sizes=\"auto, (max-width: 346px) 100vw, 346px\" \/><\/a>\u00cen anul 1856 s-a semnat celebrul &#8222;Tratat de la Paris&#8221; care a pus cap\u0103t &#8222;r\u0103zboiului Crimeii&#8221; dintre Rusia (pe de-o parte) \u015fi Imperiul Otoman \/ Marea Britanie \u015fi Fran\u0163a (pe de alt\u0103 parte). \u00cen aceast\u0103 perioad\u0103 se punea tot mai des problema unirii celor dou\u0103 principate rom\u00e2ne (Moldova \u015fi \u0162ara Rom\u00e2neasc\u0103), ca urmare a reconfigur\u0103rii h\u0103r\u0163ii Europei de c\u0103tre marile puteri.<\/p>\n<p>\u00cen cancelariile europene se vorbea despre aducerea pe tronul noului principat al Rom\u00e2niei unite a unui principe str\u0103in. Existau mai multe variante, iar una dintre ele era luat\u0103 \u00een considerare: principele german Emile de Sayn-Wittgenstein-Berleburg, ofi\u0163er \u00een Armata Rusiei. Acesta se \u00eensurase la Ia\u015fi \u00een vara anului 1856 cu Pulheria Cantacuzino, din ramura Pa\u015fcanu a marii familii boiere\u015fti moldovene\u015fti \/ valahe Cantacuzino. Aceast\u0103 Pulheria avea \u015fi s\u00e2nge domnesc \u00een ea (era str\u0103moa\u015fa domnitorului moldovean Constantin Cantemir Vod\u0103), a\u015fa c\u0103 principele Emile ar fi avut, prin alian\u0163\u0103, drepturi asupra conducerii noului stat european.<\/p>\n<p>Emile de Sayn-Wittgenstein-Berleburg a fost inspector general al spitalelor de r\u0103zboi \u00een timpul R\u0103zboiului Crimeii, dovedindu-\u015fi bune calit\u0103\u0163i organizatorice. El a f\u0103cut parte din delega\u0163ia Rusia care a discutat condi\u0163iile de pace de la Paris \u00een 1856, acolo cunosc\u00e2nd-o pe viitoarea so\u0163ie, Pulheria Cantacuzino.<\/p>\n<p>Aceast\u0103 posibilitate de a deveni viitorul domn al Rom\u00e2niei se pare c\u0103 l-a tentat pe t\u00e2n\u0103rul so\u0163 al Pulheriei. Din coresponden\u0163a cu p\u0103rin\u0163ii, cu marele duce de Saxa-Weimar \u015fi cu prieteni influen\u0163i din Rusia, deducem c\u0103 ideea \u00eel preocupa \u015fi o discuta adesea. Din motive \u00eenc\u0103 necunoscute (dar, se pare c\u0103 o discu\u0163ie cu regele Prusiei l-a descurajat), principele Wittgenstein a renun\u0163at la idee. Mai t\u00e2rziu, unirea rom\u00e2nilor s-a \u00eenf\u0103ptuit sub conducerea lui Alexandru Ioan Cuza.<\/p>\n<p>Mai t\u00e2rziu, Emile a ob\u0163inut titlul de general. Din 1865, \u00eencepe s\u0103 se discute revocarea lui Cuza, marea boierime fiind profund nemul\u0163umit\u0103 de reformele radicale \u00eenf\u0103ptuite de principele Cuza. Emile e interesat din nou de candida la tronul Rom\u00e2niei. \u00centr-o scrisoare adresat\u0103 Pulheriei, \u00een 9 iulie 1865, el \u00eei schi\u0163a so\u0163iei sale un adev\u0103rat plan de guvernare, angaj\u00e2ndu-se ca \u00een c\u00e2\u0163iva ani s\u0103 transforme \u0163ara.<\/p>\n<p>Totu\u015fi, \u00een mai pu\u0163in de o lun\u0103, Emile Wittgenstein \u00ee\u015fi pierdea so\u0163ia, aceasta murind din cauza bolii de pl\u0103m\u00e2ni de care suferea. Dup\u0103 moartea ei, principele Wittgenstein s-a retras din armata rus\u0103, consacr\u00e2ndu-se administr\u0103rii averii r\u0103mase fiicei lor, Lucia. Apoi, s-a retras definitiv \u00een via\u0163a privat\u0103.<\/p>\n<p>Dup\u0103 declan\u015farea r\u0103zboiului ruso-turc din 1877, a revenit \u00een armata rus\u0103, dar, \u00eenainte de terminarea conflictului, s\u0103n\u0103tatea lui s-a deteriorat \u015fi a murit \u00een toamna anului 1878.<\/p>\n<p>Oare dac\u0103 \u00een locul lui Cuza sau a regelui Carol I, l-am fi avut conduc\u0103tor pe generalul germano-rus Emile, cum ar fi ar\u0103tat Rom\u00e2nia ast\u0103zi?<\/p>\n","protected":false},"excerpt":{"rendered":"<p>\u00cen anul 1856 s-a semnat celebrul &#8222;Tratat de la Paris&#8221; care a pus cap\u0103t &#8222;r\u0103zboiului Crimeii&#8221; dintre Rusia (pe de-o parte) \u015fi Imperiul Otoman \/ Marea Britanie \u015fi Fran\u0163a (pe de alt\u0103 parte). \u00cen aceast\u0103 perioad\u0103 se punea tot mai &#8230; <\/p>\n<p class=\"read-more-container\"><a title=\"\u00cen 1856, Rom\u00e2nia ar fi putut avea un alt conduc\u0103tor \u00een locul lui Cuza sau al regelui Carol I &#8211; pe generalul germano-rus Emile de Sayn-Wittgenstein-Berleburg\" class=\"read-more button\" href=\"https:\/\/www.lovendal.ro\/wp52\/romania-ar-fi-putut-avea-un-alt-conducator-in-locul-lui-cuza-sau-a-regelui-carol-i-pe-generalul-germano-rus-emile-de-sayn-wittgenstein-berleburg\/#more-70866\" aria-label=\"Cite\u0219te mai multe despre \u00cen 1856, Rom\u00e2nia ar fi putut avea un alt conduc\u0103tor \u00een locul lui Cuza sau al regelui Carol I &#8211; pe generalul germano-rus Emile de Sayn-Wittgenstein-Berleburg\">Cititi mai multe<\/a><\/p>\n","protected":false},"author":1,"featured_media":70867,"comment_status":"open","ping_status":"open","sticky":false,"template":"","format":"standard","meta":{"footnotes":""},"categories":[9],"tags":[70,226,9836,408,5060,9052,765,15114,341,202,5264,720,329,549,1532,392,108,377,836,3847,13792,331,73,15113,453,74,48,611,228],"class_list":["post-70866","post","type-post","status-publish","format-standard","has-post-thumbnail","hentry","category-istorie","tag-armata","tag-boieri","tag-cantacuzino","tag-carol-i","tag-constantin-cantemir","tag-cuza","tag-duce","tag-emile-de-sayn-wittgenstein-berleburg","tag-europa","tag-franta","tag-general","tag-harta","tag-iasi","tag-imperiul-otoman","tag-istorie-si-civilizatii","tag-marea-britanie","tag-moarte","tag-moldova","tag-paris","tag-plamani","tag-principe","tag-prusia","tag-razboi","tag-razboiul-crimeii","tag-rege","tag-romania","tag-rusia","tag-scrisoare","tag-tara-romaneasca","resize-featured-image"],"yoast_head":"<!-- This site is optimized with the Yoast SEO Premium plugin v23.3 (Yoast SEO v27.4) - https:\/\/yoast.com\/product\/yoast-seo-premium-wordpress\/ -->\n<title>\u00cen 1856, Rom\u00e2nia ar fi putut avea un alt conduc\u0103tor \u00een locul lui Cuza sau al regelui Carol I - pe generalul germano-rus Emile de Sayn-Wittgenstein-Berleburg - Secretele lui Lovendal<\/title>\n<meta name=\"robots\" content=\"index, follow, max-snippet:-1, max-image-preview:large, max-video-preview:-1\" \/>\n<link rel=\"canonical\" href=\"https:\/\/www.lovendal.ro\/wp52\/romania-ar-fi-putut-avea-un-alt-conducator-in-locul-lui-cuza-sau-a-regelui-carol-i-pe-generalul-germano-rus-emile-de-sayn-wittgenstein-berleburg\/\" \/>\n<meta property=\"og:locale\" content=\"ro_RO\" \/>\n<meta property=\"og:type\" content=\"article\" \/>\n<meta property=\"og:title\" content=\"\u00cen 1856, Rom\u00e2nia ar fi putut avea un alt conduc\u0103tor \u00een locul lui Cuza sau al regelui Carol I - pe generalul germano-rus Emile de Sayn-Wittgenstein-Berleburg\" \/>\n<meta property=\"og:description\" content=\"\u00cen anul 1856 s-a semnat celebrul &#8222;Tratat de la Paris&#8221; care a pus cap\u0103t &#8222;r\u0103zboiului Crimeii&#8221; dintre Rusia (pe de-o parte) \u015fi Imperiul Otoman \/ Marea Britanie \u015fi Fran\u0163a (pe de alt\u0103 parte). \u00cen aceast\u0103 perioad\u0103 se punea tot mai ... Cititi mai multe\" \/>\n<meta property=\"og:url\" content=\"https:\/\/www.lovendal.ro\/wp52\/romania-ar-fi-putut-avea-un-alt-conducator-in-locul-lui-cuza-sau-a-regelui-carol-i-pe-generalul-germano-rus-emile-de-sayn-wittgenstein-berleburg\/\" \/>\n<meta property=\"og:site_name\" content=\"Secretele lui Lovendal\" \/>\n<meta property=\"article:publisher\" content=\"https:\/\/www.facebook.com\/secreteleluilovendal\" \/>\n<meta property=\"article:published_time\" content=\"2020-07-26T20:59:02+00:00\" \/>\n<meta property=\"article:modified_time\" content=\"2024-04-18T11:47:36+00:00\" \/>\n<meta property=\"og:image\" content=\"https:\/\/www.lovendal.ro\/wp52\/wp-content\/uploads\/2020\/07\/Romania-generalul-Emile.jpg\" \/>\n\t<meta property=\"og:image:width\" content=\"346\" \/>\n\t<meta property=\"og:image:height\" content=\"286\" \/>\n\t<meta property=\"og:image:type\" content=\"image\/jpeg\" \/>\n<meta name=\"author\" content=\"admin\" \/>\n<meta name=\"twitter:card\" content=\"summary_large_image\" \/>\n<meta name=\"twitter:label1\" content=\"Scris de\" \/>\n\t<meta name=\"twitter:data1\" content=\"admin\" \/>\n\t<meta name=\"twitter:label2\" content=\"Timp estimat pentru citire\" \/>\n\t<meta name=\"twitter:data2\" content=\"2 minute\" \/>\n<script type=\"application\/ld+json\" class=\"yoast-schema-graph\">{\"@context\":\"https:\\\/\\\/schema.org\",\"@graph\":[{\"@type\":\"Article\",\"@id\":\"https:\\\/\\\/www.lovendal.ro\\\/wp52\\\/romania-ar-fi-putut-avea-un-alt-conducator-in-locul-lui-cuza-sau-a-regelui-carol-i-pe-generalul-germano-rus-emile-de-sayn-wittgenstein-berleburg\\\/#article\",\"isPartOf\":{\"@id\":\"https:\\\/\\\/www.lovendal.ro\\\/wp52\\\/romania-ar-fi-putut-avea-un-alt-conducator-in-locul-lui-cuza-sau-a-regelui-carol-i-pe-generalul-germano-rus-emile-de-sayn-wittgenstein-berleburg\\\/\"},\"author\":{\"name\":\"admin\",\"@id\":\"https:\\\/\\\/www.lovendal.ro\\\/wp52\\\/#\\\/schema\\\/person\\\/088691de5dfc346bb0c023e1e52ef5d9\"},\"headline\":\"\u00cen 1856, Rom\u00e2nia ar fi putut avea un alt conduc\u0103tor \u00een locul lui Cuza sau al regelui Carol I &#8211; pe generalul germano-rus Emile de Sayn-Wittgenstein-Berleburg\",\"datePublished\":\"2020-07-26T20:59:02+00:00\",\"dateModified\":\"2024-04-18T11:47:36+00:00\",\"mainEntityOfPage\":{\"@id\":\"https:\\\/\\\/www.lovendal.ro\\\/wp52\\\/romania-ar-fi-putut-avea-un-alt-conducator-in-locul-lui-cuza-sau-a-regelui-carol-i-pe-generalul-germano-rus-emile-de-sayn-wittgenstein-berleburg\\\/\"},\"wordCount\":521,\"commentCount\":0,\"publisher\":{\"@id\":\"https:\\\/\\\/www.lovendal.ro\\\/wp52\\\/#organization\"},\"image\":{\"@id\":\"https:\\\/\\\/www.lovendal.ro\\\/wp52\\\/romania-ar-fi-putut-avea-un-alt-conducator-in-locul-lui-cuza-sau-a-regelui-carol-i-pe-generalul-germano-rus-emile-de-sayn-wittgenstein-berleburg\\\/#primaryimage\"},\"thumbnailUrl\":\"https:\\\/\\\/www.lovendal.ro\\\/wp52\\\/wp-content\\\/uploads\\\/2020\\\/07\\\/Romania-generalul-Emile.jpg\",\"keywords\":[\"armat\u0103\",\"boieri\",\"Cantacuzino\",\"Carol I\",\"Constantin Cantemir\",\"Cuza\",\"duce\",\"Emile de Sayn-Wittgenstein-Berleburg\",\"Europa\",\"Fran\u0163a\",\"general\",\"hart\u0103\",\"Ia\u015fi\",\"Imperiul Otoman\",\"Istorie si Civilizatii\",\"Marea Britanie\",\"moarte\",\"Moldova\",\"Paris\",\"pl\u0103m\u00e2ni\",\"principe\",\"Prusia\",\"r\u0103zboi\",\"r\u0103zboiul Crimeii\",\"rege\",\"Rom\u00e2nia\",\"Rusia\",\"scrisoare\",\"\u0162ara Rom\u00e2neasc\u0103\"],\"articleSection\":[\"Istorie si Civilizatii\"],\"inLanguage\":\"ro-RO\",\"potentialAction\":[{\"@type\":\"CommentAction\",\"name\":\"Comment\",\"target\":[\"https:\\\/\\\/www.lovendal.ro\\\/wp52\\\/romania-ar-fi-putut-avea-un-alt-conducator-in-locul-lui-cuza-sau-a-regelui-carol-i-pe-generalul-germano-rus-emile-de-sayn-wittgenstein-berleburg\\\/#respond\"]}]},{\"@type\":\"WebPage\",\"@id\":\"https:\\\/\\\/www.lovendal.ro\\\/wp52\\\/romania-ar-fi-putut-avea-un-alt-conducator-in-locul-lui-cuza-sau-a-regelui-carol-i-pe-generalul-germano-rus-emile-de-sayn-wittgenstein-berleburg\\\/\",\"url\":\"https:\\\/\\\/www.lovendal.ro\\\/wp52\\\/romania-ar-fi-putut-avea-un-alt-conducator-in-locul-lui-cuza-sau-a-regelui-carol-i-pe-generalul-germano-rus-emile-de-sayn-wittgenstein-berleburg\\\/\",\"name\":\"\u00cen 1856, Rom\u00e2nia ar fi putut avea un alt conduc\u0103tor \u00een locul lui Cuza sau al regelui Carol I - pe generalul germano-rus Emile de Sayn-Wittgenstein-Berleburg - Secretele lui Lovendal\",\"isPartOf\":{\"@id\":\"https:\\\/\\\/www.lovendal.ro\\\/wp52\\\/#website\"},\"primaryImageOfPage\":{\"@id\":\"https:\\\/\\\/www.lovendal.ro\\\/wp52\\\/romania-ar-fi-putut-avea-un-alt-conducator-in-locul-lui-cuza-sau-a-regelui-carol-i-pe-generalul-germano-rus-emile-de-sayn-wittgenstein-berleburg\\\/#primaryimage\"},\"image\":{\"@id\":\"https:\\\/\\\/www.lovendal.ro\\\/wp52\\\/romania-ar-fi-putut-avea-un-alt-conducator-in-locul-lui-cuza-sau-a-regelui-carol-i-pe-generalul-germano-rus-emile-de-sayn-wittgenstein-berleburg\\\/#primaryimage\"},\"thumbnailUrl\":\"https:\\\/\\\/www.lovendal.ro\\\/wp52\\\/wp-content\\\/uploads\\\/2020\\\/07\\\/Romania-generalul-Emile.jpg\",\"datePublished\":\"2020-07-26T20:59:02+00:00\",\"dateModified\":\"2024-04-18T11:47:36+00:00\",\"breadcrumb\":{\"@id\":\"https:\\\/\\\/www.lovendal.ro\\\/wp52\\\/romania-ar-fi-putut-avea-un-alt-conducator-in-locul-lui-cuza-sau-a-regelui-carol-i-pe-generalul-germano-rus-emile-de-sayn-wittgenstein-berleburg\\\/#breadcrumb\"},\"inLanguage\":\"ro-RO\",\"potentialAction\":[{\"@type\":\"ReadAction\",\"target\":[\"https:\\\/\\\/www.lovendal.ro\\\/wp52\\\/romania-ar-fi-putut-avea-un-alt-conducator-in-locul-lui-cuza-sau-a-regelui-carol-i-pe-generalul-germano-rus-emile-de-sayn-wittgenstein-berleburg\\\/\"]}]},{\"@type\":\"ImageObject\",\"inLanguage\":\"ro-RO\",\"@id\":\"https:\\\/\\\/www.lovendal.ro\\\/wp52\\\/romania-ar-fi-putut-avea-un-alt-conducator-in-locul-lui-cuza-sau-a-regelui-carol-i-pe-generalul-germano-rus-emile-de-sayn-wittgenstein-berleburg\\\/#primaryimage\",\"url\":\"https:\\\/\\\/www.lovendal.ro\\\/wp52\\\/wp-content\\\/uploads\\\/2020\\\/07\\\/Romania-generalul-Emile.jpg\",\"contentUrl\":\"https:\\\/\\\/www.lovendal.ro\\\/wp52\\\/wp-content\\\/uploads\\\/2020\\\/07\\\/Romania-generalul-Emile.jpg\",\"width\":346,\"height\":286},{\"@type\":\"BreadcrumbList\",\"@id\":\"https:\\\/\\\/www.lovendal.ro\\\/wp52\\\/romania-ar-fi-putut-avea-un-alt-conducator-in-locul-lui-cuza-sau-a-regelui-carol-i-pe-generalul-germano-rus-emile-de-sayn-wittgenstein-berleburg\\\/#breadcrumb\",\"itemListElement\":[{\"@type\":\"ListItem\",\"position\":1,\"name\":\"Home\",\"item\":\"https:\\\/\\\/www.lovendal.ro\\\/wp52\\\/\"},{\"@type\":\"ListItem\",\"position\":2,\"name\":\"\u00cen 1856, Rom\u00e2nia ar fi putut avea un alt conduc\u0103tor \u00een locul lui Cuza sau al regelui Carol I &#8211; pe generalul germano-rus Emile de Sayn-Wittgenstein-Berleburg\"}]},{\"@type\":\"WebSite\",\"@id\":\"https:\\\/\\\/www.lovendal.ro\\\/wp52\\\/#website\",\"url\":\"https:\\\/\\\/www.lovendal.ro\\\/wp52\\\/\",\"name\":\"Secretele lui Lovendal\",\"description\":\"Site de secrete, stiinta si metafizica - din 2008 -\",\"publisher\":{\"@id\":\"https:\\\/\\\/www.lovendal.ro\\\/wp52\\\/#organization\"},\"potentialAction\":[{\"@type\":\"SearchAction\",\"target\":{\"@type\":\"EntryPoint\",\"urlTemplate\":\"https:\\\/\\\/www.lovendal.ro\\\/wp52\\\/?s={search_term_string}\"},\"query-input\":{\"@type\":\"PropertyValueSpecification\",\"valueRequired\":true,\"valueName\":\"search_term_string\"}}],\"inLanguage\":\"ro-RO\"},{\"@type\":\"Organization\",\"@id\":\"https:\\\/\\\/www.lovendal.ro\\\/wp52\\\/#organization\",\"name\":\"Secretele lui Lovendal\",\"url\":\"https:\\\/\\\/www.lovendal.ro\\\/wp52\\\/\",\"logo\":{\"@type\":\"ImageObject\",\"inLanguage\":\"ro-RO\",\"@id\":\"https:\\\/\\\/www.lovendal.ro\\\/wp52\\\/#\\\/schema\\\/logo\\\/image\\\/\",\"url\":\"https:\\\/\\\/www.lovendal.ro\\\/wp52\\\/wp-content\\\/uploads\\\/2024\\\/06\\\/cropped-SLL-iun-2024-1.jpg\",\"contentUrl\":\"https:\\\/\\\/www.lovendal.ro\\\/wp52\\\/wp-content\\\/uploads\\\/2024\\\/06\\\/cropped-SLL-iun-2024-1.jpg\",\"width\":771,\"height\":240,\"caption\":\"Secretele lui Lovendal\"},\"image\":{\"@id\":\"https:\\\/\\\/www.lovendal.ro\\\/wp52\\\/#\\\/schema\\\/logo\\\/image\\\/\"},\"sameAs\":[\"https:\\\/\\\/www.facebook.com\\\/secreteleluilovendal\"]},{\"@type\":\"Person\",\"@id\":\"https:\\\/\\\/www.lovendal.ro\\\/wp52\\\/#\\\/schema\\\/person\\\/088691de5dfc346bb0c023e1e52ef5d9\",\"name\":\"admin\",\"image\":{\"@type\":\"ImageObject\",\"inLanguage\":\"ro-RO\",\"@id\":\"https:\\\/\\\/secure.gravatar.com\\\/avatar\\\/ecb9cd41f5f63c9c9b989999a59f6e2639a865ec361e9db054db0679a8f341c2?s=96&d=mm&r=g\",\"url\":\"https:\\\/\\\/secure.gravatar.com\\\/avatar\\\/ecb9cd41f5f63c9c9b989999a59f6e2639a865ec361e9db054db0679a8f341c2?s=96&d=mm&r=g\",\"contentUrl\":\"https:\\\/\\\/secure.gravatar.com\\\/avatar\\\/ecb9cd41f5f63c9c9b989999a59f6e2639a865ec361e9db054db0679a8f341c2?s=96&d=mm&r=g\",\"caption\":\"admin\"},\"sameAs\":[\"https:\\\/\\\/www.lovendal.ro\\\/wp52\"]}]}<\/script>\n<!-- \/ Yoast SEO Premium plugin. -->","yoast_head_json":{"title":"\u00cen 1856, Rom\u00e2nia ar fi putut avea un alt conduc\u0103tor \u00een locul lui Cuza sau al regelui Carol I - pe generalul germano-rus Emile de Sayn-Wittgenstein-Berleburg - Secretele lui Lovendal","robots":{"index":"index","follow":"follow","max-snippet":"max-snippet:-1","max-image-preview":"max-image-preview:large","max-video-preview":"max-video-preview:-1"},"canonical":"https:\/\/www.lovendal.ro\/wp52\/romania-ar-fi-putut-avea-un-alt-conducator-in-locul-lui-cuza-sau-a-regelui-carol-i-pe-generalul-germano-rus-emile-de-sayn-wittgenstein-berleburg\/","og_locale":"ro_RO","og_type":"article","og_title":"\u00cen 1856, Rom\u00e2nia ar fi putut avea un alt conduc\u0103tor \u00een locul lui Cuza sau al regelui Carol I - pe generalul germano-rus Emile de Sayn-Wittgenstein-Berleburg","og_description":"\u00cen anul 1856 s-a semnat celebrul &#8222;Tratat de la Paris&#8221; care a pus cap\u0103t &#8222;r\u0103zboiului Crimeii&#8221; dintre Rusia (pe de-o parte) \u015fi Imperiul Otoman \/ Marea Britanie \u015fi Fran\u0163a (pe de alt\u0103 parte). \u00cen aceast\u0103 perioad\u0103 se punea tot mai ... Cititi mai multe","og_url":"https:\/\/www.lovendal.ro\/wp52\/romania-ar-fi-putut-avea-un-alt-conducator-in-locul-lui-cuza-sau-a-regelui-carol-i-pe-generalul-germano-rus-emile-de-sayn-wittgenstein-berleburg\/","og_site_name":"Secretele lui Lovendal","article_publisher":"https:\/\/www.facebook.com\/secreteleluilovendal","article_published_time":"2020-07-26T20:59:02+00:00","article_modified_time":"2024-04-18T11:47:36+00:00","og_image":[{"width":346,"height":286,"url":"https:\/\/www.lovendal.ro\/wp52\/wp-content\/uploads\/2020\/07\/Romania-generalul-Emile.jpg","type":"image\/jpeg"}],"author":"admin","twitter_card":"summary_large_image","twitter_misc":{"Scris de":"admin","Timp estimat pentru citire":"2 minute"},"schema":{"@context":"https:\/\/schema.org","@graph":[{"@type":"Article","@id":"https:\/\/www.lovendal.ro\/wp52\/romania-ar-fi-putut-avea-un-alt-conducator-in-locul-lui-cuza-sau-a-regelui-carol-i-pe-generalul-germano-rus-emile-de-sayn-wittgenstein-berleburg\/#article","isPartOf":{"@id":"https:\/\/www.lovendal.ro\/wp52\/romania-ar-fi-putut-avea-un-alt-conducator-in-locul-lui-cuza-sau-a-regelui-carol-i-pe-generalul-germano-rus-emile-de-sayn-wittgenstein-berleburg\/"},"author":{"name":"admin","@id":"https:\/\/www.lovendal.ro\/wp52\/#\/schema\/person\/088691de5dfc346bb0c023e1e52ef5d9"},"headline":"\u00cen 1856, Rom\u00e2nia ar fi putut avea un alt conduc\u0103tor \u00een locul lui Cuza sau al regelui Carol I &#8211; pe generalul germano-rus Emile de Sayn-Wittgenstein-Berleburg","datePublished":"2020-07-26T20:59:02+00:00","dateModified":"2024-04-18T11:47:36+00:00","mainEntityOfPage":{"@id":"https:\/\/www.lovendal.ro\/wp52\/romania-ar-fi-putut-avea-un-alt-conducator-in-locul-lui-cuza-sau-a-regelui-carol-i-pe-generalul-germano-rus-emile-de-sayn-wittgenstein-berleburg\/"},"wordCount":521,"commentCount":0,"publisher":{"@id":"https:\/\/www.lovendal.ro\/wp52\/#organization"},"image":{"@id":"https:\/\/www.lovendal.ro\/wp52\/romania-ar-fi-putut-avea-un-alt-conducator-in-locul-lui-cuza-sau-a-regelui-carol-i-pe-generalul-germano-rus-emile-de-sayn-wittgenstein-berleburg\/#primaryimage"},"thumbnailUrl":"https:\/\/www.lovendal.ro\/wp52\/wp-content\/uploads\/2020\/07\/Romania-generalul-Emile.jpg","keywords":["armat\u0103","boieri","Cantacuzino","Carol I","Constantin Cantemir","Cuza","duce","Emile de Sayn-Wittgenstein-Berleburg","Europa","Fran\u0163a","general","hart\u0103","Ia\u015fi","Imperiul Otoman","Istorie si Civilizatii","Marea Britanie","moarte","Moldova","Paris","pl\u0103m\u00e2ni","principe","Prusia","r\u0103zboi","r\u0103zboiul Crimeii","rege","Rom\u00e2nia","Rusia","scrisoare","\u0162ara Rom\u00e2neasc\u0103"],"articleSection":["Istorie si Civilizatii"],"inLanguage":"ro-RO","potentialAction":[{"@type":"CommentAction","name":"Comment","target":["https:\/\/www.lovendal.ro\/wp52\/romania-ar-fi-putut-avea-un-alt-conducator-in-locul-lui-cuza-sau-a-regelui-carol-i-pe-generalul-germano-rus-emile-de-sayn-wittgenstein-berleburg\/#respond"]}]},{"@type":"WebPage","@id":"https:\/\/www.lovendal.ro\/wp52\/romania-ar-fi-putut-avea-un-alt-conducator-in-locul-lui-cuza-sau-a-regelui-carol-i-pe-generalul-germano-rus-emile-de-sayn-wittgenstein-berleburg\/","url":"https:\/\/www.lovendal.ro\/wp52\/romania-ar-fi-putut-avea-un-alt-conducator-in-locul-lui-cuza-sau-a-regelui-carol-i-pe-generalul-germano-rus-emile-de-sayn-wittgenstein-berleburg\/","name":"\u00cen 1856, Rom\u00e2nia ar fi putut avea un alt conduc\u0103tor \u00een locul lui Cuza sau al regelui Carol I - pe generalul germano-rus Emile de Sayn-Wittgenstein-Berleburg - Secretele lui Lovendal","isPartOf":{"@id":"https:\/\/www.lovendal.ro\/wp52\/#website"},"primaryImageOfPage":{"@id":"https:\/\/www.lovendal.ro\/wp52\/romania-ar-fi-putut-avea-un-alt-conducator-in-locul-lui-cuza-sau-a-regelui-carol-i-pe-generalul-germano-rus-emile-de-sayn-wittgenstein-berleburg\/#primaryimage"},"image":{"@id":"https:\/\/www.lovendal.ro\/wp52\/romania-ar-fi-putut-avea-un-alt-conducator-in-locul-lui-cuza-sau-a-regelui-carol-i-pe-generalul-germano-rus-emile-de-sayn-wittgenstein-berleburg\/#primaryimage"},"thumbnailUrl":"https:\/\/www.lovendal.ro\/wp52\/wp-content\/uploads\/2020\/07\/Romania-generalul-Emile.jpg","datePublished":"2020-07-26T20:59:02+00:00","dateModified":"2024-04-18T11:47:36+00:00","breadcrumb":{"@id":"https:\/\/www.lovendal.ro\/wp52\/romania-ar-fi-putut-avea-un-alt-conducator-in-locul-lui-cuza-sau-a-regelui-carol-i-pe-generalul-germano-rus-emile-de-sayn-wittgenstein-berleburg\/#breadcrumb"},"inLanguage":"ro-RO","potentialAction":[{"@type":"ReadAction","target":["https:\/\/www.lovendal.ro\/wp52\/romania-ar-fi-putut-avea-un-alt-conducator-in-locul-lui-cuza-sau-a-regelui-carol-i-pe-generalul-germano-rus-emile-de-sayn-wittgenstein-berleburg\/"]}]},{"@type":"ImageObject","inLanguage":"ro-RO","@id":"https:\/\/www.lovendal.ro\/wp52\/romania-ar-fi-putut-avea-un-alt-conducator-in-locul-lui-cuza-sau-a-regelui-carol-i-pe-generalul-germano-rus-emile-de-sayn-wittgenstein-berleburg\/#primaryimage","url":"https:\/\/www.lovendal.ro\/wp52\/wp-content\/uploads\/2020\/07\/Romania-generalul-Emile.jpg","contentUrl":"https:\/\/www.lovendal.ro\/wp52\/wp-content\/uploads\/2020\/07\/Romania-generalul-Emile.jpg","width":346,"height":286},{"@type":"BreadcrumbList","@id":"https:\/\/www.lovendal.ro\/wp52\/romania-ar-fi-putut-avea-un-alt-conducator-in-locul-lui-cuza-sau-a-regelui-carol-i-pe-generalul-germano-rus-emile-de-sayn-wittgenstein-berleburg\/#breadcrumb","itemListElement":[{"@type":"ListItem","position":1,"name":"Home","item":"https:\/\/www.lovendal.ro\/wp52\/"},{"@type":"ListItem","position":2,"name":"\u00cen 1856, Rom\u00e2nia ar fi putut avea un alt conduc\u0103tor \u00een locul lui Cuza sau al regelui Carol I &#8211; pe generalul germano-rus Emile de Sayn-Wittgenstein-Berleburg"}]},{"@type":"WebSite","@id":"https:\/\/www.lovendal.ro\/wp52\/#website","url":"https:\/\/www.lovendal.ro\/wp52\/","name":"Secretele lui Lovendal","description":"Site de secrete, stiinta si metafizica - din 2008 -","publisher":{"@id":"https:\/\/www.lovendal.ro\/wp52\/#organization"},"potentialAction":[{"@type":"SearchAction","target":{"@type":"EntryPoint","urlTemplate":"https:\/\/www.lovendal.ro\/wp52\/?s={search_term_string}"},"query-input":{"@type":"PropertyValueSpecification","valueRequired":true,"valueName":"search_term_string"}}],"inLanguage":"ro-RO"},{"@type":"Organization","@id":"https:\/\/www.lovendal.ro\/wp52\/#organization","name":"Secretele lui Lovendal","url":"https:\/\/www.lovendal.ro\/wp52\/","logo":{"@type":"ImageObject","inLanguage":"ro-RO","@id":"https:\/\/www.lovendal.ro\/wp52\/#\/schema\/logo\/image\/","url":"https:\/\/www.lovendal.ro\/wp52\/wp-content\/uploads\/2024\/06\/cropped-SLL-iun-2024-1.jpg","contentUrl":"https:\/\/www.lovendal.ro\/wp52\/wp-content\/uploads\/2024\/06\/cropped-SLL-iun-2024-1.jpg","width":771,"height":240,"caption":"Secretele lui Lovendal"},"image":{"@id":"https:\/\/www.lovendal.ro\/wp52\/#\/schema\/logo\/image\/"},"sameAs":["https:\/\/www.facebook.com\/secreteleluilovendal"]},{"@type":"Person","@id":"https:\/\/www.lovendal.ro\/wp52\/#\/schema\/person\/088691de5dfc346bb0c023e1e52ef5d9","name":"admin","image":{"@type":"ImageObject","inLanguage":"ro-RO","@id":"https:\/\/secure.gravatar.com\/avatar\/ecb9cd41f5f63c9c9b989999a59f6e2639a865ec361e9db054db0679a8f341c2?s=96&d=mm&r=g","url":"https:\/\/secure.gravatar.com\/avatar\/ecb9cd41f5f63c9c9b989999a59f6e2639a865ec361e9db054db0679a8f341c2?s=96&d=mm&r=g","contentUrl":"https:\/\/secure.gravatar.com\/avatar\/ecb9cd41f5f63c9c9b989999a59f6e2639a865ec361e9db054db0679a8f341c2?s=96&d=mm&r=g","caption":"admin"},"sameAs":["https:\/\/www.lovendal.ro\/wp52"]}]}},"_links":{"self":[{"href":"https:\/\/www.lovendal.ro\/wp52\/wp-json\/wp\/v2\/posts\/70866","targetHints":{"allow":["GET"]}}],"collection":[{"href":"https:\/\/www.lovendal.ro\/wp52\/wp-json\/wp\/v2\/posts"}],"about":[{"href":"https:\/\/www.lovendal.ro\/wp52\/wp-json\/wp\/v2\/types\/post"}],"author":[{"embeddable":true,"href":"https:\/\/www.lovendal.ro\/wp52\/wp-json\/wp\/v2\/users\/1"}],"replies":[{"embeddable":true,"href":"https:\/\/www.lovendal.ro\/wp52\/wp-json\/wp\/v2\/comments?post=70866"}],"version-history":[{"count":1,"href":"https:\/\/www.lovendal.ro\/wp52\/wp-json\/wp\/v2\/posts\/70866\/revisions"}],"predecessor-version":[{"id":90318,"href":"https:\/\/www.lovendal.ro\/wp52\/wp-json\/wp\/v2\/posts\/70866\/revisions\/90318"}],"wp:featuredmedia":[{"embeddable":true,"href":"https:\/\/www.lovendal.ro\/wp52\/wp-json\/wp\/v2\/media\/70867"}],"wp:attachment":[{"href":"https:\/\/www.lovendal.ro\/wp52\/wp-json\/wp\/v2\/media?parent=70866"}],"wp:term":[{"taxonomy":"category","embeddable":true,"href":"https:\/\/www.lovendal.ro\/wp52\/wp-json\/wp\/v2\/categories?post=70866"},{"taxonomy":"post_tag","embeddable":true,"href":"https:\/\/www.lovendal.ro\/wp52\/wp-json\/wp\/v2\/tags?post=70866"}],"curies":[{"name":"wp","href":"https:\/\/api.w.org\/{rel}","templated":true}]}}