{"id":70633,"date":"2020-07-19T21:21:05","date_gmt":"2020-07-19T18:21:05","guid":{"rendered":"https:\/\/www.lovendal.ro\/wp52\/?p=70633"},"modified":"2020-07-19T21:21:05","modified_gmt":"2020-07-19T18:21:05","slug":"in-timp-ce-lumea-saraceste-din-cauza-pandemiei-jeff-bezos-cel-mai-bogat-de-pe-planeta-ar-putea-ajunge-trilionar-peste-6-ani","status":"publish","type":"post","link":"https:\/\/www.lovendal.ro\/wp52\/in-timp-ce-lumea-saraceste-din-cauza-pandemiei-jeff-bezos-cel-mai-bogat-de-pe-planeta-ar-putea-ajunge-trilionar-peste-6-ani\/","title":{"rendered":"\u00cen timp ce lumea s\u0103r\u0103ce\u015fte din cauza pandemiei, Jeff Bezos, cel mai bogat de pe planet\u0103, ar putea ajunge TRILIONAR peste 6 ani"},"content":{"rendered":"<p><a href=\"https:\/\/www.lovendal.ro\/wp52\/wp-content\/uploads\/2020\/07\/Jeff-Bezos-Amazon.jpg\"><img loading=\"lazy\" decoding=\"async\" class=\"alignleft size-full wp-image-70634\" src=\"https:\/\/www.lovendal.ro\/wp52\/wp-content\/uploads\/2020\/07\/Jeff-Bezos-Amazon.jpg\" alt=\"\" width=\"358\" height=\"231\" srcset=\"https:\/\/www.lovendal.ro\/wp52\/wp-content\/uploads\/2020\/07\/Jeff-Bezos-Amazon.jpg 358w, https:\/\/www.lovendal.ro\/wp52\/wp-content\/uploads\/2020\/07\/Jeff-Bezos-Amazon-300x194.jpg 300w\" sizes=\"auto, (max-width: 358px) 100vw, 358px\" \/><\/a>Pentru majoritatea oamenilor din \u00eentreaga lume, pandemia de coronavirus \u0219i m\u0103surile de blocare a economiei luate de autorit\u0103\u0163i au fost distrug\u0103toare. Nenum\u0103rate afaceri mici \u015fi mijlocii s-au confruntat cu falimentul, \u00een timp ce rata \u0219omajului a crescut foarte mult \u00een mai multe \u0163\u0103ri ale lumii. Drept rezultat, mul\u0163i oameni au s\u0103r\u0103cit. \u00cens\u0103 unii s-au \u00eembog\u0103\u0163it, ca multi-miliardarul \u015fi pre\u015fedintele lui Amazon, Jeff Bezos, cel mai bogat om de pe planet\u0103 &#8211; criza de s\u0103n\u0103tate nef\u0103c\u00e2nd altceva dec\u00e2t s\u0103 \u00eei vin\u0103 \u015fi mai mul\u0163i bani.<\/p>\n<p>A\u015fadar, aceast\u0103 criz\u0103 a coronavirusului a m\u0103rit decalajul de bog\u0103\u021bie dintre oamenii obi\u0219nui\u021bi \u0219i cei foarte boga\u021bi. Iar pentru megamiliardarul Jeff Bezos, cel mai bogat om de pe planet\u0103, a c\u0103rei avere net\u0103 este estimat\u0103 la 143 miliarde de dolari, criza de s\u0103n\u0103tate din lume nu a f\u0103cut dec\u00e2t s\u0103-l \u00eembog\u0103\u021beasc\u0103 \u015fi mai mult. Iar acum, fondatorul Amazon are cele mai mari \u015fanse s\u0103 devin\u0103 primul trilionar din lume (adic\u0103 s\u0103 de\u0163in\u0103 1.000 de miliarde de dolari), potrivit platformei de afaceri <a href=\"https:\/\/www.comparisun.com\/resources\/the-trillion-dollar-club\/\" target=\"_blank\" rel=\"noopener noreferrer\"><strong>Comparisun<\/strong><\/a>.<\/p>\n<p>Acest site previzioneaz\u0103 c\u0103 Bezos va atinge statutul de trilionar p\u00e2n\u0103 \u00een 2026, c\u00e2nd va \u00eemplini 62 de ani. S-a ajuns la acest rezultat dup\u0103 ce s-a proiectat procentul mediu de cre\u0219tere anual\u0103 din ultimii 5 ani, care s-a aplicat apoi anilor urm\u0103tori. Conform cifrelor companiei, averea net\u0103 a lui Bezos a crescut \u00een medie cu 34% \u00een ultimii 5 ani. Numai \u00een ultimul an, averea sa a sporit cu peste 28 de miliarde de dolari.<\/p>\n<p>Amazon a prosperat \u00een timpul pandemiei, pentru c\u0103 mul\u0163i oameni au preferat s\u0103 fac\u0103 cump\u0103r\u0103turi online, \u00een timpul crizei de coronavirus. \u0218tirile despre Bezos, care ar putea deveni trilionar \u00een 2026, au f\u0103cut rumoare pe Twitter \u0219i pe alte platforme de socializare.<\/p>\n","protected":false},"excerpt":{"rendered":"<p>Pentru majoritatea oamenilor din \u00eentreaga lume, pandemia de coronavirus \u0219i m\u0103surile de blocare a economiei luate de autorit\u0103\u0163i au fost distrug\u0103toare. Nenum\u0103rate afaceri mici \u015fi mijlocii s-au confruntat cu falimentul, \u00een timp ce rata \u0219omajului a crescut foarte mult \u00een &#8230; <\/p>\n<p class=\"read-more-container\"><a title=\"\u00cen timp ce lumea s\u0103r\u0103ce\u015fte din cauza pandemiei, Jeff Bezos, cel mai bogat de pe planet\u0103, ar putea ajunge TRILIONAR peste 6 ani\" class=\"read-more button\" href=\"https:\/\/www.lovendal.ro\/wp52\/in-timp-ce-lumea-saraceste-din-cauza-pandemiei-jeff-bezos-cel-mai-bogat-de-pe-planeta-ar-putea-ajunge-trilionar-peste-6-ani\/#more-70633\" aria-label=\"Cite\u0219te mai multe despre \u00cen timp ce lumea s\u0103r\u0103ce\u015fte din cauza pandemiei, Jeff Bezos, cel mai bogat de pe planet\u0103, ar putea ajunge TRILIONAR peste 6 ani\">Cititi mai multe<\/a><\/p>\n","protected":false},"author":1,"featured_media":70634,"comment_status":"closed","ping_status":"open","sticky":false,"template":"","format":"standard","meta":{"footnotes":""},"categories":[18],"tags":[9797,3133,3967,1433,14126,115,2514,13700,7208,4723,2904,4474],"class_list":["post-70633","post","type-post","status-publish","format-standard","has-post-thumbnail","hentry","category-afaceri","tag-afaceri","tag-amazon","tag-avere","tag-bani","tag-coronavirus","tag-dolari","tag-faliment","tag-jeff-bezos","tag-miliardar","tag-pandemie","tag-somaj","tag-twitter","resize-featured-image"],"yoast_head":"<!-- This site is optimized with the Yoast SEO Premium plugin v23.3 (Yoast SEO v27.4) - https:\/\/yoast.com\/product\/yoast-seo-premium-wordpress\/ -->\n<title>\u00cen timp ce lumea s\u0103r\u0103ce\u015fte din cauza pandemiei, Jeff Bezos, cel mai bogat de pe planet\u0103, ar putea ajunge TRILIONAR peste 6 ani - Secretele lui Lovendal<\/title>\n<meta name=\"robots\" content=\"index, follow, max-snippet:-1, max-image-preview:large, max-video-preview:-1\" \/>\n<link rel=\"canonical\" href=\"https:\/\/www.lovendal.ro\/wp52\/in-timp-ce-lumea-saraceste-din-cauza-pandemiei-jeff-bezos-cel-mai-bogat-de-pe-planeta-ar-putea-ajunge-trilionar-peste-6-ani\/\" \/>\n<meta property=\"og:locale\" content=\"ro_RO\" \/>\n<meta property=\"og:type\" content=\"article\" \/>\n<meta property=\"og:title\" content=\"\u00cen timp ce lumea s\u0103r\u0103ce\u015fte din cauza pandemiei, Jeff Bezos, cel mai bogat de pe planet\u0103, ar putea ajunge TRILIONAR peste 6 ani\" \/>\n<meta property=\"og:description\" content=\"Pentru majoritatea oamenilor din \u00eentreaga lume, pandemia de coronavirus \u0219i m\u0103surile de blocare a economiei luate de autorit\u0103\u0163i au fost distrug\u0103toare. Nenum\u0103rate afaceri mici \u015fi mijlocii s-au confruntat cu falimentul, \u00een timp ce rata \u0219omajului a crescut foarte mult \u00een ... Cititi mai multe\" \/>\n<meta property=\"og:url\" content=\"https:\/\/www.lovendal.ro\/wp52\/in-timp-ce-lumea-saraceste-din-cauza-pandemiei-jeff-bezos-cel-mai-bogat-de-pe-planeta-ar-putea-ajunge-trilionar-peste-6-ani\/\" \/>\n<meta property=\"og:site_name\" content=\"Secretele lui Lovendal\" \/>\n<meta property=\"article:publisher\" content=\"https:\/\/www.facebook.com\/secreteleluilovendal\" \/>\n<meta property=\"article:published_time\" content=\"2020-07-19T18:21:05+00:00\" \/>\n<meta property=\"og:image\" content=\"https:\/\/www.lovendal.ro\/wp52\/wp-content\/uploads\/2020\/07\/Jeff-Bezos-Amazon.jpg\" \/>\n\t<meta property=\"og:image:width\" content=\"358\" \/>\n\t<meta property=\"og:image:height\" content=\"231\" \/>\n\t<meta property=\"og:image:type\" content=\"image\/jpeg\" \/>\n<meta name=\"author\" content=\"admin\" \/>\n<meta name=\"twitter:card\" content=\"summary_large_image\" \/>\n<meta name=\"twitter:label1\" content=\"Scris de\" \/>\n\t<meta name=\"twitter:data1\" content=\"admin\" \/>\n\t<meta name=\"twitter:label2\" content=\"Timp estimat pentru citire\" \/>\n\t<meta name=\"twitter:data2\" content=\"2 minute\" \/>\n<script type=\"application\/ld+json\" class=\"yoast-schema-graph\">{\"@context\":\"https:\\\/\\\/schema.org\",\"@graph\":[{\"@type\":\"Article\",\"@id\":\"https:\\\/\\\/www.lovendal.ro\\\/wp52\\\/in-timp-ce-lumea-saraceste-din-cauza-pandemiei-jeff-bezos-cel-mai-bogat-de-pe-planeta-ar-putea-ajunge-trilionar-peste-6-ani\\\/#article\",\"isPartOf\":{\"@id\":\"https:\\\/\\\/www.lovendal.ro\\\/wp52\\\/in-timp-ce-lumea-saraceste-din-cauza-pandemiei-jeff-bezos-cel-mai-bogat-de-pe-planeta-ar-putea-ajunge-trilionar-peste-6-ani\\\/\"},\"author\":{\"name\":\"admin\",\"@id\":\"https:\\\/\\\/www.lovendal.ro\\\/wp52\\\/#\\\/schema\\\/person\\\/088691de5dfc346bb0c023e1e52ef5d9\"},\"headline\":\"\u00cen timp ce lumea s\u0103r\u0103ce\u015fte din cauza pandemiei, Jeff Bezos, cel mai bogat de pe planet\u0103, ar putea ajunge TRILIONAR peste 6 ani\",\"datePublished\":\"2020-07-19T18:21:05+00:00\",\"mainEntityOfPage\":{\"@id\":\"https:\\\/\\\/www.lovendal.ro\\\/wp52\\\/in-timp-ce-lumea-saraceste-din-cauza-pandemiei-jeff-bezos-cel-mai-bogat-de-pe-planeta-ar-putea-ajunge-trilionar-peste-6-ani\\\/\"},\"wordCount\":337,\"publisher\":{\"@id\":\"https:\\\/\\\/www.lovendal.ro\\\/wp52\\\/#organization\"},\"image\":{\"@id\":\"https:\\\/\\\/www.lovendal.ro\\\/wp52\\\/in-timp-ce-lumea-saraceste-din-cauza-pandemiei-jeff-bezos-cel-mai-bogat-de-pe-planeta-ar-putea-ajunge-trilionar-peste-6-ani\\\/#primaryimage\"},\"thumbnailUrl\":\"https:\\\/\\\/www.lovendal.ro\\\/wp52\\\/wp-content\\\/uploads\\\/2020\\\/07\\\/Jeff-Bezos-Amazon.jpg\",\"keywords\":[\"Afaceri\",\"Amazon\",\"avere\",\"bani\",\"coronavirus\",\"dolari\",\"faliment\",\"Jeff Bezos\",\"miliardar\",\"pandemie\",\"\u015fomaj\",\"Twitter\"],\"articleSection\":[\"Afaceri\"],\"inLanguage\":\"ro-RO\"},{\"@type\":\"WebPage\",\"@id\":\"https:\\\/\\\/www.lovendal.ro\\\/wp52\\\/in-timp-ce-lumea-saraceste-din-cauza-pandemiei-jeff-bezos-cel-mai-bogat-de-pe-planeta-ar-putea-ajunge-trilionar-peste-6-ani\\\/\",\"url\":\"https:\\\/\\\/www.lovendal.ro\\\/wp52\\\/in-timp-ce-lumea-saraceste-din-cauza-pandemiei-jeff-bezos-cel-mai-bogat-de-pe-planeta-ar-putea-ajunge-trilionar-peste-6-ani\\\/\",\"name\":\"\u00cen timp ce lumea s\u0103r\u0103ce\u015fte din cauza pandemiei, Jeff Bezos, cel mai bogat de pe planet\u0103, ar putea ajunge TRILIONAR peste 6 ani - Secretele lui Lovendal\",\"isPartOf\":{\"@id\":\"https:\\\/\\\/www.lovendal.ro\\\/wp52\\\/#website\"},\"primaryImageOfPage\":{\"@id\":\"https:\\\/\\\/www.lovendal.ro\\\/wp52\\\/in-timp-ce-lumea-saraceste-din-cauza-pandemiei-jeff-bezos-cel-mai-bogat-de-pe-planeta-ar-putea-ajunge-trilionar-peste-6-ani\\\/#primaryimage\"},\"image\":{\"@id\":\"https:\\\/\\\/www.lovendal.ro\\\/wp52\\\/in-timp-ce-lumea-saraceste-din-cauza-pandemiei-jeff-bezos-cel-mai-bogat-de-pe-planeta-ar-putea-ajunge-trilionar-peste-6-ani\\\/#primaryimage\"},\"thumbnailUrl\":\"https:\\\/\\\/www.lovendal.ro\\\/wp52\\\/wp-content\\\/uploads\\\/2020\\\/07\\\/Jeff-Bezos-Amazon.jpg\",\"datePublished\":\"2020-07-19T18:21:05+00:00\",\"breadcrumb\":{\"@id\":\"https:\\\/\\\/www.lovendal.ro\\\/wp52\\\/in-timp-ce-lumea-saraceste-din-cauza-pandemiei-jeff-bezos-cel-mai-bogat-de-pe-planeta-ar-putea-ajunge-trilionar-peste-6-ani\\\/#breadcrumb\"},\"inLanguage\":\"ro-RO\",\"potentialAction\":[{\"@type\":\"ReadAction\",\"target\":[\"https:\\\/\\\/www.lovendal.ro\\\/wp52\\\/in-timp-ce-lumea-saraceste-din-cauza-pandemiei-jeff-bezos-cel-mai-bogat-de-pe-planeta-ar-putea-ajunge-trilionar-peste-6-ani\\\/\"]}]},{\"@type\":\"ImageObject\",\"inLanguage\":\"ro-RO\",\"@id\":\"https:\\\/\\\/www.lovendal.ro\\\/wp52\\\/in-timp-ce-lumea-saraceste-din-cauza-pandemiei-jeff-bezos-cel-mai-bogat-de-pe-planeta-ar-putea-ajunge-trilionar-peste-6-ani\\\/#primaryimage\",\"url\":\"https:\\\/\\\/www.lovendal.ro\\\/wp52\\\/wp-content\\\/uploads\\\/2020\\\/07\\\/Jeff-Bezos-Amazon.jpg\",\"contentUrl\":\"https:\\\/\\\/www.lovendal.ro\\\/wp52\\\/wp-content\\\/uploads\\\/2020\\\/07\\\/Jeff-Bezos-Amazon.jpg\",\"width\":358,\"height\":231},{\"@type\":\"BreadcrumbList\",\"@id\":\"https:\\\/\\\/www.lovendal.ro\\\/wp52\\\/in-timp-ce-lumea-saraceste-din-cauza-pandemiei-jeff-bezos-cel-mai-bogat-de-pe-planeta-ar-putea-ajunge-trilionar-peste-6-ani\\\/#breadcrumb\",\"itemListElement\":[{\"@type\":\"ListItem\",\"position\":1,\"name\":\"Home\",\"item\":\"https:\\\/\\\/www.lovendal.ro\\\/wp52\\\/\"},{\"@type\":\"ListItem\",\"position\":2,\"name\":\"\u00cen timp ce lumea s\u0103r\u0103ce\u015fte din cauza pandemiei, Jeff Bezos, cel mai bogat de pe planet\u0103, ar putea ajunge TRILIONAR peste 6 ani\"}]},{\"@type\":\"WebSite\",\"@id\":\"https:\\\/\\\/www.lovendal.ro\\\/wp52\\\/#website\",\"url\":\"https:\\\/\\\/www.lovendal.ro\\\/wp52\\\/\",\"name\":\"Secretele lui Lovendal\",\"description\":\"Site de secrete, stiinta si metafizica - din 2008 -\",\"publisher\":{\"@id\":\"https:\\\/\\\/www.lovendal.ro\\\/wp52\\\/#organization\"},\"potentialAction\":[{\"@type\":\"SearchAction\",\"target\":{\"@type\":\"EntryPoint\",\"urlTemplate\":\"https:\\\/\\\/www.lovendal.ro\\\/wp52\\\/?s={search_term_string}\"},\"query-input\":{\"@type\":\"PropertyValueSpecification\",\"valueRequired\":true,\"valueName\":\"search_term_string\"}}],\"inLanguage\":\"ro-RO\"},{\"@type\":\"Organization\",\"@id\":\"https:\\\/\\\/www.lovendal.ro\\\/wp52\\\/#organization\",\"name\":\"Secretele lui Lovendal\",\"url\":\"https:\\\/\\\/www.lovendal.ro\\\/wp52\\\/\",\"logo\":{\"@type\":\"ImageObject\",\"inLanguage\":\"ro-RO\",\"@id\":\"https:\\\/\\\/www.lovendal.ro\\\/wp52\\\/#\\\/schema\\\/logo\\\/image\\\/\",\"url\":\"https:\\\/\\\/www.lovendal.ro\\\/wp52\\\/wp-content\\\/uploads\\\/2024\\\/06\\\/cropped-SLL-iun-2024-1.jpg\",\"contentUrl\":\"https:\\\/\\\/www.lovendal.ro\\\/wp52\\\/wp-content\\\/uploads\\\/2024\\\/06\\\/cropped-SLL-iun-2024-1.jpg\",\"width\":771,\"height\":240,\"caption\":\"Secretele lui Lovendal\"},\"image\":{\"@id\":\"https:\\\/\\\/www.lovendal.ro\\\/wp52\\\/#\\\/schema\\\/logo\\\/image\\\/\"},\"sameAs\":[\"https:\\\/\\\/www.facebook.com\\\/secreteleluilovendal\"]},{\"@type\":\"Person\",\"@id\":\"https:\\\/\\\/www.lovendal.ro\\\/wp52\\\/#\\\/schema\\\/person\\\/088691de5dfc346bb0c023e1e52ef5d9\",\"name\":\"admin\",\"image\":{\"@type\":\"ImageObject\",\"inLanguage\":\"ro-RO\",\"@id\":\"https:\\\/\\\/secure.gravatar.com\\\/avatar\\\/ecb9cd41f5f63c9c9b989999a59f6e2639a865ec361e9db054db0679a8f341c2?s=96&d=mm&r=g\",\"url\":\"https:\\\/\\\/secure.gravatar.com\\\/avatar\\\/ecb9cd41f5f63c9c9b989999a59f6e2639a865ec361e9db054db0679a8f341c2?s=96&d=mm&r=g\",\"contentUrl\":\"https:\\\/\\\/secure.gravatar.com\\\/avatar\\\/ecb9cd41f5f63c9c9b989999a59f6e2639a865ec361e9db054db0679a8f341c2?s=96&d=mm&r=g\",\"caption\":\"admin\"},\"sameAs\":[\"https:\\\/\\\/www.lovendal.ro\\\/wp52\"]}]}<\/script>\n<!-- \/ Yoast SEO Premium plugin. -->","yoast_head_json":{"title":"\u00cen timp ce lumea s\u0103r\u0103ce\u015fte din cauza pandemiei, Jeff Bezos, cel mai bogat de pe planet\u0103, ar putea ajunge TRILIONAR peste 6 ani - Secretele lui Lovendal","robots":{"index":"index","follow":"follow","max-snippet":"max-snippet:-1","max-image-preview":"max-image-preview:large","max-video-preview":"max-video-preview:-1"},"canonical":"https:\/\/www.lovendal.ro\/wp52\/in-timp-ce-lumea-saraceste-din-cauza-pandemiei-jeff-bezos-cel-mai-bogat-de-pe-planeta-ar-putea-ajunge-trilionar-peste-6-ani\/","og_locale":"ro_RO","og_type":"article","og_title":"\u00cen timp ce lumea s\u0103r\u0103ce\u015fte din cauza pandemiei, Jeff Bezos, cel mai bogat de pe planet\u0103, ar putea ajunge TRILIONAR peste 6 ani","og_description":"Pentru majoritatea oamenilor din \u00eentreaga lume, pandemia de coronavirus \u0219i m\u0103surile de blocare a economiei luate de autorit\u0103\u0163i au fost distrug\u0103toare. Nenum\u0103rate afaceri mici \u015fi mijlocii s-au confruntat cu falimentul, \u00een timp ce rata \u0219omajului a crescut foarte mult \u00een ... Cititi mai multe","og_url":"https:\/\/www.lovendal.ro\/wp52\/in-timp-ce-lumea-saraceste-din-cauza-pandemiei-jeff-bezos-cel-mai-bogat-de-pe-planeta-ar-putea-ajunge-trilionar-peste-6-ani\/","og_site_name":"Secretele lui Lovendal","article_publisher":"https:\/\/www.facebook.com\/secreteleluilovendal","article_published_time":"2020-07-19T18:21:05+00:00","og_image":[{"width":358,"height":231,"url":"https:\/\/www.lovendal.ro\/wp52\/wp-content\/uploads\/2020\/07\/Jeff-Bezos-Amazon.jpg","type":"image\/jpeg"}],"author":"admin","twitter_card":"summary_large_image","twitter_misc":{"Scris de":"admin","Timp estimat pentru citire":"2 minute"},"schema":{"@context":"https:\/\/schema.org","@graph":[{"@type":"Article","@id":"https:\/\/www.lovendal.ro\/wp52\/in-timp-ce-lumea-saraceste-din-cauza-pandemiei-jeff-bezos-cel-mai-bogat-de-pe-planeta-ar-putea-ajunge-trilionar-peste-6-ani\/#article","isPartOf":{"@id":"https:\/\/www.lovendal.ro\/wp52\/in-timp-ce-lumea-saraceste-din-cauza-pandemiei-jeff-bezos-cel-mai-bogat-de-pe-planeta-ar-putea-ajunge-trilionar-peste-6-ani\/"},"author":{"name":"admin","@id":"https:\/\/www.lovendal.ro\/wp52\/#\/schema\/person\/088691de5dfc346bb0c023e1e52ef5d9"},"headline":"\u00cen timp ce lumea s\u0103r\u0103ce\u015fte din cauza pandemiei, Jeff Bezos, cel mai bogat de pe planet\u0103, ar putea ajunge TRILIONAR peste 6 ani","datePublished":"2020-07-19T18:21:05+00:00","mainEntityOfPage":{"@id":"https:\/\/www.lovendal.ro\/wp52\/in-timp-ce-lumea-saraceste-din-cauza-pandemiei-jeff-bezos-cel-mai-bogat-de-pe-planeta-ar-putea-ajunge-trilionar-peste-6-ani\/"},"wordCount":337,"publisher":{"@id":"https:\/\/www.lovendal.ro\/wp52\/#organization"},"image":{"@id":"https:\/\/www.lovendal.ro\/wp52\/in-timp-ce-lumea-saraceste-din-cauza-pandemiei-jeff-bezos-cel-mai-bogat-de-pe-planeta-ar-putea-ajunge-trilionar-peste-6-ani\/#primaryimage"},"thumbnailUrl":"https:\/\/www.lovendal.ro\/wp52\/wp-content\/uploads\/2020\/07\/Jeff-Bezos-Amazon.jpg","keywords":["Afaceri","Amazon","avere","bani","coronavirus","dolari","faliment","Jeff Bezos","miliardar","pandemie","\u015fomaj","Twitter"],"articleSection":["Afaceri"],"inLanguage":"ro-RO"},{"@type":"WebPage","@id":"https:\/\/www.lovendal.ro\/wp52\/in-timp-ce-lumea-saraceste-din-cauza-pandemiei-jeff-bezos-cel-mai-bogat-de-pe-planeta-ar-putea-ajunge-trilionar-peste-6-ani\/","url":"https:\/\/www.lovendal.ro\/wp52\/in-timp-ce-lumea-saraceste-din-cauza-pandemiei-jeff-bezos-cel-mai-bogat-de-pe-planeta-ar-putea-ajunge-trilionar-peste-6-ani\/","name":"\u00cen timp ce lumea s\u0103r\u0103ce\u015fte din cauza pandemiei, Jeff Bezos, cel mai bogat de pe planet\u0103, ar putea ajunge TRILIONAR peste 6 ani - Secretele lui Lovendal","isPartOf":{"@id":"https:\/\/www.lovendal.ro\/wp52\/#website"},"primaryImageOfPage":{"@id":"https:\/\/www.lovendal.ro\/wp52\/in-timp-ce-lumea-saraceste-din-cauza-pandemiei-jeff-bezos-cel-mai-bogat-de-pe-planeta-ar-putea-ajunge-trilionar-peste-6-ani\/#primaryimage"},"image":{"@id":"https:\/\/www.lovendal.ro\/wp52\/in-timp-ce-lumea-saraceste-din-cauza-pandemiei-jeff-bezos-cel-mai-bogat-de-pe-planeta-ar-putea-ajunge-trilionar-peste-6-ani\/#primaryimage"},"thumbnailUrl":"https:\/\/www.lovendal.ro\/wp52\/wp-content\/uploads\/2020\/07\/Jeff-Bezos-Amazon.jpg","datePublished":"2020-07-19T18:21:05+00:00","breadcrumb":{"@id":"https:\/\/www.lovendal.ro\/wp52\/in-timp-ce-lumea-saraceste-din-cauza-pandemiei-jeff-bezos-cel-mai-bogat-de-pe-planeta-ar-putea-ajunge-trilionar-peste-6-ani\/#breadcrumb"},"inLanguage":"ro-RO","potentialAction":[{"@type":"ReadAction","target":["https:\/\/www.lovendal.ro\/wp52\/in-timp-ce-lumea-saraceste-din-cauza-pandemiei-jeff-bezos-cel-mai-bogat-de-pe-planeta-ar-putea-ajunge-trilionar-peste-6-ani\/"]}]},{"@type":"ImageObject","inLanguage":"ro-RO","@id":"https:\/\/www.lovendal.ro\/wp52\/in-timp-ce-lumea-saraceste-din-cauza-pandemiei-jeff-bezos-cel-mai-bogat-de-pe-planeta-ar-putea-ajunge-trilionar-peste-6-ani\/#primaryimage","url":"https:\/\/www.lovendal.ro\/wp52\/wp-content\/uploads\/2020\/07\/Jeff-Bezos-Amazon.jpg","contentUrl":"https:\/\/www.lovendal.ro\/wp52\/wp-content\/uploads\/2020\/07\/Jeff-Bezos-Amazon.jpg","width":358,"height":231},{"@type":"BreadcrumbList","@id":"https:\/\/www.lovendal.ro\/wp52\/in-timp-ce-lumea-saraceste-din-cauza-pandemiei-jeff-bezos-cel-mai-bogat-de-pe-planeta-ar-putea-ajunge-trilionar-peste-6-ani\/#breadcrumb","itemListElement":[{"@type":"ListItem","position":1,"name":"Home","item":"https:\/\/www.lovendal.ro\/wp52\/"},{"@type":"ListItem","position":2,"name":"\u00cen timp ce lumea s\u0103r\u0103ce\u015fte din cauza pandemiei, Jeff Bezos, cel mai bogat de pe planet\u0103, ar putea ajunge TRILIONAR peste 6 ani"}]},{"@type":"WebSite","@id":"https:\/\/www.lovendal.ro\/wp52\/#website","url":"https:\/\/www.lovendal.ro\/wp52\/","name":"Secretele lui Lovendal","description":"Site de secrete, stiinta si metafizica - din 2008 -","publisher":{"@id":"https:\/\/www.lovendal.ro\/wp52\/#organization"},"potentialAction":[{"@type":"SearchAction","target":{"@type":"EntryPoint","urlTemplate":"https:\/\/www.lovendal.ro\/wp52\/?s={search_term_string}"},"query-input":{"@type":"PropertyValueSpecification","valueRequired":true,"valueName":"search_term_string"}}],"inLanguage":"ro-RO"},{"@type":"Organization","@id":"https:\/\/www.lovendal.ro\/wp52\/#organization","name":"Secretele lui Lovendal","url":"https:\/\/www.lovendal.ro\/wp52\/","logo":{"@type":"ImageObject","inLanguage":"ro-RO","@id":"https:\/\/www.lovendal.ro\/wp52\/#\/schema\/logo\/image\/","url":"https:\/\/www.lovendal.ro\/wp52\/wp-content\/uploads\/2024\/06\/cropped-SLL-iun-2024-1.jpg","contentUrl":"https:\/\/www.lovendal.ro\/wp52\/wp-content\/uploads\/2024\/06\/cropped-SLL-iun-2024-1.jpg","width":771,"height":240,"caption":"Secretele lui Lovendal"},"image":{"@id":"https:\/\/www.lovendal.ro\/wp52\/#\/schema\/logo\/image\/"},"sameAs":["https:\/\/www.facebook.com\/secreteleluilovendal"]},{"@type":"Person","@id":"https:\/\/www.lovendal.ro\/wp52\/#\/schema\/person\/088691de5dfc346bb0c023e1e52ef5d9","name":"admin","image":{"@type":"ImageObject","inLanguage":"ro-RO","@id":"https:\/\/secure.gravatar.com\/avatar\/ecb9cd41f5f63c9c9b989999a59f6e2639a865ec361e9db054db0679a8f341c2?s=96&d=mm&r=g","url":"https:\/\/secure.gravatar.com\/avatar\/ecb9cd41f5f63c9c9b989999a59f6e2639a865ec361e9db054db0679a8f341c2?s=96&d=mm&r=g","contentUrl":"https:\/\/secure.gravatar.com\/avatar\/ecb9cd41f5f63c9c9b989999a59f6e2639a865ec361e9db054db0679a8f341c2?s=96&d=mm&r=g","caption":"admin"},"sameAs":["https:\/\/www.lovendal.ro\/wp52"]}]}},"_links":{"self":[{"href":"https:\/\/www.lovendal.ro\/wp52\/wp-json\/wp\/v2\/posts\/70633","targetHints":{"allow":["GET"]}}],"collection":[{"href":"https:\/\/www.lovendal.ro\/wp52\/wp-json\/wp\/v2\/posts"}],"about":[{"href":"https:\/\/www.lovendal.ro\/wp52\/wp-json\/wp\/v2\/types\/post"}],"author":[{"embeddable":true,"href":"https:\/\/www.lovendal.ro\/wp52\/wp-json\/wp\/v2\/users\/1"}],"replies":[{"embeddable":true,"href":"https:\/\/www.lovendal.ro\/wp52\/wp-json\/wp\/v2\/comments?post=70633"}],"version-history":[{"count":0,"href":"https:\/\/www.lovendal.ro\/wp52\/wp-json\/wp\/v2\/posts\/70633\/revisions"}],"wp:featuredmedia":[{"embeddable":true,"href":"https:\/\/www.lovendal.ro\/wp52\/wp-json\/wp\/v2\/media\/70634"}],"wp:attachment":[{"href":"https:\/\/www.lovendal.ro\/wp52\/wp-json\/wp\/v2\/media?parent=70633"}],"wp:term":[{"taxonomy":"category","embeddable":true,"href":"https:\/\/www.lovendal.ro\/wp52\/wp-json\/wp\/v2\/categories?post=70633"},{"taxonomy":"post_tag","embeddable":true,"href":"https:\/\/www.lovendal.ro\/wp52\/wp-json\/wp\/v2\/tags?post=70633"}],"curies":[{"name":"wp","href":"https:\/\/api.w.org\/{rel}","templated":true}]}}