{"id":7062,"date":"2009-08-23T10:20:47","date_gmt":"2009-08-23T07:20:47","guid":{"rendered":"http:\/\/www.lovendal.net\/wp52\/?p=7062"},"modified":"2009-11-22T10:46:20","modified_gmt":"2009-11-22T08:46:20","slug":"adevarata-istorie-a-loviturii-de-stat-de-la-23-august-1944","status":"publish","type":"post","link":"https:\/\/www.lovendal.ro\/wp52\/adevarata-istorie-a-loviturii-de-stat-de-la-23-august-1944\/","title":{"rendered":"Adev\u0103rata istorie a loviturii de stat de la 23 august 1944"},"content":{"rendered":"<p><strong><a href=\"https:\/\/www.lovendal.ro\/wp52\/wp-content\/uploads\/2009\/08\/23-august-1944.jpg\"><img loading=\"lazy\" decoding=\"async\" class=\"alignleft size-full wp-image-7064\" title=\"23 august 1944\" src=\"https:\/\/www.lovendal.ro\/wp52\/wp-content\/uploads\/2009\/08\/23-august-1944.jpg\" alt=\"23 august 1944\" width=\"307\" height=\"280\" srcset=\"https:\/\/www.lovendal.ro\/wp52\/wp-content\/uploads\/2009\/08\/23-august-1944.jpg 307w, https:\/\/www.lovendal.ro\/wp52\/wp-content\/uploads\/2009\/08\/23-august-1944-300x273.jpg 300w\" sizes=\"auto, (max-width: 307px) 100vw, 307px\" \/><\/a>Drama Rom\u00e2niei \u00een anul 1940<\/strong><\/p>\n<p>Rom\u00e2nia a trecut, la sfir\u015fitul deceniului al treilea, prin cea mai nefast\u0103 perioad\u0103 din istoria sa interbelic\u0103. Germania hitlerist\u0103, antrenat\u0103 \u00eentr-un r\u0103zboi total de cuceriri \u00ee\u015fi continua mar\u015ful ei triumfal de \u00eengenunchiere a Europei. Stalin statornicise cu Hitler un pact senza\u0163ional de neagresiune \u015fi colaborare, precum \u015fi o \u00een\u0163elegere secret\u0103 de \u00eemp\u0103r\u0163ire a spa\u0163iilor r\u0103s\u0103ritene (23 august 1939). Cehoslovacia era dezmembrat\u0103 \u015fi cotropit\u0103 (15 martie 1939). Polonia era desfiin\u0163at\u0103 (27 septembrie 1939). Mica \u00een\u0163elegere era destr\u0103mat\u0103, iar \u00een\u0163elegerea Balcanic\u0103 era practic inexistent\u0103. Aliata tradi\u0163ional\u0103 a \u0163\u0103rii noastre, Fran\u0163a, avea s\u0103 cunoasc\u0103 o \u00eenfr\u00eengere umilitoare (17 iunie 1940), iar Marea Britanie, nimicitor bombardat\u0103, se preg\u0103tea febril s\u0103 \u00eenfrunte, cu curajul disper\u0103rii, amenin\u0163area debarc\u0103rii germane.<\/p>\n<p>\u00cen urma presiunilor amenin\u0163\u0103toare ale Germaniei, Rom\u00e2nia fusese constr\u00e2ns\u0103 s\u0103 abandoneze: la Sud, Cadrilaterul, \u00een favoarea Bulgariei (7 septembrie 1940), iar, la Vest, jum\u0103tate din Transilvania rom\u00e2neasc\u0103, \u00een favoarea Ungariei (30 august 1940), \u2014 dup\u0103 ce, \u00een urma unui ultimatum sovietic, cedase, f\u0103r\u0103 rezisten\u0163\u0103, puternicei vecine din Est, str\u0103vechile provincii rom\u00e2ne\u015fti, Basarabia \u015fi Bucovina de Nord (26 iunie 1940). (Anglia \u015fi Fran\u0163a, care garantaser\u0103 (la 13 aprilie 1939) independen\u0163a \u015fi integritatea teritorial\u0103 a Rom\u00e2niei, notificaser\u0103 (la 14 decembrie 1939) c\u0103 garan\u0163iile contractate ar putea func\u0163iona numai \u00een condi\u0163iuni care depindeau de atitudinea altor state (neutralizarea Italiei \u015fi intrarea Turciei \u00een r\u0103zboi).<\/p>\n<p>Izolat\u0103 de toate \u0163\u0103rile Europei, Rom\u00e2nia de atunci, \u00eenconjurat\u0103 exclusiv de state inamice revendicative \u015fi \u00eenc\u0103put\u0103 sub oprimarea unei dictaturi, nu avea alt\u0103 cale de urmat dec\u00e2t o subordonare docil\u0103 \u00een fa\u0163a Germaniei. (Drumul acestei subordon\u0103ri fusese preg\u0103tit de diploma\u0163ia oportunist\u0103 a guvernelor anterioare ale fostului rege Carol al II-lea, prezidate da agen\u0163ii fideli ai ex-suveranului, Gheorghe T\u0103t\u0103rescu \u015fi Ion Gigurtu). Guvernul de dictatur\u0103 al generalului Antonescu, instaurat la c\u00e2rma \u0163\u0103rii cu concurs german, dar \u00eempotriva voin\u0163ei ob\u015fte\u015fti, a promovat \u00eenl\u0103n\u0163uirea Rom\u00e2niei \u00een orbita de interese ale Germaniei (care voia s\u0103-\u015fi asigure, pentru planurile ei de expansiune, cerealele \u015fi petrolul rom\u00e2nesc), anihil\u00e2nd facultatea de op\u0163iune liber\u0103 a na\u0163iunii.<\/p>\n<p><strong>Intrarea Rom\u00e2niei \u00een r\u0103zboiul anti-sovietic<\/strong><\/p>\n<p>Intrarea \u0163\u0103rii noastre \u00een r\u0103zboiul antisovietic, ca aliat\u0103 militar\u0103 a Germaniei (22 iunie 1941) a fost ini\u0163ial justificat\u0103 de obliga\u0163ia moral\u0103 \u015fi patriotic\u0103 da a recupera provinciile de r\u0103s\u0103rit ale \u0163\u0103rii, ocupate \u00een mod samavolnic cu un an \u00een urm\u0103, provincii care altminteri ar fi fost expuse cruntelor devast\u0103ri hitleriste. Rom\u00e2nia nu a intrat \u00een r\u0103zboi ca un stat agresor. R\u0103zboiul Rom\u00e2niei, p\u00e2n\u0103 la Nistru, a fost un r\u0103zboi just, care s-a bucurat de acordul \u015fi aprobarea opiniei publice rom\u00e2ne\u015fti.<\/p>\n<p><strong>Continuarea ofensivei rom\u00e2ne\u015fti peste Nistru, sanc\u0163ionat\u0103 de opozi\u0163ie \u015fi de guvernele occidentale<\/strong><\/p>\n<figure id=\"attachment_7065\" aria-describedby=\"caption-attachment-7065\" style=\"width: 168px\" class=\"wp-caption alignleft\"><a href=\"https:\/\/www.lovendal.ro\/wp52\/wp-content\/uploads\/2009\/08\/Ion-Antonescu.jpg\"><img loading=\"lazy\" decoding=\"async\" class=\"size-full wp-image-7065\" title=\"Ion Antonescu\" src=\"https:\/\/www.lovendal.ro\/wp52\/wp-content\/uploads\/2009\/08\/Ion-Antonescu.jpg\" alt=\"Maresalul Ion Antonescu\" width=\"178\" height=\"198\" \/><\/a><figcaption id=\"caption-attachment-7065\" class=\"wp-caption-text\">Maresalul Ion Antonescu<\/figcaption><\/figure>\n<p>Continuarea ofensivei, peste grani\u0163ele etnice ale neamului, al\u0103turi de Wermachtul german, s-a f\u0103cut \u00eens\u0103 \u00eempotriva voin\u0163ei na\u0163ionale, care \u015fi-a manifestat, prin exponen\u0163ii ei reprezentativi, dezacordul \u015fi dezavuarea \u015fi a cerut, prin aceia\u015fi exponen\u0163i, ca guvernul militar care se instalase la putere s\u0103 \u00eenceteze imediat ceea ce numea: \u201eurm\u0103rirea inamicului p\u00e2n\u0103 la distrugerea lui&#8221; \u015fi s\u0103 retrag\u0103 armata rom\u00e2n\u0103 din teritoriul str\u0103in invadat.<\/p>\n<p>\u00cen memoriile de protest adresate guvernului dictatorial, luliu Maniu \u015fi I. C. Br\u0103tianu au cerut insistent ca armata rom\u00e2n\u0103 s\u0103 fie oprit\u0103 la Nistru. \u00cen acela\u015fi timp, \u00een solicit\u0103ri adresate \u00een scris Alia\u0163ilor \u015fi prin intermediul guvernului britanic \u015fi al lega\u0163iilor \u0163\u0103rilor neutre, au cerut ca Rom\u00e2nia s\u0103 fie considerat\u0103 \u0163ar\u0103 ocupat\u0103 de nem\u0163i, iar guvernul ei de dictatur\u0103 militar\u0103 s\u0103 fie socotit nereprezentativ \u015fi s\u0103 nu se fac\u0103 confuzie \u00eentre Rom\u00e2nia \u015fi respectivul guvern. Teza unei Rom\u00e2nii aliate sub ocupa\u0163ie hitlerist\u0103, sus\u0163inut\u0103 de opozi\u0163ie, a fost par\u0163ial \u00eensu\u015fit\u0103 ca atare de c\u0103tre unele cancelarii occidentale.<\/p>\n<p>Guvernul Marii Britanii a pus \u00een vedere guvernului rom\u00e2n c\u0103 dep\u0103\u015firea Bugului (de c\u0103tre armata rom\u00e2n\u0103) va avea drept consecin\u0163\u0103 declararea st\u0103rii de r\u0103zboi, avertisment de care generalul Antonescu (care nu se putea dasprinde de angrenajul militar german) nu a \u0163inut seama.<\/p>\n<p><strong>Rom\u00e2nia, declarat\u0103 stat agresor, al\u0103turi de Germania<\/strong><\/p>\n<p>Continuarea r\u0103zboiului din Est a determinat declara\u0163ia de r\u0103zboi a Angliei (6 decembrie 1941) iar, mai t\u00e2rziu (6 iunie 1942), la insisten\u0163a guvernului sovietic, a Statelor Unite (c\u0103rora Rom\u00e2nia le declarase r\u0103zboi la 12 decembrie 1941), care s-au considerat \u015fi ele \u00een stare de r\u0103zboi cu \u0163ara noastr\u0103, Rom\u00e2nia \u015fi-a atras, ca urmare, calificarea grav\u0103 de \u201estat satelit al Germaniei&#8221; \u015fi \u201estat agresor&#8221;. Aceast\u0103 calificare a adus \u0163\u0103rii nenum\u0103rate daune la Conferin\u0163a de pace. (Dac\u0103 Rom\u00e2nia ar fi fost considerat\u0103, a\u015fa cum a cerut opozi\u0163ia, \u0163ar\u0103 ocupat\u0103 de armata german\u0103, desigur c\u0103 ar fi beneficiat de alt statut \u015fi de alt tratament).<\/p>\n<p><strong>Opozi\u0163ia politic\u0103 din Rom\u00e2nia, unit\u0103 \u00eempotriva r\u0103zboiului<\/strong><\/p>\n<p>\u00cencep\u00e2nd cu prim\u0103vara anului 1941 \u015fi mai apoi pe toat\u0103 durata r\u0103zboiului (\u00eenceput \u00een vara aceluia\u015fi an), exponen\u0163ii autoriza\u0163i ai opiniei publice rom\u00e2ne\u015fti, Iuliu Maniu \u015fi Dinu Br\u0103tianu, \u00een numele partidelor politice pe care le conduceau \u015fi care polarizau majoritatea masiv\u0103 a adeziunilor rom\u00e2ne\u015fti, au depus str\u0103duin\u0163e remarcabile \u015fi neostenite pentru contracararea ac\u0163iunilor guvernamentale, pentru desprinderea Rom\u00e2niei din alian\u0163a politic\u0103 \u015fi militar\u0103 \u00eencheiat\u0103 de guvern cu Germania, \u00eempotriva adeziunii la Pactul Tripartit, apoi pentru \u00eencetarea campaniei din r\u0103s\u0103rit \u015fi pentru restaurarea a\u015fez\u0103mintelor democratice, \u00een\u0103bu\u015fite violent de restric\u0163iile practicate de regim. Concomitent cu desf\u0103\u015furarea unei ample ac\u0163iuni propagandistice, pentru alimentarea \u00eencrederii rom\u00e2ne\u015fti \u00een victoria Alia\u0163ilor, dar \u015fi \u00eempotriva fascismului \u015fi a dictaturii, ace\u015fti exponen\u0163i au militat, asum\u00e2ndu-\u015fi toate riscurile, pentru consolidarea opozi\u0163iei, pentru preg\u0103tirea unui viitor regim democratic, pentru restaurarea alian\u0163elor tradi\u0163ionale rom\u00e2ne\u015fti \u015fi, \u00een final, pentru r\u0103sturnarea dictaturii interne \u015fi ie\u015firea \u0163\u0103rii din r\u0103zboi.<\/p>\n<p>\u00centre 6 septembrie 1940 \u015fi 21 martie 1944, Iuliu Maniu a adresat lui Antonescu 14 scrisori de protest, iar Dinu Br\u0103tianu &#8211; 6 (\u00eempotriva m\u0103surilor administrative \u015fi a celor cu caracter economic, \u00eempotriva persecu\u0163iilor rasiale, \u00eempotriva restric\u0163iilor civile \u015fi politice, \u00eempotriva continu\u0103rii r\u0103zboiului).<\/p>\n<p>\u201eOpozi\u0163ia unit\u0103&#8221; din Rom\u00e2nia, constituit\u0103 ini\u0163ial din Partidul Na\u0163ional-\u0162\u0103r\u0103nesc \u015fi Partidul Liberal (1941), a fost amplificat\u0103 la sf\u00e2r\u015fitul anului 1942 (28 decembrie 1942) prin adeziunea Partidului Socialist, condus de Titel Petrescu. \u00cen prim\u0103vara anului 1944 s-a realizat \u015fi integrarea partidului comunist, \u00een organiza\u0163ia intitulat\u0103 \u201eBlocul Na\u0163ional Democratic&#8221; (20 iunie 1944). Colaborarea sec\u0163iei din Rom\u00e2nia a partidului comunist, care era tributar\u0103 \u201eKominternului&#8221;, a fost refuzat\u0103 \u00een mod constant \u00een perioadele premerg\u0103toare autodizolv\u0103rii \u201eKomintern&#8221;-ului (15 mai 1943), deoarece orientarea respectivei sec\u0163ii rom\u00e2ne\u015fti era \u00eentemeiat\u0103 pe hot\u0103r\u00eerile Congreselor III, IV \u015fi V ale partidului comunist, care cuprindeau postulate absurde \u015fi inacceptabile ce lezau integritatea teritorial\u0103 \u015fi suveranitatea Rom\u00e2niei. (Aceste postulate au fost ulterior, \u00een mod explicit, abandonate).<\/p>\n<p><strong>Lovitura de stat de la 23 august 1944, preg\u0103tit\u0103 \u00eenc\u0103 din 1942<\/strong><\/p>\n<figure id=\"attachment_7066\" aria-describedby=\"caption-attachment-7066\" style=\"width: 165px\" class=\"wp-caption alignleft\"><a href=\"https:\/\/www.lovendal.ro\/wp52\/wp-content\/uploads\/2009\/08\/Iuliu-Maniu.jpg\"><img loading=\"lazy\" decoding=\"async\" class=\"size-full wp-image-7066\" title=\"Iuliu Maniu\" src=\"https:\/\/www.lovendal.ro\/wp52\/wp-content\/uploads\/2009\/08\/Iuliu-Maniu.jpg\" alt=\"Iuliu Maniu, presedintele Partidului National Taranesc\" width=\"175\" height=\"237\" \/><\/a><figcaption id=\"caption-attachment-7066\" class=\"wp-caption-text\">Iuliu Maniu, presedintele Partidului National Taranesc<\/figcaption><\/figure>\n<p>\u00cen iarna anului 1942 (la 24 ianuarie 1942) Maniu a \u00eenceput o opera\u0163ie intern\u0103 de atragere a Palatului \u00een ac\u0163iunea pe care o preg\u0103tea. Regele Mihai \u015fi Regina-Mam\u0103 Elena, ale c\u0103ror reticen\u0163e fa\u0163\u0103 de Antonescu \u015fi guvernarea lui erau cunoscute, s-au integrat cu discre\u0163ie dar cu hot\u0103r\u00e2re \u00een politica anti-hitlerist\u0103. Ionel Mocsoni-Styrcea (mare\u015falul de mai t\u00e2rziu al Palatului), adversar hot\u0103r\u00e2t al lui Antonescu, a fost conspiratorul de c\u0103petenie din preajma Regelui, cu merite deosebite \u00een reu\u015fita ac\u0163iunii.\u00a0 El s-a asigurat de colaborarea devotata a lui Mircea Ioani\u0163iu, secretarul\u00a0 Regelui, \u015fi de fidelitatea adjutan\u0163ilor regali (generalul Laz\u0103r, coloneii Emilian Ionescu \u015fi Gherghel \u015fi maiorul Udrischi, precum \u015fi de concursul dat de Iorgu Ghica, Ionescu-B\u0103l\u0103ceanu \u015fi o parte din personalul civil al Palatului).<\/p>\n<p>\u00centre timp s-a \u00eentreprins o ac\u0163iune insistent\u0103 de prelucrare si de c\u00e2\u015ftigare a ofi\u0163erilor superiori din armat\u0103 pentru planurile opozi\u0163iei (generalii S\u0103n\u0103tescu, Racovi\u0163\u0103, Potopeanu, Iosif Teodorescu, Gh Niculescu, I. Boiteanu, Vasiliu-R\u0103\u015fcanu, V. Dombrovski, I. Cre\u0163ulescu etc.) Un sprijin deosebit de important a fost asigurat de diploma\u0163ii de carier\u0103, \u00een func\u0163ie la Ministerul Afacerilor Str\u0103ine de la Bucure\u015fti \u015fi la lega\u0163iile Rom\u00e2niei din capitalele europene care s-au integrat \u00een grupul de conspira\u0163ie organizat de directorul Cabinetului \u015fi al Cifrului Grigore Niculescu-Buze\u015fti: Constantin Vi\u015foianu, Alexandru Cretzianu, Victor R\u0103dulescu-Pogoneanu, Camil Demetrescu, E. Opri\u015fan, E. L\u0103zarescu, Neagu Djuvara, Florica Spirescu, Alina Economu \u015fi al\u0163i func\u0163ionari din Central\u0103. Grigore Niculescu-Buze\u015fti a fost centrul de leg\u0103tur\u0103 al conspira\u0163iei, care asigura contactul cu Palatul \u015fi partidele de opozi\u0163ie precum \u015fi leg\u0103turile, prin cifru \u015fi curieri, cu str\u0103in\u0103tatea.<\/p>\n<p><strong>Comuni\u015ftii, dispu\u015fi s\u0103 colaboreze cu celelalte partide de opozi\u0163ie<\/strong><\/p>\n<figure id=\"attachment_7067\" aria-describedby=\"caption-attachment-7067\" style=\"width: 110px\" class=\"wp-caption alignleft\"><a href=\"https:\/\/www.lovendal.ro\/wp52\/wp-content\/uploads\/2009\/08\/Lucretiu-Patrascanu.jpg\"><img loading=\"lazy\" decoding=\"async\" class=\"size-full wp-image-7067\" title=\"Lucretiu Patrascanu\" src=\"https:\/\/www.lovendal.ro\/wp52\/wp-content\/uploads\/2009\/08\/Lucretiu-Patrascanu.jpg\" alt=\"Lucretiu Patrascanu\" width=\"120\" height=\"188\" \/><\/a><figcaption id=\"caption-attachment-7067\" class=\"wp-caption-text\">Lucretiu Patrascanu<\/figcaption><\/figure>\n<p>\u00cen noiembrie 1943, Lucre\u0163iu P\u0103tr\u0103\u015fcanu, unul din liderii Partidului Comunist Rom\u00e2n, aflat la domiciliu vegheat la Poiana \u0162apului) solicit\u0103 (f\u0103r\u0103 \u00eencuviin\u0163area factorilor de decizie ai sec\u0163iei comuniste ,,interne&#8221;) o \u00eentrevedere cu Iuliu Maniu. Accept\u00e2nd propunerea, Maniu se \u00eent\u00e2lne\u015fte cu P\u0103tr\u0103\u015fcanu, succesiv, \u00een locuin\u0163a lui Corneliu Coposu (str. Dr. Marcovici nr. 9. etaj 6) \u015fi \u00een locuin\u0163a lui Emil Ghiezan (str. Ion Ghica nr. 5, etaj 4) de trei ori \u00een cursul anului 1943, \u015fi de dou\u0103 ori la \u00eenceputul anului urm\u0103tor \u015fi analizeaz\u0103 \u00eempreun\u0103 cu el modalit\u0103\u0163ile r\u0103sturn\u0103rii situa\u0163iei interne din Rom\u00e2nia \u015fi a \u00eencet\u0103rii r\u0103zboiului din r\u0103s\u0103rit. Cu acel prilej, P\u0103tr\u0103\u015fcanu \u00eei aduce la cuno\u015ftin\u0163\u0103 lui Maniu c\u0103 o parte din comuni\u015ftii cu care este \u00een contact au abandonat tezele considerate inacceptabile ale congreselor III, IV \u015fi V \u015fi c\u0103 erau gata s\u0103 colaboreze cu opozi\u0163ia rom\u00e2neasc\u0103 \u00een baza unui program minimal privind independen\u0163a, suveranitatea \u015fi integritatea teritorial\u0103 a \u0163\u0103rii \u015fi restaurarea institu\u0163iilor democratice \u015fi a or\u00e2nduirii constitu\u0163ionale, cu regim parlamentar pluralist \u015fi alegeri libere.<\/p>\n<p><strong>Contacte secrete \u00eentre guvernul Antonescu \u015fi SUA<\/strong><\/p>\n<p>Ministrul de externe rom\u00e2n, Mihai Antonescu, cu pruden\u0163a \u015fi discre\u0163ia pe care o impuneau situa\u0163ia Rom\u00e2niei \u015fi angajamentele ferme ale \u0163\u0103rii, contractate de guvernul Antonescu fa\u0163\u0103 de nem\u0163i, \u00eencepuse, dup\u0103 Stalingrad, sondaje care urm\u0103reau retragerea \u0163\u0103rii din r\u0103zboi, prin diploma\u0163ii rom\u00e2ni de la Madrid, Lisabona, Ankara, Roma \u015fi Cetatea Vaticanului. Toate aceste demersuri au r\u0103mas \u00een stadiu de sondaj. Cele mai intense \u015fi mai temeinice tratative au fost purtate la Madrid, cu ambasadorul american Carlton Hayes, care a ini\u0163iat un demers \u015fi a acceptat s\u0103 transmit\u0103, \u00een cel mai mare secret, guvernului s\u0103u, pozi\u0163ia lui Mihai Antonescu, comunicat\u0103 ini\u0163ial prin secretarul de lega\u0163ie Scarlat Grigoriu, apoi prin diplomatul de la Bucure\u015fti, Camil Bemetrescu, \u00eemputernicit s\u0103 avanseze angajamente ale guvernului rom\u00e2n \u015fi, \u00een cele din urm\u0103, prin secretarul lui Antonescu, Gheorghe Barbul (aprilie 1944). Scarlat Grigoriu, chemat la Bucure\u015fti, pentru instruc\u0163iuni suplimentare, i-a vizitat pe Maniu \u015fi Br\u0103tianu (la 8 martie 1944), c\u0103rora le-a \u00eemp\u0103rt\u0103\u015fit confiden\u0163ial stadiul tratativelor. Diploma\u0163ii rom\u00e2ni au ob\u0163inut \u00een cursul tratativelor de la ambasadorul Hayes garan\u0163ia Statelor Unite privind independen\u0163a \u015fi suveranitatea Rom\u00e2niei, pentru cazul c\u00e2nd s-ar realiza imediat \u201ecapitularea f\u0103r\u0103 condi\u0163ii&#8221; (care putea fi ameliorat\u0103) \u015fi a dat asigur\u0103ri c\u0103 America nu va \u00eeng\u0103dui stabilirea unor zone de influen\u0163\u0103 \u00een Europa. Negocierile de la Madrid au fost ulterior blocate de tratativele de la Cairo.<\/p>\n<p><strong>\u00cencep negocierile de la Cairo<\/strong><\/p>\n<p>La 2 martie 1944, emisarul \u201eOpozi\u0163iei Unite&#8221; din Rom\u00e2nia, Barbu \u015etirbey, pleac\u0103 spre Istanbul, \u00eenso\u0163it de fiica sa Eliza B. Boxshall, pentru \u201esolu\u0163ionarea unor interese comerciale&#8221;. Gestapoul, care privea cu suspiciune aceast\u0103 deplasare, \u00eencearc\u0103 s\u0103 o obstaculeze, \u00een Bulgaria, arest\u00e2nd pe fiica lui \u015etirbey, care avea cet\u0103\u0163enia englez\u0103. \u015etirbey \u00eens\u0103 \u00ee\u015fi continu\u0103 singur c\u0103l\u0103toria \u015fi ajunge la Istanbul. La 13 martie 1944, \u015etirbey sose\u015fte la Cairo, unde reprezentan\u0163a plenipoten\u0163iar\u0103, a celor trei mari alia\u0163i era constituit\u0103. Negocierile \u00eencep la 17 martie. \u015etirbey prezint\u0103 mesajul lui Maniu, trimis \u00een numele opozi\u0163iei din Rom\u00e2nia. \u00cen mesajul respectiv se anun\u0163\u0103 obiectivul urm\u0103rit, \u015fi anume: ie\u015firea Rom\u00e2niei din Ax\u0103 \u015fi din r\u0103zboi, r\u0103sturnarea guvernului Antonescu, colaborarea cu Alia\u0163ii \u015fi organizarea de m\u0103suri militare \u015fi economice \u00eempotriva Germaniei \u015fi se solicit\u0103 de la guvernele aliate asigur\u0103ri pentru respectarea independen\u0163ei \u015fi suveranit\u0103\u0163ii Rom\u00e2niei, a drepturilor sale teritoriale, aplicarea principiilor stabilite prin Charta Atlanticului, anularea \u201earbitrajului&#8221; fascist de la Viena \u015fi o comprehensiune generoas\u0103 pentru situa\u0163ia special\u0103 a Rom\u00e2niei democratice, antihitleriste \u015fi antidictatoriale. \u00cen acela\u015fi timp, se cerea s\u0103 se acorde Rom\u00e2niei statutul de \u201ecobeligeran\u0163\u0103&#8221;, s\u0103 se asigure de c\u0103tre Alia\u0163i contracararea eventualelor atacuri care ar putea fi \u00eentreprinse de c\u0103tre Bulgaria \u015fi Ungaria \u00eempotriva \u0163\u0103rii. De asemenea, se cerea s\u0103 fie sprijinit\u0103 prin m\u0103suri militare lovitura de stat preconizat\u0103, \u00eempotriva tendin\u0163elor represive ale armatei germane. Asupra con\u0163inutului respectivului mesaj, Cloyce Kenneth Huston (de la Divizia aliat\u0103 pentru afaceri europene) raporteaz\u0103 (la 21 martie 1944) c\u0103 propunerile lui Maniu \u201esunt mult mai \u00eencurajatoare dec\u00e2t ne-am a\u015fteptat \u015fi nu trebuie s\u0103 fie minimalizate, ele oferind o posibil\u0103 tez\u0103 de discutat&#8221;.<\/p>\n<p><strong>Se apropie lovitura de stat&#8230;<\/strong><\/p>\n<p>La 22 iunie 1944 este trimis\u0103 o telegram\u0103 cifrat\u0103, expediat\u0103 prin Direc\u0163ia Cabinetului \u015fi a Cifrului din Ministerul Afacerilor Str\u0103ine (f\u0103r\u0103 \u015ftirea ministrului) pe linia canalului Ankara, care cuprinde comunicarea \u201eOpozi\u0163iei Unite&#8221; din Rom\u00e2nia c\u0103 au fost luate toate m\u0103surile preliminare pentru punerea \u00een aplicare a loviturii de stat \u015fi c\u0103 se a\u015fteapt\u0103 semnalul opera\u0163iunii. Totodat\u0103, se cere ca \u00een momentul r\u0103sturn\u0103rii situa\u0163iei din Rom\u00e2nia s\u0103 fie declan\u015fat\u0103 o ofensiv\u0103 puternic\u0103 anti-german\u0103 care s\u0103 re\u0163in\u0103 trupele hitleriste pe front \u015fi s\u0103 se trimit\u0103 \u00een Capital\u0103 2 000 de para\u015futi\u015fti \u015fi armament pentru 3 000 de oameni, spre a se asigura reu\u015fita loviturii. \u00cen subsidiar se cere ca, \u00een cazul \u00een care r\u0103sturnarea din Rom\u00e2nia ar determina atacuri din Ungaria \u015fi Bulgaria, s\u0103 fie bombardate de c\u0103tre Alia\u0163i punctele de p\u0103trundere ale trupelor invadatoare. (Reprezentan\u0163a Aliat\u0103 trimite la 27 iunie 1944 copia mesajului guvernului sovietic).<\/p>\n<p>\u00cen perioada urm\u0103toare, \u015fi anume la 18 iulie 1944 \u015fi la 7 august 1944, Maniu repet\u0103, prin telegrame cifrate trimise la Cairo, cererea pentru comunicarea semnalului de declan\u015fare a ac\u0163iunii, dar nu se prime\u015fte r\u0103spuns. \u00cen sf\u00e2r\u015fit, la 20 august 1944, comunic\u0103 Reprezentan\u0163ei Aliate de la Cairo c\u0103 \u201eOpozi\u0163ia Unit\u0103&#8221; din Rom\u00e2nia a hot\u0103r\u00e2t s\u0103 nu mai a\u015ftepte de la Cairo semnalul, conform stipula\u0163iunilor anterioare, ci s\u0103 treac\u0103 la ac\u0163iune, \u00een momentul pe care \u00eel va socoti oportun, f\u0103r\u0103 s\u0103 mai a\u015ftepte vreun alt mesaj.<\/p>\n<p><strong>Occidentalii au l\u0103sat pe m\u00e2na ru\u015filor implicarea \u00een lovitura de stat preconizat\u0103<\/strong><\/p>\n<p>Cauzele care au determinat t\u0103cerea Reprezentan\u0163ei Aliate de la Cairo \u00eentre 12 iunie 1944 \u015fi 20 august 1944 sunt:<\/p>\n<p>* sectorul rom\u00e2nesc al frontului anti-hitlerist se afla pe planul al doilea, datorit\u0103 opera\u0163iunilor de mare amploare din Normandia;<\/p>\n<p>* alia\u0163ii anglo-americani \u00ee\u015fi delimitaser\u0103 interesele fa\u0163\u0103 de statele sud-est europene, l\u0103s\u00e2nd Uniunii Sovietice \u00eentreaga latitudine pentru solu\u0163ionarea problemei rom\u00e2ne\u015fti. La 2 mai 1944, r\u0103spunz\u00e2nd unui mesaj a lui Molotov, Churchill precizase : \u201eV\u0103 consider\u0103m liderii no\u015ftri \u00een politica fa\u0163\u0103 de Rom\u00e2nia&#8221;; la 22 mai 1944, Forreign Office-ul comunicase principalului delegat britanic de la Cairo, Lord Moyne, c\u0103 \u201ebritanicii \u00eenceteaz\u0103 de a lua ini\u0163iativa \u00een afacerile rom\u00e2ne\u015fti; la 5 mai 1944, Eden \u00ee\u015fi declarase acordul fa\u0163\u0103 de ambasadorul F. T. Gusev c\u0103 U.R.S.S. trebuie s\u0103 conduc\u0103 problema Rom\u00e2niei, iar englezii \u2014 chestiunile grece\u015fti&#8221;.<\/p>\n<p><strong>Lovitura de stat trebuia s\u0103 fie pe 26 august<\/strong><\/p>\n<p>S-au \u00eentreprins preg\u0103tiri secrete pentru organizarea loviturii de stat, cunoscute de un num\u0103r infim\u00a0 de conspiratori.\u00a0 S-a stabilit ziua de 26 august 1944 pentru declan\u015farea ac\u0163iunii, perfect\u00e2ndu-se toate m\u0103surile organizatorice pe care le \u00eeng\u0103duia situa\u0163ia, f\u0103r\u0103 \u00eens\u0103 s\u0103 se renun\u0163e la ultimele tentative \u015fi presiuni exercitate asupra mare\u015falului Antonescu pentru a-l determina s\u0103-\u015fi asume ne\u00eent\u00e2rziat el \u00eensu\u015fi r\u0103spunderea armisti\u0163iului.<\/p>\n<p>Devansarea datei cu trei zile, pe 23 august 1944, a fost determinat\u0103 de dou\u0103 motive importante: planul mare\u015falului Antonescu de a pleca (la 23 august 1944) pe Frontul Moldovei \u015fi inten\u0163ia lui de a intra \u00een leg\u0103tur\u0103 cu autorit\u0103\u0163ile germane spre a ob\u0163ine dezlegarea lui Hitler pentru ie\u015firea Rom\u00e2niei din r\u0103zboi. Am\u00e2ndou\u0103 perspectivele ar fi determinat e\u015fuarea tentativei. Era cunoscut\u0103 interven\u0163ia brutal\u0103 a Germaniei (de la 19 martie 1944) din Ungaria, declan\u015fat\u0103 \u00een momentul c\u00e2nd s-a sesizat o vag\u0103 inten\u0163ie de schimbare de front la conduc\u0103torii unguri. Exista certitudinea c\u0103 \u00eencercarea lui Antonescu de a face apel la cavalerismul \u201ealia\u0163ilor&#8221; germani, pentru a permite retragerea \u0163\u0103rii noastre din r\u0103zboi, ar fi provocat ocuparea militar\u0103 imediat\u0103 a \u0163\u0103rii. Pe de alt\u0103 parte, consiliile date lui Antonescu de a renun\u0163a la planul lui de a ob\u0163ine acordul german pentru respectivul obiectiv s-au dovedit infructuoase, ca \u015fi insisten\u0163a ce s-a depus pe l\u00e2ng\u0103 el, p\u00e2n\u0103 \u00een ultima zi, pentru a-l convinge s\u0103 \u00eencheie armisti\u0163iul imediat.<\/p>\n<p>\u00cen consecin\u0163\u0103, singura cale de urmat, cu oarecare \u015fans\u0103 de reu\u015fit\u0103, era arestarea lui Antonescu \u015fi realizarea r\u0103sturn\u0103rii \u00eenainte ca nem\u0163ii s\u0103 poat\u0103 lua m\u0103suri pentru anihilarea ei.<\/p>\n<p><strong>Cum a decurs lovitura de stat?<\/strong><\/p>\n<p>M\u0103sura a fost hot\u0103r\u00e2t\u0103 chiar \u00een cursul dimine\u0163ii de 23 august 1944, cu mult\u0103 temeritate, prin consensul factorilor decisivi. Riscurile asumate au fost deosebit de mari, deoarece preg\u0103tirea opera\u0163iunii era incomplet\u0103 \u015fi probabilit\u0103\u0163ile de reu\u015fit\u0103 destul de limitate. Elementul surpriz\u0103 a jucat rol hot\u0103r\u00e2tor, iar fidelitatea \u015fi eroismul trupelor rom\u00e2ne (pu\u0163ine \u015fi slab \u00eenzestrate) a suplinit lacunele de preg\u0103tire.<\/p>\n<p>Mare\u015falul Antonescu era interlocutorul preferat al guvernului sovietic \u015fi, \u00een parte, \u015fi al guvernelor de la Londra \u015fi Washington, care aveau (cu just\u0103 apreciere) \u00eendoieli asupra \u015fanselor de reu\u015fit\u0103 ale regelui \u015fi opozi\u0163iei de a realiza lovitura de stat preconizat\u0103 \u00eempotriva lui Antonescu \u015fi \u00eempotriva nem\u0163ilor, f\u0103r\u0103 concurs din afar\u0103, dat\u0103 fiind prezen\u0163a masiv\u0103 de trupe germane \u00een Rom\u00e2nia. (Guvernele aliate nu au f\u0103cut un secret din aceast\u0103 op\u0163iune). Mare\u015falul Antonescu exercita autoritatea \u00een stat \u015fi controlul asupra administra\u0163iei; era \u015feful necontestat al unui guvern obedient, al armatei rom\u00e2ne (a c\u0103rei loialitate fa\u0163\u0103 de Suveran \u015f\u00ee aversiunea fa\u0163\u0103 de fascism nu erau pe deplin cunoscute de c\u0103tre exponen\u0163ii guvernelor aliate); el cuno\u015ftea, la perfec\u0163ie, for\u0163ele Wehrmachtului din \u0163ar\u0103 \u015fi de pe front; el beneficia de toate \u015fansele de a putea realiza schimbarea de front, cu cele mai pu\u0163ine riscuri de e\u015fec.<\/p>\n<p>\u00cen schimb, pentru opozi\u0163ia realizarea obiectivului urm\u0103rit avea un caracter de aventur\u0103. Tocmai de aceea, at\u00e2t regele Mihai c\u00e2t \u015fi opozi\u0163ia \u00eentreag\u0103 (f\u0103r\u0103 nicio excep\u0163ie) erau ini\u0163ial de acord s\u0103 ofere \u00eentregul lor concurs mare\u015falului Antonescu, \u00een cazul \u00een care acesta ar fi putut fi convins, \u00een timp util, s\u0103 procedeze ne\u00eent\u00e2rziat la \u00eencheierea armisti\u0163iului. Toate preg\u0103tirile pentru lovitura de stat erau \u00eens\u0103 f\u0103cute \u015fi pentru varianta (care se preconiza) c\u0103 Antonescu va refuza s\u0103 se desprind\u0103 din alian\u0163a Germaniei sau va \u00eencerca s\u0103 negocieze cu Hitler ca Rom\u00e2nia s\u0103 ias\u0103 din r\u0103zboi. \u00cen acest caz fiecare ceas de \u00eent\u00e2rziere ar fi putut compromite definitiv \u015fi iremediabil reu\u015fita \u015fi ar fi condus, la ocuparea \u0163\u0103rii de c\u0103tre nem\u0163i.<\/p>\n<p>La 23 august 1944, ora 17, la Palatul regal, mare\u015falul Antonescu, care a respins categoric \u00eendrumarea cominatorie a regelui de a \u00eenceta imediat r\u0103zboiul din Est \u015fi de a \u00eencheia armisti\u0163iul, a fost arestat, dimpreun\u0103 cu vice-pre\u015fedintele\u00a0 consiliului, Mihai Antonescu, \u015fi principalii factori de decizie din guvern. Noul guvern (de armisti\u0163iu) s-a constituit din militari, sub conducerea generalului adjutant Constantin S\u0103n\u0103tescu. (Iuliu Maniu, solicitat \u00een prealabil, cu insisten\u0163\u0103, de c\u0103tre rege \u015fi to\u0163i exponen\u0163ii partidelor politice din blocul antifascist s\u0103 prezideze noul guvern, a declinat aceast\u0103 sarcin\u0103, cu motivarea c\u0103 nu poate prezida un cabinet c\u0103ruia i se impune s\u0103 accepte amputarea teritoriului na\u0163ional prin acceptarea frontierei rom\u00e2no-sovietice din 1940, care \u00eengloba \u00een grani\u0163ele U.R.S.S. Basarabia \u015fi Nordul Bucovinei ; de asemenea, socotea c\u0103 armisti\u0163iul este o conven\u0163ie cu caracter militar \u015fi trebuie s\u0103 fie \u00eencheiat\u0103 de c\u0103tre un guvern militar).<\/p>\n<p>Tot Maniu a recomandat formula ca reprezentan\u0163ii partidelor politice ale Blocului Na\u0163ional Democratic s\u0103 participe \u00een calitate de mini\u015ftri de stat \u00een guvern, pentru a oferi opiniei publice din \u0163ar\u0103 \u015fi din str\u0103in\u0103tate garan\u0163ia politic\u0103 indispensabil\u0103 guvernului militar. Dup\u0103 realizarea r\u0103sturn\u0103rii politice, regele a citit o proclama\u0163ie redactat\u0103 de Grigore Niculescu-Buze\u015fti, iar guvernul s-a adresat rom\u00e2nilor printr-o declara\u0163ie solemn\u0103, cer\u00e2ndu-le s\u0103 se solidarizeze \u00een jurul regelui pentru a urma noul destin al \u0163\u0103rii. Ministrul Afacerilor Str\u0103ine a informat Alia\u0163ii \u015fi guvernele str\u0103ine despre schimbarea survenit\u0103 \u015fi a invitat pe reprezentan\u0163ii germani s\u0103 p\u0103r\u0103seasc\u0103 Rom\u00e2nia.<\/p>\n","protected":false},"excerpt":{"rendered":"<p>Drama Rom\u00e2niei \u00een anul 1940 Rom\u00e2nia a trecut, la sfir\u015fitul deceniului al treilea, prin cea mai nefast\u0103 perioad\u0103 din istoria sa interbelic\u0103. Germania hitlerist\u0103, antrenat\u0103 \u00eentr-un r\u0103zboi total de cuceriri \u00ee\u015fi continua mar\u015ful ei triumfal de \u00eengenunchiere a Europei. Stalin &#8230; <\/p>\n<p class=\"read-more-container\"><a title=\"Adev\u0103rata istorie a loviturii de stat de la 23 august 1944\" class=\"read-more button\" href=\"https:\/\/www.lovendal.ro\/wp52\/adevarata-istorie-a-loviturii-de-stat-de-la-23-august-1944\/#more-7062\" aria-label=\"Cite\u0219te mai multe despre Adev\u0103rata istorie a loviturii de stat de la 23 august 1944\">Cititi mai multe<\/a><\/p>\n","protected":false},"author":1,"featured_media":7064,"comment_status":"open","ping_status":"closed","sticky":false,"template":"","format":"standard","meta":{"footnotes":""},"categories":[9],"tags":[2034,1050,81,2036,1532,2035,2033,1981,599,74,298],"class_list":["post-7062","post","type-post","status-publish","format-standard","has-post-thumbnail","hentry","category-istorie","tag-23-august-1944","tag-cel-de-al-2-lea-razboi-mondial","tag-comunism","tag-ion-antonescu","tag-istorie-si-civilizatii","tag-iuliu-maniu","tag-lucretiu-patrascanu","tag-molotov","tag-regele-mihai","tag-romania","tag-urss","resize-featured-image"],"yoast_head":"<!-- This site is optimized with the Yoast SEO Premium plugin v23.3 (Yoast SEO v27.4) - https:\/\/yoast.com\/product\/yoast-seo-premium-wordpress\/ -->\n<title>Adev\u0103rata istorie a loviturii de stat de la 23 august 1944 - Secretele lui Lovendal<\/title>\n<meta name=\"robots\" content=\"index, follow, max-snippet:-1, max-image-preview:large, max-video-preview:-1\" \/>\n<link rel=\"canonical\" href=\"https:\/\/www.lovendal.ro\/wp52\/adevarata-istorie-a-loviturii-de-stat-de-la-23-august-1944\/\" \/>\n<meta property=\"og:locale\" content=\"ro_RO\" \/>\n<meta property=\"og:type\" content=\"article\" \/>\n<meta property=\"og:title\" content=\"Adev\u0103rata istorie a loviturii de stat de la 23 august 1944\" \/>\n<meta property=\"og:description\" content=\"Drama Rom\u00e2niei \u00een anul 1940 Rom\u00e2nia a trecut, la sfir\u015fitul deceniului al treilea, prin cea mai nefast\u0103 perioad\u0103 din istoria sa interbelic\u0103. Germania hitlerist\u0103, antrenat\u0103 \u00eentr-un r\u0103zboi total de cuceriri \u00ee\u015fi continua mar\u015ful ei triumfal de \u00eengenunchiere a Europei. Stalin ... Cititi mai multe\" \/>\n<meta property=\"og:url\" content=\"https:\/\/www.lovendal.ro\/wp52\/adevarata-istorie-a-loviturii-de-stat-de-la-23-august-1944\/\" \/>\n<meta property=\"og:site_name\" content=\"Secretele lui Lovendal\" \/>\n<meta property=\"article:publisher\" content=\"https:\/\/www.facebook.com\/secreteleluilovendal\" \/>\n<meta property=\"article:published_time\" content=\"2009-08-23T07:20:47+00:00\" \/>\n<meta property=\"article:modified_time\" content=\"2009-11-22T08:46:20+00:00\" \/>\n<meta property=\"og:image\" content=\"https:\/\/www.lovendal.ro\/wp52\/wp-content\/uploads\/2009\/08\/23-august-1944.jpg\" \/>\n\t<meta property=\"og:image:width\" content=\"307\" \/>\n\t<meta property=\"og:image:height\" content=\"280\" \/>\n\t<meta property=\"og:image:type\" content=\"image\/jpeg\" \/>\n<meta name=\"author\" content=\"admin\" \/>\n<meta name=\"twitter:card\" content=\"summary_large_image\" \/>\n<meta name=\"twitter:label1\" content=\"Scris de\" \/>\n\t<meta name=\"twitter:data1\" content=\"admin\" \/>\n\t<meta name=\"twitter:label2\" content=\"Timp estimat pentru citire\" \/>\n\t<meta name=\"twitter:data2\" content=\"18 minute\" \/>\n<script type=\"application\/ld+json\" class=\"yoast-schema-graph\">{\"@context\":\"https:\\\/\\\/schema.org\",\"@graph\":[{\"@type\":\"Article\",\"@id\":\"https:\\\/\\\/www.lovendal.ro\\\/wp52\\\/adevarata-istorie-a-loviturii-de-stat-de-la-23-august-1944\\\/#article\",\"isPartOf\":{\"@id\":\"https:\\\/\\\/www.lovendal.ro\\\/wp52\\\/adevarata-istorie-a-loviturii-de-stat-de-la-23-august-1944\\\/\"},\"author\":{\"name\":\"admin\",\"@id\":\"https:\\\/\\\/www.lovendal.ro\\\/wp52\\\/#\\\/schema\\\/person\\\/088691de5dfc346bb0c023e1e52ef5d9\"},\"headline\":\"Adev\u0103rata istorie a loviturii de stat de la 23 august 1944\",\"datePublished\":\"2009-08-23T07:20:47+00:00\",\"dateModified\":\"2009-11-22T08:46:20+00:00\",\"mainEntityOfPage\":{\"@id\":\"https:\\\/\\\/www.lovendal.ro\\\/wp52\\\/adevarata-istorie-a-loviturii-de-stat-de-la-23-august-1944\\\/\"},\"wordCount\":3670,\"commentCount\":7,\"publisher\":{\"@id\":\"https:\\\/\\\/www.lovendal.ro\\\/wp52\\\/#organization\"},\"image\":{\"@id\":\"https:\\\/\\\/www.lovendal.ro\\\/wp52\\\/adevarata-istorie-a-loviturii-de-stat-de-la-23-august-1944\\\/#primaryimage\"},\"thumbnailUrl\":\"https:\\\/\\\/www.lovendal.ro\\\/wp52\\\/wp-content\\\/uploads\\\/2009\\\/08\\\/23-august-1944.jpg\",\"keywords\":[\"23 august 1944\",\"cel de-al 2-lea r\u0103zboi mondial\",\"comunism\",\"Ion Antonescu\",\"Istorie si Civilizatii\",\"Iuliu Maniu\",\"Lucre\u0163iu P\u0103tr\u0103\u015fcanu\",\"Molotov\",\"regele Mihai\",\"Rom\u00e2nia\",\"URSS\"],\"articleSection\":[\"Istorie si Civilizatii\"],\"inLanguage\":\"ro-RO\",\"potentialAction\":[{\"@type\":\"CommentAction\",\"name\":\"Comment\",\"target\":[\"https:\\\/\\\/www.lovendal.ro\\\/wp52\\\/adevarata-istorie-a-loviturii-de-stat-de-la-23-august-1944\\\/#respond\"]}]},{\"@type\":\"WebPage\",\"@id\":\"https:\\\/\\\/www.lovendal.ro\\\/wp52\\\/adevarata-istorie-a-loviturii-de-stat-de-la-23-august-1944\\\/\",\"url\":\"https:\\\/\\\/www.lovendal.ro\\\/wp52\\\/adevarata-istorie-a-loviturii-de-stat-de-la-23-august-1944\\\/\",\"name\":\"Adev\u0103rata istorie a loviturii de stat de la 23 august 1944 - Secretele lui Lovendal\",\"isPartOf\":{\"@id\":\"https:\\\/\\\/www.lovendal.ro\\\/wp52\\\/#website\"},\"primaryImageOfPage\":{\"@id\":\"https:\\\/\\\/www.lovendal.ro\\\/wp52\\\/adevarata-istorie-a-loviturii-de-stat-de-la-23-august-1944\\\/#primaryimage\"},\"image\":{\"@id\":\"https:\\\/\\\/www.lovendal.ro\\\/wp52\\\/adevarata-istorie-a-loviturii-de-stat-de-la-23-august-1944\\\/#primaryimage\"},\"thumbnailUrl\":\"https:\\\/\\\/www.lovendal.ro\\\/wp52\\\/wp-content\\\/uploads\\\/2009\\\/08\\\/23-august-1944.jpg\",\"datePublished\":\"2009-08-23T07:20:47+00:00\",\"dateModified\":\"2009-11-22T08:46:20+00:00\",\"breadcrumb\":{\"@id\":\"https:\\\/\\\/www.lovendal.ro\\\/wp52\\\/adevarata-istorie-a-loviturii-de-stat-de-la-23-august-1944\\\/#breadcrumb\"},\"inLanguage\":\"ro-RO\",\"potentialAction\":[{\"@type\":\"ReadAction\",\"target\":[\"https:\\\/\\\/www.lovendal.ro\\\/wp52\\\/adevarata-istorie-a-loviturii-de-stat-de-la-23-august-1944\\\/\"]}]},{\"@type\":\"ImageObject\",\"inLanguage\":\"ro-RO\",\"@id\":\"https:\\\/\\\/www.lovendal.ro\\\/wp52\\\/adevarata-istorie-a-loviturii-de-stat-de-la-23-august-1944\\\/#primaryimage\",\"url\":\"https:\\\/\\\/www.lovendal.ro\\\/wp52\\\/wp-content\\\/uploads\\\/2009\\\/08\\\/23-august-1944.jpg\",\"contentUrl\":\"https:\\\/\\\/www.lovendal.ro\\\/wp52\\\/wp-content\\\/uploads\\\/2009\\\/08\\\/23-august-1944.jpg\",\"width\":\"307\",\"height\":\"280\"},{\"@type\":\"BreadcrumbList\",\"@id\":\"https:\\\/\\\/www.lovendal.ro\\\/wp52\\\/adevarata-istorie-a-loviturii-de-stat-de-la-23-august-1944\\\/#breadcrumb\",\"itemListElement\":[{\"@type\":\"ListItem\",\"position\":1,\"name\":\"Home\",\"item\":\"https:\\\/\\\/www.lovendal.ro\\\/wp52\\\/\"},{\"@type\":\"ListItem\",\"position\":2,\"name\":\"Adev\u0103rata istorie a loviturii de stat de la 23 august 1944\"}]},{\"@type\":\"WebSite\",\"@id\":\"https:\\\/\\\/www.lovendal.ro\\\/wp52\\\/#website\",\"url\":\"https:\\\/\\\/www.lovendal.ro\\\/wp52\\\/\",\"name\":\"Secretele lui Lovendal\",\"description\":\"Site de secrete, stiinta si metafizica - din 2008 -\",\"publisher\":{\"@id\":\"https:\\\/\\\/www.lovendal.ro\\\/wp52\\\/#organization\"},\"potentialAction\":[{\"@type\":\"SearchAction\",\"target\":{\"@type\":\"EntryPoint\",\"urlTemplate\":\"https:\\\/\\\/www.lovendal.ro\\\/wp52\\\/?s={search_term_string}\"},\"query-input\":{\"@type\":\"PropertyValueSpecification\",\"valueRequired\":true,\"valueName\":\"search_term_string\"}}],\"inLanguage\":\"ro-RO\"},{\"@type\":\"Organization\",\"@id\":\"https:\\\/\\\/www.lovendal.ro\\\/wp52\\\/#organization\",\"name\":\"Secretele lui Lovendal\",\"url\":\"https:\\\/\\\/www.lovendal.ro\\\/wp52\\\/\",\"logo\":{\"@type\":\"ImageObject\",\"inLanguage\":\"ro-RO\",\"@id\":\"https:\\\/\\\/www.lovendal.ro\\\/wp52\\\/#\\\/schema\\\/logo\\\/image\\\/\",\"url\":\"https:\\\/\\\/www.lovendal.ro\\\/wp52\\\/wp-content\\\/uploads\\\/2024\\\/06\\\/cropped-SLL-iun-2024-1.jpg\",\"contentUrl\":\"https:\\\/\\\/www.lovendal.ro\\\/wp52\\\/wp-content\\\/uploads\\\/2024\\\/06\\\/cropped-SLL-iun-2024-1.jpg\",\"width\":771,\"height\":240,\"caption\":\"Secretele lui Lovendal\"},\"image\":{\"@id\":\"https:\\\/\\\/www.lovendal.ro\\\/wp52\\\/#\\\/schema\\\/logo\\\/image\\\/\"},\"sameAs\":[\"https:\\\/\\\/www.facebook.com\\\/secreteleluilovendal\"]},{\"@type\":\"Person\",\"@id\":\"https:\\\/\\\/www.lovendal.ro\\\/wp52\\\/#\\\/schema\\\/person\\\/088691de5dfc346bb0c023e1e52ef5d9\",\"name\":\"admin\",\"image\":{\"@type\":\"ImageObject\",\"inLanguage\":\"ro-RO\",\"@id\":\"https:\\\/\\\/secure.gravatar.com\\\/avatar\\\/ecb9cd41f5f63c9c9b989999a59f6e2639a865ec361e9db054db0679a8f341c2?s=96&d=mm&r=g\",\"url\":\"https:\\\/\\\/secure.gravatar.com\\\/avatar\\\/ecb9cd41f5f63c9c9b989999a59f6e2639a865ec361e9db054db0679a8f341c2?s=96&d=mm&r=g\",\"contentUrl\":\"https:\\\/\\\/secure.gravatar.com\\\/avatar\\\/ecb9cd41f5f63c9c9b989999a59f6e2639a865ec361e9db054db0679a8f341c2?s=96&d=mm&r=g\",\"caption\":\"admin\"},\"sameAs\":[\"https:\\\/\\\/www.lovendal.ro\\\/wp52\"]}]}<\/script>\n<!-- \/ Yoast SEO Premium plugin. -->","yoast_head_json":{"title":"Adev\u0103rata istorie a loviturii de stat de la 23 august 1944 - Secretele lui Lovendal","robots":{"index":"index","follow":"follow","max-snippet":"max-snippet:-1","max-image-preview":"max-image-preview:large","max-video-preview":"max-video-preview:-1"},"canonical":"https:\/\/www.lovendal.ro\/wp52\/adevarata-istorie-a-loviturii-de-stat-de-la-23-august-1944\/","og_locale":"ro_RO","og_type":"article","og_title":"Adev\u0103rata istorie a loviturii de stat de la 23 august 1944","og_description":"Drama Rom\u00e2niei \u00een anul 1940 Rom\u00e2nia a trecut, la sfir\u015fitul deceniului al treilea, prin cea mai nefast\u0103 perioad\u0103 din istoria sa interbelic\u0103. Germania hitlerist\u0103, antrenat\u0103 \u00eentr-un r\u0103zboi total de cuceriri \u00ee\u015fi continua mar\u015ful ei triumfal de \u00eengenunchiere a Europei. Stalin ... Cititi mai multe","og_url":"https:\/\/www.lovendal.ro\/wp52\/adevarata-istorie-a-loviturii-de-stat-de-la-23-august-1944\/","og_site_name":"Secretele lui Lovendal","article_publisher":"https:\/\/www.facebook.com\/secreteleluilovendal","article_published_time":"2009-08-23T07:20:47+00:00","article_modified_time":"2009-11-22T08:46:20+00:00","og_image":[{"width":307,"height":280,"url":"https:\/\/www.lovendal.ro\/wp52\/wp-content\/uploads\/2009\/08\/23-august-1944.jpg","type":"image\/jpeg"}],"author":"admin","twitter_card":"summary_large_image","twitter_misc":{"Scris de":"admin","Timp estimat pentru citire":"18 minute"},"schema":{"@context":"https:\/\/schema.org","@graph":[{"@type":"Article","@id":"https:\/\/www.lovendal.ro\/wp52\/adevarata-istorie-a-loviturii-de-stat-de-la-23-august-1944\/#article","isPartOf":{"@id":"https:\/\/www.lovendal.ro\/wp52\/adevarata-istorie-a-loviturii-de-stat-de-la-23-august-1944\/"},"author":{"name":"admin","@id":"https:\/\/www.lovendal.ro\/wp52\/#\/schema\/person\/088691de5dfc346bb0c023e1e52ef5d9"},"headline":"Adev\u0103rata istorie a loviturii de stat de la 23 august 1944","datePublished":"2009-08-23T07:20:47+00:00","dateModified":"2009-11-22T08:46:20+00:00","mainEntityOfPage":{"@id":"https:\/\/www.lovendal.ro\/wp52\/adevarata-istorie-a-loviturii-de-stat-de-la-23-august-1944\/"},"wordCount":3670,"commentCount":7,"publisher":{"@id":"https:\/\/www.lovendal.ro\/wp52\/#organization"},"image":{"@id":"https:\/\/www.lovendal.ro\/wp52\/adevarata-istorie-a-loviturii-de-stat-de-la-23-august-1944\/#primaryimage"},"thumbnailUrl":"https:\/\/www.lovendal.ro\/wp52\/wp-content\/uploads\/2009\/08\/23-august-1944.jpg","keywords":["23 august 1944","cel de-al 2-lea r\u0103zboi mondial","comunism","Ion Antonescu","Istorie si Civilizatii","Iuliu Maniu","Lucre\u0163iu P\u0103tr\u0103\u015fcanu","Molotov","regele Mihai","Rom\u00e2nia","URSS"],"articleSection":["Istorie si Civilizatii"],"inLanguage":"ro-RO","potentialAction":[{"@type":"CommentAction","name":"Comment","target":["https:\/\/www.lovendal.ro\/wp52\/adevarata-istorie-a-loviturii-de-stat-de-la-23-august-1944\/#respond"]}]},{"@type":"WebPage","@id":"https:\/\/www.lovendal.ro\/wp52\/adevarata-istorie-a-loviturii-de-stat-de-la-23-august-1944\/","url":"https:\/\/www.lovendal.ro\/wp52\/adevarata-istorie-a-loviturii-de-stat-de-la-23-august-1944\/","name":"Adev\u0103rata istorie a loviturii de stat de la 23 august 1944 - Secretele lui Lovendal","isPartOf":{"@id":"https:\/\/www.lovendal.ro\/wp52\/#website"},"primaryImageOfPage":{"@id":"https:\/\/www.lovendal.ro\/wp52\/adevarata-istorie-a-loviturii-de-stat-de-la-23-august-1944\/#primaryimage"},"image":{"@id":"https:\/\/www.lovendal.ro\/wp52\/adevarata-istorie-a-loviturii-de-stat-de-la-23-august-1944\/#primaryimage"},"thumbnailUrl":"https:\/\/www.lovendal.ro\/wp52\/wp-content\/uploads\/2009\/08\/23-august-1944.jpg","datePublished":"2009-08-23T07:20:47+00:00","dateModified":"2009-11-22T08:46:20+00:00","breadcrumb":{"@id":"https:\/\/www.lovendal.ro\/wp52\/adevarata-istorie-a-loviturii-de-stat-de-la-23-august-1944\/#breadcrumb"},"inLanguage":"ro-RO","potentialAction":[{"@type":"ReadAction","target":["https:\/\/www.lovendal.ro\/wp52\/adevarata-istorie-a-loviturii-de-stat-de-la-23-august-1944\/"]}]},{"@type":"ImageObject","inLanguage":"ro-RO","@id":"https:\/\/www.lovendal.ro\/wp52\/adevarata-istorie-a-loviturii-de-stat-de-la-23-august-1944\/#primaryimage","url":"https:\/\/www.lovendal.ro\/wp52\/wp-content\/uploads\/2009\/08\/23-august-1944.jpg","contentUrl":"https:\/\/www.lovendal.ro\/wp52\/wp-content\/uploads\/2009\/08\/23-august-1944.jpg","width":"307","height":"280"},{"@type":"BreadcrumbList","@id":"https:\/\/www.lovendal.ro\/wp52\/adevarata-istorie-a-loviturii-de-stat-de-la-23-august-1944\/#breadcrumb","itemListElement":[{"@type":"ListItem","position":1,"name":"Home","item":"https:\/\/www.lovendal.ro\/wp52\/"},{"@type":"ListItem","position":2,"name":"Adev\u0103rata istorie a loviturii de stat de la 23 august 1944"}]},{"@type":"WebSite","@id":"https:\/\/www.lovendal.ro\/wp52\/#website","url":"https:\/\/www.lovendal.ro\/wp52\/","name":"Secretele lui Lovendal","description":"Site de secrete, stiinta si metafizica - din 2008 -","publisher":{"@id":"https:\/\/www.lovendal.ro\/wp52\/#organization"},"potentialAction":[{"@type":"SearchAction","target":{"@type":"EntryPoint","urlTemplate":"https:\/\/www.lovendal.ro\/wp52\/?s={search_term_string}"},"query-input":{"@type":"PropertyValueSpecification","valueRequired":true,"valueName":"search_term_string"}}],"inLanguage":"ro-RO"},{"@type":"Organization","@id":"https:\/\/www.lovendal.ro\/wp52\/#organization","name":"Secretele lui Lovendal","url":"https:\/\/www.lovendal.ro\/wp52\/","logo":{"@type":"ImageObject","inLanguage":"ro-RO","@id":"https:\/\/www.lovendal.ro\/wp52\/#\/schema\/logo\/image\/","url":"https:\/\/www.lovendal.ro\/wp52\/wp-content\/uploads\/2024\/06\/cropped-SLL-iun-2024-1.jpg","contentUrl":"https:\/\/www.lovendal.ro\/wp52\/wp-content\/uploads\/2024\/06\/cropped-SLL-iun-2024-1.jpg","width":771,"height":240,"caption":"Secretele lui Lovendal"},"image":{"@id":"https:\/\/www.lovendal.ro\/wp52\/#\/schema\/logo\/image\/"},"sameAs":["https:\/\/www.facebook.com\/secreteleluilovendal"]},{"@type":"Person","@id":"https:\/\/www.lovendal.ro\/wp52\/#\/schema\/person\/088691de5dfc346bb0c023e1e52ef5d9","name":"admin","image":{"@type":"ImageObject","inLanguage":"ro-RO","@id":"https:\/\/secure.gravatar.com\/avatar\/ecb9cd41f5f63c9c9b989999a59f6e2639a865ec361e9db054db0679a8f341c2?s=96&d=mm&r=g","url":"https:\/\/secure.gravatar.com\/avatar\/ecb9cd41f5f63c9c9b989999a59f6e2639a865ec361e9db054db0679a8f341c2?s=96&d=mm&r=g","contentUrl":"https:\/\/secure.gravatar.com\/avatar\/ecb9cd41f5f63c9c9b989999a59f6e2639a865ec361e9db054db0679a8f341c2?s=96&d=mm&r=g","caption":"admin"},"sameAs":["https:\/\/www.lovendal.ro\/wp52"]}]}},"_links":{"self":[{"href":"https:\/\/www.lovendal.ro\/wp52\/wp-json\/wp\/v2\/posts\/7062","targetHints":{"allow":["GET"]}}],"collection":[{"href":"https:\/\/www.lovendal.ro\/wp52\/wp-json\/wp\/v2\/posts"}],"about":[{"href":"https:\/\/www.lovendal.ro\/wp52\/wp-json\/wp\/v2\/types\/post"}],"author":[{"embeddable":true,"href":"https:\/\/www.lovendal.ro\/wp52\/wp-json\/wp\/v2\/users\/1"}],"replies":[{"embeddable":true,"href":"https:\/\/www.lovendal.ro\/wp52\/wp-json\/wp\/v2\/comments?post=7062"}],"version-history":[{"count":0,"href":"https:\/\/www.lovendal.ro\/wp52\/wp-json\/wp\/v2\/posts\/7062\/revisions"}],"wp:featuredmedia":[{"embeddable":true,"href":"https:\/\/www.lovendal.ro\/wp52\/wp-json\/wp\/v2\/media\/7064"}],"wp:attachment":[{"href":"https:\/\/www.lovendal.ro\/wp52\/wp-json\/wp\/v2\/media?parent=7062"}],"wp:term":[{"taxonomy":"category","embeddable":true,"href":"https:\/\/www.lovendal.ro\/wp52\/wp-json\/wp\/v2\/categories?post=7062"},{"taxonomy":"post_tag","embeddable":true,"href":"https:\/\/www.lovendal.ro\/wp52\/wp-json\/wp\/v2\/tags?post=7062"}],"curies":[{"name":"wp","href":"https:\/\/api.w.org\/{rel}","templated":true}]}}