{"id":70578,"date":"2020-07-16T08:42:12","date_gmt":"2020-07-16T05:42:12","guid":{"rendered":"https:\/\/www.lovendal.ro\/wp52\/?p=70578"},"modified":"2020-07-16T08:42:12","modified_gmt":"2020-07-16T05:42:12","slug":"un-caz-socant-cu-57-de-marinari-argentinieni-ii-lasa-perplecsi-pe-cercetatori-noul-coronavirus-s-a-aflat-de-mult-timp-pe-terra-dar-ceva-l-a-inflamat","status":"publish","type":"post","link":"https:\/\/www.lovendal.ro\/wp52\/un-caz-socant-cu-57-de-marinari-argentinieni-ii-lasa-perplecsi-pe-cercetatori-noul-coronavirus-s-a-aflat-de-mult-timp-pe-terra-dar-ceva-l-a-inflamat\/","title":{"rendered":"Un caz \u015focant cu 57 de marinari argentinieni \u00eei las\u0103 perplec\u015fi pe cercet\u0103tori. Noul coronavirus s-a aflat de mult timp pe Terra, dar ceva &#8222;l-a inflamat&#8221;?"},"content":{"rendered":"<figure id=\"attachment_70581\" aria-describedby=\"caption-attachment-70581\" style=\"width: 348px\" class=\"wp-caption alignleft\"><a href=\"https:\/\/www.lovendal.ro\/wp52\/wp-content\/uploads\/2020\/07\/noul-coronavirus.jpg\"><img loading=\"lazy\" decoding=\"async\" class=\"size-full wp-image-70581\" src=\"https:\/\/www.lovendal.ro\/wp52\/wp-content\/uploads\/2020\/07\/noul-coronavirus.jpg\" alt=\"\" width=\"358\" height=\"325\" srcset=\"https:\/\/www.lovendal.ro\/wp52\/wp-content\/uploads\/2020\/07\/noul-coronavirus.jpg 358w, https:\/\/www.lovendal.ro\/wp52\/wp-content\/uploads\/2020\/07\/noul-coronavirus-300x272.jpg 300w\" sizes=\"auto, (max-width: 358px) 100vw, 358px\" \/><\/a><figcaption id=\"caption-attachment-70581\" class=\"wp-caption-text\"><strong>Imagine:<\/strong> <a href=\"https:\/\/pixabay.com\/ro\/photos\/corona-virus-pandemie-epidemie-4801040\/\" target=\"_blank\" rel=\"noopener noreferrer\"><strong>pixabay.com<\/strong><\/a> (Commons Creative &#8211; free)<\/figcaption><\/figure>\n<p>A\u015fa cum spune o \u015ftire <a href=\"https:\/\/fr.euronews.com\/2020\/07\/15\/covid-19-le-mystere-des-marins-d-ushuaia\" target=\"_blank\" rel=\"noopener noreferrer\"><strong>Euronews<\/strong><\/a> de pe 15 iulie 2020, oamenii de \u015ftiin\u0163\u0103 se confrunt\u0103 cu un mare mister: 57 de marinari au fost contamina\u0163i cu noul coronavirus dup\u0103 ce au petrecut 35 de zile pe mare, iar \u00eentregul echipaj a fost testat negativ \u00eenainte de a pleca. Vasul de pescuit Etchizen Maru a revenit \u00een port dup\u0103 ce unii dintre pasagerii s\u0103i au prezentat simptome tipice de COVID-19, 57 de marinari, din totalul de 61 de membri ai echipajului, au fost diagnostica\u0163i pozitiv la coronavirus dup\u0103 ce au fost supu\u015fi unui nou test. Or, membrii echipajului au efectuat o carantin\u0103 obligatorie de 14 zile \u00eentr-un hotel din Ushuaia (sud) \u015fi \u00eenainte de aceasta fuseser\u0103 supu\u015fi unor prelev\u0103ri ale c\u0103ror rezultate s-au ar\u0103tat negative.<\/p>\n<p><em>\u201eEste dificil s\u0103 stabilim modul \u00een care acest echipaj a fost contaminat, \u015ftiind c\u0103, timp de 35 de zile, nu au avut niciun contact cu uscatul \u015fi c\u0103 alimentarea s-a f\u0103cut la ie\u015firea din portul Ushuaia\u201d<\/em>, a spus Alejandra Alfaro, director al serviciilor de s\u0103n\u0103tate din Tierra del Fuego. \u015eeful serviciului de boli infec\u0163ioase de la Spitalul regional Ushuaia, Leandro Ballatore, a declarat c\u0103 este vorba despre un <em>\u201ecaz care scap\u0103 oric\u0103ror descrieri din publica\u0163iile de specialitate, pentru c\u0103 o perioad\u0103 de incuba\u0163ie at\u00e2t de lung\u0103 nu a fost descris\u0103 nic\u0103ieri\u201d.<\/em><\/p>\n<p><a href=\"https:\/\/www.lovendal.ro\/wp52\/wp-content\/uploads\/2020\/07\/euronews-stire.jpg\"><img loading=\"lazy\" decoding=\"async\" class=\"aligncenter size-full wp-image-70579\" src=\"https:\/\/www.lovendal.ro\/wp52\/wp-content\/uploads\/2020\/07\/euronews-stire.jpg\" alt=\"\" width=\"542\" height=\"505\" srcset=\"https:\/\/www.lovendal.ro\/wp52\/wp-content\/uploads\/2020\/07\/euronews-stire.jpg 542w, https:\/\/www.lovendal.ro\/wp52\/wp-content\/uploads\/2020\/07\/euronews-stire-300x280.jpg 300w\" sizes=\"auto, (max-width: 542px) 100vw, 542px\" \/><\/a><\/p>\n<p>Deci, cum a fost posibil? Trebuie \u00eens\u0103 s\u0103 ne amintim de declara\u0163ia lui Tom Jefferson, expert la Universitatea din Oxford, care, \u00eentr-un interviu pentru cotidianul <a href=\"https:\/\/www.telegraph.co.uk\/news\/2020\/07\/05\/covid-19-may-not-have-originated-china-elsewhere-emerged-asia\/\" target=\"_blank\" rel=\"noopener noreferrer\"><strong>&#8222;The Telegraph&#8221;<\/strong><\/a>, spunea c\u0103 noul coronavirus ar fi r\u0103mas \u201dadormit\u201d \u00een \u00eentreaga lume o perioad\u0103 \u00eendelungat\u0103 \u015fi ar fi ap\u0103rut atunci c\u00e2nd condi\u0163iile i-au fost favorabile dezvolt\u0103rii. Recent, virusologi spanioli au anun\u0163at c\u0103 au g\u0103sit urme de virus \u00een e\u015fantioane de ape uzate colectate la Barcelona \u00een martie 2019 \u2013 cu nou\u0103 luni \u00eenainte de descoperirea acestuia la Wuhan \u015fi cu aproape un an \u00eenainte s\u0103 loveasc\u0103 Europa. E\u015fantioane de la Torino \u015fi Milano, recoltate la jum\u0103tatea lui decembrie 2019, au ar\u0103tat de asemenea rezultate pozitive, fiind g\u0103site urme de coronavirus \u00een Brazilia, \u00een noiembrie 2019.<\/p>\n<p>Jefferson a mai spus c\u0103 \u00een 1918 gripa spaniol\u0103 a ucis 30% din popula\u0163ia Samoa de Vest, \u00een contextul \u00een care aceasta nu avea niciun contact cu lumea exterioar\u0103. <strong><em>\u201dAcest lucru se explic\u0103 prin faptul c\u0103 agen\u0163ii patogeni ai virusului nu vin de nic\u0103ieri \u015fi nu se duc nic\u0103ieri. Ei se afl\u0103 aici mereu, iar ceva \u00eei inflameaz\u0103\u201d<\/em>.<\/strong><\/p>\n<p><a href=\"https:\/\/www.lovendal.ro\/wp52\/wp-content\/uploads\/2020\/07\/the-telegraph-stire.jpg\"><img loading=\"lazy\" decoding=\"async\" class=\"aligncenter size-full wp-image-70580\" src=\"https:\/\/www.lovendal.ro\/wp52\/wp-content\/uploads\/2020\/07\/the-telegraph-stire.jpg\" alt=\"\" width=\"543\" height=\"374\" srcset=\"https:\/\/www.lovendal.ro\/wp52\/wp-content\/uploads\/2020\/07\/the-telegraph-stire.jpg 543w, https:\/\/www.lovendal.ro\/wp52\/wp-content\/uploads\/2020\/07\/the-telegraph-stire-300x207.jpg 300w\" sizes=\"auto, (max-width: 543px) 100vw, 543px\" \/><\/a><\/p>\n<p>Dac\u0103 teoria domnului Jefferson e adev\u0103rat\u0103, oare ce a inflamat acest coronavirus?<\/p>\n<p>&nbsp;<\/p>\n","protected":false},"excerpt":{"rendered":"<p>A\u015fa cum spune o \u015ftire Euronews de pe 15 iulie 2020, oamenii de \u015ftiin\u0163\u0103 se confrunt\u0103 cu un mare mister: 57 de marinari au fost contamina\u0163i cu noul coronavirus dup\u0103 ce au petrecut 35 de zile pe mare, iar \u00eentregul &#8230; <\/p>\n<p class=\"read-more-container\"><a title=\"Un caz \u015focant cu 57 de marinari argentinieni \u00eei las\u0103 perplec\u015fi pe cercet\u0103tori. Noul coronavirus s-a aflat de mult timp pe Terra, dar ceva &#8222;l-a inflamat&#8221;?\" class=\"read-more button\" href=\"https:\/\/www.lovendal.ro\/wp52\/un-caz-socant-cu-57-de-marinari-argentinieni-ii-lasa-perplecsi-pe-cercetatori-noul-coronavirus-s-a-aflat-de-mult-timp-pe-terra-dar-ceva-l-a-inflamat\/#more-70578\" aria-label=\"Cite\u0219te mai multe despre Un caz \u015focant cu 57 de marinari argentinieni \u00eei las\u0103 perplec\u015fi pe cercet\u0103tori. Noul coronavirus s-a aflat de mult timp pe Terra, dar ceva &#8222;l-a inflamat&#8221;?\">Cititi mai multe<\/a><\/p>\n","protected":false},"author":1,"featured_media":70581,"comment_status":"closed","ping_status":"open","sticky":false,"template":"","format":"standard","meta":{"footnotes":""},"categories":[6],"tags":[4368,1340,2741,1442,14126,14139,341,2105,2420,4823,86,15081,9794,3108,2251,5385,15080,512,3572,2250,6882,1150],"class_list":["post-70578","post","type-post","status-publish","format-standard","has-post-thumbnail","hentry","category-medicina","tag-ape","tag-argentina","tag-barcelona","tag-brazilia","tag-coronavirus","tag-covid-2019","tag-europa","tag-gripa-spaniola","tag-hotel","tag-interviu","tag-italia","tag-marinari","tag-medicina","tag-milano","tag-oxford","tag-port","tag-samoa-de-vest","tag-spital","tag-torino","tag-universitate","tag-vas","tag-virus","resize-featured-image"],"yoast_head":"<!-- This site is optimized with the Yoast SEO Premium plugin v23.3 (Yoast SEO v27.4) - https:\/\/yoast.com\/product\/yoast-seo-premium-wordpress\/ -->\n<title>Un caz \u015focant cu 57 de marinari argentinieni \u00eei las\u0103 perplec\u015fi pe cercet\u0103tori. Noul coronavirus s-a aflat de mult timp pe Terra, dar ceva &quot;l-a inflamat&quot;? - Secretele lui Lovendal<\/title>\n<meta name=\"robots\" content=\"index, follow, max-snippet:-1, max-image-preview:large, max-video-preview:-1\" \/>\n<link rel=\"canonical\" href=\"https:\/\/www.lovendal.ro\/wp52\/un-caz-socant-cu-57-de-marinari-argentinieni-ii-lasa-perplecsi-pe-cercetatori-noul-coronavirus-s-a-aflat-de-mult-timp-pe-terra-dar-ceva-l-a-inflamat\/\" \/>\n<meta property=\"og:locale\" content=\"ro_RO\" \/>\n<meta property=\"og:type\" content=\"article\" \/>\n<meta property=\"og:title\" content=\"Un caz \u015focant cu 57 de marinari argentinieni \u00eei las\u0103 perplec\u015fi pe cercet\u0103tori. Noul coronavirus s-a aflat de mult timp pe Terra, dar ceva &quot;l-a inflamat&quot;?\" \/>\n<meta property=\"og:description\" content=\"A\u015fa cum spune o \u015ftire Euronews de pe 15 iulie 2020, oamenii de \u015ftiin\u0163\u0103 se confrunt\u0103 cu un mare mister: 57 de marinari au fost contamina\u0163i cu noul coronavirus dup\u0103 ce au petrecut 35 de zile pe mare, iar \u00eentregul ... Cititi mai multe\" \/>\n<meta property=\"og:url\" content=\"https:\/\/www.lovendal.ro\/wp52\/un-caz-socant-cu-57-de-marinari-argentinieni-ii-lasa-perplecsi-pe-cercetatori-noul-coronavirus-s-a-aflat-de-mult-timp-pe-terra-dar-ceva-l-a-inflamat\/\" \/>\n<meta property=\"og:site_name\" content=\"Secretele lui Lovendal\" \/>\n<meta property=\"article:publisher\" content=\"https:\/\/www.facebook.com\/secreteleluilovendal\" \/>\n<meta property=\"article:published_time\" content=\"2020-07-16T05:42:12+00:00\" \/>\n<meta property=\"og:image\" content=\"https:\/\/www.lovendal.ro\/wp52\/wp-content\/uploads\/2020\/07\/noul-coronavirus.jpg\" \/>\n\t<meta property=\"og:image:width\" content=\"358\" \/>\n\t<meta property=\"og:image:height\" content=\"325\" \/>\n\t<meta property=\"og:image:type\" content=\"image\/jpeg\" \/>\n<meta name=\"author\" content=\"admin\" \/>\n<meta name=\"twitter:card\" content=\"summary_large_image\" \/>\n<meta name=\"twitter:label1\" content=\"Scris de\" \/>\n\t<meta name=\"twitter:data1\" content=\"admin\" \/>\n\t<meta name=\"twitter:label2\" content=\"Timp estimat pentru citire\" \/>\n\t<meta name=\"twitter:data2\" content=\"2 minute\" \/>\n<script type=\"application\/ld+json\" class=\"yoast-schema-graph\">{\"@context\":\"https:\\\/\\\/schema.org\",\"@graph\":[{\"@type\":\"Article\",\"@id\":\"https:\\\/\\\/www.lovendal.ro\\\/wp52\\\/un-caz-socant-cu-57-de-marinari-argentinieni-ii-lasa-perplecsi-pe-cercetatori-noul-coronavirus-s-a-aflat-de-mult-timp-pe-terra-dar-ceva-l-a-inflamat\\\/#article\",\"isPartOf\":{\"@id\":\"https:\\\/\\\/www.lovendal.ro\\\/wp52\\\/un-caz-socant-cu-57-de-marinari-argentinieni-ii-lasa-perplecsi-pe-cercetatori-noul-coronavirus-s-a-aflat-de-mult-timp-pe-terra-dar-ceva-l-a-inflamat\\\/\"},\"author\":{\"name\":\"admin\",\"@id\":\"https:\\\/\\\/www.lovendal.ro\\\/wp52\\\/#\\\/schema\\\/person\\\/088691de5dfc346bb0c023e1e52ef5d9\"},\"headline\":\"Un caz \u015focant cu 57 de marinari argentinieni \u00eei las\u0103 perplec\u015fi pe cercet\u0103tori. Noul coronavirus s-a aflat de mult timp pe Terra, dar ceva &#8222;l-a inflamat&#8221;?\",\"datePublished\":\"2020-07-16T05:42:12+00:00\",\"mainEntityOfPage\":{\"@id\":\"https:\\\/\\\/www.lovendal.ro\\\/wp52\\\/un-caz-socant-cu-57-de-marinari-argentinieni-ii-lasa-perplecsi-pe-cercetatori-noul-coronavirus-s-a-aflat-de-mult-timp-pe-terra-dar-ceva-l-a-inflamat\\\/\"},\"wordCount\":472,\"publisher\":{\"@id\":\"https:\\\/\\\/www.lovendal.ro\\\/wp52\\\/#organization\"},\"image\":{\"@id\":\"https:\\\/\\\/www.lovendal.ro\\\/wp52\\\/un-caz-socant-cu-57-de-marinari-argentinieni-ii-lasa-perplecsi-pe-cercetatori-noul-coronavirus-s-a-aflat-de-mult-timp-pe-terra-dar-ceva-l-a-inflamat\\\/#primaryimage\"},\"thumbnailUrl\":\"https:\\\/\\\/www.lovendal.ro\\\/wp52\\\/wp-content\\\/uploads\\\/2020\\\/07\\\/noul-coronavirus.jpg\",\"keywords\":[\"ape\",\"Argentina\",\"Barcelona\",\"Brazilia\",\"coronavirus\",\"Covid-2019\",\"Europa\",\"gripa spaniol\u0103\",\"hotel\",\"interviu\",\"Italia\",\"marinari\",\"Medicina\",\"Milano\",\"Oxford\",\"port\",\"Samoa de Vest\",\"spital\",\"Torino\",\"universitate\",\"vas\",\"virus\"],\"articleSection\":[\"Medicina\"],\"inLanguage\":\"ro-RO\"},{\"@type\":\"WebPage\",\"@id\":\"https:\\\/\\\/www.lovendal.ro\\\/wp52\\\/un-caz-socant-cu-57-de-marinari-argentinieni-ii-lasa-perplecsi-pe-cercetatori-noul-coronavirus-s-a-aflat-de-mult-timp-pe-terra-dar-ceva-l-a-inflamat\\\/\",\"url\":\"https:\\\/\\\/www.lovendal.ro\\\/wp52\\\/un-caz-socant-cu-57-de-marinari-argentinieni-ii-lasa-perplecsi-pe-cercetatori-noul-coronavirus-s-a-aflat-de-mult-timp-pe-terra-dar-ceva-l-a-inflamat\\\/\",\"name\":\"Un caz \u015focant cu 57 de marinari argentinieni \u00eei las\u0103 perplec\u015fi pe cercet\u0103tori. Noul coronavirus s-a aflat de mult timp pe Terra, dar ceva \\\"l-a inflamat\\\"? - Secretele lui Lovendal\",\"isPartOf\":{\"@id\":\"https:\\\/\\\/www.lovendal.ro\\\/wp52\\\/#website\"},\"primaryImageOfPage\":{\"@id\":\"https:\\\/\\\/www.lovendal.ro\\\/wp52\\\/un-caz-socant-cu-57-de-marinari-argentinieni-ii-lasa-perplecsi-pe-cercetatori-noul-coronavirus-s-a-aflat-de-mult-timp-pe-terra-dar-ceva-l-a-inflamat\\\/#primaryimage\"},\"image\":{\"@id\":\"https:\\\/\\\/www.lovendal.ro\\\/wp52\\\/un-caz-socant-cu-57-de-marinari-argentinieni-ii-lasa-perplecsi-pe-cercetatori-noul-coronavirus-s-a-aflat-de-mult-timp-pe-terra-dar-ceva-l-a-inflamat\\\/#primaryimage\"},\"thumbnailUrl\":\"https:\\\/\\\/www.lovendal.ro\\\/wp52\\\/wp-content\\\/uploads\\\/2020\\\/07\\\/noul-coronavirus.jpg\",\"datePublished\":\"2020-07-16T05:42:12+00:00\",\"breadcrumb\":{\"@id\":\"https:\\\/\\\/www.lovendal.ro\\\/wp52\\\/un-caz-socant-cu-57-de-marinari-argentinieni-ii-lasa-perplecsi-pe-cercetatori-noul-coronavirus-s-a-aflat-de-mult-timp-pe-terra-dar-ceva-l-a-inflamat\\\/#breadcrumb\"},\"inLanguage\":\"ro-RO\",\"potentialAction\":[{\"@type\":\"ReadAction\",\"target\":[\"https:\\\/\\\/www.lovendal.ro\\\/wp52\\\/un-caz-socant-cu-57-de-marinari-argentinieni-ii-lasa-perplecsi-pe-cercetatori-noul-coronavirus-s-a-aflat-de-mult-timp-pe-terra-dar-ceva-l-a-inflamat\\\/\"]}]},{\"@type\":\"ImageObject\",\"inLanguage\":\"ro-RO\",\"@id\":\"https:\\\/\\\/www.lovendal.ro\\\/wp52\\\/un-caz-socant-cu-57-de-marinari-argentinieni-ii-lasa-perplecsi-pe-cercetatori-noul-coronavirus-s-a-aflat-de-mult-timp-pe-terra-dar-ceva-l-a-inflamat\\\/#primaryimage\",\"url\":\"https:\\\/\\\/www.lovendal.ro\\\/wp52\\\/wp-content\\\/uploads\\\/2020\\\/07\\\/noul-coronavirus.jpg\",\"contentUrl\":\"https:\\\/\\\/www.lovendal.ro\\\/wp52\\\/wp-content\\\/uploads\\\/2020\\\/07\\\/noul-coronavirus.jpg\",\"width\":358,\"height\":325,\"caption\":\"Imagine: pixabay.com (Commons Creative - free)\"},{\"@type\":\"BreadcrumbList\",\"@id\":\"https:\\\/\\\/www.lovendal.ro\\\/wp52\\\/un-caz-socant-cu-57-de-marinari-argentinieni-ii-lasa-perplecsi-pe-cercetatori-noul-coronavirus-s-a-aflat-de-mult-timp-pe-terra-dar-ceva-l-a-inflamat\\\/#breadcrumb\",\"itemListElement\":[{\"@type\":\"ListItem\",\"position\":1,\"name\":\"Home\",\"item\":\"https:\\\/\\\/www.lovendal.ro\\\/wp52\\\/\"},{\"@type\":\"ListItem\",\"position\":2,\"name\":\"Un caz \u015focant cu 57 de marinari argentinieni \u00eei las\u0103 perplec\u015fi pe cercet\u0103tori. Noul coronavirus s-a aflat de mult timp pe Terra, dar ceva &#8222;l-a inflamat&#8221;?\"}]},{\"@type\":\"WebSite\",\"@id\":\"https:\\\/\\\/www.lovendal.ro\\\/wp52\\\/#website\",\"url\":\"https:\\\/\\\/www.lovendal.ro\\\/wp52\\\/\",\"name\":\"Secretele lui Lovendal\",\"description\":\"Site de secrete, stiinta si metafizica - din 2008 -\",\"publisher\":{\"@id\":\"https:\\\/\\\/www.lovendal.ro\\\/wp52\\\/#organization\"},\"potentialAction\":[{\"@type\":\"SearchAction\",\"target\":{\"@type\":\"EntryPoint\",\"urlTemplate\":\"https:\\\/\\\/www.lovendal.ro\\\/wp52\\\/?s={search_term_string}\"},\"query-input\":{\"@type\":\"PropertyValueSpecification\",\"valueRequired\":true,\"valueName\":\"search_term_string\"}}],\"inLanguage\":\"ro-RO\"},{\"@type\":\"Organization\",\"@id\":\"https:\\\/\\\/www.lovendal.ro\\\/wp52\\\/#organization\",\"name\":\"Secretele lui Lovendal\",\"url\":\"https:\\\/\\\/www.lovendal.ro\\\/wp52\\\/\",\"logo\":{\"@type\":\"ImageObject\",\"inLanguage\":\"ro-RO\",\"@id\":\"https:\\\/\\\/www.lovendal.ro\\\/wp52\\\/#\\\/schema\\\/logo\\\/image\\\/\",\"url\":\"https:\\\/\\\/www.lovendal.ro\\\/wp52\\\/wp-content\\\/uploads\\\/2024\\\/06\\\/cropped-SLL-iun-2024-1.jpg\",\"contentUrl\":\"https:\\\/\\\/www.lovendal.ro\\\/wp52\\\/wp-content\\\/uploads\\\/2024\\\/06\\\/cropped-SLL-iun-2024-1.jpg\",\"width\":771,\"height\":240,\"caption\":\"Secretele lui Lovendal\"},\"image\":{\"@id\":\"https:\\\/\\\/www.lovendal.ro\\\/wp52\\\/#\\\/schema\\\/logo\\\/image\\\/\"},\"sameAs\":[\"https:\\\/\\\/www.facebook.com\\\/secreteleluilovendal\"]},{\"@type\":\"Person\",\"@id\":\"https:\\\/\\\/www.lovendal.ro\\\/wp52\\\/#\\\/schema\\\/person\\\/088691de5dfc346bb0c023e1e52ef5d9\",\"name\":\"admin\",\"image\":{\"@type\":\"ImageObject\",\"inLanguage\":\"ro-RO\",\"@id\":\"https:\\\/\\\/secure.gravatar.com\\\/avatar\\\/ecb9cd41f5f63c9c9b989999a59f6e2639a865ec361e9db054db0679a8f341c2?s=96&d=mm&r=g\",\"url\":\"https:\\\/\\\/secure.gravatar.com\\\/avatar\\\/ecb9cd41f5f63c9c9b989999a59f6e2639a865ec361e9db054db0679a8f341c2?s=96&d=mm&r=g\",\"contentUrl\":\"https:\\\/\\\/secure.gravatar.com\\\/avatar\\\/ecb9cd41f5f63c9c9b989999a59f6e2639a865ec361e9db054db0679a8f341c2?s=96&d=mm&r=g\",\"caption\":\"admin\"},\"sameAs\":[\"https:\\\/\\\/www.lovendal.ro\\\/wp52\"]}]}<\/script>\n<!-- \/ Yoast SEO Premium plugin. -->","yoast_head_json":{"title":"Un caz \u015focant cu 57 de marinari argentinieni \u00eei las\u0103 perplec\u015fi pe cercet\u0103tori. Noul coronavirus s-a aflat de mult timp pe Terra, dar ceva \"l-a inflamat\"? - Secretele lui Lovendal","robots":{"index":"index","follow":"follow","max-snippet":"max-snippet:-1","max-image-preview":"max-image-preview:large","max-video-preview":"max-video-preview:-1"},"canonical":"https:\/\/www.lovendal.ro\/wp52\/un-caz-socant-cu-57-de-marinari-argentinieni-ii-lasa-perplecsi-pe-cercetatori-noul-coronavirus-s-a-aflat-de-mult-timp-pe-terra-dar-ceva-l-a-inflamat\/","og_locale":"ro_RO","og_type":"article","og_title":"Un caz \u015focant cu 57 de marinari argentinieni \u00eei las\u0103 perplec\u015fi pe cercet\u0103tori. Noul coronavirus s-a aflat de mult timp pe Terra, dar ceva \"l-a inflamat\"?","og_description":"A\u015fa cum spune o \u015ftire Euronews de pe 15 iulie 2020, oamenii de \u015ftiin\u0163\u0103 se confrunt\u0103 cu un mare mister: 57 de marinari au fost contamina\u0163i cu noul coronavirus dup\u0103 ce au petrecut 35 de zile pe mare, iar \u00eentregul ... Cititi mai multe","og_url":"https:\/\/www.lovendal.ro\/wp52\/un-caz-socant-cu-57-de-marinari-argentinieni-ii-lasa-perplecsi-pe-cercetatori-noul-coronavirus-s-a-aflat-de-mult-timp-pe-terra-dar-ceva-l-a-inflamat\/","og_site_name":"Secretele lui Lovendal","article_publisher":"https:\/\/www.facebook.com\/secreteleluilovendal","article_published_time":"2020-07-16T05:42:12+00:00","og_image":[{"width":358,"height":325,"url":"https:\/\/www.lovendal.ro\/wp52\/wp-content\/uploads\/2020\/07\/noul-coronavirus.jpg","type":"image\/jpeg"}],"author":"admin","twitter_card":"summary_large_image","twitter_misc":{"Scris de":"admin","Timp estimat pentru citire":"2 minute"},"schema":{"@context":"https:\/\/schema.org","@graph":[{"@type":"Article","@id":"https:\/\/www.lovendal.ro\/wp52\/un-caz-socant-cu-57-de-marinari-argentinieni-ii-lasa-perplecsi-pe-cercetatori-noul-coronavirus-s-a-aflat-de-mult-timp-pe-terra-dar-ceva-l-a-inflamat\/#article","isPartOf":{"@id":"https:\/\/www.lovendal.ro\/wp52\/un-caz-socant-cu-57-de-marinari-argentinieni-ii-lasa-perplecsi-pe-cercetatori-noul-coronavirus-s-a-aflat-de-mult-timp-pe-terra-dar-ceva-l-a-inflamat\/"},"author":{"name":"admin","@id":"https:\/\/www.lovendal.ro\/wp52\/#\/schema\/person\/088691de5dfc346bb0c023e1e52ef5d9"},"headline":"Un caz \u015focant cu 57 de marinari argentinieni \u00eei las\u0103 perplec\u015fi pe cercet\u0103tori. Noul coronavirus s-a aflat de mult timp pe Terra, dar ceva &#8222;l-a inflamat&#8221;?","datePublished":"2020-07-16T05:42:12+00:00","mainEntityOfPage":{"@id":"https:\/\/www.lovendal.ro\/wp52\/un-caz-socant-cu-57-de-marinari-argentinieni-ii-lasa-perplecsi-pe-cercetatori-noul-coronavirus-s-a-aflat-de-mult-timp-pe-terra-dar-ceva-l-a-inflamat\/"},"wordCount":472,"publisher":{"@id":"https:\/\/www.lovendal.ro\/wp52\/#organization"},"image":{"@id":"https:\/\/www.lovendal.ro\/wp52\/un-caz-socant-cu-57-de-marinari-argentinieni-ii-lasa-perplecsi-pe-cercetatori-noul-coronavirus-s-a-aflat-de-mult-timp-pe-terra-dar-ceva-l-a-inflamat\/#primaryimage"},"thumbnailUrl":"https:\/\/www.lovendal.ro\/wp52\/wp-content\/uploads\/2020\/07\/noul-coronavirus.jpg","keywords":["ape","Argentina","Barcelona","Brazilia","coronavirus","Covid-2019","Europa","gripa spaniol\u0103","hotel","interviu","Italia","marinari","Medicina","Milano","Oxford","port","Samoa de Vest","spital","Torino","universitate","vas","virus"],"articleSection":["Medicina"],"inLanguage":"ro-RO"},{"@type":"WebPage","@id":"https:\/\/www.lovendal.ro\/wp52\/un-caz-socant-cu-57-de-marinari-argentinieni-ii-lasa-perplecsi-pe-cercetatori-noul-coronavirus-s-a-aflat-de-mult-timp-pe-terra-dar-ceva-l-a-inflamat\/","url":"https:\/\/www.lovendal.ro\/wp52\/un-caz-socant-cu-57-de-marinari-argentinieni-ii-lasa-perplecsi-pe-cercetatori-noul-coronavirus-s-a-aflat-de-mult-timp-pe-terra-dar-ceva-l-a-inflamat\/","name":"Un caz \u015focant cu 57 de marinari argentinieni \u00eei las\u0103 perplec\u015fi pe cercet\u0103tori. Noul coronavirus s-a aflat de mult timp pe Terra, dar ceva \"l-a inflamat\"? - Secretele lui Lovendal","isPartOf":{"@id":"https:\/\/www.lovendal.ro\/wp52\/#website"},"primaryImageOfPage":{"@id":"https:\/\/www.lovendal.ro\/wp52\/un-caz-socant-cu-57-de-marinari-argentinieni-ii-lasa-perplecsi-pe-cercetatori-noul-coronavirus-s-a-aflat-de-mult-timp-pe-terra-dar-ceva-l-a-inflamat\/#primaryimage"},"image":{"@id":"https:\/\/www.lovendal.ro\/wp52\/un-caz-socant-cu-57-de-marinari-argentinieni-ii-lasa-perplecsi-pe-cercetatori-noul-coronavirus-s-a-aflat-de-mult-timp-pe-terra-dar-ceva-l-a-inflamat\/#primaryimage"},"thumbnailUrl":"https:\/\/www.lovendal.ro\/wp52\/wp-content\/uploads\/2020\/07\/noul-coronavirus.jpg","datePublished":"2020-07-16T05:42:12+00:00","breadcrumb":{"@id":"https:\/\/www.lovendal.ro\/wp52\/un-caz-socant-cu-57-de-marinari-argentinieni-ii-lasa-perplecsi-pe-cercetatori-noul-coronavirus-s-a-aflat-de-mult-timp-pe-terra-dar-ceva-l-a-inflamat\/#breadcrumb"},"inLanguage":"ro-RO","potentialAction":[{"@type":"ReadAction","target":["https:\/\/www.lovendal.ro\/wp52\/un-caz-socant-cu-57-de-marinari-argentinieni-ii-lasa-perplecsi-pe-cercetatori-noul-coronavirus-s-a-aflat-de-mult-timp-pe-terra-dar-ceva-l-a-inflamat\/"]}]},{"@type":"ImageObject","inLanguage":"ro-RO","@id":"https:\/\/www.lovendal.ro\/wp52\/un-caz-socant-cu-57-de-marinari-argentinieni-ii-lasa-perplecsi-pe-cercetatori-noul-coronavirus-s-a-aflat-de-mult-timp-pe-terra-dar-ceva-l-a-inflamat\/#primaryimage","url":"https:\/\/www.lovendal.ro\/wp52\/wp-content\/uploads\/2020\/07\/noul-coronavirus.jpg","contentUrl":"https:\/\/www.lovendal.ro\/wp52\/wp-content\/uploads\/2020\/07\/noul-coronavirus.jpg","width":358,"height":325,"caption":"Imagine: pixabay.com (Commons Creative - free)"},{"@type":"BreadcrumbList","@id":"https:\/\/www.lovendal.ro\/wp52\/un-caz-socant-cu-57-de-marinari-argentinieni-ii-lasa-perplecsi-pe-cercetatori-noul-coronavirus-s-a-aflat-de-mult-timp-pe-terra-dar-ceva-l-a-inflamat\/#breadcrumb","itemListElement":[{"@type":"ListItem","position":1,"name":"Home","item":"https:\/\/www.lovendal.ro\/wp52\/"},{"@type":"ListItem","position":2,"name":"Un caz \u015focant cu 57 de marinari argentinieni \u00eei las\u0103 perplec\u015fi pe cercet\u0103tori. Noul coronavirus s-a aflat de mult timp pe Terra, dar ceva &#8222;l-a inflamat&#8221;?"}]},{"@type":"WebSite","@id":"https:\/\/www.lovendal.ro\/wp52\/#website","url":"https:\/\/www.lovendal.ro\/wp52\/","name":"Secretele lui Lovendal","description":"Site de secrete, stiinta si metafizica - din 2008 -","publisher":{"@id":"https:\/\/www.lovendal.ro\/wp52\/#organization"},"potentialAction":[{"@type":"SearchAction","target":{"@type":"EntryPoint","urlTemplate":"https:\/\/www.lovendal.ro\/wp52\/?s={search_term_string}"},"query-input":{"@type":"PropertyValueSpecification","valueRequired":true,"valueName":"search_term_string"}}],"inLanguage":"ro-RO"},{"@type":"Organization","@id":"https:\/\/www.lovendal.ro\/wp52\/#organization","name":"Secretele lui Lovendal","url":"https:\/\/www.lovendal.ro\/wp52\/","logo":{"@type":"ImageObject","inLanguage":"ro-RO","@id":"https:\/\/www.lovendal.ro\/wp52\/#\/schema\/logo\/image\/","url":"https:\/\/www.lovendal.ro\/wp52\/wp-content\/uploads\/2024\/06\/cropped-SLL-iun-2024-1.jpg","contentUrl":"https:\/\/www.lovendal.ro\/wp52\/wp-content\/uploads\/2024\/06\/cropped-SLL-iun-2024-1.jpg","width":771,"height":240,"caption":"Secretele lui Lovendal"},"image":{"@id":"https:\/\/www.lovendal.ro\/wp52\/#\/schema\/logo\/image\/"},"sameAs":["https:\/\/www.facebook.com\/secreteleluilovendal"]},{"@type":"Person","@id":"https:\/\/www.lovendal.ro\/wp52\/#\/schema\/person\/088691de5dfc346bb0c023e1e52ef5d9","name":"admin","image":{"@type":"ImageObject","inLanguage":"ro-RO","@id":"https:\/\/secure.gravatar.com\/avatar\/ecb9cd41f5f63c9c9b989999a59f6e2639a865ec361e9db054db0679a8f341c2?s=96&d=mm&r=g","url":"https:\/\/secure.gravatar.com\/avatar\/ecb9cd41f5f63c9c9b989999a59f6e2639a865ec361e9db054db0679a8f341c2?s=96&d=mm&r=g","contentUrl":"https:\/\/secure.gravatar.com\/avatar\/ecb9cd41f5f63c9c9b989999a59f6e2639a865ec361e9db054db0679a8f341c2?s=96&d=mm&r=g","caption":"admin"},"sameAs":["https:\/\/www.lovendal.ro\/wp52"]}]}},"_links":{"self":[{"href":"https:\/\/www.lovendal.ro\/wp52\/wp-json\/wp\/v2\/posts\/70578","targetHints":{"allow":["GET"]}}],"collection":[{"href":"https:\/\/www.lovendal.ro\/wp52\/wp-json\/wp\/v2\/posts"}],"about":[{"href":"https:\/\/www.lovendal.ro\/wp52\/wp-json\/wp\/v2\/types\/post"}],"author":[{"embeddable":true,"href":"https:\/\/www.lovendal.ro\/wp52\/wp-json\/wp\/v2\/users\/1"}],"replies":[{"embeddable":true,"href":"https:\/\/www.lovendal.ro\/wp52\/wp-json\/wp\/v2\/comments?post=70578"}],"version-history":[{"count":0,"href":"https:\/\/www.lovendal.ro\/wp52\/wp-json\/wp\/v2\/posts\/70578\/revisions"}],"wp:featuredmedia":[{"embeddable":true,"href":"https:\/\/www.lovendal.ro\/wp52\/wp-json\/wp\/v2\/media\/70581"}],"wp:attachment":[{"href":"https:\/\/www.lovendal.ro\/wp52\/wp-json\/wp\/v2\/media?parent=70578"}],"wp:term":[{"taxonomy":"category","embeddable":true,"href":"https:\/\/www.lovendal.ro\/wp52\/wp-json\/wp\/v2\/categories?post=70578"},{"taxonomy":"post_tag","embeddable":true,"href":"https:\/\/www.lovendal.ro\/wp52\/wp-json\/wp\/v2\/tags?post=70578"}],"curies":[{"name":"wp","href":"https:\/\/api.w.org\/{rel}","templated":true}]}}