{"id":7048,"date":"2009-08-22T11:16:15","date_gmt":"2009-08-22T08:16:15","guid":{"rendered":"http:\/\/www.lovendal.net\/wp52\/?p=7048"},"modified":"2009-08-22T11:16:15","modified_gmt":"2009-08-22T08:16:15","slug":"cum-ne-a-luat-si-pielea-de-pe-noi-poporul-sovietic-prieten-in-1944","status":"publish","type":"post","link":"https:\/\/www.lovendal.ro\/wp52\/cum-ne-a-luat-si-pielea-de-pe-noi-poporul-sovietic-prieten-in-1944\/","title":{"rendered":"Cum ne-a luat \u015fi pielea de pe noi &#8222;poporul sovietic prieten&#8221; \u00een 1944"},"content":{"rendered":"<p><a href=\"https:\/\/www.lovendal.ro\/wp52\/wp-content\/uploads\/2009\/08\/cccp-20.jpg\"><img loading=\"lazy\" decoding=\"async\" class=\"alignleft size-full wp-image-7049\" title=\"cccp 20\" src=\"https:\/\/www.lovendal.ro\/wp52\/wp-content\/uploads\/2009\/08\/cccp-20.jpg\" alt=\"cccp 20\" width=\"309\" height=\"296\" srcset=\"https:\/\/www.lovendal.ro\/wp52\/wp-content\/uploads\/2009\/08\/cccp-20.jpg 309w, https:\/\/www.lovendal.ro\/wp52\/wp-content\/uploads\/2009\/08\/cccp-20-300x287.jpg 300w\" sizes=\"auto, (max-width: 309px) 100vw, 309px\" \/><\/a>Precum se \u015ftie, la 23 august 1944 a avut loc o lovitur\u0103 de stat, \u00een urma c\u0103reia Rom\u00e2nia a \u00eencetat s\u0103 mai lupte al\u0103turi de Germania nazist\u0103 \u00een cel de-al doilea r\u0103zboi mondial \u015fi a trecut de partea &#8222;alia\u0163ilor&#8221;, adic\u0103 URSS, Marea Britanie, Fran\u0163a \u015fi SUA. \u00centre 10 \u015fi 13 septembrie 1944, la Moscova are loc negocierea pentru \u00eencheierea Conven\u0163iei de armisti\u0163iu dintre Rom\u00e2nia \u015fi U.R.S.S., \u00een numele Na\u0163iunilor Unite. La aceste negocieri au participat \u015fi delega\u0163ii britanice \u015fi americane.<\/p>\n<p>Din delega\u0163ia rom\u00e2n\u0103 fac parte: Lucre\u0163iu P\u0103tr\u0103\u015fcanu, Ministru de Stat, General Adjunct D\u0103m\u0103ceanu, Subsecretar de Stat al Afacerilor Interne, Principele Barbu \u015etirbey, fost pre\u015fedinte\u00a0 al Consiliului de Mini\u015ftri, Gheorghe Pop, Gheorghe Gussi, Consilier de Lega\u0163ie, Secretar General al Delega\u0163iunii. Delega\u0163ia sovietic\u0103 era compus\u0103 din Molotov, Comisarul Afacerilor Str\u0103ine al Uniunii Sovietice, V\u00ee\u015finski, Manuilski \u015fi Maiski, comisari adjunc\u0163i, generalul Vinogradov \u015fi amiralul Bogdenko. \u00cen sala unde au avut loc negocierile, mai erau prezen\u0163i, a\u015fa cum am precizat mai sus, \u015fi delega\u0163ii britanice \u015fi americane.<\/p>\n<p>La punctul 11 al armisti\u0163iului de la Moscova, se prevedea faptul ca Rom\u00e2nia s\u0103 pl\u0103teasc\u0103 suma de 300 de milioane de dolari americani drept desp\u0103gubiri pentru invazia URSS. Iat\u0103 ce argumenta ministrul sovietic de externe, Molotov, pentru sus\u0163inerea acestui punct:<\/p>\n<p>Molotov: <em>&#8222;Textul este punctul de vedere al celor trei guverne aliate, iar trupele Uniunii Sovietice g\u0103sindu-se pe teritoriul s\u0103u, ar putea s\u0103 spun\u0103 mai mult. 300 milioane dolari nu este dec\u00e2t o parte a desp\u0103gubirilor. Ar fi u\u015for s\u0103 prezint argumente destul de tari pentru men\u0163ionarea acestei cifre. Guvernul sovietic are la dispozi\u0163ia sa destule dovezi pentru a ar\u0103ta c\u0103 300 milioane dolari este o sum\u0103 mic\u0103 \u015fi nu reprezint\u0103 dec\u00e2t 1\/3 a pagubelor. Nu vorbesc de oamenii pierdu\u0163i, de femeile b\u0103tr\u00e2ne \u015fi copiii disp\u0103ru\u0163i. \u00cemi \u00eendrept \u00eens\u0103 privirile c\u0103tre viitor. M\u0103 g\u00e2ndesc c\u0103 Rom\u00e2nia duce r\u0103zboi contra Germaniei \u015fi Ungariei \u00eempreun\u0103 cu Uniunea Sovietic\u0103 \u015fi alia\u0163ii s\u0103i. Pentru aceasta cred c\u0103 cele 300 milioane dolari nu reprezint\u0103 dec\u00e2t acest punct de vedere. Popoarele vecine trebuie s\u0103 se g\u00e2ndeasc\u0103 la viitor. 50 de milioane de dolari anual este o mic\u0103 parte a pagubelor \u015fi mic\u0103 fa\u0163\u0103 de bog\u0103\u0163iile na\u0163ionale ale Rom\u00e2niei. Acestea sunt motivele care stau la baza acestui articol. Sunt m\u00e2ndru c\u0103 alia\u0163ii no\u015ftri apreciaz\u0103 justi\u0163ia noastr\u0103&#8221;.<\/em><\/p>\n<p>Christu, alt membru al delega\u0163iei rom\u00e2ne contra-argumenteaz\u0103 la aceast\u0103 cerere uria\u015f\u0103 a sovieticilor:<\/p>\n<p>Christu: <em>&#8222;Recunosc valabilitatea documentelor \u015fi sunt recunosc\u0103tor Dlui Molotov pentru frumoasele l\u0103muriri, dar m\u0103 \u00eentreb cum se va face plata \u015fi \u00een orice caz vom putea pl\u0103ti \u015fi pentru aceasta cer inegalitatea unit\u0103\u0163ilor. Adic\u0103, anuit\u0103\u0163ile din ultimii ani s\u0103 fie mai mari dec\u00e2t primele. Rom\u00e2nia va ie\u015fi din acest r\u0103zboi foarte sl\u0103bit\u0103 \u015fi cu foarte mari sarcini economice, a\u015fa c\u0103 este natural ca \u00een primul an s\u0103 fie chiar dispensat\u0103 de plat\u0103, \u00een anul al doilea anuitatea s\u0103 fie mic\u0103 \u015fi corespunz\u0103toare posibilit\u0103\u0163ilor ei de plat\u0103 ca restul pl\u0103\u0163ilor s\u0103 apese mai mult \u00een anii din urm\u0103 c\u00e2nd este de a\u015fteptat o reluare mai normal\u0103 a activit\u0103\u0163ii generale a \u0163\u0103rii&#8221;.<\/em><\/p>\n<p>La care, Molotov, intervine:<em> &#8222;Recunosc argumentele D. Christu, mai ales \u015fi reamintesc acest fapt c\u0103 Rom\u00e2nia va pl\u0103ti desp\u0103gubiri \u015fi celorlal\u0163i alia\u0163i dar argumentele D. Christu sunt unilaterale \u015fi se ignoreaz\u0103 multe fapte. Pot s\u0103 adaug c\u0103 niciun cet\u0103\u0163ean sovietic nu va \u00een\u0163elege vreo rectifica\u0163iune \u00een aceast\u0103 privin\u0163\u0103. D. Maiski poate s\u0103 spun\u0103 care este venitul fiec\u0103rei na\u0163iuni. Venitul Rom\u00e2niei este socotit la 2 miliarde dolari anual.&#8221;<\/em><\/p>\n<p>Christu, intervine \u015fi el la r\u00e2ndul s\u0103u \u015fi afirm\u0103: <em>&#8222;Nu recunosc aceast\u0103 sum\u0103 de 2 miliarde dolari anual \u015fi nu \u015ftiu de unde Dl. Maiski a g\u0103sit-o. Baz\u00e2ndu-m\u0103 pe studiile \u015fi textele oficiale ale Societ\u0103\u0163ii Na\u0163iunilor, venitul na\u0163ional al Rom\u00e2niei nu se ridic\u0103 la mai mult de 600 milioane dolari anual.&#8221;<\/em><\/p>\n<p>Deci, iat\u0103 cum sovieticii ne-au luat jum\u0103tate din venitul na\u0163ional al \u0163\u0103rii, la banii de ast\u0103zi \u00eensemn\u00e2nd suma de&#8230;100 miliarde de dolari!<\/p>\n","protected":false},"excerpt":{"rendered":"<p>Precum se \u015ftie, la 23 august 1944 a avut loc o lovitur\u0103 de stat, \u00een urma c\u0103reia Rom\u00e2nia a \u00eencetat s\u0103 mai lupte al\u0103turi de Germania nazist\u0103 \u00een cel de-al doilea r\u0103zboi mondial \u015fi a trecut de partea &#8222;alia\u0163ilor&#8221;, adic\u0103 &#8230; <\/p>\n<p class=\"read-more-container\"><a title=\"Cum ne-a luat \u015fi pielea de pe noi &#8222;poporul sovietic prieten&#8221; \u00een 1944\" class=\"read-more button\" href=\"https:\/\/www.lovendal.ro\/wp52\/cum-ne-a-luat-si-pielea-de-pe-noi-poporul-sovietic-prieten-in-1944\/#more-7048\" aria-label=\"Cite\u0219te mai multe despre Cum ne-a luat \u015fi pielea de pe noi &#8222;poporul sovietic prieten&#8221; \u00een 1944\">Cititi mai multe<\/a><\/p>\n","protected":false},"author":1,"featured_media":7049,"comment_status":"open","ping_status":"closed","sticky":false,"template":"","format":"standard","meta":{"footnotes":""},"categories":[9],"tags":[1050,1532,1981,74,298],"class_list":["post-7048","post","type-post","status-publish","format-standard","has-post-thumbnail","hentry","category-istorie","tag-cel-de-al-2-lea-razboi-mondial","tag-istorie-si-civilizatii","tag-molotov","tag-romania","tag-urss","resize-featured-image"],"yoast_head":"<!-- This site is optimized with the Yoast SEO Premium plugin v23.3 (Yoast SEO v27.4) - https:\/\/yoast.com\/product\/yoast-seo-premium-wordpress\/ -->\n<title>Cum ne-a luat \u015fi pielea de pe noi &quot;poporul sovietic prieten&quot; \u00een 1944 - Secretele lui Lovendal<\/title>\n<meta name=\"robots\" content=\"index, follow, max-snippet:-1, max-image-preview:large, max-video-preview:-1\" \/>\n<link rel=\"canonical\" href=\"https:\/\/www.lovendal.ro\/wp52\/cum-ne-a-luat-si-pielea-de-pe-noi-poporul-sovietic-prieten-in-1944\/\" \/>\n<meta property=\"og:locale\" content=\"ro_RO\" \/>\n<meta property=\"og:type\" content=\"article\" \/>\n<meta property=\"og:title\" content=\"Cum ne-a luat \u015fi pielea de pe noi &quot;poporul sovietic prieten&quot; \u00een 1944\" \/>\n<meta property=\"og:description\" content=\"Precum se \u015ftie, la 23 august 1944 a avut loc o lovitur\u0103 de stat, \u00een urma c\u0103reia Rom\u00e2nia a \u00eencetat s\u0103 mai lupte al\u0103turi de Germania nazist\u0103 \u00een cel de-al doilea r\u0103zboi mondial \u015fi a trecut de partea &#8222;alia\u0163ilor&#8221;, adic\u0103 ... Cititi mai multe\" \/>\n<meta property=\"og:url\" content=\"https:\/\/www.lovendal.ro\/wp52\/cum-ne-a-luat-si-pielea-de-pe-noi-poporul-sovietic-prieten-in-1944\/\" \/>\n<meta property=\"og:site_name\" content=\"Secretele lui Lovendal\" \/>\n<meta property=\"article:publisher\" content=\"https:\/\/www.facebook.com\/secreteleluilovendal\" \/>\n<meta property=\"article:published_time\" content=\"2009-08-22T08:16:15+00:00\" \/>\n<meta property=\"og:image\" content=\"https:\/\/www.lovendal.ro\/wp52\/wp-content\/uploads\/2009\/08\/cccp-20.jpg\" \/>\n\t<meta property=\"og:image:width\" content=\"309\" \/>\n\t<meta property=\"og:image:height\" content=\"296\" \/>\n\t<meta property=\"og:image:type\" content=\"image\/jpeg\" \/>\n<meta name=\"author\" content=\"admin\" \/>\n<meta name=\"twitter:card\" content=\"summary_large_image\" \/>\n<meta name=\"twitter:label1\" content=\"Scris de\" \/>\n\t<meta name=\"twitter:data1\" content=\"admin\" \/>\n\t<meta name=\"twitter:label2\" content=\"Timp estimat pentru citire\" \/>\n\t<meta name=\"twitter:data2\" content=\"4 minute\" \/>\n<script type=\"application\/ld+json\" class=\"yoast-schema-graph\">{\"@context\":\"https:\\\/\\\/schema.org\",\"@graph\":[{\"@type\":\"Article\",\"@id\":\"https:\\\/\\\/www.lovendal.ro\\\/wp52\\\/cum-ne-a-luat-si-pielea-de-pe-noi-poporul-sovietic-prieten-in-1944\\\/#article\",\"isPartOf\":{\"@id\":\"https:\\\/\\\/www.lovendal.ro\\\/wp52\\\/cum-ne-a-luat-si-pielea-de-pe-noi-poporul-sovietic-prieten-in-1944\\\/\"},\"author\":{\"name\":\"admin\",\"@id\":\"https:\\\/\\\/www.lovendal.ro\\\/wp52\\\/#\\\/schema\\\/person\\\/088691de5dfc346bb0c023e1e52ef5d9\"},\"headline\":\"Cum ne-a luat \u015fi pielea de pe noi &#8222;poporul sovietic prieten&#8221; \u00een 1944\",\"datePublished\":\"2009-08-22T08:16:15+00:00\",\"mainEntityOfPage\":{\"@id\":\"https:\\\/\\\/www.lovendal.ro\\\/wp52\\\/cum-ne-a-luat-si-pielea-de-pe-noi-poporul-sovietic-prieten-in-1944\\\/\"},\"wordCount\":739,\"commentCount\":3,\"publisher\":{\"@id\":\"https:\\\/\\\/www.lovendal.ro\\\/wp52\\\/#organization\"},\"image\":{\"@id\":\"https:\\\/\\\/www.lovendal.ro\\\/wp52\\\/cum-ne-a-luat-si-pielea-de-pe-noi-poporul-sovietic-prieten-in-1944\\\/#primaryimage\"},\"thumbnailUrl\":\"https:\\\/\\\/www.lovendal.ro\\\/wp52\\\/wp-content\\\/uploads\\\/2009\\\/08\\\/cccp-20.jpg\",\"keywords\":[\"cel de-al 2-lea r\u0103zboi mondial\",\"Istorie si Civilizatii\",\"Molotov\",\"Rom\u00e2nia\",\"URSS\"],\"articleSection\":[\"Istorie si Civilizatii\"],\"inLanguage\":\"ro-RO\",\"potentialAction\":[{\"@type\":\"CommentAction\",\"name\":\"Comment\",\"target\":[\"https:\\\/\\\/www.lovendal.ro\\\/wp52\\\/cum-ne-a-luat-si-pielea-de-pe-noi-poporul-sovietic-prieten-in-1944\\\/#respond\"]}]},{\"@type\":\"WebPage\",\"@id\":\"https:\\\/\\\/www.lovendal.ro\\\/wp52\\\/cum-ne-a-luat-si-pielea-de-pe-noi-poporul-sovietic-prieten-in-1944\\\/\",\"url\":\"https:\\\/\\\/www.lovendal.ro\\\/wp52\\\/cum-ne-a-luat-si-pielea-de-pe-noi-poporul-sovietic-prieten-in-1944\\\/\",\"name\":\"Cum ne-a luat \u015fi pielea de pe noi \\\"poporul sovietic prieten\\\" \u00een 1944 - Secretele lui Lovendal\",\"isPartOf\":{\"@id\":\"https:\\\/\\\/www.lovendal.ro\\\/wp52\\\/#website\"},\"primaryImageOfPage\":{\"@id\":\"https:\\\/\\\/www.lovendal.ro\\\/wp52\\\/cum-ne-a-luat-si-pielea-de-pe-noi-poporul-sovietic-prieten-in-1944\\\/#primaryimage\"},\"image\":{\"@id\":\"https:\\\/\\\/www.lovendal.ro\\\/wp52\\\/cum-ne-a-luat-si-pielea-de-pe-noi-poporul-sovietic-prieten-in-1944\\\/#primaryimage\"},\"thumbnailUrl\":\"https:\\\/\\\/www.lovendal.ro\\\/wp52\\\/wp-content\\\/uploads\\\/2009\\\/08\\\/cccp-20.jpg\",\"datePublished\":\"2009-08-22T08:16:15+00:00\",\"breadcrumb\":{\"@id\":\"https:\\\/\\\/www.lovendal.ro\\\/wp52\\\/cum-ne-a-luat-si-pielea-de-pe-noi-poporul-sovietic-prieten-in-1944\\\/#breadcrumb\"},\"inLanguage\":\"ro-RO\",\"potentialAction\":[{\"@type\":\"ReadAction\",\"target\":[\"https:\\\/\\\/www.lovendal.ro\\\/wp52\\\/cum-ne-a-luat-si-pielea-de-pe-noi-poporul-sovietic-prieten-in-1944\\\/\"]}]},{\"@type\":\"ImageObject\",\"inLanguage\":\"ro-RO\",\"@id\":\"https:\\\/\\\/www.lovendal.ro\\\/wp52\\\/cum-ne-a-luat-si-pielea-de-pe-noi-poporul-sovietic-prieten-in-1944\\\/#primaryimage\",\"url\":\"https:\\\/\\\/www.lovendal.ro\\\/wp52\\\/wp-content\\\/uploads\\\/2009\\\/08\\\/cccp-20.jpg\",\"contentUrl\":\"https:\\\/\\\/www.lovendal.ro\\\/wp52\\\/wp-content\\\/uploads\\\/2009\\\/08\\\/cccp-20.jpg\",\"width\":\"309\",\"height\":\"296\"},{\"@type\":\"BreadcrumbList\",\"@id\":\"https:\\\/\\\/www.lovendal.ro\\\/wp52\\\/cum-ne-a-luat-si-pielea-de-pe-noi-poporul-sovietic-prieten-in-1944\\\/#breadcrumb\",\"itemListElement\":[{\"@type\":\"ListItem\",\"position\":1,\"name\":\"Home\",\"item\":\"https:\\\/\\\/www.lovendal.ro\\\/wp52\\\/\"},{\"@type\":\"ListItem\",\"position\":2,\"name\":\"Cum ne-a luat \u015fi pielea de pe noi &#8222;poporul sovietic prieten&#8221; \u00een 1944\"}]},{\"@type\":\"WebSite\",\"@id\":\"https:\\\/\\\/www.lovendal.ro\\\/wp52\\\/#website\",\"url\":\"https:\\\/\\\/www.lovendal.ro\\\/wp52\\\/\",\"name\":\"Secretele lui Lovendal\",\"description\":\"Site de secrete, stiinta si metafizica - din 2008 -\",\"publisher\":{\"@id\":\"https:\\\/\\\/www.lovendal.ro\\\/wp52\\\/#organization\"},\"potentialAction\":[{\"@type\":\"SearchAction\",\"target\":{\"@type\":\"EntryPoint\",\"urlTemplate\":\"https:\\\/\\\/www.lovendal.ro\\\/wp52\\\/?s={search_term_string}\"},\"query-input\":{\"@type\":\"PropertyValueSpecification\",\"valueRequired\":true,\"valueName\":\"search_term_string\"}}],\"inLanguage\":\"ro-RO\"},{\"@type\":\"Organization\",\"@id\":\"https:\\\/\\\/www.lovendal.ro\\\/wp52\\\/#organization\",\"name\":\"Secretele lui Lovendal\",\"url\":\"https:\\\/\\\/www.lovendal.ro\\\/wp52\\\/\",\"logo\":{\"@type\":\"ImageObject\",\"inLanguage\":\"ro-RO\",\"@id\":\"https:\\\/\\\/www.lovendal.ro\\\/wp52\\\/#\\\/schema\\\/logo\\\/image\\\/\",\"url\":\"https:\\\/\\\/www.lovendal.ro\\\/wp52\\\/wp-content\\\/uploads\\\/2024\\\/06\\\/cropped-SLL-iun-2024-1.jpg\",\"contentUrl\":\"https:\\\/\\\/www.lovendal.ro\\\/wp52\\\/wp-content\\\/uploads\\\/2024\\\/06\\\/cropped-SLL-iun-2024-1.jpg\",\"width\":771,\"height\":240,\"caption\":\"Secretele lui Lovendal\"},\"image\":{\"@id\":\"https:\\\/\\\/www.lovendal.ro\\\/wp52\\\/#\\\/schema\\\/logo\\\/image\\\/\"},\"sameAs\":[\"https:\\\/\\\/www.facebook.com\\\/secreteleluilovendal\"]},{\"@type\":\"Person\",\"@id\":\"https:\\\/\\\/www.lovendal.ro\\\/wp52\\\/#\\\/schema\\\/person\\\/088691de5dfc346bb0c023e1e52ef5d9\",\"name\":\"admin\",\"image\":{\"@type\":\"ImageObject\",\"inLanguage\":\"ro-RO\",\"@id\":\"https:\\\/\\\/secure.gravatar.com\\\/avatar\\\/ecb9cd41f5f63c9c9b989999a59f6e2639a865ec361e9db054db0679a8f341c2?s=96&d=mm&r=g\",\"url\":\"https:\\\/\\\/secure.gravatar.com\\\/avatar\\\/ecb9cd41f5f63c9c9b989999a59f6e2639a865ec361e9db054db0679a8f341c2?s=96&d=mm&r=g\",\"contentUrl\":\"https:\\\/\\\/secure.gravatar.com\\\/avatar\\\/ecb9cd41f5f63c9c9b989999a59f6e2639a865ec361e9db054db0679a8f341c2?s=96&d=mm&r=g\",\"caption\":\"admin\"},\"sameAs\":[\"https:\\\/\\\/www.lovendal.ro\\\/wp52\"]}]}<\/script>\n<!-- \/ Yoast SEO Premium plugin. -->","yoast_head_json":{"title":"Cum ne-a luat \u015fi pielea de pe noi \"poporul sovietic prieten\" \u00een 1944 - Secretele lui Lovendal","robots":{"index":"index","follow":"follow","max-snippet":"max-snippet:-1","max-image-preview":"max-image-preview:large","max-video-preview":"max-video-preview:-1"},"canonical":"https:\/\/www.lovendal.ro\/wp52\/cum-ne-a-luat-si-pielea-de-pe-noi-poporul-sovietic-prieten-in-1944\/","og_locale":"ro_RO","og_type":"article","og_title":"Cum ne-a luat \u015fi pielea de pe noi \"poporul sovietic prieten\" \u00een 1944","og_description":"Precum se \u015ftie, la 23 august 1944 a avut loc o lovitur\u0103 de stat, \u00een urma c\u0103reia Rom\u00e2nia a \u00eencetat s\u0103 mai lupte al\u0103turi de Germania nazist\u0103 \u00een cel de-al doilea r\u0103zboi mondial \u015fi a trecut de partea &#8222;alia\u0163ilor&#8221;, adic\u0103 ... Cititi mai multe","og_url":"https:\/\/www.lovendal.ro\/wp52\/cum-ne-a-luat-si-pielea-de-pe-noi-poporul-sovietic-prieten-in-1944\/","og_site_name":"Secretele lui Lovendal","article_publisher":"https:\/\/www.facebook.com\/secreteleluilovendal","article_published_time":"2009-08-22T08:16:15+00:00","og_image":[{"width":309,"height":296,"url":"https:\/\/www.lovendal.ro\/wp52\/wp-content\/uploads\/2009\/08\/cccp-20.jpg","type":"image\/jpeg"}],"author":"admin","twitter_card":"summary_large_image","twitter_misc":{"Scris de":"admin","Timp estimat pentru citire":"4 minute"},"schema":{"@context":"https:\/\/schema.org","@graph":[{"@type":"Article","@id":"https:\/\/www.lovendal.ro\/wp52\/cum-ne-a-luat-si-pielea-de-pe-noi-poporul-sovietic-prieten-in-1944\/#article","isPartOf":{"@id":"https:\/\/www.lovendal.ro\/wp52\/cum-ne-a-luat-si-pielea-de-pe-noi-poporul-sovietic-prieten-in-1944\/"},"author":{"name":"admin","@id":"https:\/\/www.lovendal.ro\/wp52\/#\/schema\/person\/088691de5dfc346bb0c023e1e52ef5d9"},"headline":"Cum ne-a luat \u015fi pielea de pe noi &#8222;poporul sovietic prieten&#8221; \u00een 1944","datePublished":"2009-08-22T08:16:15+00:00","mainEntityOfPage":{"@id":"https:\/\/www.lovendal.ro\/wp52\/cum-ne-a-luat-si-pielea-de-pe-noi-poporul-sovietic-prieten-in-1944\/"},"wordCount":739,"commentCount":3,"publisher":{"@id":"https:\/\/www.lovendal.ro\/wp52\/#organization"},"image":{"@id":"https:\/\/www.lovendal.ro\/wp52\/cum-ne-a-luat-si-pielea-de-pe-noi-poporul-sovietic-prieten-in-1944\/#primaryimage"},"thumbnailUrl":"https:\/\/www.lovendal.ro\/wp52\/wp-content\/uploads\/2009\/08\/cccp-20.jpg","keywords":["cel de-al 2-lea r\u0103zboi mondial","Istorie si Civilizatii","Molotov","Rom\u00e2nia","URSS"],"articleSection":["Istorie si Civilizatii"],"inLanguage":"ro-RO","potentialAction":[{"@type":"CommentAction","name":"Comment","target":["https:\/\/www.lovendal.ro\/wp52\/cum-ne-a-luat-si-pielea-de-pe-noi-poporul-sovietic-prieten-in-1944\/#respond"]}]},{"@type":"WebPage","@id":"https:\/\/www.lovendal.ro\/wp52\/cum-ne-a-luat-si-pielea-de-pe-noi-poporul-sovietic-prieten-in-1944\/","url":"https:\/\/www.lovendal.ro\/wp52\/cum-ne-a-luat-si-pielea-de-pe-noi-poporul-sovietic-prieten-in-1944\/","name":"Cum ne-a luat \u015fi pielea de pe noi \"poporul sovietic prieten\" \u00een 1944 - Secretele lui Lovendal","isPartOf":{"@id":"https:\/\/www.lovendal.ro\/wp52\/#website"},"primaryImageOfPage":{"@id":"https:\/\/www.lovendal.ro\/wp52\/cum-ne-a-luat-si-pielea-de-pe-noi-poporul-sovietic-prieten-in-1944\/#primaryimage"},"image":{"@id":"https:\/\/www.lovendal.ro\/wp52\/cum-ne-a-luat-si-pielea-de-pe-noi-poporul-sovietic-prieten-in-1944\/#primaryimage"},"thumbnailUrl":"https:\/\/www.lovendal.ro\/wp52\/wp-content\/uploads\/2009\/08\/cccp-20.jpg","datePublished":"2009-08-22T08:16:15+00:00","breadcrumb":{"@id":"https:\/\/www.lovendal.ro\/wp52\/cum-ne-a-luat-si-pielea-de-pe-noi-poporul-sovietic-prieten-in-1944\/#breadcrumb"},"inLanguage":"ro-RO","potentialAction":[{"@type":"ReadAction","target":["https:\/\/www.lovendal.ro\/wp52\/cum-ne-a-luat-si-pielea-de-pe-noi-poporul-sovietic-prieten-in-1944\/"]}]},{"@type":"ImageObject","inLanguage":"ro-RO","@id":"https:\/\/www.lovendal.ro\/wp52\/cum-ne-a-luat-si-pielea-de-pe-noi-poporul-sovietic-prieten-in-1944\/#primaryimage","url":"https:\/\/www.lovendal.ro\/wp52\/wp-content\/uploads\/2009\/08\/cccp-20.jpg","contentUrl":"https:\/\/www.lovendal.ro\/wp52\/wp-content\/uploads\/2009\/08\/cccp-20.jpg","width":"309","height":"296"},{"@type":"BreadcrumbList","@id":"https:\/\/www.lovendal.ro\/wp52\/cum-ne-a-luat-si-pielea-de-pe-noi-poporul-sovietic-prieten-in-1944\/#breadcrumb","itemListElement":[{"@type":"ListItem","position":1,"name":"Home","item":"https:\/\/www.lovendal.ro\/wp52\/"},{"@type":"ListItem","position":2,"name":"Cum ne-a luat \u015fi pielea de pe noi &#8222;poporul sovietic prieten&#8221; \u00een 1944"}]},{"@type":"WebSite","@id":"https:\/\/www.lovendal.ro\/wp52\/#website","url":"https:\/\/www.lovendal.ro\/wp52\/","name":"Secretele lui Lovendal","description":"Site de secrete, stiinta si metafizica - din 2008 -","publisher":{"@id":"https:\/\/www.lovendal.ro\/wp52\/#organization"},"potentialAction":[{"@type":"SearchAction","target":{"@type":"EntryPoint","urlTemplate":"https:\/\/www.lovendal.ro\/wp52\/?s={search_term_string}"},"query-input":{"@type":"PropertyValueSpecification","valueRequired":true,"valueName":"search_term_string"}}],"inLanguage":"ro-RO"},{"@type":"Organization","@id":"https:\/\/www.lovendal.ro\/wp52\/#organization","name":"Secretele lui Lovendal","url":"https:\/\/www.lovendal.ro\/wp52\/","logo":{"@type":"ImageObject","inLanguage":"ro-RO","@id":"https:\/\/www.lovendal.ro\/wp52\/#\/schema\/logo\/image\/","url":"https:\/\/www.lovendal.ro\/wp52\/wp-content\/uploads\/2024\/06\/cropped-SLL-iun-2024-1.jpg","contentUrl":"https:\/\/www.lovendal.ro\/wp52\/wp-content\/uploads\/2024\/06\/cropped-SLL-iun-2024-1.jpg","width":771,"height":240,"caption":"Secretele lui Lovendal"},"image":{"@id":"https:\/\/www.lovendal.ro\/wp52\/#\/schema\/logo\/image\/"},"sameAs":["https:\/\/www.facebook.com\/secreteleluilovendal"]},{"@type":"Person","@id":"https:\/\/www.lovendal.ro\/wp52\/#\/schema\/person\/088691de5dfc346bb0c023e1e52ef5d9","name":"admin","image":{"@type":"ImageObject","inLanguage":"ro-RO","@id":"https:\/\/secure.gravatar.com\/avatar\/ecb9cd41f5f63c9c9b989999a59f6e2639a865ec361e9db054db0679a8f341c2?s=96&d=mm&r=g","url":"https:\/\/secure.gravatar.com\/avatar\/ecb9cd41f5f63c9c9b989999a59f6e2639a865ec361e9db054db0679a8f341c2?s=96&d=mm&r=g","contentUrl":"https:\/\/secure.gravatar.com\/avatar\/ecb9cd41f5f63c9c9b989999a59f6e2639a865ec361e9db054db0679a8f341c2?s=96&d=mm&r=g","caption":"admin"},"sameAs":["https:\/\/www.lovendal.ro\/wp52"]}]}},"_links":{"self":[{"href":"https:\/\/www.lovendal.ro\/wp52\/wp-json\/wp\/v2\/posts\/7048","targetHints":{"allow":["GET"]}}],"collection":[{"href":"https:\/\/www.lovendal.ro\/wp52\/wp-json\/wp\/v2\/posts"}],"about":[{"href":"https:\/\/www.lovendal.ro\/wp52\/wp-json\/wp\/v2\/types\/post"}],"author":[{"embeddable":true,"href":"https:\/\/www.lovendal.ro\/wp52\/wp-json\/wp\/v2\/users\/1"}],"replies":[{"embeddable":true,"href":"https:\/\/www.lovendal.ro\/wp52\/wp-json\/wp\/v2\/comments?post=7048"}],"version-history":[{"count":0,"href":"https:\/\/www.lovendal.ro\/wp52\/wp-json\/wp\/v2\/posts\/7048\/revisions"}],"wp:featuredmedia":[{"embeddable":true,"href":"https:\/\/www.lovendal.ro\/wp52\/wp-json\/wp\/v2\/media\/7049"}],"wp:attachment":[{"href":"https:\/\/www.lovendal.ro\/wp52\/wp-json\/wp\/v2\/media?parent=7048"}],"wp:term":[{"taxonomy":"category","embeddable":true,"href":"https:\/\/www.lovendal.ro\/wp52\/wp-json\/wp\/v2\/categories?post=7048"},{"taxonomy":"post_tag","embeddable":true,"href":"https:\/\/www.lovendal.ro\/wp52\/wp-json\/wp\/v2\/tags?post=7048"}],"curies":[{"name":"wp","href":"https:\/\/api.w.org\/{rel}","templated":true}]}}