{"id":70477,"date":"2020-07-08T14:06:10","date_gmt":"2020-07-08T11:06:10","guid":{"rendered":"https:\/\/www.lovendal.ro\/wp52\/?p=70477"},"modified":"2020-07-08T14:06:10","modified_gmt":"2020-07-08T11:06:10","slug":"ce-era-cu-adevarat-buzduganul-pe-vremuri-un-adevarat-simbol-al-puterii-domnesti","status":"publish","type":"post","link":"https:\/\/www.lovendal.ro\/wp52\/ce-era-cu-adevarat-buzduganul-pe-vremuri-un-adevarat-simbol-al-puterii-domnesti\/","title":{"rendered":"Ce era cu adev\u0103rat buzduganul pe vremuri? Un adev\u0103rat simbol al puterii domne\u015fti"},"content":{"rendered":"<p><a href=\"https:\/\/www.lovendal.ro\/wp52\/wp-content\/uploads\/2020\/07\/buzdugan.jpg\"><img loading=\"lazy\" decoding=\"async\" class=\"alignleft size-full wp-image-70478\" src=\"https:\/\/www.lovendal.ro\/wp52\/wp-content\/uploads\/2020\/07\/buzdugan.jpg\" alt=\"\" width=\"346\" height=\"303\" srcset=\"https:\/\/www.lovendal.ro\/wp52\/wp-content\/uploads\/2020\/07\/buzdugan.jpg 346w, https:\/\/www.lovendal.ro\/wp52\/wp-content\/uploads\/2020\/07\/buzdugan-300x263.jpg 300w\" sizes=\"auto, (max-width: 346px) 100vw, 346px\" \/><\/a>Se stie c\u0103 voievozii rom\u00e2ni \u00eentrebuintau ca arme de lupt\u0103 \u015fi buzduganul, iar cro\u00adnicarul Miron Costin arat\u0103 c\u0103 printre alte insignii ale boierilor era \u015fi buzduganuI. P\u00e2rc\u0103labul Sucevei, purta la tab\u0103r\u0103 buz\u00adduganul. P\u00e2rc\u0103labul a fost \u00een Evul Mediu un dreg\u0103tor cu atribu\u021bii militare, desemnat s\u0103 guverneze o cetate, un \u021binut sau un jude\u021b. El avea atribu\u021bii administrative, militare \u0219i judec\u0103tore\u0219ti, p\u00e2rc\u0103labul fiind totodat\u0103 reprezentantul puterii centrale, adic\u0103 al domnitorului \u021b\u0103rii, \u00een \u021binut sau jude\u021b. Ast\u0103zi ar fi un fel de prefect.<\/p>\n<p>Dar, s\u0103 revenim la buzdugan&#8230; El era format dintr-o bucat\u0103 principal\u0103, numit\u0103 ghioag\u0103, ce avea 4 fe\u0163e \u015fi 12 col\u0163uri. La mijloc, ghioaga era str\u0103puns\u0103 de un ghivent. Apoi, avea un m\u00e2ner destul de lung, care se termin\u0103 cu o ag\u0103\u0163\u0103toare larg\u0103, \u00een forma unei sc\u0103ri de \u015fa. Dou\u0103 cuie legau ag\u0103\u0163\u0103toarea de m\u00e2ner, precum \u015fi ghioaga de m\u00e2ner. Totul era din aram\u0103 turnat\u0103, cizelat\u0103 artistic. \u00cen ghioag\u0103 era \u015fi plumb, de vreme ce greutatea total\u0103 a unui buzdugan dep\u0103\u015fea 1 kg.<\/p>\n<p>Din <em>\u201eCronica moldo-polon\u0103\u201d<\/em> (1352 \u2212 1564) afl\u0103m c\u0103 \u015etefan-Vod\u0103 Tom\u015fa, ne\u00eenduplecat, \u201el-a lovit cu buzduganul\u201d pe Despot-Vod\u0103 (la 1563). A\u015fadar, buzduganul era un semn al puterii politice domne\u015fti.<\/p>\n","protected":false},"excerpt":{"rendered":"<p>Se stie c\u0103 voievozii rom\u00e2ni \u00eentrebuintau ca arme de lupt\u0103 \u015fi buzduganul, iar cro\u00adnicarul Miron Costin arat\u0103 c\u0103 printre alte insignii ale boierilor era \u015fi buzduganuI. P\u00e2rc\u0103labul Sucevei, purta la tab\u0103r\u0103 buz\u00adduganul. P\u00e2rc\u0103labul a fost \u00een Evul Mediu un dreg\u0103tor &#8230; <\/p>\n<p class=\"read-more-container\"><a title=\"Ce era cu adev\u0103rat buzduganul pe vremuri? Un adev\u0103rat simbol al puterii domne\u015fti\" class=\"read-more button\" href=\"https:\/\/www.lovendal.ro\/wp52\/ce-era-cu-adevarat-buzduganul-pe-vremuri-un-adevarat-simbol-al-puterii-domnesti\/#more-70477\" aria-label=\"Cite\u0219te mai multe despre Ce era cu adev\u0103rat buzduganul pe vremuri? Un adev\u0103rat simbol al puterii domne\u015fti\">Cititi mai multe<\/a><\/p>\n","protected":false},"author":1,"featured_media":70478,"comment_status":"closed","ping_status":"open","sticky":false,"template":"","format":"standard","meta":{"footnotes":""},"categories":[9],"tags":[8263,2854,6172,5034,11926,2405,1428,124,1532,5059,15063,1317,7439,4439,495,15064,8044,10629],"class_list":["post-70477","post","type-post","status-publish","format-standard","has-post-thumbnail","hentry","category-istorie","tag-arama","tag-arme","tag-buzdugan","tag-cronicar","tag-cuie","tag-despot-voda","tag-domnitor","tag-evul-mediu","tag-istorie-si-civilizatii","tag-miron-costin","tag-parcalab","tag-plumb","tag-prefect","tag-putere","tag-simbol","tag-stefan-tomsa","tag-suceava","tag-voievod","resize-featured-image"],"yoast_head":"<!-- This site is optimized with the Yoast SEO Premium plugin v23.3 (Yoast SEO v27.4) - https:\/\/yoast.com\/product\/yoast-seo-premium-wordpress\/ -->\n<title>Ce era cu adev\u0103rat buzduganul pe vremuri? Un adev\u0103rat simbol al puterii domne\u015fti - Secretele lui Lovendal<\/title>\n<meta name=\"robots\" content=\"index, follow, max-snippet:-1, max-image-preview:large, max-video-preview:-1\" \/>\n<link rel=\"canonical\" href=\"https:\/\/www.lovendal.ro\/wp52\/ce-era-cu-adevarat-buzduganul-pe-vremuri-un-adevarat-simbol-al-puterii-domnesti\/\" \/>\n<meta property=\"og:locale\" content=\"ro_RO\" \/>\n<meta property=\"og:type\" content=\"article\" \/>\n<meta property=\"og:title\" content=\"Ce era cu adev\u0103rat buzduganul pe vremuri? Un adev\u0103rat simbol al puterii domne\u015fti\" \/>\n<meta property=\"og:description\" content=\"Se stie c\u0103 voievozii rom\u00e2ni \u00eentrebuintau ca arme de lupt\u0103 \u015fi buzduganul, iar cro\u00adnicarul Miron Costin arat\u0103 c\u0103 printre alte insignii ale boierilor era \u015fi buzduganuI. P\u00e2rc\u0103labul Sucevei, purta la tab\u0103r\u0103 buz\u00adduganul. P\u00e2rc\u0103labul a fost \u00een Evul Mediu un dreg\u0103tor ... Cititi mai multe\" \/>\n<meta property=\"og:url\" content=\"https:\/\/www.lovendal.ro\/wp52\/ce-era-cu-adevarat-buzduganul-pe-vremuri-un-adevarat-simbol-al-puterii-domnesti\/\" \/>\n<meta property=\"og:site_name\" content=\"Secretele lui Lovendal\" \/>\n<meta property=\"article:publisher\" content=\"https:\/\/www.facebook.com\/secreteleluilovendal\" \/>\n<meta property=\"article:published_time\" content=\"2020-07-08T11:06:10+00:00\" \/>\n<meta property=\"og:image\" content=\"https:\/\/www.lovendal.ro\/wp52\/wp-content\/uploads\/2020\/07\/buzdugan.jpg\" \/>\n\t<meta property=\"og:image:width\" content=\"346\" \/>\n\t<meta property=\"og:image:height\" content=\"303\" \/>\n\t<meta property=\"og:image:type\" content=\"image\/jpeg\" \/>\n<meta name=\"author\" content=\"admin\" \/>\n<meta name=\"twitter:card\" content=\"summary_large_image\" \/>\n<meta name=\"twitter:label1\" content=\"Scris de\" \/>\n\t<meta name=\"twitter:data1\" content=\"admin\" \/>\n\t<meta name=\"twitter:label2\" content=\"Timp estimat pentru citire\" \/>\n\t<meta name=\"twitter:data2\" content=\"1 minut\" \/>\n<script type=\"application\/ld+json\" class=\"yoast-schema-graph\">{\"@context\":\"https:\\\/\\\/schema.org\",\"@graph\":[{\"@type\":\"Article\",\"@id\":\"https:\\\/\\\/www.lovendal.ro\\\/wp52\\\/ce-era-cu-adevarat-buzduganul-pe-vremuri-un-adevarat-simbol-al-puterii-domnesti\\\/#article\",\"isPartOf\":{\"@id\":\"https:\\\/\\\/www.lovendal.ro\\\/wp52\\\/ce-era-cu-adevarat-buzduganul-pe-vremuri-un-adevarat-simbol-al-puterii-domnesti\\\/\"},\"author\":{\"name\":\"admin\",\"@id\":\"https:\\\/\\\/www.lovendal.ro\\\/wp52\\\/#\\\/schema\\\/person\\\/088691de5dfc346bb0c023e1e52ef5d9\"},\"headline\":\"Ce era cu adev\u0103rat buzduganul pe vremuri? Un adev\u0103rat simbol al puterii domne\u015fti\",\"datePublished\":\"2020-07-08T11:06:10+00:00\",\"mainEntityOfPage\":{\"@id\":\"https:\\\/\\\/www.lovendal.ro\\\/wp52\\\/ce-era-cu-adevarat-buzduganul-pe-vremuri-un-adevarat-simbol-al-puterii-domnesti\\\/\"},\"wordCount\":231,\"publisher\":{\"@id\":\"https:\\\/\\\/www.lovendal.ro\\\/wp52\\\/#organization\"},\"image\":{\"@id\":\"https:\\\/\\\/www.lovendal.ro\\\/wp52\\\/ce-era-cu-adevarat-buzduganul-pe-vremuri-un-adevarat-simbol-al-puterii-domnesti\\\/#primaryimage\"},\"thumbnailUrl\":\"https:\\\/\\\/www.lovendal.ro\\\/wp52\\\/wp-content\\\/uploads\\\/2020\\\/07\\\/buzdugan.jpg\",\"keywords\":[\"aram\u0103\",\"arme\",\"buzdugan\",\"cronicar\",\"cuie\",\"Despot Vod\u0103\",\"domnitor\",\"Evul Mediu\",\"Istorie si Civilizatii\",\"Miron Costin\",\"p\u00e2rc\u0103lab\",\"plumb\",\"prefect\",\"putere\",\"simbol\",\"\u015etefan Tom\u015fa\",\"Suceava\",\"voievod\"],\"articleSection\":[\"Istorie si Civilizatii\"],\"inLanguage\":\"ro-RO\"},{\"@type\":\"WebPage\",\"@id\":\"https:\\\/\\\/www.lovendal.ro\\\/wp52\\\/ce-era-cu-adevarat-buzduganul-pe-vremuri-un-adevarat-simbol-al-puterii-domnesti\\\/\",\"url\":\"https:\\\/\\\/www.lovendal.ro\\\/wp52\\\/ce-era-cu-adevarat-buzduganul-pe-vremuri-un-adevarat-simbol-al-puterii-domnesti\\\/\",\"name\":\"Ce era cu adev\u0103rat buzduganul pe vremuri? Un adev\u0103rat simbol al puterii domne\u015fti - Secretele lui Lovendal\",\"isPartOf\":{\"@id\":\"https:\\\/\\\/www.lovendal.ro\\\/wp52\\\/#website\"},\"primaryImageOfPage\":{\"@id\":\"https:\\\/\\\/www.lovendal.ro\\\/wp52\\\/ce-era-cu-adevarat-buzduganul-pe-vremuri-un-adevarat-simbol-al-puterii-domnesti\\\/#primaryimage\"},\"image\":{\"@id\":\"https:\\\/\\\/www.lovendal.ro\\\/wp52\\\/ce-era-cu-adevarat-buzduganul-pe-vremuri-un-adevarat-simbol-al-puterii-domnesti\\\/#primaryimage\"},\"thumbnailUrl\":\"https:\\\/\\\/www.lovendal.ro\\\/wp52\\\/wp-content\\\/uploads\\\/2020\\\/07\\\/buzdugan.jpg\",\"datePublished\":\"2020-07-08T11:06:10+00:00\",\"breadcrumb\":{\"@id\":\"https:\\\/\\\/www.lovendal.ro\\\/wp52\\\/ce-era-cu-adevarat-buzduganul-pe-vremuri-un-adevarat-simbol-al-puterii-domnesti\\\/#breadcrumb\"},\"inLanguage\":\"ro-RO\",\"potentialAction\":[{\"@type\":\"ReadAction\",\"target\":[\"https:\\\/\\\/www.lovendal.ro\\\/wp52\\\/ce-era-cu-adevarat-buzduganul-pe-vremuri-un-adevarat-simbol-al-puterii-domnesti\\\/\"]}]},{\"@type\":\"ImageObject\",\"inLanguage\":\"ro-RO\",\"@id\":\"https:\\\/\\\/www.lovendal.ro\\\/wp52\\\/ce-era-cu-adevarat-buzduganul-pe-vremuri-un-adevarat-simbol-al-puterii-domnesti\\\/#primaryimage\",\"url\":\"https:\\\/\\\/www.lovendal.ro\\\/wp52\\\/wp-content\\\/uploads\\\/2020\\\/07\\\/buzdugan.jpg\",\"contentUrl\":\"https:\\\/\\\/www.lovendal.ro\\\/wp52\\\/wp-content\\\/uploads\\\/2020\\\/07\\\/buzdugan.jpg\",\"width\":346,\"height\":303},{\"@type\":\"BreadcrumbList\",\"@id\":\"https:\\\/\\\/www.lovendal.ro\\\/wp52\\\/ce-era-cu-adevarat-buzduganul-pe-vremuri-un-adevarat-simbol-al-puterii-domnesti\\\/#breadcrumb\",\"itemListElement\":[{\"@type\":\"ListItem\",\"position\":1,\"name\":\"Home\",\"item\":\"https:\\\/\\\/www.lovendal.ro\\\/wp52\\\/\"},{\"@type\":\"ListItem\",\"position\":2,\"name\":\"Ce era cu adev\u0103rat buzduganul pe vremuri? Un adev\u0103rat simbol al puterii domne\u015fti\"}]},{\"@type\":\"WebSite\",\"@id\":\"https:\\\/\\\/www.lovendal.ro\\\/wp52\\\/#website\",\"url\":\"https:\\\/\\\/www.lovendal.ro\\\/wp52\\\/\",\"name\":\"Secretele lui Lovendal\",\"description\":\"Site de secrete, stiinta si metafizica - din 2008 -\",\"publisher\":{\"@id\":\"https:\\\/\\\/www.lovendal.ro\\\/wp52\\\/#organization\"},\"potentialAction\":[{\"@type\":\"SearchAction\",\"target\":{\"@type\":\"EntryPoint\",\"urlTemplate\":\"https:\\\/\\\/www.lovendal.ro\\\/wp52\\\/?s={search_term_string}\"},\"query-input\":{\"@type\":\"PropertyValueSpecification\",\"valueRequired\":true,\"valueName\":\"search_term_string\"}}],\"inLanguage\":\"ro-RO\"},{\"@type\":\"Organization\",\"@id\":\"https:\\\/\\\/www.lovendal.ro\\\/wp52\\\/#organization\",\"name\":\"Secretele lui Lovendal\",\"url\":\"https:\\\/\\\/www.lovendal.ro\\\/wp52\\\/\",\"logo\":{\"@type\":\"ImageObject\",\"inLanguage\":\"ro-RO\",\"@id\":\"https:\\\/\\\/www.lovendal.ro\\\/wp52\\\/#\\\/schema\\\/logo\\\/image\\\/\",\"url\":\"https:\\\/\\\/www.lovendal.ro\\\/wp52\\\/wp-content\\\/uploads\\\/2024\\\/06\\\/cropped-SLL-iun-2024-1.jpg\",\"contentUrl\":\"https:\\\/\\\/www.lovendal.ro\\\/wp52\\\/wp-content\\\/uploads\\\/2024\\\/06\\\/cropped-SLL-iun-2024-1.jpg\",\"width\":771,\"height\":240,\"caption\":\"Secretele lui Lovendal\"},\"image\":{\"@id\":\"https:\\\/\\\/www.lovendal.ro\\\/wp52\\\/#\\\/schema\\\/logo\\\/image\\\/\"},\"sameAs\":[\"https:\\\/\\\/www.facebook.com\\\/secreteleluilovendal\"]},{\"@type\":\"Person\",\"@id\":\"https:\\\/\\\/www.lovendal.ro\\\/wp52\\\/#\\\/schema\\\/person\\\/088691de5dfc346bb0c023e1e52ef5d9\",\"name\":\"admin\",\"image\":{\"@type\":\"ImageObject\",\"inLanguage\":\"ro-RO\",\"@id\":\"https:\\\/\\\/secure.gravatar.com\\\/avatar\\\/ecb9cd41f5f63c9c9b989999a59f6e2639a865ec361e9db054db0679a8f341c2?s=96&d=mm&r=g\",\"url\":\"https:\\\/\\\/secure.gravatar.com\\\/avatar\\\/ecb9cd41f5f63c9c9b989999a59f6e2639a865ec361e9db054db0679a8f341c2?s=96&d=mm&r=g\",\"contentUrl\":\"https:\\\/\\\/secure.gravatar.com\\\/avatar\\\/ecb9cd41f5f63c9c9b989999a59f6e2639a865ec361e9db054db0679a8f341c2?s=96&d=mm&r=g\",\"caption\":\"admin\"},\"sameAs\":[\"https:\\\/\\\/www.lovendal.ro\\\/wp52\"]}]}<\/script>\n<!-- \/ Yoast SEO Premium plugin. -->","yoast_head_json":{"title":"Ce era cu adev\u0103rat buzduganul pe vremuri? Un adev\u0103rat simbol al puterii domne\u015fti - Secretele lui Lovendal","robots":{"index":"index","follow":"follow","max-snippet":"max-snippet:-1","max-image-preview":"max-image-preview:large","max-video-preview":"max-video-preview:-1"},"canonical":"https:\/\/www.lovendal.ro\/wp52\/ce-era-cu-adevarat-buzduganul-pe-vremuri-un-adevarat-simbol-al-puterii-domnesti\/","og_locale":"ro_RO","og_type":"article","og_title":"Ce era cu adev\u0103rat buzduganul pe vremuri? Un adev\u0103rat simbol al puterii domne\u015fti","og_description":"Se stie c\u0103 voievozii rom\u00e2ni \u00eentrebuintau ca arme de lupt\u0103 \u015fi buzduganul, iar cro\u00adnicarul Miron Costin arat\u0103 c\u0103 printre alte insignii ale boierilor era \u015fi buzduganuI. P\u00e2rc\u0103labul Sucevei, purta la tab\u0103r\u0103 buz\u00adduganul. P\u00e2rc\u0103labul a fost \u00een Evul Mediu un dreg\u0103tor ... Cititi mai multe","og_url":"https:\/\/www.lovendal.ro\/wp52\/ce-era-cu-adevarat-buzduganul-pe-vremuri-un-adevarat-simbol-al-puterii-domnesti\/","og_site_name":"Secretele lui Lovendal","article_publisher":"https:\/\/www.facebook.com\/secreteleluilovendal","article_published_time":"2020-07-08T11:06:10+00:00","og_image":[{"width":346,"height":303,"url":"https:\/\/www.lovendal.ro\/wp52\/wp-content\/uploads\/2020\/07\/buzdugan.jpg","type":"image\/jpeg"}],"author":"admin","twitter_card":"summary_large_image","twitter_misc":{"Scris de":"admin","Timp estimat pentru citire":"1 minut"},"schema":{"@context":"https:\/\/schema.org","@graph":[{"@type":"Article","@id":"https:\/\/www.lovendal.ro\/wp52\/ce-era-cu-adevarat-buzduganul-pe-vremuri-un-adevarat-simbol-al-puterii-domnesti\/#article","isPartOf":{"@id":"https:\/\/www.lovendal.ro\/wp52\/ce-era-cu-adevarat-buzduganul-pe-vremuri-un-adevarat-simbol-al-puterii-domnesti\/"},"author":{"name":"admin","@id":"https:\/\/www.lovendal.ro\/wp52\/#\/schema\/person\/088691de5dfc346bb0c023e1e52ef5d9"},"headline":"Ce era cu adev\u0103rat buzduganul pe vremuri? Un adev\u0103rat simbol al puterii domne\u015fti","datePublished":"2020-07-08T11:06:10+00:00","mainEntityOfPage":{"@id":"https:\/\/www.lovendal.ro\/wp52\/ce-era-cu-adevarat-buzduganul-pe-vremuri-un-adevarat-simbol-al-puterii-domnesti\/"},"wordCount":231,"publisher":{"@id":"https:\/\/www.lovendal.ro\/wp52\/#organization"},"image":{"@id":"https:\/\/www.lovendal.ro\/wp52\/ce-era-cu-adevarat-buzduganul-pe-vremuri-un-adevarat-simbol-al-puterii-domnesti\/#primaryimage"},"thumbnailUrl":"https:\/\/www.lovendal.ro\/wp52\/wp-content\/uploads\/2020\/07\/buzdugan.jpg","keywords":["aram\u0103","arme","buzdugan","cronicar","cuie","Despot Vod\u0103","domnitor","Evul Mediu","Istorie si Civilizatii","Miron Costin","p\u00e2rc\u0103lab","plumb","prefect","putere","simbol","\u015etefan Tom\u015fa","Suceava","voievod"],"articleSection":["Istorie si Civilizatii"],"inLanguage":"ro-RO"},{"@type":"WebPage","@id":"https:\/\/www.lovendal.ro\/wp52\/ce-era-cu-adevarat-buzduganul-pe-vremuri-un-adevarat-simbol-al-puterii-domnesti\/","url":"https:\/\/www.lovendal.ro\/wp52\/ce-era-cu-adevarat-buzduganul-pe-vremuri-un-adevarat-simbol-al-puterii-domnesti\/","name":"Ce era cu adev\u0103rat buzduganul pe vremuri? Un adev\u0103rat simbol al puterii domne\u015fti - Secretele lui Lovendal","isPartOf":{"@id":"https:\/\/www.lovendal.ro\/wp52\/#website"},"primaryImageOfPage":{"@id":"https:\/\/www.lovendal.ro\/wp52\/ce-era-cu-adevarat-buzduganul-pe-vremuri-un-adevarat-simbol-al-puterii-domnesti\/#primaryimage"},"image":{"@id":"https:\/\/www.lovendal.ro\/wp52\/ce-era-cu-adevarat-buzduganul-pe-vremuri-un-adevarat-simbol-al-puterii-domnesti\/#primaryimage"},"thumbnailUrl":"https:\/\/www.lovendal.ro\/wp52\/wp-content\/uploads\/2020\/07\/buzdugan.jpg","datePublished":"2020-07-08T11:06:10+00:00","breadcrumb":{"@id":"https:\/\/www.lovendal.ro\/wp52\/ce-era-cu-adevarat-buzduganul-pe-vremuri-un-adevarat-simbol-al-puterii-domnesti\/#breadcrumb"},"inLanguage":"ro-RO","potentialAction":[{"@type":"ReadAction","target":["https:\/\/www.lovendal.ro\/wp52\/ce-era-cu-adevarat-buzduganul-pe-vremuri-un-adevarat-simbol-al-puterii-domnesti\/"]}]},{"@type":"ImageObject","inLanguage":"ro-RO","@id":"https:\/\/www.lovendal.ro\/wp52\/ce-era-cu-adevarat-buzduganul-pe-vremuri-un-adevarat-simbol-al-puterii-domnesti\/#primaryimage","url":"https:\/\/www.lovendal.ro\/wp52\/wp-content\/uploads\/2020\/07\/buzdugan.jpg","contentUrl":"https:\/\/www.lovendal.ro\/wp52\/wp-content\/uploads\/2020\/07\/buzdugan.jpg","width":346,"height":303},{"@type":"BreadcrumbList","@id":"https:\/\/www.lovendal.ro\/wp52\/ce-era-cu-adevarat-buzduganul-pe-vremuri-un-adevarat-simbol-al-puterii-domnesti\/#breadcrumb","itemListElement":[{"@type":"ListItem","position":1,"name":"Home","item":"https:\/\/www.lovendal.ro\/wp52\/"},{"@type":"ListItem","position":2,"name":"Ce era cu adev\u0103rat buzduganul pe vremuri? Un adev\u0103rat simbol al puterii domne\u015fti"}]},{"@type":"WebSite","@id":"https:\/\/www.lovendal.ro\/wp52\/#website","url":"https:\/\/www.lovendal.ro\/wp52\/","name":"Secretele lui Lovendal","description":"Site de secrete, stiinta si metafizica - din 2008 -","publisher":{"@id":"https:\/\/www.lovendal.ro\/wp52\/#organization"},"potentialAction":[{"@type":"SearchAction","target":{"@type":"EntryPoint","urlTemplate":"https:\/\/www.lovendal.ro\/wp52\/?s={search_term_string}"},"query-input":{"@type":"PropertyValueSpecification","valueRequired":true,"valueName":"search_term_string"}}],"inLanguage":"ro-RO"},{"@type":"Organization","@id":"https:\/\/www.lovendal.ro\/wp52\/#organization","name":"Secretele lui Lovendal","url":"https:\/\/www.lovendal.ro\/wp52\/","logo":{"@type":"ImageObject","inLanguage":"ro-RO","@id":"https:\/\/www.lovendal.ro\/wp52\/#\/schema\/logo\/image\/","url":"https:\/\/www.lovendal.ro\/wp52\/wp-content\/uploads\/2024\/06\/cropped-SLL-iun-2024-1.jpg","contentUrl":"https:\/\/www.lovendal.ro\/wp52\/wp-content\/uploads\/2024\/06\/cropped-SLL-iun-2024-1.jpg","width":771,"height":240,"caption":"Secretele lui Lovendal"},"image":{"@id":"https:\/\/www.lovendal.ro\/wp52\/#\/schema\/logo\/image\/"},"sameAs":["https:\/\/www.facebook.com\/secreteleluilovendal"]},{"@type":"Person","@id":"https:\/\/www.lovendal.ro\/wp52\/#\/schema\/person\/088691de5dfc346bb0c023e1e52ef5d9","name":"admin","image":{"@type":"ImageObject","inLanguage":"ro-RO","@id":"https:\/\/secure.gravatar.com\/avatar\/ecb9cd41f5f63c9c9b989999a59f6e2639a865ec361e9db054db0679a8f341c2?s=96&d=mm&r=g","url":"https:\/\/secure.gravatar.com\/avatar\/ecb9cd41f5f63c9c9b989999a59f6e2639a865ec361e9db054db0679a8f341c2?s=96&d=mm&r=g","contentUrl":"https:\/\/secure.gravatar.com\/avatar\/ecb9cd41f5f63c9c9b989999a59f6e2639a865ec361e9db054db0679a8f341c2?s=96&d=mm&r=g","caption":"admin"},"sameAs":["https:\/\/www.lovendal.ro\/wp52"]}]}},"_links":{"self":[{"href":"https:\/\/www.lovendal.ro\/wp52\/wp-json\/wp\/v2\/posts\/70477","targetHints":{"allow":["GET"]}}],"collection":[{"href":"https:\/\/www.lovendal.ro\/wp52\/wp-json\/wp\/v2\/posts"}],"about":[{"href":"https:\/\/www.lovendal.ro\/wp52\/wp-json\/wp\/v2\/types\/post"}],"author":[{"embeddable":true,"href":"https:\/\/www.lovendal.ro\/wp52\/wp-json\/wp\/v2\/users\/1"}],"replies":[{"embeddable":true,"href":"https:\/\/www.lovendal.ro\/wp52\/wp-json\/wp\/v2\/comments?post=70477"}],"version-history":[{"count":0,"href":"https:\/\/www.lovendal.ro\/wp52\/wp-json\/wp\/v2\/posts\/70477\/revisions"}],"wp:featuredmedia":[{"embeddable":true,"href":"https:\/\/www.lovendal.ro\/wp52\/wp-json\/wp\/v2\/media\/70478"}],"wp:attachment":[{"href":"https:\/\/www.lovendal.ro\/wp52\/wp-json\/wp\/v2\/media?parent=70477"}],"wp:term":[{"taxonomy":"category","embeddable":true,"href":"https:\/\/www.lovendal.ro\/wp52\/wp-json\/wp\/v2\/categories?post=70477"},{"taxonomy":"post_tag","embeddable":true,"href":"https:\/\/www.lovendal.ro\/wp52\/wp-json\/wp\/v2\/tags?post=70477"}],"curies":[{"name":"wp","href":"https:\/\/api.w.org\/{rel}","templated":true}]}}