{"id":70137,"date":"2020-06-24T11:06:43","date_gmt":"2020-06-24T08:06:43","guid":{"rendered":"https:\/\/www.lovendal.ro\/wp52\/?p=70137"},"modified":"2020-06-24T11:06:43","modified_gmt":"2020-06-24T08:06:43","slug":"nebunia-demolarii-statuilor-continua-un-activist-antirasist-indeamna-la-daramarea-statuilor-in-care-iisus-este-reprezentat-ca-avand-culoare-alba","status":"publish","type":"post","link":"https:\/\/www.lovendal.ro\/wp52\/nebunia-demolarii-statuilor-continua-un-activist-antirasist-indeamna-la-daramarea-statuilor-in-care-iisus-este-reprezentat-ca-avand-culoare-alba\/","title":{"rendered":"Nebunia demol\u0103rii statuilor continu\u0103: un activist antirasist \u00eendeamn\u0103 la d\u0103r\u00e2marea statuilor \u00een care Iisus este reprezentat ca av\u00e2nd &#8222;culoare alb\u0103&#8221;!"},"content":{"rendered":"<p><a href=\"https:\/\/www.lovendal.ro\/wp52\/wp-content\/uploads\/2020\/06\/statuie-Iisus-Rio.jpg\"><img loading=\"lazy\" decoding=\"async\" class=\"alignleft size-full wp-image-70138\" src=\"https:\/\/www.lovendal.ro\/wp52\/wp-content\/uploads\/2020\/06\/statuie-Iisus-Rio.jpg\" alt=\"\" width=\"369\" height=\"245\" srcset=\"https:\/\/www.lovendal.ro\/wp52\/wp-content\/uploads\/2020\/06\/statuie-Iisus-Rio.jpg 369w, https:\/\/www.lovendal.ro\/wp52\/wp-content\/uploads\/2020\/06\/statuie-Iisus-Rio-300x199.jpg 300w, https:\/\/www.lovendal.ro\/wp52\/wp-content\/uploads\/2020\/06\/statuie-Iisus-Rio-263x175.jpg 263w\" sizes=\"auto, (max-width: 369px) 100vw, 369px\" \/><\/a>Conform <a href=\"https:\/\/en.wikipedia.org\/wiki\/Shaun_King\" target=\"_blank\" rel=\"noopener noreferrer\"><strong>Wikipedia<\/strong><\/a>, Jeffery Shaun King este un scriitor american, un activist de drepturi civile \u015fi co-fondatorul organiza\u0163iei politice Real Justice. King utilizeaz\u0103 social media pentru a promova cauzele de justi\u0163ie social\u0103, inclusiv mi\u015fcarea anti-rasist\u0103 &#8222;Black Lives Matter&#8221;, cea care apar\u0103 drepturile persoanelor de culoare. Black Lives Matter este organiza\u0163ia care a devenit controversat\u0103 \u00een ultimul timp, pentru c\u0103 ea a \u00eendemnat oamenii s\u0103 d\u0103r\u00e2me statuile unor personalit\u0103\u0163i istorice, care ar fi fost &#8222;anti-rasiste&#8221;, ca, de exemplu fostul premier britanic Winston Churchill, exploratorul Cristofor Columb, fosta regin\u0103 britanic\u0103 Victoria, fostul pre\u015fedinte american Jefferson Davis etc. (vede\u0163i mai multe \u00een acest articol &#8211; <a href=\"https:\/\/www.lovendal.ro\/wp52\/nebunia-continua-protestarii-anti-rasisti-au-inceput-sa-dea-jos-statui-ale-lui-cristofor-columb-churchill-sau-ale-reginei-victoria-etc-de-statuia-ideologului-comunist-marx-nu-se-atinge-nimeni\/\" target=\"_blank\" rel=\"noopener noreferrer\"><strong>Nebunia continu\u0103: protestarii anti-rasi\u015fti au \u00eenceput s\u0103 dea jos statui ale lui Cristofor Columb, Churchill sau ale reginei Victoria etc\u2026 De statuia ideologului comunist Marx nu se atinge nimeni!<\/strong><\/a>).<\/p>\n<p>Pe 22 iunie 2020, Shaun King scrie pe <a href=\"https:\/\/twitter.com\/shaunking\/status\/1275106946916499456?ref_src=twsrc%5Etfw%7Ctwcamp%5Etweetembed%7Ctwterm%5E1275106946916499456&amp;ref_url=https%3A%2F%2Fgript.ie%2Fblack-lives-matter-leader-its-time-to-tear-down-statues-of-white-jesus%2F\" target=\"_blank\" rel=\"noopener noreferrer\"><strong>Twitter<\/strong><\/a> urm\u0103torul \u00eendemn la violen\u0163\u0103 \u00eempotriva altor statui: <em>&#8222;Da, cred c\u0103 trebuie s\u0103 d\u0103r\u00e2m\u00e2m \u015fi statuile despre care albii europeni pretind c\u0103 ar fi vorba de Iisus. Ele reprezint\u0103 o form\u0103 de suprema\u0163ie alb\u0103. \u00centotdeauna au fost. \u00cen Biblie, unde voia s\u0103 se ascund\u0103 familia lui Iisus? \u00cen Egipt! Nu \u00een Danemarca. Da\u0163i-le jos&#8221;.<\/em><\/p>\n<blockquote class=\"twitter-tweet\">\n<p dir=\"ltr\" lang=\"en\">Yes, I think the statues of the white European they claim is Jesus should also come down.<\/p>\n<p>They are a form of white supremacy.<\/p>\n<p>Always have been.<\/p>\n<p>In the Bible, when the family of Jesus wanted to hide, and blend in, guess where they went?<\/p>\n<p>EGYPT!<\/p>\n<p>Not Denmark.<\/p>\n<p>Tear them down.<\/p>\n<p>\u2014 Shaun King (@shaunking) <a href=\"https:\/\/twitter.com\/shaunking\/status\/1275106946916499456?ref_src=twsrc%5Etfw\">June 22, 2020<\/a><\/p><\/blockquote>\n<p><script async src=\"https:\/\/platform.twitter.com\/widgets.js\" charset=\"utf-8\"><\/script><\/p>\n<p>Despre culoarea pielii lui Iisus exist\u0103 multe controverse. \u00centr-un articol din 2015 &#8211; <a href=\"https:\/\/www.lovendal.ro\/wp52\/iisus-hristos-a-fost-negru-asta-sustin-arheologii-israelieni-ca-au-descoperit-intr-un-nou-manuscris-vechi\/\" target=\"_blank\" rel=\"noopener noreferrer\"><strong>\u201eIisus Hristos a fost negru\u201d! Asta sus\u0163in arheologii israelieni c\u0103 au descoperit \u00eentr-un nou manuscris vechi!<\/strong><\/a> &#8211; scriam despre arheologii israelieni care spun c\u0103 \u00een unele documente de la Marea Moart\u0103, datate \u00eentre 408 \u00ee.Hr. \u015fi 318 d.Hr., Iisus este descris ca av\u00e2nd o \u201eculoare mai \u00eenchis\u0103\u201d la piele dec\u00e2t p\u0103rin\u021bii lui,<\/p>\n","protected":false},"excerpt":{"rendered":"<p>Conform Wikipedia, Jeffery Shaun King este un scriitor american, un activist de drepturi civile \u015fi co-fondatorul organiza\u0163iei politice Real Justice. King utilizeaz\u0103 social media pentru a promova cauzele de justi\u0163ie social\u0103, inclusiv mi\u015fcarea anti-rasist\u0103 &#8222;Black Lives Matter&#8221;, cea care apar\u0103 &#8230; <\/p>\n<p class=\"read-more-container\"><a title=\"Nebunia demol\u0103rii statuilor continu\u0103: un activist antirasist \u00eendeamn\u0103 la d\u0103r\u00e2marea statuilor \u00een care Iisus este reprezentat ca av\u00e2nd &#8222;culoare alb\u0103&#8221;!\" class=\"read-more button\" href=\"https:\/\/www.lovendal.ro\/wp52\/nebunia-demolarii-statuilor-continua-un-activist-antirasist-indeamna-la-daramarea-statuilor-in-care-iisus-este-reprezentat-ca-avand-culoare-alba\/#more-70137\" aria-label=\"Cite\u0219te mai multe despre Nebunia demol\u0103rii statuilor continu\u0103: un activist antirasist \u00eendeamn\u0103 la d\u0103r\u00e2marea statuilor \u00een care Iisus este reprezentat ca av\u00e2nd &#8222;culoare alb\u0103&#8221;!\">Cititi mai multe<\/a><\/p>\n","protected":false},"author":1,"featured_media":70138,"comment_status":"closed","ping_status":"open","sticky":false,"template":"","format":"standard","meta":{"footnotes":""},"categories":[40],"tags":[7801,60,15026,83,1572,3736,386,210,14934,5024,1953,9799,190,531,1896,1593,15028,739,4474,15027,5287],"class_list":["post-70137","post","type-post","status-publish","format-standard","has-post-thumbnail","hentry","category-politica","tag-arheologi","tag-biblie","tag-black-lives-matter","tag-churchill","tag-columb","tag-danemarca","tag-egipt","tag-iisus-hristos","tag-jefferson-davis","tag-manuscrisele-de-la-marea-moarta","tag-piele","tag-politica-economie-geostrategie","tag-presedinte","tag-prim-ministru","tag-rasism","tag-regina","tag-shaun-king","tag-statuie","tag-twitter","tag-victoria","tag-wikipedia","resize-featured-image"],"yoast_head":"<!-- This site is optimized with the Yoast SEO Premium plugin v23.3 (Yoast SEO v27.4) - https:\/\/yoast.com\/product\/yoast-seo-premium-wordpress\/ -->\n<title>Nebunia demol\u0103rii statuilor continu\u0103: un activist antirasist \u00eendeamn\u0103 la d\u0103r\u00e2marea statuilor \u00een care Iisus este reprezentat ca av\u00e2nd &quot;culoare alb\u0103&quot;! - Secretele lui Lovendal<\/title>\n<meta name=\"robots\" content=\"index, follow, max-snippet:-1, max-image-preview:large, max-video-preview:-1\" \/>\n<link rel=\"canonical\" href=\"https:\/\/www.lovendal.ro\/wp52\/nebunia-demolarii-statuilor-continua-un-activist-antirasist-indeamna-la-daramarea-statuilor-in-care-iisus-este-reprezentat-ca-avand-culoare-alba\/\" \/>\n<meta property=\"og:locale\" content=\"ro_RO\" \/>\n<meta property=\"og:type\" content=\"article\" \/>\n<meta property=\"og:title\" content=\"Nebunia demol\u0103rii statuilor continu\u0103: un activist antirasist \u00eendeamn\u0103 la d\u0103r\u00e2marea statuilor \u00een care Iisus este reprezentat ca av\u00e2nd &quot;culoare alb\u0103&quot;!\" \/>\n<meta property=\"og:description\" content=\"Conform Wikipedia, Jeffery Shaun King este un scriitor american, un activist de drepturi civile \u015fi co-fondatorul organiza\u0163iei politice Real Justice. King utilizeaz\u0103 social media pentru a promova cauzele de justi\u0163ie social\u0103, inclusiv mi\u015fcarea anti-rasist\u0103 &#8222;Black Lives Matter&#8221;, cea care apar\u0103 ... Cititi mai multe\" \/>\n<meta property=\"og:url\" content=\"https:\/\/www.lovendal.ro\/wp52\/nebunia-demolarii-statuilor-continua-un-activist-antirasist-indeamna-la-daramarea-statuilor-in-care-iisus-este-reprezentat-ca-avand-culoare-alba\/\" \/>\n<meta property=\"og:site_name\" content=\"Secretele lui Lovendal\" \/>\n<meta property=\"article:publisher\" content=\"https:\/\/www.facebook.com\/secreteleluilovendal\" \/>\n<meta property=\"article:published_time\" content=\"2020-06-24T08:06:43+00:00\" \/>\n<meta property=\"og:image\" content=\"https:\/\/www.lovendal.ro\/wp52\/wp-content\/uploads\/2020\/06\/statuie-Iisus-Rio.jpg\" \/>\n\t<meta property=\"og:image:width\" content=\"369\" \/>\n\t<meta property=\"og:image:height\" content=\"245\" \/>\n\t<meta property=\"og:image:type\" content=\"image\/jpeg\" \/>\n<meta name=\"author\" content=\"admin\" \/>\n<meta name=\"twitter:card\" content=\"summary_large_image\" \/>\n<meta name=\"twitter:label1\" content=\"Scris de\" \/>\n\t<meta name=\"twitter:data1\" content=\"admin\" \/>\n\t<meta name=\"twitter:label2\" content=\"Timp estimat pentru citire\" \/>\n\t<meta name=\"twitter:data2\" content=\"2 minute\" \/>\n<script type=\"application\/ld+json\" class=\"yoast-schema-graph\">{\"@context\":\"https:\\\/\\\/schema.org\",\"@graph\":[{\"@type\":\"Article\",\"@id\":\"https:\\\/\\\/www.lovendal.ro\\\/wp52\\\/nebunia-demolarii-statuilor-continua-un-activist-antirasist-indeamna-la-daramarea-statuilor-in-care-iisus-este-reprezentat-ca-avand-culoare-alba\\\/#article\",\"isPartOf\":{\"@id\":\"https:\\\/\\\/www.lovendal.ro\\\/wp52\\\/nebunia-demolarii-statuilor-continua-un-activist-antirasist-indeamna-la-daramarea-statuilor-in-care-iisus-este-reprezentat-ca-avand-culoare-alba\\\/\"},\"author\":{\"name\":\"admin\",\"@id\":\"https:\\\/\\\/www.lovendal.ro\\\/wp52\\\/#\\\/schema\\\/person\\\/088691de5dfc346bb0c023e1e52ef5d9\"},\"headline\":\"Nebunia demol\u0103rii statuilor continu\u0103: un activist antirasist \u00eendeamn\u0103 la d\u0103r\u00e2marea statuilor \u00een care Iisus este reprezentat ca av\u00e2nd &#8222;culoare alb\u0103&#8221;!\",\"datePublished\":\"2020-06-24T08:06:43+00:00\",\"mainEntityOfPage\":{\"@id\":\"https:\\\/\\\/www.lovendal.ro\\\/wp52\\\/nebunia-demolarii-statuilor-continua-un-activist-antirasist-indeamna-la-daramarea-statuilor-in-care-iisus-este-reprezentat-ca-avand-culoare-alba\\\/\"},\"wordCount\":353,\"publisher\":{\"@id\":\"https:\\\/\\\/www.lovendal.ro\\\/wp52\\\/#organization\"},\"image\":{\"@id\":\"https:\\\/\\\/www.lovendal.ro\\\/wp52\\\/nebunia-demolarii-statuilor-continua-un-activist-antirasist-indeamna-la-daramarea-statuilor-in-care-iisus-este-reprezentat-ca-avand-culoare-alba\\\/#primaryimage\"},\"thumbnailUrl\":\"https:\\\/\\\/www.lovendal.ro\\\/wp52\\\/wp-content\\\/uploads\\\/2020\\\/06\\\/statuie-Iisus-Rio.jpg\",\"keywords\":[\"arheologi\",\"Biblie\",\"Black Lives Matter\",\"Churchill\",\"Columb\",\"Danemarca\",\"Egipt\",\"Iisus Hristos\",\"Jefferson Davis\",\"manuscrisele de la Marea Moart\u0103\",\"piele\",\"Politica-Economie-Geostrategie\",\"pre\u015fedinte\",\"prim-ministru\",\"rasism\",\"regin\u0103\",\"Shaun King\",\"statuie\",\"Twitter\",\"Victoria\",\"Wikipedia\"],\"articleSection\":[\"Politica-Economie-Geostrategie\"],\"inLanguage\":\"ro-RO\"},{\"@type\":\"WebPage\",\"@id\":\"https:\\\/\\\/www.lovendal.ro\\\/wp52\\\/nebunia-demolarii-statuilor-continua-un-activist-antirasist-indeamna-la-daramarea-statuilor-in-care-iisus-este-reprezentat-ca-avand-culoare-alba\\\/\",\"url\":\"https:\\\/\\\/www.lovendal.ro\\\/wp52\\\/nebunia-demolarii-statuilor-continua-un-activist-antirasist-indeamna-la-daramarea-statuilor-in-care-iisus-este-reprezentat-ca-avand-culoare-alba\\\/\",\"name\":\"Nebunia demol\u0103rii statuilor continu\u0103: un activist antirasist \u00eendeamn\u0103 la d\u0103r\u00e2marea statuilor \u00een care Iisus este reprezentat ca av\u00e2nd \\\"culoare alb\u0103\\\"! - Secretele lui Lovendal\",\"isPartOf\":{\"@id\":\"https:\\\/\\\/www.lovendal.ro\\\/wp52\\\/#website\"},\"primaryImageOfPage\":{\"@id\":\"https:\\\/\\\/www.lovendal.ro\\\/wp52\\\/nebunia-demolarii-statuilor-continua-un-activist-antirasist-indeamna-la-daramarea-statuilor-in-care-iisus-este-reprezentat-ca-avand-culoare-alba\\\/#primaryimage\"},\"image\":{\"@id\":\"https:\\\/\\\/www.lovendal.ro\\\/wp52\\\/nebunia-demolarii-statuilor-continua-un-activist-antirasist-indeamna-la-daramarea-statuilor-in-care-iisus-este-reprezentat-ca-avand-culoare-alba\\\/#primaryimage\"},\"thumbnailUrl\":\"https:\\\/\\\/www.lovendal.ro\\\/wp52\\\/wp-content\\\/uploads\\\/2020\\\/06\\\/statuie-Iisus-Rio.jpg\",\"datePublished\":\"2020-06-24T08:06:43+00:00\",\"breadcrumb\":{\"@id\":\"https:\\\/\\\/www.lovendal.ro\\\/wp52\\\/nebunia-demolarii-statuilor-continua-un-activist-antirasist-indeamna-la-daramarea-statuilor-in-care-iisus-este-reprezentat-ca-avand-culoare-alba\\\/#breadcrumb\"},\"inLanguage\":\"ro-RO\",\"potentialAction\":[{\"@type\":\"ReadAction\",\"target\":[\"https:\\\/\\\/www.lovendal.ro\\\/wp52\\\/nebunia-demolarii-statuilor-continua-un-activist-antirasist-indeamna-la-daramarea-statuilor-in-care-iisus-este-reprezentat-ca-avand-culoare-alba\\\/\"]}]},{\"@type\":\"ImageObject\",\"inLanguage\":\"ro-RO\",\"@id\":\"https:\\\/\\\/www.lovendal.ro\\\/wp52\\\/nebunia-demolarii-statuilor-continua-un-activist-antirasist-indeamna-la-daramarea-statuilor-in-care-iisus-este-reprezentat-ca-avand-culoare-alba\\\/#primaryimage\",\"url\":\"https:\\\/\\\/www.lovendal.ro\\\/wp52\\\/wp-content\\\/uploads\\\/2020\\\/06\\\/statuie-Iisus-Rio.jpg\",\"contentUrl\":\"https:\\\/\\\/www.lovendal.ro\\\/wp52\\\/wp-content\\\/uploads\\\/2020\\\/06\\\/statuie-Iisus-Rio.jpg\",\"width\":369,\"height\":245},{\"@type\":\"BreadcrumbList\",\"@id\":\"https:\\\/\\\/www.lovendal.ro\\\/wp52\\\/nebunia-demolarii-statuilor-continua-un-activist-antirasist-indeamna-la-daramarea-statuilor-in-care-iisus-este-reprezentat-ca-avand-culoare-alba\\\/#breadcrumb\",\"itemListElement\":[{\"@type\":\"ListItem\",\"position\":1,\"name\":\"Home\",\"item\":\"https:\\\/\\\/www.lovendal.ro\\\/wp52\\\/\"},{\"@type\":\"ListItem\",\"position\":2,\"name\":\"Nebunia demol\u0103rii statuilor continu\u0103: un activist antirasist \u00eendeamn\u0103 la d\u0103r\u00e2marea statuilor \u00een care Iisus este reprezentat ca av\u00e2nd &#8222;culoare alb\u0103&#8221;!\"}]},{\"@type\":\"WebSite\",\"@id\":\"https:\\\/\\\/www.lovendal.ro\\\/wp52\\\/#website\",\"url\":\"https:\\\/\\\/www.lovendal.ro\\\/wp52\\\/\",\"name\":\"Secretele lui Lovendal\",\"description\":\"Site de secrete, stiinta si metafizica - din 2008 -\",\"publisher\":{\"@id\":\"https:\\\/\\\/www.lovendal.ro\\\/wp52\\\/#organization\"},\"potentialAction\":[{\"@type\":\"SearchAction\",\"target\":{\"@type\":\"EntryPoint\",\"urlTemplate\":\"https:\\\/\\\/www.lovendal.ro\\\/wp52\\\/?s={search_term_string}\"},\"query-input\":{\"@type\":\"PropertyValueSpecification\",\"valueRequired\":true,\"valueName\":\"search_term_string\"}}],\"inLanguage\":\"ro-RO\"},{\"@type\":\"Organization\",\"@id\":\"https:\\\/\\\/www.lovendal.ro\\\/wp52\\\/#organization\",\"name\":\"Secretele lui Lovendal\",\"url\":\"https:\\\/\\\/www.lovendal.ro\\\/wp52\\\/\",\"logo\":{\"@type\":\"ImageObject\",\"inLanguage\":\"ro-RO\",\"@id\":\"https:\\\/\\\/www.lovendal.ro\\\/wp52\\\/#\\\/schema\\\/logo\\\/image\\\/\",\"url\":\"https:\\\/\\\/www.lovendal.ro\\\/wp52\\\/wp-content\\\/uploads\\\/2024\\\/06\\\/cropped-SLL-iun-2024-1.jpg\",\"contentUrl\":\"https:\\\/\\\/www.lovendal.ro\\\/wp52\\\/wp-content\\\/uploads\\\/2024\\\/06\\\/cropped-SLL-iun-2024-1.jpg\",\"width\":771,\"height\":240,\"caption\":\"Secretele lui Lovendal\"},\"image\":{\"@id\":\"https:\\\/\\\/www.lovendal.ro\\\/wp52\\\/#\\\/schema\\\/logo\\\/image\\\/\"},\"sameAs\":[\"https:\\\/\\\/www.facebook.com\\\/secreteleluilovendal\"]},{\"@type\":\"Person\",\"@id\":\"https:\\\/\\\/www.lovendal.ro\\\/wp52\\\/#\\\/schema\\\/person\\\/088691de5dfc346bb0c023e1e52ef5d9\",\"name\":\"admin\",\"image\":{\"@type\":\"ImageObject\",\"inLanguage\":\"ro-RO\",\"@id\":\"https:\\\/\\\/secure.gravatar.com\\\/avatar\\\/ecb9cd41f5f63c9c9b989999a59f6e2639a865ec361e9db054db0679a8f341c2?s=96&d=mm&r=g\",\"url\":\"https:\\\/\\\/secure.gravatar.com\\\/avatar\\\/ecb9cd41f5f63c9c9b989999a59f6e2639a865ec361e9db054db0679a8f341c2?s=96&d=mm&r=g\",\"contentUrl\":\"https:\\\/\\\/secure.gravatar.com\\\/avatar\\\/ecb9cd41f5f63c9c9b989999a59f6e2639a865ec361e9db054db0679a8f341c2?s=96&d=mm&r=g\",\"caption\":\"admin\"},\"sameAs\":[\"https:\\\/\\\/www.lovendal.ro\\\/wp52\"]}]}<\/script>\n<!-- \/ Yoast SEO Premium plugin. -->","yoast_head_json":{"title":"Nebunia demol\u0103rii statuilor continu\u0103: un activist antirasist \u00eendeamn\u0103 la d\u0103r\u00e2marea statuilor \u00een care Iisus este reprezentat ca av\u00e2nd \"culoare alb\u0103\"! - Secretele lui Lovendal","robots":{"index":"index","follow":"follow","max-snippet":"max-snippet:-1","max-image-preview":"max-image-preview:large","max-video-preview":"max-video-preview:-1"},"canonical":"https:\/\/www.lovendal.ro\/wp52\/nebunia-demolarii-statuilor-continua-un-activist-antirasist-indeamna-la-daramarea-statuilor-in-care-iisus-este-reprezentat-ca-avand-culoare-alba\/","og_locale":"ro_RO","og_type":"article","og_title":"Nebunia demol\u0103rii statuilor continu\u0103: un activist antirasist \u00eendeamn\u0103 la d\u0103r\u00e2marea statuilor \u00een care Iisus este reprezentat ca av\u00e2nd \"culoare alb\u0103\"!","og_description":"Conform Wikipedia, Jeffery Shaun King este un scriitor american, un activist de drepturi civile \u015fi co-fondatorul organiza\u0163iei politice Real Justice. King utilizeaz\u0103 social media pentru a promova cauzele de justi\u0163ie social\u0103, inclusiv mi\u015fcarea anti-rasist\u0103 &#8222;Black Lives Matter&#8221;, cea care apar\u0103 ... Cititi mai multe","og_url":"https:\/\/www.lovendal.ro\/wp52\/nebunia-demolarii-statuilor-continua-un-activist-antirasist-indeamna-la-daramarea-statuilor-in-care-iisus-este-reprezentat-ca-avand-culoare-alba\/","og_site_name":"Secretele lui Lovendal","article_publisher":"https:\/\/www.facebook.com\/secreteleluilovendal","article_published_time":"2020-06-24T08:06:43+00:00","og_image":[{"width":369,"height":245,"url":"https:\/\/www.lovendal.ro\/wp52\/wp-content\/uploads\/2020\/06\/statuie-Iisus-Rio.jpg","type":"image\/jpeg"}],"author":"admin","twitter_card":"summary_large_image","twitter_misc":{"Scris de":"admin","Timp estimat pentru citire":"2 minute"},"schema":{"@context":"https:\/\/schema.org","@graph":[{"@type":"Article","@id":"https:\/\/www.lovendal.ro\/wp52\/nebunia-demolarii-statuilor-continua-un-activist-antirasist-indeamna-la-daramarea-statuilor-in-care-iisus-este-reprezentat-ca-avand-culoare-alba\/#article","isPartOf":{"@id":"https:\/\/www.lovendal.ro\/wp52\/nebunia-demolarii-statuilor-continua-un-activist-antirasist-indeamna-la-daramarea-statuilor-in-care-iisus-este-reprezentat-ca-avand-culoare-alba\/"},"author":{"name":"admin","@id":"https:\/\/www.lovendal.ro\/wp52\/#\/schema\/person\/088691de5dfc346bb0c023e1e52ef5d9"},"headline":"Nebunia demol\u0103rii statuilor continu\u0103: un activist antirasist \u00eendeamn\u0103 la d\u0103r\u00e2marea statuilor \u00een care Iisus este reprezentat ca av\u00e2nd &#8222;culoare alb\u0103&#8221;!","datePublished":"2020-06-24T08:06:43+00:00","mainEntityOfPage":{"@id":"https:\/\/www.lovendal.ro\/wp52\/nebunia-demolarii-statuilor-continua-un-activist-antirasist-indeamna-la-daramarea-statuilor-in-care-iisus-este-reprezentat-ca-avand-culoare-alba\/"},"wordCount":353,"publisher":{"@id":"https:\/\/www.lovendal.ro\/wp52\/#organization"},"image":{"@id":"https:\/\/www.lovendal.ro\/wp52\/nebunia-demolarii-statuilor-continua-un-activist-antirasist-indeamna-la-daramarea-statuilor-in-care-iisus-este-reprezentat-ca-avand-culoare-alba\/#primaryimage"},"thumbnailUrl":"https:\/\/www.lovendal.ro\/wp52\/wp-content\/uploads\/2020\/06\/statuie-Iisus-Rio.jpg","keywords":["arheologi","Biblie","Black Lives Matter","Churchill","Columb","Danemarca","Egipt","Iisus Hristos","Jefferson Davis","manuscrisele de la Marea Moart\u0103","piele","Politica-Economie-Geostrategie","pre\u015fedinte","prim-ministru","rasism","regin\u0103","Shaun King","statuie","Twitter","Victoria","Wikipedia"],"articleSection":["Politica-Economie-Geostrategie"],"inLanguage":"ro-RO"},{"@type":"WebPage","@id":"https:\/\/www.lovendal.ro\/wp52\/nebunia-demolarii-statuilor-continua-un-activist-antirasist-indeamna-la-daramarea-statuilor-in-care-iisus-este-reprezentat-ca-avand-culoare-alba\/","url":"https:\/\/www.lovendal.ro\/wp52\/nebunia-demolarii-statuilor-continua-un-activist-antirasist-indeamna-la-daramarea-statuilor-in-care-iisus-este-reprezentat-ca-avand-culoare-alba\/","name":"Nebunia demol\u0103rii statuilor continu\u0103: un activist antirasist \u00eendeamn\u0103 la d\u0103r\u00e2marea statuilor \u00een care Iisus este reprezentat ca av\u00e2nd \"culoare alb\u0103\"! - Secretele lui Lovendal","isPartOf":{"@id":"https:\/\/www.lovendal.ro\/wp52\/#website"},"primaryImageOfPage":{"@id":"https:\/\/www.lovendal.ro\/wp52\/nebunia-demolarii-statuilor-continua-un-activist-antirasist-indeamna-la-daramarea-statuilor-in-care-iisus-este-reprezentat-ca-avand-culoare-alba\/#primaryimage"},"image":{"@id":"https:\/\/www.lovendal.ro\/wp52\/nebunia-demolarii-statuilor-continua-un-activist-antirasist-indeamna-la-daramarea-statuilor-in-care-iisus-este-reprezentat-ca-avand-culoare-alba\/#primaryimage"},"thumbnailUrl":"https:\/\/www.lovendal.ro\/wp52\/wp-content\/uploads\/2020\/06\/statuie-Iisus-Rio.jpg","datePublished":"2020-06-24T08:06:43+00:00","breadcrumb":{"@id":"https:\/\/www.lovendal.ro\/wp52\/nebunia-demolarii-statuilor-continua-un-activist-antirasist-indeamna-la-daramarea-statuilor-in-care-iisus-este-reprezentat-ca-avand-culoare-alba\/#breadcrumb"},"inLanguage":"ro-RO","potentialAction":[{"@type":"ReadAction","target":["https:\/\/www.lovendal.ro\/wp52\/nebunia-demolarii-statuilor-continua-un-activist-antirasist-indeamna-la-daramarea-statuilor-in-care-iisus-este-reprezentat-ca-avand-culoare-alba\/"]}]},{"@type":"ImageObject","inLanguage":"ro-RO","@id":"https:\/\/www.lovendal.ro\/wp52\/nebunia-demolarii-statuilor-continua-un-activist-antirasist-indeamna-la-daramarea-statuilor-in-care-iisus-este-reprezentat-ca-avand-culoare-alba\/#primaryimage","url":"https:\/\/www.lovendal.ro\/wp52\/wp-content\/uploads\/2020\/06\/statuie-Iisus-Rio.jpg","contentUrl":"https:\/\/www.lovendal.ro\/wp52\/wp-content\/uploads\/2020\/06\/statuie-Iisus-Rio.jpg","width":369,"height":245},{"@type":"BreadcrumbList","@id":"https:\/\/www.lovendal.ro\/wp52\/nebunia-demolarii-statuilor-continua-un-activist-antirasist-indeamna-la-daramarea-statuilor-in-care-iisus-este-reprezentat-ca-avand-culoare-alba\/#breadcrumb","itemListElement":[{"@type":"ListItem","position":1,"name":"Home","item":"https:\/\/www.lovendal.ro\/wp52\/"},{"@type":"ListItem","position":2,"name":"Nebunia demol\u0103rii statuilor continu\u0103: un activist antirasist \u00eendeamn\u0103 la d\u0103r\u00e2marea statuilor \u00een care Iisus este reprezentat ca av\u00e2nd &#8222;culoare alb\u0103&#8221;!"}]},{"@type":"WebSite","@id":"https:\/\/www.lovendal.ro\/wp52\/#website","url":"https:\/\/www.lovendal.ro\/wp52\/","name":"Secretele lui Lovendal","description":"Site de secrete, stiinta si metafizica - din 2008 -","publisher":{"@id":"https:\/\/www.lovendal.ro\/wp52\/#organization"},"potentialAction":[{"@type":"SearchAction","target":{"@type":"EntryPoint","urlTemplate":"https:\/\/www.lovendal.ro\/wp52\/?s={search_term_string}"},"query-input":{"@type":"PropertyValueSpecification","valueRequired":true,"valueName":"search_term_string"}}],"inLanguage":"ro-RO"},{"@type":"Organization","@id":"https:\/\/www.lovendal.ro\/wp52\/#organization","name":"Secretele lui Lovendal","url":"https:\/\/www.lovendal.ro\/wp52\/","logo":{"@type":"ImageObject","inLanguage":"ro-RO","@id":"https:\/\/www.lovendal.ro\/wp52\/#\/schema\/logo\/image\/","url":"https:\/\/www.lovendal.ro\/wp52\/wp-content\/uploads\/2024\/06\/cropped-SLL-iun-2024-1.jpg","contentUrl":"https:\/\/www.lovendal.ro\/wp52\/wp-content\/uploads\/2024\/06\/cropped-SLL-iun-2024-1.jpg","width":771,"height":240,"caption":"Secretele lui Lovendal"},"image":{"@id":"https:\/\/www.lovendal.ro\/wp52\/#\/schema\/logo\/image\/"},"sameAs":["https:\/\/www.facebook.com\/secreteleluilovendal"]},{"@type":"Person","@id":"https:\/\/www.lovendal.ro\/wp52\/#\/schema\/person\/088691de5dfc346bb0c023e1e52ef5d9","name":"admin","image":{"@type":"ImageObject","inLanguage":"ro-RO","@id":"https:\/\/secure.gravatar.com\/avatar\/ecb9cd41f5f63c9c9b989999a59f6e2639a865ec361e9db054db0679a8f341c2?s=96&d=mm&r=g","url":"https:\/\/secure.gravatar.com\/avatar\/ecb9cd41f5f63c9c9b989999a59f6e2639a865ec361e9db054db0679a8f341c2?s=96&d=mm&r=g","contentUrl":"https:\/\/secure.gravatar.com\/avatar\/ecb9cd41f5f63c9c9b989999a59f6e2639a865ec361e9db054db0679a8f341c2?s=96&d=mm&r=g","caption":"admin"},"sameAs":["https:\/\/www.lovendal.ro\/wp52"]}]}},"_links":{"self":[{"href":"https:\/\/www.lovendal.ro\/wp52\/wp-json\/wp\/v2\/posts\/70137","targetHints":{"allow":["GET"]}}],"collection":[{"href":"https:\/\/www.lovendal.ro\/wp52\/wp-json\/wp\/v2\/posts"}],"about":[{"href":"https:\/\/www.lovendal.ro\/wp52\/wp-json\/wp\/v2\/types\/post"}],"author":[{"embeddable":true,"href":"https:\/\/www.lovendal.ro\/wp52\/wp-json\/wp\/v2\/users\/1"}],"replies":[{"embeddable":true,"href":"https:\/\/www.lovendal.ro\/wp52\/wp-json\/wp\/v2\/comments?post=70137"}],"version-history":[{"count":0,"href":"https:\/\/www.lovendal.ro\/wp52\/wp-json\/wp\/v2\/posts\/70137\/revisions"}],"wp:featuredmedia":[{"embeddable":true,"href":"https:\/\/www.lovendal.ro\/wp52\/wp-json\/wp\/v2\/media\/70138"}],"wp:attachment":[{"href":"https:\/\/www.lovendal.ro\/wp52\/wp-json\/wp\/v2\/media?parent=70137"}],"wp:term":[{"taxonomy":"category","embeddable":true,"href":"https:\/\/www.lovendal.ro\/wp52\/wp-json\/wp\/v2\/categories?post=70137"},{"taxonomy":"post_tag","embeddable":true,"href":"https:\/\/www.lovendal.ro\/wp52\/wp-json\/wp\/v2\/tags?post=70137"}],"curies":[{"name":"wp","href":"https:\/\/api.w.org\/{rel}","templated":true}]}}